{"id":178850,"date":"2024-03-18T03:17:29","date_gmt":"2024-03-18T02:17:29","guid":{"rendered":"https:\/\/candas365.es\/noticias\/?p=178850"},"modified":"2024-03-18T03:18:00","modified_gmt":"2024-03-18T02:18:00","slug":"scholz-occidente-comprara-armas-en-el-mercado-mundial-para-ucrania","status":"publish","type":"post","link":"https:\/\/candas365.es\/noticias\/scholz-occidente-comprara-armas-en-el-mercado-mundial-para-ucrania\/","title":{"rendered":"Scholz: \u00abOccidente comprar\u00e1 armas en el mercado mundial para Ucrania\u00bb"},"content":{"rendered":"<p>Berl\u00edn, 15 mar (<a title=\"dpa\" href=\"https:\/\/www.dpa-news.de\/\" target=\"_blank\" rel=\"noopener\"><span style=\"color: #ff6600;\"><strong>dpa<\/strong><\/span><\/a>) &#8211; El canciller alem\u00e1n, Olaf Scholz, anunci\u00f3 hoy tras reunirse con los l\u00edderes franc\u00e9s y polaco, que en el futuro Occidente comprar\u00e1 <strong>armas en el mercado mundial para <a href=\"https:\/\/candas365.es\/noticias\/tag\/conflictos\/\"><span style=\"color: #ff6600;\">Ucrania<\/span><\/a>.<\/strong><\/p>\n<figure id=\"attachment_178851\" aria-describedby=\"caption-attachment-178851\" style=\"width: 650px\" class=\"wp-caption aligncenter\"><img fetchpriority=\"high\" decoding=\"async\" class=\"size-large wp-image-178851\" src=\"https:\/\/candas365.es\/noticias\/wp-content\/uploads\/2024\/03\/Scholz-1-650x466.jpg\" alt=\"Scholz\" width=\"650\" height=\"466\" srcset=\"https:\/\/candas365.es\/noticias\/wp-content\/uploads\/2024\/03\/Scholz-1-650x466.jpg 650w, https:\/\/candas365.es\/noticias\/wp-content\/uploads\/2024\/03\/Scholz-1-360x258.jpg 360w, https:\/\/candas365.es\/noticias\/wp-content\/uploads\/2024\/03\/Scholz-1-768x551.jpg 768w, https:\/\/candas365.es\/noticias\/wp-content\/uploads\/2024\/03\/Scholz-1-150x108.jpg 150w, https:\/\/candas365.es\/noticias\/wp-content\/uploads\/2024\/03\/Scholz-1-450x323.jpg 450w, https:\/\/candas365.es\/noticias\/wp-content\/uploads\/2024\/03\/Scholz-1.jpg 933w\" sizes=\"(max-width: 650px) 100vw, 650px\" \/><figcaption id=\"caption-attachment-178851\" class=\"wp-caption-text\">Foto: Michael Kappeler\/dpa<\/figcaption><\/figure>\n<p><strong>\u00abA partir de ahora, adquiriremos a\u00fan m\u00e1s armas para Ucrania, y lo haremos en todo el mercado mundial\u00bb, dijo Scholz en Berl\u00edn tras consultas con el presidente franc\u00e9s, Emmanuel Macron, y el primer ministro polaco, Donald Tusk<\/strong>. \u00abEsto es una buena mejora\u00bb, agreg\u00f3 el canciller.<\/p>\n<p>El l\u00edder alem\u00e1n explic\u00f3 que se ampliar\u00e1 la producci\u00f3n de equipos militares, tambi\u00e9n en cooperaci\u00f3n con los socios de Ucrania. Adem\u00e1s, se fundar\u00e1 una \u00abnueva coalici\u00f3n de capacidades para artiller\u00eda de misiles de largo alcance\u00bb, apunt\u00f3.<\/p>\n<p>El canciller agreg\u00f3 que se incrementar\u00e1 la ayuda a Ucrania en el marco de la Uni\u00f3n Europea (UE) y que la compra de armas para Kiev ser\u00e1 en parte financiada con ingresos de activos rusos congelados.<\/p>\n<p>Tras el conflicto abierto en torno a la estrategia a seguir, en la que Scholz y Macron mantienen posturas dispares, <strong>Scholz quiso subrayar la unidad de Alemania, Francia y Polonia. \u00abLos tres nos tomamos en serio nuestro apoyo a Ucrania\u00bb, dijo.<\/strong><\/p>\n<p>Scholz se\u00f1al\u00f3 que la solidaridad y la acci\u00f3n conjunta son indispensables para defender la paz y la libertad en Europa.<\/p>\n<blockquote><p>\u00abM\u00e1s que nunca, nuestra unidad es nuestra fuerza. Y nuestros tres pa\u00edses, Alemania, Polonia y Francia, tienen una responsabilidad especial en este sentido\u00bb, continu\u00f3.<\/p><\/blockquote>\n<p>El canciller prometi\u00f3 que Kiev pod\u00eda contar con apoyo y que la ayuda no disminuir\u00eda. \u00abEstamos estrecha e inquebrantablemente al lado de Ucrania\u00bb.<\/p>\n<p>Las relaciones franco-alemanas son tensas, antes de la reuni\u00f3n de hoy ambas partes reafirmaron sus divergentes posiciones: Macron mantiene abiertas todas las opciones para disuadir al presidente ruso, Vlad\u00edmir Putin, incluida la posibilidad de enviar tropas de combate a Ucrania. Mientras, Scholz contin\u00faa descartando categ\u00f3ricamente el despliegue de soldados en medio de la preocupaci\u00f3n por una escalada del conflicto.<\/p>\n<p>\u00abAmbos tienen sus puntos de vista y los mantendr\u00e1n\u00bb, dijo el portavoz de Scholz, Steffen Hebestreit, pocos minutos antes de que Scholz recibiera al presidente franc\u00e9s con un apret\u00f3n de manos -pero sin abrazo- en la alfombra roja frente a la Canciller\u00eda en Berl\u00edn.<\/p>\n<p>Varsovia no se ha pronunciado claramente sobre las declaraciones de Macron. Tusk dijo a finales de febrero durante una visita a Praga que \u00abPolonia no tiene intenci\u00f3n de enviar sus tropas a Ucrania\u00bb, pero no lo descart\u00f3 ni coment\u00f3 la posibilidad de que otros pa\u00edses de la OTAN lo hicieran.<\/p>\n<p>El ministro polaco de Relaciones Exteriores, Rados\u0142aw Sikorski, declar\u00f3 la semana pasada: \u00abLa presencia de fuerzas de la OTAN en Ucrania no es impensable\u00bb, y a\u00f1adi\u00f3: \u00abPorque se trata de que Putin tenga miedo, no de que nosotros tengamos miedo de Putin\u00bb.<\/p>\n<blockquote><p>Es la primera reuni\u00f3n de alto nivel entre los tres pa\u00edses del grupo de di\u00e1logo conocido como Tri\u00e1ngulo de Weimar desde junio del a\u00f1o pasado.<\/p><\/blockquote>\n<p>La reuni\u00f3n de los tres l\u00edderes en Berl\u00edn tienen lugar casi tres semanas despu\u00e9s de que una veintena de jefes de gobierno se reunieran en Par\u00eds para debatir sobre el conflicto en Ucrania. La conferencia concluy\u00f3 con discrepancias sobre la posibilidad de desplegar tropas en la zona de guerra.<\/p>\n<p><strong>El grupo de di\u00e1logo del Tri\u00e1ngulo de Weimar fue fundado en la ciudad germana de Weimar en 1991<\/strong> por los entonces ministros de Relaciones Exteriores de los tres pa\u00edses integrantes: el alem\u00e1n Hans-Dietrich Genscher, el franc\u00e9s Roland Dumas y el polaco Krzysztof Skubiszewski.<\/p>\n<p>Su objetivo inicial era acercar a Polonia y otros pa\u00edses de Europa del Este a la Uni\u00f3n Europea (UE) y a la OTAN. Pese a la p\u00e9rdida de vigencia de dicha meta, las reuniones bajo dicho formato se volvieron a reactivar despu\u00e9s de que Rusia lanzara su invasi\u00f3n a gran escala de Ucrania hace m\u00e1s de dos a\u00f1os.<\/p>\n","protected":false},"excerpt":{"rendered":"<p>Berl\u00edn, 15 mar (dpa) &#8211; El canciller alem\u00e1n, Olaf Scholz, anunci\u00f3 hoy tras reunirse con los l\u00edderes franc\u00e9s y polaco, que en el futuro Occidente comprar\u00e1 armas en el mercado mundial para Ucrania. \u00abA partir de ahora, adquiriremos a\u00fan m\u00e1s armas para Ucrania, y lo haremos en todo el mercado mundial\u00bb, dijo Scholz en Berl\u00edn<\/p>\n","protected":false},"author":1,"featured_media":178851,"comment_status":"closed","ping_status":"closed","sticky":false,"template":"","format":"standard","meta":{"footnotes":""},"categories":[316,485],"tags":[464,418],"class_list":{"0":"post-178850","1":"post","2":"type-post","3":"status-publish","4":"format-standard","5":"has-post-thumbnail","7":"category-destacadas","8":"category-internacional","9":"tag-conflictos","10":"tag-internacional"},"aioseo_notices":[],"aioseo_head":"\n\t\t<!-- All in One SEO Pro 4.9.6.2 - aioseo.com -->\n\t<meta name=\"description\" content=\"Berl\u00edn, 15 mar (dpa) - El canciller alem\u00e1n, Olaf Scholz, anunci\u00f3 hoy tras reunirse con los l\u00edderes franc\u00e9s y polaco, que en el futuro Occidente comprar\u00e1 armas\" \/>\n\t<meta name=\"robots\" content=\"max-image-preview:large\" \/>\n\t<meta name=\"author\" content=\"Cand\u00e1s 365\"\/>\n\t<meta name=\"google-site-verification\" content=\"UA-32230408-1\" \/>\n\t<meta name=\"msvalidate.01\" content=\"354F3CDFB2DA171B47FBE9ABF1F88D5\" \/>\n\t<meta name=\"keywords\" content=\"destacadas,internacional\" \/>\n\t<link rel=\"canonical\" href=\"https:\/\/candas365.es\/noticias\/scholz-occidente-comprara-armas-en-el-mercado-mundial-para-ucrania\/\" \/>\n\t<meta name=\"generator\" content=\"All in One SEO Pro (AIOSEO) 4.9.6.2\" \/>\n\t\t<meta property=\"og:locale\" content=\"es_ES\" \/>\n\t\t<meta property=\"og:site_name\" content=\"Cand\u00e1s 365\" \/>\n\t\t<meta property=\"og:type\" content=\"article\" \/>\n\t\t<meta property=\"og:title\" content=\"Scholz: \u00abOccidente comprar\u00e1 armas en el mercado mundial para Ucrania\u00bb | Cand\u00e1s 365\" \/>\n\t\t<meta property=\"og:description\" content=\"Berl\u00edn, 15 mar (dpa) - El canciller alem\u00e1n, Olaf Scholz, anunci\u00f3 hoy tras reunirse con los l\u00edderes franc\u00e9s y polaco, que en el futuro Occidente comprar\u00e1 armas\" \/>\n\t\t<meta property=\"og:url\" content=\"https:\/\/candas365.es\/noticias\/scholz-occidente-comprara-armas-en-el-mercado-mundial-para-ucrania\/\" \/>\n\t\t<meta property=\"og:image\" content=\"https:\/\/candas365.es\/noticias\/wp-content\/uploads\/2024\/03\/Scholz-1.jpg\" \/>\n\t\t<meta property=\"og:image:secure_url\" content=\"https:\/\/candas365.es\/noticias\/wp-content\/uploads\/2024\/03\/Scholz-1.jpg\" \/>\n\t\t<meta property=\"og:image:width\" content=\"933\" \/>\n\t\t<meta property=\"og:image:height\" content=\"669\" \/>\n\t\t<meta property=\"article:published_time\" content=\"2024-03-18T02:17:29+00:00\" \/>\n\t\t<meta property=\"article:modified_time\" content=\"2024-03-18T02:18:00+00:00\" \/>\n\t\t<meta property=\"article:publisher\" content=\"https:\/\/www.facebook.com\/Nachofdezber\" \/>\n\t\t<meta property=\"article:author\" content=\"https:\/\/www.facebook.com\/carrenoactualidad\" \/>\n\t\t<meta name=\"twitter:card\" content=\"summary_large_image\" \/>\n\t\t<meta name=\"twitter:site\" content=\"@NabercoDigital\" \/>\n\t\t<meta name=\"twitter:title\" content=\"Scholz: \u00abOccidente comprar\u00e1 armas en el mercado mundial para Ucrania\u00bb | Cand\u00e1s 365\" \/>\n\t\t<meta name=\"twitter:description\" content=\"Berl\u00edn, 15 mar (dpa) - El canciller alem\u00e1n, Olaf Scholz, anunci\u00f3 hoy tras reunirse con los l\u00edderes franc\u00e9s y polaco, que en el futuro Occidente comprar\u00e1 armas\" \/>\n\t\t<meta name=\"twitter:creator\" content=\"@nbasturias\" \/>\n\t\t<meta name=\"twitter:image\" content=\"https:\/\/candas365.es\/noticias\/wp-content\/uploads\/2024\/03\/Scholz-1.jpg\" \/>\n\t\t<meta name=\"twitter:label1\" content=\"Escrito por\" \/>\n\t\t<meta name=\"twitter:data1\" content=\"Cand\u00e1s 365\" \/>\n\t\t<meta name=\"twitter:label2\" content=\"Tiempo de lectura estimado\" \/>\n\t\t<meta name=\"twitter:data2\" content=\"3 minutos\" \/>\n\t\t<script type=\"application\/ld+json\" class=\"aioseo-schema\">\n\t\t\t{\"@context\":\"https:\\\/\\\/schema.org\",\"@graph\":[{\"@type\":\"BreadcrumbList\",\"@id\":\"https:\\\/\\\/candas365.es\\\/noticias\\\/scholz-occidente-comprara-armas-en-el-mercado-mundial-para-ucrania\\\/#breadcrumblist\",\"itemListElement\":[{\"@type\":\"ListItem\",\"@id\":\"https:\\\/\\\/candas365.es\\\/noticias#listItem\",\"position\":1,\"name\":\"Home\",\"item\":\"https:\\\/\\\/candas365.es\\\/noticias\",\"nextItem\":{\"@type\":\"ListItem\",\"@id\":\"https:\\\/\\\/candas365.es\\\/noticias\\\/category\\\/destacadas\\\/#listItem\",\"name\":\"Destacadas\"}},{\"@type\":\"ListItem\",\"@id\":\"https:\\\/\\\/candas365.es\\\/noticias\\\/category\\\/destacadas\\\/#listItem\",\"position\":2,\"name\":\"Destacadas\",\"item\":\"https:\\\/\\\/candas365.es\\\/noticias\\\/category\\\/destacadas\\\/\",\"nextItem\":{\"@type\":\"ListItem\",\"@id\":\"https:\\\/\\\/candas365.es\\\/noticias\\\/scholz-occidente-comprara-armas-en-el-mercado-mundial-para-ucrania\\\/#listItem\",\"name\":\"Scholz: \\u00abOccidente comprar\\u00e1 armas en el mercado mundial para Ucrania\\u00bb\"},\"previousItem\":{\"@type\":\"ListItem\",\"@id\":\"https:\\\/\\\/candas365.es\\\/noticias#listItem\",\"name\":\"Home\"}},{\"@type\":\"ListItem\",\"@id\":\"https:\\\/\\\/candas365.es\\\/noticias\\\/scholz-occidente-comprara-armas-en-el-mercado-mundial-para-ucrania\\\/#listItem\",\"position\":3,\"name\":\"Scholz: \\u00abOccidente comprar\\u00e1 armas en el mercado mundial para Ucrania\\u00bb\",\"previousItem\":{\"@type\":\"ListItem\",\"@id\":\"https:\\\/\\\/candas365.es\\\/noticias\\\/category\\\/destacadas\\\/#listItem\",\"name\":\"Destacadas\"}}]},{\"@type\":\"NewsArticle\",\"@id\":\"https:\\\/\\\/candas365.es\\\/noticias\\\/scholz-occidente-comprara-armas-en-el-mercado-mundial-para-ucrania\\\/#newsarticle\",\"name\":\"Scholz: \\u00abOccidente comprar\\u00e1 armas en el mercado mundial para Ucrania\\u00bb | Cand\\u00e1s 365\",\"headline\":\"Scholz: \\u00abOccidente comprar\\u00e1 armas en el mercado mundial para Ucrania\\u00bb\",\"author\":{\"@id\":\"https:\\\/\\\/candas365.es\\\/noticias\\\/author\\\/admin\\\/#author\"},\"publisher\":{\"@id\":\"https:\\\/\\\/candas365.es\\\/noticias\\\/#organization\"},\"image\":{\"@type\":\"ImageObject\",\"url\":\"https:\\\/\\\/candas365.es\\\/noticias\\\/wp-content\\\/uploads\\\/2024\\\/03\\\/Scholz-1.jpg\",\"width\":933,\"height\":669,\"caption\":\"Foto: Michael Kappeler\\\/dpa\"},\"datePublished\":\"2024-03-18T03:17:29+01:00\",\"dateModified\":\"2024-03-18T03:18:00+01:00\",\"inLanguage\":\"es-ES\",\"mainEntityOfPage\":{\"@id\":\"https:\\\/\\\/candas365.es\\\/noticias\\\/scholz-occidente-comprara-armas-en-el-mercado-mundial-para-ucrania\\\/#webpage\"},\"isPartOf\":{\"@id\":\"https:\\\/\\\/candas365.es\\\/noticias\\\/scholz-occidente-comprara-armas-en-el-mercado-mundial-para-ucrania\\\/#webpage\"},\"articleSection\":\"Destacadas, Internacional, conflictos, Internacional\",\"dateline\":\"Publicado el marzo 18, 2024.\"},{\"@type\":\"Organization\",\"@id\":\"https:\\\/\\\/candas365.es\\\/noticias\\\/#organization\",\"name\":\"Cand\\u00e1s 365\",\"description\":\"Cand\\u00e1s 365 es un diario digital independiente, fundado en 2012, con base en Asturias. Informamos con rigor sobre actualidad, sociedad, cultura y ocio, con una mirada local y global.\",\"url\":\"https:\\\/\\\/candas365.es\\\/noticias\\\/\",\"email\":\"info@candas365.es\",\"telephone\":\"+34652131393\",\"foundingDate\":\"2012-06-10\",\"logo\":{\"@type\":\"ImageObject\",\"url\":\"https:\\\/\\\/candas365.es\\\/noticias\\\/wp-content\\\/uploads\\\/2024\\\/09\\\/Candas-365-Redes.jpg\",\"@id\":\"https:\\\/\\\/candas365.es\\\/noticias\\\/scholz-occidente-comprara-armas-en-el-mercado-mundial-para-ucrania\\\/#organizationLogo\",\"width\":1152,\"height\":864,\"caption\":\"Cand\\u00e1s 365 Redes\"},\"image\":{\"@id\":\"https:\\\/\\\/candas365.es\\\/noticias\\\/scholz-occidente-comprara-armas-en-el-mercado-mundial-para-ucrania\\\/#organizationLogo\"},\"sameAs\":[\"https:\\\/\\\/www.facebook.com\\\/Nachofdezber\",\"https:\\\/\\\/x.com\\\/NabercoDigital\",\"https:\\\/\\\/www.instagram.com\\\/nachofdezber\\\/\",\"https:\\\/\\\/www.youtube.com\\\/channel\\\/UCZP-2wLEB9Rv6erhFmqVnvg\"],\"address\":{\"@id\":\"https:\\\/\\\/candas365.es\\\/noticias\\\/#postaladdress\",\"@type\":\"PostalAddress\",\"streetAddress\":\"san antonio 4, san antonio 4\",\"postalCode\":\"33430\",\"addressLocality\":\"Cand\\u00e1s\",\"addressRegion\":\"Asturias\",\"addressCountry\":\"ES\"}},{\"@type\":\"Person\",\"@id\":\"https:\\\/\\\/candas365.es\\\/noticias\\\/author\\\/admin\\\/#author\",\"url\":\"https:\\\/\\\/candas365.es\\\/noticias\\\/author\\\/admin\\\/\",\"name\":\"Cand\\u00e1s 365\",\"image\":{\"@type\":\"ImageObject\",\"@id\":\"https:\\\/\\\/candas365.es\\\/noticias\\\/scholz-occidente-comprara-armas-en-el-mercado-mundial-para-ucrania\\\/#authorImage\",\"url\":\"https:\\\/\\\/secure.gravatar.com\\\/avatar\\\/496a8e03d0c493ede1718b7934145dbdf8d89be1036b0eec9544e1094c9de390?s=96&d=mm&r=g\",\"width\":96,\"height\":96,\"caption\":\"Cand\\u00e1s 365\"},\"sameAs\":[\"https:\\\/\\\/www.facebook.com\\\/carrenoactualidad\",\"https:\\\/\\\/twitter.com\\\/nbasturias\",\"https:\\\/\\\/www.instagram.com\\\/nachofdezber\\\/\",\"https:\\\/\\\/www.youtube.com\\\/channel\\\/UCZP-2wLEB9Rv6erhFmqVnvg\"]},{\"@type\":\"WebPage\",\"@id\":\"https:\\\/\\\/candas365.es\\\/noticias\\\/scholz-occidente-comprara-armas-en-el-mercado-mundial-para-ucrania\\\/#webpage\",\"url\":\"https:\\\/\\\/candas365.es\\\/noticias\\\/scholz-occidente-comprara-armas-en-el-mercado-mundial-para-ucrania\\\/\",\"name\":\"Scholz: \\u00abOccidente comprar\\u00e1 armas en el mercado mundial para Ucrania\\u00bb | Cand\\u00e1s 365\",\"description\":\"Berl\\u00edn, 15 mar (dpa) - El canciller alem\\u00e1n, Olaf Scholz, anunci\\u00f3 hoy tras reunirse con los l\\u00edderes franc\\u00e9s y polaco, que en el futuro Occidente comprar\\u00e1 armas\",\"inLanguage\":\"es-ES\",\"isPartOf\":{\"@id\":\"https:\\\/\\\/candas365.es\\\/noticias\\\/#website\"},\"breadcrumb\":{\"@id\":\"https:\\\/\\\/candas365.es\\\/noticias\\\/scholz-occidente-comprara-armas-en-el-mercado-mundial-para-ucrania\\\/#breadcrumblist\"},\"author\":{\"@id\":\"https:\\\/\\\/candas365.es\\\/noticias\\\/author\\\/admin\\\/#author\"},\"creator\":{\"@id\":\"https:\\\/\\\/candas365.es\\\/noticias\\\/author\\\/admin\\\/#author\"},\"image\":{\"@type\":\"ImageObject\",\"url\":\"https:\\\/\\\/candas365.es\\\/noticias\\\/wp-content\\\/uploads\\\/2024\\\/03\\\/Scholz-1.jpg\",\"@id\":\"https:\\\/\\\/candas365.es\\\/noticias\\\/scholz-occidente-comprara-armas-en-el-mercado-mundial-para-ucrania\\\/#mainImage\",\"width\":933,\"height\":669,\"caption\":\"Foto: Michael Kappeler\\\/dpa\"},\"primaryImageOfPage\":{\"@id\":\"https:\\\/\\\/candas365.es\\\/noticias\\\/scholz-occidente-comprara-armas-en-el-mercado-mundial-para-ucrania\\\/#mainImage\"},\"datePublished\":\"2024-03-18T03:17:29+01:00\",\"dateModified\":\"2024-03-18T03:18:00+01:00\"},{\"@type\":\"WebSite\",\"@id\":\"https:\\\/\\\/candas365.es\\\/noticias\\\/#website\",\"url\":\"https:\\\/\\\/candas365.es\\\/noticias\\\/\",\"name\":\"Cand\\u00e1s 365\",\"alternateName\":\"Cand\\u00e1s 365 Noticias\",\"description\":\"Actualidad desde Carre\\u00f1o para el mundo\",\"inLanguage\":\"es-ES\",\"publisher\":{\"@id\":\"https:\\\/\\\/candas365.es\\\/noticias\\\/#organization\"}}]}\n\t\t<\/script>\n\t\t<!-- All in One SEO Pro -->\r\n\t\t<title>Scholz: \u00abOccidente comprar\u00e1 armas en el mercado mundial para Ucrania\u00bb | Cand\u00e1s 365<\/title>\n\n","aioseo_head_json":{"title":"Scholz: \u00abOccidente comprar\u00e1 armas en el mercado mundial para Ucrania\u00bb | Cand\u00e1s 365","description":"Berl\u00edn, 15 mar (dpa) - El canciller alem\u00e1n, Olaf Scholz, anunci\u00f3 hoy tras reunirse con los l\u00edderes franc\u00e9s y polaco, que en el futuro Occidente comprar\u00e1 armas","canonical_url":"https:\/\/candas365.es\/noticias\/scholz-occidente-comprara-armas-en-el-mercado-mundial-para-ucrania\/","robots":"max-image-preview:large","keywords":"destacadas,internacional","webmasterTools":{"google-site-verification":"UA-32230408-1","msvalidate.01":"354F3CDFB2DA171B47FBE9ABF1F88D5","miscellaneous":""},"schema":{"@context":"https:\/\/schema.org","@graph":[{"@type":"BreadcrumbList","@id":"https:\/\/candas365.es\/noticias\/scholz-occidente-comprara-armas-en-el-mercado-mundial-para-ucrania\/#breadcrumblist","itemListElement":[{"@type":"ListItem","@id":"https:\/\/candas365.es\/noticias#listItem","position":1,"name":"Home","item":"https:\/\/candas365.es\/noticias","nextItem":{"@type":"ListItem","@id":"https:\/\/candas365.es\/noticias\/category\/destacadas\/#listItem","name":"Destacadas"}},{"@type":"ListItem","@id":"https:\/\/candas365.es\/noticias\/category\/destacadas\/#listItem","position":2,"name":"Destacadas","item":"https:\/\/candas365.es\/noticias\/category\/destacadas\/","nextItem":{"@type":"ListItem","@id":"https:\/\/candas365.es\/noticias\/scholz-occidente-comprara-armas-en-el-mercado-mundial-para-ucrania\/#listItem","name":"Scholz: \u00abOccidente comprar\u00e1 armas en el mercado mundial para Ucrania\u00bb"},"previousItem":{"@type":"ListItem","@id":"https:\/\/candas365.es\/noticias#listItem","name":"Home"}},{"@type":"ListItem","@id":"https:\/\/candas365.es\/noticias\/scholz-occidente-comprara-armas-en-el-mercado-mundial-para-ucrania\/#listItem","position":3,"name":"Scholz: \u00abOccidente comprar\u00e1 armas en el mercado mundial para Ucrania\u00bb","previousItem":{"@type":"ListItem","@id":"https:\/\/candas365.es\/noticias\/category\/destacadas\/#listItem","name":"Destacadas"}}]},{"@type":"NewsArticle","@id":"https:\/\/candas365.es\/noticias\/scholz-occidente-comprara-armas-en-el-mercado-mundial-para-ucrania\/#newsarticle","name":"Scholz: \u00abOccidente comprar\u00e1 armas en el mercado mundial para Ucrania\u00bb | Cand\u00e1s 365","headline":"Scholz: \u00abOccidente comprar\u00e1 armas en el mercado mundial para Ucrania\u00bb","author":{"@id":"https:\/\/candas365.es\/noticias\/author\/admin\/#author"},"publisher":{"@id":"https:\/\/candas365.es\/noticias\/#organization"},"image":{"@type":"ImageObject","url":"https:\/\/candas365.es\/noticias\/wp-content\/uploads\/2024\/03\/Scholz-1.jpg","width":933,"height":669,"caption":"Foto: Michael Kappeler\/dpa"},"datePublished":"2024-03-18T03:17:29+01:00","dateModified":"2024-03-18T03:18:00+01:00","inLanguage":"es-ES","mainEntityOfPage":{"@id":"https:\/\/candas365.es\/noticias\/scholz-occidente-comprara-armas-en-el-mercado-mundial-para-ucrania\/#webpage"},"isPartOf":{"@id":"https:\/\/candas365.es\/noticias\/scholz-occidente-comprara-armas-en-el-mercado-mundial-para-ucrania\/#webpage"},"articleSection":"Destacadas, Internacional, conflictos, Internacional","dateline":"Publicado el marzo 18, 2024."},{"@type":"Organization","@id":"https:\/\/candas365.es\/noticias\/#organization","name":"Cand\u00e1s 365","description":"Cand\u00e1s 365 es un diario digital independiente, fundado en 2012, con base en Asturias. Informamos con rigor sobre actualidad, sociedad, cultura y ocio, con una mirada local y global.","url":"https:\/\/candas365.es\/noticias\/","email":"info@candas365.es","telephone":"+34652131393","foundingDate":"2012-06-10","logo":{"@type":"ImageObject","url":"https:\/\/candas365.es\/noticias\/wp-content\/uploads\/2024\/09\/Candas-365-Redes.jpg","@id":"https:\/\/candas365.es\/noticias\/scholz-occidente-comprara-armas-en-el-mercado-mundial-para-ucrania\/#organizationLogo","width":1152,"height":864,"caption":"Cand\u00e1s 365 Redes"},"image":{"@id":"https:\/\/candas365.es\/noticias\/scholz-occidente-comprara-armas-en-el-mercado-mundial-para-ucrania\/#organizationLogo"},"sameAs":["https:\/\/www.facebook.com\/Nachofdezber","https:\/\/x.com\/NabercoDigital","https:\/\/www.instagram.com\/nachofdezber\/","https:\/\/www.youtube.com\/channel\/UCZP-2wLEB9Rv6erhFmqVnvg"],"address":{"@id":"https:\/\/candas365.es\/noticias\/#postaladdress","@type":"PostalAddress","streetAddress":"san antonio 4, san antonio 4","postalCode":"33430","addressLocality":"Cand\u00e1s","addressRegion":"Asturias","addressCountry":"ES"}},{"@type":"Person","@id":"https:\/\/candas365.es\/noticias\/author\/admin\/#author","url":"https:\/\/candas365.es\/noticias\/author\/admin\/","name":"Cand\u00e1s 365","image":{"@type":"ImageObject","@id":"https:\/\/candas365.es\/noticias\/scholz-occidente-comprara-armas-en-el-mercado-mundial-para-ucrania\/#authorImage","url":"https:\/\/secure.gravatar.com\/avatar\/496a8e03d0c493ede1718b7934145dbdf8d89be1036b0eec9544e1094c9de390?s=96&d=mm&r=g","width":96,"height":96,"caption":"Cand\u00e1s 365"},"sameAs":["https:\/\/www.facebook.com\/carrenoactualidad","https:\/\/twitter.com\/nbasturias","https:\/\/www.instagram.com\/nachofdezber\/","https:\/\/www.youtube.com\/channel\/UCZP-2wLEB9Rv6erhFmqVnvg"]},{"@type":"WebPage","@id":"https:\/\/candas365.es\/noticias\/scholz-occidente-comprara-armas-en-el-mercado-mundial-para-ucrania\/#webpage","url":"https:\/\/candas365.es\/noticias\/scholz-occidente-comprara-armas-en-el-mercado-mundial-para-ucrania\/","name":"Scholz: \u00abOccidente comprar\u00e1 armas en el mercado mundial para Ucrania\u00bb | Cand\u00e1s 365","description":"Berl\u00edn, 15 mar (dpa) - El canciller alem\u00e1n, Olaf Scholz, anunci\u00f3 hoy tras reunirse con los l\u00edderes franc\u00e9s y polaco, que en el futuro Occidente comprar\u00e1 armas","inLanguage":"es-ES","isPartOf":{"@id":"https:\/\/candas365.es\/noticias\/#website"},"breadcrumb":{"@id":"https:\/\/candas365.es\/noticias\/scholz-occidente-comprara-armas-en-el-mercado-mundial-para-ucrania\/#breadcrumblist"},"author":{"@id":"https:\/\/candas365.es\/noticias\/author\/admin\/#author"},"creator":{"@id":"https:\/\/candas365.es\/noticias\/author\/admin\/#author"},"image":{"@type":"ImageObject","url":"https:\/\/candas365.es\/noticias\/wp-content\/uploads\/2024\/03\/Scholz-1.jpg","@id":"https:\/\/candas365.es\/noticias\/scholz-occidente-comprara-armas-en-el-mercado-mundial-para-ucrania\/#mainImage","width":933,"height":669,"caption":"Foto: Michael Kappeler\/dpa"},"primaryImageOfPage":{"@id":"https:\/\/candas365.es\/noticias\/scholz-occidente-comprara-armas-en-el-mercado-mundial-para-ucrania\/#mainImage"},"datePublished":"2024-03-18T03:17:29+01:00","dateModified":"2024-03-18T03:18:00+01:00"},{"@type":"WebSite","@id":"https:\/\/candas365.es\/noticias\/#website","url":"https:\/\/candas365.es\/noticias\/","name":"Cand\u00e1s 365","alternateName":"Cand\u00e1s 365 Noticias","description":"Actualidad desde Carre\u00f1o para el mundo","inLanguage":"es-ES","publisher":{"@id":"https:\/\/candas365.es\/noticias\/#organization"}}]},"og:locale":"es_ES","og:site_name":"Cand\u00e1s 365","og:type":"article","og:title":"Scholz: \u00abOccidente comprar\u00e1 armas en el mercado mundial para Ucrania\u00bb | Cand\u00e1s 365","og:description":"Berl\u00edn, 15 mar (dpa) - El canciller alem\u00e1n, Olaf Scholz, anunci\u00f3 hoy tras reunirse con los l\u00edderes franc\u00e9s y polaco, que en el futuro Occidente comprar\u00e1 armas","og:url":"https:\/\/candas365.es\/noticias\/scholz-occidente-comprara-armas-en-el-mercado-mundial-para-ucrania\/","og:image":"https:\/\/candas365.es\/noticias\/wp-content\/uploads\/2024\/03\/Scholz-1.jpg","og:image:secure_url":"https:\/\/candas365.es\/noticias\/wp-content\/uploads\/2024\/03\/Scholz-1.jpg","og:image:width":933,"og:image:height":669,"article:published_time":"2024-03-18T02:17:29+00:00","article:modified_time":"2024-03-18T02:18:00+00:00","article:publisher":"https:\/\/www.facebook.com\/Nachofdezber","article:author":"https:\/\/www.facebook.com\/carrenoactualidad","twitter:card":"summary_large_image","twitter:site":"@NabercoDigital","twitter:title":"Scholz: \u00abOccidente comprar\u00e1 armas en el mercado mundial para Ucrania\u00bb | Cand\u00e1s 365","twitter:description":"Berl\u00edn, 15 mar (dpa) - El canciller alem\u00e1n, Olaf Scholz, anunci\u00f3 hoy tras reunirse con los l\u00edderes franc\u00e9s y polaco, que en el futuro Occidente comprar\u00e1 armas","twitter:creator":"@nbasturias","twitter:image":"https:\/\/candas365.es\/noticias\/wp-content\/uploads\/2024\/03\/Scholz-1.jpg","twitter:label1":"Escrito por","twitter:data1":"Cand\u00e1s 365","twitter:label2":"Tiempo de lectura estimado","twitter:data2":"3 minutos"},"aioseo_meta_data":{"post_id":"178850","title":null,"description":"Berl\u00edn, 15 mar (dpa) - El canciller alem\u00e1n, Olaf Scholz, anunci\u00f3 hoy tras reunirse con los l\u00edderes franc\u00e9s y polaco, que en el futuro Occidente comprar\u00e1 armas","keywords":[],"keyphrases":{"focus":{"keyphrase":"Scholz","score":100,"analysis":{"keyphraseInTitle":{"score":9,"maxScore":9,"error":0},"keyphraseInDescription":{"score":9,"maxScore":9,"error":0},"keyphraseLength":{"score":9,"maxScore":9,"error":0,"length":1},"keyphraseInURL":{"score":5,"maxScore":5,"error":0},"keyphraseInIntroduction":{"score":9,"maxScore":9,"error":0},"keyphraseInSubHeadings":[],"keyphraseInImageAlt":{"score":9,"maxScore":9,"error":0},"keywordDensity":{"type":"best","score":9,"maxScore":9,"error":0}}},"additional":[{"keyphrase":"Scholz","score":100,"analysis":{"keyphraseInDescription":{"score":9,"maxScore":9,"error":0},"keyphraseLength":{"score":9,"maxScore":9,"error":0,"length":1},"keyphraseInIntroduction":{"score":9,"maxScore":9,"error":0},"keyphraseInImageAlt":{"score":9,"maxScore":9,"error":0},"keywordDensity":{"type":"best","score":9,"maxScore":9,"error":0}}}]},"primary_term":null,"canonical_url":null,"og_title":null,"og_description":null,"og_object_type":"default","og_image_type":"default","og_image_url":null,"og_image_width":null,"og_image_height":null,"og_image_custom_url":null,"og_image_custom_fields":null,"og_video":"","og_custom_url":null,"og_article_section":null,"og_article_tags":[],"twitter_use_og":false,"twitter_card":"default","twitter_image_type":"default","twitter_image_url":null,"twitter_image_custom_url":null,"twitter_image_custom_fields":null,"twitter_title":null,"twitter_description":null,"schema":{"blockGraphs":[],"customGraphs":[],"default":{"data":{"Article":[],"Course":[],"Dataset":[],"FAQPage":[],"Movie":[],"Person":[],"Product":[],"ProductReview":[],"Car":[],"Recipe":[],"Service":[],"SoftwareApplication":[],"WebPage":[]},"graphName":"Article","isEnabled":true},"graphs":[]},"schema_type":"default","schema_type_options":null,"pillar_content":false,"robots_default":true,"robots_noindex":false,"robots_noarchive":false,"robots_nosnippet":false,"robots_nofollow":false,"robots_noimageindex":false,"robots_noodp":false,"robots_notranslate":false,"robots_max_snippet":"-1","robots_max_videopreview":"-1","robots_max_imagepreview":"large","priority":null,"frequency":"default","location":null,"local_seo":null,"seo_analyzer_scan_date":"2025-09-02 05:19:11","breadcrumb_settings":null,"limit_modified_date":false,"reviewed_by":null,"open_ai":"{\"title\":{\"suggestions\":[],\"usage\":0},\"description\":{\"suggestions\":[],\"usage\":0}}","ai":null,"created":"2024-03-18 02:10:27","updated":"2025-09-02 05:19:11"},"aioseo_breadcrumb":"<div class=\"aioseo-breadcrumbs\"><span class=\"aioseo-breadcrumb\">\n\t<a href=\"https:\/\/candas365.es\/noticias\" title=\"Home\">Home<\/a>\n<\/span><span class=\"aioseo-breadcrumb-separator\">&ndash;<\/span><span class=\"aioseo-breadcrumb\">\n\t<a href=\"https:\/\/candas365.es\/noticias\/category\/destacadas\/\" title=\"Destacadas\">Destacadas<\/a>\n<\/span><span class=\"aioseo-breadcrumb-separator\">&ndash;<\/span><span class=\"aioseo-breadcrumb\">\n\tScholz: \u00abOccidente comprar\u00e1 armas en el mercado mundial para Ucrania\u00bb\n<\/span><\/div>","aioseo_breadcrumb_json":[{"label":"Home","link":"https:\/\/candas365.es\/noticias"},{"label":"Destacadas","link":"https:\/\/candas365.es\/noticias\/category\/destacadas\/"},{"label":"Scholz: \u00abOccidente comprar\u00e1 armas en el mercado mundial para Ucrania\u00bb","link":"https:\/\/candas365.es\/noticias\/scholz-occidente-comprara-armas-en-el-mercado-mundial-para-ucrania\/"}],"_links":{"self":[{"href":"https:\/\/candas365.es\/noticias\/wp-json\/wp\/v2\/posts\/178850","targetHints":{"allow":["GET"]}}],"collection":[{"href":"https:\/\/candas365.es\/noticias\/wp-json\/wp\/v2\/posts"}],"about":[{"href":"https:\/\/candas365.es\/noticias\/wp-json\/wp\/v2\/types\/post"}],"author":[{"embeddable":true,"href":"https:\/\/candas365.es\/noticias\/wp-json\/wp\/v2\/users\/1"}],"replies":[{"embeddable":true,"href":"https:\/\/candas365.es\/noticias\/wp-json\/wp\/v2\/comments?post=178850"}],"version-history":[{"count":0,"href":"https:\/\/candas365.es\/noticias\/wp-json\/wp\/v2\/posts\/178850\/revisions"}],"wp:featuredmedia":[{"embeddable":true,"href":"https:\/\/candas365.es\/noticias\/wp-json\/wp\/v2\/media\/178851"}],"wp:attachment":[{"href":"https:\/\/candas365.es\/noticias\/wp-json\/wp\/v2\/media?parent=178850"}],"wp:term":[{"taxonomy":"category","embeddable":true,"href":"https:\/\/candas365.es\/noticias\/wp-json\/wp\/v2\/categories?post=178850"},{"taxonomy":"post_tag","embeddable":true,"href":"https:\/\/candas365.es\/noticias\/wp-json\/wp\/v2\/tags?post=178850"}],"curies":[{"name":"wp","href":"https:\/\/api.w.org\/{rel}","templated":true}]}}