{"id":178735,"date":"2024-03-05T23:36:21","date_gmt":"2024-03-05T22:36:21","guid":{"rendered":"https:\/\/candas365.es\/noticias\/?p=178735"},"modified":"2024-03-05T23:36:21","modified_gmt":"2024-03-05T22:36:21","slug":"taurus-las-conversaciones-interceptadas-por-rusia","status":"publish","type":"post","link":"https:\/\/candas365.es\/noticias\/taurus-las-conversaciones-interceptadas-por-rusia\/","title":{"rendered":"Taurus: Las \u00abconversaciones\u00bb interceptadas por Rusia"},"content":{"rendered":"<p>Berl\u00edn, 5 mar (<a title=\"dpa\" href=\"https:\/\/www.dpa-news.de\/\" target=\"_blank\" rel=\"noopener\"><span style=\"color: #ff6600;\"><strong>dpa<\/strong><\/span><\/a>) &#8211; El Ministerio de Defensa de Alemania atribuy\u00f3 hoy al descuido de un general el hecho de que las conversaciones entre oficiales de alto rango de las Fuerzas Armadas sobre el sistema de armas de largo alcance <a href=\"https:\/\/candas365.es\/noticias\/scholz-no-entregara-taurus-a-kiev\/\"><span style=\"color: #ff6600;\"><strong>Taurus<\/strong><\/span><\/a> fueran interceptadas por Rusia.<\/p>\n<figure id=\"attachment_178736\" aria-describedby=\"caption-attachment-178736\" style=\"width: 650px\" class=\"wp-caption aligncenter\"><img fetchpriority=\"high\" decoding=\"async\" class=\"size-large wp-image-178736\" src=\"https:\/\/candas365.es\/noticias\/wp-content\/uploads\/2024\/03\/caso-Taurus-650x421.jpg\" alt=\"caso Taurus\" width=\"650\" height=\"421\" srcset=\"https:\/\/candas365.es\/noticias\/wp-content\/uploads\/2024\/03\/caso-Taurus-650x421.jpg 650w, https:\/\/candas365.es\/noticias\/wp-content\/uploads\/2024\/03\/caso-Taurus-360x233.jpg 360w, https:\/\/candas365.es\/noticias\/wp-content\/uploads\/2024\/03\/caso-Taurus-768x498.jpg 768w, https:\/\/candas365.es\/noticias\/wp-content\/uploads\/2024\/03\/caso-Taurus-150x97.jpg 150w, https:\/\/candas365.es\/noticias\/wp-content\/uploads\/2024\/03\/caso-Taurus-450x292.jpg 450w, https:\/\/candas365.es\/noticias\/wp-content\/uploads\/2024\/03\/caso-Taurus.jpg 998w\" sizes=\"(max-width: 650px) 100vw, 650px\" \/><figcaption id=\"caption-attachment-178736\" class=\"wp-caption-text\">Foto: Michael Kappeler\/dpa<\/figcaption><\/figure>\n<p>El ministro de Defensa, Boris Pistorius, anunci\u00f3 hoy en Berl\u00edn este resultado provisional de la investigaci\u00f3n. El error lo cometi\u00f3 el participante que intervino en la conversaci\u00f3n desde Singapur. Este alto militar se incorpor\u00f3 a la reuni\u00f3n virtual a trav\u00e9s de una \u00abl\u00ednea de datos no segura\u00bb, es decir, un tel\u00e9fono m\u00f3vil o una red WLAN.<\/p>\n<p>Pistorius descart\u00f3 la posibilidad de que un esp\u00eda ruso hubiera participado en la conversaci\u00f3n sin ser advertido. \u00abNuestros sistemas de comunicaci\u00f3n no se vieron comprometidos\u00bb, subray\u00f3. \u00abMe asombr\u00f3 un poco que se difundiera p\u00fablicamente esa hip\u00f3tesis sin que en ese momento hubiera pruebas serias de ello\u00bb, a\u00f1adi\u00f3.<\/p>\n<p>El ministro dijo que se hab\u00edan iniciado investigaciones disciplinarias preliminares contra los cuatro participantes en la conversaci\u00f3n.<\/p>\n<p>Sin embargo, tambi\u00e9n indic\u00f3 que las consecuencias personales \u00abno est\u00e1n actualmente en la agenda\u00bb. A menos que se descubra algo peor, \u00abno sacrificar\u00e9 a ninguno de mis mejores oficiales a los juegos de (el presidente ruso Vlad\u00edmir) Putin\u00bb, subray\u00f3 Pistorius.<\/p>\n<p>El viernes, Rusia difundi\u00f3 la grabaci\u00f3n de una conferencia entre cuatro oficiales alemanes de alto rango, entre ellos el inspector general de la Fuerza A\u00e9rea, Ingo Gerhartz. En ella, los militares discut\u00edan los escenarios de despliegue del misil de crucero alem\u00e1n Taurus en caso de que finalmente fuera entregado a Ucrania.<\/p>\n<p>El canciller Olaf Scholz lo descart\u00f3 por el momento y justific\u00f3 su negativa alegando que, en ese caso, Alemania podr\u00eda verse arrastrada a la guerra.<\/p>\n<p>El Taurus tiene un alcance de 500 kil\u00f3metros, por lo que tambi\u00e9n puede alcanzar objetivos en Mosc\u00fa desde Ucrania.<\/p>\n<p>Seg\u00fan Pistorius, la conversaci\u00f3n entre los cuatro oficiales tuvo lugar a trav\u00e9s de la plataforma de Internet Webex, utilizada por las Fuerzas Armadas alemanas en diversas versiones protegidas para este tipo de conversaciones.<\/p>\n<p>Poco antes de viajar a Escandinavia, Pistorius anunci\u00f3 hoy los resultados provisionales de la investigaci\u00f3n del Servicio de Contrainteligencia Militar (MAD). Seg\u00fan los resultados, la causa de la filtraci\u00f3n del Taurus no fue un fallo en el sistema de comunicaciones de la Bundeswehr, sino el descuido individual de un general que hab\u00eda iniciado la llamada desde un hotel de Singapur.<\/p>\n<p>\u00abNuestros sistemas de comunicaci\u00f3n no se vieron comprometidos\u00bb, subray\u00f3 Pistorius, que no dio el nombre del participante en la conferencia desde Singapur, aunque la grabaci\u00f3n muestra que se trata del general de brigada Frank Gr\u00e4fe.<\/p>\n<p>El hecho de que pudiera ser interceptada se debi\u00f3 a que el participante de Singapur no hab\u00eda respetado el procedimiento de incorporaci\u00f3n virtual segura.<\/p>\n<p>En el momento de la conversaci\u00f3n, se estaba celebrando en la ciudad estado del sudeste asi\u00e1tico el Sal\u00f3n Aeron\u00e1utico de Singapur, al que asist\u00edan numerosos militares europeos de alto rango. \u00abPara los servicios secretos rusos, un acontecimiento como este en este entorno es, comprensiblemente, todo un hallazgo\u00bb, declar\u00f3 Pistorius.<\/p>\n<p>Los hoteles utilizados para el evento hab\u00edan sido objeto de b\u00fasqueda de escuchas en todas sus instalaciones. El acceso a la conferencia Webex de los oficiales de la Bundeswehr fue un \u00abgolpe fortuito en el marco de un enfoque amplio y disperso\u00bb, a\u00f1adi\u00f3.<\/p>\n<p>Pistorius subray\u00f3 que los sistemas de comunicaci\u00f3n de la Bundeswehr deben seguir siendo revisados y mejorados de forma continua. \u00abDebemos seguir reforzando nuestros sistemas. Se trata de un proceso continuo\u00bb, aleg\u00f3, toda que vez que se\u00f1al\u00f3 que la \u00abamplitud de los ataques\u00bb a los sistemas de comunicaci\u00f3n est\u00e1 aumentando masivamente.<\/p>\n<p>El ministro germano agreg\u00f3 que no tiene conocimiento de nuevos casos de interceptaci\u00f3n. \u00abPero eso no excluye la posibilidad de que se produzca otro\u00bb, alert\u00f3.<\/p>\n<p>No obstante, debido a la filtraci\u00f3n, se especula sobre los da\u00f1os causados a la confianza en Alemania dentro de la alianza occidental. En los \u00faltimos d\u00edas han surgido dudas al respecto.<\/p>\n<p>\u00abSabemos que Alemania est\u00e1 fuertemente penetrada por los servicios de inteligencia rusos. Esto demuestra que no es ni segura ni fiable\u00bb, dijo el pol\u00edtico brit\u00e1nico Ben Wallace, que pudo hacerse una idea de la fiabilidad de Alemania durante cuatro a\u00f1os como ministro de Defensa entre 2019 y 2023.<\/p>\n<p>Pistorius se esforz\u00f3 hoy por contrarrestar esta impresi\u00f3n. Este lunes habl\u00f3 por tel\u00e9fono con sus hom\u00f3logos aliados y \u00abno vio se\u00f1ales de desconfianza en modo alguno, ni percib\u00ed molestia alguna\u00bb, subray\u00f3 el ministro.<\/p>\n<p>\u00abLa confianza en Alemania es inquebrantable\u00bb. Todo el mundo sabe que no hay seguridad absoluta contra este tipo de ataques de interceptaci\u00f3n. \u00abNo dejaremos que este ataque h\u00edbrido de Rusia nos asuste o nos separe\u00bb.<\/p>\n<p>Sin embargo, este llamamiento a la unidad contra los atacantes rusos no obtuvo eco en la oposici\u00f3n en Berl\u00edn. A Florian Hahn, portavoz de Defensa del grupo parlamentario opositor CDU\/CSU, no le convencieron en absoluto las declaraciones del ministro. \u00abEs sorprendente c\u00f3mo la coalici\u00f3n gubernamental est\u00e1 reescribiendo ahora este esc\u00e1ndalo de las escuchas telef\u00f3nicas\u00bb, declar\u00f3 al diario \u00abRheinische Post\u00bb.<\/p>\n","protected":false},"excerpt":{"rendered":"<p>Berl\u00edn, 5 mar (dpa) &#8211; El Ministerio de Defensa de Alemania atribuy\u00f3 hoy al descuido de un general el hecho de que las conversaciones entre oficiales de alto rango de las Fuerzas Armadas sobre el sistema de armas de largo alcance Taurus fueran interceptadas por Rusia. El ministro de Defensa, Boris Pistorius, anunci\u00f3 hoy en<\/p>\n","protected":false},"author":1,"featured_media":178736,"comment_status":"closed","ping_status":"closed","sticky":false,"template":"","format":"standard","meta":{"footnotes":""},"categories":[485],"tags":[417,464,418],"class_list":{"0":"post-178735","1":"post","2":"type-post","3":"status-publish","4":"format-standard","5":"has-post-thumbnail","7":"category-internacional","8":"tag-alemania","9":"tag-conflictos","10":"tag-internacional"},"aioseo_notices":[],"aioseo_head":"\n\t\t<!-- All in One SEO Pro 4.9.6.2 - aioseo.com -->\n\t<meta name=\"description\" content=\"Berl\u00edn, 5 mar (dpa) - El Ministerio de Defensa de Alemania atribuy\u00f3 hoy al descuido de un general el hecho de que las conversaciones entre oficiales de alto\" \/>\n\t<meta name=\"robots\" content=\"max-image-preview:large\" \/>\n\t<meta name=\"author\" content=\"Cand\u00e1s 365\"\/>\n\t<meta name=\"google-site-verification\" content=\"UA-32230408-1\" \/>\n\t<meta name=\"msvalidate.01\" content=\"354F3CDFB2DA171B47FBE9ABF1F88D5\" \/>\n\t<meta name=\"keywords\" content=\"internacional\" \/>\n\t<link rel=\"canonical\" href=\"https:\/\/candas365.es\/noticias\/taurus-las-conversaciones-interceptadas-por-rusia\/\" \/>\n\t<meta name=\"generator\" content=\"All in One SEO Pro (AIOSEO) 4.9.6.2\" \/>\n\t\t<meta property=\"og:locale\" content=\"es_ES\" \/>\n\t\t<meta property=\"og:site_name\" content=\"Cand\u00e1s 365\" \/>\n\t\t<meta property=\"og:type\" content=\"article\" \/>\n\t\t<meta property=\"og:title\" content=\"Taurus: Las \u00abconversaciones\u00bb interceptadas por Rusia | Cand\u00e1s 365\" \/>\n\t\t<meta property=\"og:description\" content=\"Berl\u00edn, 5 mar (dpa) - El Ministerio de Defensa de Alemania atribuy\u00f3 hoy al descuido de un general el hecho de que las conversaciones entre oficiales de alto\" \/>\n\t\t<meta property=\"og:url\" content=\"https:\/\/candas365.es\/noticias\/taurus-las-conversaciones-interceptadas-por-rusia\/\" \/>\n\t\t<meta property=\"og:image\" content=\"https:\/\/candas365.es\/noticias\/wp-content\/uploads\/2024\/03\/caso-Taurus.jpg\" \/>\n\t\t<meta property=\"og:image:secure_url\" content=\"https:\/\/candas365.es\/noticias\/wp-content\/uploads\/2024\/03\/caso-Taurus.jpg\" \/>\n\t\t<meta property=\"og:image:width\" content=\"998\" \/>\n\t\t<meta property=\"og:image:height\" content=\"647\" \/>\n\t\t<meta property=\"article:published_time\" content=\"2024-03-05T22:36:21+00:00\" \/>\n\t\t<meta property=\"article:modified_time\" content=\"2024-03-05T22:36:21+00:00\" \/>\n\t\t<meta property=\"article:publisher\" content=\"https:\/\/www.facebook.com\/Nachofdezber\" \/>\n\t\t<meta property=\"article:author\" content=\"https:\/\/www.facebook.com\/carrenoactualidad\" \/>\n\t\t<meta name=\"twitter:card\" content=\"summary_large_image\" \/>\n\t\t<meta name=\"twitter:site\" content=\"@NabercoDigital\" \/>\n\t\t<meta name=\"twitter:title\" content=\"Taurus: Las \u00abconversaciones\u00bb interceptadas por Rusia | Cand\u00e1s 365\" \/>\n\t\t<meta name=\"twitter:description\" content=\"Berl\u00edn, 5 mar (dpa) - El Ministerio de Defensa de Alemania atribuy\u00f3 hoy al descuido de un general el hecho de que las conversaciones entre oficiales de alto\" \/>\n\t\t<meta name=\"twitter:creator\" content=\"@nbasturias\" \/>\n\t\t<meta name=\"twitter:image\" content=\"https:\/\/candas365.es\/noticias\/wp-content\/uploads\/2024\/03\/caso-Taurus.jpg\" \/>\n\t\t<meta name=\"twitter:label1\" content=\"Escrito por\" \/>\n\t\t<meta name=\"twitter:data1\" content=\"Cand\u00e1s 365\" \/>\n\t\t<meta name=\"twitter:label2\" content=\"Tiempo de lectura estimado\" \/>\n\t\t<meta name=\"twitter:data2\" content=\"5 minutos\" \/>\n\t\t<script type=\"application\/ld+json\" class=\"aioseo-schema\">\n\t\t\t{\"@context\":\"https:\\\/\\\/schema.org\",\"@graph\":[{\"@type\":\"BreadcrumbList\",\"@id\":\"https:\\\/\\\/candas365.es\\\/noticias\\\/taurus-las-conversaciones-interceptadas-por-rusia\\\/#breadcrumblist\",\"itemListElement\":[{\"@type\":\"ListItem\",\"@id\":\"https:\\\/\\\/candas365.es\\\/noticias#listItem\",\"position\":1,\"name\":\"Home\",\"item\":\"https:\\\/\\\/candas365.es\\\/noticias\",\"nextItem\":{\"@type\":\"ListItem\",\"@id\":\"https:\\\/\\\/candas365.es\\\/noticias\\\/category\\\/internacional\\\/#listItem\",\"name\":\"Internacional\"}},{\"@type\":\"ListItem\",\"@id\":\"https:\\\/\\\/candas365.es\\\/noticias\\\/category\\\/internacional\\\/#listItem\",\"position\":2,\"name\":\"Internacional\",\"item\":\"https:\\\/\\\/candas365.es\\\/noticias\\\/category\\\/internacional\\\/\",\"nextItem\":{\"@type\":\"ListItem\",\"@id\":\"https:\\\/\\\/candas365.es\\\/noticias\\\/taurus-las-conversaciones-interceptadas-por-rusia\\\/#listItem\",\"name\":\"Taurus: Las \\u00abconversaciones\\u00bb interceptadas por Rusia\"},\"previousItem\":{\"@type\":\"ListItem\",\"@id\":\"https:\\\/\\\/candas365.es\\\/noticias#listItem\",\"name\":\"Home\"}},{\"@type\":\"ListItem\",\"@id\":\"https:\\\/\\\/candas365.es\\\/noticias\\\/taurus-las-conversaciones-interceptadas-por-rusia\\\/#listItem\",\"position\":3,\"name\":\"Taurus: Las \\u00abconversaciones\\u00bb interceptadas por Rusia\",\"previousItem\":{\"@type\":\"ListItem\",\"@id\":\"https:\\\/\\\/candas365.es\\\/noticias\\\/category\\\/internacional\\\/#listItem\",\"name\":\"Internacional\"}}]},{\"@type\":\"NewsArticle\",\"@id\":\"https:\\\/\\\/candas365.es\\\/noticias\\\/taurus-las-conversaciones-interceptadas-por-rusia\\\/#newsarticle\",\"name\":\"Taurus: Las \\u00abconversaciones\\u00bb interceptadas por Rusia | Cand\\u00e1s 365\",\"headline\":\"Taurus: Las \\u00abconversaciones\\u00bb interceptadas por Rusia\",\"author\":{\"@id\":\"https:\\\/\\\/candas365.es\\\/noticias\\\/author\\\/admin\\\/#author\"},\"publisher\":{\"@id\":\"https:\\\/\\\/candas365.es\\\/noticias\\\/#organization\"},\"image\":{\"@type\":\"ImageObject\",\"url\":\"https:\\\/\\\/candas365.es\\\/noticias\\\/wp-content\\\/uploads\\\/2024\\\/03\\\/caso-Taurus.jpg\",\"width\":998,\"height\":647,\"caption\":\"Foto: Michael Kappeler\\\/dpa\"},\"datePublished\":\"2024-03-05T23:36:21+01:00\",\"dateModified\":\"2024-03-05T23:36:21+01:00\",\"inLanguage\":\"es-ES\",\"mainEntityOfPage\":{\"@id\":\"https:\\\/\\\/candas365.es\\\/noticias\\\/taurus-las-conversaciones-interceptadas-por-rusia\\\/#webpage\"},\"isPartOf\":{\"@id\":\"https:\\\/\\\/candas365.es\\\/noticias\\\/taurus-las-conversaciones-interceptadas-por-rusia\\\/#webpage\"},\"articleSection\":\"Internacional, Alemania, conflictos, Internacional\",\"dateline\":\"Publicado el marzo 5, 2024.\"},{\"@type\":\"Organization\",\"@id\":\"https:\\\/\\\/candas365.es\\\/noticias\\\/#organization\",\"name\":\"Cand\\u00e1s 365\",\"description\":\"Cand\\u00e1s 365 es un diario digital independiente, fundado en 2012, con base en Asturias. Informamos con rigor sobre actualidad, sociedad, cultura y ocio, con una mirada local y global.\",\"url\":\"https:\\\/\\\/candas365.es\\\/noticias\\\/\",\"email\":\"info@candas365.es\",\"telephone\":\"+34652131393\",\"foundingDate\":\"2012-06-10\",\"logo\":{\"@type\":\"ImageObject\",\"url\":\"https:\\\/\\\/candas365.es\\\/noticias\\\/wp-content\\\/uploads\\\/2024\\\/09\\\/Candas-365-Redes.jpg\",\"@id\":\"https:\\\/\\\/candas365.es\\\/noticias\\\/taurus-las-conversaciones-interceptadas-por-rusia\\\/#organizationLogo\",\"width\":1152,\"height\":864,\"caption\":\"Cand\\u00e1s 365 Redes\"},\"image\":{\"@id\":\"https:\\\/\\\/candas365.es\\\/noticias\\\/taurus-las-conversaciones-interceptadas-por-rusia\\\/#organizationLogo\"},\"sameAs\":[\"https:\\\/\\\/www.facebook.com\\\/Nachofdezber\",\"https:\\\/\\\/x.com\\\/NabercoDigital\",\"https:\\\/\\\/www.instagram.com\\\/nachofdezber\\\/\",\"https:\\\/\\\/www.youtube.com\\\/channel\\\/UCZP-2wLEB9Rv6erhFmqVnvg\"],\"address\":{\"@id\":\"https:\\\/\\\/candas365.es\\\/noticias\\\/#postaladdress\",\"@type\":\"PostalAddress\",\"streetAddress\":\"san antonio 4, san antonio 4\",\"postalCode\":\"33430\",\"addressLocality\":\"Cand\\u00e1s\",\"addressRegion\":\"Asturias\",\"addressCountry\":\"ES\"}},{\"@type\":\"Person\",\"@id\":\"https:\\\/\\\/candas365.es\\\/noticias\\\/author\\\/admin\\\/#author\",\"url\":\"https:\\\/\\\/candas365.es\\\/noticias\\\/author\\\/admin\\\/\",\"name\":\"Cand\\u00e1s 365\",\"image\":{\"@type\":\"ImageObject\",\"@id\":\"https:\\\/\\\/candas365.es\\\/noticias\\\/taurus-las-conversaciones-interceptadas-por-rusia\\\/#authorImage\",\"url\":\"https:\\\/\\\/secure.gravatar.com\\\/avatar\\\/496a8e03d0c493ede1718b7934145dbdf8d89be1036b0eec9544e1094c9de390?s=96&d=mm&r=g\",\"width\":96,\"height\":96,\"caption\":\"Cand\\u00e1s 365\"},\"sameAs\":[\"https:\\\/\\\/www.facebook.com\\\/carrenoactualidad\",\"https:\\\/\\\/twitter.com\\\/nbasturias\",\"https:\\\/\\\/www.instagram.com\\\/nachofdezber\\\/\",\"https:\\\/\\\/www.youtube.com\\\/channel\\\/UCZP-2wLEB9Rv6erhFmqVnvg\"]},{\"@type\":\"WebPage\",\"@id\":\"https:\\\/\\\/candas365.es\\\/noticias\\\/taurus-las-conversaciones-interceptadas-por-rusia\\\/#webpage\",\"url\":\"https:\\\/\\\/candas365.es\\\/noticias\\\/taurus-las-conversaciones-interceptadas-por-rusia\\\/\",\"name\":\"Taurus: Las \\u00abconversaciones\\u00bb interceptadas por Rusia | Cand\\u00e1s 365\",\"description\":\"Berl\\u00edn, 5 mar (dpa) - El Ministerio de Defensa de Alemania atribuy\\u00f3 hoy al descuido de un general el hecho de que las conversaciones entre oficiales de alto\",\"inLanguage\":\"es-ES\",\"isPartOf\":{\"@id\":\"https:\\\/\\\/candas365.es\\\/noticias\\\/#website\"},\"breadcrumb\":{\"@id\":\"https:\\\/\\\/candas365.es\\\/noticias\\\/taurus-las-conversaciones-interceptadas-por-rusia\\\/#breadcrumblist\"},\"author\":{\"@id\":\"https:\\\/\\\/candas365.es\\\/noticias\\\/author\\\/admin\\\/#author\"},\"creator\":{\"@id\":\"https:\\\/\\\/candas365.es\\\/noticias\\\/author\\\/admin\\\/#author\"},\"image\":{\"@type\":\"ImageObject\",\"url\":\"https:\\\/\\\/candas365.es\\\/noticias\\\/wp-content\\\/uploads\\\/2024\\\/03\\\/caso-Taurus.jpg\",\"@id\":\"https:\\\/\\\/candas365.es\\\/noticias\\\/taurus-las-conversaciones-interceptadas-por-rusia\\\/#mainImage\",\"width\":998,\"height\":647,\"caption\":\"Foto: Michael Kappeler\\\/dpa\"},\"primaryImageOfPage\":{\"@id\":\"https:\\\/\\\/candas365.es\\\/noticias\\\/taurus-las-conversaciones-interceptadas-por-rusia\\\/#mainImage\"},\"datePublished\":\"2024-03-05T23:36:21+01:00\",\"dateModified\":\"2024-03-05T23:36:21+01:00\"},{\"@type\":\"WebSite\",\"@id\":\"https:\\\/\\\/candas365.es\\\/noticias\\\/#website\",\"url\":\"https:\\\/\\\/candas365.es\\\/noticias\\\/\",\"name\":\"Cand\\u00e1s 365\",\"alternateName\":\"Cand\\u00e1s 365 Noticias\",\"description\":\"Actualidad desde Carre\\u00f1o para el mundo\",\"inLanguage\":\"es-ES\",\"publisher\":{\"@id\":\"https:\\\/\\\/candas365.es\\\/noticias\\\/#organization\"}}]}\n\t\t<\/script>\n\t\t<!-- All in One SEO Pro -->\r\n\t\t<title>Taurus: Las \u00abconversaciones\u00bb interceptadas por Rusia | Cand\u00e1s 365<\/title>\n\n","aioseo_head_json":{"title":"Taurus: Las \u00abconversaciones\u00bb interceptadas por Rusia | Cand\u00e1s 365","description":"Berl\u00edn, 5 mar (dpa) - El Ministerio de Defensa de Alemania atribuy\u00f3 hoy al descuido de un general el hecho de que las conversaciones entre oficiales de alto","canonical_url":"https:\/\/candas365.es\/noticias\/taurus-las-conversaciones-interceptadas-por-rusia\/","robots":"max-image-preview:large","keywords":"internacional","webmasterTools":{"google-site-verification":"UA-32230408-1","msvalidate.01":"354F3CDFB2DA171B47FBE9ABF1F88D5","miscellaneous":""},"schema":{"@context":"https:\/\/schema.org","@graph":[{"@type":"BreadcrumbList","@id":"https:\/\/candas365.es\/noticias\/taurus-las-conversaciones-interceptadas-por-rusia\/#breadcrumblist","itemListElement":[{"@type":"ListItem","@id":"https:\/\/candas365.es\/noticias#listItem","position":1,"name":"Home","item":"https:\/\/candas365.es\/noticias","nextItem":{"@type":"ListItem","@id":"https:\/\/candas365.es\/noticias\/category\/internacional\/#listItem","name":"Internacional"}},{"@type":"ListItem","@id":"https:\/\/candas365.es\/noticias\/category\/internacional\/#listItem","position":2,"name":"Internacional","item":"https:\/\/candas365.es\/noticias\/category\/internacional\/","nextItem":{"@type":"ListItem","@id":"https:\/\/candas365.es\/noticias\/taurus-las-conversaciones-interceptadas-por-rusia\/#listItem","name":"Taurus: Las \u00abconversaciones\u00bb interceptadas por Rusia"},"previousItem":{"@type":"ListItem","@id":"https:\/\/candas365.es\/noticias#listItem","name":"Home"}},{"@type":"ListItem","@id":"https:\/\/candas365.es\/noticias\/taurus-las-conversaciones-interceptadas-por-rusia\/#listItem","position":3,"name":"Taurus: Las \u00abconversaciones\u00bb interceptadas por Rusia","previousItem":{"@type":"ListItem","@id":"https:\/\/candas365.es\/noticias\/category\/internacional\/#listItem","name":"Internacional"}}]},{"@type":"NewsArticle","@id":"https:\/\/candas365.es\/noticias\/taurus-las-conversaciones-interceptadas-por-rusia\/#newsarticle","name":"Taurus: Las \u00abconversaciones\u00bb interceptadas por Rusia | Cand\u00e1s 365","headline":"Taurus: Las \u00abconversaciones\u00bb interceptadas por Rusia","author":{"@id":"https:\/\/candas365.es\/noticias\/author\/admin\/#author"},"publisher":{"@id":"https:\/\/candas365.es\/noticias\/#organization"},"image":{"@type":"ImageObject","url":"https:\/\/candas365.es\/noticias\/wp-content\/uploads\/2024\/03\/caso-Taurus.jpg","width":998,"height":647,"caption":"Foto: Michael Kappeler\/dpa"},"datePublished":"2024-03-05T23:36:21+01:00","dateModified":"2024-03-05T23:36:21+01:00","inLanguage":"es-ES","mainEntityOfPage":{"@id":"https:\/\/candas365.es\/noticias\/taurus-las-conversaciones-interceptadas-por-rusia\/#webpage"},"isPartOf":{"@id":"https:\/\/candas365.es\/noticias\/taurus-las-conversaciones-interceptadas-por-rusia\/#webpage"},"articleSection":"Internacional, Alemania, conflictos, Internacional","dateline":"Publicado el marzo 5, 2024."},{"@type":"Organization","@id":"https:\/\/candas365.es\/noticias\/#organization","name":"Cand\u00e1s 365","description":"Cand\u00e1s 365 es un diario digital independiente, fundado en 2012, con base en Asturias. Informamos con rigor sobre actualidad, sociedad, cultura y ocio, con una mirada local y global.","url":"https:\/\/candas365.es\/noticias\/","email":"info@candas365.es","telephone":"+34652131393","foundingDate":"2012-06-10","logo":{"@type":"ImageObject","url":"https:\/\/candas365.es\/noticias\/wp-content\/uploads\/2024\/09\/Candas-365-Redes.jpg","@id":"https:\/\/candas365.es\/noticias\/taurus-las-conversaciones-interceptadas-por-rusia\/#organizationLogo","width":1152,"height":864,"caption":"Cand\u00e1s 365 Redes"},"image":{"@id":"https:\/\/candas365.es\/noticias\/taurus-las-conversaciones-interceptadas-por-rusia\/#organizationLogo"},"sameAs":["https:\/\/www.facebook.com\/Nachofdezber","https:\/\/x.com\/NabercoDigital","https:\/\/www.instagram.com\/nachofdezber\/","https:\/\/www.youtube.com\/channel\/UCZP-2wLEB9Rv6erhFmqVnvg"],"address":{"@id":"https:\/\/candas365.es\/noticias\/#postaladdress","@type":"PostalAddress","streetAddress":"san antonio 4, san antonio 4","postalCode":"33430","addressLocality":"Cand\u00e1s","addressRegion":"Asturias","addressCountry":"ES"}},{"@type":"Person","@id":"https:\/\/candas365.es\/noticias\/author\/admin\/#author","url":"https:\/\/candas365.es\/noticias\/author\/admin\/","name":"Cand\u00e1s 365","image":{"@type":"ImageObject","@id":"https:\/\/candas365.es\/noticias\/taurus-las-conversaciones-interceptadas-por-rusia\/#authorImage","url":"https:\/\/secure.gravatar.com\/avatar\/496a8e03d0c493ede1718b7934145dbdf8d89be1036b0eec9544e1094c9de390?s=96&d=mm&r=g","width":96,"height":96,"caption":"Cand\u00e1s 365"},"sameAs":["https:\/\/www.facebook.com\/carrenoactualidad","https:\/\/twitter.com\/nbasturias","https:\/\/www.instagram.com\/nachofdezber\/","https:\/\/www.youtube.com\/channel\/UCZP-2wLEB9Rv6erhFmqVnvg"]},{"@type":"WebPage","@id":"https:\/\/candas365.es\/noticias\/taurus-las-conversaciones-interceptadas-por-rusia\/#webpage","url":"https:\/\/candas365.es\/noticias\/taurus-las-conversaciones-interceptadas-por-rusia\/","name":"Taurus: Las \u00abconversaciones\u00bb interceptadas por Rusia | Cand\u00e1s 365","description":"Berl\u00edn, 5 mar (dpa) - El Ministerio de Defensa de Alemania atribuy\u00f3 hoy al descuido de un general el hecho de que las conversaciones entre oficiales de alto","inLanguage":"es-ES","isPartOf":{"@id":"https:\/\/candas365.es\/noticias\/#website"},"breadcrumb":{"@id":"https:\/\/candas365.es\/noticias\/taurus-las-conversaciones-interceptadas-por-rusia\/#breadcrumblist"},"author":{"@id":"https:\/\/candas365.es\/noticias\/author\/admin\/#author"},"creator":{"@id":"https:\/\/candas365.es\/noticias\/author\/admin\/#author"},"image":{"@type":"ImageObject","url":"https:\/\/candas365.es\/noticias\/wp-content\/uploads\/2024\/03\/caso-Taurus.jpg","@id":"https:\/\/candas365.es\/noticias\/taurus-las-conversaciones-interceptadas-por-rusia\/#mainImage","width":998,"height":647,"caption":"Foto: Michael Kappeler\/dpa"},"primaryImageOfPage":{"@id":"https:\/\/candas365.es\/noticias\/taurus-las-conversaciones-interceptadas-por-rusia\/#mainImage"},"datePublished":"2024-03-05T23:36:21+01:00","dateModified":"2024-03-05T23:36:21+01:00"},{"@type":"WebSite","@id":"https:\/\/candas365.es\/noticias\/#website","url":"https:\/\/candas365.es\/noticias\/","name":"Cand\u00e1s 365","alternateName":"Cand\u00e1s 365 Noticias","description":"Actualidad desde Carre\u00f1o para el mundo","inLanguage":"es-ES","publisher":{"@id":"https:\/\/candas365.es\/noticias\/#organization"}}]},"og:locale":"es_ES","og:site_name":"Cand\u00e1s 365","og:type":"article","og:title":"Taurus: Las \u00abconversaciones\u00bb interceptadas por Rusia | Cand\u00e1s 365","og:description":"Berl\u00edn, 5 mar (dpa) - El Ministerio de Defensa de Alemania atribuy\u00f3 hoy al descuido de un general el hecho de que las conversaciones entre oficiales de alto","og:url":"https:\/\/candas365.es\/noticias\/taurus-las-conversaciones-interceptadas-por-rusia\/","og:image":"https:\/\/candas365.es\/noticias\/wp-content\/uploads\/2024\/03\/caso-Taurus.jpg","og:image:secure_url":"https:\/\/candas365.es\/noticias\/wp-content\/uploads\/2024\/03\/caso-Taurus.jpg","og:image:width":998,"og:image:height":647,"article:published_time":"2024-03-05T22:36:21+00:00","article:modified_time":"2024-03-05T22:36:21+00:00","article:publisher":"https:\/\/www.facebook.com\/Nachofdezber","article:author":"https:\/\/www.facebook.com\/carrenoactualidad","twitter:card":"summary_large_image","twitter:site":"@NabercoDigital","twitter:title":"Taurus: Las \u00abconversaciones\u00bb interceptadas por Rusia | Cand\u00e1s 365","twitter:description":"Berl\u00edn, 5 mar (dpa) - El Ministerio de Defensa de Alemania atribuy\u00f3 hoy al descuido de un general el hecho de que las conversaciones entre oficiales de alto","twitter:creator":"@nbasturias","twitter:image":"https:\/\/candas365.es\/noticias\/wp-content\/uploads\/2024\/03\/caso-Taurus.jpg","twitter:label1":"Escrito por","twitter:data1":"Cand\u00e1s 365","twitter:label2":"Tiempo de lectura estimado","twitter:data2":"5 minutos"},"aioseo_meta_data":{"post_id":"178735","title":null,"description":"Berl\u00edn, 5 mar (dpa) - El Ministerio de Defensa de Alemania atribuy\u00f3 hoy al descuido de un general el hecho de que las conversaciones entre oficiales de alto","keywords":[],"keyphrases":{"focus":{"keyphrase":"Taurus","score":68,"analysis":{"keyphraseInTitle":{"score":9,"maxScore":9,"error":0},"keyphraseInDescription":{"score":3,"maxScore":9,"error":1},"keyphraseLength":{"score":9,"maxScore":9,"error":0,"length":1},"keyphraseInURL":{"score":1,"maxScore":5,"error":1},"keyphraseInIntroduction":{"score":9,"maxScore":9,"error":0},"keyphraseInSubHeadings":[],"keyphraseInImageAlt":{"score":9,"maxScore":9,"error":0},"keywordDensity":{"score":0,"type":"low","maxScore":9,"error":1}}},"additional":[{"keyphrase":"conversaciones","score":67,"analysis":{"keyphraseInDescription":{"score":9,"maxScore":9,"error":0},"keyphraseLength":{"score":9,"maxScore":9,"error":0,"length":1},"keyphraseInIntroduction":{"score":9,"maxScore":9,"error":0},"keyphraseInImageAlt":{"score":3,"maxScore":9,"error":1},"keywordDensity":{"score":0,"type":"low","maxScore":9,"error":1}}},{"keyphrase":"Taurus","score":67,"analysis":{"keyphraseInDescription":{"score":3,"maxScore":9,"error":1},"keyphraseLength":{"score":9,"maxScore":9,"error":0,"length":1},"keyphraseInIntroduction":{"score":9,"maxScore":9,"error":0},"keyphraseInImageAlt":{"score":9,"maxScore":9,"error":0},"keywordDensity":{"score":0,"type":"low","maxScore":9,"error":1}}}]},"primary_term":null,"canonical_url":null,"og_title":null,"og_description":null,"og_object_type":"default","og_image_type":"default","og_image_url":null,"og_image_width":null,"og_image_height":null,"og_image_custom_url":null,"og_image_custom_fields":null,"og_video":"","og_custom_url":null,"og_article_section":null,"og_article_tags":[],"twitter_use_og":false,"twitter_card":"default","twitter_image_type":"default","twitter_image_url":null,"twitter_image_custom_url":null,"twitter_image_custom_fields":null,"twitter_title":null,"twitter_description":null,"schema":{"blockGraphs":[],"customGraphs":[],"default":{"data":{"Article":[],"Course":[],"Dataset":[],"FAQPage":[],"Movie":[],"Person":[],"Product":[],"ProductReview":[],"Car":[],"Recipe":[],"Service":[],"SoftwareApplication":[],"WebPage":[]},"graphName":"Article","isEnabled":true},"graphs":[]},"schema_type":"default","schema_type_options":null,"pillar_content":false,"robots_default":true,"robots_noindex":false,"robots_noarchive":false,"robots_nosnippet":false,"robots_nofollow":false,"robots_noimageindex":false,"robots_noodp":false,"robots_notranslate":false,"robots_max_snippet":"-1","robots_max_videopreview":"-1","robots_max_imagepreview":"large","priority":null,"frequency":"default","location":null,"local_seo":null,"seo_analyzer_scan_date":"2025-09-02 05:05:09","breadcrumb_settings":null,"limit_modified_date":false,"reviewed_by":null,"open_ai":"{\"title\":{\"suggestions\":[],\"usage\":0},\"description\":{\"suggestions\":[],\"usage\":0}}","ai":null,"created":"2024-03-05 22:28:51","updated":"2025-09-02 05:05:09"},"aioseo_breadcrumb":"<div class=\"aioseo-breadcrumbs\"><span class=\"aioseo-breadcrumb\">\n\t<a href=\"https:\/\/candas365.es\/noticias\" title=\"Home\">Home<\/a>\n<\/span><span class=\"aioseo-breadcrumb-separator\">&ndash;<\/span><span class=\"aioseo-breadcrumb\">\n\t<a href=\"https:\/\/candas365.es\/noticias\/category\/internacional\/\" title=\"Internacional\">Internacional<\/a>\n<\/span><span class=\"aioseo-breadcrumb-separator\">&ndash;<\/span><span class=\"aioseo-breadcrumb\">\n\tTaurus: Las \u00abconversaciones\u00bb interceptadas por Rusia\n<\/span><\/div>","aioseo_breadcrumb_json":[{"label":"Home","link":"https:\/\/candas365.es\/noticias"},{"label":"Internacional","link":"https:\/\/candas365.es\/noticias\/category\/internacional\/"},{"label":"Taurus: Las \u00abconversaciones\u00bb interceptadas por Rusia","link":"https:\/\/candas365.es\/noticias\/taurus-las-conversaciones-interceptadas-por-rusia\/"}],"_links":{"self":[{"href":"https:\/\/candas365.es\/noticias\/wp-json\/wp\/v2\/posts\/178735","targetHints":{"allow":["GET"]}}],"collection":[{"href":"https:\/\/candas365.es\/noticias\/wp-json\/wp\/v2\/posts"}],"about":[{"href":"https:\/\/candas365.es\/noticias\/wp-json\/wp\/v2\/types\/post"}],"author":[{"embeddable":true,"href":"https:\/\/candas365.es\/noticias\/wp-json\/wp\/v2\/users\/1"}],"replies":[{"embeddable":true,"href":"https:\/\/candas365.es\/noticias\/wp-json\/wp\/v2\/comments?post=178735"}],"version-history":[{"count":0,"href":"https:\/\/candas365.es\/noticias\/wp-json\/wp\/v2\/posts\/178735\/revisions"}],"wp:featuredmedia":[{"embeddable":true,"href":"https:\/\/candas365.es\/noticias\/wp-json\/wp\/v2\/media\/178736"}],"wp:attachment":[{"href":"https:\/\/candas365.es\/noticias\/wp-json\/wp\/v2\/media?parent=178735"}],"wp:term":[{"taxonomy":"category","embeddable":true,"href":"https:\/\/candas365.es\/noticias\/wp-json\/wp\/v2\/categories?post=178735"},{"taxonomy":"post_tag","embeddable":true,"href":"https:\/\/candas365.es\/noticias\/wp-json\/wp\/v2\/tags?post=178735"}],"curies":[{"name":"wp","href":"https:\/\/api.w.org\/{rel}","templated":true}]}}