{"id":178730,"date":"2024-03-05T23:23:29","date_gmt":"2024-03-05T22:23:29","guid":{"rendered":"https:\/\/candas365.es\/noticias\/?p=178730"},"modified":"2024-03-05T23:23:29","modified_gmt":"2024-03-05T22:23:29","slug":"investigan-el-posible-incendio-que-paralizo-la-planta-alemana-de-tesla","status":"publish","type":"post","link":"https:\/\/candas365.es\/noticias\/investigan-el-posible-incendio-que-paralizo-la-planta-alemana-de-tesla\/","title":{"rendered":"Investigan el \u00abposible incendio\u00bb que paraliz\u00f3 la planta alemana de Tesla"},"content":{"rendered":"<p>Br\u00fcnheide (Alemania), 5 mar (<a title=\"dpa\" href=\"https:\/\/www.dpa-news.de\/\" target=\"_blank\" rel=\"noopener\"><span style=\"color: #ff6600;\"><strong>dpa<\/strong><\/span><\/a>) &#8211; Un <strong>presunto <a href=\"https:\/\/candas365.es\/noticias\/category\/sucesos\/\"><span style=\"color: #ff6600;\">ataque incendiario<\/span><\/a><\/strong> a una torre el\u00e9ctrica paraliz\u00f3 hoy la producci\u00f3n de la planta de la automotriz Tesla al sureste de Berl\u00edn.<\/p>\n<figure id=\"attachment_178731\" aria-describedby=\"caption-attachment-178731\" style=\"width: 650px\" class=\"wp-caption aligncenter\"><img fetchpriority=\"high\" decoding=\"async\" class=\"size-large wp-image-178731\" src=\"https:\/\/candas365.es\/noticias\/wp-content\/uploads\/2024\/03\/Tesla-650x422.jpg\" alt=\"Tesla\" width=\"650\" height=\"422\" srcset=\"https:\/\/candas365.es\/noticias\/wp-content\/uploads\/2024\/03\/Tesla-650x422.jpg 650w, https:\/\/candas365.es\/noticias\/wp-content\/uploads\/2024\/03\/Tesla-360x234.jpg 360w, https:\/\/candas365.es\/noticias\/wp-content\/uploads\/2024\/03\/Tesla-768x499.jpg 768w, https:\/\/candas365.es\/noticias\/wp-content\/uploads\/2024\/03\/Tesla-150x97.jpg 150w, https:\/\/candas365.es\/noticias\/wp-content\/uploads\/2024\/03\/Tesla-450x292.jpg 450w, https:\/\/candas365.es\/noticias\/wp-content\/uploads\/2024\/03\/Tesla.jpg 1010w\" sizes=\"(max-width: 650px) 100vw, 650px\" \/><figcaption id=\"caption-attachment-178731\" class=\"wp-caption-text\">Foto: Patrick Pleul\/dpa<\/figcaption><\/figure>\n<p>\u00abHemos tenido conocimiento de una carta de reivindicaci\u00f3n, que estamos examinando actualmente\u00bb, declar\u00f3 una portavoz de la polic\u00eda del estado federado de Brandeburgo y dijo que se est\u00e1 comprobando su autenticidad.<\/p>\n<p>En un correo electr\u00f3nico, el ultraizquierdista \u00abGrupo Volc\u00e1n\u00bb acus\u00f3 a Tesla de hacer trabajar a sus empleados en \u00abcondiciones extremas de explotaci\u00f3n\u00bb y pidi\u00f3 la \u00abdestrucci\u00f3n completa de la Gigafactor\u00eda\u00bb.<\/p>\n<p>Tras el incendio de un poste el\u00e9ctrico que desencaden\u00f3 el apag\u00f3n, la polic\u00eda de Brandeburgo da por hecho que fue provocado.<\/p>\n<p>La producci\u00f3n en la \u00fanica f\u00e1brica de Tesla en Europa qued\u00f3 paralizada y fue evacuada, comunic\u00f3 el fabricante de coches el\u00e9ctricos. El incendio tambi\u00e9n provoc\u00f3 cortes temporales de electricidad en varias ciudades y municipios de la zona.<\/p>\n<p>El suministro a las poblaciones vecinas se restableci\u00f3 a \u00faltima hora de la ma\u00f1ana de hoy, seg\u00fan la compa\u00f1\u00eda el\u00e9ctrica Edis. La planta de Tesla y un centro log\u00edstico fueron las excepciones.<\/p>\n<p>De acuerdo con datos del Ministerio regional de Interior, unos desconocidos prendieron fuego a una torre de alta tensi\u00f3n ubicada en un campo sin vallado a primera hora de la ma\u00f1ana de hoy. Las llamas fueron extinguidas por los bomberos. La polic\u00eda depleg\u00f3 un amplio operativo que incluy\u00f3 helic\u00f3pteros, drones, agentes y perros.<\/p>\n<p>El primer ministro de Brandeburgo, el socialdem\u00f3crata Dietmar Woidke, conden\u00f3 el hecho. \u00abSe trata obviamente de un grave ataque contra nuestras infraestructuras cr\u00edticas con consecuencias para miles de personas y muchas peque\u00f1as y grandes empresas de nuestro estado\u00bb, dijo. \u00abLos ataques a nuestras infraestructuras cr\u00edticas son una forma de terrorismo\u00bb.<\/p>\n<p>La empresa prev\u00e9 p\u00e9rdidas econ\u00f3micas de \u00abnueve cifras\u00bb debido a la interrupci\u00f3n de la producci\u00f3n, dijo Andr\u00e9 Thierig, representante de Tesla. Precis\u00f3 que se prev\u00e9 que el suministro el\u00e9ctrico quede interrumpido durante varios d\u00edas, por lo que no est\u00e1 claro cu\u00e1ndo se reanudar\u00e1 la producci\u00f3n.<\/p>\n<p>El director general de Tesla, Elon Musk, se indign\u00f3 en las redes. \u00abEstos son los ecoterroristas m\u00e1s tontos del mundo o son marionetas de aquellos que no tienen buenos objetivos medioambientales\u00bb, escribi\u00f3 Musk en ingl\u00e9s en la plataforma X (antes Twitter).<\/p>\n<p>\u00abDetener la producci\u00f3n de veh\u00edculos el\u00e9ctricos en lugar de veh\u00edculos de combustibles f\u00f3siles es extremadamente est\u00fapido\u00bb. El jefe de Tesla escribi\u00f3 las palabras \u00abextremadamente est\u00fapido\u00bb en alem\u00e1n.<\/p>\n<p>Por su parte, los activistas medioambientales que protestan en un bosque cercano a la f\u00e1brica contra la ampliaci\u00f3n prevista de las instalaciones de Tesla rechazaron cualquier relaci\u00f3n con el presunto atentado.<\/p>\n<p>\u00abNos oponemos a la ampliaci\u00f3n de la f\u00e1brica con nuestros cuerpos y casas en los \u00e1rboles. No estamos poniendo en peligro ninguna vida en el proceso\u00bb, dijo la Iniciativa Tesla Stop. Desde el jueves, entre 80 y 100 activistas ecologistas ocupan parte del bosque cercano a la f\u00e1brica, que Tesla planea desbrozar si ampl\u00eda sus instalaciones.<\/p>\n<p>Tesla lleva casi dos a\u00f1os fabricando coches el\u00e9ctricos en Gr\u00fcnheide. Seg\u00fan las \u00faltimas cifras de la empresa, en la planta trabajan unos 12.500 empleados.<\/p>\n<p>Los ecologistas critican, entre otras cosas, que el emplazamiento est\u00e9 situado en una zona de protecci\u00f3n hidrol\u00f3gica. En una consulta p\u00fablica celebrada en Gr\u00fcnheide, la mayor\u00eda de los residentes se mostraron contrarios a los planes de ampliaci\u00f3n. Tesla tambi\u00e9n quiere ampliar la producci\u00f3n de los 500.000 coches anuales previstos a un mill\u00f3n.<\/p>\n","protected":false},"excerpt":{"rendered":"<p>Br\u00fcnheide (Alemania), 5 mar (dpa) &#8211; Un presunto ataque incendiario a una torre el\u00e9ctrica paraliz\u00f3 hoy la producci\u00f3n de la planta de la automotriz Tesla al sureste de Berl\u00edn. \u00abHemos tenido conocimiento de una carta de reivindicaci\u00f3n, que estamos examinando actualmente\u00bb, declar\u00f3 una portavoz de la polic\u00eda del estado federado de Brandeburgo y dijo que<\/p>\n","protected":false},"author":1,"featured_media":178731,"comment_status":"closed","ping_status":"closed","sticky":false,"template":"","format":"standard","meta":{"footnotes":""},"categories":[487],"tags":[391],"class_list":{"0":"post-178730","1":"post","2":"type-post","3":"status-publish","4":"format-standard","5":"has-post-thumbnail","7":"category-sucesos","8":"tag-sucesos"},"aioseo_notices":[],"aioseo_head":"\n\t\t<!-- All in One SEO Pro 4.9.6.2 - aioseo.com -->\n\t<meta name=\"description\" content=\"Br\u00fcnheide (Alemania), 5 mar (dpa) - Un presunto ataque incendiario a una torre el\u00e9ctrica paraliz\u00f3 hoy la producci\u00f3n de la planta de la automotriz Tesla\" \/>\n\t<meta name=\"robots\" content=\"max-image-preview:large\" \/>\n\t<meta name=\"author\" content=\"Cand\u00e1s 365\"\/>\n\t<meta name=\"google-site-verification\" content=\"UA-32230408-1\" \/>\n\t<meta name=\"msvalidate.01\" content=\"354F3CDFB2DA171B47FBE9ABF1F88D5\" \/>\n\t<meta name=\"keywords\" content=\"sucesos\" \/>\n\t<link rel=\"canonical\" href=\"https:\/\/candas365.es\/noticias\/investigan-el-posible-incendio-que-paralizo-la-planta-alemana-de-tesla\/\" \/>\n\t<meta name=\"generator\" content=\"All in One SEO Pro (AIOSEO) 4.9.6.2\" \/>\n\t\t<meta property=\"og:locale\" content=\"es_ES\" \/>\n\t\t<meta property=\"og:site_name\" content=\"Cand\u00e1s 365\" \/>\n\t\t<meta property=\"og:type\" content=\"article\" \/>\n\t\t<meta property=\"og:title\" content=\"Investigan el \u00abposible incendio\u00bb que paraliz\u00f3 la planta alemana de Tesla | Cand\u00e1s 365\" \/>\n\t\t<meta property=\"og:description\" content=\"Br\u00fcnheide (Alemania), 5 mar (dpa) - Un presunto ataque incendiario a una torre el\u00e9ctrica paraliz\u00f3 hoy la producci\u00f3n de la planta de la automotriz Tesla\" \/>\n\t\t<meta property=\"og:url\" content=\"https:\/\/candas365.es\/noticias\/investigan-el-posible-incendio-que-paralizo-la-planta-alemana-de-tesla\/\" \/>\n\t\t<meta property=\"og:image\" content=\"https:\/\/candas365.es\/noticias\/wp-content\/uploads\/2024\/03\/Tesla.jpg\" \/>\n\t\t<meta property=\"og:image:secure_url\" content=\"https:\/\/candas365.es\/noticias\/wp-content\/uploads\/2024\/03\/Tesla.jpg\" \/>\n\t\t<meta property=\"og:image:width\" content=\"1010\" \/>\n\t\t<meta property=\"og:image:height\" content=\"656\" \/>\n\t\t<meta property=\"article:published_time\" content=\"2024-03-05T22:23:29+00:00\" \/>\n\t\t<meta property=\"article:modified_time\" content=\"2024-03-05T22:23:29+00:00\" \/>\n\t\t<meta property=\"article:publisher\" content=\"https:\/\/www.facebook.com\/Nachofdezber\" \/>\n\t\t<meta property=\"article:author\" content=\"https:\/\/www.facebook.com\/carrenoactualidad\" \/>\n\t\t<meta name=\"twitter:card\" content=\"summary_large_image\" \/>\n\t\t<meta name=\"twitter:site\" content=\"@NabercoDigital\" \/>\n\t\t<meta name=\"twitter:title\" content=\"Investigan el \u00abposible incendio\u00bb que paraliz\u00f3 la planta alemana de Tesla | Cand\u00e1s 365\" \/>\n\t\t<meta name=\"twitter:description\" content=\"Br\u00fcnheide (Alemania), 5 mar (dpa) - Un presunto ataque incendiario a una torre el\u00e9ctrica paraliz\u00f3 hoy la producci\u00f3n de la planta de la automotriz Tesla\" \/>\n\t\t<meta name=\"twitter:creator\" content=\"@nbasturias\" \/>\n\t\t<meta name=\"twitter:image\" content=\"https:\/\/candas365.es\/noticias\/wp-content\/uploads\/2024\/03\/Tesla.jpg\" \/>\n\t\t<meta name=\"twitter:label1\" content=\"Escrito por\" \/>\n\t\t<meta name=\"twitter:data1\" content=\"Cand\u00e1s 365\" \/>\n\t\t<meta name=\"twitter:label2\" content=\"Tiempo de lectura estimado\" \/>\n\t\t<meta name=\"twitter:data2\" content=\"3 minutos\" \/>\n\t\t<script type=\"application\/ld+json\" class=\"aioseo-schema\">\n\t\t\t{\"@context\":\"https:\\\/\\\/schema.org\",\"@graph\":[{\"@type\":\"BreadcrumbList\",\"@id\":\"https:\\\/\\\/candas365.es\\\/noticias\\\/investigan-el-posible-incendio-que-paralizo-la-planta-alemana-de-tesla\\\/#breadcrumblist\",\"itemListElement\":[{\"@type\":\"ListItem\",\"@id\":\"https:\\\/\\\/candas365.es\\\/noticias#listItem\",\"position\":1,\"name\":\"Home\",\"item\":\"https:\\\/\\\/candas365.es\\\/noticias\",\"nextItem\":{\"@type\":\"ListItem\",\"@id\":\"https:\\\/\\\/candas365.es\\\/noticias\\\/category\\\/sucesos\\\/#listItem\",\"name\":\"Sucesos\"}},{\"@type\":\"ListItem\",\"@id\":\"https:\\\/\\\/candas365.es\\\/noticias\\\/category\\\/sucesos\\\/#listItem\",\"position\":2,\"name\":\"Sucesos\",\"item\":\"https:\\\/\\\/candas365.es\\\/noticias\\\/category\\\/sucesos\\\/\",\"nextItem\":{\"@type\":\"ListItem\",\"@id\":\"https:\\\/\\\/candas365.es\\\/noticias\\\/investigan-el-posible-incendio-que-paralizo-la-planta-alemana-de-tesla\\\/#listItem\",\"name\":\"Investigan el \\u00abposible incendio\\u00bb que paraliz\\u00f3 la planta alemana de Tesla\"},\"previousItem\":{\"@type\":\"ListItem\",\"@id\":\"https:\\\/\\\/candas365.es\\\/noticias#listItem\",\"name\":\"Home\"}},{\"@type\":\"ListItem\",\"@id\":\"https:\\\/\\\/candas365.es\\\/noticias\\\/investigan-el-posible-incendio-que-paralizo-la-planta-alemana-de-tesla\\\/#listItem\",\"position\":3,\"name\":\"Investigan el \\u00abposible incendio\\u00bb que paraliz\\u00f3 la planta alemana de Tesla\",\"previousItem\":{\"@type\":\"ListItem\",\"@id\":\"https:\\\/\\\/candas365.es\\\/noticias\\\/category\\\/sucesos\\\/#listItem\",\"name\":\"Sucesos\"}}]},{\"@type\":\"NewsArticle\",\"@id\":\"https:\\\/\\\/candas365.es\\\/noticias\\\/investigan-el-posible-incendio-que-paralizo-la-planta-alemana-de-tesla\\\/#newsarticle\",\"name\":\"Investigan el \\u00abposible incendio\\u00bb que paraliz\\u00f3 la planta alemana de Tesla | Cand\\u00e1s 365\",\"headline\":\"Investigan el \\u00abposible incendio\\u00bb que paraliz\\u00f3 la planta alemana de Tesla\",\"author\":{\"@id\":\"https:\\\/\\\/candas365.es\\\/noticias\\\/author\\\/admin\\\/#author\"},\"publisher\":{\"@id\":\"https:\\\/\\\/candas365.es\\\/noticias\\\/#organization\"},\"image\":{\"@type\":\"ImageObject\",\"url\":\"https:\\\/\\\/candas365.es\\\/noticias\\\/wp-content\\\/uploads\\\/2024\\\/03\\\/Tesla.jpg\",\"width\":1010,\"height\":656,\"caption\":\"Foto: Patrick Pleul\\\/dpa\"},\"datePublished\":\"2024-03-05T23:23:29+01:00\",\"dateModified\":\"2024-03-05T23:23:29+01:00\",\"inLanguage\":\"es-ES\",\"mainEntityOfPage\":{\"@id\":\"https:\\\/\\\/candas365.es\\\/noticias\\\/investigan-el-posible-incendio-que-paralizo-la-planta-alemana-de-tesla\\\/#webpage\"},\"isPartOf\":{\"@id\":\"https:\\\/\\\/candas365.es\\\/noticias\\\/investigan-el-posible-incendio-que-paralizo-la-planta-alemana-de-tesla\\\/#webpage\"},\"articleSection\":\"Sucesos, sucesos\",\"dateline\":\"Publicado el marzo 5, 2024.\"},{\"@type\":\"Organization\",\"@id\":\"https:\\\/\\\/candas365.es\\\/noticias\\\/#organization\",\"name\":\"Cand\\u00e1s 365\",\"description\":\"Cand\\u00e1s 365 es un diario digital independiente, fundado en 2012, con base en Asturias. Informamos con rigor sobre actualidad, sociedad, cultura y ocio, con una mirada local y global.\",\"url\":\"https:\\\/\\\/candas365.es\\\/noticias\\\/\",\"email\":\"info@candas365.es\",\"telephone\":\"+34652131393\",\"foundingDate\":\"2012-06-10\",\"logo\":{\"@type\":\"ImageObject\",\"url\":\"https:\\\/\\\/candas365.es\\\/noticias\\\/wp-content\\\/uploads\\\/2024\\\/09\\\/Candas-365-Redes.jpg\",\"@id\":\"https:\\\/\\\/candas365.es\\\/noticias\\\/investigan-el-posible-incendio-que-paralizo-la-planta-alemana-de-tesla\\\/#organizationLogo\",\"width\":1152,\"height\":864,\"caption\":\"Cand\\u00e1s 365 Redes\"},\"image\":{\"@id\":\"https:\\\/\\\/candas365.es\\\/noticias\\\/investigan-el-posible-incendio-que-paralizo-la-planta-alemana-de-tesla\\\/#organizationLogo\"},\"sameAs\":[\"https:\\\/\\\/www.facebook.com\\\/Nachofdezber\",\"https:\\\/\\\/x.com\\\/NabercoDigital\",\"https:\\\/\\\/www.instagram.com\\\/nachofdezber\\\/\",\"https:\\\/\\\/www.youtube.com\\\/channel\\\/UCZP-2wLEB9Rv6erhFmqVnvg\"],\"address\":{\"@id\":\"https:\\\/\\\/candas365.es\\\/noticias\\\/#postaladdress\",\"@type\":\"PostalAddress\",\"streetAddress\":\"san antonio 4, san antonio 4\",\"postalCode\":\"33430\",\"addressLocality\":\"Cand\\u00e1s\",\"addressRegion\":\"Asturias\",\"addressCountry\":\"ES\"}},{\"@type\":\"Person\",\"@id\":\"https:\\\/\\\/candas365.es\\\/noticias\\\/author\\\/admin\\\/#author\",\"url\":\"https:\\\/\\\/candas365.es\\\/noticias\\\/author\\\/admin\\\/\",\"name\":\"Cand\\u00e1s 365\",\"image\":{\"@type\":\"ImageObject\",\"@id\":\"https:\\\/\\\/candas365.es\\\/noticias\\\/investigan-el-posible-incendio-que-paralizo-la-planta-alemana-de-tesla\\\/#authorImage\",\"url\":\"https:\\\/\\\/secure.gravatar.com\\\/avatar\\\/496a8e03d0c493ede1718b7934145dbdf8d89be1036b0eec9544e1094c9de390?s=96&d=mm&r=g\",\"width\":96,\"height\":96,\"caption\":\"Cand\\u00e1s 365\"},\"sameAs\":[\"https:\\\/\\\/www.facebook.com\\\/carrenoactualidad\",\"https:\\\/\\\/twitter.com\\\/nbasturias\",\"https:\\\/\\\/www.instagram.com\\\/nachofdezber\\\/\",\"https:\\\/\\\/www.youtube.com\\\/channel\\\/UCZP-2wLEB9Rv6erhFmqVnvg\"]},{\"@type\":\"WebPage\",\"@id\":\"https:\\\/\\\/candas365.es\\\/noticias\\\/investigan-el-posible-incendio-que-paralizo-la-planta-alemana-de-tesla\\\/#webpage\",\"url\":\"https:\\\/\\\/candas365.es\\\/noticias\\\/investigan-el-posible-incendio-que-paralizo-la-planta-alemana-de-tesla\\\/\",\"name\":\"Investigan el \\u00abposible incendio\\u00bb que paraliz\\u00f3 la planta alemana de Tesla | Cand\\u00e1s 365\",\"description\":\"Br\\u00fcnheide (Alemania), 5 mar (dpa) - Un presunto ataque incendiario a una torre el\\u00e9ctrica paraliz\\u00f3 hoy la producci\\u00f3n de la planta de la automotriz Tesla\",\"inLanguage\":\"es-ES\",\"isPartOf\":{\"@id\":\"https:\\\/\\\/candas365.es\\\/noticias\\\/#website\"},\"breadcrumb\":{\"@id\":\"https:\\\/\\\/candas365.es\\\/noticias\\\/investigan-el-posible-incendio-que-paralizo-la-planta-alemana-de-tesla\\\/#breadcrumblist\"},\"author\":{\"@id\":\"https:\\\/\\\/candas365.es\\\/noticias\\\/author\\\/admin\\\/#author\"},\"creator\":{\"@id\":\"https:\\\/\\\/candas365.es\\\/noticias\\\/author\\\/admin\\\/#author\"},\"image\":{\"@type\":\"ImageObject\",\"url\":\"https:\\\/\\\/candas365.es\\\/noticias\\\/wp-content\\\/uploads\\\/2024\\\/03\\\/Tesla.jpg\",\"@id\":\"https:\\\/\\\/candas365.es\\\/noticias\\\/investigan-el-posible-incendio-que-paralizo-la-planta-alemana-de-tesla\\\/#mainImage\",\"width\":1010,\"height\":656,\"caption\":\"Foto: Patrick Pleul\\\/dpa\"},\"primaryImageOfPage\":{\"@id\":\"https:\\\/\\\/candas365.es\\\/noticias\\\/investigan-el-posible-incendio-que-paralizo-la-planta-alemana-de-tesla\\\/#mainImage\"},\"datePublished\":\"2024-03-05T23:23:29+01:00\",\"dateModified\":\"2024-03-05T23:23:29+01:00\"},{\"@type\":\"WebSite\",\"@id\":\"https:\\\/\\\/candas365.es\\\/noticias\\\/#website\",\"url\":\"https:\\\/\\\/candas365.es\\\/noticias\\\/\",\"name\":\"Cand\\u00e1s 365\",\"alternateName\":\"Cand\\u00e1s 365 Noticias\",\"description\":\"Actualidad desde Carre\\u00f1o para el mundo\",\"inLanguage\":\"es-ES\",\"publisher\":{\"@id\":\"https:\\\/\\\/candas365.es\\\/noticias\\\/#organization\"}}]}\n\t\t<\/script>\n\t\t<!-- All in One SEO Pro -->\r\n\t\t<title>Investigan el \u00abposible incendio\u00bb que paraliz\u00f3 la planta alemana de Tesla | Cand\u00e1s 365<\/title>\n\n","aioseo_head_json":{"title":"Investigan el \u00abposible incendio\u00bb que paraliz\u00f3 la planta alemana de Tesla | Cand\u00e1s 365","description":"Br\u00fcnheide (Alemania), 5 mar (dpa) - Un presunto ataque incendiario a una torre el\u00e9ctrica paraliz\u00f3 hoy la producci\u00f3n de la planta de la automotriz Tesla","canonical_url":"https:\/\/candas365.es\/noticias\/investigan-el-posible-incendio-que-paralizo-la-planta-alemana-de-tesla\/","robots":"max-image-preview:large","keywords":"sucesos","webmasterTools":{"google-site-verification":"UA-32230408-1","msvalidate.01":"354F3CDFB2DA171B47FBE9ABF1F88D5","miscellaneous":""},"schema":{"@context":"https:\/\/schema.org","@graph":[{"@type":"BreadcrumbList","@id":"https:\/\/candas365.es\/noticias\/investigan-el-posible-incendio-que-paralizo-la-planta-alemana-de-tesla\/#breadcrumblist","itemListElement":[{"@type":"ListItem","@id":"https:\/\/candas365.es\/noticias#listItem","position":1,"name":"Home","item":"https:\/\/candas365.es\/noticias","nextItem":{"@type":"ListItem","@id":"https:\/\/candas365.es\/noticias\/category\/sucesos\/#listItem","name":"Sucesos"}},{"@type":"ListItem","@id":"https:\/\/candas365.es\/noticias\/category\/sucesos\/#listItem","position":2,"name":"Sucesos","item":"https:\/\/candas365.es\/noticias\/category\/sucesos\/","nextItem":{"@type":"ListItem","@id":"https:\/\/candas365.es\/noticias\/investigan-el-posible-incendio-que-paralizo-la-planta-alemana-de-tesla\/#listItem","name":"Investigan el \u00abposible incendio\u00bb que paraliz\u00f3 la planta alemana de Tesla"},"previousItem":{"@type":"ListItem","@id":"https:\/\/candas365.es\/noticias#listItem","name":"Home"}},{"@type":"ListItem","@id":"https:\/\/candas365.es\/noticias\/investigan-el-posible-incendio-que-paralizo-la-planta-alemana-de-tesla\/#listItem","position":3,"name":"Investigan el \u00abposible incendio\u00bb que paraliz\u00f3 la planta alemana de Tesla","previousItem":{"@type":"ListItem","@id":"https:\/\/candas365.es\/noticias\/category\/sucesos\/#listItem","name":"Sucesos"}}]},{"@type":"NewsArticle","@id":"https:\/\/candas365.es\/noticias\/investigan-el-posible-incendio-que-paralizo-la-planta-alemana-de-tesla\/#newsarticle","name":"Investigan el \u00abposible incendio\u00bb que paraliz\u00f3 la planta alemana de Tesla | Cand\u00e1s 365","headline":"Investigan el \u00abposible incendio\u00bb que paraliz\u00f3 la planta alemana de Tesla","author":{"@id":"https:\/\/candas365.es\/noticias\/author\/admin\/#author"},"publisher":{"@id":"https:\/\/candas365.es\/noticias\/#organization"},"image":{"@type":"ImageObject","url":"https:\/\/candas365.es\/noticias\/wp-content\/uploads\/2024\/03\/Tesla.jpg","width":1010,"height":656,"caption":"Foto: Patrick Pleul\/dpa"},"datePublished":"2024-03-05T23:23:29+01:00","dateModified":"2024-03-05T23:23:29+01:00","inLanguage":"es-ES","mainEntityOfPage":{"@id":"https:\/\/candas365.es\/noticias\/investigan-el-posible-incendio-que-paralizo-la-planta-alemana-de-tesla\/#webpage"},"isPartOf":{"@id":"https:\/\/candas365.es\/noticias\/investigan-el-posible-incendio-que-paralizo-la-planta-alemana-de-tesla\/#webpage"},"articleSection":"Sucesos, sucesos","dateline":"Publicado el marzo 5, 2024."},{"@type":"Organization","@id":"https:\/\/candas365.es\/noticias\/#organization","name":"Cand\u00e1s 365","description":"Cand\u00e1s 365 es un diario digital independiente, fundado en 2012, con base en Asturias. Informamos con rigor sobre actualidad, sociedad, cultura y ocio, con una mirada local y global.","url":"https:\/\/candas365.es\/noticias\/","email":"info@candas365.es","telephone":"+34652131393","foundingDate":"2012-06-10","logo":{"@type":"ImageObject","url":"https:\/\/candas365.es\/noticias\/wp-content\/uploads\/2024\/09\/Candas-365-Redes.jpg","@id":"https:\/\/candas365.es\/noticias\/investigan-el-posible-incendio-que-paralizo-la-planta-alemana-de-tesla\/#organizationLogo","width":1152,"height":864,"caption":"Cand\u00e1s 365 Redes"},"image":{"@id":"https:\/\/candas365.es\/noticias\/investigan-el-posible-incendio-que-paralizo-la-planta-alemana-de-tesla\/#organizationLogo"},"sameAs":["https:\/\/www.facebook.com\/Nachofdezber","https:\/\/x.com\/NabercoDigital","https:\/\/www.instagram.com\/nachofdezber\/","https:\/\/www.youtube.com\/channel\/UCZP-2wLEB9Rv6erhFmqVnvg"],"address":{"@id":"https:\/\/candas365.es\/noticias\/#postaladdress","@type":"PostalAddress","streetAddress":"san antonio 4, san antonio 4","postalCode":"33430","addressLocality":"Cand\u00e1s","addressRegion":"Asturias","addressCountry":"ES"}},{"@type":"Person","@id":"https:\/\/candas365.es\/noticias\/author\/admin\/#author","url":"https:\/\/candas365.es\/noticias\/author\/admin\/","name":"Cand\u00e1s 365","image":{"@type":"ImageObject","@id":"https:\/\/candas365.es\/noticias\/investigan-el-posible-incendio-que-paralizo-la-planta-alemana-de-tesla\/#authorImage","url":"https:\/\/secure.gravatar.com\/avatar\/496a8e03d0c493ede1718b7934145dbdf8d89be1036b0eec9544e1094c9de390?s=96&d=mm&r=g","width":96,"height":96,"caption":"Cand\u00e1s 365"},"sameAs":["https:\/\/www.facebook.com\/carrenoactualidad","https:\/\/twitter.com\/nbasturias","https:\/\/www.instagram.com\/nachofdezber\/","https:\/\/www.youtube.com\/channel\/UCZP-2wLEB9Rv6erhFmqVnvg"]},{"@type":"WebPage","@id":"https:\/\/candas365.es\/noticias\/investigan-el-posible-incendio-que-paralizo-la-planta-alemana-de-tesla\/#webpage","url":"https:\/\/candas365.es\/noticias\/investigan-el-posible-incendio-que-paralizo-la-planta-alemana-de-tesla\/","name":"Investigan el \u00abposible incendio\u00bb que paraliz\u00f3 la planta alemana de Tesla | Cand\u00e1s 365","description":"Br\u00fcnheide (Alemania), 5 mar (dpa) - Un presunto ataque incendiario a una torre el\u00e9ctrica paraliz\u00f3 hoy la producci\u00f3n de la planta de la automotriz Tesla","inLanguage":"es-ES","isPartOf":{"@id":"https:\/\/candas365.es\/noticias\/#website"},"breadcrumb":{"@id":"https:\/\/candas365.es\/noticias\/investigan-el-posible-incendio-que-paralizo-la-planta-alemana-de-tesla\/#breadcrumblist"},"author":{"@id":"https:\/\/candas365.es\/noticias\/author\/admin\/#author"},"creator":{"@id":"https:\/\/candas365.es\/noticias\/author\/admin\/#author"},"image":{"@type":"ImageObject","url":"https:\/\/candas365.es\/noticias\/wp-content\/uploads\/2024\/03\/Tesla.jpg","@id":"https:\/\/candas365.es\/noticias\/investigan-el-posible-incendio-que-paralizo-la-planta-alemana-de-tesla\/#mainImage","width":1010,"height":656,"caption":"Foto: Patrick Pleul\/dpa"},"primaryImageOfPage":{"@id":"https:\/\/candas365.es\/noticias\/investigan-el-posible-incendio-que-paralizo-la-planta-alemana-de-tesla\/#mainImage"},"datePublished":"2024-03-05T23:23:29+01:00","dateModified":"2024-03-05T23:23:29+01:00"},{"@type":"WebSite","@id":"https:\/\/candas365.es\/noticias\/#website","url":"https:\/\/candas365.es\/noticias\/","name":"Cand\u00e1s 365","alternateName":"Cand\u00e1s 365 Noticias","description":"Actualidad desde Carre\u00f1o para el mundo","inLanguage":"es-ES","publisher":{"@id":"https:\/\/candas365.es\/noticias\/#organization"}}]},"og:locale":"es_ES","og:site_name":"Cand\u00e1s 365","og:type":"article","og:title":"Investigan el \u00abposible incendio\u00bb que paraliz\u00f3 la planta alemana de Tesla | Cand\u00e1s 365","og:description":"Br\u00fcnheide (Alemania), 5 mar (dpa) - Un presunto ataque incendiario a una torre el\u00e9ctrica paraliz\u00f3 hoy la producci\u00f3n de la planta de la automotriz Tesla","og:url":"https:\/\/candas365.es\/noticias\/investigan-el-posible-incendio-que-paralizo-la-planta-alemana-de-tesla\/","og:image":"https:\/\/candas365.es\/noticias\/wp-content\/uploads\/2024\/03\/Tesla.jpg","og:image:secure_url":"https:\/\/candas365.es\/noticias\/wp-content\/uploads\/2024\/03\/Tesla.jpg","og:image:width":1010,"og:image:height":656,"article:published_time":"2024-03-05T22:23:29+00:00","article:modified_time":"2024-03-05T22:23:29+00:00","article:publisher":"https:\/\/www.facebook.com\/Nachofdezber","article:author":"https:\/\/www.facebook.com\/carrenoactualidad","twitter:card":"summary_large_image","twitter:site":"@NabercoDigital","twitter:title":"Investigan el \u00abposible incendio\u00bb que paraliz\u00f3 la planta alemana de Tesla | Cand\u00e1s 365","twitter:description":"Br\u00fcnheide (Alemania), 5 mar (dpa) - Un presunto ataque incendiario a una torre el\u00e9ctrica paraliz\u00f3 hoy la producci\u00f3n de la planta de la automotriz Tesla","twitter:creator":"@nbasturias","twitter:image":"https:\/\/candas365.es\/noticias\/wp-content\/uploads\/2024\/03\/Tesla.jpg","twitter:label1":"Escrito por","twitter:data1":"Cand\u00e1s 365","twitter:label2":"Tiempo de lectura estimado","twitter:data2":"3 minutos"},"aioseo_meta_data":{"post_id":"178730","title":null,"description":"Br\u00fcnheide (Alemania), 5 mar (dpa) - Un presunto ataque incendiario a una torre el\u00e9ctrica paraliz\u00f3 hoy la producci\u00f3n de la planta de la automotriz Tesla","keywords":[],"keyphrases":{"focus":{"keyphrase":"Tesla","score":93,"analysis":{"keyphraseInTitle":{"score":9,"maxScore":9,"error":0},"keyphraseInDescription":{"score":9,"maxScore":9,"error":0},"keyphraseLength":{"score":9,"maxScore":9,"error":0,"length":1},"keyphraseInURL":{"score":1,"maxScore":5,"error":1},"keyphraseInIntroduction":{"score":9,"maxScore":9,"error":0},"keyphraseInSubHeadings":[],"keyphraseInImageAlt":{"score":9,"maxScore":9,"error":0},"keywordDensity":{"type":"best","score":9,"maxScore":9,"error":0}}},"additional":[{"keyphrase":"Tesla","score":100,"analysis":{"keyphraseInDescription":{"score":9,"maxScore":9,"error":0},"keyphraseLength":{"score":9,"maxScore":9,"error":0,"length":1},"keyphraseInIntroduction":{"score":9,"maxScore":9,"error":0},"keyphraseInImageAlt":{"score":9,"maxScore":9,"error":0},"keywordDensity":{"type":"best","score":9,"maxScore":9,"error":0}}}]},"primary_term":null,"canonical_url":null,"og_title":null,"og_description":null,"og_object_type":"default","og_image_type":"default","og_image_url":null,"og_image_width":null,"og_image_height":null,"og_image_custom_url":null,"og_image_custom_fields":null,"og_video":"","og_custom_url":null,"og_article_section":null,"og_article_tags":[],"twitter_use_og":false,"twitter_card":"default","twitter_image_type":"default","twitter_image_url":null,"twitter_image_custom_url":null,"twitter_image_custom_fields":null,"twitter_title":null,"twitter_description":null,"schema":{"blockGraphs":[],"customGraphs":[],"default":{"data":{"Article":[],"Course":[],"Dataset":[],"FAQPage":[],"Movie":[],"Person":[],"Product":[],"ProductReview":[],"Car":[],"Recipe":[],"Service":[],"SoftwareApplication":[],"WebPage":[]},"graphName":"Article","isEnabled":true},"graphs":[]},"schema_type":"default","schema_type_options":null,"pillar_content":false,"robots_default":true,"robots_noindex":false,"robots_noarchive":false,"robots_nosnippet":false,"robots_nofollow":false,"robots_noimageindex":false,"robots_noodp":false,"robots_notranslate":false,"robots_max_snippet":"-1","robots_max_videopreview":"-1","robots_max_imagepreview":"large","priority":null,"frequency":"default","location":null,"local_seo":null,"seo_analyzer_scan_date":"2025-09-02 05:03:13","breadcrumb_settings":null,"limit_modified_date":false,"reviewed_by":null,"open_ai":"{\"title\":{\"suggestions\":[],\"usage\":0},\"description\":{\"suggestions\":[],\"usage\":0}}","ai":null,"created":"2024-03-05 22:17:28","updated":"2025-09-02 05:03:13"},"aioseo_breadcrumb":"<div class=\"aioseo-breadcrumbs\"><span class=\"aioseo-breadcrumb\">\n\t<a href=\"https:\/\/candas365.es\/noticias\" title=\"Home\">Home<\/a>\n<\/span><span class=\"aioseo-breadcrumb-separator\">&ndash;<\/span><span class=\"aioseo-breadcrumb\">\n\t<a href=\"https:\/\/candas365.es\/noticias\/category\/sucesos\/\" title=\"Sucesos\">Sucesos<\/a>\n<\/span><span class=\"aioseo-breadcrumb-separator\">&ndash;<\/span><span class=\"aioseo-breadcrumb\">\n\tInvestigan el \u00abposible incendio\u00bb que paraliz\u00f3 la planta alemana de Tesla\n<\/span><\/div>","aioseo_breadcrumb_json":[{"label":"Home","link":"https:\/\/candas365.es\/noticias"},{"label":"Sucesos","link":"https:\/\/candas365.es\/noticias\/category\/sucesos\/"},{"label":"Investigan el \u00abposible incendio\u00bb que paraliz\u00f3 la planta alemana de Tesla","link":"https:\/\/candas365.es\/noticias\/investigan-el-posible-incendio-que-paralizo-la-planta-alemana-de-tesla\/"}],"_links":{"self":[{"href":"https:\/\/candas365.es\/noticias\/wp-json\/wp\/v2\/posts\/178730","targetHints":{"allow":["GET"]}}],"collection":[{"href":"https:\/\/candas365.es\/noticias\/wp-json\/wp\/v2\/posts"}],"about":[{"href":"https:\/\/candas365.es\/noticias\/wp-json\/wp\/v2\/types\/post"}],"author":[{"embeddable":true,"href":"https:\/\/candas365.es\/noticias\/wp-json\/wp\/v2\/users\/1"}],"replies":[{"embeddable":true,"href":"https:\/\/candas365.es\/noticias\/wp-json\/wp\/v2\/comments?post=178730"}],"version-history":[{"count":0,"href":"https:\/\/candas365.es\/noticias\/wp-json\/wp\/v2\/posts\/178730\/revisions"}],"wp:featuredmedia":[{"embeddable":true,"href":"https:\/\/candas365.es\/noticias\/wp-json\/wp\/v2\/media\/178731"}],"wp:attachment":[{"href":"https:\/\/candas365.es\/noticias\/wp-json\/wp\/v2\/media?parent=178730"}],"wp:term":[{"taxonomy":"category","embeddable":true,"href":"https:\/\/candas365.es\/noticias\/wp-json\/wp\/v2\/categories?post=178730"},{"taxonomy":"post_tag","embeddable":true,"href":"https:\/\/candas365.es\/noticias\/wp-json\/wp\/v2\/tags?post=178730"}],"curies":[{"name":"wp","href":"https:\/\/api.w.org\/{rel}","templated":true}]}}