{"id":178728,"date":"2024-03-05T23:15:26","date_gmt":"2024-03-05T22:15:26","guid":{"rendered":"https:\/\/candas365.es\/noticias\/?p=178728"},"modified":"2024-03-05T23:15:26","modified_gmt":"2024-03-05T22:15:26","slug":"registran-una-residencia-estudiantil-de-berlin-en-busca-de-exterroristas","status":"publish","type":"post","link":"https:\/\/candas365.es\/noticias\/registran-una-residencia-estudiantil-de-berlin-en-busca-de-exterroristas\/","title":{"rendered":"Registran una residencia estudiantil de Berl\u00edn en busca de exterroristas"},"content":{"rendered":"<p>Berl\u00edn\/Hannover, 5 mar (<a title=\"dpa\" href=\"https:\/\/www.dpa-news.de\/\" target=\"_blank\" rel=\"noopener\"><span style=\"color: #ff6600;\"><strong>dpa<\/strong><\/span><\/a>) &#8211; La Polic\u00eda alemana despleg\u00f3 hoy una gran operaci\u00f3n en una residencia de estudiantes de Berl\u00edn en el marco de la b\u00fasqueda de los dos \u00faltimos antiguos <a href=\"https:\/\/candas365.es\/noticias\/category\/sucesos\/\"><span style=\"color: #ff6600;\"><strong>terroristas<\/strong><\/span><\/a> de la ultraizquierdista Fracci\u00f3n del Ej\u00e9rcito Rojo (RAF, por sus siglas en alem\u00e1n), Burkhard Garweg y Ernst-Volker Staub.<\/p>\n<p><img fetchpriority=\"high\" decoding=\"async\" class=\"aligncenter size-full wp-image-176718\" src=\"https:\/\/candas365.es\/noticias\/wp-content\/uploads\/2023\/12\/noticias.jpg\" alt=\"noticias\" width=\"640\" height=\"480\" srcset=\"https:\/\/candas365.es\/noticias\/wp-content\/uploads\/2023\/12\/noticias.jpg 640w, https:\/\/candas365.es\/noticias\/wp-content\/uploads\/2023\/12\/noticias-360x270.jpg 360w, https:\/\/candas365.es\/noticias\/wp-content\/uploads\/2023\/12\/noticias-150x113.jpg 150w, https:\/\/candas365.es\/noticias\/wp-content\/uploads\/2023\/12\/noticias-450x338.jpg 450w\" sizes=\"(max-width: 640px) 100vw, 640px\" \/><\/p>\n<p>Una portavoz de la Polic\u00eda de Baja Sajonia, encargada de la operaci\u00f3n, dijo que hab\u00eda indicios de la existencia de un objeto y que los agentes hab\u00edan registrado un piso en una residencia de estudiantes.<\/p>\n<p>No se practic\u00f3 ninguna detenci\u00f3n. Unas fotos muestran c\u00f3mo polic\u00edas fuertemente armados y con cascos entraron en la residencia en el distrito de Friedrichshain en la noche del lunes.<\/p>\n<p>La b\u00fasqueda se centra actualmente en Garweg, quien se cree que vivi\u00f3 temporalmente en un remolque de construcci\u00f3n en un solar de Friedrichshain.<\/p>\n<p>La polic\u00eda registr\u00f3 el solar y dos pisos de Berl\u00edn en los \u00faltimos d\u00edas, y el remolque fue retirado para seguir siendo investigado. Daniela Klette, antigua terrorista de la RAF, fue detenida en Berl\u00edn el 26 de febrero.<\/p>\n<p>Esta mujer de 65 a\u00f1os, Garweg y Staub pasaron a la clandestinidad hace m\u00e1s de 30 a\u00f1os y son buscados asimismo por una serie de robos.<\/p>\n<p>Los tres pertenec\u00edan a la llamada tercera generaci\u00f3n de la antigua organizaci\u00f3n terrorista de extrema izquierda Fracci\u00f3n del Ej\u00e9rcito Rojo.<\/p>\n<p>La RAF fue fundada en 1968 por los extremistas de izquierda Andreas Baader, Gudrun Ensslin y Ulrike Meinhof, con miembros activos hasta bien entrada la d\u00e9cada de 1990. En sus primeros a\u00f1os era conocida como grupo Baader-Meinhof y a la banda se le atribuyen los asesinatos de m\u00e1s de 30 personas.<\/p>\n<p>Durante la \u00e9poca en que Klette, Staub y Garweg estuvieron activos, fueron asesinados el entonces presidente del Deutsche Bank, Alfred Herrhausen (1989), y el m\u00e1ximo responsable de la Treuhand, Detlev Karsten Rohwedder (1991).<\/p>\n<p>Esta instituci\u00f3n estaba encargada de privatizar las antiguas empresas estatales de la desaparecida Alemania del Este. Tambi\u00e9n result\u00f3 gravemente herido el ch\u00f3fer de Herrhausen.<\/p>\n<p>El grupo justificaba sus atentados con el objetivo de destruir el orden capitalista en Alemania Occidental. Se especula que estaba financiado en parte por el Gobierno de Alemania Oriental y su polic\u00eda secreta, la Stasi.<\/p>\n","protected":false},"excerpt":{"rendered":"<p>Berl\u00edn\/Hannover, 5 mar (dpa) &#8211; La Polic\u00eda alemana despleg\u00f3 hoy una gran operaci\u00f3n en una residencia de estudiantes de Berl\u00edn en el marco de la b\u00fasqueda de los dos \u00faltimos antiguos terroristas de la ultraizquierdista Fracci\u00f3n del Ej\u00e9rcito Rojo (RAF, por sus siglas en alem\u00e1n), Burkhard Garweg y Ernst-Volker Staub. Una portavoz de la Polic\u00eda<\/p>\n","protected":false},"author":1,"featured_media":176718,"comment_status":"closed","ping_status":"closed","sticky":false,"template":"","format":"standard","meta":{"footnotes":""},"categories":[487],"tags":[417,391],"class_list":{"0":"post-178728","1":"post","2":"type-post","3":"status-publish","4":"format-standard","5":"has-post-thumbnail","7":"category-sucesos","8":"tag-alemania","9":"tag-sucesos"},"aioseo_notices":[],"aioseo_head":"\n\t\t<!-- All in One SEO Pro 4.9.6.2 - aioseo.com -->\n\t<meta name=\"description\" content=\"Berl\u00edn\/Hannover, 5 mar (dpa) - La Polic\u00eda alemana despleg\u00f3 hoy una gran operaci\u00f3n en una residencia de estudiantes de Berl\u00edn en el marco de la b\u00fasqueda\" \/>\n\t<meta name=\"robots\" content=\"max-image-preview:large\" \/>\n\t<meta name=\"author\" content=\"Cand\u00e1s 365\"\/>\n\t<meta name=\"google-site-verification\" content=\"UA-32230408-1\" \/>\n\t<meta name=\"msvalidate.01\" content=\"354F3CDFB2DA171B47FBE9ABF1F88D5\" \/>\n\t<meta name=\"keywords\" content=\"sucesos\" \/>\n\t<link rel=\"canonical\" href=\"https:\/\/candas365.es\/noticias\/registran-una-residencia-estudiantil-de-berlin-en-busca-de-exterroristas\/\" \/>\n\t<meta name=\"generator\" content=\"All in One SEO Pro (AIOSEO) 4.9.6.2\" \/>\n\t\t<meta property=\"og:locale\" content=\"es_ES\" \/>\n\t\t<meta property=\"og:site_name\" content=\"Cand\u00e1s 365\" \/>\n\t\t<meta property=\"og:type\" content=\"article\" \/>\n\t\t<meta property=\"og:title\" content=\"Registran una residencia estudiantil de Berl\u00edn en busca de exterroristas | Cand\u00e1s 365\" \/>\n\t\t<meta property=\"og:description\" content=\"Berl\u00edn\/Hannover, 5 mar (dpa) - La Polic\u00eda alemana despleg\u00f3 hoy una gran operaci\u00f3n en una residencia de estudiantes de Berl\u00edn en el marco de la b\u00fasqueda\" \/>\n\t\t<meta property=\"og:url\" content=\"https:\/\/candas365.es\/noticias\/registran-una-residencia-estudiantil-de-berlin-en-busca-de-exterroristas\/\" \/>\n\t\t<meta property=\"og:image\" content=\"https:\/\/candas365.es\/noticias\/wp-content\/uploads\/2023\/12\/noticias.jpg\" \/>\n\t\t<meta property=\"og:image:secure_url\" content=\"https:\/\/candas365.es\/noticias\/wp-content\/uploads\/2023\/12\/noticias.jpg\" \/>\n\t\t<meta property=\"og:image:width\" content=\"640\" \/>\n\t\t<meta property=\"og:image:height\" content=\"480\" \/>\n\t\t<meta property=\"article:published_time\" content=\"2024-03-05T22:15:26+00:00\" \/>\n\t\t<meta property=\"article:modified_time\" content=\"2024-03-05T22:15:26+00:00\" \/>\n\t\t<meta property=\"article:publisher\" content=\"https:\/\/www.facebook.com\/Nachofdezber\" \/>\n\t\t<meta property=\"article:author\" content=\"https:\/\/www.facebook.com\/carrenoactualidad\" \/>\n\t\t<meta name=\"twitter:card\" content=\"summary_large_image\" \/>\n\t\t<meta name=\"twitter:site\" content=\"@NabercoDigital\" \/>\n\t\t<meta name=\"twitter:title\" content=\"Registran una residencia estudiantil de Berl\u00edn en busca de exterroristas | Cand\u00e1s 365\" \/>\n\t\t<meta name=\"twitter:description\" content=\"Berl\u00edn\/Hannover, 5 mar (dpa) - La Polic\u00eda alemana despleg\u00f3 hoy una gran operaci\u00f3n en una residencia de estudiantes de Berl\u00edn en el marco de la b\u00fasqueda\" \/>\n\t\t<meta name=\"twitter:creator\" content=\"@nbasturias\" \/>\n\t\t<meta name=\"twitter:image\" content=\"https:\/\/candas365.es\/noticias\/wp-content\/uploads\/2023\/12\/noticias.jpg\" \/>\n\t\t<meta name=\"twitter:label1\" content=\"Escrito por\" \/>\n\t\t<meta name=\"twitter:data1\" content=\"Cand\u00e1s 365\" \/>\n\t\t<meta name=\"twitter:label2\" content=\"Tiempo de lectura estimado\" \/>\n\t\t<meta name=\"twitter:data2\" content=\"2 minutos\" \/>\n\t\t<script type=\"application\/ld+json\" class=\"aioseo-schema\">\n\t\t\t{\"@context\":\"https:\\\/\\\/schema.org\",\"@graph\":[{\"@type\":\"BreadcrumbList\",\"@id\":\"https:\\\/\\\/candas365.es\\\/noticias\\\/registran-una-residencia-estudiantil-de-berlin-en-busca-de-exterroristas\\\/#breadcrumblist\",\"itemListElement\":[{\"@type\":\"ListItem\",\"@id\":\"https:\\\/\\\/candas365.es\\\/noticias#listItem\",\"position\":1,\"name\":\"Home\",\"item\":\"https:\\\/\\\/candas365.es\\\/noticias\",\"nextItem\":{\"@type\":\"ListItem\",\"@id\":\"https:\\\/\\\/candas365.es\\\/noticias\\\/category\\\/sucesos\\\/#listItem\",\"name\":\"Sucesos\"}},{\"@type\":\"ListItem\",\"@id\":\"https:\\\/\\\/candas365.es\\\/noticias\\\/category\\\/sucesos\\\/#listItem\",\"position\":2,\"name\":\"Sucesos\",\"item\":\"https:\\\/\\\/candas365.es\\\/noticias\\\/category\\\/sucesos\\\/\",\"nextItem\":{\"@type\":\"ListItem\",\"@id\":\"https:\\\/\\\/candas365.es\\\/noticias\\\/registran-una-residencia-estudiantil-de-berlin-en-busca-de-exterroristas\\\/#listItem\",\"name\":\"Registran una residencia estudiantil de Berl\\u00edn en busca de exterroristas\"},\"previousItem\":{\"@type\":\"ListItem\",\"@id\":\"https:\\\/\\\/candas365.es\\\/noticias#listItem\",\"name\":\"Home\"}},{\"@type\":\"ListItem\",\"@id\":\"https:\\\/\\\/candas365.es\\\/noticias\\\/registran-una-residencia-estudiantil-de-berlin-en-busca-de-exterroristas\\\/#listItem\",\"position\":3,\"name\":\"Registran una residencia estudiantil de Berl\\u00edn en busca de exterroristas\",\"previousItem\":{\"@type\":\"ListItem\",\"@id\":\"https:\\\/\\\/candas365.es\\\/noticias\\\/category\\\/sucesos\\\/#listItem\",\"name\":\"Sucesos\"}}]},{\"@type\":\"NewsArticle\",\"@id\":\"https:\\\/\\\/candas365.es\\\/noticias\\\/registran-una-residencia-estudiantil-de-berlin-en-busca-de-exterroristas\\\/#newsarticle\",\"name\":\"Registran una residencia estudiantil de Berl\\u00edn en busca de exterroristas | Cand\\u00e1s 365\",\"headline\":\"Registran una residencia estudiantil de Berl\\u00edn en busca de exterroristas\",\"author\":{\"@id\":\"https:\\\/\\\/candas365.es\\\/noticias\\\/author\\\/admin\\\/#author\"},\"publisher\":{\"@id\":\"https:\\\/\\\/candas365.es\\\/noticias\\\/#organization\"},\"image\":{\"@type\":\"ImageObject\",\"url\":\"https:\\\/\\\/candas365.es\\\/noticias\\\/wp-content\\\/uploads\\\/2023\\\/12\\\/noticias.jpg\",\"width\":640,\"height\":480,\"caption\":\"noticias\"},\"datePublished\":\"2024-03-05T23:15:26+01:00\",\"dateModified\":\"2024-03-05T23:15:26+01:00\",\"inLanguage\":\"es-ES\",\"mainEntityOfPage\":{\"@id\":\"https:\\\/\\\/candas365.es\\\/noticias\\\/registran-una-residencia-estudiantil-de-berlin-en-busca-de-exterroristas\\\/#webpage\"},\"isPartOf\":{\"@id\":\"https:\\\/\\\/candas365.es\\\/noticias\\\/registran-una-residencia-estudiantil-de-berlin-en-busca-de-exterroristas\\\/#webpage\"},\"articleSection\":\"Sucesos, Alemania, sucesos\",\"dateline\":\"Publicado el marzo 5, 2024.\"},{\"@type\":\"Organization\",\"@id\":\"https:\\\/\\\/candas365.es\\\/noticias\\\/#organization\",\"name\":\"Cand\\u00e1s 365\",\"description\":\"Cand\\u00e1s 365 es un diario digital independiente, fundado en 2012, con base en Asturias. Informamos con rigor sobre actualidad, sociedad, cultura y ocio, con una mirada local y global.\",\"url\":\"https:\\\/\\\/candas365.es\\\/noticias\\\/\",\"email\":\"info@candas365.es\",\"telephone\":\"+34652131393\",\"foundingDate\":\"2012-06-10\",\"logo\":{\"@type\":\"ImageObject\",\"url\":\"https:\\\/\\\/candas365.es\\\/noticias\\\/wp-content\\\/uploads\\\/2024\\\/09\\\/Candas-365-Redes.jpg\",\"@id\":\"https:\\\/\\\/candas365.es\\\/noticias\\\/registran-una-residencia-estudiantil-de-berlin-en-busca-de-exterroristas\\\/#organizationLogo\",\"width\":1152,\"height\":864,\"caption\":\"Cand\\u00e1s 365 Redes\"},\"image\":{\"@id\":\"https:\\\/\\\/candas365.es\\\/noticias\\\/registran-una-residencia-estudiantil-de-berlin-en-busca-de-exterroristas\\\/#organizationLogo\"},\"sameAs\":[\"https:\\\/\\\/www.facebook.com\\\/Nachofdezber\",\"https:\\\/\\\/x.com\\\/NabercoDigital\",\"https:\\\/\\\/www.instagram.com\\\/nachofdezber\\\/\",\"https:\\\/\\\/www.youtube.com\\\/channel\\\/UCZP-2wLEB9Rv6erhFmqVnvg\"],\"address\":{\"@id\":\"https:\\\/\\\/candas365.es\\\/noticias\\\/#postaladdress\",\"@type\":\"PostalAddress\",\"streetAddress\":\"san antonio 4, san antonio 4\",\"postalCode\":\"33430\",\"addressLocality\":\"Cand\\u00e1s\",\"addressRegion\":\"Asturias\",\"addressCountry\":\"ES\"}},{\"@type\":\"Person\",\"@id\":\"https:\\\/\\\/candas365.es\\\/noticias\\\/author\\\/admin\\\/#author\",\"url\":\"https:\\\/\\\/candas365.es\\\/noticias\\\/author\\\/admin\\\/\",\"name\":\"Cand\\u00e1s 365\",\"image\":{\"@type\":\"ImageObject\",\"@id\":\"https:\\\/\\\/candas365.es\\\/noticias\\\/registran-una-residencia-estudiantil-de-berlin-en-busca-de-exterroristas\\\/#authorImage\",\"url\":\"https:\\\/\\\/secure.gravatar.com\\\/avatar\\\/496a8e03d0c493ede1718b7934145dbdf8d89be1036b0eec9544e1094c9de390?s=96&d=mm&r=g\",\"width\":96,\"height\":96,\"caption\":\"Cand\\u00e1s 365\"},\"sameAs\":[\"https:\\\/\\\/www.facebook.com\\\/carrenoactualidad\",\"https:\\\/\\\/twitter.com\\\/nbasturias\",\"https:\\\/\\\/www.instagram.com\\\/nachofdezber\\\/\",\"https:\\\/\\\/www.youtube.com\\\/channel\\\/UCZP-2wLEB9Rv6erhFmqVnvg\"]},{\"@type\":\"WebPage\",\"@id\":\"https:\\\/\\\/candas365.es\\\/noticias\\\/registran-una-residencia-estudiantil-de-berlin-en-busca-de-exterroristas\\\/#webpage\",\"url\":\"https:\\\/\\\/candas365.es\\\/noticias\\\/registran-una-residencia-estudiantil-de-berlin-en-busca-de-exterroristas\\\/\",\"name\":\"Registran una residencia estudiantil de Berl\\u00edn en busca de exterroristas | Cand\\u00e1s 365\",\"description\":\"Berl\\u00edn\\\/Hannover, 5 mar (dpa) - La Polic\\u00eda alemana despleg\\u00f3 hoy una gran operaci\\u00f3n en una residencia de estudiantes de Berl\\u00edn en el marco de la b\\u00fasqueda\",\"inLanguage\":\"es-ES\",\"isPartOf\":{\"@id\":\"https:\\\/\\\/candas365.es\\\/noticias\\\/#website\"},\"breadcrumb\":{\"@id\":\"https:\\\/\\\/candas365.es\\\/noticias\\\/registran-una-residencia-estudiantil-de-berlin-en-busca-de-exterroristas\\\/#breadcrumblist\"},\"author\":{\"@id\":\"https:\\\/\\\/candas365.es\\\/noticias\\\/author\\\/admin\\\/#author\"},\"creator\":{\"@id\":\"https:\\\/\\\/candas365.es\\\/noticias\\\/author\\\/admin\\\/#author\"},\"image\":{\"@type\":\"ImageObject\",\"url\":\"https:\\\/\\\/candas365.es\\\/noticias\\\/wp-content\\\/uploads\\\/2023\\\/12\\\/noticias.jpg\",\"@id\":\"https:\\\/\\\/candas365.es\\\/noticias\\\/registran-una-residencia-estudiantil-de-berlin-en-busca-de-exterroristas\\\/#mainImage\",\"width\":640,\"height\":480,\"caption\":\"noticias\"},\"primaryImageOfPage\":{\"@id\":\"https:\\\/\\\/candas365.es\\\/noticias\\\/registran-una-residencia-estudiantil-de-berlin-en-busca-de-exterroristas\\\/#mainImage\"},\"datePublished\":\"2024-03-05T23:15:26+01:00\",\"dateModified\":\"2024-03-05T23:15:26+01:00\"},{\"@type\":\"WebSite\",\"@id\":\"https:\\\/\\\/candas365.es\\\/noticias\\\/#website\",\"url\":\"https:\\\/\\\/candas365.es\\\/noticias\\\/\",\"name\":\"Cand\\u00e1s 365\",\"alternateName\":\"Cand\\u00e1s 365 Noticias\",\"description\":\"Actualidad desde Carre\\u00f1o para el mundo\",\"inLanguage\":\"es-ES\",\"publisher\":{\"@id\":\"https:\\\/\\\/candas365.es\\\/noticias\\\/#organization\"}}]}\n\t\t<\/script>\n\t\t<!-- All in One SEO Pro -->\r\n\t\t<title>Registran una residencia estudiantil de Berl\u00edn en busca de exterroristas | Cand\u00e1s 365<\/title>\n\n","aioseo_head_json":{"title":"Registran una residencia estudiantil de Berl\u00edn en busca de exterroristas | Cand\u00e1s 365","description":"Berl\u00edn\/Hannover, 5 mar (dpa) - La Polic\u00eda alemana despleg\u00f3 hoy una gran operaci\u00f3n en una residencia de estudiantes de Berl\u00edn en el marco de la b\u00fasqueda","canonical_url":"https:\/\/candas365.es\/noticias\/registran-una-residencia-estudiantil-de-berlin-en-busca-de-exterroristas\/","robots":"max-image-preview:large","keywords":"sucesos","webmasterTools":{"google-site-verification":"UA-32230408-1","msvalidate.01":"354F3CDFB2DA171B47FBE9ABF1F88D5","miscellaneous":""},"schema":{"@context":"https:\/\/schema.org","@graph":[{"@type":"BreadcrumbList","@id":"https:\/\/candas365.es\/noticias\/registran-una-residencia-estudiantil-de-berlin-en-busca-de-exterroristas\/#breadcrumblist","itemListElement":[{"@type":"ListItem","@id":"https:\/\/candas365.es\/noticias#listItem","position":1,"name":"Home","item":"https:\/\/candas365.es\/noticias","nextItem":{"@type":"ListItem","@id":"https:\/\/candas365.es\/noticias\/category\/sucesos\/#listItem","name":"Sucesos"}},{"@type":"ListItem","@id":"https:\/\/candas365.es\/noticias\/category\/sucesos\/#listItem","position":2,"name":"Sucesos","item":"https:\/\/candas365.es\/noticias\/category\/sucesos\/","nextItem":{"@type":"ListItem","@id":"https:\/\/candas365.es\/noticias\/registran-una-residencia-estudiantil-de-berlin-en-busca-de-exterroristas\/#listItem","name":"Registran una residencia estudiantil de Berl\u00edn en busca de exterroristas"},"previousItem":{"@type":"ListItem","@id":"https:\/\/candas365.es\/noticias#listItem","name":"Home"}},{"@type":"ListItem","@id":"https:\/\/candas365.es\/noticias\/registran-una-residencia-estudiantil-de-berlin-en-busca-de-exterroristas\/#listItem","position":3,"name":"Registran una residencia estudiantil de Berl\u00edn en busca de exterroristas","previousItem":{"@type":"ListItem","@id":"https:\/\/candas365.es\/noticias\/category\/sucesos\/#listItem","name":"Sucesos"}}]},{"@type":"NewsArticle","@id":"https:\/\/candas365.es\/noticias\/registran-una-residencia-estudiantil-de-berlin-en-busca-de-exterroristas\/#newsarticle","name":"Registran una residencia estudiantil de Berl\u00edn en busca de exterroristas | Cand\u00e1s 365","headline":"Registran una residencia estudiantil de Berl\u00edn en busca de exterroristas","author":{"@id":"https:\/\/candas365.es\/noticias\/author\/admin\/#author"},"publisher":{"@id":"https:\/\/candas365.es\/noticias\/#organization"},"image":{"@type":"ImageObject","url":"https:\/\/candas365.es\/noticias\/wp-content\/uploads\/2023\/12\/noticias.jpg","width":640,"height":480,"caption":"noticias"},"datePublished":"2024-03-05T23:15:26+01:00","dateModified":"2024-03-05T23:15:26+01:00","inLanguage":"es-ES","mainEntityOfPage":{"@id":"https:\/\/candas365.es\/noticias\/registran-una-residencia-estudiantil-de-berlin-en-busca-de-exterroristas\/#webpage"},"isPartOf":{"@id":"https:\/\/candas365.es\/noticias\/registran-una-residencia-estudiantil-de-berlin-en-busca-de-exterroristas\/#webpage"},"articleSection":"Sucesos, Alemania, sucesos","dateline":"Publicado el marzo 5, 2024."},{"@type":"Organization","@id":"https:\/\/candas365.es\/noticias\/#organization","name":"Cand\u00e1s 365","description":"Cand\u00e1s 365 es un diario digital independiente, fundado en 2012, con base en Asturias. Informamos con rigor sobre actualidad, sociedad, cultura y ocio, con una mirada local y global.","url":"https:\/\/candas365.es\/noticias\/","email":"info@candas365.es","telephone":"+34652131393","foundingDate":"2012-06-10","logo":{"@type":"ImageObject","url":"https:\/\/candas365.es\/noticias\/wp-content\/uploads\/2024\/09\/Candas-365-Redes.jpg","@id":"https:\/\/candas365.es\/noticias\/registran-una-residencia-estudiantil-de-berlin-en-busca-de-exterroristas\/#organizationLogo","width":1152,"height":864,"caption":"Cand\u00e1s 365 Redes"},"image":{"@id":"https:\/\/candas365.es\/noticias\/registran-una-residencia-estudiantil-de-berlin-en-busca-de-exterroristas\/#organizationLogo"},"sameAs":["https:\/\/www.facebook.com\/Nachofdezber","https:\/\/x.com\/NabercoDigital","https:\/\/www.instagram.com\/nachofdezber\/","https:\/\/www.youtube.com\/channel\/UCZP-2wLEB9Rv6erhFmqVnvg"],"address":{"@id":"https:\/\/candas365.es\/noticias\/#postaladdress","@type":"PostalAddress","streetAddress":"san antonio 4, san antonio 4","postalCode":"33430","addressLocality":"Cand\u00e1s","addressRegion":"Asturias","addressCountry":"ES"}},{"@type":"Person","@id":"https:\/\/candas365.es\/noticias\/author\/admin\/#author","url":"https:\/\/candas365.es\/noticias\/author\/admin\/","name":"Cand\u00e1s 365","image":{"@type":"ImageObject","@id":"https:\/\/candas365.es\/noticias\/registran-una-residencia-estudiantil-de-berlin-en-busca-de-exterroristas\/#authorImage","url":"https:\/\/secure.gravatar.com\/avatar\/496a8e03d0c493ede1718b7934145dbdf8d89be1036b0eec9544e1094c9de390?s=96&d=mm&r=g","width":96,"height":96,"caption":"Cand\u00e1s 365"},"sameAs":["https:\/\/www.facebook.com\/carrenoactualidad","https:\/\/twitter.com\/nbasturias","https:\/\/www.instagram.com\/nachofdezber\/","https:\/\/www.youtube.com\/channel\/UCZP-2wLEB9Rv6erhFmqVnvg"]},{"@type":"WebPage","@id":"https:\/\/candas365.es\/noticias\/registran-una-residencia-estudiantil-de-berlin-en-busca-de-exterroristas\/#webpage","url":"https:\/\/candas365.es\/noticias\/registran-una-residencia-estudiantil-de-berlin-en-busca-de-exterroristas\/","name":"Registran una residencia estudiantil de Berl\u00edn en busca de exterroristas | Cand\u00e1s 365","description":"Berl\u00edn\/Hannover, 5 mar (dpa) - La Polic\u00eda alemana despleg\u00f3 hoy una gran operaci\u00f3n en una residencia de estudiantes de Berl\u00edn en el marco de la b\u00fasqueda","inLanguage":"es-ES","isPartOf":{"@id":"https:\/\/candas365.es\/noticias\/#website"},"breadcrumb":{"@id":"https:\/\/candas365.es\/noticias\/registran-una-residencia-estudiantil-de-berlin-en-busca-de-exterroristas\/#breadcrumblist"},"author":{"@id":"https:\/\/candas365.es\/noticias\/author\/admin\/#author"},"creator":{"@id":"https:\/\/candas365.es\/noticias\/author\/admin\/#author"},"image":{"@type":"ImageObject","url":"https:\/\/candas365.es\/noticias\/wp-content\/uploads\/2023\/12\/noticias.jpg","@id":"https:\/\/candas365.es\/noticias\/registran-una-residencia-estudiantil-de-berlin-en-busca-de-exterroristas\/#mainImage","width":640,"height":480,"caption":"noticias"},"primaryImageOfPage":{"@id":"https:\/\/candas365.es\/noticias\/registran-una-residencia-estudiantil-de-berlin-en-busca-de-exterroristas\/#mainImage"},"datePublished":"2024-03-05T23:15:26+01:00","dateModified":"2024-03-05T23:15:26+01:00"},{"@type":"WebSite","@id":"https:\/\/candas365.es\/noticias\/#website","url":"https:\/\/candas365.es\/noticias\/","name":"Cand\u00e1s 365","alternateName":"Cand\u00e1s 365 Noticias","description":"Actualidad desde Carre\u00f1o para el mundo","inLanguage":"es-ES","publisher":{"@id":"https:\/\/candas365.es\/noticias\/#organization"}}]},"og:locale":"es_ES","og:site_name":"Cand\u00e1s 365","og:type":"article","og:title":"Registran una residencia estudiantil de Berl\u00edn en busca de exterroristas | Cand\u00e1s 365","og:description":"Berl\u00edn\/Hannover, 5 mar (dpa) - La Polic\u00eda alemana despleg\u00f3 hoy una gran operaci\u00f3n en una residencia de estudiantes de Berl\u00edn en el marco de la b\u00fasqueda","og:url":"https:\/\/candas365.es\/noticias\/registran-una-residencia-estudiantil-de-berlin-en-busca-de-exterroristas\/","og:image":"https:\/\/candas365.es\/noticias\/wp-content\/uploads\/2023\/12\/noticias.jpg","og:image:secure_url":"https:\/\/candas365.es\/noticias\/wp-content\/uploads\/2023\/12\/noticias.jpg","og:image:width":640,"og:image:height":480,"article:published_time":"2024-03-05T22:15:26+00:00","article:modified_time":"2024-03-05T22:15:26+00:00","article:publisher":"https:\/\/www.facebook.com\/Nachofdezber","article:author":"https:\/\/www.facebook.com\/carrenoactualidad","twitter:card":"summary_large_image","twitter:site":"@NabercoDigital","twitter:title":"Registran una residencia estudiantil de Berl\u00edn en busca de exterroristas | Cand\u00e1s 365","twitter:description":"Berl\u00edn\/Hannover, 5 mar (dpa) - La Polic\u00eda alemana despleg\u00f3 hoy una gran operaci\u00f3n en una residencia de estudiantes de Berl\u00edn en el marco de la b\u00fasqueda","twitter:creator":"@nbasturias","twitter:image":"https:\/\/candas365.es\/noticias\/wp-content\/uploads\/2023\/12\/noticias.jpg","twitter:label1":"Escrito por","twitter:data1":"Cand\u00e1s 365","twitter:label2":"Tiempo de lectura estimado","twitter:data2":"2 minutos"},"aioseo_meta_data":{"post_id":"178728","title":null,"description":"Berl\u00edn\/Hannover, 5 mar (dpa) - La Polic\u00eda alemana despleg\u00f3 hoy una gran operaci\u00f3n en una residencia de estudiantes de Berl\u00edn en el marco de la b\u00fasqueda","keywords":[],"keyphrases":{"focus":{"keyphrase":"Berl\u00edn","score":83,"analysis":{"keyphraseInTitle":{"score":9,"maxScore":9,"error":0},"keyphraseInDescription":{"score":9,"maxScore":9,"error":0},"keyphraseLength":{"score":9,"maxScore":9,"error":0,"length":2},"keyphraseInURL":{"score":1,"maxScore":5,"error":1},"keyphraseInIntroduction":{"score":9,"maxScore":9,"error":0},"keyphraseInSubHeadings":[],"keyphraseInImageAlt":{"score":3,"maxScore":9,"error":1},"keywordDensity":{"type":"best","score":9,"maxScore":9,"error":0}}},"additional":[{"keyphrase":"Berl\u00edn","score":87,"analysis":{"keyphraseInDescription":{"score":9,"maxScore":9,"error":0},"keyphraseLength":{"score":9,"maxScore":9,"error":0,"length":2},"keyphraseInIntroduction":{"score":9,"maxScore":9,"error":0},"keyphraseInImageAlt":{"score":3,"maxScore":9,"error":1},"keywordDensity":{"type":"best","score":9,"maxScore":9,"error":0}}}]},"primary_term":null,"canonical_url":null,"og_title":null,"og_description":null,"og_object_type":"default","og_image_type":"default","og_image_url":null,"og_image_width":null,"og_image_height":null,"og_image_custom_url":null,"og_image_custom_fields":null,"og_video":"","og_custom_url":null,"og_article_section":null,"og_article_tags":[],"twitter_use_og":false,"twitter_card":"default","twitter_image_type":"default","twitter_image_url":null,"twitter_image_custom_url":null,"twitter_image_custom_fields":null,"twitter_title":null,"twitter_description":null,"schema":{"blockGraphs":[],"customGraphs":[],"default":{"data":{"Article":[],"Course":[],"Dataset":[],"FAQPage":[],"Movie":[],"Person":[],"Product":[],"ProductReview":[],"Car":[],"Recipe":[],"Service":[],"SoftwareApplication":[],"WebPage":[]},"graphName":"Article","isEnabled":true},"graphs":[]},"schema_type":"default","schema_type_options":null,"pillar_content":false,"robots_default":true,"robots_noindex":false,"robots_noarchive":false,"robots_nosnippet":false,"robots_nofollow":false,"robots_noimageindex":false,"robots_noodp":false,"robots_notranslate":false,"robots_max_snippet":"-1","robots_max_videopreview":"-1","robots_max_imagepreview":"large","priority":null,"frequency":"default","location":null,"local_seo":null,"seo_analyzer_scan_date":"2025-09-02 05:03:11","breadcrumb_settings":null,"limit_modified_date":false,"reviewed_by":null,"open_ai":"{\"title\":{\"suggestions\":[],\"usage\":0},\"description\":{\"suggestions\":[],\"usage\":0}}","ai":null,"created":"2024-03-05 22:12:28","updated":"2025-09-02 05:03:11"},"aioseo_breadcrumb":"<div class=\"aioseo-breadcrumbs\"><span class=\"aioseo-breadcrumb\">\n\t<a href=\"https:\/\/candas365.es\/noticias\" title=\"Home\">Home<\/a>\n<\/span><span class=\"aioseo-breadcrumb-separator\">&ndash;<\/span><span class=\"aioseo-breadcrumb\">\n\t<a href=\"https:\/\/candas365.es\/noticias\/category\/sucesos\/\" title=\"Sucesos\">Sucesos<\/a>\n<\/span><span class=\"aioseo-breadcrumb-separator\">&ndash;<\/span><span class=\"aioseo-breadcrumb\">\n\tRegistran una residencia estudiantil de Berl\u00edn en busca de exterroristas\n<\/span><\/div>","aioseo_breadcrumb_json":[{"label":"Home","link":"https:\/\/candas365.es\/noticias"},{"label":"Sucesos","link":"https:\/\/candas365.es\/noticias\/category\/sucesos\/"},{"label":"Registran una residencia estudiantil de Berl\u00edn en busca de exterroristas","link":"https:\/\/candas365.es\/noticias\/registran-una-residencia-estudiantil-de-berlin-en-busca-de-exterroristas\/"}],"_links":{"self":[{"href":"https:\/\/candas365.es\/noticias\/wp-json\/wp\/v2\/posts\/178728","targetHints":{"allow":["GET"]}}],"collection":[{"href":"https:\/\/candas365.es\/noticias\/wp-json\/wp\/v2\/posts"}],"about":[{"href":"https:\/\/candas365.es\/noticias\/wp-json\/wp\/v2\/types\/post"}],"author":[{"embeddable":true,"href":"https:\/\/candas365.es\/noticias\/wp-json\/wp\/v2\/users\/1"}],"replies":[{"embeddable":true,"href":"https:\/\/candas365.es\/noticias\/wp-json\/wp\/v2\/comments?post=178728"}],"version-history":[{"count":0,"href":"https:\/\/candas365.es\/noticias\/wp-json\/wp\/v2\/posts\/178728\/revisions"}],"wp:featuredmedia":[{"embeddable":true,"href":"https:\/\/candas365.es\/noticias\/wp-json\/wp\/v2\/media\/176718"}],"wp:attachment":[{"href":"https:\/\/candas365.es\/noticias\/wp-json\/wp\/v2\/media?parent=178728"}],"wp:term":[{"taxonomy":"category","embeddable":true,"href":"https:\/\/candas365.es\/noticias\/wp-json\/wp\/v2\/categories?post=178728"},{"taxonomy":"post_tag","embeddable":true,"href":"https:\/\/candas365.es\/noticias\/wp-json\/wp\/v2\/tags?post=178728"}],"curies":[{"name":"wp","href":"https:\/\/api.w.org\/{rel}","templated":true}]}}