{"id":178699,"date":"2024-03-05T21:04:49","date_gmt":"2024-03-05T20:04:49","guid":{"rendered":"https:\/\/candas365.es\/noticias\/?p=178699"},"modified":"2024-03-05T21:04:49","modified_gmt":"2024-03-05T20:04:49","slug":"alemania-se-presentara-en-la-itb-berlin-con-cifras-de-reservas-record","status":"publish","type":"post","link":"https:\/\/candas365.es\/noticias\/alemania-se-presentara-en-la-itb-berlin-con-cifras-de-reservas-record\/","title":{"rendered":"Alemania se presentar\u00e1 en la ITB Berl\u00edn con cifras de reservas r\u00e9cord"},"content":{"rendered":"<p>Berl\u00edn, 4 mar (<a title=\"dpa\" href=\"https:\/\/www.dpa-news.de\/\" target=\"_blank\" rel=\"noopener\"><span style=\"color: #ff6600;\"><strong>dpa<\/strong><\/span><\/a>) &#8211; La industria alemana del <span style=\"color: #ff6600;\"><a style=\"color: #ff6600;\" href=\"https:\/\/candas365.es\/noticias\/category\/turismo\/\"><strong>turismo<\/strong><\/a><\/span> tiene motivos para afrontar con optimismo el inicio de la mayor feria mundial del sector, la ITB Berl\u00edn, gracias a unas cifras r\u00e9cord de volumen de reservas en el pa\u00eds, superiores a 2019.<\/p>\n<p><img fetchpriority=\"high\" decoding=\"async\" class=\"aligncenter size-full wp-image-178700\" src=\"https:\/\/candas365.es\/noticias\/wp-content\/uploads\/2024\/03\/Berlin.jpg\" alt=\"Berl\u00edn\" width=\"640\" height=\"427\" srcset=\"https:\/\/candas365.es\/noticias\/wp-content\/uploads\/2024\/03\/Berlin.jpg 640w, https:\/\/candas365.es\/noticias\/wp-content\/uploads\/2024\/03\/Berlin-360x240.jpg 360w, https:\/\/candas365.es\/noticias\/wp-content\/uploads\/2024\/03\/Berlin-150x100.jpg 150w, https:\/\/candas365.es\/noticias\/wp-content\/uploads\/2024\/03\/Berlin-450x300.jpg 450w\" sizes=\"(max-width: 640px) 100vw, 640px\" \/><\/p>\n<p>\u00abEl apetito de la gente en Alemania por viajar es m\u00e1s fuerte que nunca y sigue creciendo\u00bb, dijo el presidente de la asociaci\u00f3n DRV, Norbert Fiebig, antes del inicio del evento, que se inaugura hoy en la noche (hora local) y oficialmente se desarrollar\u00e1 del 5 al 7 de marzo.<\/p>\n<p>Seg\u00fan la DRV, en una encuesta reciente de GfK, el 79 por ciento de los alemanes dijo estar planeando un viaje de vacaciones en 2024. Adem\u00e1s, el 25 por ciento manifest\u00f3 su intenci\u00f3n de gastar m\u00e1s o bastante m\u00e1s en ello que en 2023.<\/p>\n<p>La propia DRV inform\u00f3 que a finales de enero hab\u00eda en Alemania un 24 por ciento m\u00e1s de personas que un a\u00f1o antes que hab\u00edan reservado un viaje con un touroperador para este verano europeo.<\/p>\n<p>Asimismo, las ventas de viajes combinados o vacaciones modulares (en las que los elementos como hoteles y vuelos se pueden juntar de manera individual), aumentaron un 30 por ciento respecto al a\u00f1o anterior.<\/p>\n<p>El verano r\u00e9cord de 2019, antes de la pandemia de coronavirus, se ha superado hasta ahora en un 11 por ciento en t\u00e9rminos de ventas, en parte debido a los precios m\u00e1s altos. Sin embargo, el n\u00famero de hu\u00e9spedes sigue siendo un 17 por ciento inferior al de ese a\u00f1o de referencia para la industria.<\/p>\n<p>El presidente de la entidad dijo esperar un crecimiento \u00absignificativo\u00bb de las ventas en el conjunto del a\u00f1o, aunque a\u00f1adi\u00f3 que es poco probable que se mantenga al ritmo actual. Al mismo tiempo, detall\u00f3, se reducir\u00e1 la diferencia actual en el n\u00famero de clientes con respecto a 2019.<\/p>\n<p>\u00abEl deseo de sol y playa vuelve a ser actualmente muy grande\u00bb, coment\u00f3 por su parte el director de Europa Central de la empresa alemana DER Touristik, Ingo Burmester.<\/p>\n<p>La cifra de viajeros procedentes de Alemania para el verano europeo, seg\u00fan la estad\u00edstica de febrero de la empresa, es un 33 por ciento superior a la del mismo per\u00edodo del a\u00f1o pasado. En tanto, el volumen de reservas aument\u00f3 un 47 por ciento.<\/p>\n<p>Burmester precis\u00f3 adem\u00e1s que, si se compara con el a\u00f1o anterior a la pandemia de coronavirus, 2019, el n\u00famero de viajeros procedentes de Alemania est\u00e1 aproximadamente al mismo nivel que entonces y el volumen de negocio es superior.<\/p>\n<p>\u00abVemos, por tanto, que la demanda sigue aumentando; viajar seguir\u00e1 siendo una prioridad en 2024\u00bb, destac\u00f3.<\/p>\n<p>Turqu\u00eda, Espa\u00f1a y Grecia vuelven a ser, seg\u00fan el empresario, los destinos m\u00e1s elegidos por los viajeros procedentes de Alemania que reservaron sus viajes a trav\u00e9s de la operadora Dertour y sus marcas asociadas.<\/p>\n<p>La compa\u00f1\u00eda Tui, l\u00edder del sector, tambi\u00e9n inform\u00f3 recientemente de un aumento de la demanda a pesar del debilitamiento de la econom\u00eda en Alemania. \u00abLos viajes de vacaciones siguen siendo una prioridad para nuestros clientes. Es un elemento m\u00e1s estable de lo que hab\u00edamos pensado\u00bb, valor\u00f3 el director financiero de Tui, Mathias Kiep.<\/p>\n<p>En la pasada temporada de viajes 2022\/23, que finaliz\u00f3 el 31 de octubre, el sector se recuper\u00f3 del bache provocado por la pandemia de coronavirus. \u00abLos alemanes gastaron casi 10.000 millones de euros (10.800 millones de d\u00f3lares) m\u00e1s en viajes que antes de la pandemia\u00bb, inform\u00f3 el presidente de DRV.<\/p>\n<p>En dicho periodo, seg\u00fan la DRV, los alemanes gastaron 79.000 millones de euros en viajes con al menos una pernoctaci\u00f3n reservada antes del inicio del viaje. En comparaci\u00f3n con la cifra r\u00e9cord de 69.500 millones de euros en el a\u00f1o 2018\/19, el gasto aument\u00f3 un 14 por ciento, en parte por la subida de los precios.<\/p>\n<p>De acuerdo con la Organizaci\u00f3n Mundial del Turismo de las Naciones Unidas (OMT), es probable que el turismo internacional vuelva a los niveles anteriores a la pandemia en el a\u00f1o en curso.<\/p>\n<p>Las primeras estimaciones apuntan a un crecimiento del dos por ciento por encima del nivel de 2019, en un contexto de altas expectativas para Europa por los Juegos Ol\u00edmpicos de Verano de 2024 que se celebrar\u00e1n en Francia en julio y agosto.<\/p>\n<p>El a\u00f1o pasado, seg\u00fan la OMT, el turismo mundial alcanz\u00f3 el 88 por ciento del nivel anterior a la pandemia, con una cifra estimada de 1.300 millones de llegadas de turistas internacionales. Seg\u00fan las cifras, hubo un fuerte crecimiento en Europa y Oriente Medio, por ejemplo en Catar y Arabia Saud\u00ed.<\/p>\n","protected":false},"excerpt":{"rendered":"<p>Berl\u00edn, 4 mar (dpa) &#8211; La industria alemana del turismo tiene motivos para afrontar con optimismo el inicio de la mayor feria mundial del sector, la ITB Berl\u00edn, gracias a unas cifras r\u00e9cord de volumen de reservas en el pa\u00eds, superiores a 2019. \u00abEl apetito de la gente en Alemania por viajar es m\u00e1s fuerte<\/p>\n","protected":false},"author":1,"featured_media":178700,"comment_status":"closed","ping_status":"closed","sticky":false,"template":"","format":"standard","meta":{"footnotes":""},"categories":[359],"tags":[412],"class_list":{"0":"post-178699","1":"post","2":"type-post","3":"status-publish","4":"format-standard","5":"has-post-thumbnail","7":"category-turismo","8":"tag-turismo"},"aioseo_notices":[],"aioseo_head":"\n\t\t<!-- All in One SEO Pro 4.9.6.2 - aioseo.com -->\n\t<meta name=\"description\" content=\"Berl\u00edn, 4 mar (dpa) - La industria alemana del turismo tiene motivos para afrontar con optimismo el inicio de la mayor feria mundial del sector, la ITB Berl\u00edn\" \/>\n\t<meta name=\"robots\" content=\"max-image-preview:large\" \/>\n\t<meta name=\"author\" content=\"Cand\u00e1s 365\"\/>\n\t<meta name=\"google-site-verification\" content=\"UA-32230408-1\" \/>\n\t<meta name=\"msvalidate.01\" content=\"354F3CDFB2DA171B47FBE9ABF1F88D5\" \/>\n\t<meta name=\"keywords\" content=\"turismo\" \/>\n\t<link rel=\"canonical\" href=\"https:\/\/candas365.es\/noticias\/alemania-se-presentara-en-la-itb-berlin-con-cifras-de-reservas-record\/\" \/>\n\t<meta name=\"generator\" content=\"All in One SEO Pro (AIOSEO) 4.9.6.2\" \/>\n\t\t<meta property=\"og:locale\" content=\"es_ES\" \/>\n\t\t<meta property=\"og:site_name\" content=\"Cand\u00e1s 365\" \/>\n\t\t<meta property=\"og:type\" content=\"article\" \/>\n\t\t<meta property=\"og:title\" content=\"Alemania se presentar\u00e1 en la ITB Berl\u00edn con cifras de reservas r\u00e9cord | Cand\u00e1s 365\" \/>\n\t\t<meta property=\"og:description\" content=\"Berl\u00edn, 4 mar (dpa) - La industria alemana del turismo tiene motivos para afrontar con optimismo el inicio de la mayor feria mundial del sector, la ITB Berl\u00edn\" \/>\n\t\t<meta property=\"og:url\" content=\"https:\/\/candas365.es\/noticias\/alemania-se-presentara-en-la-itb-berlin-con-cifras-de-reservas-record\/\" \/>\n\t\t<meta property=\"og:image\" content=\"https:\/\/candas365.es\/noticias\/wp-content\/uploads\/2024\/03\/Berlin.jpg\" \/>\n\t\t<meta property=\"og:image:secure_url\" content=\"https:\/\/candas365.es\/noticias\/wp-content\/uploads\/2024\/03\/Berlin.jpg\" \/>\n\t\t<meta property=\"og:image:width\" content=\"640\" \/>\n\t\t<meta property=\"og:image:height\" content=\"427\" \/>\n\t\t<meta property=\"article:published_time\" content=\"2024-03-05T20:04:49+00:00\" \/>\n\t\t<meta property=\"article:modified_time\" content=\"2024-03-05T20:04:49+00:00\" \/>\n\t\t<meta property=\"article:publisher\" content=\"https:\/\/www.facebook.com\/Nachofdezber\" \/>\n\t\t<meta property=\"article:author\" content=\"https:\/\/www.facebook.com\/carrenoactualidad\" \/>\n\t\t<meta name=\"twitter:card\" content=\"summary_large_image\" \/>\n\t\t<meta name=\"twitter:site\" content=\"@NabercoDigital\" \/>\n\t\t<meta name=\"twitter:title\" content=\"Alemania se presentar\u00e1 en la ITB Berl\u00edn con cifras de reservas r\u00e9cord | Cand\u00e1s 365\" \/>\n\t\t<meta name=\"twitter:description\" content=\"Berl\u00edn, 4 mar (dpa) - La industria alemana del turismo tiene motivos para afrontar con optimismo el inicio de la mayor feria mundial del sector, la ITB Berl\u00edn\" \/>\n\t\t<meta name=\"twitter:creator\" content=\"@nbasturias\" \/>\n\t\t<meta name=\"twitter:image\" content=\"https:\/\/candas365.es\/noticias\/wp-content\/uploads\/2024\/03\/Berlin.jpg\" \/>\n\t\t<meta name=\"twitter:label1\" content=\"Escrito por\" \/>\n\t\t<meta name=\"twitter:data1\" content=\"Cand\u00e1s 365\" \/>\n\t\t<meta name=\"twitter:label2\" content=\"Tiempo de lectura estimado\" \/>\n\t\t<meta name=\"twitter:data2\" content=\"4 minutos\" \/>\n\t\t<script type=\"application\/ld+json\" class=\"aioseo-schema\">\n\t\t\t{\"@context\":\"https:\\\/\\\/schema.org\",\"@graph\":[{\"@type\":\"BreadcrumbList\",\"@id\":\"https:\\\/\\\/candas365.es\\\/noticias\\\/alemania-se-presentara-en-la-itb-berlin-con-cifras-de-reservas-record\\\/#breadcrumblist\",\"itemListElement\":[{\"@type\":\"ListItem\",\"@id\":\"https:\\\/\\\/candas365.es\\\/noticias#listItem\",\"position\":1,\"name\":\"Home\",\"item\":\"https:\\\/\\\/candas365.es\\\/noticias\",\"nextItem\":{\"@type\":\"ListItem\",\"@id\":\"https:\\\/\\\/candas365.es\\\/noticias\\\/category\\\/turismo\\\/#listItem\",\"name\":\"Turismo\"}},{\"@type\":\"ListItem\",\"@id\":\"https:\\\/\\\/candas365.es\\\/noticias\\\/category\\\/turismo\\\/#listItem\",\"position\":2,\"name\":\"Turismo\",\"item\":\"https:\\\/\\\/candas365.es\\\/noticias\\\/category\\\/turismo\\\/\",\"nextItem\":{\"@type\":\"ListItem\",\"@id\":\"https:\\\/\\\/candas365.es\\\/noticias\\\/alemania-se-presentara-en-la-itb-berlin-con-cifras-de-reservas-record\\\/#listItem\",\"name\":\"Alemania se presentar\\u00e1 en la ITB Berl\\u00edn con cifras de reservas r\\u00e9cord\"},\"previousItem\":{\"@type\":\"ListItem\",\"@id\":\"https:\\\/\\\/candas365.es\\\/noticias#listItem\",\"name\":\"Home\"}},{\"@type\":\"ListItem\",\"@id\":\"https:\\\/\\\/candas365.es\\\/noticias\\\/alemania-se-presentara-en-la-itb-berlin-con-cifras-de-reservas-record\\\/#listItem\",\"position\":3,\"name\":\"Alemania se presentar\\u00e1 en la ITB Berl\\u00edn con cifras de reservas r\\u00e9cord\",\"previousItem\":{\"@type\":\"ListItem\",\"@id\":\"https:\\\/\\\/candas365.es\\\/noticias\\\/category\\\/turismo\\\/#listItem\",\"name\":\"Turismo\"}}]},{\"@type\":\"NewsArticle\",\"@id\":\"https:\\\/\\\/candas365.es\\\/noticias\\\/alemania-se-presentara-en-la-itb-berlin-con-cifras-de-reservas-record\\\/#newsarticle\",\"name\":\"Alemania se presentar\\u00e1 en la ITB Berl\\u00edn con cifras de reservas r\\u00e9cord | Cand\\u00e1s 365\",\"headline\":\"Alemania se presentar\\u00e1 en la ITB Berl\\u00edn con cifras de reservas r\\u00e9cord\",\"author\":{\"@id\":\"https:\\\/\\\/candas365.es\\\/noticias\\\/author\\\/admin\\\/#author\"},\"publisher\":{\"@id\":\"https:\\\/\\\/candas365.es\\\/noticias\\\/#organization\"},\"image\":{\"@type\":\"ImageObject\",\"url\":\"https:\\\/\\\/candas365.es\\\/noticias\\\/wp-content\\\/uploads\\\/2024\\\/03\\\/Berlin.jpg\",\"width\":640,\"height\":427,\"caption\":\"Berl\\u00edn\"},\"datePublished\":\"2024-03-05T21:04:49+01:00\",\"dateModified\":\"2024-03-05T21:04:49+01:00\",\"inLanguage\":\"es-ES\",\"mainEntityOfPage\":{\"@id\":\"https:\\\/\\\/candas365.es\\\/noticias\\\/alemania-se-presentara-en-la-itb-berlin-con-cifras-de-reservas-record\\\/#webpage\"},\"isPartOf\":{\"@id\":\"https:\\\/\\\/candas365.es\\\/noticias\\\/alemania-se-presentara-en-la-itb-berlin-con-cifras-de-reservas-record\\\/#webpage\"},\"articleSection\":\"Turismo, turismo\",\"dateline\":\"Publicado el marzo 5, 2024.\"},{\"@type\":\"Organization\",\"@id\":\"https:\\\/\\\/candas365.es\\\/noticias\\\/#organization\",\"name\":\"Cand\\u00e1s 365\",\"description\":\"Cand\\u00e1s 365 es un diario digital independiente, fundado en 2012, con base en Asturias. Informamos con rigor sobre actualidad, sociedad, cultura y ocio, con una mirada local y global.\",\"url\":\"https:\\\/\\\/candas365.es\\\/noticias\\\/\",\"email\":\"info@candas365.es\",\"telephone\":\"+34652131393\",\"foundingDate\":\"2012-06-10\",\"logo\":{\"@type\":\"ImageObject\",\"url\":\"https:\\\/\\\/candas365.es\\\/noticias\\\/wp-content\\\/uploads\\\/2024\\\/09\\\/Candas-365-Redes.jpg\",\"@id\":\"https:\\\/\\\/candas365.es\\\/noticias\\\/alemania-se-presentara-en-la-itb-berlin-con-cifras-de-reservas-record\\\/#organizationLogo\",\"width\":1152,\"height\":864,\"caption\":\"Cand\\u00e1s 365 Redes\"},\"image\":{\"@id\":\"https:\\\/\\\/candas365.es\\\/noticias\\\/alemania-se-presentara-en-la-itb-berlin-con-cifras-de-reservas-record\\\/#organizationLogo\"},\"sameAs\":[\"https:\\\/\\\/www.facebook.com\\\/Nachofdezber\",\"https:\\\/\\\/x.com\\\/NabercoDigital\",\"https:\\\/\\\/www.instagram.com\\\/nachofdezber\\\/\",\"https:\\\/\\\/www.youtube.com\\\/channel\\\/UCZP-2wLEB9Rv6erhFmqVnvg\"],\"address\":{\"@id\":\"https:\\\/\\\/candas365.es\\\/noticias\\\/#postaladdress\",\"@type\":\"PostalAddress\",\"streetAddress\":\"san antonio 4, san antonio 4\",\"postalCode\":\"33430\",\"addressLocality\":\"Cand\\u00e1s\",\"addressRegion\":\"Asturias\",\"addressCountry\":\"ES\"}},{\"@type\":\"Person\",\"@id\":\"https:\\\/\\\/candas365.es\\\/noticias\\\/author\\\/admin\\\/#author\",\"url\":\"https:\\\/\\\/candas365.es\\\/noticias\\\/author\\\/admin\\\/\",\"name\":\"Cand\\u00e1s 365\",\"image\":{\"@type\":\"ImageObject\",\"@id\":\"https:\\\/\\\/candas365.es\\\/noticias\\\/alemania-se-presentara-en-la-itb-berlin-con-cifras-de-reservas-record\\\/#authorImage\",\"url\":\"https:\\\/\\\/secure.gravatar.com\\\/avatar\\\/496a8e03d0c493ede1718b7934145dbdf8d89be1036b0eec9544e1094c9de390?s=96&d=mm&r=g\",\"width\":96,\"height\":96,\"caption\":\"Cand\\u00e1s 365\"},\"sameAs\":[\"https:\\\/\\\/www.facebook.com\\\/carrenoactualidad\",\"https:\\\/\\\/twitter.com\\\/nbasturias\",\"https:\\\/\\\/www.instagram.com\\\/nachofdezber\\\/\",\"https:\\\/\\\/www.youtube.com\\\/channel\\\/UCZP-2wLEB9Rv6erhFmqVnvg\"]},{\"@type\":\"WebPage\",\"@id\":\"https:\\\/\\\/candas365.es\\\/noticias\\\/alemania-se-presentara-en-la-itb-berlin-con-cifras-de-reservas-record\\\/#webpage\",\"url\":\"https:\\\/\\\/candas365.es\\\/noticias\\\/alemania-se-presentara-en-la-itb-berlin-con-cifras-de-reservas-record\\\/\",\"name\":\"Alemania se presentar\\u00e1 en la ITB Berl\\u00edn con cifras de reservas r\\u00e9cord | Cand\\u00e1s 365\",\"description\":\"Berl\\u00edn, 4 mar (dpa) - La industria alemana del turismo tiene motivos para afrontar con optimismo el inicio de la mayor feria mundial del sector, la ITB Berl\\u00edn\",\"inLanguage\":\"es-ES\",\"isPartOf\":{\"@id\":\"https:\\\/\\\/candas365.es\\\/noticias\\\/#website\"},\"breadcrumb\":{\"@id\":\"https:\\\/\\\/candas365.es\\\/noticias\\\/alemania-se-presentara-en-la-itb-berlin-con-cifras-de-reservas-record\\\/#breadcrumblist\"},\"author\":{\"@id\":\"https:\\\/\\\/candas365.es\\\/noticias\\\/author\\\/admin\\\/#author\"},\"creator\":{\"@id\":\"https:\\\/\\\/candas365.es\\\/noticias\\\/author\\\/admin\\\/#author\"},\"image\":{\"@type\":\"ImageObject\",\"url\":\"https:\\\/\\\/candas365.es\\\/noticias\\\/wp-content\\\/uploads\\\/2024\\\/03\\\/Berlin.jpg\",\"@id\":\"https:\\\/\\\/candas365.es\\\/noticias\\\/alemania-se-presentara-en-la-itb-berlin-con-cifras-de-reservas-record\\\/#mainImage\",\"width\":640,\"height\":427,\"caption\":\"Berl\\u00edn\"},\"primaryImageOfPage\":{\"@id\":\"https:\\\/\\\/candas365.es\\\/noticias\\\/alemania-se-presentara-en-la-itb-berlin-con-cifras-de-reservas-record\\\/#mainImage\"},\"datePublished\":\"2024-03-05T21:04:49+01:00\",\"dateModified\":\"2024-03-05T21:04:49+01:00\"},{\"@type\":\"WebSite\",\"@id\":\"https:\\\/\\\/candas365.es\\\/noticias\\\/#website\",\"url\":\"https:\\\/\\\/candas365.es\\\/noticias\\\/\",\"name\":\"Cand\\u00e1s 365\",\"alternateName\":\"Cand\\u00e1s 365 Noticias\",\"description\":\"Actualidad desde Carre\\u00f1o para el mundo\",\"inLanguage\":\"es-ES\",\"publisher\":{\"@id\":\"https:\\\/\\\/candas365.es\\\/noticias\\\/#organization\"}}]}\n\t\t<\/script>\n\t\t<!-- All in One SEO Pro -->\r\n\t\t<title>Alemania se presentar\u00e1 en la ITB Berl\u00edn con cifras de reservas r\u00e9cord | Cand\u00e1s 365<\/title>\n\n","aioseo_head_json":{"title":"Alemania se presentar\u00e1 en la ITB Berl\u00edn con cifras de reservas r\u00e9cord | Cand\u00e1s 365","description":"Berl\u00edn, 4 mar (dpa) - La industria alemana del turismo tiene motivos para afrontar con optimismo el inicio de la mayor feria mundial del sector, la ITB Berl\u00edn","canonical_url":"https:\/\/candas365.es\/noticias\/alemania-se-presentara-en-la-itb-berlin-con-cifras-de-reservas-record\/","robots":"max-image-preview:large","keywords":"turismo","webmasterTools":{"google-site-verification":"UA-32230408-1","msvalidate.01":"354F3CDFB2DA171B47FBE9ABF1F88D5","miscellaneous":""},"schema":{"@context":"https:\/\/schema.org","@graph":[{"@type":"BreadcrumbList","@id":"https:\/\/candas365.es\/noticias\/alemania-se-presentara-en-la-itb-berlin-con-cifras-de-reservas-record\/#breadcrumblist","itemListElement":[{"@type":"ListItem","@id":"https:\/\/candas365.es\/noticias#listItem","position":1,"name":"Home","item":"https:\/\/candas365.es\/noticias","nextItem":{"@type":"ListItem","@id":"https:\/\/candas365.es\/noticias\/category\/turismo\/#listItem","name":"Turismo"}},{"@type":"ListItem","@id":"https:\/\/candas365.es\/noticias\/category\/turismo\/#listItem","position":2,"name":"Turismo","item":"https:\/\/candas365.es\/noticias\/category\/turismo\/","nextItem":{"@type":"ListItem","@id":"https:\/\/candas365.es\/noticias\/alemania-se-presentara-en-la-itb-berlin-con-cifras-de-reservas-record\/#listItem","name":"Alemania se presentar\u00e1 en la ITB Berl\u00edn con cifras de reservas r\u00e9cord"},"previousItem":{"@type":"ListItem","@id":"https:\/\/candas365.es\/noticias#listItem","name":"Home"}},{"@type":"ListItem","@id":"https:\/\/candas365.es\/noticias\/alemania-se-presentara-en-la-itb-berlin-con-cifras-de-reservas-record\/#listItem","position":3,"name":"Alemania se presentar\u00e1 en la ITB Berl\u00edn con cifras de reservas r\u00e9cord","previousItem":{"@type":"ListItem","@id":"https:\/\/candas365.es\/noticias\/category\/turismo\/#listItem","name":"Turismo"}}]},{"@type":"NewsArticle","@id":"https:\/\/candas365.es\/noticias\/alemania-se-presentara-en-la-itb-berlin-con-cifras-de-reservas-record\/#newsarticle","name":"Alemania se presentar\u00e1 en la ITB Berl\u00edn con cifras de reservas r\u00e9cord | Cand\u00e1s 365","headline":"Alemania se presentar\u00e1 en la ITB Berl\u00edn con cifras de reservas r\u00e9cord","author":{"@id":"https:\/\/candas365.es\/noticias\/author\/admin\/#author"},"publisher":{"@id":"https:\/\/candas365.es\/noticias\/#organization"},"image":{"@type":"ImageObject","url":"https:\/\/candas365.es\/noticias\/wp-content\/uploads\/2024\/03\/Berlin.jpg","width":640,"height":427,"caption":"Berl\u00edn"},"datePublished":"2024-03-05T21:04:49+01:00","dateModified":"2024-03-05T21:04:49+01:00","inLanguage":"es-ES","mainEntityOfPage":{"@id":"https:\/\/candas365.es\/noticias\/alemania-se-presentara-en-la-itb-berlin-con-cifras-de-reservas-record\/#webpage"},"isPartOf":{"@id":"https:\/\/candas365.es\/noticias\/alemania-se-presentara-en-la-itb-berlin-con-cifras-de-reservas-record\/#webpage"},"articleSection":"Turismo, turismo","dateline":"Publicado el marzo 5, 2024."},{"@type":"Organization","@id":"https:\/\/candas365.es\/noticias\/#organization","name":"Cand\u00e1s 365","description":"Cand\u00e1s 365 es un diario digital independiente, fundado en 2012, con base en Asturias. Informamos con rigor sobre actualidad, sociedad, cultura y ocio, con una mirada local y global.","url":"https:\/\/candas365.es\/noticias\/","email":"info@candas365.es","telephone":"+34652131393","foundingDate":"2012-06-10","logo":{"@type":"ImageObject","url":"https:\/\/candas365.es\/noticias\/wp-content\/uploads\/2024\/09\/Candas-365-Redes.jpg","@id":"https:\/\/candas365.es\/noticias\/alemania-se-presentara-en-la-itb-berlin-con-cifras-de-reservas-record\/#organizationLogo","width":1152,"height":864,"caption":"Cand\u00e1s 365 Redes"},"image":{"@id":"https:\/\/candas365.es\/noticias\/alemania-se-presentara-en-la-itb-berlin-con-cifras-de-reservas-record\/#organizationLogo"},"sameAs":["https:\/\/www.facebook.com\/Nachofdezber","https:\/\/x.com\/NabercoDigital","https:\/\/www.instagram.com\/nachofdezber\/","https:\/\/www.youtube.com\/channel\/UCZP-2wLEB9Rv6erhFmqVnvg"],"address":{"@id":"https:\/\/candas365.es\/noticias\/#postaladdress","@type":"PostalAddress","streetAddress":"san antonio 4, san antonio 4","postalCode":"33430","addressLocality":"Cand\u00e1s","addressRegion":"Asturias","addressCountry":"ES"}},{"@type":"Person","@id":"https:\/\/candas365.es\/noticias\/author\/admin\/#author","url":"https:\/\/candas365.es\/noticias\/author\/admin\/","name":"Cand\u00e1s 365","image":{"@type":"ImageObject","@id":"https:\/\/candas365.es\/noticias\/alemania-se-presentara-en-la-itb-berlin-con-cifras-de-reservas-record\/#authorImage","url":"https:\/\/secure.gravatar.com\/avatar\/496a8e03d0c493ede1718b7934145dbdf8d89be1036b0eec9544e1094c9de390?s=96&d=mm&r=g","width":96,"height":96,"caption":"Cand\u00e1s 365"},"sameAs":["https:\/\/www.facebook.com\/carrenoactualidad","https:\/\/twitter.com\/nbasturias","https:\/\/www.instagram.com\/nachofdezber\/","https:\/\/www.youtube.com\/channel\/UCZP-2wLEB9Rv6erhFmqVnvg"]},{"@type":"WebPage","@id":"https:\/\/candas365.es\/noticias\/alemania-se-presentara-en-la-itb-berlin-con-cifras-de-reservas-record\/#webpage","url":"https:\/\/candas365.es\/noticias\/alemania-se-presentara-en-la-itb-berlin-con-cifras-de-reservas-record\/","name":"Alemania se presentar\u00e1 en la ITB Berl\u00edn con cifras de reservas r\u00e9cord | Cand\u00e1s 365","description":"Berl\u00edn, 4 mar (dpa) - La industria alemana del turismo tiene motivos para afrontar con optimismo el inicio de la mayor feria mundial del sector, la ITB Berl\u00edn","inLanguage":"es-ES","isPartOf":{"@id":"https:\/\/candas365.es\/noticias\/#website"},"breadcrumb":{"@id":"https:\/\/candas365.es\/noticias\/alemania-se-presentara-en-la-itb-berlin-con-cifras-de-reservas-record\/#breadcrumblist"},"author":{"@id":"https:\/\/candas365.es\/noticias\/author\/admin\/#author"},"creator":{"@id":"https:\/\/candas365.es\/noticias\/author\/admin\/#author"},"image":{"@type":"ImageObject","url":"https:\/\/candas365.es\/noticias\/wp-content\/uploads\/2024\/03\/Berlin.jpg","@id":"https:\/\/candas365.es\/noticias\/alemania-se-presentara-en-la-itb-berlin-con-cifras-de-reservas-record\/#mainImage","width":640,"height":427,"caption":"Berl\u00edn"},"primaryImageOfPage":{"@id":"https:\/\/candas365.es\/noticias\/alemania-se-presentara-en-la-itb-berlin-con-cifras-de-reservas-record\/#mainImage"},"datePublished":"2024-03-05T21:04:49+01:00","dateModified":"2024-03-05T21:04:49+01:00"},{"@type":"WebSite","@id":"https:\/\/candas365.es\/noticias\/#website","url":"https:\/\/candas365.es\/noticias\/","name":"Cand\u00e1s 365","alternateName":"Cand\u00e1s 365 Noticias","description":"Actualidad desde Carre\u00f1o para el mundo","inLanguage":"es-ES","publisher":{"@id":"https:\/\/candas365.es\/noticias\/#organization"}}]},"og:locale":"es_ES","og:site_name":"Cand\u00e1s 365","og:type":"article","og:title":"Alemania se presentar\u00e1 en la ITB Berl\u00edn con cifras de reservas r\u00e9cord | Cand\u00e1s 365","og:description":"Berl\u00edn, 4 mar (dpa) - La industria alemana del turismo tiene motivos para afrontar con optimismo el inicio de la mayor feria mundial del sector, la ITB Berl\u00edn","og:url":"https:\/\/candas365.es\/noticias\/alemania-se-presentara-en-la-itb-berlin-con-cifras-de-reservas-record\/","og:image":"https:\/\/candas365.es\/noticias\/wp-content\/uploads\/2024\/03\/Berlin.jpg","og:image:secure_url":"https:\/\/candas365.es\/noticias\/wp-content\/uploads\/2024\/03\/Berlin.jpg","og:image:width":640,"og:image:height":427,"article:published_time":"2024-03-05T20:04:49+00:00","article:modified_time":"2024-03-05T20:04:49+00:00","article:publisher":"https:\/\/www.facebook.com\/Nachofdezber","article:author":"https:\/\/www.facebook.com\/carrenoactualidad","twitter:card":"summary_large_image","twitter:site":"@NabercoDigital","twitter:title":"Alemania se presentar\u00e1 en la ITB Berl\u00edn con cifras de reservas r\u00e9cord | Cand\u00e1s 365","twitter:description":"Berl\u00edn, 4 mar (dpa) - La industria alemana del turismo tiene motivos para afrontar con optimismo el inicio de la mayor feria mundial del sector, la ITB Berl\u00edn","twitter:creator":"@nbasturias","twitter:image":"https:\/\/candas365.es\/noticias\/wp-content\/uploads\/2024\/03\/Berlin.jpg","twitter:label1":"Escrito por","twitter:data1":"Cand\u00e1s 365","twitter:label2":"Tiempo de lectura estimado","twitter:data2":"4 minutos"},"aioseo_meta_data":{"post_id":"178699","title":null,"description":"Berl\u00edn, 4 mar (dpa) - La industria alemana del turismo tiene motivos para afrontar con optimismo el inicio de la mayor feria mundial del sector, la ITB Berl\u00edn","keywords":[],"keyphrases":{"focus":{"keyphrase":"Berl\u00edn","score":78,"analysis":{"keyphraseInTitle":{"score":9,"maxScore":9,"error":0},"keyphraseInDescription":{"score":9,"maxScore":9,"error":0},"keyphraseLength":{"score":9,"maxScore":9,"error":0,"length":2},"keyphraseInURL":{"score":1,"maxScore":5,"error":1},"keyphraseInIntroduction":{"score":9,"maxScore":9,"error":0},"keyphraseInSubHeadings":[],"keyphraseInImageAlt":{"score":9,"maxScore":9,"error":0},"keywordDensity":{"score":0,"type":"low","maxScore":9,"error":1}}},"additional":[{"keyphrase":"Berl\u00edn","score":80,"analysis":{"keyphraseInDescription":{"score":9,"maxScore":9,"error":0},"keyphraseLength":{"score":9,"maxScore":9,"error":0,"length":2},"keyphraseInIntroduction":{"score":9,"maxScore":9,"error":0},"keyphraseInImageAlt":{"score":9,"maxScore":9,"error":0},"keywordDensity":{"score":0,"type":"low","maxScore":9,"error":1}}}]},"primary_term":null,"canonical_url":null,"og_title":null,"og_description":null,"og_object_type":"default","og_image_type":"default","og_image_url":null,"og_image_width":null,"og_image_height":null,"og_image_custom_url":null,"og_image_custom_fields":null,"og_video":"","og_custom_url":null,"og_article_section":null,"og_article_tags":[],"twitter_use_og":false,"twitter_card":"default","twitter_image_type":"default","twitter_image_url":null,"twitter_image_custom_url":null,"twitter_image_custom_fields":null,"twitter_title":null,"twitter_description":null,"schema":{"blockGraphs":[],"customGraphs":[],"default":{"data":{"Article":[],"Course":[],"Dataset":[],"FAQPage":[],"Movie":[],"Person":[],"Product":[],"ProductReview":[],"Car":[],"Recipe":[],"Service":[],"SoftwareApplication":[],"WebPage":[]},"graphName":"Article","isEnabled":true},"graphs":[]},"schema_type":"default","schema_type_options":null,"pillar_content":false,"robots_default":true,"robots_noindex":false,"robots_noarchive":false,"robots_nosnippet":false,"robots_nofollow":false,"robots_noimageindex":false,"robots_noodp":false,"robots_notranslate":false,"robots_max_snippet":"-1","robots_max_videopreview":"-1","robots_max_imagepreview":"large","priority":null,"frequency":"default","location":null,"local_seo":null,"seo_analyzer_scan_date":"2025-09-02 04:58:20","breadcrumb_settings":null,"limit_modified_date":false,"reviewed_by":null,"open_ai":"{\"title\":{\"suggestions\":[],\"usage\":0},\"description\":{\"suggestions\":[],\"usage\":0}}","ai":null,"created":"2024-03-05 19:56:40","updated":"2025-09-02 04:58:20"},"aioseo_breadcrumb":"<div class=\"aioseo-breadcrumbs\"><span class=\"aioseo-breadcrumb\">\n\t<a href=\"https:\/\/candas365.es\/noticias\" title=\"Home\">Home<\/a>\n<\/span><span class=\"aioseo-breadcrumb-separator\">&ndash;<\/span><span class=\"aioseo-breadcrumb\">\n\t<a href=\"https:\/\/candas365.es\/noticias\/category\/turismo\/\" title=\"Turismo\">Turismo<\/a>\n<\/span><span class=\"aioseo-breadcrumb-separator\">&ndash;<\/span><span class=\"aioseo-breadcrumb\">\n\tAlemania se presentar\u00e1 en la ITB Berl\u00edn con cifras de reservas r\u00e9cord\n<\/span><\/div>","aioseo_breadcrumb_json":[{"label":"Home","link":"https:\/\/candas365.es\/noticias"},{"label":"Turismo","link":"https:\/\/candas365.es\/noticias\/category\/turismo\/"},{"label":"Alemania se presentar\u00e1 en la ITB Berl\u00edn con cifras de reservas r\u00e9cord","link":"https:\/\/candas365.es\/noticias\/alemania-se-presentara-en-la-itb-berlin-con-cifras-de-reservas-record\/"}],"_links":{"self":[{"href":"https:\/\/candas365.es\/noticias\/wp-json\/wp\/v2\/posts\/178699","targetHints":{"allow":["GET"]}}],"collection":[{"href":"https:\/\/candas365.es\/noticias\/wp-json\/wp\/v2\/posts"}],"about":[{"href":"https:\/\/candas365.es\/noticias\/wp-json\/wp\/v2\/types\/post"}],"author":[{"embeddable":true,"href":"https:\/\/candas365.es\/noticias\/wp-json\/wp\/v2\/users\/1"}],"replies":[{"embeddable":true,"href":"https:\/\/candas365.es\/noticias\/wp-json\/wp\/v2\/comments?post=178699"}],"version-history":[{"count":0,"href":"https:\/\/candas365.es\/noticias\/wp-json\/wp\/v2\/posts\/178699\/revisions"}],"wp:featuredmedia":[{"embeddable":true,"href":"https:\/\/candas365.es\/noticias\/wp-json\/wp\/v2\/media\/178700"}],"wp:attachment":[{"href":"https:\/\/candas365.es\/noticias\/wp-json\/wp\/v2\/media?parent=178699"}],"wp:term":[{"taxonomy":"category","embeddable":true,"href":"https:\/\/candas365.es\/noticias\/wp-json\/wp\/v2\/categories?post=178699"},{"taxonomy":"post_tag","embeddable":true,"href":"https:\/\/candas365.es\/noticias\/wp-json\/wp\/v2\/tags?post=178699"}],"curies":[{"name":"wp","href":"https:\/\/api.w.org\/{rel}","templated":true}]}}