{"id":178670,"date":"2024-03-03T03:20:55","date_gmt":"2024-03-03T02:20:55","guid":{"rendered":"https:\/\/candas365.es\/noticias\/?p=178670"},"modified":"2024-03-03T03:20:55","modified_gmt":"2024-03-03T02:20:55","slug":"javier-jove-vox-se-opone-frontalmente-a-aprobar-la-especialidad-de-llingua","status":"publish","type":"post","link":"https:\/\/candas365.es\/noticias\/javier-jove-vox-se-opone-frontalmente-a-aprobar-la-especialidad-de-llingua\/","title":{"rendered":"Javier Jov\u00e9: \u00abVOX se opone frontalmente a aprobar la especialidad de llingua\u00bb"},"content":{"rendered":"<p>El diputado de VOX, <a href=\"https:\/\/candas365.es\/noticias\/javier-jove-las-viviendas-publicas-de-asturias-estan-convirtiendose-en-autenticos-guetos\/\"><span style=\"color: #ff6600;\"><strong>Javier Jov\u00e9<\/strong><\/span><\/a>, ha salido al paso de la reclamaci\u00f3n efectuada\u00a0 por la <strong>Academia de la Llingua Asturiana<\/strong> (ALLA) reclamando a los partidos pol\u00edticos parlamentarios \u2018democr\u00e1ticos\u2019 que \u2018pacten un modelo de oficialidad\u2019 para la regi\u00f3n afirmando que \u201casistimos a una ofensiva de quienes quieren imponer a los asturianos el engendro de la llingua\u201d.<\/p>\n<figure id=\"attachment_178671\" aria-describedby=\"caption-attachment-178671\" style=\"width: 650px\" class=\"wp-caption aligncenter\"><img fetchpriority=\"high\" decoding=\"async\" class=\"size-large wp-image-178671\" src=\"https:\/\/candas365.es\/noticias\/wp-content\/uploads\/2024\/03\/Jove-Vox-Asturias-650x412.jpg\" alt=\"Jov\u00e9 Vox Asturias\" width=\"650\" height=\"412\" srcset=\"https:\/\/candas365.es\/noticias\/wp-content\/uploads\/2024\/03\/Jove-Vox-Asturias-650x412.jpg 650w, https:\/\/candas365.es\/noticias\/wp-content\/uploads\/2024\/03\/Jove-Vox-Asturias-360x228.jpg 360w, https:\/\/candas365.es\/noticias\/wp-content\/uploads\/2024\/03\/Jove-Vox-Asturias-768x486.jpg 768w, https:\/\/candas365.es\/noticias\/wp-content\/uploads\/2024\/03\/Jove-Vox-Asturias-150x95.jpg 150w, https:\/\/candas365.es\/noticias\/wp-content\/uploads\/2024\/03\/Jove-Vox-Asturias-450x285.jpg 450w, https:\/\/candas365.es\/noticias\/wp-content\/uploads\/2024\/03\/Jove-Vox-Asturias.jpg 1003w\" sizes=\"(max-width: 650px) 100vw, 650px\" \/><figcaption id=\"caption-attachment-178671\" class=\"wp-caption-text\">Prensa: VOX Asturias<\/figcaption><\/figure>\n<p>\u201cUna ofensiva -continu\u00f3 Javier Jov\u00e9- que amenaza la convivencia social de<span style=\"color: #ff6600;\"><strong> <a style=\"color: #ff6600;\" href=\"https:\/\/www.eldigitaldeasturias.com\/noticias\/category\/actualidad-asturias\/\" target=\"_blank\" rel=\"noopener\">Asturias<\/a><\/strong><\/span> y que trata de instalar en nuestra regi\u00f3n el clima de confrontaci\u00f3n y divisi\u00f3n que reina en todas las regiones con lenguas cooficiales. Quieren imponernos una cooficialidad por la v\u00eda de hecho, inconstitucional y sin consultar a los asturianos\u201d.<\/p>\n<p>A juicio del diputado de VOX, este proyecto de imponer la llingua <strong>\u201cno s\u00f3lo es un disparate econ\u00f3mico que nos costar\u00eda la friolera de 200 millones de euros al a\u00f1o\u201d, sino tambi\u00e9n \u201cun mastod\u00f3ntico chiringuito del que muchos aspiran a vivir\u201d.<\/strong><\/p>\n<p>Por todo ello considera que \u201chay que parar este delirio y dejar de seguir engordando la red clientelar que se nutre de este proyecto tan da\u00f1ino como innecesario, motivo por el cual VOX se opone frontalmente a aprobar la especialidad de llingua bajo la que quieren cobijarse quienes han hecho del negocio de este engendro su medio de vida\u201d.<\/p>\n","protected":false},"excerpt":{"rendered":"<p>El diputado de VOX, Javier Jov\u00e9, ha salido al paso de la reclamaci\u00f3n efectuada\u00a0 por la Academia de la Llingua Asturiana (ALLA) reclamando a los partidos pol\u00edticos parlamentarios \u2018democr\u00e1ticos\u2019 que \u2018pacten un modelo de oficialidad\u2019 para la regi\u00f3n afirmando que \u201casistimos a una ofensiva de quienes quieren imponer a los asturianos el engendro de la<\/p>\n","protected":false},"author":1,"featured_media":178671,"comment_status":"closed","ping_status":"closed","sticky":false,"template":"","format":"standard","meta":{"footnotes":""},"categories":[7],"tags":[470,477],"class_list":{"0":"post-178670","1":"post","2":"type-post","3":"status-publish","4":"format-standard","5":"has-post-thumbnail","7":"category-asturias","8":"tag-politica","9":"tag-vox"},"aioseo_notices":[],"aioseo_head":"\n\t\t<!-- All in One SEO Pro 4.9.6.2 - aioseo.com -->\n\t<meta name=\"description\" content=\"El diputado de VOX, Javier Jov\u00e9, ha salido al paso de la reclamaci\u00f3n efectuada por la Academia de la Llingua Asturiana (ALLA) reclamando a los partidos\" \/>\n\t<meta name=\"robots\" content=\"max-image-preview:large\" \/>\n\t<meta name=\"author\" content=\"Cand\u00e1s 365\"\/>\n\t<meta name=\"google-site-verification\" content=\"UA-32230408-1\" \/>\n\t<meta name=\"msvalidate.01\" content=\"354F3CDFB2DA171B47FBE9ABF1F88D5\" \/>\n\t<meta name=\"keywords\" content=\"asturias\" \/>\n\t<link rel=\"canonical\" href=\"https:\/\/candas365.es\/noticias\/javier-jove-vox-se-opone-frontalmente-a-aprobar-la-especialidad-de-llingua\/\" \/>\n\t<meta name=\"generator\" content=\"All in One SEO Pro (AIOSEO) 4.9.6.2\" \/>\n\t\t<meta property=\"og:locale\" content=\"es_ES\" \/>\n\t\t<meta property=\"og:site_name\" content=\"Cand\u00e1s 365\" \/>\n\t\t<meta property=\"og:type\" content=\"article\" \/>\n\t\t<meta property=\"og:title\" content=\"Javier Jov\u00e9: \u00abVOX se opone frontalmente a aprobar la especialidad de llingua\u00bb | Cand\u00e1s 365\" \/>\n\t\t<meta property=\"og:description\" content=\"El diputado de VOX, Javier Jov\u00e9, ha salido al paso de la reclamaci\u00f3n efectuada por la Academia de la Llingua Asturiana (ALLA) reclamando a los partidos\" \/>\n\t\t<meta property=\"og:url\" content=\"https:\/\/candas365.es\/noticias\/javier-jove-vox-se-opone-frontalmente-a-aprobar-la-especialidad-de-llingua\/\" \/>\n\t\t<meta property=\"og:image\" content=\"https:\/\/candas365.es\/noticias\/wp-content\/uploads\/2024\/03\/Jove-Vox-Asturias.jpg\" \/>\n\t\t<meta property=\"og:image:secure_url\" content=\"https:\/\/candas365.es\/noticias\/wp-content\/uploads\/2024\/03\/Jove-Vox-Asturias.jpg\" \/>\n\t\t<meta property=\"og:image:width\" content=\"1003\" \/>\n\t\t<meta property=\"og:image:height\" content=\"635\" \/>\n\t\t<meta property=\"article:published_time\" content=\"2024-03-03T02:20:55+00:00\" \/>\n\t\t<meta property=\"article:modified_time\" content=\"2024-03-03T02:20:55+00:00\" \/>\n\t\t<meta property=\"article:publisher\" content=\"https:\/\/www.facebook.com\/Nachofdezber\" \/>\n\t\t<meta property=\"article:author\" content=\"https:\/\/www.facebook.com\/carrenoactualidad\" \/>\n\t\t<meta name=\"twitter:card\" content=\"summary_large_image\" \/>\n\t\t<meta name=\"twitter:site\" content=\"@NabercoDigital\" \/>\n\t\t<meta name=\"twitter:title\" content=\"Javier Jov\u00e9: \u00abVOX se opone frontalmente a aprobar la especialidad de llingua\u00bb | Cand\u00e1s 365\" \/>\n\t\t<meta name=\"twitter:description\" content=\"El diputado de VOX, Javier Jov\u00e9, ha salido al paso de la reclamaci\u00f3n efectuada por la Academia de la Llingua Asturiana (ALLA) reclamando a los partidos\" \/>\n\t\t<meta name=\"twitter:creator\" content=\"@nbasturias\" \/>\n\t\t<meta name=\"twitter:image\" content=\"https:\/\/candas365.es\/noticias\/wp-content\/uploads\/2024\/03\/Jove-Vox-Asturias.jpg\" \/>\n\t\t<meta name=\"twitter:label1\" content=\"Escrito por\" \/>\n\t\t<meta name=\"twitter:data1\" content=\"Cand\u00e1s 365\" \/>\n\t\t<meta name=\"twitter:label2\" content=\"Tiempo de lectura estimado\" \/>\n\t\t<meta name=\"twitter:data2\" content=\"1 minuto\" \/>\n\t\t<script type=\"application\/ld+json\" class=\"aioseo-schema\">\n\t\t\t{\"@context\":\"https:\\\/\\\/schema.org\",\"@graph\":[{\"@type\":\"BreadcrumbList\",\"@id\":\"https:\\\/\\\/candas365.es\\\/noticias\\\/javier-jove-vox-se-opone-frontalmente-a-aprobar-la-especialidad-de-llingua\\\/#breadcrumblist\",\"itemListElement\":[{\"@type\":\"ListItem\",\"@id\":\"https:\\\/\\\/candas365.es\\\/noticias#listItem\",\"position\":1,\"name\":\"Home\",\"item\":\"https:\\\/\\\/candas365.es\\\/noticias\",\"nextItem\":{\"@type\":\"ListItem\",\"@id\":\"https:\\\/\\\/candas365.es\\\/noticias\\\/category\\\/asturias\\\/#listItem\",\"name\":\"Asturias\"}},{\"@type\":\"ListItem\",\"@id\":\"https:\\\/\\\/candas365.es\\\/noticias\\\/category\\\/asturias\\\/#listItem\",\"position\":2,\"name\":\"Asturias\",\"item\":\"https:\\\/\\\/candas365.es\\\/noticias\\\/category\\\/asturias\\\/\",\"nextItem\":{\"@type\":\"ListItem\",\"@id\":\"https:\\\/\\\/candas365.es\\\/noticias\\\/javier-jove-vox-se-opone-frontalmente-a-aprobar-la-especialidad-de-llingua\\\/#listItem\",\"name\":\"Javier Jov\\u00e9: \\u00abVOX se opone frontalmente a aprobar la especialidad de llingua\\u00bb\"},\"previousItem\":{\"@type\":\"ListItem\",\"@id\":\"https:\\\/\\\/candas365.es\\\/noticias#listItem\",\"name\":\"Home\"}},{\"@type\":\"ListItem\",\"@id\":\"https:\\\/\\\/candas365.es\\\/noticias\\\/javier-jove-vox-se-opone-frontalmente-a-aprobar-la-especialidad-de-llingua\\\/#listItem\",\"position\":3,\"name\":\"Javier Jov\\u00e9: \\u00abVOX se opone frontalmente a aprobar la especialidad de llingua\\u00bb\",\"previousItem\":{\"@type\":\"ListItem\",\"@id\":\"https:\\\/\\\/candas365.es\\\/noticias\\\/category\\\/asturias\\\/#listItem\",\"name\":\"Asturias\"}}]},{\"@type\":\"NewsArticle\",\"@id\":\"https:\\\/\\\/candas365.es\\\/noticias\\\/javier-jove-vox-se-opone-frontalmente-a-aprobar-la-especialidad-de-llingua\\\/#newsarticle\",\"name\":\"Javier Jov\\u00e9: \\u00abVOX se opone frontalmente a aprobar la especialidad de llingua\\u00bb | Cand\\u00e1s 365\",\"headline\":\"Javier Jov\\u00e9: \\u00abVOX se opone frontalmente a aprobar la especialidad de llingua\\u00bb\",\"author\":{\"@id\":\"https:\\\/\\\/candas365.es\\\/noticias\\\/author\\\/admin\\\/#author\"},\"publisher\":{\"@id\":\"https:\\\/\\\/candas365.es\\\/noticias\\\/#organization\"},\"image\":{\"@type\":\"ImageObject\",\"url\":\"https:\\\/\\\/candas365.es\\\/noticias\\\/wp-content\\\/uploads\\\/2024\\\/03\\\/Jove-Vox-Asturias.jpg\",\"width\":1003,\"height\":635,\"caption\":\"Prensa: VOX Asturias\"},\"datePublished\":\"2024-03-03T03:20:55+01:00\",\"dateModified\":\"2024-03-03T03:20:55+01:00\",\"inLanguage\":\"es-ES\",\"mainEntityOfPage\":{\"@id\":\"https:\\\/\\\/candas365.es\\\/noticias\\\/javier-jove-vox-se-opone-frontalmente-a-aprobar-la-especialidad-de-llingua\\\/#webpage\"},\"isPartOf\":{\"@id\":\"https:\\\/\\\/candas365.es\\\/noticias\\\/javier-jove-vox-se-opone-frontalmente-a-aprobar-la-especialidad-de-llingua\\\/#webpage\"},\"articleSection\":\"Asturias, pol\\u00edtica, VOX\",\"dateline\":\"Publicado el marzo 3, 2024.\"},{\"@type\":\"Organization\",\"@id\":\"https:\\\/\\\/candas365.es\\\/noticias\\\/#organization\",\"name\":\"Cand\\u00e1s 365\",\"description\":\"Cand\\u00e1s 365 es un diario digital independiente, fundado en 2012, con base en Asturias. Informamos con rigor sobre actualidad, sociedad, cultura y ocio, con una mirada local y global.\",\"url\":\"https:\\\/\\\/candas365.es\\\/noticias\\\/\",\"email\":\"info@candas365.es\",\"telephone\":\"+34652131393\",\"foundingDate\":\"2012-06-10\",\"logo\":{\"@type\":\"ImageObject\",\"url\":\"https:\\\/\\\/candas365.es\\\/noticias\\\/wp-content\\\/uploads\\\/2024\\\/09\\\/Candas-365-Redes.jpg\",\"@id\":\"https:\\\/\\\/candas365.es\\\/noticias\\\/javier-jove-vox-se-opone-frontalmente-a-aprobar-la-especialidad-de-llingua\\\/#organizationLogo\",\"width\":1152,\"height\":864,\"caption\":\"Cand\\u00e1s 365 Redes\"},\"image\":{\"@id\":\"https:\\\/\\\/candas365.es\\\/noticias\\\/javier-jove-vox-se-opone-frontalmente-a-aprobar-la-especialidad-de-llingua\\\/#organizationLogo\"},\"sameAs\":[\"https:\\\/\\\/www.facebook.com\\\/Nachofdezber\",\"https:\\\/\\\/x.com\\\/NabercoDigital\",\"https:\\\/\\\/www.instagram.com\\\/nachofdezber\\\/\",\"https:\\\/\\\/www.youtube.com\\\/channel\\\/UCZP-2wLEB9Rv6erhFmqVnvg\"],\"address\":{\"@id\":\"https:\\\/\\\/candas365.es\\\/noticias\\\/#postaladdress\",\"@type\":\"PostalAddress\",\"streetAddress\":\"san antonio 4, san antonio 4\",\"postalCode\":\"33430\",\"addressLocality\":\"Cand\\u00e1s\",\"addressRegion\":\"Asturias\",\"addressCountry\":\"ES\"}},{\"@type\":\"Person\",\"@id\":\"https:\\\/\\\/candas365.es\\\/noticias\\\/author\\\/admin\\\/#author\",\"url\":\"https:\\\/\\\/candas365.es\\\/noticias\\\/author\\\/admin\\\/\",\"name\":\"Cand\\u00e1s 365\",\"image\":{\"@type\":\"ImageObject\",\"@id\":\"https:\\\/\\\/candas365.es\\\/noticias\\\/javier-jove-vox-se-opone-frontalmente-a-aprobar-la-especialidad-de-llingua\\\/#authorImage\",\"url\":\"https:\\\/\\\/secure.gravatar.com\\\/avatar\\\/496a8e03d0c493ede1718b7934145dbdf8d89be1036b0eec9544e1094c9de390?s=96&d=mm&r=g\",\"width\":96,\"height\":96,\"caption\":\"Cand\\u00e1s 365\"},\"sameAs\":[\"https:\\\/\\\/www.facebook.com\\\/carrenoactualidad\",\"https:\\\/\\\/twitter.com\\\/nbasturias\",\"https:\\\/\\\/www.instagram.com\\\/nachofdezber\\\/\",\"https:\\\/\\\/www.youtube.com\\\/channel\\\/UCZP-2wLEB9Rv6erhFmqVnvg\"]},{\"@type\":\"WebPage\",\"@id\":\"https:\\\/\\\/candas365.es\\\/noticias\\\/javier-jove-vox-se-opone-frontalmente-a-aprobar-la-especialidad-de-llingua\\\/#webpage\",\"url\":\"https:\\\/\\\/candas365.es\\\/noticias\\\/javier-jove-vox-se-opone-frontalmente-a-aprobar-la-especialidad-de-llingua\\\/\",\"name\":\"Javier Jov\\u00e9: \\u00abVOX se opone frontalmente a aprobar la especialidad de llingua\\u00bb | Cand\\u00e1s 365\",\"description\":\"El diputado de VOX, Javier Jov\\u00e9, ha salido al paso de la reclamaci\\u00f3n efectuada por la Academia de la Llingua Asturiana (ALLA) reclamando a los partidos\",\"inLanguage\":\"es-ES\",\"isPartOf\":{\"@id\":\"https:\\\/\\\/candas365.es\\\/noticias\\\/#website\"},\"breadcrumb\":{\"@id\":\"https:\\\/\\\/candas365.es\\\/noticias\\\/javier-jove-vox-se-opone-frontalmente-a-aprobar-la-especialidad-de-llingua\\\/#breadcrumblist\"},\"author\":{\"@id\":\"https:\\\/\\\/candas365.es\\\/noticias\\\/author\\\/admin\\\/#author\"},\"creator\":{\"@id\":\"https:\\\/\\\/candas365.es\\\/noticias\\\/author\\\/admin\\\/#author\"},\"image\":{\"@type\":\"ImageObject\",\"url\":\"https:\\\/\\\/candas365.es\\\/noticias\\\/wp-content\\\/uploads\\\/2024\\\/03\\\/Jove-Vox-Asturias.jpg\",\"@id\":\"https:\\\/\\\/candas365.es\\\/noticias\\\/javier-jove-vox-se-opone-frontalmente-a-aprobar-la-especialidad-de-llingua\\\/#mainImage\",\"width\":1003,\"height\":635,\"caption\":\"Prensa: VOX Asturias\"},\"primaryImageOfPage\":{\"@id\":\"https:\\\/\\\/candas365.es\\\/noticias\\\/javier-jove-vox-se-opone-frontalmente-a-aprobar-la-especialidad-de-llingua\\\/#mainImage\"},\"datePublished\":\"2024-03-03T03:20:55+01:00\",\"dateModified\":\"2024-03-03T03:20:55+01:00\"},{\"@type\":\"WebSite\",\"@id\":\"https:\\\/\\\/candas365.es\\\/noticias\\\/#website\",\"url\":\"https:\\\/\\\/candas365.es\\\/noticias\\\/\",\"name\":\"Cand\\u00e1s 365\",\"alternateName\":\"Cand\\u00e1s 365 Noticias\",\"description\":\"Actualidad desde Carre\\u00f1o para el mundo\",\"inLanguage\":\"es-ES\",\"publisher\":{\"@id\":\"https:\\\/\\\/candas365.es\\\/noticias\\\/#organization\"}}]}\n\t\t<\/script>\n\t\t<!-- All in One SEO Pro -->\r\n\t\t<title>Javier Jov\u00e9: \u00abVOX se opone frontalmente a aprobar la especialidad de llingua\u00bb | Cand\u00e1s 365<\/title>\n\n","aioseo_head_json":{"title":"Javier Jov\u00e9: \u00abVOX se opone frontalmente a aprobar la especialidad de llingua\u00bb | Cand\u00e1s 365","description":"El diputado de VOX, Javier Jov\u00e9, ha salido al paso de la reclamaci\u00f3n efectuada por la Academia de la Llingua Asturiana (ALLA) reclamando a los partidos","canonical_url":"https:\/\/candas365.es\/noticias\/javier-jove-vox-se-opone-frontalmente-a-aprobar-la-especialidad-de-llingua\/","robots":"max-image-preview:large","keywords":"asturias","webmasterTools":{"google-site-verification":"UA-32230408-1","msvalidate.01":"354F3CDFB2DA171B47FBE9ABF1F88D5","miscellaneous":""},"schema":{"@context":"https:\/\/schema.org","@graph":[{"@type":"BreadcrumbList","@id":"https:\/\/candas365.es\/noticias\/javier-jove-vox-se-opone-frontalmente-a-aprobar-la-especialidad-de-llingua\/#breadcrumblist","itemListElement":[{"@type":"ListItem","@id":"https:\/\/candas365.es\/noticias#listItem","position":1,"name":"Home","item":"https:\/\/candas365.es\/noticias","nextItem":{"@type":"ListItem","@id":"https:\/\/candas365.es\/noticias\/category\/asturias\/#listItem","name":"Asturias"}},{"@type":"ListItem","@id":"https:\/\/candas365.es\/noticias\/category\/asturias\/#listItem","position":2,"name":"Asturias","item":"https:\/\/candas365.es\/noticias\/category\/asturias\/","nextItem":{"@type":"ListItem","@id":"https:\/\/candas365.es\/noticias\/javier-jove-vox-se-opone-frontalmente-a-aprobar-la-especialidad-de-llingua\/#listItem","name":"Javier Jov\u00e9: \u00abVOX se opone frontalmente a aprobar la especialidad de llingua\u00bb"},"previousItem":{"@type":"ListItem","@id":"https:\/\/candas365.es\/noticias#listItem","name":"Home"}},{"@type":"ListItem","@id":"https:\/\/candas365.es\/noticias\/javier-jove-vox-se-opone-frontalmente-a-aprobar-la-especialidad-de-llingua\/#listItem","position":3,"name":"Javier Jov\u00e9: \u00abVOX se opone frontalmente a aprobar la especialidad de llingua\u00bb","previousItem":{"@type":"ListItem","@id":"https:\/\/candas365.es\/noticias\/category\/asturias\/#listItem","name":"Asturias"}}]},{"@type":"NewsArticle","@id":"https:\/\/candas365.es\/noticias\/javier-jove-vox-se-opone-frontalmente-a-aprobar-la-especialidad-de-llingua\/#newsarticle","name":"Javier Jov\u00e9: \u00abVOX se opone frontalmente a aprobar la especialidad de llingua\u00bb | Cand\u00e1s 365","headline":"Javier Jov\u00e9: \u00abVOX se opone frontalmente a aprobar la especialidad de llingua\u00bb","author":{"@id":"https:\/\/candas365.es\/noticias\/author\/admin\/#author"},"publisher":{"@id":"https:\/\/candas365.es\/noticias\/#organization"},"image":{"@type":"ImageObject","url":"https:\/\/candas365.es\/noticias\/wp-content\/uploads\/2024\/03\/Jove-Vox-Asturias.jpg","width":1003,"height":635,"caption":"Prensa: VOX Asturias"},"datePublished":"2024-03-03T03:20:55+01:00","dateModified":"2024-03-03T03:20:55+01:00","inLanguage":"es-ES","mainEntityOfPage":{"@id":"https:\/\/candas365.es\/noticias\/javier-jove-vox-se-opone-frontalmente-a-aprobar-la-especialidad-de-llingua\/#webpage"},"isPartOf":{"@id":"https:\/\/candas365.es\/noticias\/javier-jove-vox-se-opone-frontalmente-a-aprobar-la-especialidad-de-llingua\/#webpage"},"articleSection":"Asturias, pol\u00edtica, VOX","dateline":"Publicado el marzo 3, 2024."},{"@type":"Organization","@id":"https:\/\/candas365.es\/noticias\/#organization","name":"Cand\u00e1s 365","description":"Cand\u00e1s 365 es un diario digital independiente, fundado en 2012, con base en Asturias. Informamos con rigor sobre actualidad, sociedad, cultura y ocio, con una mirada local y global.","url":"https:\/\/candas365.es\/noticias\/","email":"info@candas365.es","telephone":"+34652131393","foundingDate":"2012-06-10","logo":{"@type":"ImageObject","url":"https:\/\/candas365.es\/noticias\/wp-content\/uploads\/2024\/09\/Candas-365-Redes.jpg","@id":"https:\/\/candas365.es\/noticias\/javier-jove-vox-se-opone-frontalmente-a-aprobar-la-especialidad-de-llingua\/#organizationLogo","width":1152,"height":864,"caption":"Cand\u00e1s 365 Redes"},"image":{"@id":"https:\/\/candas365.es\/noticias\/javier-jove-vox-se-opone-frontalmente-a-aprobar-la-especialidad-de-llingua\/#organizationLogo"},"sameAs":["https:\/\/www.facebook.com\/Nachofdezber","https:\/\/x.com\/NabercoDigital","https:\/\/www.instagram.com\/nachofdezber\/","https:\/\/www.youtube.com\/channel\/UCZP-2wLEB9Rv6erhFmqVnvg"],"address":{"@id":"https:\/\/candas365.es\/noticias\/#postaladdress","@type":"PostalAddress","streetAddress":"san antonio 4, san antonio 4","postalCode":"33430","addressLocality":"Cand\u00e1s","addressRegion":"Asturias","addressCountry":"ES"}},{"@type":"Person","@id":"https:\/\/candas365.es\/noticias\/author\/admin\/#author","url":"https:\/\/candas365.es\/noticias\/author\/admin\/","name":"Cand\u00e1s 365","image":{"@type":"ImageObject","@id":"https:\/\/candas365.es\/noticias\/javier-jove-vox-se-opone-frontalmente-a-aprobar-la-especialidad-de-llingua\/#authorImage","url":"https:\/\/secure.gravatar.com\/avatar\/496a8e03d0c493ede1718b7934145dbdf8d89be1036b0eec9544e1094c9de390?s=96&d=mm&r=g","width":96,"height":96,"caption":"Cand\u00e1s 365"},"sameAs":["https:\/\/www.facebook.com\/carrenoactualidad","https:\/\/twitter.com\/nbasturias","https:\/\/www.instagram.com\/nachofdezber\/","https:\/\/www.youtube.com\/channel\/UCZP-2wLEB9Rv6erhFmqVnvg"]},{"@type":"WebPage","@id":"https:\/\/candas365.es\/noticias\/javier-jove-vox-se-opone-frontalmente-a-aprobar-la-especialidad-de-llingua\/#webpage","url":"https:\/\/candas365.es\/noticias\/javier-jove-vox-se-opone-frontalmente-a-aprobar-la-especialidad-de-llingua\/","name":"Javier Jov\u00e9: \u00abVOX se opone frontalmente a aprobar la especialidad de llingua\u00bb | Cand\u00e1s 365","description":"El diputado de VOX, Javier Jov\u00e9, ha salido al paso de la reclamaci\u00f3n efectuada por la Academia de la Llingua Asturiana (ALLA) reclamando a los partidos","inLanguage":"es-ES","isPartOf":{"@id":"https:\/\/candas365.es\/noticias\/#website"},"breadcrumb":{"@id":"https:\/\/candas365.es\/noticias\/javier-jove-vox-se-opone-frontalmente-a-aprobar-la-especialidad-de-llingua\/#breadcrumblist"},"author":{"@id":"https:\/\/candas365.es\/noticias\/author\/admin\/#author"},"creator":{"@id":"https:\/\/candas365.es\/noticias\/author\/admin\/#author"},"image":{"@type":"ImageObject","url":"https:\/\/candas365.es\/noticias\/wp-content\/uploads\/2024\/03\/Jove-Vox-Asturias.jpg","@id":"https:\/\/candas365.es\/noticias\/javier-jove-vox-se-opone-frontalmente-a-aprobar-la-especialidad-de-llingua\/#mainImage","width":1003,"height":635,"caption":"Prensa: VOX Asturias"},"primaryImageOfPage":{"@id":"https:\/\/candas365.es\/noticias\/javier-jove-vox-se-opone-frontalmente-a-aprobar-la-especialidad-de-llingua\/#mainImage"},"datePublished":"2024-03-03T03:20:55+01:00","dateModified":"2024-03-03T03:20:55+01:00"},{"@type":"WebSite","@id":"https:\/\/candas365.es\/noticias\/#website","url":"https:\/\/candas365.es\/noticias\/","name":"Cand\u00e1s 365","alternateName":"Cand\u00e1s 365 Noticias","description":"Actualidad desde Carre\u00f1o para el mundo","inLanguage":"es-ES","publisher":{"@id":"https:\/\/candas365.es\/noticias\/#organization"}}]},"og:locale":"es_ES","og:site_name":"Cand\u00e1s 365","og:type":"article","og:title":"Javier Jov\u00e9: \u00abVOX se opone frontalmente a aprobar la especialidad de llingua\u00bb | Cand\u00e1s 365","og:description":"El diputado de VOX, Javier Jov\u00e9, ha salido al paso de la reclamaci\u00f3n efectuada por la Academia de la Llingua Asturiana (ALLA) reclamando a los partidos","og:url":"https:\/\/candas365.es\/noticias\/javier-jove-vox-se-opone-frontalmente-a-aprobar-la-especialidad-de-llingua\/","og:image":"https:\/\/candas365.es\/noticias\/wp-content\/uploads\/2024\/03\/Jove-Vox-Asturias.jpg","og:image:secure_url":"https:\/\/candas365.es\/noticias\/wp-content\/uploads\/2024\/03\/Jove-Vox-Asturias.jpg","og:image:width":1003,"og:image:height":635,"article:published_time":"2024-03-03T02:20:55+00:00","article:modified_time":"2024-03-03T02:20:55+00:00","article:publisher":"https:\/\/www.facebook.com\/Nachofdezber","article:author":"https:\/\/www.facebook.com\/carrenoactualidad","twitter:card":"summary_large_image","twitter:site":"@NabercoDigital","twitter:title":"Javier Jov\u00e9: \u00abVOX se opone frontalmente a aprobar la especialidad de llingua\u00bb | Cand\u00e1s 365","twitter:description":"El diputado de VOX, Javier Jov\u00e9, ha salido al paso de la reclamaci\u00f3n efectuada por la Academia de la Llingua Asturiana (ALLA) reclamando a los partidos","twitter:creator":"@nbasturias","twitter:image":"https:\/\/candas365.es\/noticias\/wp-content\/uploads\/2024\/03\/Jove-Vox-Asturias.jpg","twitter:label1":"Escrito por","twitter:data1":"Cand\u00e1s 365","twitter:label2":"Tiempo de lectura estimado","twitter:data2":"1 minuto"},"aioseo_meta_data":{"post_id":"178670","title":null,"description":"El diputado de VOX, Javier Jov\u00e9, ha salido al paso de la reclamaci\u00f3n efectuada por la Academia de la Llingua Asturiana (ALLA) reclamando a los partidos","keywords":[],"keyphrases":{"focus":{"keyphrase":"Jov\u00e9","score":93,"analysis":{"keyphraseInTitle":{"score":9,"maxScore":9,"error":0},"keyphraseInDescription":{"score":9,"maxScore":9,"error":0},"keyphraseLength":{"score":9,"maxScore":9,"error":0,"length":1},"keyphraseInURL":{"score":1,"maxScore":5,"error":1},"keyphraseInIntroduction":{"score":9,"maxScore":9,"error":0},"keyphraseInSubHeadings":[],"keyphraseInImageAlt":{"score":9,"maxScore":9,"error":0},"keywordDensity":{"type":"best","score":9,"maxScore":9,"error":0}}},"additional":[{"keyphrase":"Jov\u00e9","score":100,"analysis":{"keyphraseInDescription":{"score":9,"maxScore":9,"error":0},"keyphraseLength":{"score":9,"maxScore":9,"error":0,"length":1},"keyphraseInIntroduction":{"score":9,"maxScore":9,"error":0},"keyphraseInImageAlt":{"score":9,"maxScore":9,"error":0},"keywordDensity":{"type":"best","score":9,"maxScore":9,"error":0}}}]},"primary_term":null,"canonical_url":null,"og_title":null,"og_description":null,"og_object_type":"default","og_image_type":"default","og_image_url":null,"og_image_width":null,"og_image_height":null,"og_image_custom_url":null,"og_image_custom_fields":null,"og_video":"","og_custom_url":null,"og_article_section":null,"og_article_tags":[],"twitter_use_og":false,"twitter_card":"default","twitter_image_type":"default","twitter_image_url":null,"twitter_image_custom_url":null,"twitter_image_custom_fields":null,"twitter_title":null,"twitter_description":null,"schema":{"blockGraphs":[],"customGraphs":[],"default":{"data":{"Article":[],"Course":[],"Dataset":[],"FAQPage":[],"Movie":[],"Person":[],"Product":[],"ProductReview":[],"Car":[],"Recipe":[],"Service":[],"SoftwareApplication":[],"WebPage":[]},"graphName":"Article","isEnabled":true},"graphs":[]},"schema_type":"default","schema_type_options":null,"pillar_content":false,"robots_default":true,"robots_noindex":false,"robots_noarchive":false,"robots_nosnippet":false,"robots_nofollow":false,"robots_noimageindex":false,"robots_noodp":false,"robots_notranslate":false,"robots_max_snippet":"-1","robots_max_videopreview":"-1","robots_max_imagepreview":"large","priority":null,"frequency":"default","location":null,"local_seo":null,"seo_analyzer_scan_date":"2025-09-02 04:54:16","breadcrumb_settings":null,"limit_modified_date":false,"reviewed_by":null,"open_ai":"{\"title\":{\"suggestions\":[],\"usage\":0},\"description\":{\"suggestions\":[],\"usage\":0}}","ai":null,"created":"2024-03-03 02:14:29","updated":"2025-09-02 04:54:16"},"aioseo_breadcrumb":"<div class=\"aioseo-breadcrumbs\"><span class=\"aioseo-breadcrumb\">\n\t<a href=\"https:\/\/candas365.es\/noticias\" title=\"Home\">Home<\/a>\n<\/span><span class=\"aioseo-breadcrumb-separator\">&ndash;<\/span><span class=\"aioseo-breadcrumb\">\n\t<a href=\"https:\/\/candas365.es\/noticias\/category\/asturias\/\" title=\"Asturias\">Asturias<\/a>\n<\/span><span class=\"aioseo-breadcrumb-separator\">&ndash;<\/span><span class=\"aioseo-breadcrumb\">\n\tJavier Jov\u00e9: \u00abVOX se opone frontalmente a aprobar la especialidad de llingua\u00bb\n<\/span><\/div>","aioseo_breadcrumb_json":[{"label":"Home","link":"https:\/\/candas365.es\/noticias"},{"label":"Asturias","link":"https:\/\/candas365.es\/noticias\/category\/asturias\/"},{"label":"Javier Jov\u00e9: \u00abVOX se opone frontalmente a aprobar la especialidad de llingua\u00bb","link":"https:\/\/candas365.es\/noticias\/javier-jove-vox-se-opone-frontalmente-a-aprobar-la-especialidad-de-llingua\/"}],"_links":{"self":[{"href":"https:\/\/candas365.es\/noticias\/wp-json\/wp\/v2\/posts\/178670","targetHints":{"allow":["GET"]}}],"collection":[{"href":"https:\/\/candas365.es\/noticias\/wp-json\/wp\/v2\/posts"}],"about":[{"href":"https:\/\/candas365.es\/noticias\/wp-json\/wp\/v2\/types\/post"}],"author":[{"embeddable":true,"href":"https:\/\/candas365.es\/noticias\/wp-json\/wp\/v2\/users\/1"}],"replies":[{"embeddable":true,"href":"https:\/\/candas365.es\/noticias\/wp-json\/wp\/v2\/comments?post=178670"}],"version-history":[{"count":0,"href":"https:\/\/candas365.es\/noticias\/wp-json\/wp\/v2\/posts\/178670\/revisions"}],"wp:featuredmedia":[{"embeddable":true,"href":"https:\/\/candas365.es\/noticias\/wp-json\/wp\/v2\/media\/178671"}],"wp:attachment":[{"href":"https:\/\/candas365.es\/noticias\/wp-json\/wp\/v2\/media?parent=178670"}],"wp:term":[{"taxonomy":"category","embeddable":true,"href":"https:\/\/candas365.es\/noticias\/wp-json\/wp\/v2\/categories?post=178670"},{"taxonomy":"post_tag","embeddable":true,"href":"https:\/\/candas365.es\/noticias\/wp-json\/wp\/v2\/tags?post=178670"}],"curies":[{"name":"wp","href":"https:\/\/api.w.org\/{rel}","templated":true}]}}