{"id":178611,"date":"2024-02-25T03:09:33","date_gmt":"2024-02-25T02:09:33","guid":{"rendered":"https:\/\/candas365.es\/noticias\/?p=178611"},"modified":"2024-02-25T03:09:33","modified_gmt":"2024-02-25T02:09:33","slug":"mas-financiacion-en-asturias-para-el-programa-severo-ochoa","status":"publish","type":"post","link":"https:\/\/candas365.es\/noticias\/mas-financiacion-en-asturias-para-el-programa-severo-ochoa\/","title":{"rendered":"M\u00e1s financiaci\u00f3n en Asturias para el programa \u00abSevero Ochoa\u00bb"},"content":{"rendered":"<p>El Gobierno del <a title=\"Principado de Asturias\" href=\"https:\/\/actualidad.asturias.es\/\" target=\"_blank\" rel=\"noopener\"><span style=\"color: #ff6600;\"><strong>Principado de Asturias<\/strong><\/span><\/a> duplicar\u00e1 el presupuesto que destina a financiar las estancias en centros internacionales de excelencia de personal investigador del programa Severo Ochoa. <strong>La Consejer\u00eda de Ciencia acaba de publicar la convocatoria de ayudas con una dotaci\u00f3n de 200.000 euros, el doble que el a\u00f1o pasado, para potenciar esta movilidad internacional y atender todas las solicitudes que puedan recibirse.<\/strong><\/p>\n<figure id=\"attachment_178612\" aria-describedby=\"caption-attachment-178612\" style=\"width: 650px\" class=\"wp-caption aligncenter\"><img fetchpriority=\"high\" decoding=\"async\" class=\"size-large wp-image-178612\" src=\"https:\/\/candas365.es\/noticias\/wp-content\/uploads\/2024\/02\/Asturias-programa-Severo-Ochoa-650x364.jpg\" alt=\"Asturias programa Severo Ochoa\" width=\"650\" height=\"364\" srcset=\"https:\/\/candas365.es\/noticias\/wp-content\/uploads\/2024\/02\/Asturias-programa-Severo-Ochoa-650x364.jpg 650w, https:\/\/candas365.es\/noticias\/wp-content\/uploads\/2024\/02\/Asturias-programa-Severo-Ochoa-360x201.jpg 360w, https:\/\/candas365.es\/noticias\/wp-content\/uploads\/2024\/02\/Asturias-programa-Severo-Ochoa-768x430.jpg 768w, https:\/\/candas365.es\/noticias\/wp-content\/uploads\/2024\/02\/Asturias-programa-Severo-Ochoa-150x84.jpg 150w, https:\/\/candas365.es\/noticias\/wp-content\/uploads\/2024\/02\/Asturias-programa-Severo-Ochoa-450x252.jpg 450w, https:\/\/candas365.es\/noticias\/wp-content\/uploads\/2024\/02\/Asturias-programa-Severo-Ochoa.jpg 985w\" sizes=\"(max-width: 650px) 100vw, 650px\" \/><figcaption id=\"caption-attachment-178612\" class=\"wp-caption-text\">Foto: Prensa Gobierno de Asturias<\/figcaption><\/figure>\n<p>La resoluci\u00f3n, publicada en el Bolet\u00edn Oficial del Principado (Bopa), pretende impulsar la formaci\u00f3n en investigaci\u00f3n y docencia durante la realizaci\u00f3n de la tesis doctoral. <strong>Est\u00e1 dirigida a personas beneficiarias en la actualidad de una ayuda del programa Severo Ochoa.<\/strong><\/p>\n<p>Estas estancias de movilidad internacional facilitan el aprendizaje en laboratorios de investigaci\u00f3n, adquisici\u00f3n de nuevas t\u00e9cnicas instrumentales y otras actividades directamente vinculadas con la formaci\u00f3n dentro de un centro de investigaci\u00f3n de prestigio y fuera de Espa\u00f1a. <strong>El programa financia con un m\u00e1ximo de 3.000 euros estancias temporales de entre uno y tres meses y el plazo para presentar solicitudes estar\u00e1 abierto hasta el<a href=\"https:\/\/candas365.es\/noticias\/category\/agenda\/\"><span style=\"color: #ff6600;\"> 25 de marzo<\/span><\/a>.<\/strong><\/p>\n<p>La directora general de Universidad, Cristina Gonz\u00e1lez, ha indicado que el aumento de la partida destinada a este programa tiene como objetivo facilitar que <strong>\u201clos investigadores que deseen completar su formaci\u00f3n durante la tesis en un centro internacional puedan contar con la ayuda y que nadie se quede sin realizar una estancia por cuestiones econ\u00f3micas\u201d.<\/strong><\/p>\n<p>El Principado ha apoyado las estancias breves internacionales de 165 investigadores e investigadoras en los \u00faltimos cinco a\u00f1os. Suecia, Estados Unidos, Portugal, Reino Unido, Corea, Austria, Francia, Italia, Finlandia, Alemania, Dinamarca, Pa\u00edses Bajos, Suiza o Rep\u00fablica Checa son algunos de los pa\u00edses de destino del personal predoctoral asturiano.<\/p>\n","protected":false},"excerpt":{"rendered":"<p>El Gobierno del Principado de Asturias duplicar\u00e1 el presupuesto que destina a financiar las estancias en centros internacionales de excelencia de personal investigador del programa Severo Ochoa. La Consejer\u00eda de Ciencia acaba de publicar la convocatoria de ayudas con una dotaci\u00f3n de 200.000 euros, el doble que el a\u00f1o pasado, para potenciar esta movilidad internacional<\/p>\n","protected":false},"author":1,"featured_media":178612,"comment_status":"closed","ping_status":"closed","sticky":false,"template":"","format":"standard","meta":{"footnotes":""},"categories":[7],"tags":[380],"class_list":{"0":"post-178611","1":"post","2":"type-post","3":"status-publish","4":"format-standard","5":"has-post-thumbnail","7":"category-asturias","8":"tag-asturias"},"aioseo_notices":[],"aioseo_head":"\n\t\t<!-- All in One SEO Pro 4.9.6.2 - aioseo.com -->\n\t<meta name=\"description\" content=\"El Gobierno del Principado de Asturias duplicar\u00e1 el presupuesto que destina a financiar las estancias en centros internacionales de excelencia de personal\" \/>\n\t<meta name=\"robots\" content=\"max-image-preview:large\" \/>\n\t<meta name=\"author\" content=\"Cand\u00e1s 365\"\/>\n\t<meta name=\"google-site-verification\" content=\"UA-32230408-1\" \/>\n\t<meta name=\"msvalidate.01\" content=\"354F3CDFB2DA171B47FBE9ABF1F88D5\" \/>\n\t<meta name=\"keywords\" content=\"asturias\" \/>\n\t<link rel=\"canonical\" href=\"https:\/\/candas365.es\/noticias\/mas-financiacion-en-asturias-para-el-programa-severo-ochoa\/\" \/>\n\t<meta name=\"generator\" content=\"All in One SEO Pro (AIOSEO) 4.9.6.2\" \/>\n\t\t<meta property=\"og:locale\" content=\"es_ES\" \/>\n\t\t<meta property=\"og:site_name\" content=\"Cand\u00e1s 365\" \/>\n\t\t<meta property=\"og:type\" content=\"article\" \/>\n\t\t<meta property=\"og:title\" content=\"M\u00e1s financiaci\u00f3n en Asturias para el programa \u00abSevero Ochoa\u00bb | Cand\u00e1s 365\" \/>\n\t\t<meta property=\"og:description\" content=\"El Gobierno del Principado de Asturias duplicar\u00e1 el presupuesto que destina a financiar las estancias en centros internacionales de excelencia de personal\" \/>\n\t\t<meta property=\"og:url\" content=\"https:\/\/candas365.es\/noticias\/mas-financiacion-en-asturias-para-el-programa-severo-ochoa\/\" \/>\n\t\t<meta property=\"og:image\" content=\"https:\/\/candas365.es\/noticias\/wp-content\/uploads\/2024\/02\/Asturias-programa-Severo-Ochoa.jpg\" \/>\n\t\t<meta property=\"og:image:secure_url\" content=\"https:\/\/candas365.es\/noticias\/wp-content\/uploads\/2024\/02\/Asturias-programa-Severo-Ochoa.jpg\" \/>\n\t\t<meta property=\"og:image:width\" content=\"985\" \/>\n\t\t<meta property=\"og:image:height\" content=\"551\" \/>\n\t\t<meta property=\"article:published_time\" content=\"2024-02-25T02:09:33+00:00\" \/>\n\t\t<meta property=\"article:modified_time\" content=\"2024-02-25T02:09:33+00:00\" \/>\n\t\t<meta property=\"article:publisher\" content=\"https:\/\/www.facebook.com\/Nachofdezber\" \/>\n\t\t<meta property=\"article:author\" content=\"https:\/\/www.facebook.com\/carrenoactualidad\" \/>\n\t\t<meta name=\"twitter:card\" content=\"summary_large_image\" \/>\n\t\t<meta name=\"twitter:site\" content=\"@NabercoDigital\" \/>\n\t\t<meta name=\"twitter:title\" content=\"M\u00e1s financiaci\u00f3n en Asturias para el programa \u00abSevero Ochoa\u00bb | Cand\u00e1s 365\" \/>\n\t\t<meta name=\"twitter:description\" content=\"El Gobierno del Principado de Asturias duplicar\u00e1 el presupuesto que destina a financiar las estancias en centros internacionales de excelencia de personal\" \/>\n\t\t<meta name=\"twitter:creator\" content=\"@nbasturias\" \/>\n\t\t<meta name=\"twitter:image\" content=\"https:\/\/candas365.es\/noticias\/wp-content\/uploads\/2024\/02\/Asturias-programa-Severo-Ochoa.jpg\" \/>\n\t\t<meta name=\"twitter:label1\" content=\"Escrito por\" \/>\n\t\t<meta name=\"twitter:data1\" content=\"Cand\u00e1s 365\" \/>\n\t\t<meta name=\"twitter:label2\" content=\"Tiempo de lectura estimado\" \/>\n\t\t<meta name=\"twitter:data2\" content=\"2 minutos\" \/>\n\t\t<script type=\"application\/ld+json\" class=\"aioseo-schema\">\n\t\t\t{\"@context\":\"https:\\\/\\\/schema.org\",\"@graph\":[{\"@type\":\"BreadcrumbList\",\"@id\":\"https:\\\/\\\/candas365.es\\\/noticias\\\/mas-financiacion-en-asturias-para-el-programa-severo-ochoa\\\/#breadcrumblist\",\"itemListElement\":[{\"@type\":\"ListItem\",\"@id\":\"https:\\\/\\\/candas365.es\\\/noticias#listItem\",\"position\":1,\"name\":\"Home\",\"item\":\"https:\\\/\\\/candas365.es\\\/noticias\",\"nextItem\":{\"@type\":\"ListItem\",\"@id\":\"https:\\\/\\\/candas365.es\\\/noticias\\\/category\\\/asturias\\\/#listItem\",\"name\":\"Asturias\"}},{\"@type\":\"ListItem\",\"@id\":\"https:\\\/\\\/candas365.es\\\/noticias\\\/category\\\/asturias\\\/#listItem\",\"position\":2,\"name\":\"Asturias\",\"item\":\"https:\\\/\\\/candas365.es\\\/noticias\\\/category\\\/asturias\\\/\",\"nextItem\":{\"@type\":\"ListItem\",\"@id\":\"https:\\\/\\\/candas365.es\\\/noticias\\\/mas-financiacion-en-asturias-para-el-programa-severo-ochoa\\\/#listItem\",\"name\":\"M\\u00e1s financiaci\\u00f3n en Asturias para el programa \\u00abSevero Ochoa\\u00bb\"},\"previousItem\":{\"@type\":\"ListItem\",\"@id\":\"https:\\\/\\\/candas365.es\\\/noticias#listItem\",\"name\":\"Home\"}},{\"@type\":\"ListItem\",\"@id\":\"https:\\\/\\\/candas365.es\\\/noticias\\\/mas-financiacion-en-asturias-para-el-programa-severo-ochoa\\\/#listItem\",\"position\":3,\"name\":\"M\\u00e1s financiaci\\u00f3n en Asturias para el programa \\u00abSevero Ochoa\\u00bb\",\"previousItem\":{\"@type\":\"ListItem\",\"@id\":\"https:\\\/\\\/candas365.es\\\/noticias\\\/category\\\/asturias\\\/#listItem\",\"name\":\"Asturias\"}}]},{\"@type\":\"NewsArticle\",\"@id\":\"https:\\\/\\\/candas365.es\\\/noticias\\\/mas-financiacion-en-asturias-para-el-programa-severo-ochoa\\\/#newsarticle\",\"name\":\"M\\u00e1s financiaci\\u00f3n en Asturias para el programa \\u00abSevero Ochoa\\u00bb | Cand\\u00e1s 365\",\"headline\":\"M\\u00e1s financiaci\\u00f3n en Asturias para el programa \\u00abSevero Ochoa\\u00bb\",\"author\":{\"@id\":\"https:\\\/\\\/candas365.es\\\/noticias\\\/author\\\/admin\\\/#author\"},\"publisher\":{\"@id\":\"https:\\\/\\\/candas365.es\\\/noticias\\\/#organization\"},\"image\":{\"@type\":\"ImageObject\",\"url\":\"https:\\\/\\\/candas365.es\\\/noticias\\\/wp-content\\\/uploads\\\/2024\\\/02\\\/Asturias-programa-Severo-Ochoa.jpg\",\"width\":985,\"height\":551,\"caption\":\"Foto: Prensa Gobierno de Asturias\"},\"datePublished\":\"2024-02-25T03:09:33+01:00\",\"dateModified\":\"2024-02-25T03:09:33+01:00\",\"inLanguage\":\"es-ES\",\"mainEntityOfPage\":{\"@id\":\"https:\\\/\\\/candas365.es\\\/noticias\\\/mas-financiacion-en-asturias-para-el-programa-severo-ochoa\\\/#webpage\"},\"isPartOf\":{\"@id\":\"https:\\\/\\\/candas365.es\\\/noticias\\\/mas-financiacion-en-asturias-para-el-programa-severo-ochoa\\\/#webpage\"},\"articleSection\":\"Asturias, Asturias\",\"dateline\":\"Publicado el febrero 25, 2024.\"},{\"@type\":\"Organization\",\"@id\":\"https:\\\/\\\/candas365.es\\\/noticias\\\/#organization\",\"name\":\"Cand\\u00e1s 365\",\"description\":\"Cand\\u00e1s 365 es un diario digital independiente, fundado en 2012, con base en Asturias. Informamos con rigor sobre actualidad, sociedad, cultura y ocio, con una mirada local y global.\",\"url\":\"https:\\\/\\\/candas365.es\\\/noticias\\\/\",\"email\":\"info@candas365.es\",\"telephone\":\"+34652131393\",\"foundingDate\":\"2012-06-10\",\"logo\":{\"@type\":\"ImageObject\",\"url\":\"https:\\\/\\\/candas365.es\\\/noticias\\\/wp-content\\\/uploads\\\/2024\\\/09\\\/Candas-365-Redes.jpg\",\"@id\":\"https:\\\/\\\/candas365.es\\\/noticias\\\/mas-financiacion-en-asturias-para-el-programa-severo-ochoa\\\/#organizationLogo\",\"width\":1152,\"height\":864,\"caption\":\"Cand\\u00e1s 365 Redes\"},\"image\":{\"@id\":\"https:\\\/\\\/candas365.es\\\/noticias\\\/mas-financiacion-en-asturias-para-el-programa-severo-ochoa\\\/#organizationLogo\"},\"sameAs\":[\"https:\\\/\\\/www.facebook.com\\\/Nachofdezber\",\"https:\\\/\\\/x.com\\\/NabercoDigital\",\"https:\\\/\\\/www.instagram.com\\\/nachofdezber\\\/\",\"https:\\\/\\\/www.youtube.com\\\/channel\\\/UCZP-2wLEB9Rv6erhFmqVnvg\"],\"address\":{\"@id\":\"https:\\\/\\\/candas365.es\\\/noticias\\\/#postaladdress\",\"@type\":\"PostalAddress\",\"streetAddress\":\"san antonio 4, san antonio 4\",\"postalCode\":\"33430\",\"addressLocality\":\"Cand\\u00e1s\",\"addressRegion\":\"Asturias\",\"addressCountry\":\"ES\"}},{\"@type\":\"Person\",\"@id\":\"https:\\\/\\\/candas365.es\\\/noticias\\\/author\\\/admin\\\/#author\",\"url\":\"https:\\\/\\\/candas365.es\\\/noticias\\\/author\\\/admin\\\/\",\"name\":\"Cand\\u00e1s 365\",\"image\":{\"@type\":\"ImageObject\",\"@id\":\"https:\\\/\\\/candas365.es\\\/noticias\\\/mas-financiacion-en-asturias-para-el-programa-severo-ochoa\\\/#authorImage\",\"url\":\"https:\\\/\\\/secure.gravatar.com\\\/avatar\\\/496a8e03d0c493ede1718b7934145dbdf8d89be1036b0eec9544e1094c9de390?s=96&d=mm&r=g\",\"width\":96,\"height\":96,\"caption\":\"Cand\\u00e1s 365\"},\"sameAs\":[\"https:\\\/\\\/www.facebook.com\\\/carrenoactualidad\",\"https:\\\/\\\/twitter.com\\\/nbasturias\",\"https:\\\/\\\/www.instagram.com\\\/nachofdezber\\\/\",\"https:\\\/\\\/www.youtube.com\\\/channel\\\/UCZP-2wLEB9Rv6erhFmqVnvg\"]},{\"@type\":\"WebPage\",\"@id\":\"https:\\\/\\\/candas365.es\\\/noticias\\\/mas-financiacion-en-asturias-para-el-programa-severo-ochoa\\\/#webpage\",\"url\":\"https:\\\/\\\/candas365.es\\\/noticias\\\/mas-financiacion-en-asturias-para-el-programa-severo-ochoa\\\/\",\"name\":\"M\\u00e1s financiaci\\u00f3n en Asturias para el programa \\u00abSevero Ochoa\\u00bb | Cand\\u00e1s 365\",\"description\":\"El Gobierno del Principado de Asturias duplicar\\u00e1 el presupuesto que destina a financiar las estancias en centros internacionales de excelencia de personal\",\"inLanguage\":\"es-ES\",\"isPartOf\":{\"@id\":\"https:\\\/\\\/candas365.es\\\/noticias\\\/#website\"},\"breadcrumb\":{\"@id\":\"https:\\\/\\\/candas365.es\\\/noticias\\\/mas-financiacion-en-asturias-para-el-programa-severo-ochoa\\\/#breadcrumblist\"},\"author\":{\"@id\":\"https:\\\/\\\/candas365.es\\\/noticias\\\/author\\\/admin\\\/#author\"},\"creator\":{\"@id\":\"https:\\\/\\\/candas365.es\\\/noticias\\\/author\\\/admin\\\/#author\"},\"image\":{\"@type\":\"ImageObject\",\"url\":\"https:\\\/\\\/candas365.es\\\/noticias\\\/wp-content\\\/uploads\\\/2024\\\/02\\\/Asturias-programa-Severo-Ochoa.jpg\",\"@id\":\"https:\\\/\\\/candas365.es\\\/noticias\\\/mas-financiacion-en-asturias-para-el-programa-severo-ochoa\\\/#mainImage\",\"width\":985,\"height\":551,\"caption\":\"Foto: Prensa Gobierno de Asturias\"},\"primaryImageOfPage\":{\"@id\":\"https:\\\/\\\/candas365.es\\\/noticias\\\/mas-financiacion-en-asturias-para-el-programa-severo-ochoa\\\/#mainImage\"},\"datePublished\":\"2024-02-25T03:09:33+01:00\",\"dateModified\":\"2024-02-25T03:09:33+01:00\"},{\"@type\":\"WebSite\",\"@id\":\"https:\\\/\\\/candas365.es\\\/noticias\\\/#website\",\"url\":\"https:\\\/\\\/candas365.es\\\/noticias\\\/\",\"name\":\"Cand\\u00e1s 365\",\"alternateName\":\"Cand\\u00e1s 365 Noticias\",\"description\":\"Actualidad desde Carre\\u00f1o para el mundo\",\"inLanguage\":\"es-ES\",\"publisher\":{\"@id\":\"https:\\\/\\\/candas365.es\\\/noticias\\\/#organization\"}}]}\n\t\t<\/script>\n\t\t<!-- All in One SEO Pro -->\r\n\t\t<title>M\u00e1s financiaci\u00f3n en Asturias para el programa \u00abSevero Ochoa\u00bb | Cand\u00e1s 365<\/title>\n\n","aioseo_head_json":{"title":"M\u00e1s financiaci\u00f3n en Asturias para el programa \u00abSevero Ochoa\u00bb | Cand\u00e1s 365","description":"El Gobierno del Principado de Asturias duplicar\u00e1 el presupuesto que destina a financiar las estancias en centros internacionales de excelencia de personal","canonical_url":"https:\/\/candas365.es\/noticias\/mas-financiacion-en-asturias-para-el-programa-severo-ochoa\/","robots":"max-image-preview:large","keywords":"asturias","webmasterTools":{"google-site-verification":"UA-32230408-1","msvalidate.01":"354F3CDFB2DA171B47FBE9ABF1F88D5","miscellaneous":""},"schema":{"@context":"https:\/\/schema.org","@graph":[{"@type":"BreadcrumbList","@id":"https:\/\/candas365.es\/noticias\/mas-financiacion-en-asturias-para-el-programa-severo-ochoa\/#breadcrumblist","itemListElement":[{"@type":"ListItem","@id":"https:\/\/candas365.es\/noticias#listItem","position":1,"name":"Home","item":"https:\/\/candas365.es\/noticias","nextItem":{"@type":"ListItem","@id":"https:\/\/candas365.es\/noticias\/category\/asturias\/#listItem","name":"Asturias"}},{"@type":"ListItem","@id":"https:\/\/candas365.es\/noticias\/category\/asturias\/#listItem","position":2,"name":"Asturias","item":"https:\/\/candas365.es\/noticias\/category\/asturias\/","nextItem":{"@type":"ListItem","@id":"https:\/\/candas365.es\/noticias\/mas-financiacion-en-asturias-para-el-programa-severo-ochoa\/#listItem","name":"M\u00e1s financiaci\u00f3n en Asturias para el programa \u00abSevero Ochoa\u00bb"},"previousItem":{"@type":"ListItem","@id":"https:\/\/candas365.es\/noticias#listItem","name":"Home"}},{"@type":"ListItem","@id":"https:\/\/candas365.es\/noticias\/mas-financiacion-en-asturias-para-el-programa-severo-ochoa\/#listItem","position":3,"name":"M\u00e1s financiaci\u00f3n en Asturias para el programa \u00abSevero Ochoa\u00bb","previousItem":{"@type":"ListItem","@id":"https:\/\/candas365.es\/noticias\/category\/asturias\/#listItem","name":"Asturias"}}]},{"@type":"NewsArticle","@id":"https:\/\/candas365.es\/noticias\/mas-financiacion-en-asturias-para-el-programa-severo-ochoa\/#newsarticle","name":"M\u00e1s financiaci\u00f3n en Asturias para el programa \u00abSevero Ochoa\u00bb | Cand\u00e1s 365","headline":"M\u00e1s financiaci\u00f3n en Asturias para el programa \u00abSevero Ochoa\u00bb","author":{"@id":"https:\/\/candas365.es\/noticias\/author\/admin\/#author"},"publisher":{"@id":"https:\/\/candas365.es\/noticias\/#organization"},"image":{"@type":"ImageObject","url":"https:\/\/candas365.es\/noticias\/wp-content\/uploads\/2024\/02\/Asturias-programa-Severo-Ochoa.jpg","width":985,"height":551,"caption":"Foto: Prensa Gobierno de Asturias"},"datePublished":"2024-02-25T03:09:33+01:00","dateModified":"2024-02-25T03:09:33+01:00","inLanguage":"es-ES","mainEntityOfPage":{"@id":"https:\/\/candas365.es\/noticias\/mas-financiacion-en-asturias-para-el-programa-severo-ochoa\/#webpage"},"isPartOf":{"@id":"https:\/\/candas365.es\/noticias\/mas-financiacion-en-asturias-para-el-programa-severo-ochoa\/#webpage"},"articleSection":"Asturias, Asturias","dateline":"Publicado el febrero 25, 2024."},{"@type":"Organization","@id":"https:\/\/candas365.es\/noticias\/#organization","name":"Cand\u00e1s 365","description":"Cand\u00e1s 365 es un diario digital independiente, fundado en 2012, con base en Asturias. Informamos con rigor sobre actualidad, sociedad, cultura y ocio, con una mirada local y global.","url":"https:\/\/candas365.es\/noticias\/","email":"info@candas365.es","telephone":"+34652131393","foundingDate":"2012-06-10","logo":{"@type":"ImageObject","url":"https:\/\/candas365.es\/noticias\/wp-content\/uploads\/2024\/09\/Candas-365-Redes.jpg","@id":"https:\/\/candas365.es\/noticias\/mas-financiacion-en-asturias-para-el-programa-severo-ochoa\/#organizationLogo","width":1152,"height":864,"caption":"Cand\u00e1s 365 Redes"},"image":{"@id":"https:\/\/candas365.es\/noticias\/mas-financiacion-en-asturias-para-el-programa-severo-ochoa\/#organizationLogo"},"sameAs":["https:\/\/www.facebook.com\/Nachofdezber","https:\/\/x.com\/NabercoDigital","https:\/\/www.instagram.com\/nachofdezber\/","https:\/\/www.youtube.com\/channel\/UCZP-2wLEB9Rv6erhFmqVnvg"],"address":{"@id":"https:\/\/candas365.es\/noticias\/#postaladdress","@type":"PostalAddress","streetAddress":"san antonio 4, san antonio 4","postalCode":"33430","addressLocality":"Cand\u00e1s","addressRegion":"Asturias","addressCountry":"ES"}},{"@type":"Person","@id":"https:\/\/candas365.es\/noticias\/author\/admin\/#author","url":"https:\/\/candas365.es\/noticias\/author\/admin\/","name":"Cand\u00e1s 365","image":{"@type":"ImageObject","@id":"https:\/\/candas365.es\/noticias\/mas-financiacion-en-asturias-para-el-programa-severo-ochoa\/#authorImage","url":"https:\/\/secure.gravatar.com\/avatar\/496a8e03d0c493ede1718b7934145dbdf8d89be1036b0eec9544e1094c9de390?s=96&d=mm&r=g","width":96,"height":96,"caption":"Cand\u00e1s 365"},"sameAs":["https:\/\/www.facebook.com\/carrenoactualidad","https:\/\/twitter.com\/nbasturias","https:\/\/www.instagram.com\/nachofdezber\/","https:\/\/www.youtube.com\/channel\/UCZP-2wLEB9Rv6erhFmqVnvg"]},{"@type":"WebPage","@id":"https:\/\/candas365.es\/noticias\/mas-financiacion-en-asturias-para-el-programa-severo-ochoa\/#webpage","url":"https:\/\/candas365.es\/noticias\/mas-financiacion-en-asturias-para-el-programa-severo-ochoa\/","name":"M\u00e1s financiaci\u00f3n en Asturias para el programa \u00abSevero Ochoa\u00bb | Cand\u00e1s 365","description":"El Gobierno del Principado de Asturias duplicar\u00e1 el presupuesto que destina a financiar las estancias en centros internacionales de excelencia de personal","inLanguage":"es-ES","isPartOf":{"@id":"https:\/\/candas365.es\/noticias\/#website"},"breadcrumb":{"@id":"https:\/\/candas365.es\/noticias\/mas-financiacion-en-asturias-para-el-programa-severo-ochoa\/#breadcrumblist"},"author":{"@id":"https:\/\/candas365.es\/noticias\/author\/admin\/#author"},"creator":{"@id":"https:\/\/candas365.es\/noticias\/author\/admin\/#author"},"image":{"@type":"ImageObject","url":"https:\/\/candas365.es\/noticias\/wp-content\/uploads\/2024\/02\/Asturias-programa-Severo-Ochoa.jpg","@id":"https:\/\/candas365.es\/noticias\/mas-financiacion-en-asturias-para-el-programa-severo-ochoa\/#mainImage","width":985,"height":551,"caption":"Foto: Prensa Gobierno de Asturias"},"primaryImageOfPage":{"@id":"https:\/\/candas365.es\/noticias\/mas-financiacion-en-asturias-para-el-programa-severo-ochoa\/#mainImage"},"datePublished":"2024-02-25T03:09:33+01:00","dateModified":"2024-02-25T03:09:33+01:00"},{"@type":"WebSite","@id":"https:\/\/candas365.es\/noticias\/#website","url":"https:\/\/candas365.es\/noticias\/","name":"Cand\u00e1s 365","alternateName":"Cand\u00e1s 365 Noticias","description":"Actualidad desde Carre\u00f1o para el mundo","inLanguage":"es-ES","publisher":{"@id":"https:\/\/candas365.es\/noticias\/#organization"}}]},"og:locale":"es_ES","og:site_name":"Cand\u00e1s 365","og:type":"article","og:title":"M\u00e1s financiaci\u00f3n en Asturias para el programa \u00abSevero Ochoa\u00bb | Cand\u00e1s 365","og:description":"El Gobierno del Principado de Asturias duplicar\u00e1 el presupuesto que destina a financiar las estancias en centros internacionales de excelencia de personal","og:url":"https:\/\/candas365.es\/noticias\/mas-financiacion-en-asturias-para-el-programa-severo-ochoa\/","og:image":"https:\/\/candas365.es\/noticias\/wp-content\/uploads\/2024\/02\/Asturias-programa-Severo-Ochoa.jpg","og:image:secure_url":"https:\/\/candas365.es\/noticias\/wp-content\/uploads\/2024\/02\/Asturias-programa-Severo-Ochoa.jpg","og:image:width":985,"og:image:height":551,"article:published_time":"2024-02-25T02:09:33+00:00","article:modified_time":"2024-02-25T02:09:33+00:00","article:publisher":"https:\/\/www.facebook.com\/Nachofdezber","article:author":"https:\/\/www.facebook.com\/carrenoactualidad","twitter:card":"summary_large_image","twitter:site":"@NabercoDigital","twitter:title":"M\u00e1s financiaci\u00f3n en Asturias para el programa \u00abSevero Ochoa\u00bb | Cand\u00e1s 365","twitter:description":"El Gobierno del Principado de Asturias duplicar\u00e1 el presupuesto que destina a financiar las estancias en centros internacionales de excelencia de personal","twitter:creator":"@nbasturias","twitter:image":"https:\/\/candas365.es\/noticias\/wp-content\/uploads\/2024\/02\/Asturias-programa-Severo-Ochoa.jpg","twitter:label1":"Escrito por","twitter:data1":"Cand\u00e1s 365","twitter:label2":"Tiempo de lectura estimado","twitter:data2":"2 minutos"},"aioseo_meta_data":{"post_id":"178611","title":null,"description":"El Gobierno del Principado de Asturias duplicar\u00e1 el presupuesto que destina a financiar las estancias en centros internacionales de excelencia de personal","keywords":[],"keyphrases":{"focus":{"keyphrase":"Asturias","score":93,"analysis":{"keyphraseInTitle":{"score":9,"maxScore":9,"error":0},"keyphraseInDescription":{"score":9,"maxScore":9,"error":0},"keyphraseLength":{"score":9,"maxScore":9,"error":0,"length":1},"keyphraseInURL":{"score":1,"maxScore":5,"error":1},"keyphraseInIntroduction":{"score":9,"maxScore":9,"error":0},"keyphraseInSubHeadings":[],"keyphraseInImageAlt":{"score":9,"maxScore":9,"error":0},"keywordDensity":{"type":"best","score":9,"maxScore":9,"error":0}}},"additional":[{"keyphrase":"Asturias","score":100,"analysis":{"keyphraseInDescription":{"score":9,"maxScore":9,"error":0},"keyphraseLength":{"score":9,"maxScore":9,"error":0,"length":1},"keyphraseInIntroduction":{"score":9,"maxScore":9,"error":0},"keyphraseInImageAlt":{"score":9,"maxScore":9,"error":0},"keywordDensity":{"type":"best","score":9,"maxScore":9,"error":0}}}]},"primary_term":null,"canonical_url":null,"og_title":null,"og_description":null,"og_object_type":"default","og_image_type":"default","og_image_url":null,"og_image_width":null,"og_image_height":null,"og_image_custom_url":null,"og_image_custom_fields":null,"og_video":"","og_custom_url":null,"og_article_section":null,"og_article_tags":[],"twitter_use_og":false,"twitter_card":"default","twitter_image_type":"default","twitter_image_url":null,"twitter_image_custom_url":null,"twitter_image_custom_fields":null,"twitter_title":null,"twitter_description":null,"schema":{"blockGraphs":[],"customGraphs":[],"default":{"data":{"Article":[],"Course":[],"Dataset":[],"FAQPage":[],"Movie":[],"Person":[],"Product":[],"ProductReview":[],"Car":[],"Recipe":[],"Service":[],"SoftwareApplication":[],"WebPage":[]},"graphName":"Article","isEnabled":true},"graphs":[]},"schema_type":"default","schema_type_options":null,"pillar_content":false,"robots_default":true,"robots_noindex":false,"robots_noarchive":false,"robots_nosnippet":false,"robots_nofollow":false,"robots_noimageindex":false,"robots_noodp":false,"robots_notranslate":false,"robots_max_snippet":"-1","robots_max_videopreview":"-1","robots_max_imagepreview":"large","priority":null,"frequency":"default","location":null,"local_seo":null,"seo_analyzer_scan_date":"2025-09-02 04:48:19","breadcrumb_settings":null,"limit_modified_date":false,"reviewed_by":null,"open_ai":"{\"title\":{\"suggestions\":[],\"usage\":0},\"description\":{\"suggestions\":[],\"usage\":0}}","ai":null,"created":"2024-02-25 02:05:42","updated":"2025-09-02 04:48:19"},"aioseo_breadcrumb":"<div class=\"aioseo-breadcrumbs\"><span class=\"aioseo-breadcrumb\">\n\t<a href=\"https:\/\/candas365.es\/noticias\" title=\"Home\">Home<\/a>\n<\/span><span class=\"aioseo-breadcrumb-separator\">&ndash;<\/span><span class=\"aioseo-breadcrumb\">\n\t<a href=\"https:\/\/candas365.es\/noticias\/category\/asturias\/\" title=\"Asturias\">Asturias<\/a>\n<\/span><span class=\"aioseo-breadcrumb-separator\">&ndash;<\/span><span class=\"aioseo-breadcrumb\">\n\tM\u00e1s financiaci\u00f3n en Asturias para el programa \u00abSevero Ochoa\u00bb\n<\/span><\/div>","aioseo_breadcrumb_json":[{"label":"Home","link":"https:\/\/candas365.es\/noticias"},{"label":"Asturias","link":"https:\/\/candas365.es\/noticias\/category\/asturias\/"},{"label":"M\u00e1s financiaci\u00f3n en Asturias para el programa \u00abSevero Ochoa\u00bb","link":"https:\/\/candas365.es\/noticias\/mas-financiacion-en-asturias-para-el-programa-severo-ochoa\/"}],"_links":{"self":[{"href":"https:\/\/candas365.es\/noticias\/wp-json\/wp\/v2\/posts\/178611","targetHints":{"allow":["GET"]}}],"collection":[{"href":"https:\/\/candas365.es\/noticias\/wp-json\/wp\/v2\/posts"}],"about":[{"href":"https:\/\/candas365.es\/noticias\/wp-json\/wp\/v2\/types\/post"}],"author":[{"embeddable":true,"href":"https:\/\/candas365.es\/noticias\/wp-json\/wp\/v2\/users\/1"}],"replies":[{"embeddable":true,"href":"https:\/\/candas365.es\/noticias\/wp-json\/wp\/v2\/comments?post=178611"}],"version-history":[{"count":0,"href":"https:\/\/candas365.es\/noticias\/wp-json\/wp\/v2\/posts\/178611\/revisions"}],"wp:featuredmedia":[{"embeddable":true,"href":"https:\/\/candas365.es\/noticias\/wp-json\/wp\/v2\/media\/178612"}],"wp:attachment":[{"href":"https:\/\/candas365.es\/noticias\/wp-json\/wp\/v2\/media?parent=178611"}],"wp:term":[{"taxonomy":"category","embeddable":true,"href":"https:\/\/candas365.es\/noticias\/wp-json\/wp\/v2\/categories?post=178611"},{"taxonomy":"post_tag","embeddable":true,"href":"https:\/\/candas365.es\/noticias\/wp-json\/wp\/v2\/tags?post=178611"}],"curies":[{"name":"wp","href":"https:\/\/api.w.org\/{rel}","templated":true}]}}