{"id":178595,"date":"2024-02-23T20:59:48","date_gmt":"2024-02-23T19:59:48","guid":{"rendered":"https:\/\/candas365.es\/noticias\/?p=178595"},"modified":"2024-02-23T20:59:48","modified_gmt":"2024-02-23T19:59:48","slug":"aprobada-la-despenalizacion-parcial-del-cannabis-en-alemania","status":"publish","type":"post","link":"https:\/\/candas365.es\/noticias\/aprobada-la-despenalizacion-parcial-del-cannabis-en-alemania\/","title":{"rendered":"Aprobada la despenalizaci\u00f3n parcial del cannabis en Alemania"},"content":{"rendered":"<p>Berl\u00edn, 23 feb (<a title=\"dpa\" href=\"https:\/\/www.dpa-news.de\/\" target=\"_blank\" rel=\"noopener\"><span style=\"color: #ff6600;\"><strong>dpa<\/strong><\/span><\/a>) &#8211; El Bundestag (C\u00e1mara Baja del Parlamento) aprob\u00f3 hoy la <strong>despenalizaci\u00f3n parcial del cannabis en <a href=\"https:\/\/candas365.es\/noticias\/category\/internacional\/\"><span style=\"color: #ff6600;\">Alemania<\/span><\/a> a partir del 1 de abril<\/strong>, en el que es uno de los principales proyectos de la coalici\u00f3n de Gobierno entre socialdem\u00f3cratas, verdes y liberales.<\/p>\n<figure id=\"attachment_178596\" aria-describedby=\"caption-attachment-178596\" style=\"width: 650px\" class=\"wp-caption aligncenter\"><img fetchpriority=\"high\" decoding=\"async\" class=\"size-large wp-image-178596\" src=\"https:\/\/candas365.es\/noticias\/wp-content\/uploads\/2024\/02\/Despenalizacion-parcial-del-cannabis-en-Alemania-650x438.jpg\" alt=\"Despenalizaci\u00f3n parcial del cannabis en Alemania\" width=\"650\" height=\"438\" srcset=\"https:\/\/candas365.es\/noticias\/wp-content\/uploads\/2024\/02\/Despenalizacion-parcial-del-cannabis-en-Alemania-650x438.jpg 650w, https:\/\/candas365.es\/noticias\/wp-content\/uploads\/2024\/02\/Despenalizacion-parcial-del-cannabis-en-Alemania-360x242.jpg 360w, https:\/\/candas365.es\/noticias\/wp-content\/uploads\/2024\/02\/Despenalizacion-parcial-del-cannabis-en-Alemania-768x517.jpg 768w, https:\/\/candas365.es\/noticias\/wp-content\/uploads\/2024\/02\/Despenalizacion-parcial-del-cannabis-en-Alemania-150x101.jpg 150w, https:\/\/candas365.es\/noticias\/wp-content\/uploads\/2024\/02\/Despenalizacion-parcial-del-cannabis-en-Alemania-450x303.jpg 450w, https:\/\/candas365.es\/noticias\/wp-content\/uploads\/2024\/02\/Despenalizacion-parcial-del-cannabis-en-Alemania.jpg 983w\" sizes=\"(max-width: 650px) 100vw, 650px\" \/><figcaption id=\"caption-attachment-178596\" class=\"wp-caption-text\">Karl Lauterbach, ministro de Salud de Alemania, durante el debate parlamentario sobre la ley sobre el consumo y cultivo de cannabis. Foto: Serhat Kocak\/dpa<\/figcaption><\/figure>\n<p>En la votaci\u00f3n, 407 parlamentarios dieron su voto a favor, 226 en contra y cuatro se abstuvieron. Se espera que la nueva legislaci\u00f3n sea refrendada el 22 de marzo por el Bundesrat (C\u00e1mara Alta), si bien un rechazo all\u00ed podr\u00eda retrasar su entrada en vigor recurriendo al comit\u00e9 de mediaci\u00f3n entre ambas c\u00e1maras.<\/p>\n<p>El proyecto legislativo, muy discutido desde varios sectores, prev\u00e9 que adultos mayores de 18 a\u00f1os podr\u00e1n poseer hasta 25 gramos de cannabis para consumo personal. <strong>Adem\u00e1s, se legalizar\u00e1 la posesi\u00f3n de tres plantas de cannabis en el propio domicilio.<\/strong><\/p>\n<blockquote><p>La ley prohibir\u00e1 fumar cannabis en espacios p\u00fablicos pr\u00f3ximos a escuelas, instalaciones deportivas y a la vista de las mismas, concretamente a menos de 100 metros desde sus entradas.<\/p><\/blockquote>\n<p>Asimismo, se permitir\u00e1n las \u00abasociaciones de cultivo\u00bb no comerciales para adultos, en las que hasta 500 miembros residentes en Alemania puedan producir cannabis de manera colectiva y se lo suministren entre s\u00ed para consumo personal, hasta un m\u00e1ximo de 50 gramos por miembro al mes.<\/p>\n<p>A m\u00e1s tardar 18 meses despu\u00e9s de la entrada en vigor de la ley, se realizar\u00e1 una evaluaci\u00f3n inicial de su impacto en la protecci\u00f3n de ni\u00f1os y j\u00f3venes, entre otras medidas.<\/p>\n<p>El ministro de Salud, Karl Lauterbach, defendi\u00f3 los planes hoy aprobados. La situaci\u00f3n actual, dijo, no es \u00aben absoluto aceptable\u00bb, en referencia al creciente n\u00famero de consumidores y a las \u00abconcentraciones t\u00f3xicas\u00bb en el cannabis procedentes del tr\u00e1fico criminal de drogas.<\/p>\n<p>\u00abEl mercado negro es el n\u00facleo del mal\u00bb, opin\u00f3 al argumentar que todos los esfuerzos por combatirlo suponen un paso importante para proteger a los j\u00f3venes. Por ello, argument\u00f3, debe crearse una oferta legal.<\/p>\n<p><strong>Lauterbach tambi\u00e9n hizo hincapi\u00e9 en la necesidad de una mayor educaci\u00f3n respecto al consumo del cannabis<\/strong>. \u00abNo lo trivialicemos\u00bb, coment\u00f3. Agreg\u00f3 que muchos j\u00f3venes a\u00fan no son conscientes de que el consumo act\u00faa como un \u00abveneno cerebral\u00bb para el cerebro en crecimiento.<\/p>\n<p>Tanto la alizanza conservadora CDU\/CSU como la ultraderechista Alternativa para Alemania (AfD) se opusieron a los planes. <strong>\u00abSu ley no hace m\u00e1s que hablar de boquilla de la protecci\u00f3n de los ni\u00f1os y los j\u00f3venes\u00bb, critic\u00f3 la pol\u00edtica de la CDU, Simone Borchardt.<\/strong><\/p>\n<p>El l\u00edder del grupo parlamentario de la CSU, Alexander Dobrindt, dijo a dpa que la legalizaci\u00f3n provocar\u00eda m\u00e1s adicci\u00f3n, m\u00e1s problemas sociales y menos seguridad, especialmente para los j\u00f3venes. \u00abEsta ley no se puede controlar y es un regalo para el crimen organizado en Alemania\u00bb, coment\u00f3.<\/p>\n<p>Seg\u00fan los datos de una encuesta realizada por el instituto de estudios de opini\u00f3n YouGov, a la que tuvo acceso dpa, el 47 por ciento de los alemanes se opone a la legalizaci\u00f3n parcial del cannabis, mientras que un 42 por ciento la apoya.<\/p>\n","protected":false},"excerpt":{"rendered":"<p>Berl\u00edn, 23 feb (dpa) &#8211; El Bundestag (C\u00e1mara Baja del Parlamento) aprob\u00f3 hoy la despenalizaci\u00f3n parcial del cannabis en Alemania a partir del 1 de abril, en el que es uno de los principales proyectos de la coalici\u00f3n de Gobierno entre socialdem\u00f3cratas, verdes y liberales. En la votaci\u00f3n, 407 parlamentarios dieron su voto a favor,<\/p>\n","protected":false},"author":1,"featured_media":178596,"comment_status":"closed","ping_status":"closed","sticky":false,"template":"","format":"standard","meta":{"footnotes":""},"categories":[485],"tags":[417,378],"class_list":{"0":"post-178595","1":"post","2":"type-post","3":"status-publish","4":"format-standard","5":"has-post-thumbnail","7":"category-internacional","8":"tag-alemania","9":"tag-salud"},"aioseo_notices":[],"aioseo_head":"\n\t\t<!-- All in One SEO Pro 4.9.6.2 - aioseo.com -->\n\t<meta name=\"description\" content=\"Berl\u00edn, 23 feb (dpa) - El Bundestag (C\u00e1mara Baja del Parlamento) aprob\u00f3 hoy la despenalizaci\u00f3n parcial del cannabis en Alemania a partir del 1 de abril\" \/>\n\t<meta name=\"robots\" content=\"max-image-preview:large\" \/>\n\t<meta name=\"author\" content=\"Cand\u00e1s 365\"\/>\n\t<meta name=\"google-site-verification\" content=\"UA-32230408-1\" \/>\n\t<meta name=\"msvalidate.01\" content=\"354F3CDFB2DA171B47FBE9ABF1F88D5\" \/>\n\t<meta name=\"keywords\" content=\"internacional\" \/>\n\t<link rel=\"canonical\" href=\"https:\/\/candas365.es\/noticias\/aprobada-la-despenalizacion-parcial-del-cannabis-en-alemania\/\" \/>\n\t<meta name=\"generator\" content=\"All in One SEO Pro (AIOSEO) 4.9.6.2\" \/>\n\t\t<meta property=\"og:locale\" content=\"es_ES\" \/>\n\t\t<meta property=\"og:site_name\" content=\"Cand\u00e1s 365\" \/>\n\t\t<meta property=\"og:type\" content=\"article\" \/>\n\t\t<meta property=\"og:title\" content=\"Aprobada la despenalizaci\u00f3n parcial del cannabis en Alemania | Cand\u00e1s 365\" \/>\n\t\t<meta property=\"og:description\" content=\"Berl\u00edn, 23 feb (dpa) - El Bundestag (C\u00e1mara Baja del Parlamento) aprob\u00f3 hoy la despenalizaci\u00f3n parcial del cannabis en Alemania a partir del 1 de abril\" \/>\n\t\t<meta property=\"og:url\" content=\"https:\/\/candas365.es\/noticias\/aprobada-la-despenalizacion-parcial-del-cannabis-en-alemania\/\" \/>\n\t\t<meta property=\"og:image\" content=\"https:\/\/candas365.es\/noticias\/wp-content\/uploads\/2024\/02\/Despenalizacion-parcial-del-cannabis-en-Alemania.jpg\" \/>\n\t\t<meta property=\"og:image:secure_url\" content=\"https:\/\/candas365.es\/noticias\/wp-content\/uploads\/2024\/02\/Despenalizacion-parcial-del-cannabis-en-Alemania.jpg\" \/>\n\t\t<meta property=\"og:image:width\" content=\"983\" \/>\n\t\t<meta property=\"og:image:height\" content=\"662\" \/>\n\t\t<meta property=\"article:published_time\" content=\"2024-02-23T19:59:48+00:00\" \/>\n\t\t<meta property=\"article:modified_time\" content=\"2024-02-23T19:59:48+00:00\" \/>\n\t\t<meta property=\"article:publisher\" content=\"https:\/\/www.facebook.com\/Nachofdezber\" \/>\n\t\t<meta property=\"article:author\" content=\"https:\/\/www.facebook.com\/carrenoactualidad\" \/>\n\t\t<meta name=\"twitter:card\" content=\"summary_large_image\" \/>\n\t\t<meta name=\"twitter:site\" content=\"@NabercoDigital\" \/>\n\t\t<meta name=\"twitter:title\" content=\"Aprobada la despenalizaci\u00f3n parcial del cannabis en Alemania | Cand\u00e1s 365\" \/>\n\t\t<meta name=\"twitter:description\" content=\"Berl\u00edn, 23 feb (dpa) - El Bundestag (C\u00e1mara Baja del Parlamento) aprob\u00f3 hoy la despenalizaci\u00f3n parcial del cannabis en Alemania a partir del 1 de abril\" \/>\n\t\t<meta name=\"twitter:creator\" content=\"@nbasturias\" \/>\n\t\t<meta name=\"twitter:image\" content=\"https:\/\/candas365.es\/noticias\/wp-content\/uploads\/2024\/02\/Despenalizacion-parcial-del-cannabis-en-Alemania.jpg\" \/>\n\t\t<meta name=\"twitter:label1\" content=\"Escrito por\" \/>\n\t\t<meta name=\"twitter:data1\" content=\"Cand\u00e1s 365\" \/>\n\t\t<meta name=\"twitter:label2\" content=\"Tiempo de lectura estimado\" \/>\n\t\t<meta name=\"twitter:data2\" content=\"3 minutos\" \/>\n\t\t<script type=\"application\/ld+json\" class=\"aioseo-schema\">\n\t\t\t{\"@context\":\"https:\\\/\\\/schema.org\",\"@graph\":[{\"@type\":\"BreadcrumbList\",\"@id\":\"https:\\\/\\\/candas365.es\\\/noticias\\\/aprobada-la-despenalizacion-parcial-del-cannabis-en-alemania\\\/#breadcrumblist\",\"itemListElement\":[{\"@type\":\"ListItem\",\"@id\":\"https:\\\/\\\/candas365.es\\\/noticias#listItem\",\"position\":1,\"name\":\"Home\",\"item\":\"https:\\\/\\\/candas365.es\\\/noticias\",\"nextItem\":{\"@type\":\"ListItem\",\"@id\":\"https:\\\/\\\/candas365.es\\\/noticias\\\/category\\\/internacional\\\/#listItem\",\"name\":\"Internacional\"}},{\"@type\":\"ListItem\",\"@id\":\"https:\\\/\\\/candas365.es\\\/noticias\\\/category\\\/internacional\\\/#listItem\",\"position\":2,\"name\":\"Internacional\",\"item\":\"https:\\\/\\\/candas365.es\\\/noticias\\\/category\\\/internacional\\\/\",\"nextItem\":{\"@type\":\"ListItem\",\"@id\":\"https:\\\/\\\/candas365.es\\\/noticias\\\/aprobada-la-despenalizacion-parcial-del-cannabis-en-alemania\\\/#listItem\",\"name\":\"Aprobada la despenalizaci\\u00f3n parcial del cannabis en Alemania\"},\"previousItem\":{\"@type\":\"ListItem\",\"@id\":\"https:\\\/\\\/candas365.es\\\/noticias#listItem\",\"name\":\"Home\"}},{\"@type\":\"ListItem\",\"@id\":\"https:\\\/\\\/candas365.es\\\/noticias\\\/aprobada-la-despenalizacion-parcial-del-cannabis-en-alemania\\\/#listItem\",\"position\":3,\"name\":\"Aprobada la despenalizaci\\u00f3n parcial del cannabis en Alemania\",\"previousItem\":{\"@type\":\"ListItem\",\"@id\":\"https:\\\/\\\/candas365.es\\\/noticias\\\/category\\\/internacional\\\/#listItem\",\"name\":\"Internacional\"}}]},{\"@type\":\"NewsArticle\",\"@id\":\"https:\\\/\\\/candas365.es\\\/noticias\\\/aprobada-la-despenalizacion-parcial-del-cannabis-en-alemania\\\/#newsarticle\",\"name\":\"Aprobada la despenalizaci\\u00f3n parcial del cannabis en Alemania | Cand\\u00e1s 365\",\"headline\":\"Aprobada la despenalizaci\\u00f3n parcial del cannabis en Alemania\",\"author\":{\"@id\":\"https:\\\/\\\/candas365.es\\\/noticias\\\/author\\\/admin\\\/#author\"},\"publisher\":{\"@id\":\"https:\\\/\\\/candas365.es\\\/noticias\\\/#organization\"},\"image\":{\"@type\":\"ImageObject\",\"url\":\"https:\\\/\\\/candas365.es\\\/noticias\\\/wp-content\\\/uploads\\\/2024\\\/02\\\/Despenalizacion-parcial-del-cannabis-en-Alemania.jpg\",\"width\":983,\"height\":662,\"caption\":\"Karl Lauterbach, ministro de Salud de Alemania, durante el debate parlamentario sobre la ley sobre el consumo y cultivo de cannabis. Foto: Serhat Kocak\\\/dpa\"},\"datePublished\":\"2024-02-23T20:59:48+01:00\",\"dateModified\":\"2024-02-23T20:59:48+01:00\",\"inLanguage\":\"es-ES\",\"mainEntityOfPage\":{\"@id\":\"https:\\\/\\\/candas365.es\\\/noticias\\\/aprobada-la-despenalizacion-parcial-del-cannabis-en-alemania\\\/#webpage\"},\"isPartOf\":{\"@id\":\"https:\\\/\\\/candas365.es\\\/noticias\\\/aprobada-la-despenalizacion-parcial-del-cannabis-en-alemania\\\/#webpage\"},\"articleSection\":\"Internacional, Alemania, Salud\",\"dateline\":\"Publicado el febrero 23, 2024.\"},{\"@type\":\"Organization\",\"@id\":\"https:\\\/\\\/candas365.es\\\/noticias\\\/#organization\",\"name\":\"Cand\\u00e1s 365\",\"description\":\"Cand\\u00e1s 365 es un diario digital independiente, fundado en 2012, con base en Asturias. Informamos con rigor sobre actualidad, sociedad, cultura y ocio, con una mirada local y global.\",\"url\":\"https:\\\/\\\/candas365.es\\\/noticias\\\/\",\"email\":\"info@candas365.es\",\"telephone\":\"+34652131393\",\"foundingDate\":\"2012-06-10\",\"logo\":{\"@type\":\"ImageObject\",\"url\":\"https:\\\/\\\/candas365.es\\\/noticias\\\/wp-content\\\/uploads\\\/2024\\\/09\\\/Candas-365-Redes.jpg\",\"@id\":\"https:\\\/\\\/candas365.es\\\/noticias\\\/aprobada-la-despenalizacion-parcial-del-cannabis-en-alemania\\\/#organizationLogo\",\"width\":1152,\"height\":864,\"caption\":\"Cand\\u00e1s 365 Redes\"},\"image\":{\"@id\":\"https:\\\/\\\/candas365.es\\\/noticias\\\/aprobada-la-despenalizacion-parcial-del-cannabis-en-alemania\\\/#organizationLogo\"},\"sameAs\":[\"https:\\\/\\\/www.facebook.com\\\/Nachofdezber\",\"https:\\\/\\\/x.com\\\/NabercoDigital\",\"https:\\\/\\\/www.instagram.com\\\/nachofdezber\\\/\",\"https:\\\/\\\/www.youtube.com\\\/channel\\\/UCZP-2wLEB9Rv6erhFmqVnvg\"],\"address\":{\"@id\":\"https:\\\/\\\/candas365.es\\\/noticias\\\/#postaladdress\",\"@type\":\"PostalAddress\",\"streetAddress\":\"san antonio 4, san antonio 4\",\"postalCode\":\"33430\",\"addressLocality\":\"Cand\\u00e1s\",\"addressRegion\":\"Asturias\",\"addressCountry\":\"ES\"}},{\"@type\":\"Person\",\"@id\":\"https:\\\/\\\/candas365.es\\\/noticias\\\/author\\\/admin\\\/#author\",\"url\":\"https:\\\/\\\/candas365.es\\\/noticias\\\/author\\\/admin\\\/\",\"name\":\"Cand\\u00e1s 365\",\"image\":{\"@type\":\"ImageObject\",\"@id\":\"https:\\\/\\\/candas365.es\\\/noticias\\\/aprobada-la-despenalizacion-parcial-del-cannabis-en-alemania\\\/#authorImage\",\"url\":\"https:\\\/\\\/secure.gravatar.com\\\/avatar\\\/496a8e03d0c493ede1718b7934145dbdf8d89be1036b0eec9544e1094c9de390?s=96&d=mm&r=g\",\"width\":96,\"height\":96,\"caption\":\"Cand\\u00e1s 365\"},\"sameAs\":[\"https:\\\/\\\/www.facebook.com\\\/carrenoactualidad\",\"https:\\\/\\\/twitter.com\\\/nbasturias\",\"https:\\\/\\\/www.instagram.com\\\/nachofdezber\\\/\",\"https:\\\/\\\/www.youtube.com\\\/channel\\\/UCZP-2wLEB9Rv6erhFmqVnvg\"]},{\"@type\":\"WebPage\",\"@id\":\"https:\\\/\\\/candas365.es\\\/noticias\\\/aprobada-la-despenalizacion-parcial-del-cannabis-en-alemania\\\/#webpage\",\"url\":\"https:\\\/\\\/candas365.es\\\/noticias\\\/aprobada-la-despenalizacion-parcial-del-cannabis-en-alemania\\\/\",\"name\":\"Aprobada la despenalizaci\\u00f3n parcial del cannabis en Alemania | Cand\\u00e1s 365\",\"description\":\"Berl\\u00edn, 23 feb (dpa) - El Bundestag (C\\u00e1mara Baja del Parlamento) aprob\\u00f3 hoy la despenalizaci\\u00f3n parcial del cannabis en Alemania a partir del 1 de abril\",\"inLanguage\":\"es-ES\",\"isPartOf\":{\"@id\":\"https:\\\/\\\/candas365.es\\\/noticias\\\/#website\"},\"breadcrumb\":{\"@id\":\"https:\\\/\\\/candas365.es\\\/noticias\\\/aprobada-la-despenalizacion-parcial-del-cannabis-en-alemania\\\/#breadcrumblist\"},\"author\":{\"@id\":\"https:\\\/\\\/candas365.es\\\/noticias\\\/author\\\/admin\\\/#author\"},\"creator\":{\"@id\":\"https:\\\/\\\/candas365.es\\\/noticias\\\/author\\\/admin\\\/#author\"},\"image\":{\"@type\":\"ImageObject\",\"url\":\"https:\\\/\\\/candas365.es\\\/noticias\\\/wp-content\\\/uploads\\\/2024\\\/02\\\/Despenalizacion-parcial-del-cannabis-en-Alemania.jpg\",\"@id\":\"https:\\\/\\\/candas365.es\\\/noticias\\\/aprobada-la-despenalizacion-parcial-del-cannabis-en-alemania\\\/#mainImage\",\"width\":983,\"height\":662,\"caption\":\"Karl Lauterbach, ministro de Salud de Alemania, durante el debate parlamentario sobre la ley sobre el consumo y cultivo de cannabis. Foto: Serhat Kocak\\\/dpa\"},\"primaryImageOfPage\":{\"@id\":\"https:\\\/\\\/candas365.es\\\/noticias\\\/aprobada-la-despenalizacion-parcial-del-cannabis-en-alemania\\\/#mainImage\"},\"datePublished\":\"2024-02-23T20:59:48+01:00\",\"dateModified\":\"2024-02-23T20:59:48+01:00\"},{\"@type\":\"WebSite\",\"@id\":\"https:\\\/\\\/candas365.es\\\/noticias\\\/#website\",\"url\":\"https:\\\/\\\/candas365.es\\\/noticias\\\/\",\"name\":\"Cand\\u00e1s 365\",\"alternateName\":\"Cand\\u00e1s 365 Noticias\",\"description\":\"Actualidad desde Carre\\u00f1o para el mundo\",\"inLanguage\":\"es-ES\",\"publisher\":{\"@id\":\"https:\\\/\\\/candas365.es\\\/noticias\\\/#organization\"}}]}\n\t\t<\/script>\n\t\t<!-- All in One SEO Pro -->\r\n\t\t<title>Aprobada la despenalizaci\u00f3n parcial del cannabis en Alemania | Cand\u00e1s 365<\/title>\n\n","aioseo_head_json":{"title":"Aprobada la despenalizaci\u00f3n parcial del cannabis en Alemania | Cand\u00e1s 365","description":"Berl\u00edn, 23 feb (dpa) - El Bundestag (C\u00e1mara Baja del Parlamento) aprob\u00f3 hoy la despenalizaci\u00f3n parcial del cannabis en Alemania a partir del 1 de abril","canonical_url":"https:\/\/candas365.es\/noticias\/aprobada-la-despenalizacion-parcial-del-cannabis-en-alemania\/","robots":"max-image-preview:large","keywords":"internacional","webmasterTools":{"google-site-verification":"UA-32230408-1","msvalidate.01":"354F3CDFB2DA171B47FBE9ABF1F88D5","miscellaneous":""},"schema":{"@context":"https:\/\/schema.org","@graph":[{"@type":"BreadcrumbList","@id":"https:\/\/candas365.es\/noticias\/aprobada-la-despenalizacion-parcial-del-cannabis-en-alemania\/#breadcrumblist","itemListElement":[{"@type":"ListItem","@id":"https:\/\/candas365.es\/noticias#listItem","position":1,"name":"Home","item":"https:\/\/candas365.es\/noticias","nextItem":{"@type":"ListItem","@id":"https:\/\/candas365.es\/noticias\/category\/internacional\/#listItem","name":"Internacional"}},{"@type":"ListItem","@id":"https:\/\/candas365.es\/noticias\/category\/internacional\/#listItem","position":2,"name":"Internacional","item":"https:\/\/candas365.es\/noticias\/category\/internacional\/","nextItem":{"@type":"ListItem","@id":"https:\/\/candas365.es\/noticias\/aprobada-la-despenalizacion-parcial-del-cannabis-en-alemania\/#listItem","name":"Aprobada la despenalizaci\u00f3n parcial del cannabis en Alemania"},"previousItem":{"@type":"ListItem","@id":"https:\/\/candas365.es\/noticias#listItem","name":"Home"}},{"@type":"ListItem","@id":"https:\/\/candas365.es\/noticias\/aprobada-la-despenalizacion-parcial-del-cannabis-en-alemania\/#listItem","position":3,"name":"Aprobada la despenalizaci\u00f3n parcial del cannabis en Alemania","previousItem":{"@type":"ListItem","@id":"https:\/\/candas365.es\/noticias\/category\/internacional\/#listItem","name":"Internacional"}}]},{"@type":"NewsArticle","@id":"https:\/\/candas365.es\/noticias\/aprobada-la-despenalizacion-parcial-del-cannabis-en-alemania\/#newsarticle","name":"Aprobada la despenalizaci\u00f3n parcial del cannabis en Alemania | Cand\u00e1s 365","headline":"Aprobada la despenalizaci\u00f3n parcial del cannabis en Alemania","author":{"@id":"https:\/\/candas365.es\/noticias\/author\/admin\/#author"},"publisher":{"@id":"https:\/\/candas365.es\/noticias\/#organization"},"image":{"@type":"ImageObject","url":"https:\/\/candas365.es\/noticias\/wp-content\/uploads\/2024\/02\/Despenalizacion-parcial-del-cannabis-en-Alemania.jpg","width":983,"height":662,"caption":"Karl Lauterbach, ministro de Salud de Alemania, durante el debate parlamentario sobre la ley sobre el consumo y cultivo de cannabis. Foto: Serhat Kocak\/dpa"},"datePublished":"2024-02-23T20:59:48+01:00","dateModified":"2024-02-23T20:59:48+01:00","inLanguage":"es-ES","mainEntityOfPage":{"@id":"https:\/\/candas365.es\/noticias\/aprobada-la-despenalizacion-parcial-del-cannabis-en-alemania\/#webpage"},"isPartOf":{"@id":"https:\/\/candas365.es\/noticias\/aprobada-la-despenalizacion-parcial-del-cannabis-en-alemania\/#webpage"},"articleSection":"Internacional, Alemania, Salud","dateline":"Publicado el febrero 23, 2024."},{"@type":"Organization","@id":"https:\/\/candas365.es\/noticias\/#organization","name":"Cand\u00e1s 365","description":"Cand\u00e1s 365 es un diario digital independiente, fundado en 2012, con base en Asturias. Informamos con rigor sobre actualidad, sociedad, cultura y ocio, con una mirada local y global.","url":"https:\/\/candas365.es\/noticias\/","email":"info@candas365.es","telephone":"+34652131393","foundingDate":"2012-06-10","logo":{"@type":"ImageObject","url":"https:\/\/candas365.es\/noticias\/wp-content\/uploads\/2024\/09\/Candas-365-Redes.jpg","@id":"https:\/\/candas365.es\/noticias\/aprobada-la-despenalizacion-parcial-del-cannabis-en-alemania\/#organizationLogo","width":1152,"height":864,"caption":"Cand\u00e1s 365 Redes"},"image":{"@id":"https:\/\/candas365.es\/noticias\/aprobada-la-despenalizacion-parcial-del-cannabis-en-alemania\/#organizationLogo"},"sameAs":["https:\/\/www.facebook.com\/Nachofdezber","https:\/\/x.com\/NabercoDigital","https:\/\/www.instagram.com\/nachofdezber\/","https:\/\/www.youtube.com\/channel\/UCZP-2wLEB9Rv6erhFmqVnvg"],"address":{"@id":"https:\/\/candas365.es\/noticias\/#postaladdress","@type":"PostalAddress","streetAddress":"san antonio 4, san antonio 4","postalCode":"33430","addressLocality":"Cand\u00e1s","addressRegion":"Asturias","addressCountry":"ES"}},{"@type":"Person","@id":"https:\/\/candas365.es\/noticias\/author\/admin\/#author","url":"https:\/\/candas365.es\/noticias\/author\/admin\/","name":"Cand\u00e1s 365","image":{"@type":"ImageObject","@id":"https:\/\/candas365.es\/noticias\/aprobada-la-despenalizacion-parcial-del-cannabis-en-alemania\/#authorImage","url":"https:\/\/secure.gravatar.com\/avatar\/496a8e03d0c493ede1718b7934145dbdf8d89be1036b0eec9544e1094c9de390?s=96&d=mm&r=g","width":96,"height":96,"caption":"Cand\u00e1s 365"},"sameAs":["https:\/\/www.facebook.com\/carrenoactualidad","https:\/\/twitter.com\/nbasturias","https:\/\/www.instagram.com\/nachofdezber\/","https:\/\/www.youtube.com\/channel\/UCZP-2wLEB9Rv6erhFmqVnvg"]},{"@type":"WebPage","@id":"https:\/\/candas365.es\/noticias\/aprobada-la-despenalizacion-parcial-del-cannabis-en-alemania\/#webpage","url":"https:\/\/candas365.es\/noticias\/aprobada-la-despenalizacion-parcial-del-cannabis-en-alemania\/","name":"Aprobada la despenalizaci\u00f3n parcial del cannabis en Alemania | Cand\u00e1s 365","description":"Berl\u00edn, 23 feb (dpa) - El Bundestag (C\u00e1mara Baja del Parlamento) aprob\u00f3 hoy la despenalizaci\u00f3n parcial del cannabis en Alemania a partir del 1 de abril","inLanguage":"es-ES","isPartOf":{"@id":"https:\/\/candas365.es\/noticias\/#website"},"breadcrumb":{"@id":"https:\/\/candas365.es\/noticias\/aprobada-la-despenalizacion-parcial-del-cannabis-en-alemania\/#breadcrumblist"},"author":{"@id":"https:\/\/candas365.es\/noticias\/author\/admin\/#author"},"creator":{"@id":"https:\/\/candas365.es\/noticias\/author\/admin\/#author"},"image":{"@type":"ImageObject","url":"https:\/\/candas365.es\/noticias\/wp-content\/uploads\/2024\/02\/Despenalizacion-parcial-del-cannabis-en-Alemania.jpg","@id":"https:\/\/candas365.es\/noticias\/aprobada-la-despenalizacion-parcial-del-cannabis-en-alemania\/#mainImage","width":983,"height":662,"caption":"Karl Lauterbach, ministro de Salud de Alemania, durante el debate parlamentario sobre la ley sobre el consumo y cultivo de cannabis. Foto: Serhat Kocak\/dpa"},"primaryImageOfPage":{"@id":"https:\/\/candas365.es\/noticias\/aprobada-la-despenalizacion-parcial-del-cannabis-en-alemania\/#mainImage"},"datePublished":"2024-02-23T20:59:48+01:00","dateModified":"2024-02-23T20:59:48+01:00"},{"@type":"WebSite","@id":"https:\/\/candas365.es\/noticias\/#website","url":"https:\/\/candas365.es\/noticias\/","name":"Cand\u00e1s 365","alternateName":"Cand\u00e1s 365 Noticias","description":"Actualidad desde Carre\u00f1o para el mundo","inLanguage":"es-ES","publisher":{"@id":"https:\/\/candas365.es\/noticias\/#organization"}}]},"og:locale":"es_ES","og:site_name":"Cand\u00e1s 365","og:type":"article","og:title":"Aprobada la despenalizaci\u00f3n parcial del cannabis en Alemania | Cand\u00e1s 365","og:description":"Berl\u00edn, 23 feb (dpa) - El Bundestag (C\u00e1mara Baja del Parlamento) aprob\u00f3 hoy la despenalizaci\u00f3n parcial del cannabis en Alemania a partir del 1 de abril","og:url":"https:\/\/candas365.es\/noticias\/aprobada-la-despenalizacion-parcial-del-cannabis-en-alemania\/","og:image":"https:\/\/candas365.es\/noticias\/wp-content\/uploads\/2024\/02\/Despenalizacion-parcial-del-cannabis-en-Alemania.jpg","og:image:secure_url":"https:\/\/candas365.es\/noticias\/wp-content\/uploads\/2024\/02\/Despenalizacion-parcial-del-cannabis-en-Alemania.jpg","og:image:width":983,"og:image:height":662,"article:published_time":"2024-02-23T19:59:48+00:00","article:modified_time":"2024-02-23T19:59:48+00:00","article:publisher":"https:\/\/www.facebook.com\/Nachofdezber","article:author":"https:\/\/www.facebook.com\/carrenoactualidad","twitter:card":"summary_large_image","twitter:site":"@NabercoDigital","twitter:title":"Aprobada la despenalizaci\u00f3n parcial del cannabis en Alemania | Cand\u00e1s 365","twitter:description":"Berl\u00edn, 23 feb (dpa) - El Bundestag (C\u00e1mara Baja del Parlamento) aprob\u00f3 hoy la despenalizaci\u00f3n parcial del cannabis en Alemania a partir del 1 de abril","twitter:creator":"@nbasturias","twitter:image":"https:\/\/candas365.es\/noticias\/wp-content\/uploads\/2024\/02\/Despenalizacion-parcial-del-cannabis-en-Alemania.jpg","twitter:label1":"Escrito por","twitter:data1":"Cand\u00e1s 365","twitter:label2":"Tiempo de lectura estimado","twitter:data2":"3 minutos"},"aioseo_meta_data":{"post_id":"178595","title":null,"description":"Berl\u00edn, 23 feb (dpa) - El Bundestag (C\u00e1mara Baja del Parlamento) aprob\u00f3 hoy la despenalizaci\u00f3n parcial del cannabis en Alemania a partir del 1 de abril","keywords":[],"keyphrases":{"focus":{"keyphrase":"cannabis","score":93,"analysis":{"keyphraseInTitle":{"score":9,"maxScore":9,"error":0},"keyphraseInDescription":{"score":9,"maxScore":9,"error":0},"keyphraseLength":{"score":9,"maxScore":9,"error":0,"length":1},"keyphraseInURL":{"score":1,"maxScore":5,"error":1},"keyphraseInIntroduction":{"score":9,"maxScore":9,"error":0},"keyphraseInSubHeadings":[],"keyphraseInImageAlt":{"score":9,"maxScore":9,"error":0},"keywordDensity":{"type":"best","score":9,"maxScore":9,"error":0}}},"additional":[{"keyphrase":"cannabis","score":100,"analysis":{"keyphraseInDescription":{"score":9,"maxScore":9,"error":0},"keyphraseLength":{"score":9,"maxScore":9,"error":0,"length":1},"keyphraseInIntroduction":{"score":9,"maxScore":9,"error":0},"keyphraseInImageAlt":{"score":9,"maxScore":9,"error":0},"keywordDensity":{"type":"best","score":9,"maxScore":9,"error":0}}},{"keyphrase":"Alemania","score":100,"analysis":{"keyphraseInDescription":{"score":9,"maxScore":9,"error":0},"keyphraseLength":{"score":9,"maxScore":9,"error":0,"length":1},"keyphraseInIntroduction":{"score":9,"maxScore":9,"error":0},"keyphraseInImageAlt":{"score":9,"maxScore":9,"error":0},"keywordDensity":{"type":"best","score":9,"maxScore":9,"error":0}}}]},"primary_term":null,"canonical_url":null,"og_title":null,"og_description":null,"og_object_type":"default","og_image_type":"default","og_image_url":null,"og_image_width":null,"og_image_height":null,"og_image_custom_url":null,"og_image_custom_fields":null,"og_video":"","og_custom_url":null,"og_article_section":null,"og_article_tags":[],"twitter_use_og":false,"twitter_card":"default","twitter_image_type":"default","twitter_image_url":null,"twitter_image_custom_url":null,"twitter_image_custom_fields":null,"twitter_title":null,"twitter_description":null,"schema":{"blockGraphs":[],"customGraphs":[],"default":{"data":{"Article":[],"Course":[],"Dataset":[],"FAQPage":[],"Movie":[],"Person":[],"Product":[],"ProductReview":[],"Car":[],"Recipe":[],"Service":[],"SoftwareApplication":[],"WebPage":[]},"graphName":"Article","isEnabled":true},"graphs":[]},"schema_type":"default","schema_type_options":null,"pillar_content":false,"robots_default":true,"robots_noindex":false,"robots_noarchive":false,"robots_nosnippet":false,"robots_nofollow":false,"robots_noimageindex":false,"robots_noodp":false,"robots_notranslate":false,"robots_max_snippet":"-1","robots_max_videopreview":"-1","robots_max_imagepreview":"large","priority":null,"frequency":"default","location":null,"local_seo":null,"seo_analyzer_scan_date":"2025-09-02 04:46:59","breadcrumb_settings":null,"limit_modified_date":false,"reviewed_by":null,"open_ai":"{\"title\":{\"suggestions\":[],\"usage\":0},\"description\":{\"suggestions\":[],\"usage\":0}}","ai":null,"created":"2024-02-23 19:21:27","updated":"2025-09-02 04:46:59"},"aioseo_breadcrumb":"<div class=\"aioseo-breadcrumbs\"><span class=\"aioseo-breadcrumb\">\n\t<a href=\"https:\/\/candas365.es\/noticias\" title=\"Home\">Home<\/a>\n<\/span><span class=\"aioseo-breadcrumb-separator\">&ndash;<\/span><span class=\"aioseo-breadcrumb\">\n\t<a href=\"https:\/\/candas365.es\/noticias\/category\/internacional\/\" title=\"Internacional\">Internacional<\/a>\n<\/span><span class=\"aioseo-breadcrumb-separator\">&ndash;<\/span><span class=\"aioseo-breadcrumb\">\n\tAprobada la despenalizaci\u00f3n parcial del cannabis en Alemania\n<\/span><\/div>","aioseo_breadcrumb_json":[{"label":"Home","link":"https:\/\/candas365.es\/noticias"},{"label":"Internacional","link":"https:\/\/candas365.es\/noticias\/category\/internacional\/"},{"label":"Aprobada la despenalizaci\u00f3n parcial del cannabis en Alemania","link":"https:\/\/candas365.es\/noticias\/aprobada-la-despenalizacion-parcial-del-cannabis-en-alemania\/"}],"_links":{"self":[{"href":"https:\/\/candas365.es\/noticias\/wp-json\/wp\/v2\/posts\/178595","targetHints":{"allow":["GET"]}}],"collection":[{"href":"https:\/\/candas365.es\/noticias\/wp-json\/wp\/v2\/posts"}],"about":[{"href":"https:\/\/candas365.es\/noticias\/wp-json\/wp\/v2\/types\/post"}],"author":[{"embeddable":true,"href":"https:\/\/candas365.es\/noticias\/wp-json\/wp\/v2\/users\/1"}],"replies":[{"embeddable":true,"href":"https:\/\/candas365.es\/noticias\/wp-json\/wp\/v2\/comments?post=178595"}],"version-history":[{"count":0,"href":"https:\/\/candas365.es\/noticias\/wp-json\/wp\/v2\/posts\/178595\/revisions"}],"wp:featuredmedia":[{"embeddable":true,"href":"https:\/\/candas365.es\/noticias\/wp-json\/wp\/v2\/media\/178596"}],"wp:attachment":[{"href":"https:\/\/candas365.es\/noticias\/wp-json\/wp\/v2\/media?parent=178595"}],"wp:term":[{"taxonomy":"category","embeddable":true,"href":"https:\/\/candas365.es\/noticias\/wp-json\/wp\/v2\/categories?post=178595"},{"taxonomy":"post_tag","embeddable":true,"href":"https:\/\/candas365.es\/noticias\/wp-json\/wp\/v2\/tags?post=178595"}],"curies":[{"name":"wp","href":"https:\/\/api.w.org\/{rel}","templated":true}]}}