{"id":178526,"date":"2024-02-17T22:33:58","date_gmt":"2024-02-17T21:33:58","guid":{"rendered":"https:\/\/candas365.es\/noticias\/?p=178526"},"modified":"2024-02-17T22:33:58","modified_gmt":"2024-02-17T21:33:58","slug":"premio-para-la-coleccion-de-discos-475-anos-de-la-staatskapelle-de-dresde-100-anos-de-grabaciones","status":"publish","type":"post","link":"https:\/\/candas365.es\/noticias\/premio-para-la-coleccion-de-discos-475-anos-de-la-staatskapelle-de-dresde-100-anos-de-grabaciones\/","title":{"rendered":"Premio para la colecci\u00f3n de discos \u00ab475 a\u00f1os de la Staatskapelle de Dresde &#8211; 100 a\u00f1os de grabaciones\u00bb"},"content":{"rendered":"<p>Dresde (Alemania), 17 feb (<a title=\"dpa\" href=\"https:\/\/www.dpa-news.de\/\" target=\"_blank\" rel=\"noopener\"><span style=\"color: #ff6600;\"><strong>dpa<\/strong><\/span><\/a>) &#8211; La colecci\u00f3n de <a href=\"https:\/\/candas365.es\/noticias\/tag\/cultura\/\"><span style=\"color: #ff6600;\"><strong>discos<\/strong> <\/span><\/a>\u00ab475 a\u00f1os de la Staatskapelle de Dresde &#8211; 100 a\u00f1os de grabaciones\u00bb recibi\u00f3 este a\u00f1o el Premio Alem\u00e1n de la Cr\u00edtica Discogr\u00e1fica, seg\u00fan se anunci\u00f3 hoy.<\/p>\n<figure id=\"attachment_178527\" aria-describedby=\"caption-attachment-178527\" style=\"width: 650px\" class=\"wp-caption aligncenter\"><img fetchpriority=\"high\" decoding=\"async\" class=\"size-large wp-image-178527\" src=\"https:\/\/candas365.es\/noticias\/wp-content\/uploads\/2024\/02\/Staatskapelle-de-Dresde-650x430.jpg\" alt=\"Staatskapelle de Dresde\" width=\"650\" height=\"430\" srcset=\"https:\/\/candas365.es\/noticias\/wp-content\/uploads\/2024\/02\/Staatskapelle-de-Dresde-650x430.jpg 650w, https:\/\/candas365.es\/noticias\/wp-content\/uploads\/2024\/02\/Staatskapelle-de-Dresde-360x238.jpg 360w, https:\/\/candas365.es\/noticias\/wp-content\/uploads\/2024\/02\/Staatskapelle-de-Dresde-768x508.jpg 768w, https:\/\/candas365.es\/noticias\/wp-content\/uploads\/2024\/02\/Staatskapelle-de-Dresde-150x99.jpg 150w, https:\/\/candas365.es\/noticias\/wp-content\/uploads\/2024\/02\/Staatskapelle-de-Dresde-450x298.jpg 450w, https:\/\/candas365.es\/noticias\/wp-content\/uploads\/2024\/02\/Staatskapelle-de-Dresde.jpg 1005w\" sizes=\"(max-width: 650px) 100vw, 650px\" \/><figcaption id=\"caption-attachment-178527\" class=\"wp-caption-text\">Foto: Sebastian Kahnert\/dpa-Zentralbild\/dpa<\/figcaption><\/figure>\n<p>Los 10 CDs se publicaron como colecci\u00f3n el a\u00f1o pasado en el sello H\u00e4nssler Profil con motivo del aniversario de la Orquesta Estatal Sajona de Dresde (Staatskapelle Dresden).<\/p>\n<p>\u00abEstamos encantados de recibir este gran honor y lo vemos sobre todo como un homenaje a nuestros predecesores, cuyo legado debe preservarse\u00bb, anunci\u00f3 la formaci\u00f3n musical.<\/p>\n<p>La Staatskapelle de Dresde se fund\u00f3 en 1548 como orquesta de la corte y es una de las m\u00e1s antiguas del mundo. La caja de discos es un viaje musical a trav\u00e9s de los \u00faltimos cien a\u00f1os de la orquesta.<\/p>\n<p>En los CDs se pueden escuchar grabaciones bajo la direcci\u00f3n de Fritz Busch, as\u00ed como bajo la batuta de Richard Strauss, Franz Konwitschny, Herbert Blomstedt, Giuseppe Sinopoli, el actual director titular Christian Thielemann y otros.<\/p>\n<p>El objetivo es que los documentos sonoros reflejen tanto el desarrollo de la obra orquestal como la modernizaci\u00f3n de la tecnolog\u00eda de grabaci\u00f3n, desde los discos de cera hasta la sofisticada tecnolog\u00eda digital.<\/p>\n<p>La Asociaci\u00f3n Alemana de Cr\u00edticos Discogr\u00e1ficos es una organizaci\u00f3n independiente de unos 160 cr\u00edticos, periodistas y expertos musicales de Alemania, Austria y Suiza.<\/p>\n","protected":false},"excerpt":{"rendered":"<p>Dresde (Alemania), 17 feb (dpa) &#8211; La colecci\u00f3n de discos \u00ab475 a\u00f1os de la Staatskapelle de Dresde &#8211; 100 a\u00f1os de grabaciones\u00bb recibi\u00f3 este a\u00f1o el Premio Alem\u00e1n de la Cr\u00edtica Discogr\u00e1fica, seg\u00fan se anunci\u00f3 hoy. Los 10 CDs se publicaron como colecci\u00f3n el a\u00f1o pasado en el sello H\u00e4nssler Profil con motivo del aniversario<\/p>\n","protected":false},"author":1,"featured_media":178527,"comment_status":"closed","ping_status":"closed","sticky":false,"template":"","format":"standard","meta":{"footnotes":""},"categories":[142],"tags":[430],"class_list":{"0":"post-178526","1":"post","2":"type-post","3":"status-publish","4":"format-standard","5":"has-post-thumbnail","7":"category-revista","8":"tag-cultura"},"aioseo_notices":[],"aioseo_head":"\n\t\t<!-- All in One SEO Pro 4.9.6.2 - aioseo.com -->\n\t<meta name=\"description\" content=\"Dresde (Alemania), 17 feb (dpa) - La colecci\u00f3n de discos &quot;475 a\u00f1os de la Staatskapelle de Dresde - 100 a\u00f1os de grabaciones&quot; recibi\u00f3 este a\u00f1o el Premio Alem\u00e1n\" \/>\n\t<meta name=\"robots\" content=\"max-image-preview:large\" \/>\n\t<meta name=\"author\" content=\"Cand\u00e1s 365\"\/>\n\t<meta name=\"google-site-verification\" content=\"UA-32230408-1\" \/>\n\t<meta name=\"msvalidate.01\" content=\"354F3CDFB2DA171B47FBE9ABF1F88D5\" \/>\n\t<meta name=\"keywords\" content=\"revista\" \/>\n\t<link rel=\"canonical\" href=\"https:\/\/candas365.es\/noticias\/premio-para-la-coleccion-de-discos-475-anos-de-la-staatskapelle-de-dresde-100-anos-de-grabaciones\/\" \/>\n\t<meta name=\"generator\" content=\"All in One SEO Pro (AIOSEO) 4.9.6.2\" \/>\n\t\t<meta property=\"og:locale\" content=\"es_ES\" \/>\n\t\t<meta property=\"og:site_name\" content=\"Cand\u00e1s 365\" \/>\n\t\t<meta property=\"og:type\" content=\"article\" \/>\n\t\t<meta property=\"og:title\" content=\"Premio para la colecci\u00f3n de discos \u00ab475 a\u00f1os de la Staatskapelle de Dresde \u2013 100 a\u00f1os de grabaciones\u00bb | Cand\u00e1s 365\" \/>\n\t\t<meta property=\"og:description\" content=\"Dresde (Alemania), 17 feb (dpa) - La colecci\u00f3n de discos &quot;475 a\u00f1os de la Staatskapelle de Dresde - 100 a\u00f1os de grabaciones&quot; recibi\u00f3 este a\u00f1o el Premio Alem\u00e1n\" \/>\n\t\t<meta property=\"og:url\" content=\"https:\/\/candas365.es\/noticias\/premio-para-la-coleccion-de-discos-475-anos-de-la-staatskapelle-de-dresde-100-anos-de-grabaciones\/\" \/>\n\t\t<meta property=\"og:image\" content=\"https:\/\/candas365.es\/noticias\/wp-content\/uploads\/2024\/02\/Staatskapelle-de-Dresde.jpg\" \/>\n\t\t<meta property=\"og:image:secure_url\" content=\"https:\/\/candas365.es\/noticias\/wp-content\/uploads\/2024\/02\/Staatskapelle-de-Dresde.jpg\" \/>\n\t\t<meta property=\"og:image:width\" content=\"1005\" \/>\n\t\t<meta property=\"og:image:height\" content=\"665\" \/>\n\t\t<meta property=\"article:published_time\" content=\"2024-02-17T21:33:58+00:00\" \/>\n\t\t<meta property=\"article:modified_time\" content=\"2024-02-17T21:33:58+00:00\" \/>\n\t\t<meta property=\"article:publisher\" content=\"https:\/\/www.facebook.com\/Nachofdezber\" \/>\n\t\t<meta property=\"article:author\" content=\"https:\/\/www.facebook.com\/carrenoactualidad\" \/>\n\t\t<meta name=\"twitter:card\" content=\"summary_large_image\" \/>\n\t\t<meta name=\"twitter:site\" content=\"@NabercoDigital\" \/>\n\t\t<meta name=\"twitter:title\" content=\"Premio para la colecci\u00f3n de discos \u00ab475 a\u00f1os de la Staatskapelle de Dresde \u2013 100 a\u00f1os de grabaciones\u00bb | Cand\u00e1s 365\" \/>\n\t\t<meta name=\"twitter:description\" content=\"Dresde (Alemania), 17 feb (dpa) - La colecci\u00f3n de discos &quot;475 a\u00f1os de la Staatskapelle de Dresde - 100 a\u00f1os de grabaciones&quot; recibi\u00f3 este a\u00f1o el Premio Alem\u00e1n\" \/>\n\t\t<meta name=\"twitter:creator\" content=\"@nbasturias\" \/>\n\t\t<meta name=\"twitter:image\" content=\"https:\/\/candas365.es\/noticias\/wp-content\/uploads\/2024\/02\/Staatskapelle-de-Dresde.jpg\" \/>\n\t\t<meta name=\"twitter:label1\" content=\"Escrito por\" \/>\n\t\t<meta name=\"twitter:data1\" content=\"Cand\u00e1s 365\" \/>\n\t\t<meta name=\"twitter:label2\" content=\"Tiempo de lectura estimado\" \/>\n\t\t<meta name=\"twitter:data2\" content=\"1 minuto\" \/>\n\t\t<script type=\"application\/ld+json\" class=\"aioseo-schema\">\n\t\t\t{\"@context\":\"https:\\\/\\\/schema.org\",\"@graph\":[{\"@type\":\"BreadcrumbList\",\"@id\":\"https:\\\/\\\/candas365.es\\\/noticias\\\/premio-para-la-coleccion-de-discos-475-anos-de-la-staatskapelle-de-dresde-100-anos-de-grabaciones\\\/#breadcrumblist\",\"itemListElement\":[{\"@type\":\"ListItem\",\"@id\":\"https:\\\/\\\/candas365.es\\\/noticias#listItem\",\"position\":1,\"name\":\"Home\",\"item\":\"https:\\\/\\\/candas365.es\\\/noticias\",\"nextItem\":{\"@type\":\"ListItem\",\"@id\":\"https:\\\/\\\/candas365.es\\\/noticias\\\/category\\\/revista\\\/#listItem\",\"name\":\"Revista\"}},{\"@type\":\"ListItem\",\"@id\":\"https:\\\/\\\/candas365.es\\\/noticias\\\/category\\\/revista\\\/#listItem\",\"position\":2,\"name\":\"Revista\",\"item\":\"https:\\\/\\\/candas365.es\\\/noticias\\\/category\\\/revista\\\/\",\"nextItem\":{\"@type\":\"ListItem\",\"@id\":\"https:\\\/\\\/candas365.es\\\/noticias\\\/premio-para-la-coleccion-de-discos-475-anos-de-la-staatskapelle-de-dresde-100-anos-de-grabaciones\\\/#listItem\",\"name\":\"Premio para la colecci\\u00f3n de discos \\u00ab475 a\\u00f1os de la Staatskapelle de Dresde &#8211; 100 a\\u00f1os de grabaciones\\u00bb\"},\"previousItem\":{\"@type\":\"ListItem\",\"@id\":\"https:\\\/\\\/candas365.es\\\/noticias#listItem\",\"name\":\"Home\"}},{\"@type\":\"ListItem\",\"@id\":\"https:\\\/\\\/candas365.es\\\/noticias\\\/premio-para-la-coleccion-de-discos-475-anos-de-la-staatskapelle-de-dresde-100-anos-de-grabaciones\\\/#listItem\",\"position\":3,\"name\":\"Premio para la colecci\\u00f3n de discos \\u00ab475 a\\u00f1os de la Staatskapelle de Dresde &#8211; 100 a\\u00f1os de grabaciones\\u00bb\",\"previousItem\":{\"@type\":\"ListItem\",\"@id\":\"https:\\\/\\\/candas365.es\\\/noticias\\\/category\\\/revista\\\/#listItem\",\"name\":\"Revista\"}}]},{\"@type\":\"NewsArticle\",\"@id\":\"https:\\\/\\\/candas365.es\\\/noticias\\\/premio-para-la-coleccion-de-discos-475-anos-de-la-staatskapelle-de-dresde-100-anos-de-grabaciones\\\/#newsarticle\",\"name\":\"Premio para la colecci\\u00f3n de discos \\u00ab475 a\\u00f1os de la Staatskapelle de Dresde \\u2013 100 a\\u00f1os de grabaciones\\u00bb | Cand\\u00e1s 365\",\"headline\":\"Premio para la colecci\\u00f3n de discos \\u00ab475 a\\u00f1os de la Staatskapelle de Dresde &#8211; 100 a\\u00f1os de grabaciones\\u00bb\",\"author\":{\"@id\":\"https:\\\/\\\/candas365.es\\\/noticias\\\/author\\\/admin\\\/#author\"},\"publisher\":{\"@id\":\"https:\\\/\\\/candas365.es\\\/noticias\\\/#organization\"},\"image\":{\"@type\":\"ImageObject\",\"url\":\"https:\\\/\\\/candas365.es\\\/noticias\\\/wp-content\\\/uploads\\\/2024\\\/02\\\/Staatskapelle-de-Dresde.jpg\",\"width\":1005,\"height\":665,\"caption\":\"Foto: Sebastian Kahnert\\\/dpa-Zentralbild\\\/dpa\"},\"datePublished\":\"2024-02-17T22:33:58+01:00\",\"dateModified\":\"2024-02-17T22:33:58+01:00\",\"inLanguage\":\"es-ES\",\"mainEntityOfPage\":{\"@id\":\"https:\\\/\\\/candas365.es\\\/noticias\\\/premio-para-la-coleccion-de-discos-475-anos-de-la-staatskapelle-de-dresde-100-anos-de-grabaciones\\\/#webpage\"},\"isPartOf\":{\"@id\":\"https:\\\/\\\/candas365.es\\\/noticias\\\/premio-para-la-coleccion-de-discos-475-anos-de-la-staatskapelle-de-dresde-100-anos-de-grabaciones\\\/#webpage\"},\"articleSection\":\"Revista, cultura\",\"dateline\":\"Publicado el febrero 17, 2024.\"},{\"@type\":\"Organization\",\"@id\":\"https:\\\/\\\/candas365.es\\\/noticias\\\/#organization\",\"name\":\"Cand\\u00e1s 365\",\"description\":\"Cand\\u00e1s 365 es un diario digital independiente, fundado en 2012, con base en Asturias. Informamos con rigor sobre actualidad, sociedad, cultura y ocio, con una mirada local y global.\",\"url\":\"https:\\\/\\\/candas365.es\\\/noticias\\\/\",\"email\":\"info@candas365.es\",\"telephone\":\"+34652131393\",\"foundingDate\":\"2012-06-10\",\"logo\":{\"@type\":\"ImageObject\",\"url\":\"https:\\\/\\\/candas365.es\\\/noticias\\\/wp-content\\\/uploads\\\/2024\\\/09\\\/Candas-365-Redes.jpg\",\"@id\":\"https:\\\/\\\/candas365.es\\\/noticias\\\/premio-para-la-coleccion-de-discos-475-anos-de-la-staatskapelle-de-dresde-100-anos-de-grabaciones\\\/#organizationLogo\",\"width\":1152,\"height\":864,\"caption\":\"Cand\\u00e1s 365 Redes\"},\"image\":{\"@id\":\"https:\\\/\\\/candas365.es\\\/noticias\\\/premio-para-la-coleccion-de-discos-475-anos-de-la-staatskapelle-de-dresde-100-anos-de-grabaciones\\\/#organizationLogo\"},\"sameAs\":[\"https:\\\/\\\/www.facebook.com\\\/Nachofdezber\",\"https:\\\/\\\/x.com\\\/NabercoDigital\",\"https:\\\/\\\/www.instagram.com\\\/nachofdezber\\\/\",\"https:\\\/\\\/www.youtube.com\\\/channel\\\/UCZP-2wLEB9Rv6erhFmqVnvg\"],\"address\":{\"@id\":\"https:\\\/\\\/candas365.es\\\/noticias\\\/#postaladdress\",\"@type\":\"PostalAddress\",\"streetAddress\":\"san antonio 4, san antonio 4\",\"postalCode\":\"33430\",\"addressLocality\":\"Cand\\u00e1s\",\"addressRegion\":\"Asturias\",\"addressCountry\":\"ES\"}},{\"@type\":\"Person\",\"@id\":\"https:\\\/\\\/candas365.es\\\/noticias\\\/author\\\/admin\\\/#author\",\"url\":\"https:\\\/\\\/candas365.es\\\/noticias\\\/author\\\/admin\\\/\",\"name\":\"Cand\\u00e1s 365\",\"image\":{\"@type\":\"ImageObject\",\"@id\":\"https:\\\/\\\/candas365.es\\\/noticias\\\/premio-para-la-coleccion-de-discos-475-anos-de-la-staatskapelle-de-dresde-100-anos-de-grabaciones\\\/#authorImage\",\"url\":\"https:\\\/\\\/secure.gravatar.com\\\/avatar\\\/496a8e03d0c493ede1718b7934145dbdf8d89be1036b0eec9544e1094c9de390?s=96&d=mm&r=g\",\"width\":96,\"height\":96,\"caption\":\"Cand\\u00e1s 365\"},\"sameAs\":[\"https:\\\/\\\/www.facebook.com\\\/carrenoactualidad\",\"https:\\\/\\\/twitter.com\\\/nbasturias\",\"https:\\\/\\\/www.instagram.com\\\/nachofdezber\\\/\",\"https:\\\/\\\/www.youtube.com\\\/channel\\\/UCZP-2wLEB9Rv6erhFmqVnvg\"]},{\"@type\":\"WebPage\",\"@id\":\"https:\\\/\\\/candas365.es\\\/noticias\\\/premio-para-la-coleccion-de-discos-475-anos-de-la-staatskapelle-de-dresde-100-anos-de-grabaciones\\\/#webpage\",\"url\":\"https:\\\/\\\/candas365.es\\\/noticias\\\/premio-para-la-coleccion-de-discos-475-anos-de-la-staatskapelle-de-dresde-100-anos-de-grabaciones\\\/\",\"name\":\"Premio para la colecci\\u00f3n de discos \\u00ab475 a\\u00f1os de la Staatskapelle de Dresde \\u2013 100 a\\u00f1os de grabaciones\\u00bb | Cand\\u00e1s 365\",\"description\":\"Dresde (Alemania), 17 feb (dpa) - La colecci\\u00f3n de discos \\\"475 a\\u00f1os de la Staatskapelle de Dresde - 100 a\\u00f1os de grabaciones\\\" recibi\\u00f3 este a\\u00f1o el Premio Alem\\u00e1n\",\"inLanguage\":\"es-ES\",\"isPartOf\":{\"@id\":\"https:\\\/\\\/candas365.es\\\/noticias\\\/#website\"},\"breadcrumb\":{\"@id\":\"https:\\\/\\\/candas365.es\\\/noticias\\\/premio-para-la-coleccion-de-discos-475-anos-de-la-staatskapelle-de-dresde-100-anos-de-grabaciones\\\/#breadcrumblist\"},\"author\":{\"@id\":\"https:\\\/\\\/candas365.es\\\/noticias\\\/author\\\/admin\\\/#author\"},\"creator\":{\"@id\":\"https:\\\/\\\/candas365.es\\\/noticias\\\/author\\\/admin\\\/#author\"},\"image\":{\"@type\":\"ImageObject\",\"url\":\"https:\\\/\\\/candas365.es\\\/noticias\\\/wp-content\\\/uploads\\\/2024\\\/02\\\/Staatskapelle-de-Dresde.jpg\",\"@id\":\"https:\\\/\\\/candas365.es\\\/noticias\\\/premio-para-la-coleccion-de-discos-475-anos-de-la-staatskapelle-de-dresde-100-anos-de-grabaciones\\\/#mainImage\",\"width\":1005,\"height\":665,\"caption\":\"Foto: Sebastian Kahnert\\\/dpa-Zentralbild\\\/dpa\"},\"primaryImageOfPage\":{\"@id\":\"https:\\\/\\\/candas365.es\\\/noticias\\\/premio-para-la-coleccion-de-discos-475-anos-de-la-staatskapelle-de-dresde-100-anos-de-grabaciones\\\/#mainImage\"},\"datePublished\":\"2024-02-17T22:33:58+01:00\",\"dateModified\":\"2024-02-17T22:33:58+01:00\"},{\"@type\":\"WebSite\",\"@id\":\"https:\\\/\\\/candas365.es\\\/noticias\\\/#website\",\"url\":\"https:\\\/\\\/candas365.es\\\/noticias\\\/\",\"name\":\"Cand\\u00e1s 365\",\"alternateName\":\"Cand\\u00e1s 365 Noticias\",\"description\":\"Actualidad desde Carre\\u00f1o para el mundo\",\"inLanguage\":\"es-ES\",\"publisher\":{\"@id\":\"https:\\\/\\\/candas365.es\\\/noticias\\\/#organization\"}}]}\n\t\t<\/script>\n\t\t<!-- All in One SEO Pro -->\r\n\t\t<title>Premio para la colecci\u00f3n de discos \u00ab475 a\u00f1os de la Staatskapelle de Dresde \u2013 100 a\u00f1os de grabaciones\u00bb | Cand\u00e1s 365<\/title>\n\n","aioseo_head_json":{"title":"Premio para la colecci\u00f3n de discos \u00ab475 a\u00f1os de la Staatskapelle de Dresde \u2013 100 a\u00f1os de grabaciones\u00bb | Cand\u00e1s 365","description":"Dresde (Alemania), 17 feb (dpa) - La colecci\u00f3n de discos \"475 a\u00f1os de la Staatskapelle de Dresde - 100 a\u00f1os de grabaciones\" recibi\u00f3 este a\u00f1o el Premio Alem\u00e1n","canonical_url":"https:\/\/candas365.es\/noticias\/premio-para-la-coleccion-de-discos-475-anos-de-la-staatskapelle-de-dresde-100-anos-de-grabaciones\/","robots":"max-image-preview:large","keywords":"revista","webmasterTools":{"google-site-verification":"UA-32230408-1","msvalidate.01":"354F3CDFB2DA171B47FBE9ABF1F88D5","miscellaneous":""},"schema":{"@context":"https:\/\/schema.org","@graph":[{"@type":"BreadcrumbList","@id":"https:\/\/candas365.es\/noticias\/premio-para-la-coleccion-de-discos-475-anos-de-la-staatskapelle-de-dresde-100-anos-de-grabaciones\/#breadcrumblist","itemListElement":[{"@type":"ListItem","@id":"https:\/\/candas365.es\/noticias#listItem","position":1,"name":"Home","item":"https:\/\/candas365.es\/noticias","nextItem":{"@type":"ListItem","@id":"https:\/\/candas365.es\/noticias\/category\/revista\/#listItem","name":"Revista"}},{"@type":"ListItem","@id":"https:\/\/candas365.es\/noticias\/category\/revista\/#listItem","position":2,"name":"Revista","item":"https:\/\/candas365.es\/noticias\/category\/revista\/","nextItem":{"@type":"ListItem","@id":"https:\/\/candas365.es\/noticias\/premio-para-la-coleccion-de-discos-475-anos-de-la-staatskapelle-de-dresde-100-anos-de-grabaciones\/#listItem","name":"Premio para la colecci\u00f3n de discos \u00ab475 a\u00f1os de la Staatskapelle de Dresde &#8211; 100 a\u00f1os de grabaciones\u00bb"},"previousItem":{"@type":"ListItem","@id":"https:\/\/candas365.es\/noticias#listItem","name":"Home"}},{"@type":"ListItem","@id":"https:\/\/candas365.es\/noticias\/premio-para-la-coleccion-de-discos-475-anos-de-la-staatskapelle-de-dresde-100-anos-de-grabaciones\/#listItem","position":3,"name":"Premio para la colecci\u00f3n de discos \u00ab475 a\u00f1os de la Staatskapelle de Dresde &#8211; 100 a\u00f1os de grabaciones\u00bb","previousItem":{"@type":"ListItem","@id":"https:\/\/candas365.es\/noticias\/category\/revista\/#listItem","name":"Revista"}}]},{"@type":"NewsArticle","@id":"https:\/\/candas365.es\/noticias\/premio-para-la-coleccion-de-discos-475-anos-de-la-staatskapelle-de-dresde-100-anos-de-grabaciones\/#newsarticle","name":"Premio para la colecci\u00f3n de discos \u00ab475 a\u00f1os de la Staatskapelle de Dresde \u2013 100 a\u00f1os de grabaciones\u00bb | Cand\u00e1s 365","headline":"Premio para la colecci\u00f3n de discos \u00ab475 a\u00f1os de la Staatskapelle de Dresde &#8211; 100 a\u00f1os de grabaciones\u00bb","author":{"@id":"https:\/\/candas365.es\/noticias\/author\/admin\/#author"},"publisher":{"@id":"https:\/\/candas365.es\/noticias\/#organization"},"image":{"@type":"ImageObject","url":"https:\/\/candas365.es\/noticias\/wp-content\/uploads\/2024\/02\/Staatskapelle-de-Dresde.jpg","width":1005,"height":665,"caption":"Foto: Sebastian Kahnert\/dpa-Zentralbild\/dpa"},"datePublished":"2024-02-17T22:33:58+01:00","dateModified":"2024-02-17T22:33:58+01:00","inLanguage":"es-ES","mainEntityOfPage":{"@id":"https:\/\/candas365.es\/noticias\/premio-para-la-coleccion-de-discos-475-anos-de-la-staatskapelle-de-dresde-100-anos-de-grabaciones\/#webpage"},"isPartOf":{"@id":"https:\/\/candas365.es\/noticias\/premio-para-la-coleccion-de-discos-475-anos-de-la-staatskapelle-de-dresde-100-anos-de-grabaciones\/#webpage"},"articleSection":"Revista, cultura","dateline":"Publicado el febrero 17, 2024."},{"@type":"Organization","@id":"https:\/\/candas365.es\/noticias\/#organization","name":"Cand\u00e1s 365","description":"Cand\u00e1s 365 es un diario digital independiente, fundado en 2012, con base en Asturias. Informamos con rigor sobre actualidad, sociedad, cultura y ocio, con una mirada local y global.","url":"https:\/\/candas365.es\/noticias\/","email":"info@candas365.es","telephone":"+34652131393","foundingDate":"2012-06-10","logo":{"@type":"ImageObject","url":"https:\/\/candas365.es\/noticias\/wp-content\/uploads\/2024\/09\/Candas-365-Redes.jpg","@id":"https:\/\/candas365.es\/noticias\/premio-para-la-coleccion-de-discos-475-anos-de-la-staatskapelle-de-dresde-100-anos-de-grabaciones\/#organizationLogo","width":1152,"height":864,"caption":"Cand\u00e1s 365 Redes"},"image":{"@id":"https:\/\/candas365.es\/noticias\/premio-para-la-coleccion-de-discos-475-anos-de-la-staatskapelle-de-dresde-100-anos-de-grabaciones\/#organizationLogo"},"sameAs":["https:\/\/www.facebook.com\/Nachofdezber","https:\/\/x.com\/NabercoDigital","https:\/\/www.instagram.com\/nachofdezber\/","https:\/\/www.youtube.com\/channel\/UCZP-2wLEB9Rv6erhFmqVnvg"],"address":{"@id":"https:\/\/candas365.es\/noticias\/#postaladdress","@type":"PostalAddress","streetAddress":"san antonio 4, san antonio 4","postalCode":"33430","addressLocality":"Cand\u00e1s","addressRegion":"Asturias","addressCountry":"ES"}},{"@type":"Person","@id":"https:\/\/candas365.es\/noticias\/author\/admin\/#author","url":"https:\/\/candas365.es\/noticias\/author\/admin\/","name":"Cand\u00e1s 365","image":{"@type":"ImageObject","@id":"https:\/\/candas365.es\/noticias\/premio-para-la-coleccion-de-discos-475-anos-de-la-staatskapelle-de-dresde-100-anos-de-grabaciones\/#authorImage","url":"https:\/\/secure.gravatar.com\/avatar\/496a8e03d0c493ede1718b7934145dbdf8d89be1036b0eec9544e1094c9de390?s=96&d=mm&r=g","width":96,"height":96,"caption":"Cand\u00e1s 365"},"sameAs":["https:\/\/www.facebook.com\/carrenoactualidad","https:\/\/twitter.com\/nbasturias","https:\/\/www.instagram.com\/nachofdezber\/","https:\/\/www.youtube.com\/channel\/UCZP-2wLEB9Rv6erhFmqVnvg"]},{"@type":"WebPage","@id":"https:\/\/candas365.es\/noticias\/premio-para-la-coleccion-de-discos-475-anos-de-la-staatskapelle-de-dresde-100-anos-de-grabaciones\/#webpage","url":"https:\/\/candas365.es\/noticias\/premio-para-la-coleccion-de-discos-475-anos-de-la-staatskapelle-de-dresde-100-anos-de-grabaciones\/","name":"Premio para la colecci\u00f3n de discos \u00ab475 a\u00f1os de la Staatskapelle de Dresde \u2013 100 a\u00f1os de grabaciones\u00bb | Cand\u00e1s 365","description":"Dresde (Alemania), 17 feb (dpa) - La colecci\u00f3n de discos \"475 a\u00f1os de la Staatskapelle de Dresde - 100 a\u00f1os de grabaciones\" recibi\u00f3 este a\u00f1o el Premio Alem\u00e1n","inLanguage":"es-ES","isPartOf":{"@id":"https:\/\/candas365.es\/noticias\/#website"},"breadcrumb":{"@id":"https:\/\/candas365.es\/noticias\/premio-para-la-coleccion-de-discos-475-anos-de-la-staatskapelle-de-dresde-100-anos-de-grabaciones\/#breadcrumblist"},"author":{"@id":"https:\/\/candas365.es\/noticias\/author\/admin\/#author"},"creator":{"@id":"https:\/\/candas365.es\/noticias\/author\/admin\/#author"},"image":{"@type":"ImageObject","url":"https:\/\/candas365.es\/noticias\/wp-content\/uploads\/2024\/02\/Staatskapelle-de-Dresde.jpg","@id":"https:\/\/candas365.es\/noticias\/premio-para-la-coleccion-de-discos-475-anos-de-la-staatskapelle-de-dresde-100-anos-de-grabaciones\/#mainImage","width":1005,"height":665,"caption":"Foto: Sebastian Kahnert\/dpa-Zentralbild\/dpa"},"primaryImageOfPage":{"@id":"https:\/\/candas365.es\/noticias\/premio-para-la-coleccion-de-discos-475-anos-de-la-staatskapelle-de-dresde-100-anos-de-grabaciones\/#mainImage"},"datePublished":"2024-02-17T22:33:58+01:00","dateModified":"2024-02-17T22:33:58+01:00"},{"@type":"WebSite","@id":"https:\/\/candas365.es\/noticias\/#website","url":"https:\/\/candas365.es\/noticias\/","name":"Cand\u00e1s 365","alternateName":"Cand\u00e1s 365 Noticias","description":"Actualidad desde Carre\u00f1o para el mundo","inLanguage":"es-ES","publisher":{"@id":"https:\/\/candas365.es\/noticias\/#organization"}}]},"og:locale":"es_ES","og:site_name":"Cand\u00e1s 365","og:type":"article","og:title":"Premio para la colecci\u00f3n de discos \u00ab475 a\u00f1os de la Staatskapelle de Dresde \u2013 100 a\u00f1os de grabaciones\u00bb | Cand\u00e1s 365","og:description":"Dresde (Alemania), 17 feb (dpa) - La colecci\u00f3n de discos &quot;475 a\u00f1os de la Staatskapelle de Dresde - 100 a\u00f1os de grabaciones&quot; recibi\u00f3 este a\u00f1o el Premio Alem\u00e1n","og:url":"https:\/\/candas365.es\/noticias\/premio-para-la-coleccion-de-discos-475-anos-de-la-staatskapelle-de-dresde-100-anos-de-grabaciones\/","og:image":"https:\/\/candas365.es\/noticias\/wp-content\/uploads\/2024\/02\/Staatskapelle-de-Dresde.jpg","og:image:secure_url":"https:\/\/candas365.es\/noticias\/wp-content\/uploads\/2024\/02\/Staatskapelle-de-Dresde.jpg","og:image:width":1005,"og:image:height":665,"article:published_time":"2024-02-17T21:33:58+00:00","article:modified_time":"2024-02-17T21:33:58+00:00","article:publisher":"https:\/\/www.facebook.com\/Nachofdezber","article:author":"https:\/\/www.facebook.com\/carrenoactualidad","twitter:card":"summary_large_image","twitter:site":"@NabercoDigital","twitter:title":"Premio para la colecci\u00f3n de discos \u00ab475 a\u00f1os de la Staatskapelle de Dresde \u2013 100 a\u00f1os de grabaciones\u00bb | Cand\u00e1s 365","twitter:description":"Dresde (Alemania), 17 feb (dpa) - La colecci\u00f3n de discos &quot;475 a\u00f1os de la Staatskapelle de Dresde - 100 a\u00f1os de grabaciones&quot; recibi\u00f3 este a\u00f1o el Premio Alem\u00e1n","twitter:creator":"@nbasturias","twitter:image":"https:\/\/candas365.es\/noticias\/wp-content\/uploads\/2024\/02\/Staatskapelle-de-Dresde.jpg","twitter:label1":"Escrito por","twitter:data1":"Cand\u00e1s 365","twitter:label2":"Tiempo de lectura estimado","twitter:data2":"1 minuto"},"aioseo_meta_data":{"post_id":"178526","title":null,"description":"Dresde (Alemania), 17 feb (dpa) - La colecci\u00f3n de discos \"475 a\u00f1os de la Staatskapelle de Dresde - 100 a\u00f1os de grabaciones\" recibi\u00f3 este a\u00f1o el Premio Alem\u00e1n","keywords":[],"keyphrases":{"focus":{"keyphrase":"Dresde","score":93,"analysis":{"keyphraseInTitle":{"score":9,"maxScore":9,"error":0},"keyphraseInDescription":{"score":9,"maxScore":9,"error":0},"keyphraseLength":{"score":9,"maxScore":9,"error":0,"length":1},"keyphraseInURL":{"score":1,"maxScore":5,"error":1},"keyphraseInIntroduction":{"score":9,"maxScore":9,"error":0},"keyphraseInSubHeadings":[],"keyphraseInImageAlt":{"score":9,"maxScore":9,"error":0},"keywordDensity":{"type":"best","score":9,"maxScore":9,"error":0}}},"additional":[{"keyphrase":"Staatskapelle de Dresde","score":100,"analysis":{"keyphraseInDescription":{"score":9,"maxScore":9,"error":0},"keyphraseLength":{"score":9,"maxScore":9,"error":0,"length":3},"keyphraseInIntroduction":{"score":9,"maxScore":9,"error":0},"keyphraseInImageAlt":{"score":9,"maxScore":9,"error":0},"keywordDensity":{"type":"best","score":9,"maxScore":9,"error":0}}}]},"primary_term":null,"canonical_url":null,"og_title":null,"og_description":null,"og_object_type":"default","og_image_type":"default","og_image_url":null,"og_image_width":null,"og_image_height":null,"og_image_custom_url":null,"og_image_custom_fields":null,"og_video":"","og_custom_url":null,"og_article_section":null,"og_article_tags":[],"twitter_use_og":false,"twitter_card":"default","twitter_image_type":"default","twitter_image_url":null,"twitter_image_custom_url":null,"twitter_image_custom_fields":null,"twitter_title":null,"twitter_description":null,"schema":{"blockGraphs":[],"customGraphs":[],"default":{"data":{"Article":[],"Course":[],"Dataset":[],"FAQPage":[],"Movie":[],"Person":[],"Product":[],"ProductReview":[],"Car":[],"Recipe":[],"Service":[],"SoftwareApplication":[],"WebPage":[]},"graphName":"Article","isEnabled":true},"graphs":[]},"schema_type":"default","schema_type_options":null,"pillar_content":false,"robots_default":true,"robots_noindex":false,"robots_noarchive":false,"robots_nosnippet":false,"robots_nofollow":false,"robots_noimageindex":false,"robots_noodp":false,"robots_notranslate":false,"robots_max_snippet":"-1","robots_max_videopreview":"-1","robots_max_imagepreview":"large","priority":null,"frequency":"default","location":null,"local_seo":null,"seo_analyzer_scan_date":"2025-09-02 04:38:23","breadcrumb_settings":null,"limit_modified_date":false,"reviewed_by":null,"open_ai":"{\"title\":{\"suggestions\":[],\"usage\":0},\"description\":{\"suggestions\":[],\"usage\":0}}","ai":null,"created":"2024-02-17 21:29:52","updated":"2025-09-02 04:38:23"},"aioseo_breadcrumb":"<div class=\"aioseo-breadcrumbs\"><span class=\"aioseo-breadcrumb\">\n\t<a href=\"https:\/\/candas365.es\/noticias\" title=\"Home\">Home<\/a>\n<\/span><span class=\"aioseo-breadcrumb-separator\">&ndash;<\/span><span class=\"aioseo-breadcrumb\">\n\t<a href=\"https:\/\/candas365.es\/noticias\/category\/revista\/\" title=\"Revista\">Revista<\/a>\n<\/span><span class=\"aioseo-breadcrumb-separator\">&ndash;<\/span><span class=\"aioseo-breadcrumb\">\n\tPremio para la colecci\u00f3n de discos \u00ab475 a\u00f1os de la Staatskapelle de Dresde \u2013 100 a\u00f1os de grabaciones\u00bb\n<\/span><\/div>","aioseo_breadcrumb_json":[{"label":"Home","link":"https:\/\/candas365.es\/noticias"},{"label":"Revista","link":"https:\/\/candas365.es\/noticias\/category\/revista\/"},{"label":"Premio para la colecci\u00f3n de discos \u00ab475 a\u00f1os de la Staatskapelle de Dresde &#8211; 100 a\u00f1os de grabaciones\u00bb","link":"https:\/\/candas365.es\/noticias\/premio-para-la-coleccion-de-discos-475-anos-de-la-staatskapelle-de-dresde-100-anos-de-grabaciones\/"}],"_links":{"self":[{"href":"https:\/\/candas365.es\/noticias\/wp-json\/wp\/v2\/posts\/178526","targetHints":{"allow":["GET"]}}],"collection":[{"href":"https:\/\/candas365.es\/noticias\/wp-json\/wp\/v2\/posts"}],"about":[{"href":"https:\/\/candas365.es\/noticias\/wp-json\/wp\/v2\/types\/post"}],"author":[{"embeddable":true,"href":"https:\/\/candas365.es\/noticias\/wp-json\/wp\/v2\/users\/1"}],"replies":[{"embeddable":true,"href":"https:\/\/candas365.es\/noticias\/wp-json\/wp\/v2\/comments?post=178526"}],"version-history":[{"count":0,"href":"https:\/\/candas365.es\/noticias\/wp-json\/wp\/v2\/posts\/178526\/revisions"}],"wp:featuredmedia":[{"embeddable":true,"href":"https:\/\/candas365.es\/noticias\/wp-json\/wp\/v2\/media\/178527"}],"wp:attachment":[{"href":"https:\/\/candas365.es\/noticias\/wp-json\/wp\/v2\/media?parent=178526"}],"wp:term":[{"taxonomy":"category","embeddable":true,"href":"https:\/\/candas365.es\/noticias\/wp-json\/wp\/v2\/categories?post=178526"},{"taxonomy":"post_tag","embeddable":true,"href":"https:\/\/candas365.es\/noticias\/wp-json\/wp\/v2\/tags?post=178526"}],"curies":[{"name":"wp","href":"https:\/\/api.w.org\/{rel}","templated":true}]}}