{"id":178510,"date":"2024-02-17T22:04:21","date_gmt":"2024-02-17T21:04:21","guid":{"rendered":"https:\/\/candas365.es\/noticias\/?p=178510"},"modified":"2024-02-17T22:04:21","modified_gmt":"2024-02-17T21:04:21","slug":"beatriz-coto-realizara-una-visita-institucional-de-seis-dias-a-guatemala","status":"publish","type":"post","link":"https:\/\/candas365.es\/noticias\/beatriz-coto-realizara-una-visita-institucional-de-seis-dias-a-guatemala\/","title":{"rendered":"Beatriz Coto realizar\u00e1 una visita institucional de seis d\u00edas a Guatemala"},"content":{"rendered":"<p>La directora de la Agencia Asturiana de Cooperaci\u00f3n al Desarrollo,<strong> Beatriz Coto, inicia ma\u00f1ana una visita institucional de seis d\u00edas a <span style=\"color: #ff6600;\"><a style=\"color: #ff6600;\" title=\"Guatemala\" href=\"https:\/\/es.wikipedia.org\/wiki\/Guatemala\" target=\"_blank\" rel=\"noopener\">Guatemala<\/a><\/span> para supervisar proyectos apoyados por el Principado en este pa\u00eds,<\/strong> el que mayor n\u00famero de iniciativas en esta materia ha concentrado en los \u00faltimos a\u00f1os. Desde 2019, el Ejecutivo ha respaldado all\u00ed 33 actuaciones a trav\u00e9s de doce ONGD, con una inversi\u00f3n de casi tres millones que ha beneficiado a 61.630 personas, el 56% de ellas, mujeres.<\/p>\n<p><img fetchpriority=\"high\" decoding=\"async\" class=\"aligncenter size-full wp-image-178511\" src=\"https:\/\/candas365.es\/noticias\/wp-content\/uploads\/2024\/02\/Guatemala.jpg\" alt=\"Guatemala\" width=\"640\" height=\"360\" srcset=\"https:\/\/candas365.es\/noticias\/wp-content\/uploads\/2024\/02\/Guatemala.jpg 640w, https:\/\/candas365.es\/noticias\/wp-content\/uploads\/2024\/02\/Guatemala-360x203.jpg 360w, https:\/\/candas365.es\/noticias\/wp-content\/uploads\/2024\/02\/Guatemala-150x84.jpg 150w, https:\/\/candas365.es\/noticias\/wp-content\/uploads\/2024\/02\/Guatemala-450x253.jpg 450w\" sizes=\"(max-width: 640px) 100vw, 640px\" \/><\/p>\n<p>Coto visitar\u00e1 ocho proyectos de cinco ong (Conceyu de Solidarid\u00e1 y Xusticia, Acci\u00f3n Sin Fronteras, Maspaz, Global Humanitaria y Seronda) en cuatro departamentos del pa\u00eds: El Quich\u00e9, Alta Verapaz, Pet\u00e9n y Ciudad de Guatemala.<\/p>\n<p>En concreto, en El Quich\u00e9 pasar\u00e1 por las instalaciones de la cooperativa agr\u00edcola Buena Semilla, donde conocer\u00e1 el proyecto de captaci\u00f3n de agua pluvial en tanques para familias en exclusi\u00f3n social. <strong>Tambi\u00e9n mantendr\u00e1 una reuni\u00f3n con mujeres ind\u00edgenas y campesinas que forman parte la iniciativa Empoderamiento econ\u00f3mico y pol\u00edtico para el combate a la pobrez<\/strong>a.<\/p>\n<p>En el departamento de Alta Verapaz, visitar\u00e1 los huertos de agricultura ecol\u00f3gica para el ejercicio del derecho a la alimentaci\u00f3n de 232 mujeres ind\u00edgenas y sus familias, mientras que en Pet\u00e9n se reunir\u00e1 con lideresas comunitarias y visitar\u00e1 el proyecto de viviendas con sistemas recolectores de agua. Tambi\u00e9n en este departamento, supervisar\u00e1 la actuaci\u00f3n para el acceso a la seguridad alimentaria y salud integral en el hogar de la ni\u00f1ez y sus familias mediante el fortalecimiento del liderazgo femenino en las comunidades mayas.<\/p>\n<p>En Ciudad de Guatemala se reunir\u00e1 con la coordinadora general de la Oficina de Cooperaci\u00f3n Espa\u00f1ola y visitar\u00e1 las instalaciones de Cruz Roja, que colabora con el <span style=\"color: #ff6600;\"><a style=\"color: #ff6600;\" title=\"Principado de Asturias\" href=\"https:\/\/actualidad.asturias.es\/\" target=\"_blank\" rel=\"noopener\"><strong>Principado<\/strong><\/a><\/span> en la promoci\u00f3n del acceso equitativo a<strong> servicios de atenci\u00f3n y a mecanismos eficaces para la restituci\u00f3n de los derechos a la <a href=\"https:\/\/candas365.es\/noticias\/category\/salud\/\"><span style=\"color: #ff6600;\">salud<\/span><\/a> y econ\u00f3micos de mujeres v\u00edctimas de la violencia machista<\/strong>. Por \u00faltimo, visitar\u00e1 el centro de formaci\u00f3n donde se desarrolla el proyecto Puente Belice de la Asociaci\u00f3n por la Cooperaci\u00f3n Seronda y que la agencia apoya desde hace varios a\u00f1os.<\/p>\n<h2>Actuaciones prioritarias<\/h2>\n<p><strong>Guatemala es uno de los pa\u00edses prioritarios de la cooperaci\u00f3n al desarrollo asturiana, donde los proyectos van dirigidos fundamentalmente a la poblaci\u00f3n ind\u00edgena<\/strong>. En 2022 se llev\u00f3 a cabo una evaluaci\u00f3n externa de nueve iniciativas que llevaron a cabo en el periodo 2017-2020 distintas organizaciones, con el fin de valorar su impacto, el proceso, el logro de resultados y la sostenibilidad de las actuaciones. Las conclusiones reflejan el fortalecimiento de los derechos de las mujeres, as\u00ed como la promoci\u00f3n de su protagonismo y su participaci\u00f3n en la toma de decisiones.<\/p>\n<p>Con 17,3 millones de habitantes, Guatemala es el pa\u00eds con mayor poblaci\u00f3n en Centroam\u00e9rica y registra unos altos niveles de desigualdad. Los \u00faltimos datos de \u00cdndice de Desarrollo Humano de la ONU lo sit\u00faan en el puesto 131 de 191. <strong>El n\u00famero de personas con necesidades humanitarias aument\u00f3 de 3,8 millones en 2021 a 4,6 millones en 2022. Adem\u00e1s, aproximadamente el 50% de los menores de cinco a\u00f1os sufren retraso en el crecimiento por la inseguridad alimentaria cr\u00f3nica.<\/strong><\/p>\n","protected":false},"excerpt":{"rendered":"<p>La directora de la Agencia Asturiana de Cooperaci\u00f3n al Desarrollo, Beatriz Coto, inicia ma\u00f1ana una visita institucional de seis d\u00edas a Guatemala para supervisar proyectos apoyados por el Principado en este pa\u00eds, el que mayor n\u00famero de iniciativas en esta materia ha concentrado en los \u00faltimos a\u00f1os. Desde 2019, el Ejecutivo ha respaldado all\u00ed 33<\/p>\n","protected":false},"author":1,"featured_media":178511,"comment_status":"closed","ping_status":"closed","sticky":false,"template":"","format":"standard","meta":{"footnotes":""},"categories":[7],"tags":[],"class_list":{"0":"post-178510","1":"post","2":"type-post","3":"status-publish","4":"format-standard","5":"has-post-thumbnail","7":"category-asturias"},"aioseo_notices":[],"aioseo_head":"\n\t\t<!-- All in One SEO Pro 4.9.6.2 - aioseo.com -->\n\t<meta name=\"description\" content=\"La directora de la Agencia Asturiana de Cooperaci\u00f3n al Desarrollo, Beatriz Coto, inicia ma\u00f1ana una visita institucional de seis d\u00edas a Guatemala para supervisar\" \/>\n\t<meta name=\"robots\" content=\"max-image-preview:large\" \/>\n\t<meta name=\"author\" content=\"Cand\u00e1s 365\"\/>\n\t<meta name=\"google-site-verification\" content=\"UA-32230408-1\" \/>\n\t<meta name=\"msvalidate.01\" content=\"354F3CDFB2DA171B47FBE9ABF1F88D5\" \/>\n\t<meta name=\"keywords\" content=\"asturias\" \/>\n\t<link rel=\"canonical\" href=\"https:\/\/candas365.es\/noticias\/beatriz-coto-realizara-una-visita-institucional-de-seis-dias-a-guatemala\/\" \/>\n\t<meta name=\"generator\" content=\"All in One SEO Pro (AIOSEO) 4.9.6.2\" \/>\n\t\t<meta property=\"og:locale\" content=\"es_ES\" \/>\n\t\t<meta property=\"og:site_name\" content=\"Cand\u00e1s 365\" \/>\n\t\t<meta property=\"og:type\" content=\"article\" \/>\n\t\t<meta property=\"og:title\" content=\"Beatriz Coto realizar\u00e1 una visita institucional de seis d\u00edas a Guatemala | Cand\u00e1s 365\" \/>\n\t\t<meta property=\"og:description\" content=\"La directora de la Agencia Asturiana de Cooperaci\u00f3n al Desarrollo, Beatriz Coto, inicia ma\u00f1ana una visita institucional de seis d\u00edas a Guatemala para supervisar\" \/>\n\t\t<meta property=\"og:url\" content=\"https:\/\/candas365.es\/noticias\/beatriz-coto-realizara-una-visita-institucional-de-seis-dias-a-guatemala\/\" \/>\n\t\t<meta property=\"og:image\" content=\"https:\/\/candas365.es\/noticias\/wp-content\/uploads\/2024\/02\/Guatemala.jpg\" \/>\n\t\t<meta property=\"og:image:secure_url\" content=\"https:\/\/candas365.es\/noticias\/wp-content\/uploads\/2024\/02\/Guatemala.jpg\" \/>\n\t\t<meta property=\"og:image:width\" content=\"640\" \/>\n\t\t<meta property=\"og:image:height\" content=\"360\" \/>\n\t\t<meta property=\"article:published_time\" content=\"2024-02-17T21:04:21+00:00\" \/>\n\t\t<meta property=\"article:modified_time\" content=\"2024-02-17T21:04:21+00:00\" \/>\n\t\t<meta property=\"article:publisher\" content=\"https:\/\/www.facebook.com\/Nachofdezber\" \/>\n\t\t<meta property=\"article:author\" content=\"https:\/\/www.facebook.com\/carrenoactualidad\" \/>\n\t\t<meta name=\"twitter:card\" content=\"summary_large_image\" \/>\n\t\t<meta name=\"twitter:site\" content=\"@NabercoDigital\" \/>\n\t\t<meta name=\"twitter:title\" content=\"Beatriz Coto realizar\u00e1 una visita institucional de seis d\u00edas a Guatemala | Cand\u00e1s 365\" \/>\n\t\t<meta name=\"twitter:description\" content=\"La directora de la Agencia Asturiana de Cooperaci\u00f3n al Desarrollo, Beatriz Coto, inicia ma\u00f1ana una visita institucional de seis d\u00edas a Guatemala para supervisar\" \/>\n\t\t<meta name=\"twitter:creator\" content=\"@nbasturias\" \/>\n\t\t<meta name=\"twitter:image\" content=\"https:\/\/candas365.es\/noticias\/wp-content\/uploads\/2024\/02\/Guatemala.jpg\" \/>\n\t\t<meta name=\"twitter:label1\" content=\"Escrito por\" \/>\n\t\t<meta name=\"twitter:data1\" content=\"Cand\u00e1s 365\" \/>\n\t\t<meta name=\"twitter:label2\" content=\"Tiempo de lectura estimado\" \/>\n\t\t<meta name=\"twitter:data2\" content=\"3 minutos\" \/>\n\t\t<script type=\"application\/ld+json\" class=\"aioseo-schema\">\n\t\t\t{\"@context\":\"https:\\\/\\\/schema.org\",\"@graph\":[{\"@type\":\"BreadcrumbList\",\"@id\":\"https:\\\/\\\/candas365.es\\\/noticias\\\/beatriz-coto-realizara-una-visita-institucional-de-seis-dias-a-guatemala\\\/#breadcrumblist\",\"itemListElement\":[{\"@type\":\"ListItem\",\"@id\":\"https:\\\/\\\/candas365.es\\\/noticias#listItem\",\"position\":1,\"name\":\"Home\",\"item\":\"https:\\\/\\\/candas365.es\\\/noticias\",\"nextItem\":{\"@type\":\"ListItem\",\"@id\":\"https:\\\/\\\/candas365.es\\\/noticias\\\/category\\\/asturias\\\/#listItem\",\"name\":\"Asturias\"}},{\"@type\":\"ListItem\",\"@id\":\"https:\\\/\\\/candas365.es\\\/noticias\\\/category\\\/asturias\\\/#listItem\",\"position\":2,\"name\":\"Asturias\",\"item\":\"https:\\\/\\\/candas365.es\\\/noticias\\\/category\\\/asturias\\\/\",\"nextItem\":{\"@type\":\"ListItem\",\"@id\":\"https:\\\/\\\/candas365.es\\\/noticias\\\/beatriz-coto-realizara-una-visita-institucional-de-seis-dias-a-guatemala\\\/#listItem\",\"name\":\"Beatriz Coto realizar\\u00e1 una visita institucional de seis d\\u00edas a Guatemala\"},\"previousItem\":{\"@type\":\"ListItem\",\"@id\":\"https:\\\/\\\/candas365.es\\\/noticias#listItem\",\"name\":\"Home\"}},{\"@type\":\"ListItem\",\"@id\":\"https:\\\/\\\/candas365.es\\\/noticias\\\/beatriz-coto-realizara-una-visita-institucional-de-seis-dias-a-guatemala\\\/#listItem\",\"position\":3,\"name\":\"Beatriz Coto realizar\\u00e1 una visita institucional de seis d\\u00edas a Guatemala\",\"previousItem\":{\"@type\":\"ListItem\",\"@id\":\"https:\\\/\\\/candas365.es\\\/noticias\\\/category\\\/asturias\\\/#listItem\",\"name\":\"Asturias\"}}]},{\"@type\":\"NewsArticle\",\"@id\":\"https:\\\/\\\/candas365.es\\\/noticias\\\/beatriz-coto-realizara-una-visita-institucional-de-seis-dias-a-guatemala\\\/#newsarticle\",\"name\":\"Beatriz Coto realizar\\u00e1 una visita institucional de seis d\\u00edas a Guatemala | Cand\\u00e1s 365\",\"headline\":\"Beatriz Coto realizar\\u00e1 una visita institucional de seis d\\u00edas a Guatemala\",\"author\":{\"@id\":\"https:\\\/\\\/candas365.es\\\/noticias\\\/author\\\/admin\\\/#author\"},\"publisher\":{\"@id\":\"https:\\\/\\\/candas365.es\\\/noticias\\\/#organization\"},\"image\":{\"@type\":\"ImageObject\",\"url\":\"https:\\\/\\\/candas365.es\\\/noticias\\\/wp-content\\\/uploads\\\/2024\\\/02\\\/Guatemala.jpg\",\"width\":640,\"height\":360,\"caption\":\"Guatemala\"},\"datePublished\":\"2024-02-17T22:04:21+01:00\",\"dateModified\":\"2024-02-17T22:04:21+01:00\",\"inLanguage\":\"es-ES\",\"mainEntityOfPage\":{\"@id\":\"https:\\\/\\\/candas365.es\\\/noticias\\\/beatriz-coto-realizara-una-visita-institucional-de-seis-dias-a-guatemala\\\/#webpage\"},\"isPartOf\":{\"@id\":\"https:\\\/\\\/candas365.es\\\/noticias\\\/beatriz-coto-realizara-una-visita-institucional-de-seis-dias-a-guatemala\\\/#webpage\"},\"articleSection\":\"Asturias\",\"dateline\":\"Publicado el febrero 17, 2024.\"},{\"@type\":\"Organization\",\"@id\":\"https:\\\/\\\/candas365.es\\\/noticias\\\/#organization\",\"name\":\"Cand\\u00e1s 365\",\"description\":\"Cand\\u00e1s 365 es un diario digital independiente, fundado en 2012, con base en Asturias. Informamos con rigor sobre actualidad, sociedad, cultura y ocio, con una mirada local y global.\",\"url\":\"https:\\\/\\\/candas365.es\\\/noticias\\\/\",\"email\":\"info@candas365.es\",\"telephone\":\"+34652131393\",\"foundingDate\":\"2012-06-10\",\"logo\":{\"@type\":\"ImageObject\",\"url\":\"https:\\\/\\\/candas365.es\\\/noticias\\\/wp-content\\\/uploads\\\/2024\\\/09\\\/Candas-365-Redes.jpg\",\"@id\":\"https:\\\/\\\/candas365.es\\\/noticias\\\/beatriz-coto-realizara-una-visita-institucional-de-seis-dias-a-guatemala\\\/#organizationLogo\",\"width\":1152,\"height\":864,\"caption\":\"Cand\\u00e1s 365 Redes\"},\"image\":{\"@id\":\"https:\\\/\\\/candas365.es\\\/noticias\\\/beatriz-coto-realizara-una-visita-institucional-de-seis-dias-a-guatemala\\\/#organizationLogo\"},\"sameAs\":[\"https:\\\/\\\/www.facebook.com\\\/Nachofdezber\",\"https:\\\/\\\/x.com\\\/NabercoDigital\",\"https:\\\/\\\/www.instagram.com\\\/nachofdezber\\\/\",\"https:\\\/\\\/www.youtube.com\\\/channel\\\/UCZP-2wLEB9Rv6erhFmqVnvg\"],\"address\":{\"@id\":\"https:\\\/\\\/candas365.es\\\/noticias\\\/#postaladdress\",\"@type\":\"PostalAddress\",\"streetAddress\":\"san antonio 4, san antonio 4\",\"postalCode\":\"33430\",\"addressLocality\":\"Cand\\u00e1s\",\"addressRegion\":\"Asturias\",\"addressCountry\":\"ES\"}},{\"@type\":\"Person\",\"@id\":\"https:\\\/\\\/candas365.es\\\/noticias\\\/author\\\/admin\\\/#author\",\"url\":\"https:\\\/\\\/candas365.es\\\/noticias\\\/author\\\/admin\\\/\",\"name\":\"Cand\\u00e1s 365\",\"image\":{\"@type\":\"ImageObject\",\"@id\":\"https:\\\/\\\/candas365.es\\\/noticias\\\/beatriz-coto-realizara-una-visita-institucional-de-seis-dias-a-guatemala\\\/#authorImage\",\"url\":\"https:\\\/\\\/secure.gravatar.com\\\/avatar\\\/496a8e03d0c493ede1718b7934145dbdf8d89be1036b0eec9544e1094c9de390?s=96&d=mm&r=g\",\"width\":96,\"height\":96,\"caption\":\"Cand\\u00e1s 365\"},\"sameAs\":[\"https:\\\/\\\/www.facebook.com\\\/carrenoactualidad\",\"https:\\\/\\\/twitter.com\\\/nbasturias\",\"https:\\\/\\\/www.instagram.com\\\/nachofdezber\\\/\",\"https:\\\/\\\/www.youtube.com\\\/channel\\\/UCZP-2wLEB9Rv6erhFmqVnvg\"]},{\"@type\":\"WebPage\",\"@id\":\"https:\\\/\\\/candas365.es\\\/noticias\\\/beatriz-coto-realizara-una-visita-institucional-de-seis-dias-a-guatemala\\\/#webpage\",\"url\":\"https:\\\/\\\/candas365.es\\\/noticias\\\/beatriz-coto-realizara-una-visita-institucional-de-seis-dias-a-guatemala\\\/\",\"name\":\"Beatriz Coto realizar\\u00e1 una visita institucional de seis d\\u00edas a Guatemala | Cand\\u00e1s 365\",\"description\":\"La directora de la Agencia Asturiana de Cooperaci\\u00f3n al Desarrollo, Beatriz Coto, inicia ma\\u00f1ana una visita institucional de seis d\\u00edas a Guatemala para supervisar\",\"inLanguage\":\"es-ES\",\"isPartOf\":{\"@id\":\"https:\\\/\\\/candas365.es\\\/noticias\\\/#website\"},\"breadcrumb\":{\"@id\":\"https:\\\/\\\/candas365.es\\\/noticias\\\/beatriz-coto-realizara-una-visita-institucional-de-seis-dias-a-guatemala\\\/#breadcrumblist\"},\"author\":{\"@id\":\"https:\\\/\\\/candas365.es\\\/noticias\\\/author\\\/admin\\\/#author\"},\"creator\":{\"@id\":\"https:\\\/\\\/candas365.es\\\/noticias\\\/author\\\/admin\\\/#author\"},\"image\":{\"@type\":\"ImageObject\",\"url\":\"https:\\\/\\\/candas365.es\\\/noticias\\\/wp-content\\\/uploads\\\/2024\\\/02\\\/Guatemala.jpg\",\"@id\":\"https:\\\/\\\/candas365.es\\\/noticias\\\/beatriz-coto-realizara-una-visita-institucional-de-seis-dias-a-guatemala\\\/#mainImage\",\"width\":640,\"height\":360,\"caption\":\"Guatemala\"},\"primaryImageOfPage\":{\"@id\":\"https:\\\/\\\/candas365.es\\\/noticias\\\/beatriz-coto-realizara-una-visita-institucional-de-seis-dias-a-guatemala\\\/#mainImage\"},\"datePublished\":\"2024-02-17T22:04:21+01:00\",\"dateModified\":\"2024-02-17T22:04:21+01:00\"},{\"@type\":\"WebSite\",\"@id\":\"https:\\\/\\\/candas365.es\\\/noticias\\\/#website\",\"url\":\"https:\\\/\\\/candas365.es\\\/noticias\\\/\",\"name\":\"Cand\\u00e1s 365\",\"alternateName\":\"Cand\\u00e1s 365 Noticias\",\"description\":\"Actualidad desde Carre\\u00f1o para el mundo\",\"inLanguage\":\"es-ES\",\"publisher\":{\"@id\":\"https:\\\/\\\/candas365.es\\\/noticias\\\/#organization\"}}]}\n\t\t<\/script>\n\t\t<!-- All in One SEO Pro -->\r\n\t\t<title>Beatriz Coto realizar\u00e1 una visita institucional de seis d\u00edas a Guatemala | Cand\u00e1s 365<\/title>\n\n","aioseo_head_json":{"title":"Beatriz Coto realizar\u00e1 una visita institucional de seis d\u00edas a Guatemala | Cand\u00e1s 365","description":"La directora de la Agencia Asturiana de Cooperaci\u00f3n al Desarrollo, Beatriz Coto, inicia ma\u00f1ana una visita institucional de seis d\u00edas a Guatemala para supervisar","canonical_url":"https:\/\/candas365.es\/noticias\/beatriz-coto-realizara-una-visita-institucional-de-seis-dias-a-guatemala\/","robots":"max-image-preview:large","keywords":"asturias","webmasterTools":{"google-site-verification":"UA-32230408-1","msvalidate.01":"354F3CDFB2DA171B47FBE9ABF1F88D5","miscellaneous":""},"schema":{"@context":"https:\/\/schema.org","@graph":[{"@type":"BreadcrumbList","@id":"https:\/\/candas365.es\/noticias\/beatriz-coto-realizara-una-visita-institucional-de-seis-dias-a-guatemala\/#breadcrumblist","itemListElement":[{"@type":"ListItem","@id":"https:\/\/candas365.es\/noticias#listItem","position":1,"name":"Home","item":"https:\/\/candas365.es\/noticias","nextItem":{"@type":"ListItem","@id":"https:\/\/candas365.es\/noticias\/category\/asturias\/#listItem","name":"Asturias"}},{"@type":"ListItem","@id":"https:\/\/candas365.es\/noticias\/category\/asturias\/#listItem","position":2,"name":"Asturias","item":"https:\/\/candas365.es\/noticias\/category\/asturias\/","nextItem":{"@type":"ListItem","@id":"https:\/\/candas365.es\/noticias\/beatriz-coto-realizara-una-visita-institucional-de-seis-dias-a-guatemala\/#listItem","name":"Beatriz Coto realizar\u00e1 una visita institucional de seis d\u00edas a Guatemala"},"previousItem":{"@type":"ListItem","@id":"https:\/\/candas365.es\/noticias#listItem","name":"Home"}},{"@type":"ListItem","@id":"https:\/\/candas365.es\/noticias\/beatriz-coto-realizara-una-visita-institucional-de-seis-dias-a-guatemala\/#listItem","position":3,"name":"Beatriz Coto realizar\u00e1 una visita institucional de seis d\u00edas a Guatemala","previousItem":{"@type":"ListItem","@id":"https:\/\/candas365.es\/noticias\/category\/asturias\/#listItem","name":"Asturias"}}]},{"@type":"NewsArticle","@id":"https:\/\/candas365.es\/noticias\/beatriz-coto-realizara-una-visita-institucional-de-seis-dias-a-guatemala\/#newsarticle","name":"Beatriz Coto realizar\u00e1 una visita institucional de seis d\u00edas a Guatemala | Cand\u00e1s 365","headline":"Beatriz Coto realizar\u00e1 una visita institucional de seis d\u00edas a Guatemala","author":{"@id":"https:\/\/candas365.es\/noticias\/author\/admin\/#author"},"publisher":{"@id":"https:\/\/candas365.es\/noticias\/#organization"},"image":{"@type":"ImageObject","url":"https:\/\/candas365.es\/noticias\/wp-content\/uploads\/2024\/02\/Guatemala.jpg","width":640,"height":360,"caption":"Guatemala"},"datePublished":"2024-02-17T22:04:21+01:00","dateModified":"2024-02-17T22:04:21+01:00","inLanguage":"es-ES","mainEntityOfPage":{"@id":"https:\/\/candas365.es\/noticias\/beatriz-coto-realizara-una-visita-institucional-de-seis-dias-a-guatemala\/#webpage"},"isPartOf":{"@id":"https:\/\/candas365.es\/noticias\/beatriz-coto-realizara-una-visita-institucional-de-seis-dias-a-guatemala\/#webpage"},"articleSection":"Asturias","dateline":"Publicado el febrero 17, 2024."},{"@type":"Organization","@id":"https:\/\/candas365.es\/noticias\/#organization","name":"Cand\u00e1s 365","description":"Cand\u00e1s 365 es un diario digital independiente, fundado en 2012, con base en Asturias. Informamos con rigor sobre actualidad, sociedad, cultura y ocio, con una mirada local y global.","url":"https:\/\/candas365.es\/noticias\/","email":"info@candas365.es","telephone":"+34652131393","foundingDate":"2012-06-10","logo":{"@type":"ImageObject","url":"https:\/\/candas365.es\/noticias\/wp-content\/uploads\/2024\/09\/Candas-365-Redes.jpg","@id":"https:\/\/candas365.es\/noticias\/beatriz-coto-realizara-una-visita-institucional-de-seis-dias-a-guatemala\/#organizationLogo","width":1152,"height":864,"caption":"Cand\u00e1s 365 Redes"},"image":{"@id":"https:\/\/candas365.es\/noticias\/beatriz-coto-realizara-una-visita-institucional-de-seis-dias-a-guatemala\/#organizationLogo"},"sameAs":["https:\/\/www.facebook.com\/Nachofdezber","https:\/\/x.com\/NabercoDigital","https:\/\/www.instagram.com\/nachofdezber\/","https:\/\/www.youtube.com\/channel\/UCZP-2wLEB9Rv6erhFmqVnvg"],"address":{"@id":"https:\/\/candas365.es\/noticias\/#postaladdress","@type":"PostalAddress","streetAddress":"san antonio 4, san antonio 4","postalCode":"33430","addressLocality":"Cand\u00e1s","addressRegion":"Asturias","addressCountry":"ES"}},{"@type":"Person","@id":"https:\/\/candas365.es\/noticias\/author\/admin\/#author","url":"https:\/\/candas365.es\/noticias\/author\/admin\/","name":"Cand\u00e1s 365","image":{"@type":"ImageObject","@id":"https:\/\/candas365.es\/noticias\/beatriz-coto-realizara-una-visita-institucional-de-seis-dias-a-guatemala\/#authorImage","url":"https:\/\/secure.gravatar.com\/avatar\/496a8e03d0c493ede1718b7934145dbdf8d89be1036b0eec9544e1094c9de390?s=96&d=mm&r=g","width":96,"height":96,"caption":"Cand\u00e1s 365"},"sameAs":["https:\/\/www.facebook.com\/carrenoactualidad","https:\/\/twitter.com\/nbasturias","https:\/\/www.instagram.com\/nachofdezber\/","https:\/\/www.youtube.com\/channel\/UCZP-2wLEB9Rv6erhFmqVnvg"]},{"@type":"WebPage","@id":"https:\/\/candas365.es\/noticias\/beatriz-coto-realizara-una-visita-institucional-de-seis-dias-a-guatemala\/#webpage","url":"https:\/\/candas365.es\/noticias\/beatriz-coto-realizara-una-visita-institucional-de-seis-dias-a-guatemala\/","name":"Beatriz Coto realizar\u00e1 una visita institucional de seis d\u00edas a Guatemala | Cand\u00e1s 365","description":"La directora de la Agencia Asturiana de Cooperaci\u00f3n al Desarrollo, Beatriz Coto, inicia ma\u00f1ana una visita institucional de seis d\u00edas a Guatemala para supervisar","inLanguage":"es-ES","isPartOf":{"@id":"https:\/\/candas365.es\/noticias\/#website"},"breadcrumb":{"@id":"https:\/\/candas365.es\/noticias\/beatriz-coto-realizara-una-visita-institucional-de-seis-dias-a-guatemala\/#breadcrumblist"},"author":{"@id":"https:\/\/candas365.es\/noticias\/author\/admin\/#author"},"creator":{"@id":"https:\/\/candas365.es\/noticias\/author\/admin\/#author"},"image":{"@type":"ImageObject","url":"https:\/\/candas365.es\/noticias\/wp-content\/uploads\/2024\/02\/Guatemala.jpg","@id":"https:\/\/candas365.es\/noticias\/beatriz-coto-realizara-una-visita-institucional-de-seis-dias-a-guatemala\/#mainImage","width":640,"height":360,"caption":"Guatemala"},"primaryImageOfPage":{"@id":"https:\/\/candas365.es\/noticias\/beatriz-coto-realizara-una-visita-institucional-de-seis-dias-a-guatemala\/#mainImage"},"datePublished":"2024-02-17T22:04:21+01:00","dateModified":"2024-02-17T22:04:21+01:00"},{"@type":"WebSite","@id":"https:\/\/candas365.es\/noticias\/#website","url":"https:\/\/candas365.es\/noticias\/","name":"Cand\u00e1s 365","alternateName":"Cand\u00e1s 365 Noticias","description":"Actualidad desde Carre\u00f1o para el mundo","inLanguage":"es-ES","publisher":{"@id":"https:\/\/candas365.es\/noticias\/#organization"}}]},"og:locale":"es_ES","og:site_name":"Cand\u00e1s 365","og:type":"article","og:title":"Beatriz Coto realizar\u00e1 una visita institucional de seis d\u00edas a Guatemala | Cand\u00e1s 365","og:description":"La directora de la Agencia Asturiana de Cooperaci\u00f3n al Desarrollo, Beatriz Coto, inicia ma\u00f1ana una visita institucional de seis d\u00edas a Guatemala para supervisar","og:url":"https:\/\/candas365.es\/noticias\/beatriz-coto-realizara-una-visita-institucional-de-seis-dias-a-guatemala\/","og:image":"https:\/\/candas365.es\/noticias\/wp-content\/uploads\/2024\/02\/Guatemala.jpg","og:image:secure_url":"https:\/\/candas365.es\/noticias\/wp-content\/uploads\/2024\/02\/Guatemala.jpg","og:image:width":640,"og:image:height":360,"article:published_time":"2024-02-17T21:04:21+00:00","article:modified_time":"2024-02-17T21:04:21+00:00","article:publisher":"https:\/\/www.facebook.com\/Nachofdezber","article:author":"https:\/\/www.facebook.com\/carrenoactualidad","twitter:card":"summary_large_image","twitter:site":"@NabercoDigital","twitter:title":"Beatriz Coto realizar\u00e1 una visita institucional de seis d\u00edas a Guatemala | Cand\u00e1s 365","twitter:description":"La directora de la Agencia Asturiana de Cooperaci\u00f3n al Desarrollo, Beatriz Coto, inicia ma\u00f1ana una visita institucional de seis d\u00edas a Guatemala para supervisar","twitter:creator":"@nbasturias","twitter:image":"https:\/\/candas365.es\/noticias\/wp-content\/uploads\/2024\/02\/Guatemala.jpg","twitter:label1":"Escrito por","twitter:data1":"Cand\u00e1s 365","twitter:label2":"Tiempo de lectura estimado","twitter:data2":"3 minutos"},"aioseo_meta_data":{"post_id":"178510","title":null,"description":"La directora de la Agencia Asturiana de Cooperaci\u00f3n al Desarrollo, Beatriz Coto, inicia ma\u00f1ana una visita institucional de seis d\u00edas a Guatemala para supervisar","keywords":[],"keyphrases":{"focus":{"keyphrase":"Guatemala","score":85,"analysis":{"keyphraseInTitle":{"score":9,"maxScore":9,"error":0},"keyphraseInDescription":{"score":9,"maxScore":9,"error":0},"keyphraseLength":{"score":9,"maxScore":9,"error":0,"length":1},"keyphraseInURL":{"score":1,"maxScore":5,"error":1},"keyphraseInIntroduction":{"score":9,"maxScore":9,"error":0},"keyphraseInSubHeadings":{"score":3,"maxScore":9,"error":1},"keyphraseInImageAlt":{"score":9,"maxScore":9,"error":0},"keywordDensity":{"type":"best","score":9,"maxScore":9,"error":0}}},"additional":[{"keyphrase":"Guatemala","score":100,"analysis":{"keyphraseInDescription":{"score":9,"maxScore":9,"error":0},"keyphraseLength":{"score":9,"maxScore":9,"error":0,"length":1},"keyphraseInIntroduction":{"score":9,"maxScore":9,"error":0},"keyphraseInImageAlt":{"score":9,"maxScore":9,"error":0},"keywordDensity":{"type":"best","score":9,"maxScore":9,"error":0}}}]},"primary_term":null,"canonical_url":null,"og_title":null,"og_description":null,"og_object_type":"default","og_image_type":"default","og_image_url":null,"og_image_width":null,"og_image_height":null,"og_image_custom_url":null,"og_image_custom_fields":null,"og_video":"","og_custom_url":null,"og_article_section":null,"og_article_tags":[],"twitter_use_og":false,"twitter_card":"default","twitter_image_type":"default","twitter_image_url":null,"twitter_image_custom_url":null,"twitter_image_custom_fields":null,"twitter_title":null,"twitter_description":null,"schema":{"blockGraphs":[],"customGraphs":[],"default":{"data":{"Article":[],"Course":[],"Dataset":[],"FAQPage":[],"Movie":[],"Person":[],"Product":[],"ProductReview":[],"Car":[],"Recipe":[],"Service":[],"SoftwareApplication":[],"WebPage":[]},"graphName":"Article","isEnabled":true},"graphs":[]},"schema_type":"default","schema_type_options":null,"pillar_content":false,"robots_default":true,"robots_noindex":false,"robots_noarchive":false,"robots_nosnippet":false,"robots_nofollow":false,"robots_noimageindex":false,"robots_noodp":false,"robots_notranslate":false,"robots_max_snippet":"-1","robots_max_videopreview":"-1","robots_max_imagepreview":"large","priority":null,"frequency":"default","location":null,"local_seo":null,"seo_analyzer_scan_date":"2025-09-02 04:36:34","breadcrumb_settings":null,"limit_modified_date":false,"reviewed_by":null,"open_ai":"{\"title\":{\"suggestions\":[],\"usage\":0},\"description\":{\"suggestions\":[],\"usage\":0}}","ai":null,"created":"2024-02-17 20:54:21","updated":"2025-09-02 04:36:34"},"aioseo_breadcrumb":"<div class=\"aioseo-breadcrumbs\"><span class=\"aioseo-breadcrumb\">\n\t<a href=\"https:\/\/candas365.es\/noticias\" title=\"Home\">Home<\/a>\n<\/span><span class=\"aioseo-breadcrumb-separator\">&ndash;<\/span><span class=\"aioseo-breadcrumb\">\n\t<a href=\"https:\/\/candas365.es\/noticias\/category\/asturias\/\" title=\"Asturias\">Asturias<\/a>\n<\/span><span class=\"aioseo-breadcrumb-separator\">&ndash;<\/span><span class=\"aioseo-breadcrumb\">\n\tBeatriz Coto realizar\u00e1 una visita institucional de seis d\u00edas a Guatemala\n<\/span><\/div>","aioseo_breadcrumb_json":[{"label":"Home","link":"https:\/\/candas365.es\/noticias"},{"label":"Asturias","link":"https:\/\/candas365.es\/noticias\/category\/asturias\/"},{"label":"Beatriz Coto realizar\u00e1 una visita institucional de seis d\u00edas a Guatemala","link":"https:\/\/candas365.es\/noticias\/beatriz-coto-realizara-una-visita-institucional-de-seis-dias-a-guatemala\/"}],"_links":{"self":[{"href":"https:\/\/candas365.es\/noticias\/wp-json\/wp\/v2\/posts\/178510","targetHints":{"allow":["GET"]}}],"collection":[{"href":"https:\/\/candas365.es\/noticias\/wp-json\/wp\/v2\/posts"}],"about":[{"href":"https:\/\/candas365.es\/noticias\/wp-json\/wp\/v2\/types\/post"}],"author":[{"embeddable":true,"href":"https:\/\/candas365.es\/noticias\/wp-json\/wp\/v2\/users\/1"}],"replies":[{"embeddable":true,"href":"https:\/\/candas365.es\/noticias\/wp-json\/wp\/v2\/comments?post=178510"}],"version-history":[{"count":0,"href":"https:\/\/candas365.es\/noticias\/wp-json\/wp\/v2\/posts\/178510\/revisions"}],"wp:featuredmedia":[{"embeddable":true,"href":"https:\/\/candas365.es\/noticias\/wp-json\/wp\/v2\/media\/178511"}],"wp:attachment":[{"href":"https:\/\/candas365.es\/noticias\/wp-json\/wp\/v2\/media?parent=178510"}],"wp:term":[{"taxonomy":"category","embeddable":true,"href":"https:\/\/candas365.es\/noticias\/wp-json\/wp\/v2\/categories?post=178510"},{"taxonomy":"post_tag","embeddable":true,"href":"https:\/\/candas365.es\/noticias\/wp-json\/wp\/v2\/tags?post=178510"}],"curies":[{"name":"wp","href":"https:\/\/api.w.org\/{rel}","templated":true}]}}