{"id":178507,"date":"2024-02-17T20:56:36","date_gmt":"2024-02-17T19:56:36","guid":{"rendered":"https:\/\/candas365.es\/noticias\/?p=178507"},"modified":"2024-02-17T20:56:36","modified_gmt":"2024-02-17T19:56:36","slug":"queipo-trabajaremos-para-gobernar-en-norena-y-ganar-en-asturias","status":"publish","type":"post","link":"https:\/\/candas365.es\/noticias\/queipo-trabajaremos-para-gobernar-en-norena-y-ganar-en-asturias\/","title":{"rendered":"Queipo: \u00abTrabajaremos para gobernar en Nore\u00f1a y ganar en Asturias\u00bb"},"content":{"rendered":"<p>El presidente del <span style=\"color: #ff6600;\"><strong><a style=\"color: #ff6600;\" title=\"PP de Asturias\" href=\"https:\/\/pp-asturias.com\/\" target=\"_blank\" rel=\"noopener\">PP de Asturias<\/a><\/strong><\/span>, \u00c1lvaro Queipo, ha clausurado esta tarde el congreso local del PP en Nore\u00f1a, en el que Ascanio Gonz\u00e1lez, candidato \u00fanico, ha sido reelegido presidente del PP de Nore\u00f1a con la unanimidad de los votos.<\/p>\n<figure id=\"attachment_178508\" aria-describedby=\"caption-attachment-178508\" style=\"width: 650px\" class=\"wp-caption aligncenter\"><img fetchpriority=\"high\" decoding=\"async\" class=\"size-large wp-image-178508\" src=\"https:\/\/candas365.es\/noticias\/wp-content\/uploads\/2024\/02\/Queipo-650x383.jpg\" alt=\"Queipo\" width=\"650\" height=\"383\" srcset=\"https:\/\/candas365.es\/noticias\/wp-content\/uploads\/2024\/02\/Queipo-650x383.jpg 650w, https:\/\/candas365.es\/noticias\/wp-content\/uploads\/2024\/02\/Queipo-360x212.jpg 360w, https:\/\/candas365.es\/noticias\/wp-content\/uploads\/2024\/02\/Queipo-768x453.jpg 768w, https:\/\/candas365.es\/noticias\/wp-content\/uploads\/2024\/02\/Queipo-150x88.jpg 150w, https:\/\/candas365.es\/noticias\/wp-content\/uploads\/2024\/02\/Queipo-450x265.jpg 450w, https:\/\/candas365.es\/noticias\/wp-content\/uploads\/2024\/02\/Queipo.jpg 1036w\" sizes=\"(max-width: 650px) 100vw, 650px\" \/><figcaption id=\"caption-attachment-178508\" class=\"wp-caption-text\">Foto: Prensa PP Asturias<\/figcaption><\/figure>\n<p>En el c\u00f3nclave tambi\u00e9n han estado presentes la Secretaria General, Beatriz Llaneza; y los vicesecretarios de Territorial, Jos\u00e9 Manuel Rodr\u00edguez &#8216;Lito&#8217;, de Organizaci\u00f3n, Silverio Arg\u00fcelles, y de Acci\u00f3n Social, Beatriz Polledo, que adem\u00e1s es presidenta del PP de Siero.<\/p>\n<blockquote><p>\u00c1lvaro Queipo ha destacado esta tarde su apuesta por un PP de Nore\u00f1a que \u00abaspira a todo\u00bb, animando con ello a alzar la voz siempre y cuando el Municipio lo necesite.<\/p><\/blockquote>\n<p><strong>\u00abVamos a centrar todos los esfuerzos en lo importante: Gobernar en Nore\u00f1a y ganar en <a title=\"Asturias\" href=\"https:\/\/candas365.es\/noticias\/category\/asturias\/\"><span style=\"color: #ff6600;\">Asturias<\/span><\/a> para responder a las necesidades que el PSOE no est\u00e1 atendiendo\u00bb<\/strong>, ha confirmado el presidente de los populares asturianos, dejando claro su compromiso para atender las necesidades de Nore\u00f1a desde la Junta General del Principado.<\/p>\n<p>Precisamente Ascanio Gonz\u00e1lez ha reclamado el apoyo del Grupo Parlamentario Popular para lograr mejoras para Nore\u00f1a, entre las que ha priorizado: <strong>Mejorar la iluminaci\u00f3n de los accesos a Nore\u00f1a<\/strong>, mejorar la red de saneamiento y la red de abastecimiento de agua, el encauzamiento del r\u00edo Nore\u00f1a creando un espacio de ocio en el entorno del r\u00edo, crear un centro de d\u00eda (ya que ahora los nore\u00f1enses se ven obligados a trasladarse a Siero para disfrutar de estos servicios y la residencia del ERA tambi\u00e9n se est\u00e1 quedando peque\u00f1a), as\u00ed como <strong>arreglar las deficiencias del IES en el que en los \u00faltimos d\u00edas la comunidad educativa se ha movilizado ante las deficiencias existentes<\/strong>.<\/p>\n","protected":false},"excerpt":{"rendered":"<p>El presidente del PP de Asturias, \u00c1lvaro Queipo, ha clausurado esta tarde el congreso local del PP en Nore\u00f1a, en el que Ascanio Gonz\u00e1lez, candidato \u00fanico, ha sido reelegido presidente del PP de Nore\u00f1a con la unanimidad de los votos. En el c\u00f3nclave tambi\u00e9n han estado presentes la Secretaria General, Beatriz Llaneza; y los vicesecretarios<\/p>\n","protected":false},"author":1,"featured_media":178508,"comment_status":"closed","ping_status":"closed","sticky":false,"template":"","format":"standard","meta":{"footnotes":""},"categories":[7],"tags":[470,480],"class_list":{"0":"post-178507","1":"post","2":"type-post","3":"status-publish","4":"format-standard","5":"has-post-thumbnail","7":"category-asturias","8":"tag-politica","9":"tag-pp"},"aioseo_notices":[],"aioseo_head":"\n\t\t<!-- All in One SEO Pro 4.9.6.2 - aioseo.com -->\n\t<meta name=\"description\" content=\"El presidente del PP de Asturias, \u00c1lvaro Queipo, ha clausurado esta tarde el congreso local del PP en Nore\u00f1a, en el que Ascanio Gonz\u00e1lez, candidato \u00fanic\" \/>\n\t<meta name=\"robots\" content=\"max-image-preview:large\" \/>\n\t<meta name=\"author\" content=\"Cand\u00e1s 365\"\/>\n\t<meta name=\"google-site-verification\" content=\"UA-32230408-1\" \/>\n\t<meta name=\"msvalidate.01\" content=\"354F3CDFB2DA171B47FBE9ABF1F88D5\" \/>\n\t<meta name=\"keywords\" content=\"asturias\" \/>\n\t<link rel=\"canonical\" href=\"https:\/\/candas365.es\/noticias\/queipo-trabajaremos-para-gobernar-en-norena-y-ganar-en-asturias\/\" \/>\n\t<meta name=\"generator\" content=\"All in One SEO Pro (AIOSEO) 4.9.6.2\" \/>\n\t\t<meta property=\"og:locale\" content=\"es_ES\" \/>\n\t\t<meta property=\"og:site_name\" content=\"Cand\u00e1s 365\" \/>\n\t\t<meta property=\"og:type\" content=\"article\" \/>\n\t\t<meta property=\"og:title\" content=\"Queipo: \u00abTrabajaremos para gobernar en Nore\u00f1a y ganar en Asturias\u00bb | Cand\u00e1s 365\" \/>\n\t\t<meta property=\"og:description\" content=\"El presidente del PP de Asturias, \u00c1lvaro Queipo, ha clausurado esta tarde el congreso local del PP en Nore\u00f1a, en el que Ascanio Gonz\u00e1lez, candidato \u00fanic\" \/>\n\t\t<meta property=\"og:url\" content=\"https:\/\/candas365.es\/noticias\/queipo-trabajaremos-para-gobernar-en-norena-y-ganar-en-asturias\/\" \/>\n\t\t<meta property=\"og:image\" content=\"https:\/\/candas365.es\/noticias\/wp-content\/uploads\/2024\/02\/Queipo.jpg\" \/>\n\t\t<meta property=\"og:image:secure_url\" content=\"https:\/\/candas365.es\/noticias\/wp-content\/uploads\/2024\/02\/Queipo.jpg\" \/>\n\t\t<meta property=\"og:image:width\" content=\"1036\" \/>\n\t\t<meta property=\"og:image:height\" content=\"611\" \/>\n\t\t<meta property=\"article:published_time\" content=\"2024-02-17T19:56:36+00:00\" \/>\n\t\t<meta property=\"article:modified_time\" content=\"2024-02-17T19:56:36+00:00\" \/>\n\t\t<meta property=\"article:publisher\" content=\"https:\/\/www.facebook.com\/Nachofdezber\" \/>\n\t\t<meta property=\"article:author\" content=\"https:\/\/www.facebook.com\/carrenoactualidad\" \/>\n\t\t<meta name=\"twitter:card\" content=\"summary_large_image\" \/>\n\t\t<meta name=\"twitter:site\" content=\"@NabercoDigital\" \/>\n\t\t<meta name=\"twitter:title\" content=\"Queipo: \u00abTrabajaremos para gobernar en Nore\u00f1a y ganar en Asturias\u00bb | Cand\u00e1s 365\" \/>\n\t\t<meta name=\"twitter:description\" content=\"El presidente del PP de Asturias, \u00c1lvaro Queipo, ha clausurado esta tarde el congreso local del PP en Nore\u00f1a, en el que Ascanio Gonz\u00e1lez, candidato \u00fanic\" \/>\n\t\t<meta name=\"twitter:creator\" content=\"@nbasturias\" \/>\n\t\t<meta name=\"twitter:image\" content=\"https:\/\/candas365.es\/noticias\/wp-content\/uploads\/2024\/02\/Queipo.jpg\" \/>\n\t\t<meta name=\"twitter:label1\" content=\"Escrito por\" \/>\n\t\t<meta name=\"twitter:data1\" content=\"Cand\u00e1s 365\" \/>\n\t\t<meta name=\"twitter:label2\" content=\"Tiempo de lectura estimado\" \/>\n\t\t<meta name=\"twitter:data2\" content=\"2 minutos\" \/>\n\t\t<script type=\"application\/ld+json\" class=\"aioseo-schema\">\n\t\t\t{\"@context\":\"https:\\\/\\\/schema.org\",\"@graph\":[{\"@type\":\"BreadcrumbList\",\"@id\":\"https:\\\/\\\/candas365.es\\\/noticias\\\/queipo-trabajaremos-para-gobernar-en-norena-y-ganar-en-asturias\\\/#breadcrumblist\",\"itemListElement\":[{\"@type\":\"ListItem\",\"@id\":\"https:\\\/\\\/candas365.es\\\/noticias#listItem\",\"position\":1,\"name\":\"Home\",\"item\":\"https:\\\/\\\/candas365.es\\\/noticias\",\"nextItem\":{\"@type\":\"ListItem\",\"@id\":\"https:\\\/\\\/candas365.es\\\/noticias\\\/category\\\/asturias\\\/#listItem\",\"name\":\"Asturias\"}},{\"@type\":\"ListItem\",\"@id\":\"https:\\\/\\\/candas365.es\\\/noticias\\\/category\\\/asturias\\\/#listItem\",\"position\":2,\"name\":\"Asturias\",\"item\":\"https:\\\/\\\/candas365.es\\\/noticias\\\/category\\\/asturias\\\/\",\"nextItem\":{\"@type\":\"ListItem\",\"@id\":\"https:\\\/\\\/candas365.es\\\/noticias\\\/queipo-trabajaremos-para-gobernar-en-norena-y-ganar-en-asturias\\\/#listItem\",\"name\":\"Queipo: \\u00abTrabajaremos para gobernar en Nore\\u00f1a y ganar en Asturias\\u00bb\"},\"previousItem\":{\"@type\":\"ListItem\",\"@id\":\"https:\\\/\\\/candas365.es\\\/noticias#listItem\",\"name\":\"Home\"}},{\"@type\":\"ListItem\",\"@id\":\"https:\\\/\\\/candas365.es\\\/noticias\\\/queipo-trabajaremos-para-gobernar-en-norena-y-ganar-en-asturias\\\/#listItem\",\"position\":3,\"name\":\"Queipo: \\u00abTrabajaremos para gobernar en Nore\\u00f1a y ganar en Asturias\\u00bb\",\"previousItem\":{\"@type\":\"ListItem\",\"@id\":\"https:\\\/\\\/candas365.es\\\/noticias\\\/category\\\/asturias\\\/#listItem\",\"name\":\"Asturias\"}}]},{\"@type\":\"NewsArticle\",\"@id\":\"https:\\\/\\\/candas365.es\\\/noticias\\\/queipo-trabajaremos-para-gobernar-en-norena-y-ganar-en-asturias\\\/#newsarticle\",\"name\":\"Queipo: \\u00abTrabajaremos para gobernar en Nore\\u00f1a y ganar en Asturias\\u00bb | Cand\\u00e1s 365\",\"headline\":\"Queipo: \\u00abTrabajaremos para gobernar en Nore\\u00f1a y ganar en Asturias\\u00bb\",\"author\":{\"@id\":\"https:\\\/\\\/candas365.es\\\/noticias\\\/author\\\/admin\\\/#author\"},\"publisher\":{\"@id\":\"https:\\\/\\\/candas365.es\\\/noticias\\\/#organization\"},\"image\":{\"@type\":\"ImageObject\",\"url\":\"https:\\\/\\\/candas365.es\\\/noticias\\\/wp-content\\\/uploads\\\/2024\\\/02\\\/Queipo.jpg\",\"width\":1036,\"height\":611,\"caption\":\"Foto: Prensa PP Asturias\"},\"datePublished\":\"2024-02-17T20:56:36+01:00\",\"dateModified\":\"2024-02-17T20:56:36+01:00\",\"inLanguage\":\"es-ES\",\"mainEntityOfPage\":{\"@id\":\"https:\\\/\\\/candas365.es\\\/noticias\\\/queipo-trabajaremos-para-gobernar-en-norena-y-ganar-en-asturias\\\/#webpage\"},\"isPartOf\":{\"@id\":\"https:\\\/\\\/candas365.es\\\/noticias\\\/queipo-trabajaremos-para-gobernar-en-norena-y-ganar-en-asturias\\\/#webpage\"},\"articleSection\":\"Asturias, pol\\u00edtica, PP\",\"dateline\":\"Publicado el febrero 17, 2024.\"},{\"@type\":\"Organization\",\"@id\":\"https:\\\/\\\/candas365.es\\\/noticias\\\/#organization\",\"name\":\"Cand\\u00e1s 365\",\"description\":\"Cand\\u00e1s 365 es un diario digital independiente, fundado en 2012, con base en Asturias. Informamos con rigor sobre actualidad, sociedad, cultura y ocio, con una mirada local y global.\",\"url\":\"https:\\\/\\\/candas365.es\\\/noticias\\\/\",\"email\":\"info@candas365.es\",\"telephone\":\"+34652131393\",\"foundingDate\":\"2012-06-10\",\"logo\":{\"@type\":\"ImageObject\",\"url\":\"https:\\\/\\\/candas365.es\\\/noticias\\\/wp-content\\\/uploads\\\/2024\\\/09\\\/Candas-365-Redes.jpg\",\"@id\":\"https:\\\/\\\/candas365.es\\\/noticias\\\/queipo-trabajaremos-para-gobernar-en-norena-y-ganar-en-asturias\\\/#organizationLogo\",\"width\":1152,\"height\":864,\"caption\":\"Cand\\u00e1s 365 Redes\"},\"image\":{\"@id\":\"https:\\\/\\\/candas365.es\\\/noticias\\\/queipo-trabajaremos-para-gobernar-en-norena-y-ganar-en-asturias\\\/#organizationLogo\"},\"sameAs\":[\"https:\\\/\\\/www.facebook.com\\\/Nachofdezber\",\"https:\\\/\\\/x.com\\\/NabercoDigital\",\"https:\\\/\\\/www.instagram.com\\\/nachofdezber\\\/\",\"https:\\\/\\\/www.youtube.com\\\/channel\\\/UCZP-2wLEB9Rv6erhFmqVnvg\"],\"address\":{\"@id\":\"https:\\\/\\\/candas365.es\\\/noticias\\\/#postaladdress\",\"@type\":\"PostalAddress\",\"streetAddress\":\"san antonio 4, san antonio 4\",\"postalCode\":\"33430\",\"addressLocality\":\"Cand\\u00e1s\",\"addressRegion\":\"Asturias\",\"addressCountry\":\"ES\"}},{\"@type\":\"Person\",\"@id\":\"https:\\\/\\\/candas365.es\\\/noticias\\\/author\\\/admin\\\/#author\",\"url\":\"https:\\\/\\\/candas365.es\\\/noticias\\\/author\\\/admin\\\/\",\"name\":\"Cand\\u00e1s 365\",\"image\":{\"@type\":\"ImageObject\",\"@id\":\"https:\\\/\\\/candas365.es\\\/noticias\\\/queipo-trabajaremos-para-gobernar-en-norena-y-ganar-en-asturias\\\/#authorImage\",\"url\":\"https:\\\/\\\/secure.gravatar.com\\\/avatar\\\/496a8e03d0c493ede1718b7934145dbdf8d89be1036b0eec9544e1094c9de390?s=96&d=mm&r=g\",\"width\":96,\"height\":96,\"caption\":\"Cand\\u00e1s 365\"},\"sameAs\":[\"https:\\\/\\\/www.facebook.com\\\/carrenoactualidad\",\"https:\\\/\\\/twitter.com\\\/nbasturias\",\"https:\\\/\\\/www.instagram.com\\\/nachofdezber\\\/\",\"https:\\\/\\\/www.youtube.com\\\/channel\\\/UCZP-2wLEB9Rv6erhFmqVnvg\"]},{\"@type\":\"WebPage\",\"@id\":\"https:\\\/\\\/candas365.es\\\/noticias\\\/queipo-trabajaremos-para-gobernar-en-norena-y-ganar-en-asturias\\\/#webpage\",\"url\":\"https:\\\/\\\/candas365.es\\\/noticias\\\/queipo-trabajaremos-para-gobernar-en-norena-y-ganar-en-asturias\\\/\",\"name\":\"Queipo: \\u00abTrabajaremos para gobernar en Nore\\u00f1a y ganar en Asturias\\u00bb | Cand\\u00e1s 365\",\"description\":\"El presidente del PP de Asturias, \\u00c1lvaro Queipo, ha clausurado esta tarde el congreso local del PP en Nore\\u00f1a, en el que Ascanio Gonz\\u00e1lez, candidato \\u00fanic\",\"inLanguage\":\"es-ES\",\"isPartOf\":{\"@id\":\"https:\\\/\\\/candas365.es\\\/noticias\\\/#website\"},\"breadcrumb\":{\"@id\":\"https:\\\/\\\/candas365.es\\\/noticias\\\/queipo-trabajaremos-para-gobernar-en-norena-y-ganar-en-asturias\\\/#breadcrumblist\"},\"author\":{\"@id\":\"https:\\\/\\\/candas365.es\\\/noticias\\\/author\\\/admin\\\/#author\"},\"creator\":{\"@id\":\"https:\\\/\\\/candas365.es\\\/noticias\\\/author\\\/admin\\\/#author\"},\"image\":{\"@type\":\"ImageObject\",\"url\":\"https:\\\/\\\/candas365.es\\\/noticias\\\/wp-content\\\/uploads\\\/2024\\\/02\\\/Queipo.jpg\",\"@id\":\"https:\\\/\\\/candas365.es\\\/noticias\\\/queipo-trabajaremos-para-gobernar-en-norena-y-ganar-en-asturias\\\/#mainImage\",\"width\":1036,\"height\":611,\"caption\":\"Foto: Prensa PP Asturias\"},\"primaryImageOfPage\":{\"@id\":\"https:\\\/\\\/candas365.es\\\/noticias\\\/queipo-trabajaremos-para-gobernar-en-norena-y-ganar-en-asturias\\\/#mainImage\"},\"datePublished\":\"2024-02-17T20:56:36+01:00\",\"dateModified\":\"2024-02-17T20:56:36+01:00\"},{\"@type\":\"WebSite\",\"@id\":\"https:\\\/\\\/candas365.es\\\/noticias\\\/#website\",\"url\":\"https:\\\/\\\/candas365.es\\\/noticias\\\/\",\"name\":\"Cand\\u00e1s 365\",\"alternateName\":\"Cand\\u00e1s 365 Noticias\",\"description\":\"Actualidad desde Carre\\u00f1o para el mundo\",\"inLanguage\":\"es-ES\",\"publisher\":{\"@id\":\"https:\\\/\\\/candas365.es\\\/noticias\\\/#organization\"}}]}\n\t\t<\/script>\n\t\t<!-- All in One SEO Pro -->\r\n\t\t<title>Queipo: \u00abTrabajaremos para gobernar en Nore\u00f1a y ganar en Asturias\u00bb | Cand\u00e1s 365<\/title>\n\n","aioseo_head_json":{"title":"Queipo: \u00abTrabajaremos para gobernar en Nore\u00f1a y ganar en Asturias\u00bb | Cand\u00e1s 365","description":"El presidente del PP de Asturias, \u00c1lvaro Queipo, ha clausurado esta tarde el congreso local del PP en Nore\u00f1a, en el que Ascanio Gonz\u00e1lez, candidato \u00fanic","canonical_url":"https:\/\/candas365.es\/noticias\/queipo-trabajaremos-para-gobernar-en-norena-y-ganar-en-asturias\/","robots":"max-image-preview:large","keywords":"asturias","webmasterTools":{"google-site-verification":"UA-32230408-1","msvalidate.01":"354F3CDFB2DA171B47FBE9ABF1F88D5","miscellaneous":""},"schema":{"@context":"https:\/\/schema.org","@graph":[{"@type":"BreadcrumbList","@id":"https:\/\/candas365.es\/noticias\/queipo-trabajaremos-para-gobernar-en-norena-y-ganar-en-asturias\/#breadcrumblist","itemListElement":[{"@type":"ListItem","@id":"https:\/\/candas365.es\/noticias#listItem","position":1,"name":"Home","item":"https:\/\/candas365.es\/noticias","nextItem":{"@type":"ListItem","@id":"https:\/\/candas365.es\/noticias\/category\/asturias\/#listItem","name":"Asturias"}},{"@type":"ListItem","@id":"https:\/\/candas365.es\/noticias\/category\/asturias\/#listItem","position":2,"name":"Asturias","item":"https:\/\/candas365.es\/noticias\/category\/asturias\/","nextItem":{"@type":"ListItem","@id":"https:\/\/candas365.es\/noticias\/queipo-trabajaremos-para-gobernar-en-norena-y-ganar-en-asturias\/#listItem","name":"Queipo: \u00abTrabajaremos para gobernar en Nore\u00f1a y ganar en Asturias\u00bb"},"previousItem":{"@type":"ListItem","@id":"https:\/\/candas365.es\/noticias#listItem","name":"Home"}},{"@type":"ListItem","@id":"https:\/\/candas365.es\/noticias\/queipo-trabajaremos-para-gobernar-en-norena-y-ganar-en-asturias\/#listItem","position":3,"name":"Queipo: \u00abTrabajaremos para gobernar en Nore\u00f1a y ganar en Asturias\u00bb","previousItem":{"@type":"ListItem","@id":"https:\/\/candas365.es\/noticias\/category\/asturias\/#listItem","name":"Asturias"}}]},{"@type":"NewsArticle","@id":"https:\/\/candas365.es\/noticias\/queipo-trabajaremos-para-gobernar-en-norena-y-ganar-en-asturias\/#newsarticle","name":"Queipo: \u00abTrabajaremos para gobernar en Nore\u00f1a y ganar en Asturias\u00bb | Cand\u00e1s 365","headline":"Queipo: \u00abTrabajaremos para gobernar en Nore\u00f1a y ganar en Asturias\u00bb","author":{"@id":"https:\/\/candas365.es\/noticias\/author\/admin\/#author"},"publisher":{"@id":"https:\/\/candas365.es\/noticias\/#organization"},"image":{"@type":"ImageObject","url":"https:\/\/candas365.es\/noticias\/wp-content\/uploads\/2024\/02\/Queipo.jpg","width":1036,"height":611,"caption":"Foto: Prensa PP Asturias"},"datePublished":"2024-02-17T20:56:36+01:00","dateModified":"2024-02-17T20:56:36+01:00","inLanguage":"es-ES","mainEntityOfPage":{"@id":"https:\/\/candas365.es\/noticias\/queipo-trabajaremos-para-gobernar-en-norena-y-ganar-en-asturias\/#webpage"},"isPartOf":{"@id":"https:\/\/candas365.es\/noticias\/queipo-trabajaremos-para-gobernar-en-norena-y-ganar-en-asturias\/#webpage"},"articleSection":"Asturias, pol\u00edtica, PP","dateline":"Publicado el febrero 17, 2024."},{"@type":"Organization","@id":"https:\/\/candas365.es\/noticias\/#organization","name":"Cand\u00e1s 365","description":"Cand\u00e1s 365 es un diario digital independiente, fundado en 2012, con base en Asturias. Informamos con rigor sobre actualidad, sociedad, cultura y ocio, con una mirada local y global.","url":"https:\/\/candas365.es\/noticias\/","email":"info@candas365.es","telephone":"+34652131393","foundingDate":"2012-06-10","logo":{"@type":"ImageObject","url":"https:\/\/candas365.es\/noticias\/wp-content\/uploads\/2024\/09\/Candas-365-Redes.jpg","@id":"https:\/\/candas365.es\/noticias\/queipo-trabajaremos-para-gobernar-en-norena-y-ganar-en-asturias\/#organizationLogo","width":1152,"height":864,"caption":"Cand\u00e1s 365 Redes"},"image":{"@id":"https:\/\/candas365.es\/noticias\/queipo-trabajaremos-para-gobernar-en-norena-y-ganar-en-asturias\/#organizationLogo"},"sameAs":["https:\/\/www.facebook.com\/Nachofdezber","https:\/\/x.com\/NabercoDigital","https:\/\/www.instagram.com\/nachofdezber\/","https:\/\/www.youtube.com\/channel\/UCZP-2wLEB9Rv6erhFmqVnvg"],"address":{"@id":"https:\/\/candas365.es\/noticias\/#postaladdress","@type":"PostalAddress","streetAddress":"san antonio 4, san antonio 4","postalCode":"33430","addressLocality":"Cand\u00e1s","addressRegion":"Asturias","addressCountry":"ES"}},{"@type":"Person","@id":"https:\/\/candas365.es\/noticias\/author\/admin\/#author","url":"https:\/\/candas365.es\/noticias\/author\/admin\/","name":"Cand\u00e1s 365","image":{"@type":"ImageObject","@id":"https:\/\/candas365.es\/noticias\/queipo-trabajaremos-para-gobernar-en-norena-y-ganar-en-asturias\/#authorImage","url":"https:\/\/secure.gravatar.com\/avatar\/496a8e03d0c493ede1718b7934145dbdf8d89be1036b0eec9544e1094c9de390?s=96&d=mm&r=g","width":96,"height":96,"caption":"Cand\u00e1s 365"},"sameAs":["https:\/\/www.facebook.com\/carrenoactualidad","https:\/\/twitter.com\/nbasturias","https:\/\/www.instagram.com\/nachofdezber\/","https:\/\/www.youtube.com\/channel\/UCZP-2wLEB9Rv6erhFmqVnvg"]},{"@type":"WebPage","@id":"https:\/\/candas365.es\/noticias\/queipo-trabajaremos-para-gobernar-en-norena-y-ganar-en-asturias\/#webpage","url":"https:\/\/candas365.es\/noticias\/queipo-trabajaremos-para-gobernar-en-norena-y-ganar-en-asturias\/","name":"Queipo: \u00abTrabajaremos para gobernar en Nore\u00f1a y ganar en Asturias\u00bb | Cand\u00e1s 365","description":"El presidente del PP de Asturias, \u00c1lvaro Queipo, ha clausurado esta tarde el congreso local del PP en Nore\u00f1a, en el que Ascanio Gonz\u00e1lez, candidato \u00fanic","inLanguage":"es-ES","isPartOf":{"@id":"https:\/\/candas365.es\/noticias\/#website"},"breadcrumb":{"@id":"https:\/\/candas365.es\/noticias\/queipo-trabajaremos-para-gobernar-en-norena-y-ganar-en-asturias\/#breadcrumblist"},"author":{"@id":"https:\/\/candas365.es\/noticias\/author\/admin\/#author"},"creator":{"@id":"https:\/\/candas365.es\/noticias\/author\/admin\/#author"},"image":{"@type":"ImageObject","url":"https:\/\/candas365.es\/noticias\/wp-content\/uploads\/2024\/02\/Queipo.jpg","@id":"https:\/\/candas365.es\/noticias\/queipo-trabajaremos-para-gobernar-en-norena-y-ganar-en-asturias\/#mainImage","width":1036,"height":611,"caption":"Foto: Prensa PP Asturias"},"primaryImageOfPage":{"@id":"https:\/\/candas365.es\/noticias\/queipo-trabajaremos-para-gobernar-en-norena-y-ganar-en-asturias\/#mainImage"},"datePublished":"2024-02-17T20:56:36+01:00","dateModified":"2024-02-17T20:56:36+01:00"},{"@type":"WebSite","@id":"https:\/\/candas365.es\/noticias\/#website","url":"https:\/\/candas365.es\/noticias\/","name":"Cand\u00e1s 365","alternateName":"Cand\u00e1s 365 Noticias","description":"Actualidad desde Carre\u00f1o para el mundo","inLanguage":"es-ES","publisher":{"@id":"https:\/\/candas365.es\/noticias\/#organization"}}]},"og:locale":"es_ES","og:site_name":"Cand\u00e1s 365","og:type":"article","og:title":"Queipo: \u00abTrabajaremos para gobernar en Nore\u00f1a y ganar en Asturias\u00bb | Cand\u00e1s 365","og:description":"El presidente del PP de Asturias, \u00c1lvaro Queipo, ha clausurado esta tarde el congreso local del PP en Nore\u00f1a, en el que Ascanio Gonz\u00e1lez, candidato \u00fanic","og:url":"https:\/\/candas365.es\/noticias\/queipo-trabajaremos-para-gobernar-en-norena-y-ganar-en-asturias\/","og:image":"https:\/\/candas365.es\/noticias\/wp-content\/uploads\/2024\/02\/Queipo.jpg","og:image:secure_url":"https:\/\/candas365.es\/noticias\/wp-content\/uploads\/2024\/02\/Queipo.jpg","og:image:width":1036,"og:image:height":611,"article:published_time":"2024-02-17T19:56:36+00:00","article:modified_time":"2024-02-17T19:56:36+00:00","article:publisher":"https:\/\/www.facebook.com\/Nachofdezber","article:author":"https:\/\/www.facebook.com\/carrenoactualidad","twitter:card":"summary_large_image","twitter:site":"@NabercoDigital","twitter:title":"Queipo: \u00abTrabajaremos para gobernar en Nore\u00f1a y ganar en Asturias\u00bb | Cand\u00e1s 365","twitter:description":"El presidente del PP de Asturias, \u00c1lvaro Queipo, ha clausurado esta tarde el congreso local del PP en Nore\u00f1a, en el que Ascanio Gonz\u00e1lez, candidato \u00fanic","twitter:creator":"@nbasturias","twitter:image":"https:\/\/candas365.es\/noticias\/wp-content\/uploads\/2024\/02\/Queipo.jpg","twitter:label1":"Escrito por","twitter:data1":"Cand\u00e1s 365","twitter:label2":"Tiempo de lectura estimado","twitter:data2":"2 minutos"},"aioseo_meta_data":{"post_id":"178507","title":null,"description":"El presidente del PP de Asturias, \u00c1lvaro Queipo, ha clausurado esta tarde el congreso local del PP en Nore\u00f1a, en el que Ascanio Gonz\u00e1lez, candidato \u00fanic","keywords":[],"keyphrases":{"focus":{"keyphrase":"Queipo","score":93,"analysis":{"keyphraseInTitle":{"score":9,"maxScore":9,"error":0},"keyphraseInDescription":{"score":9,"maxScore":9,"error":0},"keyphraseLength":{"score":9,"maxScore":9,"error":0,"length":1},"keyphraseInURL":{"score":1,"maxScore":5,"error":1},"keyphraseInIntroduction":{"score":9,"maxScore":9,"error":0},"keyphraseInSubHeadings":[],"keyphraseInImageAlt":{"score":9,"maxScore":9,"error":0},"keywordDensity":{"type":"best","score":9,"maxScore":9,"error":0}}},"additional":[{"keyphrase":"Queipo","score":100,"analysis":{"keyphraseInDescription":{"score":9,"maxScore":9,"error":0},"keyphraseLength":{"score":9,"maxScore":9,"error":0,"length":1},"keyphraseInIntroduction":{"score":9,"maxScore":9,"error":0},"keyphraseInImageAlt":{"score":9,"maxScore":9,"error":0},"keywordDensity":{"type":"best","score":9,"maxScore":9,"error":0}}},{"keyphrase":"Asturias","score":87,"analysis":{"keyphraseInDescription":{"score":9,"maxScore":9,"error":0},"keyphraseLength":{"score":9,"maxScore":9,"error":0,"length":1},"keyphraseInIntroduction":{"score":9,"maxScore":9,"error":0},"keyphraseInImageAlt":{"score":3,"maxScore":9,"error":1},"keywordDensity":{"type":"best","score":9,"maxScore":9,"error":0}}},{"keyphrase":"Nore\u00f1a","score":67,"analysis":{"keyphraseInDescription":{"score":9,"maxScore":9,"error":0},"keyphraseLength":{"score":9,"maxScore":9,"error":0,"length":2},"keyphraseInIntroduction":{"score":9,"maxScore":9,"error":0},"keyphraseInImageAlt":{"score":3,"maxScore":9,"error":1},"keywordDensity":{"type":"high","score":0,"maxScore":9,"error":1}}}]},"primary_term":null,"canonical_url":null,"og_title":null,"og_description":null,"og_object_type":"default","og_image_type":"default","og_image_url":null,"og_image_width":null,"og_image_height":null,"og_image_custom_url":null,"og_image_custom_fields":null,"og_video":"","og_custom_url":null,"og_article_section":null,"og_article_tags":[],"twitter_use_og":false,"twitter_card":"default","twitter_image_type":"default","twitter_image_url":null,"twitter_image_custom_url":null,"twitter_image_custom_fields":null,"twitter_title":null,"twitter_description":null,"schema":{"blockGraphs":[],"customGraphs":[],"default":{"data":{"Article":[],"Course":[],"Dataset":[],"FAQPage":[],"Movie":[],"Person":[],"Product":[],"ProductReview":[],"Car":[],"Recipe":[],"Service":[],"SoftwareApplication":[],"WebPage":[]},"graphName":"Article","isEnabled":true},"graphs":[]},"schema_type":"default","schema_type_options":null,"pillar_content":false,"robots_default":true,"robots_noindex":false,"robots_noarchive":false,"robots_nosnippet":false,"robots_nofollow":false,"robots_noimageindex":false,"robots_noodp":false,"robots_notranslate":false,"robots_max_snippet":"-1","robots_max_videopreview":"-1","robots_max_imagepreview":"large","priority":null,"frequency":"default","location":null,"local_seo":null,"seo_analyzer_scan_date":"2025-09-02 04:36:31","breadcrumb_settings":null,"limit_modified_date":false,"reviewed_by":null,"open_ai":"{\"title\":{\"suggestions\":[],\"usage\":0},\"description\":{\"suggestions\":[],\"usage\":0}}","ai":null,"created":"2024-02-17 19:49:19","updated":"2025-09-02 04:36:31"},"aioseo_breadcrumb":"<div class=\"aioseo-breadcrumbs\"><span class=\"aioseo-breadcrumb\">\n\t<a href=\"https:\/\/candas365.es\/noticias\" title=\"Home\">Home<\/a>\n<\/span><span class=\"aioseo-breadcrumb-separator\">&ndash;<\/span><span class=\"aioseo-breadcrumb\">\n\t<a href=\"https:\/\/candas365.es\/noticias\/category\/asturias\/\" title=\"Asturias\">Asturias<\/a>\n<\/span><span class=\"aioseo-breadcrumb-separator\">&ndash;<\/span><span class=\"aioseo-breadcrumb\">\n\tQueipo: \u00abTrabajaremos para gobernar en Nore\u00f1a y ganar en Asturias\u00bb\n<\/span><\/div>","aioseo_breadcrumb_json":[{"label":"Home","link":"https:\/\/candas365.es\/noticias"},{"label":"Asturias","link":"https:\/\/candas365.es\/noticias\/category\/asturias\/"},{"label":"Queipo: \u00abTrabajaremos para gobernar en Nore\u00f1a y ganar en Asturias\u00bb","link":"https:\/\/candas365.es\/noticias\/queipo-trabajaremos-para-gobernar-en-norena-y-ganar-en-asturias\/"}],"_links":{"self":[{"href":"https:\/\/candas365.es\/noticias\/wp-json\/wp\/v2\/posts\/178507","targetHints":{"allow":["GET"]}}],"collection":[{"href":"https:\/\/candas365.es\/noticias\/wp-json\/wp\/v2\/posts"}],"about":[{"href":"https:\/\/candas365.es\/noticias\/wp-json\/wp\/v2\/types\/post"}],"author":[{"embeddable":true,"href":"https:\/\/candas365.es\/noticias\/wp-json\/wp\/v2\/users\/1"}],"replies":[{"embeddable":true,"href":"https:\/\/candas365.es\/noticias\/wp-json\/wp\/v2\/comments?post=178507"}],"version-history":[{"count":0,"href":"https:\/\/candas365.es\/noticias\/wp-json\/wp\/v2\/posts\/178507\/revisions"}],"wp:featuredmedia":[{"embeddable":true,"href":"https:\/\/candas365.es\/noticias\/wp-json\/wp\/v2\/media\/178508"}],"wp:attachment":[{"href":"https:\/\/candas365.es\/noticias\/wp-json\/wp\/v2\/media?parent=178507"}],"wp:term":[{"taxonomy":"category","embeddable":true,"href":"https:\/\/candas365.es\/noticias\/wp-json\/wp\/v2\/categories?post=178507"},{"taxonomy":"post_tag","embeddable":true,"href":"https:\/\/candas365.es\/noticias\/wp-json\/wp\/v2\/tags?post=178507"}],"curies":[{"name":"wp","href":"https:\/\/api.w.org\/{rel}","templated":true}]}}