{"id":178473,"date":"2024-02-16T23:51:27","date_gmt":"2024-02-16T22:51:27","guid":{"rendered":"https:\/\/candas365.es\/noticias\/?p=178473"},"modified":"2024-02-16T23:52:01","modified_gmt":"2024-02-16T22:52:01","slug":"los-precios-de-produccion-agricola-se-mantienen-estables-en-alemania","status":"publish","type":"post","link":"https:\/\/candas365.es\/noticias\/los-precios-de-produccion-agricola-se-mantienen-estables-en-alemania\/","title":{"rendered":"Los precios de producci\u00f3n agr\u00edcola se mantienen estables en Alemania"},"content":{"rendered":"<p>Wiesbaden (Alemania), 14 feb (<a title=\"dpa\" href=\"https:\/\/www.dpa-news.de\/\" target=\"_blank\" rel=\"noopener\"><span style=\"color: #ff6600;\"><strong>dpa<\/strong><\/span><\/a>) &#8211; Los precios de producci\u00f3n de los productos agr\u00edcolas en Alemania cayeron en diciembre un 9,9 por ciento interanual, con un aumento general del 0,1 por ciento para el conjunto de 2023, inform\u00f3 hoy la Oficina Federal de Estad\u00edstica.<\/p>\n<p><img fetchpriority=\"high\" decoding=\"async\" class=\"aligncenter size-full wp-image-176718\" src=\"https:\/\/candas365.es\/noticias\/wp-content\/uploads\/2023\/12\/noticias.jpg\" alt=\"noticias\" width=\"640\" height=\"480\" srcset=\"https:\/\/candas365.es\/noticias\/wp-content\/uploads\/2023\/12\/noticias.jpg 640w, https:\/\/candas365.es\/noticias\/wp-content\/uploads\/2023\/12\/noticias-360x270.jpg 360w, https:\/\/candas365.es\/noticias\/wp-content\/uploads\/2023\/12\/noticias-150x113.jpg 150w, https:\/\/candas365.es\/noticias\/wp-content\/uploads\/2023\/12\/noticias-450x338.jpg 450w\" sizes=\"(max-width: 640px) 100vw, 640px\" \/><\/p>\n<p>Los precios de producci\u00f3n de los productos agr\u00edcolas <strong>son los precios de venta de los agricultores e influyen en los precios al consumo.<\/strong><\/p>\n<p>Los <a href=\"https:\/\/candas365.es\/noticias\/category\/economia\/\"><span style=\"color: #ff6600;\"><strong>precios de producci\u00f3n<\/strong><\/span><\/a> se dispararon tras el comienzo de la guerra iniciada por Rusia en Ucrania, especialmente los de los cereales. <strong>La media anual de 2022 se increment\u00f3 un 32 por ciento y tambi\u00e9n hubo subidas de precios a principios de 2023, pero la tendencia se debilit\u00f3 a lo largo del a\u00f1o.<\/strong><\/p>\n<p>Por ejemplo, los productos vegetales se abarataron un 6,6 por ciento en diciembre pasado en comparaci\u00f3n con el mismo mes del a\u00f1o anterior. <strong>A su vez, los cereales bajaron un 31 por ciento y los productos de origen animal se abarataron un 12 por ciento.<\/strong><\/p>\n<blockquote><p>Por el contrario, los precios del porcino de abasto subieron un 6,2 por ciento.<\/p><\/blockquote>\n<p>En comparaci\u00f3n con el mes anterior, los precios de producci\u00f3n de los productos agrarios aumentaron un 1,2 por ciento.<\/p>\n","protected":false},"excerpt":{"rendered":"<p>Wiesbaden (Alemania), 14 feb (dpa) &#8211; Los precios de producci\u00f3n de los productos agr\u00edcolas en Alemania cayeron en diciembre un 9,9 por ciento interanual, con un aumento general del 0,1 por ciento para el conjunto de 2023, inform\u00f3 hoy la Oficina Federal de Estad\u00edstica. Los precios de producci\u00f3n de los productos agr\u00edcolas son los precios<\/p>\n","protected":false},"author":1,"featured_media":176718,"comment_status":"closed","ping_status":"closed","sticky":false,"template":"","format":"standard","meta":{"footnotes":""},"categories":[486],"tags":[417,437],"class_list":{"0":"post-178473","1":"post","2":"type-post","3":"status-publish","4":"format-standard","5":"has-post-thumbnail","7":"category-economia","8":"tag-alemania","9":"tag-economia"},"aioseo_notices":[],"aioseo_head":"\n\t\t<!-- All in One SEO Pro 4.9.6.2 - aioseo.com -->\n\t<meta name=\"description\" content=\"Wiesbaden (Alemania), 14 feb (dpa) - Los precios de producci\u00f3n de los productos agr\u00edcolas en Alemania cayeron en diciembre un 9,9 por ciento interanual\" \/>\n\t<meta name=\"robots\" content=\"max-image-preview:large\" \/>\n\t<meta name=\"author\" content=\"Cand\u00e1s 365\"\/>\n\t<meta name=\"google-site-verification\" content=\"UA-32230408-1\" \/>\n\t<meta name=\"msvalidate.01\" content=\"354F3CDFB2DA171B47FBE9ABF1F88D5\" \/>\n\t<meta name=\"keywords\" content=\"econom\u00eda\" \/>\n\t<link rel=\"canonical\" href=\"https:\/\/candas365.es\/noticias\/los-precios-de-produccion-agricola-se-mantienen-estables-en-alemania\/\" \/>\n\t<meta name=\"generator\" content=\"All in One SEO Pro (AIOSEO) 4.9.6.2\" \/>\n\t\t<meta property=\"og:locale\" content=\"es_ES\" \/>\n\t\t<meta property=\"og:site_name\" content=\"Cand\u00e1s 365\" \/>\n\t\t<meta property=\"og:type\" content=\"article\" \/>\n\t\t<meta property=\"og:title\" content=\"Los precios de producci\u00f3n agr\u00edcola se mantienen estables en Alemania | Cand\u00e1s 365\" \/>\n\t\t<meta property=\"og:description\" content=\"Wiesbaden (Alemania), 14 feb (dpa) - Los precios de producci\u00f3n de los productos agr\u00edcolas en Alemania cayeron en diciembre un 9,9 por ciento interanual\" \/>\n\t\t<meta property=\"og:url\" content=\"https:\/\/candas365.es\/noticias\/los-precios-de-produccion-agricola-se-mantienen-estables-en-alemania\/\" \/>\n\t\t<meta property=\"og:image\" content=\"https:\/\/candas365.es\/noticias\/wp-content\/uploads\/2023\/12\/noticias.jpg\" \/>\n\t\t<meta property=\"og:image:secure_url\" content=\"https:\/\/candas365.es\/noticias\/wp-content\/uploads\/2023\/12\/noticias.jpg\" \/>\n\t\t<meta property=\"og:image:width\" content=\"640\" \/>\n\t\t<meta property=\"og:image:height\" content=\"480\" \/>\n\t\t<meta property=\"article:published_time\" content=\"2024-02-16T22:51:27+00:00\" \/>\n\t\t<meta property=\"article:modified_time\" content=\"2024-02-16T22:52:01+00:00\" \/>\n\t\t<meta property=\"article:publisher\" content=\"https:\/\/www.facebook.com\/Nachofdezber\" \/>\n\t\t<meta property=\"article:author\" content=\"https:\/\/www.facebook.com\/carrenoactualidad\" \/>\n\t\t<meta name=\"twitter:card\" content=\"summary_large_image\" \/>\n\t\t<meta name=\"twitter:site\" content=\"@NabercoDigital\" \/>\n\t\t<meta name=\"twitter:title\" content=\"Los precios de producci\u00f3n agr\u00edcola se mantienen estables en Alemania | Cand\u00e1s 365\" \/>\n\t\t<meta name=\"twitter:description\" content=\"Wiesbaden (Alemania), 14 feb (dpa) - Los precios de producci\u00f3n de los productos agr\u00edcolas en Alemania cayeron en diciembre un 9,9 por ciento interanual\" \/>\n\t\t<meta name=\"twitter:creator\" content=\"@nbasturias\" \/>\n\t\t<meta name=\"twitter:image\" content=\"https:\/\/candas365.es\/noticias\/wp-content\/uploads\/2023\/12\/noticias.jpg\" \/>\n\t\t<meta name=\"twitter:label1\" content=\"Escrito por\" \/>\n\t\t<meta name=\"twitter:data1\" content=\"Cand\u00e1s 365\" \/>\n\t\t<meta name=\"twitter:label2\" content=\"Tiempo de lectura estimado\" \/>\n\t\t<meta name=\"twitter:data2\" content=\"1 minuto\" \/>\n\t\t<script type=\"application\/ld+json\" class=\"aioseo-schema\">\n\t\t\t{\"@context\":\"https:\\\/\\\/schema.org\",\"@graph\":[{\"@type\":\"BreadcrumbList\",\"@id\":\"https:\\\/\\\/candas365.es\\\/noticias\\\/los-precios-de-produccion-agricola-se-mantienen-estables-en-alemania\\\/#breadcrumblist\",\"itemListElement\":[{\"@type\":\"ListItem\",\"@id\":\"https:\\\/\\\/candas365.es\\\/noticias#listItem\",\"position\":1,\"name\":\"Home\",\"item\":\"https:\\\/\\\/candas365.es\\\/noticias\",\"nextItem\":{\"@type\":\"ListItem\",\"@id\":\"https:\\\/\\\/candas365.es\\\/noticias\\\/category\\\/economia\\\/#listItem\",\"name\":\"Econom\\u00eda\"}},{\"@type\":\"ListItem\",\"@id\":\"https:\\\/\\\/candas365.es\\\/noticias\\\/category\\\/economia\\\/#listItem\",\"position\":2,\"name\":\"Econom\\u00eda\",\"item\":\"https:\\\/\\\/candas365.es\\\/noticias\\\/category\\\/economia\\\/\",\"nextItem\":{\"@type\":\"ListItem\",\"@id\":\"https:\\\/\\\/candas365.es\\\/noticias\\\/los-precios-de-produccion-agricola-se-mantienen-estables-en-alemania\\\/#listItem\",\"name\":\"Los precios de producci\\u00f3n agr\\u00edcola se mantienen estables en Alemania\"},\"previousItem\":{\"@type\":\"ListItem\",\"@id\":\"https:\\\/\\\/candas365.es\\\/noticias#listItem\",\"name\":\"Home\"}},{\"@type\":\"ListItem\",\"@id\":\"https:\\\/\\\/candas365.es\\\/noticias\\\/los-precios-de-produccion-agricola-se-mantienen-estables-en-alemania\\\/#listItem\",\"position\":3,\"name\":\"Los precios de producci\\u00f3n agr\\u00edcola se mantienen estables en Alemania\",\"previousItem\":{\"@type\":\"ListItem\",\"@id\":\"https:\\\/\\\/candas365.es\\\/noticias\\\/category\\\/economia\\\/#listItem\",\"name\":\"Econom\\u00eda\"}}]},{\"@type\":\"NewsArticle\",\"@id\":\"https:\\\/\\\/candas365.es\\\/noticias\\\/los-precios-de-produccion-agricola-se-mantienen-estables-en-alemania\\\/#newsarticle\",\"name\":\"Los precios de producci\\u00f3n agr\\u00edcola se mantienen estables en Alemania | Cand\\u00e1s 365\",\"headline\":\"Los precios de producci\\u00f3n agr\\u00edcola se mantienen estables en Alemania\",\"author\":{\"@id\":\"https:\\\/\\\/candas365.es\\\/noticias\\\/author\\\/admin\\\/#author\"},\"publisher\":{\"@id\":\"https:\\\/\\\/candas365.es\\\/noticias\\\/#organization\"},\"image\":{\"@type\":\"ImageObject\",\"url\":\"https:\\\/\\\/candas365.es\\\/noticias\\\/wp-content\\\/uploads\\\/2023\\\/12\\\/noticias.jpg\",\"width\":640,\"height\":480,\"caption\":\"noticias\"},\"datePublished\":\"2024-02-16T23:51:27+01:00\",\"dateModified\":\"2024-02-16T23:52:01+01:00\",\"inLanguage\":\"es-ES\",\"mainEntityOfPage\":{\"@id\":\"https:\\\/\\\/candas365.es\\\/noticias\\\/los-precios-de-produccion-agricola-se-mantienen-estables-en-alemania\\\/#webpage\"},\"isPartOf\":{\"@id\":\"https:\\\/\\\/candas365.es\\\/noticias\\\/los-precios-de-produccion-agricola-se-mantienen-estables-en-alemania\\\/#webpage\"},\"articleSection\":\"Econom\\u00eda, Alemania, Econom\\u00eda\",\"dateline\":\"Publicado el febrero 16, 2024.\"},{\"@type\":\"Organization\",\"@id\":\"https:\\\/\\\/candas365.es\\\/noticias\\\/#organization\",\"name\":\"Cand\\u00e1s 365\",\"description\":\"Cand\\u00e1s 365 es un diario digital independiente, fundado en 2012, con base en Asturias. Informamos con rigor sobre actualidad, sociedad, cultura y ocio, con una mirada local y global.\",\"url\":\"https:\\\/\\\/candas365.es\\\/noticias\\\/\",\"email\":\"info@candas365.es\",\"telephone\":\"+34652131393\",\"foundingDate\":\"2012-06-10\",\"logo\":{\"@type\":\"ImageObject\",\"url\":\"https:\\\/\\\/candas365.es\\\/noticias\\\/wp-content\\\/uploads\\\/2024\\\/09\\\/Candas-365-Redes.jpg\",\"@id\":\"https:\\\/\\\/candas365.es\\\/noticias\\\/los-precios-de-produccion-agricola-se-mantienen-estables-en-alemania\\\/#organizationLogo\",\"width\":1152,\"height\":864,\"caption\":\"Cand\\u00e1s 365 Redes\"},\"image\":{\"@id\":\"https:\\\/\\\/candas365.es\\\/noticias\\\/los-precios-de-produccion-agricola-se-mantienen-estables-en-alemania\\\/#organizationLogo\"},\"sameAs\":[\"https:\\\/\\\/www.facebook.com\\\/Nachofdezber\",\"https:\\\/\\\/x.com\\\/NabercoDigital\",\"https:\\\/\\\/www.instagram.com\\\/nachofdezber\\\/\",\"https:\\\/\\\/www.youtube.com\\\/channel\\\/UCZP-2wLEB9Rv6erhFmqVnvg\"],\"address\":{\"@id\":\"https:\\\/\\\/candas365.es\\\/noticias\\\/#postaladdress\",\"@type\":\"PostalAddress\",\"streetAddress\":\"san antonio 4, san antonio 4\",\"postalCode\":\"33430\",\"addressLocality\":\"Cand\\u00e1s\",\"addressRegion\":\"Asturias\",\"addressCountry\":\"ES\"}},{\"@type\":\"Person\",\"@id\":\"https:\\\/\\\/candas365.es\\\/noticias\\\/author\\\/admin\\\/#author\",\"url\":\"https:\\\/\\\/candas365.es\\\/noticias\\\/author\\\/admin\\\/\",\"name\":\"Cand\\u00e1s 365\",\"image\":{\"@type\":\"ImageObject\",\"@id\":\"https:\\\/\\\/candas365.es\\\/noticias\\\/los-precios-de-produccion-agricola-se-mantienen-estables-en-alemania\\\/#authorImage\",\"url\":\"https:\\\/\\\/secure.gravatar.com\\\/avatar\\\/496a8e03d0c493ede1718b7934145dbdf8d89be1036b0eec9544e1094c9de390?s=96&d=mm&r=g\",\"width\":96,\"height\":96,\"caption\":\"Cand\\u00e1s 365\"},\"sameAs\":[\"https:\\\/\\\/www.facebook.com\\\/carrenoactualidad\",\"https:\\\/\\\/twitter.com\\\/nbasturias\",\"https:\\\/\\\/www.instagram.com\\\/nachofdezber\\\/\",\"https:\\\/\\\/www.youtube.com\\\/channel\\\/UCZP-2wLEB9Rv6erhFmqVnvg\"]},{\"@type\":\"WebPage\",\"@id\":\"https:\\\/\\\/candas365.es\\\/noticias\\\/los-precios-de-produccion-agricola-se-mantienen-estables-en-alemania\\\/#webpage\",\"url\":\"https:\\\/\\\/candas365.es\\\/noticias\\\/los-precios-de-produccion-agricola-se-mantienen-estables-en-alemania\\\/\",\"name\":\"Los precios de producci\\u00f3n agr\\u00edcola se mantienen estables en Alemania | Cand\\u00e1s 365\",\"description\":\"Wiesbaden (Alemania), 14 feb (dpa) - Los precios de producci\\u00f3n de los productos agr\\u00edcolas en Alemania cayeron en diciembre un 9,9 por ciento interanual\",\"inLanguage\":\"es-ES\",\"isPartOf\":{\"@id\":\"https:\\\/\\\/candas365.es\\\/noticias\\\/#website\"},\"breadcrumb\":{\"@id\":\"https:\\\/\\\/candas365.es\\\/noticias\\\/los-precios-de-produccion-agricola-se-mantienen-estables-en-alemania\\\/#breadcrumblist\"},\"author\":{\"@id\":\"https:\\\/\\\/candas365.es\\\/noticias\\\/author\\\/admin\\\/#author\"},\"creator\":{\"@id\":\"https:\\\/\\\/candas365.es\\\/noticias\\\/author\\\/admin\\\/#author\"},\"image\":{\"@type\":\"ImageObject\",\"url\":\"https:\\\/\\\/candas365.es\\\/noticias\\\/wp-content\\\/uploads\\\/2023\\\/12\\\/noticias.jpg\",\"@id\":\"https:\\\/\\\/candas365.es\\\/noticias\\\/los-precios-de-produccion-agricola-se-mantienen-estables-en-alemania\\\/#mainImage\",\"width\":640,\"height\":480,\"caption\":\"noticias\"},\"primaryImageOfPage\":{\"@id\":\"https:\\\/\\\/candas365.es\\\/noticias\\\/los-precios-de-produccion-agricola-se-mantienen-estables-en-alemania\\\/#mainImage\"},\"datePublished\":\"2024-02-16T23:51:27+01:00\",\"dateModified\":\"2024-02-16T23:52:01+01:00\"},{\"@type\":\"WebSite\",\"@id\":\"https:\\\/\\\/candas365.es\\\/noticias\\\/#website\",\"url\":\"https:\\\/\\\/candas365.es\\\/noticias\\\/\",\"name\":\"Cand\\u00e1s 365\",\"alternateName\":\"Cand\\u00e1s 365 Noticias\",\"description\":\"Actualidad desde Carre\\u00f1o para el mundo\",\"inLanguage\":\"es-ES\",\"publisher\":{\"@id\":\"https:\\\/\\\/candas365.es\\\/noticias\\\/#organization\"}}]}\n\t\t<\/script>\n\t\t<!-- All in One SEO Pro -->\r\n\t\t<title>Los precios de producci\u00f3n agr\u00edcola se mantienen estables en Alemania | Cand\u00e1s 365<\/title>\n\n","aioseo_head_json":{"title":"Los precios de producci\u00f3n agr\u00edcola se mantienen estables en Alemania | Cand\u00e1s 365","description":"Wiesbaden (Alemania), 14 feb (dpa) - Los precios de producci\u00f3n de los productos agr\u00edcolas en Alemania cayeron en diciembre un 9,9 por ciento interanual","canonical_url":"https:\/\/candas365.es\/noticias\/los-precios-de-produccion-agricola-se-mantienen-estables-en-alemania\/","robots":"max-image-preview:large","keywords":"econom\u00eda","webmasterTools":{"google-site-verification":"UA-32230408-1","msvalidate.01":"354F3CDFB2DA171B47FBE9ABF1F88D5","miscellaneous":""},"schema":{"@context":"https:\/\/schema.org","@graph":[{"@type":"BreadcrumbList","@id":"https:\/\/candas365.es\/noticias\/los-precios-de-produccion-agricola-se-mantienen-estables-en-alemania\/#breadcrumblist","itemListElement":[{"@type":"ListItem","@id":"https:\/\/candas365.es\/noticias#listItem","position":1,"name":"Home","item":"https:\/\/candas365.es\/noticias","nextItem":{"@type":"ListItem","@id":"https:\/\/candas365.es\/noticias\/category\/economia\/#listItem","name":"Econom\u00eda"}},{"@type":"ListItem","@id":"https:\/\/candas365.es\/noticias\/category\/economia\/#listItem","position":2,"name":"Econom\u00eda","item":"https:\/\/candas365.es\/noticias\/category\/economia\/","nextItem":{"@type":"ListItem","@id":"https:\/\/candas365.es\/noticias\/los-precios-de-produccion-agricola-se-mantienen-estables-en-alemania\/#listItem","name":"Los precios de producci\u00f3n agr\u00edcola se mantienen estables en Alemania"},"previousItem":{"@type":"ListItem","@id":"https:\/\/candas365.es\/noticias#listItem","name":"Home"}},{"@type":"ListItem","@id":"https:\/\/candas365.es\/noticias\/los-precios-de-produccion-agricola-se-mantienen-estables-en-alemania\/#listItem","position":3,"name":"Los precios de producci\u00f3n agr\u00edcola se mantienen estables en Alemania","previousItem":{"@type":"ListItem","@id":"https:\/\/candas365.es\/noticias\/category\/economia\/#listItem","name":"Econom\u00eda"}}]},{"@type":"NewsArticle","@id":"https:\/\/candas365.es\/noticias\/los-precios-de-produccion-agricola-se-mantienen-estables-en-alemania\/#newsarticle","name":"Los precios de producci\u00f3n agr\u00edcola se mantienen estables en Alemania | Cand\u00e1s 365","headline":"Los precios de producci\u00f3n agr\u00edcola se mantienen estables en Alemania","author":{"@id":"https:\/\/candas365.es\/noticias\/author\/admin\/#author"},"publisher":{"@id":"https:\/\/candas365.es\/noticias\/#organization"},"image":{"@type":"ImageObject","url":"https:\/\/candas365.es\/noticias\/wp-content\/uploads\/2023\/12\/noticias.jpg","width":640,"height":480,"caption":"noticias"},"datePublished":"2024-02-16T23:51:27+01:00","dateModified":"2024-02-16T23:52:01+01:00","inLanguage":"es-ES","mainEntityOfPage":{"@id":"https:\/\/candas365.es\/noticias\/los-precios-de-produccion-agricola-se-mantienen-estables-en-alemania\/#webpage"},"isPartOf":{"@id":"https:\/\/candas365.es\/noticias\/los-precios-de-produccion-agricola-se-mantienen-estables-en-alemania\/#webpage"},"articleSection":"Econom\u00eda, Alemania, Econom\u00eda","dateline":"Publicado el febrero 16, 2024."},{"@type":"Organization","@id":"https:\/\/candas365.es\/noticias\/#organization","name":"Cand\u00e1s 365","description":"Cand\u00e1s 365 es un diario digital independiente, fundado en 2012, con base en Asturias. Informamos con rigor sobre actualidad, sociedad, cultura y ocio, con una mirada local y global.","url":"https:\/\/candas365.es\/noticias\/","email":"info@candas365.es","telephone":"+34652131393","foundingDate":"2012-06-10","logo":{"@type":"ImageObject","url":"https:\/\/candas365.es\/noticias\/wp-content\/uploads\/2024\/09\/Candas-365-Redes.jpg","@id":"https:\/\/candas365.es\/noticias\/los-precios-de-produccion-agricola-se-mantienen-estables-en-alemania\/#organizationLogo","width":1152,"height":864,"caption":"Cand\u00e1s 365 Redes"},"image":{"@id":"https:\/\/candas365.es\/noticias\/los-precios-de-produccion-agricola-se-mantienen-estables-en-alemania\/#organizationLogo"},"sameAs":["https:\/\/www.facebook.com\/Nachofdezber","https:\/\/x.com\/NabercoDigital","https:\/\/www.instagram.com\/nachofdezber\/","https:\/\/www.youtube.com\/channel\/UCZP-2wLEB9Rv6erhFmqVnvg"],"address":{"@id":"https:\/\/candas365.es\/noticias\/#postaladdress","@type":"PostalAddress","streetAddress":"san antonio 4, san antonio 4","postalCode":"33430","addressLocality":"Cand\u00e1s","addressRegion":"Asturias","addressCountry":"ES"}},{"@type":"Person","@id":"https:\/\/candas365.es\/noticias\/author\/admin\/#author","url":"https:\/\/candas365.es\/noticias\/author\/admin\/","name":"Cand\u00e1s 365","image":{"@type":"ImageObject","@id":"https:\/\/candas365.es\/noticias\/los-precios-de-produccion-agricola-se-mantienen-estables-en-alemania\/#authorImage","url":"https:\/\/secure.gravatar.com\/avatar\/496a8e03d0c493ede1718b7934145dbdf8d89be1036b0eec9544e1094c9de390?s=96&d=mm&r=g","width":96,"height":96,"caption":"Cand\u00e1s 365"},"sameAs":["https:\/\/www.facebook.com\/carrenoactualidad","https:\/\/twitter.com\/nbasturias","https:\/\/www.instagram.com\/nachofdezber\/","https:\/\/www.youtube.com\/channel\/UCZP-2wLEB9Rv6erhFmqVnvg"]},{"@type":"WebPage","@id":"https:\/\/candas365.es\/noticias\/los-precios-de-produccion-agricola-se-mantienen-estables-en-alemania\/#webpage","url":"https:\/\/candas365.es\/noticias\/los-precios-de-produccion-agricola-se-mantienen-estables-en-alemania\/","name":"Los precios de producci\u00f3n agr\u00edcola se mantienen estables en Alemania | Cand\u00e1s 365","description":"Wiesbaden (Alemania), 14 feb (dpa) - Los precios de producci\u00f3n de los productos agr\u00edcolas en Alemania cayeron en diciembre un 9,9 por ciento interanual","inLanguage":"es-ES","isPartOf":{"@id":"https:\/\/candas365.es\/noticias\/#website"},"breadcrumb":{"@id":"https:\/\/candas365.es\/noticias\/los-precios-de-produccion-agricola-se-mantienen-estables-en-alemania\/#breadcrumblist"},"author":{"@id":"https:\/\/candas365.es\/noticias\/author\/admin\/#author"},"creator":{"@id":"https:\/\/candas365.es\/noticias\/author\/admin\/#author"},"image":{"@type":"ImageObject","url":"https:\/\/candas365.es\/noticias\/wp-content\/uploads\/2023\/12\/noticias.jpg","@id":"https:\/\/candas365.es\/noticias\/los-precios-de-produccion-agricola-se-mantienen-estables-en-alemania\/#mainImage","width":640,"height":480,"caption":"noticias"},"primaryImageOfPage":{"@id":"https:\/\/candas365.es\/noticias\/los-precios-de-produccion-agricola-se-mantienen-estables-en-alemania\/#mainImage"},"datePublished":"2024-02-16T23:51:27+01:00","dateModified":"2024-02-16T23:52:01+01:00"},{"@type":"WebSite","@id":"https:\/\/candas365.es\/noticias\/#website","url":"https:\/\/candas365.es\/noticias\/","name":"Cand\u00e1s 365","alternateName":"Cand\u00e1s 365 Noticias","description":"Actualidad desde Carre\u00f1o para el mundo","inLanguage":"es-ES","publisher":{"@id":"https:\/\/candas365.es\/noticias\/#organization"}}]},"og:locale":"es_ES","og:site_name":"Cand\u00e1s 365","og:type":"article","og:title":"Los precios de producci\u00f3n agr\u00edcola se mantienen estables en Alemania | Cand\u00e1s 365","og:description":"Wiesbaden (Alemania), 14 feb (dpa) - Los precios de producci\u00f3n de los productos agr\u00edcolas en Alemania cayeron en diciembre un 9,9 por ciento interanual","og:url":"https:\/\/candas365.es\/noticias\/los-precios-de-produccion-agricola-se-mantienen-estables-en-alemania\/","og:image":"https:\/\/candas365.es\/noticias\/wp-content\/uploads\/2023\/12\/noticias.jpg","og:image:secure_url":"https:\/\/candas365.es\/noticias\/wp-content\/uploads\/2023\/12\/noticias.jpg","og:image:width":640,"og:image:height":480,"article:published_time":"2024-02-16T22:51:27+00:00","article:modified_time":"2024-02-16T22:52:01+00:00","article:publisher":"https:\/\/www.facebook.com\/Nachofdezber","article:author":"https:\/\/www.facebook.com\/carrenoactualidad","twitter:card":"summary_large_image","twitter:site":"@NabercoDigital","twitter:title":"Los precios de producci\u00f3n agr\u00edcola se mantienen estables en Alemania | Cand\u00e1s 365","twitter:description":"Wiesbaden (Alemania), 14 feb (dpa) - Los precios de producci\u00f3n de los productos agr\u00edcolas en Alemania cayeron en diciembre un 9,9 por ciento interanual","twitter:creator":"@nbasturias","twitter:image":"https:\/\/candas365.es\/noticias\/wp-content\/uploads\/2023\/12\/noticias.jpg","twitter:label1":"Escrito por","twitter:data1":"Cand\u00e1s 365","twitter:label2":"Tiempo de lectura estimado","twitter:data2":"1 minuto"},"aioseo_meta_data":{"post_id":"178473","title":null,"description":"Wiesbaden (Alemania), 14 feb (dpa) - Los precios de producci\u00f3n de los productos agr\u00edcolas en Alemania cayeron en diciembre un 9,9 por ciento interanual","keywords":[],"keyphrases":{"focus":{"keyphrase":"Alemania","score":90,"analysis":{"keyphraseInTitle":{"score":9,"maxScore":9,"error":0},"keyphraseInDescription":{"score":9,"maxScore":9,"error":0},"keyphraseLength":{"score":9,"maxScore":9,"error":0,"length":1},"keyphraseInURL":{"score":5,"maxScore":5,"error":0},"keyphraseInIntroduction":{"score":9,"maxScore":9,"error":0},"keyphraseInSubHeadings":[],"keyphraseInImageAlt":{"score":3,"maxScore":9,"error":1},"keywordDensity":{"type":"best","score":9,"maxScore":9,"error":0}}},"additional":[{"keyphrase":"Alemania","score":87,"analysis":{"keyphraseInDescription":{"score":9,"maxScore":9,"error":0},"keyphraseLength":{"score":9,"maxScore":9,"error":0,"length":1},"keyphraseInIntroduction":{"score":9,"maxScore":9,"error":0},"keyphraseInImageAlt":{"score":3,"maxScore":9,"error":1},"keywordDensity":{"type":"best","score":9,"maxScore":9,"error":0}}}]},"primary_term":null,"canonical_url":null,"og_title":null,"og_description":null,"og_object_type":"default","og_image_type":"default","og_image_url":null,"og_image_width":null,"og_image_height":null,"og_image_custom_url":null,"og_image_custom_fields":null,"og_video":"","og_custom_url":null,"og_article_section":null,"og_article_tags":[],"twitter_use_og":false,"twitter_card":"default","twitter_image_type":"default","twitter_image_url":null,"twitter_image_custom_url":null,"twitter_image_custom_fields":null,"twitter_title":null,"twitter_description":null,"schema":{"blockGraphs":[],"customGraphs":[],"default":{"data":{"Article":[],"Course":[],"Dataset":[],"FAQPage":[],"Movie":[],"Person":[],"Product":[],"ProductReview":[],"Car":[],"Recipe":[],"Service":[],"SoftwareApplication":[],"WebPage":[]},"graphName":"Article","isEnabled":true},"graphs":[]},"schema_type":"default","schema_type_options":null,"pillar_content":false,"robots_default":true,"robots_noindex":false,"robots_noarchive":false,"robots_nosnippet":false,"robots_nofollow":false,"robots_noimageindex":false,"robots_noodp":false,"robots_notranslate":false,"robots_max_snippet":"-1","robots_max_videopreview":"-1","robots_max_imagepreview":"large","priority":null,"frequency":"default","location":null,"local_seo":null,"seo_analyzer_scan_date":"2025-09-02 04:30:14","breadcrumb_settings":null,"limit_modified_date":false,"reviewed_by":null,"open_ai":"{\"title\":{\"suggestions\":[],\"usage\":0},\"description\":{\"suggestions\":[],\"usage\":0}}","ai":null,"created":"2024-02-16 22:48:22","updated":"2025-09-02 04:30:14"},"aioseo_breadcrumb":"<div class=\"aioseo-breadcrumbs\"><span class=\"aioseo-breadcrumb\">\n\t<a href=\"https:\/\/candas365.es\/noticias\" title=\"Home\">Home<\/a>\n<\/span><span class=\"aioseo-breadcrumb-separator\">&ndash;<\/span><span class=\"aioseo-breadcrumb\">\n\t<a href=\"https:\/\/candas365.es\/noticias\/category\/economia\/\" title=\"Econom\u00eda\">Econom\u00eda<\/a>\n<\/span><span class=\"aioseo-breadcrumb-separator\">&ndash;<\/span><span class=\"aioseo-breadcrumb\">\n\tLos precios de producci\u00f3n agr\u00edcola se mantienen estables en Alemania\n<\/span><\/div>","aioseo_breadcrumb_json":[{"label":"Home","link":"https:\/\/candas365.es\/noticias"},{"label":"Econom\u00eda","link":"https:\/\/candas365.es\/noticias\/category\/economia\/"},{"label":"Los precios de producci\u00f3n agr\u00edcola se mantienen estables en Alemania","link":"https:\/\/candas365.es\/noticias\/los-precios-de-produccion-agricola-se-mantienen-estables-en-alemania\/"}],"_links":{"self":[{"href":"https:\/\/candas365.es\/noticias\/wp-json\/wp\/v2\/posts\/178473","targetHints":{"allow":["GET"]}}],"collection":[{"href":"https:\/\/candas365.es\/noticias\/wp-json\/wp\/v2\/posts"}],"about":[{"href":"https:\/\/candas365.es\/noticias\/wp-json\/wp\/v2\/types\/post"}],"author":[{"embeddable":true,"href":"https:\/\/candas365.es\/noticias\/wp-json\/wp\/v2\/users\/1"}],"replies":[{"embeddable":true,"href":"https:\/\/candas365.es\/noticias\/wp-json\/wp\/v2\/comments?post=178473"}],"version-history":[{"count":0,"href":"https:\/\/candas365.es\/noticias\/wp-json\/wp\/v2\/posts\/178473\/revisions"}],"wp:featuredmedia":[{"embeddable":true,"href":"https:\/\/candas365.es\/noticias\/wp-json\/wp\/v2\/media\/176718"}],"wp:attachment":[{"href":"https:\/\/candas365.es\/noticias\/wp-json\/wp\/v2\/media?parent=178473"}],"wp:term":[{"taxonomy":"category","embeddable":true,"href":"https:\/\/candas365.es\/noticias\/wp-json\/wp\/v2\/categories?post=178473"},{"taxonomy":"post_tag","embeddable":true,"href":"https:\/\/candas365.es\/noticias\/wp-json\/wp\/v2\/tags?post=178473"}],"curies":[{"name":"wp","href":"https:\/\/api.w.org\/{rel}","templated":true}]}}