{"id":178468,"date":"2024-02-16T23:30:24","date_gmt":"2024-02-16T22:30:24","guid":{"rendered":"https:\/\/candas365.es\/noticias\/?p=178468"},"modified":"2024-02-16T23:30:24","modified_gmt":"2024-02-16T22:30:24","slug":"alemania-deberia-seguir-respetando-el-llamado-freno-de-la-deuda","status":"publish","type":"post","link":"https:\/\/candas365.es\/noticias\/alemania-deberia-seguir-respetando-el-llamado-freno-de-la-deuda\/","title":{"rendered":"Alemania deber\u00eda seguir respetando el llamado freno de la deuda"},"content":{"rendered":"<p>M\u00fanich, 14 feb (<a title=\"dpa\" href=\"https:\/\/www.dpa-news.de\/\" target=\"_blank\" rel=\"noopener\"><span style=\"color: #ff6600;\"><strong>dpa<\/strong><\/span><\/a>) &#8211; <a href=\"https:\/\/candas365.es\/noticias\/el-mayor-socio-comercial-de-alemania\/\"><span style=\"color: #ff6600;\"><strong>Alemania<\/strong><\/span><\/a> deber\u00eda seguir respetando el llamado freno de la deuda, que limita la capacidad de endeudamiento del Estado, <strong>seg\u00fan opin\u00f3 el presidente del instituto de investigaci\u00f3n econ\u00f3mica Ifo, Clemens Fuest.<\/strong><\/p>\n<p><img fetchpriority=\"high\" decoding=\"async\" class=\"aligncenter size-full wp-image-176718\" src=\"https:\/\/candas365.es\/noticias\/wp-content\/uploads\/2023\/12\/noticias.jpg\" alt=\"noticias\" width=\"640\" height=\"480\" srcset=\"https:\/\/candas365.es\/noticias\/wp-content\/uploads\/2023\/12\/noticias.jpg 640w, https:\/\/candas365.es\/noticias\/wp-content\/uploads\/2023\/12\/noticias-360x270.jpg 360w, https:\/\/candas365.es\/noticias\/wp-content\/uploads\/2023\/12\/noticias-150x113.jpg 150w, https:\/\/candas365.es\/noticias\/wp-content\/uploads\/2023\/12\/noticias-450x338.jpg 450w\" sizes=\"(max-width: 640px) 100vw, 640px\" \/><\/p>\n<p>El conocido como freno de la deuda est\u00e1 anclado en la Ley Fundamental (Constituci\u00f3n) y limita la capacidad estatal de endeudamiento al 0,35 por ciento del producto interno bruto (PIB), salvo situaciones de emergencia.<\/p>\n<p>En un informe difundido hoy por el Ifo, Fuest escribi\u00f3 que la norma deja suficiente margen para permitir endeudarse de manera sensata. <strong>El experto explic\u00f3 que los pa\u00edses con reglas similares crecen en promedio un 0,5 por ciento m\u00e1s que aquellos que no cuentan con ellas.<\/strong><\/p>\n<blockquote><p>El presidente del Ifo, que firma el estudio con Niklas Potrafke, director del Centro de Finanzas P\u00fablicas de la entidad, agreg\u00f3 que los pa\u00edses con reglas de endeudamiento cuentan con la posibilidad de ahorrar hasta 1,5 por ciento en intereses.<\/p><\/blockquote>\n<p>\u00abSi los pol\u00edticos quieren limitar los d\u00e9ficits presupuestarios, los ratios de deuda y las primas de riesgo de los bonos del Estado y fortalecer el crecimiento econ\u00f3mico, entonces deber\u00edan atenerse a una regla de deuda efectiva\u00bb, escribieron los investigadores.<\/p>\n","protected":false},"excerpt":{"rendered":"<p>M\u00fanich, 14 feb (dpa) &#8211; Alemania deber\u00eda seguir respetando el llamado freno de la deuda, que limita la capacidad de endeudamiento del Estado, seg\u00fan opin\u00f3 el presidente del instituto de investigaci\u00f3n econ\u00f3mica Ifo, Clemens Fuest. El conocido como freno de la deuda est\u00e1 anclado en la Ley Fundamental (Constituci\u00f3n) y limita la capacidad estatal de<\/p>\n","protected":false},"author":1,"featured_media":176718,"comment_status":"closed","ping_status":"closed","sticky":false,"template":"","format":"standard","meta":{"footnotes":""},"categories":[486],"tags":[417,437],"class_list":{"0":"post-178468","1":"post","2":"type-post","3":"status-publish","4":"format-standard","5":"has-post-thumbnail","7":"category-economia","8":"tag-alemania","9":"tag-economia"},"aioseo_notices":[],"aioseo_head":"\n\t\t<!-- All in One SEO Pro 4.9.6.2 - aioseo.com -->\n\t<meta name=\"description\" content=\"M\u00fanich, 14 feb (dpa) - Alemania deber\u00eda seguir respetando el llamado freno de la deuda, que limita la capacidad de endeudamiento del Estado, seg\u00fan opin\u00f3\" \/>\n\t<meta name=\"robots\" content=\"max-image-preview:large\" \/>\n\t<meta name=\"author\" content=\"Cand\u00e1s 365\"\/>\n\t<meta name=\"google-site-verification\" content=\"UA-32230408-1\" \/>\n\t<meta name=\"msvalidate.01\" content=\"354F3CDFB2DA171B47FBE9ABF1F88D5\" \/>\n\t<meta name=\"keywords\" content=\"econom\u00eda\" \/>\n\t<link rel=\"canonical\" href=\"https:\/\/candas365.es\/noticias\/alemania-deberia-seguir-respetando-el-llamado-freno-de-la-deuda\/\" \/>\n\t<meta name=\"generator\" content=\"All in One SEO Pro (AIOSEO) 4.9.6.2\" \/>\n\t\t<meta property=\"og:locale\" content=\"es_ES\" \/>\n\t\t<meta property=\"og:site_name\" content=\"Cand\u00e1s 365\" \/>\n\t\t<meta property=\"og:type\" content=\"article\" \/>\n\t\t<meta property=\"og:title\" content=\"Alemania deber\u00eda seguir respetando el llamado freno de la deuda | Cand\u00e1s 365\" \/>\n\t\t<meta property=\"og:description\" content=\"M\u00fanich, 14 feb (dpa) - Alemania deber\u00eda seguir respetando el llamado freno de la deuda, que limita la capacidad de endeudamiento del Estado, seg\u00fan opin\u00f3\" \/>\n\t\t<meta property=\"og:url\" content=\"https:\/\/candas365.es\/noticias\/alemania-deberia-seguir-respetando-el-llamado-freno-de-la-deuda\/\" \/>\n\t\t<meta property=\"og:image\" content=\"https:\/\/candas365.es\/noticias\/wp-content\/uploads\/2023\/12\/noticias.jpg\" \/>\n\t\t<meta property=\"og:image:secure_url\" content=\"https:\/\/candas365.es\/noticias\/wp-content\/uploads\/2023\/12\/noticias.jpg\" \/>\n\t\t<meta property=\"og:image:width\" content=\"640\" \/>\n\t\t<meta property=\"og:image:height\" content=\"480\" \/>\n\t\t<meta property=\"article:published_time\" content=\"2024-02-16T22:30:24+00:00\" \/>\n\t\t<meta property=\"article:modified_time\" content=\"2024-02-16T22:30:24+00:00\" \/>\n\t\t<meta property=\"article:publisher\" content=\"https:\/\/www.facebook.com\/Nachofdezber\" \/>\n\t\t<meta property=\"article:author\" content=\"https:\/\/www.facebook.com\/carrenoactualidad\" \/>\n\t\t<meta name=\"twitter:card\" content=\"summary_large_image\" \/>\n\t\t<meta name=\"twitter:site\" content=\"@NabercoDigital\" \/>\n\t\t<meta name=\"twitter:title\" content=\"Alemania deber\u00eda seguir respetando el llamado freno de la deuda | Cand\u00e1s 365\" \/>\n\t\t<meta name=\"twitter:description\" content=\"M\u00fanich, 14 feb (dpa) - Alemania deber\u00eda seguir respetando el llamado freno de la deuda, que limita la capacidad de endeudamiento del Estado, seg\u00fan opin\u00f3\" \/>\n\t\t<meta name=\"twitter:creator\" content=\"@nbasturias\" \/>\n\t\t<meta name=\"twitter:image\" content=\"https:\/\/candas365.es\/noticias\/wp-content\/uploads\/2023\/12\/noticias.jpg\" \/>\n\t\t<meta name=\"twitter:label1\" content=\"Escrito por\" \/>\n\t\t<meta name=\"twitter:data1\" content=\"Cand\u00e1s 365\" \/>\n\t\t<meta name=\"twitter:label2\" content=\"Tiempo de lectura estimado\" \/>\n\t\t<meta name=\"twitter:data2\" content=\"1 minuto\" \/>\n\t\t<script type=\"application\/ld+json\" class=\"aioseo-schema\">\n\t\t\t{\"@context\":\"https:\\\/\\\/schema.org\",\"@graph\":[{\"@type\":\"BreadcrumbList\",\"@id\":\"https:\\\/\\\/candas365.es\\\/noticias\\\/alemania-deberia-seguir-respetando-el-llamado-freno-de-la-deuda\\\/#breadcrumblist\",\"itemListElement\":[{\"@type\":\"ListItem\",\"@id\":\"https:\\\/\\\/candas365.es\\\/noticias#listItem\",\"position\":1,\"name\":\"Home\",\"item\":\"https:\\\/\\\/candas365.es\\\/noticias\",\"nextItem\":{\"@type\":\"ListItem\",\"@id\":\"https:\\\/\\\/candas365.es\\\/noticias\\\/category\\\/economia\\\/#listItem\",\"name\":\"Econom\\u00eda\"}},{\"@type\":\"ListItem\",\"@id\":\"https:\\\/\\\/candas365.es\\\/noticias\\\/category\\\/economia\\\/#listItem\",\"position\":2,\"name\":\"Econom\\u00eda\",\"item\":\"https:\\\/\\\/candas365.es\\\/noticias\\\/category\\\/economia\\\/\",\"nextItem\":{\"@type\":\"ListItem\",\"@id\":\"https:\\\/\\\/candas365.es\\\/noticias\\\/alemania-deberia-seguir-respetando-el-llamado-freno-de-la-deuda\\\/#listItem\",\"name\":\"Alemania deber\\u00eda seguir respetando el llamado freno de la deuda\"},\"previousItem\":{\"@type\":\"ListItem\",\"@id\":\"https:\\\/\\\/candas365.es\\\/noticias#listItem\",\"name\":\"Home\"}},{\"@type\":\"ListItem\",\"@id\":\"https:\\\/\\\/candas365.es\\\/noticias\\\/alemania-deberia-seguir-respetando-el-llamado-freno-de-la-deuda\\\/#listItem\",\"position\":3,\"name\":\"Alemania deber\\u00eda seguir respetando el llamado freno de la deuda\",\"previousItem\":{\"@type\":\"ListItem\",\"@id\":\"https:\\\/\\\/candas365.es\\\/noticias\\\/category\\\/economia\\\/#listItem\",\"name\":\"Econom\\u00eda\"}}]},{\"@type\":\"NewsArticle\",\"@id\":\"https:\\\/\\\/candas365.es\\\/noticias\\\/alemania-deberia-seguir-respetando-el-llamado-freno-de-la-deuda\\\/#newsarticle\",\"name\":\"Alemania deber\\u00eda seguir respetando el llamado freno de la deuda | Cand\\u00e1s 365\",\"headline\":\"Alemania deber\\u00eda seguir respetando el llamado freno de la deuda\",\"author\":{\"@id\":\"https:\\\/\\\/candas365.es\\\/noticias\\\/author\\\/admin\\\/#author\"},\"publisher\":{\"@id\":\"https:\\\/\\\/candas365.es\\\/noticias\\\/#organization\"},\"image\":{\"@type\":\"ImageObject\",\"url\":\"https:\\\/\\\/candas365.es\\\/noticias\\\/wp-content\\\/uploads\\\/2023\\\/12\\\/noticias.jpg\",\"width\":640,\"height\":480,\"caption\":\"noticias\"},\"datePublished\":\"2024-02-16T23:30:24+01:00\",\"dateModified\":\"2024-02-16T23:30:24+01:00\",\"inLanguage\":\"es-ES\",\"mainEntityOfPage\":{\"@id\":\"https:\\\/\\\/candas365.es\\\/noticias\\\/alemania-deberia-seguir-respetando-el-llamado-freno-de-la-deuda\\\/#webpage\"},\"isPartOf\":{\"@id\":\"https:\\\/\\\/candas365.es\\\/noticias\\\/alemania-deberia-seguir-respetando-el-llamado-freno-de-la-deuda\\\/#webpage\"},\"articleSection\":\"Econom\\u00eda, Alemania, Econom\\u00eda\",\"dateline\":\"Publicado el febrero 16, 2024.\"},{\"@type\":\"Organization\",\"@id\":\"https:\\\/\\\/candas365.es\\\/noticias\\\/#organization\",\"name\":\"Cand\\u00e1s 365\",\"description\":\"Cand\\u00e1s 365 es un diario digital independiente, fundado en 2012, con base en Asturias. Informamos con rigor sobre actualidad, sociedad, cultura y ocio, con una mirada local y global.\",\"url\":\"https:\\\/\\\/candas365.es\\\/noticias\\\/\",\"email\":\"info@candas365.es\",\"telephone\":\"+34652131393\",\"foundingDate\":\"2012-06-10\",\"logo\":{\"@type\":\"ImageObject\",\"url\":\"https:\\\/\\\/candas365.es\\\/noticias\\\/wp-content\\\/uploads\\\/2024\\\/09\\\/Candas-365-Redes.jpg\",\"@id\":\"https:\\\/\\\/candas365.es\\\/noticias\\\/alemania-deberia-seguir-respetando-el-llamado-freno-de-la-deuda\\\/#organizationLogo\",\"width\":1152,\"height\":864,\"caption\":\"Cand\\u00e1s 365 Redes\"},\"image\":{\"@id\":\"https:\\\/\\\/candas365.es\\\/noticias\\\/alemania-deberia-seguir-respetando-el-llamado-freno-de-la-deuda\\\/#organizationLogo\"},\"sameAs\":[\"https:\\\/\\\/www.facebook.com\\\/Nachofdezber\",\"https:\\\/\\\/x.com\\\/NabercoDigital\",\"https:\\\/\\\/www.instagram.com\\\/nachofdezber\\\/\",\"https:\\\/\\\/www.youtube.com\\\/channel\\\/UCZP-2wLEB9Rv6erhFmqVnvg\"],\"address\":{\"@id\":\"https:\\\/\\\/candas365.es\\\/noticias\\\/#postaladdress\",\"@type\":\"PostalAddress\",\"streetAddress\":\"san antonio 4, san antonio 4\",\"postalCode\":\"33430\",\"addressLocality\":\"Cand\\u00e1s\",\"addressRegion\":\"Asturias\",\"addressCountry\":\"ES\"}},{\"@type\":\"Person\",\"@id\":\"https:\\\/\\\/candas365.es\\\/noticias\\\/author\\\/admin\\\/#author\",\"url\":\"https:\\\/\\\/candas365.es\\\/noticias\\\/author\\\/admin\\\/\",\"name\":\"Cand\\u00e1s 365\",\"image\":{\"@type\":\"ImageObject\",\"@id\":\"https:\\\/\\\/candas365.es\\\/noticias\\\/alemania-deberia-seguir-respetando-el-llamado-freno-de-la-deuda\\\/#authorImage\",\"url\":\"https:\\\/\\\/secure.gravatar.com\\\/avatar\\\/496a8e03d0c493ede1718b7934145dbdf8d89be1036b0eec9544e1094c9de390?s=96&d=mm&r=g\",\"width\":96,\"height\":96,\"caption\":\"Cand\\u00e1s 365\"},\"sameAs\":[\"https:\\\/\\\/www.facebook.com\\\/carrenoactualidad\",\"https:\\\/\\\/twitter.com\\\/nbasturias\",\"https:\\\/\\\/www.instagram.com\\\/nachofdezber\\\/\",\"https:\\\/\\\/www.youtube.com\\\/channel\\\/UCZP-2wLEB9Rv6erhFmqVnvg\"]},{\"@type\":\"WebPage\",\"@id\":\"https:\\\/\\\/candas365.es\\\/noticias\\\/alemania-deberia-seguir-respetando-el-llamado-freno-de-la-deuda\\\/#webpage\",\"url\":\"https:\\\/\\\/candas365.es\\\/noticias\\\/alemania-deberia-seguir-respetando-el-llamado-freno-de-la-deuda\\\/\",\"name\":\"Alemania deber\\u00eda seguir respetando el llamado freno de la deuda | Cand\\u00e1s 365\",\"description\":\"M\\u00fanich, 14 feb (dpa) - Alemania deber\\u00eda seguir respetando el llamado freno de la deuda, que limita la capacidad de endeudamiento del Estado, seg\\u00fan opin\\u00f3\",\"inLanguage\":\"es-ES\",\"isPartOf\":{\"@id\":\"https:\\\/\\\/candas365.es\\\/noticias\\\/#website\"},\"breadcrumb\":{\"@id\":\"https:\\\/\\\/candas365.es\\\/noticias\\\/alemania-deberia-seguir-respetando-el-llamado-freno-de-la-deuda\\\/#breadcrumblist\"},\"author\":{\"@id\":\"https:\\\/\\\/candas365.es\\\/noticias\\\/author\\\/admin\\\/#author\"},\"creator\":{\"@id\":\"https:\\\/\\\/candas365.es\\\/noticias\\\/author\\\/admin\\\/#author\"},\"image\":{\"@type\":\"ImageObject\",\"url\":\"https:\\\/\\\/candas365.es\\\/noticias\\\/wp-content\\\/uploads\\\/2023\\\/12\\\/noticias.jpg\",\"@id\":\"https:\\\/\\\/candas365.es\\\/noticias\\\/alemania-deberia-seguir-respetando-el-llamado-freno-de-la-deuda\\\/#mainImage\",\"width\":640,\"height\":480,\"caption\":\"noticias\"},\"primaryImageOfPage\":{\"@id\":\"https:\\\/\\\/candas365.es\\\/noticias\\\/alemania-deberia-seguir-respetando-el-llamado-freno-de-la-deuda\\\/#mainImage\"},\"datePublished\":\"2024-02-16T23:30:24+01:00\",\"dateModified\":\"2024-02-16T23:30:24+01:00\"},{\"@type\":\"WebSite\",\"@id\":\"https:\\\/\\\/candas365.es\\\/noticias\\\/#website\",\"url\":\"https:\\\/\\\/candas365.es\\\/noticias\\\/\",\"name\":\"Cand\\u00e1s 365\",\"alternateName\":\"Cand\\u00e1s 365 Noticias\",\"description\":\"Actualidad desde Carre\\u00f1o para el mundo\",\"inLanguage\":\"es-ES\",\"publisher\":{\"@id\":\"https:\\\/\\\/candas365.es\\\/noticias\\\/#organization\"}}]}\n\t\t<\/script>\n\t\t<!-- All in One SEO Pro -->\r\n\t\t<title>Alemania deber\u00eda seguir respetando el llamado freno de la deuda | Cand\u00e1s 365<\/title>\n\n","aioseo_head_json":{"title":"Alemania deber\u00eda seguir respetando el llamado freno de la deuda | Cand\u00e1s 365","description":"M\u00fanich, 14 feb (dpa) - Alemania deber\u00eda seguir respetando el llamado freno de la deuda, que limita la capacidad de endeudamiento del Estado, seg\u00fan opin\u00f3","canonical_url":"https:\/\/candas365.es\/noticias\/alemania-deberia-seguir-respetando-el-llamado-freno-de-la-deuda\/","robots":"max-image-preview:large","keywords":"econom\u00eda","webmasterTools":{"google-site-verification":"UA-32230408-1","msvalidate.01":"354F3CDFB2DA171B47FBE9ABF1F88D5","miscellaneous":""},"schema":{"@context":"https:\/\/schema.org","@graph":[{"@type":"BreadcrumbList","@id":"https:\/\/candas365.es\/noticias\/alemania-deberia-seguir-respetando-el-llamado-freno-de-la-deuda\/#breadcrumblist","itemListElement":[{"@type":"ListItem","@id":"https:\/\/candas365.es\/noticias#listItem","position":1,"name":"Home","item":"https:\/\/candas365.es\/noticias","nextItem":{"@type":"ListItem","@id":"https:\/\/candas365.es\/noticias\/category\/economia\/#listItem","name":"Econom\u00eda"}},{"@type":"ListItem","@id":"https:\/\/candas365.es\/noticias\/category\/economia\/#listItem","position":2,"name":"Econom\u00eda","item":"https:\/\/candas365.es\/noticias\/category\/economia\/","nextItem":{"@type":"ListItem","@id":"https:\/\/candas365.es\/noticias\/alemania-deberia-seguir-respetando-el-llamado-freno-de-la-deuda\/#listItem","name":"Alemania deber\u00eda seguir respetando el llamado freno de la deuda"},"previousItem":{"@type":"ListItem","@id":"https:\/\/candas365.es\/noticias#listItem","name":"Home"}},{"@type":"ListItem","@id":"https:\/\/candas365.es\/noticias\/alemania-deberia-seguir-respetando-el-llamado-freno-de-la-deuda\/#listItem","position":3,"name":"Alemania deber\u00eda seguir respetando el llamado freno de la deuda","previousItem":{"@type":"ListItem","@id":"https:\/\/candas365.es\/noticias\/category\/economia\/#listItem","name":"Econom\u00eda"}}]},{"@type":"NewsArticle","@id":"https:\/\/candas365.es\/noticias\/alemania-deberia-seguir-respetando-el-llamado-freno-de-la-deuda\/#newsarticle","name":"Alemania deber\u00eda seguir respetando el llamado freno de la deuda | Cand\u00e1s 365","headline":"Alemania deber\u00eda seguir respetando el llamado freno de la deuda","author":{"@id":"https:\/\/candas365.es\/noticias\/author\/admin\/#author"},"publisher":{"@id":"https:\/\/candas365.es\/noticias\/#organization"},"image":{"@type":"ImageObject","url":"https:\/\/candas365.es\/noticias\/wp-content\/uploads\/2023\/12\/noticias.jpg","width":640,"height":480,"caption":"noticias"},"datePublished":"2024-02-16T23:30:24+01:00","dateModified":"2024-02-16T23:30:24+01:00","inLanguage":"es-ES","mainEntityOfPage":{"@id":"https:\/\/candas365.es\/noticias\/alemania-deberia-seguir-respetando-el-llamado-freno-de-la-deuda\/#webpage"},"isPartOf":{"@id":"https:\/\/candas365.es\/noticias\/alemania-deberia-seguir-respetando-el-llamado-freno-de-la-deuda\/#webpage"},"articleSection":"Econom\u00eda, Alemania, Econom\u00eda","dateline":"Publicado el febrero 16, 2024."},{"@type":"Organization","@id":"https:\/\/candas365.es\/noticias\/#organization","name":"Cand\u00e1s 365","description":"Cand\u00e1s 365 es un diario digital independiente, fundado en 2012, con base en Asturias. Informamos con rigor sobre actualidad, sociedad, cultura y ocio, con una mirada local y global.","url":"https:\/\/candas365.es\/noticias\/","email":"info@candas365.es","telephone":"+34652131393","foundingDate":"2012-06-10","logo":{"@type":"ImageObject","url":"https:\/\/candas365.es\/noticias\/wp-content\/uploads\/2024\/09\/Candas-365-Redes.jpg","@id":"https:\/\/candas365.es\/noticias\/alemania-deberia-seguir-respetando-el-llamado-freno-de-la-deuda\/#organizationLogo","width":1152,"height":864,"caption":"Cand\u00e1s 365 Redes"},"image":{"@id":"https:\/\/candas365.es\/noticias\/alemania-deberia-seguir-respetando-el-llamado-freno-de-la-deuda\/#organizationLogo"},"sameAs":["https:\/\/www.facebook.com\/Nachofdezber","https:\/\/x.com\/NabercoDigital","https:\/\/www.instagram.com\/nachofdezber\/","https:\/\/www.youtube.com\/channel\/UCZP-2wLEB9Rv6erhFmqVnvg"],"address":{"@id":"https:\/\/candas365.es\/noticias\/#postaladdress","@type":"PostalAddress","streetAddress":"san antonio 4, san antonio 4","postalCode":"33430","addressLocality":"Cand\u00e1s","addressRegion":"Asturias","addressCountry":"ES"}},{"@type":"Person","@id":"https:\/\/candas365.es\/noticias\/author\/admin\/#author","url":"https:\/\/candas365.es\/noticias\/author\/admin\/","name":"Cand\u00e1s 365","image":{"@type":"ImageObject","@id":"https:\/\/candas365.es\/noticias\/alemania-deberia-seguir-respetando-el-llamado-freno-de-la-deuda\/#authorImage","url":"https:\/\/secure.gravatar.com\/avatar\/496a8e03d0c493ede1718b7934145dbdf8d89be1036b0eec9544e1094c9de390?s=96&d=mm&r=g","width":96,"height":96,"caption":"Cand\u00e1s 365"},"sameAs":["https:\/\/www.facebook.com\/carrenoactualidad","https:\/\/twitter.com\/nbasturias","https:\/\/www.instagram.com\/nachofdezber\/","https:\/\/www.youtube.com\/channel\/UCZP-2wLEB9Rv6erhFmqVnvg"]},{"@type":"WebPage","@id":"https:\/\/candas365.es\/noticias\/alemania-deberia-seguir-respetando-el-llamado-freno-de-la-deuda\/#webpage","url":"https:\/\/candas365.es\/noticias\/alemania-deberia-seguir-respetando-el-llamado-freno-de-la-deuda\/","name":"Alemania deber\u00eda seguir respetando el llamado freno de la deuda | Cand\u00e1s 365","description":"M\u00fanich, 14 feb (dpa) - Alemania deber\u00eda seguir respetando el llamado freno de la deuda, que limita la capacidad de endeudamiento del Estado, seg\u00fan opin\u00f3","inLanguage":"es-ES","isPartOf":{"@id":"https:\/\/candas365.es\/noticias\/#website"},"breadcrumb":{"@id":"https:\/\/candas365.es\/noticias\/alemania-deberia-seguir-respetando-el-llamado-freno-de-la-deuda\/#breadcrumblist"},"author":{"@id":"https:\/\/candas365.es\/noticias\/author\/admin\/#author"},"creator":{"@id":"https:\/\/candas365.es\/noticias\/author\/admin\/#author"},"image":{"@type":"ImageObject","url":"https:\/\/candas365.es\/noticias\/wp-content\/uploads\/2023\/12\/noticias.jpg","@id":"https:\/\/candas365.es\/noticias\/alemania-deberia-seguir-respetando-el-llamado-freno-de-la-deuda\/#mainImage","width":640,"height":480,"caption":"noticias"},"primaryImageOfPage":{"@id":"https:\/\/candas365.es\/noticias\/alemania-deberia-seguir-respetando-el-llamado-freno-de-la-deuda\/#mainImage"},"datePublished":"2024-02-16T23:30:24+01:00","dateModified":"2024-02-16T23:30:24+01:00"},{"@type":"WebSite","@id":"https:\/\/candas365.es\/noticias\/#website","url":"https:\/\/candas365.es\/noticias\/","name":"Cand\u00e1s 365","alternateName":"Cand\u00e1s 365 Noticias","description":"Actualidad desde Carre\u00f1o para el mundo","inLanguage":"es-ES","publisher":{"@id":"https:\/\/candas365.es\/noticias\/#organization"}}]},"og:locale":"es_ES","og:site_name":"Cand\u00e1s 365","og:type":"article","og:title":"Alemania deber\u00eda seguir respetando el llamado freno de la deuda | Cand\u00e1s 365","og:description":"M\u00fanich, 14 feb (dpa) - Alemania deber\u00eda seguir respetando el llamado freno de la deuda, que limita la capacidad de endeudamiento del Estado, seg\u00fan opin\u00f3","og:url":"https:\/\/candas365.es\/noticias\/alemania-deberia-seguir-respetando-el-llamado-freno-de-la-deuda\/","og:image":"https:\/\/candas365.es\/noticias\/wp-content\/uploads\/2023\/12\/noticias.jpg","og:image:secure_url":"https:\/\/candas365.es\/noticias\/wp-content\/uploads\/2023\/12\/noticias.jpg","og:image:width":640,"og:image:height":480,"article:published_time":"2024-02-16T22:30:24+00:00","article:modified_time":"2024-02-16T22:30:24+00:00","article:publisher":"https:\/\/www.facebook.com\/Nachofdezber","article:author":"https:\/\/www.facebook.com\/carrenoactualidad","twitter:card":"summary_large_image","twitter:site":"@NabercoDigital","twitter:title":"Alemania deber\u00eda seguir respetando el llamado freno de la deuda | Cand\u00e1s 365","twitter:description":"M\u00fanich, 14 feb (dpa) - Alemania deber\u00eda seguir respetando el llamado freno de la deuda, que limita la capacidad de endeudamiento del Estado, seg\u00fan opin\u00f3","twitter:creator":"@nbasturias","twitter:image":"https:\/\/candas365.es\/noticias\/wp-content\/uploads\/2023\/12\/noticias.jpg","twitter:label1":"Escrito por","twitter:data1":"Cand\u00e1s 365","twitter:label2":"Tiempo de lectura estimado","twitter:data2":"1 minuto"},"aioseo_meta_data":{"post_id":"178468","title":null,"description":"M\u00fanich, 14 feb (dpa) - Alemania deber\u00eda seguir respetando el llamado freno de la deuda, que limita la capacidad de endeudamiento del Estado, seg\u00fan opin\u00f3","keywords":[],"keyphrases":{"focus":{"keyphrase":"Alemania","score":68,"analysis":{"keyphraseInTitle":{"score":9,"maxScore":9,"error":0},"keyphraseInDescription":{"score":9,"maxScore":9,"error":0},"keyphraseLength":{"score":9,"maxScore":9,"error":0,"length":1},"keyphraseInURL":{"score":1,"maxScore":5,"error":1},"keyphraseInIntroduction":{"score":9,"maxScore":9,"error":0},"keyphraseInSubHeadings":[],"keyphraseInImageAlt":{"score":3,"maxScore":9,"error":1},"keywordDensity":{"score":0,"type":"low","maxScore":9,"error":1}}},"additional":[{"keyphrase":"Alemania","score":67,"analysis":{"keyphraseInDescription":{"score":9,"maxScore":9,"error":0},"keyphraseLength":{"score":9,"maxScore":9,"error":0,"length":1},"keyphraseInIntroduction":{"score":9,"maxScore":9,"error":0},"keyphraseInImageAlt":{"score":3,"maxScore":9,"error":1},"keywordDensity":{"score":0,"type":"low","maxScore":9,"error":1}}}]},"primary_term":null,"canonical_url":null,"og_title":null,"og_description":null,"og_object_type":"default","og_image_type":"default","og_image_url":null,"og_image_width":null,"og_image_height":null,"og_image_custom_url":null,"og_image_custom_fields":null,"og_video":"","og_custom_url":null,"og_article_section":null,"og_article_tags":[],"twitter_use_og":false,"twitter_card":"default","twitter_image_type":"default","twitter_image_url":null,"twitter_image_custom_url":null,"twitter_image_custom_fields":null,"twitter_title":null,"twitter_description":null,"schema":{"blockGraphs":[],"customGraphs":[],"default":{"data":{"Article":[],"Course":[],"Dataset":[],"FAQPage":[],"Movie":[],"Person":[],"Product":[],"ProductReview":[],"Car":[],"Recipe":[],"Service":[],"SoftwareApplication":[],"WebPage":[]},"graphName":"Article","isEnabled":true},"graphs":[]},"schema_type":"default","schema_type_options":null,"pillar_content":false,"robots_default":true,"robots_noindex":false,"robots_noarchive":false,"robots_nosnippet":false,"robots_nofollow":false,"robots_noimageindex":false,"robots_noodp":false,"robots_notranslate":false,"robots_max_snippet":"-1","robots_max_videopreview":"-1","robots_max_imagepreview":"large","priority":null,"frequency":"default","location":null,"local_seo":null,"seo_analyzer_scan_date":"2025-09-02 04:30:11","breadcrumb_settings":null,"limit_modified_date":false,"reviewed_by":null,"open_ai":"{\"title\":{\"suggestions\":[],\"usage\":0},\"description\":{\"suggestions\":[],\"usage\":0}}","ai":null,"created":"2024-02-16 22:27:45","updated":"2025-09-02 04:30:11"},"aioseo_breadcrumb":"<div class=\"aioseo-breadcrumbs\"><span class=\"aioseo-breadcrumb\">\n\t<a href=\"https:\/\/candas365.es\/noticias\" title=\"Home\">Home<\/a>\n<\/span><span class=\"aioseo-breadcrumb-separator\">&ndash;<\/span><span class=\"aioseo-breadcrumb\">\n\t<a href=\"https:\/\/candas365.es\/noticias\/category\/economia\/\" title=\"Econom\u00eda\">Econom\u00eda<\/a>\n<\/span><span class=\"aioseo-breadcrumb-separator\">&ndash;<\/span><span class=\"aioseo-breadcrumb\">\n\tAlemania deber\u00eda seguir respetando el llamado freno de la deuda\n<\/span><\/div>","aioseo_breadcrumb_json":[{"label":"Home","link":"https:\/\/candas365.es\/noticias"},{"label":"Econom\u00eda","link":"https:\/\/candas365.es\/noticias\/category\/economia\/"},{"label":"Alemania deber\u00eda seguir respetando el llamado freno de la deuda","link":"https:\/\/candas365.es\/noticias\/alemania-deberia-seguir-respetando-el-llamado-freno-de-la-deuda\/"}],"_links":{"self":[{"href":"https:\/\/candas365.es\/noticias\/wp-json\/wp\/v2\/posts\/178468","targetHints":{"allow":["GET"]}}],"collection":[{"href":"https:\/\/candas365.es\/noticias\/wp-json\/wp\/v2\/posts"}],"about":[{"href":"https:\/\/candas365.es\/noticias\/wp-json\/wp\/v2\/types\/post"}],"author":[{"embeddable":true,"href":"https:\/\/candas365.es\/noticias\/wp-json\/wp\/v2\/users\/1"}],"replies":[{"embeddable":true,"href":"https:\/\/candas365.es\/noticias\/wp-json\/wp\/v2\/comments?post=178468"}],"version-history":[{"count":0,"href":"https:\/\/candas365.es\/noticias\/wp-json\/wp\/v2\/posts\/178468\/revisions"}],"wp:featuredmedia":[{"embeddable":true,"href":"https:\/\/candas365.es\/noticias\/wp-json\/wp\/v2\/media\/176718"}],"wp:attachment":[{"href":"https:\/\/candas365.es\/noticias\/wp-json\/wp\/v2\/media?parent=178468"}],"wp:term":[{"taxonomy":"category","embeddable":true,"href":"https:\/\/candas365.es\/noticias\/wp-json\/wp\/v2\/categories?post=178468"},{"taxonomy":"post_tag","embeddable":true,"href":"https:\/\/candas365.es\/noticias\/wp-json\/wp\/v2\/tags?post=178468"}],"curies":[{"name":"wp","href":"https:\/\/api.w.org\/{rel}","templated":true}]}}