{"id":178463,"date":"2024-02-16T23:20:31","date_gmt":"2024-02-16T22:20:31","guid":{"rendered":"https:\/\/candas365.es\/noticias\/?p=178463"},"modified":"2024-02-16T23:20:31","modified_gmt":"2024-02-16T22:20:31","slug":"thyssenkrupp-registro-una-perdida-neta-de-314-millones-de-euros","status":"publish","type":"post","link":"https:\/\/candas365.es\/noticias\/thyssenkrupp-registro-una-perdida-neta-de-314-millones-de-euros\/","title":{"rendered":"Thyssenkrupp registr\u00f3 una p\u00e9rdida neta de 314 millones de euros"},"content":{"rendered":"<p>Essen (Alemania), 14 feb (<a title=\"dpa\" href=\"https:\/\/www.dpa-news.de\/\" target=\"_blank\" rel=\"noopener\"><span style=\"color: #ff6600;\"><strong>dpa<\/strong><\/span><\/a>) &#8211; El grupo industrial germano<a href=\"https:\/\/candas365.es\/noticias\/las-ventas-de-thyssenkrupp-nucera-crecen-gracias-al-hidrogeno\/\"><span style=\"color: #ff6600;\"><strong> Thyssenkrupp<\/strong><\/span><\/a> registr\u00f3 una p\u00e9rdida neta de 314 millones de euros (336 millones de d\u00f3lares) en el primer trimestre fiscal del a\u00f1o 2023\/2024, anunci\u00f3 hoy <strong>el mayor productor de acero de Alemania<\/strong>.<\/p>\n<p><img fetchpriority=\"high\" decoding=\"async\" class=\"aligncenter size-full wp-image-176718\" src=\"https:\/\/candas365.es\/noticias\/wp-content\/uploads\/2023\/12\/noticias.jpg\" alt=\"noticias\" width=\"640\" height=\"480\" srcset=\"https:\/\/candas365.es\/noticias\/wp-content\/uploads\/2023\/12\/noticias.jpg 640w, https:\/\/candas365.es\/noticias\/wp-content\/uploads\/2023\/12\/noticias-360x270.jpg 360w, https:\/\/candas365.es\/noticias\/wp-content\/uploads\/2023\/12\/noticias-150x113.jpg 150w, https:\/\/candas365.es\/noticias\/wp-content\/uploads\/2023\/12\/noticias-450x338.jpg 450w\" sizes=\"(max-width: 640px) 100vw, 640px\" \/><\/p>\n<p>En el mismo periodo del ejercicio anterior, la empresa logr\u00f3 unos beneficios de 75 millones de euros.<\/p>\n<p>La empresa detall\u00f3 que las amortizaciones ascendieron a unos 200 millones de euros y que la ca\u00edda de los precios y la menor demanda en el negocio del acero, sobre todo por parte de los clientes del sector del autom\u00f3vil, hicieron que el resultado antes de intereses e impuestos (ebit) ajustado a efectos especiales se redujera a la mitad, hasta 84 millones de euros.<\/p>\n<p>Asimismo, Thyssenkrupp contabiliz\u00f3 los primeros efectos positivos del programa de eficiencia denominado \u00abApex\u00bb, del cual se espera que aporte hasta 2.000 millones de euros al ebit ajustado de aqu\u00ed a 2024\/25 y mitigue los \u00abefectos contrarios del mercado\u00bb.<\/p>\n<p>El grupo a\u00f1adi\u00f3 que, debido a la menor demanda y al descenso de los precios, la cifra de negocios tambi\u00e9n se contrajo un nueve por ciento, hasta algo menos de 8.200 millones de euros, por debajo de las expectativas de los expertos del mercado, en tanto la entrada de pedidos descendi\u00f3 un 13 por ciento.<\/p>\n<p>Thyssenkrupp se mostr\u00f3 m\u00e1s pesimista para el ejercicio 2023\/24, tanto en t\u00e9rminos de ventas como de beneficios anuales y estima que la facturaci\u00f3n rondar\u00e1 el nivel del a\u00f1o anterior, despu\u00e9s de haber previsto anteriormente un ligero crecimiento.<\/p>\n<p>La empresa registr\u00f3 unas p\u00e9rdidas de 1.000 millones de euros el a\u00f1o anterior debido a gastos en el negocio sider\u00fargico. No obstante, se mantuvo la previsi\u00f3n de ebit ajustado.<\/p>\n","protected":false},"excerpt":{"rendered":"<p>Essen (Alemania), 14 feb (dpa) &#8211; El grupo industrial germano Thyssenkrupp registr\u00f3 una p\u00e9rdida neta de 314 millones de euros (336 millones de d\u00f3lares) en el primer trimestre fiscal del a\u00f1o 2023\/2024, anunci\u00f3 hoy el mayor productor de acero de Alemania. En el mismo periodo del ejercicio anterior, la empresa logr\u00f3 unos beneficios de 75<\/p>\n","protected":false},"author":1,"featured_media":176718,"comment_status":"closed","ping_status":"closed","sticky":false,"template":"","format":"standard","meta":{"footnotes":""},"categories":[151],"tags":[383],"class_list":{"0":"post-178463","1":"post","2":"type-post","3":"status-publish","4":"format-standard","5":"has-post-thumbnail","7":"category-canal-empresas","8":"tag-empresas"},"aioseo_notices":[],"aioseo_head":"\n\t\t<!-- All in One SEO Pro 4.9.6.2 - aioseo.com -->\n\t<meta name=\"description\" content=\"Essen (Alemania), 14 feb (dpa) - El grupo industrial germano Thyssenkrupp registr\u00f3 una p\u00e9rdida neta de 314 millones de euros (336 millones de d\u00f3lares)\" \/>\n\t<meta name=\"robots\" content=\"max-image-preview:large\" \/>\n\t<meta name=\"author\" content=\"Cand\u00e1s 365\"\/>\n\t<meta name=\"google-site-verification\" content=\"UA-32230408-1\" \/>\n\t<meta name=\"msvalidate.01\" content=\"354F3CDFB2DA171B47FBE9ABF1F88D5\" \/>\n\t<meta name=\"keywords\" content=\"canal empresas\" \/>\n\t<link rel=\"canonical\" href=\"https:\/\/candas365.es\/noticias\/thyssenkrupp-registro-una-perdida-neta-de-314-millones-de-euros\/\" \/>\n\t<meta name=\"generator\" content=\"All in One SEO Pro (AIOSEO) 4.9.6.2\" \/>\n\t\t<meta property=\"og:locale\" content=\"es_ES\" \/>\n\t\t<meta property=\"og:site_name\" content=\"Cand\u00e1s 365\" \/>\n\t\t<meta property=\"og:type\" content=\"article\" \/>\n\t\t<meta property=\"og:title\" content=\"Thyssenkrupp registr\u00f3 una p\u00e9rdida neta de 314 millones de euros | Cand\u00e1s 365\" \/>\n\t\t<meta property=\"og:description\" content=\"Essen (Alemania), 14 feb (dpa) - El grupo industrial germano Thyssenkrupp registr\u00f3 una p\u00e9rdida neta de 314 millones de euros (336 millones de d\u00f3lares)\" \/>\n\t\t<meta property=\"og:url\" content=\"https:\/\/candas365.es\/noticias\/thyssenkrupp-registro-una-perdida-neta-de-314-millones-de-euros\/\" \/>\n\t\t<meta property=\"og:image\" content=\"https:\/\/candas365.es\/noticias\/wp-content\/uploads\/2023\/12\/noticias.jpg\" \/>\n\t\t<meta property=\"og:image:secure_url\" content=\"https:\/\/candas365.es\/noticias\/wp-content\/uploads\/2023\/12\/noticias.jpg\" \/>\n\t\t<meta property=\"og:image:width\" content=\"640\" \/>\n\t\t<meta property=\"og:image:height\" content=\"480\" \/>\n\t\t<meta property=\"article:published_time\" content=\"2024-02-16T22:20:31+00:00\" \/>\n\t\t<meta property=\"article:modified_time\" content=\"2024-02-16T22:20:31+00:00\" \/>\n\t\t<meta property=\"article:publisher\" content=\"https:\/\/www.facebook.com\/Nachofdezber\" \/>\n\t\t<meta property=\"article:author\" content=\"https:\/\/www.facebook.com\/carrenoactualidad\" \/>\n\t\t<meta name=\"twitter:card\" content=\"summary_large_image\" \/>\n\t\t<meta name=\"twitter:site\" content=\"@NabercoDigital\" \/>\n\t\t<meta name=\"twitter:title\" content=\"Thyssenkrupp registr\u00f3 una p\u00e9rdida neta de 314 millones de euros | Cand\u00e1s 365\" \/>\n\t\t<meta name=\"twitter:description\" content=\"Essen (Alemania), 14 feb (dpa) - El grupo industrial germano Thyssenkrupp registr\u00f3 una p\u00e9rdida neta de 314 millones de euros (336 millones de d\u00f3lares)\" \/>\n\t\t<meta name=\"twitter:creator\" content=\"@nbasturias\" \/>\n\t\t<meta name=\"twitter:image\" content=\"https:\/\/candas365.es\/noticias\/wp-content\/uploads\/2023\/12\/noticias.jpg\" \/>\n\t\t<meta name=\"twitter:label1\" content=\"Escrito por\" \/>\n\t\t<meta name=\"twitter:data1\" content=\"Cand\u00e1s 365\" \/>\n\t\t<meta name=\"twitter:label2\" content=\"Tiempo de lectura estimado\" \/>\n\t\t<meta name=\"twitter:data2\" content=\"1 minuto\" \/>\n\t\t<script type=\"application\/ld+json\" class=\"aioseo-schema\">\n\t\t\t{\"@context\":\"https:\\\/\\\/schema.org\",\"@graph\":[{\"@type\":\"BreadcrumbList\",\"@id\":\"https:\\\/\\\/candas365.es\\\/noticias\\\/thyssenkrupp-registro-una-perdida-neta-de-314-millones-de-euros\\\/#breadcrumblist\",\"itemListElement\":[{\"@type\":\"ListItem\",\"@id\":\"https:\\\/\\\/candas365.es\\\/noticias#listItem\",\"position\":1,\"name\":\"Home\",\"item\":\"https:\\\/\\\/candas365.es\\\/noticias\",\"nextItem\":{\"@type\":\"ListItem\",\"@id\":\"https:\\\/\\\/candas365.es\\\/noticias\\\/category\\\/canal-empresas\\\/#listItem\",\"name\":\"Canal Empresas\"}},{\"@type\":\"ListItem\",\"@id\":\"https:\\\/\\\/candas365.es\\\/noticias\\\/category\\\/canal-empresas\\\/#listItem\",\"position\":2,\"name\":\"Canal Empresas\",\"item\":\"https:\\\/\\\/candas365.es\\\/noticias\\\/category\\\/canal-empresas\\\/\",\"nextItem\":{\"@type\":\"ListItem\",\"@id\":\"https:\\\/\\\/candas365.es\\\/noticias\\\/thyssenkrupp-registro-una-perdida-neta-de-314-millones-de-euros\\\/#listItem\",\"name\":\"Thyssenkrupp registr\\u00f3 una p\\u00e9rdida neta de 314 millones de euros\"},\"previousItem\":{\"@type\":\"ListItem\",\"@id\":\"https:\\\/\\\/candas365.es\\\/noticias#listItem\",\"name\":\"Home\"}},{\"@type\":\"ListItem\",\"@id\":\"https:\\\/\\\/candas365.es\\\/noticias\\\/thyssenkrupp-registro-una-perdida-neta-de-314-millones-de-euros\\\/#listItem\",\"position\":3,\"name\":\"Thyssenkrupp registr\\u00f3 una p\\u00e9rdida neta de 314 millones de euros\",\"previousItem\":{\"@type\":\"ListItem\",\"@id\":\"https:\\\/\\\/candas365.es\\\/noticias\\\/category\\\/canal-empresas\\\/#listItem\",\"name\":\"Canal Empresas\"}}]},{\"@type\":\"NewsArticle\",\"@id\":\"https:\\\/\\\/candas365.es\\\/noticias\\\/thyssenkrupp-registro-una-perdida-neta-de-314-millones-de-euros\\\/#newsarticle\",\"name\":\"Thyssenkrupp registr\\u00f3 una p\\u00e9rdida neta de 314 millones de euros | Cand\\u00e1s 365\",\"headline\":\"Thyssenkrupp registr\\u00f3 una p\\u00e9rdida neta de 314 millones de euros\",\"author\":{\"@id\":\"https:\\\/\\\/candas365.es\\\/noticias\\\/author\\\/admin\\\/#author\"},\"publisher\":{\"@id\":\"https:\\\/\\\/candas365.es\\\/noticias\\\/#organization\"},\"image\":{\"@type\":\"ImageObject\",\"url\":\"https:\\\/\\\/candas365.es\\\/noticias\\\/wp-content\\\/uploads\\\/2023\\\/12\\\/noticias.jpg\",\"width\":640,\"height\":480,\"caption\":\"noticias\"},\"datePublished\":\"2024-02-16T23:20:31+01:00\",\"dateModified\":\"2024-02-16T23:20:31+01:00\",\"inLanguage\":\"es-ES\",\"mainEntityOfPage\":{\"@id\":\"https:\\\/\\\/candas365.es\\\/noticias\\\/thyssenkrupp-registro-una-perdida-neta-de-314-millones-de-euros\\\/#webpage\"},\"isPartOf\":{\"@id\":\"https:\\\/\\\/candas365.es\\\/noticias\\\/thyssenkrupp-registro-una-perdida-neta-de-314-millones-de-euros\\\/#webpage\"},\"articleSection\":\"Canal Empresas, empresas\",\"dateline\":\"Publicado el febrero 16, 2024.\"},{\"@type\":\"Organization\",\"@id\":\"https:\\\/\\\/candas365.es\\\/noticias\\\/#organization\",\"name\":\"Cand\\u00e1s 365\",\"description\":\"Cand\\u00e1s 365 es un diario digital independiente, fundado en 2012, con base en Asturias. Informamos con rigor sobre actualidad, sociedad, cultura y ocio, con una mirada local y global.\",\"url\":\"https:\\\/\\\/candas365.es\\\/noticias\\\/\",\"email\":\"info@candas365.es\",\"telephone\":\"+34652131393\",\"foundingDate\":\"2012-06-10\",\"logo\":{\"@type\":\"ImageObject\",\"url\":\"https:\\\/\\\/candas365.es\\\/noticias\\\/wp-content\\\/uploads\\\/2024\\\/09\\\/Candas-365-Redes.jpg\",\"@id\":\"https:\\\/\\\/candas365.es\\\/noticias\\\/thyssenkrupp-registro-una-perdida-neta-de-314-millones-de-euros\\\/#organizationLogo\",\"width\":1152,\"height\":864,\"caption\":\"Cand\\u00e1s 365 Redes\"},\"image\":{\"@id\":\"https:\\\/\\\/candas365.es\\\/noticias\\\/thyssenkrupp-registro-una-perdida-neta-de-314-millones-de-euros\\\/#organizationLogo\"},\"sameAs\":[\"https:\\\/\\\/www.facebook.com\\\/Nachofdezber\",\"https:\\\/\\\/x.com\\\/NabercoDigital\",\"https:\\\/\\\/www.instagram.com\\\/nachofdezber\\\/\",\"https:\\\/\\\/www.youtube.com\\\/channel\\\/UCZP-2wLEB9Rv6erhFmqVnvg\"],\"address\":{\"@id\":\"https:\\\/\\\/candas365.es\\\/noticias\\\/#postaladdress\",\"@type\":\"PostalAddress\",\"streetAddress\":\"san antonio 4, san antonio 4\",\"postalCode\":\"33430\",\"addressLocality\":\"Cand\\u00e1s\",\"addressRegion\":\"Asturias\",\"addressCountry\":\"ES\"}},{\"@type\":\"Person\",\"@id\":\"https:\\\/\\\/candas365.es\\\/noticias\\\/author\\\/admin\\\/#author\",\"url\":\"https:\\\/\\\/candas365.es\\\/noticias\\\/author\\\/admin\\\/\",\"name\":\"Cand\\u00e1s 365\",\"image\":{\"@type\":\"ImageObject\",\"@id\":\"https:\\\/\\\/candas365.es\\\/noticias\\\/thyssenkrupp-registro-una-perdida-neta-de-314-millones-de-euros\\\/#authorImage\",\"url\":\"https:\\\/\\\/secure.gravatar.com\\\/avatar\\\/496a8e03d0c493ede1718b7934145dbdf8d89be1036b0eec9544e1094c9de390?s=96&d=mm&r=g\",\"width\":96,\"height\":96,\"caption\":\"Cand\\u00e1s 365\"},\"sameAs\":[\"https:\\\/\\\/www.facebook.com\\\/carrenoactualidad\",\"https:\\\/\\\/twitter.com\\\/nbasturias\",\"https:\\\/\\\/www.instagram.com\\\/nachofdezber\\\/\",\"https:\\\/\\\/www.youtube.com\\\/channel\\\/UCZP-2wLEB9Rv6erhFmqVnvg\"]},{\"@type\":\"WebPage\",\"@id\":\"https:\\\/\\\/candas365.es\\\/noticias\\\/thyssenkrupp-registro-una-perdida-neta-de-314-millones-de-euros\\\/#webpage\",\"url\":\"https:\\\/\\\/candas365.es\\\/noticias\\\/thyssenkrupp-registro-una-perdida-neta-de-314-millones-de-euros\\\/\",\"name\":\"Thyssenkrupp registr\\u00f3 una p\\u00e9rdida neta de 314 millones de euros | Cand\\u00e1s 365\",\"description\":\"Essen (Alemania), 14 feb (dpa) - El grupo industrial germano Thyssenkrupp registr\\u00f3 una p\\u00e9rdida neta de 314 millones de euros (336 millones de d\\u00f3lares)\",\"inLanguage\":\"es-ES\",\"isPartOf\":{\"@id\":\"https:\\\/\\\/candas365.es\\\/noticias\\\/#website\"},\"breadcrumb\":{\"@id\":\"https:\\\/\\\/candas365.es\\\/noticias\\\/thyssenkrupp-registro-una-perdida-neta-de-314-millones-de-euros\\\/#breadcrumblist\"},\"author\":{\"@id\":\"https:\\\/\\\/candas365.es\\\/noticias\\\/author\\\/admin\\\/#author\"},\"creator\":{\"@id\":\"https:\\\/\\\/candas365.es\\\/noticias\\\/author\\\/admin\\\/#author\"},\"image\":{\"@type\":\"ImageObject\",\"url\":\"https:\\\/\\\/candas365.es\\\/noticias\\\/wp-content\\\/uploads\\\/2023\\\/12\\\/noticias.jpg\",\"@id\":\"https:\\\/\\\/candas365.es\\\/noticias\\\/thyssenkrupp-registro-una-perdida-neta-de-314-millones-de-euros\\\/#mainImage\",\"width\":640,\"height\":480,\"caption\":\"noticias\"},\"primaryImageOfPage\":{\"@id\":\"https:\\\/\\\/candas365.es\\\/noticias\\\/thyssenkrupp-registro-una-perdida-neta-de-314-millones-de-euros\\\/#mainImage\"},\"datePublished\":\"2024-02-16T23:20:31+01:00\",\"dateModified\":\"2024-02-16T23:20:31+01:00\"},{\"@type\":\"WebSite\",\"@id\":\"https:\\\/\\\/candas365.es\\\/noticias\\\/#website\",\"url\":\"https:\\\/\\\/candas365.es\\\/noticias\\\/\",\"name\":\"Cand\\u00e1s 365\",\"alternateName\":\"Cand\\u00e1s 365 Noticias\",\"description\":\"Actualidad desde Carre\\u00f1o para el mundo\",\"inLanguage\":\"es-ES\",\"publisher\":{\"@id\":\"https:\\\/\\\/candas365.es\\\/noticias\\\/#organization\"}}]}\n\t\t<\/script>\n\t\t<!-- All in One SEO Pro -->\r\n\t\t<title>Thyssenkrupp registr\u00f3 una p\u00e9rdida neta de 314 millones de euros | Cand\u00e1s 365<\/title>\n\n","aioseo_head_json":{"title":"Thyssenkrupp registr\u00f3 una p\u00e9rdida neta de 314 millones de euros | Cand\u00e1s 365","description":"Essen (Alemania), 14 feb (dpa) - El grupo industrial germano Thyssenkrupp registr\u00f3 una p\u00e9rdida neta de 314 millones de euros (336 millones de d\u00f3lares)","canonical_url":"https:\/\/candas365.es\/noticias\/thyssenkrupp-registro-una-perdida-neta-de-314-millones-de-euros\/","robots":"max-image-preview:large","keywords":"canal empresas","webmasterTools":{"google-site-verification":"UA-32230408-1","msvalidate.01":"354F3CDFB2DA171B47FBE9ABF1F88D5","miscellaneous":""},"schema":{"@context":"https:\/\/schema.org","@graph":[{"@type":"BreadcrumbList","@id":"https:\/\/candas365.es\/noticias\/thyssenkrupp-registro-una-perdida-neta-de-314-millones-de-euros\/#breadcrumblist","itemListElement":[{"@type":"ListItem","@id":"https:\/\/candas365.es\/noticias#listItem","position":1,"name":"Home","item":"https:\/\/candas365.es\/noticias","nextItem":{"@type":"ListItem","@id":"https:\/\/candas365.es\/noticias\/category\/canal-empresas\/#listItem","name":"Canal Empresas"}},{"@type":"ListItem","@id":"https:\/\/candas365.es\/noticias\/category\/canal-empresas\/#listItem","position":2,"name":"Canal Empresas","item":"https:\/\/candas365.es\/noticias\/category\/canal-empresas\/","nextItem":{"@type":"ListItem","@id":"https:\/\/candas365.es\/noticias\/thyssenkrupp-registro-una-perdida-neta-de-314-millones-de-euros\/#listItem","name":"Thyssenkrupp registr\u00f3 una p\u00e9rdida neta de 314 millones de euros"},"previousItem":{"@type":"ListItem","@id":"https:\/\/candas365.es\/noticias#listItem","name":"Home"}},{"@type":"ListItem","@id":"https:\/\/candas365.es\/noticias\/thyssenkrupp-registro-una-perdida-neta-de-314-millones-de-euros\/#listItem","position":3,"name":"Thyssenkrupp registr\u00f3 una p\u00e9rdida neta de 314 millones de euros","previousItem":{"@type":"ListItem","@id":"https:\/\/candas365.es\/noticias\/category\/canal-empresas\/#listItem","name":"Canal Empresas"}}]},{"@type":"NewsArticle","@id":"https:\/\/candas365.es\/noticias\/thyssenkrupp-registro-una-perdida-neta-de-314-millones-de-euros\/#newsarticle","name":"Thyssenkrupp registr\u00f3 una p\u00e9rdida neta de 314 millones de euros | Cand\u00e1s 365","headline":"Thyssenkrupp registr\u00f3 una p\u00e9rdida neta de 314 millones de euros","author":{"@id":"https:\/\/candas365.es\/noticias\/author\/admin\/#author"},"publisher":{"@id":"https:\/\/candas365.es\/noticias\/#organization"},"image":{"@type":"ImageObject","url":"https:\/\/candas365.es\/noticias\/wp-content\/uploads\/2023\/12\/noticias.jpg","width":640,"height":480,"caption":"noticias"},"datePublished":"2024-02-16T23:20:31+01:00","dateModified":"2024-02-16T23:20:31+01:00","inLanguage":"es-ES","mainEntityOfPage":{"@id":"https:\/\/candas365.es\/noticias\/thyssenkrupp-registro-una-perdida-neta-de-314-millones-de-euros\/#webpage"},"isPartOf":{"@id":"https:\/\/candas365.es\/noticias\/thyssenkrupp-registro-una-perdida-neta-de-314-millones-de-euros\/#webpage"},"articleSection":"Canal Empresas, empresas","dateline":"Publicado el febrero 16, 2024."},{"@type":"Organization","@id":"https:\/\/candas365.es\/noticias\/#organization","name":"Cand\u00e1s 365","description":"Cand\u00e1s 365 es un diario digital independiente, fundado en 2012, con base en Asturias. Informamos con rigor sobre actualidad, sociedad, cultura y ocio, con una mirada local y global.","url":"https:\/\/candas365.es\/noticias\/","email":"info@candas365.es","telephone":"+34652131393","foundingDate":"2012-06-10","logo":{"@type":"ImageObject","url":"https:\/\/candas365.es\/noticias\/wp-content\/uploads\/2024\/09\/Candas-365-Redes.jpg","@id":"https:\/\/candas365.es\/noticias\/thyssenkrupp-registro-una-perdida-neta-de-314-millones-de-euros\/#organizationLogo","width":1152,"height":864,"caption":"Cand\u00e1s 365 Redes"},"image":{"@id":"https:\/\/candas365.es\/noticias\/thyssenkrupp-registro-una-perdida-neta-de-314-millones-de-euros\/#organizationLogo"},"sameAs":["https:\/\/www.facebook.com\/Nachofdezber","https:\/\/x.com\/NabercoDigital","https:\/\/www.instagram.com\/nachofdezber\/","https:\/\/www.youtube.com\/channel\/UCZP-2wLEB9Rv6erhFmqVnvg"],"address":{"@id":"https:\/\/candas365.es\/noticias\/#postaladdress","@type":"PostalAddress","streetAddress":"san antonio 4, san antonio 4","postalCode":"33430","addressLocality":"Cand\u00e1s","addressRegion":"Asturias","addressCountry":"ES"}},{"@type":"Person","@id":"https:\/\/candas365.es\/noticias\/author\/admin\/#author","url":"https:\/\/candas365.es\/noticias\/author\/admin\/","name":"Cand\u00e1s 365","image":{"@type":"ImageObject","@id":"https:\/\/candas365.es\/noticias\/thyssenkrupp-registro-una-perdida-neta-de-314-millones-de-euros\/#authorImage","url":"https:\/\/secure.gravatar.com\/avatar\/496a8e03d0c493ede1718b7934145dbdf8d89be1036b0eec9544e1094c9de390?s=96&d=mm&r=g","width":96,"height":96,"caption":"Cand\u00e1s 365"},"sameAs":["https:\/\/www.facebook.com\/carrenoactualidad","https:\/\/twitter.com\/nbasturias","https:\/\/www.instagram.com\/nachofdezber\/","https:\/\/www.youtube.com\/channel\/UCZP-2wLEB9Rv6erhFmqVnvg"]},{"@type":"WebPage","@id":"https:\/\/candas365.es\/noticias\/thyssenkrupp-registro-una-perdida-neta-de-314-millones-de-euros\/#webpage","url":"https:\/\/candas365.es\/noticias\/thyssenkrupp-registro-una-perdida-neta-de-314-millones-de-euros\/","name":"Thyssenkrupp registr\u00f3 una p\u00e9rdida neta de 314 millones de euros | Cand\u00e1s 365","description":"Essen (Alemania), 14 feb (dpa) - El grupo industrial germano Thyssenkrupp registr\u00f3 una p\u00e9rdida neta de 314 millones de euros (336 millones de d\u00f3lares)","inLanguage":"es-ES","isPartOf":{"@id":"https:\/\/candas365.es\/noticias\/#website"},"breadcrumb":{"@id":"https:\/\/candas365.es\/noticias\/thyssenkrupp-registro-una-perdida-neta-de-314-millones-de-euros\/#breadcrumblist"},"author":{"@id":"https:\/\/candas365.es\/noticias\/author\/admin\/#author"},"creator":{"@id":"https:\/\/candas365.es\/noticias\/author\/admin\/#author"},"image":{"@type":"ImageObject","url":"https:\/\/candas365.es\/noticias\/wp-content\/uploads\/2023\/12\/noticias.jpg","@id":"https:\/\/candas365.es\/noticias\/thyssenkrupp-registro-una-perdida-neta-de-314-millones-de-euros\/#mainImage","width":640,"height":480,"caption":"noticias"},"primaryImageOfPage":{"@id":"https:\/\/candas365.es\/noticias\/thyssenkrupp-registro-una-perdida-neta-de-314-millones-de-euros\/#mainImage"},"datePublished":"2024-02-16T23:20:31+01:00","dateModified":"2024-02-16T23:20:31+01:00"},{"@type":"WebSite","@id":"https:\/\/candas365.es\/noticias\/#website","url":"https:\/\/candas365.es\/noticias\/","name":"Cand\u00e1s 365","alternateName":"Cand\u00e1s 365 Noticias","description":"Actualidad desde Carre\u00f1o para el mundo","inLanguage":"es-ES","publisher":{"@id":"https:\/\/candas365.es\/noticias\/#organization"}}]},"og:locale":"es_ES","og:site_name":"Cand\u00e1s 365","og:type":"article","og:title":"Thyssenkrupp registr\u00f3 una p\u00e9rdida neta de 314 millones de euros | Cand\u00e1s 365","og:description":"Essen (Alemania), 14 feb (dpa) - El grupo industrial germano Thyssenkrupp registr\u00f3 una p\u00e9rdida neta de 314 millones de euros (336 millones de d\u00f3lares)","og:url":"https:\/\/candas365.es\/noticias\/thyssenkrupp-registro-una-perdida-neta-de-314-millones-de-euros\/","og:image":"https:\/\/candas365.es\/noticias\/wp-content\/uploads\/2023\/12\/noticias.jpg","og:image:secure_url":"https:\/\/candas365.es\/noticias\/wp-content\/uploads\/2023\/12\/noticias.jpg","og:image:width":640,"og:image:height":480,"article:published_time":"2024-02-16T22:20:31+00:00","article:modified_time":"2024-02-16T22:20:31+00:00","article:publisher":"https:\/\/www.facebook.com\/Nachofdezber","article:author":"https:\/\/www.facebook.com\/carrenoactualidad","twitter:card":"summary_large_image","twitter:site":"@NabercoDigital","twitter:title":"Thyssenkrupp registr\u00f3 una p\u00e9rdida neta de 314 millones de euros | Cand\u00e1s 365","twitter:description":"Essen (Alemania), 14 feb (dpa) - El grupo industrial germano Thyssenkrupp registr\u00f3 una p\u00e9rdida neta de 314 millones de euros (336 millones de d\u00f3lares)","twitter:creator":"@nbasturias","twitter:image":"https:\/\/candas365.es\/noticias\/wp-content\/uploads\/2023\/12\/noticias.jpg","twitter:label1":"Escrito por","twitter:data1":"Cand\u00e1s 365","twitter:label2":"Tiempo de lectura estimado","twitter:data2":"1 minuto"},"aioseo_meta_data":{"post_id":"178463","title":null,"description":"Essen (Alemania), 14 feb (dpa) - El grupo industrial germano Thyssenkrupp registr\u00f3 una p\u00e9rdida neta de 314 millones de euros (336 millones de d\u00f3lares)","keywords":[],"keyphrases":{"focus":{"keyphrase":"Thyssenkrupp","score":83,"analysis":{"keyphraseInTitle":{"score":9,"maxScore":9,"error":0},"keyphraseInDescription":{"score":9,"maxScore":9,"error":0},"keyphraseLength":{"score":9,"maxScore":9,"error":0,"length":1},"keyphraseInURL":{"score":1,"maxScore":5,"error":1},"keyphraseInIntroduction":{"score":9,"maxScore":9,"error":0},"keyphraseInSubHeadings":[],"keyphraseInImageAlt":{"score":3,"maxScore":9,"error":1},"keywordDensity":{"type":"best","score":9,"maxScore":9,"error":0}}},"additional":[{"keyphrase":"Thyssenkrupp","score":87,"analysis":{"keyphraseInDescription":{"score":9,"maxScore":9,"error":0},"keyphraseLength":{"score":9,"maxScore":9,"error":0,"length":1},"keyphraseInIntroduction":{"score":9,"maxScore":9,"error":0},"keyphraseInImageAlt":{"score":3,"maxScore":9,"error":1},"keywordDensity":{"type":"best","score":9,"maxScore":9,"error":0}}}]},"primary_term":null,"canonical_url":null,"og_title":null,"og_description":null,"og_object_type":"default","og_image_type":"default","og_image_url":null,"og_image_width":null,"og_image_height":null,"og_image_custom_url":null,"og_image_custom_fields":null,"og_video":"","og_custom_url":null,"og_article_section":null,"og_article_tags":[],"twitter_use_og":false,"twitter_card":"default","twitter_image_type":"default","twitter_image_url":null,"twitter_image_custom_url":null,"twitter_image_custom_fields":null,"twitter_title":null,"twitter_description":null,"schema":{"blockGraphs":[],"customGraphs":[],"default":{"data":{"Article":[],"Course":[],"Dataset":[],"FAQPage":[],"Movie":[],"Person":[],"Product":[],"ProductReview":[],"Car":[],"Recipe":[],"Service":[],"SoftwareApplication":[],"WebPage":[]},"graphName":"Article","isEnabled":true},"graphs":[]},"schema_type":"default","schema_type_options":null,"pillar_content":false,"robots_default":true,"robots_noindex":false,"robots_noarchive":false,"robots_nosnippet":false,"robots_nofollow":false,"robots_noimageindex":false,"robots_noodp":false,"robots_notranslate":false,"robots_max_snippet":"-1","robots_max_videopreview":"-1","robots_max_imagepreview":"large","priority":null,"frequency":"default","location":null,"local_seo":null,"seo_analyzer_scan_date":"2025-09-02 04:28:31","breadcrumb_settings":null,"limit_modified_date":false,"reviewed_by":null,"open_ai":"{\"title\":{\"suggestions\":[],\"usage\":0},\"description\":{\"suggestions\":[],\"usage\":0}}","ai":null,"created":"2024-02-16 22:17:01","updated":"2025-09-02 04:28:31"},"aioseo_breadcrumb":"<div class=\"aioseo-breadcrumbs\"><span class=\"aioseo-breadcrumb\">\n\t<a href=\"https:\/\/candas365.es\/noticias\" title=\"Home\">Home<\/a>\n<\/span><span class=\"aioseo-breadcrumb-separator\">&ndash;<\/span><span class=\"aioseo-breadcrumb\">\n\t<a href=\"https:\/\/candas365.es\/noticias\/category\/canal-empresas\/\" title=\"Canal Empresas\">Canal Empresas<\/a>\n<\/span><span class=\"aioseo-breadcrumb-separator\">&ndash;<\/span><span class=\"aioseo-breadcrumb\">\n\tThyssenkrupp registr\u00f3 una p\u00e9rdida neta de 314 millones de euros\n<\/span><\/div>","aioseo_breadcrumb_json":[{"label":"Home","link":"https:\/\/candas365.es\/noticias"},{"label":"Canal Empresas","link":"https:\/\/candas365.es\/noticias\/category\/canal-empresas\/"},{"label":"Thyssenkrupp registr\u00f3 una p\u00e9rdida neta de 314 millones de euros","link":"https:\/\/candas365.es\/noticias\/thyssenkrupp-registro-una-perdida-neta-de-314-millones-de-euros\/"}],"_links":{"self":[{"href":"https:\/\/candas365.es\/noticias\/wp-json\/wp\/v2\/posts\/178463","targetHints":{"allow":["GET"]}}],"collection":[{"href":"https:\/\/candas365.es\/noticias\/wp-json\/wp\/v2\/posts"}],"about":[{"href":"https:\/\/candas365.es\/noticias\/wp-json\/wp\/v2\/types\/post"}],"author":[{"embeddable":true,"href":"https:\/\/candas365.es\/noticias\/wp-json\/wp\/v2\/users\/1"}],"replies":[{"embeddable":true,"href":"https:\/\/candas365.es\/noticias\/wp-json\/wp\/v2\/comments?post=178463"}],"version-history":[{"count":0,"href":"https:\/\/candas365.es\/noticias\/wp-json\/wp\/v2\/posts\/178463\/revisions"}],"wp:featuredmedia":[{"embeddable":true,"href":"https:\/\/candas365.es\/noticias\/wp-json\/wp\/v2\/media\/176718"}],"wp:attachment":[{"href":"https:\/\/candas365.es\/noticias\/wp-json\/wp\/v2\/media?parent=178463"}],"wp:term":[{"taxonomy":"category","embeddable":true,"href":"https:\/\/candas365.es\/noticias\/wp-json\/wp\/v2\/categories?post=178463"},{"taxonomy":"post_tag","embeddable":true,"href":"https:\/\/candas365.es\/noticias\/wp-json\/wp\/v2\/tags?post=178463"}],"curies":[{"name":"wp","href":"https:\/\/api.w.org\/{rel}","templated":true}]}}