{"id":178454,"date":"2024-02-16T18:47:39","date_gmt":"2024-02-16T17:47:39","guid":{"rendered":"https:\/\/candas365.es\/noticias\/?p=178454"},"modified":"2024-02-16T18:47:39","modified_gmt":"2024-02-16T17:47:39","slug":"baerbock-israel-tiene-derecho-a-defenderse-del-brutal-terror-de-hamas","status":"publish","type":"post","link":"https:\/\/candas365.es\/noticias\/baerbock-israel-tiene-derecho-a-defenderse-del-brutal-terror-de-hamas\/","title":{"rendered":"Baerbock: \u00abIsrael tiene derecho a defenderse del brutal terror de Ham\u00e1s\u00bb"},"content":{"rendered":"<p>Berl\u00edn, 13 feb (<a title=\"dpa\" href=\"https:\/\/www.dpa-news.de\/\" target=\"_blank\" rel=\"noopener\"><span style=\"color: #ff6600;\"><strong>dpa<\/strong><\/span><\/a>) &#8211; La ministra alemana de Relaciones Exteriores, <a title=\"Annalena Baerbock\" href=\"https:\/\/candas365.es\/noticias\/baerbock-el-triangulo-de-weimar-puede-ser-un-polo-de-fuerza\/\"><span style=\"color: #ff6600;\"><strong>Annalena Baerbock<\/strong><\/span><\/a>, inst\u00f3 hoy a Israel a respetar el derecho internacional humanitario en la anunciada ofensiva en Rafah, en el sur de la Franja de Gaza.<\/p>\n<figure id=\"attachment_178455\" aria-describedby=\"caption-attachment-178455\" style=\"width: 650px\" class=\"wp-caption aligncenter\"><img fetchpriority=\"high\" decoding=\"async\" class=\"size-large wp-image-178455\" src=\"https:\/\/candas365.es\/noticias\/wp-content\/uploads\/2024\/02\/Baerbock-1-650x428.jpg\" alt=\"Baerbock\" width=\"650\" height=\"428\" srcset=\"https:\/\/candas365.es\/noticias\/wp-content\/uploads\/2024\/02\/Baerbock-1-650x428.jpg 650w, https:\/\/candas365.es\/noticias\/wp-content\/uploads\/2024\/02\/Baerbock-1-360x237.jpg 360w, https:\/\/candas365.es\/noticias\/wp-content\/uploads\/2024\/02\/Baerbock-1-768x506.jpg 768w, https:\/\/candas365.es\/noticias\/wp-content\/uploads\/2024\/02\/Baerbock-1-150x99.jpg 150w, https:\/\/candas365.es\/noticias\/wp-content\/uploads\/2024\/02\/Baerbock-1-450x297.jpg 450w, https:\/\/candas365.es\/noticias\/wp-content\/uploads\/2024\/02\/Baerbock-1.jpg 1012w\" sizes=\"(max-width: 650px) 100vw, 650px\" \/><figcaption id=\"caption-attachment-178455\" class=\"wp-caption-text\">Annalena Baerbock, ministra alemana de Relaciones Exteriores, en la rueda de prensa celebrada en Berl\u00edn junto a su hom\u00f3logo de la Autoridad Nacional Palestina, Riad Malki. Foto: Fabian Sommer\/dpa<\/figcaption><\/figure>\n<p>Tras reunirse en Berl\u00edn con su hom\u00f3logo de la Autoridad Nacional Palestina, Riad Malki, la ministra germana explic\u00f3 que los m\u00e1s de un mill\u00f3n de habitantes de Rafah y sus alrededores \u00abno pueden simplemente volatizarse, sino que son necesarios corredores seguros para que la gente pueda ponerse a salvo\u00bb.<\/p>\n<p>Baerbock explic\u00f3 que dejar\u00e1 clara la postura alemana en las conversaciones que mantendr\u00e1 durante su visita de dos d\u00edas a Israel, cuyo comienzo est\u00e1 previsto para ma\u00f1ana. Adem\u00e1s, abog\u00f3 por llevar m\u00e1s ayuda humanitaria a la Franja de Gaza.<\/p>\n<p>En la rueda de prensa junto a Malki, la ministra verde se mostr\u00f3 especialmente preocupada por el anuncio del Gobierno israel\u00ed de una ofensiva terrestre a gran escala en Rafah.<\/p>\n<p>\u00abIsrael tiene derecho a defenderse del brutal terror de Ham\u00e1s por el derecho de autodefensa, como cualquier otro pa\u00eds del mundo. E Israel, como cualquier otro pa\u00eds del mundo, tiene el deber de respetar el derecho internacional humanitario\u00bb, coment\u00f3.<\/p>\n<p>Cuestionada sobre un informe period\u00edstico en el que se se\u00f1ala que Israel propone trasladar a la poblaci\u00f3n evacuada de Rafah a emplazamientos levantados con tiendas de campa\u00f1a, Baerbock respondi\u00f3 que esos lugares ya existen en el sur de la Franja de Gaza.<\/p>\n<p>\u00abHemos visto que cientos de miles de personas han perdido sus hogares en los \u00faltimos meses. Y, por supuesto, la gente debe tener alojamiento\u00bb, a\u00f1adi\u00f3 al resaltar \u00abque no solo debe haber lugares seguros y corredores de protecci\u00f3n en teor\u00eda, sino tambi\u00e9n en la realidad\u00bb.<\/p>\n<p>Por su parte, el ministro palestino pidi\u00f3 a Israel que se abstenga de lanzar una ofensiva sobre Rafah y pidi\u00f3 que la ciudad no sea destruida. Sin embargo, a\u00f1adi\u00f3 que de darse finalmente el ataque, \u00abentonces es incluso m\u00e1s importante proteger a la gente que est\u00e1 en Rafah\u00bb.<\/p>\n<p>Malki explic\u00f3 que la mayor\u00eda de los habitantes de Rafah llegado all\u00ed desde otras partes de la Franja de Gaza, buscando protecci\u00f3n protecci\u00f3n all\u00ed. Por eso ahora, argument\u00f3, son necesarios corredores de protecci\u00f3n hacia el norte de la Franja de Gaza, de donde han venido los refugiados.<\/p>\n","protected":false},"excerpt":{"rendered":"<p>Berl\u00edn, 13 feb (dpa) &#8211; La ministra alemana de Relaciones Exteriores, Annalena Baerbock, inst\u00f3 hoy a Israel a respetar el derecho internacional humanitario en la anunciada ofensiva en Rafah, en el sur de la Franja de Gaza. Tras reunirse en Berl\u00edn con su hom\u00f3logo de la Autoridad Nacional Palestina, Riad Malki, la ministra germana explic\u00f3<\/p>\n","protected":false},"author":1,"featured_media":178455,"comment_status":"closed","ping_status":"closed","sticky":false,"template":"","format":"standard","meta":{"footnotes":""},"categories":[485],"tags":[417,464,418],"class_list":{"0":"post-178454","1":"post","2":"type-post","3":"status-publish","4":"format-standard","5":"has-post-thumbnail","7":"category-internacional","8":"tag-alemania","9":"tag-conflictos","10":"tag-internacional"},"aioseo_notices":[],"aioseo_head":"\n\t\t<!-- All in One SEO Pro 4.9.6.2 - aioseo.com -->\n\t<meta name=\"description\" content=\"Berl\u00edn, 13 feb (dpa) - La ministra alemana de Relaciones Exteriores, Annalena Baerbock, inst\u00f3 hoy a Israel a respetar el derecho internacional humanitario\" \/>\n\t<meta name=\"robots\" content=\"max-image-preview:large\" \/>\n\t<meta name=\"author\" content=\"Cand\u00e1s 365\"\/>\n\t<meta name=\"google-site-verification\" content=\"UA-32230408-1\" \/>\n\t<meta name=\"msvalidate.01\" content=\"354F3CDFB2DA171B47FBE9ABF1F88D5\" \/>\n\t<meta name=\"keywords\" content=\"internacional\" \/>\n\t<link rel=\"canonical\" href=\"https:\/\/candas365.es\/noticias\/baerbock-israel-tiene-derecho-a-defenderse-del-brutal-terror-de-hamas\/\" \/>\n\t<meta name=\"generator\" content=\"All in One SEO Pro (AIOSEO) 4.9.6.2\" \/>\n\t\t<meta property=\"og:locale\" content=\"es_ES\" \/>\n\t\t<meta property=\"og:site_name\" content=\"Cand\u00e1s 365\" \/>\n\t\t<meta property=\"og:type\" content=\"article\" \/>\n\t\t<meta property=\"og:title\" content=\"Baerbock: \u00abIsrael tiene derecho a defenderse del brutal terror de Ham\u00e1s\u00bb | Cand\u00e1s 365\" \/>\n\t\t<meta property=\"og:description\" content=\"Berl\u00edn, 13 feb (dpa) - La ministra alemana de Relaciones Exteriores, Annalena Baerbock, inst\u00f3 hoy a Israel a respetar el derecho internacional humanitario\" \/>\n\t\t<meta property=\"og:url\" content=\"https:\/\/candas365.es\/noticias\/baerbock-israel-tiene-derecho-a-defenderse-del-brutal-terror-de-hamas\/\" \/>\n\t\t<meta property=\"og:image\" content=\"https:\/\/candas365.es\/noticias\/wp-content\/uploads\/2024\/02\/Baerbock-1.jpg\" \/>\n\t\t<meta property=\"og:image:secure_url\" content=\"https:\/\/candas365.es\/noticias\/wp-content\/uploads\/2024\/02\/Baerbock-1.jpg\" \/>\n\t\t<meta property=\"og:image:width\" content=\"1012\" \/>\n\t\t<meta property=\"og:image:height\" content=\"667\" \/>\n\t\t<meta property=\"article:published_time\" content=\"2024-02-16T17:47:39+00:00\" \/>\n\t\t<meta property=\"article:modified_time\" content=\"2024-02-16T17:47:39+00:00\" \/>\n\t\t<meta property=\"article:publisher\" content=\"https:\/\/www.facebook.com\/Nachofdezber\" \/>\n\t\t<meta property=\"article:author\" content=\"https:\/\/www.facebook.com\/carrenoactualidad\" \/>\n\t\t<meta name=\"twitter:card\" content=\"summary_large_image\" \/>\n\t\t<meta name=\"twitter:site\" content=\"@NabercoDigital\" \/>\n\t\t<meta name=\"twitter:title\" content=\"Baerbock: \u00abIsrael tiene derecho a defenderse del brutal terror de Ham\u00e1s\u00bb | Cand\u00e1s 365\" \/>\n\t\t<meta name=\"twitter:description\" content=\"Berl\u00edn, 13 feb (dpa) - La ministra alemana de Relaciones Exteriores, Annalena Baerbock, inst\u00f3 hoy a Israel a respetar el derecho internacional humanitario\" \/>\n\t\t<meta name=\"twitter:creator\" content=\"@nbasturias\" \/>\n\t\t<meta name=\"twitter:image\" content=\"https:\/\/candas365.es\/noticias\/wp-content\/uploads\/2024\/02\/Baerbock-1.jpg\" \/>\n\t\t<meta name=\"twitter:label1\" content=\"Escrito por\" \/>\n\t\t<meta name=\"twitter:data1\" content=\"Cand\u00e1s 365\" \/>\n\t\t<meta name=\"twitter:label2\" content=\"Tiempo de lectura estimado\" \/>\n\t\t<meta name=\"twitter:data2\" content=\"2 minutos\" \/>\n\t\t<script type=\"application\/ld+json\" class=\"aioseo-schema\">\n\t\t\t{\"@context\":\"https:\\\/\\\/schema.org\",\"@graph\":[{\"@type\":\"BreadcrumbList\",\"@id\":\"https:\\\/\\\/candas365.es\\\/noticias\\\/baerbock-israel-tiene-derecho-a-defenderse-del-brutal-terror-de-hamas\\\/#breadcrumblist\",\"itemListElement\":[{\"@type\":\"ListItem\",\"@id\":\"https:\\\/\\\/candas365.es\\\/noticias#listItem\",\"position\":1,\"name\":\"Home\",\"item\":\"https:\\\/\\\/candas365.es\\\/noticias\",\"nextItem\":{\"@type\":\"ListItem\",\"@id\":\"https:\\\/\\\/candas365.es\\\/noticias\\\/category\\\/internacional\\\/#listItem\",\"name\":\"Internacional\"}},{\"@type\":\"ListItem\",\"@id\":\"https:\\\/\\\/candas365.es\\\/noticias\\\/category\\\/internacional\\\/#listItem\",\"position\":2,\"name\":\"Internacional\",\"item\":\"https:\\\/\\\/candas365.es\\\/noticias\\\/category\\\/internacional\\\/\",\"nextItem\":{\"@type\":\"ListItem\",\"@id\":\"https:\\\/\\\/candas365.es\\\/noticias\\\/baerbock-israel-tiene-derecho-a-defenderse-del-brutal-terror-de-hamas\\\/#listItem\",\"name\":\"Baerbock: \\u00abIsrael tiene derecho a defenderse del brutal terror de Ham\\u00e1s\\u00bb\"},\"previousItem\":{\"@type\":\"ListItem\",\"@id\":\"https:\\\/\\\/candas365.es\\\/noticias#listItem\",\"name\":\"Home\"}},{\"@type\":\"ListItem\",\"@id\":\"https:\\\/\\\/candas365.es\\\/noticias\\\/baerbock-israel-tiene-derecho-a-defenderse-del-brutal-terror-de-hamas\\\/#listItem\",\"position\":3,\"name\":\"Baerbock: \\u00abIsrael tiene derecho a defenderse del brutal terror de Ham\\u00e1s\\u00bb\",\"previousItem\":{\"@type\":\"ListItem\",\"@id\":\"https:\\\/\\\/candas365.es\\\/noticias\\\/category\\\/internacional\\\/#listItem\",\"name\":\"Internacional\"}}]},{\"@type\":\"NewsArticle\",\"@id\":\"https:\\\/\\\/candas365.es\\\/noticias\\\/baerbock-israel-tiene-derecho-a-defenderse-del-brutal-terror-de-hamas\\\/#newsarticle\",\"name\":\"Baerbock: \\u00abIsrael tiene derecho a defenderse del brutal terror de Ham\\u00e1s\\u00bb | Cand\\u00e1s 365\",\"headline\":\"Baerbock: \\u00abIsrael tiene derecho a defenderse del brutal terror de Ham\\u00e1s\\u00bb\",\"author\":{\"@id\":\"https:\\\/\\\/candas365.es\\\/noticias\\\/author\\\/admin\\\/#author\"},\"publisher\":{\"@id\":\"https:\\\/\\\/candas365.es\\\/noticias\\\/#organization\"},\"image\":{\"@type\":\"ImageObject\",\"url\":\"https:\\\/\\\/candas365.es\\\/noticias\\\/wp-content\\\/uploads\\\/2024\\\/02\\\/Baerbock-1.jpg\",\"width\":1012,\"height\":667,\"caption\":\"Annalena Baerbock, ministra alemana de Relaciones Exteriores, en la rueda de prensa celebrada en Berl\\u00edn junto a su hom\\u00f3logo de la Autoridad Nacional Palestina, Riad Malki. Foto: Fabian Sommer\\\/dpa\"},\"datePublished\":\"2024-02-16T18:47:39+01:00\",\"dateModified\":\"2024-02-16T18:47:39+01:00\",\"inLanguage\":\"es-ES\",\"mainEntityOfPage\":{\"@id\":\"https:\\\/\\\/candas365.es\\\/noticias\\\/baerbock-israel-tiene-derecho-a-defenderse-del-brutal-terror-de-hamas\\\/#webpage\"},\"isPartOf\":{\"@id\":\"https:\\\/\\\/candas365.es\\\/noticias\\\/baerbock-israel-tiene-derecho-a-defenderse-del-brutal-terror-de-hamas\\\/#webpage\"},\"articleSection\":\"Internacional, Alemania, conflictos, Internacional\",\"dateline\":\"Publicado el febrero 16, 2024.\"},{\"@type\":\"Organization\",\"@id\":\"https:\\\/\\\/candas365.es\\\/noticias\\\/#organization\",\"name\":\"Cand\\u00e1s 365\",\"description\":\"Cand\\u00e1s 365 es un diario digital independiente, fundado en 2012, con base en Asturias. Informamos con rigor sobre actualidad, sociedad, cultura y ocio, con una mirada local y global.\",\"url\":\"https:\\\/\\\/candas365.es\\\/noticias\\\/\",\"email\":\"info@candas365.es\",\"telephone\":\"+34652131393\",\"foundingDate\":\"2012-06-10\",\"logo\":{\"@type\":\"ImageObject\",\"url\":\"https:\\\/\\\/candas365.es\\\/noticias\\\/wp-content\\\/uploads\\\/2024\\\/09\\\/Candas-365-Redes.jpg\",\"@id\":\"https:\\\/\\\/candas365.es\\\/noticias\\\/baerbock-israel-tiene-derecho-a-defenderse-del-brutal-terror-de-hamas\\\/#organizationLogo\",\"width\":1152,\"height\":864,\"caption\":\"Cand\\u00e1s 365 Redes\"},\"image\":{\"@id\":\"https:\\\/\\\/candas365.es\\\/noticias\\\/baerbock-israel-tiene-derecho-a-defenderse-del-brutal-terror-de-hamas\\\/#organizationLogo\"},\"sameAs\":[\"https:\\\/\\\/www.facebook.com\\\/Nachofdezber\",\"https:\\\/\\\/x.com\\\/NabercoDigital\",\"https:\\\/\\\/www.instagram.com\\\/nachofdezber\\\/\",\"https:\\\/\\\/www.youtube.com\\\/channel\\\/UCZP-2wLEB9Rv6erhFmqVnvg\"],\"address\":{\"@id\":\"https:\\\/\\\/candas365.es\\\/noticias\\\/#postaladdress\",\"@type\":\"PostalAddress\",\"streetAddress\":\"san antonio 4, san antonio 4\",\"postalCode\":\"33430\",\"addressLocality\":\"Cand\\u00e1s\",\"addressRegion\":\"Asturias\",\"addressCountry\":\"ES\"}},{\"@type\":\"Person\",\"@id\":\"https:\\\/\\\/candas365.es\\\/noticias\\\/author\\\/admin\\\/#author\",\"url\":\"https:\\\/\\\/candas365.es\\\/noticias\\\/author\\\/admin\\\/\",\"name\":\"Cand\\u00e1s 365\",\"image\":{\"@type\":\"ImageObject\",\"@id\":\"https:\\\/\\\/candas365.es\\\/noticias\\\/baerbock-israel-tiene-derecho-a-defenderse-del-brutal-terror-de-hamas\\\/#authorImage\",\"url\":\"https:\\\/\\\/secure.gravatar.com\\\/avatar\\\/496a8e03d0c493ede1718b7934145dbdf8d89be1036b0eec9544e1094c9de390?s=96&d=mm&r=g\",\"width\":96,\"height\":96,\"caption\":\"Cand\\u00e1s 365\"},\"sameAs\":[\"https:\\\/\\\/www.facebook.com\\\/carrenoactualidad\",\"https:\\\/\\\/twitter.com\\\/nbasturias\",\"https:\\\/\\\/www.instagram.com\\\/nachofdezber\\\/\",\"https:\\\/\\\/www.youtube.com\\\/channel\\\/UCZP-2wLEB9Rv6erhFmqVnvg\"]},{\"@type\":\"WebPage\",\"@id\":\"https:\\\/\\\/candas365.es\\\/noticias\\\/baerbock-israel-tiene-derecho-a-defenderse-del-brutal-terror-de-hamas\\\/#webpage\",\"url\":\"https:\\\/\\\/candas365.es\\\/noticias\\\/baerbock-israel-tiene-derecho-a-defenderse-del-brutal-terror-de-hamas\\\/\",\"name\":\"Baerbock: \\u00abIsrael tiene derecho a defenderse del brutal terror de Ham\\u00e1s\\u00bb | Cand\\u00e1s 365\",\"description\":\"Berl\\u00edn, 13 feb (dpa) - La ministra alemana de Relaciones Exteriores, Annalena Baerbock, inst\\u00f3 hoy a Israel a respetar el derecho internacional humanitario\",\"inLanguage\":\"es-ES\",\"isPartOf\":{\"@id\":\"https:\\\/\\\/candas365.es\\\/noticias\\\/#website\"},\"breadcrumb\":{\"@id\":\"https:\\\/\\\/candas365.es\\\/noticias\\\/baerbock-israel-tiene-derecho-a-defenderse-del-brutal-terror-de-hamas\\\/#breadcrumblist\"},\"author\":{\"@id\":\"https:\\\/\\\/candas365.es\\\/noticias\\\/author\\\/admin\\\/#author\"},\"creator\":{\"@id\":\"https:\\\/\\\/candas365.es\\\/noticias\\\/author\\\/admin\\\/#author\"},\"image\":{\"@type\":\"ImageObject\",\"url\":\"https:\\\/\\\/candas365.es\\\/noticias\\\/wp-content\\\/uploads\\\/2024\\\/02\\\/Baerbock-1.jpg\",\"@id\":\"https:\\\/\\\/candas365.es\\\/noticias\\\/baerbock-israel-tiene-derecho-a-defenderse-del-brutal-terror-de-hamas\\\/#mainImage\",\"width\":1012,\"height\":667,\"caption\":\"Annalena Baerbock, ministra alemana de Relaciones Exteriores, en la rueda de prensa celebrada en Berl\\u00edn junto a su hom\\u00f3logo de la Autoridad Nacional Palestina, Riad Malki. Foto: Fabian Sommer\\\/dpa\"},\"primaryImageOfPage\":{\"@id\":\"https:\\\/\\\/candas365.es\\\/noticias\\\/baerbock-israel-tiene-derecho-a-defenderse-del-brutal-terror-de-hamas\\\/#mainImage\"},\"datePublished\":\"2024-02-16T18:47:39+01:00\",\"dateModified\":\"2024-02-16T18:47:39+01:00\"},{\"@type\":\"WebSite\",\"@id\":\"https:\\\/\\\/candas365.es\\\/noticias\\\/#website\",\"url\":\"https:\\\/\\\/candas365.es\\\/noticias\\\/\",\"name\":\"Cand\\u00e1s 365\",\"alternateName\":\"Cand\\u00e1s 365 Noticias\",\"description\":\"Actualidad desde Carre\\u00f1o para el mundo\",\"inLanguage\":\"es-ES\",\"publisher\":{\"@id\":\"https:\\\/\\\/candas365.es\\\/noticias\\\/#organization\"}}]}\n\t\t<\/script>\n\t\t<!-- All in One SEO Pro -->\r\n\t\t<title>Baerbock: \u00abIsrael tiene derecho a defenderse del brutal terror de Ham\u00e1s\u00bb | Cand\u00e1s 365<\/title>\n\n","aioseo_head_json":{"title":"Baerbock: \u00abIsrael tiene derecho a defenderse del brutal terror de Ham\u00e1s\u00bb | Cand\u00e1s 365","description":"Berl\u00edn, 13 feb (dpa) - La ministra alemana de Relaciones Exteriores, Annalena Baerbock, inst\u00f3 hoy a Israel a respetar el derecho internacional humanitario","canonical_url":"https:\/\/candas365.es\/noticias\/baerbock-israel-tiene-derecho-a-defenderse-del-brutal-terror-de-hamas\/","robots":"max-image-preview:large","keywords":"internacional","webmasterTools":{"google-site-verification":"UA-32230408-1","msvalidate.01":"354F3CDFB2DA171B47FBE9ABF1F88D5","miscellaneous":""},"schema":{"@context":"https:\/\/schema.org","@graph":[{"@type":"BreadcrumbList","@id":"https:\/\/candas365.es\/noticias\/baerbock-israel-tiene-derecho-a-defenderse-del-brutal-terror-de-hamas\/#breadcrumblist","itemListElement":[{"@type":"ListItem","@id":"https:\/\/candas365.es\/noticias#listItem","position":1,"name":"Home","item":"https:\/\/candas365.es\/noticias","nextItem":{"@type":"ListItem","@id":"https:\/\/candas365.es\/noticias\/category\/internacional\/#listItem","name":"Internacional"}},{"@type":"ListItem","@id":"https:\/\/candas365.es\/noticias\/category\/internacional\/#listItem","position":2,"name":"Internacional","item":"https:\/\/candas365.es\/noticias\/category\/internacional\/","nextItem":{"@type":"ListItem","@id":"https:\/\/candas365.es\/noticias\/baerbock-israel-tiene-derecho-a-defenderse-del-brutal-terror-de-hamas\/#listItem","name":"Baerbock: \u00abIsrael tiene derecho a defenderse del brutal terror de Ham\u00e1s\u00bb"},"previousItem":{"@type":"ListItem","@id":"https:\/\/candas365.es\/noticias#listItem","name":"Home"}},{"@type":"ListItem","@id":"https:\/\/candas365.es\/noticias\/baerbock-israel-tiene-derecho-a-defenderse-del-brutal-terror-de-hamas\/#listItem","position":3,"name":"Baerbock: \u00abIsrael tiene derecho a defenderse del brutal terror de Ham\u00e1s\u00bb","previousItem":{"@type":"ListItem","@id":"https:\/\/candas365.es\/noticias\/category\/internacional\/#listItem","name":"Internacional"}}]},{"@type":"NewsArticle","@id":"https:\/\/candas365.es\/noticias\/baerbock-israel-tiene-derecho-a-defenderse-del-brutal-terror-de-hamas\/#newsarticle","name":"Baerbock: \u00abIsrael tiene derecho a defenderse del brutal terror de Ham\u00e1s\u00bb | Cand\u00e1s 365","headline":"Baerbock: \u00abIsrael tiene derecho a defenderse del brutal terror de Ham\u00e1s\u00bb","author":{"@id":"https:\/\/candas365.es\/noticias\/author\/admin\/#author"},"publisher":{"@id":"https:\/\/candas365.es\/noticias\/#organization"},"image":{"@type":"ImageObject","url":"https:\/\/candas365.es\/noticias\/wp-content\/uploads\/2024\/02\/Baerbock-1.jpg","width":1012,"height":667,"caption":"Annalena Baerbock, ministra alemana de Relaciones Exteriores, en la rueda de prensa celebrada en Berl\u00edn junto a su hom\u00f3logo de la Autoridad Nacional Palestina, Riad Malki. Foto: Fabian Sommer\/dpa"},"datePublished":"2024-02-16T18:47:39+01:00","dateModified":"2024-02-16T18:47:39+01:00","inLanguage":"es-ES","mainEntityOfPage":{"@id":"https:\/\/candas365.es\/noticias\/baerbock-israel-tiene-derecho-a-defenderse-del-brutal-terror-de-hamas\/#webpage"},"isPartOf":{"@id":"https:\/\/candas365.es\/noticias\/baerbock-israel-tiene-derecho-a-defenderse-del-brutal-terror-de-hamas\/#webpage"},"articleSection":"Internacional, Alemania, conflictos, Internacional","dateline":"Publicado el febrero 16, 2024."},{"@type":"Organization","@id":"https:\/\/candas365.es\/noticias\/#organization","name":"Cand\u00e1s 365","description":"Cand\u00e1s 365 es un diario digital independiente, fundado en 2012, con base en Asturias. Informamos con rigor sobre actualidad, sociedad, cultura y ocio, con una mirada local y global.","url":"https:\/\/candas365.es\/noticias\/","email":"info@candas365.es","telephone":"+34652131393","foundingDate":"2012-06-10","logo":{"@type":"ImageObject","url":"https:\/\/candas365.es\/noticias\/wp-content\/uploads\/2024\/09\/Candas-365-Redes.jpg","@id":"https:\/\/candas365.es\/noticias\/baerbock-israel-tiene-derecho-a-defenderse-del-brutal-terror-de-hamas\/#organizationLogo","width":1152,"height":864,"caption":"Cand\u00e1s 365 Redes"},"image":{"@id":"https:\/\/candas365.es\/noticias\/baerbock-israel-tiene-derecho-a-defenderse-del-brutal-terror-de-hamas\/#organizationLogo"},"sameAs":["https:\/\/www.facebook.com\/Nachofdezber","https:\/\/x.com\/NabercoDigital","https:\/\/www.instagram.com\/nachofdezber\/","https:\/\/www.youtube.com\/channel\/UCZP-2wLEB9Rv6erhFmqVnvg"],"address":{"@id":"https:\/\/candas365.es\/noticias\/#postaladdress","@type":"PostalAddress","streetAddress":"san antonio 4, san antonio 4","postalCode":"33430","addressLocality":"Cand\u00e1s","addressRegion":"Asturias","addressCountry":"ES"}},{"@type":"Person","@id":"https:\/\/candas365.es\/noticias\/author\/admin\/#author","url":"https:\/\/candas365.es\/noticias\/author\/admin\/","name":"Cand\u00e1s 365","image":{"@type":"ImageObject","@id":"https:\/\/candas365.es\/noticias\/baerbock-israel-tiene-derecho-a-defenderse-del-brutal-terror-de-hamas\/#authorImage","url":"https:\/\/secure.gravatar.com\/avatar\/496a8e03d0c493ede1718b7934145dbdf8d89be1036b0eec9544e1094c9de390?s=96&d=mm&r=g","width":96,"height":96,"caption":"Cand\u00e1s 365"},"sameAs":["https:\/\/www.facebook.com\/carrenoactualidad","https:\/\/twitter.com\/nbasturias","https:\/\/www.instagram.com\/nachofdezber\/","https:\/\/www.youtube.com\/channel\/UCZP-2wLEB9Rv6erhFmqVnvg"]},{"@type":"WebPage","@id":"https:\/\/candas365.es\/noticias\/baerbock-israel-tiene-derecho-a-defenderse-del-brutal-terror-de-hamas\/#webpage","url":"https:\/\/candas365.es\/noticias\/baerbock-israel-tiene-derecho-a-defenderse-del-brutal-terror-de-hamas\/","name":"Baerbock: \u00abIsrael tiene derecho a defenderse del brutal terror de Ham\u00e1s\u00bb | Cand\u00e1s 365","description":"Berl\u00edn, 13 feb (dpa) - La ministra alemana de Relaciones Exteriores, Annalena Baerbock, inst\u00f3 hoy a Israel a respetar el derecho internacional humanitario","inLanguage":"es-ES","isPartOf":{"@id":"https:\/\/candas365.es\/noticias\/#website"},"breadcrumb":{"@id":"https:\/\/candas365.es\/noticias\/baerbock-israel-tiene-derecho-a-defenderse-del-brutal-terror-de-hamas\/#breadcrumblist"},"author":{"@id":"https:\/\/candas365.es\/noticias\/author\/admin\/#author"},"creator":{"@id":"https:\/\/candas365.es\/noticias\/author\/admin\/#author"},"image":{"@type":"ImageObject","url":"https:\/\/candas365.es\/noticias\/wp-content\/uploads\/2024\/02\/Baerbock-1.jpg","@id":"https:\/\/candas365.es\/noticias\/baerbock-israel-tiene-derecho-a-defenderse-del-brutal-terror-de-hamas\/#mainImage","width":1012,"height":667,"caption":"Annalena Baerbock, ministra alemana de Relaciones Exteriores, en la rueda de prensa celebrada en Berl\u00edn junto a su hom\u00f3logo de la Autoridad Nacional Palestina, Riad Malki. Foto: Fabian Sommer\/dpa"},"primaryImageOfPage":{"@id":"https:\/\/candas365.es\/noticias\/baerbock-israel-tiene-derecho-a-defenderse-del-brutal-terror-de-hamas\/#mainImage"},"datePublished":"2024-02-16T18:47:39+01:00","dateModified":"2024-02-16T18:47:39+01:00"},{"@type":"WebSite","@id":"https:\/\/candas365.es\/noticias\/#website","url":"https:\/\/candas365.es\/noticias\/","name":"Cand\u00e1s 365","alternateName":"Cand\u00e1s 365 Noticias","description":"Actualidad desde Carre\u00f1o para el mundo","inLanguage":"es-ES","publisher":{"@id":"https:\/\/candas365.es\/noticias\/#organization"}}]},"og:locale":"es_ES","og:site_name":"Cand\u00e1s 365","og:type":"article","og:title":"Baerbock: \u00abIsrael tiene derecho a defenderse del brutal terror de Ham\u00e1s\u00bb | Cand\u00e1s 365","og:description":"Berl\u00edn, 13 feb (dpa) - La ministra alemana de Relaciones Exteriores, Annalena Baerbock, inst\u00f3 hoy a Israel a respetar el derecho internacional humanitario","og:url":"https:\/\/candas365.es\/noticias\/baerbock-israel-tiene-derecho-a-defenderse-del-brutal-terror-de-hamas\/","og:image":"https:\/\/candas365.es\/noticias\/wp-content\/uploads\/2024\/02\/Baerbock-1.jpg","og:image:secure_url":"https:\/\/candas365.es\/noticias\/wp-content\/uploads\/2024\/02\/Baerbock-1.jpg","og:image:width":1012,"og:image:height":667,"article:published_time":"2024-02-16T17:47:39+00:00","article:modified_time":"2024-02-16T17:47:39+00:00","article:publisher":"https:\/\/www.facebook.com\/Nachofdezber","article:author":"https:\/\/www.facebook.com\/carrenoactualidad","twitter:card":"summary_large_image","twitter:site":"@NabercoDigital","twitter:title":"Baerbock: \u00abIsrael tiene derecho a defenderse del brutal terror de Ham\u00e1s\u00bb | Cand\u00e1s 365","twitter:description":"Berl\u00edn, 13 feb (dpa) - La ministra alemana de Relaciones Exteriores, Annalena Baerbock, inst\u00f3 hoy a Israel a respetar el derecho internacional humanitario","twitter:creator":"@nbasturias","twitter:image":"https:\/\/candas365.es\/noticias\/wp-content\/uploads\/2024\/02\/Baerbock-1.jpg","twitter:label1":"Escrito por","twitter:data1":"Cand\u00e1s 365","twitter:label2":"Tiempo de lectura estimado","twitter:data2":"2 minutos"},"aioseo_meta_data":{"post_id":"178454","title":null,"description":"Berl\u00edn, 13 feb (dpa) - La ministra alemana de Relaciones Exteriores, Annalena Baerbock, inst\u00f3 hoy a Israel a respetar el derecho internacional humanitario","keywords":[],"keyphrases":{"focus":{"keyphrase":"Baerbock","score":93,"analysis":{"keyphraseInTitle":{"score":9,"maxScore":9,"error":0},"keyphraseInDescription":{"score":9,"maxScore":9,"error":0},"keyphraseLength":{"score":9,"maxScore":9,"error":0,"length":1},"keyphraseInURL":{"score":1,"maxScore":5,"error":1},"keyphraseInIntroduction":{"score":9,"maxScore":9,"error":0},"keyphraseInSubHeadings":[],"keyphraseInImageAlt":{"score":9,"maxScore":9,"error":0},"keywordDensity":{"type":"best","score":9,"maxScore":9,"error":0}}},"additional":[{"keyphrase":"Baerbock","score":100,"analysis":{"keyphraseInDescription":{"score":9,"maxScore":9,"error":0},"keyphraseLength":{"score":9,"maxScore":9,"error":0,"length":1},"keyphraseInIntroduction":{"score":9,"maxScore":9,"error":0},"keyphraseInImageAlt":{"score":9,"maxScore":9,"error":0},"keywordDensity":{"type":"best","score":9,"maxScore":9,"error":0}}}]},"primary_term":null,"canonical_url":null,"og_title":null,"og_description":null,"og_object_type":"default","og_image_type":"default","og_image_url":null,"og_image_width":null,"og_image_height":null,"og_image_custom_url":null,"og_image_custom_fields":null,"og_video":"","og_custom_url":null,"og_article_section":null,"og_article_tags":[],"twitter_use_og":false,"twitter_card":"default","twitter_image_type":"default","twitter_image_url":null,"twitter_image_custom_url":null,"twitter_image_custom_fields":null,"twitter_title":null,"twitter_description":null,"schema":{"blockGraphs":[],"customGraphs":[],"default":{"data":{"Article":[],"Course":[],"Dataset":[],"FAQPage":[],"Movie":[],"Person":[],"Product":[],"ProductReview":[],"Car":[],"Recipe":[],"Service":[],"SoftwareApplication":[],"WebPage":[]},"graphName":"Article","isEnabled":true},"graphs":[]},"schema_type":"default","schema_type_options":null,"pillar_content":false,"robots_default":true,"robots_noindex":false,"robots_noarchive":false,"robots_nosnippet":false,"robots_nofollow":false,"robots_noimageindex":false,"robots_noodp":false,"robots_notranslate":false,"robots_max_snippet":"-1","robots_max_videopreview":"-1","robots_max_imagepreview":"large","priority":null,"frequency":"default","location":null,"local_seo":null,"seo_analyzer_scan_date":"2025-09-02 04:28:28","breadcrumb_settings":null,"limit_modified_date":false,"reviewed_by":null,"open_ai":"{\"title\":{\"suggestions\":[],\"usage\":0},\"description\":{\"suggestions\":[],\"usage\":0}}","ai":null,"created":"2024-02-16 17:36:34","updated":"2025-09-02 04:28:28"},"aioseo_breadcrumb":"<div class=\"aioseo-breadcrumbs\"><span class=\"aioseo-breadcrumb\">\n\t<a href=\"https:\/\/candas365.es\/noticias\" title=\"Home\">Home<\/a>\n<\/span><span class=\"aioseo-breadcrumb-separator\">&ndash;<\/span><span class=\"aioseo-breadcrumb\">\n\t<a href=\"https:\/\/candas365.es\/noticias\/category\/internacional\/\" title=\"Internacional\">Internacional<\/a>\n<\/span><span class=\"aioseo-breadcrumb-separator\">&ndash;<\/span><span class=\"aioseo-breadcrumb\">\n\tBaerbock: \u00abIsrael tiene derecho a defenderse del brutal terror de Ham\u00e1s\u00bb\n<\/span><\/div>","aioseo_breadcrumb_json":[{"label":"Home","link":"https:\/\/candas365.es\/noticias"},{"label":"Internacional","link":"https:\/\/candas365.es\/noticias\/category\/internacional\/"},{"label":"Baerbock: \u00abIsrael tiene derecho a defenderse del brutal terror de Ham\u00e1s\u00bb","link":"https:\/\/candas365.es\/noticias\/baerbock-israel-tiene-derecho-a-defenderse-del-brutal-terror-de-hamas\/"}],"_links":{"self":[{"href":"https:\/\/candas365.es\/noticias\/wp-json\/wp\/v2\/posts\/178454","targetHints":{"allow":["GET"]}}],"collection":[{"href":"https:\/\/candas365.es\/noticias\/wp-json\/wp\/v2\/posts"}],"about":[{"href":"https:\/\/candas365.es\/noticias\/wp-json\/wp\/v2\/types\/post"}],"author":[{"embeddable":true,"href":"https:\/\/candas365.es\/noticias\/wp-json\/wp\/v2\/users\/1"}],"replies":[{"embeddable":true,"href":"https:\/\/candas365.es\/noticias\/wp-json\/wp\/v2\/comments?post=178454"}],"version-history":[{"count":0,"href":"https:\/\/candas365.es\/noticias\/wp-json\/wp\/v2\/posts\/178454\/revisions"}],"wp:featuredmedia":[{"embeddable":true,"href":"https:\/\/candas365.es\/noticias\/wp-json\/wp\/v2\/media\/178455"}],"wp:attachment":[{"href":"https:\/\/candas365.es\/noticias\/wp-json\/wp\/v2\/media?parent=178454"}],"wp:term":[{"taxonomy":"category","embeddable":true,"href":"https:\/\/candas365.es\/noticias\/wp-json\/wp\/v2\/categories?post=178454"},{"taxonomy":"post_tag","embeddable":true,"href":"https:\/\/candas365.es\/noticias\/wp-json\/wp\/v2\/tags?post=178454"}],"curies":[{"name":"wp","href":"https:\/\/api.w.org\/{rel}","templated":true}]}}