{"id":178333,"date":"2024-02-11T20:57:48","date_gmt":"2024-02-11T19:57:48","guid":{"rendered":"https:\/\/candas365.es\/noticias\/?p=178333"},"modified":"2024-02-11T20:57:48","modified_gmt":"2024-02-11T19:57:48","slug":"menschen-in-deutschland-haben-wieder-mehr-appetit-auf-bio","status":"publish","type":"post","link":"https:\/\/candas365.es\/noticias\/menschen-in-deutschland-haben-wieder-mehr-appetit-auf-bio\/","title":{"rendered":"Menschen in Deutschland haben wieder mehr Appetit auf Bio"},"content":{"rendered":"<p>N\u00fcrnberg (<a title=\"dpa\" href=\"https:\/\/www.dpa-news.de\/\" target=\"_blank\" rel=\"noopener\"><span style=\"color: #ff6600;\"><strong>dpa<\/strong><\/span><\/a>) &#8211; Trotz Inflation und schwacher Konjunktur haben die Menschen in Deutschland wieder mehr Geschmack an Bio-Lebensmitteln gefunden. Nach einer leichten Delle 2022 habe die Nachfrage im vergangenen Jahr wieder zugenommen, sagte die Vorsitzende des Bunds \u00d6kologische Lebensmittelwirtschaft (B\u00d6LW), Tina Andres.<\/p>\n<figure id=\"attachment_178334\" aria-describedby=\"caption-attachment-178334\" style=\"width: 650px\" class=\"wp-caption aligncenter\"><img fetchpriority=\"high\" decoding=\"async\" class=\"size-large wp-image-178334\" src=\"https:\/\/candas365.es\/noticias\/wp-content\/uploads\/2024\/02\/Menschen-in-Deutschland-haben-wieder-mehr-Appetit-auf-Bio-650x426.jpg\" alt=\"Menschen in Deutschland haben wieder mehr Appetit auf Bio\" width=\"650\" height=\"426\" srcset=\"https:\/\/candas365.es\/noticias\/wp-content\/uploads\/2024\/02\/Menschen-in-Deutschland-haben-wieder-mehr-Appetit-auf-Bio-650x426.jpg 650w, https:\/\/candas365.es\/noticias\/wp-content\/uploads\/2024\/02\/Menschen-in-Deutschland-haben-wieder-mehr-Appetit-auf-Bio-360x236.jpg 360w, https:\/\/candas365.es\/noticias\/wp-content\/uploads\/2024\/02\/Menschen-in-Deutschland-haben-wieder-mehr-Appetit-auf-Bio-768x503.jpg 768w, https:\/\/candas365.es\/noticias\/wp-content\/uploads\/2024\/02\/Menschen-in-Deutschland-haben-wieder-mehr-Appetit-auf-Bio-150x98.jpg 150w, https:\/\/candas365.es\/noticias\/wp-content\/uploads\/2024\/02\/Menschen-in-Deutschland-haben-wieder-mehr-Appetit-auf-Bio-450x295.jpg 450w, https:\/\/candas365.es\/noticias\/wp-content\/uploads\/2024\/02\/Menschen-in-Deutschland-haben-wieder-mehr-Appetit-auf-Bio.jpg 1023w\" sizes=\"(max-width: 650px) 100vw, 650px\" \/><figcaption id=\"caption-attachment-178334\" class=\"wp-caption-text\">Regionales Bio-Gem\u00fcse: Die Nachfrage nach Bio-Lebensmittel ist trotz Krisen wieder gewachsen. Foto: Bernd Settnik\/dpa-Zentralbild\/dpa<\/figcaption><\/figure>\n<p>Das best\u00e4tigt auch der NIQ-Konsumg\u00fcter-Experte David Georgi: \u00abDer Bio-Lebensmittelumsatz konnte 2023 im Vergleich zum Vorjahr nochmals ein deutliches Wachstum von 8,7 Prozent erreichen.\u00bb Interessanterweise gehe diese Entwicklung nicht nur auf h\u00f6here Preise zur\u00fcck wie in vielen anderen Lebensmittelbereichen. \u00abAuch der Absatz w\u00e4chst bei Bio-Lebensmitteln mit 4,7 Prozent deutlich.\u00bb<\/p>\n<p>Genau Zahlen zum deutschen Biomarkt will der B\u00d6LW am Dienstag auf der weltgr\u00f6\u00dften Naturkostmesse Biofach in N\u00fcrnberg vorstellen. Dieser ist der Spitzenverband f\u00fcr die deutschen Erzeugerbetriebe, verarbeitenden Unternehmen und den Handel von Bio-Lebensmitteln. Parallel zur Biofach wird die Naturkosmetikmesse Vivaness veranstaltet. Bis zum 16. Februar werden auf dem Messe-Duo rund 2800 internationale Aussteller Neuheiten zeigen.<\/p>\n<p>\u00abDie Verbraucher kommen langsam wieder aus der Schockstarre, sagte Andres mit Blick auf die Kaufzur\u00fcckhaltung angesichts steigender Lebenshaltungskosten. Der Aufwind sei in allen Vertriebskan\u00e4len sp\u00fcrbar, auch im Fachhandel. Die Naturkostl\u00e4den hatten zuletzt am deutlichsten zu sp\u00fcren bekommen, dass Verbraucherinnen und Verbraucher mehr auf ihre Ausgaben achten. 2022 war deren Gesamtumsatz laut dem Branchenreport der \u00f6kologischen Lebensmittelwirtschaft um rund 12 Prozent auf 3,83 Milliarden Euro gesunken.<\/p>\n<p>Eigenmarken spielten bei den Bio-Lebensmitteln weiter eine entscheidende Rolle, sagte Georgi. Ihr Anteil im Lebensmitteleinzelhandel und den Drogeriem\u00e4rkten liege aktuell bei mehr als 60 Prozent und wachse weiter. Au\u00dferdem kauften die Menschen zunehmend Bio-Produkte im Discounter.<\/p>\n<p>Die Preise f\u00fcr Bio-Lebensmittel seien im Vergleich zu konventionellen Produkten im vergangenen Jahr weniger stark gestiegen, sagte Andres. W\u00e4hrend es bei konventionellen Lebensmitteln einen Preisanstieg um neun Prozent gegeben habe, habe dieser bei Bio bei f\u00fcnf Prozent gelegen. Ein Grund sei, dass die explodierenden Energiekosten die Bio-Landwirte weniger stark treffen. Diese kommen ihr zufolge ohne chemisch synthetische Stickstoffd\u00fcnger und Pestizide aus, die mit fossiler Energie hergestellt werden.<\/p>\n<p>Immer mehr B\u00e4uerinnen und Bauern steigen laut dem B\u00d6LW in Deutschland auf Bio-Anbau um. \u00abT\u00e4glich kommen Fl\u00e4chen in der Gr\u00f6\u00dfe von \u00fcber 300 Fu\u00dfballfeldern hinzu\u00bb, sagte Andres. 2022 hatte die Anbaufl\u00e4che auf fast 1,87 Millionen Hektar zugelegt &#8211; das sind rund 11 Prozent der deutschen Agrarfl\u00e4che.<\/p>\n<p>Auch mit dem erneuten Zuwachs sei man immer noch weit von dem Ziel entfernt, dass 30 Prozent der Landwirtschaftsfl\u00e4che bis 2030 \u00f6kologisch bewirtschaftet werden sollten, betonte Andres. \u00abWir haben kein Erkenntnisproblem, sondern wir haben ein Umsetzungsproblem in der Landwirtschaftspolitik.\u00bb Es gebe hervorragende Pl\u00e4ne und ausgearbeitete Strategien. Doch das werde alles nicht funktionieren, wenn man diese nicht mit einem ausreichenden Budget ausstatte, sagte sie.<\/p>\n","protected":false},"excerpt":{"rendered":"<p>N\u00fcrnberg (dpa) &#8211; Trotz Inflation und schwacher Konjunktur haben die Menschen in Deutschland wieder mehr Geschmack an Bio-Lebensmitteln gefunden. Nach einer leichten Delle 2022 habe die Nachfrage im vergangenen Jahr wieder zugenommen, sagte die Vorsitzende des Bunds \u00d6kologische Lebensmittelwirtschaft (B\u00d6LW), Tina Andres. Das best\u00e4tigt auch der NIQ-Konsumg\u00fcter-Experte David Georgi: \u00abDer Bio-Lebensmittelumsatz konnte 2023 im Vergleich<\/p>\n","protected":false},"author":1,"featured_media":178334,"comment_status":"closed","ping_status":"closed","sticky":false,"template":"","format":"standard","meta":{"footnotes":""},"categories":[536],"tags":[427],"class_list":{"0":"post-178333","1":"post","2":"type-post","3":"status-publish","4":"format-standard","5":"has-post-thumbnail","7":"category-candas-news","8":"tag-news"},"aioseo_notices":[],"aioseo_head":"\n\t\t<!-- All in One SEO Pro 4.9.6.2 - aioseo.com -->\n\t<meta name=\"description\" content=\"N\u00fcrnberg (dpa) - Trotz Inflation und schwacher Konjunktur haben die Menschen in Deutschland wieder mehr Geschmack an Bio-Lebensmitteln gefunden\" \/>\n\t<meta name=\"robots\" content=\"max-image-preview:large\" \/>\n\t<meta name=\"author\" content=\"Cand\u00e1s 365\"\/>\n\t<meta name=\"google-site-verification\" content=\"UA-32230408-1\" \/>\n\t<meta name=\"msvalidate.01\" content=\"354F3CDFB2DA171B47FBE9ABF1F88D5\" \/>\n\t<meta name=\"keywords\" content=\"news\" \/>\n\t<link rel=\"canonical\" href=\"https:\/\/candas365.es\/noticias\/menschen-in-deutschland-haben-wieder-mehr-appetit-auf-bio\/\" \/>\n\t<meta name=\"generator\" content=\"All in One SEO Pro (AIOSEO) 4.9.6.2\" \/>\n\t\t<meta property=\"og:locale\" content=\"es_ES\" \/>\n\t\t<meta property=\"og:site_name\" content=\"Cand\u00e1s 365\" \/>\n\t\t<meta property=\"og:type\" content=\"article\" \/>\n\t\t<meta property=\"og:title\" content=\"Menschen in Deutschland haben wieder mehr Appetit auf Bio | Cand\u00e1s 365\" \/>\n\t\t<meta property=\"og:description\" content=\"N\u00fcrnberg (dpa) - Trotz Inflation und schwacher Konjunktur haben die Menschen in Deutschland wieder mehr Geschmack an Bio-Lebensmitteln gefunden\" \/>\n\t\t<meta property=\"og:url\" content=\"https:\/\/candas365.es\/noticias\/menschen-in-deutschland-haben-wieder-mehr-appetit-auf-bio\/\" \/>\n\t\t<meta property=\"og:image\" content=\"https:\/\/candas365.es\/noticias\/wp-content\/uploads\/2024\/02\/Menschen-in-Deutschland-haben-wieder-mehr-Appetit-auf-Bio.jpg\" \/>\n\t\t<meta property=\"og:image:secure_url\" content=\"https:\/\/candas365.es\/noticias\/wp-content\/uploads\/2024\/02\/Menschen-in-Deutschland-haben-wieder-mehr-Appetit-auf-Bio.jpg\" \/>\n\t\t<meta property=\"og:image:width\" content=\"1023\" \/>\n\t\t<meta property=\"og:image:height\" content=\"670\" \/>\n\t\t<meta property=\"article:published_time\" content=\"2024-02-11T19:57:48+00:00\" \/>\n\t\t<meta property=\"article:modified_time\" content=\"2024-02-11T19:57:48+00:00\" \/>\n\t\t<meta property=\"article:publisher\" content=\"https:\/\/www.facebook.com\/Nachofdezber\" \/>\n\t\t<meta property=\"article:author\" content=\"https:\/\/www.facebook.com\/carrenoactualidad\" \/>\n\t\t<meta name=\"twitter:card\" content=\"summary_large_image\" \/>\n\t\t<meta name=\"twitter:site\" content=\"@NabercoDigital\" \/>\n\t\t<meta name=\"twitter:title\" content=\"Menschen in Deutschland haben wieder mehr Appetit auf Bio | Cand\u00e1s 365\" \/>\n\t\t<meta name=\"twitter:description\" content=\"N\u00fcrnberg (dpa) - Trotz Inflation und schwacher Konjunktur haben die Menschen in Deutschland wieder mehr Geschmack an Bio-Lebensmitteln gefunden\" \/>\n\t\t<meta name=\"twitter:creator\" content=\"@nbasturias\" \/>\n\t\t<meta name=\"twitter:image\" content=\"https:\/\/candas365.es\/noticias\/wp-content\/uploads\/2024\/02\/Menschen-in-Deutschland-haben-wieder-mehr-Appetit-auf-Bio.jpg\" \/>\n\t\t<meta name=\"twitter:label1\" content=\"Escrito por\" \/>\n\t\t<meta name=\"twitter:data1\" content=\"Cand\u00e1s 365\" \/>\n\t\t<meta name=\"twitter:label2\" content=\"Tiempo de lectura estimado\" \/>\n\t\t<meta name=\"twitter:data2\" content=\"2 minutos\" \/>\n\t\t<script type=\"application\/ld+json\" class=\"aioseo-schema\">\n\t\t\t{\"@context\":\"https:\\\/\\\/schema.org\",\"@graph\":[{\"@type\":\"BreadcrumbList\",\"@id\":\"https:\\\/\\\/candas365.es\\\/noticias\\\/menschen-in-deutschland-haben-wieder-mehr-appetit-auf-bio\\\/#breadcrumblist\",\"itemListElement\":[{\"@type\":\"ListItem\",\"@id\":\"https:\\\/\\\/candas365.es\\\/noticias#listItem\",\"position\":1,\"name\":\"Home\",\"item\":\"https:\\\/\\\/candas365.es\\\/noticias\",\"nextItem\":{\"@type\":\"ListItem\",\"@id\":\"https:\\\/\\\/candas365.es\\\/noticias\\\/category\\\/candas-news\\\/#listItem\",\"name\":\"News\"}},{\"@type\":\"ListItem\",\"@id\":\"https:\\\/\\\/candas365.es\\\/noticias\\\/category\\\/candas-news\\\/#listItem\",\"position\":2,\"name\":\"News\",\"item\":\"https:\\\/\\\/candas365.es\\\/noticias\\\/category\\\/candas-news\\\/\",\"nextItem\":{\"@type\":\"ListItem\",\"@id\":\"https:\\\/\\\/candas365.es\\\/noticias\\\/menschen-in-deutschland-haben-wieder-mehr-appetit-auf-bio\\\/#listItem\",\"name\":\"Menschen in Deutschland haben wieder mehr Appetit auf Bio\"},\"previousItem\":{\"@type\":\"ListItem\",\"@id\":\"https:\\\/\\\/candas365.es\\\/noticias#listItem\",\"name\":\"Home\"}},{\"@type\":\"ListItem\",\"@id\":\"https:\\\/\\\/candas365.es\\\/noticias\\\/menschen-in-deutschland-haben-wieder-mehr-appetit-auf-bio\\\/#listItem\",\"position\":3,\"name\":\"Menschen in Deutschland haben wieder mehr Appetit auf Bio\",\"previousItem\":{\"@type\":\"ListItem\",\"@id\":\"https:\\\/\\\/candas365.es\\\/noticias\\\/category\\\/candas-news\\\/#listItem\",\"name\":\"News\"}}]},{\"@type\":\"NewsArticle\",\"@id\":\"https:\\\/\\\/candas365.es\\\/noticias\\\/menschen-in-deutschland-haben-wieder-mehr-appetit-auf-bio\\\/#newsarticle\",\"name\":\"Menschen in Deutschland haben wieder mehr Appetit auf Bio | Cand\\u00e1s 365\",\"headline\":\"Menschen in Deutschland haben wieder mehr Appetit auf Bio\",\"author\":{\"@id\":\"https:\\\/\\\/candas365.es\\\/noticias\\\/author\\\/admin\\\/#author\"},\"publisher\":{\"@id\":\"https:\\\/\\\/candas365.es\\\/noticias\\\/#organization\"},\"image\":{\"@type\":\"ImageObject\",\"url\":\"https:\\\/\\\/candas365.es\\\/noticias\\\/wp-content\\\/uploads\\\/2024\\\/02\\\/Menschen-in-Deutschland-haben-wieder-mehr-Appetit-auf-Bio.jpg\",\"width\":1023,\"height\":670,\"caption\":\"Regionales Bio-Gem\\u00fcse: Die Nachfrage nach Bio-Lebensmittel ist trotz Krisen wieder gewachsen. Foto: Bernd Settnik\\\/dpa-Zentralbild\\\/dpa\"},\"datePublished\":\"2024-02-11T20:57:48+01:00\",\"dateModified\":\"2024-02-11T20:57:48+01:00\",\"inLanguage\":\"es-ES\",\"mainEntityOfPage\":{\"@id\":\"https:\\\/\\\/candas365.es\\\/noticias\\\/menschen-in-deutschland-haben-wieder-mehr-appetit-auf-bio\\\/#webpage\"},\"isPartOf\":{\"@id\":\"https:\\\/\\\/candas365.es\\\/noticias\\\/menschen-in-deutschland-haben-wieder-mehr-appetit-auf-bio\\\/#webpage\"},\"articleSection\":\"News, news\",\"dateline\":\"Publicado el febrero 11, 2024.\"},{\"@type\":\"Organization\",\"@id\":\"https:\\\/\\\/candas365.es\\\/noticias\\\/#organization\",\"name\":\"Cand\\u00e1s 365\",\"description\":\"Cand\\u00e1s 365 es un diario digital independiente, fundado en 2012, con base en Asturias. Informamos con rigor sobre actualidad, sociedad, cultura y ocio, con una mirada local y global.\",\"url\":\"https:\\\/\\\/candas365.es\\\/noticias\\\/\",\"email\":\"info@candas365.es\",\"telephone\":\"+34652131393\",\"foundingDate\":\"2012-06-10\",\"logo\":{\"@type\":\"ImageObject\",\"url\":\"https:\\\/\\\/candas365.es\\\/noticias\\\/wp-content\\\/uploads\\\/2024\\\/09\\\/Candas-365-Redes.jpg\",\"@id\":\"https:\\\/\\\/candas365.es\\\/noticias\\\/menschen-in-deutschland-haben-wieder-mehr-appetit-auf-bio\\\/#organizationLogo\",\"width\":1152,\"height\":864,\"caption\":\"Cand\\u00e1s 365 Redes\"},\"image\":{\"@id\":\"https:\\\/\\\/candas365.es\\\/noticias\\\/menschen-in-deutschland-haben-wieder-mehr-appetit-auf-bio\\\/#organizationLogo\"},\"sameAs\":[\"https:\\\/\\\/www.facebook.com\\\/Nachofdezber\",\"https:\\\/\\\/x.com\\\/NabercoDigital\",\"https:\\\/\\\/www.instagram.com\\\/nachofdezber\\\/\",\"https:\\\/\\\/www.youtube.com\\\/channel\\\/UCZP-2wLEB9Rv6erhFmqVnvg\"],\"address\":{\"@id\":\"https:\\\/\\\/candas365.es\\\/noticias\\\/#postaladdress\",\"@type\":\"PostalAddress\",\"streetAddress\":\"san antonio 4, san antonio 4\",\"postalCode\":\"33430\",\"addressLocality\":\"Cand\\u00e1s\",\"addressRegion\":\"Asturias\",\"addressCountry\":\"ES\"}},{\"@type\":\"Person\",\"@id\":\"https:\\\/\\\/candas365.es\\\/noticias\\\/author\\\/admin\\\/#author\",\"url\":\"https:\\\/\\\/candas365.es\\\/noticias\\\/author\\\/admin\\\/\",\"name\":\"Cand\\u00e1s 365\",\"image\":{\"@type\":\"ImageObject\",\"@id\":\"https:\\\/\\\/candas365.es\\\/noticias\\\/menschen-in-deutschland-haben-wieder-mehr-appetit-auf-bio\\\/#authorImage\",\"url\":\"https:\\\/\\\/secure.gravatar.com\\\/avatar\\\/496a8e03d0c493ede1718b7934145dbdf8d89be1036b0eec9544e1094c9de390?s=96&d=mm&r=g\",\"width\":96,\"height\":96,\"caption\":\"Cand\\u00e1s 365\"},\"sameAs\":[\"https:\\\/\\\/www.facebook.com\\\/carrenoactualidad\",\"https:\\\/\\\/twitter.com\\\/nbasturias\",\"https:\\\/\\\/www.instagram.com\\\/nachofdezber\\\/\",\"https:\\\/\\\/www.youtube.com\\\/channel\\\/UCZP-2wLEB9Rv6erhFmqVnvg\"]},{\"@type\":\"WebPage\",\"@id\":\"https:\\\/\\\/candas365.es\\\/noticias\\\/menschen-in-deutschland-haben-wieder-mehr-appetit-auf-bio\\\/#webpage\",\"url\":\"https:\\\/\\\/candas365.es\\\/noticias\\\/menschen-in-deutschland-haben-wieder-mehr-appetit-auf-bio\\\/\",\"name\":\"Menschen in Deutschland haben wieder mehr Appetit auf Bio | Cand\\u00e1s 365\",\"description\":\"N\\u00fcrnberg (dpa) - Trotz Inflation und schwacher Konjunktur haben die Menschen in Deutschland wieder mehr Geschmack an Bio-Lebensmitteln gefunden\",\"inLanguage\":\"es-ES\",\"isPartOf\":{\"@id\":\"https:\\\/\\\/candas365.es\\\/noticias\\\/#website\"},\"breadcrumb\":{\"@id\":\"https:\\\/\\\/candas365.es\\\/noticias\\\/menschen-in-deutschland-haben-wieder-mehr-appetit-auf-bio\\\/#breadcrumblist\"},\"author\":{\"@id\":\"https:\\\/\\\/candas365.es\\\/noticias\\\/author\\\/admin\\\/#author\"},\"creator\":{\"@id\":\"https:\\\/\\\/candas365.es\\\/noticias\\\/author\\\/admin\\\/#author\"},\"image\":{\"@type\":\"ImageObject\",\"url\":\"https:\\\/\\\/candas365.es\\\/noticias\\\/wp-content\\\/uploads\\\/2024\\\/02\\\/Menschen-in-Deutschland-haben-wieder-mehr-Appetit-auf-Bio.jpg\",\"@id\":\"https:\\\/\\\/candas365.es\\\/noticias\\\/menschen-in-deutschland-haben-wieder-mehr-appetit-auf-bio\\\/#mainImage\",\"width\":1023,\"height\":670,\"caption\":\"Regionales Bio-Gem\\u00fcse: Die Nachfrage nach Bio-Lebensmittel ist trotz Krisen wieder gewachsen. Foto: Bernd Settnik\\\/dpa-Zentralbild\\\/dpa\"},\"primaryImageOfPage\":{\"@id\":\"https:\\\/\\\/candas365.es\\\/noticias\\\/menschen-in-deutschland-haben-wieder-mehr-appetit-auf-bio\\\/#mainImage\"},\"datePublished\":\"2024-02-11T20:57:48+01:00\",\"dateModified\":\"2024-02-11T20:57:48+01:00\"},{\"@type\":\"WebSite\",\"@id\":\"https:\\\/\\\/candas365.es\\\/noticias\\\/#website\",\"url\":\"https:\\\/\\\/candas365.es\\\/noticias\\\/\",\"name\":\"Cand\\u00e1s 365\",\"alternateName\":\"Cand\\u00e1s 365 Noticias\",\"description\":\"Actualidad desde Carre\\u00f1o para el mundo\",\"inLanguage\":\"es-ES\",\"publisher\":{\"@id\":\"https:\\\/\\\/candas365.es\\\/noticias\\\/#organization\"}}]}\n\t\t<\/script>\n\t\t<!-- All in One SEO Pro -->\r\n\t\t<title>Menschen in Deutschland haben wieder mehr Appetit auf Bio | Cand\u00e1s 365<\/title>\n\n","aioseo_head_json":{"title":"Menschen in Deutschland haben wieder mehr Appetit auf Bio | Cand\u00e1s 365","description":"N\u00fcrnberg (dpa) - Trotz Inflation und schwacher Konjunktur haben die Menschen in Deutschland wieder mehr Geschmack an Bio-Lebensmitteln gefunden","canonical_url":"https:\/\/candas365.es\/noticias\/menschen-in-deutschland-haben-wieder-mehr-appetit-auf-bio\/","robots":"max-image-preview:large","keywords":"news","webmasterTools":{"google-site-verification":"UA-32230408-1","msvalidate.01":"354F3CDFB2DA171B47FBE9ABF1F88D5","miscellaneous":""},"schema":{"@context":"https:\/\/schema.org","@graph":[{"@type":"BreadcrumbList","@id":"https:\/\/candas365.es\/noticias\/menschen-in-deutschland-haben-wieder-mehr-appetit-auf-bio\/#breadcrumblist","itemListElement":[{"@type":"ListItem","@id":"https:\/\/candas365.es\/noticias#listItem","position":1,"name":"Home","item":"https:\/\/candas365.es\/noticias","nextItem":{"@type":"ListItem","@id":"https:\/\/candas365.es\/noticias\/category\/candas-news\/#listItem","name":"News"}},{"@type":"ListItem","@id":"https:\/\/candas365.es\/noticias\/category\/candas-news\/#listItem","position":2,"name":"News","item":"https:\/\/candas365.es\/noticias\/category\/candas-news\/","nextItem":{"@type":"ListItem","@id":"https:\/\/candas365.es\/noticias\/menschen-in-deutschland-haben-wieder-mehr-appetit-auf-bio\/#listItem","name":"Menschen in Deutschland haben wieder mehr Appetit auf Bio"},"previousItem":{"@type":"ListItem","@id":"https:\/\/candas365.es\/noticias#listItem","name":"Home"}},{"@type":"ListItem","@id":"https:\/\/candas365.es\/noticias\/menschen-in-deutschland-haben-wieder-mehr-appetit-auf-bio\/#listItem","position":3,"name":"Menschen in Deutschland haben wieder mehr Appetit auf Bio","previousItem":{"@type":"ListItem","@id":"https:\/\/candas365.es\/noticias\/category\/candas-news\/#listItem","name":"News"}}]},{"@type":"NewsArticle","@id":"https:\/\/candas365.es\/noticias\/menschen-in-deutschland-haben-wieder-mehr-appetit-auf-bio\/#newsarticle","name":"Menschen in Deutschland haben wieder mehr Appetit auf Bio | Cand\u00e1s 365","headline":"Menschen in Deutschland haben wieder mehr Appetit auf Bio","author":{"@id":"https:\/\/candas365.es\/noticias\/author\/admin\/#author"},"publisher":{"@id":"https:\/\/candas365.es\/noticias\/#organization"},"image":{"@type":"ImageObject","url":"https:\/\/candas365.es\/noticias\/wp-content\/uploads\/2024\/02\/Menschen-in-Deutschland-haben-wieder-mehr-Appetit-auf-Bio.jpg","width":1023,"height":670,"caption":"Regionales Bio-Gem\u00fcse: Die Nachfrage nach Bio-Lebensmittel ist trotz Krisen wieder gewachsen. Foto: Bernd Settnik\/dpa-Zentralbild\/dpa"},"datePublished":"2024-02-11T20:57:48+01:00","dateModified":"2024-02-11T20:57:48+01:00","inLanguage":"es-ES","mainEntityOfPage":{"@id":"https:\/\/candas365.es\/noticias\/menschen-in-deutschland-haben-wieder-mehr-appetit-auf-bio\/#webpage"},"isPartOf":{"@id":"https:\/\/candas365.es\/noticias\/menschen-in-deutschland-haben-wieder-mehr-appetit-auf-bio\/#webpage"},"articleSection":"News, news","dateline":"Publicado el febrero 11, 2024."},{"@type":"Organization","@id":"https:\/\/candas365.es\/noticias\/#organization","name":"Cand\u00e1s 365","description":"Cand\u00e1s 365 es un diario digital independiente, fundado en 2012, con base en Asturias. Informamos con rigor sobre actualidad, sociedad, cultura y ocio, con una mirada local y global.","url":"https:\/\/candas365.es\/noticias\/","email":"info@candas365.es","telephone":"+34652131393","foundingDate":"2012-06-10","logo":{"@type":"ImageObject","url":"https:\/\/candas365.es\/noticias\/wp-content\/uploads\/2024\/09\/Candas-365-Redes.jpg","@id":"https:\/\/candas365.es\/noticias\/menschen-in-deutschland-haben-wieder-mehr-appetit-auf-bio\/#organizationLogo","width":1152,"height":864,"caption":"Cand\u00e1s 365 Redes"},"image":{"@id":"https:\/\/candas365.es\/noticias\/menschen-in-deutschland-haben-wieder-mehr-appetit-auf-bio\/#organizationLogo"},"sameAs":["https:\/\/www.facebook.com\/Nachofdezber","https:\/\/x.com\/NabercoDigital","https:\/\/www.instagram.com\/nachofdezber\/","https:\/\/www.youtube.com\/channel\/UCZP-2wLEB9Rv6erhFmqVnvg"],"address":{"@id":"https:\/\/candas365.es\/noticias\/#postaladdress","@type":"PostalAddress","streetAddress":"san antonio 4, san antonio 4","postalCode":"33430","addressLocality":"Cand\u00e1s","addressRegion":"Asturias","addressCountry":"ES"}},{"@type":"Person","@id":"https:\/\/candas365.es\/noticias\/author\/admin\/#author","url":"https:\/\/candas365.es\/noticias\/author\/admin\/","name":"Cand\u00e1s 365","image":{"@type":"ImageObject","@id":"https:\/\/candas365.es\/noticias\/menschen-in-deutschland-haben-wieder-mehr-appetit-auf-bio\/#authorImage","url":"https:\/\/secure.gravatar.com\/avatar\/496a8e03d0c493ede1718b7934145dbdf8d89be1036b0eec9544e1094c9de390?s=96&d=mm&r=g","width":96,"height":96,"caption":"Cand\u00e1s 365"},"sameAs":["https:\/\/www.facebook.com\/carrenoactualidad","https:\/\/twitter.com\/nbasturias","https:\/\/www.instagram.com\/nachofdezber\/","https:\/\/www.youtube.com\/channel\/UCZP-2wLEB9Rv6erhFmqVnvg"]},{"@type":"WebPage","@id":"https:\/\/candas365.es\/noticias\/menschen-in-deutschland-haben-wieder-mehr-appetit-auf-bio\/#webpage","url":"https:\/\/candas365.es\/noticias\/menschen-in-deutschland-haben-wieder-mehr-appetit-auf-bio\/","name":"Menschen in Deutschland haben wieder mehr Appetit auf Bio | Cand\u00e1s 365","description":"N\u00fcrnberg (dpa) - Trotz Inflation und schwacher Konjunktur haben die Menschen in Deutschland wieder mehr Geschmack an Bio-Lebensmitteln gefunden","inLanguage":"es-ES","isPartOf":{"@id":"https:\/\/candas365.es\/noticias\/#website"},"breadcrumb":{"@id":"https:\/\/candas365.es\/noticias\/menschen-in-deutschland-haben-wieder-mehr-appetit-auf-bio\/#breadcrumblist"},"author":{"@id":"https:\/\/candas365.es\/noticias\/author\/admin\/#author"},"creator":{"@id":"https:\/\/candas365.es\/noticias\/author\/admin\/#author"},"image":{"@type":"ImageObject","url":"https:\/\/candas365.es\/noticias\/wp-content\/uploads\/2024\/02\/Menschen-in-Deutschland-haben-wieder-mehr-Appetit-auf-Bio.jpg","@id":"https:\/\/candas365.es\/noticias\/menschen-in-deutschland-haben-wieder-mehr-appetit-auf-bio\/#mainImage","width":1023,"height":670,"caption":"Regionales Bio-Gem\u00fcse: Die Nachfrage nach Bio-Lebensmittel ist trotz Krisen wieder gewachsen. Foto: Bernd Settnik\/dpa-Zentralbild\/dpa"},"primaryImageOfPage":{"@id":"https:\/\/candas365.es\/noticias\/menschen-in-deutschland-haben-wieder-mehr-appetit-auf-bio\/#mainImage"},"datePublished":"2024-02-11T20:57:48+01:00","dateModified":"2024-02-11T20:57:48+01:00"},{"@type":"WebSite","@id":"https:\/\/candas365.es\/noticias\/#website","url":"https:\/\/candas365.es\/noticias\/","name":"Cand\u00e1s 365","alternateName":"Cand\u00e1s 365 Noticias","description":"Actualidad desde Carre\u00f1o para el mundo","inLanguage":"es-ES","publisher":{"@id":"https:\/\/candas365.es\/noticias\/#organization"}}]},"og:locale":"es_ES","og:site_name":"Cand\u00e1s 365","og:type":"article","og:title":"Menschen in Deutschland haben wieder mehr Appetit auf Bio | Cand\u00e1s 365","og:description":"N\u00fcrnberg (dpa) - Trotz Inflation und schwacher Konjunktur haben die Menschen in Deutschland wieder mehr Geschmack an Bio-Lebensmitteln gefunden","og:url":"https:\/\/candas365.es\/noticias\/menschen-in-deutschland-haben-wieder-mehr-appetit-auf-bio\/","og:image":"https:\/\/candas365.es\/noticias\/wp-content\/uploads\/2024\/02\/Menschen-in-Deutschland-haben-wieder-mehr-Appetit-auf-Bio.jpg","og:image:secure_url":"https:\/\/candas365.es\/noticias\/wp-content\/uploads\/2024\/02\/Menschen-in-Deutschland-haben-wieder-mehr-Appetit-auf-Bio.jpg","og:image:width":1023,"og:image:height":670,"article:published_time":"2024-02-11T19:57:48+00:00","article:modified_time":"2024-02-11T19:57:48+00:00","article:publisher":"https:\/\/www.facebook.com\/Nachofdezber","article:author":"https:\/\/www.facebook.com\/carrenoactualidad","twitter:card":"summary_large_image","twitter:site":"@NabercoDigital","twitter:title":"Menschen in Deutschland haben wieder mehr Appetit auf Bio | Cand\u00e1s 365","twitter:description":"N\u00fcrnberg (dpa) - Trotz Inflation und schwacher Konjunktur haben die Menschen in Deutschland wieder mehr Geschmack an Bio-Lebensmitteln gefunden","twitter:creator":"@nbasturias","twitter:image":"https:\/\/candas365.es\/noticias\/wp-content\/uploads\/2024\/02\/Menschen-in-Deutschland-haben-wieder-mehr-Appetit-auf-Bio.jpg","twitter:label1":"Escrito por","twitter:data1":"Cand\u00e1s 365","twitter:label2":"Tiempo de lectura estimado","twitter:data2":"2 minutos"},"aioseo_meta_data":{"post_id":"178333","title":null,"description":"N\u00fcrnberg (dpa) - Trotz Inflation und schwacher Konjunktur haben die Menschen in Deutschland wieder mehr Geschmack an Bio-Lebensmitteln gefunden","keywords":[],"keyphrases":{"focus":{"keyphrase":"Deutschland","score":83,"analysis":{"keyphraseInTitle":{"score":9,"maxScore":9,"error":0},"keyphraseInDescription":{"score":9,"maxScore":9,"error":0},"keyphraseLength":{"score":9,"maxScore":9,"error":0,"length":1},"keyphraseInURL":[],"keyphraseInIntroduction":{"score":9,"maxScore":9,"error":0},"keyphraseInSubHeadings":[],"keyphraseInImageAlt":{"score":9,"maxScore":9,"error":0},"keywordDensity":{"score":0,"type":"low","maxScore":9,"error":1}}},"additional":[{"keyphrase":"Deutschland","score":80,"analysis":{"keyphraseInDescription":{"score":9,"maxScore":9,"error":0},"keyphraseLength":{"score":9,"maxScore":9,"error":0,"length":1},"keyphraseInIntroduction":{"score":9,"maxScore":9,"error":0},"keyphraseInImageAlt":{"score":9,"maxScore":9,"error":0},"keywordDensity":{"score":0,"type":"low","maxScore":9,"error":1}}}]},"primary_term":null,"canonical_url":null,"og_title":null,"og_description":null,"og_object_type":"default","og_image_type":"default","og_image_url":null,"og_image_width":null,"og_image_height":null,"og_image_custom_url":null,"og_image_custom_fields":null,"og_video":"","og_custom_url":null,"og_article_section":null,"og_article_tags":[],"twitter_use_og":false,"twitter_card":"default","twitter_image_type":"default","twitter_image_url":null,"twitter_image_custom_url":null,"twitter_image_custom_fields":null,"twitter_title":null,"twitter_description":null,"schema":{"blockGraphs":[],"customGraphs":[],"default":{"data":{"Article":[],"Course":[],"Dataset":[],"FAQPage":[],"Movie":[],"Person":[],"Product":[],"ProductReview":[],"Car":[],"Recipe":[],"Service":[],"SoftwareApplication":[],"WebPage":[]},"graphName":"Article","isEnabled":true},"graphs":[]},"schema_type":"default","schema_type_options":null,"pillar_content":false,"robots_default":true,"robots_noindex":false,"robots_noarchive":false,"robots_nosnippet":false,"robots_nofollow":false,"robots_noimageindex":false,"robots_noodp":false,"robots_notranslate":false,"robots_max_snippet":"-1","robots_max_videopreview":"-1","robots_max_imagepreview":"large","priority":null,"frequency":"default","location":null,"local_seo":null,"seo_analyzer_scan_date":"2025-09-02 04:13:13","breadcrumb_settings":null,"limit_modified_date":false,"reviewed_by":null,"open_ai":"{\"title\":{\"suggestions\":[],\"usage\":0},\"description\":{\"suggestions\":[],\"usage\":0}}","ai":null,"created":"2024-02-11 19:53:32","updated":"2025-09-02 04:13:13"},"aioseo_breadcrumb":"<div class=\"aioseo-breadcrumbs\"><span class=\"aioseo-breadcrumb\">\n\t<a href=\"https:\/\/candas365.es\/noticias\" title=\"Home\">Home<\/a>\n<\/span><span class=\"aioseo-breadcrumb-separator\">&ndash;<\/span><span class=\"aioseo-breadcrumb\">\n\t<a href=\"https:\/\/candas365.es\/noticias\/category\/candas-news\/\" title=\"News\">News<\/a>\n<\/span><span class=\"aioseo-breadcrumb-separator\">&ndash;<\/span><span class=\"aioseo-breadcrumb\">\n\tMenschen in Deutschland haben wieder mehr Appetit auf Bio\n<\/span><\/div>","aioseo_breadcrumb_json":[{"label":"Home","link":"https:\/\/candas365.es\/noticias"},{"label":"News","link":"https:\/\/candas365.es\/noticias\/category\/candas-news\/"},{"label":"Menschen in Deutschland haben wieder mehr Appetit auf Bio","link":"https:\/\/candas365.es\/noticias\/menschen-in-deutschland-haben-wieder-mehr-appetit-auf-bio\/"}],"_links":{"self":[{"href":"https:\/\/candas365.es\/noticias\/wp-json\/wp\/v2\/posts\/178333","targetHints":{"allow":["GET"]}}],"collection":[{"href":"https:\/\/candas365.es\/noticias\/wp-json\/wp\/v2\/posts"}],"about":[{"href":"https:\/\/candas365.es\/noticias\/wp-json\/wp\/v2\/types\/post"}],"author":[{"embeddable":true,"href":"https:\/\/candas365.es\/noticias\/wp-json\/wp\/v2\/users\/1"}],"replies":[{"embeddable":true,"href":"https:\/\/candas365.es\/noticias\/wp-json\/wp\/v2\/comments?post=178333"}],"version-history":[{"count":0,"href":"https:\/\/candas365.es\/noticias\/wp-json\/wp\/v2\/posts\/178333\/revisions"}],"wp:featuredmedia":[{"embeddable":true,"href":"https:\/\/candas365.es\/noticias\/wp-json\/wp\/v2\/media\/178334"}],"wp:attachment":[{"href":"https:\/\/candas365.es\/noticias\/wp-json\/wp\/v2\/media?parent=178333"}],"wp:term":[{"taxonomy":"category","embeddable":true,"href":"https:\/\/candas365.es\/noticias\/wp-json\/wp\/v2\/categories?post=178333"},{"taxonomy":"post_tag","embeddable":true,"href":"https:\/\/candas365.es\/noticias\/wp-json\/wp\/v2\/tags?post=178333"}],"curies":[{"name":"wp","href":"https:\/\/api.w.org\/{rel}","templated":true}]}}