{"id":178276,"date":"2024-02-09T17:58:10","date_gmt":"2024-02-09T16:58:10","guid":{"rendered":"https:\/\/candas365.es\/noticias\/?p=178276"},"modified":"2024-02-09T17:58:10","modified_gmt":"2024-02-09T16:58:10","slug":"ayuda-militar-a-ucrania-que-opinan-los-alemanes","status":"publish","type":"post","link":"https:\/\/candas365.es\/noticias\/ayuda-militar-a-ucrania-que-opinan-los-alemanes\/","title":{"rendered":"Ayuda militar a Ucrania: \u00bfQu\u00e9 opinan los alemanes?"},"content":{"rendered":"<p>Berl\u00edn, 9 feb (<a title=\"dpa\" href=\"https:\/\/www.dpa-news.de\/\" target=\"_blank\" rel=\"noopener\"><span style=\"color: #ff6600;\"><strong>dpa<\/strong><\/span><\/a>) \u2013 El 39 por ciento de los alemanes considera excesiva la ayuda militar prestada por su pa\u00eds a Ucrania, seg\u00fan una <strong>encuesta realizada por el instituto demosc\u00f3pico YouGov y difundida hoy<\/strong>.<\/p>\n<figure id=\"attachment_178277\" aria-describedby=\"caption-attachment-178277\" style=\"width: 650px\" class=\"wp-caption aligncenter\"><img fetchpriority=\"high\" decoding=\"async\" class=\"size-large wp-image-178277\" src=\"https:\/\/candas365.es\/noticias\/wp-content\/uploads\/2024\/02\/Ayuda-militar-a-Ucrania-650x415.jpg\" alt=\"Ayuda militar a Ucrania\" width=\"650\" height=\"415\" srcset=\"https:\/\/candas365.es\/noticias\/wp-content\/uploads\/2024\/02\/Ayuda-militar-a-Ucrania-650x415.jpg 650w, https:\/\/candas365.es\/noticias\/wp-content\/uploads\/2024\/02\/Ayuda-militar-a-Ucrania-360x230.jpg 360w, https:\/\/candas365.es\/noticias\/wp-content\/uploads\/2024\/02\/Ayuda-militar-a-Ucrania-768x491.jpg 768w, https:\/\/candas365.es\/noticias\/wp-content\/uploads\/2024\/02\/Ayuda-militar-a-Ucrania-150x96.jpg 150w, https:\/\/candas365.es\/noticias\/wp-content\/uploads\/2024\/02\/Ayuda-militar-a-Ucrania-450x288.jpg 450w, https:\/\/candas365.es\/noticias\/wp-content\/uploads\/2024\/02\/Ayuda-militar-a-Ucrania.jpg 1033w\" sizes=\"(max-width: 650px) 100vw, 650px\" \/><figcaption id=\"caption-attachment-178277\" class=\"wp-caption-text\">Foto: Maurizio Gambarini\/dpa<\/figcaption><\/figure>\n<p>Alemania es el segundo mayor <strong>proveedor de armas de <a href=\"https:\/\/candas365.es\/noticias\/tag\/conflictos\/\"><span style=\"color: #ff6600;\">Ucrania<\/span><\/a><\/strong> en su defensa contra Rusia, tras Estados Unidos, con una ayuda entregada o prometida por parte del Gobierno de m\u00e1s de 30.000 millones de euros (32.338 millones de d\u00f3lares).<\/p>\n<p>En la encuesta de YouGov, el 26 por ciento de los entrevistados calific\u00f3 de justo el actual volumen de ayuda militar suministrado al pa\u00eds de Europa del Este. Un 18 por ciento incluso dijo que deber\u00eda aumentarse, mientras que un 17 por ciento prefiri\u00f3 no pronunciarse.<\/p>\n<blockquote><p>El escepticismo es especialmente alto entre los votantes del partido ultraderechista Alternativa para Alemania (AfD), donde el 68 por ciento cree que se suministran demasiadas armas a las fuerzas armadas ucranianas.<\/p><\/blockquote>\n<p>Los partidarios de Los Verdes son los m\u00e1s favorables a un gasto militar elevado para Ucrania, ya que entre ellos el 28 por ciento est\u00e1 a favor de m\u00e1s entregas de armas y solo el 22 por ciento opina que hay que reducir los suministros militares.<\/p>\n<p>El mayor donante militar a Ucrania es Estados Unidos. <strong>Sin embargo, el presidente estadounidense, Joe Biden, est\u00e1 teniendo grandes problemas para conseguir que se autoricen nuevos miles de millones debido al bloqueo de los republicanos en el Congreso.<\/strong><\/p>\n<p>Seg\u00fan la encuesta de YouGov, solo el 20 por ciento de los alemanes considera que es una buena idea que Alemania intervenga y suministre a\u00fan m\u00e1s armas si la ayuda estadounidense se corta por completo.<\/p>\n<p>Asimismo, el 25 por ciento opina que el Gobierno alem\u00e1n deber\u00eda mantener la ayuda al nivel actual y el 13 por ciento sostiene que tendr\u00eda m\u00e1s sentido restringir la ayuda militar.<\/p>\n<p>De producirse el cese de la ayuda estadounidense, el 24 por ciento de los encuestados estar\u00eda a favor de interrumpir tambi\u00e9n por completo el suministro de armas.<\/p>\n","protected":false},"excerpt":{"rendered":"<p>Berl\u00edn, 9 feb (dpa) \u2013 El 39 por ciento de los alemanes considera excesiva la ayuda militar prestada por su pa\u00eds a Ucrania, seg\u00fan una encuesta realizada por el instituto demosc\u00f3pico YouGov y difundida hoy. Alemania es el segundo mayor proveedor de armas de Ucrania en su defensa contra Rusia, tras Estados Unidos, con una<\/p>\n","protected":false},"author":1,"featured_media":178277,"comment_status":"closed","ping_status":"closed","sticky":false,"template":"","format":"standard","meta":{"footnotes":""},"categories":[485],"tags":[417,464],"class_list":{"0":"post-178276","1":"post","2":"type-post","3":"status-publish","4":"format-standard","5":"has-post-thumbnail","7":"category-internacional","8":"tag-alemania","9":"tag-conflictos"},"aioseo_notices":[],"aioseo_head":"\n\t\t<!-- All in One SEO Pro 4.9.6.2 - aioseo.com -->\n\t<meta name=\"description\" content=\"Berl\u00edn, 9 feb (dpa) \u2013 El 39 por ciento de los alemanes considera excesiva la ayuda militar prestada por su pa\u00eds a Ucrania, seg\u00fan una encuesta realizada por\" \/>\n\t<meta name=\"robots\" content=\"max-image-preview:large\" \/>\n\t<meta name=\"author\" content=\"Cand\u00e1s 365\"\/>\n\t<meta name=\"google-site-verification\" content=\"UA-32230408-1\" \/>\n\t<meta name=\"msvalidate.01\" content=\"354F3CDFB2DA171B47FBE9ABF1F88D5\" \/>\n\t<meta name=\"keywords\" content=\"internacional\" \/>\n\t<link rel=\"canonical\" href=\"https:\/\/candas365.es\/noticias\/ayuda-militar-a-ucrania-que-opinan-los-alemanes\/\" \/>\n\t<meta name=\"generator\" content=\"All in One SEO Pro (AIOSEO) 4.9.6.2\" \/>\n\t\t<meta property=\"og:locale\" content=\"es_ES\" \/>\n\t\t<meta property=\"og:site_name\" content=\"Cand\u00e1s 365\" \/>\n\t\t<meta property=\"og:type\" content=\"article\" \/>\n\t\t<meta property=\"og:title\" content=\"Ayuda militar a Ucrania: \u00bfQu\u00e9 opinan los alemanes? | Cand\u00e1s 365\" \/>\n\t\t<meta property=\"og:description\" content=\"Berl\u00edn, 9 feb (dpa) \u2013 El 39 por ciento de los alemanes considera excesiva la ayuda militar prestada por su pa\u00eds a Ucrania, seg\u00fan una encuesta realizada por\" \/>\n\t\t<meta property=\"og:url\" content=\"https:\/\/candas365.es\/noticias\/ayuda-militar-a-ucrania-que-opinan-los-alemanes\/\" \/>\n\t\t<meta property=\"og:image\" content=\"https:\/\/candas365.es\/noticias\/wp-content\/uploads\/2024\/02\/Ayuda-militar-a-Ucrania.jpg\" \/>\n\t\t<meta property=\"og:image:secure_url\" content=\"https:\/\/candas365.es\/noticias\/wp-content\/uploads\/2024\/02\/Ayuda-militar-a-Ucrania.jpg\" \/>\n\t\t<meta property=\"og:image:width\" content=\"1033\" \/>\n\t\t<meta property=\"og:image:height\" content=\"660\" \/>\n\t\t<meta property=\"article:published_time\" content=\"2024-02-09T16:58:10+00:00\" \/>\n\t\t<meta property=\"article:modified_time\" content=\"2024-02-09T16:58:10+00:00\" \/>\n\t\t<meta property=\"article:publisher\" content=\"https:\/\/www.facebook.com\/Nachofdezber\" \/>\n\t\t<meta property=\"article:author\" content=\"https:\/\/www.facebook.com\/carrenoactualidad\" \/>\n\t\t<meta name=\"twitter:card\" content=\"summary_large_image\" \/>\n\t\t<meta name=\"twitter:site\" content=\"@NabercoDigital\" \/>\n\t\t<meta name=\"twitter:title\" content=\"Ayuda militar a Ucrania: \u00bfQu\u00e9 opinan los alemanes? | Cand\u00e1s 365\" \/>\n\t\t<meta name=\"twitter:description\" content=\"Berl\u00edn, 9 feb (dpa) \u2013 El 39 por ciento de los alemanes considera excesiva la ayuda militar prestada por su pa\u00eds a Ucrania, seg\u00fan una encuesta realizada por\" \/>\n\t\t<meta name=\"twitter:creator\" content=\"@nbasturias\" \/>\n\t\t<meta name=\"twitter:image\" content=\"https:\/\/candas365.es\/noticias\/wp-content\/uploads\/2024\/02\/Ayuda-militar-a-Ucrania.jpg\" \/>\n\t\t<meta name=\"twitter:label1\" content=\"Escrito por\" \/>\n\t\t<meta name=\"twitter:data1\" content=\"Cand\u00e1s 365\" \/>\n\t\t<meta name=\"twitter:label2\" content=\"Tiempo de lectura estimado\" \/>\n\t\t<meta name=\"twitter:data2\" content=\"2 minutos\" \/>\n\t\t<script type=\"application\/ld+json\" class=\"aioseo-schema\">\n\t\t\t{\"@context\":\"https:\\\/\\\/schema.org\",\"@graph\":[{\"@type\":\"BreadcrumbList\",\"@id\":\"https:\\\/\\\/candas365.es\\\/noticias\\\/ayuda-militar-a-ucrania-que-opinan-los-alemanes\\\/#breadcrumblist\",\"itemListElement\":[{\"@type\":\"ListItem\",\"@id\":\"https:\\\/\\\/candas365.es\\\/noticias#listItem\",\"position\":1,\"name\":\"Home\",\"item\":\"https:\\\/\\\/candas365.es\\\/noticias\",\"nextItem\":{\"@type\":\"ListItem\",\"@id\":\"https:\\\/\\\/candas365.es\\\/noticias\\\/category\\\/internacional\\\/#listItem\",\"name\":\"Internacional\"}},{\"@type\":\"ListItem\",\"@id\":\"https:\\\/\\\/candas365.es\\\/noticias\\\/category\\\/internacional\\\/#listItem\",\"position\":2,\"name\":\"Internacional\",\"item\":\"https:\\\/\\\/candas365.es\\\/noticias\\\/category\\\/internacional\\\/\",\"nextItem\":{\"@type\":\"ListItem\",\"@id\":\"https:\\\/\\\/candas365.es\\\/noticias\\\/ayuda-militar-a-ucrania-que-opinan-los-alemanes\\\/#listItem\",\"name\":\"Ayuda militar a Ucrania: \\u00bfQu\\u00e9 opinan los alemanes?\"},\"previousItem\":{\"@type\":\"ListItem\",\"@id\":\"https:\\\/\\\/candas365.es\\\/noticias#listItem\",\"name\":\"Home\"}},{\"@type\":\"ListItem\",\"@id\":\"https:\\\/\\\/candas365.es\\\/noticias\\\/ayuda-militar-a-ucrania-que-opinan-los-alemanes\\\/#listItem\",\"position\":3,\"name\":\"Ayuda militar a Ucrania: \\u00bfQu\\u00e9 opinan los alemanes?\",\"previousItem\":{\"@type\":\"ListItem\",\"@id\":\"https:\\\/\\\/candas365.es\\\/noticias\\\/category\\\/internacional\\\/#listItem\",\"name\":\"Internacional\"}}]},{\"@type\":\"NewsArticle\",\"@id\":\"https:\\\/\\\/candas365.es\\\/noticias\\\/ayuda-militar-a-ucrania-que-opinan-los-alemanes\\\/#newsarticle\",\"name\":\"Ayuda militar a Ucrania: \\u00bfQu\\u00e9 opinan los alemanes? | Cand\\u00e1s 365\",\"headline\":\"Ayuda militar a Ucrania: \\u00bfQu\\u00e9 opinan los alemanes?\",\"author\":{\"@id\":\"https:\\\/\\\/candas365.es\\\/noticias\\\/author\\\/admin\\\/#author\"},\"publisher\":{\"@id\":\"https:\\\/\\\/candas365.es\\\/noticias\\\/#organization\"},\"image\":{\"@type\":\"ImageObject\",\"url\":\"https:\\\/\\\/candas365.es\\\/noticias\\\/wp-content\\\/uploads\\\/2024\\\/02\\\/Ayuda-militar-a-Ucrania.jpg\",\"width\":1033,\"height\":660,\"caption\":\"Foto: Maurizio Gambarini\\\/dpa\"},\"datePublished\":\"2024-02-09T17:58:10+01:00\",\"dateModified\":\"2024-02-09T17:58:10+01:00\",\"inLanguage\":\"es-ES\",\"mainEntityOfPage\":{\"@id\":\"https:\\\/\\\/candas365.es\\\/noticias\\\/ayuda-militar-a-ucrania-que-opinan-los-alemanes\\\/#webpage\"},\"isPartOf\":{\"@id\":\"https:\\\/\\\/candas365.es\\\/noticias\\\/ayuda-militar-a-ucrania-que-opinan-los-alemanes\\\/#webpage\"},\"articleSection\":\"Internacional, Alemania, conflictos\",\"dateline\":\"Publicado el febrero 9, 2024.\"},{\"@type\":\"Organization\",\"@id\":\"https:\\\/\\\/candas365.es\\\/noticias\\\/#organization\",\"name\":\"Cand\\u00e1s 365\",\"description\":\"Cand\\u00e1s 365 es un diario digital independiente, fundado en 2012, con base en Asturias. Informamos con rigor sobre actualidad, sociedad, cultura y ocio, con una mirada local y global.\",\"url\":\"https:\\\/\\\/candas365.es\\\/noticias\\\/\",\"email\":\"info@candas365.es\",\"telephone\":\"+34652131393\",\"foundingDate\":\"2012-06-10\",\"logo\":{\"@type\":\"ImageObject\",\"url\":\"https:\\\/\\\/candas365.es\\\/noticias\\\/wp-content\\\/uploads\\\/2024\\\/09\\\/Candas-365-Redes.jpg\",\"@id\":\"https:\\\/\\\/candas365.es\\\/noticias\\\/ayuda-militar-a-ucrania-que-opinan-los-alemanes\\\/#organizationLogo\",\"width\":1152,\"height\":864,\"caption\":\"Cand\\u00e1s 365 Redes\"},\"image\":{\"@id\":\"https:\\\/\\\/candas365.es\\\/noticias\\\/ayuda-militar-a-ucrania-que-opinan-los-alemanes\\\/#organizationLogo\"},\"sameAs\":[\"https:\\\/\\\/www.facebook.com\\\/Nachofdezber\",\"https:\\\/\\\/x.com\\\/NabercoDigital\",\"https:\\\/\\\/www.instagram.com\\\/nachofdezber\\\/\",\"https:\\\/\\\/www.youtube.com\\\/channel\\\/UCZP-2wLEB9Rv6erhFmqVnvg\"],\"address\":{\"@id\":\"https:\\\/\\\/candas365.es\\\/noticias\\\/#postaladdress\",\"@type\":\"PostalAddress\",\"streetAddress\":\"san antonio 4, san antonio 4\",\"postalCode\":\"33430\",\"addressLocality\":\"Cand\\u00e1s\",\"addressRegion\":\"Asturias\",\"addressCountry\":\"ES\"}},{\"@type\":\"Person\",\"@id\":\"https:\\\/\\\/candas365.es\\\/noticias\\\/author\\\/admin\\\/#author\",\"url\":\"https:\\\/\\\/candas365.es\\\/noticias\\\/author\\\/admin\\\/\",\"name\":\"Cand\\u00e1s 365\",\"image\":{\"@type\":\"ImageObject\",\"@id\":\"https:\\\/\\\/candas365.es\\\/noticias\\\/ayuda-militar-a-ucrania-que-opinan-los-alemanes\\\/#authorImage\",\"url\":\"https:\\\/\\\/secure.gravatar.com\\\/avatar\\\/496a8e03d0c493ede1718b7934145dbdf8d89be1036b0eec9544e1094c9de390?s=96&d=mm&r=g\",\"width\":96,\"height\":96,\"caption\":\"Cand\\u00e1s 365\"},\"sameAs\":[\"https:\\\/\\\/www.facebook.com\\\/carrenoactualidad\",\"https:\\\/\\\/twitter.com\\\/nbasturias\",\"https:\\\/\\\/www.instagram.com\\\/nachofdezber\\\/\",\"https:\\\/\\\/www.youtube.com\\\/channel\\\/UCZP-2wLEB9Rv6erhFmqVnvg\"]},{\"@type\":\"WebPage\",\"@id\":\"https:\\\/\\\/candas365.es\\\/noticias\\\/ayuda-militar-a-ucrania-que-opinan-los-alemanes\\\/#webpage\",\"url\":\"https:\\\/\\\/candas365.es\\\/noticias\\\/ayuda-militar-a-ucrania-que-opinan-los-alemanes\\\/\",\"name\":\"Ayuda militar a Ucrania: \\u00bfQu\\u00e9 opinan los alemanes? | Cand\\u00e1s 365\",\"description\":\"Berl\\u00edn, 9 feb (dpa) \\u2013 El 39 por ciento de los alemanes considera excesiva la ayuda militar prestada por su pa\\u00eds a Ucrania, seg\\u00fan una encuesta realizada por\",\"inLanguage\":\"es-ES\",\"isPartOf\":{\"@id\":\"https:\\\/\\\/candas365.es\\\/noticias\\\/#website\"},\"breadcrumb\":{\"@id\":\"https:\\\/\\\/candas365.es\\\/noticias\\\/ayuda-militar-a-ucrania-que-opinan-los-alemanes\\\/#breadcrumblist\"},\"author\":{\"@id\":\"https:\\\/\\\/candas365.es\\\/noticias\\\/author\\\/admin\\\/#author\"},\"creator\":{\"@id\":\"https:\\\/\\\/candas365.es\\\/noticias\\\/author\\\/admin\\\/#author\"},\"image\":{\"@type\":\"ImageObject\",\"url\":\"https:\\\/\\\/candas365.es\\\/noticias\\\/wp-content\\\/uploads\\\/2024\\\/02\\\/Ayuda-militar-a-Ucrania.jpg\",\"@id\":\"https:\\\/\\\/candas365.es\\\/noticias\\\/ayuda-militar-a-ucrania-que-opinan-los-alemanes\\\/#mainImage\",\"width\":1033,\"height\":660,\"caption\":\"Foto: Maurizio Gambarini\\\/dpa\"},\"primaryImageOfPage\":{\"@id\":\"https:\\\/\\\/candas365.es\\\/noticias\\\/ayuda-militar-a-ucrania-que-opinan-los-alemanes\\\/#mainImage\"},\"datePublished\":\"2024-02-09T17:58:10+01:00\",\"dateModified\":\"2024-02-09T17:58:10+01:00\"},{\"@type\":\"WebSite\",\"@id\":\"https:\\\/\\\/candas365.es\\\/noticias\\\/#website\",\"url\":\"https:\\\/\\\/candas365.es\\\/noticias\\\/\",\"name\":\"Cand\\u00e1s 365\",\"alternateName\":\"Cand\\u00e1s 365 Noticias\",\"description\":\"Actualidad desde Carre\\u00f1o para el mundo\",\"inLanguage\":\"es-ES\",\"publisher\":{\"@id\":\"https:\\\/\\\/candas365.es\\\/noticias\\\/#organization\"}}]}\n\t\t<\/script>\n\t\t<!-- All in One SEO Pro -->\r\n\t\t<title>Ayuda militar a Ucrania: \u00bfQu\u00e9 opinan los alemanes? | Cand\u00e1s 365<\/title>\n\n","aioseo_head_json":{"title":"Ayuda militar a Ucrania: \u00bfQu\u00e9 opinan los alemanes? | Cand\u00e1s 365","description":"Berl\u00edn, 9 feb (dpa) \u2013 El 39 por ciento de los alemanes considera excesiva la ayuda militar prestada por su pa\u00eds a Ucrania, seg\u00fan una encuesta realizada por","canonical_url":"https:\/\/candas365.es\/noticias\/ayuda-militar-a-ucrania-que-opinan-los-alemanes\/","robots":"max-image-preview:large","keywords":"internacional","webmasterTools":{"google-site-verification":"UA-32230408-1","msvalidate.01":"354F3CDFB2DA171B47FBE9ABF1F88D5","miscellaneous":""},"schema":{"@context":"https:\/\/schema.org","@graph":[{"@type":"BreadcrumbList","@id":"https:\/\/candas365.es\/noticias\/ayuda-militar-a-ucrania-que-opinan-los-alemanes\/#breadcrumblist","itemListElement":[{"@type":"ListItem","@id":"https:\/\/candas365.es\/noticias#listItem","position":1,"name":"Home","item":"https:\/\/candas365.es\/noticias","nextItem":{"@type":"ListItem","@id":"https:\/\/candas365.es\/noticias\/category\/internacional\/#listItem","name":"Internacional"}},{"@type":"ListItem","@id":"https:\/\/candas365.es\/noticias\/category\/internacional\/#listItem","position":2,"name":"Internacional","item":"https:\/\/candas365.es\/noticias\/category\/internacional\/","nextItem":{"@type":"ListItem","@id":"https:\/\/candas365.es\/noticias\/ayuda-militar-a-ucrania-que-opinan-los-alemanes\/#listItem","name":"Ayuda militar a Ucrania: \u00bfQu\u00e9 opinan los alemanes?"},"previousItem":{"@type":"ListItem","@id":"https:\/\/candas365.es\/noticias#listItem","name":"Home"}},{"@type":"ListItem","@id":"https:\/\/candas365.es\/noticias\/ayuda-militar-a-ucrania-que-opinan-los-alemanes\/#listItem","position":3,"name":"Ayuda militar a Ucrania: \u00bfQu\u00e9 opinan los alemanes?","previousItem":{"@type":"ListItem","@id":"https:\/\/candas365.es\/noticias\/category\/internacional\/#listItem","name":"Internacional"}}]},{"@type":"NewsArticle","@id":"https:\/\/candas365.es\/noticias\/ayuda-militar-a-ucrania-que-opinan-los-alemanes\/#newsarticle","name":"Ayuda militar a Ucrania: \u00bfQu\u00e9 opinan los alemanes? | Cand\u00e1s 365","headline":"Ayuda militar a Ucrania: \u00bfQu\u00e9 opinan los alemanes?","author":{"@id":"https:\/\/candas365.es\/noticias\/author\/admin\/#author"},"publisher":{"@id":"https:\/\/candas365.es\/noticias\/#organization"},"image":{"@type":"ImageObject","url":"https:\/\/candas365.es\/noticias\/wp-content\/uploads\/2024\/02\/Ayuda-militar-a-Ucrania.jpg","width":1033,"height":660,"caption":"Foto: Maurizio Gambarini\/dpa"},"datePublished":"2024-02-09T17:58:10+01:00","dateModified":"2024-02-09T17:58:10+01:00","inLanguage":"es-ES","mainEntityOfPage":{"@id":"https:\/\/candas365.es\/noticias\/ayuda-militar-a-ucrania-que-opinan-los-alemanes\/#webpage"},"isPartOf":{"@id":"https:\/\/candas365.es\/noticias\/ayuda-militar-a-ucrania-que-opinan-los-alemanes\/#webpage"},"articleSection":"Internacional, Alemania, conflictos","dateline":"Publicado el febrero 9, 2024."},{"@type":"Organization","@id":"https:\/\/candas365.es\/noticias\/#organization","name":"Cand\u00e1s 365","description":"Cand\u00e1s 365 es un diario digital independiente, fundado en 2012, con base en Asturias. Informamos con rigor sobre actualidad, sociedad, cultura y ocio, con una mirada local y global.","url":"https:\/\/candas365.es\/noticias\/","email":"info@candas365.es","telephone":"+34652131393","foundingDate":"2012-06-10","logo":{"@type":"ImageObject","url":"https:\/\/candas365.es\/noticias\/wp-content\/uploads\/2024\/09\/Candas-365-Redes.jpg","@id":"https:\/\/candas365.es\/noticias\/ayuda-militar-a-ucrania-que-opinan-los-alemanes\/#organizationLogo","width":1152,"height":864,"caption":"Cand\u00e1s 365 Redes"},"image":{"@id":"https:\/\/candas365.es\/noticias\/ayuda-militar-a-ucrania-que-opinan-los-alemanes\/#organizationLogo"},"sameAs":["https:\/\/www.facebook.com\/Nachofdezber","https:\/\/x.com\/NabercoDigital","https:\/\/www.instagram.com\/nachofdezber\/","https:\/\/www.youtube.com\/channel\/UCZP-2wLEB9Rv6erhFmqVnvg"],"address":{"@id":"https:\/\/candas365.es\/noticias\/#postaladdress","@type":"PostalAddress","streetAddress":"san antonio 4, san antonio 4","postalCode":"33430","addressLocality":"Cand\u00e1s","addressRegion":"Asturias","addressCountry":"ES"}},{"@type":"Person","@id":"https:\/\/candas365.es\/noticias\/author\/admin\/#author","url":"https:\/\/candas365.es\/noticias\/author\/admin\/","name":"Cand\u00e1s 365","image":{"@type":"ImageObject","@id":"https:\/\/candas365.es\/noticias\/ayuda-militar-a-ucrania-que-opinan-los-alemanes\/#authorImage","url":"https:\/\/secure.gravatar.com\/avatar\/496a8e03d0c493ede1718b7934145dbdf8d89be1036b0eec9544e1094c9de390?s=96&d=mm&r=g","width":96,"height":96,"caption":"Cand\u00e1s 365"},"sameAs":["https:\/\/www.facebook.com\/carrenoactualidad","https:\/\/twitter.com\/nbasturias","https:\/\/www.instagram.com\/nachofdezber\/","https:\/\/www.youtube.com\/channel\/UCZP-2wLEB9Rv6erhFmqVnvg"]},{"@type":"WebPage","@id":"https:\/\/candas365.es\/noticias\/ayuda-militar-a-ucrania-que-opinan-los-alemanes\/#webpage","url":"https:\/\/candas365.es\/noticias\/ayuda-militar-a-ucrania-que-opinan-los-alemanes\/","name":"Ayuda militar a Ucrania: \u00bfQu\u00e9 opinan los alemanes? | Cand\u00e1s 365","description":"Berl\u00edn, 9 feb (dpa) \u2013 El 39 por ciento de los alemanes considera excesiva la ayuda militar prestada por su pa\u00eds a Ucrania, seg\u00fan una encuesta realizada por","inLanguage":"es-ES","isPartOf":{"@id":"https:\/\/candas365.es\/noticias\/#website"},"breadcrumb":{"@id":"https:\/\/candas365.es\/noticias\/ayuda-militar-a-ucrania-que-opinan-los-alemanes\/#breadcrumblist"},"author":{"@id":"https:\/\/candas365.es\/noticias\/author\/admin\/#author"},"creator":{"@id":"https:\/\/candas365.es\/noticias\/author\/admin\/#author"},"image":{"@type":"ImageObject","url":"https:\/\/candas365.es\/noticias\/wp-content\/uploads\/2024\/02\/Ayuda-militar-a-Ucrania.jpg","@id":"https:\/\/candas365.es\/noticias\/ayuda-militar-a-ucrania-que-opinan-los-alemanes\/#mainImage","width":1033,"height":660,"caption":"Foto: Maurizio Gambarini\/dpa"},"primaryImageOfPage":{"@id":"https:\/\/candas365.es\/noticias\/ayuda-militar-a-ucrania-que-opinan-los-alemanes\/#mainImage"},"datePublished":"2024-02-09T17:58:10+01:00","dateModified":"2024-02-09T17:58:10+01:00"},{"@type":"WebSite","@id":"https:\/\/candas365.es\/noticias\/#website","url":"https:\/\/candas365.es\/noticias\/","name":"Cand\u00e1s 365","alternateName":"Cand\u00e1s 365 Noticias","description":"Actualidad desde Carre\u00f1o para el mundo","inLanguage":"es-ES","publisher":{"@id":"https:\/\/candas365.es\/noticias\/#organization"}}]},"og:locale":"es_ES","og:site_name":"Cand\u00e1s 365","og:type":"article","og:title":"Ayuda militar a Ucrania: \u00bfQu\u00e9 opinan los alemanes? | Cand\u00e1s 365","og:description":"Berl\u00edn, 9 feb (dpa) \u2013 El 39 por ciento de los alemanes considera excesiva la ayuda militar prestada por su pa\u00eds a Ucrania, seg\u00fan una encuesta realizada por","og:url":"https:\/\/candas365.es\/noticias\/ayuda-militar-a-ucrania-que-opinan-los-alemanes\/","og:image":"https:\/\/candas365.es\/noticias\/wp-content\/uploads\/2024\/02\/Ayuda-militar-a-Ucrania.jpg","og:image:secure_url":"https:\/\/candas365.es\/noticias\/wp-content\/uploads\/2024\/02\/Ayuda-militar-a-Ucrania.jpg","og:image:width":1033,"og:image:height":660,"article:published_time":"2024-02-09T16:58:10+00:00","article:modified_time":"2024-02-09T16:58:10+00:00","article:publisher":"https:\/\/www.facebook.com\/Nachofdezber","article:author":"https:\/\/www.facebook.com\/carrenoactualidad","twitter:card":"summary_large_image","twitter:site":"@NabercoDigital","twitter:title":"Ayuda militar a Ucrania: \u00bfQu\u00e9 opinan los alemanes? | Cand\u00e1s 365","twitter:description":"Berl\u00edn, 9 feb (dpa) \u2013 El 39 por ciento de los alemanes considera excesiva la ayuda militar prestada por su pa\u00eds a Ucrania, seg\u00fan una encuesta realizada por","twitter:creator":"@nbasturias","twitter:image":"https:\/\/candas365.es\/noticias\/wp-content\/uploads\/2024\/02\/Ayuda-militar-a-Ucrania.jpg","twitter:label1":"Escrito por","twitter:data1":"Cand\u00e1s 365","twitter:label2":"Tiempo de lectura estimado","twitter:data2":"2 minutos"},"aioseo_meta_data":{"post_id":"178276","title":null,"description":"Berl\u00edn, 9 feb (dpa) \u2013 El 39 por ciento de los alemanes considera excesiva la ayuda militar prestada por su pa\u00eds a Ucrania, seg\u00fan una encuesta realizada por","keywords":[],"keyphrases":{"focus":{"keyphrase":"Ucrania","score":93,"analysis":{"keyphraseInTitle":{"score":9,"maxScore":9,"error":0},"keyphraseInDescription":{"score":9,"maxScore":9,"error":0},"keyphraseLength":{"score":9,"maxScore":9,"error":0,"length":1},"keyphraseInURL":{"score":1,"maxScore":5,"error":1},"keyphraseInIntroduction":{"score":9,"maxScore":9,"error":0},"keyphraseInSubHeadings":[],"keyphraseInImageAlt":{"score":9,"maxScore":9,"error":0},"keywordDensity":{"type":"best","score":9,"maxScore":9,"error":0}}},"additional":[{"keyphrase":"Ucrania","score":100,"analysis":{"keyphraseInDescription":{"score":9,"maxScore":9,"error":0},"keyphraseLength":{"score":9,"maxScore":9,"error":0,"length":1},"keyphraseInIntroduction":{"score":9,"maxScore":9,"error":0},"keyphraseInImageAlt":{"score":9,"maxScore":9,"error":0},"keywordDensity":{"type":"best","score":9,"maxScore":9,"error":0}}}]},"primary_term":null,"canonical_url":null,"og_title":null,"og_description":null,"og_object_type":"default","og_image_type":"default","og_image_url":null,"og_image_width":null,"og_image_height":null,"og_image_custom_url":null,"og_image_custom_fields":null,"og_video":"","og_custom_url":null,"og_article_section":null,"og_article_tags":[],"twitter_use_og":false,"twitter_card":"default","twitter_image_type":"default","twitter_image_url":null,"twitter_image_custom_url":null,"twitter_image_custom_fields":null,"twitter_title":null,"twitter_description":null,"schema":{"blockGraphs":[],"customGraphs":[],"default":{"data":{"Article":[],"Course":[],"Dataset":[],"FAQPage":[],"Movie":[],"Person":[],"Product":[],"ProductReview":[],"Car":[],"Recipe":[],"Service":[],"SoftwareApplication":[],"WebPage":[]},"graphName":"Article","isEnabled":true},"graphs":[]},"schema_type":"default","schema_type_options":null,"pillar_content":false,"robots_default":true,"robots_noindex":false,"robots_noarchive":false,"robots_nosnippet":false,"robots_nofollow":false,"robots_noimageindex":false,"robots_noodp":false,"robots_notranslate":false,"robots_max_snippet":"-1","robots_max_videopreview":"-1","robots_max_imagepreview":"large","priority":null,"frequency":"default","location":null,"local_seo":null,"seo_analyzer_scan_date":"2025-09-02 04:05:14","breadcrumb_settings":null,"limit_modified_date":false,"reviewed_by":null,"open_ai":"{\"title\":{\"suggestions\":[],\"usage\":0},\"description\":{\"suggestions\":[],\"usage\":0}}","ai":null,"created":"2024-02-09 16:52:48","updated":"2025-09-02 04:05:14"},"aioseo_breadcrumb":"<div class=\"aioseo-breadcrumbs\"><span class=\"aioseo-breadcrumb\">\n\t<a href=\"https:\/\/candas365.es\/noticias\" title=\"Home\">Home<\/a>\n<\/span><span class=\"aioseo-breadcrumb-separator\">&ndash;<\/span><span class=\"aioseo-breadcrumb\">\n\t<a href=\"https:\/\/candas365.es\/noticias\/category\/internacional\/\" title=\"Internacional\">Internacional<\/a>\n<\/span><span class=\"aioseo-breadcrumb-separator\">&ndash;<\/span><span class=\"aioseo-breadcrumb\">\n\tAyuda militar a Ucrania: \u00bfQu\u00e9 opinan los alemanes?\n<\/span><\/div>","aioseo_breadcrumb_json":[{"label":"Home","link":"https:\/\/candas365.es\/noticias"},{"label":"Internacional","link":"https:\/\/candas365.es\/noticias\/category\/internacional\/"},{"label":"Ayuda militar a Ucrania: \u00bfQu\u00e9 opinan los alemanes?","link":"https:\/\/candas365.es\/noticias\/ayuda-militar-a-ucrania-que-opinan-los-alemanes\/"}],"_links":{"self":[{"href":"https:\/\/candas365.es\/noticias\/wp-json\/wp\/v2\/posts\/178276","targetHints":{"allow":["GET"]}}],"collection":[{"href":"https:\/\/candas365.es\/noticias\/wp-json\/wp\/v2\/posts"}],"about":[{"href":"https:\/\/candas365.es\/noticias\/wp-json\/wp\/v2\/types\/post"}],"author":[{"embeddable":true,"href":"https:\/\/candas365.es\/noticias\/wp-json\/wp\/v2\/users\/1"}],"replies":[{"embeddable":true,"href":"https:\/\/candas365.es\/noticias\/wp-json\/wp\/v2\/comments?post=178276"}],"version-history":[{"count":0,"href":"https:\/\/candas365.es\/noticias\/wp-json\/wp\/v2\/posts\/178276\/revisions"}],"wp:featuredmedia":[{"embeddable":true,"href":"https:\/\/candas365.es\/noticias\/wp-json\/wp\/v2\/media\/178277"}],"wp:attachment":[{"href":"https:\/\/candas365.es\/noticias\/wp-json\/wp\/v2\/media?parent=178276"}],"wp:term":[{"taxonomy":"category","embeddable":true,"href":"https:\/\/candas365.es\/noticias\/wp-json\/wp\/v2\/categories?post=178276"},{"taxonomy":"post_tag","embeddable":true,"href":"https:\/\/candas365.es\/noticias\/wp-json\/wp\/v2\/tags?post=178276"}],"curies":[{"name":"wp","href":"https:\/\/api.w.org\/{rel}","templated":true}]}}