{"id":178259,"date":"2024-02-09T02:05:55","date_gmt":"2024-02-09T01:05:55","guid":{"rendered":"https:\/\/candas365.es\/noticias\/?p=178259"},"modified":"2024-02-09T02:06:43","modified_gmt":"2024-02-09T01:06:43","slug":"la-mision-de-la-fragata-alemana-hessen","status":"publish","type":"post","link":"https:\/\/candas365.es\/noticias\/la-mision-de-la-fragata-alemana-hessen\/","title":{"rendered":"La misi\u00f3n de la fragata alemana Hessen"},"content":{"rendered":"<p>Wilhelmshaven (Alemania), 8 feb (<a title=\"dpa\" href=\"https:\/\/www.dpa-news.de\/\" target=\"_blank\" rel=\"noopener\"><span style=\"color: #ff6600;\"><strong>dpa<\/strong><\/span><\/a>) &#8211; La fragata alemana Hessen zarp\u00f3 hoy en una misi\u00f3n militar de la Uni\u00f3n Europea (UE) para proteger la navegaci\u00f3n de los buques mercantes en el mar Rojo de los <a href=\"https:\/\/candas365.es\/noticias\/tag\/conflictos\/\"><span style=\"color: #ff6600;\"><strong>ataques<\/strong><\/span><\/a> de la milicia yemenita de los hut\u00edes.<\/p>\n<figure id=\"attachment_178260\" aria-describedby=\"caption-attachment-178260\" style=\"width: 650px\" class=\"wp-caption aligncenter\"><img fetchpriority=\"high\" decoding=\"async\" class=\"wp-image-178260 size-large\" src=\"https:\/\/candas365.es\/noticias\/wp-content\/uploads\/2024\/02\/fragata-alemana-Hessen-650x427.jpg\" alt=\"fragata alemana Hessen\" width=\"650\" height=\"427\" srcset=\"https:\/\/candas365.es\/noticias\/wp-content\/uploads\/2024\/02\/fragata-alemana-Hessen-650x427.jpg 650w, https:\/\/candas365.es\/noticias\/wp-content\/uploads\/2024\/02\/fragata-alemana-Hessen-360x237.jpg 360w, https:\/\/candas365.es\/noticias\/wp-content\/uploads\/2024\/02\/fragata-alemana-Hessen-768x505.jpg 768w, https:\/\/candas365.es\/noticias\/wp-content\/uploads\/2024\/02\/fragata-alemana-Hessen-150x99.jpg 150w, https:\/\/candas365.es\/noticias\/wp-content\/uploads\/2024\/02\/fragata-alemana-Hessen-450x296.jpg 450w, https:\/\/candas365.es\/noticias\/wp-content\/uploads\/2024\/02\/fragata-alemana-Hessen.jpg 999w\" sizes=\"(max-width: 650px) 100vw, 650px\" \/><figcaption id=\"caption-attachment-178260\" class=\"wp-caption-text\">La fragata de guerra alemana \u00abHessen\u00bb en el momento de partir del puerto de Wilhelmshaven para su misi\u00f3n en el mar Rojo. Foto: Sina Schuldt\/dpa<\/figcaption><\/figure>\n<p>\u00abNo hay ninguna unidad en la Marina alemana que est\u00e9 mejor preparada, mejor entrenada y mejor equipada para esto\u00bb, dijo el vicealmirante Jan Christian Kaack. Y a\u00f1adi\u00f3: \u00abSe trata del despliegue m\u00e1s importante de una unidad naval alemana en muchas d\u00e9cadas\u00bb.<\/p>\n<p>En caso de un posible conflicto armado, la Marina tiene claro desde el principio \u00abque solo puede enviar a la misi\u00f3n una unidad especialmente resistente y bien entrenada\u00bb, dijo el vicealmirante.<\/p>\n<p>El buque de guerra, con unos 240 soldados a bordo, parti\u00f3 de la mayor base de la Marina alemana en Wilhelmshaven, en el noroeste del pa\u00eds. Con el traslado del barco, la Bundeswehr (Fuerzas Armadas) quiere crear las condiciones para la participaci\u00f3n alemana en la misi\u00f3n de la UE.<\/p>\n<p>A\u00fan est\u00e1n pendientes sin embargo el mandato de la UE -que se espera para el 19 de febrero- y el del Parlamento germano, que se producir\u00eda poco despu\u00e9s. Est\u00e1 previsto que el \u00abHessen\u00bb llegue al teatro de operaciones a finales de mes.<\/p>\n<p>En el muelle de la base naval, la tripulaci\u00f3n fue despedida por numerosos compa\u00f1eros, familiares y amigos.<\/p>\n<p>La secretaria de Estado de Defensa, Siemtje M\u00f6ller, habl\u00f3 de un \u00abd\u00eda memorable\u00bb. \u00abEst\u00e1 absolutamente claro que la misi\u00f3n es esencial\u00bb, dijo M\u00f6ller, porque el mar Rojo es una de las rutas comerciales m\u00e1s importantes, de gran trascendencia econ\u00f3mica tambi\u00e9n para Alemania.<\/p>\n<p>Los planes de la misi\u00f3n de la UE \u00abEunavfor Aspides\u00bb prev\u00e9n el despliegue de varios buques de guerra europeos y sistemas a\u00e9reos de alerta temprana para proteger los buques de carga en la regi\u00f3n de los ataques de los militantes islamistas hut\u00edes de Yemen.<\/p>\n<p>Con sus disparos, la milicia quiere forzar el fin de la operaci\u00f3n israel\u00ed en la Franja de Gaza, que sigui\u00f3 a la masacre perpetrada por el grupo islamista Hamas en Israel el 7 de octubre.<\/p>\n<p>La fragata \u00abHessen\u00bb est\u00e1 equipada con misiles antia\u00e9reos. El buque, de 143 metros de eslora, fue dise\u00f1ado especialmente para escolta y vigilancia mar\u00edtima. Con su radar especial, puede vigilar un espacio a\u00e9reo del tama\u00f1o de todo el mar del Norte, seg\u00fan la Bundeswehr.<\/p>\n<p>Los misiles antia\u00e9reos pueden alcanzar objetivos a m\u00e1s de 160 kil\u00f3metros. Adem\u00e1s de la tripulaci\u00f3n regular y dos helic\u00f3pteros, tambi\u00e9n lleva personal de emergencia a bordo, incluido un equipo de m\u00e9dicos y un capell\u00e1n castrens<\/p>\n","protected":false},"excerpt":{"rendered":"<p>Wilhelmshaven (Alemania), 8 feb (dpa) &#8211; La fragata alemana Hessen zarp\u00f3 hoy en una misi\u00f3n militar de la Uni\u00f3n Europea (UE) para proteger la navegaci\u00f3n de los buques mercantes en el mar Rojo de los ataques de la milicia yemenita de los hut\u00edes. \u00abNo hay ninguna unidad en la Marina alemana que est\u00e9 mejor preparada,<\/p>\n","protected":false},"author":1,"featured_media":178260,"comment_status":"closed","ping_status":"closed","sticky":false,"template":"","format":"standard","meta":{"footnotes":""},"categories":[485],"tags":[464,418],"class_list":{"0":"post-178259","1":"post","2":"type-post","3":"status-publish","4":"format-standard","5":"has-post-thumbnail","7":"category-internacional","8":"tag-conflictos","9":"tag-internacional"},"aioseo_notices":[],"aioseo_head":"\n\t\t<!-- All in One SEO Pro 4.9.6.2 - aioseo.com -->\n\t<meta name=\"description\" content=\"Wilhelmshaven (Alemania), 8 feb (dpa) - La fragata alemana Hessen zarp\u00f3 hoy en una misi\u00f3n militar de la Uni\u00f3n Europea (UE) para proteger la navegaci\u00f3n de los\" \/>\n\t<meta name=\"robots\" content=\"max-image-preview:large\" \/>\n\t<meta name=\"author\" content=\"Cand\u00e1s 365\"\/>\n\t<meta name=\"google-site-verification\" content=\"UA-32230408-1\" \/>\n\t<meta name=\"msvalidate.01\" content=\"354F3CDFB2DA171B47FBE9ABF1F88D5\" \/>\n\t<meta name=\"keywords\" content=\"internacional\" \/>\n\t<link rel=\"canonical\" href=\"https:\/\/candas365.es\/noticias\/la-mision-de-la-fragata-alemana-hessen\/\" \/>\n\t<meta name=\"generator\" content=\"All in One SEO Pro (AIOSEO) 4.9.6.2\" \/>\n\t\t<meta property=\"og:locale\" content=\"es_ES\" \/>\n\t\t<meta property=\"og:site_name\" content=\"Cand\u00e1s 365\" \/>\n\t\t<meta property=\"og:type\" content=\"article\" \/>\n\t\t<meta property=\"og:title\" content=\"La misi\u00f3n de la fragata alemana Hessen | Cand\u00e1s 365\" \/>\n\t\t<meta property=\"og:description\" content=\"Wilhelmshaven (Alemania), 8 feb (dpa) - La fragata alemana Hessen zarp\u00f3 hoy en una misi\u00f3n militar de la Uni\u00f3n Europea (UE) para proteger la navegaci\u00f3n de los\" \/>\n\t\t<meta property=\"og:url\" content=\"https:\/\/candas365.es\/noticias\/la-mision-de-la-fragata-alemana-hessen\/\" \/>\n\t\t<meta property=\"og:image\" content=\"https:\/\/candas365.es\/noticias\/wp-content\/uploads\/2024\/02\/fragata-alemana-Hessen.jpg\" \/>\n\t\t<meta property=\"og:image:secure_url\" content=\"https:\/\/candas365.es\/noticias\/wp-content\/uploads\/2024\/02\/fragata-alemana-Hessen.jpg\" \/>\n\t\t<meta property=\"og:image:width\" content=\"999\" \/>\n\t\t<meta property=\"og:image:height\" content=\"657\" \/>\n\t\t<meta property=\"article:published_time\" content=\"2024-02-09T01:05:55+00:00\" \/>\n\t\t<meta property=\"article:modified_time\" content=\"2024-02-09T01:06:43+00:00\" \/>\n\t\t<meta property=\"article:publisher\" content=\"https:\/\/www.facebook.com\/Nachofdezber\" \/>\n\t\t<meta property=\"article:author\" content=\"https:\/\/www.facebook.com\/carrenoactualidad\" \/>\n\t\t<meta name=\"twitter:card\" content=\"summary_large_image\" \/>\n\t\t<meta name=\"twitter:site\" content=\"@NabercoDigital\" \/>\n\t\t<meta name=\"twitter:title\" content=\"La misi\u00f3n de la fragata alemana Hessen | Cand\u00e1s 365\" \/>\n\t\t<meta name=\"twitter:description\" content=\"Wilhelmshaven (Alemania), 8 feb (dpa) - La fragata alemana Hessen zarp\u00f3 hoy en una misi\u00f3n militar de la Uni\u00f3n Europea (UE) para proteger la navegaci\u00f3n de los\" \/>\n\t\t<meta name=\"twitter:creator\" content=\"@nbasturias\" \/>\n\t\t<meta name=\"twitter:image\" content=\"https:\/\/candas365.es\/noticias\/wp-content\/uploads\/2024\/02\/fragata-alemana-Hessen.jpg\" \/>\n\t\t<meta name=\"twitter:label1\" content=\"Escrito por\" \/>\n\t\t<meta name=\"twitter:data1\" content=\"Cand\u00e1s 365\" \/>\n\t\t<meta name=\"twitter:label2\" content=\"Tiempo de lectura estimado\" \/>\n\t\t<meta name=\"twitter:data2\" content=\"2 minutos\" \/>\n\t\t<script type=\"application\/ld+json\" class=\"aioseo-schema\">\n\t\t\t{\"@context\":\"https:\\\/\\\/schema.org\",\"@graph\":[{\"@type\":\"BreadcrumbList\",\"@id\":\"https:\\\/\\\/candas365.es\\\/noticias\\\/la-mision-de-la-fragata-alemana-hessen\\\/#breadcrumblist\",\"itemListElement\":[{\"@type\":\"ListItem\",\"@id\":\"https:\\\/\\\/candas365.es\\\/noticias#listItem\",\"position\":1,\"name\":\"Home\",\"item\":\"https:\\\/\\\/candas365.es\\\/noticias\",\"nextItem\":{\"@type\":\"ListItem\",\"@id\":\"https:\\\/\\\/candas365.es\\\/noticias\\\/category\\\/internacional\\\/#listItem\",\"name\":\"Internacional\"}},{\"@type\":\"ListItem\",\"@id\":\"https:\\\/\\\/candas365.es\\\/noticias\\\/category\\\/internacional\\\/#listItem\",\"position\":2,\"name\":\"Internacional\",\"item\":\"https:\\\/\\\/candas365.es\\\/noticias\\\/category\\\/internacional\\\/\",\"nextItem\":{\"@type\":\"ListItem\",\"@id\":\"https:\\\/\\\/candas365.es\\\/noticias\\\/la-mision-de-la-fragata-alemana-hessen\\\/#listItem\",\"name\":\"La misi\\u00f3n de la fragata alemana Hessen\"},\"previousItem\":{\"@type\":\"ListItem\",\"@id\":\"https:\\\/\\\/candas365.es\\\/noticias#listItem\",\"name\":\"Home\"}},{\"@type\":\"ListItem\",\"@id\":\"https:\\\/\\\/candas365.es\\\/noticias\\\/la-mision-de-la-fragata-alemana-hessen\\\/#listItem\",\"position\":3,\"name\":\"La misi\\u00f3n de la fragata alemana Hessen\",\"previousItem\":{\"@type\":\"ListItem\",\"@id\":\"https:\\\/\\\/candas365.es\\\/noticias\\\/category\\\/internacional\\\/#listItem\",\"name\":\"Internacional\"}}]},{\"@type\":\"NewsArticle\",\"@id\":\"https:\\\/\\\/candas365.es\\\/noticias\\\/la-mision-de-la-fragata-alemana-hessen\\\/#newsarticle\",\"name\":\"La misi\\u00f3n de la fragata alemana Hessen | Cand\\u00e1s 365\",\"headline\":\"La misi\\u00f3n de la fragata alemana Hessen\",\"author\":{\"@id\":\"https:\\\/\\\/candas365.es\\\/noticias\\\/author\\\/admin\\\/#author\"},\"publisher\":{\"@id\":\"https:\\\/\\\/candas365.es\\\/noticias\\\/#organization\"},\"image\":{\"@type\":\"ImageObject\",\"url\":\"https:\\\/\\\/candas365.es\\\/noticias\\\/wp-content\\\/uploads\\\/2024\\\/02\\\/fragata-alemana-Hessen.jpg\",\"width\":999,\"height\":657,\"caption\":\"La fragata de guerra alemana \\\"Hessen\\\" en el momento de partir del puerto de Wilhelmshaven para su misi\\u00f3n en el mar Rojo. Foto: Sina Schuldt\\\/dpa\"},\"datePublished\":\"2024-02-09T02:05:55+01:00\",\"dateModified\":\"2024-02-09T02:06:43+01:00\",\"inLanguage\":\"es-ES\",\"mainEntityOfPage\":{\"@id\":\"https:\\\/\\\/candas365.es\\\/noticias\\\/la-mision-de-la-fragata-alemana-hessen\\\/#webpage\"},\"isPartOf\":{\"@id\":\"https:\\\/\\\/candas365.es\\\/noticias\\\/la-mision-de-la-fragata-alemana-hessen\\\/#webpage\"},\"articleSection\":\"Internacional, conflictos, Internacional\",\"dateline\":\"Publicado el febrero 9, 2024.\"},{\"@type\":\"Organization\",\"@id\":\"https:\\\/\\\/candas365.es\\\/noticias\\\/#organization\",\"name\":\"Cand\\u00e1s 365\",\"description\":\"Cand\\u00e1s 365 es un diario digital independiente, fundado en 2012, con base en Asturias. Informamos con rigor sobre actualidad, sociedad, cultura y ocio, con una mirada local y global.\",\"url\":\"https:\\\/\\\/candas365.es\\\/noticias\\\/\",\"email\":\"info@candas365.es\",\"telephone\":\"+34652131393\",\"foundingDate\":\"2012-06-10\",\"logo\":{\"@type\":\"ImageObject\",\"url\":\"https:\\\/\\\/candas365.es\\\/noticias\\\/wp-content\\\/uploads\\\/2024\\\/09\\\/Candas-365-Redes.jpg\",\"@id\":\"https:\\\/\\\/candas365.es\\\/noticias\\\/la-mision-de-la-fragata-alemana-hessen\\\/#organizationLogo\",\"width\":1152,\"height\":864,\"caption\":\"Cand\\u00e1s 365 Redes\"},\"image\":{\"@id\":\"https:\\\/\\\/candas365.es\\\/noticias\\\/la-mision-de-la-fragata-alemana-hessen\\\/#organizationLogo\"},\"sameAs\":[\"https:\\\/\\\/www.facebook.com\\\/Nachofdezber\",\"https:\\\/\\\/x.com\\\/NabercoDigital\",\"https:\\\/\\\/www.instagram.com\\\/nachofdezber\\\/\",\"https:\\\/\\\/www.youtube.com\\\/channel\\\/UCZP-2wLEB9Rv6erhFmqVnvg\"],\"address\":{\"@id\":\"https:\\\/\\\/candas365.es\\\/noticias\\\/#postaladdress\",\"@type\":\"PostalAddress\",\"streetAddress\":\"san antonio 4, san antonio 4\",\"postalCode\":\"33430\",\"addressLocality\":\"Cand\\u00e1s\",\"addressRegion\":\"Asturias\",\"addressCountry\":\"ES\"}},{\"@type\":\"Person\",\"@id\":\"https:\\\/\\\/candas365.es\\\/noticias\\\/author\\\/admin\\\/#author\",\"url\":\"https:\\\/\\\/candas365.es\\\/noticias\\\/author\\\/admin\\\/\",\"name\":\"Cand\\u00e1s 365\",\"image\":{\"@type\":\"ImageObject\",\"@id\":\"https:\\\/\\\/candas365.es\\\/noticias\\\/la-mision-de-la-fragata-alemana-hessen\\\/#authorImage\",\"url\":\"https:\\\/\\\/secure.gravatar.com\\\/avatar\\\/496a8e03d0c493ede1718b7934145dbdf8d89be1036b0eec9544e1094c9de390?s=96&d=mm&r=g\",\"width\":96,\"height\":96,\"caption\":\"Cand\\u00e1s 365\"},\"sameAs\":[\"https:\\\/\\\/www.facebook.com\\\/carrenoactualidad\",\"https:\\\/\\\/twitter.com\\\/nbasturias\",\"https:\\\/\\\/www.instagram.com\\\/nachofdezber\\\/\",\"https:\\\/\\\/www.youtube.com\\\/channel\\\/UCZP-2wLEB9Rv6erhFmqVnvg\"]},{\"@type\":\"WebPage\",\"@id\":\"https:\\\/\\\/candas365.es\\\/noticias\\\/la-mision-de-la-fragata-alemana-hessen\\\/#webpage\",\"url\":\"https:\\\/\\\/candas365.es\\\/noticias\\\/la-mision-de-la-fragata-alemana-hessen\\\/\",\"name\":\"La misi\\u00f3n de la fragata alemana Hessen | Cand\\u00e1s 365\",\"description\":\"Wilhelmshaven (Alemania), 8 feb (dpa) - La fragata alemana Hessen zarp\\u00f3 hoy en una misi\\u00f3n militar de la Uni\\u00f3n Europea (UE) para proteger la navegaci\\u00f3n de los\",\"inLanguage\":\"es-ES\",\"isPartOf\":{\"@id\":\"https:\\\/\\\/candas365.es\\\/noticias\\\/#website\"},\"breadcrumb\":{\"@id\":\"https:\\\/\\\/candas365.es\\\/noticias\\\/la-mision-de-la-fragata-alemana-hessen\\\/#breadcrumblist\"},\"author\":{\"@id\":\"https:\\\/\\\/candas365.es\\\/noticias\\\/author\\\/admin\\\/#author\"},\"creator\":{\"@id\":\"https:\\\/\\\/candas365.es\\\/noticias\\\/author\\\/admin\\\/#author\"},\"image\":{\"@type\":\"ImageObject\",\"url\":\"https:\\\/\\\/candas365.es\\\/noticias\\\/wp-content\\\/uploads\\\/2024\\\/02\\\/fragata-alemana-Hessen.jpg\",\"@id\":\"https:\\\/\\\/candas365.es\\\/noticias\\\/la-mision-de-la-fragata-alemana-hessen\\\/#mainImage\",\"width\":999,\"height\":657,\"caption\":\"La fragata de guerra alemana \\\"Hessen\\\" en el momento de partir del puerto de Wilhelmshaven para su misi\\u00f3n en el mar Rojo. Foto: Sina Schuldt\\\/dpa\"},\"primaryImageOfPage\":{\"@id\":\"https:\\\/\\\/candas365.es\\\/noticias\\\/la-mision-de-la-fragata-alemana-hessen\\\/#mainImage\"},\"datePublished\":\"2024-02-09T02:05:55+01:00\",\"dateModified\":\"2024-02-09T02:06:43+01:00\"},{\"@type\":\"WebSite\",\"@id\":\"https:\\\/\\\/candas365.es\\\/noticias\\\/#website\",\"url\":\"https:\\\/\\\/candas365.es\\\/noticias\\\/\",\"name\":\"Cand\\u00e1s 365\",\"alternateName\":\"Cand\\u00e1s 365 Noticias\",\"description\":\"Actualidad desde Carre\\u00f1o para el mundo\",\"inLanguage\":\"es-ES\",\"publisher\":{\"@id\":\"https:\\\/\\\/candas365.es\\\/noticias\\\/#organization\"}}]}\n\t\t<\/script>\n\t\t<!-- All in One SEO Pro -->\r\n\t\t<title>La misi\u00f3n de la fragata alemana Hessen | Cand\u00e1s 365<\/title>\n\n","aioseo_head_json":{"title":"La misi\u00f3n de la fragata alemana Hessen | Cand\u00e1s 365","description":"Wilhelmshaven (Alemania), 8 feb (dpa) - La fragata alemana Hessen zarp\u00f3 hoy en una misi\u00f3n militar de la Uni\u00f3n Europea (UE) para proteger la navegaci\u00f3n de los","canonical_url":"https:\/\/candas365.es\/noticias\/la-mision-de-la-fragata-alemana-hessen\/","robots":"max-image-preview:large","keywords":"internacional","webmasterTools":{"google-site-verification":"UA-32230408-1","msvalidate.01":"354F3CDFB2DA171B47FBE9ABF1F88D5","miscellaneous":""},"schema":{"@context":"https:\/\/schema.org","@graph":[{"@type":"BreadcrumbList","@id":"https:\/\/candas365.es\/noticias\/la-mision-de-la-fragata-alemana-hessen\/#breadcrumblist","itemListElement":[{"@type":"ListItem","@id":"https:\/\/candas365.es\/noticias#listItem","position":1,"name":"Home","item":"https:\/\/candas365.es\/noticias","nextItem":{"@type":"ListItem","@id":"https:\/\/candas365.es\/noticias\/category\/internacional\/#listItem","name":"Internacional"}},{"@type":"ListItem","@id":"https:\/\/candas365.es\/noticias\/category\/internacional\/#listItem","position":2,"name":"Internacional","item":"https:\/\/candas365.es\/noticias\/category\/internacional\/","nextItem":{"@type":"ListItem","@id":"https:\/\/candas365.es\/noticias\/la-mision-de-la-fragata-alemana-hessen\/#listItem","name":"La misi\u00f3n de la fragata alemana Hessen"},"previousItem":{"@type":"ListItem","@id":"https:\/\/candas365.es\/noticias#listItem","name":"Home"}},{"@type":"ListItem","@id":"https:\/\/candas365.es\/noticias\/la-mision-de-la-fragata-alemana-hessen\/#listItem","position":3,"name":"La misi\u00f3n de la fragata alemana Hessen","previousItem":{"@type":"ListItem","@id":"https:\/\/candas365.es\/noticias\/category\/internacional\/#listItem","name":"Internacional"}}]},{"@type":"NewsArticle","@id":"https:\/\/candas365.es\/noticias\/la-mision-de-la-fragata-alemana-hessen\/#newsarticle","name":"La misi\u00f3n de la fragata alemana Hessen | Cand\u00e1s 365","headline":"La misi\u00f3n de la fragata alemana Hessen","author":{"@id":"https:\/\/candas365.es\/noticias\/author\/admin\/#author"},"publisher":{"@id":"https:\/\/candas365.es\/noticias\/#organization"},"image":{"@type":"ImageObject","url":"https:\/\/candas365.es\/noticias\/wp-content\/uploads\/2024\/02\/fragata-alemana-Hessen.jpg","width":999,"height":657,"caption":"La fragata de guerra alemana \"Hessen\" en el momento de partir del puerto de Wilhelmshaven para su misi\u00f3n en el mar Rojo. Foto: Sina Schuldt\/dpa"},"datePublished":"2024-02-09T02:05:55+01:00","dateModified":"2024-02-09T02:06:43+01:00","inLanguage":"es-ES","mainEntityOfPage":{"@id":"https:\/\/candas365.es\/noticias\/la-mision-de-la-fragata-alemana-hessen\/#webpage"},"isPartOf":{"@id":"https:\/\/candas365.es\/noticias\/la-mision-de-la-fragata-alemana-hessen\/#webpage"},"articleSection":"Internacional, conflictos, Internacional","dateline":"Publicado el febrero 9, 2024."},{"@type":"Organization","@id":"https:\/\/candas365.es\/noticias\/#organization","name":"Cand\u00e1s 365","description":"Cand\u00e1s 365 es un diario digital independiente, fundado en 2012, con base en Asturias. Informamos con rigor sobre actualidad, sociedad, cultura y ocio, con una mirada local y global.","url":"https:\/\/candas365.es\/noticias\/","email":"info@candas365.es","telephone":"+34652131393","foundingDate":"2012-06-10","logo":{"@type":"ImageObject","url":"https:\/\/candas365.es\/noticias\/wp-content\/uploads\/2024\/09\/Candas-365-Redes.jpg","@id":"https:\/\/candas365.es\/noticias\/la-mision-de-la-fragata-alemana-hessen\/#organizationLogo","width":1152,"height":864,"caption":"Cand\u00e1s 365 Redes"},"image":{"@id":"https:\/\/candas365.es\/noticias\/la-mision-de-la-fragata-alemana-hessen\/#organizationLogo"},"sameAs":["https:\/\/www.facebook.com\/Nachofdezber","https:\/\/x.com\/NabercoDigital","https:\/\/www.instagram.com\/nachofdezber\/","https:\/\/www.youtube.com\/channel\/UCZP-2wLEB9Rv6erhFmqVnvg"],"address":{"@id":"https:\/\/candas365.es\/noticias\/#postaladdress","@type":"PostalAddress","streetAddress":"san antonio 4, san antonio 4","postalCode":"33430","addressLocality":"Cand\u00e1s","addressRegion":"Asturias","addressCountry":"ES"}},{"@type":"Person","@id":"https:\/\/candas365.es\/noticias\/author\/admin\/#author","url":"https:\/\/candas365.es\/noticias\/author\/admin\/","name":"Cand\u00e1s 365","image":{"@type":"ImageObject","@id":"https:\/\/candas365.es\/noticias\/la-mision-de-la-fragata-alemana-hessen\/#authorImage","url":"https:\/\/secure.gravatar.com\/avatar\/496a8e03d0c493ede1718b7934145dbdf8d89be1036b0eec9544e1094c9de390?s=96&d=mm&r=g","width":96,"height":96,"caption":"Cand\u00e1s 365"},"sameAs":["https:\/\/www.facebook.com\/carrenoactualidad","https:\/\/twitter.com\/nbasturias","https:\/\/www.instagram.com\/nachofdezber\/","https:\/\/www.youtube.com\/channel\/UCZP-2wLEB9Rv6erhFmqVnvg"]},{"@type":"WebPage","@id":"https:\/\/candas365.es\/noticias\/la-mision-de-la-fragata-alemana-hessen\/#webpage","url":"https:\/\/candas365.es\/noticias\/la-mision-de-la-fragata-alemana-hessen\/","name":"La misi\u00f3n de la fragata alemana Hessen | Cand\u00e1s 365","description":"Wilhelmshaven (Alemania), 8 feb (dpa) - La fragata alemana Hessen zarp\u00f3 hoy en una misi\u00f3n militar de la Uni\u00f3n Europea (UE) para proteger la navegaci\u00f3n de los","inLanguage":"es-ES","isPartOf":{"@id":"https:\/\/candas365.es\/noticias\/#website"},"breadcrumb":{"@id":"https:\/\/candas365.es\/noticias\/la-mision-de-la-fragata-alemana-hessen\/#breadcrumblist"},"author":{"@id":"https:\/\/candas365.es\/noticias\/author\/admin\/#author"},"creator":{"@id":"https:\/\/candas365.es\/noticias\/author\/admin\/#author"},"image":{"@type":"ImageObject","url":"https:\/\/candas365.es\/noticias\/wp-content\/uploads\/2024\/02\/fragata-alemana-Hessen.jpg","@id":"https:\/\/candas365.es\/noticias\/la-mision-de-la-fragata-alemana-hessen\/#mainImage","width":999,"height":657,"caption":"La fragata de guerra alemana \"Hessen\" en el momento de partir del puerto de Wilhelmshaven para su misi\u00f3n en el mar Rojo. Foto: Sina Schuldt\/dpa"},"primaryImageOfPage":{"@id":"https:\/\/candas365.es\/noticias\/la-mision-de-la-fragata-alemana-hessen\/#mainImage"},"datePublished":"2024-02-09T02:05:55+01:00","dateModified":"2024-02-09T02:06:43+01:00"},{"@type":"WebSite","@id":"https:\/\/candas365.es\/noticias\/#website","url":"https:\/\/candas365.es\/noticias\/","name":"Cand\u00e1s 365","alternateName":"Cand\u00e1s 365 Noticias","description":"Actualidad desde Carre\u00f1o para el mundo","inLanguage":"es-ES","publisher":{"@id":"https:\/\/candas365.es\/noticias\/#organization"}}]},"og:locale":"es_ES","og:site_name":"Cand\u00e1s 365","og:type":"article","og:title":"La misi\u00f3n de la fragata alemana Hessen | Cand\u00e1s 365","og:description":"Wilhelmshaven (Alemania), 8 feb (dpa) - La fragata alemana Hessen zarp\u00f3 hoy en una misi\u00f3n militar de la Uni\u00f3n Europea (UE) para proteger la navegaci\u00f3n de los","og:url":"https:\/\/candas365.es\/noticias\/la-mision-de-la-fragata-alemana-hessen\/","og:image":"https:\/\/candas365.es\/noticias\/wp-content\/uploads\/2024\/02\/fragata-alemana-Hessen.jpg","og:image:secure_url":"https:\/\/candas365.es\/noticias\/wp-content\/uploads\/2024\/02\/fragata-alemana-Hessen.jpg","og:image:width":999,"og:image:height":657,"article:published_time":"2024-02-09T01:05:55+00:00","article:modified_time":"2024-02-09T01:06:43+00:00","article:publisher":"https:\/\/www.facebook.com\/Nachofdezber","article:author":"https:\/\/www.facebook.com\/carrenoactualidad","twitter:card":"summary_large_image","twitter:site":"@NabercoDigital","twitter:title":"La misi\u00f3n de la fragata alemana Hessen | Cand\u00e1s 365","twitter:description":"Wilhelmshaven (Alemania), 8 feb (dpa) - La fragata alemana Hessen zarp\u00f3 hoy en una misi\u00f3n militar de la Uni\u00f3n Europea (UE) para proteger la navegaci\u00f3n de los","twitter:creator":"@nbasturias","twitter:image":"https:\/\/candas365.es\/noticias\/wp-content\/uploads\/2024\/02\/fragata-alemana-Hessen.jpg","twitter:label1":"Escrito por","twitter:data1":"Cand\u00e1s 365","twitter:label2":"Tiempo de lectura estimado","twitter:data2":"2 minutos"},"aioseo_meta_data":{"post_id":"178259","title":null,"description":"Wilhelmshaven (Alemania), 8 feb (dpa) - La fragata alemana Hessen zarp\u00f3 hoy en una misi\u00f3n militar de la Uni\u00f3n Europea (UE) para proteger la navegaci\u00f3n de los","keywords":[],"keyphrases":{"focus":{"keyphrase":"Hessen","score":100,"analysis":{"keyphraseInTitle":{"score":9,"maxScore":9,"error":0},"keyphraseInDescription":{"score":9,"maxScore":9,"error":0},"keyphraseLength":{"score":9,"maxScore":9,"error":0,"length":1},"keyphraseInURL":{"score":5,"maxScore":5,"error":0},"keyphraseInIntroduction":{"score":9,"maxScore":9,"error":0},"keyphraseInSubHeadings":[],"keyphraseInImageAlt":{"score":9,"maxScore":9,"error":0},"keywordDensity":{"type":"best","score":9,"maxScore":9,"error":0}}},"additional":[{"keyphrase":"Hessen","score":100,"analysis":{"keyphraseInDescription":{"score":9,"maxScore":9,"error":0},"keyphraseLength":{"score":9,"maxScore":9,"error":0,"length":1},"keyphraseInIntroduction":{"score":9,"maxScore":9,"error":0},"keyphraseInImageAlt":{"score":9,"maxScore":9,"error":0},"keywordDensity":{"type":"best","score":9,"maxScore":9,"error":0}}}]},"primary_term":null,"canonical_url":null,"og_title":null,"og_description":null,"og_object_type":"default","og_image_type":"default","og_image_url":null,"og_image_width":null,"og_image_height":null,"og_image_custom_url":null,"og_image_custom_fields":null,"og_video":"","og_custom_url":null,"og_article_section":null,"og_article_tags":[],"twitter_use_og":false,"twitter_card":"default","twitter_image_type":"default","twitter_image_url":null,"twitter_image_custom_url":null,"twitter_image_custom_fields":null,"twitter_title":null,"twitter_description":null,"schema":{"blockGraphs":[],"customGraphs":[],"default":{"data":{"Article":[],"Course":[],"Dataset":[],"FAQPage":[],"Movie":[],"Person":[],"Product":[],"ProductReview":[],"Car":[],"Recipe":[],"Service":[],"SoftwareApplication":[],"WebPage":[]},"graphName":"Article","isEnabled":true},"graphs":[]},"schema_type":"default","schema_type_options":null,"pillar_content":false,"robots_default":true,"robots_noindex":false,"robots_noarchive":false,"robots_nosnippet":false,"robots_nofollow":false,"robots_noimageindex":false,"robots_noodp":false,"robots_notranslate":false,"robots_max_snippet":"-1","robots_max_videopreview":"-1","robots_max_imagepreview":"large","priority":null,"frequency":"default","location":null,"local_seo":null,"seo_analyzer_scan_date":"2025-09-02 04:03:14","breadcrumb_settings":null,"limit_modified_date":false,"reviewed_by":null,"open_ai":"{\"title\":{\"suggestions\":[],\"usage\":0},\"description\":{\"suggestions\":[],\"usage\":0}}","ai":null,"created":"2024-02-09 00:57:02","updated":"2025-09-02 04:03:14"},"aioseo_breadcrumb":"<div class=\"aioseo-breadcrumbs\"><span class=\"aioseo-breadcrumb\">\n\t<a href=\"https:\/\/candas365.es\/noticias\" title=\"Home\">Home<\/a>\n<\/span><span class=\"aioseo-breadcrumb-separator\">&ndash;<\/span><span class=\"aioseo-breadcrumb\">\n\t<a href=\"https:\/\/candas365.es\/noticias\/category\/internacional\/\" title=\"Internacional\">Internacional<\/a>\n<\/span><span class=\"aioseo-breadcrumb-separator\">&ndash;<\/span><span class=\"aioseo-breadcrumb\">\n\tLa misi\u00f3n de la fragata alemana Hessen\n<\/span><\/div>","aioseo_breadcrumb_json":[{"label":"Home","link":"https:\/\/candas365.es\/noticias"},{"label":"Internacional","link":"https:\/\/candas365.es\/noticias\/category\/internacional\/"},{"label":"La misi\u00f3n de la fragata alemana Hessen","link":"https:\/\/candas365.es\/noticias\/la-mision-de-la-fragata-alemana-hessen\/"}],"_links":{"self":[{"href":"https:\/\/candas365.es\/noticias\/wp-json\/wp\/v2\/posts\/178259","targetHints":{"allow":["GET"]}}],"collection":[{"href":"https:\/\/candas365.es\/noticias\/wp-json\/wp\/v2\/posts"}],"about":[{"href":"https:\/\/candas365.es\/noticias\/wp-json\/wp\/v2\/types\/post"}],"author":[{"embeddable":true,"href":"https:\/\/candas365.es\/noticias\/wp-json\/wp\/v2\/users\/1"}],"replies":[{"embeddable":true,"href":"https:\/\/candas365.es\/noticias\/wp-json\/wp\/v2\/comments?post=178259"}],"version-history":[{"count":0,"href":"https:\/\/candas365.es\/noticias\/wp-json\/wp\/v2\/posts\/178259\/revisions"}],"wp:featuredmedia":[{"embeddable":true,"href":"https:\/\/candas365.es\/noticias\/wp-json\/wp\/v2\/media\/178260"}],"wp:attachment":[{"href":"https:\/\/candas365.es\/noticias\/wp-json\/wp\/v2\/media?parent=178259"}],"wp:term":[{"taxonomy":"category","embeddable":true,"href":"https:\/\/candas365.es\/noticias\/wp-json\/wp\/v2\/categories?post=178259"},{"taxonomy":"post_tag","embeddable":true,"href":"https:\/\/candas365.es\/noticias\/wp-json\/wp\/v2\/tags?post=178259"}],"curies":[{"name":"wp","href":"https:\/\/api.w.org\/{rel}","templated":true}]}}