{"id":178157,"date":"2024-01-31T19:14:43","date_gmt":"2024-01-31T18:14:43","guid":{"rendered":"https:\/\/candas365.es\/noticias\/?p=178157"},"modified":"2024-01-31T19:14:43","modified_gmt":"2024-01-31T18:14:43","slug":"gloria-garcia-pide-la-sustitucion-del-tejado-del-colegio-de-pineres","status":"publish","type":"post","link":"https:\/\/candas365.es\/noticias\/gloria-garcia-pide-la-sustitucion-del-tejado-del-colegio-de-pineres\/","title":{"rendered":"Gloria Garc\u00eda pide la sustituci\u00f3n del tejado del colegio de Pi\u00f1eres"},"content":{"rendered":"<p>La diputada regional del <span style=\"color: #ff6600;\"><strong><a style=\"color: #ff6600;\" title=\"Partido Popular de Asturias\" href=\"https:\/\/pp-asturias.com\/\" target=\"_blank\" rel=\"noopener\">Partido Popular de Asturias<\/a><\/strong><\/span> Gloria Garc\u00eda, portavoz de Educaci\u00f3n, reclam\u00f3 hoy la sustituci\u00f3n inmediata del tejado del colegio \u201cSan Pedro\u201d de Pi\u00f1eres, en el concejo de Aller, que en la actualidad es de uralita y tiene amianto.<\/p>\n<figure id=\"attachment_178158\" aria-describedby=\"caption-attachment-178158\" style=\"width: 650px\" class=\"wp-caption aligncenter\"><img fetchpriority=\"high\" decoding=\"async\" class=\"wp-image-178158 size-large\" src=\"https:\/\/candas365.es\/noticias\/wp-content\/uploads\/2024\/01\/Gloria-Garcia-Partido-Popular-Asturias-650x445.jpg\" alt=\"Gloria Garc\u00eda Partido Popular Asturias\" width=\"650\" height=\"445\" srcset=\"https:\/\/candas365.es\/noticias\/wp-content\/uploads\/2024\/01\/Gloria-Garcia-Partido-Popular-Asturias-650x445.jpg 650w, https:\/\/candas365.es\/noticias\/wp-content\/uploads\/2024\/01\/Gloria-Garcia-Partido-Popular-Asturias-360x246.jpg 360w, https:\/\/candas365.es\/noticias\/wp-content\/uploads\/2024\/01\/Gloria-Garcia-Partido-Popular-Asturias-768x526.jpg 768w, https:\/\/candas365.es\/noticias\/wp-content\/uploads\/2024\/01\/Gloria-Garcia-Partido-Popular-Asturias-150x103.jpg 150w, https:\/\/candas365.es\/noticias\/wp-content\/uploads\/2024\/01\/Gloria-Garcia-Partido-Popular-Asturias-450x308.jpg 450w, https:\/\/candas365.es\/noticias\/wp-content\/uploads\/2024\/01\/Gloria-Garcia-Partido-Popular-Asturias.jpg 1072w\" sizes=\"(max-width: 650px) 100vw, 650px\" \/><figcaption id=\"caption-attachment-178158\" class=\"wp-caption-text\">Foto: Prensa PP Asturias<\/figcaption><\/figure>\n<p>Gloria Garc\u00eda, que visit\u00f3 la escuela, destac\u00f3 que \u201ctodo el mundo sabe los riesgos de la presencia del amianto\u201d, y a\u00f1adi\u00f3 que hay otros arreglos menores pendientes, como la limpieza de canalones, que no se pueden llevar a cabo porque se est\u00e1 pendiente de la sustituci\u00f3n del tejado.<\/p>\n<p>La diputada popular se\u00f1al\u00f3 que la Consejer\u00eda de Educaci\u00f3n lleva recibiendo reclamaciones para el cambio de la cubierta desde hace m\u00e1s de 10 a\u00f1os, <strong>\u00abpero nunca ha hecho caso de estas demandas\u00bb.<\/strong><\/p>\n<blockquote><p>\u00abHace dos a\u00f1os se lleg\u00f3 a enviar t\u00e9cnicos, un 30 de julio, que inspeccionaron, se fueron y nunca m\u00e1s se supo\u00bb, denunci\u00f3.<\/p><\/blockquote>\n<p>Glor\u00eda Garc\u00eda ironiz\u00f3 sobre \u00abla atenci\u00f3n a la escuela rural que pregona el Gobierno de Barb\u00f3n\u00bb, y exigi\u00f3 que Educaci\u00f3n atienda esta reclamaci\u00f3n cuanto antes, \u00abporque es una obra muy necesaria\u00bb.<\/p>\n","protected":false},"excerpt":{"rendered":"<p>La diputada regional del Partido Popular de Asturias Gloria Garc\u00eda, portavoz de Educaci\u00f3n, reclam\u00f3 hoy la sustituci\u00f3n inmediata del tejado del colegio \u201cSan Pedro\u201d de Pi\u00f1eres, en el concejo de Aller, que en la actualidad es de uralita y tiene amianto. Gloria Garc\u00eda, que visit\u00f3 la escuela, destac\u00f3 que \u201ctodo el mundo sabe los riesgos<\/p>\n","protected":false},"author":1,"featured_media":178158,"comment_status":"closed","ping_status":"closed","sticky":false,"template":"","format":"standard","meta":{"footnotes":""},"categories":[7],"tags":[470,480],"class_list":{"0":"post-178157","1":"post","2":"type-post","3":"status-publish","4":"format-standard","5":"has-post-thumbnail","7":"category-asturias","8":"tag-politica","9":"tag-pp"},"aioseo_notices":[],"aioseo_head":"\n\t\t<!-- All in One SEO Pro 4.9.6.2 - aioseo.com -->\n\t<meta name=\"description\" content=\"La diputada regional del Partido Popular de Asturias Gloria Garc\u00eda, portavoz de Educaci\u00f3n, reclam\u00f3 hoy la sustituci\u00f3n inmediata del tejado del colegio \u201cSan Pedro\u201d\" \/>\n\t<meta name=\"robots\" content=\"max-image-preview:large\" \/>\n\t<meta name=\"author\" content=\"Cand\u00e1s 365\"\/>\n\t<meta name=\"google-site-verification\" content=\"UA-32230408-1\" \/>\n\t<meta name=\"msvalidate.01\" content=\"354F3CDFB2DA171B47FBE9ABF1F88D5\" \/>\n\t<meta name=\"keywords\" content=\"asturias\" \/>\n\t<link rel=\"canonical\" href=\"https:\/\/candas365.es\/noticias\/gloria-garcia-pide-la-sustitucion-del-tejado-del-colegio-de-pineres\/\" \/>\n\t<meta name=\"generator\" content=\"All in One SEO Pro (AIOSEO) 4.9.6.2\" \/>\n\t\t<meta property=\"og:locale\" content=\"es_ES\" \/>\n\t\t<meta property=\"og:site_name\" content=\"Cand\u00e1s 365\" \/>\n\t\t<meta property=\"og:type\" content=\"article\" \/>\n\t\t<meta property=\"og:title\" content=\"Gloria Garc\u00eda pide la sustituci\u00f3n del tejado del colegio de Pi\u00f1eres | Cand\u00e1s 365\" \/>\n\t\t<meta property=\"og:description\" content=\"La diputada regional del Partido Popular de Asturias Gloria Garc\u00eda, portavoz de Educaci\u00f3n, reclam\u00f3 hoy la sustituci\u00f3n inmediata del tejado del colegio \u201cSan Pedro\u201d\" \/>\n\t\t<meta property=\"og:url\" content=\"https:\/\/candas365.es\/noticias\/gloria-garcia-pide-la-sustitucion-del-tejado-del-colegio-de-pineres\/\" \/>\n\t\t<meta property=\"og:image\" content=\"https:\/\/candas365.es\/noticias\/wp-content\/uploads\/2024\/01\/Gloria-Garcia-Partido-Popular-Asturias.jpg\" \/>\n\t\t<meta property=\"og:image:secure_url\" content=\"https:\/\/candas365.es\/noticias\/wp-content\/uploads\/2024\/01\/Gloria-Garcia-Partido-Popular-Asturias.jpg\" \/>\n\t\t<meta property=\"og:image:width\" content=\"1072\" \/>\n\t\t<meta property=\"og:image:height\" content=\"734\" \/>\n\t\t<meta property=\"article:published_time\" content=\"2024-01-31T18:14:43+00:00\" \/>\n\t\t<meta property=\"article:modified_time\" content=\"2024-01-31T18:14:43+00:00\" \/>\n\t\t<meta property=\"article:publisher\" content=\"https:\/\/www.facebook.com\/Nachofdezber\" \/>\n\t\t<meta property=\"article:author\" content=\"https:\/\/www.facebook.com\/carrenoactualidad\" \/>\n\t\t<meta name=\"twitter:card\" content=\"summary_large_image\" \/>\n\t\t<meta name=\"twitter:site\" content=\"@NabercoDigital\" \/>\n\t\t<meta name=\"twitter:title\" content=\"Gloria Garc\u00eda pide la sustituci\u00f3n del tejado del colegio de Pi\u00f1eres | Cand\u00e1s 365\" \/>\n\t\t<meta name=\"twitter:description\" content=\"La diputada regional del Partido Popular de Asturias Gloria Garc\u00eda, portavoz de Educaci\u00f3n, reclam\u00f3 hoy la sustituci\u00f3n inmediata del tejado del colegio \u201cSan Pedro\u201d\" \/>\n\t\t<meta name=\"twitter:creator\" content=\"@nbasturias\" \/>\n\t\t<meta name=\"twitter:image\" content=\"https:\/\/candas365.es\/noticias\/wp-content\/uploads\/2024\/01\/Gloria-Garcia-Partido-Popular-Asturias.jpg\" \/>\n\t\t<meta name=\"twitter:label1\" content=\"Escrito por\" \/>\n\t\t<meta name=\"twitter:data1\" content=\"Cand\u00e1s 365\" \/>\n\t\t<meta name=\"twitter:label2\" content=\"Tiempo de lectura estimado\" \/>\n\t\t<meta name=\"twitter:data2\" content=\"1 minuto\" \/>\n\t\t<script type=\"application\/ld+json\" class=\"aioseo-schema\">\n\t\t\t{\"@context\":\"https:\\\/\\\/schema.org\",\"@graph\":[{\"@type\":\"BreadcrumbList\",\"@id\":\"https:\\\/\\\/candas365.es\\\/noticias\\\/gloria-garcia-pide-la-sustitucion-del-tejado-del-colegio-de-pineres\\\/#breadcrumblist\",\"itemListElement\":[{\"@type\":\"ListItem\",\"@id\":\"https:\\\/\\\/candas365.es\\\/noticias#listItem\",\"position\":1,\"name\":\"Home\",\"item\":\"https:\\\/\\\/candas365.es\\\/noticias\",\"nextItem\":{\"@type\":\"ListItem\",\"@id\":\"https:\\\/\\\/candas365.es\\\/noticias\\\/category\\\/asturias\\\/#listItem\",\"name\":\"Asturias\"}},{\"@type\":\"ListItem\",\"@id\":\"https:\\\/\\\/candas365.es\\\/noticias\\\/category\\\/asturias\\\/#listItem\",\"position\":2,\"name\":\"Asturias\",\"item\":\"https:\\\/\\\/candas365.es\\\/noticias\\\/category\\\/asturias\\\/\",\"nextItem\":{\"@type\":\"ListItem\",\"@id\":\"https:\\\/\\\/candas365.es\\\/noticias\\\/gloria-garcia-pide-la-sustitucion-del-tejado-del-colegio-de-pineres\\\/#listItem\",\"name\":\"Gloria Garc\\u00eda pide la sustituci\\u00f3n del tejado del colegio de Pi\\u00f1eres\"},\"previousItem\":{\"@type\":\"ListItem\",\"@id\":\"https:\\\/\\\/candas365.es\\\/noticias#listItem\",\"name\":\"Home\"}},{\"@type\":\"ListItem\",\"@id\":\"https:\\\/\\\/candas365.es\\\/noticias\\\/gloria-garcia-pide-la-sustitucion-del-tejado-del-colegio-de-pineres\\\/#listItem\",\"position\":3,\"name\":\"Gloria Garc\\u00eda pide la sustituci\\u00f3n del tejado del colegio de Pi\\u00f1eres\",\"previousItem\":{\"@type\":\"ListItem\",\"@id\":\"https:\\\/\\\/candas365.es\\\/noticias\\\/category\\\/asturias\\\/#listItem\",\"name\":\"Asturias\"}}]},{\"@type\":\"NewsArticle\",\"@id\":\"https:\\\/\\\/candas365.es\\\/noticias\\\/gloria-garcia-pide-la-sustitucion-del-tejado-del-colegio-de-pineres\\\/#newsarticle\",\"name\":\"Gloria Garc\\u00eda pide la sustituci\\u00f3n del tejado del colegio de Pi\\u00f1eres | Cand\\u00e1s 365\",\"headline\":\"Gloria Garc\\u00eda pide la sustituci\\u00f3n del tejado del colegio de Pi\\u00f1eres\",\"author\":{\"@id\":\"https:\\\/\\\/candas365.es\\\/noticias\\\/author\\\/admin\\\/#author\"},\"publisher\":{\"@id\":\"https:\\\/\\\/candas365.es\\\/noticias\\\/#organization\"},\"image\":{\"@type\":\"ImageObject\",\"url\":\"https:\\\/\\\/candas365.es\\\/noticias\\\/wp-content\\\/uploads\\\/2024\\\/01\\\/Gloria-Garcia-Partido-Popular-Asturias.jpg\",\"width\":1072,\"height\":734,\"caption\":\"Foto: Prensa PP Asturias\"},\"datePublished\":\"2024-01-31T19:14:43+01:00\",\"dateModified\":\"2024-01-31T19:14:43+01:00\",\"inLanguage\":\"es-ES\",\"mainEntityOfPage\":{\"@id\":\"https:\\\/\\\/candas365.es\\\/noticias\\\/gloria-garcia-pide-la-sustitucion-del-tejado-del-colegio-de-pineres\\\/#webpage\"},\"isPartOf\":{\"@id\":\"https:\\\/\\\/candas365.es\\\/noticias\\\/gloria-garcia-pide-la-sustitucion-del-tejado-del-colegio-de-pineres\\\/#webpage\"},\"articleSection\":\"Asturias, pol\\u00edtica, PP\",\"dateline\":\"Publicado el enero 31, 2024.\"},{\"@type\":\"Organization\",\"@id\":\"https:\\\/\\\/candas365.es\\\/noticias\\\/#organization\",\"name\":\"Cand\\u00e1s 365\",\"description\":\"Cand\\u00e1s 365 es un diario digital independiente, fundado en 2012, con base en Asturias. Informamos con rigor sobre actualidad, sociedad, cultura y ocio, con una mirada local y global.\",\"url\":\"https:\\\/\\\/candas365.es\\\/noticias\\\/\",\"email\":\"info@candas365.es\",\"telephone\":\"+34652131393\",\"foundingDate\":\"2012-06-10\",\"logo\":{\"@type\":\"ImageObject\",\"url\":\"https:\\\/\\\/candas365.es\\\/noticias\\\/wp-content\\\/uploads\\\/2024\\\/09\\\/Candas-365-Redes.jpg\",\"@id\":\"https:\\\/\\\/candas365.es\\\/noticias\\\/gloria-garcia-pide-la-sustitucion-del-tejado-del-colegio-de-pineres\\\/#organizationLogo\",\"width\":1152,\"height\":864,\"caption\":\"Cand\\u00e1s 365 Redes\"},\"image\":{\"@id\":\"https:\\\/\\\/candas365.es\\\/noticias\\\/gloria-garcia-pide-la-sustitucion-del-tejado-del-colegio-de-pineres\\\/#organizationLogo\"},\"sameAs\":[\"https:\\\/\\\/www.facebook.com\\\/Nachofdezber\",\"https:\\\/\\\/x.com\\\/NabercoDigital\",\"https:\\\/\\\/www.instagram.com\\\/nachofdezber\\\/\",\"https:\\\/\\\/www.youtube.com\\\/channel\\\/UCZP-2wLEB9Rv6erhFmqVnvg\"],\"address\":{\"@id\":\"https:\\\/\\\/candas365.es\\\/noticias\\\/#postaladdress\",\"@type\":\"PostalAddress\",\"streetAddress\":\"san antonio 4, san antonio 4\",\"postalCode\":\"33430\",\"addressLocality\":\"Cand\\u00e1s\",\"addressRegion\":\"Asturias\",\"addressCountry\":\"ES\"}},{\"@type\":\"Person\",\"@id\":\"https:\\\/\\\/candas365.es\\\/noticias\\\/author\\\/admin\\\/#author\",\"url\":\"https:\\\/\\\/candas365.es\\\/noticias\\\/author\\\/admin\\\/\",\"name\":\"Cand\\u00e1s 365\",\"image\":{\"@type\":\"ImageObject\",\"@id\":\"https:\\\/\\\/candas365.es\\\/noticias\\\/gloria-garcia-pide-la-sustitucion-del-tejado-del-colegio-de-pineres\\\/#authorImage\",\"url\":\"https:\\\/\\\/secure.gravatar.com\\\/avatar\\\/496a8e03d0c493ede1718b7934145dbdf8d89be1036b0eec9544e1094c9de390?s=96&d=mm&r=g\",\"width\":96,\"height\":96,\"caption\":\"Cand\\u00e1s 365\"},\"sameAs\":[\"https:\\\/\\\/www.facebook.com\\\/carrenoactualidad\",\"https:\\\/\\\/twitter.com\\\/nbasturias\",\"https:\\\/\\\/www.instagram.com\\\/nachofdezber\\\/\",\"https:\\\/\\\/www.youtube.com\\\/channel\\\/UCZP-2wLEB9Rv6erhFmqVnvg\"]},{\"@type\":\"WebPage\",\"@id\":\"https:\\\/\\\/candas365.es\\\/noticias\\\/gloria-garcia-pide-la-sustitucion-del-tejado-del-colegio-de-pineres\\\/#webpage\",\"url\":\"https:\\\/\\\/candas365.es\\\/noticias\\\/gloria-garcia-pide-la-sustitucion-del-tejado-del-colegio-de-pineres\\\/\",\"name\":\"Gloria Garc\\u00eda pide la sustituci\\u00f3n del tejado del colegio de Pi\\u00f1eres | Cand\\u00e1s 365\",\"description\":\"La diputada regional del Partido Popular de Asturias Gloria Garc\\u00eda, portavoz de Educaci\\u00f3n, reclam\\u00f3 hoy la sustituci\\u00f3n inmediata del tejado del colegio \\u201cSan Pedro\\u201d\",\"inLanguage\":\"es-ES\",\"isPartOf\":{\"@id\":\"https:\\\/\\\/candas365.es\\\/noticias\\\/#website\"},\"breadcrumb\":{\"@id\":\"https:\\\/\\\/candas365.es\\\/noticias\\\/gloria-garcia-pide-la-sustitucion-del-tejado-del-colegio-de-pineres\\\/#breadcrumblist\"},\"author\":{\"@id\":\"https:\\\/\\\/candas365.es\\\/noticias\\\/author\\\/admin\\\/#author\"},\"creator\":{\"@id\":\"https:\\\/\\\/candas365.es\\\/noticias\\\/author\\\/admin\\\/#author\"},\"image\":{\"@type\":\"ImageObject\",\"url\":\"https:\\\/\\\/candas365.es\\\/noticias\\\/wp-content\\\/uploads\\\/2024\\\/01\\\/Gloria-Garcia-Partido-Popular-Asturias.jpg\",\"@id\":\"https:\\\/\\\/candas365.es\\\/noticias\\\/gloria-garcia-pide-la-sustitucion-del-tejado-del-colegio-de-pineres\\\/#mainImage\",\"width\":1072,\"height\":734,\"caption\":\"Foto: Prensa PP Asturias\"},\"primaryImageOfPage\":{\"@id\":\"https:\\\/\\\/candas365.es\\\/noticias\\\/gloria-garcia-pide-la-sustitucion-del-tejado-del-colegio-de-pineres\\\/#mainImage\"},\"datePublished\":\"2024-01-31T19:14:43+01:00\",\"dateModified\":\"2024-01-31T19:14:43+01:00\"},{\"@type\":\"WebSite\",\"@id\":\"https:\\\/\\\/candas365.es\\\/noticias\\\/#website\",\"url\":\"https:\\\/\\\/candas365.es\\\/noticias\\\/\",\"name\":\"Cand\\u00e1s 365\",\"alternateName\":\"Cand\\u00e1s 365 Noticias\",\"description\":\"Actualidad desde Carre\\u00f1o para el mundo\",\"inLanguage\":\"es-ES\",\"publisher\":{\"@id\":\"https:\\\/\\\/candas365.es\\\/noticias\\\/#organization\"}}]}\n\t\t<\/script>\n\t\t<!-- All in One SEO Pro -->\r\n\t\t<title>Gloria Garc\u00eda pide la sustituci\u00f3n del tejado del colegio de Pi\u00f1eres | Cand\u00e1s 365<\/title>\n\n","aioseo_head_json":{"title":"Gloria Garc\u00eda pide la sustituci\u00f3n del tejado del colegio de Pi\u00f1eres | Cand\u00e1s 365","description":"La diputada regional del Partido Popular de Asturias Gloria Garc\u00eda, portavoz de Educaci\u00f3n, reclam\u00f3 hoy la sustituci\u00f3n inmediata del tejado del colegio \u201cSan Pedro\u201d","canonical_url":"https:\/\/candas365.es\/noticias\/gloria-garcia-pide-la-sustitucion-del-tejado-del-colegio-de-pineres\/","robots":"max-image-preview:large","keywords":"asturias","webmasterTools":{"google-site-verification":"UA-32230408-1","msvalidate.01":"354F3CDFB2DA171B47FBE9ABF1F88D5","miscellaneous":""},"schema":{"@context":"https:\/\/schema.org","@graph":[{"@type":"BreadcrumbList","@id":"https:\/\/candas365.es\/noticias\/gloria-garcia-pide-la-sustitucion-del-tejado-del-colegio-de-pineres\/#breadcrumblist","itemListElement":[{"@type":"ListItem","@id":"https:\/\/candas365.es\/noticias#listItem","position":1,"name":"Home","item":"https:\/\/candas365.es\/noticias","nextItem":{"@type":"ListItem","@id":"https:\/\/candas365.es\/noticias\/category\/asturias\/#listItem","name":"Asturias"}},{"@type":"ListItem","@id":"https:\/\/candas365.es\/noticias\/category\/asturias\/#listItem","position":2,"name":"Asturias","item":"https:\/\/candas365.es\/noticias\/category\/asturias\/","nextItem":{"@type":"ListItem","@id":"https:\/\/candas365.es\/noticias\/gloria-garcia-pide-la-sustitucion-del-tejado-del-colegio-de-pineres\/#listItem","name":"Gloria Garc\u00eda pide la sustituci\u00f3n del tejado del colegio de Pi\u00f1eres"},"previousItem":{"@type":"ListItem","@id":"https:\/\/candas365.es\/noticias#listItem","name":"Home"}},{"@type":"ListItem","@id":"https:\/\/candas365.es\/noticias\/gloria-garcia-pide-la-sustitucion-del-tejado-del-colegio-de-pineres\/#listItem","position":3,"name":"Gloria Garc\u00eda pide la sustituci\u00f3n del tejado del colegio de Pi\u00f1eres","previousItem":{"@type":"ListItem","@id":"https:\/\/candas365.es\/noticias\/category\/asturias\/#listItem","name":"Asturias"}}]},{"@type":"NewsArticle","@id":"https:\/\/candas365.es\/noticias\/gloria-garcia-pide-la-sustitucion-del-tejado-del-colegio-de-pineres\/#newsarticle","name":"Gloria Garc\u00eda pide la sustituci\u00f3n del tejado del colegio de Pi\u00f1eres | Cand\u00e1s 365","headline":"Gloria Garc\u00eda pide la sustituci\u00f3n del tejado del colegio de Pi\u00f1eres","author":{"@id":"https:\/\/candas365.es\/noticias\/author\/admin\/#author"},"publisher":{"@id":"https:\/\/candas365.es\/noticias\/#organization"},"image":{"@type":"ImageObject","url":"https:\/\/candas365.es\/noticias\/wp-content\/uploads\/2024\/01\/Gloria-Garcia-Partido-Popular-Asturias.jpg","width":1072,"height":734,"caption":"Foto: Prensa PP Asturias"},"datePublished":"2024-01-31T19:14:43+01:00","dateModified":"2024-01-31T19:14:43+01:00","inLanguage":"es-ES","mainEntityOfPage":{"@id":"https:\/\/candas365.es\/noticias\/gloria-garcia-pide-la-sustitucion-del-tejado-del-colegio-de-pineres\/#webpage"},"isPartOf":{"@id":"https:\/\/candas365.es\/noticias\/gloria-garcia-pide-la-sustitucion-del-tejado-del-colegio-de-pineres\/#webpage"},"articleSection":"Asturias, pol\u00edtica, PP","dateline":"Publicado el enero 31, 2024."},{"@type":"Organization","@id":"https:\/\/candas365.es\/noticias\/#organization","name":"Cand\u00e1s 365","description":"Cand\u00e1s 365 es un diario digital independiente, fundado en 2012, con base en Asturias. Informamos con rigor sobre actualidad, sociedad, cultura y ocio, con una mirada local y global.","url":"https:\/\/candas365.es\/noticias\/","email":"info@candas365.es","telephone":"+34652131393","foundingDate":"2012-06-10","logo":{"@type":"ImageObject","url":"https:\/\/candas365.es\/noticias\/wp-content\/uploads\/2024\/09\/Candas-365-Redes.jpg","@id":"https:\/\/candas365.es\/noticias\/gloria-garcia-pide-la-sustitucion-del-tejado-del-colegio-de-pineres\/#organizationLogo","width":1152,"height":864,"caption":"Cand\u00e1s 365 Redes"},"image":{"@id":"https:\/\/candas365.es\/noticias\/gloria-garcia-pide-la-sustitucion-del-tejado-del-colegio-de-pineres\/#organizationLogo"},"sameAs":["https:\/\/www.facebook.com\/Nachofdezber","https:\/\/x.com\/NabercoDigital","https:\/\/www.instagram.com\/nachofdezber\/","https:\/\/www.youtube.com\/channel\/UCZP-2wLEB9Rv6erhFmqVnvg"],"address":{"@id":"https:\/\/candas365.es\/noticias\/#postaladdress","@type":"PostalAddress","streetAddress":"san antonio 4, san antonio 4","postalCode":"33430","addressLocality":"Cand\u00e1s","addressRegion":"Asturias","addressCountry":"ES"}},{"@type":"Person","@id":"https:\/\/candas365.es\/noticias\/author\/admin\/#author","url":"https:\/\/candas365.es\/noticias\/author\/admin\/","name":"Cand\u00e1s 365","image":{"@type":"ImageObject","@id":"https:\/\/candas365.es\/noticias\/gloria-garcia-pide-la-sustitucion-del-tejado-del-colegio-de-pineres\/#authorImage","url":"https:\/\/secure.gravatar.com\/avatar\/496a8e03d0c493ede1718b7934145dbdf8d89be1036b0eec9544e1094c9de390?s=96&d=mm&r=g","width":96,"height":96,"caption":"Cand\u00e1s 365"},"sameAs":["https:\/\/www.facebook.com\/carrenoactualidad","https:\/\/twitter.com\/nbasturias","https:\/\/www.instagram.com\/nachofdezber\/","https:\/\/www.youtube.com\/channel\/UCZP-2wLEB9Rv6erhFmqVnvg"]},{"@type":"WebPage","@id":"https:\/\/candas365.es\/noticias\/gloria-garcia-pide-la-sustitucion-del-tejado-del-colegio-de-pineres\/#webpage","url":"https:\/\/candas365.es\/noticias\/gloria-garcia-pide-la-sustitucion-del-tejado-del-colegio-de-pineres\/","name":"Gloria Garc\u00eda pide la sustituci\u00f3n del tejado del colegio de Pi\u00f1eres | Cand\u00e1s 365","description":"La diputada regional del Partido Popular de Asturias Gloria Garc\u00eda, portavoz de Educaci\u00f3n, reclam\u00f3 hoy la sustituci\u00f3n inmediata del tejado del colegio \u201cSan Pedro\u201d","inLanguage":"es-ES","isPartOf":{"@id":"https:\/\/candas365.es\/noticias\/#website"},"breadcrumb":{"@id":"https:\/\/candas365.es\/noticias\/gloria-garcia-pide-la-sustitucion-del-tejado-del-colegio-de-pineres\/#breadcrumblist"},"author":{"@id":"https:\/\/candas365.es\/noticias\/author\/admin\/#author"},"creator":{"@id":"https:\/\/candas365.es\/noticias\/author\/admin\/#author"},"image":{"@type":"ImageObject","url":"https:\/\/candas365.es\/noticias\/wp-content\/uploads\/2024\/01\/Gloria-Garcia-Partido-Popular-Asturias.jpg","@id":"https:\/\/candas365.es\/noticias\/gloria-garcia-pide-la-sustitucion-del-tejado-del-colegio-de-pineres\/#mainImage","width":1072,"height":734,"caption":"Foto: Prensa PP Asturias"},"primaryImageOfPage":{"@id":"https:\/\/candas365.es\/noticias\/gloria-garcia-pide-la-sustitucion-del-tejado-del-colegio-de-pineres\/#mainImage"},"datePublished":"2024-01-31T19:14:43+01:00","dateModified":"2024-01-31T19:14:43+01:00"},{"@type":"WebSite","@id":"https:\/\/candas365.es\/noticias\/#website","url":"https:\/\/candas365.es\/noticias\/","name":"Cand\u00e1s 365","alternateName":"Cand\u00e1s 365 Noticias","description":"Actualidad desde Carre\u00f1o para el mundo","inLanguage":"es-ES","publisher":{"@id":"https:\/\/candas365.es\/noticias\/#organization"}}]},"og:locale":"es_ES","og:site_name":"Cand\u00e1s 365","og:type":"article","og:title":"Gloria Garc\u00eda pide la sustituci\u00f3n del tejado del colegio de Pi\u00f1eres | Cand\u00e1s 365","og:description":"La diputada regional del Partido Popular de Asturias Gloria Garc\u00eda, portavoz de Educaci\u00f3n, reclam\u00f3 hoy la sustituci\u00f3n inmediata del tejado del colegio \u201cSan Pedro\u201d","og:url":"https:\/\/candas365.es\/noticias\/gloria-garcia-pide-la-sustitucion-del-tejado-del-colegio-de-pineres\/","og:image":"https:\/\/candas365.es\/noticias\/wp-content\/uploads\/2024\/01\/Gloria-Garcia-Partido-Popular-Asturias.jpg","og:image:secure_url":"https:\/\/candas365.es\/noticias\/wp-content\/uploads\/2024\/01\/Gloria-Garcia-Partido-Popular-Asturias.jpg","og:image:width":1072,"og:image:height":734,"article:published_time":"2024-01-31T18:14:43+00:00","article:modified_time":"2024-01-31T18:14:43+00:00","article:publisher":"https:\/\/www.facebook.com\/Nachofdezber","article:author":"https:\/\/www.facebook.com\/carrenoactualidad","twitter:card":"summary_large_image","twitter:site":"@NabercoDigital","twitter:title":"Gloria Garc\u00eda pide la sustituci\u00f3n del tejado del colegio de Pi\u00f1eres | Cand\u00e1s 365","twitter:description":"La diputada regional del Partido Popular de Asturias Gloria Garc\u00eda, portavoz de Educaci\u00f3n, reclam\u00f3 hoy la sustituci\u00f3n inmediata del tejado del colegio \u201cSan Pedro\u201d","twitter:creator":"@nbasturias","twitter:image":"https:\/\/candas365.es\/noticias\/wp-content\/uploads\/2024\/01\/Gloria-Garcia-Partido-Popular-Asturias.jpg","twitter:label1":"Escrito por","twitter:data1":"Cand\u00e1s 365","twitter:label2":"Tiempo de lectura estimado","twitter:data2":"1 minuto"},"aioseo_meta_data":{"post_id":"178157","title":null,"description":"La diputada regional del Partido Popular de Asturias Gloria Garc\u00eda, portavoz de Educaci\u00f3n, reclam\u00f3 hoy la sustituci\u00f3n inmediata del tejado del colegio \u201cSan Pedro\u201d","keywords":[],"keyphrases":{"focus":{"keyphrase":"Gloria Garc\u00eda","score":93,"analysis":{"keyphraseInTitle":{"score":9,"maxScore":9,"error":0},"keyphraseInDescription":{"score":9,"maxScore":9,"error":0},"keyphraseLength":{"score":9,"maxScore":9,"error":0,"length":3},"keyphraseInURL":{"score":1,"maxScore":5,"error":1},"keyphraseInIntroduction":{"score":9,"maxScore":9,"error":0},"keyphraseInSubHeadings":[],"keyphraseInImageAlt":{"score":9,"maxScore":9,"error":0},"keywordDensity":{"type":"best","score":9,"maxScore":9,"error":0}}},"additional":[{"keyphrase":"Gloria Garc\u00eda","score":100,"analysis":{"keyphraseInDescription":{"score":9,"maxScore":9,"error":0},"keyphraseLength":{"score":9,"maxScore":9,"error":0,"length":3},"keyphraseInIntroduction":{"score":9,"maxScore":9,"error":0},"keyphraseInImageAlt":{"score":9,"maxScore":9,"error":0},"keywordDensity":{"type":"best","score":9,"maxScore":9,"error":0}}}]},"primary_term":null,"canonical_url":null,"og_title":null,"og_description":null,"og_object_type":"default","og_image_type":"default","og_image_url":null,"og_image_width":null,"og_image_height":null,"og_image_custom_url":null,"og_image_custom_fields":null,"og_video":"","og_custom_url":null,"og_article_section":null,"og_article_tags":[],"twitter_use_og":false,"twitter_card":"default","twitter_image_type":"default","twitter_image_url":null,"twitter_image_custom_url":null,"twitter_image_custom_fields":null,"twitter_title":null,"twitter_description":null,"schema":{"blockGraphs":[],"customGraphs":[],"default":{"data":{"Article":[],"Course":[],"Dataset":[],"FAQPage":[],"Movie":[],"Person":[],"Product":[],"ProductReview":[],"Car":[],"Recipe":[],"Service":[],"SoftwareApplication":[],"WebPage":[]},"graphName":"Article","isEnabled":true},"graphs":[]},"schema_type":"default","schema_type_options":null,"pillar_content":false,"robots_default":true,"robots_noindex":false,"robots_noarchive":false,"robots_nosnippet":false,"robots_nofollow":false,"robots_noimageindex":false,"robots_noodp":false,"robots_notranslate":false,"robots_max_snippet":"-1","robots_max_videopreview":"-1","robots_max_imagepreview":"large","priority":null,"frequency":"default","location":null,"local_seo":null,"seo_analyzer_scan_date":"2025-09-02 03:53:09","breadcrumb_settings":null,"limit_modified_date":false,"reviewed_by":null,"open_ai":"{\"title\":{\"suggestions\":[],\"usage\":0},\"description\":{\"suggestions\":[],\"usage\":0}}","ai":null,"created":"2024-01-31 17:44:24","updated":"2025-09-02 03:53:09"},"aioseo_breadcrumb":"<div class=\"aioseo-breadcrumbs\"><span class=\"aioseo-breadcrumb\">\n\t<a href=\"https:\/\/candas365.es\/noticias\" title=\"Home\">Home<\/a>\n<\/span><span class=\"aioseo-breadcrumb-separator\">&ndash;<\/span><span class=\"aioseo-breadcrumb\">\n\t<a href=\"https:\/\/candas365.es\/noticias\/category\/asturias\/\" title=\"Asturias\">Asturias<\/a>\n<\/span><span class=\"aioseo-breadcrumb-separator\">&ndash;<\/span><span class=\"aioseo-breadcrumb\">\n\tGloria Garc\u00eda pide la sustituci\u00f3n del tejado del colegio de Pi\u00f1eres\n<\/span><\/div>","aioseo_breadcrumb_json":[{"label":"Home","link":"https:\/\/candas365.es\/noticias"},{"label":"Asturias","link":"https:\/\/candas365.es\/noticias\/category\/asturias\/"},{"label":"Gloria Garc\u00eda pide la sustituci\u00f3n del tejado del colegio de Pi\u00f1eres","link":"https:\/\/candas365.es\/noticias\/gloria-garcia-pide-la-sustitucion-del-tejado-del-colegio-de-pineres\/"}],"_links":{"self":[{"href":"https:\/\/candas365.es\/noticias\/wp-json\/wp\/v2\/posts\/178157","targetHints":{"allow":["GET"]}}],"collection":[{"href":"https:\/\/candas365.es\/noticias\/wp-json\/wp\/v2\/posts"}],"about":[{"href":"https:\/\/candas365.es\/noticias\/wp-json\/wp\/v2\/types\/post"}],"author":[{"embeddable":true,"href":"https:\/\/candas365.es\/noticias\/wp-json\/wp\/v2\/users\/1"}],"replies":[{"embeddable":true,"href":"https:\/\/candas365.es\/noticias\/wp-json\/wp\/v2\/comments?post=178157"}],"version-history":[{"count":0,"href":"https:\/\/candas365.es\/noticias\/wp-json\/wp\/v2\/posts\/178157\/revisions"}],"wp:featuredmedia":[{"embeddable":true,"href":"https:\/\/candas365.es\/noticias\/wp-json\/wp\/v2\/media\/178158"}],"wp:attachment":[{"href":"https:\/\/candas365.es\/noticias\/wp-json\/wp\/v2\/media?parent=178157"}],"wp:term":[{"taxonomy":"category","embeddable":true,"href":"https:\/\/candas365.es\/noticias\/wp-json\/wp\/v2\/categories?post=178157"},{"taxonomy":"post_tag","embeddable":true,"href":"https:\/\/candas365.es\/noticias\/wp-json\/wp\/v2\/tags?post=178157"}],"curies":[{"name":"wp","href":"https:\/\/api.w.org\/{rel}","templated":true}]}}