{"id":178120,"date":"2024-01-29T19:55:36","date_gmt":"2024-01-29T18:55:36","guid":{"rendered":"https:\/\/candas365.es\/noticias\/?p=178120"},"modified":"2024-01-29T20:03:17","modified_gmt":"2024-01-29T19:03:17","slug":"asturias-en-madrid-fusion-2024","status":"publish","type":"post","link":"https:\/\/candas365.es\/noticias\/asturias-en-madrid-fusion-2024\/","title":{"rendered":"Asturias en Madrid Fusi\u00f3n 2024"},"content":{"rendered":"<p>Los <strong><a href=\"https:\/\/www.youtube.com\/watch?v=CyjXH0a4Wzg\"><span style=\"color: #ff6600;\">quesos<\/span><\/a><\/strong>, la ternera, la miel, el chosco, el pan y la sidra han sido los protagonistas durante esta jornada en la <strong>XXII edici\u00f3n de <span style=\"color: #ff6600;\"><a style=\"color: #ff6600;\" title=\"Madrid Fusi\u00f3n\" href=\"https:\/\/www.madridfusion.net\/\" target=\"_blank\" rel=\"noopener\">Madrid Fusi\u00f3n<\/a><\/span> Alimentos de Espa\u00f1a<\/strong>. As\u00ed lo han podido comprobar esta ma\u00f1ana la vicepresidenta y consejera de Presidencia, Reto Demogr\u00e1fico e Igualdad, Gimena Llamedo, y el consejero de Medio Rural y Pol\u00edtica Agraria, Marcelino Marcos L\u00edndez, quienes han visitado el espacio dise\u00f1ado por el <span style=\"color: #ff6600;\"><a style=\"color: #ff6600;\" title=\"Principado de Asturias\" href=\"https:\/\/actualidad.asturias.es\/\" target=\"_blank\" rel=\"noopener\"><strong>Principado<\/strong><\/a><\/span> para la ocasi\u00f3n. Madrid Fusi\u00f3n es el certamen de gastronom\u00eda m\u00e1s importante de Espa\u00f1a y uno de los m\u00e1s relevantes a nivel internacional.<\/p>\n<figure id=\"attachment_178121\" aria-describedby=\"caption-attachment-178121\" style=\"width: 622px\" class=\"wp-caption aligncenter\"><img fetchpriority=\"high\" decoding=\"async\" class=\"wp-image-178121 size-large\" src=\"https:\/\/candas365.es\/noticias\/wp-content\/uploads\/2024\/01\/Asturias-en-Madrid-Fusion-2024-622x480.jpg\" alt=\"Asturias en Madrid Fusi\u00f3n 2024\" width=\"622\" height=\"480\" srcset=\"https:\/\/candas365.es\/noticias\/wp-content\/uploads\/2024\/01\/Asturias-en-Madrid-Fusion-2024-622x480.jpg 622w, https:\/\/candas365.es\/noticias\/wp-content\/uploads\/2024\/01\/Asturias-en-Madrid-Fusion-2024-360x278.jpg 360w, https:\/\/candas365.es\/noticias\/wp-content\/uploads\/2024\/01\/Asturias-en-Madrid-Fusion-2024-768x592.jpg 768w, https:\/\/candas365.es\/noticias\/wp-content\/uploads\/2024\/01\/Asturias-en-Madrid-Fusion-2024-150x116.jpg 150w, https:\/\/candas365.es\/noticias\/wp-content\/uploads\/2024\/01\/Asturias-en-Madrid-Fusion-2024-450x347.jpg 450w, https:\/\/candas365.es\/noticias\/wp-content\/uploads\/2024\/01\/Asturias-en-Madrid-Fusion-2024.jpg 827w\" sizes=\"(max-width: 622px) 100vw, 622px\" \/><figcaption id=\"caption-attachment-178121\" class=\"wp-caption-text\">Foto: Prensa Gobierno de Asturias<\/figcaption><\/figure>\n<p>Llamedo ha incidido que \u201cla gastronon\u00eda es uno de los principales reclamos para quienes nos visitan\u201d y ha subrayado que \u201cla cocina asturiana desempe\u00f1a un papel crucial en la consecuci\u00f3n de dos objetivos fundamentales: la desestacionalizaci\u00f3n y la diversificaci\u00f3n territorial de la oferta tur\u00edstica\u201d. <strong>\u201cEs innegable el peso de la gastronom\u00eda en la actividad econ\u00f3mica, su contribuci\u00f3n para generar empleo en el medio rural, su impulso al sector agroalimentario y el peque\u00f1o comercio de calidad\u201d, ha a\u00f1adido.<\/strong><\/p>\n<p>La vicepresidenta ha puesto el broche a la presentaci\u00f3n en Madrid Fusi\u00f3n de la capitalidad gastron\u00f3mica ovetense: <strong>\u201cEste t\u00edtulo no solo honra a Oviedo, sino que tendr\u00e1 un impacto profundamente positivo en toda Asturias. Ser\u00e1 un revulsivo tanto para captar visitantes como para la difusi\u00f3n de nuestra gastronom\u00eda, los Alimentos del Para\u00edso Natural y nuestras marcas de calidad\u201d.<\/strong><\/p>\n<p>Durante la visita, Marcos Lindez ha resaltado que \u201cla marca Alimentos del Para\u00edso Natural es un recurso tur\u00edstico de Asturias que est\u00e1 en continuo crecimiento y que es muy valorado por el p\u00fablico\u201d.<strong> El consejero ha recordado que el Principado destina m\u00e1s de un mill\u00f3n a la promoci\u00f3n de las marcas de calidad.<\/strong><\/p>\n<p>Una gran isla con los Alimentos del Para\u00edso Natural ha causado sensaci\u00f3n entre los asistentes, quienes han podido comprobar la calidad de la gastronom\u00eda asturiana. La oferta inclu\u00eda la miel, que, amparada bajo la Indicaci\u00f3n Geogr\u00e1fica Protegida (IGP), participaba por primera vez en la feria. <strong>La sidra, con su escanciado, la ternera, el chosco y el pan han sido otros de los grandes reclamos del certamen.<\/strong> Los visitantes tambi\u00e9n pudieron conocer la cultura sidrera, que opta al reconocimiento como Patrimonio Inmaterial de la Humanidad por la UNESCO.<\/p>\n<h2>Cocina de Paisaje<\/h2>\n<p>La propuesta del Principado para esta jornada ha resultado un \u00e9xito con la embajadora de la marca <span style=\"color: #ff6600;\"><a style=\"color: #ff6600;\" href=\"https:\/\/candas365.es\/noticias\/los-sabores-de-asturias-en-madrid-fusion-2024\/\"><strong>Cocina de Paisaje<\/strong><\/a><\/span>, Mar\u00eda Busta, de Casa Eutimio (Llastres, Colunga), quien ha preparado junto a Luis Alberto Mart\u00ednez, de Casa Ferm\u00edn (Oviedo\/Uvi\u00e9u), un men\u00fa que ha servido para presentar la ciudad de Oviedo como <strong>Capital Gastron\u00f3mica de Espa\u00f1a 2024<\/strong>.<\/p>\n<p>Ma\u00f1ana ser\u00e1 el turno de Lara Roguez, del restaurante Abarike (Gij\u00f3n). Ramona Men\u00e9ndez, de Casa Belarmino (Manzaneda, Goz\u00f3n), asumir\u00e1 el protagonismo el mi\u00e9rcoles, d\u00eda 31.<\/p>\n","protected":false},"excerpt":{"rendered":"<p>Los quesos, la ternera, la miel, el chosco, el pan y la sidra han sido los protagonistas durante esta jornada en la XXII edici\u00f3n de Madrid Fusi\u00f3n Alimentos de Espa\u00f1a. As\u00ed lo han podido comprobar esta ma\u00f1ana la vicepresidenta y consejera de Presidencia, Reto Demogr\u00e1fico e Igualdad, Gimena Llamedo, y el consejero de Medio Rural<\/p>\n","protected":false},"author":1,"featured_media":178121,"comment_status":"closed","ping_status":"closed","sticky":false,"template":"","format":"standard","meta":{"footnotes":""},"categories":[7,316],"tags":[380,452],"class_list":{"0":"post-178120","1":"post","2":"type-post","3":"status-publish","4":"format-standard","5":"has-post-thumbnail","7":"category-asturias","8":"category-destacadas","9":"tag-asturias","10":"tag-gastronomia"},"aioseo_notices":[],"aioseo_head":"\n\t\t<!-- All in One SEO Pro 4.9.6.2 - aioseo.com -->\n\t<meta name=\"description\" content=\"Los quesos, la ternera, la miel, el chosco, el pan y la sidra han sido los protagonistas durante esta jornada en la XXII edici\u00f3n de Madrid Fusi\u00f3n Alimentos\" \/>\n\t<meta name=\"robots\" content=\"max-image-preview:large\" \/>\n\t<meta name=\"author\" content=\"Cand\u00e1s 365\"\/>\n\t<meta name=\"google-site-verification\" content=\"UA-32230408-1\" \/>\n\t<meta name=\"msvalidate.01\" content=\"354F3CDFB2DA171B47FBE9ABF1F88D5\" \/>\n\t<meta name=\"keywords\" content=\"asturias,destacadas\" \/>\n\t<link rel=\"canonical\" href=\"https:\/\/candas365.es\/noticias\/asturias-en-madrid-fusion-2024\/\" \/>\n\t<meta name=\"generator\" content=\"All in One SEO Pro (AIOSEO) 4.9.6.2\" \/>\n\t\t<meta property=\"og:locale\" content=\"es_ES\" \/>\n\t\t<meta property=\"og:site_name\" content=\"Cand\u00e1s 365\" \/>\n\t\t<meta property=\"og:type\" content=\"article\" \/>\n\t\t<meta property=\"og:title\" content=\"Asturias en Madrid Fusi\u00f3n 2024 | Cand\u00e1s 365\" \/>\n\t\t<meta property=\"og:description\" content=\"Los quesos, la ternera, la miel, el chosco, el pan y la sidra han sido los protagonistas durante esta jornada en la XXII edici\u00f3n de Madrid Fusi\u00f3n Alimentos\" \/>\n\t\t<meta property=\"og:url\" content=\"https:\/\/candas365.es\/noticias\/asturias-en-madrid-fusion-2024\/\" \/>\n\t\t<meta property=\"og:image\" content=\"https:\/\/candas365.es\/noticias\/wp-content\/uploads\/2024\/01\/Asturias-en-Madrid-Fusion-2024.jpg\" \/>\n\t\t<meta property=\"og:image:secure_url\" content=\"https:\/\/candas365.es\/noticias\/wp-content\/uploads\/2024\/01\/Asturias-en-Madrid-Fusion-2024.jpg\" \/>\n\t\t<meta property=\"og:image:width\" content=\"827\" \/>\n\t\t<meta property=\"og:image:height\" content=\"638\" \/>\n\t\t<meta property=\"article:published_time\" content=\"2024-01-29T18:55:36+00:00\" \/>\n\t\t<meta property=\"article:modified_time\" content=\"2024-01-29T19:03:17+00:00\" \/>\n\t\t<meta property=\"article:publisher\" content=\"https:\/\/www.facebook.com\/Nachofdezber\" \/>\n\t\t<meta property=\"article:author\" content=\"https:\/\/www.facebook.com\/carrenoactualidad\" \/>\n\t\t<meta name=\"twitter:card\" content=\"summary_large_image\" \/>\n\t\t<meta name=\"twitter:site\" content=\"@NabercoDigital\" \/>\n\t\t<meta name=\"twitter:title\" content=\"Asturias en Madrid Fusi\u00f3n 2024 | Cand\u00e1s 365\" \/>\n\t\t<meta name=\"twitter:description\" content=\"Los quesos, la ternera, la miel, el chosco, el pan y la sidra han sido los protagonistas durante esta jornada en la XXII edici\u00f3n de Madrid Fusi\u00f3n Alimentos\" \/>\n\t\t<meta name=\"twitter:creator\" content=\"@nbasturias\" \/>\n\t\t<meta name=\"twitter:image\" content=\"https:\/\/candas365.es\/noticias\/wp-content\/uploads\/2024\/01\/Asturias-en-Madrid-Fusion-2024.jpg\" \/>\n\t\t<meta name=\"twitter:label1\" content=\"Escrito por\" \/>\n\t\t<meta name=\"twitter:data1\" content=\"Cand\u00e1s 365\" \/>\n\t\t<meta name=\"twitter:label2\" content=\"Tiempo de lectura estimado\" \/>\n\t\t<meta name=\"twitter:data2\" content=\"3 minutos\" \/>\n\t\t<script type=\"application\/ld+json\" class=\"aioseo-schema\">\n\t\t\t{\"@context\":\"https:\\\/\\\/schema.org\",\"@graph\":[{\"@type\":\"BreadcrumbList\",\"@id\":\"https:\\\/\\\/candas365.es\\\/noticias\\\/asturias-en-madrid-fusion-2024\\\/#breadcrumblist\",\"itemListElement\":[{\"@type\":\"ListItem\",\"@id\":\"https:\\\/\\\/candas365.es\\\/noticias#listItem\",\"position\":1,\"name\":\"Home\",\"item\":\"https:\\\/\\\/candas365.es\\\/noticias\",\"nextItem\":{\"@type\":\"ListItem\",\"@id\":\"https:\\\/\\\/candas365.es\\\/noticias\\\/category\\\/asturias\\\/#listItem\",\"name\":\"Asturias\"}},{\"@type\":\"ListItem\",\"@id\":\"https:\\\/\\\/candas365.es\\\/noticias\\\/category\\\/asturias\\\/#listItem\",\"position\":2,\"name\":\"Asturias\",\"item\":\"https:\\\/\\\/candas365.es\\\/noticias\\\/category\\\/asturias\\\/\",\"nextItem\":{\"@type\":\"ListItem\",\"@id\":\"https:\\\/\\\/candas365.es\\\/noticias\\\/asturias-en-madrid-fusion-2024\\\/#listItem\",\"name\":\"Asturias en Madrid Fusi\\u00f3n 2024\"},\"previousItem\":{\"@type\":\"ListItem\",\"@id\":\"https:\\\/\\\/candas365.es\\\/noticias#listItem\",\"name\":\"Home\"}},{\"@type\":\"ListItem\",\"@id\":\"https:\\\/\\\/candas365.es\\\/noticias\\\/asturias-en-madrid-fusion-2024\\\/#listItem\",\"position\":3,\"name\":\"Asturias en Madrid Fusi\\u00f3n 2024\",\"previousItem\":{\"@type\":\"ListItem\",\"@id\":\"https:\\\/\\\/candas365.es\\\/noticias\\\/category\\\/asturias\\\/#listItem\",\"name\":\"Asturias\"}}]},{\"@type\":\"NewsArticle\",\"@id\":\"https:\\\/\\\/candas365.es\\\/noticias\\\/asturias-en-madrid-fusion-2024\\\/#newsarticle\",\"name\":\"Asturias en Madrid Fusi\\u00f3n 2024 | Cand\\u00e1s 365\",\"headline\":\"Asturias en Madrid Fusi\\u00f3n 2024\",\"author\":{\"@id\":\"https:\\\/\\\/candas365.es\\\/noticias\\\/author\\\/admin\\\/#author\"},\"publisher\":{\"@id\":\"https:\\\/\\\/candas365.es\\\/noticias\\\/#organization\"},\"image\":{\"@type\":\"ImageObject\",\"url\":\"https:\\\/\\\/candas365.es\\\/noticias\\\/wp-content\\\/uploads\\\/2024\\\/01\\\/Asturias-en-Madrid-Fusion-2024.jpg\",\"width\":827,\"height\":638,\"caption\":\"Foto: Prensa Gobierno de Asturias\"},\"datePublished\":\"2024-01-29T19:55:36+01:00\",\"dateModified\":\"2024-01-29T20:03:17+01:00\",\"inLanguage\":\"es-ES\",\"mainEntityOfPage\":{\"@id\":\"https:\\\/\\\/candas365.es\\\/noticias\\\/asturias-en-madrid-fusion-2024\\\/#webpage\"},\"isPartOf\":{\"@id\":\"https:\\\/\\\/candas365.es\\\/noticias\\\/asturias-en-madrid-fusion-2024\\\/#webpage\"},\"articleSection\":\"Asturias, Destacadas, Asturias, Gastronom\\u00eda\",\"dateline\":\"Publicado el enero 29, 2024.\"},{\"@type\":\"Organization\",\"@id\":\"https:\\\/\\\/candas365.es\\\/noticias\\\/#organization\",\"name\":\"Cand\\u00e1s 365\",\"description\":\"Cand\\u00e1s 365 es un diario digital independiente, fundado en 2012, con base en Asturias. Informamos con rigor sobre actualidad, sociedad, cultura y ocio, con una mirada local y global.\",\"url\":\"https:\\\/\\\/candas365.es\\\/noticias\\\/\",\"email\":\"info@candas365.es\",\"telephone\":\"+34652131393\",\"foundingDate\":\"2012-06-10\",\"logo\":{\"@type\":\"ImageObject\",\"url\":\"https:\\\/\\\/candas365.es\\\/noticias\\\/wp-content\\\/uploads\\\/2024\\\/09\\\/Candas-365-Redes.jpg\",\"@id\":\"https:\\\/\\\/candas365.es\\\/noticias\\\/asturias-en-madrid-fusion-2024\\\/#organizationLogo\",\"width\":1152,\"height\":864,\"caption\":\"Cand\\u00e1s 365 Redes\"},\"image\":{\"@id\":\"https:\\\/\\\/candas365.es\\\/noticias\\\/asturias-en-madrid-fusion-2024\\\/#organizationLogo\"},\"sameAs\":[\"https:\\\/\\\/www.facebook.com\\\/Nachofdezber\",\"https:\\\/\\\/x.com\\\/NabercoDigital\",\"https:\\\/\\\/www.instagram.com\\\/nachofdezber\\\/\",\"https:\\\/\\\/www.youtube.com\\\/channel\\\/UCZP-2wLEB9Rv6erhFmqVnvg\"],\"address\":{\"@id\":\"https:\\\/\\\/candas365.es\\\/noticias\\\/#postaladdress\",\"@type\":\"PostalAddress\",\"streetAddress\":\"san antonio 4, san antonio 4\",\"postalCode\":\"33430\",\"addressLocality\":\"Cand\\u00e1s\",\"addressRegion\":\"Asturias\",\"addressCountry\":\"ES\"}},{\"@type\":\"Person\",\"@id\":\"https:\\\/\\\/candas365.es\\\/noticias\\\/author\\\/admin\\\/#author\",\"url\":\"https:\\\/\\\/candas365.es\\\/noticias\\\/author\\\/admin\\\/\",\"name\":\"Cand\\u00e1s 365\",\"image\":{\"@type\":\"ImageObject\",\"@id\":\"https:\\\/\\\/candas365.es\\\/noticias\\\/asturias-en-madrid-fusion-2024\\\/#authorImage\",\"url\":\"https:\\\/\\\/secure.gravatar.com\\\/avatar\\\/496a8e03d0c493ede1718b7934145dbdf8d89be1036b0eec9544e1094c9de390?s=96&d=mm&r=g\",\"width\":96,\"height\":96,\"caption\":\"Cand\\u00e1s 365\"},\"sameAs\":[\"https:\\\/\\\/www.facebook.com\\\/carrenoactualidad\",\"https:\\\/\\\/twitter.com\\\/nbasturias\",\"https:\\\/\\\/www.instagram.com\\\/nachofdezber\\\/\",\"https:\\\/\\\/www.youtube.com\\\/channel\\\/UCZP-2wLEB9Rv6erhFmqVnvg\"]},{\"@type\":\"WebPage\",\"@id\":\"https:\\\/\\\/candas365.es\\\/noticias\\\/asturias-en-madrid-fusion-2024\\\/#webpage\",\"url\":\"https:\\\/\\\/candas365.es\\\/noticias\\\/asturias-en-madrid-fusion-2024\\\/\",\"name\":\"Asturias en Madrid Fusi\\u00f3n 2024 | Cand\\u00e1s 365\",\"description\":\"Los quesos, la ternera, la miel, el chosco, el pan y la sidra han sido los protagonistas durante esta jornada en la XXII edici\\u00f3n de Madrid Fusi\\u00f3n Alimentos\",\"inLanguage\":\"es-ES\",\"isPartOf\":{\"@id\":\"https:\\\/\\\/candas365.es\\\/noticias\\\/#website\"},\"breadcrumb\":{\"@id\":\"https:\\\/\\\/candas365.es\\\/noticias\\\/asturias-en-madrid-fusion-2024\\\/#breadcrumblist\"},\"author\":{\"@id\":\"https:\\\/\\\/candas365.es\\\/noticias\\\/author\\\/admin\\\/#author\"},\"creator\":{\"@id\":\"https:\\\/\\\/candas365.es\\\/noticias\\\/author\\\/admin\\\/#author\"},\"image\":{\"@type\":\"ImageObject\",\"url\":\"https:\\\/\\\/candas365.es\\\/noticias\\\/wp-content\\\/uploads\\\/2024\\\/01\\\/Asturias-en-Madrid-Fusion-2024.jpg\",\"@id\":\"https:\\\/\\\/candas365.es\\\/noticias\\\/asturias-en-madrid-fusion-2024\\\/#mainImage\",\"width\":827,\"height\":638,\"caption\":\"Foto: Prensa Gobierno de Asturias\"},\"primaryImageOfPage\":{\"@id\":\"https:\\\/\\\/candas365.es\\\/noticias\\\/asturias-en-madrid-fusion-2024\\\/#mainImage\"},\"datePublished\":\"2024-01-29T19:55:36+01:00\",\"dateModified\":\"2024-01-29T20:03:17+01:00\"},{\"@type\":\"WebSite\",\"@id\":\"https:\\\/\\\/candas365.es\\\/noticias\\\/#website\",\"url\":\"https:\\\/\\\/candas365.es\\\/noticias\\\/\",\"name\":\"Cand\\u00e1s 365\",\"alternateName\":\"Cand\\u00e1s 365 Noticias\",\"description\":\"Actualidad desde Carre\\u00f1o para el mundo\",\"inLanguage\":\"es-ES\",\"publisher\":{\"@id\":\"https:\\\/\\\/candas365.es\\\/noticias\\\/#organization\"}}]}\n\t\t<\/script>\n\t\t<!-- All in One SEO Pro -->\r\n\t\t<title>Asturias en Madrid Fusi\u00f3n 2024 | Cand\u00e1s 365<\/title>\n\n","aioseo_head_json":{"title":"Asturias en Madrid Fusi\u00f3n 2024 | Cand\u00e1s 365","description":"Los quesos, la ternera, la miel, el chosco, el pan y la sidra han sido los protagonistas durante esta jornada en la XXII edici\u00f3n de Madrid Fusi\u00f3n Alimentos","canonical_url":"https:\/\/candas365.es\/noticias\/asturias-en-madrid-fusion-2024\/","robots":"max-image-preview:large","keywords":"asturias,destacadas","webmasterTools":{"google-site-verification":"UA-32230408-1","msvalidate.01":"354F3CDFB2DA171B47FBE9ABF1F88D5","miscellaneous":""},"schema":{"@context":"https:\/\/schema.org","@graph":[{"@type":"BreadcrumbList","@id":"https:\/\/candas365.es\/noticias\/asturias-en-madrid-fusion-2024\/#breadcrumblist","itemListElement":[{"@type":"ListItem","@id":"https:\/\/candas365.es\/noticias#listItem","position":1,"name":"Home","item":"https:\/\/candas365.es\/noticias","nextItem":{"@type":"ListItem","@id":"https:\/\/candas365.es\/noticias\/category\/asturias\/#listItem","name":"Asturias"}},{"@type":"ListItem","@id":"https:\/\/candas365.es\/noticias\/category\/asturias\/#listItem","position":2,"name":"Asturias","item":"https:\/\/candas365.es\/noticias\/category\/asturias\/","nextItem":{"@type":"ListItem","@id":"https:\/\/candas365.es\/noticias\/asturias-en-madrid-fusion-2024\/#listItem","name":"Asturias en Madrid Fusi\u00f3n 2024"},"previousItem":{"@type":"ListItem","@id":"https:\/\/candas365.es\/noticias#listItem","name":"Home"}},{"@type":"ListItem","@id":"https:\/\/candas365.es\/noticias\/asturias-en-madrid-fusion-2024\/#listItem","position":3,"name":"Asturias en Madrid Fusi\u00f3n 2024","previousItem":{"@type":"ListItem","@id":"https:\/\/candas365.es\/noticias\/category\/asturias\/#listItem","name":"Asturias"}}]},{"@type":"NewsArticle","@id":"https:\/\/candas365.es\/noticias\/asturias-en-madrid-fusion-2024\/#newsarticle","name":"Asturias en Madrid Fusi\u00f3n 2024 | Cand\u00e1s 365","headline":"Asturias en Madrid Fusi\u00f3n 2024","author":{"@id":"https:\/\/candas365.es\/noticias\/author\/admin\/#author"},"publisher":{"@id":"https:\/\/candas365.es\/noticias\/#organization"},"image":{"@type":"ImageObject","url":"https:\/\/candas365.es\/noticias\/wp-content\/uploads\/2024\/01\/Asturias-en-Madrid-Fusion-2024.jpg","width":827,"height":638,"caption":"Foto: Prensa Gobierno de Asturias"},"datePublished":"2024-01-29T19:55:36+01:00","dateModified":"2024-01-29T20:03:17+01:00","inLanguage":"es-ES","mainEntityOfPage":{"@id":"https:\/\/candas365.es\/noticias\/asturias-en-madrid-fusion-2024\/#webpage"},"isPartOf":{"@id":"https:\/\/candas365.es\/noticias\/asturias-en-madrid-fusion-2024\/#webpage"},"articleSection":"Asturias, Destacadas, Asturias, Gastronom\u00eda","dateline":"Publicado el enero 29, 2024."},{"@type":"Organization","@id":"https:\/\/candas365.es\/noticias\/#organization","name":"Cand\u00e1s 365","description":"Cand\u00e1s 365 es un diario digital independiente, fundado en 2012, con base en Asturias. Informamos con rigor sobre actualidad, sociedad, cultura y ocio, con una mirada local y global.","url":"https:\/\/candas365.es\/noticias\/","email":"info@candas365.es","telephone":"+34652131393","foundingDate":"2012-06-10","logo":{"@type":"ImageObject","url":"https:\/\/candas365.es\/noticias\/wp-content\/uploads\/2024\/09\/Candas-365-Redes.jpg","@id":"https:\/\/candas365.es\/noticias\/asturias-en-madrid-fusion-2024\/#organizationLogo","width":1152,"height":864,"caption":"Cand\u00e1s 365 Redes"},"image":{"@id":"https:\/\/candas365.es\/noticias\/asturias-en-madrid-fusion-2024\/#organizationLogo"},"sameAs":["https:\/\/www.facebook.com\/Nachofdezber","https:\/\/x.com\/NabercoDigital","https:\/\/www.instagram.com\/nachofdezber\/","https:\/\/www.youtube.com\/channel\/UCZP-2wLEB9Rv6erhFmqVnvg"],"address":{"@id":"https:\/\/candas365.es\/noticias\/#postaladdress","@type":"PostalAddress","streetAddress":"san antonio 4, san antonio 4","postalCode":"33430","addressLocality":"Cand\u00e1s","addressRegion":"Asturias","addressCountry":"ES"}},{"@type":"Person","@id":"https:\/\/candas365.es\/noticias\/author\/admin\/#author","url":"https:\/\/candas365.es\/noticias\/author\/admin\/","name":"Cand\u00e1s 365","image":{"@type":"ImageObject","@id":"https:\/\/candas365.es\/noticias\/asturias-en-madrid-fusion-2024\/#authorImage","url":"https:\/\/secure.gravatar.com\/avatar\/496a8e03d0c493ede1718b7934145dbdf8d89be1036b0eec9544e1094c9de390?s=96&d=mm&r=g","width":96,"height":96,"caption":"Cand\u00e1s 365"},"sameAs":["https:\/\/www.facebook.com\/carrenoactualidad","https:\/\/twitter.com\/nbasturias","https:\/\/www.instagram.com\/nachofdezber\/","https:\/\/www.youtube.com\/channel\/UCZP-2wLEB9Rv6erhFmqVnvg"]},{"@type":"WebPage","@id":"https:\/\/candas365.es\/noticias\/asturias-en-madrid-fusion-2024\/#webpage","url":"https:\/\/candas365.es\/noticias\/asturias-en-madrid-fusion-2024\/","name":"Asturias en Madrid Fusi\u00f3n 2024 | Cand\u00e1s 365","description":"Los quesos, la ternera, la miel, el chosco, el pan y la sidra han sido los protagonistas durante esta jornada en la XXII edici\u00f3n de Madrid Fusi\u00f3n Alimentos","inLanguage":"es-ES","isPartOf":{"@id":"https:\/\/candas365.es\/noticias\/#website"},"breadcrumb":{"@id":"https:\/\/candas365.es\/noticias\/asturias-en-madrid-fusion-2024\/#breadcrumblist"},"author":{"@id":"https:\/\/candas365.es\/noticias\/author\/admin\/#author"},"creator":{"@id":"https:\/\/candas365.es\/noticias\/author\/admin\/#author"},"image":{"@type":"ImageObject","url":"https:\/\/candas365.es\/noticias\/wp-content\/uploads\/2024\/01\/Asturias-en-Madrid-Fusion-2024.jpg","@id":"https:\/\/candas365.es\/noticias\/asturias-en-madrid-fusion-2024\/#mainImage","width":827,"height":638,"caption":"Foto: Prensa Gobierno de Asturias"},"primaryImageOfPage":{"@id":"https:\/\/candas365.es\/noticias\/asturias-en-madrid-fusion-2024\/#mainImage"},"datePublished":"2024-01-29T19:55:36+01:00","dateModified":"2024-01-29T20:03:17+01:00"},{"@type":"WebSite","@id":"https:\/\/candas365.es\/noticias\/#website","url":"https:\/\/candas365.es\/noticias\/","name":"Cand\u00e1s 365","alternateName":"Cand\u00e1s 365 Noticias","description":"Actualidad desde Carre\u00f1o para el mundo","inLanguage":"es-ES","publisher":{"@id":"https:\/\/candas365.es\/noticias\/#organization"}}]},"og:locale":"es_ES","og:site_name":"Cand\u00e1s 365","og:type":"article","og:title":"Asturias en Madrid Fusi\u00f3n 2024 | Cand\u00e1s 365","og:description":"Los quesos, la ternera, la miel, el chosco, el pan y la sidra han sido los protagonistas durante esta jornada en la XXII edici\u00f3n de Madrid Fusi\u00f3n Alimentos","og:url":"https:\/\/candas365.es\/noticias\/asturias-en-madrid-fusion-2024\/","og:image":"https:\/\/candas365.es\/noticias\/wp-content\/uploads\/2024\/01\/Asturias-en-Madrid-Fusion-2024.jpg","og:image:secure_url":"https:\/\/candas365.es\/noticias\/wp-content\/uploads\/2024\/01\/Asturias-en-Madrid-Fusion-2024.jpg","og:image:width":827,"og:image:height":638,"article:published_time":"2024-01-29T18:55:36+00:00","article:modified_time":"2024-01-29T19:03:17+00:00","article:publisher":"https:\/\/www.facebook.com\/Nachofdezber","article:author":"https:\/\/www.facebook.com\/carrenoactualidad","twitter:card":"summary_large_image","twitter:site":"@NabercoDigital","twitter:title":"Asturias en Madrid Fusi\u00f3n 2024 | Cand\u00e1s 365","twitter:description":"Los quesos, la ternera, la miel, el chosco, el pan y la sidra han sido los protagonistas durante esta jornada en la XXII edici\u00f3n de Madrid Fusi\u00f3n Alimentos","twitter:creator":"@nbasturias","twitter:image":"https:\/\/candas365.es\/noticias\/wp-content\/uploads\/2024\/01\/Asturias-en-Madrid-Fusion-2024.jpg","twitter:label1":"Escrito por","twitter:data1":"Cand\u00e1s 365","twitter:label2":"Tiempo de lectura estimado","twitter:data2":"3 minutos"},"aioseo_meta_data":{"post_id":"178120","title":null,"description":"Los quesos, la ternera, la miel, el chosco, el pan y la sidra han sido los protagonistas durante esta jornada en la XXII edici\u00f3n de Madrid Fusi\u00f3n Alimentos","keywords":[],"keyphrases":{"focus":{"keyphrase":"Madrid","score":91,"analysis":{"keyphraseInTitle":{"score":9,"maxScore":9,"error":0},"keyphraseInDescription":{"score":9,"maxScore":9,"error":0},"keyphraseLength":{"score":9,"maxScore":9,"error":0,"length":1},"keyphraseInURL":{"score":5,"maxScore":5,"error":0},"keyphraseInIntroduction":{"score":9,"maxScore":9,"error":0},"keyphraseInSubHeadings":{"score":3,"maxScore":9,"error":1},"keyphraseInImageAlt":{"score":9,"maxScore":9,"error":0},"keywordDensity":{"type":"best","score":9,"maxScore":9,"error":0}}},"additional":[{"keyphrase":"Madrid Fusi\u00f3n","score":100,"analysis":{"keyphraseInDescription":{"score":9,"maxScore":9,"error":0},"keyphraseLength":{"score":9,"maxScore":9,"error":0,"length":3},"keyphraseInIntroduction":{"score":9,"maxScore":9,"error":0},"keyphraseInImageAlt":{"score":9,"maxScore":9,"error":0},"keywordDensity":{"type":"best","score":9,"maxScore":9,"error":0}}}]},"primary_term":null,"canonical_url":null,"og_title":null,"og_description":null,"og_object_type":"default","og_image_type":"default","og_image_url":null,"og_image_width":null,"og_image_height":null,"og_image_custom_url":null,"og_image_custom_fields":null,"og_video":"","og_custom_url":null,"og_article_section":null,"og_article_tags":[],"twitter_use_og":false,"twitter_card":"default","twitter_image_type":"default","twitter_image_url":null,"twitter_image_custom_url":null,"twitter_image_custom_fields":null,"twitter_title":null,"twitter_description":null,"schema":{"blockGraphs":[],"customGraphs":[],"default":{"data":{"Article":[],"Course":[],"Dataset":[],"FAQPage":[],"Movie":[],"Person":[],"Product":[],"ProductReview":[],"Car":[],"Recipe":[],"Service":[],"SoftwareApplication":[],"WebPage":[]},"graphName":"Article","isEnabled":true},"graphs":[]},"schema_type":"default","schema_type_options":null,"pillar_content":false,"robots_default":true,"robots_noindex":false,"robots_noarchive":false,"robots_nosnippet":false,"robots_nofollow":false,"robots_noimageindex":false,"robots_noodp":false,"robots_notranslate":false,"robots_max_snippet":"-1","robots_max_videopreview":"-1","robots_max_imagepreview":"large","priority":null,"frequency":"default","location":null,"local_seo":null,"seo_analyzer_scan_date":"2025-09-02 03:47:16","breadcrumb_settings":null,"limit_modified_date":false,"reviewed_by":null,"open_ai":"{\"title\":{\"suggestions\":[],\"usage\":0},\"description\":{\"suggestions\":[],\"usage\":0}}","ai":null,"created":"2024-01-29 18:23:54","updated":"2025-09-02 03:47:16"},"aioseo_breadcrumb":"<div class=\"aioseo-breadcrumbs\"><span class=\"aioseo-breadcrumb\">\n\t<a href=\"https:\/\/candas365.es\/noticias\" title=\"Home\">Home<\/a>\n<\/span><span class=\"aioseo-breadcrumb-separator\">&ndash;<\/span><span class=\"aioseo-breadcrumb\">\n\t<a href=\"https:\/\/candas365.es\/noticias\/category\/asturias\/\" title=\"Asturias\">Asturias<\/a>\n<\/span><span class=\"aioseo-breadcrumb-separator\">&ndash;<\/span><span class=\"aioseo-breadcrumb\">\n\tAsturias en Madrid Fusi\u00f3n 2024\n<\/span><\/div>","aioseo_breadcrumb_json":[{"label":"Home","link":"https:\/\/candas365.es\/noticias"},{"label":"Asturias","link":"https:\/\/candas365.es\/noticias\/category\/asturias\/"},{"label":"Asturias en Madrid Fusi\u00f3n 2024","link":"https:\/\/candas365.es\/noticias\/asturias-en-madrid-fusion-2024\/"}],"_links":{"self":[{"href":"https:\/\/candas365.es\/noticias\/wp-json\/wp\/v2\/posts\/178120","targetHints":{"allow":["GET"]}}],"collection":[{"href":"https:\/\/candas365.es\/noticias\/wp-json\/wp\/v2\/posts"}],"about":[{"href":"https:\/\/candas365.es\/noticias\/wp-json\/wp\/v2\/types\/post"}],"author":[{"embeddable":true,"href":"https:\/\/candas365.es\/noticias\/wp-json\/wp\/v2\/users\/1"}],"replies":[{"embeddable":true,"href":"https:\/\/candas365.es\/noticias\/wp-json\/wp\/v2\/comments?post=178120"}],"version-history":[{"count":0,"href":"https:\/\/candas365.es\/noticias\/wp-json\/wp\/v2\/posts\/178120\/revisions"}],"wp:featuredmedia":[{"embeddable":true,"href":"https:\/\/candas365.es\/noticias\/wp-json\/wp\/v2\/media\/178121"}],"wp:attachment":[{"href":"https:\/\/candas365.es\/noticias\/wp-json\/wp\/v2\/media?parent=178120"}],"wp:term":[{"taxonomy":"category","embeddable":true,"href":"https:\/\/candas365.es\/noticias\/wp-json\/wp\/v2\/categories?post=178120"},{"taxonomy":"post_tag","embeddable":true,"href":"https:\/\/candas365.es\/noticias\/wp-json\/wp\/v2\/tags?post=178120"}],"curies":[{"name":"wp","href":"https:\/\/api.w.org\/{rel}","templated":true}]}}