{"id":177984,"date":"2024-01-27T03:35:42","date_gmt":"2024-01-27T02:35:42","guid":{"rendered":"https:\/\/candas365.es\/noticias\/?p=177984"},"modified":"2024-01-27T03:35:42","modified_gmt":"2024-01-27T02:35:42","slug":"el-tiempo-en-candas-hoy-27-de-enero-de-2024","status":"publish","type":"post","link":"https:\/\/candas365.es\/noticias\/el-tiempo-en-candas-hoy-27-de-enero-de-2024\/","title":{"rendered":"El tiempo en Cand\u00e1s, hoy 27 de enero de 2024"},"content":{"rendered":"<p><a title=\"AEMET\" href=\"https:\/\/www.aemet.es\/\" target=\"_blank\" rel=\"noopener\"><span style=\"color: #ff6600;\"><strong>AEMET<\/strong><\/span><\/a> informa en su previsi\u00f3n del tiempo para <a href=\"https:\/\/candas365.es\/noticias\/category\/el-tiempo\/\"><span style=\"color: #ff6600;\"><strong>hoy s\u00e1bado en Cand\u00e1s<\/strong><\/span><\/a>, Concejo de Carre\u00f1o, de temperaturas m\u00e1ximas de unos 15 grados, y m\u00ednimas de 9 grados.<\/p>\n<p><img fetchpriority=\"high\" decoding=\"async\" class=\"aligncenter wp-image-177985 size-large\" src=\"https:\/\/candas365.es\/noticias\/wp-content\/uploads\/2024\/01\/El-tiempo-en-Candas-27-enero-2024-650x472.jpg\" alt=\"El tiempo en Cand\u00e1s 27 enero 2024\" width=\"650\" height=\"472\" srcset=\"https:\/\/candas365.es\/noticias\/wp-content\/uploads\/2024\/01\/El-tiempo-en-Candas-27-enero-2024-650x472.jpg 650w, https:\/\/candas365.es\/noticias\/wp-content\/uploads\/2024\/01\/El-tiempo-en-Candas-27-enero-2024-360x262.jpg 360w, https:\/\/candas365.es\/noticias\/wp-content\/uploads\/2024\/01\/El-tiempo-en-Candas-27-enero-2024-768x558.jpg 768w, https:\/\/candas365.es\/noticias\/wp-content\/uploads\/2024\/01\/El-tiempo-en-Candas-27-enero-2024-150x109.jpg 150w, https:\/\/candas365.es\/noticias\/wp-content\/uploads\/2024\/01\/El-tiempo-en-Candas-27-enero-2024-450x327.jpg 450w, https:\/\/candas365.es\/noticias\/wp-content\/uploads\/2024\/01\/El-tiempo-en-Candas-27-enero-2024.jpg 892w\" sizes=\"(max-width: 650px) 100vw, 650px\" \/><\/p>\n<p>Durante la madrugada tendremos cielos cubiertos que ir\u00e1n dando paso a cielos nubosos, no se descartan claros, durante la ma\u00f1ana, tras el mediod\u00eda la niebla puede ser protagonista de la tarde del s\u00e1bado en Cand\u00e1s, al final de la jornada nubes altas.<\/p>\n<p>En el resto del Principado de <a href=\"https:\/\/www.eldigitaldeasturias.com\/noticias\/category\/el-tiempo\/\" target=\"_blank\" rel=\"noopener\"><span style=\"color: #ff6600;\"><strong>Asturias hoy s\u00e1bado<\/strong><\/span><\/a> cielo poco nuboso con intervalos de nubes altas, y por la ma\u00f1ana algunos estratos de nubes bajas o nieblas principalmente en el litoral y en la Cordillera. Temperaturas en ascenso, principalmente el de las m\u00e1ximas, que se espera que sea notable en amplias zonas del interior.<\/p>\n<p>Viento flojo de componente este en el litoral y variable en el interior con predominio de la componente sur.<\/p>\n","protected":false},"excerpt":{"rendered":"<p>AEMET informa en su previsi\u00f3n del tiempo para hoy s\u00e1bado en Cand\u00e1s, Concejo de Carre\u00f1o, de temperaturas m\u00e1ximas de unos 15 grados, y m\u00ednimas de 9 grados. Durante la madrugada tendremos cielos cubiertos que ir\u00e1n dando paso a cielos nubosos, no se descartan claros, durante la ma\u00f1ana, tras el mediod\u00eda la niebla puede ser protagonista<\/p>\n","protected":false},"author":1,"featured_media":177985,"comment_status":"closed","ping_status":"closed","sticky":false,"template":"","format":"standard","meta":{"footnotes":""},"categories":[358],"tags":[380,366,429],"class_list":{"0":"post-177984","1":"post","2":"type-post","3":"status-publish","4":"format-standard","5":"has-post-thumbnail","7":"category-el-tiempo","8":"tag-asturias","9":"tag-candas","10":"tag-el-tiempo"},"aioseo_notices":[],"aioseo_head":"\n\t\t<!-- All in One SEO Pro 4.9.6.2 - aioseo.com -->\n\t<meta name=\"description\" content=\"AEMET informa en su previsi\u00f3n del tiempo para hoy s\u00e1bado en Cand\u00e1s, Concejo de Carre\u00f1o, de temperaturas m\u00e1ximas de unos 15 grados, y m\u00ednimas de 9 grados.\" \/>\n\t<meta name=\"robots\" content=\"max-image-preview:large\" \/>\n\t<meta name=\"author\" content=\"Cand\u00e1s 365\"\/>\n\t<meta name=\"google-site-verification\" content=\"UA-32230408-1\" \/>\n\t<meta name=\"msvalidate.01\" content=\"354F3CDFB2DA171B47FBE9ABF1F88D5\" \/>\n\t<meta name=\"keywords\" content=\"el tiempo\" \/>\n\t<link rel=\"canonical\" href=\"https:\/\/candas365.es\/noticias\/el-tiempo-en-candas-hoy-27-de-enero-de-2024\/\" \/>\n\t<meta name=\"generator\" content=\"All in One SEO Pro (AIOSEO) 4.9.6.2\" \/>\n\t\t<meta property=\"og:locale\" content=\"es_ES\" \/>\n\t\t<meta property=\"og:site_name\" content=\"Cand\u00e1s 365\" \/>\n\t\t<meta property=\"og:type\" content=\"article\" \/>\n\t\t<meta property=\"og:title\" content=\"El tiempo en Cand\u00e1s, hoy 27 de enero de 2024 | Cand\u00e1s 365\" \/>\n\t\t<meta property=\"og:description\" content=\"AEMET informa en su previsi\u00f3n del tiempo para hoy s\u00e1bado en Cand\u00e1s, Concejo de Carre\u00f1o, de temperaturas m\u00e1ximas de unos 15 grados, y m\u00ednimas de 9 grados.\" \/>\n\t\t<meta property=\"og:url\" content=\"https:\/\/candas365.es\/noticias\/el-tiempo-en-candas-hoy-27-de-enero-de-2024\/\" \/>\n\t\t<meta property=\"og:image\" content=\"https:\/\/candas365.es\/noticias\/wp-content\/uploads\/2024\/01\/El-tiempo-en-Candas-27-enero-2024.jpg\" \/>\n\t\t<meta property=\"og:image:secure_url\" content=\"https:\/\/candas365.es\/noticias\/wp-content\/uploads\/2024\/01\/El-tiempo-en-Candas-27-enero-2024.jpg\" \/>\n\t\t<meta property=\"og:image:width\" content=\"892\" \/>\n\t\t<meta property=\"og:image:height\" content=\"648\" \/>\n\t\t<meta property=\"article:published_time\" content=\"2024-01-27T02:35:42+00:00\" \/>\n\t\t<meta property=\"article:modified_time\" content=\"2024-01-27T02:35:42+00:00\" \/>\n\t\t<meta property=\"article:publisher\" content=\"https:\/\/www.facebook.com\/Nachofdezber\" \/>\n\t\t<meta property=\"article:author\" content=\"https:\/\/www.facebook.com\/carrenoactualidad\" \/>\n\t\t<meta name=\"twitter:card\" content=\"summary_large_image\" \/>\n\t\t<meta name=\"twitter:site\" content=\"@NabercoDigital\" \/>\n\t\t<meta name=\"twitter:title\" content=\"El tiempo en Cand\u00e1s, hoy 27 de enero de 2024 | Cand\u00e1s 365\" \/>\n\t\t<meta name=\"twitter:description\" content=\"AEMET informa en su previsi\u00f3n del tiempo para hoy s\u00e1bado en Cand\u00e1s, Concejo de Carre\u00f1o, de temperaturas m\u00e1ximas de unos 15 grados, y m\u00ednimas de 9 grados.\" \/>\n\t\t<meta name=\"twitter:creator\" content=\"@nbasturias\" \/>\n\t\t<meta name=\"twitter:image\" content=\"https:\/\/candas365.es\/noticias\/wp-content\/uploads\/2024\/01\/El-tiempo-en-Candas-27-enero-2024.jpg\" \/>\n\t\t<meta name=\"twitter:label1\" content=\"Escrito por\" \/>\n\t\t<meta name=\"twitter:data1\" content=\"Cand\u00e1s 365\" \/>\n\t\t<meta name=\"twitter:label2\" content=\"Tiempo de lectura estimado\" \/>\n\t\t<meta name=\"twitter:data2\" content=\"1 minuto\" \/>\n\t\t<script type=\"application\/ld+json\" class=\"aioseo-schema\">\n\t\t\t{\"@context\":\"https:\\\/\\\/schema.org\",\"@graph\":[{\"@type\":\"BreadcrumbList\",\"@id\":\"https:\\\/\\\/candas365.es\\\/noticias\\\/el-tiempo-en-candas-hoy-27-de-enero-de-2024\\\/#breadcrumblist\",\"itemListElement\":[{\"@type\":\"ListItem\",\"@id\":\"https:\\\/\\\/candas365.es\\\/noticias#listItem\",\"position\":1,\"name\":\"Home\",\"item\":\"https:\\\/\\\/candas365.es\\\/noticias\",\"nextItem\":{\"@type\":\"ListItem\",\"@id\":\"https:\\\/\\\/candas365.es\\\/noticias\\\/category\\\/el-tiempo\\\/#listItem\",\"name\":\"El tiempo\"}},{\"@type\":\"ListItem\",\"@id\":\"https:\\\/\\\/candas365.es\\\/noticias\\\/category\\\/el-tiempo\\\/#listItem\",\"position\":2,\"name\":\"El tiempo\",\"item\":\"https:\\\/\\\/candas365.es\\\/noticias\\\/category\\\/el-tiempo\\\/\",\"nextItem\":{\"@type\":\"ListItem\",\"@id\":\"https:\\\/\\\/candas365.es\\\/noticias\\\/el-tiempo-en-candas-hoy-27-de-enero-de-2024\\\/#listItem\",\"name\":\"El tiempo en Cand\\u00e1s, hoy 27 de enero de 2024\"},\"previousItem\":{\"@type\":\"ListItem\",\"@id\":\"https:\\\/\\\/candas365.es\\\/noticias#listItem\",\"name\":\"Home\"}},{\"@type\":\"ListItem\",\"@id\":\"https:\\\/\\\/candas365.es\\\/noticias\\\/el-tiempo-en-candas-hoy-27-de-enero-de-2024\\\/#listItem\",\"position\":3,\"name\":\"El tiempo en Cand\\u00e1s, hoy 27 de enero de 2024\",\"previousItem\":{\"@type\":\"ListItem\",\"@id\":\"https:\\\/\\\/candas365.es\\\/noticias\\\/category\\\/el-tiempo\\\/#listItem\",\"name\":\"El tiempo\"}}]},{\"@type\":\"NewsArticle\",\"@id\":\"https:\\\/\\\/candas365.es\\\/noticias\\\/el-tiempo-en-candas-hoy-27-de-enero-de-2024\\\/#newsarticle\",\"name\":\"El tiempo en Cand\\u00e1s, hoy 27 de enero de 2024 | Cand\\u00e1s 365\",\"headline\":\"El tiempo en Cand\\u00e1s, hoy 27 de enero de 2024\",\"author\":{\"@id\":\"https:\\\/\\\/candas365.es\\\/noticias\\\/author\\\/admin\\\/#author\"},\"publisher\":{\"@id\":\"https:\\\/\\\/candas365.es\\\/noticias\\\/#organization\"},\"image\":{\"@type\":\"ImageObject\",\"url\":\"https:\\\/\\\/candas365.es\\\/noticias\\\/wp-content\\\/uploads\\\/2024\\\/01\\\/El-tiempo-en-Candas-27-enero-2024.jpg\",\"width\":892,\"height\":648,\"caption\":\"El tiempo en Cand\\u00e1s 27 enero 2024\"},\"datePublished\":\"2024-01-27T03:35:42+01:00\",\"dateModified\":\"2024-01-27T03:35:42+01:00\",\"inLanguage\":\"es-ES\",\"mainEntityOfPage\":{\"@id\":\"https:\\\/\\\/candas365.es\\\/noticias\\\/el-tiempo-en-candas-hoy-27-de-enero-de-2024\\\/#webpage\"},\"isPartOf\":{\"@id\":\"https:\\\/\\\/candas365.es\\\/noticias\\\/el-tiempo-en-candas-hoy-27-de-enero-de-2024\\\/#webpage\"},\"articleSection\":\"El tiempo, Asturias, Cand\\u00e1s, El tiempo\",\"dateline\":\"Publicado el enero 27, 2024.\"},{\"@type\":\"Organization\",\"@id\":\"https:\\\/\\\/candas365.es\\\/noticias\\\/#organization\",\"name\":\"Cand\\u00e1s 365\",\"description\":\"Cand\\u00e1s 365 es un diario digital independiente, fundado en 2012, con base en Asturias. Informamos con rigor sobre actualidad, sociedad, cultura y ocio, con una mirada local y global.\",\"url\":\"https:\\\/\\\/candas365.es\\\/noticias\\\/\",\"email\":\"info@candas365.es\",\"telephone\":\"+34652131393\",\"foundingDate\":\"2012-06-10\",\"logo\":{\"@type\":\"ImageObject\",\"url\":\"https:\\\/\\\/candas365.es\\\/noticias\\\/wp-content\\\/uploads\\\/2024\\\/09\\\/Candas-365-Redes.jpg\",\"@id\":\"https:\\\/\\\/candas365.es\\\/noticias\\\/el-tiempo-en-candas-hoy-27-de-enero-de-2024\\\/#organizationLogo\",\"width\":1152,\"height\":864,\"caption\":\"Cand\\u00e1s 365 Redes\"},\"image\":{\"@id\":\"https:\\\/\\\/candas365.es\\\/noticias\\\/el-tiempo-en-candas-hoy-27-de-enero-de-2024\\\/#organizationLogo\"},\"sameAs\":[\"https:\\\/\\\/www.facebook.com\\\/Nachofdezber\",\"https:\\\/\\\/x.com\\\/NabercoDigital\",\"https:\\\/\\\/www.instagram.com\\\/nachofdezber\\\/\",\"https:\\\/\\\/www.youtube.com\\\/channel\\\/UCZP-2wLEB9Rv6erhFmqVnvg\"],\"address\":{\"@id\":\"https:\\\/\\\/candas365.es\\\/noticias\\\/#postaladdress\",\"@type\":\"PostalAddress\",\"streetAddress\":\"san antonio 4, san antonio 4\",\"postalCode\":\"33430\",\"addressLocality\":\"Cand\\u00e1s\",\"addressRegion\":\"Asturias\",\"addressCountry\":\"ES\"}},{\"@type\":\"Person\",\"@id\":\"https:\\\/\\\/candas365.es\\\/noticias\\\/author\\\/admin\\\/#author\",\"url\":\"https:\\\/\\\/candas365.es\\\/noticias\\\/author\\\/admin\\\/\",\"name\":\"Cand\\u00e1s 365\",\"image\":{\"@type\":\"ImageObject\",\"@id\":\"https:\\\/\\\/candas365.es\\\/noticias\\\/el-tiempo-en-candas-hoy-27-de-enero-de-2024\\\/#authorImage\",\"url\":\"https:\\\/\\\/secure.gravatar.com\\\/avatar\\\/496a8e03d0c493ede1718b7934145dbdf8d89be1036b0eec9544e1094c9de390?s=96&d=mm&r=g\",\"width\":96,\"height\":96,\"caption\":\"Cand\\u00e1s 365\"},\"sameAs\":[\"https:\\\/\\\/www.facebook.com\\\/carrenoactualidad\",\"https:\\\/\\\/twitter.com\\\/nbasturias\",\"https:\\\/\\\/www.instagram.com\\\/nachofdezber\\\/\",\"https:\\\/\\\/www.youtube.com\\\/channel\\\/UCZP-2wLEB9Rv6erhFmqVnvg\"]},{\"@type\":\"WebPage\",\"@id\":\"https:\\\/\\\/candas365.es\\\/noticias\\\/el-tiempo-en-candas-hoy-27-de-enero-de-2024\\\/#webpage\",\"url\":\"https:\\\/\\\/candas365.es\\\/noticias\\\/el-tiempo-en-candas-hoy-27-de-enero-de-2024\\\/\",\"name\":\"El tiempo en Cand\\u00e1s, hoy 27 de enero de 2024 | Cand\\u00e1s 365\",\"description\":\"AEMET informa en su previsi\\u00f3n del tiempo para hoy s\\u00e1bado en Cand\\u00e1s, Concejo de Carre\\u00f1o, de temperaturas m\\u00e1ximas de unos 15 grados, y m\\u00ednimas de 9 grados.\",\"inLanguage\":\"es-ES\",\"isPartOf\":{\"@id\":\"https:\\\/\\\/candas365.es\\\/noticias\\\/#website\"},\"breadcrumb\":{\"@id\":\"https:\\\/\\\/candas365.es\\\/noticias\\\/el-tiempo-en-candas-hoy-27-de-enero-de-2024\\\/#breadcrumblist\"},\"author\":{\"@id\":\"https:\\\/\\\/candas365.es\\\/noticias\\\/author\\\/admin\\\/#author\"},\"creator\":{\"@id\":\"https:\\\/\\\/candas365.es\\\/noticias\\\/author\\\/admin\\\/#author\"},\"image\":{\"@type\":\"ImageObject\",\"url\":\"https:\\\/\\\/candas365.es\\\/noticias\\\/wp-content\\\/uploads\\\/2024\\\/01\\\/El-tiempo-en-Candas-27-enero-2024.jpg\",\"@id\":\"https:\\\/\\\/candas365.es\\\/noticias\\\/el-tiempo-en-candas-hoy-27-de-enero-de-2024\\\/#mainImage\",\"width\":892,\"height\":648,\"caption\":\"El tiempo en Cand\\u00e1s 27 enero 2024\"},\"primaryImageOfPage\":{\"@id\":\"https:\\\/\\\/candas365.es\\\/noticias\\\/el-tiempo-en-candas-hoy-27-de-enero-de-2024\\\/#mainImage\"},\"datePublished\":\"2024-01-27T03:35:42+01:00\",\"dateModified\":\"2024-01-27T03:35:42+01:00\"},{\"@type\":\"WebSite\",\"@id\":\"https:\\\/\\\/candas365.es\\\/noticias\\\/#website\",\"url\":\"https:\\\/\\\/candas365.es\\\/noticias\\\/\",\"name\":\"Cand\\u00e1s 365\",\"alternateName\":\"Cand\\u00e1s 365 Noticias\",\"description\":\"Actualidad desde Carre\\u00f1o para el mundo\",\"inLanguage\":\"es-ES\",\"publisher\":{\"@id\":\"https:\\\/\\\/candas365.es\\\/noticias\\\/#organization\"}}]}\n\t\t<\/script>\n\t\t<!-- All in One SEO Pro -->\r\n\t\t<title>El tiempo en Cand\u00e1s, hoy 27 de enero de 2024 | Cand\u00e1s 365<\/title>\n\n","aioseo_head_json":{"title":"El tiempo en Cand\u00e1s, hoy 27 de enero de 2024 | Cand\u00e1s 365","description":"AEMET informa en su previsi\u00f3n del tiempo para hoy s\u00e1bado en Cand\u00e1s, Concejo de Carre\u00f1o, de temperaturas m\u00e1ximas de unos 15 grados, y m\u00ednimas de 9 grados.","canonical_url":"https:\/\/candas365.es\/noticias\/el-tiempo-en-candas-hoy-27-de-enero-de-2024\/","robots":"max-image-preview:large","keywords":"el tiempo","webmasterTools":{"google-site-verification":"UA-32230408-1","msvalidate.01":"354F3CDFB2DA171B47FBE9ABF1F88D5","miscellaneous":""},"schema":{"@context":"https:\/\/schema.org","@graph":[{"@type":"BreadcrumbList","@id":"https:\/\/candas365.es\/noticias\/el-tiempo-en-candas-hoy-27-de-enero-de-2024\/#breadcrumblist","itemListElement":[{"@type":"ListItem","@id":"https:\/\/candas365.es\/noticias#listItem","position":1,"name":"Home","item":"https:\/\/candas365.es\/noticias","nextItem":{"@type":"ListItem","@id":"https:\/\/candas365.es\/noticias\/category\/el-tiempo\/#listItem","name":"El tiempo"}},{"@type":"ListItem","@id":"https:\/\/candas365.es\/noticias\/category\/el-tiempo\/#listItem","position":2,"name":"El tiempo","item":"https:\/\/candas365.es\/noticias\/category\/el-tiempo\/","nextItem":{"@type":"ListItem","@id":"https:\/\/candas365.es\/noticias\/el-tiempo-en-candas-hoy-27-de-enero-de-2024\/#listItem","name":"El tiempo en Cand\u00e1s, hoy 27 de enero de 2024"},"previousItem":{"@type":"ListItem","@id":"https:\/\/candas365.es\/noticias#listItem","name":"Home"}},{"@type":"ListItem","@id":"https:\/\/candas365.es\/noticias\/el-tiempo-en-candas-hoy-27-de-enero-de-2024\/#listItem","position":3,"name":"El tiempo en Cand\u00e1s, hoy 27 de enero de 2024","previousItem":{"@type":"ListItem","@id":"https:\/\/candas365.es\/noticias\/category\/el-tiempo\/#listItem","name":"El tiempo"}}]},{"@type":"NewsArticle","@id":"https:\/\/candas365.es\/noticias\/el-tiempo-en-candas-hoy-27-de-enero-de-2024\/#newsarticle","name":"El tiempo en Cand\u00e1s, hoy 27 de enero de 2024 | Cand\u00e1s 365","headline":"El tiempo en Cand\u00e1s, hoy 27 de enero de 2024","author":{"@id":"https:\/\/candas365.es\/noticias\/author\/admin\/#author"},"publisher":{"@id":"https:\/\/candas365.es\/noticias\/#organization"},"image":{"@type":"ImageObject","url":"https:\/\/candas365.es\/noticias\/wp-content\/uploads\/2024\/01\/El-tiempo-en-Candas-27-enero-2024.jpg","width":892,"height":648,"caption":"El tiempo en Cand\u00e1s 27 enero 2024"},"datePublished":"2024-01-27T03:35:42+01:00","dateModified":"2024-01-27T03:35:42+01:00","inLanguage":"es-ES","mainEntityOfPage":{"@id":"https:\/\/candas365.es\/noticias\/el-tiempo-en-candas-hoy-27-de-enero-de-2024\/#webpage"},"isPartOf":{"@id":"https:\/\/candas365.es\/noticias\/el-tiempo-en-candas-hoy-27-de-enero-de-2024\/#webpage"},"articleSection":"El tiempo, Asturias, Cand\u00e1s, El tiempo","dateline":"Publicado el enero 27, 2024."},{"@type":"Organization","@id":"https:\/\/candas365.es\/noticias\/#organization","name":"Cand\u00e1s 365","description":"Cand\u00e1s 365 es un diario digital independiente, fundado en 2012, con base en Asturias. Informamos con rigor sobre actualidad, sociedad, cultura y ocio, con una mirada local y global.","url":"https:\/\/candas365.es\/noticias\/","email":"info@candas365.es","telephone":"+34652131393","foundingDate":"2012-06-10","logo":{"@type":"ImageObject","url":"https:\/\/candas365.es\/noticias\/wp-content\/uploads\/2024\/09\/Candas-365-Redes.jpg","@id":"https:\/\/candas365.es\/noticias\/el-tiempo-en-candas-hoy-27-de-enero-de-2024\/#organizationLogo","width":1152,"height":864,"caption":"Cand\u00e1s 365 Redes"},"image":{"@id":"https:\/\/candas365.es\/noticias\/el-tiempo-en-candas-hoy-27-de-enero-de-2024\/#organizationLogo"},"sameAs":["https:\/\/www.facebook.com\/Nachofdezber","https:\/\/x.com\/NabercoDigital","https:\/\/www.instagram.com\/nachofdezber\/","https:\/\/www.youtube.com\/channel\/UCZP-2wLEB9Rv6erhFmqVnvg"],"address":{"@id":"https:\/\/candas365.es\/noticias\/#postaladdress","@type":"PostalAddress","streetAddress":"san antonio 4, san antonio 4","postalCode":"33430","addressLocality":"Cand\u00e1s","addressRegion":"Asturias","addressCountry":"ES"}},{"@type":"Person","@id":"https:\/\/candas365.es\/noticias\/author\/admin\/#author","url":"https:\/\/candas365.es\/noticias\/author\/admin\/","name":"Cand\u00e1s 365","image":{"@type":"ImageObject","@id":"https:\/\/candas365.es\/noticias\/el-tiempo-en-candas-hoy-27-de-enero-de-2024\/#authorImage","url":"https:\/\/secure.gravatar.com\/avatar\/496a8e03d0c493ede1718b7934145dbdf8d89be1036b0eec9544e1094c9de390?s=96&d=mm&r=g","width":96,"height":96,"caption":"Cand\u00e1s 365"},"sameAs":["https:\/\/www.facebook.com\/carrenoactualidad","https:\/\/twitter.com\/nbasturias","https:\/\/www.instagram.com\/nachofdezber\/","https:\/\/www.youtube.com\/channel\/UCZP-2wLEB9Rv6erhFmqVnvg"]},{"@type":"WebPage","@id":"https:\/\/candas365.es\/noticias\/el-tiempo-en-candas-hoy-27-de-enero-de-2024\/#webpage","url":"https:\/\/candas365.es\/noticias\/el-tiempo-en-candas-hoy-27-de-enero-de-2024\/","name":"El tiempo en Cand\u00e1s, hoy 27 de enero de 2024 | Cand\u00e1s 365","description":"AEMET informa en su previsi\u00f3n del tiempo para hoy s\u00e1bado en Cand\u00e1s, Concejo de Carre\u00f1o, de temperaturas m\u00e1ximas de unos 15 grados, y m\u00ednimas de 9 grados.","inLanguage":"es-ES","isPartOf":{"@id":"https:\/\/candas365.es\/noticias\/#website"},"breadcrumb":{"@id":"https:\/\/candas365.es\/noticias\/el-tiempo-en-candas-hoy-27-de-enero-de-2024\/#breadcrumblist"},"author":{"@id":"https:\/\/candas365.es\/noticias\/author\/admin\/#author"},"creator":{"@id":"https:\/\/candas365.es\/noticias\/author\/admin\/#author"},"image":{"@type":"ImageObject","url":"https:\/\/candas365.es\/noticias\/wp-content\/uploads\/2024\/01\/El-tiempo-en-Candas-27-enero-2024.jpg","@id":"https:\/\/candas365.es\/noticias\/el-tiempo-en-candas-hoy-27-de-enero-de-2024\/#mainImage","width":892,"height":648,"caption":"El tiempo en Cand\u00e1s 27 enero 2024"},"primaryImageOfPage":{"@id":"https:\/\/candas365.es\/noticias\/el-tiempo-en-candas-hoy-27-de-enero-de-2024\/#mainImage"},"datePublished":"2024-01-27T03:35:42+01:00","dateModified":"2024-01-27T03:35:42+01:00"},{"@type":"WebSite","@id":"https:\/\/candas365.es\/noticias\/#website","url":"https:\/\/candas365.es\/noticias\/","name":"Cand\u00e1s 365","alternateName":"Cand\u00e1s 365 Noticias","description":"Actualidad desde Carre\u00f1o para el mundo","inLanguage":"es-ES","publisher":{"@id":"https:\/\/candas365.es\/noticias\/#organization"}}]},"og:locale":"es_ES","og:site_name":"Cand\u00e1s 365","og:type":"article","og:title":"El tiempo en Cand\u00e1s, hoy 27 de enero de 2024 | Cand\u00e1s 365","og:description":"AEMET informa en su previsi\u00f3n del tiempo para hoy s\u00e1bado en Cand\u00e1s, Concejo de Carre\u00f1o, de temperaturas m\u00e1ximas de unos 15 grados, y m\u00ednimas de 9 grados.","og:url":"https:\/\/candas365.es\/noticias\/el-tiempo-en-candas-hoy-27-de-enero-de-2024\/","og:image":"https:\/\/candas365.es\/noticias\/wp-content\/uploads\/2024\/01\/El-tiempo-en-Candas-27-enero-2024.jpg","og:image:secure_url":"https:\/\/candas365.es\/noticias\/wp-content\/uploads\/2024\/01\/El-tiempo-en-Candas-27-enero-2024.jpg","og:image:width":892,"og:image:height":648,"article:published_time":"2024-01-27T02:35:42+00:00","article:modified_time":"2024-01-27T02:35:42+00:00","article:publisher":"https:\/\/www.facebook.com\/Nachofdezber","article:author":"https:\/\/www.facebook.com\/carrenoactualidad","twitter:card":"summary_large_image","twitter:site":"@NabercoDigital","twitter:title":"El tiempo en Cand\u00e1s, hoy 27 de enero de 2024 | Cand\u00e1s 365","twitter:description":"AEMET informa en su previsi\u00f3n del tiempo para hoy s\u00e1bado en Cand\u00e1s, Concejo de Carre\u00f1o, de temperaturas m\u00e1ximas de unos 15 grados, y m\u00ednimas de 9 grados.","twitter:creator":"@nbasturias","twitter:image":"https:\/\/candas365.es\/noticias\/wp-content\/uploads\/2024\/01\/El-tiempo-en-Candas-27-enero-2024.jpg","twitter:label1":"Escrito por","twitter:data1":"Cand\u00e1s 365","twitter:label2":"Tiempo de lectura estimado","twitter:data2":"1 minuto"},"aioseo_meta_data":{"post_id":"177984","title":null,"description":"AEMET informa en su previsi\u00f3n del tiempo para hoy s\u00e1bado en Cand\u00e1s, Concejo de Carre\u00f1o, de temperaturas m\u00e1ximas de unos 15 grados, y m\u00ednimas de 9 grados.","keywords":[],"keyphrases":{"focus":{"keyphrase":"Cand\u00e1s","score":100,"analysis":{"keyphraseInTitle":{"score":9,"maxScore":9,"error":0},"keyphraseInDescription":{"score":9,"maxScore":9,"error":0},"keyphraseLength":{"score":9,"maxScore":9,"error":0,"length":2},"keyphraseInURL":{"score":5,"maxScore":5,"error":0},"keyphraseInIntroduction":{"score":9,"maxScore":9,"error":0},"keyphraseInSubHeadings":[],"keyphraseInImageAlt":{"score":9,"maxScore":9,"error":0},"keywordDensity":{"type":"best","score":9,"maxScore":9,"error":0}}},"additional":[{"keyphrase":"Cand\u00e1s","score":100,"analysis":{"keyphraseInDescription":{"score":9,"maxScore":9,"error":0},"keyphraseLength":{"score":9,"maxScore":9,"error":0,"length":2},"keyphraseInIntroduction":{"score":9,"maxScore":9,"error":0},"keyphraseInImageAlt":{"score":9,"maxScore":9,"error":0},"keywordDensity":{"type":"best","score":9,"maxScore":9,"error":0}}}]},"primary_term":null,"canonical_url":null,"og_title":null,"og_description":null,"og_object_type":"default","og_image_type":"default","og_image_url":null,"og_image_width":null,"og_image_height":null,"og_image_custom_url":null,"og_image_custom_fields":null,"og_video":"","og_custom_url":null,"og_article_section":null,"og_article_tags":[],"twitter_use_og":false,"twitter_card":"default","twitter_image_type":"default","twitter_image_url":null,"twitter_image_custom_url":null,"twitter_image_custom_fields":null,"twitter_title":null,"twitter_description":null,"schema":{"blockGraphs":[],"customGraphs":[],"default":{"data":{"Article":[],"Course":[],"Dataset":[],"FAQPage":[],"Movie":[],"Person":[],"Product":[],"ProductReview":[],"Car":[],"Recipe":[],"Service":[],"SoftwareApplication":[],"WebPage":[]},"graphName":"Article","isEnabled":true},"graphs":[]},"schema_type":"default","schema_type_options":null,"pillar_content":false,"robots_default":true,"robots_noindex":false,"robots_noarchive":false,"robots_nosnippet":false,"robots_nofollow":false,"robots_noimageindex":false,"robots_noodp":false,"robots_notranslate":false,"robots_max_snippet":"-1","robots_max_videopreview":"-1","robots_max_imagepreview":"large","priority":null,"frequency":"default","location":null,"local_seo":null,"seo_analyzer_scan_date":"2025-09-02 03:31:39","breadcrumb_settings":null,"limit_modified_date":false,"reviewed_by":null,"open_ai":"{\"title\":{\"suggestions\":[],\"usage\":0},\"description\":{\"suggestions\":[],\"usage\":0}}","ai":null,"created":"2024-01-27 02:26:24","updated":"2025-09-02 03:31:39"},"aioseo_breadcrumb":"<div class=\"aioseo-breadcrumbs\"><span class=\"aioseo-breadcrumb\">\n\t<a href=\"https:\/\/candas365.es\/noticias\" title=\"Home\">Home<\/a>\n<\/span><span class=\"aioseo-breadcrumb-separator\">&ndash;<\/span><span class=\"aioseo-breadcrumb\">\n\t<a href=\"https:\/\/candas365.es\/noticias\/category\/el-tiempo\/\" title=\"El tiempo\">El tiempo<\/a>\n<\/span><span class=\"aioseo-breadcrumb-separator\">&ndash;<\/span><span class=\"aioseo-breadcrumb\">\n\tEl tiempo en Cand\u00e1s, hoy 27 de enero de 2024\n<\/span><\/div>","aioseo_breadcrumb_json":[{"label":"Home","link":"https:\/\/candas365.es\/noticias"},{"label":"El tiempo","link":"https:\/\/candas365.es\/noticias\/category\/el-tiempo\/"},{"label":"El tiempo en Cand\u00e1s, hoy 27 de enero de 2024","link":"https:\/\/candas365.es\/noticias\/el-tiempo-en-candas-hoy-27-de-enero-de-2024\/"}],"_links":{"self":[{"href":"https:\/\/candas365.es\/noticias\/wp-json\/wp\/v2\/posts\/177984","targetHints":{"allow":["GET"]}}],"collection":[{"href":"https:\/\/candas365.es\/noticias\/wp-json\/wp\/v2\/posts"}],"about":[{"href":"https:\/\/candas365.es\/noticias\/wp-json\/wp\/v2\/types\/post"}],"author":[{"embeddable":true,"href":"https:\/\/candas365.es\/noticias\/wp-json\/wp\/v2\/users\/1"}],"replies":[{"embeddable":true,"href":"https:\/\/candas365.es\/noticias\/wp-json\/wp\/v2\/comments?post=177984"}],"version-history":[{"count":0,"href":"https:\/\/candas365.es\/noticias\/wp-json\/wp\/v2\/posts\/177984\/revisions"}],"wp:featuredmedia":[{"embeddable":true,"href":"https:\/\/candas365.es\/noticias\/wp-json\/wp\/v2\/media\/177985"}],"wp:attachment":[{"href":"https:\/\/candas365.es\/noticias\/wp-json\/wp\/v2\/media?parent=177984"}],"wp:term":[{"taxonomy":"category","embeddable":true,"href":"https:\/\/candas365.es\/noticias\/wp-json\/wp\/v2\/categories?post=177984"},{"taxonomy":"post_tag","embeddable":true,"href":"https:\/\/candas365.es\/noticias\/wp-json\/wp\/v2\/tags?post=177984"}],"curies":[{"name":"wp","href":"https:\/\/api.w.org\/{rel}","templated":true}]}}