{"id":177862,"date":"2024-01-24T10:38:54","date_gmt":"2024-01-24T09:38:54","guid":{"rendered":"https:\/\/candas365.es\/noticias\/?p=177862"},"modified":"2024-01-24T10:38:54","modified_gmt":"2024-01-24T09:38:54","slug":"primer-pleno-del-ano-2024-en-el-ayuntamiento-de-carreno","status":"publish","type":"post","link":"https:\/\/candas365.es\/noticias\/primer-pleno-del-ano-2024-en-el-ayuntamiento-de-carreno\/","title":{"rendered":"Primer pleno del a\u00f1o 2024 en el Ayuntamiento de Carre\u00f1o"},"content":{"rendered":"<p>Cand\u00e1s acoger\u00e1 el pr\u00f3ximo jueves, <a href=\"https:\/\/candas365.es\/noticias\/category\/agenda\/\"><span style=\"color: #ff6600;\"><strong>25 de enero de 2024<\/strong><\/span><\/a>, a las 18:30 horas, el primer pleno ordinario del a\u00f1o 2024 en el <span style=\"color: #ff6600;\"><a style=\"color: #ff6600;\" title=\"Ayuntamiento de Carre\u00f1o\" href=\"https:\/\/www.ayto-carreno.es\/\" target=\"_blank\" rel=\"noopener\"><strong>Ayuntamiento de Carre\u00f1o<\/strong><\/a><\/span>. Uno de los temas de los que se tratar\u00e1 ser\u00e1 la aprobaci\u00f3n inicial de la Ordenanza municipal reguladora de la tenencia, protecci\u00f3n y bienestar animal.<\/p>\n<figure id=\"attachment_177863\" aria-describedby=\"caption-attachment-177863\" style=\"width: 650px\" class=\"wp-caption aligncenter\"><img fetchpriority=\"high\" decoding=\"async\" class=\"wp-image-177863 size-large\" src=\"https:\/\/candas365.es\/noticias\/wp-content\/uploads\/2024\/01\/Ayuntamiento-de-Carreno-650x471.jpg\" alt=\"Ayuntamiento de Carre\u00f1o\" width=\"650\" height=\"471\" srcset=\"https:\/\/candas365.es\/noticias\/wp-content\/uploads\/2024\/01\/Ayuntamiento-de-Carreno-650x471.jpg 650w, https:\/\/candas365.es\/noticias\/wp-content\/uploads\/2024\/01\/Ayuntamiento-de-Carreno-360x261.jpg 360w, https:\/\/candas365.es\/noticias\/wp-content\/uploads\/2024\/01\/Ayuntamiento-de-Carreno-768x557.jpg 768w, https:\/\/candas365.es\/noticias\/wp-content\/uploads\/2024\/01\/Ayuntamiento-de-Carreno-150x109.jpg 150w, https:\/\/candas365.es\/noticias\/wp-content\/uploads\/2024\/01\/Ayuntamiento-de-Carreno-450x326.jpg 450w, https:\/\/candas365.es\/noticias\/wp-content\/uploads\/2024\/01\/Ayuntamiento-de-Carreno.jpg 884w\" sizes=\"(max-width: 650px) 100vw, 650px\" \/><figcaption id=\"caption-attachment-177863\" class=\"wp-caption-text\">Foto: Cand\u00e1s 365<\/figcaption><\/figure>\n<h2>Temas del pleno<\/h2>\n<h4>ORDEN DEL D\u00cdA<\/h4>\n<p>1.- Lectura y Aprobaci\u00f3n del acta de la sesi\u00f3n anterior de fecha 28 de diciembre de 2023<\/p>\n<h4>MEDIO RURAL, PESCA Y BIENESTAR ANIMAL<\/h4>\n<p>2.- Aprobaci\u00f3n Inicial Ordenanza municipal reguladora de la tenencia, protecci\u00f3n y bienestar animal. Exptes: 6407\/2023 y 5871\/2023<\/p>\n<h4>RESOLUCIONES<\/h4>\n<ul>\n<li>3.- Resoluciones de la Alcald\u00eda de diciembre de 2023. Expte: 302\/2024.-<\/li>\n<li>4.- Resoluciones Judiciales. Expte: 306\/2024.- &#8211; Sentencia 6\/2024 del Juzdo. Contencioso-Administrativo n\u00ba 5 de Oviedo. P.A. 263\/2022 sobre sanci\u00f3n de tr\u00e1fico.<\/li>\n<\/ul>\n<h4>RUEGOS Y PREGUNTAS<\/h4>\n<ul>\n<li>5.- Ruegos y Preguntas<\/li>\n<\/ul>\n<p>El pleno se podr\u00e1 ver tanto de manera presencial en Ayuntamiento como <a href=\"https:\/\/www.youtube.com\/live\/Dkl6DXkhqAA?feature=share\" target=\"_blank\" rel=\"noopener\"><span style=\"color: #ff6600;\"><strong>en YouTube pulsando aqu\u00ed<\/strong><\/span><\/a>.<\/p>\n","protected":false},"excerpt":{"rendered":"<p>Cand\u00e1s acoger\u00e1 el pr\u00f3ximo jueves, 25 de enero de 2024, a las 18:30 horas, el primer pleno ordinario del a\u00f1o 2024 en el Ayuntamiento de Carre\u00f1o. Uno de los temas de los que se tratar\u00e1 ser\u00e1 la aprobaci\u00f3n inicial de la Ordenanza municipal reguladora de la tenencia, protecci\u00f3n y bienestar animal. Temas del pleno ORDEN<\/p>\n","protected":false},"author":1,"featured_media":177863,"comment_status":"closed","ping_status":"closed","sticky":false,"template":"","format":"standard","meta":{"footnotes":""},"categories":[2],"tags":[365,470],"class_list":{"0":"post-177862","1":"post","2":"type-post","3":"status-publish","4":"format-standard","5":"has-post-thumbnail","7":"category-noticias-carreno","8":"tag-carreno","9":"tag-politica"},"aioseo_notices":[],"aioseo_head":"\n\t\t<!-- All in One SEO Pro 4.9.6.2 - aioseo.com -->\n\t<meta name=\"description\" content=\"Cand\u00e1s acoger\u00e1 el pr\u00f3ximo jueves, 25 de enero de 2024, a las 18:30 horas, el primer pleno ordinario del a\u00f1o 2024 en el Ayuntamiento de Carre\u00f1o. Uno de los temas\" \/>\n\t<meta name=\"robots\" content=\"max-image-preview:large\" \/>\n\t<meta name=\"author\" content=\"Cand\u00e1s 365\"\/>\n\t<meta name=\"google-site-verification\" content=\"UA-32230408-1\" \/>\n\t<meta name=\"msvalidate.01\" content=\"354F3CDFB2DA171B47FBE9ABF1F88D5\" \/>\n\t<meta name=\"keywords\" content=\"noticias carre\u00f1o\" \/>\n\t<link rel=\"canonical\" href=\"https:\/\/candas365.es\/noticias\/primer-pleno-del-ano-2024-en-el-ayuntamiento-de-carreno\/\" \/>\n\t<meta name=\"generator\" content=\"All in One SEO Pro (AIOSEO) 4.9.6.2\" \/>\n\t\t<meta property=\"og:locale\" content=\"es_ES\" \/>\n\t\t<meta property=\"og:site_name\" content=\"Cand\u00e1s 365\" \/>\n\t\t<meta property=\"og:type\" content=\"article\" \/>\n\t\t<meta property=\"og:title\" content=\"Primer pleno del a\u00f1o 2024 en el Ayuntamiento de Carre\u00f1o | Cand\u00e1s 365\" \/>\n\t\t<meta property=\"og:description\" content=\"Cand\u00e1s acoger\u00e1 el pr\u00f3ximo jueves, 25 de enero de 2024, a las 18:30 horas, el primer pleno ordinario del a\u00f1o 2024 en el Ayuntamiento de Carre\u00f1o. Uno de los temas\" \/>\n\t\t<meta property=\"og:url\" content=\"https:\/\/candas365.es\/noticias\/primer-pleno-del-ano-2024-en-el-ayuntamiento-de-carreno\/\" \/>\n\t\t<meta property=\"og:image\" content=\"https:\/\/candas365.es\/noticias\/wp-content\/uploads\/2024\/01\/Ayuntamiento-de-Carreno.jpg\" \/>\n\t\t<meta property=\"og:image:secure_url\" content=\"https:\/\/candas365.es\/noticias\/wp-content\/uploads\/2024\/01\/Ayuntamiento-de-Carreno.jpg\" \/>\n\t\t<meta property=\"og:image:width\" content=\"884\" \/>\n\t\t<meta property=\"og:image:height\" content=\"641\" \/>\n\t\t<meta property=\"article:published_time\" content=\"2024-01-24T09:38:54+00:00\" \/>\n\t\t<meta property=\"article:modified_time\" content=\"2024-01-24T09:38:54+00:00\" \/>\n\t\t<meta property=\"article:publisher\" content=\"https:\/\/www.facebook.com\/Nachofdezber\" \/>\n\t\t<meta property=\"article:author\" content=\"https:\/\/www.facebook.com\/carrenoactualidad\" \/>\n\t\t<meta name=\"twitter:card\" content=\"summary_large_image\" \/>\n\t\t<meta name=\"twitter:site\" content=\"@NabercoDigital\" \/>\n\t\t<meta name=\"twitter:title\" content=\"Primer pleno del a\u00f1o 2024 en el Ayuntamiento de Carre\u00f1o | Cand\u00e1s 365\" \/>\n\t\t<meta name=\"twitter:description\" content=\"Cand\u00e1s acoger\u00e1 el pr\u00f3ximo jueves, 25 de enero de 2024, a las 18:30 horas, el primer pleno ordinario del a\u00f1o 2024 en el Ayuntamiento de Carre\u00f1o. Uno de los temas\" \/>\n\t\t<meta name=\"twitter:creator\" content=\"@nbasturias\" \/>\n\t\t<meta name=\"twitter:image\" content=\"https:\/\/candas365.es\/noticias\/wp-content\/uploads\/2024\/01\/Ayuntamiento-de-Carreno.jpg\" \/>\n\t\t<meta name=\"twitter:label1\" content=\"Escrito por\" \/>\n\t\t<meta name=\"twitter:data1\" content=\"Cand\u00e1s 365\" \/>\n\t\t<meta name=\"twitter:label2\" content=\"Tiempo de lectura estimado\" \/>\n\t\t<meta name=\"twitter:data2\" content=\"1 minuto\" \/>\n\t\t<script type=\"application\/ld+json\" class=\"aioseo-schema\">\n\t\t\t{\"@context\":\"https:\\\/\\\/schema.org\",\"@graph\":[{\"@type\":\"BreadcrumbList\",\"@id\":\"https:\\\/\\\/candas365.es\\\/noticias\\\/primer-pleno-del-ano-2024-en-el-ayuntamiento-de-carreno\\\/#breadcrumblist\",\"itemListElement\":[{\"@type\":\"ListItem\",\"@id\":\"https:\\\/\\\/candas365.es\\\/noticias#listItem\",\"position\":1,\"name\":\"Home\",\"item\":\"https:\\\/\\\/candas365.es\\\/noticias\",\"nextItem\":{\"@type\":\"ListItem\",\"@id\":\"https:\\\/\\\/candas365.es\\\/noticias\\\/category\\\/noticias-carreno\\\/#listItem\",\"name\":\"Noticias Carre\\u00f1o\"}},{\"@type\":\"ListItem\",\"@id\":\"https:\\\/\\\/candas365.es\\\/noticias\\\/category\\\/noticias-carreno\\\/#listItem\",\"position\":2,\"name\":\"Noticias Carre\\u00f1o\",\"item\":\"https:\\\/\\\/candas365.es\\\/noticias\\\/category\\\/noticias-carreno\\\/\",\"nextItem\":{\"@type\":\"ListItem\",\"@id\":\"https:\\\/\\\/candas365.es\\\/noticias\\\/primer-pleno-del-ano-2024-en-el-ayuntamiento-de-carreno\\\/#listItem\",\"name\":\"Primer pleno del a\\u00f1o 2024 en el Ayuntamiento de Carre\\u00f1o\"},\"previousItem\":{\"@type\":\"ListItem\",\"@id\":\"https:\\\/\\\/candas365.es\\\/noticias#listItem\",\"name\":\"Home\"}},{\"@type\":\"ListItem\",\"@id\":\"https:\\\/\\\/candas365.es\\\/noticias\\\/primer-pleno-del-ano-2024-en-el-ayuntamiento-de-carreno\\\/#listItem\",\"position\":3,\"name\":\"Primer pleno del a\\u00f1o 2024 en el Ayuntamiento de Carre\\u00f1o\",\"previousItem\":{\"@type\":\"ListItem\",\"@id\":\"https:\\\/\\\/candas365.es\\\/noticias\\\/category\\\/noticias-carreno\\\/#listItem\",\"name\":\"Noticias Carre\\u00f1o\"}}]},{\"@type\":\"NewsArticle\",\"@id\":\"https:\\\/\\\/candas365.es\\\/noticias\\\/primer-pleno-del-ano-2024-en-el-ayuntamiento-de-carreno\\\/#newsarticle\",\"name\":\"Primer pleno del a\\u00f1o 2024 en el Ayuntamiento de Carre\\u00f1o | Cand\\u00e1s 365\",\"headline\":\"Primer pleno del a\\u00f1o 2024 en el Ayuntamiento de Carre\\u00f1o\",\"author\":{\"@id\":\"https:\\\/\\\/candas365.es\\\/noticias\\\/author\\\/admin\\\/#author\"},\"publisher\":{\"@id\":\"https:\\\/\\\/candas365.es\\\/noticias\\\/#organization\"},\"image\":{\"@type\":\"ImageObject\",\"url\":\"https:\\\/\\\/candas365.es\\\/noticias\\\/wp-content\\\/uploads\\\/2024\\\/01\\\/Ayuntamiento-de-Carreno.jpg\",\"width\":884,\"height\":641,\"caption\":\"Foto: Cand\\u00e1s 365\"},\"datePublished\":\"2024-01-24T10:38:54+01:00\",\"dateModified\":\"2024-01-24T10:38:54+01:00\",\"inLanguage\":\"es-ES\",\"mainEntityOfPage\":{\"@id\":\"https:\\\/\\\/candas365.es\\\/noticias\\\/primer-pleno-del-ano-2024-en-el-ayuntamiento-de-carreno\\\/#webpage\"},\"isPartOf\":{\"@id\":\"https:\\\/\\\/candas365.es\\\/noticias\\\/primer-pleno-del-ano-2024-en-el-ayuntamiento-de-carreno\\\/#webpage\"},\"articleSection\":\"Noticias Carre\\u00f1o, Carre\\u00f1o, pol\\u00edtica\",\"dateline\":\"Publicado el enero 24, 2024.\"},{\"@type\":\"Organization\",\"@id\":\"https:\\\/\\\/candas365.es\\\/noticias\\\/#organization\",\"name\":\"Cand\\u00e1s 365\",\"description\":\"Cand\\u00e1s 365 es un diario digital independiente, fundado en 2012, con base en Asturias. Informamos con rigor sobre actualidad, sociedad, cultura y ocio, con una mirada local y global.\",\"url\":\"https:\\\/\\\/candas365.es\\\/noticias\\\/\",\"email\":\"info@candas365.es\",\"telephone\":\"+34652131393\",\"foundingDate\":\"2012-06-10\",\"logo\":{\"@type\":\"ImageObject\",\"url\":\"https:\\\/\\\/candas365.es\\\/noticias\\\/wp-content\\\/uploads\\\/2024\\\/09\\\/Candas-365-Redes.jpg\",\"@id\":\"https:\\\/\\\/candas365.es\\\/noticias\\\/primer-pleno-del-ano-2024-en-el-ayuntamiento-de-carreno\\\/#organizationLogo\",\"width\":1152,\"height\":864,\"caption\":\"Cand\\u00e1s 365 Redes\"},\"image\":{\"@id\":\"https:\\\/\\\/candas365.es\\\/noticias\\\/primer-pleno-del-ano-2024-en-el-ayuntamiento-de-carreno\\\/#organizationLogo\"},\"sameAs\":[\"https:\\\/\\\/www.facebook.com\\\/Nachofdezber\",\"https:\\\/\\\/x.com\\\/NabercoDigital\",\"https:\\\/\\\/www.instagram.com\\\/nachofdezber\\\/\",\"https:\\\/\\\/www.youtube.com\\\/channel\\\/UCZP-2wLEB9Rv6erhFmqVnvg\"],\"address\":{\"@id\":\"https:\\\/\\\/candas365.es\\\/noticias\\\/#postaladdress\",\"@type\":\"PostalAddress\",\"streetAddress\":\"san antonio 4, san antonio 4\",\"postalCode\":\"33430\",\"addressLocality\":\"Cand\\u00e1s\",\"addressRegion\":\"Asturias\",\"addressCountry\":\"ES\"}},{\"@type\":\"Person\",\"@id\":\"https:\\\/\\\/candas365.es\\\/noticias\\\/author\\\/admin\\\/#author\",\"url\":\"https:\\\/\\\/candas365.es\\\/noticias\\\/author\\\/admin\\\/\",\"name\":\"Cand\\u00e1s 365\",\"image\":{\"@type\":\"ImageObject\",\"@id\":\"https:\\\/\\\/candas365.es\\\/noticias\\\/primer-pleno-del-ano-2024-en-el-ayuntamiento-de-carreno\\\/#authorImage\",\"url\":\"https:\\\/\\\/secure.gravatar.com\\\/avatar\\\/496a8e03d0c493ede1718b7934145dbdf8d89be1036b0eec9544e1094c9de390?s=96&d=mm&r=g\",\"width\":96,\"height\":96,\"caption\":\"Cand\\u00e1s 365\"},\"sameAs\":[\"https:\\\/\\\/www.facebook.com\\\/carrenoactualidad\",\"https:\\\/\\\/twitter.com\\\/nbasturias\",\"https:\\\/\\\/www.instagram.com\\\/nachofdezber\\\/\",\"https:\\\/\\\/www.youtube.com\\\/channel\\\/UCZP-2wLEB9Rv6erhFmqVnvg\"]},{\"@type\":\"WebPage\",\"@id\":\"https:\\\/\\\/candas365.es\\\/noticias\\\/primer-pleno-del-ano-2024-en-el-ayuntamiento-de-carreno\\\/#webpage\",\"url\":\"https:\\\/\\\/candas365.es\\\/noticias\\\/primer-pleno-del-ano-2024-en-el-ayuntamiento-de-carreno\\\/\",\"name\":\"Primer pleno del a\\u00f1o 2024 en el Ayuntamiento de Carre\\u00f1o | Cand\\u00e1s 365\",\"description\":\"Cand\\u00e1s acoger\\u00e1 el pr\\u00f3ximo jueves, 25 de enero de 2024, a las 18:30 horas, el primer pleno ordinario del a\\u00f1o 2024 en el Ayuntamiento de Carre\\u00f1o. Uno de los temas\",\"inLanguage\":\"es-ES\",\"isPartOf\":{\"@id\":\"https:\\\/\\\/candas365.es\\\/noticias\\\/#website\"},\"breadcrumb\":{\"@id\":\"https:\\\/\\\/candas365.es\\\/noticias\\\/primer-pleno-del-ano-2024-en-el-ayuntamiento-de-carreno\\\/#breadcrumblist\"},\"author\":{\"@id\":\"https:\\\/\\\/candas365.es\\\/noticias\\\/author\\\/admin\\\/#author\"},\"creator\":{\"@id\":\"https:\\\/\\\/candas365.es\\\/noticias\\\/author\\\/admin\\\/#author\"},\"image\":{\"@type\":\"ImageObject\",\"url\":\"https:\\\/\\\/candas365.es\\\/noticias\\\/wp-content\\\/uploads\\\/2024\\\/01\\\/Ayuntamiento-de-Carreno.jpg\",\"@id\":\"https:\\\/\\\/candas365.es\\\/noticias\\\/primer-pleno-del-ano-2024-en-el-ayuntamiento-de-carreno\\\/#mainImage\",\"width\":884,\"height\":641,\"caption\":\"Foto: Cand\\u00e1s 365\"},\"primaryImageOfPage\":{\"@id\":\"https:\\\/\\\/candas365.es\\\/noticias\\\/primer-pleno-del-ano-2024-en-el-ayuntamiento-de-carreno\\\/#mainImage\"},\"datePublished\":\"2024-01-24T10:38:54+01:00\",\"dateModified\":\"2024-01-24T10:38:54+01:00\"},{\"@type\":\"WebSite\",\"@id\":\"https:\\\/\\\/candas365.es\\\/noticias\\\/#website\",\"url\":\"https:\\\/\\\/candas365.es\\\/noticias\\\/\",\"name\":\"Cand\\u00e1s 365\",\"alternateName\":\"Cand\\u00e1s 365 Noticias\",\"description\":\"Actualidad desde Carre\\u00f1o para el mundo\",\"inLanguage\":\"es-ES\",\"publisher\":{\"@id\":\"https:\\\/\\\/candas365.es\\\/noticias\\\/#organization\"}}]}\n\t\t<\/script>\n\t\t<!-- All in One SEO Pro -->\r\n\t\t<title>Primer pleno del a\u00f1o 2024 en el Ayuntamiento de Carre\u00f1o | Cand\u00e1s 365<\/title>\n\n","aioseo_head_json":{"title":"Primer pleno del a\u00f1o 2024 en el Ayuntamiento de Carre\u00f1o | Cand\u00e1s 365","description":"Cand\u00e1s acoger\u00e1 el pr\u00f3ximo jueves, 25 de enero de 2024, a las 18:30 horas, el primer pleno ordinario del a\u00f1o 2024 en el Ayuntamiento de Carre\u00f1o. Uno de los temas","canonical_url":"https:\/\/candas365.es\/noticias\/primer-pleno-del-ano-2024-en-el-ayuntamiento-de-carreno\/","robots":"max-image-preview:large","keywords":"noticias carre\u00f1o","webmasterTools":{"google-site-verification":"UA-32230408-1","msvalidate.01":"354F3CDFB2DA171B47FBE9ABF1F88D5","miscellaneous":""},"schema":{"@context":"https:\/\/schema.org","@graph":[{"@type":"BreadcrumbList","@id":"https:\/\/candas365.es\/noticias\/primer-pleno-del-ano-2024-en-el-ayuntamiento-de-carreno\/#breadcrumblist","itemListElement":[{"@type":"ListItem","@id":"https:\/\/candas365.es\/noticias#listItem","position":1,"name":"Home","item":"https:\/\/candas365.es\/noticias","nextItem":{"@type":"ListItem","@id":"https:\/\/candas365.es\/noticias\/category\/noticias-carreno\/#listItem","name":"Noticias Carre\u00f1o"}},{"@type":"ListItem","@id":"https:\/\/candas365.es\/noticias\/category\/noticias-carreno\/#listItem","position":2,"name":"Noticias Carre\u00f1o","item":"https:\/\/candas365.es\/noticias\/category\/noticias-carreno\/","nextItem":{"@type":"ListItem","@id":"https:\/\/candas365.es\/noticias\/primer-pleno-del-ano-2024-en-el-ayuntamiento-de-carreno\/#listItem","name":"Primer pleno del a\u00f1o 2024 en el Ayuntamiento de Carre\u00f1o"},"previousItem":{"@type":"ListItem","@id":"https:\/\/candas365.es\/noticias#listItem","name":"Home"}},{"@type":"ListItem","@id":"https:\/\/candas365.es\/noticias\/primer-pleno-del-ano-2024-en-el-ayuntamiento-de-carreno\/#listItem","position":3,"name":"Primer pleno del a\u00f1o 2024 en el Ayuntamiento de Carre\u00f1o","previousItem":{"@type":"ListItem","@id":"https:\/\/candas365.es\/noticias\/category\/noticias-carreno\/#listItem","name":"Noticias Carre\u00f1o"}}]},{"@type":"NewsArticle","@id":"https:\/\/candas365.es\/noticias\/primer-pleno-del-ano-2024-en-el-ayuntamiento-de-carreno\/#newsarticle","name":"Primer pleno del a\u00f1o 2024 en el Ayuntamiento de Carre\u00f1o | Cand\u00e1s 365","headline":"Primer pleno del a\u00f1o 2024 en el Ayuntamiento de Carre\u00f1o","author":{"@id":"https:\/\/candas365.es\/noticias\/author\/admin\/#author"},"publisher":{"@id":"https:\/\/candas365.es\/noticias\/#organization"},"image":{"@type":"ImageObject","url":"https:\/\/candas365.es\/noticias\/wp-content\/uploads\/2024\/01\/Ayuntamiento-de-Carreno.jpg","width":884,"height":641,"caption":"Foto: Cand\u00e1s 365"},"datePublished":"2024-01-24T10:38:54+01:00","dateModified":"2024-01-24T10:38:54+01:00","inLanguage":"es-ES","mainEntityOfPage":{"@id":"https:\/\/candas365.es\/noticias\/primer-pleno-del-ano-2024-en-el-ayuntamiento-de-carreno\/#webpage"},"isPartOf":{"@id":"https:\/\/candas365.es\/noticias\/primer-pleno-del-ano-2024-en-el-ayuntamiento-de-carreno\/#webpage"},"articleSection":"Noticias Carre\u00f1o, Carre\u00f1o, pol\u00edtica","dateline":"Publicado el enero 24, 2024."},{"@type":"Organization","@id":"https:\/\/candas365.es\/noticias\/#organization","name":"Cand\u00e1s 365","description":"Cand\u00e1s 365 es un diario digital independiente, fundado en 2012, con base en Asturias. Informamos con rigor sobre actualidad, sociedad, cultura y ocio, con una mirada local y global.","url":"https:\/\/candas365.es\/noticias\/","email":"info@candas365.es","telephone":"+34652131393","foundingDate":"2012-06-10","logo":{"@type":"ImageObject","url":"https:\/\/candas365.es\/noticias\/wp-content\/uploads\/2024\/09\/Candas-365-Redes.jpg","@id":"https:\/\/candas365.es\/noticias\/primer-pleno-del-ano-2024-en-el-ayuntamiento-de-carreno\/#organizationLogo","width":1152,"height":864,"caption":"Cand\u00e1s 365 Redes"},"image":{"@id":"https:\/\/candas365.es\/noticias\/primer-pleno-del-ano-2024-en-el-ayuntamiento-de-carreno\/#organizationLogo"},"sameAs":["https:\/\/www.facebook.com\/Nachofdezber","https:\/\/x.com\/NabercoDigital","https:\/\/www.instagram.com\/nachofdezber\/","https:\/\/www.youtube.com\/channel\/UCZP-2wLEB9Rv6erhFmqVnvg"],"address":{"@id":"https:\/\/candas365.es\/noticias\/#postaladdress","@type":"PostalAddress","streetAddress":"san antonio 4, san antonio 4","postalCode":"33430","addressLocality":"Cand\u00e1s","addressRegion":"Asturias","addressCountry":"ES"}},{"@type":"Person","@id":"https:\/\/candas365.es\/noticias\/author\/admin\/#author","url":"https:\/\/candas365.es\/noticias\/author\/admin\/","name":"Cand\u00e1s 365","image":{"@type":"ImageObject","@id":"https:\/\/candas365.es\/noticias\/primer-pleno-del-ano-2024-en-el-ayuntamiento-de-carreno\/#authorImage","url":"https:\/\/secure.gravatar.com\/avatar\/496a8e03d0c493ede1718b7934145dbdf8d89be1036b0eec9544e1094c9de390?s=96&d=mm&r=g","width":96,"height":96,"caption":"Cand\u00e1s 365"},"sameAs":["https:\/\/www.facebook.com\/carrenoactualidad","https:\/\/twitter.com\/nbasturias","https:\/\/www.instagram.com\/nachofdezber\/","https:\/\/www.youtube.com\/channel\/UCZP-2wLEB9Rv6erhFmqVnvg"]},{"@type":"WebPage","@id":"https:\/\/candas365.es\/noticias\/primer-pleno-del-ano-2024-en-el-ayuntamiento-de-carreno\/#webpage","url":"https:\/\/candas365.es\/noticias\/primer-pleno-del-ano-2024-en-el-ayuntamiento-de-carreno\/","name":"Primer pleno del a\u00f1o 2024 en el Ayuntamiento de Carre\u00f1o | Cand\u00e1s 365","description":"Cand\u00e1s acoger\u00e1 el pr\u00f3ximo jueves, 25 de enero de 2024, a las 18:30 horas, el primer pleno ordinario del a\u00f1o 2024 en el Ayuntamiento de Carre\u00f1o. Uno de los temas","inLanguage":"es-ES","isPartOf":{"@id":"https:\/\/candas365.es\/noticias\/#website"},"breadcrumb":{"@id":"https:\/\/candas365.es\/noticias\/primer-pleno-del-ano-2024-en-el-ayuntamiento-de-carreno\/#breadcrumblist"},"author":{"@id":"https:\/\/candas365.es\/noticias\/author\/admin\/#author"},"creator":{"@id":"https:\/\/candas365.es\/noticias\/author\/admin\/#author"},"image":{"@type":"ImageObject","url":"https:\/\/candas365.es\/noticias\/wp-content\/uploads\/2024\/01\/Ayuntamiento-de-Carreno.jpg","@id":"https:\/\/candas365.es\/noticias\/primer-pleno-del-ano-2024-en-el-ayuntamiento-de-carreno\/#mainImage","width":884,"height":641,"caption":"Foto: Cand\u00e1s 365"},"primaryImageOfPage":{"@id":"https:\/\/candas365.es\/noticias\/primer-pleno-del-ano-2024-en-el-ayuntamiento-de-carreno\/#mainImage"},"datePublished":"2024-01-24T10:38:54+01:00","dateModified":"2024-01-24T10:38:54+01:00"},{"@type":"WebSite","@id":"https:\/\/candas365.es\/noticias\/#website","url":"https:\/\/candas365.es\/noticias\/","name":"Cand\u00e1s 365","alternateName":"Cand\u00e1s 365 Noticias","description":"Actualidad desde Carre\u00f1o para el mundo","inLanguage":"es-ES","publisher":{"@id":"https:\/\/candas365.es\/noticias\/#organization"}}]},"og:locale":"es_ES","og:site_name":"Cand\u00e1s 365","og:type":"article","og:title":"Primer pleno del a\u00f1o 2024 en el Ayuntamiento de Carre\u00f1o | Cand\u00e1s 365","og:description":"Cand\u00e1s acoger\u00e1 el pr\u00f3ximo jueves, 25 de enero de 2024, a las 18:30 horas, el primer pleno ordinario del a\u00f1o 2024 en el Ayuntamiento de Carre\u00f1o. Uno de los temas","og:url":"https:\/\/candas365.es\/noticias\/primer-pleno-del-ano-2024-en-el-ayuntamiento-de-carreno\/","og:image":"https:\/\/candas365.es\/noticias\/wp-content\/uploads\/2024\/01\/Ayuntamiento-de-Carreno.jpg","og:image:secure_url":"https:\/\/candas365.es\/noticias\/wp-content\/uploads\/2024\/01\/Ayuntamiento-de-Carreno.jpg","og:image:width":884,"og:image:height":641,"article:published_time":"2024-01-24T09:38:54+00:00","article:modified_time":"2024-01-24T09:38:54+00:00","article:publisher":"https:\/\/www.facebook.com\/Nachofdezber","article:author":"https:\/\/www.facebook.com\/carrenoactualidad","twitter:card":"summary_large_image","twitter:site":"@NabercoDigital","twitter:title":"Primer pleno del a\u00f1o 2024 en el Ayuntamiento de Carre\u00f1o | Cand\u00e1s 365","twitter:description":"Cand\u00e1s acoger\u00e1 el pr\u00f3ximo jueves, 25 de enero de 2024, a las 18:30 horas, el primer pleno ordinario del a\u00f1o 2024 en el Ayuntamiento de Carre\u00f1o. Uno de los temas","twitter:creator":"@nbasturias","twitter:image":"https:\/\/candas365.es\/noticias\/wp-content\/uploads\/2024\/01\/Ayuntamiento-de-Carreno.jpg","twitter:label1":"Escrito por","twitter:data1":"Cand\u00e1s 365","twitter:label2":"Tiempo de lectura estimado","twitter:data2":"1 minuto"},"aioseo_meta_data":{"post_id":"177862","title":null,"description":"Cand\u00e1s acoger\u00e1 el pr\u00f3ximo jueves, 25 de enero de 2024, a las 18:30 horas, el primer pleno ordinario del a\u00f1o 2024 en el Ayuntamiento de Carre\u00f1o. Uno de los temas","keywords":[],"keyphrases":{"focus":{"keyphrase":"Carre\u00f1o","score":85,"analysis":{"keyphraseInTitle":{"score":9,"maxScore":9,"error":0},"keyphraseInDescription":{"score":9,"maxScore":9,"error":0},"keyphraseLength":{"score":9,"maxScore":9,"error":0,"length":2},"keyphraseInURL":{"score":1,"maxScore":5,"error":1},"keyphraseInIntroduction":{"score":9,"maxScore":9,"error":0},"keyphraseInSubHeadings":{"score":3,"maxScore":9,"error":1},"keyphraseInImageAlt":{"score":9,"maxScore":9,"error":0},"keywordDensity":{"type":"best","score":9,"maxScore":9,"error":0}}},"additional":[{"keyphrase":"Ayuntamiento de Carre\u00f1o","score":100,"analysis":{"keyphraseInDescription":{"score":9,"maxScore":9,"error":0},"keyphraseLength":{"score":9,"maxScore":9,"error":0,"length":4},"keyphraseInIntroduction":{"score":9,"maxScore":9,"error":0},"keyphraseInImageAlt":{"score":9,"maxScore":9,"error":0},"keywordDensity":{"type":"best","score":9,"maxScore":9,"error":0}}}]},"primary_term":null,"canonical_url":null,"og_title":null,"og_description":null,"og_object_type":"default","og_image_type":"default","og_image_url":null,"og_image_width":null,"og_image_height":null,"og_image_custom_url":null,"og_image_custom_fields":null,"og_video":"","og_custom_url":null,"og_article_section":null,"og_article_tags":[],"twitter_use_og":false,"twitter_card":"default","twitter_image_type":"default","twitter_image_url":null,"twitter_image_custom_url":null,"twitter_image_custom_fields":null,"twitter_title":null,"twitter_description":null,"schema":{"blockGraphs":[],"customGraphs":[],"default":{"data":{"Article":[],"Course":[],"Dataset":[],"FAQPage":[],"Movie":[],"Person":[],"Product":[],"ProductReview":[],"Car":[],"Recipe":[],"Service":[],"SoftwareApplication":[],"WebPage":[]},"graphName":"Article","isEnabled":true},"graphs":[]},"schema_type":"default","schema_type_options":null,"pillar_content":false,"robots_default":true,"robots_noindex":false,"robots_noarchive":false,"robots_nosnippet":false,"robots_nofollow":false,"robots_noimageindex":false,"robots_noodp":false,"robots_notranslate":false,"robots_max_snippet":"-1","robots_max_videopreview":"-1","robots_max_imagepreview":"large","priority":null,"frequency":"default","location":null,"local_seo":null,"seo_analyzer_scan_date":"2025-09-02 03:14:16","breadcrumb_settings":null,"limit_modified_date":false,"reviewed_by":null,"open_ai":"{\"title\":{\"suggestions\":[],\"usage\":0},\"description\":{\"suggestions\":[],\"usage\":0}}","ai":null,"created":"2024-01-24 09:10:21","updated":"2025-09-02 03:14:16"},"aioseo_breadcrumb":"<div class=\"aioseo-breadcrumbs\"><span class=\"aioseo-breadcrumb\">\n\t<a href=\"https:\/\/candas365.es\/noticias\" title=\"Home\">Home<\/a>\n<\/span><span class=\"aioseo-breadcrumb-separator\">&ndash;<\/span><span class=\"aioseo-breadcrumb\">\n\t<a href=\"https:\/\/candas365.es\/noticias\/category\/noticias-carreno\/\" title=\"Noticias Carre\u00f1o\">Noticias Carre\u00f1o<\/a>\n<\/span><span class=\"aioseo-breadcrumb-separator\">&ndash;<\/span><span class=\"aioseo-breadcrumb\">\n\tPrimer pleno del a\u00f1o 2024 en el Ayuntamiento de Carre\u00f1o\n<\/span><\/div>","aioseo_breadcrumb_json":[{"label":"Home","link":"https:\/\/candas365.es\/noticias"},{"label":"Noticias Carre\u00f1o","link":"https:\/\/candas365.es\/noticias\/category\/noticias-carreno\/"},{"label":"Primer pleno del a\u00f1o 2024 en el Ayuntamiento de Carre\u00f1o","link":"https:\/\/candas365.es\/noticias\/primer-pleno-del-ano-2024-en-el-ayuntamiento-de-carreno\/"}],"_links":{"self":[{"href":"https:\/\/candas365.es\/noticias\/wp-json\/wp\/v2\/posts\/177862","targetHints":{"allow":["GET"]}}],"collection":[{"href":"https:\/\/candas365.es\/noticias\/wp-json\/wp\/v2\/posts"}],"about":[{"href":"https:\/\/candas365.es\/noticias\/wp-json\/wp\/v2\/types\/post"}],"author":[{"embeddable":true,"href":"https:\/\/candas365.es\/noticias\/wp-json\/wp\/v2\/users\/1"}],"replies":[{"embeddable":true,"href":"https:\/\/candas365.es\/noticias\/wp-json\/wp\/v2\/comments?post=177862"}],"version-history":[{"count":0,"href":"https:\/\/candas365.es\/noticias\/wp-json\/wp\/v2\/posts\/177862\/revisions"}],"wp:featuredmedia":[{"embeddable":true,"href":"https:\/\/candas365.es\/noticias\/wp-json\/wp\/v2\/media\/177863"}],"wp:attachment":[{"href":"https:\/\/candas365.es\/noticias\/wp-json\/wp\/v2\/media?parent=177862"}],"wp:term":[{"taxonomy":"category","embeddable":true,"href":"https:\/\/candas365.es\/noticias\/wp-json\/wp\/v2\/categories?post=177862"},{"taxonomy":"post_tag","embeddable":true,"href":"https:\/\/candas365.es\/noticias\/wp-json\/wp\/v2\/tags?post=177862"}],"curies":[{"name":"wp","href":"https:\/\/api.w.org\/{rel}","templated":true}]}}