{"id":177597,"date":"2023-12-31T05:35:28","date_gmt":"2023-12-31T04:35:28","guid":{"rendered":"https:\/\/candas365.es\/noticias\/?p=177597"},"modified":"2023-12-31T05:35:28","modified_gmt":"2023-12-31T04:35:28","slug":"general-aleman-reconoce-que-no-se-percibio-la-capacidad-de-resistencia-rusa","status":"publish","type":"post","link":"https:\/\/candas365.es\/noticias\/general-aleman-reconoce-que-no-se-percibio-la-capacidad-de-resistencia-rusa\/","title":{"rendered":"General alem\u00e1n reconoce que no se \u00abpercibi\u00f3\u00bb la capacidad de resistencia rusa"},"content":{"rendered":"<p>Berl\u00edn, 29 dic (<a title=\"dpa\" href=\"https:\/\/www.dpa-news.de\/\" target=\"_blank\" rel=\"noopener\"><span style=\"color: #ff6600;\"><strong>dpa<\/strong><\/span><\/a>) &#8211; El mayor general Christian Freuding, jefe del Centro de Situaci\u00f3n de Ucrania en el Ministerio alem\u00e1n de Defensa, indic\u00f3 hoy que inicialmente no se percibi\u00f3 la capacidad de resistencia rusa.<\/p>\n<p><img fetchpriority=\"high\" decoding=\"async\" class=\"aligncenter size-full wp-image-176718\" src=\"https:\/\/candas365.es\/noticias\/wp-content\/uploads\/2023\/12\/noticias.jpg\" alt=\"noticias\" width=\"640\" height=\"480\" srcset=\"https:\/\/candas365.es\/noticias\/wp-content\/uploads\/2023\/12\/noticias.jpg 640w, https:\/\/candas365.es\/noticias\/wp-content\/uploads\/2023\/12\/noticias-360x270.jpg 360w, https:\/\/candas365.es\/noticias\/wp-content\/uploads\/2023\/12\/noticias-150x113.jpg 150w, https:\/\/candas365.es\/noticias\/wp-content\/uploads\/2023\/12\/noticias-450x338.jpg 450w\" sizes=\"(max-width: 640px) 100vw, 640px\" \/><\/p>\n<p>\u00abTampoco vimos que (los rusos) fueran a lograr lo que ahora observamos claramente: est\u00e1n incrementando su complejo militar-industrial, ampli\u00e1ndolo, aumentando sus capacidades de producci\u00f3n, a pesar del draconiano r\u00e9gimen de sanciones\u00bb, se\u00f1al\u00f3 Freuding en declaraciones publicadas hoy por el diario \u00abS\u00fcddeutschen Zeitung\u00bb.<\/p>\n<p>El mayor general, cuyo rango equivale al de general de divisi\u00f3n, a\u00f1adi\u00f3 que tal vez no se vio o no se quiso ver que Rusia estaba en condiciones de seguir siendo abastecida por sus aliados. \u00abYa sea Corea del Norte, ya sea China, incluso Estados del sur global. Incluso si estos Estados solo le suministran iluminaci\u00f3n para frigor\u00edficos, luego esta puede ser utilizada con fines militares\u00bb, apunt\u00f3.<\/p>\n<p>Seg\u00fan Freuding, la expectativa de que los ucranianos lograr\u00edan r\u00e1pidamente los mayores \u00e9xitos militares posibles en su contraofensiva era \u00abciertamente exagerada en retrospectiva\u00bb.<\/p>\n<blockquote><p>Al mismo tiempo, el general subray\u00f3 que, desde su perspectiva militar, las fuerzas armadas ucranianas han tenido \u00e9xito.<\/p><\/blockquote>\n<p>\u00abEl 80 por ciento de Ucrania sigue siendo libre, y eso despu\u00e9s de dos a\u00f1os contra una supuesta superpotencia militar. Ha recuperado el 50 por ciento de los territorios que perdi\u00f3. <strong>La flota rusa del mar Negro fue expulsada de facto del mar Negro occidental<\/strong>. Ucrania golpea con fuerza cada vez m\u00e1s tras las l\u00edneas rusas, incluso con sistemas de armamento de fabricaci\u00f3n propia\u00bb, asegur\u00f3.<\/p>\n<p>Freuding subray\u00f3 que las p\u00e9rdidas rusas en t\u00e9rminos de hombres y material son enormes. \u00abSuponemos que han sufrido p\u00e9rdidas de carros de combate y veh\u00edculos de combate de infanter\u00eda del orden de cuatro d\u00edgitos\u00bb.<\/p>\n<p>Con respecto a la Bundeswehr (Fuerzas Armadas alemanas), Freuding, que tambi\u00e9n dirige el equipo de planificaci\u00f3n del Ministerio de Defensa, dijo que una lecci\u00f3n importante de la guerra en <span style=\"color: #ff6600;\"><a style=\"color: #ff6600;\" href=\"https:\/\/candas365.es\/noticias\/tag\/conflictos\/\"><strong>Ucrania<\/strong><\/a><\/span> es el significado completamente nuevo de la guerra con aviones no tripulados.<\/p>\n<p>\u00abHemos creado un grupo de trabajo sobre aviones no tripulados. Deber\u00eda permitirnos introducir r\u00e1pidamente diferentes tipos de drones y sistemas de defensa contra drones en las tropas, de modo que tambi\u00e9n podamos empezar a entrenar y experimentar\u00bb, apunt\u00f3.<\/p>\n","protected":false},"excerpt":{"rendered":"<p>Berl\u00edn, 29 dic (dpa) &#8211; El mayor general Christian Freuding, jefe del Centro de Situaci\u00f3n de Ucrania en el Ministerio alem\u00e1n de Defensa, indic\u00f3 hoy que inicialmente no se percibi\u00f3 la capacidad de resistencia rusa. \u00abTampoco vimos que (los rusos) fueran a lograr lo que ahora observamos claramente: est\u00e1n incrementando su complejo militar-industrial, ampli\u00e1ndolo, aumentando<\/p>\n","protected":false},"author":1,"featured_media":176718,"comment_status":"closed","ping_status":"closed","sticky":false,"template":"","format":"standard","meta":{"footnotes":""},"categories":[485],"tags":[464,418],"class_list":{"0":"post-177597","1":"post","2":"type-post","3":"status-publish","4":"format-standard","5":"has-post-thumbnail","7":"category-internacional","8":"tag-conflictos","9":"tag-internacional"},"aioseo_notices":[],"aioseo_head":"\n\t\t<!-- All in One SEO Pro 4.9.6.2 - aioseo.com -->\n\t<meta name=\"description\" content=\"Berl\u00edn, 29 dic (dpa) - El mayor general Christian Freuding, jefe del Centro de Situaci\u00f3n de Ucrania en el Ministerio alem\u00e1n de Defensa, indic\u00f3 hoy que\" \/>\n\t<meta name=\"robots\" content=\"max-image-preview:large\" \/>\n\t<meta name=\"author\" content=\"Cand\u00e1s 365\"\/>\n\t<meta name=\"google-site-verification\" content=\"UA-32230408-1\" \/>\n\t<meta name=\"msvalidate.01\" content=\"354F3CDFB2DA171B47FBE9ABF1F88D5\" \/>\n\t<meta name=\"keywords\" content=\"internacional\" \/>\n\t<link rel=\"canonical\" href=\"https:\/\/candas365.es\/noticias\/general-aleman-reconoce-que-no-se-percibio-la-capacidad-de-resistencia-rusa\/\" \/>\n\t<meta name=\"generator\" content=\"All in One SEO Pro (AIOSEO) 4.9.6.2\" \/>\n\t\t<meta property=\"og:locale\" content=\"es_ES\" \/>\n\t\t<meta property=\"og:site_name\" content=\"Cand\u00e1s 365\" \/>\n\t\t<meta property=\"og:type\" content=\"article\" \/>\n\t\t<meta property=\"og:title\" content=\"General alem\u00e1n reconoce que no se \u00abpercibi\u00f3\u00bb la capacidad de resistencia rusa | Cand\u00e1s 365\" \/>\n\t\t<meta property=\"og:description\" content=\"Berl\u00edn, 29 dic (dpa) - El mayor general Christian Freuding, jefe del Centro de Situaci\u00f3n de Ucrania en el Ministerio alem\u00e1n de Defensa, indic\u00f3 hoy que\" \/>\n\t\t<meta property=\"og:url\" content=\"https:\/\/candas365.es\/noticias\/general-aleman-reconoce-que-no-se-percibio-la-capacidad-de-resistencia-rusa\/\" \/>\n\t\t<meta property=\"og:image\" content=\"https:\/\/candas365.es\/noticias\/wp-content\/uploads\/2023\/12\/noticias.jpg\" \/>\n\t\t<meta property=\"og:image:secure_url\" content=\"https:\/\/candas365.es\/noticias\/wp-content\/uploads\/2023\/12\/noticias.jpg\" \/>\n\t\t<meta property=\"og:image:width\" content=\"640\" \/>\n\t\t<meta property=\"og:image:height\" content=\"480\" \/>\n\t\t<meta property=\"article:published_time\" content=\"2023-12-31T04:35:28+00:00\" \/>\n\t\t<meta property=\"article:modified_time\" content=\"2023-12-31T04:35:28+00:00\" \/>\n\t\t<meta property=\"article:publisher\" content=\"https:\/\/www.facebook.com\/Nachofdezber\" \/>\n\t\t<meta property=\"article:author\" content=\"https:\/\/www.facebook.com\/carrenoactualidad\" \/>\n\t\t<meta name=\"twitter:card\" content=\"summary_large_image\" \/>\n\t\t<meta name=\"twitter:site\" content=\"@NabercoDigital\" \/>\n\t\t<meta name=\"twitter:title\" content=\"General alem\u00e1n reconoce que no se \u00abpercibi\u00f3\u00bb la capacidad de resistencia rusa | Cand\u00e1s 365\" \/>\n\t\t<meta name=\"twitter:description\" content=\"Berl\u00edn, 29 dic (dpa) - El mayor general Christian Freuding, jefe del Centro de Situaci\u00f3n de Ucrania en el Ministerio alem\u00e1n de Defensa, indic\u00f3 hoy que\" \/>\n\t\t<meta name=\"twitter:creator\" content=\"@nbasturias\" \/>\n\t\t<meta name=\"twitter:image\" content=\"https:\/\/candas365.es\/noticias\/wp-content\/uploads\/2023\/12\/noticias.jpg\" \/>\n\t\t<meta name=\"twitter:label1\" content=\"Escrito por\" \/>\n\t\t<meta name=\"twitter:data1\" content=\"Cand\u00e1s 365\" \/>\n\t\t<meta name=\"twitter:label2\" content=\"Tiempo de lectura estimado\" \/>\n\t\t<meta name=\"twitter:data2\" content=\"2 minutos\" \/>\n\t\t<script type=\"application\/ld+json\" class=\"aioseo-schema\">\n\t\t\t{\"@context\":\"https:\\\/\\\/schema.org\",\"@graph\":[{\"@type\":\"BreadcrumbList\",\"@id\":\"https:\\\/\\\/candas365.es\\\/noticias\\\/general-aleman-reconoce-que-no-se-percibio-la-capacidad-de-resistencia-rusa\\\/#breadcrumblist\",\"itemListElement\":[{\"@type\":\"ListItem\",\"@id\":\"https:\\\/\\\/candas365.es\\\/noticias#listItem\",\"position\":1,\"name\":\"Home\",\"item\":\"https:\\\/\\\/candas365.es\\\/noticias\",\"nextItem\":{\"@type\":\"ListItem\",\"@id\":\"https:\\\/\\\/candas365.es\\\/noticias\\\/category\\\/internacional\\\/#listItem\",\"name\":\"Internacional\"}},{\"@type\":\"ListItem\",\"@id\":\"https:\\\/\\\/candas365.es\\\/noticias\\\/category\\\/internacional\\\/#listItem\",\"position\":2,\"name\":\"Internacional\",\"item\":\"https:\\\/\\\/candas365.es\\\/noticias\\\/category\\\/internacional\\\/\",\"nextItem\":{\"@type\":\"ListItem\",\"@id\":\"https:\\\/\\\/candas365.es\\\/noticias\\\/general-aleman-reconoce-que-no-se-percibio-la-capacidad-de-resistencia-rusa\\\/#listItem\",\"name\":\"General alem\\u00e1n reconoce que no se \\u00abpercibi\\u00f3\\u00bb la capacidad de resistencia rusa\"},\"previousItem\":{\"@type\":\"ListItem\",\"@id\":\"https:\\\/\\\/candas365.es\\\/noticias#listItem\",\"name\":\"Home\"}},{\"@type\":\"ListItem\",\"@id\":\"https:\\\/\\\/candas365.es\\\/noticias\\\/general-aleman-reconoce-que-no-se-percibio-la-capacidad-de-resistencia-rusa\\\/#listItem\",\"position\":3,\"name\":\"General alem\\u00e1n reconoce que no se \\u00abpercibi\\u00f3\\u00bb la capacidad de resistencia rusa\",\"previousItem\":{\"@type\":\"ListItem\",\"@id\":\"https:\\\/\\\/candas365.es\\\/noticias\\\/category\\\/internacional\\\/#listItem\",\"name\":\"Internacional\"}}]},{\"@type\":\"NewsArticle\",\"@id\":\"https:\\\/\\\/candas365.es\\\/noticias\\\/general-aleman-reconoce-que-no-se-percibio-la-capacidad-de-resistencia-rusa\\\/#newsarticle\",\"name\":\"General alem\\u00e1n reconoce que no se \\u00abpercibi\\u00f3\\u00bb la capacidad de resistencia rusa | Cand\\u00e1s 365\",\"headline\":\"General alem\\u00e1n reconoce que no se \\u00abpercibi\\u00f3\\u00bb la capacidad de resistencia rusa\",\"author\":{\"@id\":\"https:\\\/\\\/candas365.es\\\/noticias\\\/author\\\/admin\\\/#author\"},\"publisher\":{\"@id\":\"https:\\\/\\\/candas365.es\\\/noticias\\\/#organization\"},\"image\":{\"@type\":\"ImageObject\",\"url\":\"https:\\\/\\\/candas365.es\\\/noticias\\\/wp-content\\\/uploads\\\/2023\\\/12\\\/noticias.jpg\",\"width\":640,\"height\":480,\"caption\":\"noticias\"},\"datePublished\":\"2023-12-31T05:35:28+01:00\",\"dateModified\":\"2023-12-31T05:35:28+01:00\",\"inLanguage\":\"es-ES\",\"mainEntityOfPage\":{\"@id\":\"https:\\\/\\\/candas365.es\\\/noticias\\\/general-aleman-reconoce-que-no-se-percibio-la-capacidad-de-resistencia-rusa\\\/#webpage\"},\"isPartOf\":{\"@id\":\"https:\\\/\\\/candas365.es\\\/noticias\\\/general-aleman-reconoce-que-no-se-percibio-la-capacidad-de-resistencia-rusa\\\/#webpage\"},\"articleSection\":\"Internacional, conflictos, Internacional\",\"dateline\":\"Publicado el diciembre 31, 2023.\"},{\"@type\":\"Organization\",\"@id\":\"https:\\\/\\\/candas365.es\\\/noticias\\\/#organization\",\"name\":\"Cand\\u00e1s 365\",\"description\":\"Cand\\u00e1s 365 es un diario digital independiente, fundado en 2012, con base en Asturias. Informamos con rigor sobre actualidad, sociedad, cultura y ocio, con una mirada local y global.\",\"url\":\"https:\\\/\\\/candas365.es\\\/noticias\\\/\",\"email\":\"info@candas365.es\",\"telephone\":\"+34652131393\",\"foundingDate\":\"2012-06-10\",\"logo\":{\"@type\":\"ImageObject\",\"url\":\"https:\\\/\\\/candas365.es\\\/noticias\\\/wp-content\\\/uploads\\\/2024\\\/09\\\/Candas-365-Redes.jpg\",\"@id\":\"https:\\\/\\\/candas365.es\\\/noticias\\\/general-aleman-reconoce-que-no-se-percibio-la-capacidad-de-resistencia-rusa\\\/#organizationLogo\",\"width\":1152,\"height\":864,\"caption\":\"Cand\\u00e1s 365 Redes\"},\"image\":{\"@id\":\"https:\\\/\\\/candas365.es\\\/noticias\\\/general-aleman-reconoce-que-no-se-percibio-la-capacidad-de-resistencia-rusa\\\/#organizationLogo\"},\"sameAs\":[\"https:\\\/\\\/www.facebook.com\\\/Nachofdezber\",\"https:\\\/\\\/x.com\\\/NabercoDigital\",\"https:\\\/\\\/www.instagram.com\\\/nachofdezber\\\/\",\"https:\\\/\\\/www.youtube.com\\\/channel\\\/UCZP-2wLEB9Rv6erhFmqVnvg\"],\"address\":{\"@id\":\"https:\\\/\\\/candas365.es\\\/noticias\\\/#postaladdress\",\"@type\":\"PostalAddress\",\"streetAddress\":\"san antonio 4, san antonio 4\",\"postalCode\":\"33430\",\"addressLocality\":\"Cand\\u00e1s\",\"addressRegion\":\"Asturias\",\"addressCountry\":\"ES\"}},{\"@type\":\"Person\",\"@id\":\"https:\\\/\\\/candas365.es\\\/noticias\\\/author\\\/admin\\\/#author\",\"url\":\"https:\\\/\\\/candas365.es\\\/noticias\\\/author\\\/admin\\\/\",\"name\":\"Cand\\u00e1s 365\",\"image\":{\"@type\":\"ImageObject\",\"@id\":\"https:\\\/\\\/candas365.es\\\/noticias\\\/general-aleman-reconoce-que-no-se-percibio-la-capacidad-de-resistencia-rusa\\\/#authorImage\",\"url\":\"https:\\\/\\\/secure.gravatar.com\\\/avatar\\\/496a8e03d0c493ede1718b7934145dbdf8d89be1036b0eec9544e1094c9de390?s=96&d=mm&r=g\",\"width\":96,\"height\":96,\"caption\":\"Cand\\u00e1s 365\"},\"sameAs\":[\"https:\\\/\\\/www.facebook.com\\\/carrenoactualidad\",\"https:\\\/\\\/twitter.com\\\/nbasturias\",\"https:\\\/\\\/www.instagram.com\\\/nachofdezber\\\/\",\"https:\\\/\\\/www.youtube.com\\\/channel\\\/UCZP-2wLEB9Rv6erhFmqVnvg\"]},{\"@type\":\"WebPage\",\"@id\":\"https:\\\/\\\/candas365.es\\\/noticias\\\/general-aleman-reconoce-que-no-se-percibio-la-capacidad-de-resistencia-rusa\\\/#webpage\",\"url\":\"https:\\\/\\\/candas365.es\\\/noticias\\\/general-aleman-reconoce-que-no-se-percibio-la-capacidad-de-resistencia-rusa\\\/\",\"name\":\"General alem\\u00e1n reconoce que no se \\u00abpercibi\\u00f3\\u00bb la capacidad de resistencia rusa | Cand\\u00e1s 365\",\"description\":\"Berl\\u00edn, 29 dic (dpa) - El mayor general Christian Freuding, jefe del Centro de Situaci\\u00f3n de Ucrania en el Ministerio alem\\u00e1n de Defensa, indic\\u00f3 hoy que\",\"inLanguage\":\"es-ES\",\"isPartOf\":{\"@id\":\"https:\\\/\\\/candas365.es\\\/noticias\\\/#website\"},\"breadcrumb\":{\"@id\":\"https:\\\/\\\/candas365.es\\\/noticias\\\/general-aleman-reconoce-que-no-se-percibio-la-capacidad-de-resistencia-rusa\\\/#breadcrumblist\"},\"author\":{\"@id\":\"https:\\\/\\\/candas365.es\\\/noticias\\\/author\\\/admin\\\/#author\"},\"creator\":{\"@id\":\"https:\\\/\\\/candas365.es\\\/noticias\\\/author\\\/admin\\\/#author\"},\"image\":{\"@type\":\"ImageObject\",\"url\":\"https:\\\/\\\/candas365.es\\\/noticias\\\/wp-content\\\/uploads\\\/2023\\\/12\\\/noticias.jpg\",\"@id\":\"https:\\\/\\\/candas365.es\\\/noticias\\\/general-aleman-reconoce-que-no-se-percibio-la-capacidad-de-resistencia-rusa\\\/#mainImage\",\"width\":640,\"height\":480,\"caption\":\"noticias\"},\"primaryImageOfPage\":{\"@id\":\"https:\\\/\\\/candas365.es\\\/noticias\\\/general-aleman-reconoce-que-no-se-percibio-la-capacidad-de-resistencia-rusa\\\/#mainImage\"},\"datePublished\":\"2023-12-31T05:35:28+01:00\",\"dateModified\":\"2023-12-31T05:35:28+01:00\"},{\"@type\":\"WebSite\",\"@id\":\"https:\\\/\\\/candas365.es\\\/noticias\\\/#website\",\"url\":\"https:\\\/\\\/candas365.es\\\/noticias\\\/\",\"name\":\"Cand\\u00e1s 365\",\"alternateName\":\"Cand\\u00e1s 365 Noticias\",\"description\":\"Actualidad desde Carre\\u00f1o para el mundo\",\"inLanguage\":\"es-ES\",\"publisher\":{\"@id\":\"https:\\\/\\\/candas365.es\\\/noticias\\\/#organization\"}}]}\n\t\t<\/script>\n\t\t<!-- All in One SEO Pro -->\r\n\t\t<title>General alem\u00e1n reconoce que no se \u00abpercibi\u00f3\u00bb la capacidad de resistencia rusa | Cand\u00e1s 365<\/title>\n\n","aioseo_head_json":{"title":"General alem\u00e1n reconoce que no se \u00abpercibi\u00f3\u00bb la capacidad de resistencia rusa | Cand\u00e1s 365","description":"Berl\u00edn, 29 dic (dpa) - El mayor general Christian Freuding, jefe del Centro de Situaci\u00f3n de Ucrania en el Ministerio alem\u00e1n de Defensa, indic\u00f3 hoy que","canonical_url":"https:\/\/candas365.es\/noticias\/general-aleman-reconoce-que-no-se-percibio-la-capacidad-de-resistencia-rusa\/","robots":"max-image-preview:large","keywords":"internacional","webmasterTools":{"google-site-verification":"UA-32230408-1","msvalidate.01":"354F3CDFB2DA171B47FBE9ABF1F88D5","miscellaneous":""},"schema":{"@context":"https:\/\/schema.org","@graph":[{"@type":"BreadcrumbList","@id":"https:\/\/candas365.es\/noticias\/general-aleman-reconoce-que-no-se-percibio-la-capacidad-de-resistencia-rusa\/#breadcrumblist","itemListElement":[{"@type":"ListItem","@id":"https:\/\/candas365.es\/noticias#listItem","position":1,"name":"Home","item":"https:\/\/candas365.es\/noticias","nextItem":{"@type":"ListItem","@id":"https:\/\/candas365.es\/noticias\/category\/internacional\/#listItem","name":"Internacional"}},{"@type":"ListItem","@id":"https:\/\/candas365.es\/noticias\/category\/internacional\/#listItem","position":2,"name":"Internacional","item":"https:\/\/candas365.es\/noticias\/category\/internacional\/","nextItem":{"@type":"ListItem","@id":"https:\/\/candas365.es\/noticias\/general-aleman-reconoce-que-no-se-percibio-la-capacidad-de-resistencia-rusa\/#listItem","name":"General alem\u00e1n reconoce que no se \u00abpercibi\u00f3\u00bb la capacidad de resistencia rusa"},"previousItem":{"@type":"ListItem","@id":"https:\/\/candas365.es\/noticias#listItem","name":"Home"}},{"@type":"ListItem","@id":"https:\/\/candas365.es\/noticias\/general-aleman-reconoce-que-no-se-percibio-la-capacidad-de-resistencia-rusa\/#listItem","position":3,"name":"General alem\u00e1n reconoce que no se \u00abpercibi\u00f3\u00bb la capacidad de resistencia rusa","previousItem":{"@type":"ListItem","@id":"https:\/\/candas365.es\/noticias\/category\/internacional\/#listItem","name":"Internacional"}}]},{"@type":"NewsArticle","@id":"https:\/\/candas365.es\/noticias\/general-aleman-reconoce-que-no-se-percibio-la-capacidad-de-resistencia-rusa\/#newsarticle","name":"General alem\u00e1n reconoce que no se \u00abpercibi\u00f3\u00bb la capacidad de resistencia rusa | Cand\u00e1s 365","headline":"General alem\u00e1n reconoce que no se \u00abpercibi\u00f3\u00bb la capacidad de resistencia rusa","author":{"@id":"https:\/\/candas365.es\/noticias\/author\/admin\/#author"},"publisher":{"@id":"https:\/\/candas365.es\/noticias\/#organization"},"image":{"@type":"ImageObject","url":"https:\/\/candas365.es\/noticias\/wp-content\/uploads\/2023\/12\/noticias.jpg","width":640,"height":480,"caption":"noticias"},"datePublished":"2023-12-31T05:35:28+01:00","dateModified":"2023-12-31T05:35:28+01:00","inLanguage":"es-ES","mainEntityOfPage":{"@id":"https:\/\/candas365.es\/noticias\/general-aleman-reconoce-que-no-se-percibio-la-capacidad-de-resistencia-rusa\/#webpage"},"isPartOf":{"@id":"https:\/\/candas365.es\/noticias\/general-aleman-reconoce-que-no-se-percibio-la-capacidad-de-resistencia-rusa\/#webpage"},"articleSection":"Internacional, conflictos, Internacional","dateline":"Publicado el diciembre 31, 2023."},{"@type":"Organization","@id":"https:\/\/candas365.es\/noticias\/#organization","name":"Cand\u00e1s 365","description":"Cand\u00e1s 365 es un diario digital independiente, fundado en 2012, con base en Asturias. Informamos con rigor sobre actualidad, sociedad, cultura y ocio, con una mirada local y global.","url":"https:\/\/candas365.es\/noticias\/","email":"info@candas365.es","telephone":"+34652131393","foundingDate":"2012-06-10","logo":{"@type":"ImageObject","url":"https:\/\/candas365.es\/noticias\/wp-content\/uploads\/2024\/09\/Candas-365-Redes.jpg","@id":"https:\/\/candas365.es\/noticias\/general-aleman-reconoce-que-no-se-percibio-la-capacidad-de-resistencia-rusa\/#organizationLogo","width":1152,"height":864,"caption":"Cand\u00e1s 365 Redes"},"image":{"@id":"https:\/\/candas365.es\/noticias\/general-aleman-reconoce-que-no-se-percibio-la-capacidad-de-resistencia-rusa\/#organizationLogo"},"sameAs":["https:\/\/www.facebook.com\/Nachofdezber","https:\/\/x.com\/NabercoDigital","https:\/\/www.instagram.com\/nachofdezber\/","https:\/\/www.youtube.com\/channel\/UCZP-2wLEB9Rv6erhFmqVnvg"],"address":{"@id":"https:\/\/candas365.es\/noticias\/#postaladdress","@type":"PostalAddress","streetAddress":"san antonio 4, san antonio 4","postalCode":"33430","addressLocality":"Cand\u00e1s","addressRegion":"Asturias","addressCountry":"ES"}},{"@type":"Person","@id":"https:\/\/candas365.es\/noticias\/author\/admin\/#author","url":"https:\/\/candas365.es\/noticias\/author\/admin\/","name":"Cand\u00e1s 365","image":{"@type":"ImageObject","@id":"https:\/\/candas365.es\/noticias\/general-aleman-reconoce-que-no-se-percibio-la-capacidad-de-resistencia-rusa\/#authorImage","url":"https:\/\/secure.gravatar.com\/avatar\/496a8e03d0c493ede1718b7934145dbdf8d89be1036b0eec9544e1094c9de390?s=96&d=mm&r=g","width":96,"height":96,"caption":"Cand\u00e1s 365"},"sameAs":["https:\/\/www.facebook.com\/carrenoactualidad","https:\/\/twitter.com\/nbasturias","https:\/\/www.instagram.com\/nachofdezber\/","https:\/\/www.youtube.com\/channel\/UCZP-2wLEB9Rv6erhFmqVnvg"]},{"@type":"WebPage","@id":"https:\/\/candas365.es\/noticias\/general-aleman-reconoce-que-no-se-percibio-la-capacidad-de-resistencia-rusa\/#webpage","url":"https:\/\/candas365.es\/noticias\/general-aleman-reconoce-que-no-se-percibio-la-capacidad-de-resistencia-rusa\/","name":"General alem\u00e1n reconoce que no se \u00abpercibi\u00f3\u00bb la capacidad de resistencia rusa | Cand\u00e1s 365","description":"Berl\u00edn, 29 dic (dpa) - El mayor general Christian Freuding, jefe del Centro de Situaci\u00f3n de Ucrania en el Ministerio alem\u00e1n de Defensa, indic\u00f3 hoy que","inLanguage":"es-ES","isPartOf":{"@id":"https:\/\/candas365.es\/noticias\/#website"},"breadcrumb":{"@id":"https:\/\/candas365.es\/noticias\/general-aleman-reconoce-que-no-se-percibio-la-capacidad-de-resistencia-rusa\/#breadcrumblist"},"author":{"@id":"https:\/\/candas365.es\/noticias\/author\/admin\/#author"},"creator":{"@id":"https:\/\/candas365.es\/noticias\/author\/admin\/#author"},"image":{"@type":"ImageObject","url":"https:\/\/candas365.es\/noticias\/wp-content\/uploads\/2023\/12\/noticias.jpg","@id":"https:\/\/candas365.es\/noticias\/general-aleman-reconoce-que-no-se-percibio-la-capacidad-de-resistencia-rusa\/#mainImage","width":640,"height":480,"caption":"noticias"},"primaryImageOfPage":{"@id":"https:\/\/candas365.es\/noticias\/general-aleman-reconoce-que-no-se-percibio-la-capacidad-de-resistencia-rusa\/#mainImage"},"datePublished":"2023-12-31T05:35:28+01:00","dateModified":"2023-12-31T05:35:28+01:00"},{"@type":"WebSite","@id":"https:\/\/candas365.es\/noticias\/#website","url":"https:\/\/candas365.es\/noticias\/","name":"Cand\u00e1s 365","alternateName":"Cand\u00e1s 365 Noticias","description":"Actualidad desde Carre\u00f1o para el mundo","inLanguage":"es-ES","publisher":{"@id":"https:\/\/candas365.es\/noticias\/#organization"}}]},"og:locale":"es_ES","og:site_name":"Cand\u00e1s 365","og:type":"article","og:title":"General alem\u00e1n reconoce que no se \u00abpercibi\u00f3\u00bb la capacidad de resistencia rusa | Cand\u00e1s 365","og:description":"Berl\u00edn, 29 dic (dpa) - El mayor general Christian Freuding, jefe del Centro de Situaci\u00f3n de Ucrania en el Ministerio alem\u00e1n de Defensa, indic\u00f3 hoy que","og:url":"https:\/\/candas365.es\/noticias\/general-aleman-reconoce-que-no-se-percibio-la-capacidad-de-resistencia-rusa\/","og:image":"https:\/\/candas365.es\/noticias\/wp-content\/uploads\/2023\/12\/noticias.jpg","og:image:secure_url":"https:\/\/candas365.es\/noticias\/wp-content\/uploads\/2023\/12\/noticias.jpg","og:image:width":640,"og:image:height":480,"article:published_time":"2023-12-31T04:35:28+00:00","article:modified_time":"2023-12-31T04:35:28+00:00","article:publisher":"https:\/\/www.facebook.com\/Nachofdezber","article:author":"https:\/\/www.facebook.com\/carrenoactualidad","twitter:card":"summary_large_image","twitter:site":"@NabercoDigital","twitter:title":"General alem\u00e1n reconoce que no se \u00abpercibi\u00f3\u00bb la capacidad de resistencia rusa | Cand\u00e1s 365","twitter:description":"Berl\u00edn, 29 dic (dpa) - El mayor general Christian Freuding, jefe del Centro de Situaci\u00f3n de Ucrania en el Ministerio alem\u00e1n de Defensa, indic\u00f3 hoy que","twitter:creator":"@nbasturias","twitter:image":"https:\/\/candas365.es\/noticias\/wp-content\/uploads\/2023\/12\/noticias.jpg","twitter:label1":"Escrito por","twitter:data1":"Cand\u00e1s 365","twitter:label2":"Tiempo de lectura estimado","twitter:data2":"2 minutos"},"aioseo_meta_data":{"post_id":"177597","title":null,"description":"Berl\u00edn, 29 dic (dpa) - El mayor general Christian Freuding, jefe del Centro de Situaci\u00f3n de Ucrania en el Ministerio alem\u00e1n de Defensa, indic\u00f3 hoy que","keywords":[],"keyphrases":{"focus":{"keyphrase":"general","score":83,"analysis":{"keyphraseInTitle":{"score":9,"maxScore":9,"error":0},"keyphraseInDescription":{"score":9,"maxScore":9,"error":0},"keyphraseLength":{"score":9,"maxScore":9,"error":0,"length":1},"keyphraseInURL":{"score":1,"maxScore":5,"error":1},"keyphraseInIntroduction":{"score":9,"maxScore":9,"error":0},"keyphraseInSubHeadings":[],"keyphraseInImageAlt":{"score":3,"maxScore":9,"error":1},"keywordDensity":{"type":"best","score":9,"maxScore":9,"error":0}}},"additional":[{"keyphrase":"general","score":87,"analysis":{"keyphraseInDescription":{"score":9,"maxScore":9,"error":0},"keyphraseLength":{"score":9,"maxScore":9,"error":0,"length":1},"keyphraseInIntroduction":{"score":9,"maxScore":9,"error":0},"keyphraseInImageAlt":{"score":3,"maxScore":9,"error":1},"keywordDensity":{"type":"best","score":9,"maxScore":9,"error":0}}}]},"primary_term":null,"canonical_url":null,"og_title":null,"og_description":null,"og_object_type":"default","og_image_type":"default","og_image_url":null,"og_image_width":null,"og_image_height":null,"og_image_custom_url":null,"og_image_custom_fields":null,"og_video":"","og_custom_url":null,"og_article_section":null,"og_article_tags":[],"twitter_use_og":false,"twitter_card":"default","twitter_image_type":"default","twitter_image_url":null,"twitter_image_custom_url":null,"twitter_image_custom_fields":null,"twitter_title":null,"twitter_description":null,"schema":{"blockGraphs":[],"customGraphs":[],"default":{"data":{"Article":[],"Course":[],"Dataset":[],"FAQPage":[],"Movie":[],"Person":[],"Product":[],"ProductReview":[],"Car":[],"Recipe":[],"Service":[],"SoftwareApplication":[],"WebPage":[]},"graphName":"Article","isEnabled":true},"graphs":[]},"schema_type":"default","schema_type_options":null,"pillar_content":false,"robots_default":true,"robots_noindex":false,"robots_noarchive":false,"robots_nosnippet":false,"robots_nofollow":false,"robots_noimageindex":false,"robots_noodp":false,"robots_notranslate":false,"robots_max_snippet":"-1","robots_max_videopreview":"-1","robots_max_imagepreview":"large","priority":null,"frequency":"default","location":null,"local_seo":null,"seo_analyzer_scan_date":"2025-09-02 02:39:30","breadcrumb_settings":null,"limit_modified_date":false,"reviewed_by":null,"open_ai":"{\"title\":{\"suggestions\":[],\"usage\":0},\"description\":{\"suggestions\":[],\"usage\":0}}","ai":null,"created":"2023-12-31 04:29:38","updated":"2025-09-02 02:39:30"},"aioseo_breadcrumb":"<div class=\"aioseo-breadcrumbs\"><span class=\"aioseo-breadcrumb\">\n\t<a href=\"https:\/\/candas365.es\/noticias\" title=\"Home\">Home<\/a>\n<\/span><span class=\"aioseo-breadcrumb-separator\">&ndash;<\/span><span class=\"aioseo-breadcrumb\">\n\t<a href=\"https:\/\/candas365.es\/noticias\/category\/internacional\/\" title=\"Internacional\">Internacional<\/a>\n<\/span><span class=\"aioseo-breadcrumb-separator\">&ndash;<\/span><span class=\"aioseo-breadcrumb\">\n\tGeneral alem\u00e1n reconoce que no se \u00abpercibi\u00f3\u00bb la capacidad de resistencia rusa\n<\/span><\/div>","aioseo_breadcrumb_json":[{"label":"Home","link":"https:\/\/candas365.es\/noticias"},{"label":"Internacional","link":"https:\/\/candas365.es\/noticias\/category\/internacional\/"},{"label":"General alem\u00e1n reconoce que no se \u00abpercibi\u00f3\u00bb la capacidad de resistencia rusa","link":"https:\/\/candas365.es\/noticias\/general-aleman-reconoce-que-no-se-percibio-la-capacidad-de-resistencia-rusa\/"}],"_links":{"self":[{"href":"https:\/\/candas365.es\/noticias\/wp-json\/wp\/v2\/posts\/177597","targetHints":{"allow":["GET"]}}],"collection":[{"href":"https:\/\/candas365.es\/noticias\/wp-json\/wp\/v2\/posts"}],"about":[{"href":"https:\/\/candas365.es\/noticias\/wp-json\/wp\/v2\/types\/post"}],"author":[{"embeddable":true,"href":"https:\/\/candas365.es\/noticias\/wp-json\/wp\/v2\/users\/1"}],"replies":[{"embeddable":true,"href":"https:\/\/candas365.es\/noticias\/wp-json\/wp\/v2\/comments?post=177597"}],"version-history":[{"count":0,"href":"https:\/\/candas365.es\/noticias\/wp-json\/wp\/v2\/posts\/177597\/revisions"}],"wp:featuredmedia":[{"embeddable":true,"href":"https:\/\/candas365.es\/noticias\/wp-json\/wp\/v2\/media\/176718"}],"wp:attachment":[{"href":"https:\/\/candas365.es\/noticias\/wp-json\/wp\/v2\/media?parent=177597"}],"wp:term":[{"taxonomy":"category","embeddable":true,"href":"https:\/\/candas365.es\/noticias\/wp-json\/wp\/v2\/categories?post=177597"},{"taxonomy":"post_tag","embeddable":true,"href":"https:\/\/candas365.es\/noticias\/wp-json\/wp\/v2\/tags?post=177597"}],"curies":[{"name":"wp","href":"https:\/\/api.w.org\/{rel}","templated":true}]}}