{"id":177527,"date":"2023-12-27T00:01:20","date_gmt":"2023-12-26T23:01:20","guid":{"rendered":"https:\/\/candas365.es\/noticias\/?p=177527"},"modified":"2023-12-27T00:01:20","modified_gmt":"2023-12-26T23:01:20","slug":"iglesia-alemana-en-ucrania-celebra-su-segunda-navidad-tras-el-ataque-ruso","status":"publish","type":"post","link":"https:\/\/candas365.es\/noticias\/iglesia-alemana-en-ucrania-celebra-su-segunda-navidad-tras-el-ataque-ruso\/","title":{"rendered":"Iglesia alemana en Ucrania celebra su segunda Navidad tras el ataque ruso"},"content":{"rendered":"<p>Kiev, 25 dic (<a title=\"dpa\" href=\"https:\/\/www.dpa-news.de\/\" target=\"_blank\" rel=\"noopener\"><span style=\"color: #ff6600;\"><strong>dpa<\/strong><\/span><\/a>) &#8211; El pastor alem\u00e1n Wolfgang Heldt-Meyerding inici\u00f3 el domingo por la noche, por segunda vez tras el <span style=\"color: #ff6600;\"><a style=\"color: #ff6600;\" href=\"https:\/\/candas365.es\/noticias\/tag\/conflictos\/\"><strong>ataque ruso a Ucrania<\/strong><\/a><\/span>, las celebraciones religiosas navide\u00f1as en la iglesia evang\u00e9lica alemana de Santa Catalina de Kiev.<\/p>\n<p><img fetchpriority=\"high\" decoding=\"async\" class=\"aligncenter size-full wp-image-176718\" src=\"https:\/\/candas365.es\/noticias\/wp-content\/uploads\/2023\/12\/noticias.jpg\" alt=\"noticias\" width=\"640\" height=\"480\" srcset=\"https:\/\/candas365.es\/noticias\/wp-content\/uploads\/2023\/12\/noticias.jpg 640w, https:\/\/candas365.es\/noticias\/wp-content\/uploads\/2023\/12\/noticias-360x270.jpg 360w, https:\/\/candas365.es\/noticias\/wp-content\/uploads\/2023\/12\/noticias-150x113.jpg 150w, https:\/\/candas365.es\/noticias\/wp-content\/uploads\/2023\/12\/noticias-450x338.jpg 450w\" sizes=\"(max-width: 640px) 100vw, 640px\" \/><\/p>\n<p>\u00abEstamos llenos de anhelo de paz, es la segunda Navidad en la que nuestros corazones se estrechan con los pensamientos de penuria y muerte, dolor y pena causados por esta guerra\u00bb, dijo Heldt-Meyerding en la misa de Nochebuena.<\/p>\n<p>En su serm\u00f3n, Heldt-Meyerding record\u00f3 a las v\u00edctimas de la guerra, as\u00ed como la solidaridad de los ucranianos y la ayuda mutua del pueblo.<\/p>\n<p>La misa se celebr\u00f3 en dos idiomas, alem\u00e1n y ucraniano. La congregaci\u00f3n enton\u00f3 las canciones \u00abNoche de paz\u00bb y \u00abO Du fr\u00f6hliche\u00bb, entre otros villancicos.<\/p>\n<p>Heldt-Meyerding, natural de la ciudad de Flensburg, en el norte de Alemania, viaj\u00f3 de nuevo a Kiev para celebrar servicios en la Iglesia Evang\u00e9lica Luterana. Esta congregaci\u00f3n de habla alemana tiene m\u00e1s de 250 a\u00f1os de historia en Kiev.<\/p>\n<p>Dos de las tres principales iglesias ucranianas celebraron tambi\u00e9n sus oficios navide\u00f1os el 24 de diciembre, por primera vez en domingo, en lugar del 6 de enero, como hasta ahora.<\/p>\n<p>Ucrania cambi\u00f3 su calendario festivo a ra\u00edz de la invasi\u00f3n rusa. La fiesta nacional de Navidad del 7 de enero, celebrada por la Iglesia ortodoxa rusa, fue abolida por el Parlamento ucraniano en julio.<\/p>\n<p>En realidad, el 25 de diciembre es considerado oficialmente festivo en Ucrania desde 2017, aunque todos los d\u00edas festivos se han suspendido en virtud de la ley marcial impuesta tras el ataque ruso iniciado en febrero de 2022.<\/p>\n","protected":false},"excerpt":{"rendered":"<p>Kiev, 25 dic (dpa) &#8211; El pastor alem\u00e1n Wolfgang Heldt-Meyerding inici\u00f3 el domingo por la noche, por segunda vez tras el ataque ruso a Ucrania, las celebraciones religiosas navide\u00f1as en la iglesia evang\u00e9lica alemana de Santa Catalina de Kiev. \u00abEstamos llenos de anhelo de paz, es la segunda Navidad en la que nuestros corazones se<\/p>\n","protected":false},"author":1,"featured_media":176718,"comment_status":"closed","ping_status":"closed","sticky":false,"template":"","format":"standard","meta":{"footnotes":""},"categories":[485],"tags":[464,418],"class_list":{"0":"post-177527","1":"post","2":"type-post","3":"status-publish","4":"format-standard","5":"has-post-thumbnail","7":"category-internacional","8":"tag-conflictos","9":"tag-internacional"},"aioseo_notices":[],"aioseo_head":"\n\t\t<!-- All in One SEO Pro 4.9.6.2 - aioseo.com -->\n\t<meta name=\"description\" content=\"Kiev, 25 dic (dpa) - El pastor alem\u00e1n Wolfgang Heldt-Meyerding inici\u00f3 el domingo por la noche, por segunda vez tras el ataque ruso a Ucrania, las celebraciones\" \/>\n\t<meta name=\"robots\" content=\"max-image-preview:large\" \/>\n\t<meta name=\"author\" content=\"Cand\u00e1s 365\"\/>\n\t<meta name=\"google-site-verification\" content=\"UA-32230408-1\" \/>\n\t<meta name=\"msvalidate.01\" content=\"354F3CDFB2DA171B47FBE9ABF1F88D5\" \/>\n\t<meta name=\"keywords\" content=\"internacional\" \/>\n\t<link rel=\"canonical\" href=\"https:\/\/candas365.es\/noticias\/iglesia-alemana-en-ucrania-celebra-su-segunda-navidad-tras-el-ataque-ruso\/\" \/>\n\t<meta name=\"generator\" content=\"All in One SEO Pro (AIOSEO) 4.9.6.2\" \/>\n\t\t<meta property=\"og:locale\" content=\"es_ES\" \/>\n\t\t<meta property=\"og:site_name\" content=\"Cand\u00e1s 365\" \/>\n\t\t<meta property=\"og:type\" content=\"article\" \/>\n\t\t<meta property=\"og:title\" content=\"Iglesia alemana en Ucrania celebra su segunda Navidad tras el ataque ruso | Cand\u00e1s 365\" \/>\n\t\t<meta property=\"og:description\" content=\"Kiev, 25 dic (dpa) - El pastor alem\u00e1n Wolfgang Heldt-Meyerding inici\u00f3 el domingo por la noche, por segunda vez tras el ataque ruso a Ucrania, las celebraciones\" \/>\n\t\t<meta property=\"og:url\" content=\"https:\/\/candas365.es\/noticias\/iglesia-alemana-en-ucrania-celebra-su-segunda-navidad-tras-el-ataque-ruso\/\" \/>\n\t\t<meta property=\"og:image\" content=\"https:\/\/candas365.es\/noticias\/wp-content\/uploads\/2023\/12\/noticias.jpg\" \/>\n\t\t<meta property=\"og:image:secure_url\" content=\"https:\/\/candas365.es\/noticias\/wp-content\/uploads\/2023\/12\/noticias.jpg\" \/>\n\t\t<meta property=\"og:image:width\" content=\"640\" \/>\n\t\t<meta property=\"og:image:height\" content=\"480\" \/>\n\t\t<meta property=\"article:published_time\" content=\"2023-12-26T23:01:20+00:00\" \/>\n\t\t<meta property=\"article:modified_time\" content=\"2023-12-26T23:01:20+00:00\" \/>\n\t\t<meta property=\"article:publisher\" content=\"https:\/\/www.facebook.com\/Nachofdezber\" \/>\n\t\t<meta property=\"article:author\" content=\"https:\/\/www.facebook.com\/carrenoactualidad\" \/>\n\t\t<meta name=\"twitter:card\" content=\"summary_large_image\" \/>\n\t\t<meta name=\"twitter:site\" content=\"@NabercoDigital\" \/>\n\t\t<meta name=\"twitter:title\" content=\"Iglesia alemana en Ucrania celebra su segunda Navidad tras el ataque ruso | Cand\u00e1s 365\" \/>\n\t\t<meta name=\"twitter:description\" content=\"Kiev, 25 dic (dpa) - El pastor alem\u00e1n Wolfgang Heldt-Meyerding inici\u00f3 el domingo por la noche, por segunda vez tras el ataque ruso a Ucrania, las celebraciones\" \/>\n\t\t<meta name=\"twitter:creator\" content=\"@nbasturias\" \/>\n\t\t<meta name=\"twitter:image\" content=\"https:\/\/candas365.es\/noticias\/wp-content\/uploads\/2023\/12\/noticias.jpg\" \/>\n\t\t<meta name=\"twitter:label1\" content=\"Escrito por\" \/>\n\t\t<meta name=\"twitter:data1\" content=\"Cand\u00e1s 365\" \/>\n\t\t<meta name=\"twitter:label2\" content=\"Tiempo de lectura estimado\" \/>\n\t\t<meta name=\"twitter:data2\" content=\"1 minuto\" \/>\n\t\t<script type=\"application\/ld+json\" class=\"aioseo-schema\">\n\t\t\t{\"@context\":\"https:\\\/\\\/schema.org\",\"@graph\":[{\"@type\":\"BreadcrumbList\",\"@id\":\"https:\\\/\\\/candas365.es\\\/noticias\\\/iglesia-alemana-en-ucrania-celebra-su-segunda-navidad-tras-el-ataque-ruso\\\/#breadcrumblist\",\"itemListElement\":[{\"@type\":\"ListItem\",\"@id\":\"https:\\\/\\\/candas365.es\\\/noticias#listItem\",\"position\":1,\"name\":\"Home\",\"item\":\"https:\\\/\\\/candas365.es\\\/noticias\",\"nextItem\":{\"@type\":\"ListItem\",\"@id\":\"https:\\\/\\\/candas365.es\\\/noticias\\\/category\\\/internacional\\\/#listItem\",\"name\":\"Internacional\"}},{\"@type\":\"ListItem\",\"@id\":\"https:\\\/\\\/candas365.es\\\/noticias\\\/category\\\/internacional\\\/#listItem\",\"position\":2,\"name\":\"Internacional\",\"item\":\"https:\\\/\\\/candas365.es\\\/noticias\\\/category\\\/internacional\\\/\",\"nextItem\":{\"@type\":\"ListItem\",\"@id\":\"https:\\\/\\\/candas365.es\\\/noticias\\\/iglesia-alemana-en-ucrania-celebra-su-segunda-navidad-tras-el-ataque-ruso\\\/#listItem\",\"name\":\"Iglesia alemana en Ucrania celebra su segunda Navidad tras el ataque ruso\"},\"previousItem\":{\"@type\":\"ListItem\",\"@id\":\"https:\\\/\\\/candas365.es\\\/noticias#listItem\",\"name\":\"Home\"}},{\"@type\":\"ListItem\",\"@id\":\"https:\\\/\\\/candas365.es\\\/noticias\\\/iglesia-alemana-en-ucrania-celebra-su-segunda-navidad-tras-el-ataque-ruso\\\/#listItem\",\"position\":3,\"name\":\"Iglesia alemana en Ucrania celebra su segunda Navidad tras el ataque ruso\",\"previousItem\":{\"@type\":\"ListItem\",\"@id\":\"https:\\\/\\\/candas365.es\\\/noticias\\\/category\\\/internacional\\\/#listItem\",\"name\":\"Internacional\"}}]},{\"@type\":\"NewsArticle\",\"@id\":\"https:\\\/\\\/candas365.es\\\/noticias\\\/iglesia-alemana-en-ucrania-celebra-su-segunda-navidad-tras-el-ataque-ruso\\\/#newsarticle\",\"name\":\"Iglesia alemana en Ucrania celebra su segunda Navidad tras el ataque ruso | Cand\\u00e1s 365\",\"headline\":\"Iglesia alemana en Ucrania celebra su segunda Navidad tras el ataque ruso\",\"author\":{\"@id\":\"https:\\\/\\\/candas365.es\\\/noticias\\\/author\\\/admin\\\/#author\"},\"publisher\":{\"@id\":\"https:\\\/\\\/candas365.es\\\/noticias\\\/#organization\"},\"image\":{\"@type\":\"ImageObject\",\"url\":\"https:\\\/\\\/candas365.es\\\/noticias\\\/wp-content\\\/uploads\\\/2023\\\/12\\\/noticias.jpg\",\"width\":640,\"height\":480,\"caption\":\"noticias\"},\"datePublished\":\"2023-12-27T00:01:20+01:00\",\"dateModified\":\"2023-12-27T00:01:20+01:00\",\"inLanguage\":\"es-ES\",\"mainEntityOfPage\":{\"@id\":\"https:\\\/\\\/candas365.es\\\/noticias\\\/iglesia-alemana-en-ucrania-celebra-su-segunda-navidad-tras-el-ataque-ruso\\\/#webpage\"},\"isPartOf\":{\"@id\":\"https:\\\/\\\/candas365.es\\\/noticias\\\/iglesia-alemana-en-ucrania-celebra-su-segunda-navidad-tras-el-ataque-ruso\\\/#webpage\"},\"articleSection\":\"Internacional, conflictos, Internacional\",\"dateline\":\"Publicado el diciembre 27, 2023.\"},{\"@type\":\"Organization\",\"@id\":\"https:\\\/\\\/candas365.es\\\/noticias\\\/#organization\",\"name\":\"Cand\\u00e1s 365\",\"description\":\"Cand\\u00e1s 365 es un diario digital independiente, fundado en 2012, con base en Asturias. Informamos con rigor sobre actualidad, sociedad, cultura y ocio, con una mirada local y global.\",\"url\":\"https:\\\/\\\/candas365.es\\\/noticias\\\/\",\"email\":\"info@candas365.es\",\"telephone\":\"+34652131393\",\"foundingDate\":\"2012-06-10\",\"logo\":{\"@type\":\"ImageObject\",\"url\":\"https:\\\/\\\/candas365.es\\\/noticias\\\/wp-content\\\/uploads\\\/2024\\\/09\\\/Candas-365-Redes.jpg\",\"@id\":\"https:\\\/\\\/candas365.es\\\/noticias\\\/iglesia-alemana-en-ucrania-celebra-su-segunda-navidad-tras-el-ataque-ruso\\\/#organizationLogo\",\"width\":1152,\"height\":864,\"caption\":\"Cand\\u00e1s 365 Redes\"},\"image\":{\"@id\":\"https:\\\/\\\/candas365.es\\\/noticias\\\/iglesia-alemana-en-ucrania-celebra-su-segunda-navidad-tras-el-ataque-ruso\\\/#organizationLogo\"},\"sameAs\":[\"https:\\\/\\\/www.facebook.com\\\/Nachofdezber\",\"https:\\\/\\\/x.com\\\/NabercoDigital\",\"https:\\\/\\\/www.instagram.com\\\/nachofdezber\\\/\",\"https:\\\/\\\/www.youtube.com\\\/channel\\\/UCZP-2wLEB9Rv6erhFmqVnvg\"],\"address\":{\"@id\":\"https:\\\/\\\/candas365.es\\\/noticias\\\/#postaladdress\",\"@type\":\"PostalAddress\",\"streetAddress\":\"san antonio 4, san antonio 4\",\"postalCode\":\"33430\",\"addressLocality\":\"Cand\\u00e1s\",\"addressRegion\":\"Asturias\",\"addressCountry\":\"ES\"}},{\"@type\":\"Person\",\"@id\":\"https:\\\/\\\/candas365.es\\\/noticias\\\/author\\\/admin\\\/#author\",\"url\":\"https:\\\/\\\/candas365.es\\\/noticias\\\/author\\\/admin\\\/\",\"name\":\"Cand\\u00e1s 365\",\"image\":{\"@type\":\"ImageObject\",\"@id\":\"https:\\\/\\\/candas365.es\\\/noticias\\\/iglesia-alemana-en-ucrania-celebra-su-segunda-navidad-tras-el-ataque-ruso\\\/#authorImage\",\"url\":\"https:\\\/\\\/secure.gravatar.com\\\/avatar\\\/496a8e03d0c493ede1718b7934145dbdf8d89be1036b0eec9544e1094c9de390?s=96&d=mm&r=g\",\"width\":96,\"height\":96,\"caption\":\"Cand\\u00e1s 365\"},\"sameAs\":[\"https:\\\/\\\/www.facebook.com\\\/carrenoactualidad\",\"https:\\\/\\\/twitter.com\\\/nbasturias\",\"https:\\\/\\\/www.instagram.com\\\/nachofdezber\\\/\",\"https:\\\/\\\/www.youtube.com\\\/channel\\\/UCZP-2wLEB9Rv6erhFmqVnvg\"]},{\"@type\":\"WebPage\",\"@id\":\"https:\\\/\\\/candas365.es\\\/noticias\\\/iglesia-alemana-en-ucrania-celebra-su-segunda-navidad-tras-el-ataque-ruso\\\/#webpage\",\"url\":\"https:\\\/\\\/candas365.es\\\/noticias\\\/iglesia-alemana-en-ucrania-celebra-su-segunda-navidad-tras-el-ataque-ruso\\\/\",\"name\":\"Iglesia alemana en Ucrania celebra su segunda Navidad tras el ataque ruso | Cand\\u00e1s 365\",\"description\":\"Kiev, 25 dic (dpa) - El pastor alem\\u00e1n Wolfgang Heldt-Meyerding inici\\u00f3 el domingo por la noche, por segunda vez tras el ataque ruso a Ucrania, las celebraciones\",\"inLanguage\":\"es-ES\",\"isPartOf\":{\"@id\":\"https:\\\/\\\/candas365.es\\\/noticias\\\/#website\"},\"breadcrumb\":{\"@id\":\"https:\\\/\\\/candas365.es\\\/noticias\\\/iglesia-alemana-en-ucrania-celebra-su-segunda-navidad-tras-el-ataque-ruso\\\/#breadcrumblist\"},\"author\":{\"@id\":\"https:\\\/\\\/candas365.es\\\/noticias\\\/author\\\/admin\\\/#author\"},\"creator\":{\"@id\":\"https:\\\/\\\/candas365.es\\\/noticias\\\/author\\\/admin\\\/#author\"},\"image\":{\"@type\":\"ImageObject\",\"url\":\"https:\\\/\\\/candas365.es\\\/noticias\\\/wp-content\\\/uploads\\\/2023\\\/12\\\/noticias.jpg\",\"@id\":\"https:\\\/\\\/candas365.es\\\/noticias\\\/iglesia-alemana-en-ucrania-celebra-su-segunda-navidad-tras-el-ataque-ruso\\\/#mainImage\",\"width\":640,\"height\":480,\"caption\":\"noticias\"},\"primaryImageOfPage\":{\"@id\":\"https:\\\/\\\/candas365.es\\\/noticias\\\/iglesia-alemana-en-ucrania-celebra-su-segunda-navidad-tras-el-ataque-ruso\\\/#mainImage\"},\"datePublished\":\"2023-12-27T00:01:20+01:00\",\"dateModified\":\"2023-12-27T00:01:20+01:00\"},{\"@type\":\"WebSite\",\"@id\":\"https:\\\/\\\/candas365.es\\\/noticias\\\/#website\",\"url\":\"https:\\\/\\\/candas365.es\\\/noticias\\\/\",\"name\":\"Cand\\u00e1s 365\",\"alternateName\":\"Cand\\u00e1s 365 Noticias\",\"description\":\"Actualidad desde Carre\\u00f1o para el mundo\",\"inLanguage\":\"es-ES\",\"publisher\":{\"@id\":\"https:\\\/\\\/candas365.es\\\/noticias\\\/#organization\"}}]}\n\t\t<\/script>\n\t\t<!-- All in One SEO Pro -->\r\n\t\t<title>Iglesia alemana en Ucrania celebra su segunda Navidad tras el ataque ruso | Cand\u00e1s 365<\/title>\n\n","aioseo_head_json":{"title":"Iglesia alemana en Ucrania celebra su segunda Navidad tras el ataque ruso | Cand\u00e1s 365","description":"Kiev, 25 dic (dpa) - El pastor alem\u00e1n Wolfgang Heldt-Meyerding inici\u00f3 el domingo por la noche, por segunda vez tras el ataque ruso a Ucrania, las celebraciones","canonical_url":"https:\/\/candas365.es\/noticias\/iglesia-alemana-en-ucrania-celebra-su-segunda-navidad-tras-el-ataque-ruso\/","robots":"max-image-preview:large","keywords":"internacional","webmasterTools":{"google-site-verification":"UA-32230408-1","msvalidate.01":"354F3CDFB2DA171B47FBE9ABF1F88D5","miscellaneous":""},"schema":{"@context":"https:\/\/schema.org","@graph":[{"@type":"BreadcrumbList","@id":"https:\/\/candas365.es\/noticias\/iglesia-alemana-en-ucrania-celebra-su-segunda-navidad-tras-el-ataque-ruso\/#breadcrumblist","itemListElement":[{"@type":"ListItem","@id":"https:\/\/candas365.es\/noticias#listItem","position":1,"name":"Home","item":"https:\/\/candas365.es\/noticias","nextItem":{"@type":"ListItem","@id":"https:\/\/candas365.es\/noticias\/category\/internacional\/#listItem","name":"Internacional"}},{"@type":"ListItem","@id":"https:\/\/candas365.es\/noticias\/category\/internacional\/#listItem","position":2,"name":"Internacional","item":"https:\/\/candas365.es\/noticias\/category\/internacional\/","nextItem":{"@type":"ListItem","@id":"https:\/\/candas365.es\/noticias\/iglesia-alemana-en-ucrania-celebra-su-segunda-navidad-tras-el-ataque-ruso\/#listItem","name":"Iglesia alemana en Ucrania celebra su segunda Navidad tras el ataque ruso"},"previousItem":{"@type":"ListItem","@id":"https:\/\/candas365.es\/noticias#listItem","name":"Home"}},{"@type":"ListItem","@id":"https:\/\/candas365.es\/noticias\/iglesia-alemana-en-ucrania-celebra-su-segunda-navidad-tras-el-ataque-ruso\/#listItem","position":3,"name":"Iglesia alemana en Ucrania celebra su segunda Navidad tras el ataque ruso","previousItem":{"@type":"ListItem","@id":"https:\/\/candas365.es\/noticias\/category\/internacional\/#listItem","name":"Internacional"}}]},{"@type":"NewsArticle","@id":"https:\/\/candas365.es\/noticias\/iglesia-alemana-en-ucrania-celebra-su-segunda-navidad-tras-el-ataque-ruso\/#newsarticle","name":"Iglesia alemana en Ucrania celebra su segunda Navidad tras el ataque ruso | Cand\u00e1s 365","headline":"Iglesia alemana en Ucrania celebra su segunda Navidad tras el ataque ruso","author":{"@id":"https:\/\/candas365.es\/noticias\/author\/admin\/#author"},"publisher":{"@id":"https:\/\/candas365.es\/noticias\/#organization"},"image":{"@type":"ImageObject","url":"https:\/\/candas365.es\/noticias\/wp-content\/uploads\/2023\/12\/noticias.jpg","width":640,"height":480,"caption":"noticias"},"datePublished":"2023-12-27T00:01:20+01:00","dateModified":"2023-12-27T00:01:20+01:00","inLanguage":"es-ES","mainEntityOfPage":{"@id":"https:\/\/candas365.es\/noticias\/iglesia-alemana-en-ucrania-celebra-su-segunda-navidad-tras-el-ataque-ruso\/#webpage"},"isPartOf":{"@id":"https:\/\/candas365.es\/noticias\/iglesia-alemana-en-ucrania-celebra-su-segunda-navidad-tras-el-ataque-ruso\/#webpage"},"articleSection":"Internacional, conflictos, Internacional","dateline":"Publicado el diciembre 27, 2023."},{"@type":"Organization","@id":"https:\/\/candas365.es\/noticias\/#organization","name":"Cand\u00e1s 365","description":"Cand\u00e1s 365 es un diario digital independiente, fundado en 2012, con base en Asturias. Informamos con rigor sobre actualidad, sociedad, cultura y ocio, con una mirada local y global.","url":"https:\/\/candas365.es\/noticias\/","email":"info@candas365.es","telephone":"+34652131393","foundingDate":"2012-06-10","logo":{"@type":"ImageObject","url":"https:\/\/candas365.es\/noticias\/wp-content\/uploads\/2024\/09\/Candas-365-Redes.jpg","@id":"https:\/\/candas365.es\/noticias\/iglesia-alemana-en-ucrania-celebra-su-segunda-navidad-tras-el-ataque-ruso\/#organizationLogo","width":1152,"height":864,"caption":"Cand\u00e1s 365 Redes"},"image":{"@id":"https:\/\/candas365.es\/noticias\/iglesia-alemana-en-ucrania-celebra-su-segunda-navidad-tras-el-ataque-ruso\/#organizationLogo"},"sameAs":["https:\/\/www.facebook.com\/Nachofdezber","https:\/\/x.com\/NabercoDigital","https:\/\/www.instagram.com\/nachofdezber\/","https:\/\/www.youtube.com\/channel\/UCZP-2wLEB9Rv6erhFmqVnvg"],"address":{"@id":"https:\/\/candas365.es\/noticias\/#postaladdress","@type":"PostalAddress","streetAddress":"san antonio 4, san antonio 4","postalCode":"33430","addressLocality":"Cand\u00e1s","addressRegion":"Asturias","addressCountry":"ES"}},{"@type":"Person","@id":"https:\/\/candas365.es\/noticias\/author\/admin\/#author","url":"https:\/\/candas365.es\/noticias\/author\/admin\/","name":"Cand\u00e1s 365","image":{"@type":"ImageObject","@id":"https:\/\/candas365.es\/noticias\/iglesia-alemana-en-ucrania-celebra-su-segunda-navidad-tras-el-ataque-ruso\/#authorImage","url":"https:\/\/secure.gravatar.com\/avatar\/496a8e03d0c493ede1718b7934145dbdf8d89be1036b0eec9544e1094c9de390?s=96&d=mm&r=g","width":96,"height":96,"caption":"Cand\u00e1s 365"},"sameAs":["https:\/\/www.facebook.com\/carrenoactualidad","https:\/\/twitter.com\/nbasturias","https:\/\/www.instagram.com\/nachofdezber\/","https:\/\/www.youtube.com\/channel\/UCZP-2wLEB9Rv6erhFmqVnvg"]},{"@type":"WebPage","@id":"https:\/\/candas365.es\/noticias\/iglesia-alemana-en-ucrania-celebra-su-segunda-navidad-tras-el-ataque-ruso\/#webpage","url":"https:\/\/candas365.es\/noticias\/iglesia-alemana-en-ucrania-celebra-su-segunda-navidad-tras-el-ataque-ruso\/","name":"Iglesia alemana en Ucrania celebra su segunda Navidad tras el ataque ruso | Cand\u00e1s 365","description":"Kiev, 25 dic (dpa) - El pastor alem\u00e1n Wolfgang Heldt-Meyerding inici\u00f3 el domingo por la noche, por segunda vez tras el ataque ruso a Ucrania, las celebraciones","inLanguage":"es-ES","isPartOf":{"@id":"https:\/\/candas365.es\/noticias\/#website"},"breadcrumb":{"@id":"https:\/\/candas365.es\/noticias\/iglesia-alemana-en-ucrania-celebra-su-segunda-navidad-tras-el-ataque-ruso\/#breadcrumblist"},"author":{"@id":"https:\/\/candas365.es\/noticias\/author\/admin\/#author"},"creator":{"@id":"https:\/\/candas365.es\/noticias\/author\/admin\/#author"},"image":{"@type":"ImageObject","url":"https:\/\/candas365.es\/noticias\/wp-content\/uploads\/2023\/12\/noticias.jpg","@id":"https:\/\/candas365.es\/noticias\/iglesia-alemana-en-ucrania-celebra-su-segunda-navidad-tras-el-ataque-ruso\/#mainImage","width":640,"height":480,"caption":"noticias"},"primaryImageOfPage":{"@id":"https:\/\/candas365.es\/noticias\/iglesia-alemana-en-ucrania-celebra-su-segunda-navidad-tras-el-ataque-ruso\/#mainImage"},"datePublished":"2023-12-27T00:01:20+01:00","dateModified":"2023-12-27T00:01:20+01:00"},{"@type":"WebSite","@id":"https:\/\/candas365.es\/noticias\/#website","url":"https:\/\/candas365.es\/noticias\/","name":"Cand\u00e1s 365","alternateName":"Cand\u00e1s 365 Noticias","description":"Actualidad desde Carre\u00f1o para el mundo","inLanguage":"es-ES","publisher":{"@id":"https:\/\/candas365.es\/noticias\/#organization"}}]},"og:locale":"es_ES","og:site_name":"Cand\u00e1s 365","og:type":"article","og:title":"Iglesia alemana en Ucrania celebra su segunda Navidad tras el ataque ruso | Cand\u00e1s 365","og:description":"Kiev, 25 dic (dpa) - El pastor alem\u00e1n Wolfgang Heldt-Meyerding inici\u00f3 el domingo por la noche, por segunda vez tras el ataque ruso a Ucrania, las celebraciones","og:url":"https:\/\/candas365.es\/noticias\/iglesia-alemana-en-ucrania-celebra-su-segunda-navidad-tras-el-ataque-ruso\/","og:image":"https:\/\/candas365.es\/noticias\/wp-content\/uploads\/2023\/12\/noticias.jpg","og:image:secure_url":"https:\/\/candas365.es\/noticias\/wp-content\/uploads\/2023\/12\/noticias.jpg","og:image:width":640,"og:image:height":480,"article:published_time":"2023-12-26T23:01:20+00:00","article:modified_time":"2023-12-26T23:01:20+00:00","article:publisher":"https:\/\/www.facebook.com\/Nachofdezber","article:author":"https:\/\/www.facebook.com\/carrenoactualidad","twitter:card":"summary_large_image","twitter:site":"@NabercoDigital","twitter:title":"Iglesia alemana en Ucrania celebra su segunda Navidad tras el ataque ruso | Cand\u00e1s 365","twitter:description":"Kiev, 25 dic (dpa) - El pastor alem\u00e1n Wolfgang Heldt-Meyerding inici\u00f3 el domingo por la noche, por segunda vez tras el ataque ruso a Ucrania, las celebraciones","twitter:creator":"@nbasturias","twitter:image":"https:\/\/candas365.es\/noticias\/wp-content\/uploads\/2023\/12\/noticias.jpg","twitter:label1":"Escrito por","twitter:data1":"Cand\u00e1s 365","twitter:label2":"Tiempo de lectura estimado","twitter:data2":"1 minuto"},"aioseo_meta_data":{"post_id":"177527","title":null,"description":"Kiev, 25 dic (dpa) - El pastor alem\u00e1n Wolfgang Heldt-Meyerding inici\u00f3 el domingo por la noche, por segunda vez tras el ataque ruso a Ucrania, las celebraciones","keywords":[],"keyphrases":{"focus":{"keyphrase":"Ucrania","score":89,"analysis":{"keyphraseInTitle":{"score":9,"maxScore":9,"error":0},"keyphraseInDescription":{"score":9,"maxScore":9,"error":0},"keyphraseLength":{"score":9,"maxScore":9,"error":0,"length":1},"keyphraseInURL":[],"keyphraseInIntroduction":{"score":9,"maxScore":9,"error":0},"keyphraseInSubHeadings":[],"keyphraseInImageAlt":{"score":3,"maxScore":9,"error":1},"keywordDensity":{"type":"best","score":9,"maxScore":9,"error":0}}},"additional":[{"keyphrase":"Ucrania","score":87,"analysis":{"keyphraseInDescription":{"score":9,"maxScore":9,"error":0},"keyphraseLength":{"score":9,"maxScore":9,"error":0,"length":1},"keyphraseInIntroduction":{"score":9,"maxScore":9,"error":0},"keyphraseInImageAlt":{"score":3,"maxScore":9,"error":1},"keywordDensity":{"type":"best","score":9,"maxScore":9,"error":0}}}]},"primary_term":null,"canonical_url":null,"og_title":null,"og_description":null,"og_object_type":"default","og_image_type":"default","og_image_url":null,"og_image_width":null,"og_image_height":null,"og_image_custom_url":null,"og_image_custom_fields":null,"og_video":"","og_custom_url":null,"og_article_section":null,"og_article_tags":[],"twitter_use_og":false,"twitter_card":"default","twitter_image_type":"default","twitter_image_url":null,"twitter_image_custom_url":null,"twitter_image_custom_fields":null,"twitter_title":null,"twitter_description":null,"schema":{"blockGraphs":[],"customGraphs":[],"default":{"data":{"Article":[],"Course":[],"Dataset":[],"FAQPage":[],"Movie":[],"Person":[],"Product":[],"ProductReview":[],"Car":[],"Recipe":[],"Service":[],"SoftwareApplication":[],"WebPage":[]},"graphName":"Article","isEnabled":true},"graphs":[]},"schema_type":"default","schema_type_options":null,"pillar_content":false,"robots_default":true,"robots_noindex":false,"robots_noarchive":false,"robots_nosnippet":false,"robots_nofollow":false,"robots_noimageindex":false,"robots_noodp":false,"robots_notranslate":false,"robots_max_snippet":"-1","robots_max_videopreview":"-1","robots_max_imagepreview":"large","priority":null,"frequency":"default","location":null,"local_seo":null,"seo_analyzer_scan_date":"2025-09-02 02:31:25","breadcrumb_settings":null,"limit_modified_date":false,"reviewed_by":null,"open_ai":"{\"title\":{\"suggestions\":[],\"usage\":0},\"description\":{\"suggestions\":[],\"usage\":0}}","ai":null,"created":"2023-12-26 22:58:41","updated":"2025-09-02 02:31:25"},"aioseo_breadcrumb":"<div class=\"aioseo-breadcrumbs\"><span class=\"aioseo-breadcrumb\">\n\t<a href=\"https:\/\/candas365.es\/noticias\" title=\"Home\">Home<\/a>\n<\/span><span class=\"aioseo-breadcrumb-separator\">&ndash;<\/span><span class=\"aioseo-breadcrumb\">\n\t<a href=\"https:\/\/candas365.es\/noticias\/category\/internacional\/\" title=\"Internacional\">Internacional<\/a>\n<\/span><span class=\"aioseo-breadcrumb-separator\">&ndash;<\/span><span class=\"aioseo-breadcrumb\">\n\tIglesia alemana en Ucrania celebra su segunda Navidad tras el ataque ruso\n<\/span><\/div>","aioseo_breadcrumb_json":[{"label":"Home","link":"https:\/\/candas365.es\/noticias"},{"label":"Internacional","link":"https:\/\/candas365.es\/noticias\/category\/internacional\/"},{"label":"Iglesia alemana en Ucrania celebra su segunda Navidad tras el ataque ruso","link":"https:\/\/candas365.es\/noticias\/iglesia-alemana-en-ucrania-celebra-su-segunda-navidad-tras-el-ataque-ruso\/"}],"_links":{"self":[{"href":"https:\/\/candas365.es\/noticias\/wp-json\/wp\/v2\/posts\/177527","targetHints":{"allow":["GET"]}}],"collection":[{"href":"https:\/\/candas365.es\/noticias\/wp-json\/wp\/v2\/posts"}],"about":[{"href":"https:\/\/candas365.es\/noticias\/wp-json\/wp\/v2\/types\/post"}],"author":[{"embeddable":true,"href":"https:\/\/candas365.es\/noticias\/wp-json\/wp\/v2\/users\/1"}],"replies":[{"embeddable":true,"href":"https:\/\/candas365.es\/noticias\/wp-json\/wp\/v2\/comments?post=177527"}],"version-history":[{"count":0,"href":"https:\/\/candas365.es\/noticias\/wp-json\/wp\/v2\/posts\/177527\/revisions"}],"wp:featuredmedia":[{"embeddable":true,"href":"https:\/\/candas365.es\/noticias\/wp-json\/wp\/v2\/media\/176718"}],"wp:attachment":[{"href":"https:\/\/candas365.es\/noticias\/wp-json\/wp\/v2\/media?parent=177527"}],"wp:term":[{"taxonomy":"category","embeddable":true,"href":"https:\/\/candas365.es\/noticias\/wp-json\/wp\/v2\/categories?post=177527"},{"taxonomy":"post_tag","embeddable":true,"href":"https:\/\/candas365.es\/noticias\/wp-json\/wp\/v2\/tags?post=177527"}],"curies":[{"name":"wp","href":"https:\/\/api.w.org\/{rel}","templated":true}]}}