{"id":177511,"date":"2023-12-26T16:57:47","date_gmt":"2023-12-26T15:57:47","guid":{"rendered":"https:\/\/candas365.es\/noticias\/?p=177511"},"modified":"2023-12-26T16:57:47","modified_gmt":"2023-12-26T15:57:47","slug":"bebes-y-navidades-la-necesidad-de-fotografiar-sus-primeras-fiestas","status":"publish","type":"post","link":"https:\/\/candas365.es\/noticias\/bebes-y-navidades-la-necesidad-de-fotografiar-sus-primeras-fiestas\/","title":{"rendered":"Beb\u00e9s y navidades: la necesidad de fotografiar sus primeras fiestas"},"content":{"rendered":"<p class=\"normal\"><span lang=\"es\">Ya se acercan una de las \u00e9pocas del a\u00f1o que m\u00e1s re\u00fane a las familias espa\u00f1olas. Desde que existe la tradici\u00f3n de cenar en Nochebuena o Fin de A\u00f1o o incluso de quedar para la cabalgata de los Reyes Magos, cientos de miles de familias tienen la excusa perfecta para inmortalizar el recuerdo de estar todos.<\/span><\/p>\n<p><img fetchpriority=\"high\" decoding=\"async\" class=\"aligncenter size-full wp-image-177512\" src=\"https:\/\/candas365.es\/noticias\/wp-content\/uploads\/2023\/12\/tradicion-navidades.jpg\" alt=\"tradici\u00f3n navidades\" width=\"640\" height=\"427\" srcset=\"https:\/\/candas365.es\/noticias\/wp-content\/uploads\/2023\/12\/tradicion-navidades.jpg 640w, https:\/\/candas365.es\/noticias\/wp-content\/uploads\/2023\/12\/tradicion-navidades-360x240.jpg 360w, https:\/\/candas365.es\/noticias\/wp-content\/uploads\/2023\/12\/tradicion-navidades-150x100.jpg 150w, https:\/\/candas365.es\/noticias\/wp-content\/uploads\/2023\/12\/tradicion-navidades-450x300.jpg 450w\" sizes=\"(max-width: 640px) 100vw, 640px\" \/><\/p>\n<p class=\"normal\"><span lang=\"es\">Pero, si hay un momento especial para las familias, es cuando los m\u00e1s peque\u00f1os empiezan a formar parte de los rituales y tradiciones. La fotograf\u00eda de beb\u00e9s durante la Navidad se puso de moda en los estudios hace tiempo, sin embargo, los fot\u00f3grafos, tal como explican desde Baby Click Photography, al igual que en otras sesiones, est\u00e1n optando por apostar por la naturalidad y originalidad como opci\u00f3n.<\/span><span lang=\"es\">\u00a0<\/span><\/p>\n<p class=\"normal\"><span lang=\"es\">\u201cYa no se lleva tanto el concepto de foto de estudio tipo Christmas sino im\u00e1genes que, aunque evoquen la navidad, sean realmente bonitas para poner todo el a\u00f1o en un marco\u201d comenta este <span style=\"color: #ff6600;\"><a style=\"color: #ff6600;\" title=\"fot\u00f3grafo de beb\u00e9s en Asturias\" href=\"https:\/\/babyclickphotography.es\/\" target=\"_blank\" rel=\"noopener\">fot\u00f3grafo de beb\u00e9s en Asturias<\/a><\/span>.<\/span><\/p>\n<p class=\"normal\"><span lang=\"es\">\u00a0<\/span><span lang=\"es\">Precisamente por eso, el entorno natural es importante para sus disparos.<\/span><\/p>\n<p class=\"normal\"><span lang=\"es\">\u00a0<\/span><span lang=\"es\">En primer lugar, habla de la importancia de poder utilizar exteriores m\u00e1s que estudio en caso de que la temperatura lo permita. El uso de la luz natural para sus im\u00e1genes es claramente su forma de entender la fotograf\u00eda. Aprovechar la luz suave y difusa de los atardeceres y evitar los flashes es clave para que la sesi\u00f3n sea c\u00f3moda para el beb\u00e9.<\/span><span lang=\"es\">\u00a0<\/span><\/p>\n<p class=\"normal\"><span lang=\"es\">En caso de necesitar, porque las condiciones no lo permitan, un fondo, siempre se busca el que simule, por ejemplo, bosques o espacios naturales que, decorados tambi\u00e9n con elementos f\u00edsicos que lo evoquen, permitan dar ese toque de naturaleza que al final gusta a todo el mundo.<\/span><\/p>\n<p class=\"normal\"><span lang=\"es\">\u00a0<\/span><span lang=\"es\">Un detalle que suele ser suficiente es que el beb\u00e9 lleve alg\u00fan atuendo que recuerde la navidad. En su momento, cuando comenz\u00f3 a tener gran \u00e9xito la fotograf\u00eda de beb\u00e9s de Anne Geddes todo part\u00eda, precisamente, de la caracterizaci\u00f3n. Un peque\u00f1o gorro de Pap\u00e1 Noel, unas pi\u00f1as o incluso un disfraz acorde con la \u00e9poca o tradici\u00f3n m\u00e1s local puede ser la clave para que este reportaje navide\u00f1o sea \u00fanico.<\/span><\/p>\n<p class=\"normal\"><span lang=\"es\">\u00a0<\/span><span lang=\"es\">\u201cAtr\u00e1s qued\u00f3 tambi\u00e9n solo fijarse en el conjunto. Las im\u00e1genes de zonas son claves. Las manos, los pies, la expresi\u00f3n, las reacciones\u2026todo es \u00fanico en este contexto. No se trata solo de beb\u00e9s, sino de ni\u00f1os que, en muchos casos, interact\u00faan con los padres y con nosotros. La curiosidad, sorpresa o una carcajada marcan la diferencia\u201d explican.<\/span><\/p>\n<p class=\"normal\"><span lang=\"es\">\u00a0<\/span><span lang=\"es\">Por supuesto, no hay sesi\u00f3n que no culmine con la familia compartiendo espacio. Es un recuerdo imborrable.<\/span><span lang=\"es\">\u00a0<\/span><\/p>\n","protected":false},"excerpt":{"rendered":"<p>Ya se acercan una de las \u00e9pocas del a\u00f1o que m\u00e1s re\u00fane a las familias espa\u00f1olas. Desde que existe la tradici\u00f3n de cenar en Nochebuena o Fin de A\u00f1o o incluso de quedar para la cabalgata de los Reyes Magos, cientos de miles de familias tienen la excusa perfecta para inmortalizar el recuerdo de estar<\/p>\n","protected":false},"author":1,"featured_media":177512,"comment_status":"closed","ping_status":"closed","sticky":false,"template":"","format":"standard","meta":{"footnotes":""},"categories":[143],"tags":[449,478,408],"class_list":{"0":"post-177511","1":"post","2":"type-post","3":"status-publish","4":"format-standard","5":"has-post-thumbnail","7":"category-sociedad","8":"tag-familia","9":"tag-navidad","10":"tag-sociedad"},"aioseo_notices":[],"aioseo_head":"\n\t\t<!-- All in One SEO Pro 4.9.6.2 - aioseo.com -->\n\t<meta name=\"description\" content=\"#post_excerptYa se acercan una de las \u00e9pocas del a\u00f1o que m\u00e1s re\u00fane a las familias espa\u00f1olas. Desde que existe la tradici\u00f3n de cenar en Nochebuena o Fin de A\u00f1o o incluso\" \/>\n\t<meta name=\"robots\" content=\"max-image-preview:large\" \/>\n\t<meta name=\"author\" content=\"Cand\u00e1s 365\"\/>\n\t<meta name=\"google-site-verification\" content=\"UA-32230408-1\" \/>\n\t<meta name=\"msvalidate.01\" content=\"354F3CDFB2DA171B47FBE9ABF1F88D5\" \/>\n\t<meta name=\"keywords\" content=\"sociedad\" \/>\n\t<link rel=\"canonical\" href=\"https:\/\/candas365.es\/noticias\/bebes-y-navidades-la-necesidad-de-fotografiar-sus-primeras-fiestas\/\" \/>\n\t<meta name=\"generator\" content=\"All in One SEO Pro (AIOSEO) 4.9.6.2\" \/>\n\t\t<meta property=\"og:locale\" content=\"es_ES\" \/>\n\t\t<meta property=\"og:site_name\" content=\"Cand\u00e1s 365\" \/>\n\t\t<meta property=\"og:type\" content=\"article\" \/>\n\t\t<meta property=\"og:title\" content=\"Beb\u00e9s y navidades: la necesidad de fotografiar sus primeras fiestas | Cand\u00e1s 365\" \/>\n\t\t<meta property=\"og:description\" content=\"#post_excerptYa se acercan una de las \u00e9pocas del a\u00f1o que m\u00e1s re\u00fane a las familias espa\u00f1olas. Desde que existe la tradici\u00f3n de cenar en Nochebuena o Fin de A\u00f1o o incluso\" \/>\n\t\t<meta property=\"og:url\" content=\"https:\/\/candas365.es\/noticias\/bebes-y-navidades-la-necesidad-de-fotografiar-sus-primeras-fiestas\/\" \/>\n\t\t<meta property=\"og:image\" content=\"https:\/\/candas365.es\/noticias\/wp-content\/uploads\/2023\/12\/tradicion-navidades.jpg\" \/>\n\t\t<meta property=\"og:image:secure_url\" content=\"https:\/\/candas365.es\/noticias\/wp-content\/uploads\/2023\/12\/tradicion-navidades.jpg\" \/>\n\t\t<meta property=\"og:image:width\" content=\"640\" \/>\n\t\t<meta property=\"og:image:height\" content=\"427\" \/>\n\t\t<meta property=\"article:published_time\" content=\"2023-12-26T15:57:47+00:00\" \/>\n\t\t<meta property=\"article:modified_time\" content=\"2023-12-26T15:57:47+00:00\" \/>\n\t\t<meta property=\"article:publisher\" content=\"https:\/\/www.facebook.com\/Nachofdezber\" \/>\n\t\t<meta property=\"article:author\" content=\"https:\/\/www.facebook.com\/carrenoactualidad\" \/>\n\t\t<meta name=\"twitter:card\" content=\"summary_large_image\" \/>\n\t\t<meta name=\"twitter:site\" content=\"@NabercoDigital\" \/>\n\t\t<meta name=\"twitter:title\" content=\"Beb\u00e9s y navidades: la necesidad de fotografiar sus primeras fiestas | Cand\u00e1s 365\" \/>\n\t\t<meta name=\"twitter:description\" content=\"#post_excerptYa se acercan una de las \u00e9pocas del a\u00f1o que m\u00e1s re\u00fane a las familias espa\u00f1olas. Desde que existe la tradici\u00f3n de cenar en Nochebuena o Fin de A\u00f1o o incluso\" \/>\n\t\t<meta name=\"twitter:creator\" content=\"@nbasturias\" \/>\n\t\t<meta name=\"twitter:image\" content=\"https:\/\/candas365.es\/noticias\/wp-content\/uploads\/2023\/12\/tradicion-navidades.jpg\" \/>\n\t\t<meta name=\"twitter:label1\" content=\"Escrito por\" \/>\n\t\t<meta name=\"twitter:data1\" content=\"Cand\u00e1s 365\" \/>\n\t\t<meta name=\"twitter:label2\" content=\"Tiempo de lectura estimado\" \/>\n\t\t<meta name=\"twitter:data2\" content=\"2 minutos\" \/>\n\t\t<script type=\"application\/ld+json\" class=\"aioseo-schema\">\n\t\t\t{\"@context\":\"https:\\\/\\\/schema.org\",\"@graph\":[{\"@type\":\"BreadcrumbList\",\"@id\":\"https:\\\/\\\/candas365.es\\\/noticias\\\/bebes-y-navidades-la-necesidad-de-fotografiar-sus-primeras-fiestas\\\/#breadcrumblist\",\"itemListElement\":[{\"@type\":\"ListItem\",\"@id\":\"https:\\\/\\\/candas365.es\\\/noticias#listItem\",\"position\":1,\"name\":\"Home\",\"item\":\"https:\\\/\\\/candas365.es\\\/noticias\",\"nextItem\":{\"@type\":\"ListItem\",\"@id\":\"https:\\\/\\\/candas365.es\\\/noticias\\\/category\\\/sociedad\\\/#listItem\",\"name\":\"Sociedad\"}},{\"@type\":\"ListItem\",\"@id\":\"https:\\\/\\\/candas365.es\\\/noticias\\\/category\\\/sociedad\\\/#listItem\",\"position\":2,\"name\":\"Sociedad\",\"item\":\"https:\\\/\\\/candas365.es\\\/noticias\\\/category\\\/sociedad\\\/\",\"nextItem\":{\"@type\":\"ListItem\",\"@id\":\"https:\\\/\\\/candas365.es\\\/noticias\\\/bebes-y-navidades-la-necesidad-de-fotografiar-sus-primeras-fiestas\\\/#listItem\",\"name\":\"Beb\\u00e9s y navidades: la necesidad de fotografiar sus primeras fiestas\"},\"previousItem\":{\"@type\":\"ListItem\",\"@id\":\"https:\\\/\\\/candas365.es\\\/noticias#listItem\",\"name\":\"Home\"}},{\"@type\":\"ListItem\",\"@id\":\"https:\\\/\\\/candas365.es\\\/noticias\\\/bebes-y-navidades-la-necesidad-de-fotografiar-sus-primeras-fiestas\\\/#listItem\",\"position\":3,\"name\":\"Beb\\u00e9s y navidades: la necesidad de fotografiar sus primeras fiestas\",\"previousItem\":{\"@type\":\"ListItem\",\"@id\":\"https:\\\/\\\/candas365.es\\\/noticias\\\/category\\\/sociedad\\\/#listItem\",\"name\":\"Sociedad\"}}]},{\"@type\":\"NewsArticle\",\"@id\":\"https:\\\/\\\/candas365.es\\\/noticias\\\/bebes-y-navidades-la-necesidad-de-fotografiar-sus-primeras-fiestas\\\/#newsarticle\",\"name\":\"Beb\\u00e9s y navidades: la necesidad de fotografiar sus primeras fiestas | Cand\\u00e1s 365\",\"headline\":\"Beb\\u00e9s y navidades: la necesidad de fotografiar sus primeras fiestas\",\"author\":{\"@id\":\"https:\\\/\\\/candas365.es\\\/noticias\\\/author\\\/admin\\\/#author\"},\"publisher\":{\"@id\":\"https:\\\/\\\/candas365.es\\\/noticias\\\/#organization\"},\"image\":{\"@type\":\"ImageObject\",\"url\":\"https:\\\/\\\/candas365.es\\\/noticias\\\/wp-content\\\/uploads\\\/2023\\\/12\\\/tradicion-navidades.jpg\",\"width\":640,\"height\":427,\"caption\":\"tradici\\u00f3n navidades\"},\"datePublished\":\"2023-12-26T16:57:47+01:00\",\"dateModified\":\"2023-12-26T16:57:47+01:00\",\"inLanguage\":\"es-ES\",\"mainEntityOfPage\":{\"@id\":\"https:\\\/\\\/candas365.es\\\/noticias\\\/bebes-y-navidades-la-necesidad-de-fotografiar-sus-primeras-fiestas\\\/#webpage\"},\"isPartOf\":{\"@id\":\"https:\\\/\\\/candas365.es\\\/noticias\\\/bebes-y-navidades-la-necesidad-de-fotografiar-sus-primeras-fiestas\\\/#webpage\"},\"articleSection\":\"Sociedad, Familia, Navidad, sociedad\",\"dateline\":\"Publicado el diciembre 26, 2023.\"},{\"@type\":\"Organization\",\"@id\":\"https:\\\/\\\/candas365.es\\\/noticias\\\/#organization\",\"name\":\"Cand\\u00e1s 365\",\"description\":\"Cand\\u00e1s 365 es un diario digital independiente, fundado en 2012, con base en Asturias. Informamos con rigor sobre actualidad, sociedad, cultura y ocio, con una mirada local y global.\",\"url\":\"https:\\\/\\\/candas365.es\\\/noticias\\\/\",\"email\":\"info@candas365.es\",\"telephone\":\"+34652131393\",\"foundingDate\":\"2012-06-10\",\"logo\":{\"@type\":\"ImageObject\",\"url\":\"https:\\\/\\\/candas365.es\\\/noticias\\\/wp-content\\\/uploads\\\/2024\\\/09\\\/Candas-365-Redes.jpg\",\"@id\":\"https:\\\/\\\/candas365.es\\\/noticias\\\/bebes-y-navidades-la-necesidad-de-fotografiar-sus-primeras-fiestas\\\/#organizationLogo\",\"width\":1152,\"height\":864,\"caption\":\"Cand\\u00e1s 365 Redes\"},\"image\":{\"@id\":\"https:\\\/\\\/candas365.es\\\/noticias\\\/bebes-y-navidades-la-necesidad-de-fotografiar-sus-primeras-fiestas\\\/#organizationLogo\"},\"sameAs\":[\"https:\\\/\\\/www.facebook.com\\\/Nachofdezber\",\"https:\\\/\\\/x.com\\\/NabercoDigital\",\"https:\\\/\\\/www.instagram.com\\\/nachofdezber\\\/\",\"https:\\\/\\\/www.youtube.com\\\/channel\\\/UCZP-2wLEB9Rv6erhFmqVnvg\"],\"address\":{\"@id\":\"https:\\\/\\\/candas365.es\\\/noticias\\\/#postaladdress\",\"@type\":\"PostalAddress\",\"streetAddress\":\"san antonio 4, san antonio 4\",\"postalCode\":\"33430\",\"addressLocality\":\"Cand\\u00e1s\",\"addressRegion\":\"Asturias\",\"addressCountry\":\"ES\"}},{\"@type\":\"Person\",\"@id\":\"https:\\\/\\\/candas365.es\\\/noticias\\\/author\\\/admin\\\/#author\",\"url\":\"https:\\\/\\\/candas365.es\\\/noticias\\\/author\\\/admin\\\/\",\"name\":\"Cand\\u00e1s 365\",\"image\":{\"@type\":\"ImageObject\",\"@id\":\"https:\\\/\\\/candas365.es\\\/noticias\\\/bebes-y-navidades-la-necesidad-de-fotografiar-sus-primeras-fiestas\\\/#authorImage\",\"url\":\"https:\\\/\\\/secure.gravatar.com\\\/avatar\\\/496a8e03d0c493ede1718b7934145dbdf8d89be1036b0eec9544e1094c9de390?s=96&d=mm&r=g\",\"width\":96,\"height\":96,\"caption\":\"Cand\\u00e1s 365\"},\"sameAs\":[\"https:\\\/\\\/www.facebook.com\\\/carrenoactualidad\",\"https:\\\/\\\/twitter.com\\\/nbasturias\",\"https:\\\/\\\/www.instagram.com\\\/nachofdezber\\\/\",\"https:\\\/\\\/www.youtube.com\\\/channel\\\/UCZP-2wLEB9Rv6erhFmqVnvg\"]},{\"@type\":\"WebPage\",\"@id\":\"https:\\\/\\\/candas365.es\\\/noticias\\\/bebes-y-navidades-la-necesidad-de-fotografiar-sus-primeras-fiestas\\\/#webpage\",\"url\":\"https:\\\/\\\/candas365.es\\\/noticias\\\/bebes-y-navidades-la-necesidad-de-fotografiar-sus-primeras-fiestas\\\/\",\"name\":\"Beb\\u00e9s y navidades: la necesidad de fotografiar sus primeras fiestas | Cand\\u00e1s 365\",\"description\":\"#post_excerptYa se acercan una de las \\u00e9pocas del a\\u00f1o que m\\u00e1s re\\u00fane a las familias espa\\u00f1olas. Desde que existe la tradici\\u00f3n de cenar en Nochebuena o Fin de A\\u00f1o o incluso\",\"inLanguage\":\"es-ES\",\"isPartOf\":{\"@id\":\"https:\\\/\\\/candas365.es\\\/noticias\\\/#website\"},\"breadcrumb\":{\"@id\":\"https:\\\/\\\/candas365.es\\\/noticias\\\/bebes-y-navidades-la-necesidad-de-fotografiar-sus-primeras-fiestas\\\/#breadcrumblist\"},\"author\":{\"@id\":\"https:\\\/\\\/candas365.es\\\/noticias\\\/author\\\/admin\\\/#author\"},\"creator\":{\"@id\":\"https:\\\/\\\/candas365.es\\\/noticias\\\/author\\\/admin\\\/#author\"},\"image\":{\"@type\":\"ImageObject\",\"url\":\"https:\\\/\\\/candas365.es\\\/noticias\\\/wp-content\\\/uploads\\\/2023\\\/12\\\/tradicion-navidades.jpg\",\"@id\":\"https:\\\/\\\/candas365.es\\\/noticias\\\/bebes-y-navidades-la-necesidad-de-fotografiar-sus-primeras-fiestas\\\/#mainImage\",\"width\":640,\"height\":427,\"caption\":\"tradici\\u00f3n navidades\"},\"primaryImageOfPage\":{\"@id\":\"https:\\\/\\\/candas365.es\\\/noticias\\\/bebes-y-navidades-la-necesidad-de-fotografiar-sus-primeras-fiestas\\\/#mainImage\"},\"datePublished\":\"2023-12-26T16:57:47+01:00\",\"dateModified\":\"2023-12-26T16:57:47+01:00\"},{\"@type\":\"WebSite\",\"@id\":\"https:\\\/\\\/candas365.es\\\/noticias\\\/#website\",\"url\":\"https:\\\/\\\/candas365.es\\\/noticias\\\/\",\"name\":\"Cand\\u00e1s 365\",\"alternateName\":\"Cand\\u00e1s 365 Noticias\",\"description\":\"Actualidad desde Carre\\u00f1o para el mundo\",\"inLanguage\":\"es-ES\",\"publisher\":{\"@id\":\"https:\\\/\\\/candas365.es\\\/noticias\\\/#organization\"}}]}\n\t\t<\/script>\n\t\t<!-- All in One SEO Pro -->\r\n\t\t<title>Beb\u00e9s y navidades: la necesidad de fotografiar sus primeras fiestas | Cand\u00e1s 365<\/title>\n\n","aioseo_head_json":{"title":"Beb\u00e9s y navidades: la necesidad de fotografiar sus primeras fiestas | Cand\u00e1s 365","description":"#post_excerptYa se acercan una de las \u00e9pocas del a\u00f1o que m\u00e1s re\u00fane a las familias espa\u00f1olas. Desde que existe la tradici\u00f3n de cenar en Nochebuena o Fin de A\u00f1o o incluso","canonical_url":"https:\/\/candas365.es\/noticias\/bebes-y-navidades-la-necesidad-de-fotografiar-sus-primeras-fiestas\/","robots":"max-image-preview:large","keywords":"sociedad","webmasterTools":{"google-site-verification":"UA-32230408-1","msvalidate.01":"354F3CDFB2DA171B47FBE9ABF1F88D5","miscellaneous":""},"schema":{"@context":"https:\/\/schema.org","@graph":[{"@type":"BreadcrumbList","@id":"https:\/\/candas365.es\/noticias\/bebes-y-navidades-la-necesidad-de-fotografiar-sus-primeras-fiestas\/#breadcrumblist","itemListElement":[{"@type":"ListItem","@id":"https:\/\/candas365.es\/noticias#listItem","position":1,"name":"Home","item":"https:\/\/candas365.es\/noticias","nextItem":{"@type":"ListItem","@id":"https:\/\/candas365.es\/noticias\/category\/sociedad\/#listItem","name":"Sociedad"}},{"@type":"ListItem","@id":"https:\/\/candas365.es\/noticias\/category\/sociedad\/#listItem","position":2,"name":"Sociedad","item":"https:\/\/candas365.es\/noticias\/category\/sociedad\/","nextItem":{"@type":"ListItem","@id":"https:\/\/candas365.es\/noticias\/bebes-y-navidades-la-necesidad-de-fotografiar-sus-primeras-fiestas\/#listItem","name":"Beb\u00e9s y navidades: la necesidad de fotografiar sus primeras fiestas"},"previousItem":{"@type":"ListItem","@id":"https:\/\/candas365.es\/noticias#listItem","name":"Home"}},{"@type":"ListItem","@id":"https:\/\/candas365.es\/noticias\/bebes-y-navidades-la-necesidad-de-fotografiar-sus-primeras-fiestas\/#listItem","position":3,"name":"Beb\u00e9s y navidades: la necesidad de fotografiar sus primeras fiestas","previousItem":{"@type":"ListItem","@id":"https:\/\/candas365.es\/noticias\/category\/sociedad\/#listItem","name":"Sociedad"}}]},{"@type":"NewsArticle","@id":"https:\/\/candas365.es\/noticias\/bebes-y-navidades-la-necesidad-de-fotografiar-sus-primeras-fiestas\/#newsarticle","name":"Beb\u00e9s y navidades: la necesidad de fotografiar sus primeras fiestas | Cand\u00e1s 365","headline":"Beb\u00e9s y navidades: la necesidad de fotografiar sus primeras fiestas","author":{"@id":"https:\/\/candas365.es\/noticias\/author\/admin\/#author"},"publisher":{"@id":"https:\/\/candas365.es\/noticias\/#organization"},"image":{"@type":"ImageObject","url":"https:\/\/candas365.es\/noticias\/wp-content\/uploads\/2023\/12\/tradicion-navidades.jpg","width":640,"height":427,"caption":"tradici\u00f3n navidades"},"datePublished":"2023-12-26T16:57:47+01:00","dateModified":"2023-12-26T16:57:47+01:00","inLanguage":"es-ES","mainEntityOfPage":{"@id":"https:\/\/candas365.es\/noticias\/bebes-y-navidades-la-necesidad-de-fotografiar-sus-primeras-fiestas\/#webpage"},"isPartOf":{"@id":"https:\/\/candas365.es\/noticias\/bebes-y-navidades-la-necesidad-de-fotografiar-sus-primeras-fiestas\/#webpage"},"articleSection":"Sociedad, Familia, Navidad, sociedad","dateline":"Publicado el diciembre 26, 2023."},{"@type":"Organization","@id":"https:\/\/candas365.es\/noticias\/#organization","name":"Cand\u00e1s 365","description":"Cand\u00e1s 365 es un diario digital independiente, fundado en 2012, con base en Asturias. Informamos con rigor sobre actualidad, sociedad, cultura y ocio, con una mirada local y global.","url":"https:\/\/candas365.es\/noticias\/","email":"info@candas365.es","telephone":"+34652131393","foundingDate":"2012-06-10","logo":{"@type":"ImageObject","url":"https:\/\/candas365.es\/noticias\/wp-content\/uploads\/2024\/09\/Candas-365-Redes.jpg","@id":"https:\/\/candas365.es\/noticias\/bebes-y-navidades-la-necesidad-de-fotografiar-sus-primeras-fiestas\/#organizationLogo","width":1152,"height":864,"caption":"Cand\u00e1s 365 Redes"},"image":{"@id":"https:\/\/candas365.es\/noticias\/bebes-y-navidades-la-necesidad-de-fotografiar-sus-primeras-fiestas\/#organizationLogo"},"sameAs":["https:\/\/www.facebook.com\/Nachofdezber","https:\/\/x.com\/NabercoDigital","https:\/\/www.instagram.com\/nachofdezber\/","https:\/\/www.youtube.com\/channel\/UCZP-2wLEB9Rv6erhFmqVnvg"],"address":{"@id":"https:\/\/candas365.es\/noticias\/#postaladdress","@type":"PostalAddress","streetAddress":"san antonio 4, san antonio 4","postalCode":"33430","addressLocality":"Cand\u00e1s","addressRegion":"Asturias","addressCountry":"ES"}},{"@type":"Person","@id":"https:\/\/candas365.es\/noticias\/author\/admin\/#author","url":"https:\/\/candas365.es\/noticias\/author\/admin\/","name":"Cand\u00e1s 365","image":{"@type":"ImageObject","@id":"https:\/\/candas365.es\/noticias\/bebes-y-navidades-la-necesidad-de-fotografiar-sus-primeras-fiestas\/#authorImage","url":"https:\/\/secure.gravatar.com\/avatar\/496a8e03d0c493ede1718b7934145dbdf8d89be1036b0eec9544e1094c9de390?s=96&d=mm&r=g","width":96,"height":96,"caption":"Cand\u00e1s 365"},"sameAs":["https:\/\/www.facebook.com\/carrenoactualidad","https:\/\/twitter.com\/nbasturias","https:\/\/www.instagram.com\/nachofdezber\/","https:\/\/www.youtube.com\/channel\/UCZP-2wLEB9Rv6erhFmqVnvg"]},{"@type":"WebPage","@id":"https:\/\/candas365.es\/noticias\/bebes-y-navidades-la-necesidad-de-fotografiar-sus-primeras-fiestas\/#webpage","url":"https:\/\/candas365.es\/noticias\/bebes-y-navidades-la-necesidad-de-fotografiar-sus-primeras-fiestas\/","name":"Beb\u00e9s y navidades: la necesidad de fotografiar sus primeras fiestas | Cand\u00e1s 365","description":"#post_excerptYa se acercan una de las \u00e9pocas del a\u00f1o que m\u00e1s re\u00fane a las familias espa\u00f1olas. Desde que existe la tradici\u00f3n de cenar en Nochebuena o Fin de A\u00f1o o incluso","inLanguage":"es-ES","isPartOf":{"@id":"https:\/\/candas365.es\/noticias\/#website"},"breadcrumb":{"@id":"https:\/\/candas365.es\/noticias\/bebes-y-navidades-la-necesidad-de-fotografiar-sus-primeras-fiestas\/#breadcrumblist"},"author":{"@id":"https:\/\/candas365.es\/noticias\/author\/admin\/#author"},"creator":{"@id":"https:\/\/candas365.es\/noticias\/author\/admin\/#author"},"image":{"@type":"ImageObject","url":"https:\/\/candas365.es\/noticias\/wp-content\/uploads\/2023\/12\/tradicion-navidades.jpg","@id":"https:\/\/candas365.es\/noticias\/bebes-y-navidades-la-necesidad-de-fotografiar-sus-primeras-fiestas\/#mainImage","width":640,"height":427,"caption":"tradici\u00f3n navidades"},"primaryImageOfPage":{"@id":"https:\/\/candas365.es\/noticias\/bebes-y-navidades-la-necesidad-de-fotografiar-sus-primeras-fiestas\/#mainImage"},"datePublished":"2023-12-26T16:57:47+01:00","dateModified":"2023-12-26T16:57:47+01:00"},{"@type":"WebSite","@id":"https:\/\/candas365.es\/noticias\/#website","url":"https:\/\/candas365.es\/noticias\/","name":"Cand\u00e1s 365","alternateName":"Cand\u00e1s 365 Noticias","description":"Actualidad desde Carre\u00f1o para el mundo","inLanguage":"es-ES","publisher":{"@id":"https:\/\/candas365.es\/noticias\/#organization"}}]},"og:locale":"es_ES","og:site_name":"Cand\u00e1s 365","og:type":"article","og:title":"Beb\u00e9s y navidades: la necesidad de fotografiar sus primeras fiestas | Cand\u00e1s 365","og:description":"#post_excerptYa se acercan una de las \u00e9pocas del a\u00f1o que m\u00e1s re\u00fane a las familias espa\u00f1olas. Desde que existe la tradici\u00f3n de cenar en Nochebuena o Fin de A\u00f1o o incluso","og:url":"https:\/\/candas365.es\/noticias\/bebes-y-navidades-la-necesidad-de-fotografiar-sus-primeras-fiestas\/","og:image":"https:\/\/candas365.es\/noticias\/wp-content\/uploads\/2023\/12\/tradicion-navidades.jpg","og:image:secure_url":"https:\/\/candas365.es\/noticias\/wp-content\/uploads\/2023\/12\/tradicion-navidades.jpg","og:image:width":640,"og:image:height":427,"article:published_time":"2023-12-26T15:57:47+00:00","article:modified_time":"2023-12-26T15:57:47+00:00","article:publisher":"https:\/\/www.facebook.com\/Nachofdezber","article:author":"https:\/\/www.facebook.com\/carrenoactualidad","twitter:card":"summary_large_image","twitter:site":"@NabercoDigital","twitter:title":"Beb\u00e9s y navidades: la necesidad de fotografiar sus primeras fiestas | Cand\u00e1s 365","twitter:description":"#post_excerptYa se acercan una de las \u00e9pocas del a\u00f1o que m\u00e1s re\u00fane a las familias espa\u00f1olas. Desde que existe la tradici\u00f3n de cenar en Nochebuena o Fin de A\u00f1o o incluso","twitter:creator":"@nbasturias","twitter:image":"https:\/\/candas365.es\/noticias\/wp-content\/uploads\/2023\/12\/tradicion-navidades.jpg","twitter:label1":"Escrito por","twitter:data1":"Cand\u00e1s 365","twitter:label2":"Tiempo de lectura estimado","twitter:data2":"2 minutos"},"aioseo_meta_data":{"post_id":"177511","title":null,"description":"#post_excerptYa se acercan una de las \u00e9pocas del a\u00f1o que m\u00e1s re\u00fane a las familias espa\u00f1olas. Desde que existe la tradici\u00f3n de cenar en Nochebuena o Fin de A\u00f1o o incluso","keywords":[],"keyphrases":{"focus":{"keyphrase":"familias","score":73,"analysis":{"keyphraseInTitle":{"score":3,"maxScore":9,"error":1},"keyphraseInDescription":{"score":9,"maxScore":9,"error":0},"keyphraseLength":{"score":9,"maxScore":9,"error":0,"length":1},"keyphraseInURL":{"score":1,"maxScore":5,"error":1},"keyphraseInIntroduction":{"score":9,"maxScore":9,"error":0},"keyphraseInSubHeadings":[],"keyphraseInImageAlt":{"score":3,"maxScore":9,"error":1},"keywordDensity":{"type":"best","score":9,"maxScore":9,"error":0}}},"additional":[{"keyphrase":" tradici\u00f3n","score":80,"analysis":{"keyphraseInDescription":{"score":9,"maxScore":9,"error":0},"keyphraseLength":{"score":9,"maxScore":9,"error":0,"length":2},"keyphraseInIntroduction":{"score":9,"maxScore":9,"error":0},"keyphraseInImageAlt":{"score":9,"maxScore":9,"error":0},"keywordDensity":{"score":0,"type":"low","maxScore":9,"error":1}}},{"keyphrase":"familias","score":87,"analysis":{"keyphraseInDescription":{"score":9,"maxScore":9,"error":0},"keyphraseLength":{"score":9,"maxScore":9,"error":0,"length":1},"keyphraseInIntroduction":{"score":9,"maxScore":9,"error":0},"keyphraseInImageAlt":{"score":3,"maxScore":9,"error":1},"keywordDensity":{"type":"best","score":9,"maxScore":9,"error":0}}}]},"primary_term":null,"canonical_url":null,"og_title":null,"og_description":null,"og_object_type":"default","og_image_type":"default","og_image_url":null,"og_image_width":null,"og_image_height":null,"og_image_custom_url":null,"og_image_custom_fields":null,"og_video":"","og_custom_url":null,"og_article_section":null,"og_article_tags":[],"twitter_use_og":false,"twitter_card":"default","twitter_image_type":"default","twitter_image_url":null,"twitter_image_custom_url":null,"twitter_image_custom_fields":null,"twitter_title":null,"twitter_description":null,"schema":{"blockGraphs":[],"customGraphs":[],"default":{"data":{"Article":[],"Course":[],"Dataset":[],"FAQPage":[],"Movie":[],"Person":[],"Product":[],"ProductReview":[],"Car":[],"Recipe":[],"Service":[],"SoftwareApplication":[],"WebPage":[]},"graphName":"Article","isEnabled":true},"graphs":[]},"schema_type":"default","schema_type_options":null,"pillar_content":false,"robots_default":true,"robots_noindex":false,"robots_noarchive":false,"robots_nosnippet":false,"robots_nofollow":false,"robots_noimageindex":false,"robots_noodp":false,"robots_notranslate":false,"robots_max_snippet":"-1","robots_max_videopreview":"-1","robots_max_imagepreview":"large","priority":null,"frequency":"default","location":null,"local_seo":null,"seo_analyzer_scan_date":"2025-09-02 02:30:12","breadcrumb_settings":null,"limit_modified_date":false,"reviewed_by":null,"open_ai":"{\"title\":{\"suggestions\":[],\"usage\":0},\"description\":{\"suggestions\":[],\"usage\":0}}","ai":null,"created":"2023-12-26 15:51:28","updated":"2025-09-02 02:30:12"},"aioseo_breadcrumb":"<div class=\"aioseo-breadcrumbs\"><span class=\"aioseo-breadcrumb\">\n\t<a href=\"https:\/\/candas365.es\/noticias\" title=\"Home\">Home<\/a>\n<\/span><span class=\"aioseo-breadcrumb-separator\">&ndash;<\/span><span class=\"aioseo-breadcrumb\">\n\t<a href=\"https:\/\/candas365.es\/noticias\/category\/sociedad\/\" title=\"Sociedad\">Sociedad<\/a>\n<\/span><span class=\"aioseo-breadcrumb-separator\">&ndash;<\/span><span class=\"aioseo-breadcrumb\">\n\tBeb\u00e9s y navidades: la necesidad de fotografiar sus primeras fiestas\n<\/span><\/div>","aioseo_breadcrumb_json":[{"label":"Home","link":"https:\/\/candas365.es\/noticias"},{"label":"Sociedad","link":"https:\/\/candas365.es\/noticias\/category\/sociedad\/"},{"label":"Beb\u00e9s y navidades: la necesidad de fotografiar sus primeras fiestas","link":"https:\/\/candas365.es\/noticias\/bebes-y-navidades-la-necesidad-de-fotografiar-sus-primeras-fiestas\/"}],"_links":{"self":[{"href":"https:\/\/candas365.es\/noticias\/wp-json\/wp\/v2\/posts\/177511","targetHints":{"allow":["GET"]}}],"collection":[{"href":"https:\/\/candas365.es\/noticias\/wp-json\/wp\/v2\/posts"}],"about":[{"href":"https:\/\/candas365.es\/noticias\/wp-json\/wp\/v2\/types\/post"}],"author":[{"embeddable":true,"href":"https:\/\/candas365.es\/noticias\/wp-json\/wp\/v2\/users\/1"}],"replies":[{"embeddable":true,"href":"https:\/\/candas365.es\/noticias\/wp-json\/wp\/v2\/comments?post=177511"}],"version-history":[{"count":0,"href":"https:\/\/candas365.es\/noticias\/wp-json\/wp\/v2\/posts\/177511\/revisions"}],"wp:featuredmedia":[{"embeddable":true,"href":"https:\/\/candas365.es\/noticias\/wp-json\/wp\/v2\/media\/177512"}],"wp:attachment":[{"href":"https:\/\/candas365.es\/noticias\/wp-json\/wp\/v2\/media?parent=177511"}],"wp:term":[{"taxonomy":"category","embeddable":true,"href":"https:\/\/candas365.es\/noticias\/wp-json\/wp\/v2\/categories?post=177511"},{"taxonomy":"post_tag","embeddable":true,"href":"https:\/\/candas365.es\/noticias\/wp-json\/wp\/v2\/tags?post=177511"}],"curies":[{"name":"wp","href":"https:\/\/api.w.org\/{rel}","templated":true}]}}