{"id":177494,"date":"2023-12-26T03:26:22","date_gmt":"2023-12-26T02:26:22","guid":{"rendered":"https:\/\/candas365.es\/noticias\/?p=177494"},"modified":"2023-12-26T03:26:22","modified_gmt":"2023-12-26T02:26:22","slug":"navidad-2023-chapuzon-en-el-lago-senftenberg","status":"publish","type":"post","link":"https:\/\/candas365.es\/noticias\/navidad-2023-chapuzon-en-el-lago-senftenberg\/","title":{"rendered":"Navidad 2023: Chapuz\u00f3n en el lago Senftenberg"},"content":{"rendered":"<p>Senftenberg (Alemania), 24 dic (<a title=\"dpa\" href=\"https:\/\/www.dpa-news.de\/\" target=\"_blank\" rel=\"noopener\"><span style=\"color: #ff6600;\"><strong>dpa<\/strong><\/span><\/a>) &#8211; Miembros de un club de nataci\u00f3n de invierno ataviados con gorros de <a href=\"https:\/\/candas365.es\/noticias\/tag\/navidad\/\"><span style=\"color: #ff6600;\"><strong>Navidad<\/strong><\/span><\/a> se dieron hoy el tradicional fresco chapuz\u00f3n en el lago Senftenberg de Brandenburgo, cerca de Berl\u00edn.<\/p>\n<figure id=\"attachment_177495\" aria-describedby=\"caption-attachment-177495\" style=\"width: 650px\" class=\"wp-caption aligncenter\"><img fetchpriority=\"high\" decoding=\"async\" class=\"size-large wp-image-177495\" src=\"https:\/\/candas365.es\/noticias\/wp-content\/uploads\/2023\/12\/Navidad-en-el-lago-Senftenberg-650x394.jpg\" alt=\"Navidad en el lago Senftenberg\" width=\"650\" height=\"394\" srcset=\"https:\/\/candas365.es\/noticias\/wp-content\/uploads\/2023\/12\/Navidad-en-el-lago-Senftenberg-650x394.jpg 650w, https:\/\/candas365.es\/noticias\/wp-content\/uploads\/2023\/12\/Navidad-en-el-lago-Senftenberg-360x218.jpg 360w, https:\/\/candas365.es\/noticias\/wp-content\/uploads\/2023\/12\/Navidad-en-el-lago-Senftenberg-768x466.jpg 768w, https:\/\/candas365.es\/noticias\/wp-content\/uploads\/2023\/12\/Navidad-en-el-lago-Senftenberg-150x91.jpg 150w, https:\/\/candas365.es\/noticias\/wp-content\/uploads\/2023\/12\/Navidad-en-el-lago-Senftenberg-450x273.jpg 450w, https:\/\/candas365.es\/noticias\/wp-content\/uploads\/2023\/12\/Navidad-en-el-lago-Senftenberg.jpg 1083w\" sizes=\"(max-width: 650px) 100vw, 650px\" \/><figcaption id=\"caption-attachment-177495\" class=\"wp-caption-text\">Miembros del club de nataci\u00f3n de invierno \u00abPirrlliepausen\u00bb celebran el tradicional ba\u00f1o navide\u00f1o en el lago Senftenberg (Brandeburgo), a cuatro grados de temperatura. Foto: Bernd W\u00fcstneck\/dpa<\/figcaption><\/figure>\n<p>Los 25 ba\u00f1istas chapotearon durante unos minutos en el agua a una temperatura de cuatro grados. El a\u00f1o pasado, cuando se dieron el tradicional ba\u00f1o, el agua estaba dos grados m\u00e1s fr\u00eda.<\/p>\n<p><strong>\u00abEs mucho m\u00e1s divertido cuando tienes que abrirte paso para nadar en el lago congelado bajo un cielo azul soleado\u00bb, dijo el portavoz del club de nataci\u00f3n \u00abPirrlliepausen\u00bb<\/strong>, Peter Lehmann, para quien las temperaturas de este a\u00f1o resultaban demasiado elevadas.<\/p>\n<p>Los miembros del club llevan celebrando el ba\u00f1o en el lago Senftenberg todos los 24 de diciembre desde hace 36 a\u00f1os, a excepci\u00f3n de dos a\u00f1os por la <strong>pandemia de coronavirus<\/strong>.<\/p>\n<p>Lehmann explic\u00f3 que el t\u00e9rmino \u00abPirrlliepausen\u00bb es una antigua expresi\u00f3n del norte de Alemania para referirse a los car\u00e1mbanos.<\/p>\n","protected":false},"excerpt":{"rendered":"<p>Senftenberg (Alemania), 24 dic (dpa) &#8211; Miembros de un club de nataci\u00f3n de invierno ataviados con gorros de Navidad se dieron hoy el tradicional fresco chapuz\u00f3n en el lago Senftenberg de Brandenburgo, cerca de Berl\u00edn. Los 25 ba\u00f1istas chapotearon durante unos minutos en el agua a una temperatura de cuatro grados. El a\u00f1o pasado, cuando<\/p>\n","protected":false},"author":1,"featured_media":177495,"comment_status":"closed","ping_status":"closed","sticky":false,"template":"","format":"standard","meta":{"footnotes":""},"categories":[142],"tags":[417,478],"class_list":{"0":"post-177494","1":"post","2":"type-post","3":"status-publish","4":"format-standard","5":"has-post-thumbnail","7":"category-revista","8":"tag-alemania","9":"tag-navidad"},"aioseo_notices":[],"aioseo_head":"\n\t\t<!-- All in One SEO Pro 4.9.6.2 - aioseo.com -->\n\t<meta name=\"description\" content=\"Senftenberg (Alemania), 24 dic (dpa) - Miembros de un club de nataci\u00f3n de invierno ataviados con gorros de Navidad se dieron hoy el tradicional fresco chapuz\u00f3n\" \/>\n\t<meta name=\"robots\" content=\"max-image-preview:large\" \/>\n\t<meta name=\"author\" content=\"Cand\u00e1s 365\"\/>\n\t<meta name=\"google-site-verification\" content=\"UA-32230408-1\" \/>\n\t<meta name=\"msvalidate.01\" content=\"354F3CDFB2DA171B47FBE9ABF1F88D5\" \/>\n\t<meta name=\"keywords\" content=\"revista\" \/>\n\t<link rel=\"canonical\" href=\"https:\/\/candas365.es\/noticias\/navidad-2023-chapuzon-en-el-lago-senftenberg\/\" \/>\n\t<meta name=\"generator\" content=\"All in One SEO Pro (AIOSEO) 4.9.6.2\" \/>\n\t\t<meta property=\"og:locale\" content=\"es_ES\" \/>\n\t\t<meta property=\"og:site_name\" content=\"Cand\u00e1s 365\" \/>\n\t\t<meta property=\"og:type\" content=\"article\" \/>\n\t\t<meta property=\"og:title\" content=\"Navidad 2023: Chapuz\u00f3n en el lago Senftenberg | Cand\u00e1s 365\" \/>\n\t\t<meta property=\"og:description\" content=\"Senftenberg (Alemania), 24 dic (dpa) - Miembros de un club de nataci\u00f3n de invierno ataviados con gorros de Navidad se dieron hoy el tradicional fresco chapuz\u00f3n\" \/>\n\t\t<meta property=\"og:url\" content=\"https:\/\/candas365.es\/noticias\/navidad-2023-chapuzon-en-el-lago-senftenberg\/\" \/>\n\t\t<meta property=\"og:image\" content=\"https:\/\/candas365.es\/noticias\/wp-content\/uploads\/2023\/12\/Navidad-en-el-lago-Senftenberg.jpg\" \/>\n\t\t<meta property=\"og:image:secure_url\" content=\"https:\/\/candas365.es\/noticias\/wp-content\/uploads\/2023\/12\/Navidad-en-el-lago-Senftenberg.jpg\" \/>\n\t\t<meta property=\"og:image:width\" content=\"1083\" \/>\n\t\t<meta property=\"og:image:height\" content=\"657\" \/>\n\t\t<meta property=\"article:published_time\" content=\"2023-12-26T02:26:22+00:00\" \/>\n\t\t<meta property=\"article:modified_time\" content=\"2023-12-26T02:26:22+00:00\" \/>\n\t\t<meta property=\"article:publisher\" content=\"https:\/\/www.facebook.com\/Nachofdezber\" \/>\n\t\t<meta property=\"article:author\" content=\"https:\/\/www.facebook.com\/carrenoactualidad\" \/>\n\t\t<meta name=\"twitter:card\" content=\"summary_large_image\" \/>\n\t\t<meta name=\"twitter:site\" content=\"@NabercoDigital\" \/>\n\t\t<meta name=\"twitter:title\" content=\"Navidad 2023: Chapuz\u00f3n en el lago Senftenberg | Cand\u00e1s 365\" \/>\n\t\t<meta name=\"twitter:description\" content=\"Senftenberg (Alemania), 24 dic (dpa) - Miembros de un club de nataci\u00f3n de invierno ataviados con gorros de Navidad se dieron hoy el tradicional fresco chapuz\u00f3n\" \/>\n\t\t<meta name=\"twitter:creator\" content=\"@nbasturias\" \/>\n\t\t<meta name=\"twitter:image\" content=\"https:\/\/candas365.es\/noticias\/wp-content\/uploads\/2023\/12\/Navidad-en-el-lago-Senftenberg.jpg\" \/>\n\t\t<meta name=\"twitter:label1\" content=\"Escrito por\" \/>\n\t\t<meta name=\"twitter:data1\" content=\"Cand\u00e1s 365\" \/>\n\t\t<meta name=\"twitter:label2\" content=\"Tiempo de lectura estimado\" \/>\n\t\t<meta name=\"twitter:data2\" content=\"1 minuto\" \/>\n\t\t<script type=\"application\/ld+json\" class=\"aioseo-schema\">\n\t\t\t{\"@context\":\"https:\\\/\\\/schema.org\",\"@graph\":[{\"@type\":\"BreadcrumbList\",\"@id\":\"https:\\\/\\\/candas365.es\\\/noticias\\\/navidad-2023-chapuzon-en-el-lago-senftenberg\\\/#breadcrumblist\",\"itemListElement\":[{\"@type\":\"ListItem\",\"@id\":\"https:\\\/\\\/candas365.es\\\/noticias#listItem\",\"position\":1,\"name\":\"Home\",\"item\":\"https:\\\/\\\/candas365.es\\\/noticias\",\"nextItem\":{\"@type\":\"ListItem\",\"@id\":\"https:\\\/\\\/candas365.es\\\/noticias\\\/category\\\/revista\\\/#listItem\",\"name\":\"Revista\"}},{\"@type\":\"ListItem\",\"@id\":\"https:\\\/\\\/candas365.es\\\/noticias\\\/category\\\/revista\\\/#listItem\",\"position\":2,\"name\":\"Revista\",\"item\":\"https:\\\/\\\/candas365.es\\\/noticias\\\/category\\\/revista\\\/\",\"nextItem\":{\"@type\":\"ListItem\",\"@id\":\"https:\\\/\\\/candas365.es\\\/noticias\\\/navidad-2023-chapuzon-en-el-lago-senftenberg\\\/#listItem\",\"name\":\"Navidad 2023: Chapuz\\u00f3n en el lago Senftenberg\"},\"previousItem\":{\"@type\":\"ListItem\",\"@id\":\"https:\\\/\\\/candas365.es\\\/noticias#listItem\",\"name\":\"Home\"}},{\"@type\":\"ListItem\",\"@id\":\"https:\\\/\\\/candas365.es\\\/noticias\\\/navidad-2023-chapuzon-en-el-lago-senftenberg\\\/#listItem\",\"position\":3,\"name\":\"Navidad 2023: Chapuz\\u00f3n en el lago Senftenberg\",\"previousItem\":{\"@type\":\"ListItem\",\"@id\":\"https:\\\/\\\/candas365.es\\\/noticias\\\/category\\\/revista\\\/#listItem\",\"name\":\"Revista\"}}]},{\"@type\":\"NewsArticle\",\"@id\":\"https:\\\/\\\/candas365.es\\\/noticias\\\/navidad-2023-chapuzon-en-el-lago-senftenberg\\\/#newsarticle\",\"name\":\"Navidad 2023: Chapuz\\u00f3n en el lago Senftenberg | Cand\\u00e1s 365\",\"headline\":\"Navidad 2023: Chapuz\\u00f3n en el lago Senftenberg\",\"author\":{\"@id\":\"https:\\\/\\\/candas365.es\\\/noticias\\\/author\\\/admin\\\/#author\"},\"publisher\":{\"@id\":\"https:\\\/\\\/candas365.es\\\/noticias\\\/#organization\"},\"image\":{\"@type\":\"ImageObject\",\"url\":\"https:\\\/\\\/candas365.es\\\/noticias\\\/wp-content\\\/uploads\\\/2023\\\/12\\\/Navidad-en-el-lago-Senftenberg.jpg\",\"width\":1083,\"height\":657,\"caption\":\"Miembros del club de nataci\\u00f3n de invierno \\\"Pirrlliepausen\\\" celebran el tradicional ba\\u00f1o navide\\u00f1o en el lago Senftenberg (Brandeburgo), a cuatro grados de temperatura. Foto: Bernd W\\u00fcstneck\\\/dpa\"},\"datePublished\":\"2023-12-26T03:26:22+01:00\",\"dateModified\":\"2023-12-26T03:26:22+01:00\",\"inLanguage\":\"es-ES\",\"mainEntityOfPage\":{\"@id\":\"https:\\\/\\\/candas365.es\\\/noticias\\\/navidad-2023-chapuzon-en-el-lago-senftenberg\\\/#webpage\"},\"isPartOf\":{\"@id\":\"https:\\\/\\\/candas365.es\\\/noticias\\\/navidad-2023-chapuzon-en-el-lago-senftenberg\\\/#webpage\"},\"articleSection\":\"Revista, Alemania, Navidad\",\"dateline\":\"Publicado el diciembre 26, 2023.\"},{\"@type\":\"Organization\",\"@id\":\"https:\\\/\\\/candas365.es\\\/noticias\\\/#organization\",\"name\":\"Cand\\u00e1s 365\",\"description\":\"Cand\\u00e1s 365 es un diario digital independiente, fundado en 2012, con base en Asturias. Informamos con rigor sobre actualidad, sociedad, cultura y ocio, con una mirada local y global.\",\"url\":\"https:\\\/\\\/candas365.es\\\/noticias\\\/\",\"email\":\"info@candas365.es\",\"telephone\":\"+34652131393\",\"foundingDate\":\"2012-06-10\",\"logo\":{\"@type\":\"ImageObject\",\"url\":\"https:\\\/\\\/candas365.es\\\/noticias\\\/wp-content\\\/uploads\\\/2024\\\/09\\\/Candas-365-Redes.jpg\",\"@id\":\"https:\\\/\\\/candas365.es\\\/noticias\\\/navidad-2023-chapuzon-en-el-lago-senftenberg\\\/#organizationLogo\",\"width\":1152,\"height\":864,\"caption\":\"Cand\\u00e1s 365 Redes\"},\"image\":{\"@id\":\"https:\\\/\\\/candas365.es\\\/noticias\\\/navidad-2023-chapuzon-en-el-lago-senftenberg\\\/#organizationLogo\"},\"sameAs\":[\"https:\\\/\\\/www.facebook.com\\\/Nachofdezber\",\"https:\\\/\\\/x.com\\\/NabercoDigital\",\"https:\\\/\\\/www.instagram.com\\\/nachofdezber\\\/\",\"https:\\\/\\\/www.youtube.com\\\/channel\\\/UCZP-2wLEB9Rv6erhFmqVnvg\"],\"address\":{\"@id\":\"https:\\\/\\\/candas365.es\\\/noticias\\\/#postaladdress\",\"@type\":\"PostalAddress\",\"streetAddress\":\"san antonio 4, san antonio 4\",\"postalCode\":\"33430\",\"addressLocality\":\"Cand\\u00e1s\",\"addressRegion\":\"Asturias\",\"addressCountry\":\"ES\"}},{\"@type\":\"Person\",\"@id\":\"https:\\\/\\\/candas365.es\\\/noticias\\\/author\\\/admin\\\/#author\",\"url\":\"https:\\\/\\\/candas365.es\\\/noticias\\\/author\\\/admin\\\/\",\"name\":\"Cand\\u00e1s 365\",\"image\":{\"@type\":\"ImageObject\",\"@id\":\"https:\\\/\\\/candas365.es\\\/noticias\\\/navidad-2023-chapuzon-en-el-lago-senftenberg\\\/#authorImage\",\"url\":\"https:\\\/\\\/secure.gravatar.com\\\/avatar\\\/496a8e03d0c493ede1718b7934145dbdf8d89be1036b0eec9544e1094c9de390?s=96&d=mm&r=g\",\"width\":96,\"height\":96,\"caption\":\"Cand\\u00e1s 365\"},\"sameAs\":[\"https:\\\/\\\/www.facebook.com\\\/carrenoactualidad\",\"https:\\\/\\\/twitter.com\\\/nbasturias\",\"https:\\\/\\\/www.instagram.com\\\/nachofdezber\\\/\",\"https:\\\/\\\/www.youtube.com\\\/channel\\\/UCZP-2wLEB9Rv6erhFmqVnvg\"]},{\"@type\":\"WebPage\",\"@id\":\"https:\\\/\\\/candas365.es\\\/noticias\\\/navidad-2023-chapuzon-en-el-lago-senftenberg\\\/#webpage\",\"url\":\"https:\\\/\\\/candas365.es\\\/noticias\\\/navidad-2023-chapuzon-en-el-lago-senftenberg\\\/\",\"name\":\"Navidad 2023: Chapuz\\u00f3n en el lago Senftenberg | Cand\\u00e1s 365\",\"description\":\"Senftenberg (Alemania), 24 dic (dpa) - Miembros de un club de nataci\\u00f3n de invierno ataviados con gorros de Navidad se dieron hoy el tradicional fresco chapuz\\u00f3n\",\"inLanguage\":\"es-ES\",\"isPartOf\":{\"@id\":\"https:\\\/\\\/candas365.es\\\/noticias\\\/#website\"},\"breadcrumb\":{\"@id\":\"https:\\\/\\\/candas365.es\\\/noticias\\\/navidad-2023-chapuzon-en-el-lago-senftenberg\\\/#breadcrumblist\"},\"author\":{\"@id\":\"https:\\\/\\\/candas365.es\\\/noticias\\\/author\\\/admin\\\/#author\"},\"creator\":{\"@id\":\"https:\\\/\\\/candas365.es\\\/noticias\\\/author\\\/admin\\\/#author\"},\"image\":{\"@type\":\"ImageObject\",\"url\":\"https:\\\/\\\/candas365.es\\\/noticias\\\/wp-content\\\/uploads\\\/2023\\\/12\\\/Navidad-en-el-lago-Senftenberg.jpg\",\"@id\":\"https:\\\/\\\/candas365.es\\\/noticias\\\/navidad-2023-chapuzon-en-el-lago-senftenberg\\\/#mainImage\",\"width\":1083,\"height\":657,\"caption\":\"Miembros del club de nataci\\u00f3n de invierno \\\"Pirrlliepausen\\\" celebran el tradicional ba\\u00f1o navide\\u00f1o en el lago Senftenberg (Brandeburgo), a cuatro grados de temperatura. Foto: Bernd W\\u00fcstneck\\\/dpa\"},\"primaryImageOfPage\":{\"@id\":\"https:\\\/\\\/candas365.es\\\/noticias\\\/navidad-2023-chapuzon-en-el-lago-senftenberg\\\/#mainImage\"},\"datePublished\":\"2023-12-26T03:26:22+01:00\",\"dateModified\":\"2023-12-26T03:26:22+01:00\"},{\"@type\":\"WebSite\",\"@id\":\"https:\\\/\\\/candas365.es\\\/noticias\\\/#website\",\"url\":\"https:\\\/\\\/candas365.es\\\/noticias\\\/\",\"name\":\"Cand\\u00e1s 365\",\"alternateName\":\"Cand\\u00e1s 365 Noticias\",\"description\":\"Actualidad desde Carre\\u00f1o para el mundo\",\"inLanguage\":\"es-ES\",\"publisher\":{\"@id\":\"https:\\\/\\\/candas365.es\\\/noticias\\\/#organization\"}}]}\n\t\t<\/script>\n\t\t<!-- All in One SEO Pro -->\r\n\t\t<title>Navidad 2023: Chapuz\u00f3n en el lago Senftenberg | Cand\u00e1s 365<\/title>\n\n","aioseo_head_json":{"title":"Navidad 2023: Chapuz\u00f3n en el lago Senftenberg | Cand\u00e1s 365","description":"Senftenberg (Alemania), 24 dic (dpa) - Miembros de un club de nataci\u00f3n de invierno ataviados con gorros de Navidad se dieron hoy el tradicional fresco chapuz\u00f3n","canonical_url":"https:\/\/candas365.es\/noticias\/navidad-2023-chapuzon-en-el-lago-senftenberg\/","robots":"max-image-preview:large","keywords":"revista","webmasterTools":{"google-site-verification":"UA-32230408-1","msvalidate.01":"354F3CDFB2DA171B47FBE9ABF1F88D5","miscellaneous":""},"schema":{"@context":"https:\/\/schema.org","@graph":[{"@type":"BreadcrumbList","@id":"https:\/\/candas365.es\/noticias\/navidad-2023-chapuzon-en-el-lago-senftenberg\/#breadcrumblist","itemListElement":[{"@type":"ListItem","@id":"https:\/\/candas365.es\/noticias#listItem","position":1,"name":"Home","item":"https:\/\/candas365.es\/noticias","nextItem":{"@type":"ListItem","@id":"https:\/\/candas365.es\/noticias\/category\/revista\/#listItem","name":"Revista"}},{"@type":"ListItem","@id":"https:\/\/candas365.es\/noticias\/category\/revista\/#listItem","position":2,"name":"Revista","item":"https:\/\/candas365.es\/noticias\/category\/revista\/","nextItem":{"@type":"ListItem","@id":"https:\/\/candas365.es\/noticias\/navidad-2023-chapuzon-en-el-lago-senftenberg\/#listItem","name":"Navidad 2023: Chapuz\u00f3n en el lago Senftenberg"},"previousItem":{"@type":"ListItem","@id":"https:\/\/candas365.es\/noticias#listItem","name":"Home"}},{"@type":"ListItem","@id":"https:\/\/candas365.es\/noticias\/navidad-2023-chapuzon-en-el-lago-senftenberg\/#listItem","position":3,"name":"Navidad 2023: Chapuz\u00f3n en el lago Senftenberg","previousItem":{"@type":"ListItem","@id":"https:\/\/candas365.es\/noticias\/category\/revista\/#listItem","name":"Revista"}}]},{"@type":"NewsArticle","@id":"https:\/\/candas365.es\/noticias\/navidad-2023-chapuzon-en-el-lago-senftenberg\/#newsarticle","name":"Navidad 2023: Chapuz\u00f3n en el lago Senftenberg | Cand\u00e1s 365","headline":"Navidad 2023: Chapuz\u00f3n en el lago Senftenberg","author":{"@id":"https:\/\/candas365.es\/noticias\/author\/admin\/#author"},"publisher":{"@id":"https:\/\/candas365.es\/noticias\/#organization"},"image":{"@type":"ImageObject","url":"https:\/\/candas365.es\/noticias\/wp-content\/uploads\/2023\/12\/Navidad-en-el-lago-Senftenberg.jpg","width":1083,"height":657,"caption":"Miembros del club de nataci\u00f3n de invierno \"Pirrlliepausen\" celebran el tradicional ba\u00f1o navide\u00f1o en el lago Senftenberg (Brandeburgo), a cuatro grados de temperatura. Foto: Bernd W\u00fcstneck\/dpa"},"datePublished":"2023-12-26T03:26:22+01:00","dateModified":"2023-12-26T03:26:22+01:00","inLanguage":"es-ES","mainEntityOfPage":{"@id":"https:\/\/candas365.es\/noticias\/navidad-2023-chapuzon-en-el-lago-senftenberg\/#webpage"},"isPartOf":{"@id":"https:\/\/candas365.es\/noticias\/navidad-2023-chapuzon-en-el-lago-senftenberg\/#webpage"},"articleSection":"Revista, Alemania, Navidad","dateline":"Publicado el diciembre 26, 2023."},{"@type":"Organization","@id":"https:\/\/candas365.es\/noticias\/#organization","name":"Cand\u00e1s 365","description":"Cand\u00e1s 365 es un diario digital independiente, fundado en 2012, con base en Asturias. Informamos con rigor sobre actualidad, sociedad, cultura y ocio, con una mirada local y global.","url":"https:\/\/candas365.es\/noticias\/","email":"info@candas365.es","telephone":"+34652131393","foundingDate":"2012-06-10","logo":{"@type":"ImageObject","url":"https:\/\/candas365.es\/noticias\/wp-content\/uploads\/2024\/09\/Candas-365-Redes.jpg","@id":"https:\/\/candas365.es\/noticias\/navidad-2023-chapuzon-en-el-lago-senftenberg\/#organizationLogo","width":1152,"height":864,"caption":"Cand\u00e1s 365 Redes"},"image":{"@id":"https:\/\/candas365.es\/noticias\/navidad-2023-chapuzon-en-el-lago-senftenberg\/#organizationLogo"},"sameAs":["https:\/\/www.facebook.com\/Nachofdezber","https:\/\/x.com\/NabercoDigital","https:\/\/www.instagram.com\/nachofdezber\/","https:\/\/www.youtube.com\/channel\/UCZP-2wLEB9Rv6erhFmqVnvg"],"address":{"@id":"https:\/\/candas365.es\/noticias\/#postaladdress","@type":"PostalAddress","streetAddress":"san antonio 4, san antonio 4","postalCode":"33430","addressLocality":"Cand\u00e1s","addressRegion":"Asturias","addressCountry":"ES"}},{"@type":"Person","@id":"https:\/\/candas365.es\/noticias\/author\/admin\/#author","url":"https:\/\/candas365.es\/noticias\/author\/admin\/","name":"Cand\u00e1s 365","image":{"@type":"ImageObject","@id":"https:\/\/candas365.es\/noticias\/navidad-2023-chapuzon-en-el-lago-senftenberg\/#authorImage","url":"https:\/\/secure.gravatar.com\/avatar\/496a8e03d0c493ede1718b7934145dbdf8d89be1036b0eec9544e1094c9de390?s=96&d=mm&r=g","width":96,"height":96,"caption":"Cand\u00e1s 365"},"sameAs":["https:\/\/www.facebook.com\/carrenoactualidad","https:\/\/twitter.com\/nbasturias","https:\/\/www.instagram.com\/nachofdezber\/","https:\/\/www.youtube.com\/channel\/UCZP-2wLEB9Rv6erhFmqVnvg"]},{"@type":"WebPage","@id":"https:\/\/candas365.es\/noticias\/navidad-2023-chapuzon-en-el-lago-senftenberg\/#webpage","url":"https:\/\/candas365.es\/noticias\/navidad-2023-chapuzon-en-el-lago-senftenberg\/","name":"Navidad 2023: Chapuz\u00f3n en el lago Senftenberg | Cand\u00e1s 365","description":"Senftenberg (Alemania), 24 dic (dpa) - Miembros de un club de nataci\u00f3n de invierno ataviados con gorros de Navidad se dieron hoy el tradicional fresco chapuz\u00f3n","inLanguage":"es-ES","isPartOf":{"@id":"https:\/\/candas365.es\/noticias\/#website"},"breadcrumb":{"@id":"https:\/\/candas365.es\/noticias\/navidad-2023-chapuzon-en-el-lago-senftenberg\/#breadcrumblist"},"author":{"@id":"https:\/\/candas365.es\/noticias\/author\/admin\/#author"},"creator":{"@id":"https:\/\/candas365.es\/noticias\/author\/admin\/#author"},"image":{"@type":"ImageObject","url":"https:\/\/candas365.es\/noticias\/wp-content\/uploads\/2023\/12\/Navidad-en-el-lago-Senftenberg.jpg","@id":"https:\/\/candas365.es\/noticias\/navidad-2023-chapuzon-en-el-lago-senftenberg\/#mainImage","width":1083,"height":657,"caption":"Miembros del club de nataci\u00f3n de invierno \"Pirrlliepausen\" celebran el tradicional ba\u00f1o navide\u00f1o en el lago Senftenberg (Brandeburgo), a cuatro grados de temperatura. Foto: Bernd W\u00fcstneck\/dpa"},"primaryImageOfPage":{"@id":"https:\/\/candas365.es\/noticias\/navidad-2023-chapuzon-en-el-lago-senftenberg\/#mainImage"},"datePublished":"2023-12-26T03:26:22+01:00","dateModified":"2023-12-26T03:26:22+01:00"},{"@type":"WebSite","@id":"https:\/\/candas365.es\/noticias\/#website","url":"https:\/\/candas365.es\/noticias\/","name":"Cand\u00e1s 365","alternateName":"Cand\u00e1s 365 Noticias","description":"Actualidad desde Carre\u00f1o para el mundo","inLanguage":"es-ES","publisher":{"@id":"https:\/\/candas365.es\/noticias\/#organization"}}]},"og:locale":"es_ES","og:site_name":"Cand\u00e1s 365","og:type":"article","og:title":"Navidad 2023: Chapuz\u00f3n en el lago Senftenberg | Cand\u00e1s 365","og:description":"Senftenberg (Alemania), 24 dic (dpa) - Miembros de un club de nataci\u00f3n de invierno ataviados con gorros de Navidad se dieron hoy el tradicional fresco chapuz\u00f3n","og:url":"https:\/\/candas365.es\/noticias\/navidad-2023-chapuzon-en-el-lago-senftenberg\/","og:image":"https:\/\/candas365.es\/noticias\/wp-content\/uploads\/2023\/12\/Navidad-en-el-lago-Senftenberg.jpg","og:image:secure_url":"https:\/\/candas365.es\/noticias\/wp-content\/uploads\/2023\/12\/Navidad-en-el-lago-Senftenberg.jpg","og:image:width":1083,"og:image:height":657,"article:published_time":"2023-12-26T02:26:22+00:00","article:modified_time":"2023-12-26T02:26:22+00:00","article:publisher":"https:\/\/www.facebook.com\/Nachofdezber","article:author":"https:\/\/www.facebook.com\/carrenoactualidad","twitter:card":"summary_large_image","twitter:site":"@NabercoDigital","twitter:title":"Navidad 2023: Chapuz\u00f3n en el lago Senftenberg | Cand\u00e1s 365","twitter:description":"Senftenberg (Alemania), 24 dic (dpa) - Miembros de un club de nataci\u00f3n de invierno ataviados con gorros de Navidad se dieron hoy el tradicional fresco chapuz\u00f3n","twitter:creator":"@nbasturias","twitter:image":"https:\/\/candas365.es\/noticias\/wp-content\/uploads\/2023\/12\/Navidad-en-el-lago-Senftenberg.jpg","twitter:label1":"Escrito por","twitter:data1":"Cand\u00e1s 365","twitter:label2":"Tiempo de lectura estimado","twitter:data2":"1 minuto"},"aioseo_meta_data":{"post_id":"177494","title":null,"description":"Senftenberg (Alemania), 24 dic (dpa) - Miembros de un club de nataci\u00f3n de invierno ataviados con gorros de Navidad se dieron hoy el tradicional fresco chapuz\u00f3n","keywords":[],"keyphrases":{"focus":{"keyphrase":"Senftenberg","score":93,"analysis":{"keyphraseInTitle":{"score":9,"maxScore":9,"error":0},"keyphraseInDescription":{"score":9,"maxScore":9,"error":0},"keyphraseLength":{"score":9,"maxScore":9,"error":0,"length":1},"keyphraseInURL":{"score":1,"maxScore":5,"error":1},"keyphraseInIntroduction":{"score":9,"maxScore":9,"error":0},"keyphraseInSubHeadings":[],"keyphraseInImageAlt":{"score":9,"maxScore":9,"error":0},"keywordDensity":{"type":"best","score":9,"maxScore":9,"error":0}}},"additional":[{"keyphrase":"Navidad","score":80,"analysis":{"keyphraseInDescription":{"score":9,"maxScore":9,"error":0},"keyphraseLength":{"score":9,"maxScore":9,"error":0,"length":1},"keyphraseInIntroduction":{"score":9,"maxScore":9,"error":0},"keyphraseInImageAlt":{"score":9,"maxScore":9,"error":0},"keywordDensity":{"score":0,"type":"low","maxScore":9,"error":1}}},{"keyphrase":"Senftenberg","score":100,"analysis":{"keyphraseInDescription":{"score":9,"maxScore":9,"error":0},"keyphraseLength":{"score":9,"maxScore":9,"error":0,"length":1},"keyphraseInIntroduction":{"score":9,"maxScore":9,"error":0},"keyphraseInImageAlt":{"score":9,"maxScore":9,"error":0},"keywordDensity":{"type":"best","score":9,"maxScore":9,"error":0}}}]},"primary_term":null,"canonical_url":null,"og_title":null,"og_description":null,"og_object_type":"default","og_image_type":"default","og_image_url":null,"og_image_width":null,"og_image_height":null,"og_image_custom_url":null,"og_image_custom_fields":null,"og_video":"","og_custom_url":null,"og_article_section":null,"og_article_tags":[],"twitter_use_og":false,"twitter_card":"default","twitter_image_type":"default","twitter_image_url":null,"twitter_image_custom_url":null,"twitter_image_custom_fields":null,"twitter_title":null,"twitter_description":null,"schema":{"blockGraphs":[],"customGraphs":[],"default":{"data":{"Article":[],"Course":[],"Dataset":[],"FAQPage":[],"Movie":[],"Person":[],"Product":[],"ProductReview":[],"Car":[],"Recipe":[],"Service":[],"SoftwareApplication":[],"WebPage":[]},"graphName":"Article","isEnabled":true},"graphs":[]},"schema_type":"default","schema_type_options":null,"pillar_content":false,"robots_default":true,"robots_noindex":false,"robots_noarchive":false,"robots_nosnippet":false,"robots_nofollow":false,"robots_noimageindex":false,"robots_noodp":false,"robots_notranslate":false,"robots_max_snippet":"-1","robots_max_videopreview":"-1","robots_max_imagepreview":"large","priority":null,"frequency":"default","location":null,"local_seo":null,"seo_analyzer_scan_date":"2025-09-02 02:28:59","breadcrumb_settings":null,"limit_modified_date":false,"reviewed_by":null,"open_ai":"{\"title\":{\"suggestions\":[],\"usage\":0},\"description\":{\"suggestions\":[],\"usage\":0}}","ai":null,"created":"2023-12-26 02:19:47","updated":"2025-09-02 02:28:59"},"aioseo_breadcrumb":"<div class=\"aioseo-breadcrumbs\"><span class=\"aioseo-breadcrumb\">\n\t<a href=\"https:\/\/candas365.es\/noticias\" title=\"Home\">Home<\/a>\n<\/span><span class=\"aioseo-breadcrumb-separator\">&ndash;<\/span><span class=\"aioseo-breadcrumb\">\n\t<a href=\"https:\/\/candas365.es\/noticias\/category\/revista\/\" title=\"Revista\">Revista<\/a>\n<\/span><span class=\"aioseo-breadcrumb-separator\">&ndash;<\/span><span class=\"aioseo-breadcrumb\">\n\tNavidad 2023: Chapuz\u00f3n en el lago Senftenberg\n<\/span><\/div>","aioseo_breadcrumb_json":[{"label":"Home","link":"https:\/\/candas365.es\/noticias"},{"label":"Revista","link":"https:\/\/candas365.es\/noticias\/category\/revista\/"},{"label":"Navidad 2023: Chapuz\u00f3n en el lago Senftenberg","link":"https:\/\/candas365.es\/noticias\/navidad-2023-chapuzon-en-el-lago-senftenberg\/"}],"_links":{"self":[{"href":"https:\/\/candas365.es\/noticias\/wp-json\/wp\/v2\/posts\/177494","targetHints":{"allow":["GET"]}}],"collection":[{"href":"https:\/\/candas365.es\/noticias\/wp-json\/wp\/v2\/posts"}],"about":[{"href":"https:\/\/candas365.es\/noticias\/wp-json\/wp\/v2\/types\/post"}],"author":[{"embeddable":true,"href":"https:\/\/candas365.es\/noticias\/wp-json\/wp\/v2\/users\/1"}],"replies":[{"embeddable":true,"href":"https:\/\/candas365.es\/noticias\/wp-json\/wp\/v2\/comments?post=177494"}],"version-history":[{"count":0,"href":"https:\/\/candas365.es\/noticias\/wp-json\/wp\/v2\/posts\/177494\/revisions"}],"wp:featuredmedia":[{"embeddable":true,"href":"https:\/\/candas365.es\/noticias\/wp-json\/wp\/v2\/media\/177495"}],"wp:attachment":[{"href":"https:\/\/candas365.es\/noticias\/wp-json\/wp\/v2\/media?parent=177494"}],"wp:term":[{"taxonomy":"category","embeddable":true,"href":"https:\/\/candas365.es\/noticias\/wp-json\/wp\/v2\/categories?post=177494"},{"taxonomy":"post_tag","embeddable":true,"href":"https:\/\/candas365.es\/noticias\/wp-json\/wp\/v2\/tags?post=177494"}],"curies":[{"name":"wp","href":"https:\/\/api.w.org\/{rel}","templated":true}]}}