{"id":177484,"date":"2023-12-25T19:59:54","date_gmt":"2023-12-25T18:59:54","guid":{"rendered":"https:\/\/candas365.es\/noticias\/?p=177484"},"modified":"2023-12-25T19:59:54","modified_gmt":"2023-12-25T18:59:54","slug":"manifestantes-propalestinos-piden-en-berlin-el-fin-de-la-guerra","status":"publish","type":"post","link":"https:\/\/candas365.es\/noticias\/manifestantes-propalestinos-piden-en-berlin-el-fin-de-la-guerra\/","title":{"rendered":"Manifestantes propalestinos piden en Berl\u00edn el fin de la guerra"},"content":{"rendered":"<p>Berl\u00edn, 23 dic (<a title=\"dpa\" href=\"https:\/\/www.dpa-news.de\/\" target=\"_blank\" rel=\"noopener\"><span style=\"color: #ff6600;\"><strong>dpa<\/strong><\/span><\/a>) \u2013 Una manifestaci\u00f3n pro palestina en Berl\u00edn para pedir el fin de la guerra en la<a href=\"https:\/\/candas365.es\/noticias\/category\/internacional\/\"><span style=\"color: #ff6600;\"><strong> Franja de Gaza<\/strong><\/span><\/a> congreg\u00f3 hoy a unas 2.000 personas, seg\u00fan cifras policiales.<\/p>\n<figure id=\"attachment_177485\" aria-describedby=\"caption-attachment-177485\" style=\"width: 650px\" class=\"wp-caption aligncenter\"><img fetchpriority=\"high\" decoding=\"async\" class=\"size-large wp-image-177485\" src=\"https:\/\/candas365.es\/noticias\/wp-content\/uploads\/2023\/12\/manifestantes-650x439.jpg\" alt=\"manifestantes\" width=\"650\" height=\"439\" srcset=\"https:\/\/candas365.es\/noticias\/wp-content\/uploads\/2023\/12\/manifestantes-650x439.jpg 650w, https:\/\/candas365.es\/noticias\/wp-content\/uploads\/2023\/12\/manifestantes-360x243.jpg 360w, https:\/\/candas365.es\/noticias\/wp-content\/uploads\/2023\/12\/manifestantes-768x519.jpg 768w, https:\/\/candas365.es\/noticias\/wp-content\/uploads\/2023\/12\/manifestantes-150x101.jpg 150w, https:\/\/candas365.es\/noticias\/wp-content\/uploads\/2023\/12\/manifestantes-450x304.jpg 450w, https:\/\/candas365.es\/noticias\/wp-content\/uploads\/2023\/12\/manifestantes.jpg 995w\" sizes=\"(max-width: 650px) 100vw, 650px\" \/><figcaption id=\"caption-attachment-177485\" class=\"wp-caption-text\">Foto: Christoph Soeder\/dpa<\/figcaption><\/figure>\n<p>Los manifestantes marcharon desde el barrio de Kreuzberg hasta la Puerta de Brandeburgo, en el centro de la ciudad, bajo el lema \u00abSolidaridad con Palestina\u00bb.<\/p>\n<p>Los organizadores contaban con la asistencia de unas 5.000 personas pero la Polic\u00eda cifr\u00f3 el n\u00famero de participantes en unos 2.000. <strong>Seg\u00fan un portavoz policial, la manifestaci\u00f3n se desarroll\u00f3 pac\u00edficamente.<\/strong><\/p>\n<p>Los manifestantes llevaban pa\u00f1uelos palestinos y pancartas en las que se condenaba el bombardeo de la Franja de Gaza como crimen de guerra y se ped\u00eda libertad para Palestina. Tambi\u00e9n ondearon banderas palestinas y corearon: \u00abAlto al asesinato, alto a la guerra, alto al genocidio de Gaza\u00bb.<\/p>\n<p>La secci\u00f3n del distrito berlin\u00e9s de Neuk\u00f6lln del partido La Izquierda hab\u00eda convocado a la marcha. <strong>La formaci\u00f3n inst\u00f3 al Gobierno alem\u00e1n a trabajar por un alto el fuego inmediato y duradero y por el levantamiento del bloqueo de la Franja de Gaza.<\/strong><\/p>\n<p>La Izquierda exigi\u00f3 asimismo la entrada de ayuda humanitaria para atender a la poblaci\u00f3n civil.<\/p>\n","protected":false},"excerpt":{"rendered":"<p>Berl\u00edn, 23 dic (dpa) \u2013 Una manifestaci\u00f3n pro palestina en Berl\u00edn para pedir el fin de la guerra en la Franja de Gaza congreg\u00f3 hoy a unas 2.000 personas, seg\u00fan cifras policiales. Los manifestantes marcharon desde el barrio de Kreuzberg hasta la Puerta de Brandeburgo, en el centro de la ciudad, bajo el lema \u00abSolidaridad<\/p>\n","protected":false},"author":1,"featured_media":177485,"comment_status":"closed","ping_status":"closed","sticky":false,"template":"","format":"standard","meta":{"footnotes":""},"categories":[485],"tags":[417,464,418],"class_list":{"0":"post-177484","1":"post","2":"type-post","3":"status-publish","4":"format-standard","5":"has-post-thumbnail","7":"category-internacional","8":"tag-alemania","9":"tag-conflictos","10":"tag-internacional"},"aioseo_notices":[],"aioseo_head":"\n\t\t<!-- All in One SEO Pro 4.9.6.2 - aioseo.com -->\n\t<meta name=\"description\" content=\"Berl\u00edn, 23 dic (dpa) \u2013 Una manifestaci\u00f3n pro palestina en Berl\u00edn para pedir el fin de la guerra en la Franja de Gaza congreg\u00f3 hoy a unas 2.000 personas,\" \/>\n\t<meta name=\"robots\" content=\"max-image-preview:large\" \/>\n\t<meta name=\"author\" content=\"Cand\u00e1s 365\"\/>\n\t<meta name=\"google-site-verification\" content=\"UA-32230408-1\" \/>\n\t<meta name=\"msvalidate.01\" content=\"354F3CDFB2DA171B47FBE9ABF1F88D5\" \/>\n\t<meta name=\"keywords\" content=\"internacional\" \/>\n\t<link rel=\"canonical\" href=\"https:\/\/candas365.es\/noticias\/manifestantes-propalestinos-piden-en-berlin-el-fin-de-la-guerra\/\" \/>\n\t<meta name=\"generator\" content=\"All in One SEO Pro (AIOSEO) 4.9.6.2\" \/>\n\t\t<meta property=\"og:locale\" content=\"es_ES\" \/>\n\t\t<meta property=\"og:site_name\" content=\"Cand\u00e1s 365\" \/>\n\t\t<meta property=\"og:type\" content=\"article\" \/>\n\t\t<meta property=\"og:title\" content=\"Manifestantes propalestinos piden en Berl\u00edn el fin de la guerra | Cand\u00e1s 365\" \/>\n\t\t<meta property=\"og:description\" content=\"Berl\u00edn, 23 dic (dpa) \u2013 Una manifestaci\u00f3n pro palestina en Berl\u00edn para pedir el fin de la guerra en la Franja de Gaza congreg\u00f3 hoy a unas 2.000 personas,\" \/>\n\t\t<meta property=\"og:url\" content=\"https:\/\/candas365.es\/noticias\/manifestantes-propalestinos-piden-en-berlin-el-fin-de-la-guerra\/\" \/>\n\t\t<meta property=\"og:image\" content=\"https:\/\/candas365.es\/noticias\/wp-content\/uploads\/2023\/12\/manifestantes.jpg\" \/>\n\t\t<meta property=\"og:image:secure_url\" content=\"https:\/\/candas365.es\/noticias\/wp-content\/uploads\/2023\/12\/manifestantes.jpg\" \/>\n\t\t<meta property=\"og:image:width\" content=\"995\" \/>\n\t\t<meta property=\"og:image:height\" content=\"672\" \/>\n\t\t<meta property=\"article:published_time\" content=\"2023-12-25T18:59:54+00:00\" \/>\n\t\t<meta property=\"article:modified_time\" content=\"2023-12-25T18:59:54+00:00\" \/>\n\t\t<meta property=\"article:publisher\" content=\"https:\/\/www.facebook.com\/Nachofdezber\" \/>\n\t\t<meta property=\"article:author\" content=\"https:\/\/www.facebook.com\/carrenoactualidad\" \/>\n\t\t<meta name=\"twitter:card\" content=\"summary_large_image\" \/>\n\t\t<meta name=\"twitter:site\" content=\"@NabercoDigital\" \/>\n\t\t<meta name=\"twitter:title\" content=\"Manifestantes propalestinos piden en Berl\u00edn el fin de la guerra | Cand\u00e1s 365\" \/>\n\t\t<meta name=\"twitter:description\" content=\"Berl\u00edn, 23 dic (dpa) \u2013 Una manifestaci\u00f3n pro palestina en Berl\u00edn para pedir el fin de la guerra en la Franja de Gaza congreg\u00f3 hoy a unas 2.000 personas,\" \/>\n\t\t<meta name=\"twitter:creator\" content=\"@nbasturias\" \/>\n\t\t<meta name=\"twitter:image\" content=\"https:\/\/candas365.es\/noticias\/wp-content\/uploads\/2023\/12\/manifestantes.jpg\" \/>\n\t\t<meta name=\"twitter:label1\" content=\"Escrito por\" \/>\n\t\t<meta name=\"twitter:data1\" content=\"Cand\u00e1s 365\" \/>\n\t\t<meta name=\"twitter:label2\" content=\"Tiempo de lectura estimado\" \/>\n\t\t<meta name=\"twitter:data2\" content=\"1 minuto\" \/>\n\t\t<script type=\"application\/ld+json\" class=\"aioseo-schema\">\n\t\t\t{\"@context\":\"https:\\\/\\\/schema.org\",\"@graph\":[{\"@type\":\"BreadcrumbList\",\"@id\":\"https:\\\/\\\/candas365.es\\\/noticias\\\/manifestantes-propalestinos-piden-en-berlin-el-fin-de-la-guerra\\\/#breadcrumblist\",\"itemListElement\":[{\"@type\":\"ListItem\",\"@id\":\"https:\\\/\\\/candas365.es\\\/noticias#listItem\",\"position\":1,\"name\":\"Home\",\"item\":\"https:\\\/\\\/candas365.es\\\/noticias\",\"nextItem\":{\"@type\":\"ListItem\",\"@id\":\"https:\\\/\\\/candas365.es\\\/noticias\\\/category\\\/internacional\\\/#listItem\",\"name\":\"Internacional\"}},{\"@type\":\"ListItem\",\"@id\":\"https:\\\/\\\/candas365.es\\\/noticias\\\/category\\\/internacional\\\/#listItem\",\"position\":2,\"name\":\"Internacional\",\"item\":\"https:\\\/\\\/candas365.es\\\/noticias\\\/category\\\/internacional\\\/\",\"nextItem\":{\"@type\":\"ListItem\",\"@id\":\"https:\\\/\\\/candas365.es\\\/noticias\\\/manifestantes-propalestinos-piden-en-berlin-el-fin-de-la-guerra\\\/#listItem\",\"name\":\"Manifestantes propalestinos piden en Berl\\u00edn el fin de la guerra\"},\"previousItem\":{\"@type\":\"ListItem\",\"@id\":\"https:\\\/\\\/candas365.es\\\/noticias#listItem\",\"name\":\"Home\"}},{\"@type\":\"ListItem\",\"@id\":\"https:\\\/\\\/candas365.es\\\/noticias\\\/manifestantes-propalestinos-piden-en-berlin-el-fin-de-la-guerra\\\/#listItem\",\"position\":3,\"name\":\"Manifestantes propalestinos piden en Berl\\u00edn el fin de la guerra\",\"previousItem\":{\"@type\":\"ListItem\",\"@id\":\"https:\\\/\\\/candas365.es\\\/noticias\\\/category\\\/internacional\\\/#listItem\",\"name\":\"Internacional\"}}]},{\"@type\":\"NewsArticle\",\"@id\":\"https:\\\/\\\/candas365.es\\\/noticias\\\/manifestantes-propalestinos-piden-en-berlin-el-fin-de-la-guerra\\\/#newsarticle\",\"name\":\"Manifestantes propalestinos piden en Berl\\u00edn el fin de la guerra | Cand\\u00e1s 365\",\"headline\":\"Manifestantes propalestinos piden en Berl\\u00edn el fin de la guerra\",\"author\":{\"@id\":\"https:\\\/\\\/candas365.es\\\/noticias\\\/author\\\/admin\\\/#author\"},\"publisher\":{\"@id\":\"https:\\\/\\\/candas365.es\\\/noticias\\\/#organization\"},\"image\":{\"@type\":\"ImageObject\",\"url\":\"https:\\\/\\\/candas365.es\\\/noticias\\\/wp-content\\\/uploads\\\/2023\\\/12\\\/manifestantes.jpg\",\"width\":995,\"height\":672,\"caption\":\"Foto: Christoph Soeder\\\/dpa\"},\"datePublished\":\"2023-12-25T19:59:54+01:00\",\"dateModified\":\"2023-12-25T19:59:54+01:00\",\"inLanguage\":\"es-ES\",\"mainEntityOfPage\":{\"@id\":\"https:\\\/\\\/candas365.es\\\/noticias\\\/manifestantes-propalestinos-piden-en-berlin-el-fin-de-la-guerra\\\/#webpage\"},\"isPartOf\":{\"@id\":\"https:\\\/\\\/candas365.es\\\/noticias\\\/manifestantes-propalestinos-piden-en-berlin-el-fin-de-la-guerra\\\/#webpage\"},\"articleSection\":\"Internacional, Alemania, conflictos, Internacional\",\"dateline\":\"Publicado el diciembre 25, 2023.\"},{\"@type\":\"Organization\",\"@id\":\"https:\\\/\\\/candas365.es\\\/noticias\\\/#organization\",\"name\":\"Cand\\u00e1s 365\",\"description\":\"Cand\\u00e1s 365 es un diario digital independiente, fundado en 2012, con base en Asturias. Informamos con rigor sobre actualidad, sociedad, cultura y ocio, con una mirada local y global.\",\"url\":\"https:\\\/\\\/candas365.es\\\/noticias\\\/\",\"email\":\"info@candas365.es\",\"telephone\":\"+34652131393\",\"foundingDate\":\"2012-06-10\",\"logo\":{\"@type\":\"ImageObject\",\"url\":\"https:\\\/\\\/candas365.es\\\/noticias\\\/wp-content\\\/uploads\\\/2024\\\/09\\\/Candas-365-Redes.jpg\",\"@id\":\"https:\\\/\\\/candas365.es\\\/noticias\\\/manifestantes-propalestinos-piden-en-berlin-el-fin-de-la-guerra\\\/#organizationLogo\",\"width\":1152,\"height\":864,\"caption\":\"Cand\\u00e1s 365 Redes\"},\"image\":{\"@id\":\"https:\\\/\\\/candas365.es\\\/noticias\\\/manifestantes-propalestinos-piden-en-berlin-el-fin-de-la-guerra\\\/#organizationLogo\"},\"sameAs\":[\"https:\\\/\\\/www.facebook.com\\\/Nachofdezber\",\"https:\\\/\\\/x.com\\\/NabercoDigital\",\"https:\\\/\\\/www.instagram.com\\\/nachofdezber\\\/\",\"https:\\\/\\\/www.youtube.com\\\/channel\\\/UCZP-2wLEB9Rv6erhFmqVnvg\"],\"address\":{\"@id\":\"https:\\\/\\\/candas365.es\\\/noticias\\\/#postaladdress\",\"@type\":\"PostalAddress\",\"streetAddress\":\"san antonio 4, san antonio 4\",\"postalCode\":\"33430\",\"addressLocality\":\"Cand\\u00e1s\",\"addressRegion\":\"Asturias\",\"addressCountry\":\"ES\"}},{\"@type\":\"Person\",\"@id\":\"https:\\\/\\\/candas365.es\\\/noticias\\\/author\\\/admin\\\/#author\",\"url\":\"https:\\\/\\\/candas365.es\\\/noticias\\\/author\\\/admin\\\/\",\"name\":\"Cand\\u00e1s 365\",\"image\":{\"@type\":\"ImageObject\",\"@id\":\"https:\\\/\\\/candas365.es\\\/noticias\\\/manifestantes-propalestinos-piden-en-berlin-el-fin-de-la-guerra\\\/#authorImage\",\"url\":\"https:\\\/\\\/secure.gravatar.com\\\/avatar\\\/496a8e03d0c493ede1718b7934145dbdf8d89be1036b0eec9544e1094c9de390?s=96&d=mm&r=g\",\"width\":96,\"height\":96,\"caption\":\"Cand\\u00e1s 365\"},\"sameAs\":[\"https:\\\/\\\/www.facebook.com\\\/carrenoactualidad\",\"https:\\\/\\\/twitter.com\\\/nbasturias\",\"https:\\\/\\\/www.instagram.com\\\/nachofdezber\\\/\",\"https:\\\/\\\/www.youtube.com\\\/channel\\\/UCZP-2wLEB9Rv6erhFmqVnvg\"]},{\"@type\":\"WebPage\",\"@id\":\"https:\\\/\\\/candas365.es\\\/noticias\\\/manifestantes-propalestinos-piden-en-berlin-el-fin-de-la-guerra\\\/#webpage\",\"url\":\"https:\\\/\\\/candas365.es\\\/noticias\\\/manifestantes-propalestinos-piden-en-berlin-el-fin-de-la-guerra\\\/\",\"name\":\"Manifestantes propalestinos piden en Berl\\u00edn el fin de la guerra | Cand\\u00e1s 365\",\"description\":\"Berl\\u00edn, 23 dic (dpa) \\u2013 Una manifestaci\\u00f3n pro palestina en Berl\\u00edn para pedir el fin de la guerra en la Franja de Gaza congreg\\u00f3 hoy a unas 2.000 personas,\",\"inLanguage\":\"es-ES\",\"isPartOf\":{\"@id\":\"https:\\\/\\\/candas365.es\\\/noticias\\\/#website\"},\"breadcrumb\":{\"@id\":\"https:\\\/\\\/candas365.es\\\/noticias\\\/manifestantes-propalestinos-piden-en-berlin-el-fin-de-la-guerra\\\/#breadcrumblist\"},\"author\":{\"@id\":\"https:\\\/\\\/candas365.es\\\/noticias\\\/author\\\/admin\\\/#author\"},\"creator\":{\"@id\":\"https:\\\/\\\/candas365.es\\\/noticias\\\/author\\\/admin\\\/#author\"},\"image\":{\"@type\":\"ImageObject\",\"url\":\"https:\\\/\\\/candas365.es\\\/noticias\\\/wp-content\\\/uploads\\\/2023\\\/12\\\/manifestantes.jpg\",\"@id\":\"https:\\\/\\\/candas365.es\\\/noticias\\\/manifestantes-propalestinos-piden-en-berlin-el-fin-de-la-guerra\\\/#mainImage\",\"width\":995,\"height\":672,\"caption\":\"Foto: Christoph Soeder\\\/dpa\"},\"primaryImageOfPage\":{\"@id\":\"https:\\\/\\\/candas365.es\\\/noticias\\\/manifestantes-propalestinos-piden-en-berlin-el-fin-de-la-guerra\\\/#mainImage\"},\"datePublished\":\"2023-12-25T19:59:54+01:00\",\"dateModified\":\"2023-12-25T19:59:54+01:00\"},{\"@type\":\"WebSite\",\"@id\":\"https:\\\/\\\/candas365.es\\\/noticias\\\/#website\",\"url\":\"https:\\\/\\\/candas365.es\\\/noticias\\\/\",\"name\":\"Cand\\u00e1s 365\",\"alternateName\":\"Cand\\u00e1s 365 Noticias\",\"description\":\"Actualidad desde Carre\\u00f1o para el mundo\",\"inLanguage\":\"es-ES\",\"publisher\":{\"@id\":\"https:\\\/\\\/candas365.es\\\/noticias\\\/#organization\"}}]}\n\t\t<\/script>\n\t\t<!-- All in One SEO Pro -->\r\n\t\t<title>Manifestantes propalestinos piden en Berl\u00edn el fin de la guerra | Cand\u00e1s 365<\/title>\n\n","aioseo_head_json":{"title":"Manifestantes propalestinos piden en Berl\u00edn el fin de la guerra | Cand\u00e1s 365","description":"Berl\u00edn, 23 dic (dpa) \u2013 Una manifestaci\u00f3n pro palestina en Berl\u00edn para pedir el fin de la guerra en la Franja de Gaza congreg\u00f3 hoy a unas 2.000 personas,","canonical_url":"https:\/\/candas365.es\/noticias\/manifestantes-propalestinos-piden-en-berlin-el-fin-de-la-guerra\/","robots":"max-image-preview:large","keywords":"internacional","webmasterTools":{"google-site-verification":"UA-32230408-1","msvalidate.01":"354F3CDFB2DA171B47FBE9ABF1F88D5","miscellaneous":""},"schema":{"@context":"https:\/\/schema.org","@graph":[{"@type":"BreadcrumbList","@id":"https:\/\/candas365.es\/noticias\/manifestantes-propalestinos-piden-en-berlin-el-fin-de-la-guerra\/#breadcrumblist","itemListElement":[{"@type":"ListItem","@id":"https:\/\/candas365.es\/noticias#listItem","position":1,"name":"Home","item":"https:\/\/candas365.es\/noticias","nextItem":{"@type":"ListItem","@id":"https:\/\/candas365.es\/noticias\/category\/internacional\/#listItem","name":"Internacional"}},{"@type":"ListItem","@id":"https:\/\/candas365.es\/noticias\/category\/internacional\/#listItem","position":2,"name":"Internacional","item":"https:\/\/candas365.es\/noticias\/category\/internacional\/","nextItem":{"@type":"ListItem","@id":"https:\/\/candas365.es\/noticias\/manifestantes-propalestinos-piden-en-berlin-el-fin-de-la-guerra\/#listItem","name":"Manifestantes propalestinos piden en Berl\u00edn el fin de la guerra"},"previousItem":{"@type":"ListItem","@id":"https:\/\/candas365.es\/noticias#listItem","name":"Home"}},{"@type":"ListItem","@id":"https:\/\/candas365.es\/noticias\/manifestantes-propalestinos-piden-en-berlin-el-fin-de-la-guerra\/#listItem","position":3,"name":"Manifestantes propalestinos piden en Berl\u00edn el fin de la guerra","previousItem":{"@type":"ListItem","@id":"https:\/\/candas365.es\/noticias\/category\/internacional\/#listItem","name":"Internacional"}}]},{"@type":"NewsArticle","@id":"https:\/\/candas365.es\/noticias\/manifestantes-propalestinos-piden-en-berlin-el-fin-de-la-guerra\/#newsarticle","name":"Manifestantes propalestinos piden en Berl\u00edn el fin de la guerra | Cand\u00e1s 365","headline":"Manifestantes propalestinos piden en Berl\u00edn el fin de la guerra","author":{"@id":"https:\/\/candas365.es\/noticias\/author\/admin\/#author"},"publisher":{"@id":"https:\/\/candas365.es\/noticias\/#organization"},"image":{"@type":"ImageObject","url":"https:\/\/candas365.es\/noticias\/wp-content\/uploads\/2023\/12\/manifestantes.jpg","width":995,"height":672,"caption":"Foto: Christoph Soeder\/dpa"},"datePublished":"2023-12-25T19:59:54+01:00","dateModified":"2023-12-25T19:59:54+01:00","inLanguage":"es-ES","mainEntityOfPage":{"@id":"https:\/\/candas365.es\/noticias\/manifestantes-propalestinos-piden-en-berlin-el-fin-de-la-guerra\/#webpage"},"isPartOf":{"@id":"https:\/\/candas365.es\/noticias\/manifestantes-propalestinos-piden-en-berlin-el-fin-de-la-guerra\/#webpage"},"articleSection":"Internacional, Alemania, conflictos, Internacional","dateline":"Publicado el diciembre 25, 2023."},{"@type":"Organization","@id":"https:\/\/candas365.es\/noticias\/#organization","name":"Cand\u00e1s 365","description":"Cand\u00e1s 365 es un diario digital independiente, fundado en 2012, con base en Asturias. Informamos con rigor sobre actualidad, sociedad, cultura y ocio, con una mirada local y global.","url":"https:\/\/candas365.es\/noticias\/","email":"info@candas365.es","telephone":"+34652131393","foundingDate":"2012-06-10","logo":{"@type":"ImageObject","url":"https:\/\/candas365.es\/noticias\/wp-content\/uploads\/2024\/09\/Candas-365-Redes.jpg","@id":"https:\/\/candas365.es\/noticias\/manifestantes-propalestinos-piden-en-berlin-el-fin-de-la-guerra\/#organizationLogo","width":1152,"height":864,"caption":"Cand\u00e1s 365 Redes"},"image":{"@id":"https:\/\/candas365.es\/noticias\/manifestantes-propalestinos-piden-en-berlin-el-fin-de-la-guerra\/#organizationLogo"},"sameAs":["https:\/\/www.facebook.com\/Nachofdezber","https:\/\/x.com\/NabercoDigital","https:\/\/www.instagram.com\/nachofdezber\/","https:\/\/www.youtube.com\/channel\/UCZP-2wLEB9Rv6erhFmqVnvg"],"address":{"@id":"https:\/\/candas365.es\/noticias\/#postaladdress","@type":"PostalAddress","streetAddress":"san antonio 4, san antonio 4","postalCode":"33430","addressLocality":"Cand\u00e1s","addressRegion":"Asturias","addressCountry":"ES"}},{"@type":"Person","@id":"https:\/\/candas365.es\/noticias\/author\/admin\/#author","url":"https:\/\/candas365.es\/noticias\/author\/admin\/","name":"Cand\u00e1s 365","image":{"@type":"ImageObject","@id":"https:\/\/candas365.es\/noticias\/manifestantes-propalestinos-piden-en-berlin-el-fin-de-la-guerra\/#authorImage","url":"https:\/\/secure.gravatar.com\/avatar\/496a8e03d0c493ede1718b7934145dbdf8d89be1036b0eec9544e1094c9de390?s=96&d=mm&r=g","width":96,"height":96,"caption":"Cand\u00e1s 365"},"sameAs":["https:\/\/www.facebook.com\/carrenoactualidad","https:\/\/twitter.com\/nbasturias","https:\/\/www.instagram.com\/nachofdezber\/","https:\/\/www.youtube.com\/channel\/UCZP-2wLEB9Rv6erhFmqVnvg"]},{"@type":"WebPage","@id":"https:\/\/candas365.es\/noticias\/manifestantes-propalestinos-piden-en-berlin-el-fin-de-la-guerra\/#webpage","url":"https:\/\/candas365.es\/noticias\/manifestantes-propalestinos-piden-en-berlin-el-fin-de-la-guerra\/","name":"Manifestantes propalestinos piden en Berl\u00edn el fin de la guerra | Cand\u00e1s 365","description":"Berl\u00edn, 23 dic (dpa) \u2013 Una manifestaci\u00f3n pro palestina en Berl\u00edn para pedir el fin de la guerra en la Franja de Gaza congreg\u00f3 hoy a unas 2.000 personas,","inLanguage":"es-ES","isPartOf":{"@id":"https:\/\/candas365.es\/noticias\/#website"},"breadcrumb":{"@id":"https:\/\/candas365.es\/noticias\/manifestantes-propalestinos-piden-en-berlin-el-fin-de-la-guerra\/#breadcrumblist"},"author":{"@id":"https:\/\/candas365.es\/noticias\/author\/admin\/#author"},"creator":{"@id":"https:\/\/candas365.es\/noticias\/author\/admin\/#author"},"image":{"@type":"ImageObject","url":"https:\/\/candas365.es\/noticias\/wp-content\/uploads\/2023\/12\/manifestantes.jpg","@id":"https:\/\/candas365.es\/noticias\/manifestantes-propalestinos-piden-en-berlin-el-fin-de-la-guerra\/#mainImage","width":995,"height":672,"caption":"Foto: Christoph Soeder\/dpa"},"primaryImageOfPage":{"@id":"https:\/\/candas365.es\/noticias\/manifestantes-propalestinos-piden-en-berlin-el-fin-de-la-guerra\/#mainImage"},"datePublished":"2023-12-25T19:59:54+01:00","dateModified":"2023-12-25T19:59:54+01:00"},{"@type":"WebSite","@id":"https:\/\/candas365.es\/noticias\/#website","url":"https:\/\/candas365.es\/noticias\/","name":"Cand\u00e1s 365","alternateName":"Cand\u00e1s 365 Noticias","description":"Actualidad desde Carre\u00f1o para el mundo","inLanguage":"es-ES","publisher":{"@id":"https:\/\/candas365.es\/noticias\/#organization"}}]},"og:locale":"es_ES","og:site_name":"Cand\u00e1s 365","og:type":"article","og:title":"Manifestantes propalestinos piden en Berl\u00edn el fin de la guerra | Cand\u00e1s 365","og:description":"Berl\u00edn, 23 dic (dpa) \u2013 Una manifestaci\u00f3n pro palestina en Berl\u00edn para pedir el fin de la guerra en la Franja de Gaza congreg\u00f3 hoy a unas 2.000 personas,","og:url":"https:\/\/candas365.es\/noticias\/manifestantes-propalestinos-piden-en-berlin-el-fin-de-la-guerra\/","og:image":"https:\/\/candas365.es\/noticias\/wp-content\/uploads\/2023\/12\/manifestantes.jpg","og:image:secure_url":"https:\/\/candas365.es\/noticias\/wp-content\/uploads\/2023\/12\/manifestantes.jpg","og:image:width":995,"og:image:height":672,"article:published_time":"2023-12-25T18:59:54+00:00","article:modified_time":"2023-12-25T18:59:54+00:00","article:publisher":"https:\/\/www.facebook.com\/Nachofdezber","article:author":"https:\/\/www.facebook.com\/carrenoactualidad","twitter:card":"summary_large_image","twitter:site":"@NabercoDigital","twitter:title":"Manifestantes propalestinos piden en Berl\u00edn el fin de la guerra | Cand\u00e1s 365","twitter:description":"Berl\u00edn, 23 dic (dpa) \u2013 Una manifestaci\u00f3n pro palestina en Berl\u00edn para pedir el fin de la guerra en la Franja de Gaza congreg\u00f3 hoy a unas 2.000 personas,","twitter:creator":"@nbasturias","twitter:image":"https:\/\/candas365.es\/noticias\/wp-content\/uploads\/2023\/12\/manifestantes.jpg","twitter:label1":"Escrito por","twitter:data1":"Cand\u00e1s 365","twitter:label2":"Tiempo de lectura estimado","twitter:data2":"1 minuto"},"aioseo_meta_data":{"post_id":"177484","title":null,"description":"Berl\u00edn, 23 dic (dpa) \u2013 Una manifestaci\u00f3n pro palestina en Berl\u00edn para pedir el fin de la guerra en la Franja de Gaza congreg\u00f3 hoy a unas 2.000 personas,","keywords":[],"keyphrases":{"focus":{"keyphrase":"Berl\u00edn","score":83,"analysis":{"keyphraseInTitle":{"score":9,"maxScore":9,"error":0},"keyphraseInDescription":{"score":9,"maxScore":9,"error":0},"keyphraseLength":{"score":9,"maxScore":9,"error":0,"length":2},"keyphraseInURL":{"score":1,"maxScore":5,"error":1},"keyphraseInIntroduction":{"score":9,"maxScore":9,"error":0},"keyphraseInSubHeadings":[],"keyphraseInImageAlt":{"score":3,"maxScore":9,"error":1},"keywordDensity":{"type":"best","score":9,"maxScore":9,"error":0}}},"additional":[{"keyphrase":"Berl\u00edn","score":87,"analysis":{"keyphraseInDescription":{"score":9,"maxScore":9,"error":0},"keyphraseLength":{"score":9,"maxScore":9,"error":0,"length":2},"keyphraseInIntroduction":{"score":9,"maxScore":9,"error":0},"keyphraseInImageAlt":{"score":3,"maxScore":9,"error":1},"keywordDensity":{"type":"best","score":9,"maxScore":9,"error":0}}},{"keyphrase":"guerra","score":87,"analysis":{"keyphraseInDescription":{"score":9,"maxScore":9,"error":0},"keyphraseLength":{"score":9,"maxScore":9,"error":0,"length":1},"keyphraseInIntroduction":{"score":9,"maxScore":9,"error":0},"keyphraseInImageAlt":{"score":3,"maxScore":9,"error":1},"keywordDensity":{"type":"best","score":9,"maxScore":9,"error":0}}},{"keyphrase":"Manifestantes","score":73,"analysis":{"keyphraseInDescription":{"score":3,"maxScore":9,"error":1},"keyphraseLength":{"score":9,"maxScore":9,"error":0,"length":1},"keyphraseInIntroduction":{"score":3,"maxScore":9,"error":1},"keyphraseInImageAlt":{"score":9,"maxScore":9,"error":0},"keywordDensity":{"type":"best","score":9,"maxScore":9,"error":0}}}]},"primary_term":null,"canonical_url":null,"og_title":null,"og_description":null,"og_object_type":"default","og_image_type":"default","og_image_url":null,"og_image_width":null,"og_image_height":null,"og_image_custom_url":null,"og_image_custom_fields":null,"og_video":"","og_custom_url":null,"og_article_section":null,"og_article_tags":[],"twitter_use_og":false,"twitter_card":"default","twitter_image_type":"default","twitter_image_url":null,"twitter_image_custom_url":null,"twitter_image_custom_fields":null,"twitter_title":null,"twitter_description":null,"schema":{"blockGraphs":[],"customGraphs":[],"default":{"data":{"Article":[],"Course":[],"Dataset":[],"FAQPage":[],"Movie":[],"Person":[],"Product":[],"ProductReview":[],"Car":[],"Recipe":[],"Service":[],"SoftwareApplication":[],"WebPage":[]},"graphName":"Article","isEnabled":true},"graphs":[]},"schema_type":"default","schema_type_options":null,"pillar_content":false,"robots_default":true,"robots_noindex":false,"robots_noarchive":false,"robots_nosnippet":false,"robots_nofollow":false,"robots_noimageindex":false,"robots_noodp":false,"robots_notranslate":false,"robots_max_snippet":"-1","robots_max_videopreview":"-1","robots_max_imagepreview":"large","priority":null,"frequency":"default","location":null,"local_seo":null,"seo_analyzer_scan_date":"2025-09-02 02:26:17","breadcrumb_settings":null,"limit_modified_date":false,"reviewed_by":null,"open_ai":"{\"title\":{\"suggestions\":[],\"usage\":0},\"description\":{\"suggestions\":[],\"usage\":0}}","ai":null,"created":"2023-12-25 18:53:06","updated":"2025-09-02 02:26:17"},"aioseo_breadcrumb":"<div class=\"aioseo-breadcrumbs\"><span class=\"aioseo-breadcrumb\">\n\t<a href=\"https:\/\/candas365.es\/noticias\" title=\"Home\">Home<\/a>\n<\/span><span class=\"aioseo-breadcrumb-separator\">&ndash;<\/span><span class=\"aioseo-breadcrumb\">\n\t<a href=\"https:\/\/candas365.es\/noticias\/category\/internacional\/\" title=\"Internacional\">Internacional<\/a>\n<\/span><span class=\"aioseo-breadcrumb-separator\">&ndash;<\/span><span class=\"aioseo-breadcrumb\">\n\tManifestantes propalestinos piden en Berl\u00edn el fin de la guerra\n<\/span><\/div>","aioseo_breadcrumb_json":[{"label":"Home","link":"https:\/\/candas365.es\/noticias"},{"label":"Internacional","link":"https:\/\/candas365.es\/noticias\/category\/internacional\/"},{"label":"Manifestantes propalestinos piden en Berl\u00edn el fin de la guerra","link":"https:\/\/candas365.es\/noticias\/manifestantes-propalestinos-piden-en-berlin-el-fin-de-la-guerra\/"}],"_links":{"self":[{"href":"https:\/\/candas365.es\/noticias\/wp-json\/wp\/v2\/posts\/177484","targetHints":{"allow":["GET"]}}],"collection":[{"href":"https:\/\/candas365.es\/noticias\/wp-json\/wp\/v2\/posts"}],"about":[{"href":"https:\/\/candas365.es\/noticias\/wp-json\/wp\/v2\/types\/post"}],"author":[{"embeddable":true,"href":"https:\/\/candas365.es\/noticias\/wp-json\/wp\/v2\/users\/1"}],"replies":[{"embeddable":true,"href":"https:\/\/candas365.es\/noticias\/wp-json\/wp\/v2\/comments?post=177484"}],"version-history":[{"count":0,"href":"https:\/\/candas365.es\/noticias\/wp-json\/wp\/v2\/posts\/177484\/revisions"}],"wp:featuredmedia":[{"embeddable":true,"href":"https:\/\/candas365.es\/noticias\/wp-json\/wp\/v2\/media\/177485"}],"wp:attachment":[{"href":"https:\/\/candas365.es\/noticias\/wp-json\/wp\/v2\/media?parent=177484"}],"wp:term":[{"taxonomy":"category","embeddable":true,"href":"https:\/\/candas365.es\/noticias\/wp-json\/wp\/v2\/categories?post=177484"},{"taxonomy":"post_tag","embeddable":true,"href":"https:\/\/candas365.es\/noticias\/wp-json\/wp\/v2\/tags?post=177484"}],"curies":[{"name":"wp","href":"https:\/\/api.w.org\/{rel}","templated":true}]}}