{"id":177230,"date":"2023-12-15T21:57:28","date_gmt":"2023-12-15T20:57:28","guid":{"rendered":"https:\/\/candas365.es\/noticias\/?p=177230"},"modified":"2023-12-15T21:57:28","modified_gmt":"2023-12-15T20:57:28","slug":"alemania-condena-el-ataque-al-carguero-hapag-lloyd-en-el-mar-rojo","status":"publish","type":"post","link":"https:\/\/candas365.es\/noticias\/alemania-condena-el-ataque-al-carguero-hapag-lloyd-en-el-mar-rojo\/","title":{"rendered":"Alemania condena el ataque al carguero Hapag-Lloyd en el Mar Rojo"},"content":{"rendered":"<p>Hamburgo\/Berl\u00edn, 15 dic (<a title=\"dpa\" href=\"https:\/\/www.dpa-news.de\/\" target=\"_blank\" rel=\"noopener\"><span style=\"color: #ff6600;\"><strong>dpa<\/strong><\/span><\/a>) &#8211; Un carguero portacontenedores de la naviera alemana Hapag-Lloyd fue atacado en el Mar Rojo, sin que se produjeran heridos, seg\u00fan inform\u00f3 hoy a dpa un portavoz de la <a href=\"https:\/\/candas365.es\/noticias\/category\/canal-empresas\/\"><span style=\"color: #ff6600;\"><strong>naviera<\/strong><\/span><\/a> Hapag Lloyd en Hamburgo.<\/p>\n<figure id=\"attachment_177231\" aria-describedby=\"caption-attachment-177231\" style=\"width: 650px\" class=\"wp-caption aligncenter\"><img fetchpriority=\"high\" decoding=\"async\" class=\"size-large wp-image-177231\" src=\"https:\/\/candas365.es\/noticias\/wp-content\/uploads\/2023\/12\/carguero-650x423.jpg\" alt=\"carguero\" width=\"650\" height=\"423\" srcset=\"https:\/\/candas365.es\/noticias\/wp-content\/uploads\/2023\/12\/carguero-650x423.jpg 650w, https:\/\/candas365.es\/noticias\/wp-content\/uploads\/2023\/12\/carguero-360x234.jpg 360w, https:\/\/candas365.es\/noticias\/wp-content\/uploads\/2023\/12\/carguero-768x499.jpg 768w, https:\/\/candas365.es\/noticias\/wp-content\/uploads\/2023\/12\/carguero-150x98.jpg 150w, https:\/\/candas365.es\/noticias\/wp-content\/uploads\/2023\/12\/carguero-450x293.jpg 450w, https:\/\/candas365.es\/noticias\/wp-content\/uploads\/2023\/12\/carguero.jpg 992w\" sizes=\"(max-width: 650px) 100vw, 650px\" \/><figcaption id=\"caption-attachment-177231\" class=\"wp-caption-text\">El carguero de contenedores \u00abAl Jasrah\u00bb es descargado en la terminal de Burchardkai del puerto de Hamburgo. Foto: Axel Heimken\/dpa<\/figcaption><\/figure>\n<p>El \u00abAl Jasrah\u00bb fue bombardeado en el estrecho entre Yemen y Yibuti, cuando se encontraba en viaje desde el puerto griego de El Pireo hacia Singapur a trav\u00e9s del Canal de Suez.<\/p>\n<p>\u00abEl Gobierno alem\u00e1n condena en\u00e9rgicamente todos los ataques contra buques, incluido, por supuesto, el ataque contra el buque de Hapag-Lloyd\u00bb, declar\u00f3 la ministra de Relaciones Exteriores de Alemania, Annalena Baerbock. \u00abLos ataques de los hut\u00edes contra buques mercantes civiles en el Mar Rojo deben cesar inmediatamente\u00bb, exigi\u00f3.<\/p>\n<blockquote><p>La ministra dijo que los ataques ponen de relieve \u00abque la amenaza a la seguridad de Israel no solo proviene de Ham\u00e1s en Gaza, sino tambi\u00e9n de los hut\u00edes\u00bb.<\/p><\/blockquote>\n<p>El portavoz de Hapag-Lloyd dijo que la tripulaci\u00f3n del \u00abAl Jasrah\u00bb hab\u00eda resultado ilesa, pero que la nave hab\u00eda sufrido da\u00f1os, sin dar detalles sobre los mismos. Sin embargo, aclar\u00f3 que el barco pudo continuar su viaje. Seg\u00fan los medios de comunicaci\u00f3n, se produjo un incendio a bordo tras el bombardeo.<\/p>\n<p>En un principio, el portavoz tampoco pudo facilitar informaci\u00f3n sobre el origen del ataque. Los rebeldes hut\u00edes de Yemen han atacado recientemente otros buques en el Mar Rojo.<\/p>\n<p>Armadores alemanes exigieron el jueves medidas de protecci\u00f3n al Gobierno alem\u00e1n y a la Uni\u00f3n Europea (UE). Con unos 1.800 buques, la flota mercante alemana es la s\u00e9ptima entre las grandes flotas mercantes del mundo.<\/p>\n<p>Desde el estallido de la guerra de Gaza, los rebeldes hut\u00edes, apoyados por Ir\u00e1n, atacaron repetidamente a Israel con drones y misiles.<\/p>\n<p>Tambi\u00e9n amenazaron con impedir en el futuro el paso por el Mar Rojo de buques de cualquier nacionalidad que viajen a Israel. Solo a los cargueros que transportan suministros de socorro para Gaza se les concede el paso. Todos los dem\u00e1s se convertir\u00e1n en \u00abobjetivos leg\u00edtimos de nuestras fuerzas armadas\u00bb, afirmaron los rebeldes.<\/p>\n<p><strong><a href=\"https:\/\/www.eldigitaldeasturias.com\/noticias\/baerbock-lidera-las-negociaciones-de-la-union-europea-en-la-cop28\/\" target=\"_blank\" rel=\"noopener\"><span style=\"color: #ff6600;\">Baerbock<\/span><\/a> dijo que estos ataques amenazan la navegaci\u00f3n internacional y la libertad de las rutas comerciale<\/strong>s e inst\u00f3 a los hut\u00edes a liberar inmediatamente e ilesos al buque \u00abGalaxy Leader\u00bb y a su tripulaci\u00f3n, secuestrados en noviembre.<\/p>\n","protected":false},"excerpt":{"rendered":"<p>Hamburgo\/Berl\u00edn, 15 dic (dpa) &#8211; Un carguero portacontenedores de la naviera alemana Hapag-Lloyd fue atacado en el Mar Rojo, sin que se produjeran heridos, seg\u00fan inform\u00f3 hoy a dpa un portavoz de la naviera Hapag Lloyd en Hamburgo. El \u00abAl Jasrah\u00bb fue bombardeado en el estrecho entre Yemen y Yibuti, cuando se encontraba en viaje<\/p>\n","protected":false},"author":1,"featured_media":177231,"comment_status":"closed","ping_status":"closed","sticky":false,"template":"","format":"standard","meta":{"footnotes":""},"categories":[485],"tags":[464,418],"class_list":{"0":"post-177230","1":"post","2":"type-post","3":"status-publish","4":"format-standard","5":"has-post-thumbnail","7":"category-internacional","8":"tag-conflictos","9":"tag-internacional"},"aioseo_notices":[],"aioseo_head":"\n\t\t<!-- All in One SEO Pro 4.9.6.2 - aioseo.com -->\n\t<meta name=\"description\" content=\"Hamburgo\/Berl\u00edn, 15 dic (dpa) - Un carguero portacontenedores de la naviera alemana Hapag-Lloyd fue atacado en el Mar Rojo, sin que se produjeran heridos\" \/>\n\t<meta name=\"robots\" content=\"max-image-preview:large\" \/>\n\t<meta name=\"author\" content=\"Cand\u00e1s 365\"\/>\n\t<meta name=\"google-site-verification\" content=\"UA-32230408-1\" \/>\n\t<meta name=\"msvalidate.01\" content=\"354F3CDFB2DA171B47FBE9ABF1F88D5\" \/>\n\t<meta name=\"keywords\" content=\"internacional\" \/>\n\t<link rel=\"canonical\" href=\"https:\/\/candas365.es\/noticias\/alemania-condena-el-ataque-al-carguero-hapag-lloyd-en-el-mar-rojo\/\" \/>\n\t<meta name=\"generator\" content=\"All in One SEO Pro (AIOSEO) 4.9.6.2\" \/>\n\t\t<meta property=\"og:locale\" content=\"es_ES\" \/>\n\t\t<meta property=\"og:site_name\" content=\"Cand\u00e1s 365\" \/>\n\t\t<meta property=\"og:type\" content=\"article\" \/>\n\t\t<meta property=\"og:title\" content=\"Alemania condena el ataque al carguero Hapag-Lloyd en el Mar Rojo | Cand\u00e1s 365\" \/>\n\t\t<meta property=\"og:description\" content=\"Hamburgo\/Berl\u00edn, 15 dic (dpa) - Un carguero portacontenedores de la naviera alemana Hapag-Lloyd fue atacado en el Mar Rojo, sin que se produjeran heridos\" \/>\n\t\t<meta property=\"og:url\" content=\"https:\/\/candas365.es\/noticias\/alemania-condena-el-ataque-al-carguero-hapag-lloyd-en-el-mar-rojo\/\" \/>\n\t\t<meta property=\"og:image\" content=\"https:\/\/candas365.es\/noticias\/wp-content\/uploads\/2023\/12\/carguero.jpg\" \/>\n\t\t<meta property=\"og:image:secure_url\" content=\"https:\/\/candas365.es\/noticias\/wp-content\/uploads\/2023\/12\/carguero.jpg\" \/>\n\t\t<meta property=\"og:image:width\" content=\"992\" \/>\n\t\t<meta property=\"og:image:height\" content=\"645\" \/>\n\t\t<meta property=\"article:published_time\" content=\"2023-12-15T20:57:28+00:00\" \/>\n\t\t<meta property=\"article:modified_time\" content=\"2023-12-15T20:57:28+00:00\" \/>\n\t\t<meta property=\"article:publisher\" content=\"https:\/\/www.facebook.com\/Nachofdezber\" \/>\n\t\t<meta property=\"article:author\" content=\"https:\/\/www.facebook.com\/carrenoactualidad\" \/>\n\t\t<meta name=\"twitter:card\" content=\"summary_large_image\" \/>\n\t\t<meta name=\"twitter:site\" content=\"@NabercoDigital\" \/>\n\t\t<meta name=\"twitter:title\" content=\"Alemania condena el ataque al carguero Hapag-Lloyd en el Mar Rojo | Cand\u00e1s 365\" \/>\n\t\t<meta name=\"twitter:description\" content=\"Hamburgo\/Berl\u00edn, 15 dic (dpa) - Un carguero portacontenedores de la naviera alemana Hapag-Lloyd fue atacado en el Mar Rojo, sin que se produjeran heridos\" \/>\n\t\t<meta name=\"twitter:creator\" content=\"@nbasturias\" \/>\n\t\t<meta name=\"twitter:image\" content=\"https:\/\/candas365.es\/noticias\/wp-content\/uploads\/2023\/12\/carguero.jpg\" \/>\n\t\t<meta name=\"twitter:label1\" content=\"Escrito por\" \/>\n\t\t<meta name=\"twitter:data1\" content=\"Cand\u00e1s 365\" \/>\n\t\t<meta name=\"twitter:label2\" content=\"Tiempo de lectura estimado\" \/>\n\t\t<meta name=\"twitter:data2\" content=\"2 minutos\" \/>\n\t\t<script type=\"application\/ld+json\" class=\"aioseo-schema\">\n\t\t\t{\"@context\":\"https:\\\/\\\/schema.org\",\"@graph\":[{\"@type\":\"BreadcrumbList\",\"@id\":\"https:\\\/\\\/candas365.es\\\/noticias\\\/alemania-condena-el-ataque-al-carguero-hapag-lloyd-en-el-mar-rojo\\\/#breadcrumblist\",\"itemListElement\":[{\"@type\":\"ListItem\",\"@id\":\"https:\\\/\\\/candas365.es\\\/noticias#listItem\",\"position\":1,\"name\":\"Home\",\"item\":\"https:\\\/\\\/candas365.es\\\/noticias\",\"nextItem\":{\"@type\":\"ListItem\",\"@id\":\"https:\\\/\\\/candas365.es\\\/noticias\\\/category\\\/internacional\\\/#listItem\",\"name\":\"Internacional\"}},{\"@type\":\"ListItem\",\"@id\":\"https:\\\/\\\/candas365.es\\\/noticias\\\/category\\\/internacional\\\/#listItem\",\"position\":2,\"name\":\"Internacional\",\"item\":\"https:\\\/\\\/candas365.es\\\/noticias\\\/category\\\/internacional\\\/\",\"nextItem\":{\"@type\":\"ListItem\",\"@id\":\"https:\\\/\\\/candas365.es\\\/noticias\\\/alemania-condena-el-ataque-al-carguero-hapag-lloyd-en-el-mar-rojo\\\/#listItem\",\"name\":\"Alemania condena el ataque al carguero Hapag-Lloyd en el Mar Rojo\"},\"previousItem\":{\"@type\":\"ListItem\",\"@id\":\"https:\\\/\\\/candas365.es\\\/noticias#listItem\",\"name\":\"Home\"}},{\"@type\":\"ListItem\",\"@id\":\"https:\\\/\\\/candas365.es\\\/noticias\\\/alemania-condena-el-ataque-al-carguero-hapag-lloyd-en-el-mar-rojo\\\/#listItem\",\"position\":3,\"name\":\"Alemania condena el ataque al carguero Hapag-Lloyd en el Mar Rojo\",\"previousItem\":{\"@type\":\"ListItem\",\"@id\":\"https:\\\/\\\/candas365.es\\\/noticias\\\/category\\\/internacional\\\/#listItem\",\"name\":\"Internacional\"}}]},{\"@type\":\"NewsArticle\",\"@id\":\"https:\\\/\\\/candas365.es\\\/noticias\\\/alemania-condena-el-ataque-al-carguero-hapag-lloyd-en-el-mar-rojo\\\/#newsarticle\",\"name\":\"Alemania condena el ataque al carguero Hapag-Lloyd en el Mar Rojo | Cand\\u00e1s 365\",\"headline\":\"Alemania condena el ataque al carguero Hapag-Lloyd en el Mar Rojo\",\"author\":{\"@id\":\"https:\\\/\\\/candas365.es\\\/noticias\\\/author\\\/admin\\\/#author\"},\"publisher\":{\"@id\":\"https:\\\/\\\/candas365.es\\\/noticias\\\/#organization\"},\"image\":{\"@type\":\"ImageObject\",\"url\":\"https:\\\/\\\/candas365.es\\\/noticias\\\/wp-content\\\/uploads\\\/2023\\\/12\\\/carguero.jpg\",\"width\":992,\"height\":645,\"caption\":\"El carguero de contenedores \\\"Al Jasrah\\\" es descargado en la terminal de Burchardkai del puerto de Hamburgo. Foto: Axel Heimken\\\/dpa\"},\"datePublished\":\"2023-12-15T21:57:28+01:00\",\"dateModified\":\"2023-12-15T21:57:28+01:00\",\"inLanguage\":\"es-ES\",\"mainEntityOfPage\":{\"@id\":\"https:\\\/\\\/candas365.es\\\/noticias\\\/alemania-condena-el-ataque-al-carguero-hapag-lloyd-en-el-mar-rojo\\\/#webpage\"},\"isPartOf\":{\"@id\":\"https:\\\/\\\/candas365.es\\\/noticias\\\/alemania-condena-el-ataque-al-carguero-hapag-lloyd-en-el-mar-rojo\\\/#webpage\"},\"articleSection\":\"Internacional, conflictos, Internacional\",\"dateline\":\"Publicado el diciembre 15, 2023.\"},{\"@type\":\"Organization\",\"@id\":\"https:\\\/\\\/candas365.es\\\/noticias\\\/#organization\",\"name\":\"Cand\\u00e1s 365\",\"description\":\"Cand\\u00e1s 365 es un diario digital independiente, fundado en 2012, con base en Asturias. Informamos con rigor sobre actualidad, sociedad, cultura y ocio, con una mirada local y global.\",\"url\":\"https:\\\/\\\/candas365.es\\\/noticias\\\/\",\"email\":\"info@candas365.es\",\"telephone\":\"+34652131393\",\"foundingDate\":\"2012-06-10\",\"logo\":{\"@type\":\"ImageObject\",\"url\":\"https:\\\/\\\/candas365.es\\\/noticias\\\/wp-content\\\/uploads\\\/2024\\\/09\\\/Candas-365-Redes.jpg\",\"@id\":\"https:\\\/\\\/candas365.es\\\/noticias\\\/alemania-condena-el-ataque-al-carguero-hapag-lloyd-en-el-mar-rojo\\\/#organizationLogo\",\"width\":1152,\"height\":864,\"caption\":\"Cand\\u00e1s 365 Redes\"},\"image\":{\"@id\":\"https:\\\/\\\/candas365.es\\\/noticias\\\/alemania-condena-el-ataque-al-carguero-hapag-lloyd-en-el-mar-rojo\\\/#organizationLogo\"},\"sameAs\":[\"https:\\\/\\\/www.facebook.com\\\/Nachofdezber\",\"https:\\\/\\\/x.com\\\/NabercoDigital\",\"https:\\\/\\\/www.instagram.com\\\/nachofdezber\\\/\",\"https:\\\/\\\/www.youtube.com\\\/channel\\\/UCZP-2wLEB9Rv6erhFmqVnvg\"],\"address\":{\"@id\":\"https:\\\/\\\/candas365.es\\\/noticias\\\/#postaladdress\",\"@type\":\"PostalAddress\",\"streetAddress\":\"san antonio 4, san antonio 4\",\"postalCode\":\"33430\",\"addressLocality\":\"Cand\\u00e1s\",\"addressRegion\":\"Asturias\",\"addressCountry\":\"ES\"}},{\"@type\":\"Person\",\"@id\":\"https:\\\/\\\/candas365.es\\\/noticias\\\/author\\\/admin\\\/#author\",\"url\":\"https:\\\/\\\/candas365.es\\\/noticias\\\/author\\\/admin\\\/\",\"name\":\"Cand\\u00e1s 365\",\"image\":{\"@type\":\"ImageObject\",\"@id\":\"https:\\\/\\\/candas365.es\\\/noticias\\\/alemania-condena-el-ataque-al-carguero-hapag-lloyd-en-el-mar-rojo\\\/#authorImage\",\"url\":\"https:\\\/\\\/secure.gravatar.com\\\/avatar\\\/496a8e03d0c493ede1718b7934145dbdf8d89be1036b0eec9544e1094c9de390?s=96&d=mm&r=g\",\"width\":96,\"height\":96,\"caption\":\"Cand\\u00e1s 365\"},\"sameAs\":[\"https:\\\/\\\/www.facebook.com\\\/carrenoactualidad\",\"https:\\\/\\\/twitter.com\\\/nbasturias\",\"https:\\\/\\\/www.instagram.com\\\/nachofdezber\\\/\",\"https:\\\/\\\/www.youtube.com\\\/channel\\\/UCZP-2wLEB9Rv6erhFmqVnvg\"]},{\"@type\":\"WebPage\",\"@id\":\"https:\\\/\\\/candas365.es\\\/noticias\\\/alemania-condena-el-ataque-al-carguero-hapag-lloyd-en-el-mar-rojo\\\/#webpage\",\"url\":\"https:\\\/\\\/candas365.es\\\/noticias\\\/alemania-condena-el-ataque-al-carguero-hapag-lloyd-en-el-mar-rojo\\\/\",\"name\":\"Alemania condena el ataque al carguero Hapag-Lloyd en el Mar Rojo | Cand\\u00e1s 365\",\"description\":\"Hamburgo\\\/Berl\\u00edn, 15 dic (dpa) - Un carguero portacontenedores de la naviera alemana Hapag-Lloyd fue atacado en el Mar Rojo, sin que se produjeran heridos\",\"inLanguage\":\"es-ES\",\"isPartOf\":{\"@id\":\"https:\\\/\\\/candas365.es\\\/noticias\\\/#website\"},\"breadcrumb\":{\"@id\":\"https:\\\/\\\/candas365.es\\\/noticias\\\/alemania-condena-el-ataque-al-carguero-hapag-lloyd-en-el-mar-rojo\\\/#breadcrumblist\"},\"author\":{\"@id\":\"https:\\\/\\\/candas365.es\\\/noticias\\\/author\\\/admin\\\/#author\"},\"creator\":{\"@id\":\"https:\\\/\\\/candas365.es\\\/noticias\\\/author\\\/admin\\\/#author\"},\"image\":{\"@type\":\"ImageObject\",\"url\":\"https:\\\/\\\/candas365.es\\\/noticias\\\/wp-content\\\/uploads\\\/2023\\\/12\\\/carguero.jpg\",\"@id\":\"https:\\\/\\\/candas365.es\\\/noticias\\\/alemania-condena-el-ataque-al-carguero-hapag-lloyd-en-el-mar-rojo\\\/#mainImage\",\"width\":992,\"height\":645,\"caption\":\"El carguero de contenedores \\\"Al Jasrah\\\" es descargado en la terminal de Burchardkai del puerto de Hamburgo. Foto: Axel Heimken\\\/dpa\"},\"primaryImageOfPage\":{\"@id\":\"https:\\\/\\\/candas365.es\\\/noticias\\\/alemania-condena-el-ataque-al-carguero-hapag-lloyd-en-el-mar-rojo\\\/#mainImage\"},\"datePublished\":\"2023-12-15T21:57:28+01:00\",\"dateModified\":\"2023-12-15T21:57:28+01:00\"},{\"@type\":\"WebSite\",\"@id\":\"https:\\\/\\\/candas365.es\\\/noticias\\\/#website\",\"url\":\"https:\\\/\\\/candas365.es\\\/noticias\\\/\",\"name\":\"Cand\\u00e1s 365\",\"alternateName\":\"Cand\\u00e1s 365 Noticias\",\"description\":\"Actualidad desde Carre\\u00f1o para el mundo\",\"inLanguage\":\"es-ES\",\"publisher\":{\"@id\":\"https:\\\/\\\/candas365.es\\\/noticias\\\/#organization\"}}]}\n\t\t<\/script>\n\t\t<!-- All in One SEO Pro -->\r\n\t\t<title>Alemania condena el ataque al carguero Hapag-Lloyd en el Mar Rojo | Cand\u00e1s 365<\/title>\n\n","aioseo_head_json":{"title":"Alemania condena el ataque al carguero Hapag-Lloyd en el Mar Rojo | Cand\u00e1s 365","description":"Hamburgo\/Berl\u00edn, 15 dic (dpa) - Un carguero portacontenedores de la naviera alemana Hapag-Lloyd fue atacado en el Mar Rojo, sin que se produjeran heridos","canonical_url":"https:\/\/candas365.es\/noticias\/alemania-condena-el-ataque-al-carguero-hapag-lloyd-en-el-mar-rojo\/","robots":"max-image-preview:large","keywords":"internacional","webmasterTools":{"google-site-verification":"UA-32230408-1","msvalidate.01":"354F3CDFB2DA171B47FBE9ABF1F88D5","miscellaneous":""},"schema":{"@context":"https:\/\/schema.org","@graph":[{"@type":"BreadcrumbList","@id":"https:\/\/candas365.es\/noticias\/alemania-condena-el-ataque-al-carguero-hapag-lloyd-en-el-mar-rojo\/#breadcrumblist","itemListElement":[{"@type":"ListItem","@id":"https:\/\/candas365.es\/noticias#listItem","position":1,"name":"Home","item":"https:\/\/candas365.es\/noticias","nextItem":{"@type":"ListItem","@id":"https:\/\/candas365.es\/noticias\/category\/internacional\/#listItem","name":"Internacional"}},{"@type":"ListItem","@id":"https:\/\/candas365.es\/noticias\/category\/internacional\/#listItem","position":2,"name":"Internacional","item":"https:\/\/candas365.es\/noticias\/category\/internacional\/","nextItem":{"@type":"ListItem","@id":"https:\/\/candas365.es\/noticias\/alemania-condena-el-ataque-al-carguero-hapag-lloyd-en-el-mar-rojo\/#listItem","name":"Alemania condena el ataque al carguero Hapag-Lloyd en el Mar Rojo"},"previousItem":{"@type":"ListItem","@id":"https:\/\/candas365.es\/noticias#listItem","name":"Home"}},{"@type":"ListItem","@id":"https:\/\/candas365.es\/noticias\/alemania-condena-el-ataque-al-carguero-hapag-lloyd-en-el-mar-rojo\/#listItem","position":3,"name":"Alemania condena el ataque al carguero Hapag-Lloyd en el Mar Rojo","previousItem":{"@type":"ListItem","@id":"https:\/\/candas365.es\/noticias\/category\/internacional\/#listItem","name":"Internacional"}}]},{"@type":"NewsArticle","@id":"https:\/\/candas365.es\/noticias\/alemania-condena-el-ataque-al-carguero-hapag-lloyd-en-el-mar-rojo\/#newsarticle","name":"Alemania condena el ataque al carguero Hapag-Lloyd en el Mar Rojo | Cand\u00e1s 365","headline":"Alemania condena el ataque al carguero Hapag-Lloyd en el Mar Rojo","author":{"@id":"https:\/\/candas365.es\/noticias\/author\/admin\/#author"},"publisher":{"@id":"https:\/\/candas365.es\/noticias\/#organization"},"image":{"@type":"ImageObject","url":"https:\/\/candas365.es\/noticias\/wp-content\/uploads\/2023\/12\/carguero.jpg","width":992,"height":645,"caption":"El carguero de contenedores \"Al Jasrah\" es descargado en la terminal de Burchardkai del puerto de Hamburgo. Foto: Axel Heimken\/dpa"},"datePublished":"2023-12-15T21:57:28+01:00","dateModified":"2023-12-15T21:57:28+01:00","inLanguage":"es-ES","mainEntityOfPage":{"@id":"https:\/\/candas365.es\/noticias\/alemania-condena-el-ataque-al-carguero-hapag-lloyd-en-el-mar-rojo\/#webpage"},"isPartOf":{"@id":"https:\/\/candas365.es\/noticias\/alemania-condena-el-ataque-al-carguero-hapag-lloyd-en-el-mar-rojo\/#webpage"},"articleSection":"Internacional, conflictos, Internacional","dateline":"Publicado el diciembre 15, 2023."},{"@type":"Organization","@id":"https:\/\/candas365.es\/noticias\/#organization","name":"Cand\u00e1s 365","description":"Cand\u00e1s 365 es un diario digital independiente, fundado en 2012, con base en Asturias. Informamos con rigor sobre actualidad, sociedad, cultura y ocio, con una mirada local y global.","url":"https:\/\/candas365.es\/noticias\/","email":"info@candas365.es","telephone":"+34652131393","foundingDate":"2012-06-10","logo":{"@type":"ImageObject","url":"https:\/\/candas365.es\/noticias\/wp-content\/uploads\/2024\/09\/Candas-365-Redes.jpg","@id":"https:\/\/candas365.es\/noticias\/alemania-condena-el-ataque-al-carguero-hapag-lloyd-en-el-mar-rojo\/#organizationLogo","width":1152,"height":864,"caption":"Cand\u00e1s 365 Redes"},"image":{"@id":"https:\/\/candas365.es\/noticias\/alemania-condena-el-ataque-al-carguero-hapag-lloyd-en-el-mar-rojo\/#organizationLogo"},"sameAs":["https:\/\/www.facebook.com\/Nachofdezber","https:\/\/x.com\/NabercoDigital","https:\/\/www.instagram.com\/nachofdezber\/","https:\/\/www.youtube.com\/channel\/UCZP-2wLEB9Rv6erhFmqVnvg"],"address":{"@id":"https:\/\/candas365.es\/noticias\/#postaladdress","@type":"PostalAddress","streetAddress":"san antonio 4, san antonio 4","postalCode":"33430","addressLocality":"Cand\u00e1s","addressRegion":"Asturias","addressCountry":"ES"}},{"@type":"Person","@id":"https:\/\/candas365.es\/noticias\/author\/admin\/#author","url":"https:\/\/candas365.es\/noticias\/author\/admin\/","name":"Cand\u00e1s 365","image":{"@type":"ImageObject","@id":"https:\/\/candas365.es\/noticias\/alemania-condena-el-ataque-al-carguero-hapag-lloyd-en-el-mar-rojo\/#authorImage","url":"https:\/\/secure.gravatar.com\/avatar\/496a8e03d0c493ede1718b7934145dbdf8d89be1036b0eec9544e1094c9de390?s=96&d=mm&r=g","width":96,"height":96,"caption":"Cand\u00e1s 365"},"sameAs":["https:\/\/www.facebook.com\/carrenoactualidad","https:\/\/twitter.com\/nbasturias","https:\/\/www.instagram.com\/nachofdezber\/","https:\/\/www.youtube.com\/channel\/UCZP-2wLEB9Rv6erhFmqVnvg"]},{"@type":"WebPage","@id":"https:\/\/candas365.es\/noticias\/alemania-condena-el-ataque-al-carguero-hapag-lloyd-en-el-mar-rojo\/#webpage","url":"https:\/\/candas365.es\/noticias\/alemania-condena-el-ataque-al-carguero-hapag-lloyd-en-el-mar-rojo\/","name":"Alemania condena el ataque al carguero Hapag-Lloyd en el Mar Rojo | Cand\u00e1s 365","description":"Hamburgo\/Berl\u00edn, 15 dic (dpa) - Un carguero portacontenedores de la naviera alemana Hapag-Lloyd fue atacado en el Mar Rojo, sin que se produjeran heridos","inLanguage":"es-ES","isPartOf":{"@id":"https:\/\/candas365.es\/noticias\/#website"},"breadcrumb":{"@id":"https:\/\/candas365.es\/noticias\/alemania-condena-el-ataque-al-carguero-hapag-lloyd-en-el-mar-rojo\/#breadcrumblist"},"author":{"@id":"https:\/\/candas365.es\/noticias\/author\/admin\/#author"},"creator":{"@id":"https:\/\/candas365.es\/noticias\/author\/admin\/#author"},"image":{"@type":"ImageObject","url":"https:\/\/candas365.es\/noticias\/wp-content\/uploads\/2023\/12\/carguero.jpg","@id":"https:\/\/candas365.es\/noticias\/alemania-condena-el-ataque-al-carguero-hapag-lloyd-en-el-mar-rojo\/#mainImage","width":992,"height":645,"caption":"El carguero de contenedores \"Al Jasrah\" es descargado en la terminal de Burchardkai del puerto de Hamburgo. Foto: Axel Heimken\/dpa"},"primaryImageOfPage":{"@id":"https:\/\/candas365.es\/noticias\/alemania-condena-el-ataque-al-carguero-hapag-lloyd-en-el-mar-rojo\/#mainImage"},"datePublished":"2023-12-15T21:57:28+01:00","dateModified":"2023-12-15T21:57:28+01:00"},{"@type":"WebSite","@id":"https:\/\/candas365.es\/noticias\/#website","url":"https:\/\/candas365.es\/noticias\/","name":"Cand\u00e1s 365","alternateName":"Cand\u00e1s 365 Noticias","description":"Actualidad desde Carre\u00f1o para el mundo","inLanguage":"es-ES","publisher":{"@id":"https:\/\/candas365.es\/noticias\/#organization"}}]},"og:locale":"es_ES","og:site_name":"Cand\u00e1s 365","og:type":"article","og:title":"Alemania condena el ataque al carguero Hapag-Lloyd en el Mar Rojo | Cand\u00e1s 365","og:description":"Hamburgo\/Berl\u00edn, 15 dic (dpa) - Un carguero portacontenedores de la naviera alemana Hapag-Lloyd fue atacado en el Mar Rojo, sin que se produjeran heridos","og:url":"https:\/\/candas365.es\/noticias\/alemania-condena-el-ataque-al-carguero-hapag-lloyd-en-el-mar-rojo\/","og:image":"https:\/\/candas365.es\/noticias\/wp-content\/uploads\/2023\/12\/carguero.jpg","og:image:secure_url":"https:\/\/candas365.es\/noticias\/wp-content\/uploads\/2023\/12\/carguero.jpg","og:image:width":992,"og:image:height":645,"article:published_time":"2023-12-15T20:57:28+00:00","article:modified_time":"2023-12-15T20:57:28+00:00","article:publisher":"https:\/\/www.facebook.com\/Nachofdezber","article:author":"https:\/\/www.facebook.com\/carrenoactualidad","twitter:card":"summary_large_image","twitter:site":"@NabercoDigital","twitter:title":"Alemania condena el ataque al carguero Hapag-Lloyd en el Mar Rojo | Cand\u00e1s 365","twitter:description":"Hamburgo\/Berl\u00edn, 15 dic (dpa) - Un carguero portacontenedores de la naviera alemana Hapag-Lloyd fue atacado en el Mar Rojo, sin que se produjeran heridos","twitter:creator":"@nbasturias","twitter:image":"https:\/\/candas365.es\/noticias\/wp-content\/uploads\/2023\/12\/carguero.jpg","twitter:label1":"Escrito por","twitter:data1":"Cand\u00e1s 365","twitter:label2":"Tiempo de lectura estimado","twitter:data2":"2 minutos"},"aioseo_meta_data":{"post_id":"177230","title":null,"description":"Hamburgo\/Berl\u00edn, 15 dic (dpa) - Un carguero portacontenedores de la naviera alemana Hapag-Lloyd fue atacado en el Mar Rojo, sin que se produjeran heridos","keywords":[],"keyphrases":{"focus":{"keyphrase":"carguero","score":93,"analysis":{"keyphraseInTitle":{"score":9,"maxScore":9,"error":0},"keyphraseInDescription":{"score":9,"maxScore":9,"error":0},"keyphraseLength":{"score":9,"maxScore":9,"error":0,"length":1},"keyphraseInURL":{"score":1,"maxScore":5,"error":1},"keyphraseInIntroduction":{"score":9,"maxScore":9,"error":0},"keyphraseInSubHeadings":[],"keyphraseInImageAlt":{"score":9,"maxScore":9,"error":0},"keywordDensity":{"type":"best","score":9,"maxScore":9,"error":0}}},"additional":[{"keyphrase":"carguero","score":100,"analysis":{"keyphraseInDescription":{"score":9,"maxScore":9,"error":0},"keyphraseLength":{"score":9,"maxScore":9,"error":0,"length":1},"keyphraseInIntroduction":{"score":9,"maxScore":9,"error":0},"keyphraseInImageAlt":{"score":9,"maxScore":9,"error":0},"keywordDensity":{"type":"best","score":9,"maxScore":9,"error":0}}}]},"primary_term":null,"canonical_url":null,"og_title":null,"og_description":null,"og_object_type":"default","og_image_type":"default","og_image_url":null,"og_image_width":null,"og_image_height":null,"og_image_custom_url":null,"og_image_custom_fields":null,"og_video":"","og_custom_url":null,"og_article_section":null,"og_article_tags":[],"twitter_use_og":false,"twitter_card":"default","twitter_image_type":"default","twitter_image_url":null,"twitter_image_custom_url":null,"twitter_image_custom_fields":null,"twitter_title":null,"twitter_description":null,"schema":{"blockGraphs":[],"customGraphs":[],"default":{"data":{"Article":[],"Course":[],"Dataset":[],"FAQPage":[],"Movie":[],"Person":[],"Product":[],"ProductReview":[],"Car":[],"Recipe":[],"Service":[],"SoftwareApplication":[],"WebPage":[]},"graphName":"Article","isEnabled":true},"graphs":[]},"schema_type":"default","schema_type_options":null,"pillar_content":false,"robots_default":true,"robots_noindex":false,"robots_noarchive":false,"robots_nosnippet":false,"robots_nofollow":false,"robots_noimageindex":false,"robots_noodp":false,"robots_notranslate":false,"robots_max_snippet":"-1","robots_max_videopreview":"-1","robots_max_imagepreview":"large","priority":null,"frequency":"default","location":null,"local_seo":null,"seo_analyzer_scan_date":"2025-09-02 01:55:29","breadcrumb_settings":null,"limit_modified_date":false,"reviewed_by":null,"open_ai":"{\"title\":{\"suggestions\":[],\"usage\":0},\"description\":{\"suggestions\":[],\"usage\":0}}","ai":null,"created":"2023-12-15 20:50:12","updated":"2025-09-02 01:55:29"},"aioseo_breadcrumb":"<div class=\"aioseo-breadcrumbs\"><span class=\"aioseo-breadcrumb\">\n\t<a href=\"https:\/\/candas365.es\/noticias\" title=\"Home\">Home<\/a>\n<\/span><span class=\"aioseo-breadcrumb-separator\">&ndash;<\/span><span class=\"aioseo-breadcrumb\">\n\t<a href=\"https:\/\/candas365.es\/noticias\/category\/internacional\/\" title=\"Internacional\">Internacional<\/a>\n<\/span><span class=\"aioseo-breadcrumb-separator\">&ndash;<\/span><span class=\"aioseo-breadcrumb\">\n\tAlemania condena el ataque al carguero Hapag-Lloyd en el Mar Rojo\n<\/span><\/div>","aioseo_breadcrumb_json":[{"label":"Home","link":"https:\/\/candas365.es\/noticias"},{"label":"Internacional","link":"https:\/\/candas365.es\/noticias\/category\/internacional\/"},{"label":"Alemania condena el ataque al carguero Hapag-Lloyd en el Mar Rojo","link":"https:\/\/candas365.es\/noticias\/alemania-condena-el-ataque-al-carguero-hapag-lloyd-en-el-mar-rojo\/"}],"_links":{"self":[{"href":"https:\/\/candas365.es\/noticias\/wp-json\/wp\/v2\/posts\/177230","targetHints":{"allow":["GET"]}}],"collection":[{"href":"https:\/\/candas365.es\/noticias\/wp-json\/wp\/v2\/posts"}],"about":[{"href":"https:\/\/candas365.es\/noticias\/wp-json\/wp\/v2\/types\/post"}],"author":[{"embeddable":true,"href":"https:\/\/candas365.es\/noticias\/wp-json\/wp\/v2\/users\/1"}],"replies":[{"embeddable":true,"href":"https:\/\/candas365.es\/noticias\/wp-json\/wp\/v2\/comments?post=177230"}],"version-history":[{"count":0,"href":"https:\/\/candas365.es\/noticias\/wp-json\/wp\/v2\/posts\/177230\/revisions"}],"wp:featuredmedia":[{"embeddable":true,"href":"https:\/\/candas365.es\/noticias\/wp-json\/wp\/v2\/media\/177231"}],"wp:attachment":[{"href":"https:\/\/candas365.es\/noticias\/wp-json\/wp\/v2\/media?parent=177230"}],"wp:term":[{"taxonomy":"category","embeddable":true,"href":"https:\/\/candas365.es\/noticias\/wp-json\/wp\/v2\/categories?post=177230"},{"taxonomy":"post_tag","embeddable":true,"href":"https:\/\/candas365.es\/noticias\/wp-json\/wp\/v2\/tags?post=177230"}],"curies":[{"name":"wp","href":"https:\/\/api.w.org\/{rel}","templated":true}]}}