{"id":177210,"date":"2023-12-15T19:50:50","date_gmt":"2023-12-15T18:50:50","guid":{"rendered":"https:\/\/candas365.es\/noticias\/?p=177210"},"modified":"2023-12-15T19:50:50","modified_gmt":"2023-12-15T18:50:50","slug":"la-policia-alemana-detiene-a-tres-supuestos-miembros-de-hamas","status":"publish","type":"post","link":"https:\/\/candas365.es\/noticias\/la-policia-alemana-detiene-a-tres-supuestos-miembros-de-hamas\/","title":{"rendered":"La polic\u00eda alemana detiene a tres \u00absupuestos\u00bb miembros de Ham\u00e1s"},"content":{"rendered":"<p>Karlsruhe (Alemania), 14 dic (<a title=\"dpa\" href=\"https:\/\/www.dpa-news.de\/\" target=\"_blank\" rel=\"noopener\"><span style=\"color: #ff6600;\"><strong>dpa<\/strong><\/span><\/a>) &#8211; La polic\u00eda alemana detuvo hoy en Berl\u00edn a tres presuntos miembros del grupo islamista Ham\u00e1s, seg\u00fan inform\u00f3 la Fiscal\u00eda Federal alemana.<\/p>\n<p><img fetchpriority=\"high\" decoding=\"async\" class=\"aligncenter size-full wp-image-176718\" src=\"https:\/\/candas365.es\/noticias\/wp-content\/uploads\/2023\/12\/noticias.jpg\" alt=\"noticias\" width=\"640\" height=\"480\" srcset=\"https:\/\/candas365.es\/noticias\/wp-content\/uploads\/2023\/12\/noticias.jpg 640w, https:\/\/candas365.es\/noticias\/wp-content\/uploads\/2023\/12\/noticias-360x270.jpg 360w, https:\/\/candas365.es\/noticias\/wp-content\/uploads\/2023\/12\/noticias-150x113.jpg 150w, https:\/\/candas365.es\/noticias\/wp-content\/uploads\/2023\/12\/noticias-450x338.jpg 450w\" sizes=\"(max-width: 640px) 100vw, 640px\" \/><\/p>\n<p>Las <a href=\"https:\/\/candas365.es\/noticias\/category\/sucesos\/\"><span style=\"color: #ff6600;\"><strong>detenciones<\/strong><\/span><\/a> de los hombres (un ciudadano egipcio, un holand\u00e9s y un ciudadano nacido en L\u00edbano) se llevaron a cabo de manera conjunta con Pa\u00edses Bajos. En R\u00f3terdam, seg\u00fan un comunicado, se detuvo tambi\u00e9n a otro hombre nacido en L\u00edbano.<\/p>\n<p>La operaci\u00f3n policial de \u00e1mbito internacional est\u00e1 vinculada al almacenaje de armas que supuestamente iban a ser usadas en atentados contra instituciones jud\u00edas en Europa.<\/p>\n<p>Todos los detenidos est\u00e1n acusados de pertenencia a una organizaci\u00f3n terrorista extranjera. Seg\u00fan el comunicado, manten\u00edan \u00abestrechos v\u00ednculos con dirigentes del ala militar de Ham\u00e1s\u00bb.<\/p>\n<p>De acuerdo con la informaci\u00f3n, uno de los sospechosos, con base en Berl\u00edn, particip\u00f3 como m\u00ednimo desde la primavera europea de este a\u00f1o en la localizaci\u00f3n de un dep\u00f3sito clandestino de armas en Europa por cuenta de Ham\u00e1s, que la organizaci\u00f3n hab\u00eda establecido all\u00ed en el pasado.<\/p>\n<p>Para ello, detallaron, hab\u00eda recibido instrucciones previas de cuadros dirigentes de Ham\u00e1s en el L\u00edbano.<\/p>\n<p>Las armas deb\u00edan llevarse a Berl\u00edn y mantenerse preparadas para posibles atentados contra instituciones jud\u00edas en Europa. En octubre, los tres hombres que viv\u00edan en Berl\u00edn hab\u00edan viajado varias veces desde la capital alemana para hacerse con las armas. En su misi\u00f3n, fueron apoyados por el hombre detenido hoy en R\u00f3terdam.<\/p>\n<p>Fuentes de seguridad consultadas por dpa explicaron que las actividades de los detenidos no est\u00e1n directamente relacionadas con el atentado de Ham\u00e1s en Israel del 7 de octubre, sino que se remontan al pasado verano europeo.<\/p>\n<p>\u00abMi agradecimiento a todos los implicados que, con esta exitosa investigaci\u00f3n, han contribuido a garantizar que los jud\u00edos de Europa puedan seguir viviendo seguros y en paz\u00bb, declar\u00f3 el ministro de Justicia, Marco Buschmann.<\/p>\n<p>\u00abDebemos hacer todo lo posible para garantizar que los jud\u00edos de nuestro pa\u00eds no tengan que volver a temer por su seguridad\u00bb, a\u00f1adi\u00f3.<\/p>\n<p>Desde el atentado terrorista del 7 de octubre, el temor a que tambi\u00e9n pudiera haber atentados en Alemania ha ido en aumento. A principios de noviembre, la ministra del Interior, Nancy Faeser, prohibi\u00f3 cualquier tipo de actividad relacionada con Ham\u00e1s en el pa\u00eds.<\/p>\n<p>La Oficina Federal de Protecci\u00f3n de la Constituci\u00f3n, la agencia de inteligencia interior, calcula que hay unos 450 miembros de Ham\u00e1s en Alemania. Hasta ahora, sus actividades han incluido manifestaciones de simpat\u00eda y actividades de propaganda, as\u00ed como la recogida de donativos.<\/p>\n<p>A diferencia de grupos terroristas islamistas como Al Qaeda o Estado Isl\u00e1mico (EI), Ham\u00e1s no ha perpetrado hasta la fecha atentados en pa\u00edses occidentales, sino exclusivamente en Israel y los Territorios Palestinos.<\/p>\n<p>En Dinamarca, las autoridades anunciaron hoy tambi\u00e9n la detenci\u00f3n de tres sospechosos de preparar un atentado terrorista. Seg\u00fan el servicio de inteligencia exterior israel\u00ed, tienen asimismo v\u00ednculos con Ham\u00e1s.<\/p>\n<p>Las autoridades danesas a\u00fan no han hecho comentarios sobre los antecedentes o el posible objetivo del atentado planeado.<\/p>\n","protected":false},"excerpt":{"rendered":"<p>Karlsruhe (Alemania), 14 dic (dpa) &#8211; La polic\u00eda alemana detuvo hoy en Berl\u00edn a tres presuntos miembros del grupo islamista Ham\u00e1s, seg\u00fan inform\u00f3 la Fiscal\u00eda Federal alemana. Las detenciones de los hombres (un ciudadano egipcio, un holand\u00e9s y un ciudadano nacido en L\u00edbano) se llevaron a cabo de manera conjunta con Pa\u00edses Bajos. En R\u00f3terdam,<\/p>\n","protected":false},"author":1,"featured_media":176718,"comment_status":"closed","ping_status":"closed","sticky":false,"template":"","format":"standard","meta":{"footnotes":""},"categories":[487],"tags":[417,391],"class_list":{"0":"post-177210","1":"post","2":"type-post","3":"status-publish","4":"format-standard","5":"has-post-thumbnail","7":"category-sucesos","8":"tag-alemania","9":"tag-sucesos"},"aioseo_notices":[],"aioseo_head":"\n\t\t<!-- All in One SEO Pro 4.9.6.2 - aioseo.com -->\n\t<meta name=\"description\" content=\"Karlsruhe (Alemania), 14 dic (dpa) - La polic\u00eda alemana detuvo hoy en Berl\u00edn a tres presuntos miembros del grupo islamista Ham\u00e1s, seg\u00fan inform\u00f3 la Fiscal\u00eda\" \/>\n\t<meta name=\"robots\" content=\"max-image-preview:large\" \/>\n\t<meta name=\"author\" content=\"Cand\u00e1s 365\"\/>\n\t<meta name=\"google-site-verification\" content=\"UA-32230408-1\" \/>\n\t<meta name=\"msvalidate.01\" content=\"354F3CDFB2DA171B47FBE9ABF1F88D5\" \/>\n\t<meta name=\"keywords\" content=\"sucesos\" \/>\n\t<link rel=\"canonical\" href=\"https:\/\/candas365.es\/noticias\/la-policia-alemana-detiene-a-tres-supuestos-miembros-de-hamas\/\" \/>\n\t<meta name=\"generator\" content=\"All in One SEO Pro (AIOSEO) 4.9.6.2\" \/>\n\t\t<meta property=\"og:locale\" content=\"es_ES\" \/>\n\t\t<meta property=\"og:site_name\" content=\"Cand\u00e1s 365\" \/>\n\t\t<meta property=\"og:type\" content=\"article\" \/>\n\t\t<meta property=\"og:title\" content=\"La polic\u00eda alemana detiene a tres \u00absupuestos\u00bb miembros de Ham\u00e1s | Cand\u00e1s 365\" \/>\n\t\t<meta property=\"og:description\" content=\"Karlsruhe (Alemania), 14 dic (dpa) - La polic\u00eda alemana detuvo hoy en Berl\u00edn a tres presuntos miembros del grupo islamista Ham\u00e1s, seg\u00fan inform\u00f3 la Fiscal\u00eda\" \/>\n\t\t<meta property=\"og:url\" content=\"https:\/\/candas365.es\/noticias\/la-policia-alemana-detiene-a-tres-supuestos-miembros-de-hamas\/\" \/>\n\t\t<meta property=\"og:image\" content=\"https:\/\/candas365.es\/noticias\/wp-content\/uploads\/2023\/12\/noticias.jpg\" \/>\n\t\t<meta property=\"og:image:secure_url\" content=\"https:\/\/candas365.es\/noticias\/wp-content\/uploads\/2023\/12\/noticias.jpg\" \/>\n\t\t<meta property=\"og:image:width\" content=\"640\" \/>\n\t\t<meta property=\"og:image:height\" content=\"480\" \/>\n\t\t<meta property=\"article:published_time\" content=\"2023-12-15T18:50:50+00:00\" \/>\n\t\t<meta property=\"article:modified_time\" content=\"2023-12-15T18:50:50+00:00\" \/>\n\t\t<meta property=\"article:publisher\" content=\"https:\/\/www.facebook.com\/Nachofdezber\" \/>\n\t\t<meta property=\"article:author\" content=\"https:\/\/www.facebook.com\/carrenoactualidad\" \/>\n\t\t<meta name=\"twitter:card\" content=\"summary_large_image\" \/>\n\t\t<meta name=\"twitter:site\" content=\"@NabercoDigital\" \/>\n\t\t<meta name=\"twitter:title\" content=\"La polic\u00eda alemana detiene a tres \u00absupuestos\u00bb miembros de Ham\u00e1s | Cand\u00e1s 365\" \/>\n\t\t<meta name=\"twitter:description\" content=\"Karlsruhe (Alemania), 14 dic (dpa) - La polic\u00eda alemana detuvo hoy en Berl\u00edn a tres presuntos miembros del grupo islamista Ham\u00e1s, seg\u00fan inform\u00f3 la Fiscal\u00eda\" \/>\n\t\t<meta name=\"twitter:creator\" content=\"@nbasturias\" \/>\n\t\t<meta name=\"twitter:image\" content=\"https:\/\/candas365.es\/noticias\/wp-content\/uploads\/2023\/12\/noticias.jpg\" \/>\n\t\t<meta name=\"twitter:label1\" content=\"Escrito por\" \/>\n\t\t<meta name=\"twitter:data1\" content=\"Cand\u00e1s 365\" \/>\n\t\t<meta name=\"twitter:label2\" content=\"Tiempo de lectura estimado\" \/>\n\t\t<meta name=\"twitter:data2\" content=\"3 minutos\" \/>\n\t\t<script type=\"application\/ld+json\" class=\"aioseo-schema\">\n\t\t\t{\"@context\":\"https:\\\/\\\/schema.org\",\"@graph\":[{\"@type\":\"BreadcrumbList\",\"@id\":\"https:\\\/\\\/candas365.es\\\/noticias\\\/la-policia-alemana-detiene-a-tres-supuestos-miembros-de-hamas\\\/#breadcrumblist\",\"itemListElement\":[{\"@type\":\"ListItem\",\"@id\":\"https:\\\/\\\/candas365.es\\\/noticias#listItem\",\"position\":1,\"name\":\"Home\",\"item\":\"https:\\\/\\\/candas365.es\\\/noticias\",\"nextItem\":{\"@type\":\"ListItem\",\"@id\":\"https:\\\/\\\/candas365.es\\\/noticias\\\/category\\\/sucesos\\\/#listItem\",\"name\":\"Sucesos\"}},{\"@type\":\"ListItem\",\"@id\":\"https:\\\/\\\/candas365.es\\\/noticias\\\/category\\\/sucesos\\\/#listItem\",\"position\":2,\"name\":\"Sucesos\",\"item\":\"https:\\\/\\\/candas365.es\\\/noticias\\\/category\\\/sucesos\\\/\",\"nextItem\":{\"@type\":\"ListItem\",\"@id\":\"https:\\\/\\\/candas365.es\\\/noticias\\\/la-policia-alemana-detiene-a-tres-supuestos-miembros-de-hamas\\\/#listItem\",\"name\":\"La polic\\u00eda alemana detiene a tres \\u00absupuestos\\u00bb miembros de Ham\\u00e1s\"},\"previousItem\":{\"@type\":\"ListItem\",\"@id\":\"https:\\\/\\\/candas365.es\\\/noticias#listItem\",\"name\":\"Home\"}},{\"@type\":\"ListItem\",\"@id\":\"https:\\\/\\\/candas365.es\\\/noticias\\\/la-policia-alemana-detiene-a-tres-supuestos-miembros-de-hamas\\\/#listItem\",\"position\":3,\"name\":\"La polic\\u00eda alemana detiene a tres \\u00absupuestos\\u00bb miembros de Ham\\u00e1s\",\"previousItem\":{\"@type\":\"ListItem\",\"@id\":\"https:\\\/\\\/candas365.es\\\/noticias\\\/category\\\/sucesos\\\/#listItem\",\"name\":\"Sucesos\"}}]},{\"@type\":\"NewsArticle\",\"@id\":\"https:\\\/\\\/candas365.es\\\/noticias\\\/la-policia-alemana-detiene-a-tres-supuestos-miembros-de-hamas\\\/#newsarticle\",\"name\":\"La polic\\u00eda alemana detiene a tres \\u00absupuestos\\u00bb miembros de Ham\\u00e1s | Cand\\u00e1s 365\",\"headline\":\"La polic\\u00eda alemana detiene a tres \\u00absupuestos\\u00bb miembros de Ham\\u00e1s\",\"author\":{\"@id\":\"https:\\\/\\\/candas365.es\\\/noticias\\\/author\\\/admin\\\/#author\"},\"publisher\":{\"@id\":\"https:\\\/\\\/candas365.es\\\/noticias\\\/#organization\"},\"image\":{\"@type\":\"ImageObject\",\"url\":\"https:\\\/\\\/candas365.es\\\/noticias\\\/wp-content\\\/uploads\\\/2023\\\/12\\\/noticias.jpg\",\"width\":640,\"height\":480,\"caption\":\"noticias\"},\"datePublished\":\"2023-12-15T19:50:50+01:00\",\"dateModified\":\"2023-12-15T19:50:50+01:00\",\"inLanguage\":\"es-ES\",\"mainEntityOfPage\":{\"@id\":\"https:\\\/\\\/candas365.es\\\/noticias\\\/la-policia-alemana-detiene-a-tres-supuestos-miembros-de-hamas\\\/#webpage\"},\"isPartOf\":{\"@id\":\"https:\\\/\\\/candas365.es\\\/noticias\\\/la-policia-alemana-detiene-a-tres-supuestos-miembros-de-hamas\\\/#webpage\"},\"articleSection\":\"Sucesos, Alemania, sucesos\",\"dateline\":\"Publicado el diciembre 15, 2023.\"},{\"@type\":\"Organization\",\"@id\":\"https:\\\/\\\/candas365.es\\\/noticias\\\/#organization\",\"name\":\"Cand\\u00e1s 365\",\"description\":\"Cand\\u00e1s 365 es un diario digital independiente, fundado en 2012, con base en Asturias. Informamos con rigor sobre actualidad, sociedad, cultura y ocio, con una mirada local y global.\",\"url\":\"https:\\\/\\\/candas365.es\\\/noticias\\\/\",\"email\":\"info@candas365.es\",\"telephone\":\"+34652131393\",\"foundingDate\":\"2012-06-10\",\"logo\":{\"@type\":\"ImageObject\",\"url\":\"https:\\\/\\\/candas365.es\\\/noticias\\\/wp-content\\\/uploads\\\/2024\\\/09\\\/Candas-365-Redes.jpg\",\"@id\":\"https:\\\/\\\/candas365.es\\\/noticias\\\/la-policia-alemana-detiene-a-tres-supuestos-miembros-de-hamas\\\/#organizationLogo\",\"width\":1152,\"height\":864,\"caption\":\"Cand\\u00e1s 365 Redes\"},\"image\":{\"@id\":\"https:\\\/\\\/candas365.es\\\/noticias\\\/la-policia-alemana-detiene-a-tres-supuestos-miembros-de-hamas\\\/#organizationLogo\"},\"sameAs\":[\"https:\\\/\\\/www.facebook.com\\\/Nachofdezber\",\"https:\\\/\\\/x.com\\\/NabercoDigital\",\"https:\\\/\\\/www.instagram.com\\\/nachofdezber\\\/\",\"https:\\\/\\\/www.youtube.com\\\/channel\\\/UCZP-2wLEB9Rv6erhFmqVnvg\"],\"address\":{\"@id\":\"https:\\\/\\\/candas365.es\\\/noticias\\\/#postaladdress\",\"@type\":\"PostalAddress\",\"streetAddress\":\"san antonio 4, san antonio 4\",\"postalCode\":\"33430\",\"addressLocality\":\"Cand\\u00e1s\",\"addressRegion\":\"Asturias\",\"addressCountry\":\"ES\"}},{\"@type\":\"Person\",\"@id\":\"https:\\\/\\\/candas365.es\\\/noticias\\\/author\\\/admin\\\/#author\",\"url\":\"https:\\\/\\\/candas365.es\\\/noticias\\\/author\\\/admin\\\/\",\"name\":\"Cand\\u00e1s 365\",\"image\":{\"@type\":\"ImageObject\",\"@id\":\"https:\\\/\\\/candas365.es\\\/noticias\\\/la-policia-alemana-detiene-a-tres-supuestos-miembros-de-hamas\\\/#authorImage\",\"url\":\"https:\\\/\\\/secure.gravatar.com\\\/avatar\\\/496a8e03d0c493ede1718b7934145dbdf8d89be1036b0eec9544e1094c9de390?s=96&d=mm&r=g\",\"width\":96,\"height\":96,\"caption\":\"Cand\\u00e1s 365\"},\"sameAs\":[\"https:\\\/\\\/www.facebook.com\\\/carrenoactualidad\",\"https:\\\/\\\/twitter.com\\\/nbasturias\",\"https:\\\/\\\/www.instagram.com\\\/nachofdezber\\\/\",\"https:\\\/\\\/www.youtube.com\\\/channel\\\/UCZP-2wLEB9Rv6erhFmqVnvg\"]},{\"@type\":\"WebPage\",\"@id\":\"https:\\\/\\\/candas365.es\\\/noticias\\\/la-policia-alemana-detiene-a-tres-supuestos-miembros-de-hamas\\\/#webpage\",\"url\":\"https:\\\/\\\/candas365.es\\\/noticias\\\/la-policia-alemana-detiene-a-tres-supuestos-miembros-de-hamas\\\/\",\"name\":\"La polic\\u00eda alemana detiene a tres \\u00absupuestos\\u00bb miembros de Ham\\u00e1s | Cand\\u00e1s 365\",\"description\":\"Karlsruhe (Alemania), 14 dic (dpa) - La polic\\u00eda alemana detuvo hoy en Berl\\u00edn a tres presuntos miembros del grupo islamista Ham\\u00e1s, seg\\u00fan inform\\u00f3 la Fiscal\\u00eda\",\"inLanguage\":\"es-ES\",\"isPartOf\":{\"@id\":\"https:\\\/\\\/candas365.es\\\/noticias\\\/#website\"},\"breadcrumb\":{\"@id\":\"https:\\\/\\\/candas365.es\\\/noticias\\\/la-policia-alemana-detiene-a-tres-supuestos-miembros-de-hamas\\\/#breadcrumblist\"},\"author\":{\"@id\":\"https:\\\/\\\/candas365.es\\\/noticias\\\/author\\\/admin\\\/#author\"},\"creator\":{\"@id\":\"https:\\\/\\\/candas365.es\\\/noticias\\\/author\\\/admin\\\/#author\"},\"image\":{\"@type\":\"ImageObject\",\"url\":\"https:\\\/\\\/candas365.es\\\/noticias\\\/wp-content\\\/uploads\\\/2023\\\/12\\\/noticias.jpg\",\"@id\":\"https:\\\/\\\/candas365.es\\\/noticias\\\/la-policia-alemana-detiene-a-tres-supuestos-miembros-de-hamas\\\/#mainImage\",\"width\":640,\"height\":480,\"caption\":\"noticias\"},\"primaryImageOfPage\":{\"@id\":\"https:\\\/\\\/candas365.es\\\/noticias\\\/la-policia-alemana-detiene-a-tres-supuestos-miembros-de-hamas\\\/#mainImage\"},\"datePublished\":\"2023-12-15T19:50:50+01:00\",\"dateModified\":\"2023-12-15T19:50:50+01:00\"},{\"@type\":\"WebSite\",\"@id\":\"https:\\\/\\\/candas365.es\\\/noticias\\\/#website\",\"url\":\"https:\\\/\\\/candas365.es\\\/noticias\\\/\",\"name\":\"Cand\\u00e1s 365\",\"alternateName\":\"Cand\\u00e1s 365 Noticias\",\"description\":\"Actualidad desde Carre\\u00f1o para el mundo\",\"inLanguage\":\"es-ES\",\"publisher\":{\"@id\":\"https:\\\/\\\/candas365.es\\\/noticias\\\/#organization\"}}]}\n\t\t<\/script>\n\t\t<!-- All in One SEO Pro -->\r\n\t\t<title>La polic\u00eda alemana detiene a tres \u00absupuestos\u00bb miembros de Ham\u00e1s | Cand\u00e1s 365<\/title>\n\n","aioseo_head_json":{"title":"La polic\u00eda alemana detiene a tres \u00absupuestos\u00bb miembros de Ham\u00e1s | Cand\u00e1s 365","description":"Karlsruhe (Alemania), 14 dic (dpa) - La polic\u00eda alemana detuvo hoy en Berl\u00edn a tres presuntos miembros del grupo islamista Ham\u00e1s, seg\u00fan inform\u00f3 la Fiscal\u00eda","canonical_url":"https:\/\/candas365.es\/noticias\/la-policia-alemana-detiene-a-tres-supuestos-miembros-de-hamas\/","robots":"max-image-preview:large","keywords":"sucesos","webmasterTools":{"google-site-verification":"UA-32230408-1","msvalidate.01":"354F3CDFB2DA171B47FBE9ABF1F88D5","miscellaneous":""},"schema":{"@context":"https:\/\/schema.org","@graph":[{"@type":"BreadcrumbList","@id":"https:\/\/candas365.es\/noticias\/la-policia-alemana-detiene-a-tres-supuestos-miembros-de-hamas\/#breadcrumblist","itemListElement":[{"@type":"ListItem","@id":"https:\/\/candas365.es\/noticias#listItem","position":1,"name":"Home","item":"https:\/\/candas365.es\/noticias","nextItem":{"@type":"ListItem","@id":"https:\/\/candas365.es\/noticias\/category\/sucesos\/#listItem","name":"Sucesos"}},{"@type":"ListItem","@id":"https:\/\/candas365.es\/noticias\/category\/sucesos\/#listItem","position":2,"name":"Sucesos","item":"https:\/\/candas365.es\/noticias\/category\/sucesos\/","nextItem":{"@type":"ListItem","@id":"https:\/\/candas365.es\/noticias\/la-policia-alemana-detiene-a-tres-supuestos-miembros-de-hamas\/#listItem","name":"La polic\u00eda alemana detiene a tres \u00absupuestos\u00bb miembros de Ham\u00e1s"},"previousItem":{"@type":"ListItem","@id":"https:\/\/candas365.es\/noticias#listItem","name":"Home"}},{"@type":"ListItem","@id":"https:\/\/candas365.es\/noticias\/la-policia-alemana-detiene-a-tres-supuestos-miembros-de-hamas\/#listItem","position":3,"name":"La polic\u00eda alemana detiene a tres \u00absupuestos\u00bb miembros de Ham\u00e1s","previousItem":{"@type":"ListItem","@id":"https:\/\/candas365.es\/noticias\/category\/sucesos\/#listItem","name":"Sucesos"}}]},{"@type":"NewsArticle","@id":"https:\/\/candas365.es\/noticias\/la-policia-alemana-detiene-a-tres-supuestos-miembros-de-hamas\/#newsarticle","name":"La polic\u00eda alemana detiene a tres \u00absupuestos\u00bb miembros de Ham\u00e1s | Cand\u00e1s 365","headline":"La polic\u00eda alemana detiene a tres \u00absupuestos\u00bb miembros de Ham\u00e1s","author":{"@id":"https:\/\/candas365.es\/noticias\/author\/admin\/#author"},"publisher":{"@id":"https:\/\/candas365.es\/noticias\/#organization"},"image":{"@type":"ImageObject","url":"https:\/\/candas365.es\/noticias\/wp-content\/uploads\/2023\/12\/noticias.jpg","width":640,"height":480,"caption":"noticias"},"datePublished":"2023-12-15T19:50:50+01:00","dateModified":"2023-12-15T19:50:50+01:00","inLanguage":"es-ES","mainEntityOfPage":{"@id":"https:\/\/candas365.es\/noticias\/la-policia-alemana-detiene-a-tres-supuestos-miembros-de-hamas\/#webpage"},"isPartOf":{"@id":"https:\/\/candas365.es\/noticias\/la-policia-alemana-detiene-a-tres-supuestos-miembros-de-hamas\/#webpage"},"articleSection":"Sucesos, Alemania, sucesos","dateline":"Publicado el diciembre 15, 2023."},{"@type":"Organization","@id":"https:\/\/candas365.es\/noticias\/#organization","name":"Cand\u00e1s 365","description":"Cand\u00e1s 365 es un diario digital independiente, fundado en 2012, con base en Asturias. Informamos con rigor sobre actualidad, sociedad, cultura y ocio, con una mirada local y global.","url":"https:\/\/candas365.es\/noticias\/","email":"info@candas365.es","telephone":"+34652131393","foundingDate":"2012-06-10","logo":{"@type":"ImageObject","url":"https:\/\/candas365.es\/noticias\/wp-content\/uploads\/2024\/09\/Candas-365-Redes.jpg","@id":"https:\/\/candas365.es\/noticias\/la-policia-alemana-detiene-a-tres-supuestos-miembros-de-hamas\/#organizationLogo","width":1152,"height":864,"caption":"Cand\u00e1s 365 Redes"},"image":{"@id":"https:\/\/candas365.es\/noticias\/la-policia-alemana-detiene-a-tres-supuestos-miembros-de-hamas\/#organizationLogo"},"sameAs":["https:\/\/www.facebook.com\/Nachofdezber","https:\/\/x.com\/NabercoDigital","https:\/\/www.instagram.com\/nachofdezber\/","https:\/\/www.youtube.com\/channel\/UCZP-2wLEB9Rv6erhFmqVnvg"],"address":{"@id":"https:\/\/candas365.es\/noticias\/#postaladdress","@type":"PostalAddress","streetAddress":"san antonio 4, san antonio 4","postalCode":"33430","addressLocality":"Cand\u00e1s","addressRegion":"Asturias","addressCountry":"ES"}},{"@type":"Person","@id":"https:\/\/candas365.es\/noticias\/author\/admin\/#author","url":"https:\/\/candas365.es\/noticias\/author\/admin\/","name":"Cand\u00e1s 365","image":{"@type":"ImageObject","@id":"https:\/\/candas365.es\/noticias\/la-policia-alemana-detiene-a-tres-supuestos-miembros-de-hamas\/#authorImage","url":"https:\/\/secure.gravatar.com\/avatar\/496a8e03d0c493ede1718b7934145dbdf8d89be1036b0eec9544e1094c9de390?s=96&d=mm&r=g","width":96,"height":96,"caption":"Cand\u00e1s 365"},"sameAs":["https:\/\/www.facebook.com\/carrenoactualidad","https:\/\/twitter.com\/nbasturias","https:\/\/www.instagram.com\/nachofdezber\/","https:\/\/www.youtube.com\/channel\/UCZP-2wLEB9Rv6erhFmqVnvg"]},{"@type":"WebPage","@id":"https:\/\/candas365.es\/noticias\/la-policia-alemana-detiene-a-tres-supuestos-miembros-de-hamas\/#webpage","url":"https:\/\/candas365.es\/noticias\/la-policia-alemana-detiene-a-tres-supuestos-miembros-de-hamas\/","name":"La polic\u00eda alemana detiene a tres \u00absupuestos\u00bb miembros de Ham\u00e1s | Cand\u00e1s 365","description":"Karlsruhe (Alemania), 14 dic (dpa) - La polic\u00eda alemana detuvo hoy en Berl\u00edn a tres presuntos miembros del grupo islamista Ham\u00e1s, seg\u00fan inform\u00f3 la Fiscal\u00eda","inLanguage":"es-ES","isPartOf":{"@id":"https:\/\/candas365.es\/noticias\/#website"},"breadcrumb":{"@id":"https:\/\/candas365.es\/noticias\/la-policia-alemana-detiene-a-tres-supuestos-miembros-de-hamas\/#breadcrumblist"},"author":{"@id":"https:\/\/candas365.es\/noticias\/author\/admin\/#author"},"creator":{"@id":"https:\/\/candas365.es\/noticias\/author\/admin\/#author"},"image":{"@type":"ImageObject","url":"https:\/\/candas365.es\/noticias\/wp-content\/uploads\/2023\/12\/noticias.jpg","@id":"https:\/\/candas365.es\/noticias\/la-policia-alemana-detiene-a-tres-supuestos-miembros-de-hamas\/#mainImage","width":640,"height":480,"caption":"noticias"},"primaryImageOfPage":{"@id":"https:\/\/candas365.es\/noticias\/la-policia-alemana-detiene-a-tres-supuestos-miembros-de-hamas\/#mainImage"},"datePublished":"2023-12-15T19:50:50+01:00","dateModified":"2023-12-15T19:50:50+01:00"},{"@type":"WebSite","@id":"https:\/\/candas365.es\/noticias\/#website","url":"https:\/\/candas365.es\/noticias\/","name":"Cand\u00e1s 365","alternateName":"Cand\u00e1s 365 Noticias","description":"Actualidad desde Carre\u00f1o para el mundo","inLanguage":"es-ES","publisher":{"@id":"https:\/\/candas365.es\/noticias\/#organization"}}]},"og:locale":"es_ES","og:site_name":"Cand\u00e1s 365","og:type":"article","og:title":"La polic\u00eda alemana detiene a tres \u00absupuestos\u00bb miembros de Ham\u00e1s | Cand\u00e1s 365","og:description":"Karlsruhe (Alemania), 14 dic (dpa) - La polic\u00eda alemana detuvo hoy en Berl\u00edn a tres presuntos miembros del grupo islamista Ham\u00e1s, seg\u00fan inform\u00f3 la Fiscal\u00eda","og:url":"https:\/\/candas365.es\/noticias\/la-policia-alemana-detiene-a-tres-supuestos-miembros-de-hamas\/","og:image":"https:\/\/candas365.es\/noticias\/wp-content\/uploads\/2023\/12\/noticias.jpg","og:image:secure_url":"https:\/\/candas365.es\/noticias\/wp-content\/uploads\/2023\/12\/noticias.jpg","og:image:width":640,"og:image:height":480,"article:published_time":"2023-12-15T18:50:50+00:00","article:modified_time":"2023-12-15T18:50:50+00:00","article:publisher":"https:\/\/www.facebook.com\/Nachofdezber","article:author":"https:\/\/www.facebook.com\/carrenoactualidad","twitter:card":"summary_large_image","twitter:site":"@NabercoDigital","twitter:title":"La polic\u00eda alemana detiene a tres \u00absupuestos\u00bb miembros de Ham\u00e1s | Cand\u00e1s 365","twitter:description":"Karlsruhe (Alemania), 14 dic (dpa) - La polic\u00eda alemana detuvo hoy en Berl\u00edn a tres presuntos miembros del grupo islamista Ham\u00e1s, seg\u00fan inform\u00f3 la Fiscal\u00eda","twitter:creator":"@nbasturias","twitter:image":"https:\/\/candas365.es\/noticias\/wp-content\/uploads\/2023\/12\/noticias.jpg","twitter:label1":"Escrito por","twitter:data1":"Cand\u00e1s 365","twitter:label2":"Tiempo de lectura estimado","twitter:data2":"3 minutos"},"aioseo_meta_data":{"post_id":"177210","title":null,"description":"Karlsruhe (Alemania), 14 dic (dpa) - La polic\u00eda alemana detuvo hoy en Berl\u00edn a tres presuntos miembros del grupo islamista Ham\u00e1s, seg\u00fan inform\u00f3 la Fiscal\u00eda","keywords":[],"keyphrases":{"focus":{"keyphrase":"polic\u00eda ","score":72,"analysis":{"keyphraseInTitle":{"score":9,"maxScore":9,"error":0},"keyphraseInDescription":{"score":9,"maxScore":9,"error":0},"keyphraseLength":{"score":9,"maxScore":9,"error":0,"length":2},"keyphraseInURL":[],"keyphraseInIntroduction":{"score":9,"maxScore":9,"error":0},"keyphraseInSubHeadings":[],"keyphraseInImageAlt":{"score":3,"maxScore":9,"error":1},"keywordDensity":{"score":0,"type":"low","maxScore":9,"error":1}}},"additional":[{"keyphrase":"polic\u00eda ","score":67,"analysis":{"keyphraseInDescription":{"score":9,"maxScore":9,"error":0},"keyphraseLength":{"score":9,"maxScore":9,"error":0,"length":2},"keyphraseInIntroduction":{"score":9,"maxScore":9,"error":0},"keyphraseInImageAlt":{"score":3,"maxScore":9,"error":1},"keywordDensity":{"score":0,"type":"low","maxScore":9,"error":1}}}]},"primary_term":null,"canonical_url":null,"og_title":null,"og_description":null,"og_object_type":"default","og_image_type":"default","og_image_url":null,"og_image_width":null,"og_image_height":null,"og_image_custom_url":null,"og_image_custom_fields":null,"og_video":"","og_custom_url":null,"og_article_section":null,"og_article_tags":[],"twitter_use_og":false,"twitter_card":"default","twitter_image_type":"default","twitter_image_url":null,"twitter_image_custom_url":null,"twitter_image_custom_fields":null,"twitter_title":null,"twitter_description":null,"schema":{"blockGraphs":[],"customGraphs":[],"default":{"data":{"Article":[],"Course":[],"Dataset":[],"FAQPage":[],"Movie":[],"Person":[],"Product":[],"ProductReview":[],"Car":[],"Recipe":[],"Service":[],"SoftwareApplication":[],"WebPage":[]},"graphName":"Article","isEnabled":true},"graphs":[]},"schema_type":"default","schema_type_options":null,"pillar_content":false,"robots_default":true,"robots_noindex":false,"robots_noarchive":false,"robots_nosnippet":false,"robots_nofollow":false,"robots_noimageindex":false,"robots_noodp":false,"robots_notranslate":false,"robots_max_snippet":"-1","robots_max_videopreview":"-1","robots_max_imagepreview":"large","priority":null,"frequency":"default","location":null,"local_seo":null,"seo_analyzer_scan_date":"2025-09-02 01:53:16","breadcrumb_settings":null,"limit_modified_date":false,"reviewed_by":null,"open_ai":"{\"title\":{\"suggestions\":[],\"usage\":0},\"description\":{\"suggestions\":[],\"usage\":0}}","ai":null,"created":"2023-12-15 18:48:06","updated":"2025-09-02 01:53:16"},"aioseo_breadcrumb":"<div class=\"aioseo-breadcrumbs\"><span class=\"aioseo-breadcrumb\">\n\t<a href=\"https:\/\/candas365.es\/noticias\" title=\"Home\">Home<\/a>\n<\/span><span class=\"aioseo-breadcrumb-separator\">&ndash;<\/span><span class=\"aioseo-breadcrumb\">\n\t<a href=\"https:\/\/candas365.es\/noticias\/category\/sucesos\/\" title=\"Sucesos\">Sucesos<\/a>\n<\/span><span class=\"aioseo-breadcrumb-separator\">&ndash;<\/span><span class=\"aioseo-breadcrumb\">\n\tLa polic\u00eda alemana detiene a tres \u00absupuestos\u00bb miembros de Ham\u00e1s\n<\/span><\/div>","aioseo_breadcrumb_json":[{"label":"Home","link":"https:\/\/candas365.es\/noticias"},{"label":"Sucesos","link":"https:\/\/candas365.es\/noticias\/category\/sucesos\/"},{"label":"La polic\u00eda alemana detiene a tres \u00absupuestos\u00bb miembros de Ham\u00e1s","link":"https:\/\/candas365.es\/noticias\/la-policia-alemana-detiene-a-tres-supuestos-miembros-de-hamas\/"}],"_links":{"self":[{"href":"https:\/\/candas365.es\/noticias\/wp-json\/wp\/v2\/posts\/177210","targetHints":{"allow":["GET"]}}],"collection":[{"href":"https:\/\/candas365.es\/noticias\/wp-json\/wp\/v2\/posts"}],"about":[{"href":"https:\/\/candas365.es\/noticias\/wp-json\/wp\/v2\/types\/post"}],"author":[{"embeddable":true,"href":"https:\/\/candas365.es\/noticias\/wp-json\/wp\/v2\/users\/1"}],"replies":[{"embeddable":true,"href":"https:\/\/candas365.es\/noticias\/wp-json\/wp\/v2\/comments?post=177210"}],"version-history":[{"count":0,"href":"https:\/\/candas365.es\/noticias\/wp-json\/wp\/v2\/posts\/177210\/revisions"}],"wp:featuredmedia":[{"embeddable":true,"href":"https:\/\/candas365.es\/noticias\/wp-json\/wp\/v2\/media\/176718"}],"wp:attachment":[{"href":"https:\/\/candas365.es\/noticias\/wp-json\/wp\/v2\/media?parent=177210"}],"wp:term":[{"taxonomy":"category","embeddable":true,"href":"https:\/\/candas365.es\/noticias\/wp-json\/wp\/v2\/categories?post=177210"},{"taxonomy":"post_tag","embeddable":true,"href":"https:\/\/candas365.es\/noticias\/wp-json\/wp\/v2\/tags?post=177210"}],"curies":[{"name":"wp","href":"https:\/\/api.w.org\/{rel}","templated":true}]}}