{"id":177201,"date":"2023-12-15T19:34:38","date_gmt":"2023-12-15T18:34:38","guid":{"rendered":"https:\/\/candas365.es\/noticias\/?p=177201"},"modified":"2023-12-15T19:34:38","modified_gmt":"2023-12-15T18:34:38","slug":"drones-rusos-sobre-rumania-provocan-la-intervencion-de-cazas-alemanes","status":"publish","type":"post","link":"https:\/\/candas365.es\/noticias\/drones-rusos-sobre-rumania-provocan-la-intervencion-de-cazas-alemanes\/","title":{"rendered":"Drones rusos sobre Ruman\u00eda provocan la intervenci\u00f3n de cazas alemanes"},"content":{"rendered":"<p>Berl\u00edn\/Bruselas, 14 dic (<a title=\"dpa\" href=\"https:\/\/www.dpa-news.de\/\" target=\"_blank\" rel=\"noopener\"><span style=\"color: #ff6600;\"><strong>dpa<\/strong><\/span><\/a>) &#8211; La presencia de drones rusos en el espacio a\u00e9reo de la OTAN sobre Ruman\u00eda, lanzados contra Ucrania, provoc\u00f3 en la noche del mi\u00e9rcoles la intervenci\u00f3n de cazas Eurofighter de la Fuerza A\u00e9rea Alemana (Luftwaffe), seg\u00fan pudo confirmar hoy dpa.<\/p>\n<figure id=\"attachment_177202\" aria-describedby=\"caption-attachment-177202\" style=\"width: 650px\" class=\"wp-caption aligncenter\"><img fetchpriority=\"high\" decoding=\"async\" class=\"size-large wp-image-177202\" src=\"https:\/\/candas365.es\/noticias\/wp-content\/uploads\/2023\/12\/cazas-alemanes-650x429.jpg\" alt=\"cazas alemanes\" width=\"650\" height=\"429\" srcset=\"https:\/\/candas365.es\/noticias\/wp-content\/uploads\/2023\/12\/cazas-alemanes-650x429.jpg 650w, https:\/\/candas365.es\/noticias\/wp-content\/uploads\/2023\/12\/cazas-alemanes-360x238.jpg 360w, https:\/\/candas365.es\/noticias\/wp-content\/uploads\/2023\/12\/cazas-alemanes-768x507.jpg 768w, https:\/\/candas365.es\/noticias\/wp-content\/uploads\/2023\/12\/cazas-alemanes-150x99.jpg 150w, https:\/\/candas365.es\/noticias\/wp-content\/uploads\/2023\/12\/cazas-alemanes-450x297.jpg 450w, https:\/\/candas365.es\/noticias\/wp-content\/uploads\/2023\/12\/cazas-alemanes.jpg 1011w\" sizes=\"(max-width: 650px) 100vw, 650px\" \/><figcaption id=\"caption-attachment-177202\" class=\"wp-caption-text\">Un caza alem\u00e1n Eurofighter despega durante un ejercicio militar. Foto: Jens B\u00fcttner\/dpa<\/figcaption><\/figure>\n<p>De acuerdo con la informaci\u00f3n obtenida por dpa, <strong>las aeronaves rusas no tripuladas fueron identificadas por los cazas alemanes, incluso de forma visual, sin que la OTAN diera orden de derribarlas.<\/strong><\/p>\n<p>Durante la oleada de ataques contra objetivos en Ucrania se registraron hasta 70 drones rusos del tipo Shahed 136, uno de los cuales, seg\u00fan los resultados preliminares, tambi\u00e9n explot\u00f3 sobre el espacio a\u00e9reo de Rumania, miembro de la OTAN.<\/p>\n<p>El ataque, seg\u00fan las fuentes consultadas, fue advertido a partir de las 20:42 horas (GMT) y fue seguido desde un puesto de los multinacionales Centros de Operaciones A\u00e9reas Combinadas, de la alianza transatl\u00e1ntica.<\/p>\n<p>Posteriormente, dicho centro dio la orden de lanzar una alerta (\u00abAlpha Scramble\u00bb) a las 22:02 y los aviones de combate armados alemanes ya se encontraban en el aire a las 22:11. El incidente se considera significativo.<\/p>\n<blockquote><p>Seg\u00fan las fuerzas a\u00e9reas ucranianas, 41 de los 42 drones de combate rusos fueron derribados durante la noche, la mayor\u00eda de ellos sobre la regi\u00f3n de Odessa, fronteriza con Ruman\u00eda.<\/p><\/blockquote>\n<p>Hoy mismo, el Ministerio de Defensa rumano inform\u00f3 de un cr\u00e1ter de 1,5 metros de profundidad en el delta del Danubio, cerca de la localidad rumana de Grindu, a 6,5 kil\u00f3metros de la frontera ucraniana. La probabilidad de que se tratara de un dron ruso se calific\u00f3 de \u00abposible\u00bb.<\/p>\n<p>La Luftwaffe participa actualmente en la seguridad del flanco sureste de la OTAN con cuatro cazas y vuelos de protecci\u00f3n armada desde el aer\u00f3dromo militar rumano Mihail Kog\u0103lniceanu, cerca de Constanza.<\/p>\n<p>En el lado rumano de la frontera con <a href=\"https:\/\/candas365.es\/noticias\/category\/internacional\/\"><span style=\"color: #ff6600;\"><strong>Ucrania<\/strong><\/span><\/a> se han producido varios incidentes en los que se viol\u00f3 el espacio a\u00e9reo de la OTAN. <strong>Todos ellos estaban relacionados con ataques rusos a puertos ucranianos en el Danubio.<\/strong><\/p>\n<p>Hasta ahora, sin embargo, an\u00e1lisis exhaustivos han demostrado que estos casos no fueron intencionados por parte de Rusia.<\/p>\n","protected":false},"excerpt":{"rendered":"<p>Berl\u00edn\/Bruselas, 14 dic (dpa) &#8211; La presencia de drones rusos en el espacio a\u00e9reo de la OTAN sobre Ruman\u00eda, lanzados contra Ucrania, provoc\u00f3 en la noche del mi\u00e9rcoles la intervenci\u00f3n de cazas Eurofighter de la Fuerza A\u00e9rea Alemana (Luftwaffe), seg\u00fan pudo confirmar hoy dpa. De acuerdo con la informaci\u00f3n obtenida por dpa, las aeronaves rusas<\/p>\n","protected":false},"author":1,"featured_media":177202,"comment_status":"closed","ping_status":"closed","sticky":false,"template":"","format":"standard","meta":{"footnotes":""},"categories":[485],"tags":[464,418],"class_list":{"0":"post-177201","1":"post","2":"type-post","3":"status-publish","4":"format-standard","5":"has-post-thumbnail","7":"category-internacional","8":"tag-conflictos","9":"tag-internacional"},"aioseo_notices":[],"aioseo_head":"\n\t\t<!-- All in One SEO Pro 4.9.6.2 - aioseo.com -->\n\t<meta name=\"description\" content=\"Berl\u00edn\/Bruselas, 14 dic (dpa) - La presencia de drones rusos en el espacio a\u00e9reo de la OTAN sobre Ruman\u00eda, lanzados contra Ucrania, provoc\u00f3 en la noche del\" \/>\n\t<meta name=\"robots\" content=\"max-image-preview:large\" \/>\n\t<meta name=\"author\" content=\"Cand\u00e1s 365\"\/>\n\t<meta name=\"google-site-verification\" content=\"UA-32230408-1\" \/>\n\t<meta name=\"msvalidate.01\" content=\"354F3CDFB2DA171B47FBE9ABF1F88D5\" \/>\n\t<meta name=\"keywords\" content=\"internacional\" \/>\n\t<link rel=\"canonical\" href=\"https:\/\/candas365.es\/noticias\/drones-rusos-sobre-rumania-provocan-la-intervencion-de-cazas-alemanes\/\" \/>\n\t<meta name=\"generator\" content=\"All in One SEO Pro (AIOSEO) 4.9.6.2\" \/>\n\t\t<meta property=\"og:locale\" content=\"es_ES\" \/>\n\t\t<meta property=\"og:site_name\" content=\"Cand\u00e1s 365\" \/>\n\t\t<meta property=\"og:type\" content=\"article\" \/>\n\t\t<meta property=\"og:title\" content=\"Drones rusos sobre Ruman\u00eda provocan la intervenci\u00f3n de cazas alemanes | Cand\u00e1s 365\" \/>\n\t\t<meta property=\"og:description\" content=\"Berl\u00edn\/Bruselas, 14 dic (dpa) - La presencia de drones rusos en el espacio a\u00e9reo de la OTAN sobre Ruman\u00eda, lanzados contra Ucrania, provoc\u00f3 en la noche del\" \/>\n\t\t<meta property=\"og:url\" content=\"https:\/\/candas365.es\/noticias\/drones-rusos-sobre-rumania-provocan-la-intervencion-de-cazas-alemanes\/\" \/>\n\t\t<meta property=\"og:image\" content=\"https:\/\/candas365.es\/noticias\/wp-content\/uploads\/2023\/12\/cazas-alemanes.jpg\" \/>\n\t\t<meta property=\"og:image:secure_url\" content=\"https:\/\/candas365.es\/noticias\/wp-content\/uploads\/2023\/12\/cazas-alemanes.jpg\" \/>\n\t\t<meta property=\"og:image:width\" content=\"1011\" \/>\n\t\t<meta property=\"og:image:height\" content=\"667\" \/>\n\t\t<meta property=\"article:published_time\" content=\"2023-12-15T18:34:38+00:00\" \/>\n\t\t<meta property=\"article:modified_time\" content=\"2023-12-15T18:34:38+00:00\" \/>\n\t\t<meta property=\"article:publisher\" content=\"https:\/\/www.facebook.com\/Nachofdezber\" \/>\n\t\t<meta property=\"article:author\" content=\"https:\/\/www.facebook.com\/carrenoactualidad\" \/>\n\t\t<meta name=\"twitter:card\" content=\"summary_large_image\" \/>\n\t\t<meta name=\"twitter:site\" content=\"@NabercoDigital\" \/>\n\t\t<meta name=\"twitter:title\" content=\"Drones rusos sobre Ruman\u00eda provocan la intervenci\u00f3n de cazas alemanes | Cand\u00e1s 365\" \/>\n\t\t<meta name=\"twitter:description\" content=\"Berl\u00edn\/Bruselas, 14 dic (dpa) - La presencia de drones rusos en el espacio a\u00e9reo de la OTAN sobre Ruman\u00eda, lanzados contra Ucrania, provoc\u00f3 en la noche del\" \/>\n\t\t<meta name=\"twitter:creator\" content=\"@nbasturias\" \/>\n\t\t<meta name=\"twitter:image\" content=\"https:\/\/candas365.es\/noticias\/wp-content\/uploads\/2023\/12\/cazas-alemanes.jpg\" \/>\n\t\t<meta name=\"twitter:label1\" content=\"Escrito por\" \/>\n\t\t<meta name=\"twitter:data1\" content=\"Cand\u00e1s 365\" \/>\n\t\t<meta name=\"twitter:label2\" content=\"Tiempo de lectura estimado\" \/>\n\t\t<meta name=\"twitter:data2\" content=\"2 minutos\" \/>\n\t\t<script type=\"application\/ld+json\" class=\"aioseo-schema\">\n\t\t\t{\"@context\":\"https:\\\/\\\/schema.org\",\"@graph\":[{\"@type\":\"BreadcrumbList\",\"@id\":\"https:\\\/\\\/candas365.es\\\/noticias\\\/drones-rusos-sobre-rumania-provocan-la-intervencion-de-cazas-alemanes\\\/#breadcrumblist\",\"itemListElement\":[{\"@type\":\"ListItem\",\"@id\":\"https:\\\/\\\/candas365.es\\\/noticias#listItem\",\"position\":1,\"name\":\"Home\",\"item\":\"https:\\\/\\\/candas365.es\\\/noticias\",\"nextItem\":{\"@type\":\"ListItem\",\"@id\":\"https:\\\/\\\/candas365.es\\\/noticias\\\/category\\\/internacional\\\/#listItem\",\"name\":\"Internacional\"}},{\"@type\":\"ListItem\",\"@id\":\"https:\\\/\\\/candas365.es\\\/noticias\\\/category\\\/internacional\\\/#listItem\",\"position\":2,\"name\":\"Internacional\",\"item\":\"https:\\\/\\\/candas365.es\\\/noticias\\\/category\\\/internacional\\\/\",\"nextItem\":{\"@type\":\"ListItem\",\"@id\":\"https:\\\/\\\/candas365.es\\\/noticias\\\/drones-rusos-sobre-rumania-provocan-la-intervencion-de-cazas-alemanes\\\/#listItem\",\"name\":\"Drones rusos sobre Ruman\\u00eda provocan la intervenci\\u00f3n de cazas alemanes\"},\"previousItem\":{\"@type\":\"ListItem\",\"@id\":\"https:\\\/\\\/candas365.es\\\/noticias#listItem\",\"name\":\"Home\"}},{\"@type\":\"ListItem\",\"@id\":\"https:\\\/\\\/candas365.es\\\/noticias\\\/drones-rusos-sobre-rumania-provocan-la-intervencion-de-cazas-alemanes\\\/#listItem\",\"position\":3,\"name\":\"Drones rusos sobre Ruman\\u00eda provocan la intervenci\\u00f3n de cazas alemanes\",\"previousItem\":{\"@type\":\"ListItem\",\"@id\":\"https:\\\/\\\/candas365.es\\\/noticias\\\/category\\\/internacional\\\/#listItem\",\"name\":\"Internacional\"}}]},{\"@type\":\"NewsArticle\",\"@id\":\"https:\\\/\\\/candas365.es\\\/noticias\\\/drones-rusos-sobre-rumania-provocan-la-intervencion-de-cazas-alemanes\\\/#newsarticle\",\"name\":\"Drones rusos sobre Ruman\\u00eda provocan la intervenci\\u00f3n de cazas alemanes | Cand\\u00e1s 365\",\"headline\":\"Drones rusos sobre Ruman\\u00eda provocan la intervenci\\u00f3n de cazas alemanes\",\"author\":{\"@id\":\"https:\\\/\\\/candas365.es\\\/noticias\\\/author\\\/admin\\\/#author\"},\"publisher\":{\"@id\":\"https:\\\/\\\/candas365.es\\\/noticias\\\/#organization\"},\"image\":{\"@type\":\"ImageObject\",\"url\":\"https:\\\/\\\/candas365.es\\\/noticias\\\/wp-content\\\/uploads\\\/2023\\\/12\\\/cazas-alemanes.jpg\",\"width\":1011,\"height\":667,\"caption\":\"Un caza alem\\u00e1n Eurofighter despega durante un ejercicio militar. Foto: Jens B\\u00fcttner\\\/dpa\"},\"datePublished\":\"2023-12-15T19:34:38+01:00\",\"dateModified\":\"2023-12-15T19:34:38+01:00\",\"inLanguage\":\"es-ES\",\"mainEntityOfPage\":{\"@id\":\"https:\\\/\\\/candas365.es\\\/noticias\\\/drones-rusos-sobre-rumania-provocan-la-intervencion-de-cazas-alemanes\\\/#webpage\"},\"isPartOf\":{\"@id\":\"https:\\\/\\\/candas365.es\\\/noticias\\\/drones-rusos-sobre-rumania-provocan-la-intervencion-de-cazas-alemanes\\\/#webpage\"},\"articleSection\":\"Internacional, conflictos, Internacional\",\"dateline\":\"Publicado el diciembre 15, 2023.\"},{\"@type\":\"Organization\",\"@id\":\"https:\\\/\\\/candas365.es\\\/noticias\\\/#organization\",\"name\":\"Cand\\u00e1s 365\",\"description\":\"Cand\\u00e1s 365 es un diario digital independiente, fundado en 2012, con base en Asturias. Informamos con rigor sobre actualidad, sociedad, cultura y ocio, con una mirada local y global.\",\"url\":\"https:\\\/\\\/candas365.es\\\/noticias\\\/\",\"email\":\"info@candas365.es\",\"telephone\":\"+34652131393\",\"foundingDate\":\"2012-06-10\",\"logo\":{\"@type\":\"ImageObject\",\"url\":\"https:\\\/\\\/candas365.es\\\/noticias\\\/wp-content\\\/uploads\\\/2024\\\/09\\\/Candas-365-Redes.jpg\",\"@id\":\"https:\\\/\\\/candas365.es\\\/noticias\\\/drones-rusos-sobre-rumania-provocan-la-intervencion-de-cazas-alemanes\\\/#organizationLogo\",\"width\":1152,\"height\":864,\"caption\":\"Cand\\u00e1s 365 Redes\"},\"image\":{\"@id\":\"https:\\\/\\\/candas365.es\\\/noticias\\\/drones-rusos-sobre-rumania-provocan-la-intervencion-de-cazas-alemanes\\\/#organizationLogo\"},\"sameAs\":[\"https:\\\/\\\/www.facebook.com\\\/Nachofdezber\",\"https:\\\/\\\/x.com\\\/NabercoDigital\",\"https:\\\/\\\/www.instagram.com\\\/nachofdezber\\\/\",\"https:\\\/\\\/www.youtube.com\\\/channel\\\/UCZP-2wLEB9Rv6erhFmqVnvg\"],\"address\":{\"@id\":\"https:\\\/\\\/candas365.es\\\/noticias\\\/#postaladdress\",\"@type\":\"PostalAddress\",\"streetAddress\":\"san antonio 4, san antonio 4\",\"postalCode\":\"33430\",\"addressLocality\":\"Cand\\u00e1s\",\"addressRegion\":\"Asturias\",\"addressCountry\":\"ES\"}},{\"@type\":\"Person\",\"@id\":\"https:\\\/\\\/candas365.es\\\/noticias\\\/author\\\/admin\\\/#author\",\"url\":\"https:\\\/\\\/candas365.es\\\/noticias\\\/author\\\/admin\\\/\",\"name\":\"Cand\\u00e1s 365\",\"image\":{\"@type\":\"ImageObject\",\"@id\":\"https:\\\/\\\/candas365.es\\\/noticias\\\/drones-rusos-sobre-rumania-provocan-la-intervencion-de-cazas-alemanes\\\/#authorImage\",\"url\":\"https:\\\/\\\/secure.gravatar.com\\\/avatar\\\/496a8e03d0c493ede1718b7934145dbdf8d89be1036b0eec9544e1094c9de390?s=96&d=mm&r=g\",\"width\":96,\"height\":96,\"caption\":\"Cand\\u00e1s 365\"},\"sameAs\":[\"https:\\\/\\\/www.facebook.com\\\/carrenoactualidad\",\"https:\\\/\\\/twitter.com\\\/nbasturias\",\"https:\\\/\\\/www.instagram.com\\\/nachofdezber\\\/\",\"https:\\\/\\\/www.youtube.com\\\/channel\\\/UCZP-2wLEB9Rv6erhFmqVnvg\"]},{\"@type\":\"WebPage\",\"@id\":\"https:\\\/\\\/candas365.es\\\/noticias\\\/drones-rusos-sobre-rumania-provocan-la-intervencion-de-cazas-alemanes\\\/#webpage\",\"url\":\"https:\\\/\\\/candas365.es\\\/noticias\\\/drones-rusos-sobre-rumania-provocan-la-intervencion-de-cazas-alemanes\\\/\",\"name\":\"Drones rusos sobre Ruman\\u00eda provocan la intervenci\\u00f3n de cazas alemanes | Cand\\u00e1s 365\",\"description\":\"Berl\\u00edn\\\/Bruselas, 14 dic (dpa) - La presencia de drones rusos en el espacio a\\u00e9reo de la OTAN sobre Ruman\\u00eda, lanzados contra Ucrania, provoc\\u00f3 en la noche del\",\"inLanguage\":\"es-ES\",\"isPartOf\":{\"@id\":\"https:\\\/\\\/candas365.es\\\/noticias\\\/#website\"},\"breadcrumb\":{\"@id\":\"https:\\\/\\\/candas365.es\\\/noticias\\\/drones-rusos-sobre-rumania-provocan-la-intervencion-de-cazas-alemanes\\\/#breadcrumblist\"},\"author\":{\"@id\":\"https:\\\/\\\/candas365.es\\\/noticias\\\/author\\\/admin\\\/#author\"},\"creator\":{\"@id\":\"https:\\\/\\\/candas365.es\\\/noticias\\\/author\\\/admin\\\/#author\"},\"image\":{\"@type\":\"ImageObject\",\"url\":\"https:\\\/\\\/candas365.es\\\/noticias\\\/wp-content\\\/uploads\\\/2023\\\/12\\\/cazas-alemanes.jpg\",\"@id\":\"https:\\\/\\\/candas365.es\\\/noticias\\\/drones-rusos-sobre-rumania-provocan-la-intervencion-de-cazas-alemanes\\\/#mainImage\",\"width\":1011,\"height\":667,\"caption\":\"Un caza alem\\u00e1n Eurofighter despega durante un ejercicio militar. Foto: Jens B\\u00fcttner\\\/dpa\"},\"primaryImageOfPage\":{\"@id\":\"https:\\\/\\\/candas365.es\\\/noticias\\\/drones-rusos-sobre-rumania-provocan-la-intervencion-de-cazas-alemanes\\\/#mainImage\"},\"datePublished\":\"2023-12-15T19:34:38+01:00\",\"dateModified\":\"2023-12-15T19:34:38+01:00\"},{\"@type\":\"WebSite\",\"@id\":\"https:\\\/\\\/candas365.es\\\/noticias\\\/#website\",\"url\":\"https:\\\/\\\/candas365.es\\\/noticias\\\/\",\"name\":\"Cand\\u00e1s 365\",\"alternateName\":\"Cand\\u00e1s 365 Noticias\",\"description\":\"Actualidad desde Carre\\u00f1o para el mundo\",\"inLanguage\":\"es-ES\",\"publisher\":{\"@id\":\"https:\\\/\\\/candas365.es\\\/noticias\\\/#organization\"}}]}\n\t\t<\/script>\n\t\t<!-- All in One SEO Pro -->\r\n\t\t<title>Drones rusos sobre Ruman\u00eda provocan la intervenci\u00f3n de cazas alemanes | Cand\u00e1s 365<\/title>\n\n","aioseo_head_json":{"title":"Drones rusos sobre Ruman\u00eda provocan la intervenci\u00f3n de cazas alemanes | Cand\u00e1s 365","description":"Berl\u00edn\/Bruselas, 14 dic (dpa) - La presencia de drones rusos en el espacio a\u00e9reo de la OTAN sobre Ruman\u00eda, lanzados contra Ucrania, provoc\u00f3 en la noche del","canonical_url":"https:\/\/candas365.es\/noticias\/drones-rusos-sobre-rumania-provocan-la-intervencion-de-cazas-alemanes\/","robots":"max-image-preview:large","keywords":"internacional","webmasterTools":{"google-site-verification":"UA-32230408-1","msvalidate.01":"354F3CDFB2DA171B47FBE9ABF1F88D5","miscellaneous":""},"schema":{"@context":"https:\/\/schema.org","@graph":[{"@type":"BreadcrumbList","@id":"https:\/\/candas365.es\/noticias\/drones-rusos-sobre-rumania-provocan-la-intervencion-de-cazas-alemanes\/#breadcrumblist","itemListElement":[{"@type":"ListItem","@id":"https:\/\/candas365.es\/noticias#listItem","position":1,"name":"Home","item":"https:\/\/candas365.es\/noticias","nextItem":{"@type":"ListItem","@id":"https:\/\/candas365.es\/noticias\/category\/internacional\/#listItem","name":"Internacional"}},{"@type":"ListItem","@id":"https:\/\/candas365.es\/noticias\/category\/internacional\/#listItem","position":2,"name":"Internacional","item":"https:\/\/candas365.es\/noticias\/category\/internacional\/","nextItem":{"@type":"ListItem","@id":"https:\/\/candas365.es\/noticias\/drones-rusos-sobre-rumania-provocan-la-intervencion-de-cazas-alemanes\/#listItem","name":"Drones rusos sobre Ruman\u00eda provocan la intervenci\u00f3n de cazas alemanes"},"previousItem":{"@type":"ListItem","@id":"https:\/\/candas365.es\/noticias#listItem","name":"Home"}},{"@type":"ListItem","@id":"https:\/\/candas365.es\/noticias\/drones-rusos-sobre-rumania-provocan-la-intervencion-de-cazas-alemanes\/#listItem","position":3,"name":"Drones rusos sobre Ruman\u00eda provocan la intervenci\u00f3n de cazas alemanes","previousItem":{"@type":"ListItem","@id":"https:\/\/candas365.es\/noticias\/category\/internacional\/#listItem","name":"Internacional"}}]},{"@type":"NewsArticle","@id":"https:\/\/candas365.es\/noticias\/drones-rusos-sobre-rumania-provocan-la-intervencion-de-cazas-alemanes\/#newsarticle","name":"Drones rusos sobre Ruman\u00eda provocan la intervenci\u00f3n de cazas alemanes | Cand\u00e1s 365","headline":"Drones rusos sobre Ruman\u00eda provocan la intervenci\u00f3n de cazas alemanes","author":{"@id":"https:\/\/candas365.es\/noticias\/author\/admin\/#author"},"publisher":{"@id":"https:\/\/candas365.es\/noticias\/#organization"},"image":{"@type":"ImageObject","url":"https:\/\/candas365.es\/noticias\/wp-content\/uploads\/2023\/12\/cazas-alemanes.jpg","width":1011,"height":667,"caption":"Un caza alem\u00e1n Eurofighter despega durante un ejercicio militar. Foto: Jens B\u00fcttner\/dpa"},"datePublished":"2023-12-15T19:34:38+01:00","dateModified":"2023-12-15T19:34:38+01:00","inLanguage":"es-ES","mainEntityOfPage":{"@id":"https:\/\/candas365.es\/noticias\/drones-rusos-sobre-rumania-provocan-la-intervencion-de-cazas-alemanes\/#webpage"},"isPartOf":{"@id":"https:\/\/candas365.es\/noticias\/drones-rusos-sobre-rumania-provocan-la-intervencion-de-cazas-alemanes\/#webpage"},"articleSection":"Internacional, conflictos, Internacional","dateline":"Publicado el diciembre 15, 2023."},{"@type":"Organization","@id":"https:\/\/candas365.es\/noticias\/#organization","name":"Cand\u00e1s 365","description":"Cand\u00e1s 365 es un diario digital independiente, fundado en 2012, con base en Asturias. Informamos con rigor sobre actualidad, sociedad, cultura y ocio, con una mirada local y global.","url":"https:\/\/candas365.es\/noticias\/","email":"info@candas365.es","telephone":"+34652131393","foundingDate":"2012-06-10","logo":{"@type":"ImageObject","url":"https:\/\/candas365.es\/noticias\/wp-content\/uploads\/2024\/09\/Candas-365-Redes.jpg","@id":"https:\/\/candas365.es\/noticias\/drones-rusos-sobre-rumania-provocan-la-intervencion-de-cazas-alemanes\/#organizationLogo","width":1152,"height":864,"caption":"Cand\u00e1s 365 Redes"},"image":{"@id":"https:\/\/candas365.es\/noticias\/drones-rusos-sobre-rumania-provocan-la-intervencion-de-cazas-alemanes\/#organizationLogo"},"sameAs":["https:\/\/www.facebook.com\/Nachofdezber","https:\/\/x.com\/NabercoDigital","https:\/\/www.instagram.com\/nachofdezber\/","https:\/\/www.youtube.com\/channel\/UCZP-2wLEB9Rv6erhFmqVnvg"],"address":{"@id":"https:\/\/candas365.es\/noticias\/#postaladdress","@type":"PostalAddress","streetAddress":"san antonio 4, san antonio 4","postalCode":"33430","addressLocality":"Cand\u00e1s","addressRegion":"Asturias","addressCountry":"ES"}},{"@type":"Person","@id":"https:\/\/candas365.es\/noticias\/author\/admin\/#author","url":"https:\/\/candas365.es\/noticias\/author\/admin\/","name":"Cand\u00e1s 365","image":{"@type":"ImageObject","@id":"https:\/\/candas365.es\/noticias\/drones-rusos-sobre-rumania-provocan-la-intervencion-de-cazas-alemanes\/#authorImage","url":"https:\/\/secure.gravatar.com\/avatar\/496a8e03d0c493ede1718b7934145dbdf8d89be1036b0eec9544e1094c9de390?s=96&d=mm&r=g","width":96,"height":96,"caption":"Cand\u00e1s 365"},"sameAs":["https:\/\/www.facebook.com\/carrenoactualidad","https:\/\/twitter.com\/nbasturias","https:\/\/www.instagram.com\/nachofdezber\/","https:\/\/www.youtube.com\/channel\/UCZP-2wLEB9Rv6erhFmqVnvg"]},{"@type":"WebPage","@id":"https:\/\/candas365.es\/noticias\/drones-rusos-sobre-rumania-provocan-la-intervencion-de-cazas-alemanes\/#webpage","url":"https:\/\/candas365.es\/noticias\/drones-rusos-sobre-rumania-provocan-la-intervencion-de-cazas-alemanes\/","name":"Drones rusos sobre Ruman\u00eda provocan la intervenci\u00f3n de cazas alemanes | Cand\u00e1s 365","description":"Berl\u00edn\/Bruselas, 14 dic (dpa) - La presencia de drones rusos en el espacio a\u00e9reo de la OTAN sobre Ruman\u00eda, lanzados contra Ucrania, provoc\u00f3 en la noche del","inLanguage":"es-ES","isPartOf":{"@id":"https:\/\/candas365.es\/noticias\/#website"},"breadcrumb":{"@id":"https:\/\/candas365.es\/noticias\/drones-rusos-sobre-rumania-provocan-la-intervencion-de-cazas-alemanes\/#breadcrumblist"},"author":{"@id":"https:\/\/candas365.es\/noticias\/author\/admin\/#author"},"creator":{"@id":"https:\/\/candas365.es\/noticias\/author\/admin\/#author"},"image":{"@type":"ImageObject","url":"https:\/\/candas365.es\/noticias\/wp-content\/uploads\/2023\/12\/cazas-alemanes.jpg","@id":"https:\/\/candas365.es\/noticias\/drones-rusos-sobre-rumania-provocan-la-intervencion-de-cazas-alemanes\/#mainImage","width":1011,"height":667,"caption":"Un caza alem\u00e1n Eurofighter despega durante un ejercicio militar. Foto: Jens B\u00fcttner\/dpa"},"primaryImageOfPage":{"@id":"https:\/\/candas365.es\/noticias\/drones-rusos-sobre-rumania-provocan-la-intervencion-de-cazas-alemanes\/#mainImage"},"datePublished":"2023-12-15T19:34:38+01:00","dateModified":"2023-12-15T19:34:38+01:00"},{"@type":"WebSite","@id":"https:\/\/candas365.es\/noticias\/#website","url":"https:\/\/candas365.es\/noticias\/","name":"Cand\u00e1s 365","alternateName":"Cand\u00e1s 365 Noticias","description":"Actualidad desde Carre\u00f1o para el mundo","inLanguage":"es-ES","publisher":{"@id":"https:\/\/candas365.es\/noticias\/#organization"}}]},"og:locale":"es_ES","og:site_name":"Cand\u00e1s 365","og:type":"article","og:title":"Drones rusos sobre Ruman\u00eda provocan la intervenci\u00f3n de cazas alemanes | Cand\u00e1s 365","og:description":"Berl\u00edn\/Bruselas, 14 dic (dpa) - La presencia de drones rusos en el espacio a\u00e9reo de la OTAN sobre Ruman\u00eda, lanzados contra Ucrania, provoc\u00f3 en la noche del","og:url":"https:\/\/candas365.es\/noticias\/drones-rusos-sobre-rumania-provocan-la-intervencion-de-cazas-alemanes\/","og:image":"https:\/\/candas365.es\/noticias\/wp-content\/uploads\/2023\/12\/cazas-alemanes.jpg","og:image:secure_url":"https:\/\/candas365.es\/noticias\/wp-content\/uploads\/2023\/12\/cazas-alemanes.jpg","og:image:width":1011,"og:image:height":667,"article:published_time":"2023-12-15T18:34:38+00:00","article:modified_time":"2023-12-15T18:34:38+00:00","article:publisher":"https:\/\/www.facebook.com\/Nachofdezber","article:author":"https:\/\/www.facebook.com\/carrenoactualidad","twitter:card":"summary_large_image","twitter:site":"@NabercoDigital","twitter:title":"Drones rusos sobre Ruman\u00eda provocan la intervenci\u00f3n de cazas alemanes | Cand\u00e1s 365","twitter:description":"Berl\u00edn\/Bruselas, 14 dic (dpa) - La presencia de drones rusos en el espacio a\u00e9reo de la OTAN sobre Ruman\u00eda, lanzados contra Ucrania, provoc\u00f3 en la noche del","twitter:creator":"@nbasturias","twitter:image":"https:\/\/candas365.es\/noticias\/wp-content\/uploads\/2023\/12\/cazas-alemanes.jpg","twitter:label1":"Escrito por","twitter:data1":"Cand\u00e1s 365","twitter:label2":"Tiempo de lectura estimado","twitter:data2":"2 minutos"},"aioseo_meta_data":{"post_id":"177201","title":null,"description":"Berl\u00edn\/Bruselas, 14 dic (dpa) - La presencia de drones rusos en el espacio a\u00e9reo de la OTAN sobre Ruman\u00eda, lanzados contra Ucrania, provoc\u00f3 en la noche del","keywords":[],"keyphrases":{"focus":{"keyphrase":"cazas","score":83,"analysis":{"keyphraseInTitle":{"score":9,"maxScore":9,"error":0},"keyphraseInDescription":{"score":3,"maxScore":9,"error":1},"keyphraseLength":{"score":9,"maxScore":9,"error":0,"length":1},"keyphraseInURL":{"score":1,"maxScore":5,"error":1},"keyphraseInIntroduction":{"score":9,"maxScore":9,"error":0},"keyphraseInSubHeadings":[],"keyphraseInImageAlt":{"score":9,"maxScore":9,"error":0},"keywordDensity":{"type":"best","score":9,"maxScore":9,"error":0}}},"additional":[{"keyphrase":" drones rusos ","score":100,"analysis":{"keyphraseInDescription":{"score":9,"maxScore":9,"error":0},"keyphraseLength":{"score":9,"maxScore":9,"error":0,"length":2},"keyphraseInIntroduction":{"score":9,"maxScore":9,"error":0},"keyphraseInImageAlt":{"score":9,"maxScore":9,"error":0},"keywordDensity":{"type":"best","score":9,"maxScore":9,"error":0}}}]},"primary_term":null,"canonical_url":null,"og_title":null,"og_description":null,"og_object_type":"default","og_image_type":"default","og_image_url":null,"og_image_width":null,"og_image_height":null,"og_image_custom_url":null,"og_image_custom_fields":null,"og_video":"","og_custom_url":null,"og_article_section":null,"og_article_tags":[],"twitter_use_og":false,"twitter_card":"default","twitter_image_type":"default","twitter_image_url":null,"twitter_image_custom_url":null,"twitter_image_custom_fields":null,"twitter_title":null,"twitter_description":null,"schema":{"blockGraphs":[],"customGraphs":[],"default":{"data":{"Article":[],"Course":[],"Dataset":[],"FAQPage":[],"Movie":[],"Person":[],"Product":[],"ProductReview":[],"Car":[],"Recipe":[],"Service":[],"SoftwareApplication":[],"WebPage":[]},"graphName":"Article","isEnabled":true},"graphs":[]},"schema_type":"default","schema_type_options":null,"pillar_content":false,"robots_default":true,"robots_noindex":false,"robots_noarchive":false,"robots_nosnippet":false,"robots_nofollow":false,"robots_noimageindex":false,"robots_noodp":false,"robots_notranslate":false,"robots_max_snippet":"-1","robots_max_videopreview":"-1","robots_max_imagepreview":"large","priority":null,"frequency":"default","location":null,"local_seo":null,"seo_analyzer_scan_date":"2025-09-02 01:51:19","breadcrumb_settings":null,"limit_modified_date":false,"reviewed_by":null,"open_ai":"{\"title\":{\"suggestions\":[],\"usage\":0},\"description\":{\"suggestions\":[],\"usage\":0}}","ai":null,"created":"2023-12-15 18:29:22","updated":"2025-09-02 01:51:19"},"aioseo_breadcrumb":"<div class=\"aioseo-breadcrumbs\"><span class=\"aioseo-breadcrumb\">\n\t<a href=\"https:\/\/candas365.es\/noticias\" title=\"Home\">Home<\/a>\n<\/span><span class=\"aioseo-breadcrumb-separator\">&ndash;<\/span><span class=\"aioseo-breadcrumb\">\n\t<a href=\"https:\/\/candas365.es\/noticias\/category\/internacional\/\" title=\"Internacional\">Internacional<\/a>\n<\/span><span class=\"aioseo-breadcrumb-separator\">&ndash;<\/span><span class=\"aioseo-breadcrumb\">\n\tDrones rusos sobre Ruman\u00eda provocan la intervenci\u00f3n de cazas alemanes\n<\/span><\/div>","aioseo_breadcrumb_json":[{"label":"Home","link":"https:\/\/candas365.es\/noticias"},{"label":"Internacional","link":"https:\/\/candas365.es\/noticias\/category\/internacional\/"},{"label":"Drones rusos sobre Ruman\u00eda provocan la intervenci\u00f3n de cazas alemanes","link":"https:\/\/candas365.es\/noticias\/drones-rusos-sobre-rumania-provocan-la-intervencion-de-cazas-alemanes\/"}],"_links":{"self":[{"href":"https:\/\/candas365.es\/noticias\/wp-json\/wp\/v2\/posts\/177201","targetHints":{"allow":["GET"]}}],"collection":[{"href":"https:\/\/candas365.es\/noticias\/wp-json\/wp\/v2\/posts"}],"about":[{"href":"https:\/\/candas365.es\/noticias\/wp-json\/wp\/v2\/types\/post"}],"author":[{"embeddable":true,"href":"https:\/\/candas365.es\/noticias\/wp-json\/wp\/v2\/users\/1"}],"replies":[{"embeddable":true,"href":"https:\/\/candas365.es\/noticias\/wp-json\/wp\/v2\/comments?post=177201"}],"version-history":[{"count":0,"href":"https:\/\/candas365.es\/noticias\/wp-json\/wp\/v2\/posts\/177201\/revisions"}],"wp:featuredmedia":[{"embeddable":true,"href":"https:\/\/candas365.es\/noticias\/wp-json\/wp\/v2\/media\/177202"}],"wp:attachment":[{"href":"https:\/\/candas365.es\/noticias\/wp-json\/wp\/v2\/media?parent=177201"}],"wp:term":[{"taxonomy":"category","embeddable":true,"href":"https:\/\/candas365.es\/noticias\/wp-json\/wp\/v2\/categories?post=177201"},{"taxonomy":"post_tag","embeddable":true,"href":"https:\/\/candas365.es\/noticias\/wp-json\/wp\/v2\/tags?post=177201"}],"curies":[{"name":"wp","href":"https:\/\/api.w.org\/{rel}","templated":true}]}}