{"id":177112,"date":"2023-12-12T07:13:25","date_gmt":"2023-12-12T06:13:25","guid":{"rendered":"https:\/\/candas365.es\/noticias\/?p=177112"},"modified":"2023-12-12T07:13:25","modified_gmt":"2023-12-12T06:13:25","slug":"se-salva-de-una-explosion-en-essen-saltando-por-una-ventana","status":"publish","type":"post","link":"https:\/\/candas365.es\/noticias\/se-salva-de-una-explosion-en-essen-saltando-por-una-ventana\/","title":{"rendered":"Se salva de una explosi\u00f3n en Essen saltando por una ventana"},"content":{"rendered":"<p>Essen (Alemania), 10 dic (<a title=\"dpa\" href=\"https:\/\/www.dpa-news.de\/\" target=\"_blank\" rel=\"noopener\"><span style=\"color: #ff6600;\"><strong>dpa<\/strong><\/span><\/a>) &#8211; Una <a href=\"https:\/\/candas365.es\/noticias\/category\/sucesos\/\"><span style=\"color: #ff6600;\"><strong>explosi\u00f3n<\/strong><\/span><\/a> en un edificio en la ciudad de Essen, en el oeste de Alemania, caus\u00f3 el s\u00e1bado por la noche tres heridos, uno de ellos de car\u00e1cter grave, que logr\u00f3 salvarse tras saltar por la ventana de un apartamento.<\/p>\n<figure id=\"attachment_177113\" aria-describedby=\"caption-attachment-177113\" style=\"width: 650px\" class=\"wp-caption aligncenter\"><img fetchpriority=\"high\" decoding=\"async\" class=\"wp-image-177113 size-large\" src=\"https:\/\/candas365.es\/noticias\/wp-content\/uploads\/2023\/12\/Essen-650x368.jpg\" alt=\"Essen\" width=\"650\" height=\"368\" srcset=\"https:\/\/candas365.es\/noticias\/wp-content\/uploads\/2023\/12\/Essen-650x368.jpg 650w, https:\/\/candas365.es\/noticias\/wp-content\/uploads\/2023\/12\/Essen-360x204.jpg 360w, https:\/\/candas365.es\/noticias\/wp-content\/uploads\/2023\/12\/Essen-768x435.jpg 768w, https:\/\/candas365.es\/noticias\/wp-content\/uploads\/2023\/12\/Essen-150x85.jpg 150w, https:\/\/candas365.es\/noticias\/wp-content\/uploads\/2023\/12\/Essen-450x255.jpg 450w, https:\/\/candas365.es\/noticias\/wp-content\/uploads\/2023\/12\/Essen.jpg 1106w\" sizes=\"(max-width: 650px) 100vw, 650px\" \/><figcaption id=\"caption-attachment-177113\" class=\"wp-caption-text\">Los bomberos extinguen el incendio de una vivienda en la ciudad de Essen desde una escalera de rescate. Foto: Markus Gayk\/dpa<\/figcaption><\/figure>\n<p>Un portavoz de los bomberos detall\u00f3 que se trata de una joven, que se encontraba gravemente herida en la calle cuando los servicios de bomberos llegaron al lugar y que fue posteriormente trasladada a un centro de quemados en la cercana Bochum.<\/p>\n<p>Los bomberos no descartan que pueda haber m\u00e1s v\u00edctimas, ya que debido a la destrucci\u00f3n del incendio todav\u00eda no pudieron acceder al bloque de viviendas. \u00abLa calle parece un campo de escombros, todo est\u00e1 lleno de escombros y cristales rotos\u00bb, declar\u00f3 el portavoz del servicio de bomberos.<\/p>\n<p>La causa de la explosi\u00f3n en el barrio de Steele a\u00fan no est\u00e1 clara. Seg\u00fan las primeras indagaciones, el siniestro se produjo en un piso de la planta baja. Desde all\u00ed, el fuego se propag\u00f3 inmediatamente al resto del edificio.<\/p>\n<p>Por el momento, las autoridades siguen sin localizar al ocupante del piso que explot\u00f3. Seg\u00fan la Polic\u00eda, en dicha vivienda hay registradas cinco personas.<\/p>\n<p>Los servicios de emergencia solo han podido ver el interior de la casa desde el exterior. Los escombros de las paredes y techos del interior del edificio alcanzan los 60 metros de altura. Adem\u00e1s, el fuego a\u00fan no se ha dado por extinguido.<\/p>\n<p>Cuando los primeros agentes de polic\u00eda llegaron al lugar el s\u00e1bado por la noche, las dos plantas estaban completamente envueltas en llamas.<\/p>\n<p>La onda expansiva causada por la explosi\u00f3n tambi\u00e9n destruy\u00f3 una pared del edificio residencial vecino. Dos residentes del edificio vecino fueron atendidos inicialmente en el lugar por los servicios de emergencia y trasladados al hospital con heridas leves.<\/p>\n<p>Otras tres personas tambi\u00e9n fueron atendidas por los servicios de emergencia, pero resultaron ilesas. Como medida de precauci\u00f3n, los bomberos organizaron el alojamiento de los afectados a trav\u00e9s de la ciudad de Essen.<\/p>\n","protected":false},"excerpt":{"rendered":"<p>Essen (Alemania), 10 dic (dpa) &#8211; Una explosi\u00f3n en un edificio en la ciudad de Essen, en el oeste de Alemania, caus\u00f3 el s\u00e1bado por la noche tres heridos, uno de ellos de car\u00e1cter grave, que logr\u00f3 salvarse tras saltar por la ventana de un apartamento. Un portavoz de los bomberos detall\u00f3 que se trata<\/p>\n","protected":false},"author":1,"featured_media":177113,"comment_status":"closed","ping_status":"closed","sticky":false,"template":"","format":"standard","meta":{"footnotes":""},"categories":[316,487],"tags":[417,418,391],"class_list":{"0":"post-177112","1":"post","2":"type-post","3":"status-publish","4":"format-standard","5":"has-post-thumbnail","7":"category-destacadas","8":"category-sucesos","9":"tag-alemania","10":"tag-internacional","11":"tag-sucesos"},"aioseo_notices":[],"aioseo_head":"\n\t\t<!-- All in One SEO Pro 4.9.6.2 - aioseo.com -->\n\t<meta name=\"description\" content=\"Essen (Alemania), 10 dic (dpa) - Una explosi\u00f3n en un edificio en la ciudad de Essen, en el oeste de Alemania, caus\u00f3 el s\u00e1bado por la noche tres heridos\" \/>\n\t<meta name=\"robots\" content=\"max-image-preview:large\" \/>\n\t<meta name=\"author\" content=\"Cand\u00e1s 365\"\/>\n\t<meta name=\"google-site-verification\" content=\"UA-32230408-1\" \/>\n\t<meta name=\"msvalidate.01\" content=\"354F3CDFB2DA171B47FBE9ABF1F88D5\" \/>\n\t<meta name=\"keywords\" content=\"destacadas,sucesos\" \/>\n\t<link rel=\"canonical\" href=\"https:\/\/candas365.es\/noticias\/se-salva-de-una-explosion-en-essen-saltando-por-una-ventana\/\" \/>\n\t<meta name=\"generator\" content=\"All in One SEO Pro (AIOSEO) 4.9.6.2\" \/>\n\t\t<meta property=\"og:locale\" content=\"es_ES\" \/>\n\t\t<meta property=\"og:site_name\" content=\"Cand\u00e1s 365\" \/>\n\t\t<meta property=\"og:type\" content=\"article\" \/>\n\t\t<meta property=\"og:title\" content=\"Se salva de una explosi\u00f3n en Essen saltando por una ventana | Cand\u00e1s 365\" \/>\n\t\t<meta property=\"og:description\" content=\"Essen (Alemania), 10 dic (dpa) - Una explosi\u00f3n en un edificio en la ciudad de Essen, en el oeste de Alemania, caus\u00f3 el s\u00e1bado por la noche tres heridos\" \/>\n\t\t<meta property=\"og:url\" content=\"https:\/\/candas365.es\/noticias\/se-salva-de-una-explosion-en-essen-saltando-por-una-ventana\/\" \/>\n\t\t<meta property=\"og:image\" content=\"https:\/\/candas365.es\/noticias\/wp-content\/uploads\/2023\/12\/Essen.jpg\" \/>\n\t\t<meta property=\"og:image:secure_url\" content=\"https:\/\/candas365.es\/noticias\/wp-content\/uploads\/2023\/12\/Essen.jpg\" \/>\n\t\t<meta property=\"og:image:width\" content=\"1106\" \/>\n\t\t<meta property=\"og:image:height\" content=\"627\" \/>\n\t\t<meta property=\"article:published_time\" content=\"2023-12-12T06:13:25+00:00\" \/>\n\t\t<meta property=\"article:modified_time\" content=\"2023-12-12T06:13:25+00:00\" \/>\n\t\t<meta property=\"article:publisher\" content=\"https:\/\/www.facebook.com\/Nachofdezber\" \/>\n\t\t<meta property=\"article:author\" content=\"https:\/\/www.facebook.com\/carrenoactualidad\" \/>\n\t\t<meta name=\"twitter:card\" content=\"summary_large_image\" \/>\n\t\t<meta name=\"twitter:site\" content=\"@NabercoDigital\" \/>\n\t\t<meta name=\"twitter:title\" content=\"Se salva de una explosi\u00f3n en Essen saltando por una ventana | Cand\u00e1s 365\" \/>\n\t\t<meta name=\"twitter:description\" content=\"Essen (Alemania), 10 dic (dpa) - Una explosi\u00f3n en un edificio en la ciudad de Essen, en el oeste de Alemania, caus\u00f3 el s\u00e1bado por la noche tres heridos\" \/>\n\t\t<meta name=\"twitter:creator\" content=\"@nbasturias\" \/>\n\t\t<meta name=\"twitter:image\" content=\"https:\/\/candas365.es\/noticias\/wp-content\/uploads\/2023\/12\/Essen.jpg\" \/>\n\t\t<meta name=\"twitter:label1\" content=\"Escrito por\" \/>\n\t\t<meta name=\"twitter:data1\" content=\"Cand\u00e1s 365\" \/>\n\t\t<meta name=\"twitter:label2\" content=\"Tiempo de lectura estimado\" \/>\n\t\t<meta name=\"twitter:data2\" content=\"2 minutos\" \/>\n\t\t<script type=\"application\/ld+json\" class=\"aioseo-schema\">\n\t\t\t{\"@context\":\"https:\\\/\\\/schema.org\",\"@graph\":[{\"@type\":\"BreadcrumbList\",\"@id\":\"https:\\\/\\\/candas365.es\\\/noticias\\\/se-salva-de-una-explosion-en-essen-saltando-por-una-ventana\\\/#breadcrumblist\",\"itemListElement\":[{\"@type\":\"ListItem\",\"@id\":\"https:\\\/\\\/candas365.es\\\/noticias#listItem\",\"position\":1,\"name\":\"Home\",\"item\":\"https:\\\/\\\/candas365.es\\\/noticias\",\"nextItem\":{\"@type\":\"ListItem\",\"@id\":\"https:\\\/\\\/candas365.es\\\/noticias\\\/category\\\/destacadas\\\/#listItem\",\"name\":\"Destacadas\"}},{\"@type\":\"ListItem\",\"@id\":\"https:\\\/\\\/candas365.es\\\/noticias\\\/category\\\/destacadas\\\/#listItem\",\"position\":2,\"name\":\"Destacadas\",\"item\":\"https:\\\/\\\/candas365.es\\\/noticias\\\/category\\\/destacadas\\\/\",\"nextItem\":{\"@type\":\"ListItem\",\"@id\":\"https:\\\/\\\/candas365.es\\\/noticias\\\/se-salva-de-una-explosion-en-essen-saltando-por-una-ventana\\\/#listItem\",\"name\":\"Se salva de una explosi\\u00f3n en Essen saltando por una ventana\"},\"previousItem\":{\"@type\":\"ListItem\",\"@id\":\"https:\\\/\\\/candas365.es\\\/noticias#listItem\",\"name\":\"Home\"}},{\"@type\":\"ListItem\",\"@id\":\"https:\\\/\\\/candas365.es\\\/noticias\\\/se-salva-de-una-explosion-en-essen-saltando-por-una-ventana\\\/#listItem\",\"position\":3,\"name\":\"Se salva de una explosi\\u00f3n en Essen saltando por una ventana\",\"previousItem\":{\"@type\":\"ListItem\",\"@id\":\"https:\\\/\\\/candas365.es\\\/noticias\\\/category\\\/destacadas\\\/#listItem\",\"name\":\"Destacadas\"}}]},{\"@type\":\"NewsArticle\",\"@id\":\"https:\\\/\\\/candas365.es\\\/noticias\\\/se-salva-de-una-explosion-en-essen-saltando-por-una-ventana\\\/#newsarticle\",\"name\":\"Se salva de una explosi\\u00f3n en Essen saltando por una ventana | Cand\\u00e1s 365\",\"headline\":\"Se salva de una explosi\\u00f3n en Essen saltando por una ventana\",\"author\":{\"@id\":\"https:\\\/\\\/candas365.es\\\/noticias\\\/author\\\/admin\\\/#author\"},\"publisher\":{\"@id\":\"https:\\\/\\\/candas365.es\\\/noticias\\\/#organization\"},\"image\":{\"@type\":\"ImageObject\",\"url\":\"https:\\\/\\\/candas365.es\\\/noticias\\\/wp-content\\\/uploads\\\/2023\\\/12\\\/Essen.jpg\",\"width\":1106,\"height\":627,\"caption\":\"Los bomberos extinguen el incendio de una vivienda en la ciudad de Essen desde una escalera de rescate. Foto: Markus Gayk\\\/dpa\"},\"datePublished\":\"2023-12-12T07:13:25+01:00\",\"dateModified\":\"2023-12-12T07:13:25+01:00\",\"inLanguage\":\"es-ES\",\"mainEntityOfPage\":{\"@id\":\"https:\\\/\\\/candas365.es\\\/noticias\\\/se-salva-de-una-explosion-en-essen-saltando-por-una-ventana\\\/#webpage\"},\"isPartOf\":{\"@id\":\"https:\\\/\\\/candas365.es\\\/noticias\\\/se-salva-de-una-explosion-en-essen-saltando-por-una-ventana\\\/#webpage\"},\"articleSection\":\"Destacadas, Sucesos, Alemania, Internacional, sucesos\",\"dateline\":\"Publicado el diciembre 12, 2023.\"},{\"@type\":\"Organization\",\"@id\":\"https:\\\/\\\/candas365.es\\\/noticias\\\/#organization\",\"name\":\"Cand\\u00e1s 365\",\"description\":\"Cand\\u00e1s 365 es un diario digital independiente, fundado en 2012, con base en Asturias. Informamos con rigor sobre actualidad, sociedad, cultura y ocio, con una mirada local y global.\",\"url\":\"https:\\\/\\\/candas365.es\\\/noticias\\\/\",\"email\":\"info@candas365.es\",\"telephone\":\"+34652131393\",\"foundingDate\":\"2012-06-10\",\"logo\":{\"@type\":\"ImageObject\",\"url\":\"https:\\\/\\\/candas365.es\\\/noticias\\\/wp-content\\\/uploads\\\/2024\\\/09\\\/Candas-365-Redes.jpg\",\"@id\":\"https:\\\/\\\/candas365.es\\\/noticias\\\/se-salva-de-una-explosion-en-essen-saltando-por-una-ventana\\\/#organizationLogo\",\"width\":1152,\"height\":864,\"caption\":\"Cand\\u00e1s 365 Redes\"},\"image\":{\"@id\":\"https:\\\/\\\/candas365.es\\\/noticias\\\/se-salva-de-una-explosion-en-essen-saltando-por-una-ventana\\\/#organizationLogo\"},\"sameAs\":[\"https:\\\/\\\/www.facebook.com\\\/Nachofdezber\",\"https:\\\/\\\/x.com\\\/NabercoDigital\",\"https:\\\/\\\/www.instagram.com\\\/nachofdezber\\\/\",\"https:\\\/\\\/www.youtube.com\\\/channel\\\/UCZP-2wLEB9Rv6erhFmqVnvg\"],\"address\":{\"@id\":\"https:\\\/\\\/candas365.es\\\/noticias\\\/#postaladdress\",\"@type\":\"PostalAddress\",\"streetAddress\":\"san antonio 4, san antonio 4\",\"postalCode\":\"33430\",\"addressLocality\":\"Cand\\u00e1s\",\"addressRegion\":\"Asturias\",\"addressCountry\":\"ES\"}},{\"@type\":\"Person\",\"@id\":\"https:\\\/\\\/candas365.es\\\/noticias\\\/author\\\/admin\\\/#author\",\"url\":\"https:\\\/\\\/candas365.es\\\/noticias\\\/author\\\/admin\\\/\",\"name\":\"Cand\\u00e1s 365\",\"image\":{\"@type\":\"ImageObject\",\"@id\":\"https:\\\/\\\/candas365.es\\\/noticias\\\/se-salva-de-una-explosion-en-essen-saltando-por-una-ventana\\\/#authorImage\",\"url\":\"https:\\\/\\\/secure.gravatar.com\\\/avatar\\\/496a8e03d0c493ede1718b7934145dbdf8d89be1036b0eec9544e1094c9de390?s=96&d=mm&r=g\",\"width\":96,\"height\":96,\"caption\":\"Cand\\u00e1s 365\"},\"sameAs\":[\"https:\\\/\\\/www.facebook.com\\\/carrenoactualidad\",\"https:\\\/\\\/twitter.com\\\/nbasturias\",\"https:\\\/\\\/www.instagram.com\\\/nachofdezber\\\/\",\"https:\\\/\\\/www.youtube.com\\\/channel\\\/UCZP-2wLEB9Rv6erhFmqVnvg\"]},{\"@type\":\"WebPage\",\"@id\":\"https:\\\/\\\/candas365.es\\\/noticias\\\/se-salva-de-una-explosion-en-essen-saltando-por-una-ventana\\\/#webpage\",\"url\":\"https:\\\/\\\/candas365.es\\\/noticias\\\/se-salva-de-una-explosion-en-essen-saltando-por-una-ventana\\\/\",\"name\":\"Se salva de una explosi\\u00f3n en Essen saltando por una ventana | Cand\\u00e1s 365\",\"description\":\"Essen (Alemania), 10 dic (dpa) - Una explosi\\u00f3n en un edificio en la ciudad de Essen, en el oeste de Alemania, caus\\u00f3 el s\\u00e1bado por la noche tres heridos\",\"inLanguage\":\"es-ES\",\"isPartOf\":{\"@id\":\"https:\\\/\\\/candas365.es\\\/noticias\\\/#website\"},\"breadcrumb\":{\"@id\":\"https:\\\/\\\/candas365.es\\\/noticias\\\/se-salva-de-una-explosion-en-essen-saltando-por-una-ventana\\\/#breadcrumblist\"},\"author\":{\"@id\":\"https:\\\/\\\/candas365.es\\\/noticias\\\/author\\\/admin\\\/#author\"},\"creator\":{\"@id\":\"https:\\\/\\\/candas365.es\\\/noticias\\\/author\\\/admin\\\/#author\"},\"image\":{\"@type\":\"ImageObject\",\"url\":\"https:\\\/\\\/candas365.es\\\/noticias\\\/wp-content\\\/uploads\\\/2023\\\/12\\\/Essen.jpg\",\"@id\":\"https:\\\/\\\/candas365.es\\\/noticias\\\/se-salva-de-una-explosion-en-essen-saltando-por-una-ventana\\\/#mainImage\",\"width\":1106,\"height\":627,\"caption\":\"Los bomberos extinguen el incendio de una vivienda en la ciudad de Essen desde una escalera de rescate. Foto: Markus Gayk\\\/dpa\"},\"primaryImageOfPage\":{\"@id\":\"https:\\\/\\\/candas365.es\\\/noticias\\\/se-salva-de-una-explosion-en-essen-saltando-por-una-ventana\\\/#mainImage\"},\"datePublished\":\"2023-12-12T07:13:25+01:00\",\"dateModified\":\"2023-12-12T07:13:25+01:00\"},{\"@type\":\"WebSite\",\"@id\":\"https:\\\/\\\/candas365.es\\\/noticias\\\/#website\",\"url\":\"https:\\\/\\\/candas365.es\\\/noticias\\\/\",\"name\":\"Cand\\u00e1s 365\",\"alternateName\":\"Cand\\u00e1s 365 Noticias\",\"description\":\"Actualidad desde Carre\\u00f1o para el mundo\",\"inLanguage\":\"es-ES\",\"publisher\":{\"@id\":\"https:\\\/\\\/candas365.es\\\/noticias\\\/#organization\"}}]}\n\t\t<\/script>\n\t\t<!-- All in One SEO Pro -->\r\n\t\t<title>Se salva de una explosi\u00f3n en Essen saltando por una ventana | Cand\u00e1s 365<\/title>\n\n","aioseo_head_json":{"title":"Se salva de una explosi\u00f3n en Essen saltando por una ventana | Cand\u00e1s 365","description":"Essen (Alemania), 10 dic (dpa) - Una explosi\u00f3n en un edificio en la ciudad de Essen, en el oeste de Alemania, caus\u00f3 el s\u00e1bado por la noche tres heridos","canonical_url":"https:\/\/candas365.es\/noticias\/se-salva-de-una-explosion-en-essen-saltando-por-una-ventana\/","robots":"max-image-preview:large","keywords":"destacadas,sucesos","webmasterTools":{"google-site-verification":"UA-32230408-1","msvalidate.01":"354F3CDFB2DA171B47FBE9ABF1F88D5","miscellaneous":""},"schema":{"@context":"https:\/\/schema.org","@graph":[{"@type":"BreadcrumbList","@id":"https:\/\/candas365.es\/noticias\/se-salva-de-una-explosion-en-essen-saltando-por-una-ventana\/#breadcrumblist","itemListElement":[{"@type":"ListItem","@id":"https:\/\/candas365.es\/noticias#listItem","position":1,"name":"Home","item":"https:\/\/candas365.es\/noticias","nextItem":{"@type":"ListItem","@id":"https:\/\/candas365.es\/noticias\/category\/destacadas\/#listItem","name":"Destacadas"}},{"@type":"ListItem","@id":"https:\/\/candas365.es\/noticias\/category\/destacadas\/#listItem","position":2,"name":"Destacadas","item":"https:\/\/candas365.es\/noticias\/category\/destacadas\/","nextItem":{"@type":"ListItem","@id":"https:\/\/candas365.es\/noticias\/se-salva-de-una-explosion-en-essen-saltando-por-una-ventana\/#listItem","name":"Se salva de una explosi\u00f3n en Essen saltando por una ventana"},"previousItem":{"@type":"ListItem","@id":"https:\/\/candas365.es\/noticias#listItem","name":"Home"}},{"@type":"ListItem","@id":"https:\/\/candas365.es\/noticias\/se-salva-de-una-explosion-en-essen-saltando-por-una-ventana\/#listItem","position":3,"name":"Se salva de una explosi\u00f3n en Essen saltando por una ventana","previousItem":{"@type":"ListItem","@id":"https:\/\/candas365.es\/noticias\/category\/destacadas\/#listItem","name":"Destacadas"}}]},{"@type":"NewsArticle","@id":"https:\/\/candas365.es\/noticias\/se-salva-de-una-explosion-en-essen-saltando-por-una-ventana\/#newsarticle","name":"Se salva de una explosi\u00f3n en Essen saltando por una ventana | Cand\u00e1s 365","headline":"Se salva de una explosi\u00f3n en Essen saltando por una ventana","author":{"@id":"https:\/\/candas365.es\/noticias\/author\/admin\/#author"},"publisher":{"@id":"https:\/\/candas365.es\/noticias\/#organization"},"image":{"@type":"ImageObject","url":"https:\/\/candas365.es\/noticias\/wp-content\/uploads\/2023\/12\/Essen.jpg","width":1106,"height":627,"caption":"Los bomberos extinguen el incendio de una vivienda en la ciudad de Essen desde una escalera de rescate. Foto: Markus Gayk\/dpa"},"datePublished":"2023-12-12T07:13:25+01:00","dateModified":"2023-12-12T07:13:25+01:00","inLanguage":"es-ES","mainEntityOfPage":{"@id":"https:\/\/candas365.es\/noticias\/se-salva-de-una-explosion-en-essen-saltando-por-una-ventana\/#webpage"},"isPartOf":{"@id":"https:\/\/candas365.es\/noticias\/se-salva-de-una-explosion-en-essen-saltando-por-una-ventana\/#webpage"},"articleSection":"Destacadas, Sucesos, Alemania, Internacional, sucesos","dateline":"Publicado el diciembre 12, 2023."},{"@type":"Organization","@id":"https:\/\/candas365.es\/noticias\/#organization","name":"Cand\u00e1s 365","description":"Cand\u00e1s 365 es un diario digital independiente, fundado en 2012, con base en Asturias. Informamos con rigor sobre actualidad, sociedad, cultura y ocio, con una mirada local y global.","url":"https:\/\/candas365.es\/noticias\/","email":"info@candas365.es","telephone":"+34652131393","foundingDate":"2012-06-10","logo":{"@type":"ImageObject","url":"https:\/\/candas365.es\/noticias\/wp-content\/uploads\/2024\/09\/Candas-365-Redes.jpg","@id":"https:\/\/candas365.es\/noticias\/se-salva-de-una-explosion-en-essen-saltando-por-una-ventana\/#organizationLogo","width":1152,"height":864,"caption":"Cand\u00e1s 365 Redes"},"image":{"@id":"https:\/\/candas365.es\/noticias\/se-salva-de-una-explosion-en-essen-saltando-por-una-ventana\/#organizationLogo"},"sameAs":["https:\/\/www.facebook.com\/Nachofdezber","https:\/\/x.com\/NabercoDigital","https:\/\/www.instagram.com\/nachofdezber\/","https:\/\/www.youtube.com\/channel\/UCZP-2wLEB9Rv6erhFmqVnvg"],"address":{"@id":"https:\/\/candas365.es\/noticias\/#postaladdress","@type":"PostalAddress","streetAddress":"san antonio 4, san antonio 4","postalCode":"33430","addressLocality":"Cand\u00e1s","addressRegion":"Asturias","addressCountry":"ES"}},{"@type":"Person","@id":"https:\/\/candas365.es\/noticias\/author\/admin\/#author","url":"https:\/\/candas365.es\/noticias\/author\/admin\/","name":"Cand\u00e1s 365","image":{"@type":"ImageObject","@id":"https:\/\/candas365.es\/noticias\/se-salva-de-una-explosion-en-essen-saltando-por-una-ventana\/#authorImage","url":"https:\/\/secure.gravatar.com\/avatar\/496a8e03d0c493ede1718b7934145dbdf8d89be1036b0eec9544e1094c9de390?s=96&d=mm&r=g","width":96,"height":96,"caption":"Cand\u00e1s 365"},"sameAs":["https:\/\/www.facebook.com\/carrenoactualidad","https:\/\/twitter.com\/nbasturias","https:\/\/www.instagram.com\/nachofdezber\/","https:\/\/www.youtube.com\/channel\/UCZP-2wLEB9Rv6erhFmqVnvg"]},{"@type":"WebPage","@id":"https:\/\/candas365.es\/noticias\/se-salva-de-una-explosion-en-essen-saltando-por-una-ventana\/#webpage","url":"https:\/\/candas365.es\/noticias\/se-salva-de-una-explosion-en-essen-saltando-por-una-ventana\/","name":"Se salva de una explosi\u00f3n en Essen saltando por una ventana | Cand\u00e1s 365","description":"Essen (Alemania), 10 dic (dpa) - Una explosi\u00f3n en un edificio en la ciudad de Essen, en el oeste de Alemania, caus\u00f3 el s\u00e1bado por la noche tres heridos","inLanguage":"es-ES","isPartOf":{"@id":"https:\/\/candas365.es\/noticias\/#website"},"breadcrumb":{"@id":"https:\/\/candas365.es\/noticias\/se-salva-de-una-explosion-en-essen-saltando-por-una-ventana\/#breadcrumblist"},"author":{"@id":"https:\/\/candas365.es\/noticias\/author\/admin\/#author"},"creator":{"@id":"https:\/\/candas365.es\/noticias\/author\/admin\/#author"},"image":{"@type":"ImageObject","url":"https:\/\/candas365.es\/noticias\/wp-content\/uploads\/2023\/12\/Essen.jpg","@id":"https:\/\/candas365.es\/noticias\/se-salva-de-una-explosion-en-essen-saltando-por-una-ventana\/#mainImage","width":1106,"height":627,"caption":"Los bomberos extinguen el incendio de una vivienda en la ciudad de Essen desde una escalera de rescate. Foto: Markus Gayk\/dpa"},"primaryImageOfPage":{"@id":"https:\/\/candas365.es\/noticias\/se-salva-de-una-explosion-en-essen-saltando-por-una-ventana\/#mainImage"},"datePublished":"2023-12-12T07:13:25+01:00","dateModified":"2023-12-12T07:13:25+01:00"},{"@type":"WebSite","@id":"https:\/\/candas365.es\/noticias\/#website","url":"https:\/\/candas365.es\/noticias\/","name":"Cand\u00e1s 365","alternateName":"Cand\u00e1s 365 Noticias","description":"Actualidad desde Carre\u00f1o para el mundo","inLanguage":"es-ES","publisher":{"@id":"https:\/\/candas365.es\/noticias\/#organization"}}]},"og:locale":"es_ES","og:site_name":"Cand\u00e1s 365","og:type":"article","og:title":"Se salva de una explosi\u00f3n en Essen saltando por una ventana | Cand\u00e1s 365","og:description":"Essen (Alemania), 10 dic (dpa) - Una explosi\u00f3n en un edificio en la ciudad de Essen, en el oeste de Alemania, caus\u00f3 el s\u00e1bado por la noche tres heridos","og:url":"https:\/\/candas365.es\/noticias\/se-salva-de-una-explosion-en-essen-saltando-por-una-ventana\/","og:image":"https:\/\/candas365.es\/noticias\/wp-content\/uploads\/2023\/12\/Essen.jpg","og:image:secure_url":"https:\/\/candas365.es\/noticias\/wp-content\/uploads\/2023\/12\/Essen.jpg","og:image:width":1106,"og:image:height":627,"article:published_time":"2023-12-12T06:13:25+00:00","article:modified_time":"2023-12-12T06:13:25+00:00","article:publisher":"https:\/\/www.facebook.com\/Nachofdezber","article:author":"https:\/\/www.facebook.com\/carrenoactualidad","twitter:card":"summary_large_image","twitter:site":"@NabercoDigital","twitter:title":"Se salva de una explosi\u00f3n en Essen saltando por una ventana | Cand\u00e1s 365","twitter:description":"Essen (Alemania), 10 dic (dpa) - Una explosi\u00f3n en un edificio en la ciudad de Essen, en el oeste de Alemania, caus\u00f3 el s\u00e1bado por la noche tres heridos","twitter:creator":"@nbasturias","twitter:image":"https:\/\/candas365.es\/noticias\/wp-content\/uploads\/2023\/12\/Essen.jpg","twitter:label1":"Escrito por","twitter:data1":"Cand\u00e1s 365","twitter:label2":"Tiempo de lectura estimado","twitter:data2":"2 minutos"},"aioseo_meta_data":{"post_id":"177112","title":null,"description":"Essen (Alemania), 10 dic (dpa) - Una explosi\u00f3n en un edificio en la ciudad de Essen, en el oeste de Alemania, caus\u00f3 el s\u00e1bado por la noche tres heridos","keywords":[],"keyphrases":{"focus":{"keyphrase":"Essen","score":93,"analysis":{"keyphraseInTitle":{"score":9,"maxScore":9,"error":0},"keyphraseInDescription":{"score":9,"maxScore":9,"error":0},"keyphraseLength":{"score":9,"maxScore":9,"error":0,"length":1},"keyphraseInURL":{"score":1,"maxScore":5,"error":1},"keyphraseInIntroduction":{"score":9,"maxScore":9,"error":0},"keyphraseInSubHeadings":[],"keyphraseInImageAlt":{"score":9,"maxScore":9,"error":0},"keywordDensity":{"type":"best","score":9,"maxScore":9,"error":0}}},"additional":[{"keyphrase":"explosi\u00f3n","score":87,"analysis":{"keyphraseInDescription":{"score":9,"maxScore":9,"error":0},"keyphraseLength":{"score":9,"maxScore":9,"error":0,"length":2},"keyphraseInIntroduction":{"score":9,"maxScore":9,"error":0},"keyphraseInImageAlt":{"score":3,"maxScore":9,"error":1},"keywordDensity":{"type":"best","score":9,"maxScore":9,"error":0}}}]},"primary_term":null,"canonical_url":null,"og_title":null,"og_description":null,"og_object_type":"default","og_image_type":"default","og_image_url":null,"og_image_width":null,"og_image_height":null,"og_image_custom_url":null,"og_image_custom_fields":null,"og_video":"","og_custom_url":null,"og_article_section":null,"og_article_tags":[],"twitter_use_og":false,"twitter_card":"default","twitter_image_type":"default","twitter_image_url":null,"twitter_image_custom_url":null,"twitter_image_custom_fields":null,"twitter_title":null,"twitter_description":null,"schema":{"blockGraphs":[],"customGraphs":[],"default":{"data":{"Article":[],"Course":[],"Dataset":[],"FAQPage":[],"Movie":[],"Person":[],"Product":[],"ProductReview":[],"Car":[],"Recipe":[],"Service":[],"SoftwareApplication":[],"WebPage":[]},"graphName":"Article","isEnabled":true},"graphs":[]},"schema_type":"default","schema_type_options":null,"pillar_content":false,"robots_default":true,"robots_noindex":false,"robots_noarchive":false,"robots_nosnippet":false,"robots_nofollow":false,"robots_noimageindex":false,"robots_noodp":false,"robots_notranslate":false,"robots_max_snippet":"-1","robots_max_videopreview":"-1","robots_max_imagepreview":"large","priority":null,"frequency":"default","location":null,"local_seo":null,"seo_analyzer_scan_date":"2025-09-02 01:41:29","breadcrumb_settings":null,"limit_modified_date":false,"reviewed_by":null,"open_ai":"{\"title\":{\"suggestions\":[],\"usage\":0},\"description\":{\"suggestions\":[],\"usage\":0}}","ai":null,"created":"2023-12-12 06:03:30","updated":"2025-09-02 01:41:29"},"aioseo_breadcrumb":"<div class=\"aioseo-breadcrumbs\"><span class=\"aioseo-breadcrumb\">\n\t<a href=\"https:\/\/candas365.es\/noticias\" title=\"Home\">Home<\/a>\n<\/span><span class=\"aioseo-breadcrumb-separator\">&ndash;<\/span><span class=\"aioseo-breadcrumb\">\n\t<a href=\"https:\/\/candas365.es\/noticias\/category\/destacadas\/\" title=\"Destacadas\">Destacadas<\/a>\n<\/span><span class=\"aioseo-breadcrumb-separator\">&ndash;<\/span><span class=\"aioseo-breadcrumb\">\n\tSe salva de una explosi\u00f3n en Essen saltando por una ventana\n<\/span><\/div>","aioseo_breadcrumb_json":[{"label":"Home","link":"https:\/\/candas365.es\/noticias"},{"label":"Destacadas","link":"https:\/\/candas365.es\/noticias\/category\/destacadas\/"},{"label":"Se salva de una explosi\u00f3n en Essen saltando por una ventana","link":"https:\/\/candas365.es\/noticias\/se-salva-de-una-explosion-en-essen-saltando-por-una-ventana\/"}],"_links":{"self":[{"href":"https:\/\/candas365.es\/noticias\/wp-json\/wp\/v2\/posts\/177112","targetHints":{"allow":["GET"]}}],"collection":[{"href":"https:\/\/candas365.es\/noticias\/wp-json\/wp\/v2\/posts"}],"about":[{"href":"https:\/\/candas365.es\/noticias\/wp-json\/wp\/v2\/types\/post"}],"author":[{"embeddable":true,"href":"https:\/\/candas365.es\/noticias\/wp-json\/wp\/v2\/users\/1"}],"replies":[{"embeddable":true,"href":"https:\/\/candas365.es\/noticias\/wp-json\/wp\/v2\/comments?post=177112"}],"version-history":[{"count":0,"href":"https:\/\/candas365.es\/noticias\/wp-json\/wp\/v2\/posts\/177112\/revisions"}],"wp:featuredmedia":[{"embeddable":true,"href":"https:\/\/candas365.es\/noticias\/wp-json\/wp\/v2\/media\/177113"}],"wp:attachment":[{"href":"https:\/\/candas365.es\/noticias\/wp-json\/wp\/v2\/media?parent=177112"}],"wp:term":[{"taxonomy":"category","embeddable":true,"href":"https:\/\/candas365.es\/noticias\/wp-json\/wp\/v2\/categories?post=177112"},{"taxonomy":"post_tag","embeddable":true,"href":"https:\/\/candas365.es\/noticias\/wp-json\/wp\/v2\/tags?post=177112"}],"curies":[{"name":"wp","href":"https:\/\/api.w.org\/{rel}","templated":true}]}}