{"id":177024,"date":"2023-12-09T19:03:02","date_gmt":"2023-12-09T18:03:02","guid":{"rendered":"https:\/\/candas365.es\/noticias\/?p=177024"},"modified":"2023-12-09T19:03:02","modified_gmt":"2023-12-09T18:03:02","slug":"berlin-asume-que-los-miembros-de-la-familia-alemana-de-gaza-estan-muertos","status":"publish","type":"post","link":"https:\/\/candas365.es\/noticias\/berlin-asume-que-los-miembros-de-la-familia-alemana-de-gaza-estan-muertos\/","title":{"rendered":"Berl\u00edn asume que \u00b4los miembros de la familia alemana de Gaza est\u00e1n muertos"},"content":{"rendered":"<p>Berl\u00edn, 9 dic (<a title=\"dpa\" href=\"https:\/\/www.dpa-news.de\/\" target=\"_blank\" rel=\"noopener\"><span style=\"color: #ff6600;\"><strong>dpa<\/strong><\/span><\/a>) &#8211; El Gobierno de Berl\u00edn confirm\u00f3 hoy que lo m\u00e1s probable es que una familia con nacionalidad alemana que viv\u00eda en Gaza muriese en el transcurso de los <span style=\"color: #ff6600;\"><a style=\"color: #ff6600;\" href=\"https:\/\/candas365.es\/noticias\/category\/internacional\/\"><strong>combates<\/strong><\/a><\/span>.<\/p>\n<p><img fetchpriority=\"high\" decoding=\"async\" class=\"aligncenter size-full wp-image-176718\" src=\"https:\/\/candas365.es\/noticias\/wp-content\/uploads\/2023\/12\/noticias.jpg\" alt=\"noticias\" width=\"640\" height=\"480\" srcset=\"https:\/\/candas365.es\/noticias\/wp-content\/uploads\/2023\/12\/noticias.jpg 640w, https:\/\/candas365.es\/noticias\/wp-content\/uploads\/2023\/12\/noticias-360x270.jpg 360w, https:\/\/candas365.es\/noticias\/wp-content\/uploads\/2023\/12\/noticias-150x113.jpg 150w, https:\/\/candas365.es\/noticias\/wp-content\/uploads\/2023\/12\/noticias-450x338.jpg 450w\" sizes=\"(max-width: 640px) 100vw, 640px\" \/><\/p>\n<p>\u00abLamentablemente, tenemos que asumir en este momento que una familia alemana se encuentra entre las v\u00edctimas de los combates en Gaza\u00bb, dijo el Ministerio de Relaciones Exteriores en Berl\u00edn hoy en respuesta a una consulta, sin dar m\u00e1s detalles.<\/p>\n<p>El diario \u00abS\u00fcddeutsche Zeitung\u00bb hab\u00eda informado previamente, citando a familiares, de que una familia alemana de seis miembros hab\u00eda muerto en un bombardeo israel\u00ed en su casa de Gaza el 25 de octubre.<\/p>\n<p><strong>La guerra fue desencadenada por la peor masacre de la historia de Israel, perpetrada por terroristas de la organizaci\u00f3n islamista palestina Ham\u00e1s y otros grupos extremistas el 7 de octubre<\/strong>, cerca de la frontera con la Franja de Gaza. En el ataque murieron m\u00e1s de 1.200 personas.<\/p>\n<p>Seg\u00fan el Ministerio de Sanidad, controlado por Ham\u00e1s, hasta el momento han muerto m\u00e1s de 17.400 personas como consecuencia de los posteriores ataques israel\u00edes contra la Franja de Gaza.<\/p>\n","protected":false},"excerpt":{"rendered":"<p>Berl\u00edn, 9 dic (dpa) &#8211; El Gobierno de Berl\u00edn confirm\u00f3 hoy que lo m\u00e1s probable es que una familia con nacionalidad alemana que viv\u00eda en Gaza muriese en el transcurso de los combates. \u00abLamentablemente, tenemos que asumir en este momento que una familia alemana se encuentra entre las v\u00edctimas de los combates en Gaza\u00bb, dijo<\/p>\n","protected":false},"author":1,"featured_media":176718,"comment_status":"closed","ping_status":"closed","sticky":false,"template":"","format":"standard","meta":{"footnotes":""},"categories":[485],"tags":[417,464],"class_list":{"0":"post-177024","1":"post","2":"type-post","3":"status-publish","4":"format-standard","5":"has-post-thumbnail","7":"category-internacional","8":"tag-alemania","9":"tag-conflictos"},"aioseo_notices":[],"aioseo_head":"\n\t\t<!-- All in One SEO Pro 4.9.6.2 - aioseo.com -->\n\t<meta name=\"description\" content=\"Berl\u00edn, 9 dic (dpa) - El Gobierno de Berl\u00edn confirm\u00f3 hoy que lo m\u00e1s probable es que una familia con nacionalidad alemana que viv\u00eda en Gaza muriese\" \/>\n\t<meta name=\"robots\" content=\"max-image-preview:large\" \/>\n\t<meta name=\"author\" content=\"Cand\u00e1s 365\"\/>\n\t<meta name=\"google-site-verification\" content=\"UA-32230408-1\" \/>\n\t<meta name=\"msvalidate.01\" content=\"354F3CDFB2DA171B47FBE9ABF1F88D5\" \/>\n\t<meta name=\"keywords\" content=\"internacional\" \/>\n\t<link rel=\"canonical\" href=\"https:\/\/candas365.es\/noticias\/berlin-asume-que-los-miembros-de-la-familia-alemana-de-gaza-estan-muertos\/\" \/>\n\t<meta name=\"generator\" content=\"All in One SEO Pro (AIOSEO) 4.9.6.2\" \/>\n\t\t<meta property=\"og:locale\" content=\"es_ES\" \/>\n\t\t<meta property=\"og:site_name\" content=\"Cand\u00e1s 365\" \/>\n\t\t<meta property=\"og:type\" content=\"article\" \/>\n\t\t<meta property=\"og:title\" content=\"Berl\u00edn asume que \u00b4los miembros de la familia alemana de Gaza est\u00e1n muertos | Cand\u00e1s 365\" \/>\n\t\t<meta property=\"og:description\" content=\"Berl\u00edn, 9 dic (dpa) - El Gobierno de Berl\u00edn confirm\u00f3 hoy que lo m\u00e1s probable es que una familia con nacionalidad alemana que viv\u00eda en Gaza muriese\" \/>\n\t\t<meta property=\"og:url\" content=\"https:\/\/candas365.es\/noticias\/berlin-asume-que-los-miembros-de-la-familia-alemana-de-gaza-estan-muertos\/\" \/>\n\t\t<meta property=\"og:image\" content=\"https:\/\/candas365.es\/noticias\/wp-content\/uploads\/2023\/12\/noticias.jpg\" \/>\n\t\t<meta property=\"og:image:secure_url\" content=\"https:\/\/candas365.es\/noticias\/wp-content\/uploads\/2023\/12\/noticias.jpg\" \/>\n\t\t<meta property=\"og:image:width\" content=\"640\" \/>\n\t\t<meta property=\"og:image:height\" content=\"480\" \/>\n\t\t<meta property=\"article:published_time\" content=\"2023-12-09T18:03:02+00:00\" \/>\n\t\t<meta property=\"article:modified_time\" content=\"2023-12-09T18:03:02+00:00\" \/>\n\t\t<meta property=\"article:publisher\" content=\"https:\/\/www.facebook.com\/Nachofdezber\" \/>\n\t\t<meta property=\"article:author\" content=\"https:\/\/www.facebook.com\/carrenoactualidad\" \/>\n\t\t<meta name=\"twitter:card\" content=\"summary_large_image\" \/>\n\t\t<meta name=\"twitter:site\" content=\"@NabercoDigital\" \/>\n\t\t<meta name=\"twitter:title\" content=\"Berl\u00edn asume que \u00b4los miembros de la familia alemana de Gaza est\u00e1n muertos | Cand\u00e1s 365\" \/>\n\t\t<meta name=\"twitter:description\" content=\"Berl\u00edn, 9 dic (dpa) - El Gobierno de Berl\u00edn confirm\u00f3 hoy que lo m\u00e1s probable es que una familia con nacionalidad alemana que viv\u00eda en Gaza muriese\" \/>\n\t\t<meta name=\"twitter:creator\" content=\"@nbasturias\" \/>\n\t\t<meta name=\"twitter:image\" content=\"https:\/\/candas365.es\/noticias\/wp-content\/uploads\/2023\/12\/noticias.jpg\" \/>\n\t\t<meta name=\"twitter:label1\" content=\"Escrito por\" \/>\n\t\t<meta name=\"twitter:data1\" content=\"Cand\u00e1s 365\" \/>\n\t\t<meta name=\"twitter:label2\" content=\"Tiempo de lectura estimado\" \/>\n\t\t<meta name=\"twitter:data2\" content=\"1 minuto\" \/>\n\t\t<script type=\"application\/ld+json\" class=\"aioseo-schema\">\n\t\t\t{\"@context\":\"https:\\\/\\\/schema.org\",\"@graph\":[{\"@type\":\"BreadcrumbList\",\"@id\":\"https:\\\/\\\/candas365.es\\\/noticias\\\/berlin-asume-que-los-miembros-de-la-familia-alemana-de-gaza-estan-muertos\\\/#breadcrumblist\",\"itemListElement\":[{\"@type\":\"ListItem\",\"@id\":\"https:\\\/\\\/candas365.es\\\/noticias#listItem\",\"position\":1,\"name\":\"Home\",\"item\":\"https:\\\/\\\/candas365.es\\\/noticias\",\"nextItem\":{\"@type\":\"ListItem\",\"@id\":\"https:\\\/\\\/candas365.es\\\/noticias\\\/category\\\/internacional\\\/#listItem\",\"name\":\"Internacional\"}},{\"@type\":\"ListItem\",\"@id\":\"https:\\\/\\\/candas365.es\\\/noticias\\\/category\\\/internacional\\\/#listItem\",\"position\":2,\"name\":\"Internacional\",\"item\":\"https:\\\/\\\/candas365.es\\\/noticias\\\/category\\\/internacional\\\/\",\"nextItem\":{\"@type\":\"ListItem\",\"@id\":\"https:\\\/\\\/candas365.es\\\/noticias\\\/berlin-asume-que-los-miembros-de-la-familia-alemana-de-gaza-estan-muertos\\\/#listItem\",\"name\":\"Berl\\u00edn asume que \\u00b4los miembros de la familia alemana de Gaza est\\u00e1n muertos\"},\"previousItem\":{\"@type\":\"ListItem\",\"@id\":\"https:\\\/\\\/candas365.es\\\/noticias#listItem\",\"name\":\"Home\"}},{\"@type\":\"ListItem\",\"@id\":\"https:\\\/\\\/candas365.es\\\/noticias\\\/berlin-asume-que-los-miembros-de-la-familia-alemana-de-gaza-estan-muertos\\\/#listItem\",\"position\":3,\"name\":\"Berl\\u00edn asume que \\u00b4los miembros de la familia alemana de Gaza est\\u00e1n muertos\",\"previousItem\":{\"@type\":\"ListItem\",\"@id\":\"https:\\\/\\\/candas365.es\\\/noticias\\\/category\\\/internacional\\\/#listItem\",\"name\":\"Internacional\"}}]},{\"@type\":\"NewsArticle\",\"@id\":\"https:\\\/\\\/candas365.es\\\/noticias\\\/berlin-asume-que-los-miembros-de-la-familia-alemana-de-gaza-estan-muertos\\\/#newsarticle\",\"name\":\"Berl\\u00edn asume que \\u00b4los miembros de la familia alemana de Gaza est\\u00e1n muertos | Cand\\u00e1s 365\",\"headline\":\"Berl\\u00edn asume que \\u00b4los miembros de la familia alemana de Gaza est\\u00e1n muertos\",\"author\":{\"@id\":\"https:\\\/\\\/candas365.es\\\/noticias\\\/author\\\/admin\\\/#author\"},\"publisher\":{\"@id\":\"https:\\\/\\\/candas365.es\\\/noticias\\\/#organization\"},\"image\":{\"@type\":\"ImageObject\",\"url\":\"https:\\\/\\\/candas365.es\\\/noticias\\\/wp-content\\\/uploads\\\/2023\\\/12\\\/noticias.jpg\",\"width\":640,\"height\":480,\"caption\":\"noticias\"},\"datePublished\":\"2023-12-09T19:03:02+01:00\",\"dateModified\":\"2023-12-09T19:03:02+01:00\",\"inLanguage\":\"es-ES\",\"mainEntityOfPage\":{\"@id\":\"https:\\\/\\\/candas365.es\\\/noticias\\\/berlin-asume-que-los-miembros-de-la-familia-alemana-de-gaza-estan-muertos\\\/#webpage\"},\"isPartOf\":{\"@id\":\"https:\\\/\\\/candas365.es\\\/noticias\\\/berlin-asume-que-los-miembros-de-la-familia-alemana-de-gaza-estan-muertos\\\/#webpage\"},\"articleSection\":\"Internacional, Alemania, conflictos\",\"dateline\":\"Publicado el diciembre 9, 2023.\"},{\"@type\":\"Organization\",\"@id\":\"https:\\\/\\\/candas365.es\\\/noticias\\\/#organization\",\"name\":\"Cand\\u00e1s 365\",\"description\":\"Cand\\u00e1s 365 es un diario digital independiente, fundado en 2012, con base en Asturias. Informamos con rigor sobre actualidad, sociedad, cultura y ocio, con una mirada local y global.\",\"url\":\"https:\\\/\\\/candas365.es\\\/noticias\\\/\",\"email\":\"info@candas365.es\",\"telephone\":\"+34652131393\",\"foundingDate\":\"2012-06-10\",\"logo\":{\"@type\":\"ImageObject\",\"url\":\"https:\\\/\\\/candas365.es\\\/noticias\\\/wp-content\\\/uploads\\\/2024\\\/09\\\/Candas-365-Redes.jpg\",\"@id\":\"https:\\\/\\\/candas365.es\\\/noticias\\\/berlin-asume-que-los-miembros-de-la-familia-alemana-de-gaza-estan-muertos\\\/#organizationLogo\",\"width\":1152,\"height\":864,\"caption\":\"Cand\\u00e1s 365 Redes\"},\"image\":{\"@id\":\"https:\\\/\\\/candas365.es\\\/noticias\\\/berlin-asume-que-los-miembros-de-la-familia-alemana-de-gaza-estan-muertos\\\/#organizationLogo\"},\"sameAs\":[\"https:\\\/\\\/www.facebook.com\\\/Nachofdezber\",\"https:\\\/\\\/x.com\\\/NabercoDigital\",\"https:\\\/\\\/www.instagram.com\\\/nachofdezber\\\/\",\"https:\\\/\\\/www.youtube.com\\\/channel\\\/UCZP-2wLEB9Rv6erhFmqVnvg\"],\"address\":{\"@id\":\"https:\\\/\\\/candas365.es\\\/noticias\\\/#postaladdress\",\"@type\":\"PostalAddress\",\"streetAddress\":\"san antonio 4, san antonio 4\",\"postalCode\":\"33430\",\"addressLocality\":\"Cand\\u00e1s\",\"addressRegion\":\"Asturias\",\"addressCountry\":\"ES\"}},{\"@type\":\"Person\",\"@id\":\"https:\\\/\\\/candas365.es\\\/noticias\\\/author\\\/admin\\\/#author\",\"url\":\"https:\\\/\\\/candas365.es\\\/noticias\\\/author\\\/admin\\\/\",\"name\":\"Cand\\u00e1s 365\",\"image\":{\"@type\":\"ImageObject\",\"@id\":\"https:\\\/\\\/candas365.es\\\/noticias\\\/berlin-asume-que-los-miembros-de-la-familia-alemana-de-gaza-estan-muertos\\\/#authorImage\",\"url\":\"https:\\\/\\\/secure.gravatar.com\\\/avatar\\\/496a8e03d0c493ede1718b7934145dbdf8d89be1036b0eec9544e1094c9de390?s=96&d=mm&r=g\",\"width\":96,\"height\":96,\"caption\":\"Cand\\u00e1s 365\"},\"sameAs\":[\"https:\\\/\\\/www.facebook.com\\\/carrenoactualidad\",\"https:\\\/\\\/twitter.com\\\/nbasturias\",\"https:\\\/\\\/www.instagram.com\\\/nachofdezber\\\/\",\"https:\\\/\\\/www.youtube.com\\\/channel\\\/UCZP-2wLEB9Rv6erhFmqVnvg\"]},{\"@type\":\"WebPage\",\"@id\":\"https:\\\/\\\/candas365.es\\\/noticias\\\/berlin-asume-que-los-miembros-de-la-familia-alemana-de-gaza-estan-muertos\\\/#webpage\",\"url\":\"https:\\\/\\\/candas365.es\\\/noticias\\\/berlin-asume-que-los-miembros-de-la-familia-alemana-de-gaza-estan-muertos\\\/\",\"name\":\"Berl\\u00edn asume que \\u00b4los miembros de la familia alemana de Gaza est\\u00e1n muertos | Cand\\u00e1s 365\",\"description\":\"Berl\\u00edn, 9 dic (dpa) - El Gobierno de Berl\\u00edn confirm\\u00f3 hoy que lo m\\u00e1s probable es que una familia con nacionalidad alemana que viv\\u00eda en Gaza muriese\",\"inLanguage\":\"es-ES\",\"isPartOf\":{\"@id\":\"https:\\\/\\\/candas365.es\\\/noticias\\\/#website\"},\"breadcrumb\":{\"@id\":\"https:\\\/\\\/candas365.es\\\/noticias\\\/berlin-asume-que-los-miembros-de-la-familia-alemana-de-gaza-estan-muertos\\\/#breadcrumblist\"},\"author\":{\"@id\":\"https:\\\/\\\/candas365.es\\\/noticias\\\/author\\\/admin\\\/#author\"},\"creator\":{\"@id\":\"https:\\\/\\\/candas365.es\\\/noticias\\\/author\\\/admin\\\/#author\"},\"image\":{\"@type\":\"ImageObject\",\"url\":\"https:\\\/\\\/candas365.es\\\/noticias\\\/wp-content\\\/uploads\\\/2023\\\/12\\\/noticias.jpg\",\"@id\":\"https:\\\/\\\/candas365.es\\\/noticias\\\/berlin-asume-que-los-miembros-de-la-familia-alemana-de-gaza-estan-muertos\\\/#mainImage\",\"width\":640,\"height\":480,\"caption\":\"noticias\"},\"primaryImageOfPage\":{\"@id\":\"https:\\\/\\\/candas365.es\\\/noticias\\\/berlin-asume-que-los-miembros-de-la-familia-alemana-de-gaza-estan-muertos\\\/#mainImage\"},\"datePublished\":\"2023-12-09T19:03:02+01:00\",\"dateModified\":\"2023-12-09T19:03:02+01:00\"},{\"@type\":\"WebSite\",\"@id\":\"https:\\\/\\\/candas365.es\\\/noticias\\\/#website\",\"url\":\"https:\\\/\\\/candas365.es\\\/noticias\\\/\",\"name\":\"Cand\\u00e1s 365\",\"alternateName\":\"Cand\\u00e1s 365 Noticias\",\"description\":\"Actualidad desde Carre\\u00f1o para el mundo\",\"inLanguage\":\"es-ES\",\"publisher\":{\"@id\":\"https:\\\/\\\/candas365.es\\\/noticias\\\/#organization\"}}]}\n\t\t<\/script>\n\t\t<!-- All in One SEO Pro -->\r\n\t\t<title>Berl\u00edn asume que \u00b4los miembros de la familia alemana de Gaza est\u00e1n muertos | Cand\u00e1s 365<\/title>\n\n","aioseo_head_json":{"title":"Berl\u00edn asume que \u00b4los miembros de la familia alemana de Gaza est\u00e1n muertos | Cand\u00e1s 365","description":"Berl\u00edn, 9 dic (dpa) - El Gobierno de Berl\u00edn confirm\u00f3 hoy que lo m\u00e1s probable es que una familia con nacionalidad alemana que viv\u00eda en Gaza muriese","canonical_url":"https:\/\/candas365.es\/noticias\/berlin-asume-que-los-miembros-de-la-familia-alemana-de-gaza-estan-muertos\/","robots":"max-image-preview:large","keywords":"internacional","webmasterTools":{"google-site-verification":"UA-32230408-1","msvalidate.01":"354F3CDFB2DA171B47FBE9ABF1F88D5","miscellaneous":""},"schema":{"@context":"https:\/\/schema.org","@graph":[{"@type":"BreadcrumbList","@id":"https:\/\/candas365.es\/noticias\/berlin-asume-que-los-miembros-de-la-familia-alemana-de-gaza-estan-muertos\/#breadcrumblist","itemListElement":[{"@type":"ListItem","@id":"https:\/\/candas365.es\/noticias#listItem","position":1,"name":"Home","item":"https:\/\/candas365.es\/noticias","nextItem":{"@type":"ListItem","@id":"https:\/\/candas365.es\/noticias\/category\/internacional\/#listItem","name":"Internacional"}},{"@type":"ListItem","@id":"https:\/\/candas365.es\/noticias\/category\/internacional\/#listItem","position":2,"name":"Internacional","item":"https:\/\/candas365.es\/noticias\/category\/internacional\/","nextItem":{"@type":"ListItem","@id":"https:\/\/candas365.es\/noticias\/berlin-asume-que-los-miembros-de-la-familia-alemana-de-gaza-estan-muertos\/#listItem","name":"Berl\u00edn asume que \u00b4los miembros de la familia alemana de Gaza est\u00e1n muertos"},"previousItem":{"@type":"ListItem","@id":"https:\/\/candas365.es\/noticias#listItem","name":"Home"}},{"@type":"ListItem","@id":"https:\/\/candas365.es\/noticias\/berlin-asume-que-los-miembros-de-la-familia-alemana-de-gaza-estan-muertos\/#listItem","position":3,"name":"Berl\u00edn asume que \u00b4los miembros de la familia alemana de Gaza est\u00e1n muertos","previousItem":{"@type":"ListItem","@id":"https:\/\/candas365.es\/noticias\/category\/internacional\/#listItem","name":"Internacional"}}]},{"@type":"NewsArticle","@id":"https:\/\/candas365.es\/noticias\/berlin-asume-que-los-miembros-de-la-familia-alemana-de-gaza-estan-muertos\/#newsarticle","name":"Berl\u00edn asume que \u00b4los miembros de la familia alemana de Gaza est\u00e1n muertos | Cand\u00e1s 365","headline":"Berl\u00edn asume que \u00b4los miembros de la familia alemana de Gaza est\u00e1n muertos","author":{"@id":"https:\/\/candas365.es\/noticias\/author\/admin\/#author"},"publisher":{"@id":"https:\/\/candas365.es\/noticias\/#organization"},"image":{"@type":"ImageObject","url":"https:\/\/candas365.es\/noticias\/wp-content\/uploads\/2023\/12\/noticias.jpg","width":640,"height":480,"caption":"noticias"},"datePublished":"2023-12-09T19:03:02+01:00","dateModified":"2023-12-09T19:03:02+01:00","inLanguage":"es-ES","mainEntityOfPage":{"@id":"https:\/\/candas365.es\/noticias\/berlin-asume-que-los-miembros-de-la-familia-alemana-de-gaza-estan-muertos\/#webpage"},"isPartOf":{"@id":"https:\/\/candas365.es\/noticias\/berlin-asume-que-los-miembros-de-la-familia-alemana-de-gaza-estan-muertos\/#webpage"},"articleSection":"Internacional, Alemania, conflictos","dateline":"Publicado el diciembre 9, 2023."},{"@type":"Organization","@id":"https:\/\/candas365.es\/noticias\/#organization","name":"Cand\u00e1s 365","description":"Cand\u00e1s 365 es un diario digital independiente, fundado en 2012, con base en Asturias. Informamos con rigor sobre actualidad, sociedad, cultura y ocio, con una mirada local y global.","url":"https:\/\/candas365.es\/noticias\/","email":"info@candas365.es","telephone":"+34652131393","foundingDate":"2012-06-10","logo":{"@type":"ImageObject","url":"https:\/\/candas365.es\/noticias\/wp-content\/uploads\/2024\/09\/Candas-365-Redes.jpg","@id":"https:\/\/candas365.es\/noticias\/berlin-asume-que-los-miembros-de-la-familia-alemana-de-gaza-estan-muertos\/#organizationLogo","width":1152,"height":864,"caption":"Cand\u00e1s 365 Redes"},"image":{"@id":"https:\/\/candas365.es\/noticias\/berlin-asume-que-los-miembros-de-la-familia-alemana-de-gaza-estan-muertos\/#organizationLogo"},"sameAs":["https:\/\/www.facebook.com\/Nachofdezber","https:\/\/x.com\/NabercoDigital","https:\/\/www.instagram.com\/nachofdezber\/","https:\/\/www.youtube.com\/channel\/UCZP-2wLEB9Rv6erhFmqVnvg"],"address":{"@id":"https:\/\/candas365.es\/noticias\/#postaladdress","@type":"PostalAddress","streetAddress":"san antonio 4, san antonio 4","postalCode":"33430","addressLocality":"Cand\u00e1s","addressRegion":"Asturias","addressCountry":"ES"}},{"@type":"Person","@id":"https:\/\/candas365.es\/noticias\/author\/admin\/#author","url":"https:\/\/candas365.es\/noticias\/author\/admin\/","name":"Cand\u00e1s 365","image":{"@type":"ImageObject","@id":"https:\/\/candas365.es\/noticias\/berlin-asume-que-los-miembros-de-la-familia-alemana-de-gaza-estan-muertos\/#authorImage","url":"https:\/\/secure.gravatar.com\/avatar\/496a8e03d0c493ede1718b7934145dbdf8d89be1036b0eec9544e1094c9de390?s=96&d=mm&r=g","width":96,"height":96,"caption":"Cand\u00e1s 365"},"sameAs":["https:\/\/www.facebook.com\/carrenoactualidad","https:\/\/twitter.com\/nbasturias","https:\/\/www.instagram.com\/nachofdezber\/","https:\/\/www.youtube.com\/channel\/UCZP-2wLEB9Rv6erhFmqVnvg"]},{"@type":"WebPage","@id":"https:\/\/candas365.es\/noticias\/berlin-asume-que-los-miembros-de-la-familia-alemana-de-gaza-estan-muertos\/#webpage","url":"https:\/\/candas365.es\/noticias\/berlin-asume-que-los-miembros-de-la-familia-alemana-de-gaza-estan-muertos\/","name":"Berl\u00edn asume que \u00b4los miembros de la familia alemana de Gaza est\u00e1n muertos | Cand\u00e1s 365","description":"Berl\u00edn, 9 dic (dpa) - El Gobierno de Berl\u00edn confirm\u00f3 hoy que lo m\u00e1s probable es que una familia con nacionalidad alemana que viv\u00eda en Gaza muriese","inLanguage":"es-ES","isPartOf":{"@id":"https:\/\/candas365.es\/noticias\/#website"},"breadcrumb":{"@id":"https:\/\/candas365.es\/noticias\/berlin-asume-que-los-miembros-de-la-familia-alemana-de-gaza-estan-muertos\/#breadcrumblist"},"author":{"@id":"https:\/\/candas365.es\/noticias\/author\/admin\/#author"},"creator":{"@id":"https:\/\/candas365.es\/noticias\/author\/admin\/#author"},"image":{"@type":"ImageObject","url":"https:\/\/candas365.es\/noticias\/wp-content\/uploads\/2023\/12\/noticias.jpg","@id":"https:\/\/candas365.es\/noticias\/berlin-asume-que-los-miembros-de-la-familia-alemana-de-gaza-estan-muertos\/#mainImage","width":640,"height":480,"caption":"noticias"},"primaryImageOfPage":{"@id":"https:\/\/candas365.es\/noticias\/berlin-asume-que-los-miembros-de-la-familia-alemana-de-gaza-estan-muertos\/#mainImage"},"datePublished":"2023-12-09T19:03:02+01:00","dateModified":"2023-12-09T19:03:02+01:00"},{"@type":"WebSite","@id":"https:\/\/candas365.es\/noticias\/#website","url":"https:\/\/candas365.es\/noticias\/","name":"Cand\u00e1s 365","alternateName":"Cand\u00e1s 365 Noticias","description":"Actualidad desde Carre\u00f1o para el mundo","inLanguage":"es-ES","publisher":{"@id":"https:\/\/candas365.es\/noticias\/#organization"}}]},"og:locale":"es_ES","og:site_name":"Cand\u00e1s 365","og:type":"article","og:title":"Berl\u00edn asume que \u00b4los miembros de la familia alemana de Gaza est\u00e1n muertos | Cand\u00e1s 365","og:description":"Berl\u00edn, 9 dic (dpa) - El Gobierno de Berl\u00edn confirm\u00f3 hoy que lo m\u00e1s probable es que una familia con nacionalidad alemana que viv\u00eda en Gaza muriese","og:url":"https:\/\/candas365.es\/noticias\/berlin-asume-que-los-miembros-de-la-familia-alemana-de-gaza-estan-muertos\/","og:image":"https:\/\/candas365.es\/noticias\/wp-content\/uploads\/2023\/12\/noticias.jpg","og:image:secure_url":"https:\/\/candas365.es\/noticias\/wp-content\/uploads\/2023\/12\/noticias.jpg","og:image:width":640,"og:image:height":480,"article:published_time":"2023-12-09T18:03:02+00:00","article:modified_time":"2023-12-09T18:03:02+00:00","article:publisher":"https:\/\/www.facebook.com\/Nachofdezber","article:author":"https:\/\/www.facebook.com\/carrenoactualidad","twitter:card":"summary_large_image","twitter:site":"@NabercoDigital","twitter:title":"Berl\u00edn asume que \u00b4los miembros de la familia alemana de Gaza est\u00e1n muertos | Cand\u00e1s 365","twitter:description":"Berl\u00edn, 9 dic (dpa) - El Gobierno de Berl\u00edn confirm\u00f3 hoy que lo m\u00e1s probable es que una familia con nacionalidad alemana que viv\u00eda en Gaza muriese","twitter:creator":"@nbasturias","twitter:image":"https:\/\/candas365.es\/noticias\/wp-content\/uploads\/2023\/12\/noticias.jpg","twitter:label1":"Escrito por","twitter:data1":"Cand\u00e1s 365","twitter:label2":"Tiempo de lectura estimado","twitter:data2":"1 minuto"},"aioseo_meta_data":{"post_id":"177024","title":null,"description":"Berl\u00edn, 9 dic (dpa) - El Gobierno de Berl\u00edn confirm\u00f3 hoy que lo m\u00e1s probable es que una familia con nacionalidad alemana que viv\u00eda en Gaza muriese","keywords":[],"keyphrases":{"focus":{"keyphrase":"Berl\u00edn","score":83,"analysis":{"keyphraseInTitle":{"score":9,"maxScore":9,"error":0},"keyphraseInDescription":{"score":9,"maxScore":9,"error":0},"keyphraseLength":{"score":9,"maxScore":9,"error":0,"length":2},"keyphraseInURL":{"score":1,"maxScore":5,"error":1},"keyphraseInIntroduction":{"score":9,"maxScore":9,"error":0},"keyphraseInSubHeadings":[],"keyphraseInImageAlt":{"score":3,"maxScore":9,"error":1},"keywordDensity":{"type":"best","score":9,"maxScore":9,"error":0}}},"additional":[{"keyphrase":"Gaza","score":67,"analysis":{"keyphraseInDescription":{"score":9,"maxScore":9,"error":0},"keyphraseLength":{"score":9,"maxScore":9,"error":0,"length":1},"keyphraseInIntroduction":{"score":9,"maxScore":9,"error":0},"keyphraseInImageAlt":{"score":3,"maxScore":9,"error":1},"keywordDensity":{"type":"high","score":0,"maxScore":9,"error":1}}}]},"primary_term":null,"canonical_url":null,"og_title":null,"og_description":null,"og_object_type":"default","og_image_type":"default","og_image_url":null,"og_image_width":null,"og_image_height":null,"og_image_custom_url":null,"og_image_custom_fields":null,"og_video":"","og_custom_url":null,"og_article_section":null,"og_article_tags":[],"twitter_use_og":false,"twitter_card":"default","twitter_image_type":"default","twitter_image_url":null,"twitter_image_custom_url":null,"twitter_image_custom_fields":null,"twitter_title":null,"twitter_description":null,"schema":{"blockGraphs":[],"customGraphs":[],"default":{"data":{"Article":[],"Course":[],"Dataset":[],"FAQPage":[],"Movie":[],"Person":[],"Product":[],"ProductReview":[],"Car":[],"Recipe":[],"Service":[],"SoftwareApplication":[],"WebPage":[]},"graphName":"Article","isEnabled":true},"graphs":[]},"schema_type":"default","schema_type_options":null,"pillar_content":false,"robots_default":true,"robots_noindex":false,"robots_noarchive":false,"robots_nosnippet":false,"robots_nofollow":false,"robots_noimageindex":false,"robots_noodp":false,"robots_notranslate":false,"robots_max_snippet":"-1","robots_max_videopreview":"-1","robots_max_imagepreview":"large","priority":null,"frequency":"default","location":null,"local_seo":null,"seo_analyzer_scan_date":"2025-09-02 01:27:06","breadcrumb_settings":null,"limit_modified_date":false,"reviewed_by":null,"open_ai":"{\"title\":{\"suggestions\":[],\"usage\":0},\"description\":{\"suggestions\":[],\"usage\":0}}","ai":null,"created":"2023-12-09 17:59:48","updated":"2025-09-02 01:27:06"},"aioseo_breadcrumb":"<div class=\"aioseo-breadcrumbs\"><span class=\"aioseo-breadcrumb\">\n\t<a href=\"https:\/\/candas365.es\/noticias\" title=\"Home\">Home<\/a>\n<\/span><span class=\"aioseo-breadcrumb-separator\">&ndash;<\/span><span class=\"aioseo-breadcrumb\">\n\t<a href=\"https:\/\/candas365.es\/noticias\/category\/internacional\/\" title=\"Internacional\">Internacional<\/a>\n<\/span><span class=\"aioseo-breadcrumb-separator\">&ndash;<\/span><span class=\"aioseo-breadcrumb\">\n\tBerl\u00edn asume que \u00b4los miembros de la familia alemana de Gaza est\u00e1n muertos\n<\/span><\/div>","aioseo_breadcrumb_json":[{"label":"Home","link":"https:\/\/candas365.es\/noticias"},{"label":"Internacional","link":"https:\/\/candas365.es\/noticias\/category\/internacional\/"},{"label":"Berl\u00edn asume que \u00b4los miembros de la familia alemana de Gaza est\u00e1n muertos","link":"https:\/\/candas365.es\/noticias\/berlin-asume-que-los-miembros-de-la-familia-alemana-de-gaza-estan-muertos\/"}],"_links":{"self":[{"href":"https:\/\/candas365.es\/noticias\/wp-json\/wp\/v2\/posts\/177024","targetHints":{"allow":["GET"]}}],"collection":[{"href":"https:\/\/candas365.es\/noticias\/wp-json\/wp\/v2\/posts"}],"about":[{"href":"https:\/\/candas365.es\/noticias\/wp-json\/wp\/v2\/types\/post"}],"author":[{"embeddable":true,"href":"https:\/\/candas365.es\/noticias\/wp-json\/wp\/v2\/users\/1"}],"replies":[{"embeddable":true,"href":"https:\/\/candas365.es\/noticias\/wp-json\/wp\/v2\/comments?post=177024"}],"version-history":[{"count":0,"href":"https:\/\/candas365.es\/noticias\/wp-json\/wp\/v2\/posts\/177024\/revisions"}],"wp:featuredmedia":[{"embeddable":true,"href":"https:\/\/candas365.es\/noticias\/wp-json\/wp\/v2\/media\/176718"}],"wp:attachment":[{"href":"https:\/\/candas365.es\/noticias\/wp-json\/wp\/v2\/media?parent=177024"}],"wp:term":[{"taxonomy":"category","embeddable":true,"href":"https:\/\/candas365.es\/noticias\/wp-json\/wp\/v2\/categories?post=177024"},{"taxonomy":"post_tag","embeddable":true,"href":"https:\/\/candas365.es\/noticias\/wp-json\/wp\/v2\/tags?post=177024"}],"curies":[{"name":"wp","href":"https:\/\/api.w.org\/{rel}","templated":true}]}}