{"id":176933,"date":"2023-12-06T11:24:47","date_gmt":"2023-12-06T10:24:47","guid":{"rendered":"https:\/\/candas365.es\/noticias\/?p=176933"},"modified":"2023-12-06T11:24:47","modified_gmt":"2023-12-06T10:24:47","slug":"un-vecino-de-carreno-investigado-como-supuesto-autor-de-delitos-de-homicidio-y-lesiones-por-imprudencia","status":"publish","type":"post","link":"https:\/\/candas365.es\/noticias\/un-vecino-de-carreno-investigado-como-supuesto-autor-de-delitos-de-homicidio-y-lesiones-por-imprudencia\/","title":{"rendered":"Un vecino de Carre\u00f1o investigado como supuesto autor de delitos de homicidio y lesiones por imprudencia"},"content":{"rendered":"<p>Un vecino de <a href=\"https:\/\/candas365.es\/noticias\/category\/noticias-carreno\/\"><span style=\"color: #ff6600;\"><strong>Carre\u00f1o<\/strong><\/span><\/a> est\u00e1 siendo investigado por la Guardia Civil como supuesto autor de <span style=\"color: #ff6600;\"><a style=\"color: #ff6600;\" href=\"https:\/\/www.eldigitaldeasturias.com\/noticias\/category\/sucesos\/\" target=\"_blank\" rel=\"noopener\"><strong>delitos<\/strong><\/a><\/span> de homicidio y lesiones por imprudencia.<\/p>\n<figure id=\"attachment_176934\" aria-describedby=\"caption-attachment-176934\" style=\"width: 650px\" class=\"wp-caption aligncenter\"><img fetchpriority=\"high\" decoding=\"async\" class=\"wp-image-176934 size-large\" src=\"https:\/\/candas365.es\/noticias\/wp-content\/uploads\/2023\/12\/Vecino-de-Carreno-investigado-por-Guardia-Civil-650x289.jpg\" alt=\"Vecino de Carre\u00f1o investigado por Guardia Civil\" width=\"650\" height=\"289\" srcset=\"https:\/\/candas365.es\/noticias\/wp-content\/uploads\/2023\/12\/Vecino-de-Carreno-investigado-por-Guardia-Civil-650x289.jpg 650w, https:\/\/candas365.es\/noticias\/wp-content\/uploads\/2023\/12\/Vecino-de-Carreno-investigado-por-Guardia-Civil-360x160.jpg 360w, https:\/\/candas365.es\/noticias\/wp-content\/uploads\/2023\/12\/Vecino-de-Carreno-investigado-por-Guardia-Civil-768x341.jpg 768w, https:\/\/candas365.es\/noticias\/wp-content\/uploads\/2023\/12\/Vecino-de-Carreno-investigado-por-Guardia-Civil-150x67.jpg 150w, https:\/\/candas365.es\/noticias\/wp-content\/uploads\/2023\/12\/Vecino-de-Carreno-investigado-por-Guardia-Civil-450x200.jpg 450w, https:\/\/candas365.es\/noticias\/wp-content\/uploads\/2023\/12\/Vecino-de-Carreno-investigado-por-Guardia-Civil.jpg 1091w\" sizes=\"(max-width: 650px) 100vw, 650px\" \/><figcaption id=\"caption-attachment-176934\" class=\"wp-caption-text\">FOTO CEDIDA POR PRENSA Guardia Civil<\/figcaption><\/figure>\n<p>Efectivos de <strong>Sector de Tr\u00e1fico de la Guardia Civil de Asturias<\/strong>, han procedido a la toma de manifestaci\u00f3n en calidad de investigado de una persona como supuesto autor de un delito de homicidio y otro de lesiones por imprudencia.<\/p>\n<p>En la tarde del pasado 18 de noviembre, concretamente a las 17.00 horas, se produc\u00eda un accidente de tr\u00e1fico, a la altura del kil\u00f3metro 6 de la carretera AS-376 que comunica Gij\u00f3n con Langreo, t\u00e9rmino municipal de Gij\u00f3n, <strong>a ra\u00edz del cual result\u00f3 una persona fallecida, una herida grave, dos ilesas y da\u00f1os en la motocicleta.<\/strong><\/p>\n<p>Seg\u00fan se pudo determinar a ra\u00edz de las investigaciones llevadas a cabo por el Sector de Tr\u00e1fico de la Guardia Civil de Asturias, el conductor del turismo que se incorporaba a la v\u00eda preferente, no respet\u00f3 la prioridad de paso regulada por una se\u00f1al de stop, invadiendo la calzada en el momento que circulaba por la misma una motocicleta, la cual para evitar la colisi\u00f3n, realiz\u00f3 una maniobra evasiva, volcando en la calzada y resultando fallecida la acompa\u00f1ante de la motocicleta, una mujer de 53 a\u00f1os y herido grave su conductor, de 48 a\u00f1os.<\/p>\n<p>Las primeras actuaciones realizadas en el escenario de los hechos dieron lugar a la confecci\u00f3n de un atestado que fue remitido al Juzgado de Instrucci\u00f3n n\u00famero 1 de Guardia de Gij\u00f3n, a donde ser\u00e1 remitido el Informe T\u00e9cnico complementario confeccionado por la Guardia Civil.<\/p>\n<blockquote><p>El investigado, es un vecino de Carre\u00f1o, de 44 a\u00f1os.<\/p><\/blockquote>\n<p><strong>Las acciones imprudentes al volante como estas se encuentran tipificadas en el C\u00f3digo Penal con penas de hasta cuatro a\u00f1os de prisi\u00f3n<\/strong> y privaci\u00f3n del derecho a conducir veh\u00edculos a motor y ciclomotores hasta dieciocho meses.<\/p>\n","protected":false},"excerpt":{"rendered":"<p>Un vecino de Carre\u00f1o est\u00e1 siendo investigado por la Guardia Civil como supuesto autor de delitos de homicidio y lesiones por imprudencia. Efectivos de Sector de Tr\u00e1fico de la Guardia Civil de Asturias, han procedido a la toma de manifestaci\u00f3n en calidad de investigado de una persona como supuesto autor de un delito de homicidio<\/p>\n","protected":false},"author":1,"featured_media":176934,"comment_status":"closed","ping_status":"closed","sticky":false,"template":"","format":"standard","meta":{"footnotes":""},"categories":[2,487],"tags":[365,391],"class_list":{"0":"post-176933","1":"post","2":"type-post","3":"status-publish","4":"format-standard","5":"has-post-thumbnail","7":"category-noticias-carreno","8":"category-sucesos","9":"tag-carreno","10":"tag-sucesos"},"aioseo_notices":[],"aioseo_head":"\n\t\t<!-- All in One SEO Pro 4.9.6.2 - aioseo.com -->\n\t<meta name=\"description\" content=\"Un vecino de Carre\u00f1o est\u00e1 siendo investigado por la Guardia Civil como supuesto autor de delitos de homicidio y lesiones por imprudencia.\" \/>\n\t<meta name=\"robots\" content=\"max-image-preview:large\" \/>\n\t<meta name=\"author\" content=\"Cand\u00e1s 365\"\/>\n\t<meta name=\"google-site-verification\" content=\"UA-32230408-1\" \/>\n\t<meta name=\"msvalidate.01\" content=\"354F3CDFB2DA171B47FBE9ABF1F88D5\" \/>\n\t<meta name=\"keywords\" content=\"noticias carre\u00f1o,sucesos\" \/>\n\t<link rel=\"canonical\" href=\"https:\/\/candas365.es\/noticias\/un-vecino-de-carreno-investigado-como-supuesto-autor-de-delitos-de-homicidio-y-lesiones-por-imprudencia\/\" \/>\n\t<meta name=\"generator\" content=\"All in One SEO Pro (AIOSEO) 4.9.6.2\" \/>\n\t\t<meta property=\"og:locale\" content=\"es_ES\" \/>\n\t\t<meta property=\"og:site_name\" content=\"Cand\u00e1s 365\" \/>\n\t\t<meta property=\"og:type\" content=\"article\" \/>\n\t\t<meta property=\"og:title\" content=\"Un vecino de Carre\u00f1o investigado como supuesto autor de delitos de homicidio y lesiones por imprudencia | Cand\u00e1s 365\" \/>\n\t\t<meta property=\"og:description\" content=\"Un vecino de Carre\u00f1o est\u00e1 siendo investigado por la Guardia Civil como supuesto autor de delitos de homicidio y lesiones por imprudencia.\" \/>\n\t\t<meta property=\"og:url\" content=\"https:\/\/candas365.es\/noticias\/un-vecino-de-carreno-investigado-como-supuesto-autor-de-delitos-de-homicidio-y-lesiones-por-imprudencia\/\" \/>\n\t\t<meta property=\"og:image\" content=\"https:\/\/candas365.es\/noticias\/wp-content\/uploads\/2023\/12\/Vecino-de-Carreno-investigado-por-Guardia-Civil.jpg\" \/>\n\t\t<meta property=\"og:image:secure_url\" content=\"https:\/\/candas365.es\/noticias\/wp-content\/uploads\/2023\/12\/Vecino-de-Carreno-investigado-por-Guardia-Civil.jpg\" \/>\n\t\t<meta property=\"og:image:width\" content=\"1091\" \/>\n\t\t<meta property=\"og:image:height\" content=\"485\" \/>\n\t\t<meta property=\"article:published_time\" content=\"2023-12-06T10:24:47+00:00\" \/>\n\t\t<meta property=\"article:modified_time\" content=\"2023-12-06T10:24:47+00:00\" \/>\n\t\t<meta property=\"article:publisher\" content=\"https:\/\/www.facebook.com\/Nachofdezber\" \/>\n\t\t<meta property=\"article:author\" content=\"https:\/\/www.facebook.com\/carrenoactualidad\" \/>\n\t\t<meta name=\"twitter:card\" content=\"summary_large_image\" \/>\n\t\t<meta name=\"twitter:site\" content=\"@NabercoDigital\" \/>\n\t\t<meta name=\"twitter:title\" content=\"Un vecino de Carre\u00f1o investigado como supuesto autor de delitos de homicidio y lesiones por imprudencia | Cand\u00e1s 365\" \/>\n\t\t<meta name=\"twitter:description\" content=\"Un vecino de Carre\u00f1o est\u00e1 siendo investigado por la Guardia Civil como supuesto autor de delitos de homicidio y lesiones por imprudencia.\" \/>\n\t\t<meta name=\"twitter:creator\" content=\"@nbasturias\" \/>\n\t\t<meta name=\"twitter:image\" content=\"https:\/\/candas365.es\/noticias\/wp-content\/uploads\/2023\/12\/Vecino-de-Carreno-investigado-por-Guardia-Civil.jpg\" \/>\n\t\t<meta name=\"twitter:label1\" content=\"Escrito por\" \/>\n\t\t<meta name=\"twitter:data1\" content=\"Cand\u00e1s 365\" \/>\n\t\t<meta name=\"twitter:label2\" content=\"Tiempo de lectura estimado\" \/>\n\t\t<meta name=\"twitter:data2\" content=\"2 minutos\" \/>\n\t\t<script type=\"application\/ld+json\" class=\"aioseo-schema\">\n\t\t\t{\"@context\":\"https:\\\/\\\/schema.org\",\"@graph\":[{\"@type\":\"BreadcrumbList\",\"@id\":\"https:\\\/\\\/candas365.es\\\/noticias\\\/un-vecino-de-carreno-investigado-como-supuesto-autor-de-delitos-de-homicidio-y-lesiones-por-imprudencia\\\/#breadcrumblist\",\"itemListElement\":[{\"@type\":\"ListItem\",\"@id\":\"https:\\\/\\\/candas365.es\\\/noticias#listItem\",\"position\":1,\"name\":\"Home\",\"item\":\"https:\\\/\\\/candas365.es\\\/noticias\",\"nextItem\":{\"@type\":\"ListItem\",\"@id\":\"https:\\\/\\\/candas365.es\\\/noticias\\\/category\\\/noticias-carreno\\\/#listItem\",\"name\":\"Noticias Carre\\u00f1o\"}},{\"@type\":\"ListItem\",\"@id\":\"https:\\\/\\\/candas365.es\\\/noticias\\\/category\\\/noticias-carreno\\\/#listItem\",\"position\":2,\"name\":\"Noticias Carre\\u00f1o\",\"item\":\"https:\\\/\\\/candas365.es\\\/noticias\\\/category\\\/noticias-carreno\\\/\",\"nextItem\":{\"@type\":\"ListItem\",\"@id\":\"https:\\\/\\\/candas365.es\\\/noticias\\\/un-vecino-de-carreno-investigado-como-supuesto-autor-de-delitos-de-homicidio-y-lesiones-por-imprudencia\\\/#listItem\",\"name\":\"Un vecino de Carre\\u00f1o investigado como supuesto autor de delitos de homicidio y lesiones por imprudencia\"},\"previousItem\":{\"@type\":\"ListItem\",\"@id\":\"https:\\\/\\\/candas365.es\\\/noticias#listItem\",\"name\":\"Home\"}},{\"@type\":\"ListItem\",\"@id\":\"https:\\\/\\\/candas365.es\\\/noticias\\\/un-vecino-de-carreno-investigado-como-supuesto-autor-de-delitos-de-homicidio-y-lesiones-por-imprudencia\\\/#listItem\",\"position\":3,\"name\":\"Un vecino de Carre\\u00f1o investigado como supuesto autor de delitos de homicidio y lesiones por imprudencia\",\"previousItem\":{\"@type\":\"ListItem\",\"@id\":\"https:\\\/\\\/candas365.es\\\/noticias\\\/category\\\/noticias-carreno\\\/#listItem\",\"name\":\"Noticias Carre\\u00f1o\"}}]},{\"@type\":\"NewsArticle\",\"@id\":\"https:\\\/\\\/candas365.es\\\/noticias\\\/un-vecino-de-carreno-investigado-como-supuesto-autor-de-delitos-de-homicidio-y-lesiones-por-imprudencia\\\/#newsarticle\",\"name\":\"Un vecino de Carre\\u00f1o investigado como supuesto autor de delitos de homicidio y lesiones por imprudencia | Cand\\u00e1s 365\",\"headline\":\"Un vecino de Carre\\u00f1o investigado como supuesto autor de delitos de homicidio y lesiones por imprudencia\",\"author\":{\"@id\":\"https:\\\/\\\/candas365.es\\\/noticias\\\/author\\\/admin\\\/#author\"},\"publisher\":{\"@id\":\"https:\\\/\\\/candas365.es\\\/noticias\\\/#organization\"},\"image\":{\"@type\":\"ImageObject\",\"url\":\"https:\\\/\\\/candas365.es\\\/noticias\\\/wp-content\\\/uploads\\\/2023\\\/12\\\/Vecino-de-Carreno-investigado-por-Guardia-Civil.jpg\",\"width\":1091,\"height\":485,\"caption\":\"FOTO CEDIDA POR PRENSA Guardia Civil\"},\"datePublished\":\"2023-12-06T11:24:47+01:00\",\"dateModified\":\"2023-12-06T11:24:47+01:00\",\"inLanguage\":\"es-ES\",\"mainEntityOfPage\":{\"@id\":\"https:\\\/\\\/candas365.es\\\/noticias\\\/un-vecino-de-carreno-investigado-como-supuesto-autor-de-delitos-de-homicidio-y-lesiones-por-imprudencia\\\/#webpage\"},\"isPartOf\":{\"@id\":\"https:\\\/\\\/candas365.es\\\/noticias\\\/un-vecino-de-carreno-investigado-como-supuesto-autor-de-delitos-de-homicidio-y-lesiones-por-imprudencia\\\/#webpage\"},\"articleSection\":\"Noticias Carre\\u00f1o, Sucesos, Carre\\u00f1o, sucesos\",\"dateline\":\"Publicado el diciembre 6, 2023.\"},{\"@type\":\"Organization\",\"@id\":\"https:\\\/\\\/candas365.es\\\/noticias\\\/#organization\",\"name\":\"Cand\\u00e1s 365\",\"description\":\"Cand\\u00e1s 365 es un diario digital independiente, fundado en 2012, con base en Asturias. Informamos con rigor sobre actualidad, sociedad, cultura y ocio, con una mirada local y global.\",\"url\":\"https:\\\/\\\/candas365.es\\\/noticias\\\/\",\"email\":\"info@candas365.es\",\"telephone\":\"+34652131393\",\"foundingDate\":\"2012-06-10\",\"logo\":{\"@type\":\"ImageObject\",\"url\":\"https:\\\/\\\/candas365.es\\\/noticias\\\/wp-content\\\/uploads\\\/2024\\\/09\\\/Candas-365-Redes.jpg\",\"@id\":\"https:\\\/\\\/candas365.es\\\/noticias\\\/un-vecino-de-carreno-investigado-como-supuesto-autor-de-delitos-de-homicidio-y-lesiones-por-imprudencia\\\/#organizationLogo\",\"width\":1152,\"height\":864,\"caption\":\"Cand\\u00e1s 365 Redes\"},\"image\":{\"@id\":\"https:\\\/\\\/candas365.es\\\/noticias\\\/un-vecino-de-carreno-investigado-como-supuesto-autor-de-delitos-de-homicidio-y-lesiones-por-imprudencia\\\/#organizationLogo\"},\"sameAs\":[\"https:\\\/\\\/www.facebook.com\\\/Nachofdezber\",\"https:\\\/\\\/x.com\\\/NabercoDigital\",\"https:\\\/\\\/www.instagram.com\\\/nachofdezber\\\/\",\"https:\\\/\\\/www.youtube.com\\\/channel\\\/UCZP-2wLEB9Rv6erhFmqVnvg\"],\"address\":{\"@id\":\"https:\\\/\\\/candas365.es\\\/noticias\\\/#postaladdress\",\"@type\":\"PostalAddress\",\"streetAddress\":\"san antonio 4, san antonio 4\",\"postalCode\":\"33430\",\"addressLocality\":\"Cand\\u00e1s\",\"addressRegion\":\"Asturias\",\"addressCountry\":\"ES\"}},{\"@type\":\"Person\",\"@id\":\"https:\\\/\\\/candas365.es\\\/noticias\\\/author\\\/admin\\\/#author\",\"url\":\"https:\\\/\\\/candas365.es\\\/noticias\\\/author\\\/admin\\\/\",\"name\":\"Cand\\u00e1s 365\",\"image\":{\"@type\":\"ImageObject\",\"@id\":\"https:\\\/\\\/candas365.es\\\/noticias\\\/un-vecino-de-carreno-investigado-como-supuesto-autor-de-delitos-de-homicidio-y-lesiones-por-imprudencia\\\/#authorImage\",\"url\":\"https:\\\/\\\/secure.gravatar.com\\\/avatar\\\/496a8e03d0c493ede1718b7934145dbdf8d89be1036b0eec9544e1094c9de390?s=96&d=mm&r=g\",\"width\":96,\"height\":96,\"caption\":\"Cand\\u00e1s 365\"},\"sameAs\":[\"https:\\\/\\\/www.facebook.com\\\/carrenoactualidad\",\"https:\\\/\\\/twitter.com\\\/nbasturias\",\"https:\\\/\\\/www.instagram.com\\\/nachofdezber\\\/\",\"https:\\\/\\\/www.youtube.com\\\/channel\\\/UCZP-2wLEB9Rv6erhFmqVnvg\"]},{\"@type\":\"WebPage\",\"@id\":\"https:\\\/\\\/candas365.es\\\/noticias\\\/un-vecino-de-carreno-investigado-como-supuesto-autor-de-delitos-de-homicidio-y-lesiones-por-imprudencia\\\/#webpage\",\"url\":\"https:\\\/\\\/candas365.es\\\/noticias\\\/un-vecino-de-carreno-investigado-como-supuesto-autor-de-delitos-de-homicidio-y-lesiones-por-imprudencia\\\/\",\"name\":\"Un vecino de Carre\\u00f1o investigado como supuesto autor de delitos de homicidio y lesiones por imprudencia | Cand\\u00e1s 365\",\"description\":\"Un vecino de Carre\\u00f1o est\\u00e1 siendo investigado por la Guardia Civil como supuesto autor de delitos de homicidio y lesiones por imprudencia.\",\"inLanguage\":\"es-ES\",\"isPartOf\":{\"@id\":\"https:\\\/\\\/candas365.es\\\/noticias\\\/#website\"},\"breadcrumb\":{\"@id\":\"https:\\\/\\\/candas365.es\\\/noticias\\\/un-vecino-de-carreno-investigado-como-supuesto-autor-de-delitos-de-homicidio-y-lesiones-por-imprudencia\\\/#breadcrumblist\"},\"author\":{\"@id\":\"https:\\\/\\\/candas365.es\\\/noticias\\\/author\\\/admin\\\/#author\"},\"creator\":{\"@id\":\"https:\\\/\\\/candas365.es\\\/noticias\\\/author\\\/admin\\\/#author\"},\"image\":{\"@type\":\"ImageObject\",\"url\":\"https:\\\/\\\/candas365.es\\\/noticias\\\/wp-content\\\/uploads\\\/2023\\\/12\\\/Vecino-de-Carreno-investigado-por-Guardia-Civil.jpg\",\"@id\":\"https:\\\/\\\/candas365.es\\\/noticias\\\/un-vecino-de-carreno-investigado-como-supuesto-autor-de-delitos-de-homicidio-y-lesiones-por-imprudencia\\\/#mainImage\",\"width\":1091,\"height\":485,\"caption\":\"FOTO CEDIDA POR PRENSA Guardia Civil\"},\"primaryImageOfPage\":{\"@id\":\"https:\\\/\\\/candas365.es\\\/noticias\\\/un-vecino-de-carreno-investigado-como-supuesto-autor-de-delitos-de-homicidio-y-lesiones-por-imprudencia\\\/#mainImage\"},\"datePublished\":\"2023-12-06T11:24:47+01:00\",\"dateModified\":\"2023-12-06T11:24:47+01:00\"},{\"@type\":\"WebSite\",\"@id\":\"https:\\\/\\\/candas365.es\\\/noticias\\\/#website\",\"url\":\"https:\\\/\\\/candas365.es\\\/noticias\\\/\",\"name\":\"Cand\\u00e1s 365\",\"alternateName\":\"Cand\\u00e1s 365 Noticias\",\"description\":\"Actualidad desde Carre\\u00f1o para el mundo\",\"inLanguage\":\"es-ES\",\"publisher\":{\"@id\":\"https:\\\/\\\/candas365.es\\\/noticias\\\/#organization\"}}]}\n\t\t<\/script>\n\t\t<!-- All in One SEO Pro -->\r\n\t\t<title>Un vecino de Carre\u00f1o investigado como supuesto autor de delitos de homicidio y lesiones por imprudencia | Cand\u00e1s 365<\/title>\n\n","aioseo_head_json":{"title":"Un vecino de Carre\u00f1o investigado como supuesto autor de delitos de homicidio y lesiones por imprudencia | Cand\u00e1s 365","description":"Un vecino de Carre\u00f1o est\u00e1 siendo investigado por la Guardia Civil como supuesto autor de delitos de homicidio y lesiones por imprudencia.","canonical_url":"https:\/\/candas365.es\/noticias\/un-vecino-de-carreno-investigado-como-supuesto-autor-de-delitos-de-homicidio-y-lesiones-por-imprudencia\/","robots":"max-image-preview:large","keywords":"noticias carre\u00f1o,sucesos","webmasterTools":{"google-site-verification":"UA-32230408-1","msvalidate.01":"354F3CDFB2DA171B47FBE9ABF1F88D5","miscellaneous":""},"schema":{"@context":"https:\/\/schema.org","@graph":[{"@type":"BreadcrumbList","@id":"https:\/\/candas365.es\/noticias\/un-vecino-de-carreno-investigado-como-supuesto-autor-de-delitos-de-homicidio-y-lesiones-por-imprudencia\/#breadcrumblist","itemListElement":[{"@type":"ListItem","@id":"https:\/\/candas365.es\/noticias#listItem","position":1,"name":"Home","item":"https:\/\/candas365.es\/noticias","nextItem":{"@type":"ListItem","@id":"https:\/\/candas365.es\/noticias\/category\/noticias-carreno\/#listItem","name":"Noticias Carre\u00f1o"}},{"@type":"ListItem","@id":"https:\/\/candas365.es\/noticias\/category\/noticias-carreno\/#listItem","position":2,"name":"Noticias Carre\u00f1o","item":"https:\/\/candas365.es\/noticias\/category\/noticias-carreno\/","nextItem":{"@type":"ListItem","@id":"https:\/\/candas365.es\/noticias\/un-vecino-de-carreno-investigado-como-supuesto-autor-de-delitos-de-homicidio-y-lesiones-por-imprudencia\/#listItem","name":"Un vecino de Carre\u00f1o investigado como supuesto autor de delitos de homicidio y lesiones por imprudencia"},"previousItem":{"@type":"ListItem","@id":"https:\/\/candas365.es\/noticias#listItem","name":"Home"}},{"@type":"ListItem","@id":"https:\/\/candas365.es\/noticias\/un-vecino-de-carreno-investigado-como-supuesto-autor-de-delitos-de-homicidio-y-lesiones-por-imprudencia\/#listItem","position":3,"name":"Un vecino de Carre\u00f1o investigado como supuesto autor de delitos de homicidio y lesiones por imprudencia","previousItem":{"@type":"ListItem","@id":"https:\/\/candas365.es\/noticias\/category\/noticias-carreno\/#listItem","name":"Noticias Carre\u00f1o"}}]},{"@type":"NewsArticle","@id":"https:\/\/candas365.es\/noticias\/un-vecino-de-carreno-investigado-como-supuesto-autor-de-delitos-de-homicidio-y-lesiones-por-imprudencia\/#newsarticle","name":"Un vecino de Carre\u00f1o investigado como supuesto autor de delitos de homicidio y lesiones por imprudencia | Cand\u00e1s 365","headline":"Un vecino de Carre\u00f1o investigado como supuesto autor de delitos de homicidio y lesiones por imprudencia","author":{"@id":"https:\/\/candas365.es\/noticias\/author\/admin\/#author"},"publisher":{"@id":"https:\/\/candas365.es\/noticias\/#organization"},"image":{"@type":"ImageObject","url":"https:\/\/candas365.es\/noticias\/wp-content\/uploads\/2023\/12\/Vecino-de-Carreno-investigado-por-Guardia-Civil.jpg","width":1091,"height":485,"caption":"FOTO CEDIDA POR PRENSA Guardia Civil"},"datePublished":"2023-12-06T11:24:47+01:00","dateModified":"2023-12-06T11:24:47+01:00","inLanguage":"es-ES","mainEntityOfPage":{"@id":"https:\/\/candas365.es\/noticias\/un-vecino-de-carreno-investigado-como-supuesto-autor-de-delitos-de-homicidio-y-lesiones-por-imprudencia\/#webpage"},"isPartOf":{"@id":"https:\/\/candas365.es\/noticias\/un-vecino-de-carreno-investigado-como-supuesto-autor-de-delitos-de-homicidio-y-lesiones-por-imprudencia\/#webpage"},"articleSection":"Noticias Carre\u00f1o, Sucesos, Carre\u00f1o, sucesos","dateline":"Publicado el diciembre 6, 2023."},{"@type":"Organization","@id":"https:\/\/candas365.es\/noticias\/#organization","name":"Cand\u00e1s 365","description":"Cand\u00e1s 365 es un diario digital independiente, fundado en 2012, con base en Asturias. Informamos con rigor sobre actualidad, sociedad, cultura y ocio, con una mirada local y global.","url":"https:\/\/candas365.es\/noticias\/","email":"info@candas365.es","telephone":"+34652131393","foundingDate":"2012-06-10","logo":{"@type":"ImageObject","url":"https:\/\/candas365.es\/noticias\/wp-content\/uploads\/2024\/09\/Candas-365-Redes.jpg","@id":"https:\/\/candas365.es\/noticias\/un-vecino-de-carreno-investigado-como-supuesto-autor-de-delitos-de-homicidio-y-lesiones-por-imprudencia\/#organizationLogo","width":1152,"height":864,"caption":"Cand\u00e1s 365 Redes"},"image":{"@id":"https:\/\/candas365.es\/noticias\/un-vecino-de-carreno-investigado-como-supuesto-autor-de-delitos-de-homicidio-y-lesiones-por-imprudencia\/#organizationLogo"},"sameAs":["https:\/\/www.facebook.com\/Nachofdezber","https:\/\/x.com\/NabercoDigital","https:\/\/www.instagram.com\/nachofdezber\/","https:\/\/www.youtube.com\/channel\/UCZP-2wLEB9Rv6erhFmqVnvg"],"address":{"@id":"https:\/\/candas365.es\/noticias\/#postaladdress","@type":"PostalAddress","streetAddress":"san antonio 4, san antonio 4","postalCode":"33430","addressLocality":"Cand\u00e1s","addressRegion":"Asturias","addressCountry":"ES"}},{"@type":"Person","@id":"https:\/\/candas365.es\/noticias\/author\/admin\/#author","url":"https:\/\/candas365.es\/noticias\/author\/admin\/","name":"Cand\u00e1s 365","image":{"@type":"ImageObject","@id":"https:\/\/candas365.es\/noticias\/un-vecino-de-carreno-investigado-como-supuesto-autor-de-delitos-de-homicidio-y-lesiones-por-imprudencia\/#authorImage","url":"https:\/\/secure.gravatar.com\/avatar\/496a8e03d0c493ede1718b7934145dbdf8d89be1036b0eec9544e1094c9de390?s=96&d=mm&r=g","width":96,"height":96,"caption":"Cand\u00e1s 365"},"sameAs":["https:\/\/www.facebook.com\/carrenoactualidad","https:\/\/twitter.com\/nbasturias","https:\/\/www.instagram.com\/nachofdezber\/","https:\/\/www.youtube.com\/channel\/UCZP-2wLEB9Rv6erhFmqVnvg"]},{"@type":"WebPage","@id":"https:\/\/candas365.es\/noticias\/un-vecino-de-carreno-investigado-como-supuesto-autor-de-delitos-de-homicidio-y-lesiones-por-imprudencia\/#webpage","url":"https:\/\/candas365.es\/noticias\/un-vecino-de-carreno-investigado-como-supuesto-autor-de-delitos-de-homicidio-y-lesiones-por-imprudencia\/","name":"Un vecino de Carre\u00f1o investigado como supuesto autor de delitos de homicidio y lesiones por imprudencia | Cand\u00e1s 365","description":"Un vecino de Carre\u00f1o est\u00e1 siendo investigado por la Guardia Civil como supuesto autor de delitos de homicidio y lesiones por imprudencia.","inLanguage":"es-ES","isPartOf":{"@id":"https:\/\/candas365.es\/noticias\/#website"},"breadcrumb":{"@id":"https:\/\/candas365.es\/noticias\/un-vecino-de-carreno-investigado-como-supuesto-autor-de-delitos-de-homicidio-y-lesiones-por-imprudencia\/#breadcrumblist"},"author":{"@id":"https:\/\/candas365.es\/noticias\/author\/admin\/#author"},"creator":{"@id":"https:\/\/candas365.es\/noticias\/author\/admin\/#author"},"image":{"@type":"ImageObject","url":"https:\/\/candas365.es\/noticias\/wp-content\/uploads\/2023\/12\/Vecino-de-Carreno-investigado-por-Guardia-Civil.jpg","@id":"https:\/\/candas365.es\/noticias\/un-vecino-de-carreno-investigado-como-supuesto-autor-de-delitos-de-homicidio-y-lesiones-por-imprudencia\/#mainImage","width":1091,"height":485,"caption":"FOTO CEDIDA POR PRENSA Guardia Civil"},"primaryImageOfPage":{"@id":"https:\/\/candas365.es\/noticias\/un-vecino-de-carreno-investigado-como-supuesto-autor-de-delitos-de-homicidio-y-lesiones-por-imprudencia\/#mainImage"},"datePublished":"2023-12-06T11:24:47+01:00","dateModified":"2023-12-06T11:24:47+01:00"},{"@type":"WebSite","@id":"https:\/\/candas365.es\/noticias\/#website","url":"https:\/\/candas365.es\/noticias\/","name":"Cand\u00e1s 365","alternateName":"Cand\u00e1s 365 Noticias","description":"Actualidad desde Carre\u00f1o para el mundo","inLanguage":"es-ES","publisher":{"@id":"https:\/\/candas365.es\/noticias\/#organization"}}]},"og:locale":"es_ES","og:site_name":"Cand\u00e1s 365","og:type":"article","og:title":"Un vecino de Carre\u00f1o investigado como supuesto autor de delitos de homicidio y lesiones por imprudencia | Cand\u00e1s 365","og:description":"Un vecino de Carre\u00f1o est\u00e1 siendo investigado por la Guardia Civil como supuesto autor de delitos de homicidio y lesiones por imprudencia.","og:url":"https:\/\/candas365.es\/noticias\/un-vecino-de-carreno-investigado-como-supuesto-autor-de-delitos-de-homicidio-y-lesiones-por-imprudencia\/","og:image":"https:\/\/candas365.es\/noticias\/wp-content\/uploads\/2023\/12\/Vecino-de-Carreno-investigado-por-Guardia-Civil.jpg","og:image:secure_url":"https:\/\/candas365.es\/noticias\/wp-content\/uploads\/2023\/12\/Vecino-de-Carreno-investigado-por-Guardia-Civil.jpg","og:image:width":1091,"og:image:height":485,"article:published_time":"2023-12-06T10:24:47+00:00","article:modified_time":"2023-12-06T10:24:47+00:00","article:publisher":"https:\/\/www.facebook.com\/Nachofdezber","article:author":"https:\/\/www.facebook.com\/carrenoactualidad","twitter:card":"summary_large_image","twitter:site":"@NabercoDigital","twitter:title":"Un vecino de Carre\u00f1o investigado como supuesto autor de delitos de homicidio y lesiones por imprudencia | Cand\u00e1s 365","twitter:description":"Un vecino de Carre\u00f1o est\u00e1 siendo investigado por la Guardia Civil como supuesto autor de delitos de homicidio y lesiones por imprudencia.","twitter:creator":"@nbasturias","twitter:image":"https:\/\/candas365.es\/noticias\/wp-content\/uploads\/2023\/12\/Vecino-de-Carreno-investigado-por-Guardia-Civil.jpg","twitter:label1":"Escrito por","twitter:data1":"Cand\u00e1s 365","twitter:label2":"Tiempo de lectura estimado","twitter:data2":"2 minutos"},"aioseo_meta_data":{"post_id":"176933","title":null,"description":"Un vecino de Carre\u00f1o est\u00e1 siendo investigado por la Guardia Civil como supuesto autor de delitos de homicidio y lesiones por imprudencia.","keywords":[],"keyphrases":{"focus":{"keyphrase":"Carre\u00f1o","score":93,"analysis":{"keyphraseInTitle":{"score":9,"maxScore":9,"error":0},"keyphraseInDescription":{"score":9,"maxScore":9,"error":0},"keyphraseLength":{"score":9,"maxScore":9,"error":0,"length":2},"keyphraseInURL":{"score":1,"maxScore":5,"error":1},"keyphraseInIntroduction":{"score":9,"maxScore":9,"error":0},"keyphraseInSubHeadings":[],"keyphraseInImageAlt":{"score":9,"maxScore":9,"error":0},"keywordDensity":{"type":"best","score":9,"maxScore":9,"error":0}}},"additional":[{"keyphrase":"Carre\u00f1o","score":100,"analysis":{"keyphraseInDescription":{"score":9,"maxScore":9,"error":0},"keyphraseLength":{"score":9,"maxScore":9,"error":0,"length":2},"keyphraseInIntroduction":{"score":9,"maxScore":9,"error":0},"keyphraseInImageAlt":{"score":9,"maxScore":9,"error":0},"keywordDensity":{"type":"best","score":9,"maxScore":9,"error":0}}}]},"primary_term":null,"canonical_url":null,"og_title":null,"og_description":null,"og_object_type":"default","og_image_type":"default","og_image_url":null,"og_image_width":null,"og_image_height":null,"og_image_custom_url":null,"og_image_custom_fields":null,"og_video":"","og_custom_url":null,"og_article_section":null,"og_article_tags":[],"twitter_use_og":false,"twitter_card":"default","twitter_image_type":"default","twitter_image_url":null,"twitter_image_custom_url":null,"twitter_image_custom_fields":null,"twitter_title":null,"twitter_description":null,"schema":{"blockGraphs":[],"customGraphs":[],"default":{"data":{"Article":[],"Course":[],"Dataset":[],"FAQPage":[],"Movie":[],"Person":[],"Product":[],"ProductReview":[],"Car":[],"Recipe":[],"Service":[],"SoftwareApplication":[],"WebPage":[]},"graphName":"Article","isEnabled":true},"graphs":[]},"schema_type":"default","schema_type_options":null,"pillar_content":false,"robots_default":true,"robots_noindex":false,"robots_noarchive":false,"robots_nosnippet":false,"robots_nofollow":false,"robots_noimageindex":false,"robots_noodp":false,"robots_notranslate":false,"robots_max_snippet":"-1","robots_max_videopreview":"-1","robots_max_imagepreview":"large","priority":null,"frequency":"default","location":null,"local_seo":null,"seo_analyzer_scan_date":"2025-09-02 01:18:02","breadcrumb_settings":null,"limit_modified_date":false,"reviewed_by":null,"open_ai":"{\"title\":{\"suggestions\":[],\"usage\":0},\"description\":{\"suggestions\":[],\"usage\":0}}","ai":null,"created":"2023-12-06 10:14:48","updated":"2025-09-02 01:18:02"},"aioseo_breadcrumb":"<div class=\"aioseo-breadcrumbs\"><span class=\"aioseo-breadcrumb\">\n\t<a href=\"https:\/\/candas365.es\/noticias\" title=\"Home\">Home<\/a>\n<\/span><span class=\"aioseo-breadcrumb-separator\">&ndash;<\/span><span class=\"aioseo-breadcrumb\">\n\t<a href=\"https:\/\/candas365.es\/noticias\/category\/noticias-carreno\/\" title=\"Noticias Carre\u00f1o\">Noticias Carre\u00f1o<\/a>\n<\/span><span class=\"aioseo-breadcrumb-separator\">&ndash;<\/span><span class=\"aioseo-breadcrumb\">\n\tUn vecino de Carre\u00f1o investigado como supuesto autor de delitos de homicidio y lesiones por imprudencia\n<\/span><\/div>","aioseo_breadcrumb_json":[{"label":"Home","link":"https:\/\/candas365.es\/noticias"},{"label":"Noticias Carre\u00f1o","link":"https:\/\/candas365.es\/noticias\/category\/noticias-carreno\/"},{"label":"Un vecino de Carre\u00f1o investigado como supuesto autor de delitos de homicidio y lesiones por imprudencia","link":"https:\/\/candas365.es\/noticias\/un-vecino-de-carreno-investigado-como-supuesto-autor-de-delitos-de-homicidio-y-lesiones-por-imprudencia\/"}],"_links":{"self":[{"href":"https:\/\/candas365.es\/noticias\/wp-json\/wp\/v2\/posts\/176933","targetHints":{"allow":["GET"]}}],"collection":[{"href":"https:\/\/candas365.es\/noticias\/wp-json\/wp\/v2\/posts"}],"about":[{"href":"https:\/\/candas365.es\/noticias\/wp-json\/wp\/v2\/types\/post"}],"author":[{"embeddable":true,"href":"https:\/\/candas365.es\/noticias\/wp-json\/wp\/v2\/users\/1"}],"replies":[{"embeddable":true,"href":"https:\/\/candas365.es\/noticias\/wp-json\/wp\/v2\/comments?post=176933"}],"version-history":[{"count":0,"href":"https:\/\/candas365.es\/noticias\/wp-json\/wp\/v2\/posts\/176933\/revisions"}],"wp:featuredmedia":[{"embeddable":true,"href":"https:\/\/candas365.es\/noticias\/wp-json\/wp\/v2\/media\/176934"}],"wp:attachment":[{"href":"https:\/\/candas365.es\/noticias\/wp-json\/wp\/v2\/media?parent=176933"}],"wp:term":[{"taxonomy":"category","embeddable":true,"href":"https:\/\/candas365.es\/noticias\/wp-json\/wp\/v2\/categories?post=176933"},{"taxonomy":"post_tag","embeddable":true,"href":"https:\/\/candas365.es\/noticias\/wp-json\/wp\/v2\/tags?post=176933"}],"curies":[{"name":"wp","href":"https:\/\/api.w.org\/{rel}","templated":true}]}}