{"id":176900,"date":"2023-12-05T21:18:48","date_gmt":"2023-12-05T20:18:48","guid":{"rendered":"https:\/\/candas365.es\/noticias\/?p=176900"},"modified":"2023-12-05T21:18:48","modified_gmt":"2023-12-05T20:18:48","slug":"alemania-e-italia-dan-por-zanjado-el-debate-sobre-el-discobolo","status":"publish","type":"post","link":"https:\/\/candas365.es\/noticias\/alemania-e-italia-dan-por-zanjado-el-debate-sobre-el-discobolo\/","title":{"rendered":"Alemania e Italia dan por zanjado el debate sobre el Disc\u00f3bolo"},"content":{"rendered":"<p>Roma, 5 dic (<a title=\"dpa\" href=\"https:\/\/www.dpa-news.de\/\" target=\"_blank\" rel=\"noopener\"><span style=\"color: #ff6600;\"><strong>dpa<\/strong><\/span><\/a>) &#8211; Alemania e Italia dieron por zanjado el debate sobre la famosa <span style=\"color: #ff6600;\"><strong><a style=\"color: #ff6600;\" title=\"estatua del Disc\u00f3bolo\" href=\"https:\/\/es.wikipedia.org\/wiki\/Disc%C3%B3bolo\" target=\"_blank\" rel=\"noopener\">estatua del Disc\u00f3bolo<\/a><\/strong><\/span>, el lanzador de disco de la Antig\u00fcedad, y resolvieron que la obra permanezca en un museo de Roma.<\/p>\n<p><img fetchpriority=\"high\" decoding=\"async\" class=\"aligncenter wp-image-176718 size-full\" src=\"https:\/\/candas365.es\/noticias\/wp-content\/uploads\/2023\/12\/noticias.jpg\" alt=\"noticias\" width=\"640\" height=\"480\" srcset=\"https:\/\/candas365.es\/noticias\/wp-content\/uploads\/2023\/12\/noticias.jpg 640w, https:\/\/candas365.es\/noticias\/wp-content\/uploads\/2023\/12\/noticias-360x270.jpg 360w, https:\/\/candas365.es\/noticias\/wp-content\/uploads\/2023\/12\/noticias-150x113.jpg 150w, https:\/\/candas365.es\/noticias\/wp-content\/uploads\/2023\/12\/noticias-450x338.jpg 450w\" sizes=\"(max-width: 640px) 100vw, 640px\" \/><\/p>\n<p>As\u00ed lo anunci\u00f3 el ministro de Cultura del gobierno italiano de derechas, Gennaro Sangiuliano. El funcionario asever\u00f3 hoy, tras un encuentro con el embajador de <strong><span style=\"color: #ff6600;\">Alemania<\/span><\/strong>, Hans-Dieter Lucas, que la estatua Disc\u00f3bolo es propiedad del Estado italiano y que permanecer\u00e1 en el Museo Nacional de Roma.<\/p>\n<blockquote><p>Del lado alem\u00e1n se confirm\u00f3 que el Gobierno germano no reclamar\u00e1 su restituci\u00f3n.<\/p><\/blockquote>\n<p><strong>La escultura es una copia en m\u00e1rmol de la estatua de bronce del antiguo arquero griego Mir\u00f3n, llamada \u00abEl Disc\u00f3bolo de Mir\u00f3n\u00bb y que med\u00eda 1,55 metros de altura<\/strong>. La r\u00e9plica fue hallada en Roma durante una excavaci\u00f3n en el siglo XVIII y perteneci\u00f3 entonces a la familia Lancellotti.<\/p>\n<p>El dictador Adolf Hitler qued\u00f3 prendado de ella durante una visita a Italia, entonces socio del fascismo. Por orden del dictador Benito Mussolini, fue vendida a la Alemania nazi en 1938 y luego expuesta en la Gliptoteca de M\u00fanich.<\/p>\n<blockquote><p>Tras la guerra, fue devuelta en 1948 a Italia como \u00abarte saqueado\u00bb. Sin embargo, el pedestal sigue en M\u00fanich.<\/p><\/blockquote>\n<p>El Museo Nacional de Roma ahora tambi\u00e9n desea recuperar el pedestal. Sin embargo, el director de la Gliptoteca, Florian Knau\u00df, respondi\u00f3 a la correspondiente petici\u00f3n en una carta con la observaci\u00f3n de que no se trataba de un regalo de Mussolini a Hitler, sino de una compra leg\u00edtima.<\/p>\n<p><strong>\u00abMe han informado que el Gobierno de Berl\u00edn no exige la restituci\u00f3n\u00bb, declar\u00f3 el ministro de Cultura italiano tras la reuni\u00f3n con el embajador alem\u00e1n.<\/strong> A\u00fan no est\u00e1 claro qu\u00e9 ocurrir\u00e1 con el pedestal.<\/p>\n","protected":false},"excerpt":{"rendered":"<p>Roma, 5 dic (dpa) &#8211; Alemania e Italia dieron por zanjado el debate sobre la famosa estatua del Disc\u00f3bolo, el lanzador de disco de la Antig\u00fcedad, y resolvieron que la obra permanezca en un museo de Roma. As\u00ed lo anunci\u00f3 el ministro de Cultura del gobierno italiano de derechas, Gennaro Sangiuliano. El funcionario asever\u00f3 hoy,<\/p>\n","protected":false},"author":1,"featured_media":176718,"comment_status":"closed","ping_status":"closed","sticky":false,"template":"","format":"standard","meta":{"footnotes":""},"categories":[143],"tags":[417,430],"class_list":{"0":"post-176900","1":"post","2":"type-post","3":"status-publish","4":"format-standard","5":"has-post-thumbnail","7":"category-sociedad","8":"tag-alemania","9":"tag-cultura"},"aioseo_notices":[],"aioseo_head":"\n\t\t<!-- All in One SEO Pro 4.9.6.2 - aioseo.com -->\n\t<meta name=\"description\" content=\"Roma, 5 dic (dpa) - Alemania e Italia dieron por zanjado el debate sobre la famosa estatua del Disc\u00f3bolo, el lanzador de disco de la Antig\u00fcedad,\" \/>\n\t<meta name=\"robots\" content=\"max-image-preview:large\" \/>\n\t<meta name=\"author\" content=\"Cand\u00e1s 365\"\/>\n\t<meta name=\"google-site-verification\" content=\"UA-32230408-1\" \/>\n\t<meta name=\"msvalidate.01\" content=\"354F3CDFB2DA171B47FBE9ABF1F88D5\" \/>\n\t<meta name=\"keywords\" content=\"sociedad\" \/>\n\t<link rel=\"canonical\" href=\"https:\/\/candas365.es\/noticias\/alemania-e-italia-dan-por-zanjado-el-debate-sobre-el-discobolo\/\" \/>\n\t<meta name=\"generator\" content=\"All in One SEO Pro (AIOSEO) 4.9.6.2\" \/>\n\t\t<meta property=\"og:locale\" content=\"es_ES\" \/>\n\t\t<meta property=\"og:site_name\" content=\"Cand\u00e1s 365\" \/>\n\t\t<meta property=\"og:type\" content=\"article\" \/>\n\t\t<meta property=\"og:title\" content=\"Alemania e Italia dan por zanjado el debate sobre el Disc\u00f3bolo | Cand\u00e1s 365\" \/>\n\t\t<meta property=\"og:description\" content=\"Roma, 5 dic (dpa) - Alemania e Italia dieron por zanjado el debate sobre la famosa estatua del Disc\u00f3bolo, el lanzador de disco de la Antig\u00fcedad,\" \/>\n\t\t<meta property=\"og:url\" content=\"https:\/\/candas365.es\/noticias\/alemania-e-italia-dan-por-zanjado-el-debate-sobre-el-discobolo\/\" \/>\n\t\t<meta property=\"og:image\" content=\"https:\/\/candas365.es\/noticias\/wp-content\/uploads\/2023\/12\/noticias.jpg\" \/>\n\t\t<meta property=\"og:image:secure_url\" content=\"https:\/\/candas365.es\/noticias\/wp-content\/uploads\/2023\/12\/noticias.jpg\" \/>\n\t\t<meta property=\"og:image:width\" content=\"640\" \/>\n\t\t<meta property=\"og:image:height\" content=\"480\" \/>\n\t\t<meta property=\"article:published_time\" content=\"2023-12-05T20:18:48+00:00\" \/>\n\t\t<meta property=\"article:modified_time\" content=\"2023-12-05T20:18:48+00:00\" \/>\n\t\t<meta property=\"article:publisher\" content=\"https:\/\/www.facebook.com\/Nachofdezber\" \/>\n\t\t<meta property=\"article:author\" content=\"https:\/\/www.facebook.com\/carrenoactualidad\" \/>\n\t\t<meta name=\"twitter:card\" content=\"summary_large_image\" \/>\n\t\t<meta name=\"twitter:site\" content=\"@NabercoDigital\" \/>\n\t\t<meta name=\"twitter:title\" content=\"Alemania e Italia dan por zanjado el debate sobre el Disc\u00f3bolo | Cand\u00e1s 365\" \/>\n\t\t<meta name=\"twitter:description\" content=\"Roma, 5 dic (dpa) - Alemania e Italia dieron por zanjado el debate sobre la famosa estatua del Disc\u00f3bolo, el lanzador de disco de la Antig\u00fcedad,\" \/>\n\t\t<meta name=\"twitter:creator\" content=\"@nbasturias\" \/>\n\t\t<meta name=\"twitter:image\" content=\"https:\/\/candas365.es\/noticias\/wp-content\/uploads\/2023\/12\/noticias.jpg\" \/>\n\t\t<meta name=\"twitter:label1\" content=\"Escrito por\" \/>\n\t\t<meta name=\"twitter:data1\" content=\"Cand\u00e1s 365\" \/>\n\t\t<meta name=\"twitter:label2\" content=\"Tiempo de lectura estimado\" \/>\n\t\t<meta name=\"twitter:data2\" content=\"2 minutos\" \/>\n\t\t<script type=\"application\/ld+json\" class=\"aioseo-schema\">\n\t\t\t{\"@context\":\"https:\\\/\\\/schema.org\",\"@graph\":[{\"@type\":\"BreadcrumbList\",\"@id\":\"https:\\\/\\\/candas365.es\\\/noticias\\\/alemania-e-italia-dan-por-zanjado-el-debate-sobre-el-discobolo\\\/#breadcrumblist\",\"itemListElement\":[{\"@type\":\"ListItem\",\"@id\":\"https:\\\/\\\/candas365.es\\\/noticias#listItem\",\"position\":1,\"name\":\"Home\",\"item\":\"https:\\\/\\\/candas365.es\\\/noticias\",\"nextItem\":{\"@type\":\"ListItem\",\"@id\":\"https:\\\/\\\/candas365.es\\\/noticias\\\/category\\\/sociedad\\\/#listItem\",\"name\":\"Sociedad\"}},{\"@type\":\"ListItem\",\"@id\":\"https:\\\/\\\/candas365.es\\\/noticias\\\/category\\\/sociedad\\\/#listItem\",\"position\":2,\"name\":\"Sociedad\",\"item\":\"https:\\\/\\\/candas365.es\\\/noticias\\\/category\\\/sociedad\\\/\",\"nextItem\":{\"@type\":\"ListItem\",\"@id\":\"https:\\\/\\\/candas365.es\\\/noticias\\\/alemania-e-italia-dan-por-zanjado-el-debate-sobre-el-discobolo\\\/#listItem\",\"name\":\"Alemania e Italia dan por zanjado el debate sobre el Disc\\u00f3bolo\"},\"previousItem\":{\"@type\":\"ListItem\",\"@id\":\"https:\\\/\\\/candas365.es\\\/noticias#listItem\",\"name\":\"Home\"}},{\"@type\":\"ListItem\",\"@id\":\"https:\\\/\\\/candas365.es\\\/noticias\\\/alemania-e-italia-dan-por-zanjado-el-debate-sobre-el-discobolo\\\/#listItem\",\"position\":3,\"name\":\"Alemania e Italia dan por zanjado el debate sobre el Disc\\u00f3bolo\",\"previousItem\":{\"@type\":\"ListItem\",\"@id\":\"https:\\\/\\\/candas365.es\\\/noticias\\\/category\\\/sociedad\\\/#listItem\",\"name\":\"Sociedad\"}}]},{\"@type\":\"NewsArticle\",\"@id\":\"https:\\\/\\\/candas365.es\\\/noticias\\\/alemania-e-italia-dan-por-zanjado-el-debate-sobre-el-discobolo\\\/#newsarticle\",\"name\":\"Alemania e Italia dan por zanjado el debate sobre el Disc\\u00f3bolo | Cand\\u00e1s 365\",\"headline\":\"Alemania e Italia dan por zanjado el debate sobre el Disc\\u00f3bolo\",\"author\":{\"@id\":\"https:\\\/\\\/candas365.es\\\/noticias\\\/author\\\/admin\\\/#author\"},\"publisher\":{\"@id\":\"https:\\\/\\\/candas365.es\\\/noticias\\\/#organization\"},\"image\":{\"@type\":\"ImageObject\",\"url\":\"https:\\\/\\\/candas365.es\\\/noticias\\\/wp-content\\\/uploads\\\/2023\\\/12\\\/noticias.jpg\",\"width\":640,\"height\":480,\"caption\":\"noticias\"},\"datePublished\":\"2023-12-05T21:18:48+01:00\",\"dateModified\":\"2023-12-05T21:18:48+01:00\",\"inLanguage\":\"es-ES\",\"mainEntityOfPage\":{\"@id\":\"https:\\\/\\\/candas365.es\\\/noticias\\\/alemania-e-italia-dan-por-zanjado-el-debate-sobre-el-discobolo\\\/#webpage\"},\"isPartOf\":{\"@id\":\"https:\\\/\\\/candas365.es\\\/noticias\\\/alemania-e-italia-dan-por-zanjado-el-debate-sobre-el-discobolo\\\/#webpage\"},\"articleSection\":\"Sociedad, Alemania, cultura\",\"dateline\":\"Publicado el diciembre 5, 2023.\"},{\"@type\":\"Organization\",\"@id\":\"https:\\\/\\\/candas365.es\\\/noticias\\\/#organization\",\"name\":\"Cand\\u00e1s 365\",\"description\":\"Cand\\u00e1s 365 es un diario digital independiente, fundado en 2012, con base en Asturias. Informamos con rigor sobre actualidad, sociedad, cultura y ocio, con una mirada local y global.\",\"url\":\"https:\\\/\\\/candas365.es\\\/noticias\\\/\",\"email\":\"info@candas365.es\",\"telephone\":\"+34652131393\",\"foundingDate\":\"2012-06-10\",\"logo\":{\"@type\":\"ImageObject\",\"url\":\"https:\\\/\\\/candas365.es\\\/noticias\\\/wp-content\\\/uploads\\\/2024\\\/09\\\/Candas-365-Redes.jpg\",\"@id\":\"https:\\\/\\\/candas365.es\\\/noticias\\\/alemania-e-italia-dan-por-zanjado-el-debate-sobre-el-discobolo\\\/#organizationLogo\",\"width\":1152,\"height\":864,\"caption\":\"Cand\\u00e1s 365 Redes\"},\"image\":{\"@id\":\"https:\\\/\\\/candas365.es\\\/noticias\\\/alemania-e-italia-dan-por-zanjado-el-debate-sobre-el-discobolo\\\/#organizationLogo\"},\"sameAs\":[\"https:\\\/\\\/www.facebook.com\\\/Nachofdezber\",\"https:\\\/\\\/x.com\\\/NabercoDigital\",\"https:\\\/\\\/www.instagram.com\\\/nachofdezber\\\/\",\"https:\\\/\\\/www.youtube.com\\\/channel\\\/UCZP-2wLEB9Rv6erhFmqVnvg\"],\"address\":{\"@id\":\"https:\\\/\\\/candas365.es\\\/noticias\\\/#postaladdress\",\"@type\":\"PostalAddress\",\"streetAddress\":\"san antonio 4, san antonio 4\",\"postalCode\":\"33430\",\"addressLocality\":\"Cand\\u00e1s\",\"addressRegion\":\"Asturias\",\"addressCountry\":\"ES\"}},{\"@type\":\"Person\",\"@id\":\"https:\\\/\\\/candas365.es\\\/noticias\\\/author\\\/admin\\\/#author\",\"url\":\"https:\\\/\\\/candas365.es\\\/noticias\\\/author\\\/admin\\\/\",\"name\":\"Cand\\u00e1s 365\",\"image\":{\"@type\":\"ImageObject\",\"@id\":\"https:\\\/\\\/candas365.es\\\/noticias\\\/alemania-e-italia-dan-por-zanjado-el-debate-sobre-el-discobolo\\\/#authorImage\",\"url\":\"https:\\\/\\\/secure.gravatar.com\\\/avatar\\\/496a8e03d0c493ede1718b7934145dbdf8d89be1036b0eec9544e1094c9de390?s=96&d=mm&r=g\",\"width\":96,\"height\":96,\"caption\":\"Cand\\u00e1s 365\"},\"sameAs\":[\"https:\\\/\\\/www.facebook.com\\\/carrenoactualidad\",\"https:\\\/\\\/twitter.com\\\/nbasturias\",\"https:\\\/\\\/www.instagram.com\\\/nachofdezber\\\/\",\"https:\\\/\\\/www.youtube.com\\\/channel\\\/UCZP-2wLEB9Rv6erhFmqVnvg\"]},{\"@type\":\"WebPage\",\"@id\":\"https:\\\/\\\/candas365.es\\\/noticias\\\/alemania-e-italia-dan-por-zanjado-el-debate-sobre-el-discobolo\\\/#webpage\",\"url\":\"https:\\\/\\\/candas365.es\\\/noticias\\\/alemania-e-italia-dan-por-zanjado-el-debate-sobre-el-discobolo\\\/\",\"name\":\"Alemania e Italia dan por zanjado el debate sobre el Disc\\u00f3bolo | Cand\\u00e1s 365\",\"description\":\"Roma, 5 dic (dpa) - Alemania e Italia dieron por zanjado el debate sobre la famosa estatua del Disc\\u00f3bolo, el lanzador de disco de la Antig\\u00fcedad,\",\"inLanguage\":\"es-ES\",\"isPartOf\":{\"@id\":\"https:\\\/\\\/candas365.es\\\/noticias\\\/#website\"},\"breadcrumb\":{\"@id\":\"https:\\\/\\\/candas365.es\\\/noticias\\\/alemania-e-italia-dan-por-zanjado-el-debate-sobre-el-discobolo\\\/#breadcrumblist\"},\"author\":{\"@id\":\"https:\\\/\\\/candas365.es\\\/noticias\\\/author\\\/admin\\\/#author\"},\"creator\":{\"@id\":\"https:\\\/\\\/candas365.es\\\/noticias\\\/author\\\/admin\\\/#author\"},\"image\":{\"@type\":\"ImageObject\",\"url\":\"https:\\\/\\\/candas365.es\\\/noticias\\\/wp-content\\\/uploads\\\/2023\\\/12\\\/noticias.jpg\",\"@id\":\"https:\\\/\\\/candas365.es\\\/noticias\\\/alemania-e-italia-dan-por-zanjado-el-debate-sobre-el-discobolo\\\/#mainImage\",\"width\":640,\"height\":480,\"caption\":\"noticias\"},\"primaryImageOfPage\":{\"@id\":\"https:\\\/\\\/candas365.es\\\/noticias\\\/alemania-e-italia-dan-por-zanjado-el-debate-sobre-el-discobolo\\\/#mainImage\"},\"datePublished\":\"2023-12-05T21:18:48+01:00\",\"dateModified\":\"2023-12-05T21:18:48+01:00\"},{\"@type\":\"WebSite\",\"@id\":\"https:\\\/\\\/candas365.es\\\/noticias\\\/#website\",\"url\":\"https:\\\/\\\/candas365.es\\\/noticias\\\/\",\"name\":\"Cand\\u00e1s 365\",\"alternateName\":\"Cand\\u00e1s 365 Noticias\",\"description\":\"Actualidad desde Carre\\u00f1o para el mundo\",\"inLanguage\":\"es-ES\",\"publisher\":{\"@id\":\"https:\\\/\\\/candas365.es\\\/noticias\\\/#organization\"}}]}\n\t\t<\/script>\n\t\t<!-- All in One SEO Pro -->\r\n\t\t<title>Alemania e Italia dan por zanjado el debate sobre el Disc\u00f3bolo | Cand\u00e1s 365<\/title>\n\n","aioseo_head_json":{"title":"Alemania e Italia dan por zanjado el debate sobre el Disc\u00f3bolo | Cand\u00e1s 365","description":"Roma, 5 dic (dpa) - Alemania e Italia dieron por zanjado el debate sobre la famosa estatua del Disc\u00f3bolo, el lanzador de disco de la Antig\u00fcedad,","canonical_url":"https:\/\/candas365.es\/noticias\/alemania-e-italia-dan-por-zanjado-el-debate-sobre-el-discobolo\/","robots":"max-image-preview:large","keywords":"sociedad","webmasterTools":{"google-site-verification":"UA-32230408-1","msvalidate.01":"354F3CDFB2DA171B47FBE9ABF1F88D5","miscellaneous":""},"schema":{"@context":"https:\/\/schema.org","@graph":[{"@type":"BreadcrumbList","@id":"https:\/\/candas365.es\/noticias\/alemania-e-italia-dan-por-zanjado-el-debate-sobre-el-discobolo\/#breadcrumblist","itemListElement":[{"@type":"ListItem","@id":"https:\/\/candas365.es\/noticias#listItem","position":1,"name":"Home","item":"https:\/\/candas365.es\/noticias","nextItem":{"@type":"ListItem","@id":"https:\/\/candas365.es\/noticias\/category\/sociedad\/#listItem","name":"Sociedad"}},{"@type":"ListItem","@id":"https:\/\/candas365.es\/noticias\/category\/sociedad\/#listItem","position":2,"name":"Sociedad","item":"https:\/\/candas365.es\/noticias\/category\/sociedad\/","nextItem":{"@type":"ListItem","@id":"https:\/\/candas365.es\/noticias\/alemania-e-italia-dan-por-zanjado-el-debate-sobre-el-discobolo\/#listItem","name":"Alemania e Italia dan por zanjado el debate sobre el Disc\u00f3bolo"},"previousItem":{"@type":"ListItem","@id":"https:\/\/candas365.es\/noticias#listItem","name":"Home"}},{"@type":"ListItem","@id":"https:\/\/candas365.es\/noticias\/alemania-e-italia-dan-por-zanjado-el-debate-sobre-el-discobolo\/#listItem","position":3,"name":"Alemania e Italia dan por zanjado el debate sobre el Disc\u00f3bolo","previousItem":{"@type":"ListItem","@id":"https:\/\/candas365.es\/noticias\/category\/sociedad\/#listItem","name":"Sociedad"}}]},{"@type":"NewsArticle","@id":"https:\/\/candas365.es\/noticias\/alemania-e-italia-dan-por-zanjado-el-debate-sobre-el-discobolo\/#newsarticle","name":"Alemania e Italia dan por zanjado el debate sobre el Disc\u00f3bolo | Cand\u00e1s 365","headline":"Alemania e Italia dan por zanjado el debate sobre el Disc\u00f3bolo","author":{"@id":"https:\/\/candas365.es\/noticias\/author\/admin\/#author"},"publisher":{"@id":"https:\/\/candas365.es\/noticias\/#organization"},"image":{"@type":"ImageObject","url":"https:\/\/candas365.es\/noticias\/wp-content\/uploads\/2023\/12\/noticias.jpg","width":640,"height":480,"caption":"noticias"},"datePublished":"2023-12-05T21:18:48+01:00","dateModified":"2023-12-05T21:18:48+01:00","inLanguage":"es-ES","mainEntityOfPage":{"@id":"https:\/\/candas365.es\/noticias\/alemania-e-italia-dan-por-zanjado-el-debate-sobre-el-discobolo\/#webpage"},"isPartOf":{"@id":"https:\/\/candas365.es\/noticias\/alemania-e-italia-dan-por-zanjado-el-debate-sobre-el-discobolo\/#webpage"},"articleSection":"Sociedad, Alemania, cultura","dateline":"Publicado el diciembre 5, 2023."},{"@type":"Organization","@id":"https:\/\/candas365.es\/noticias\/#organization","name":"Cand\u00e1s 365","description":"Cand\u00e1s 365 es un diario digital independiente, fundado en 2012, con base en Asturias. Informamos con rigor sobre actualidad, sociedad, cultura y ocio, con una mirada local y global.","url":"https:\/\/candas365.es\/noticias\/","email":"info@candas365.es","telephone":"+34652131393","foundingDate":"2012-06-10","logo":{"@type":"ImageObject","url":"https:\/\/candas365.es\/noticias\/wp-content\/uploads\/2024\/09\/Candas-365-Redes.jpg","@id":"https:\/\/candas365.es\/noticias\/alemania-e-italia-dan-por-zanjado-el-debate-sobre-el-discobolo\/#organizationLogo","width":1152,"height":864,"caption":"Cand\u00e1s 365 Redes"},"image":{"@id":"https:\/\/candas365.es\/noticias\/alemania-e-italia-dan-por-zanjado-el-debate-sobre-el-discobolo\/#organizationLogo"},"sameAs":["https:\/\/www.facebook.com\/Nachofdezber","https:\/\/x.com\/NabercoDigital","https:\/\/www.instagram.com\/nachofdezber\/","https:\/\/www.youtube.com\/channel\/UCZP-2wLEB9Rv6erhFmqVnvg"],"address":{"@id":"https:\/\/candas365.es\/noticias\/#postaladdress","@type":"PostalAddress","streetAddress":"san antonio 4, san antonio 4","postalCode":"33430","addressLocality":"Cand\u00e1s","addressRegion":"Asturias","addressCountry":"ES"}},{"@type":"Person","@id":"https:\/\/candas365.es\/noticias\/author\/admin\/#author","url":"https:\/\/candas365.es\/noticias\/author\/admin\/","name":"Cand\u00e1s 365","image":{"@type":"ImageObject","@id":"https:\/\/candas365.es\/noticias\/alemania-e-italia-dan-por-zanjado-el-debate-sobre-el-discobolo\/#authorImage","url":"https:\/\/secure.gravatar.com\/avatar\/496a8e03d0c493ede1718b7934145dbdf8d89be1036b0eec9544e1094c9de390?s=96&d=mm&r=g","width":96,"height":96,"caption":"Cand\u00e1s 365"},"sameAs":["https:\/\/www.facebook.com\/carrenoactualidad","https:\/\/twitter.com\/nbasturias","https:\/\/www.instagram.com\/nachofdezber\/","https:\/\/www.youtube.com\/channel\/UCZP-2wLEB9Rv6erhFmqVnvg"]},{"@type":"WebPage","@id":"https:\/\/candas365.es\/noticias\/alemania-e-italia-dan-por-zanjado-el-debate-sobre-el-discobolo\/#webpage","url":"https:\/\/candas365.es\/noticias\/alemania-e-italia-dan-por-zanjado-el-debate-sobre-el-discobolo\/","name":"Alemania e Italia dan por zanjado el debate sobre el Disc\u00f3bolo | Cand\u00e1s 365","description":"Roma, 5 dic (dpa) - Alemania e Italia dieron por zanjado el debate sobre la famosa estatua del Disc\u00f3bolo, el lanzador de disco de la Antig\u00fcedad,","inLanguage":"es-ES","isPartOf":{"@id":"https:\/\/candas365.es\/noticias\/#website"},"breadcrumb":{"@id":"https:\/\/candas365.es\/noticias\/alemania-e-italia-dan-por-zanjado-el-debate-sobre-el-discobolo\/#breadcrumblist"},"author":{"@id":"https:\/\/candas365.es\/noticias\/author\/admin\/#author"},"creator":{"@id":"https:\/\/candas365.es\/noticias\/author\/admin\/#author"},"image":{"@type":"ImageObject","url":"https:\/\/candas365.es\/noticias\/wp-content\/uploads\/2023\/12\/noticias.jpg","@id":"https:\/\/candas365.es\/noticias\/alemania-e-italia-dan-por-zanjado-el-debate-sobre-el-discobolo\/#mainImage","width":640,"height":480,"caption":"noticias"},"primaryImageOfPage":{"@id":"https:\/\/candas365.es\/noticias\/alemania-e-italia-dan-por-zanjado-el-debate-sobre-el-discobolo\/#mainImage"},"datePublished":"2023-12-05T21:18:48+01:00","dateModified":"2023-12-05T21:18:48+01:00"},{"@type":"WebSite","@id":"https:\/\/candas365.es\/noticias\/#website","url":"https:\/\/candas365.es\/noticias\/","name":"Cand\u00e1s 365","alternateName":"Cand\u00e1s 365 Noticias","description":"Actualidad desde Carre\u00f1o para el mundo","inLanguage":"es-ES","publisher":{"@id":"https:\/\/candas365.es\/noticias\/#organization"}}]},"og:locale":"es_ES","og:site_name":"Cand\u00e1s 365","og:type":"article","og:title":"Alemania e Italia dan por zanjado el debate sobre el Disc\u00f3bolo | Cand\u00e1s 365","og:description":"Roma, 5 dic (dpa) - Alemania e Italia dieron por zanjado el debate sobre la famosa estatua del Disc\u00f3bolo, el lanzador de disco de la Antig\u00fcedad,","og:url":"https:\/\/candas365.es\/noticias\/alemania-e-italia-dan-por-zanjado-el-debate-sobre-el-discobolo\/","og:image":"https:\/\/candas365.es\/noticias\/wp-content\/uploads\/2023\/12\/noticias.jpg","og:image:secure_url":"https:\/\/candas365.es\/noticias\/wp-content\/uploads\/2023\/12\/noticias.jpg","og:image:width":640,"og:image:height":480,"article:published_time":"2023-12-05T20:18:48+00:00","article:modified_time":"2023-12-05T20:18:48+00:00","article:publisher":"https:\/\/www.facebook.com\/Nachofdezber","article:author":"https:\/\/www.facebook.com\/carrenoactualidad","twitter:card":"summary_large_image","twitter:site":"@NabercoDigital","twitter:title":"Alemania e Italia dan por zanjado el debate sobre el Disc\u00f3bolo | Cand\u00e1s 365","twitter:description":"Roma, 5 dic (dpa) - Alemania e Italia dieron por zanjado el debate sobre la famosa estatua del Disc\u00f3bolo, el lanzador de disco de la Antig\u00fcedad,","twitter:creator":"@nbasturias","twitter:image":"https:\/\/candas365.es\/noticias\/wp-content\/uploads\/2023\/12\/noticias.jpg","twitter:label1":"Escrito por","twitter:data1":"Cand\u00e1s 365","twitter:label2":"Tiempo de lectura estimado","twitter:data2":"2 minutos"},"aioseo_meta_data":{"post_id":"176900","title":null,"description":"Roma, 5 dic (dpa) - Alemania e Italia dieron por zanjado el debate sobre la famosa estatua del Disc\u00f3bolo, el lanzador de disco de la Antig\u00fcedad,","keywords":[],"keyphrases":{"focus":{"keyphrase":"Alemania","score":83,"analysis":{"keyphraseInTitle":{"score":9,"maxScore":9,"error":0},"keyphraseInDescription":{"score":9,"maxScore":9,"error":0},"keyphraseLength":{"score":9,"maxScore":9,"error":0,"length":1},"keyphraseInURL":{"score":1,"maxScore":5,"error":1},"keyphraseInIntroduction":{"score":9,"maxScore":9,"error":0},"keyphraseInSubHeadings":[],"keyphraseInImageAlt":{"score":3,"maxScore":9,"error":1},"keywordDensity":{"type":"best","score":9,"maxScore":9,"error":0}}},"additional":[{"keyphrase":"Disc\u00f3bolo","score":87,"analysis":{"keyphraseInDescription":{"score":9,"maxScore":9,"error":0},"keyphraseLength":{"score":9,"maxScore":9,"error":0,"length":2},"keyphraseInIntroduction":{"score":9,"maxScore":9,"error":0},"keyphraseInImageAlt":{"score":3,"maxScore":9,"error":1},"keywordDensity":{"type":"best","score":9,"maxScore":9,"error":0}}}]},"primary_term":null,"canonical_url":null,"og_title":null,"og_description":null,"og_object_type":"default","og_image_type":"default","og_image_url":null,"og_image_width":null,"og_image_height":null,"og_image_custom_url":null,"og_image_custom_fields":null,"og_video":"","og_custom_url":null,"og_article_section":null,"og_article_tags":[],"twitter_use_og":false,"twitter_card":"default","twitter_image_type":"default","twitter_image_url":null,"twitter_image_custom_url":null,"twitter_image_custom_fields":null,"twitter_title":null,"twitter_description":null,"schema":{"blockGraphs":[],"customGraphs":[],"default":{"data":{"Article":[],"Course":[],"Dataset":[],"FAQPage":[],"Movie":[],"Person":[],"Product":[],"ProductReview":[],"Car":[],"Recipe":[],"Service":[],"SoftwareApplication":[],"WebPage":[]},"graphName":"Article","isEnabled":true},"graphs":[]},"schema_type":"default","schema_type_options":null,"pillar_content":false,"robots_default":true,"robots_noindex":false,"robots_noarchive":false,"robots_nosnippet":false,"robots_nofollow":false,"robots_noimageindex":false,"robots_noodp":false,"robots_notranslate":false,"robots_max_snippet":"-1","robots_max_videopreview":"-1","robots_max_imagepreview":"large","priority":null,"frequency":"default","location":null,"local_seo":null,"seo_analyzer_scan_date":"2025-09-02 01:13:14","breadcrumb_settings":null,"limit_modified_date":false,"reviewed_by":null,"open_ai":"{\"title\":{\"suggestions\":[],\"usage\":0},\"description\":{\"suggestions\":[],\"usage\":0}}","ai":null,"created":"2023-12-05 20:10:13","updated":"2025-09-02 01:13:14"},"aioseo_breadcrumb":"<div class=\"aioseo-breadcrumbs\"><span class=\"aioseo-breadcrumb\">\n\t<a href=\"https:\/\/candas365.es\/noticias\" title=\"Home\">Home<\/a>\n<\/span><span class=\"aioseo-breadcrumb-separator\">&ndash;<\/span><span class=\"aioseo-breadcrumb\">\n\t<a href=\"https:\/\/candas365.es\/noticias\/category\/sociedad\/\" title=\"Sociedad\">Sociedad<\/a>\n<\/span><span class=\"aioseo-breadcrumb-separator\">&ndash;<\/span><span class=\"aioseo-breadcrumb\">\n\tAlemania e Italia dan por zanjado el debate sobre el Disc\u00f3bolo\n<\/span><\/div>","aioseo_breadcrumb_json":[{"label":"Home","link":"https:\/\/candas365.es\/noticias"},{"label":"Sociedad","link":"https:\/\/candas365.es\/noticias\/category\/sociedad\/"},{"label":"Alemania e Italia dan por zanjado el debate sobre el Disc\u00f3bolo","link":"https:\/\/candas365.es\/noticias\/alemania-e-italia-dan-por-zanjado-el-debate-sobre-el-discobolo\/"}],"_links":{"self":[{"href":"https:\/\/candas365.es\/noticias\/wp-json\/wp\/v2\/posts\/176900","targetHints":{"allow":["GET"]}}],"collection":[{"href":"https:\/\/candas365.es\/noticias\/wp-json\/wp\/v2\/posts"}],"about":[{"href":"https:\/\/candas365.es\/noticias\/wp-json\/wp\/v2\/types\/post"}],"author":[{"embeddable":true,"href":"https:\/\/candas365.es\/noticias\/wp-json\/wp\/v2\/users\/1"}],"replies":[{"embeddable":true,"href":"https:\/\/candas365.es\/noticias\/wp-json\/wp\/v2\/comments?post=176900"}],"version-history":[{"count":0,"href":"https:\/\/candas365.es\/noticias\/wp-json\/wp\/v2\/posts\/176900\/revisions"}],"wp:featuredmedia":[{"embeddable":true,"href":"https:\/\/candas365.es\/noticias\/wp-json\/wp\/v2\/media\/176718"}],"wp:attachment":[{"href":"https:\/\/candas365.es\/noticias\/wp-json\/wp\/v2\/media?parent=176900"}],"wp:term":[{"taxonomy":"category","embeddable":true,"href":"https:\/\/candas365.es\/noticias\/wp-json\/wp\/v2\/categories?post=176900"},{"taxonomy":"post_tag","embeddable":true,"href":"https:\/\/candas365.es\/noticias\/wp-json\/wp\/v2\/tags?post=176900"}],"curies":[{"name":"wp","href":"https:\/\/api.w.org\/{rel}","templated":true}]}}