{"id":176875,"date":"2023-12-05T02:54:15","date_gmt":"2023-12-05T01:54:15","guid":{"rendered":"https:\/\/candas365.es\/noticias\/?p=176875"},"modified":"2023-12-05T02:54:15","modified_gmt":"2023-12-05T01:54:15","slug":"alemania-pide-a-israel-que-respete-los-derechos-humanos-en-gaza","status":"publish","type":"post","link":"https:\/\/candas365.es\/noticias\/alemania-pide-a-israel-que-respete-los-derechos-humanos-en-gaza\/","title":{"rendered":"Alemania pide a Israel que respete los derechos humanos en Gaza"},"content":{"rendered":"<p>Berl\u00edn, 4 dic (<a title=\"dpa\" href=\"https:\/\/www.dpa-news.de\/\" target=\"_blank\" rel=\"noopener\"><span style=\"color: #ff6600;\"><strong>dpa<\/strong><\/span><\/a>) &#8211; La ministra alemana de Relaciones Exteriores, Annalena Baerbock, subray\u00f3 hoy el derecho de Israel a la autodefensa en la <a href=\"https:\/\/candas365.es\/noticias\/category\/internacional\/\"><span style=\"color: #ff6600;\"><strong>guerra de Gaza<\/strong><\/span><\/a> y, al mismo tiempo, pidi\u00f3 al gobierno israel\u00ed que respete los derechos humanos de la poblaci\u00f3n palestina.<\/p>\n<p><img fetchpriority=\"high\" decoding=\"async\" class=\"aligncenter wp-image-176718 size-full\" src=\"https:\/\/candas365.es\/noticias\/wp-content\/uploads\/2023\/12\/noticias.jpg\" alt=\"noticias\" width=\"640\" height=\"480\" srcset=\"https:\/\/candas365.es\/noticias\/wp-content\/uploads\/2023\/12\/noticias.jpg 640w, https:\/\/candas365.es\/noticias\/wp-content\/uploads\/2023\/12\/noticias-360x270.jpg 360w, https:\/\/candas365.es\/noticias\/wp-content\/uploads\/2023\/12\/noticias-150x113.jpg 150w, https:\/\/candas365.es\/noticias\/wp-content\/uploads\/2023\/12\/noticias-450x338.jpg 450w\" sizes=\"(max-width: 640px) 100vw, 640px\" \/><\/p>\n<p>\u00abLa cuesti\u00f3n clave es c\u00f3mo se ejerce este derecho a la autodefensa. Que existe la responsabilidad de aliviar el sufrimiento de los civiles, especialmente en esta fase\u00bb, dijo Baerbock en una conferencia sobre derechos humanos organizada por el grupo parlamentario de Los Verdes, partido que integra la ministra.<\/p>\n<p>\u00abYa han muerto demasiados palestinos\u00bb, a\u00f1adi\u00f3 Baerbock, a la vez que dijo que durante sus conversaciones en Israel hab\u00eda subrayado repetidamente \u00abque el cruel terror de Ham\u00e1s contra Israel\u00bb solo puede terminar si se hace juntos \u00abtodo lo posible para dar a los palestinos perspectivas de futuro\u00bb.<\/p>\n<p>La ministra declar\u00f3 que \u00abel sufrimiento propio no se hace m\u00e1s llevadero ignorando el sufrimiento de los dem\u00e1s\u00bb. Baerbock reafirm\u00f3 que lo que se necesita es una soluci\u00f3n de dos Estados que proporcione seguridad a israel\u00edes y palestinos.<\/p>\n<p>Un portavoz del Ministerio de Relaciones Exteriores alem\u00e1n calific\u00f3 hoy de amargo rev\u00e9s el fin del alto el fuego entre Israel y la organizaci\u00f3n Ham\u00e1s en el conflicto en la Franja de Gaza. Se\u00f1al\u00f3 que este rev\u00e9s se aplica tanto a los rehenes retenidos en los t\u00faneles, como a la poblaci\u00f3n de Gaza que depende de la ayuda humanitaria y debe temer por su vida.<\/p>\n<p>\u00abLa emergencia humanitaria amenaza con intensificarse\u00bb, afirm\u00f3 el vocero. \u00abDe ah\u00ed nuestro llamamiento para que se permita la entrada en la Franja de Gaza de la ayuda humanitaria necesaria, incluido el combustible, para abastecer a la poblaci\u00f3n.\u00bb<\/p>\n<p>Seg\u00fan el portavoz, la expansi\u00f3n de los combates a toda la Franja de Gaza afecta ahora tambi\u00e9n a zonas donde la poblaci\u00f3n hab\u00eda buscado protecci\u00f3n a petici\u00f3n de Israel en el sur del territorio. Agreg\u00f3 que all\u00ed se encuentran 1,8 millones de personas, el 80 por ciento de la poblaci\u00f3n.<\/p>\n<p>\u00abY eso, por supuesto, aumenta el riesgo de que los civiles sufran da\u00f1os durante las operaciones militares\u00bb, dijo el portavoz. Subray\u00f3 que para Alemania es importante que las acciones de Israel tengan esto en cuenta y eviten el sufrimiento de los civiles. \u00abY es igual de importante que Israel se atenga al derecho internacional humanitario\u00bb, exigi\u00f3.<\/p>\n<p>El Ministerio de Relaciones Exteriores espera y asume que todav\u00eda ser\u00e1 posible abandonar la zona de peligro en la Franja de Gaza. El portavoz dijo que se espera que Israel no solo pida a los civiles que abandonen la zona de peligro, \u00absino que de hecho y de derecho puedan encontrar alojamiento seguro en otro lugar\u00bb.<\/p>\n","protected":false},"excerpt":{"rendered":"<p>Berl\u00edn, 4 dic (dpa) &#8211; La ministra alemana de Relaciones Exteriores, Annalena Baerbock, subray\u00f3 hoy el derecho de Israel a la autodefensa en la guerra de Gaza y, al mismo tiempo, pidi\u00f3 al gobierno israel\u00ed que respete los derechos humanos de la poblaci\u00f3n palestina. \u00abLa cuesti\u00f3n clave es c\u00f3mo se ejerce este derecho a la<\/p>\n","protected":false},"author":1,"featured_media":176718,"comment_status":"closed","ping_status":"closed","sticky":false,"template":"","format":"standard","meta":{"footnotes":""},"categories":[485],"tags":[417,464,418],"class_list":{"0":"post-176875","1":"post","2":"type-post","3":"status-publish","4":"format-standard","5":"has-post-thumbnail","7":"category-internacional","8":"tag-alemania","9":"tag-conflictos","10":"tag-internacional"},"aioseo_notices":[],"aioseo_head":"\n\t\t<!-- All in One SEO Pro 4.9.6.2 - aioseo.com -->\n\t<meta name=\"description\" content=\"Berl\u00edn, 4 dic (dpa) - La ministra alemana de Relaciones Exteriores, Annalena Baerbock, subray\u00f3 hoy el derecho de Israel a la autodefensa en la guerra de Gaza\" \/>\n\t<meta name=\"robots\" content=\"max-image-preview:large\" \/>\n\t<meta name=\"author\" content=\"Cand\u00e1s 365\"\/>\n\t<meta name=\"google-site-verification\" content=\"UA-32230408-1\" \/>\n\t<meta name=\"msvalidate.01\" content=\"354F3CDFB2DA171B47FBE9ABF1F88D5\" \/>\n\t<meta name=\"keywords\" content=\"internacional\" \/>\n\t<link rel=\"canonical\" href=\"https:\/\/candas365.es\/noticias\/alemania-pide-a-israel-que-respete-los-derechos-humanos-en-gaza\/\" \/>\n\t<meta name=\"generator\" content=\"All in One SEO Pro (AIOSEO) 4.9.6.2\" \/>\n\t\t<meta property=\"og:locale\" content=\"es_ES\" \/>\n\t\t<meta property=\"og:site_name\" content=\"Cand\u00e1s 365\" \/>\n\t\t<meta property=\"og:type\" content=\"article\" \/>\n\t\t<meta property=\"og:title\" content=\"Alemania pide a Israel que respete los derechos humanos en Gaza | Cand\u00e1s 365\" \/>\n\t\t<meta property=\"og:description\" content=\"Berl\u00edn, 4 dic (dpa) - La ministra alemana de Relaciones Exteriores, Annalena Baerbock, subray\u00f3 hoy el derecho de Israel a la autodefensa en la guerra de Gaza\" \/>\n\t\t<meta property=\"og:url\" content=\"https:\/\/candas365.es\/noticias\/alemania-pide-a-israel-que-respete-los-derechos-humanos-en-gaza\/\" \/>\n\t\t<meta property=\"og:image\" content=\"https:\/\/candas365.es\/noticias\/wp-content\/uploads\/2023\/12\/noticias.jpg\" \/>\n\t\t<meta property=\"og:image:secure_url\" content=\"https:\/\/candas365.es\/noticias\/wp-content\/uploads\/2023\/12\/noticias.jpg\" \/>\n\t\t<meta property=\"og:image:width\" content=\"640\" \/>\n\t\t<meta property=\"og:image:height\" content=\"480\" \/>\n\t\t<meta property=\"article:published_time\" content=\"2023-12-05T01:54:15+00:00\" \/>\n\t\t<meta property=\"article:modified_time\" content=\"2023-12-05T01:54:15+00:00\" \/>\n\t\t<meta property=\"article:publisher\" content=\"https:\/\/www.facebook.com\/Nachofdezber\" \/>\n\t\t<meta property=\"article:author\" content=\"https:\/\/www.facebook.com\/carrenoactualidad\" \/>\n\t\t<meta name=\"twitter:card\" content=\"summary_large_image\" \/>\n\t\t<meta name=\"twitter:site\" content=\"@NabercoDigital\" \/>\n\t\t<meta name=\"twitter:title\" content=\"Alemania pide a Israel que respete los derechos humanos en Gaza | Cand\u00e1s 365\" \/>\n\t\t<meta name=\"twitter:description\" content=\"Berl\u00edn, 4 dic (dpa) - La ministra alemana de Relaciones Exteriores, Annalena Baerbock, subray\u00f3 hoy el derecho de Israel a la autodefensa en la guerra de Gaza\" \/>\n\t\t<meta name=\"twitter:creator\" content=\"@nbasturias\" \/>\n\t\t<meta name=\"twitter:image\" content=\"https:\/\/candas365.es\/noticias\/wp-content\/uploads\/2023\/12\/noticias.jpg\" \/>\n\t\t<meta name=\"twitter:label1\" content=\"Escrito por\" \/>\n\t\t<meta name=\"twitter:data1\" content=\"Cand\u00e1s 365\" \/>\n\t\t<meta name=\"twitter:label2\" content=\"Tiempo de lectura estimado\" \/>\n\t\t<meta name=\"twitter:data2\" content=\"2 minutos\" \/>\n\t\t<script type=\"application\/ld+json\" class=\"aioseo-schema\">\n\t\t\t{\"@context\":\"https:\\\/\\\/schema.org\",\"@graph\":[{\"@type\":\"BreadcrumbList\",\"@id\":\"https:\\\/\\\/candas365.es\\\/noticias\\\/alemania-pide-a-israel-que-respete-los-derechos-humanos-en-gaza\\\/#breadcrumblist\",\"itemListElement\":[{\"@type\":\"ListItem\",\"@id\":\"https:\\\/\\\/candas365.es\\\/noticias#listItem\",\"position\":1,\"name\":\"Home\",\"item\":\"https:\\\/\\\/candas365.es\\\/noticias\",\"nextItem\":{\"@type\":\"ListItem\",\"@id\":\"https:\\\/\\\/candas365.es\\\/noticias\\\/category\\\/internacional\\\/#listItem\",\"name\":\"Internacional\"}},{\"@type\":\"ListItem\",\"@id\":\"https:\\\/\\\/candas365.es\\\/noticias\\\/category\\\/internacional\\\/#listItem\",\"position\":2,\"name\":\"Internacional\",\"item\":\"https:\\\/\\\/candas365.es\\\/noticias\\\/category\\\/internacional\\\/\",\"nextItem\":{\"@type\":\"ListItem\",\"@id\":\"https:\\\/\\\/candas365.es\\\/noticias\\\/alemania-pide-a-israel-que-respete-los-derechos-humanos-en-gaza\\\/#listItem\",\"name\":\"Alemania pide a Israel que respete los derechos humanos en Gaza\"},\"previousItem\":{\"@type\":\"ListItem\",\"@id\":\"https:\\\/\\\/candas365.es\\\/noticias#listItem\",\"name\":\"Home\"}},{\"@type\":\"ListItem\",\"@id\":\"https:\\\/\\\/candas365.es\\\/noticias\\\/alemania-pide-a-israel-que-respete-los-derechos-humanos-en-gaza\\\/#listItem\",\"position\":3,\"name\":\"Alemania pide a Israel que respete los derechos humanos en Gaza\",\"previousItem\":{\"@type\":\"ListItem\",\"@id\":\"https:\\\/\\\/candas365.es\\\/noticias\\\/category\\\/internacional\\\/#listItem\",\"name\":\"Internacional\"}}]},{\"@type\":\"NewsArticle\",\"@id\":\"https:\\\/\\\/candas365.es\\\/noticias\\\/alemania-pide-a-israel-que-respete-los-derechos-humanos-en-gaza\\\/#newsarticle\",\"name\":\"Alemania pide a Israel que respete los derechos humanos en Gaza | Cand\\u00e1s 365\",\"headline\":\"Alemania pide a Israel que respete los derechos humanos en Gaza\",\"author\":{\"@id\":\"https:\\\/\\\/candas365.es\\\/noticias\\\/author\\\/admin\\\/#author\"},\"publisher\":{\"@id\":\"https:\\\/\\\/candas365.es\\\/noticias\\\/#organization\"},\"image\":{\"@type\":\"ImageObject\",\"url\":\"https:\\\/\\\/candas365.es\\\/noticias\\\/wp-content\\\/uploads\\\/2023\\\/12\\\/noticias.jpg\",\"width\":640,\"height\":480,\"caption\":\"noticias\"},\"datePublished\":\"2023-12-05T02:54:15+01:00\",\"dateModified\":\"2023-12-05T02:54:15+01:00\",\"inLanguage\":\"es-ES\",\"mainEntityOfPage\":{\"@id\":\"https:\\\/\\\/candas365.es\\\/noticias\\\/alemania-pide-a-israel-que-respete-los-derechos-humanos-en-gaza\\\/#webpage\"},\"isPartOf\":{\"@id\":\"https:\\\/\\\/candas365.es\\\/noticias\\\/alemania-pide-a-israel-que-respete-los-derechos-humanos-en-gaza\\\/#webpage\"},\"articleSection\":\"Internacional, Alemania, conflictos, Internacional\",\"dateline\":\"Publicado el diciembre 5, 2023.\"},{\"@type\":\"Organization\",\"@id\":\"https:\\\/\\\/candas365.es\\\/noticias\\\/#organization\",\"name\":\"Cand\\u00e1s 365\",\"description\":\"Cand\\u00e1s 365 es un diario digital independiente, fundado en 2012, con base en Asturias. Informamos con rigor sobre actualidad, sociedad, cultura y ocio, con una mirada local y global.\",\"url\":\"https:\\\/\\\/candas365.es\\\/noticias\\\/\",\"email\":\"info@candas365.es\",\"telephone\":\"+34652131393\",\"foundingDate\":\"2012-06-10\",\"logo\":{\"@type\":\"ImageObject\",\"url\":\"https:\\\/\\\/candas365.es\\\/noticias\\\/wp-content\\\/uploads\\\/2024\\\/09\\\/Candas-365-Redes.jpg\",\"@id\":\"https:\\\/\\\/candas365.es\\\/noticias\\\/alemania-pide-a-israel-que-respete-los-derechos-humanos-en-gaza\\\/#organizationLogo\",\"width\":1152,\"height\":864,\"caption\":\"Cand\\u00e1s 365 Redes\"},\"image\":{\"@id\":\"https:\\\/\\\/candas365.es\\\/noticias\\\/alemania-pide-a-israel-que-respete-los-derechos-humanos-en-gaza\\\/#organizationLogo\"},\"sameAs\":[\"https:\\\/\\\/www.facebook.com\\\/Nachofdezber\",\"https:\\\/\\\/x.com\\\/NabercoDigital\",\"https:\\\/\\\/www.instagram.com\\\/nachofdezber\\\/\",\"https:\\\/\\\/www.youtube.com\\\/channel\\\/UCZP-2wLEB9Rv6erhFmqVnvg\"],\"address\":{\"@id\":\"https:\\\/\\\/candas365.es\\\/noticias\\\/#postaladdress\",\"@type\":\"PostalAddress\",\"streetAddress\":\"san antonio 4, san antonio 4\",\"postalCode\":\"33430\",\"addressLocality\":\"Cand\\u00e1s\",\"addressRegion\":\"Asturias\",\"addressCountry\":\"ES\"}},{\"@type\":\"Person\",\"@id\":\"https:\\\/\\\/candas365.es\\\/noticias\\\/author\\\/admin\\\/#author\",\"url\":\"https:\\\/\\\/candas365.es\\\/noticias\\\/author\\\/admin\\\/\",\"name\":\"Cand\\u00e1s 365\",\"image\":{\"@type\":\"ImageObject\",\"@id\":\"https:\\\/\\\/candas365.es\\\/noticias\\\/alemania-pide-a-israel-que-respete-los-derechos-humanos-en-gaza\\\/#authorImage\",\"url\":\"https:\\\/\\\/secure.gravatar.com\\\/avatar\\\/496a8e03d0c493ede1718b7934145dbdf8d89be1036b0eec9544e1094c9de390?s=96&d=mm&r=g\",\"width\":96,\"height\":96,\"caption\":\"Cand\\u00e1s 365\"},\"sameAs\":[\"https:\\\/\\\/www.facebook.com\\\/carrenoactualidad\",\"https:\\\/\\\/twitter.com\\\/nbasturias\",\"https:\\\/\\\/www.instagram.com\\\/nachofdezber\\\/\",\"https:\\\/\\\/www.youtube.com\\\/channel\\\/UCZP-2wLEB9Rv6erhFmqVnvg\"]},{\"@type\":\"WebPage\",\"@id\":\"https:\\\/\\\/candas365.es\\\/noticias\\\/alemania-pide-a-israel-que-respete-los-derechos-humanos-en-gaza\\\/#webpage\",\"url\":\"https:\\\/\\\/candas365.es\\\/noticias\\\/alemania-pide-a-israel-que-respete-los-derechos-humanos-en-gaza\\\/\",\"name\":\"Alemania pide a Israel que respete los derechos humanos en Gaza | Cand\\u00e1s 365\",\"description\":\"Berl\\u00edn, 4 dic (dpa) - La ministra alemana de Relaciones Exteriores, Annalena Baerbock, subray\\u00f3 hoy el derecho de Israel a la autodefensa en la guerra de Gaza\",\"inLanguage\":\"es-ES\",\"isPartOf\":{\"@id\":\"https:\\\/\\\/candas365.es\\\/noticias\\\/#website\"},\"breadcrumb\":{\"@id\":\"https:\\\/\\\/candas365.es\\\/noticias\\\/alemania-pide-a-israel-que-respete-los-derechos-humanos-en-gaza\\\/#breadcrumblist\"},\"author\":{\"@id\":\"https:\\\/\\\/candas365.es\\\/noticias\\\/author\\\/admin\\\/#author\"},\"creator\":{\"@id\":\"https:\\\/\\\/candas365.es\\\/noticias\\\/author\\\/admin\\\/#author\"},\"image\":{\"@type\":\"ImageObject\",\"url\":\"https:\\\/\\\/candas365.es\\\/noticias\\\/wp-content\\\/uploads\\\/2023\\\/12\\\/noticias.jpg\",\"@id\":\"https:\\\/\\\/candas365.es\\\/noticias\\\/alemania-pide-a-israel-que-respete-los-derechos-humanos-en-gaza\\\/#mainImage\",\"width\":640,\"height\":480,\"caption\":\"noticias\"},\"primaryImageOfPage\":{\"@id\":\"https:\\\/\\\/candas365.es\\\/noticias\\\/alemania-pide-a-israel-que-respete-los-derechos-humanos-en-gaza\\\/#mainImage\"},\"datePublished\":\"2023-12-05T02:54:15+01:00\",\"dateModified\":\"2023-12-05T02:54:15+01:00\"},{\"@type\":\"WebSite\",\"@id\":\"https:\\\/\\\/candas365.es\\\/noticias\\\/#website\",\"url\":\"https:\\\/\\\/candas365.es\\\/noticias\\\/\",\"name\":\"Cand\\u00e1s 365\",\"alternateName\":\"Cand\\u00e1s 365 Noticias\",\"description\":\"Actualidad desde Carre\\u00f1o para el mundo\",\"inLanguage\":\"es-ES\",\"publisher\":{\"@id\":\"https:\\\/\\\/candas365.es\\\/noticias\\\/#organization\"}}]}\n\t\t<\/script>\n\t\t<!-- All in One SEO Pro -->\r\n\t\t<title>Alemania pide a Israel que respete los derechos humanos en Gaza | Cand\u00e1s 365<\/title>\n\n","aioseo_head_json":{"title":"Alemania pide a Israel que respete los derechos humanos en Gaza | Cand\u00e1s 365","description":"Berl\u00edn, 4 dic (dpa) - La ministra alemana de Relaciones Exteriores, Annalena Baerbock, subray\u00f3 hoy el derecho de Israel a la autodefensa en la guerra de Gaza","canonical_url":"https:\/\/candas365.es\/noticias\/alemania-pide-a-israel-que-respete-los-derechos-humanos-en-gaza\/","robots":"max-image-preview:large","keywords":"internacional","webmasterTools":{"google-site-verification":"UA-32230408-1","msvalidate.01":"354F3CDFB2DA171B47FBE9ABF1F88D5","miscellaneous":""},"schema":{"@context":"https:\/\/schema.org","@graph":[{"@type":"BreadcrumbList","@id":"https:\/\/candas365.es\/noticias\/alemania-pide-a-israel-que-respete-los-derechos-humanos-en-gaza\/#breadcrumblist","itemListElement":[{"@type":"ListItem","@id":"https:\/\/candas365.es\/noticias#listItem","position":1,"name":"Home","item":"https:\/\/candas365.es\/noticias","nextItem":{"@type":"ListItem","@id":"https:\/\/candas365.es\/noticias\/category\/internacional\/#listItem","name":"Internacional"}},{"@type":"ListItem","@id":"https:\/\/candas365.es\/noticias\/category\/internacional\/#listItem","position":2,"name":"Internacional","item":"https:\/\/candas365.es\/noticias\/category\/internacional\/","nextItem":{"@type":"ListItem","@id":"https:\/\/candas365.es\/noticias\/alemania-pide-a-israel-que-respete-los-derechos-humanos-en-gaza\/#listItem","name":"Alemania pide a Israel que respete los derechos humanos en Gaza"},"previousItem":{"@type":"ListItem","@id":"https:\/\/candas365.es\/noticias#listItem","name":"Home"}},{"@type":"ListItem","@id":"https:\/\/candas365.es\/noticias\/alemania-pide-a-israel-que-respete-los-derechos-humanos-en-gaza\/#listItem","position":3,"name":"Alemania pide a Israel que respete los derechos humanos en Gaza","previousItem":{"@type":"ListItem","@id":"https:\/\/candas365.es\/noticias\/category\/internacional\/#listItem","name":"Internacional"}}]},{"@type":"NewsArticle","@id":"https:\/\/candas365.es\/noticias\/alemania-pide-a-israel-que-respete-los-derechos-humanos-en-gaza\/#newsarticle","name":"Alemania pide a Israel que respete los derechos humanos en Gaza | Cand\u00e1s 365","headline":"Alemania pide a Israel que respete los derechos humanos en Gaza","author":{"@id":"https:\/\/candas365.es\/noticias\/author\/admin\/#author"},"publisher":{"@id":"https:\/\/candas365.es\/noticias\/#organization"},"image":{"@type":"ImageObject","url":"https:\/\/candas365.es\/noticias\/wp-content\/uploads\/2023\/12\/noticias.jpg","width":640,"height":480,"caption":"noticias"},"datePublished":"2023-12-05T02:54:15+01:00","dateModified":"2023-12-05T02:54:15+01:00","inLanguage":"es-ES","mainEntityOfPage":{"@id":"https:\/\/candas365.es\/noticias\/alemania-pide-a-israel-que-respete-los-derechos-humanos-en-gaza\/#webpage"},"isPartOf":{"@id":"https:\/\/candas365.es\/noticias\/alemania-pide-a-israel-que-respete-los-derechos-humanos-en-gaza\/#webpage"},"articleSection":"Internacional, Alemania, conflictos, Internacional","dateline":"Publicado el diciembre 5, 2023."},{"@type":"Organization","@id":"https:\/\/candas365.es\/noticias\/#organization","name":"Cand\u00e1s 365","description":"Cand\u00e1s 365 es un diario digital independiente, fundado en 2012, con base en Asturias. Informamos con rigor sobre actualidad, sociedad, cultura y ocio, con una mirada local y global.","url":"https:\/\/candas365.es\/noticias\/","email":"info@candas365.es","telephone":"+34652131393","foundingDate":"2012-06-10","logo":{"@type":"ImageObject","url":"https:\/\/candas365.es\/noticias\/wp-content\/uploads\/2024\/09\/Candas-365-Redes.jpg","@id":"https:\/\/candas365.es\/noticias\/alemania-pide-a-israel-que-respete-los-derechos-humanos-en-gaza\/#organizationLogo","width":1152,"height":864,"caption":"Cand\u00e1s 365 Redes"},"image":{"@id":"https:\/\/candas365.es\/noticias\/alemania-pide-a-israel-que-respete-los-derechos-humanos-en-gaza\/#organizationLogo"},"sameAs":["https:\/\/www.facebook.com\/Nachofdezber","https:\/\/x.com\/NabercoDigital","https:\/\/www.instagram.com\/nachofdezber\/","https:\/\/www.youtube.com\/channel\/UCZP-2wLEB9Rv6erhFmqVnvg"],"address":{"@id":"https:\/\/candas365.es\/noticias\/#postaladdress","@type":"PostalAddress","streetAddress":"san antonio 4, san antonio 4","postalCode":"33430","addressLocality":"Cand\u00e1s","addressRegion":"Asturias","addressCountry":"ES"}},{"@type":"Person","@id":"https:\/\/candas365.es\/noticias\/author\/admin\/#author","url":"https:\/\/candas365.es\/noticias\/author\/admin\/","name":"Cand\u00e1s 365","image":{"@type":"ImageObject","@id":"https:\/\/candas365.es\/noticias\/alemania-pide-a-israel-que-respete-los-derechos-humanos-en-gaza\/#authorImage","url":"https:\/\/secure.gravatar.com\/avatar\/496a8e03d0c493ede1718b7934145dbdf8d89be1036b0eec9544e1094c9de390?s=96&d=mm&r=g","width":96,"height":96,"caption":"Cand\u00e1s 365"},"sameAs":["https:\/\/www.facebook.com\/carrenoactualidad","https:\/\/twitter.com\/nbasturias","https:\/\/www.instagram.com\/nachofdezber\/","https:\/\/www.youtube.com\/channel\/UCZP-2wLEB9Rv6erhFmqVnvg"]},{"@type":"WebPage","@id":"https:\/\/candas365.es\/noticias\/alemania-pide-a-israel-que-respete-los-derechos-humanos-en-gaza\/#webpage","url":"https:\/\/candas365.es\/noticias\/alemania-pide-a-israel-que-respete-los-derechos-humanos-en-gaza\/","name":"Alemania pide a Israel que respete los derechos humanos en Gaza | Cand\u00e1s 365","description":"Berl\u00edn, 4 dic (dpa) - La ministra alemana de Relaciones Exteriores, Annalena Baerbock, subray\u00f3 hoy el derecho de Israel a la autodefensa en la guerra de Gaza","inLanguage":"es-ES","isPartOf":{"@id":"https:\/\/candas365.es\/noticias\/#website"},"breadcrumb":{"@id":"https:\/\/candas365.es\/noticias\/alemania-pide-a-israel-que-respete-los-derechos-humanos-en-gaza\/#breadcrumblist"},"author":{"@id":"https:\/\/candas365.es\/noticias\/author\/admin\/#author"},"creator":{"@id":"https:\/\/candas365.es\/noticias\/author\/admin\/#author"},"image":{"@type":"ImageObject","url":"https:\/\/candas365.es\/noticias\/wp-content\/uploads\/2023\/12\/noticias.jpg","@id":"https:\/\/candas365.es\/noticias\/alemania-pide-a-israel-que-respete-los-derechos-humanos-en-gaza\/#mainImage","width":640,"height":480,"caption":"noticias"},"primaryImageOfPage":{"@id":"https:\/\/candas365.es\/noticias\/alemania-pide-a-israel-que-respete-los-derechos-humanos-en-gaza\/#mainImage"},"datePublished":"2023-12-05T02:54:15+01:00","dateModified":"2023-12-05T02:54:15+01:00"},{"@type":"WebSite","@id":"https:\/\/candas365.es\/noticias\/#website","url":"https:\/\/candas365.es\/noticias\/","name":"Cand\u00e1s 365","alternateName":"Cand\u00e1s 365 Noticias","description":"Actualidad desde Carre\u00f1o para el mundo","inLanguage":"es-ES","publisher":{"@id":"https:\/\/candas365.es\/noticias\/#organization"}}]},"og:locale":"es_ES","og:site_name":"Cand\u00e1s 365","og:type":"article","og:title":"Alemania pide a Israel que respete los derechos humanos en Gaza | Cand\u00e1s 365","og:description":"Berl\u00edn, 4 dic (dpa) - La ministra alemana de Relaciones Exteriores, Annalena Baerbock, subray\u00f3 hoy el derecho de Israel a la autodefensa en la guerra de Gaza","og:url":"https:\/\/candas365.es\/noticias\/alemania-pide-a-israel-que-respete-los-derechos-humanos-en-gaza\/","og:image":"https:\/\/candas365.es\/noticias\/wp-content\/uploads\/2023\/12\/noticias.jpg","og:image:secure_url":"https:\/\/candas365.es\/noticias\/wp-content\/uploads\/2023\/12\/noticias.jpg","og:image:width":640,"og:image:height":480,"article:published_time":"2023-12-05T01:54:15+00:00","article:modified_time":"2023-12-05T01:54:15+00:00","article:publisher":"https:\/\/www.facebook.com\/Nachofdezber","article:author":"https:\/\/www.facebook.com\/carrenoactualidad","twitter:card":"summary_large_image","twitter:site":"@NabercoDigital","twitter:title":"Alemania pide a Israel que respete los derechos humanos en Gaza | Cand\u00e1s 365","twitter:description":"Berl\u00edn, 4 dic (dpa) - La ministra alemana de Relaciones Exteriores, Annalena Baerbock, subray\u00f3 hoy el derecho de Israel a la autodefensa en la guerra de Gaza","twitter:creator":"@nbasturias","twitter:image":"https:\/\/candas365.es\/noticias\/wp-content\/uploads\/2023\/12\/noticias.jpg","twitter:label1":"Escrito por","twitter:data1":"Cand\u00e1s 365","twitter:label2":"Tiempo de lectura estimado","twitter:data2":"2 minutos"},"aioseo_meta_data":{"post_id":"176875","title":null,"description":"Berl\u00edn, 4 dic (dpa) - La ministra alemana de Relaciones Exteriores, Annalena Baerbock, subray\u00f3 hoy el derecho de Israel a la autodefensa en la guerra de Gaza","keywords":[],"keyphrases":{"focus":{"keyphrase":"Gaza","score":89,"analysis":{"keyphraseInTitle":{"score":9,"maxScore":9,"error":0},"keyphraseInDescription":{"score":9,"maxScore":9,"error":0},"keyphraseLength":{"score":9,"maxScore":9,"error":0,"length":1},"keyphraseInURL":[],"keyphraseInIntroduction":{"score":9,"maxScore":9,"error":0},"keyphraseInSubHeadings":[],"keyphraseInImageAlt":{"score":3,"maxScore":9,"error":1},"keywordDensity":{"type":"best","score":9,"maxScore":9,"error":0}}},"additional":[{"keyphrase":"Gaza","score":87,"analysis":{"keyphraseInDescription":{"score":9,"maxScore":9,"error":0},"keyphraseLength":{"score":9,"maxScore":9,"error":0,"length":1},"keyphraseInIntroduction":{"score":9,"maxScore":9,"error":0},"keyphraseInImageAlt":{"score":3,"maxScore":9,"error":1},"keywordDensity":{"type":"best","score":9,"maxScore":9,"error":0}}}]},"primary_term":null,"canonical_url":null,"og_title":null,"og_description":null,"og_object_type":"default","og_image_type":"default","og_image_url":null,"og_image_width":null,"og_image_height":null,"og_image_custom_url":null,"og_image_custom_fields":null,"og_video":"","og_custom_url":null,"og_article_section":null,"og_article_tags":[],"twitter_use_og":false,"twitter_card":"default","twitter_image_type":"default","twitter_image_url":null,"twitter_image_custom_url":null,"twitter_image_custom_fields":null,"twitter_title":null,"twitter_description":null,"schema":{"blockGraphs":[],"customGraphs":[],"default":{"data":{"Article":[],"Course":[],"Dataset":[],"FAQPage":[],"Movie":[],"Person":[],"Product":[],"ProductReview":[],"Car":[],"Recipe":[],"Service":[],"SoftwareApplication":[],"WebPage":[]},"graphName":"Article","isEnabled":true},"graphs":[]},"schema_type":"default","schema_type_options":null,"pillar_content":false,"robots_default":true,"robots_noindex":false,"robots_noarchive":false,"robots_nosnippet":false,"robots_nofollow":false,"robots_noimageindex":false,"robots_noodp":false,"robots_notranslate":false,"robots_max_snippet":"-1","robots_max_videopreview":"-1","robots_max_imagepreview":"large","priority":null,"frequency":"default","location":null,"local_seo":null,"seo_analyzer_scan_date":"2025-09-02 01:09:23","breadcrumb_settings":null,"limit_modified_date":false,"reviewed_by":null,"open_ai":"{\"title\":{\"suggestions\":[],\"usage\":0},\"description\":{\"suggestions\":[],\"usage\":0}}","ai":null,"created":"2023-12-05 01:51:57","updated":"2025-09-02 01:09:23"},"aioseo_breadcrumb":"<div class=\"aioseo-breadcrumbs\"><span class=\"aioseo-breadcrumb\">\n\t<a href=\"https:\/\/candas365.es\/noticias\" title=\"Home\">Home<\/a>\n<\/span><span class=\"aioseo-breadcrumb-separator\">&ndash;<\/span><span class=\"aioseo-breadcrumb\">\n\t<a href=\"https:\/\/candas365.es\/noticias\/category\/internacional\/\" title=\"Internacional\">Internacional<\/a>\n<\/span><span class=\"aioseo-breadcrumb-separator\">&ndash;<\/span><span class=\"aioseo-breadcrumb\">\n\tAlemania pide a Israel que respete los derechos humanos en Gaza\n<\/span><\/div>","aioseo_breadcrumb_json":[{"label":"Home","link":"https:\/\/candas365.es\/noticias"},{"label":"Internacional","link":"https:\/\/candas365.es\/noticias\/category\/internacional\/"},{"label":"Alemania pide a Israel que respete los derechos humanos en Gaza","link":"https:\/\/candas365.es\/noticias\/alemania-pide-a-israel-que-respete-los-derechos-humanos-en-gaza\/"}],"_links":{"self":[{"href":"https:\/\/candas365.es\/noticias\/wp-json\/wp\/v2\/posts\/176875","targetHints":{"allow":["GET"]}}],"collection":[{"href":"https:\/\/candas365.es\/noticias\/wp-json\/wp\/v2\/posts"}],"about":[{"href":"https:\/\/candas365.es\/noticias\/wp-json\/wp\/v2\/types\/post"}],"author":[{"embeddable":true,"href":"https:\/\/candas365.es\/noticias\/wp-json\/wp\/v2\/users\/1"}],"replies":[{"embeddable":true,"href":"https:\/\/candas365.es\/noticias\/wp-json\/wp\/v2\/comments?post=176875"}],"version-history":[{"count":0,"href":"https:\/\/candas365.es\/noticias\/wp-json\/wp\/v2\/posts\/176875\/revisions"}],"wp:featuredmedia":[{"embeddable":true,"href":"https:\/\/candas365.es\/noticias\/wp-json\/wp\/v2\/media\/176718"}],"wp:attachment":[{"href":"https:\/\/candas365.es\/noticias\/wp-json\/wp\/v2\/media?parent=176875"}],"wp:term":[{"taxonomy":"category","embeddable":true,"href":"https:\/\/candas365.es\/noticias\/wp-json\/wp\/v2\/categories?post=176875"},{"taxonomy":"post_tag","embeddable":true,"href":"https:\/\/candas365.es\/noticias\/wp-json\/wp\/v2\/tags?post=176875"}],"curies":[{"name":"wp","href":"https:\/\/api.w.org\/{rel}","templated":true}]}}