{"id":176869,"date":"2023-12-05T02:35:07","date_gmt":"2023-12-05T01:35:07","guid":{"rendered":"https:\/\/candas365.es\/noticias\/?p=176869"},"modified":"2023-12-05T02:35:19","modified_gmt":"2023-12-05T01:35:19","slug":"los-consumidores-gastaran-mas-en-alemania","status":"publish","type":"post","link":"https:\/\/candas365.es\/noticias\/los-consumidores-gastaran-mas-en-alemania\/","title":{"rendered":"Los consumidores gastar\u00e1n m\u00e1s en Alemania"},"content":{"rendered":"<p>Berl\u00edn, 4 dic (<a title=\"dpa\" href=\"https:\/\/www.dpa-news.de\/\" target=\"_blank\" rel=\"noopener\"><strong><span style=\"color: #ff6600;\">dpa<\/span><\/strong><\/a>) &#8211; La confianza de los consumidores en Alemania alcanz\u00f3 el mejor nivel en casi un a\u00f1o, comunic\u00f3 hoy la Asociaci\u00f3n Alemana del Comercio Minorista (HDE).<\/p>\n<p><img fetchpriority=\"high\" decoding=\"async\" class=\"aligncenter wp-image-176870 size-full\" src=\"https:\/\/candas365.es\/noticias\/wp-content\/uploads\/2023\/12\/consumidores.jpg\" alt=\"consumidores\" width=\"640\" height=\"424\" srcset=\"https:\/\/candas365.es\/noticias\/wp-content\/uploads\/2023\/12\/consumidores.jpg 640w, https:\/\/candas365.es\/noticias\/wp-content\/uploads\/2023\/12\/consumidores-360x239.jpg 360w, https:\/\/candas365.es\/noticias\/wp-content\/uploads\/2023\/12\/consumidores-150x99.jpg 150w, https:\/\/candas365.es\/noticias\/wp-content\/uploads\/2023\/12\/consumidores-450x298.jpg 450w\" sizes=\"(max-width: 640px) 100vw, 640px\" \/><\/p>\n<p>El bar\u00f3metro del consumidor de la asociaci\u00f3n, que se basa en encuestas a los consumidores, subi\u00f3 en diciembre a un m\u00e1ximo anual, precis\u00f3 la HDE. <strong>Seg\u00fan la encuesta, los ciudadanos tienen previsto volver a gastar m\u00e1s y ahorran menos.<\/strong><\/p>\n<p>A pesar de las <a href=\"https:\/\/candas365.es\/noticias\/category\/economia\/\"><strong><span style=\"color: #ff6600;\">numerosas crisis<\/span><\/strong><\/a>, incluida la de guerra en el Cercano Oriente, los consumidores son mucho m\u00e1s optimistas sobre las pr\u00f3ximas semanas que en meses anteriores. <strong>Por tanto, existe la posibilidad de que el consumo privado se estabilice de aqu\u00ed a finales de a\u00f1o, destaca la encuesta.<\/strong><\/p>\n<p>No obstante, persisten riesgos. Seg\u00fan la HDE, la crisis presupuestaria del Gobierno alem\u00e1n podr\u00eda volver a provocar una mayor contenci\u00f3n del gasto de los consumidores.<\/p>\n","protected":false},"excerpt":{"rendered":"<p>Berl\u00edn, 4 dic (dpa) &#8211; La confianza de los consumidores en Alemania alcanz\u00f3 el mejor nivel en casi un a\u00f1o, comunic\u00f3 hoy la Asociaci\u00f3n Alemana del Comercio Minorista (HDE). El bar\u00f3metro del consumidor de la asociaci\u00f3n, que se basa en encuestas a los consumidores, subi\u00f3 en diciembre a un m\u00e1ximo anual, precis\u00f3 la HDE. Seg\u00fan<\/p>\n","protected":false},"author":1,"featured_media":176870,"comment_status":"closed","ping_status":"closed","sticky":false,"template":"","format":"standard","meta":{"footnotes":""},"categories":[486],"tags":[417,437],"class_list":{"0":"post-176869","1":"post","2":"type-post","3":"status-publish","4":"format-standard","5":"has-post-thumbnail","7":"category-economia","8":"tag-alemania","9":"tag-economia"},"aioseo_notices":[],"aioseo_head":"\n\t\t<!-- All in One SEO Pro 4.9.6.2 - aioseo.com -->\n\t<meta name=\"description\" content=\"Berl\u00edn, 4 dic (dpa) - La confianza de los consumidores en Alemania alcanz\u00f3 el mejor nivel en casi un a\u00f1o, comunic\u00f3 hoy la Asociaci\u00f3n Alemana del Comercio\" \/>\n\t<meta name=\"robots\" content=\"max-image-preview:large\" \/>\n\t<meta name=\"author\" content=\"Cand\u00e1s 365\"\/>\n\t<meta name=\"google-site-verification\" content=\"UA-32230408-1\" \/>\n\t<meta name=\"msvalidate.01\" content=\"354F3CDFB2DA171B47FBE9ABF1F88D5\" \/>\n\t<meta name=\"keywords\" content=\"econom\u00eda\" \/>\n\t<link rel=\"canonical\" href=\"https:\/\/candas365.es\/noticias\/los-consumidores-gastaran-mas-en-alemania\/\" \/>\n\t<meta name=\"generator\" content=\"All in One SEO Pro (AIOSEO) 4.9.6.2\" \/>\n\t\t<meta property=\"og:locale\" content=\"es_ES\" \/>\n\t\t<meta property=\"og:site_name\" content=\"Cand\u00e1s 365\" \/>\n\t\t<meta property=\"og:type\" content=\"article\" \/>\n\t\t<meta property=\"og:title\" content=\"Los consumidores gastar\u00e1n m\u00e1s en Alemania | Cand\u00e1s 365\" \/>\n\t\t<meta property=\"og:description\" content=\"Berl\u00edn, 4 dic (dpa) - La confianza de los consumidores en Alemania alcanz\u00f3 el mejor nivel en casi un a\u00f1o, comunic\u00f3 hoy la Asociaci\u00f3n Alemana del Comercio\" \/>\n\t\t<meta property=\"og:url\" content=\"https:\/\/candas365.es\/noticias\/los-consumidores-gastaran-mas-en-alemania\/\" \/>\n\t\t<meta property=\"og:image\" content=\"https:\/\/candas365.es\/noticias\/wp-content\/uploads\/2023\/12\/consumidores.jpg\" \/>\n\t\t<meta property=\"og:image:secure_url\" content=\"https:\/\/candas365.es\/noticias\/wp-content\/uploads\/2023\/12\/consumidores.jpg\" \/>\n\t\t<meta property=\"og:image:width\" content=\"640\" \/>\n\t\t<meta property=\"og:image:height\" content=\"424\" \/>\n\t\t<meta property=\"article:published_time\" content=\"2023-12-05T01:35:07+00:00\" \/>\n\t\t<meta property=\"article:modified_time\" content=\"2023-12-05T01:35:19+00:00\" \/>\n\t\t<meta property=\"article:publisher\" content=\"https:\/\/www.facebook.com\/Nachofdezber\" \/>\n\t\t<meta property=\"article:author\" content=\"https:\/\/www.facebook.com\/carrenoactualidad\" \/>\n\t\t<meta name=\"twitter:card\" content=\"summary_large_image\" \/>\n\t\t<meta name=\"twitter:site\" content=\"@NabercoDigital\" \/>\n\t\t<meta name=\"twitter:title\" content=\"Los consumidores gastar\u00e1n m\u00e1s en Alemania | Cand\u00e1s 365\" \/>\n\t\t<meta name=\"twitter:description\" content=\"Berl\u00edn, 4 dic (dpa) - La confianza de los consumidores en Alemania alcanz\u00f3 el mejor nivel en casi un a\u00f1o, comunic\u00f3 hoy la Asociaci\u00f3n Alemana del Comercio\" \/>\n\t\t<meta name=\"twitter:creator\" content=\"@nbasturias\" \/>\n\t\t<meta name=\"twitter:image\" content=\"https:\/\/candas365.es\/noticias\/wp-content\/uploads\/2023\/12\/consumidores.jpg\" \/>\n\t\t<meta name=\"twitter:label1\" content=\"Escrito por\" \/>\n\t\t<meta name=\"twitter:data1\" content=\"Cand\u00e1s 365\" \/>\n\t\t<meta name=\"twitter:label2\" content=\"Tiempo de lectura estimado\" \/>\n\t\t<meta name=\"twitter:data2\" content=\"1 minuto\" \/>\n\t\t<script type=\"application\/ld+json\" class=\"aioseo-schema\">\n\t\t\t{\"@context\":\"https:\\\/\\\/schema.org\",\"@graph\":[{\"@type\":\"BreadcrumbList\",\"@id\":\"https:\\\/\\\/candas365.es\\\/noticias\\\/los-consumidores-gastaran-mas-en-alemania\\\/#breadcrumblist\",\"itemListElement\":[{\"@type\":\"ListItem\",\"@id\":\"https:\\\/\\\/candas365.es\\\/noticias#listItem\",\"position\":1,\"name\":\"Home\",\"item\":\"https:\\\/\\\/candas365.es\\\/noticias\",\"nextItem\":{\"@type\":\"ListItem\",\"@id\":\"https:\\\/\\\/candas365.es\\\/noticias\\\/category\\\/economia\\\/#listItem\",\"name\":\"Econom\\u00eda\"}},{\"@type\":\"ListItem\",\"@id\":\"https:\\\/\\\/candas365.es\\\/noticias\\\/category\\\/economia\\\/#listItem\",\"position\":2,\"name\":\"Econom\\u00eda\",\"item\":\"https:\\\/\\\/candas365.es\\\/noticias\\\/category\\\/economia\\\/\",\"nextItem\":{\"@type\":\"ListItem\",\"@id\":\"https:\\\/\\\/candas365.es\\\/noticias\\\/los-consumidores-gastaran-mas-en-alemania\\\/#listItem\",\"name\":\"Los consumidores gastar\\u00e1n m\\u00e1s en Alemania\"},\"previousItem\":{\"@type\":\"ListItem\",\"@id\":\"https:\\\/\\\/candas365.es\\\/noticias#listItem\",\"name\":\"Home\"}},{\"@type\":\"ListItem\",\"@id\":\"https:\\\/\\\/candas365.es\\\/noticias\\\/los-consumidores-gastaran-mas-en-alemania\\\/#listItem\",\"position\":3,\"name\":\"Los consumidores gastar\\u00e1n m\\u00e1s en Alemania\",\"previousItem\":{\"@type\":\"ListItem\",\"@id\":\"https:\\\/\\\/candas365.es\\\/noticias\\\/category\\\/economia\\\/#listItem\",\"name\":\"Econom\\u00eda\"}}]},{\"@type\":\"NewsArticle\",\"@id\":\"https:\\\/\\\/candas365.es\\\/noticias\\\/los-consumidores-gastaran-mas-en-alemania\\\/#newsarticle\",\"name\":\"Los consumidores gastar\\u00e1n m\\u00e1s en Alemania | Cand\\u00e1s 365\",\"headline\":\"Los consumidores gastar\\u00e1n m\\u00e1s en Alemania\",\"author\":{\"@id\":\"https:\\\/\\\/candas365.es\\\/noticias\\\/author\\\/admin\\\/#author\"},\"publisher\":{\"@id\":\"https:\\\/\\\/candas365.es\\\/noticias\\\/#organization\"},\"image\":{\"@type\":\"ImageObject\",\"url\":\"https:\\\/\\\/candas365.es\\\/noticias\\\/wp-content\\\/uploads\\\/2023\\\/12\\\/consumidores.jpg\",\"width\":640,\"height\":424,\"caption\":\"consumidores\"},\"datePublished\":\"2023-12-05T02:35:07+01:00\",\"dateModified\":\"2023-12-05T02:35:19+01:00\",\"inLanguage\":\"es-ES\",\"mainEntityOfPage\":{\"@id\":\"https:\\\/\\\/candas365.es\\\/noticias\\\/los-consumidores-gastaran-mas-en-alemania\\\/#webpage\"},\"isPartOf\":{\"@id\":\"https:\\\/\\\/candas365.es\\\/noticias\\\/los-consumidores-gastaran-mas-en-alemania\\\/#webpage\"},\"articleSection\":\"Econom\\u00eda, Alemania, Econom\\u00eda\",\"dateline\":\"Publicado el diciembre 5, 2023.\"},{\"@type\":\"Organization\",\"@id\":\"https:\\\/\\\/candas365.es\\\/noticias\\\/#organization\",\"name\":\"Cand\\u00e1s 365\",\"description\":\"Cand\\u00e1s 365 es un diario digital independiente, fundado en 2012, con base en Asturias. Informamos con rigor sobre actualidad, sociedad, cultura y ocio, con una mirada local y global.\",\"url\":\"https:\\\/\\\/candas365.es\\\/noticias\\\/\",\"email\":\"info@candas365.es\",\"telephone\":\"+34652131393\",\"foundingDate\":\"2012-06-10\",\"logo\":{\"@type\":\"ImageObject\",\"url\":\"https:\\\/\\\/candas365.es\\\/noticias\\\/wp-content\\\/uploads\\\/2024\\\/09\\\/Candas-365-Redes.jpg\",\"@id\":\"https:\\\/\\\/candas365.es\\\/noticias\\\/los-consumidores-gastaran-mas-en-alemania\\\/#organizationLogo\",\"width\":1152,\"height\":864,\"caption\":\"Cand\\u00e1s 365 Redes\"},\"image\":{\"@id\":\"https:\\\/\\\/candas365.es\\\/noticias\\\/los-consumidores-gastaran-mas-en-alemania\\\/#organizationLogo\"},\"sameAs\":[\"https:\\\/\\\/www.facebook.com\\\/Nachofdezber\",\"https:\\\/\\\/x.com\\\/NabercoDigital\",\"https:\\\/\\\/www.instagram.com\\\/nachofdezber\\\/\",\"https:\\\/\\\/www.youtube.com\\\/channel\\\/UCZP-2wLEB9Rv6erhFmqVnvg\"],\"address\":{\"@id\":\"https:\\\/\\\/candas365.es\\\/noticias\\\/#postaladdress\",\"@type\":\"PostalAddress\",\"streetAddress\":\"san antonio 4, san antonio 4\",\"postalCode\":\"33430\",\"addressLocality\":\"Cand\\u00e1s\",\"addressRegion\":\"Asturias\",\"addressCountry\":\"ES\"}},{\"@type\":\"Person\",\"@id\":\"https:\\\/\\\/candas365.es\\\/noticias\\\/author\\\/admin\\\/#author\",\"url\":\"https:\\\/\\\/candas365.es\\\/noticias\\\/author\\\/admin\\\/\",\"name\":\"Cand\\u00e1s 365\",\"image\":{\"@type\":\"ImageObject\",\"@id\":\"https:\\\/\\\/candas365.es\\\/noticias\\\/los-consumidores-gastaran-mas-en-alemania\\\/#authorImage\",\"url\":\"https:\\\/\\\/secure.gravatar.com\\\/avatar\\\/496a8e03d0c493ede1718b7934145dbdf8d89be1036b0eec9544e1094c9de390?s=96&d=mm&r=g\",\"width\":96,\"height\":96,\"caption\":\"Cand\\u00e1s 365\"},\"sameAs\":[\"https:\\\/\\\/www.facebook.com\\\/carrenoactualidad\",\"https:\\\/\\\/twitter.com\\\/nbasturias\",\"https:\\\/\\\/www.instagram.com\\\/nachofdezber\\\/\",\"https:\\\/\\\/www.youtube.com\\\/channel\\\/UCZP-2wLEB9Rv6erhFmqVnvg\"]},{\"@type\":\"WebPage\",\"@id\":\"https:\\\/\\\/candas365.es\\\/noticias\\\/los-consumidores-gastaran-mas-en-alemania\\\/#webpage\",\"url\":\"https:\\\/\\\/candas365.es\\\/noticias\\\/los-consumidores-gastaran-mas-en-alemania\\\/\",\"name\":\"Los consumidores gastar\\u00e1n m\\u00e1s en Alemania | Cand\\u00e1s 365\",\"description\":\"Berl\\u00edn, 4 dic (dpa) - La confianza de los consumidores en Alemania alcanz\\u00f3 el mejor nivel en casi un a\\u00f1o, comunic\\u00f3 hoy la Asociaci\\u00f3n Alemana del Comercio\",\"inLanguage\":\"es-ES\",\"isPartOf\":{\"@id\":\"https:\\\/\\\/candas365.es\\\/noticias\\\/#website\"},\"breadcrumb\":{\"@id\":\"https:\\\/\\\/candas365.es\\\/noticias\\\/los-consumidores-gastaran-mas-en-alemania\\\/#breadcrumblist\"},\"author\":{\"@id\":\"https:\\\/\\\/candas365.es\\\/noticias\\\/author\\\/admin\\\/#author\"},\"creator\":{\"@id\":\"https:\\\/\\\/candas365.es\\\/noticias\\\/author\\\/admin\\\/#author\"},\"image\":{\"@type\":\"ImageObject\",\"url\":\"https:\\\/\\\/candas365.es\\\/noticias\\\/wp-content\\\/uploads\\\/2023\\\/12\\\/consumidores.jpg\",\"@id\":\"https:\\\/\\\/candas365.es\\\/noticias\\\/los-consumidores-gastaran-mas-en-alemania\\\/#mainImage\",\"width\":640,\"height\":424,\"caption\":\"consumidores\"},\"primaryImageOfPage\":{\"@id\":\"https:\\\/\\\/candas365.es\\\/noticias\\\/los-consumidores-gastaran-mas-en-alemania\\\/#mainImage\"},\"datePublished\":\"2023-12-05T02:35:07+01:00\",\"dateModified\":\"2023-12-05T02:35:19+01:00\"},{\"@type\":\"WebSite\",\"@id\":\"https:\\\/\\\/candas365.es\\\/noticias\\\/#website\",\"url\":\"https:\\\/\\\/candas365.es\\\/noticias\\\/\",\"name\":\"Cand\\u00e1s 365\",\"alternateName\":\"Cand\\u00e1s 365 Noticias\",\"description\":\"Actualidad desde Carre\\u00f1o para el mundo\",\"inLanguage\":\"es-ES\",\"publisher\":{\"@id\":\"https:\\\/\\\/candas365.es\\\/noticias\\\/#organization\"}}]}\n\t\t<\/script>\n\t\t<!-- All in One SEO Pro -->\r\n\t\t<title>Los consumidores gastar\u00e1n m\u00e1s en Alemania | Cand\u00e1s 365<\/title>\n\n","aioseo_head_json":{"title":"Los consumidores gastar\u00e1n m\u00e1s en Alemania | Cand\u00e1s 365","description":"Berl\u00edn, 4 dic (dpa) - La confianza de los consumidores en Alemania alcanz\u00f3 el mejor nivel en casi un a\u00f1o, comunic\u00f3 hoy la Asociaci\u00f3n Alemana del Comercio","canonical_url":"https:\/\/candas365.es\/noticias\/los-consumidores-gastaran-mas-en-alemania\/","robots":"max-image-preview:large","keywords":"econom\u00eda","webmasterTools":{"google-site-verification":"UA-32230408-1","msvalidate.01":"354F3CDFB2DA171B47FBE9ABF1F88D5","miscellaneous":""},"schema":{"@context":"https:\/\/schema.org","@graph":[{"@type":"BreadcrumbList","@id":"https:\/\/candas365.es\/noticias\/los-consumidores-gastaran-mas-en-alemania\/#breadcrumblist","itemListElement":[{"@type":"ListItem","@id":"https:\/\/candas365.es\/noticias#listItem","position":1,"name":"Home","item":"https:\/\/candas365.es\/noticias","nextItem":{"@type":"ListItem","@id":"https:\/\/candas365.es\/noticias\/category\/economia\/#listItem","name":"Econom\u00eda"}},{"@type":"ListItem","@id":"https:\/\/candas365.es\/noticias\/category\/economia\/#listItem","position":2,"name":"Econom\u00eda","item":"https:\/\/candas365.es\/noticias\/category\/economia\/","nextItem":{"@type":"ListItem","@id":"https:\/\/candas365.es\/noticias\/los-consumidores-gastaran-mas-en-alemania\/#listItem","name":"Los consumidores gastar\u00e1n m\u00e1s en Alemania"},"previousItem":{"@type":"ListItem","@id":"https:\/\/candas365.es\/noticias#listItem","name":"Home"}},{"@type":"ListItem","@id":"https:\/\/candas365.es\/noticias\/los-consumidores-gastaran-mas-en-alemania\/#listItem","position":3,"name":"Los consumidores gastar\u00e1n m\u00e1s en Alemania","previousItem":{"@type":"ListItem","@id":"https:\/\/candas365.es\/noticias\/category\/economia\/#listItem","name":"Econom\u00eda"}}]},{"@type":"NewsArticle","@id":"https:\/\/candas365.es\/noticias\/los-consumidores-gastaran-mas-en-alemania\/#newsarticle","name":"Los consumidores gastar\u00e1n m\u00e1s en Alemania | Cand\u00e1s 365","headline":"Los consumidores gastar\u00e1n m\u00e1s en Alemania","author":{"@id":"https:\/\/candas365.es\/noticias\/author\/admin\/#author"},"publisher":{"@id":"https:\/\/candas365.es\/noticias\/#organization"},"image":{"@type":"ImageObject","url":"https:\/\/candas365.es\/noticias\/wp-content\/uploads\/2023\/12\/consumidores.jpg","width":640,"height":424,"caption":"consumidores"},"datePublished":"2023-12-05T02:35:07+01:00","dateModified":"2023-12-05T02:35:19+01:00","inLanguage":"es-ES","mainEntityOfPage":{"@id":"https:\/\/candas365.es\/noticias\/los-consumidores-gastaran-mas-en-alemania\/#webpage"},"isPartOf":{"@id":"https:\/\/candas365.es\/noticias\/los-consumidores-gastaran-mas-en-alemania\/#webpage"},"articleSection":"Econom\u00eda, Alemania, Econom\u00eda","dateline":"Publicado el diciembre 5, 2023."},{"@type":"Organization","@id":"https:\/\/candas365.es\/noticias\/#organization","name":"Cand\u00e1s 365","description":"Cand\u00e1s 365 es un diario digital independiente, fundado en 2012, con base en Asturias. Informamos con rigor sobre actualidad, sociedad, cultura y ocio, con una mirada local y global.","url":"https:\/\/candas365.es\/noticias\/","email":"info@candas365.es","telephone":"+34652131393","foundingDate":"2012-06-10","logo":{"@type":"ImageObject","url":"https:\/\/candas365.es\/noticias\/wp-content\/uploads\/2024\/09\/Candas-365-Redes.jpg","@id":"https:\/\/candas365.es\/noticias\/los-consumidores-gastaran-mas-en-alemania\/#organizationLogo","width":1152,"height":864,"caption":"Cand\u00e1s 365 Redes"},"image":{"@id":"https:\/\/candas365.es\/noticias\/los-consumidores-gastaran-mas-en-alemania\/#organizationLogo"},"sameAs":["https:\/\/www.facebook.com\/Nachofdezber","https:\/\/x.com\/NabercoDigital","https:\/\/www.instagram.com\/nachofdezber\/","https:\/\/www.youtube.com\/channel\/UCZP-2wLEB9Rv6erhFmqVnvg"],"address":{"@id":"https:\/\/candas365.es\/noticias\/#postaladdress","@type":"PostalAddress","streetAddress":"san antonio 4, san antonio 4","postalCode":"33430","addressLocality":"Cand\u00e1s","addressRegion":"Asturias","addressCountry":"ES"}},{"@type":"Person","@id":"https:\/\/candas365.es\/noticias\/author\/admin\/#author","url":"https:\/\/candas365.es\/noticias\/author\/admin\/","name":"Cand\u00e1s 365","image":{"@type":"ImageObject","@id":"https:\/\/candas365.es\/noticias\/los-consumidores-gastaran-mas-en-alemania\/#authorImage","url":"https:\/\/secure.gravatar.com\/avatar\/496a8e03d0c493ede1718b7934145dbdf8d89be1036b0eec9544e1094c9de390?s=96&d=mm&r=g","width":96,"height":96,"caption":"Cand\u00e1s 365"},"sameAs":["https:\/\/www.facebook.com\/carrenoactualidad","https:\/\/twitter.com\/nbasturias","https:\/\/www.instagram.com\/nachofdezber\/","https:\/\/www.youtube.com\/channel\/UCZP-2wLEB9Rv6erhFmqVnvg"]},{"@type":"WebPage","@id":"https:\/\/candas365.es\/noticias\/los-consumidores-gastaran-mas-en-alemania\/#webpage","url":"https:\/\/candas365.es\/noticias\/los-consumidores-gastaran-mas-en-alemania\/","name":"Los consumidores gastar\u00e1n m\u00e1s en Alemania | Cand\u00e1s 365","description":"Berl\u00edn, 4 dic (dpa) - La confianza de los consumidores en Alemania alcanz\u00f3 el mejor nivel en casi un a\u00f1o, comunic\u00f3 hoy la Asociaci\u00f3n Alemana del Comercio","inLanguage":"es-ES","isPartOf":{"@id":"https:\/\/candas365.es\/noticias\/#website"},"breadcrumb":{"@id":"https:\/\/candas365.es\/noticias\/los-consumidores-gastaran-mas-en-alemania\/#breadcrumblist"},"author":{"@id":"https:\/\/candas365.es\/noticias\/author\/admin\/#author"},"creator":{"@id":"https:\/\/candas365.es\/noticias\/author\/admin\/#author"},"image":{"@type":"ImageObject","url":"https:\/\/candas365.es\/noticias\/wp-content\/uploads\/2023\/12\/consumidores.jpg","@id":"https:\/\/candas365.es\/noticias\/los-consumidores-gastaran-mas-en-alemania\/#mainImage","width":640,"height":424,"caption":"consumidores"},"primaryImageOfPage":{"@id":"https:\/\/candas365.es\/noticias\/los-consumidores-gastaran-mas-en-alemania\/#mainImage"},"datePublished":"2023-12-05T02:35:07+01:00","dateModified":"2023-12-05T02:35:19+01:00"},{"@type":"WebSite","@id":"https:\/\/candas365.es\/noticias\/#website","url":"https:\/\/candas365.es\/noticias\/","name":"Cand\u00e1s 365","alternateName":"Cand\u00e1s 365 Noticias","description":"Actualidad desde Carre\u00f1o para el mundo","inLanguage":"es-ES","publisher":{"@id":"https:\/\/candas365.es\/noticias\/#organization"}}]},"og:locale":"es_ES","og:site_name":"Cand\u00e1s 365","og:type":"article","og:title":"Los consumidores gastar\u00e1n m\u00e1s en Alemania | Cand\u00e1s 365","og:description":"Berl\u00edn, 4 dic (dpa) - La confianza de los consumidores en Alemania alcanz\u00f3 el mejor nivel en casi un a\u00f1o, comunic\u00f3 hoy la Asociaci\u00f3n Alemana del Comercio","og:url":"https:\/\/candas365.es\/noticias\/los-consumidores-gastaran-mas-en-alemania\/","og:image":"https:\/\/candas365.es\/noticias\/wp-content\/uploads\/2023\/12\/consumidores.jpg","og:image:secure_url":"https:\/\/candas365.es\/noticias\/wp-content\/uploads\/2023\/12\/consumidores.jpg","og:image:width":640,"og:image:height":424,"article:published_time":"2023-12-05T01:35:07+00:00","article:modified_time":"2023-12-05T01:35:19+00:00","article:publisher":"https:\/\/www.facebook.com\/Nachofdezber","article:author":"https:\/\/www.facebook.com\/carrenoactualidad","twitter:card":"summary_large_image","twitter:site":"@NabercoDigital","twitter:title":"Los consumidores gastar\u00e1n m\u00e1s en Alemania | Cand\u00e1s 365","twitter:description":"Berl\u00edn, 4 dic (dpa) - La confianza de los consumidores en Alemania alcanz\u00f3 el mejor nivel en casi un a\u00f1o, comunic\u00f3 hoy la Asociaci\u00f3n Alemana del Comercio","twitter:creator":"@nbasturias","twitter:image":"https:\/\/candas365.es\/noticias\/wp-content\/uploads\/2023\/12\/consumidores.jpg","twitter:label1":"Escrito por","twitter:data1":"Cand\u00e1s 365","twitter:label2":"Tiempo de lectura estimado","twitter:data2":"1 minuto"},"aioseo_meta_data":{"post_id":"176869","title":null,"description":"Berl\u00edn, 4 dic (dpa) - La confianza de los consumidores en Alemania alcanz\u00f3 el mejor nivel en casi un a\u00f1o, comunic\u00f3 hoy la Asociaci\u00f3n Alemana del Comercio","keywords":[],"keyphrases":{"focus":{"keyphrase":"Alemania","score":90,"analysis":{"keyphraseInTitle":{"score":9,"maxScore":9,"error":0},"keyphraseInDescription":{"score":9,"maxScore":9,"error":0},"keyphraseLength":{"score":9,"maxScore":9,"error":0,"length":1},"keyphraseInURL":{"score":5,"maxScore":5,"error":0},"keyphraseInIntroduction":{"score":9,"maxScore":9,"error":0},"keyphraseInSubHeadings":[],"keyphraseInImageAlt":{"score":3,"maxScore":9,"error":1},"keywordDensity":{"type":"best","score":9,"maxScore":9,"error":0}}},"additional":[{"keyphrase":"consumidores en Alemania","score":87,"analysis":{"keyphraseInDescription":{"score":9,"maxScore":9,"error":0},"keyphraseLength":{"score":9,"maxScore":9,"error":0,"length":3},"keyphraseInIntroduction":{"score":9,"maxScore":9,"error":0},"keyphraseInImageAlt":{"score":3,"maxScore":9,"error":1},"keywordDensity":{"type":"best","score":9,"maxScore":9,"error":0}}},{"keyphrase":"consumidores","score":80,"analysis":{"keyphraseInDescription":{"score":9,"maxScore":9,"error":0},"keyphraseLength":{"score":9,"maxScore":9,"error":0,"length":1},"keyphraseInIntroduction":{"score":9,"maxScore":9,"error":0},"keyphraseInImageAlt":{"score":9,"maxScore":9,"error":0},"keywordDensity":{"type":"high","score":0,"maxScore":9,"error":1}}}]},"primary_term":null,"canonical_url":null,"og_title":null,"og_description":null,"og_object_type":"default","og_image_type":"default","og_image_url":null,"og_image_width":null,"og_image_height":null,"og_image_custom_url":null,"og_image_custom_fields":null,"og_video":"","og_custom_url":null,"og_article_section":null,"og_article_tags":[],"twitter_use_og":false,"twitter_card":"default","twitter_image_type":"default","twitter_image_url":null,"twitter_image_custom_url":null,"twitter_image_custom_fields":null,"twitter_title":null,"twitter_description":null,"schema":{"blockGraphs":[],"customGraphs":[],"default":{"data":{"Article":[],"Course":[],"Dataset":[],"FAQPage":[],"Movie":[],"Person":[],"Product":[],"ProductReview":[],"Car":[],"Recipe":[],"Service":[],"SoftwareApplication":[],"WebPage":[]},"graphName":"Article","isEnabled":true},"graphs":[]},"schema_type":"default","schema_type_options":null,"pillar_content":false,"robots_default":true,"robots_noindex":false,"robots_noarchive":false,"robots_nosnippet":false,"robots_nofollow":false,"robots_noimageindex":false,"robots_noodp":false,"robots_notranslate":false,"robots_max_snippet":"-1","robots_max_videopreview":"-1","robots_max_imagepreview":"large","priority":null,"frequency":"default","location":null,"local_seo":null,"seo_analyzer_scan_date":"2025-09-02 01:09:18","breadcrumb_settings":null,"limit_modified_date":false,"reviewed_by":null,"open_ai":"{\"title\":{\"suggestions\":[],\"usage\":0},\"description\":{\"suggestions\":[],\"usage\":0}}","ai":null,"created":"2023-12-05 01:31:53","updated":"2025-09-02 01:09:18"},"aioseo_breadcrumb":"<div class=\"aioseo-breadcrumbs\"><span class=\"aioseo-breadcrumb\">\n\t<a href=\"https:\/\/candas365.es\/noticias\" title=\"Home\">Home<\/a>\n<\/span><span class=\"aioseo-breadcrumb-separator\">&ndash;<\/span><span class=\"aioseo-breadcrumb\">\n\t<a href=\"https:\/\/candas365.es\/noticias\/category\/economia\/\" title=\"Econom\u00eda\">Econom\u00eda<\/a>\n<\/span><span class=\"aioseo-breadcrumb-separator\">&ndash;<\/span><span class=\"aioseo-breadcrumb\">\n\tLos consumidores gastar\u00e1n m\u00e1s en Alemania\n<\/span><\/div>","aioseo_breadcrumb_json":[{"label":"Home","link":"https:\/\/candas365.es\/noticias"},{"label":"Econom\u00eda","link":"https:\/\/candas365.es\/noticias\/category\/economia\/"},{"label":"Los consumidores gastar\u00e1n m\u00e1s en Alemania","link":"https:\/\/candas365.es\/noticias\/los-consumidores-gastaran-mas-en-alemania\/"}],"_links":{"self":[{"href":"https:\/\/candas365.es\/noticias\/wp-json\/wp\/v2\/posts\/176869","targetHints":{"allow":["GET"]}}],"collection":[{"href":"https:\/\/candas365.es\/noticias\/wp-json\/wp\/v2\/posts"}],"about":[{"href":"https:\/\/candas365.es\/noticias\/wp-json\/wp\/v2\/types\/post"}],"author":[{"embeddable":true,"href":"https:\/\/candas365.es\/noticias\/wp-json\/wp\/v2\/users\/1"}],"replies":[{"embeddable":true,"href":"https:\/\/candas365.es\/noticias\/wp-json\/wp\/v2\/comments?post=176869"}],"version-history":[{"count":0,"href":"https:\/\/candas365.es\/noticias\/wp-json\/wp\/v2\/posts\/176869\/revisions"}],"wp:featuredmedia":[{"embeddable":true,"href":"https:\/\/candas365.es\/noticias\/wp-json\/wp\/v2\/media\/176870"}],"wp:attachment":[{"href":"https:\/\/candas365.es\/noticias\/wp-json\/wp\/v2\/media?parent=176869"}],"wp:term":[{"taxonomy":"category","embeddable":true,"href":"https:\/\/candas365.es\/noticias\/wp-json\/wp\/v2\/categories?post=176869"},{"taxonomy":"post_tag","embeddable":true,"href":"https:\/\/candas365.es\/noticias\/wp-json\/wp\/v2\/tags?post=176869"}],"curies":[{"name":"wp","href":"https:\/\/api.w.org\/{rel}","templated":true}]}}