{"id":176689,"date":"2023-12-02T02:39:08","date_gmt":"2023-12-02T01:39:08","guid":{"rendered":"https:\/\/candas365.es\/noticias\/?p=176689"},"modified":"2023-12-02T02:42:08","modified_gmt":"2023-12-02T01:42:08","slug":"entrevista-a-la-piloto-asturiana-vane-martinez","status":"publish","type":"post","link":"https:\/\/candas365.es\/noticias\/entrevista-a-la-piloto-asturiana-vane-martinez\/","title":{"rendered":"Entrevista a la piloto asturiana Vane Mart\u00ednez"},"content":{"rendered":"<p><strong>Vane Mart\u00ednez<\/strong> es la invitada de la semana en <a href=\"https:\/\/candas365.es\/noticias\/candas-365-tv\/\"><span style=\"color: #ff6600;\"><strong>Cand\u00e1s 365 TV<\/strong><\/span><\/a>, la piloto asturiana ha hablado con nuestro compa\u00f1ero <strong><span style=\"color: #ff6600;\"><a style=\"color: #ff6600;\" href=\"https:\/\/www.facebook.com\/profile.php?id=100082914563602\">David Y\u00e1\u00f1ez<\/a><\/span><\/strong> de su inicios y tambi\u00e9n de su presente y futuro en el mundo del motor, <strong>una entrevista en la que la <a href=\"https:\/\/www.eldigitaldeasturias.com\/noticias\/category\/deportes\/\" target=\"_blank\" rel=\"noopener\"><span style=\"color: #ff6600;\">piloto \u00a0<\/span><\/a>comparte con los espectadores sus vivencias y opiniones.<\/strong><\/p>\n<p><iframe title=\"YouTube video player\" src=\"https:\/\/www.youtube.com\/embed\/0pAletkA9d8?si=jYt98trcEyIjfNfs\" width=\"640\" height=\"315\" frameborder=\"0\" allowfullscreen=\"allowfullscreen\"><span data-mce-type=\"bookmark\" style=\"display: inline-block; width: 0px; overflow: hidden; line-height: 0;\" class=\"mce_SELRES_start\">\ufeff<\/span><\/iframe><\/p>\n<p>Vane Mart\u00ednez compite actualmente en el Campeonato de Asturias de Rallyes, as\u00ed como en Rallysprint y Monta\u00f1a con un Citro\u00ebn AX GT. <strong>La puedes seguir en su canal de YouTube <span style=\"color: #ff6600;\"><a style=\"color: #ff6600;\" title=\"canal de YouTube\" href=\"https:\/\/www.youtube.com\/channel\/UC9SKNogv3IAPvjz1x42snaA\" target=\"_blank\" rel=\"noopener\">pulsando aqu\u00ed<\/a><\/span>.<\/strong><\/p>\n<figure id=\"attachment_176690\" aria-describedby=\"caption-attachment-176690\" style=\"width: 650px\" class=\"wp-caption aligncenter\"><img fetchpriority=\"high\" decoding=\"async\" class=\"wp-image-176690 size-large\" src=\"https:\/\/candas365.es\/noticias\/wp-content\/uploads\/2023\/12\/Vane-Martinez-650x453.jpg\" alt=\"Vane Mart\u00ednez\" width=\"650\" height=\"453\" srcset=\"https:\/\/candas365.es\/noticias\/wp-content\/uploads\/2023\/12\/Vane-Martinez-650x453.jpg 650w, https:\/\/candas365.es\/noticias\/wp-content\/uploads\/2023\/12\/Vane-Martinez-360x251.jpg 360w, https:\/\/candas365.es\/noticias\/wp-content\/uploads\/2023\/12\/Vane-Martinez-768x535.jpg 768w, https:\/\/candas365.es\/noticias\/wp-content\/uploads\/2023\/12\/Vane-Martinez-150x104.jpg 150w, https:\/\/candas365.es\/noticias\/wp-content\/uploads\/2023\/12\/Vane-Martinez-450x313.jpg 450w, https:\/\/candas365.es\/noticias\/wp-content\/uploads\/2023\/12\/Vane-Martinez.jpg 938w\" sizes=\"(max-width: 650px) 100vw, 650px\" \/><figcaption id=\"caption-attachment-176690\" class=\"wp-caption-text\">Foto cedida por Vane Mart\u00ednez<\/figcaption><\/figure>\n<p><em>Nuestro agradecimiento tanto a <strong>Vane Mart\u00ednez y David Y\u00e1\u00f1e<\/strong>z por su tiempo y por acercarnos el mundo del motor.<\/em><\/p>\n","protected":false},"excerpt":{"rendered":"<p>Vane Mart\u00ednez es la invitada de la semana en Cand\u00e1s 365 TV, la piloto asturiana ha hablado con nuestro compa\u00f1ero David Y\u00e1\u00f1ez de su inicios y tambi\u00e9n de su presente y futuro en el mundo del motor, una entrevista en la que la piloto \u00a0comparte con los espectadores sus vivencias y opiniones. \ufeff Vane Mart\u00ednez<\/p>\n","protected":false},"author":1,"featured_media":176690,"comment_status":"closed","ping_status":"closed","sticky":false,"template":"","format":"video","meta":{"footnotes":""},"categories":[531],"tags":[387,420,530],"class_list":{"0":"post-176689","1":"post","2":"type-post","3":"status-publish","4":"format-video","5":"has-post-thumbnail","7":"category-videos-carreno","8":"tag-deporte","9":"tag-motor","10":"tag-videos","11":"post_format-post-format-video"},"aioseo_notices":[],"aioseo_head":"\n\t\t<!-- All in One SEO Pro 4.9.6.2 - aioseo.com -->\n\t<meta name=\"description\" content=\"Vane Mart\u00ednez es la invitada de la semana en Cand\u00e1s 365 TV, la piloto asturiana ha hablado con nuestro compa\u00f1ero David Y\u00e1\u00f1ez de su inicios y tambi\u00e9n de su\" \/>\n\t<meta name=\"robots\" content=\"max-image-preview:large\" \/>\n\t<meta name=\"author\" content=\"Cand\u00e1s 365\"\/>\n\t<meta name=\"google-site-verification\" content=\"UA-32230408-1\" \/>\n\t<meta name=\"msvalidate.01\" content=\"354F3CDFB2DA171B47FBE9ABF1F88D5\" \/>\n\t<meta name=\"keywords\" content=\"videos\" \/>\n\t<link rel=\"canonical\" href=\"https:\/\/candas365.es\/noticias\/entrevista-a-la-piloto-asturiana-vane-martinez\/\" \/>\n\t<meta name=\"generator\" content=\"All in One SEO Pro (AIOSEO) 4.9.6.2\" \/>\n\t\t<meta property=\"og:locale\" content=\"es_ES\" \/>\n\t\t<meta property=\"og:site_name\" content=\"Cand\u00e1s 365\" \/>\n\t\t<meta property=\"og:type\" content=\"article\" \/>\n\t\t<meta property=\"og:title\" content=\"Entrevista a la piloto asturiana Vane Mart\u00ednez | Cand\u00e1s 365\" \/>\n\t\t<meta property=\"og:description\" content=\"Vane Mart\u00ednez es la invitada de la semana en Cand\u00e1s 365 TV, la piloto asturiana ha hablado con nuestro compa\u00f1ero David Y\u00e1\u00f1ez de su inicios y tambi\u00e9n de su\" \/>\n\t\t<meta property=\"og:url\" content=\"https:\/\/candas365.es\/noticias\/entrevista-a-la-piloto-asturiana-vane-martinez\/\" \/>\n\t\t<meta property=\"og:image\" content=\"https:\/\/candas365.es\/noticias\/wp-content\/uploads\/2023\/12\/Vane-Martinez.jpg\" \/>\n\t\t<meta property=\"og:image:secure_url\" content=\"https:\/\/candas365.es\/noticias\/wp-content\/uploads\/2023\/12\/Vane-Martinez.jpg\" \/>\n\t\t<meta property=\"og:image:width\" content=\"938\" \/>\n\t\t<meta property=\"og:image:height\" content=\"653\" \/>\n\t\t<meta property=\"article:published_time\" content=\"2023-12-02T01:39:08+00:00\" \/>\n\t\t<meta property=\"article:modified_time\" content=\"2023-12-02T01:42:08+00:00\" \/>\n\t\t<meta property=\"article:publisher\" content=\"https:\/\/www.facebook.com\/Nachofdezber\" \/>\n\t\t<meta property=\"article:author\" content=\"https:\/\/www.facebook.com\/carrenoactualidad\" \/>\n\t\t<meta name=\"twitter:card\" content=\"summary_large_image\" \/>\n\t\t<meta name=\"twitter:site\" content=\"@NabercoDigital\" \/>\n\t\t<meta name=\"twitter:title\" content=\"Entrevista a la piloto asturiana Vane Mart\u00ednez | Cand\u00e1s 365\" \/>\n\t\t<meta name=\"twitter:description\" content=\"Vane Mart\u00ednez es la invitada de la semana en Cand\u00e1s 365 TV, la piloto asturiana ha hablado con nuestro compa\u00f1ero David Y\u00e1\u00f1ez de su inicios y tambi\u00e9n de su\" \/>\n\t\t<meta name=\"twitter:creator\" content=\"@nbasturias\" \/>\n\t\t<meta name=\"twitter:image\" content=\"https:\/\/candas365.es\/noticias\/wp-content\/uploads\/2023\/12\/Vane-Martinez.jpg\" \/>\n\t\t<meta name=\"twitter:label1\" content=\"Escrito por\" \/>\n\t\t<meta name=\"twitter:data1\" content=\"Cand\u00e1s 365\" \/>\n\t\t<meta name=\"twitter:label2\" content=\"Tiempo de lectura estimado\" \/>\n\t\t<meta name=\"twitter:data2\" content=\"1 minuto\" \/>\n\t\t<script type=\"application\/ld+json\" class=\"aioseo-schema\">\n\t\t\t{\"@context\":\"https:\\\/\\\/schema.org\",\"@graph\":[{\"@type\":\"BreadcrumbList\",\"@id\":\"https:\\\/\\\/candas365.es\\\/noticias\\\/entrevista-a-la-piloto-asturiana-vane-martinez\\\/#breadcrumblist\",\"itemListElement\":[{\"@type\":\"ListItem\",\"@id\":\"https:\\\/\\\/candas365.es\\\/noticias#listItem\",\"position\":1,\"name\":\"Home\",\"item\":\"https:\\\/\\\/candas365.es\\\/noticias\",\"nextItem\":{\"@type\":\"ListItem\",\"@id\":\"https:\\\/\\\/candas365.es\\\/noticias\\\/category\\\/videos-carreno\\\/#listItem\",\"name\":\"Videos\"}},{\"@type\":\"ListItem\",\"@id\":\"https:\\\/\\\/candas365.es\\\/noticias\\\/category\\\/videos-carreno\\\/#listItem\",\"position\":2,\"name\":\"Videos\",\"item\":\"https:\\\/\\\/candas365.es\\\/noticias\\\/category\\\/videos-carreno\\\/\",\"nextItem\":{\"@type\":\"ListItem\",\"@id\":\"https:\\\/\\\/candas365.es\\\/noticias\\\/entrevista-a-la-piloto-asturiana-vane-martinez\\\/#listItem\",\"name\":\"Entrevista a la piloto asturiana Vane Mart\\u00ednez\"},\"previousItem\":{\"@type\":\"ListItem\",\"@id\":\"https:\\\/\\\/candas365.es\\\/noticias#listItem\",\"name\":\"Home\"}},{\"@type\":\"ListItem\",\"@id\":\"https:\\\/\\\/candas365.es\\\/noticias\\\/entrevista-a-la-piloto-asturiana-vane-martinez\\\/#listItem\",\"position\":3,\"name\":\"Entrevista a la piloto asturiana Vane Mart\\u00ednez\",\"previousItem\":{\"@type\":\"ListItem\",\"@id\":\"https:\\\/\\\/candas365.es\\\/noticias\\\/category\\\/videos-carreno\\\/#listItem\",\"name\":\"Videos\"}}]},{\"@type\":\"NewsArticle\",\"@id\":\"https:\\\/\\\/candas365.es\\\/noticias\\\/entrevista-a-la-piloto-asturiana-vane-martinez\\\/#newsarticle\",\"name\":\"Entrevista a la piloto asturiana Vane Mart\\u00ednez | Cand\\u00e1s 365\",\"headline\":\"Entrevista a la piloto asturiana Vane Mart\\u00ednez\",\"author\":{\"@id\":\"https:\\\/\\\/candas365.es\\\/noticias\\\/author\\\/admin\\\/#author\"},\"publisher\":{\"@id\":\"https:\\\/\\\/candas365.es\\\/noticias\\\/#organization\"},\"image\":{\"@type\":\"ImageObject\",\"url\":\"https:\\\/\\\/candas365.es\\\/noticias\\\/wp-content\\\/uploads\\\/2023\\\/12\\\/Vane-Martinez.jpg\",\"width\":938,\"height\":653,\"caption\":\"Foto  cedida por Vane Mart\\u00ednez\"},\"datePublished\":\"2023-12-02T02:39:08+01:00\",\"dateModified\":\"2023-12-02T02:42:08+01:00\",\"inLanguage\":\"es-ES\",\"mainEntityOfPage\":{\"@id\":\"https:\\\/\\\/candas365.es\\\/noticias\\\/entrevista-a-la-piloto-asturiana-vane-martinez\\\/#webpage\"},\"isPartOf\":{\"@id\":\"https:\\\/\\\/candas365.es\\\/noticias\\\/entrevista-a-la-piloto-asturiana-vane-martinez\\\/#webpage\"},\"articleSection\":\"Videos, deporte, Motor, videos, V\\u00eddeo\",\"dateline\":\"Publicado el diciembre 2, 2023.\"},{\"@type\":\"Organization\",\"@id\":\"https:\\\/\\\/candas365.es\\\/noticias\\\/#organization\",\"name\":\"Cand\\u00e1s 365\",\"description\":\"Cand\\u00e1s 365 es un diario digital independiente, fundado en 2012, con base en Asturias. Informamos con rigor sobre actualidad, sociedad, cultura y ocio, con una mirada local y global.\",\"url\":\"https:\\\/\\\/candas365.es\\\/noticias\\\/\",\"email\":\"info@candas365.es\",\"telephone\":\"+34652131393\",\"foundingDate\":\"2012-06-10\",\"logo\":{\"@type\":\"ImageObject\",\"url\":\"https:\\\/\\\/candas365.es\\\/noticias\\\/wp-content\\\/uploads\\\/2024\\\/09\\\/Candas-365-Redes.jpg\",\"@id\":\"https:\\\/\\\/candas365.es\\\/noticias\\\/entrevista-a-la-piloto-asturiana-vane-martinez\\\/#organizationLogo\",\"width\":1152,\"height\":864,\"caption\":\"Cand\\u00e1s 365 Redes\"},\"image\":{\"@id\":\"https:\\\/\\\/candas365.es\\\/noticias\\\/entrevista-a-la-piloto-asturiana-vane-martinez\\\/#organizationLogo\"},\"sameAs\":[\"https:\\\/\\\/www.facebook.com\\\/Nachofdezber\",\"https:\\\/\\\/x.com\\\/NabercoDigital\",\"https:\\\/\\\/www.instagram.com\\\/nachofdezber\\\/\",\"https:\\\/\\\/www.youtube.com\\\/channel\\\/UCZP-2wLEB9Rv6erhFmqVnvg\"],\"address\":{\"@id\":\"https:\\\/\\\/candas365.es\\\/noticias\\\/#postaladdress\",\"@type\":\"PostalAddress\",\"streetAddress\":\"san antonio 4, san antonio 4\",\"postalCode\":\"33430\",\"addressLocality\":\"Cand\\u00e1s\",\"addressRegion\":\"Asturias\",\"addressCountry\":\"ES\"}},{\"@type\":\"Person\",\"@id\":\"https:\\\/\\\/candas365.es\\\/noticias\\\/author\\\/admin\\\/#author\",\"url\":\"https:\\\/\\\/candas365.es\\\/noticias\\\/author\\\/admin\\\/\",\"name\":\"Cand\\u00e1s 365\",\"image\":{\"@type\":\"ImageObject\",\"@id\":\"https:\\\/\\\/candas365.es\\\/noticias\\\/entrevista-a-la-piloto-asturiana-vane-martinez\\\/#authorImage\",\"url\":\"https:\\\/\\\/secure.gravatar.com\\\/avatar\\\/496a8e03d0c493ede1718b7934145dbdf8d89be1036b0eec9544e1094c9de390?s=96&d=mm&r=g\",\"width\":96,\"height\":96,\"caption\":\"Cand\\u00e1s 365\"},\"sameAs\":[\"https:\\\/\\\/www.facebook.com\\\/carrenoactualidad\",\"https:\\\/\\\/twitter.com\\\/nbasturias\",\"https:\\\/\\\/www.instagram.com\\\/nachofdezber\\\/\",\"https:\\\/\\\/www.youtube.com\\\/channel\\\/UCZP-2wLEB9Rv6erhFmqVnvg\"]},{\"@type\":\"WebPage\",\"@id\":\"https:\\\/\\\/candas365.es\\\/noticias\\\/entrevista-a-la-piloto-asturiana-vane-martinez\\\/#webpage\",\"url\":\"https:\\\/\\\/candas365.es\\\/noticias\\\/entrevista-a-la-piloto-asturiana-vane-martinez\\\/\",\"name\":\"Entrevista a la piloto asturiana Vane Mart\\u00ednez | Cand\\u00e1s 365\",\"description\":\"Vane Mart\\u00ednez es la invitada de la semana en Cand\\u00e1s 365 TV, la piloto asturiana ha hablado con nuestro compa\\u00f1ero David Y\\u00e1\\u00f1ez de su inicios y tambi\\u00e9n de su\",\"inLanguage\":\"es-ES\",\"isPartOf\":{\"@id\":\"https:\\\/\\\/candas365.es\\\/noticias\\\/#website\"},\"breadcrumb\":{\"@id\":\"https:\\\/\\\/candas365.es\\\/noticias\\\/entrevista-a-la-piloto-asturiana-vane-martinez\\\/#breadcrumblist\"},\"author\":{\"@id\":\"https:\\\/\\\/candas365.es\\\/noticias\\\/author\\\/admin\\\/#author\"},\"creator\":{\"@id\":\"https:\\\/\\\/candas365.es\\\/noticias\\\/author\\\/admin\\\/#author\"},\"image\":{\"@type\":\"ImageObject\",\"url\":\"https:\\\/\\\/candas365.es\\\/noticias\\\/wp-content\\\/uploads\\\/2023\\\/12\\\/Vane-Martinez.jpg\",\"@id\":\"https:\\\/\\\/candas365.es\\\/noticias\\\/entrevista-a-la-piloto-asturiana-vane-martinez\\\/#mainImage\",\"width\":938,\"height\":653,\"caption\":\"Foto  cedida por Vane Mart\\u00ednez\"},\"primaryImageOfPage\":{\"@id\":\"https:\\\/\\\/candas365.es\\\/noticias\\\/entrevista-a-la-piloto-asturiana-vane-martinez\\\/#mainImage\"},\"datePublished\":\"2023-12-02T02:39:08+01:00\",\"dateModified\":\"2023-12-02T02:42:08+01:00\"},{\"@type\":\"WebSite\",\"@id\":\"https:\\\/\\\/candas365.es\\\/noticias\\\/#website\",\"url\":\"https:\\\/\\\/candas365.es\\\/noticias\\\/\",\"name\":\"Cand\\u00e1s 365\",\"alternateName\":\"Cand\\u00e1s 365 Noticias\",\"description\":\"Actualidad desde Carre\\u00f1o para el mundo\",\"inLanguage\":\"es-ES\",\"publisher\":{\"@id\":\"https:\\\/\\\/candas365.es\\\/noticias\\\/#organization\"}}]}\n\t\t<\/script>\n\t\t<!-- All in One SEO Pro -->\r\n\t\t<title>Entrevista a la piloto asturiana Vane Mart\u00ednez | Cand\u00e1s 365<\/title>\n\n","aioseo_head_json":{"title":"Entrevista a la piloto asturiana Vane Mart\u00ednez | Cand\u00e1s 365","description":"Vane Mart\u00ednez es la invitada de la semana en Cand\u00e1s 365 TV, la piloto asturiana ha hablado con nuestro compa\u00f1ero David Y\u00e1\u00f1ez de su inicios y tambi\u00e9n de su","canonical_url":"https:\/\/candas365.es\/noticias\/entrevista-a-la-piloto-asturiana-vane-martinez\/","robots":"max-image-preview:large","keywords":"videos","webmasterTools":{"google-site-verification":"UA-32230408-1","msvalidate.01":"354F3CDFB2DA171B47FBE9ABF1F88D5","miscellaneous":""},"schema":{"@context":"https:\/\/schema.org","@graph":[{"@type":"BreadcrumbList","@id":"https:\/\/candas365.es\/noticias\/entrevista-a-la-piloto-asturiana-vane-martinez\/#breadcrumblist","itemListElement":[{"@type":"ListItem","@id":"https:\/\/candas365.es\/noticias#listItem","position":1,"name":"Home","item":"https:\/\/candas365.es\/noticias","nextItem":{"@type":"ListItem","@id":"https:\/\/candas365.es\/noticias\/category\/videos-carreno\/#listItem","name":"Videos"}},{"@type":"ListItem","@id":"https:\/\/candas365.es\/noticias\/category\/videos-carreno\/#listItem","position":2,"name":"Videos","item":"https:\/\/candas365.es\/noticias\/category\/videos-carreno\/","nextItem":{"@type":"ListItem","@id":"https:\/\/candas365.es\/noticias\/entrevista-a-la-piloto-asturiana-vane-martinez\/#listItem","name":"Entrevista a la piloto asturiana Vane Mart\u00ednez"},"previousItem":{"@type":"ListItem","@id":"https:\/\/candas365.es\/noticias#listItem","name":"Home"}},{"@type":"ListItem","@id":"https:\/\/candas365.es\/noticias\/entrevista-a-la-piloto-asturiana-vane-martinez\/#listItem","position":3,"name":"Entrevista a la piloto asturiana Vane Mart\u00ednez","previousItem":{"@type":"ListItem","@id":"https:\/\/candas365.es\/noticias\/category\/videos-carreno\/#listItem","name":"Videos"}}]},{"@type":"NewsArticle","@id":"https:\/\/candas365.es\/noticias\/entrevista-a-la-piloto-asturiana-vane-martinez\/#newsarticle","name":"Entrevista a la piloto asturiana Vane Mart\u00ednez | Cand\u00e1s 365","headline":"Entrevista a la piloto asturiana Vane Mart\u00ednez","author":{"@id":"https:\/\/candas365.es\/noticias\/author\/admin\/#author"},"publisher":{"@id":"https:\/\/candas365.es\/noticias\/#organization"},"image":{"@type":"ImageObject","url":"https:\/\/candas365.es\/noticias\/wp-content\/uploads\/2023\/12\/Vane-Martinez.jpg","width":938,"height":653,"caption":"Foto  cedida por Vane Mart\u00ednez"},"datePublished":"2023-12-02T02:39:08+01:00","dateModified":"2023-12-02T02:42:08+01:00","inLanguage":"es-ES","mainEntityOfPage":{"@id":"https:\/\/candas365.es\/noticias\/entrevista-a-la-piloto-asturiana-vane-martinez\/#webpage"},"isPartOf":{"@id":"https:\/\/candas365.es\/noticias\/entrevista-a-la-piloto-asturiana-vane-martinez\/#webpage"},"articleSection":"Videos, deporte, Motor, videos, V\u00eddeo","dateline":"Publicado el diciembre 2, 2023."},{"@type":"Organization","@id":"https:\/\/candas365.es\/noticias\/#organization","name":"Cand\u00e1s 365","description":"Cand\u00e1s 365 es un diario digital independiente, fundado en 2012, con base en Asturias. Informamos con rigor sobre actualidad, sociedad, cultura y ocio, con una mirada local y global.","url":"https:\/\/candas365.es\/noticias\/","email":"info@candas365.es","telephone":"+34652131393","foundingDate":"2012-06-10","logo":{"@type":"ImageObject","url":"https:\/\/candas365.es\/noticias\/wp-content\/uploads\/2024\/09\/Candas-365-Redes.jpg","@id":"https:\/\/candas365.es\/noticias\/entrevista-a-la-piloto-asturiana-vane-martinez\/#organizationLogo","width":1152,"height":864,"caption":"Cand\u00e1s 365 Redes"},"image":{"@id":"https:\/\/candas365.es\/noticias\/entrevista-a-la-piloto-asturiana-vane-martinez\/#organizationLogo"},"sameAs":["https:\/\/www.facebook.com\/Nachofdezber","https:\/\/x.com\/NabercoDigital","https:\/\/www.instagram.com\/nachofdezber\/","https:\/\/www.youtube.com\/channel\/UCZP-2wLEB9Rv6erhFmqVnvg"],"address":{"@id":"https:\/\/candas365.es\/noticias\/#postaladdress","@type":"PostalAddress","streetAddress":"san antonio 4, san antonio 4","postalCode":"33430","addressLocality":"Cand\u00e1s","addressRegion":"Asturias","addressCountry":"ES"}},{"@type":"Person","@id":"https:\/\/candas365.es\/noticias\/author\/admin\/#author","url":"https:\/\/candas365.es\/noticias\/author\/admin\/","name":"Cand\u00e1s 365","image":{"@type":"ImageObject","@id":"https:\/\/candas365.es\/noticias\/entrevista-a-la-piloto-asturiana-vane-martinez\/#authorImage","url":"https:\/\/secure.gravatar.com\/avatar\/496a8e03d0c493ede1718b7934145dbdf8d89be1036b0eec9544e1094c9de390?s=96&d=mm&r=g","width":96,"height":96,"caption":"Cand\u00e1s 365"},"sameAs":["https:\/\/www.facebook.com\/carrenoactualidad","https:\/\/twitter.com\/nbasturias","https:\/\/www.instagram.com\/nachofdezber\/","https:\/\/www.youtube.com\/channel\/UCZP-2wLEB9Rv6erhFmqVnvg"]},{"@type":"WebPage","@id":"https:\/\/candas365.es\/noticias\/entrevista-a-la-piloto-asturiana-vane-martinez\/#webpage","url":"https:\/\/candas365.es\/noticias\/entrevista-a-la-piloto-asturiana-vane-martinez\/","name":"Entrevista a la piloto asturiana Vane Mart\u00ednez | Cand\u00e1s 365","description":"Vane Mart\u00ednez es la invitada de la semana en Cand\u00e1s 365 TV, la piloto asturiana ha hablado con nuestro compa\u00f1ero David Y\u00e1\u00f1ez de su inicios y tambi\u00e9n de su","inLanguage":"es-ES","isPartOf":{"@id":"https:\/\/candas365.es\/noticias\/#website"},"breadcrumb":{"@id":"https:\/\/candas365.es\/noticias\/entrevista-a-la-piloto-asturiana-vane-martinez\/#breadcrumblist"},"author":{"@id":"https:\/\/candas365.es\/noticias\/author\/admin\/#author"},"creator":{"@id":"https:\/\/candas365.es\/noticias\/author\/admin\/#author"},"image":{"@type":"ImageObject","url":"https:\/\/candas365.es\/noticias\/wp-content\/uploads\/2023\/12\/Vane-Martinez.jpg","@id":"https:\/\/candas365.es\/noticias\/entrevista-a-la-piloto-asturiana-vane-martinez\/#mainImage","width":938,"height":653,"caption":"Foto  cedida por Vane Mart\u00ednez"},"primaryImageOfPage":{"@id":"https:\/\/candas365.es\/noticias\/entrevista-a-la-piloto-asturiana-vane-martinez\/#mainImage"},"datePublished":"2023-12-02T02:39:08+01:00","dateModified":"2023-12-02T02:42:08+01:00"},{"@type":"WebSite","@id":"https:\/\/candas365.es\/noticias\/#website","url":"https:\/\/candas365.es\/noticias\/","name":"Cand\u00e1s 365","alternateName":"Cand\u00e1s 365 Noticias","description":"Actualidad desde Carre\u00f1o para el mundo","inLanguage":"es-ES","publisher":{"@id":"https:\/\/candas365.es\/noticias\/#organization"}}]},"og:locale":"es_ES","og:site_name":"Cand\u00e1s 365","og:type":"article","og:title":"Entrevista a la piloto asturiana Vane Mart\u00ednez | Cand\u00e1s 365","og:description":"Vane Mart\u00ednez es la invitada de la semana en Cand\u00e1s 365 TV, la piloto asturiana ha hablado con nuestro compa\u00f1ero David Y\u00e1\u00f1ez de su inicios y tambi\u00e9n de su","og:url":"https:\/\/candas365.es\/noticias\/entrevista-a-la-piloto-asturiana-vane-martinez\/","og:image":"https:\/\/candas365.es\/noticias\/wp-content\/uploads\/2023\/12\/Vane-Martinez.jpg","og:image:secure_url":"https:\/\/candas365.es\/noticias\/wp-content\/uploads\/2023\/12\/Vane-Martinez.jpg","og:image:width":938,"og:image:height":653,"article:published_time":"2023-12-02T01:39:08+00:00","article:modified_time":"2023-12-02T01:42:08+00:00","article:publisher":"https:\/\/www.facebook.com\/Nachofdezber","article:author":"https:\/\/www.facebook.com\/carrenoactualidad","twitter:card":"summary_large_image","twitter:site":"@NabercoDigital","twitter:title":"Entrevista a la piloto asturiana Vane Mart\u00ednez | Cand\u00e1s 365","twitter:description":"Vane Mart\u00ednez es la invitada de la semana en Cand\u00e1s 365 TV, la piloto asturiana ha hablado con nuestro compa\u00f1ero David Y\u00e1\u00f1ez de su inicios y tambi\u00e9n de su","twitter:creator":"@nbasturias","twitter:image":"https:\/\/candas365.es\/noticias\/wp-content\/uploads\/2023\/12\/Vane-Martinez.jpg","twitter:label1":"Escrito por","twitter:data1":"Cand\u00e1s 365","twitter:label2":"Tiempo de lectura estimado","twitter:data2":"1 minuto"},"aioseo_meta_data":{"post_id":"176689","title":null,"description":"Vane Mart\u00ednez es la invitada de la semana en Cand\u00e1s 365 TV, la piloto asturiana ha hablado con nuestro compa\u00f1ero David Y\u00e1\u00f1ez de su inicios y tambi\u00e9n de su","keywords":[],"keyphrases":{"focus":{"keyphrase":"Cand\u00e1s","score":90,"analysis":{"keyphraseInTitle":{"score":9,"maxScore":9,"error":0},"keyphraseInDescription":{"score":9,"maxScore":9,"error":0},"keyphraseLength":{"score":9,"maxScore":9,"error":0,"length":2},"keyphraseInURL":{"score":5,"maxScore":5,"error":0},"keyphraseInIntroduction":{"score":9,"maxScore":9,"error":0},"keyphraseInSubHeadings":[],"keyphraseInImageAlt":{"score":3,"maxScore":9,"error":1},"keywordDensity":{"type":"best","score":9,"maxScore":9,"error":0}}},"additional":[{"keyphrase":"Vane Mart\u00ednez","score":80,"analysis":{"keyphraseInDescription":{"score":9,"maxScore":9,"error":0},"keyphraseLength":{"score":9,"maxScore":9,"error":0,"length":3},"keyphraseInIntroduction":{"score":9,"maxScore":9,"error":0},"keyphraseInImageAlt":{"score":9,"maxScore":9,"error":0},"keywordDensity":{"type":"high","score":0,"maxScore":9,"error":1}}},{"keyphrase":"piloto","score":87,"analysis":{"keyphraseInDescription":{"score":9,"maxScore":9,"error":0},"keyphraseLength":{"score":9,"maxScore":9,"error":0,"length":1},"keyphraseInIntroduction":{"score":9,"maxScore":9,"error":0},"keyphraseInImageAlt":{"score":3,"maxScore":9,"error":1},"keywordDensity":{"type":"best","score":9,"maxScore":9,"error":0}}},{"keyphrase":"asturiana","score":87,"analysis":{"keyphraseInDescription":{"score":9,"maxScore":9,"error":0},"keyphraseLength":{"score":9,"maxScore":9,"error":0,"length":1},"keyphraseInIntroduction":{"score":9,"maxScore":9,"error":0},"keyphraseInImageAlt":{"score":3,"maxScore":9,"error":1},"keywordDensity":{"type":"best","score":9,"maxScore":9,"error":0}}}]},"primary_term":null,"canonical_url":null,"og_title":null,"og_description":null,"og_object_type":"default","og_image_type":"default","og_image_url":null,"og_image_width":null,"og_image_height":null,"og_image_custom_url":null,"og_image_custom_fields":null,"og_video":"","og_custom_url":null,"og_article_section":null,"og_article_tags":[],"twitter_use_og":false,"twitter_card":"default","twitter_image_type":"default","twitter_image_url":null,"twitter_image_custom_url":null,"twitter_image_custom_fields":null,"twitter_title":null,"twitter_description":null,"schema":{"blockGraphs":[],"customGraphs":[],"default":{"data":{"Article":[],"Course":[],"Dataset":[],"FAQPage":[],"Movie":[],"Person":[],"Product":[],"ProductReview":[],"Car":[],"Recipe":[],"Service":[],"SoftwareApplication":[],"WebPage":[]},"graphName":"Article","isEnabled":true},"graphs":[]},"schema_type":"default","schema_type_options":null,"pillar_content":false,"robots_default":true,"robots_noindex":false,"robots_noarchive":false,"robots_nosnippet":false,"robots_nofollow":false,"robots_noimageindex":false,"robots_noodp":false,"robots_notranslate":false,"robots_max_snippet":"-1","robots_max_videopreview":"-1","robots_max_imagepreview":"large","priority":null,"frequency":"default","location":null,"local_seo":null,"seo_analyzer_scan_date":"2025-09-02 00:50:12","breadcrumb_settings":null,"limit_modified_date":false,"reviewed_by":null,"open_ai":"{\"title\":{\"suggestions\":[],\"usage\":0},\"description\":{\"suggestions\":[],\"usage\":0}}","ai":null,"created":"2023-12-02 01:21:58","updated":"2025-09-02 00:50:12"},"aioseo_breadcrumb":"<div class=\"aioseo-breadcrumbs\"><span class=\"aioseo-breadcrumb\">\n\t<a href=\"https:\/\/candas365.es\/noticias\" title=\"Home\">Home<\/a>\n<\/span><span class=\"aioseo-breadcrumb-separator\">&ndash;<\/span><span class=\"aioseo-breadcrumb\">\n\t<a href=\"https:\/\/candas365.es\/noticias\/category\/videos-carreno\/\" title=\"Videos\">Videos<\/a>\n<\/span><span class=\"aioseo-breadcrumb-separator\">&ndash;<\/span><span class=\"aioseo-breadcrumb\">\n\tEntrevista a la piloto asturiana Vane Mart\u00ednez\n<\/span><\/div>","aioseo_breadcrumb_json":[{"label":"Home","link":"https:\/\/candas365.es\/noticias"},{"label":"Videos","link":"https:\/\/candas365.es\/noticias\/category\/videos-carreno\/"},{"label":"Entrevista a la piloto asturiana Vane Mart\u00ednez","link":"https:\/\/candas365.es\/noticias\/entrevista-a-la-piloto-asturiana-vane-martinez\/"}],"_links":{"self":[{"href":"https:\/\/candas365.es\/noticias\/wp-json\/wp\/v2\/posts\/176689","targetHints":{"allow":["GET"]}}],"collection":[{"href":"https:\/\/candas365.es\/noticias\/wp-json\/wp\/v2\/posts"}],"about":[{"href":"https:\/\/candas365.es\/noticias\/wp-json\/wp\/v2\/types\/post"}],"author":[{"embeddable":true,"href":"https:\/\/candas365.es\/noticias\/wp-json\/wp\/v2\/users\/1"}],"replies":[{"embeddable":true,"href":"https:\/\/candas365.es\/noticias\/wp-json\/wp\/v2\/comments?post=176689"}],"version-history":[{"count":0,"href":"https:\/\/candas365.es\/noticias\/wp-json\/wp\/v2\/posts\/176689\/revisions"}],"wp:featuredmedia":[{"embeddable":true,"href":"https:\/\/candas365.es\/noticias\/wp-json\/wp\/v2\/media\/176690"}],"wp:attachment":[{"href":"https:\/\/candas365.es\/noticias\/wp-json\/wp\/v2\/media?parent=176689"}],"wp:term":[{"taxonomy":"category","embeddable":true,"href":"https:\/\/candas365.es\/noticias\/wp-json\/wp\/v2\/categories?post=176689"},{"taxonomy":"post_tag","embeddable":true,"href":"https:\/\/candas365.es\/noticias\/wp-json\/wp\/v2\/tags?post=176689"}],"curies":[{"name":"wp","href":"https:\/\/api.w.org\/{rel}","templated":true}]}}