{"id":175507,"date":"2023-09-30T02:33:44","date_gmt":"2023-09-30T00:33:44","guid":{"rendered":"https:\/\/candas365.es\/noticias\/?p=175507"},"modified":"2023-09-30T02:33:44","modified_gmt":"2023-09-30T00:33:44","slug":"candas-despedira-septiembre-con-una-subida-de-temperaturas","status":"publish","type":"post","link":"https:\/\/candas365.es\/noticias\/candas-despedira-septiembre-con-una-subida-de-temperaturas\/","title":{"rendered":"Cand\u00e1s despedir\u00e1 septiembre con una subida de temperaturas"},"content":{"rendered":"<p><a href=\"https:\/\/www.aemet.es\/es\/\" target=\"_blank\" rel=\"noopener\"><span style=\"color: #ff6600;\"><strong>AEMET<\/strong><\/span><\/a> informa en su <strong>previsi\u00f3n del tiemp<\/strong>o para la recta f<strong>inal del mes de septiembre y primeros d\u00edas de octubre de 2023<\/strong> en Cand\u00e1s de una subida importante de las temperaturas con m\u00e1ximas que podr\u00edan alcanzar los 28 grados el pr\u00f3ximo lunes.<\/p>\n<figure id=\"attachment_175508\" aria-describedby=\"caption-attachment-175508\" style=\"width: 641px\" class=\"wp-caption aligncenter\"><img fetchpriority=\"high\" decoding=\"async\" class=\"wp-image-175508 size-large\" src=\"https:\/\/candas365.es\/noticias\/wp-content\/uploads\/2023\/09\/Candas-1-641x480.jpg\" alt=\"Cand\u00e1s\" width=\"641\" height=\"480\" srcset=\"https:\/\/candas365.es\/noticias\/wp-content\/uploads\/2023\/09\/Candas-1-641x480.jpg 641w, https:\/\/candas365.es\/noticias\/wp-content\/uploads\/2023\/09\/Candas-1-360x269.jpg 360w, https:\/\/candas365.es\/noticias\/wp-content\/uploads\/2023\/09\/Candas-1-768x575.jpg 768w, https:\/\/candas365.es\/noticias\/wp-content\/uploads\/2023\/09\/Candas-1-150x112.jpg 150w, https:\/\/candas365.es\/noticias\/wp-content\/uploads\/2023\/09\/Candas-1-450x337.jpg 450w, https:\/\/candas365.es\/noticias\/wp-content\/uploads\/2023\/09\/Candas-1.jpg 886w\" sizes=\"(max-width: 641px) 100vw, 641px\" \/><figcaption id=\"caption-attachment-175508\" class=\"wp-caption-text\">Foto: Cand\u00e1s 365<\/figcaption><\/figure>\n<p>Seg\u00fan los datos disponibles, hoy 30 septiembre las temperaturas m\u00e1ximas ser\u00e1n de unos 26 grados, durante el domingo, 1 de octubre ser\u00e1n de 27 grados y durante el lunes 2 de octubre las m\u00e1ximas ser\u00e1n de 28 grados.<\/p>\n<h2><strong>\u00bfC\u00f3mo comenzar\u00e1 octubre de 2023?<\/strong><\/h2>\n<p>Seg\u00fan AEMET durante los dos primeros d\u00edas del mes las temperaturas subir\u00e1n a niveles de \u00ab<a href=\"https:\/\/www.eldigitaldeasturias.com\/noticias\/el-oasis-de-candas-asturias\/\" target=\"_blank\" rel=\"noopener\"><span style=\"color: #ff6600;\"><strong>verano<\/strong><\/span><\/a>\u00ab, pero el martes se espera un desplome de las m\u00e1ximas, siendo de 21 grados, con lluvias durante la jornada y nubes y durante el mi\u00e9rcoles. En nuestra secci\u00f3n de \u00ab<a href=\"https:\/\/candas365.es\/noticias\/category\/el-tiempo\/\"><span style=\"color: #ff6600;\"><strong>el tiempo<\/strong><\/span><\/a>\u00bb os iremos informando cada jornada.<\/p>\n","protected":false},"excerpt":{"rendered":"<p>AEMET informa en su previsi\u00f3n del tiempo para la recta final del mes de septiembre y primeros d\u00edas de octubre de 2023 en Cand\u00e1s de una subida importante de las temperaturas con m\u00e1ximas que podr\u00edan alcanzar los 28 grados el pr\u00f3ximo lunes. Seg\u00fan los datos disponibles, hoy 30 septiembre las temperaturas m\u00e1ximas ser\u00e1n de unos<\/p>\n","protected":false},"author":1,"featured_media":175508,"comment_status":"closed","ping_status":"closed","sticky":false,"template":"","format":"standard","meta":{"footnotes":""},"categories":[358,2],"tags":[366,365],"class_list":{"0":"post-175507","1":"post","2":"type-post","3":"status-publish","4":"format-standard","5":"has-post-thumbnail","7":"category-el-tiempo","8":"category-noticias-carreno","9":"tag-candas","10":"tag-carreno"},"aioseo_notices":[],"aioseo_head":"\n\t\t<!-- All in One SEO Pro 4.9.6.2 - aioseo.com -->\n\t<meta name=\"description\" content=\"AEMET informa en su previsi\u00f3n del tiempo para la recta final del mes de septiembre y primeros d\u00edas de octubre de 2023 en Cand\u00e1s de una subida importante\" \/>\n\t<meta name=\"robots\" content=\"max-image-preview:large\" \/>\n\t<meta name=\"author\" content=\"Cand\u00e1s 365\"\/>\n\t<meta name=\"google-site-verification\" content=\"UA-32230408-1\" \/>\n\t<meta name=\"msvalidate.01\" content=\"354F3CDFB2DA171B47FBE9ABF1F88D5\" \/>\n\t<meta name=\"keywords\" content=\"el tiempo,noticias carre\u00f1o\" \/>\n\t<link rel=\"canonical\" href=\"https:\/\/candas365.es\/noticias\/candas-despedira-septiembre-con-una-subida-de-temperaturas\/\" \/>\n\t<meta name=\"generator\" content=\"All in One SEO Pro (AIOSEO) 4.9.6.2\" \/>\n\t\t<meta property=\"og:locale\" content=\"es_ES\" \/>\n\t\t<meta property=\"og:site_name\" content=\"Cand\u00e1s 365\" \/>\n\t\t<meta property=\"og:type\" content=\"article\" \/>\n\t\t<meta property=\"og:title\" content=\"Cand\u00e1s despedir\u00e1 septiembre con una subida de temperaturas | Cand\u00e1s 365\" \/>\n\t\t<meta property=\"og:description\" content=\"AEMET informa en su previsi\u00f3n del tiempo para la recta final del mes de septiembre y primeros d\u00edas de octubre de 2023 en Cand\u00e1s de una subida importante\" \/>\n\t\t<meta property=\"og:url\" content=\"https:\/\/candas365.es\/noticias\/candas-despedira-septiembre-con-una-subida-de-temperaturas\/\" \/>\n\t\t<meta property=\"og:image\" content=\"https:\/\/candas365.es\/noticias\/wp-content\/uploads\/2023\/09\/Candas-1.jpg\" \/>\n\t\t<meta property=\"og:image:secure_url\" content=\"https:\/\/candas365.es\/noticias\/wp-content\/uploads\/2023\/09\/Candas-1.jpg\" \/>\n\t\t<meta property=\"og:image:width\" content=\"886\" \/>\n\t\t<meta property=\"og:image:height\" content=\"663\" \/>\n\t\t<meta property=\"article:published_time\" content=\"2023-09-30T00:33:44+00:00\" \/>\n\t\t<meta property=\"article:modified_time\" content=\"2023-09-30T00:33:44+00:00\" \/>\n\t\t<meta property=\"article:publisher\" content=\"https:\/\/www.facebook.com\/Nachofdezber\" \/>\n\t\t<meta property=\"article:author\" content=\"https:\/\/www.facebook.com\/carrenoactualidad\" \/>\n\t\t<meta name=\"twitter:card\" content=\"summary_large_image\" \/>\n\t\t<meta name=\"twitter:site\" content=\"@NabercoDigital\" \/>\n\t\t<meta name=\"twitter:title\" content=\"Cand\u00e1s despedir\u00e1 septiembre con una subida de temperaturas | Cand\u00e1s 365\" \/>\n\t\t<meta name=\"twitter:description\" content=\"AEMET informa en su previsi\u00f3n del tiempo para la recta final del mes de septiembre y primeros d\u00edas de octubre de 2023 en Cand\u00e1s de una subida importante\" \/>\n\t\t<meta name=\"twitter:creator\" content=\"@nbasturias\" \/>\n\t\t<meta name=\"twitter:image\" content=\"https:\/\/candas365.es\/noticias\/wp-content\/uploads\/2023\/09\/Candas-1.jpg\" \/>\n\t\t<meta name=\"twitter:label1\" content=\"Escrito por\" \/>\n\t\t<meta name=\"twitter:data1\" content=\"Cand\u00e1s 365\" \/>\n\t\t<meta name=\"twitter:label2\" content=\"Tiempo de lectura estimado\" \/>\n\t\t<meta name=\"twitter:data2\" content=\"1 minuto\" \/>\n\t\t<script type=\"application\/ld+json\" class=\"aioseo-schema\">\n\t\t\t{\"@context\":\"https:\\\/\\\/schema.org\",\"@graph\":[{\"@type\":\"BreadcrumbList\",\"@id\":\"https:\\\/\\\/candas365.es\\\/noticias\\\/candas-despedira-septiembre-con-una-subida-de-temperaturas\\\/#breadcrumblist\",\"itemListElement\":[{\"@type\":\"ListItem\",\"@id\":\"https:\\\/\\\/candas365.es\\\/noticias#listItem\",\"position\":1,\"name\":\"Home\",\"item\":\"https:\\\/\\\/candas365.es\\\/noticias\",\"nextItem\":{\"@type\":\"ListItem\",\"@id\":\"https:\\\/\\\/candas365.es\\\/noticias\\\/category\\\/noticias-carreno\\\/#listItem\",\"name\":\"Noticias Carre\\u00f1o\"}},{\"@type\":\"ListItem\",\"@id\":\"https:\\\/\\\/candas365.es\\\/noticias\\\/category\\\/noticias-carreno\\\/#listItem\",\"position\":2,\"name\":\"Noticias Carre\\u00f1o\",\"item\":\"https:\\\/\\\/candas365.es\\\/noticias\\\/category\\\/noticias-carreno\\\/\",\"nextItem\":{\"@type\":\"ListItem\",\"@id\":\"https:\\\/\\\/candas365.es\\\/noticias\\\/candas-despedira-septiembre-con-una-subida-de-temperaturas\\\/#listItem\",\"name\":\"Cand\\u00e1s despedir\\u00e1 septiembre con una subida de temperaturas\"},\"previousItem\":{\"@type\":\"ListItem\",\"@id\":\"https:\\\/\\\/candas365.es\\\/noticias#listItem\",\"name\":\"Home\"}},{\"@type\":\"ListItem\",\"@id\":\"https:\\\/\\\/candas365.es\\\/noticias\\\/candas-despedira-septiembre-con-una-subida-de-temperaturas\\\/#listItem\",\"position\":3,\"name\":\"Cand\\u00e1s despedir\\u00e1 septiembre con una subida de temperaturas\",\"previousItem\":{\"@type\":\"ListItem\",\"@id\":\"https:\\\/\\\/candas365.es\\\/noticias\\\/category\\\/noticias-carreno\\\/#listItem\",\"name\":\"Noticias Carre\\u00f1o\"}}]},{\"@type\":\"NewsArticle\",\"@id\":\"https:\\\/\\\/candas365.es\\\/noticias\\\/candas-despedira-septiembre-con-una-subida-de-temperaturas\\\/#newsarticle\",\"name\":\"Cand\\u00e1s despedir\\u00e1 septiembre con una subida de temperaturas | Cand\\u00e1s 365\",\"headline\":\"Cand\\u00e1s despedir\\u00e1 septiembre con una subida de temperaturas\",\"author\":{\"@id\":\"https:\\\/\\\/candas365.es\\\/noticias\\\/author\\\/admin\\\/#author\"},\"publisher\":{\"@id\":\"https:\\\/\\\/candas365.es\\\/noticias\\\/#organization\"},\"image\":{\"@type\":\"ImageObject\",\"url\":\"https:\\\/\\\/candas365.es\\\/noticias\\\/wp-content\\\/uploads\\\/2023\\\/09\\\/Candas-1.jpg\",\"width\":886,\"height\":663,\"caption\":\"Foto: Cand\\u00e1s 365\"},\"datePublished\":\"2023-09-30T02:33:44+02:00\",\"dateModified\":\"2023-09-30T02:33:44+02:00\",\"inLanguage\":\"es-ES\",\"mainEntityOfPage\":{\"@id\":\"https:\\\/\\\/candas365.es\\\/noticias\\\/candas-despedira-septiembre-con-una-subida-de-temperaturas\\\/#webpage\"},\"isPartOf\":{\"@id\":\"https:\\\/\\\/candas365.es\\\/noticias\\\/candas-despedira-septiembre-con-una-subida-de-temperaturas\\\/#webpage\"},\"articleSection\":\"El tiempo, Noticias Carre\\u00f1o, Cand\\u00e1s, Carre\\u00f1o\",\"dateline\":\"Publicado el septiembre 30, 2023.\"},{\"@type\":\"Organization\",\"@id\":\"https:\\\/\\\/candas365.es\\\/noticias\\\/#organization\",\"name\":\"Cand\\u00e1s 365\",\"description\":\"Cand\\u00e1s 365 es un diario digital independiente, fundado en 2012, con base en Asturias. Informamos con rigor sobre actualidad, sociedad, cultura y ocio, con una mirada local y global.\",\"url\":\"https:\\\/\\\/candas365.es\\\/noticias\\\/\",\"email\":\"info@candas365.es\",\"telephone\":\"+34652131393\",\"foundingDate\":\"2012-06-10\",\"logo\":{\"@type\":\"ImageObject\",\"url\":\"https:\\\/\\\/candas365.es\\\/noticias\\\/wp-content\\\/uploads\\\/2024\\\/09\\\/Candas-365-Redes.jpg\",\"@id\":\"https:\\\/\\\/candas365.es\\\/noticias\\\/candas-despedira-septiembre-con-una-subida-de-temperaturas\\\/#organizationLogo\",\"width\":1152,\"height\":864,\"caption\":\"Cand\\u00e1s 365 Redes\"},\"image\":{\"@id\":\"https:\\\/\\\/candas365.es\\\/noticias\\\/candas-despedira-septiembre-con-una-subida-de-temperaturas\\\/#organizationLogo\"},\"sameAs\":[\"https:\\\/\\\/www.facebook.com\\\/Nachofdezber\",\"https:\\\/\\\/x.com\\\/NabercoDigital\",\"https:\\\/\\\/www.instagram.com\\\/nachofdezber\\\/\",\"https:\\\/\\\/www.youtube.com\\\/channel\\\/UCZP-2wLEB9Rv6erhFmqVnvg\"],\"address\":{\"@id\":\"https:\\\/\\\/candas365.es\\\/noticias\\\/#postaladdress\",\"@type\":\"PostalAddress\",\"streetAddress\":\"san antonio 4, san antonio 4\",\"postalCode\":\"33430\",\"addressLocality\":\"Cand\\u00e1s\",\"addressRegion\":\"Asturias\",\"addressCountry\":\"ES\"}},{\"@type\":\"Person\",\"@id\":\"https:\\\/\\\/candas365.es\\\/noticias\\\/author\\\/admin\\\/#author\",\"url\":\"https:\\\/\\\/candas365.es\\\/noticias\\\/author\\\/admin\\\/\",\"name\":\"Cand\\u00e1s 365\",\"image\":{\"@type\":\"ImageObject\",\"@id\":\"https:\\\/\\\/candas365.es\\\/noticias\\\/candas-despedira-septiembre-con-una-subida-de-temperaturas\\\/#authorImage\",\"url\":\"https:\\\/\\\/secure.gravatar.com\\\/avatar\\\/496a8e03d0c493ede1718b7934145dbdf8d89be1036b0eec9544e1094c9de390?s=96&d=mm&r=g\",\"width\":96,\"height\":96,\"caption\":\"Cand\\u00e1s 365\"},\"sameAs\":[\"https:\\\/\\\/www.facebook.com\\\/carrenoactualidad\",\"https:\\\/\\\/twitter.com\\\/nbasturias\",\"https:\\\/\\\/www.instagram.com\\\/nachofdezber\\\/\",\"https:\\\/\\\/www.youtube.com\\\/channel\\\/UCZP-2wLEB9Rv6erhFmqVnvg\"]},{\"@type\":\"WebPage\",\"@id\":\"https:\\\/\\\/candas365.es\\\/noticias\\\/candas-despedira-septiembre-con-una-subida-de-temperaturas\\\/#webpage\",\"url\":\"https:\\\/\\\/candas365.es\\\/noticias\\\/candas-despedira-septiembre-con-una-subida-de-temperaturas\\\/\",\"name\":\"Cand\\u00e1s despedir\\u00e1 septiembre con una subida de temperaturas | Cand\\u00e1s 365\",\"description\":\"AEMET informa en su previsi\\u00f3n del tiempo para la recta final del mes de septiembre y primeros d\\u00edas de octubre de 2023 en Cand\\u00e1s de una subida importante\",\"inLanguage\":\"es-ES\",\"isPartOf\":{\"@id\":\"https:\\\/\\\/candas365.es\\\/noticias\\\/#website\"},\"breadcrumb\":{\"@id\":\"https:\\\/\\\/candas365.es\\\/noticias\\\/candas-despedira-septiembre-con-una-subida-de-temperaturas\\\/#breadcrumblist\"},\"author\":{\"@id\":\"https:\\\/\\\/candas365.es\\\/noticias\\\/author\\\/admin\\\/#author\"},\"creator\":{\"@id\":\"https:\\\/\\\/candas365.es\\\/noticias\\\/author\\\/admin\\\/#author\"},\"image\":{\"@type\":\"ImageObject\",\"url\":\"https:\\\/\\\/candas365.es\\\/noticias\\\/wp-content\\\/uploads\\\/2023\\\/09\\\/Candas-1.jpg\",\"@id\":\"https:\\\/\\\/candas365.es\\\/noticias\\\/candas-despedira-septiembre-con-una-subida-de-temperaturas\\\/#mainImage\",\"width\":886,\"height\":663,\"caption\":\"Foto: Cand\\u00e1s 365\"},\"primaryImageOfPage\":{\"@id\":\"https:\\\/\\\/candas365.es\\\/noticias\\\/candas-despedira-septiembre-con-una-subida-de-temperaturas\\\/#mainImage\"},\"datePublished\":\"2023-09-30T02:33:44+02:00\",\"dateModified\":\"2023-09-30T02:33:44+02:00\"},{\"@type\":\"WebSite\",\"@id\":\"https:\\\/\\\/candas365.es\\\/noticias\\\/#website\",\"url\":\"https:\\\/\\\/candas365.es\\\/noticias\\\/\",\"name\":\"Cand\\u00e1s 365\",\"alternateName\":\"Cand\\u00e1s 365 Noticias\",\"description\":\"Actualidad desde Carre\\u00f1o para el mundo\",\"inLanguage\":\"es-ES\",\"publisher\":{\"@id\":\"https:\\\/\\\/candas365.es\\\/noticias\\\/#organization\"}}]}\n\t\t<\/script>\n\t\t<!-- All in One SEO Pro -->\r\n\t\t<title>Cand\u00e1s despedir\u00e1 septiembre con una subida de temperaturas | Cand\u00e1s 365<\/title>\n\n","aioseo_head_json":{"title":"Cand\u00e1s despedir\u00e1 septiembre con una subida de temperaturas | Cand\u00e1s 365","description":"AEMET informa en su previsi\u00f3n del tiempo para la recta final del mes de septiembre y primeros d\u00edas de octubre de 2023 en Cand\u00e1s de una subida importante","canonical_url":"https:\/\/candas365.es\/noticias\/candas-despedira-septiembre-con-una-subida-de-temperaturas\/","robots":"max-image-preview:large","keywords":"el tiempo,noticias carre\u00f1o","webmasterTools":{"google-site-verification":"UA-32230408-1","msvalidate.01":"354F3CDFB2DA171B47FBE9ABF1F88D5","miscellaneous":""},"schema":{"@context":"https:\/\/schema.org","@graph":[{"@type":"BreadcrumbList","@id":"https:\/\/candas365.es\/noticias\/candas-despedira-septiembre-con-una-subida-de-temperaturas\/#breadcrumblist","itemListElement":[{"@type":"ListItem","@id":"https:\/\/candas365.es\/noticias#listItem","position":1,"name":"Home","item":"https:\/\/candas365.es\/noticias","nextItem":{"@type":"ListItem","@id":"https:\/\/candas365.es\/noticias\/category\/noticias-carreno\/#listItem","name":"Noticias Carre\u00f1o"}},{"@type":"ListItem","@id":"https:\/\/candas365.es\/noticias\/category\/noticias-carreno\/#listItem","position":2,"name":"Noticias Carre\u00f1o","item":"https:\/\/candas365.es\/noticias\/category\/noticias-carreno\/","nextItem":{"@type":"ListItem","@id":"https:\/\/candas365.es\/noticias\/candas-despedira-septiembre-con-una-subida-de-temperaturas\/#listItem","name":"Cand\u00e1s despedir\u00e1 septiembre con una subida de temperaturas"},"previousItem":{"@type":"ListItem","@id":"https:\/\/candas365.es\/noticias#listItem","name":"Home"}},{"@type":"ListItem","@id":"https:\/\/candas365.es\/noticias\/candas-despedira-septiembre-con-una-subida-de-temperaturas\/#listItem","position":3,"name":"Cand\u00e1s despedir\u00e1 septiembre con una subida de temperaturas","previousItem":{"@type":"ListItem","@id":"https:\/\/candas365.es\/noticias\/category\/noticias-carreno\/#listItem","name":"Noticias Carre\u00f1o"}}]},{"@type":"NewsArticle","@id":"https:\/\/candas365.es\/noticias\/candas-despedira-septiembre-con-una-subida-de-temperaturas\/#newsarticle","name":"Cand\u00e1s despedir\u00e1 septiembre con una subida de temperaturas | Cand\u00e1s 365","headline":"Cand\u00e1s despedir\u00e1 septiembre con una subida de temperaturas","author":{"@id":"https:\/\/candas365.es\/noticias\/author\/admin\/#author"},"publisher":{"@id":"https:\/\/candas365.es\/noticias\/#organization"},"image":{"@type":"ImageObject","url":"https:\/\/candas365.es\/noticias\/wp-content\/uploads\/2023\/09\/Candas-1.jpg","width":886,"height":663,"caption":"Foto: Cand\u00e1s 365"},"datePublished":"2023-09-30T02:33:44+02:00","dateModified":"2023-09-30T02:33:44+02:00","inLanguage":"es-ES","mainEntityOfPage":{"@id":"https:\/\/candas365.es\/noticias\/candas-despedira-septiembre-con-una-subida-de-temperaturas\/#webpage"},"isPartOf":{"@id":"https:\/\/candas365.es\/noticias\/candas-despedira-septiembre-con-una-subida-de-temperaturas\/#webpage"},"articleSection":"El tiempo, Noticias Carre\u00f1o, Cand\u00e1s, Carre\u00f1o","dateline":"Publicado el septiembre 30, 2023."},{"@type":"Organization","@id":"https:\/\/candas365.es\/noticias\/#organization","name":"Cand\u00e1s 365","description":"Cand\u00e1s 365 es un diario digital independiente, fundado en 2012, con base en Asturias. Informamos con rigor sobre actualidad, sociedad, cultura y ocio, con una mirada local y global.","url":"https:\/\/candas365.es\/noticias\/","email":"info@candas365.es","telephone":"+34652131393","foundingDate":"2012-06-10","logo":{"@type":"ImageObject","url":"https:\/\/candas365.es\/noticias\/wp-content\/uploads\/2024\/09\/Candas-365-Redes.jpg","@id":"https:\/\/candas365.es\/noticias\/candas-despedira-septiembre-con-una-subida-de-temperaturas\/#organizationLogo","width":1152,"height":864,"caption":"Cand\u00e1s 365 Redes"},"image":{"@id":"https:\/\/candas365.es\/noticias\/candas-despedira-septiembre-con-una-subida-de-temperaturas\/#organizationLogo"},"sameAs":["https:\/\/www.facebook.com\/Nachofdezber","https:\/\/x.com\/NabercoDigital","https:\/\/www.instagram.com\/nachofdezber\/","https:\/\/www.youtube.com\/channel\/UCZP-2wLEB9Rv6erhFmqVnvg"],"address":{"@id":"https:\/\/candas365.es\/noticias\/#postaladdress","@type":"PostalAddress","streetAddress":"san antonio 4, san antonio 4","postalCode":"33430","addressLocality":"Cand\u00e1s","addressRegion":"Asturias","addressCountry":"ES"}},{"@type":"Person","@id":"https:\/\/candas365.es\/noticias\/author\/admin\/#author","url":"https:\/\/candas365.es\/noticias\/author\/admin\/","name":"Cand\u00e1s 365","image":{"@type":"ImageObject","@id":"https:\/\/candas365.es\/noticias\/candas-despedira-septiembre-con-una-subida-de-temperaturas\/#authorImage","url":"https:\/\/secure.gravatar.com\/avatar\/496a8e03d0c493ede1718b7934145dbdf8d89be1036b0eec9544e1094c9de390?s=96&d=mm&r=g","width":96,"height":96,"caption":"Cand\u00e1s 365"},"sameAs":["https:\/\/www.facebook.com\/carrenoactualidad","https:\/\/twitter.com\/nbasturias","https:\/\/www.instagram.com\/nachofdezber\/","https:\/\/www.youtube.com\/channel\/UCZP-2wLEB9Rv6erhFmqVnvg"]},{"@type":"WebPage","@id":"https:\/\/candas365.es\/noticias\/candas-despedira-septiembre-con-una-subida-de-temperaturas\/#webpage","url":"https:\/\/candas365.es\/noticias\/candas-despedira-septiembre-con-una-subida-de-temperaturas\/","name":"Cand\u00e1s despedir\u00e1 septiembre con una subida de temperaturas | Cand\u00e1s 365","description":"AEMET informa en su previsi\u00f3n del tiempo para la recta final del mes de septiembre y primeros d\u00edas de octubre de 2023 en Cand\u00e1s de una subida importante","inLanguage":"es-ES","isPartOf":{"@id":"https:\/\/candas365.es\/noticias\/#website"},"breadcrumb":{"@id":"https:\/\/candas365.es\/noticias\/candas-despedira-septiembre-con-una-subida-de-temperaturas\/#breadcrumblist"},"author":{"@id":"https:\/\/candas365.es\/noticias\/author\/admin\/#author"},"creator":{"@id":"https:\/\/candas365.es\/noticias\/author\/admin\/#author"},"image":{"@type":"ImageObject","url":"https:\/\/candas365.es\/noticias\/wp-content\/uploads\/2023\/09\/Candas-1.jpg","@id":"https:\/\/candas365.es\/noticias\/candas-despedira-septiembre-con-una-subida-de-temperaturas\/#mainImage","width":886,"height":663,"caption":"Foto: Cand\u00e1s 365"},"primaryImageOfPage":{"@id":"https:\/\/candas365.es\/noticias\/candas-despedira-septiembre-con-una-subida-de-temperaturas\/#mainImage"},"datePublished":"2023-09-30T02:33:44+02:00","dateModified":"2023-09-30T02:33:44+02:00"},{"@type":"WebSite","@id":"https:\/\/candas365.es\/noticias\/#website","url":"https:\/\/candas365.es\/noticias\/","name":"Cand\u00e1s 365","alternateName":"Cand\u00e1s 365 Noticias","description":"Actualidad desde Carre\u00f1o para el mundo","inLanguage":"es-ES","publisher":{"@id":"https:\/\/candas365.es\/noticias\/#organization"}}]},"og:locale":"es_ES","og:site_name":"Cand\u00e1s 365","og:type":"article","og:title":"Cand\u00e1s despedir\u00e1 septiembre con una subida de temperaturas | Cand\u00e1s 365","og:description":"AEMET informa en su previsi\u00f3n del tiempo para la recta final del mes de septiembre y primeros d\u00edas de octubre de 2023 en Cand\u00e1s de una subida importante","og:url":"https:\/\/candas365.es\/noticias\/candas-despedira-septiembre-con-una-subida-de-temperaturas\/","og:image":"https:\/\/candas365.es\/noticias\/wp-content\/uploads\/2023\/09\/Candas-1.jpg","og:image:secure_url":"https:\/\/candas365.es\/noticias\/wp-content\/uploads\/2023\/09\/Candas-1.jpg","og:image:width":886,"og:image:height":663,"article:published_time":"2023-09-30T00:33:44+00:00","article:modified_time":"2023-09-30T00:33:44+00:00","article:publisher":"https:\/\/www.facebook.com\/Nachofdezber","article:author":"https:\/\/www.facebook.com\/carrenoactualidad","twitter:card":"summary_large_image","twitter:site":"@NabercoDigital","twitter:title":"Cand\u00e1s despedir\u00e1 septiembre con una subida de temperaturas | Cand\u00e1s 365","twitter:description":"AEMET informa en su previsi\u00f3n del tiempo para la recta final del mes de septiembre y primeros d\u00edas de octubre de 2023 en Cand\u00e1s de una subida importante","twitter:creator":"@nbasturias","twitter:image":"https:\/\/candas365.es\/noticias\/wp-content\/uploads\/2023\/09\/Candas-1.jpg","twitter:label1":"Escrito por","twitter:data1":"Cand\u00e1s 365","twitter:label2":"Tiempo de lectura estimado","twitter:data2":"1 minuto"},"aioseo_meta_data":{"post_id":"175507","title":null,"description":"AEMET informa en su previsi\u00f3n del tiempo para la recta final del mes de septiembre y primeros d\u00edas de octubre de 2023 en Cand\u00e1s de una subida importante","keywords":[],"keyphrases":{"focus":{"keyphrase":"Cand\u00e1s","score":91,"analysis":{"keyphraseInTitle":{"score":9,"maxScore":9,"error":0},"keyphraseInDescription":{"score":9,"maxScore":9,"error":0},"keyphraseLength":{"score":9,"maxScore":9,"error":0,"length":2},"keyphraseInURL":{"score":5,"maxScore":5,"error":0},"keyphraseInIntroduction":{"score":9,"maxScore":9,"error":0},"keyphraseInSubHeadings":{"score":3,"maxScore":9,"error":1},"keyphraseInImageAlt":{"score":9,"maxScore":9,"error":0},"keywordDensity":{"type":"best","score":9,"maxScore":9,"error":0}}},"additional":[{"keyphrase":"Cand\u00e1s","score":100,"analysis":{"keyphraseInDescription":{"score":9,"maxScore":9,"error":0},"keyphraseLength":{"score":9,"maxScore":9,"error":0,"length":2},"keyphraseInIntroduction":{"score":9,"maxScore":9,"error":0},"keyphraseInImageAlt":{"score":9,"maxScore":9,"error":0},"keywordDensity":{"type":"best","score":9,"maxScore":9,"error":0}}},{"keyphrase":"septiembre","score":87,"analysis":{"keyphraseInDescription":{"score":9,"maxScore":9,"error":0},"keyphraseLength":{"score":9,"maxScore":9,"error":0,"length":1},"keyphraseInIntroduction":{"score":9,"maxScore":9,"error":0},"keyphraseInImageAlt":{"score":3,"maxScore":9,"error":1},"keywordDensity":{"type":"best","score":9,"maxScore":9,"error":0}}}]},"primary_term":null,"canonical_url":null,"og_title":null,"og_description":null,"og_object_type":"default","og_image_type":"default","og_image_url":null,"og_image_width":null,"og_image_height":null,"og_image_custom_url":null,"og_image_custom_fields":null,"og_video":"","og_custom_url":null,"og_article_section":null,"og_article_tags":[],"twitter_use_og":false,"twitter_card":"default","twitter_image_type":"default","twitter_image_url":null,"twitter_image_custom_url":null,"twitter_image_custom_fields":null,"twitter_title":null,"twitter_description":null,"schema":{"blockGraphs":[],"customGraphs":[],"default":{"data":{"Article":[],"Course":[],"Dataset":[],"FAQPage":[],"Movie":[],"Person":[],"Product":[],"ProductReview":[],"Car":[],"Recipe":[],"Service":[],"SoftwareApplication":[],"WebPage":[]},"graphName":"Article","isEnabled":true},"graphs":[]},"schema_type":"default","schema_type_options":null,"pillar_content":false,"robots_default":true,"robots_noindex":false,"robots_noarchive":false,"robots_nosnippet":false,"robots_nofollow":false,"robots_noimageindex":false,"robots_noodp":false,"robots_notranslate":false,"robots_max_snippet":"-1","robots_max_videopreview":"-1","robots_max_imagepreview":"large","priority":null,"frequency":"default","location":null,"local_seo":null,"seo_analyzer_scan_date":"2025-09-01 22:48:25","breadcrumb_settings":null,"limit_modified_date":false,"reviewed_by":null,"open_ai":"{\"title\":{\"suggestions\":[],\"usage\":0},\"description\":{\"suggestions\":[],\"usage\":0}}","ai":null,"created":"2023-09-30 00:26:44","updated":"2025-09-01 22:48:25"},"aioseo_breadcrumb":"<div class=\"aioseo-breadcrumbs\"><span class=\"aioseo-breadcrumb\">\n\t<a href=\"https:\/\/candas365.es\/noticias\" title=\"Home\">Home<\/a>\n<\/span><span class=\"aioseo-breadcrumb-separator\">&ndash;<\/span><span class=\"aioseo-breadcrumb\">\n\t<a href=\"https:\/\/candas365.es\/noticias\/category\/noticias-carreno\/\" title=\"Noticias Carre\u00f1o\">Noticias Carre\u00f1o<\/a>\n<\/span><span class=\"aioseo-breadcrumb-separator\">&ndash;<\/span><span class=\"aioseo-breadcrumb\">\n\tCand\u00e1s despedir\u00e1 septiembre con una subida de temperaturas\n<\/span><\/div>","aioseo_breadcrumb_json":[{"label":"Home","link":"https:\/\/candas365.es\/noticias"},{"label":"Noticias Carre\u00f1o","link":"https:\/\/candas365.es\/noticias\/category\/noticias-carreno\/"},{"label":"Cand\u00e1s despedir\u00e1 septiembre con una subida de temperaturas","link":"https:\/\/candas365.es\/noticias\/candas-despedira-septiembre-con-una-subida-de-temperaturas\/"}],"_links":{"self":[{"href":"https:\/\/candas365.es\/noticias\/wp-json\/wp\/v2\/posts\/175507","targetHints":{"allow":["GET"]}}],"collection":[{"href":"https:\/\/candas365.es\/noticias\/wp-json\/wp\/v2\/posts"}],"about":[{"href":"https:\/\/candas365.es\/noticias\/wp-json\/wp\/v2\/types\/post"}],"author":[{"embeddable":true,"href":"https:\/\/candas365.es\/noticias\/wp-json\/wp\/v2\/users\/1"}],"replies":[{"embeddable":true,"href":"https:\/\/candas365.es\/noticias\/wp-json\/wp\/v2\/comments?post=175507"}],"version-history":[{"count":0,"href":"https:\/\/candas365.es\/noticias\/wp-json\/wp\/v2\/posts\/175507\/revisions"}],"wp:featuredmedia":[{"embeddable":true,"href":"https:\/\/candas365.es\/noticias\/wp-json\/wp\/v2\/media\/175508"}],"wp:attachment":[{"href":"https:\/\/candas365.es\/noticias\/wp-json\/wp\/v2\/media?parent=175507"}],"wp:term":[{"taxonomy":"category","embeddable":true,"href":"https:\/\/candas365.es\/noticias\/wp-json\/wp\/v2\/categories?post=175507"},{"taxonomy":"post_tag","embeddable":true,"href":"https:\/\/candas365.es\/noticias\/wp-json\/wp\/v2\/tags?post=175507"}],"curies":[{"name":"wp","href":"https:\/\/api.w.org\/{rel}","templated":true}]}}