{"id":175448,"date":"2023-09-24T11:16:52","date_gmt":"2023-09-24T09:16:52","guid":{"rendered":"https:\/\/candas365.es\/noticias\/?p=175448"},"modified":"2023-09-24T11:18:14","modified_gmt":"2023-09-24T09:18:14","slug":"segunda-primavera-de-2023-en-candas","status":"publish","type":"post","link":"https:\/\/candas365.es\/noticias\/segunda-primavera-de-2023-en-candas\/","title":{"rendered":"\u00bfSegunda primavera de 2023 en Cand\u00e1s?"},"content":{"rendered":"<p>Son muchas las <strong>predicciones meteorol\u00f3gicas<\/strong> con las que nos \u00abbombardean\u00bb a diario, y en <a href=\"https:\/\/candas365.es\/noticias\/category\/el-tiempo\/\"><span style=\"color: #ff6600;\"><strong>Cand\u00e1s<\/strong><\/span><\/a> uno de los temas m\u00e1s recurrentes, para romper el hielo, es hablar del tiempo.<\/p>\n<figure id=\"attachment_175449\" aria-describedby=\"caption-attachment-175449\" style=\"width: 650px\" class=\"wp-caption aligncenter\"><img fetchpriority=\"high\" decoding=\"async\" class=\"wp-image-175449 size-large\" src=\"https:\/\/candas365.es\/noticias\/wp-content\/uploads\/2023\/09\/Candas-650x461.jpg\" alt=\"Cand\u00e1s\" width=\"650\" height=\"461\" srcset=\"https:\/\/candas365.es\/noticias\/wp-content\/uploads\/2023\/09\/Candas-650x461.jpg 650w, https:\/\/candas365.es\/noticias\/wp-content\/uploads\/2023\/09\/Candas-360x255.jpg 360w, https:\/\/candas365.es\/noticias\/wp-content\/uploads\/2023\/09\/Candas-768x545.jpg 768w, https:\/\/candas365.es\/noticias\/wp-content\/uploads\/2023\/09\/Candas-150x106.jpg 150w, https:\/\/candas365.es\/noticias\/wp-content\/uploads\/2023\/09\/Candas-450x319.jpg 450w, https:\/\/candas365.es\/noticias\/wp-content\/uploads\/2023\/09\/Candas.jpg 887w\" sizes=\"(max-width: 650px) 100vw, 650px\" \/><figcaption id=\"caption-attachment-175449\" class=\"wp-caption-text\">Foto: Cand\u00e1s 365<\/figcaption><\/figure>\n<p>\u00abOpiniones son amores\u00bb dec\u00eda mi amiga el otro d\u00eda cuando disfrut\u00e1bamos de un caf\u00e9, y raz\u00f3n tiene, pues <strong>para opinar todos y todas servimos<\/strong> hasta que se rompe el amor con el lector o interlocutor.<\/p>\n<p>Hace no pocos d\u00edas, desde muchos medios nos informaban de la llegaba de mucha lluvia y un \u00aboto\u00f1o\u00bb muy fr\u00edo, <strong>esos mismos medios, y otros m\u00e1s, hoy domingo nos comentan que vamos a tener tiempo \u00abtropical\u00bb e incluso una segunda primavera en pleno mes de octubre. \u00bfHas guardado la ropa de verano?<\/strong><\/p>\n<p>Todas las previsiones son \u00abprevisiones\u00bb, la realidad es la que se va viviendo d\u00eda a d\u00eda, pero lo que tambi\u00e9n coment\u00e1bamos en esa terraza era<strong> \u00bfcon tanto avance y tanto sat\u00e9lite y nunca aciertan en Cand\u00e1s?, mi buena amiga dec\u00eda \u00abno te quejes que al menos ya comienzan a nombrar a Asturias en el tiempo de la tele\u00bb, y algo de raz\u00f3n tiene.<\/strong><\/p>\n<h2>Lo importante:<\/h2>\n<p>\u00bfQu\u00e9 nos cuenta <a href=\"https:\/\/www.aemet.es\/es\/eltiempo\/prediccion\/municipios\/carreno-candas-id33014\" target=\"_blank\" rel=\"noopener\"><span style=\"color: #ff6600;\"><strong>AEMET<\/strong><\/span><\/a> para la \u00faltima semana de septiembre? En un principio tendremos <strong>temperaturas m\u00e1ximas de hasta 26 grados<\/strong> durante los pr\u00f3ximos d\u00edas, y las m\u00ednimas ser\u00e1n de unos 16 o 17 grados, tendremos tambi\u00e9n d\u00edas de sol, y quiz\u00e1s un poco de lluvia. <strong>Sentadas en nuestra terraza iremos viendo y debatiendo sobre el tiempo y otros temas mundanos.<\/strong><\/p>\n<p>L.Fern\u00e1ndez<\/p>\n","protected":false},"excerpt":{"rendered":"<p>Son muchas las predicciones meteorol\u00f3gicas con las que nos \u00abbombardean\u00bb a diario, y en Cand\u00e1s uno de los temas m\u00e1s recurrentes, para romper el hielo, es hablar del tiempo. \u00abOpiniones son amores\u00bb dec\u00eda mi amiga el otro d\u00eda cuando disfrut\u00e1bamos de un caf\u00e9, y raz\u00f3n tiene, pues para opinar todos y todas servimos hasta que<\/p>\n","protected":false},"author":1,"featured_media":175449,"comment_status":"closed","ping_status":"closed","sticky":false,"template":"","format":"standard","meta":{"footnotes":""},"categories":[2],"tags":[366,429],"class_list":{"0":"post-175448","1":"post","2":"type-post","3":"status-publish","4":"format-standard","5":"has-post-thumbnail","7":"category-noticias-carreno","8":"tag-candas","9":"tag-el-tiempo"},"aioseo_notices":[],"aioseo_head":"\n\t\t<!-- All in One SEO Pro 4.9.6.2 - aioseo.com -->\n\t<meta name=\"description\" content=\"Son muchas las predicciones meteorol\u00f3gicas con las que nos &quot;bombardean&quot; a diario, y en Cand\u00e1s uno de los temas m\u00e1s recurrentes, para romper el hielo\" \/>\n\t<meta name=\"robots\" content=\"max-image-preview:large\" \/>\n\t<meta name=\"author\" content=\"Cand\u00e1s 365\"\/>\n\t<meta name=\"google-site-verification\" content=\"UA-32230408-1\" \/>\n\t<meta name=\"msvalidate.01\" content=\"354F3CDFB2DA171B47FBE9ABF1F88D5\" \/>\n\t<meta name=\"keywords\" content=\"noticias carre\u00f1o\" \/>\n\t<link rel=\"canonical\" href=\"https:\/\/candas365.es\/noticias\/segunda-primavera-de-2023-en-candas\/\" \/>\n\t<meta name=\"generator\" content=\"All in One SEO Pro (AIOSEO) 4.9.6.2\" \/>\n\t\t<meta property=\"og:locale\" content=\"es_ES\" \/>\n\t\t<meta property=\"og:site_name\" content=\"Cand\u00e1s 365\" \/>\n\t\t<meta property=\"og:type\" content=\"article\" \/>\n\t\t<meta property=\"og:title\" content=\"\u00bfSegunda primavera de 2023 en Cand\u00e1s? | Cand\u00e1s 365\" \/>\n\t\t<meta property=\"og:description\" content=\"Son muchas las predicciones meteorol\u00f3gicas con las que nos &quot;bombardean&quot; a diario, y en Cand\u00e1s uno de los temas m\u00e1s recurrentes, para romper el hielo\" \/>\n\t\t<meta property=\"og:url\" content=\"https:\/\/candas365.es\/noticias\/segunda-primavera-de-2023-en-candas\/\" \/>\n\t\t<meta property=\"og:image\" content=\"https:\/\/candas365.es\/noticias\/wp-content\/uploads\/2023\/09\/Candas.jpg\" \/>\n\t\t<meta property=\"og:image:secure_url\" content=\"https:\/\/candas365.es\/noticias\/wp-content\/uploads\/2023\/09\/Candas.jpg\" \/>\n\t\t<meta property=\"og:image:width\" content=\"887\" \/>\n\t\t<meta property=\"og:image:height\" content=\"629\" \/>\n\t\t<meta property=\"article:published_time\" content=\"2023-09-24T09:16:52+00:00\" \/>\n\t\t<meta property=\"article:modified_time\" content=\"2023-09-24T09:18:14+00:00\" \/>\n\t\t<meta property=\"article:publisher\" content=\"https:\/\/www.facebook.com\/Nachofdezber\" \/>\n\t\t<meta property=\"article:author\" content=\"https:\/\/www.facebook.com\/carrenoactualidad\" \/>\n\t\t<meta name=\"twitter:card\" content=\"summary_large_image\" \/>\n\t\t<meta name=\"twitter:site\" content=\"@NabercoDigital\" \/>\n\t\t<meta name=\"twitter:title\" content=\"\u00bfSegunda primavera de 2023 en Cand\u00e1s? | Cand\u00e1s 365\" \/>\n\t\t<meta name=\"twitter:description\" content=\"Son muchas las predicciones meteorol\u00f3gicas con las que nos &quot;bombardean&quot; a diario, y en Cand\u00e1s uno de los temas m\u00e1s recurrentes, para romper el hielo\" \/>\n\t\t<meta name=\"twitter:creator\" content=\"@nbasturias\" \/>\n\t\t<meta name=\"twitter:image\" content=\"https:\/\/candas365.es\/noticias\/wp-content\/uploads\/2023\/09\/Candas.jpg\" \/>\n\t\t<meta name=\"twitter:label1\" content=\"Escrito por\" \/>\n\t\t<meta name=\"twitter:data1\" content=\"Cand\u00e1s 365\" \/>\n\t\t<meta name=\"twitter:label2\" content=\"Tiempo de lectura estimado\" \/>\n\t\t<meta name=\"twitter:data2\" content=\"1 minuto\" \/>\n\t\t<script type=\"application\/ld+json\" class=\"aioseo-schema\">\n\t\t\t{\"@context\":\"https:\\\/\\\/schema.org\",\"@graph\":[{\"@type\":\"BreadcrumbList\",\"@id\":\"https:\\\/\\\/candas365.es\\\/noticias\\\/segunda-primavera-de-2023-en-candas\\\/#breadcrumblist\",\"itemListElement\":[{\"@type\":\"ListItem\",\"@id\":\"https:\\\/\\\/candas365.es\\\/noticias#listItem\",\"position\":1,\"name\":\"Home\",\"item\":\"https:\\\/\\\/candas365.es\\\/noticias\",\"nextItem\":{\"@type\":\"ListItem\",\"@id\":\"https:\\\/\\\/candas365.es\\\/noticias\\\/category\\\/noticias-carreno\\\/#listItem\",\"name\":\"Noticias Carre\\u00f1o\"}},{\"@type\":\"ListItem\",\"@id\":\"https:\\\/\\\/candas365.es\\\/noticias\\\/category\\\/noticias-carreno\\\/#listItem\",\"position\":2,\"name\":\"Noticias Carre\\u00f1o\",\"item\":\"https:\\\/\\\/candas365.es\\\/noticias\\\/category\\\/noticias-carreno\\\/\",\"nextItem\":{\"@type\":\"ListItem\",\"@id\":\"https:\\\/\\\/candas365.es\\\/noticias\\\/segunda-primavera-de-2023-en-candas\\\/#listItem\",\"name\":\"\\u00bfSegunda primavera de 2023 en Cand\\u00e1s?\"},\"previousItem\":{\"@type\":\"ListItem\",\"@id\":\"https:\\\/\\\/candas365.es\\\/noticias#listItem\",\"name\":\"Home\"}},{\"@type\":\"ListItem\",\"@id\":\"https:\\\/\\\/candas365.es\\\/noticias\\\/segunda-primavera-de-2023-en-candas\\\/#listItem\",\"position\":3,\"name\":\"\\u00bfSegunda primavera de 2023 en Cand\\u00e1s?\",\"previousItem\":{\"@type\":\"ListItem\",\"@id\":\"https:\\\/\\\/candas365.es\\\/noticias\\\/category\\\/noticias-carreno\\\/#listItem\",\"name\":\"Noticias Carre\\u00f1o\"}}]},{\"@type\":\"NewsArticle\",\"@id\":\"https:\\\/\\\/candas365.es\\\/noticias\\\/segunda-primavera-de-2023-en-candas\\\/#newsarticle\",\"name\":\"\\u00bfSegunda primavera de 2023 en Cand\\u00e1s? | Cand\\u00e1s 365\",\"headline\":\"\\u00bfSegunda primavera de 2023 en Cand\\u00e1s?\",\"author\":{\"@id\":\"https:\\\/\\\/candas365.es\\\/noticias\\\/author\\\/admin\\\/#author\"},\"publisher\":{\"@id\":\"https:\\\/\\\/candas365.es\\\/noticias\\\/#organization\"},\"image\":{\"@type\":\"ImageObject\",\"url\":\"https:\\\/\\\/candas365.es\\\/noticias\\\/wp-content\\\/uploads\\\/2023\\\/09\\\/Candas.jpg\",\"width\":887,\"height\":629,\"caption\":\"Foto: Cand\\u00e1s 365\"},\"datePublished\":\"2023-09-24T11:16:52+02:00\",\"dateModified\":\"2023-09-24T11:18:14+02:00\",\"inLanguage\":\"es-ES\",\"mainEntityOfPage\":{\"@id\":\"https:\\\/\\\/candas365.es\\\/noticias\\\/segunda-primavera-de-2023-en-candas\\\/#webpage\"},\"isPartOf\":{\"@id\":\"https:\\\/\\\/candas365.es\\\/noticias\\\/segunda-primavera-de-2023-en-candas\\\/#webpage\"},\"articleSection\":\"Noticias Carre\\u00f1o, Cand\\u00e1s, El tiempo\",\"dateline\":\"Publicado el septiembre 24, 2023.\"},{\"@type\":\"Organization\",\"@id\":\"https:\\\/\\\/candas365.es\\\/noticias\\\/#organization\",\"name\":\"Cand\\u00e1s 365\",\"description\":\"Cand\\u00e1s 365 es un diario digital independiente, fundado en 2012, con base en Asturias. Informamos con rigor sobre actualidad, sociedad, cultura y ocio, con una mirada local y global.\",\"url\":\"https:\\\/\\\/candas365.es\\\/noticias\\\/\",\"email\":\"info@candas365.es\",\"telephone\":\"+34652131393\",\"foundingDate\":\"2012-06-10\",\"logo\":{\"@type\":\"ImageObject\",\"url\":\"https:\\\/\\\/candas365.es\\\/noticias\\\/wp-content\\\/uploads\\\/2024\\\/09\\\/Candas-365-Redes.jpg\",\"@id\":\"https:\\\/\\\/candas365.es\\\/noticias\\\/segunda-primavera-de-2023-en-candas\\\/#organizationLogo\",\"width\":1152,\"height\":864,\"caption\":\"Cand\\u00e1s 365 Redes\"},\"image\":{\"@id\":\"https:\\\/\\\/candas365.es\\\/noticias\\\/segunda-primavera-de-2023-en-candas\\\/#organizationLogo\"},\"sameAs\":[\"https:\\\/\\\/www.facebook.com\\\/Nachofdezber\",\"https:\\\/\\\/x.com\\\/NabercoDigital\",\"https:\\\/\\\/www.instagram.com\\\/nachofdezber\\\/\",\"https:\\\/\\\/www.youtube.com\\\/channel\\\/UCZP-2wLEB9Rv6erhFmqVnvg\"],\"address\":{\"@id\":\"https:\\\/\\\/candas365.es\\\/noticias\\\/#postaladdress\",\"@type\":\"PostalAddress\",\"streetAddress\":\"san antonio 4, san antonio 4\",\"postalCode\":\"33430\",\"addressLocality\":\"Cand\\u00e1s\",\"addressRegion\":\"Asturias\",\"addressCountry\":\"ES\"}},{\"@type\":\"Person\",\"@id\":\"https:\\\/\\\/candas365.es\\\/noticias\\\/author\\\/admin\\\/#author\",\"url\":\"https:\\\/\\\/candas365.es\\\/noticias\\\/author\\\/admin\\\/\",\"name\":\"Cand\\u00e1s 365\",\"image\":{\"@type\":\"ImageObject\",\"@id\":\"https:\\\/\\\/candas365.es\\\/noticias\\\/segunda-primavera-de-2023-en-candas\\\/#authorImage\",\"url\":\"https:\\\/\\\/secure.gravatar.com\\\/avatar\\\/496a8e03d0c493ede1718b7934145dbdf8d89be1036b0eec9544e1094c9de390?s=96&d=mm&r=g\",\"width\":96,\"height\":96,\"caption\":\"Cand\\u00e1s 365\"},\"sameAs\":[\"https:\\\/\\\/www.facebook.com\\\/carrenoactualidad\",\"https:\\\/\\\/twitter.com\\\/nbasturias\",\"https:\\\/\\\/www.instagram.com\\\/nachofdezber\\\/\",\"https:\\\/\\\/www.youtube.com\\\/channel\\\/UCZP-2wLEB9Rv6erhFmqVnvg\"]},{\"@type\":\"WebPage\",\"@id\":\"https:\\\/\\\/candas365.es\\\/noticias\\\/segunda-primavera-de-2023-en-candas\\\/#webpage\",\"url\":\"https:\\\/\\\/candas365.es\\\/noticias\\\/segunda-primavera-de-2023-en-candas\\\/\",\"name\":\"\\u00bfSegunda primavera de 2023 en Cand\\u00e1s? | Cand\\u00e1s 365\",\"description\":\"Son muchas las predicciones meteorol\\u00f3gicas con las que nos \\\"bombardean\\\" a diario, y en Cand\\u00e1s uno de los temas m\\u00e1s recurrentes, para romper el hielo\",\"inLanguage\":\"es-ES\",\"isPartOf\":{\"@id\":\"https:\\\/\\\/candas365.es\\\/noticias\\\/#website\"},\"breadcrumb\":{\"@id\":\"https:\\\/\\\/candas365.es\\\/noticias\\\/segunda-primavera-de-2023-en-candas\\\/#breadcrumblist\"},\"author\":{\"@id\":\"https:\\\/\\\/candas365.es\\\/noticias\\\/author\\\/admin\\\/#author\"},\"creator\":{\"@id\":\"https:\\\/\\\/candas365.es\\\/noticias\\\/author\\\/admin\\\/#author\"},\"image\":{\"@type\":\"ImageObject\",\"url\":\"https:\\\/\\\/candas365.es\\\/noticias\\\/wp-content\\\/uploads\\\/2023\\\/09\\\/Candas.jpg\",\"@id\":\"https:\\\/\\\/candas365.es\\\/noticias\\\/segunda-primavera-de-2023-en-candas\\\/#mainImage\",\"width\":887,\"height\":629,\"caption\":\"Foto: Cand\\u00e1s 365\"},\"primaryImageOfPage\":{\"@id\":\"https:\\\/\\\/candas365.es\\\/noticias\\\/segunda-primavera-de-2023-en-candas\\\/#mainImage\"},\"datePublished\":\"2023-09-24T11:16:52+02:00\",\"dateModified\":\"2023-09-24T11:18:14+02:00\"},{\"@type\":\"WebSite\",\"@id\":\"https:\\\/\\\/candas365.es\\\/noticias\\\/#website\",\"url\":\"https:\\\/\\\/candas365.es\\\/noticias\\\/\",\"name\":\"Cand\\u00e1s 365\",\"alternateName\":\"Cand\\u00e1s 365 Noticias\",\"description\":\"Actualidad desde Carre\\u00f1o para el mundo\",\"inLanguage\":\"es-ES\",\"publisher\":{\"@id\":\"https:\\\/\\\/candas365.es\\\/noticias\\\/#organization\"}}]}\n\t\t<\/script>\n\t\t<!-- All in One SEO Pro -->\r\n\t\t<title>\u00bfSegunda primavera de 2023 en Cand\u00e1s? | Cand\u00e1s 365<\/title>\n\n","aioseo_head_json":{"title":"\u00bfSegunda primavera de 2023 en Cand\u00e1s? | Cand\u00e1s 365","description":"Son muchas las predicciones meteorol\u00f3gicas con las que nos \"bombardean\" a diario, y en Cand\u00e1s uno de los temas m\u00e1s recurrentes, para romper el hielo","canonical_url":"https:\/\/candas365.es\/noticias\/segunda-primavera-de-2023-en-candas\/","robots":"max-image-preview:large","keywords":"noticias carre\u00f1o","webmasterTools":{"google-site-verification":"UA-32230408-1","msvalidate.01":"354F3CDFB2DA171B47FBE9ABF1F88D5","miscellaneous":""},"schema":{"@context":"https:\/\/schema.org","@graph":[{"@type":"BreadcrumbList","@id":"https:\/\/candas365.es\/noticias\/segunda-primavera-de-2023-en-candas\/#breadcrumblist","itemListElement":[{"@type":"ListItem","@id":"https:\/\/candas365.es\/noticias#listItem","position":1,"name":"Home","item":"https:\/\/candas365.es\/noticias","nextItem":{"@type":"ListItem","@id":"https:\/\/candas365.es\/noticias\/category\/noticias-carreno\/#listItem","name":"Noticias Carre\u00f1o"}},{"@type":"ListItem","@id":"https:\/\/candas365.es\/noticias\/category\/noticias-carreno\/#listItem","position":2,"name":"Noticias Carre\u00f1o","item":"https:\/\/candas365.es\/noticias\/category\/noticias-carreno\/","nextItem":{"@type":"ListItem","@id":"https:\/\/candas365.es\/noticias\/segunda-primavera-de-2023-en-candas\/#listItem","name":"\u00bfSegunda primavera de 2023 en Cand\u00e1s?"},"previousItem":{"@type":"ListItem","@id":"https:\/\/candas365.es\/noticias#listItem","name":"Home"}},{"@type":"ListItem","@id":"https:\/\/candas365.es\/noticias\/segunda-primavera-de-2023-en-candas\/#listItem","position":3,"name":"\u00bfSegunda primavera de 2023 en Cand\u00e1s?","previousItem":{"@type":"ListItem","@id":"https:\/\/candas365.es\/noticias\/category\/noticias-carreno\/#listItem","name":"Noticias Carre\u00f1o"}}]},{"@type":"NewsArticle","@id":"https:\/\/candas365.es\/noticias\/segunda-primavera-de-2023-en-candas\/#newsarticle","name":"\u00bfSegunda primavera de 2023 en Cand\u00e1s? | Cand\u00e1s 365","headline":"\u00bfSegunda primavera de 2023 en Cand\u00e1s?","author":{"@id":"https:\/\/candas365.es\/noticias\/author\/admin\/#author"},"publisher":{"@id":"https:\/\/candas365.es\/noticias\/#organization"},"image":{"@type":"ImageObject","url":"https:\/\/candas365.es\/noticias\/wp-content\/uploads\/2023\/09\/Candas.jpg","width":887,"height":629,"caption":"Foto: Cand\u00e1s 365"},"datePublished":"2023-09-24T11:16:52+02:00","dateModified":"2023-09-24T11:18:14+02:00","inLanguage":"es-ES","mainEntityOfPage":{"@id":"https:\/\/candas365.es\/noticias\/segunda-primavera-de-2023-en-candas\/#webpage"},"isPartOf":{"@id":"https:\/\/candas365.es\/noticias\/segunda-primavera-de-2023-en-candas\/#webpage"},"articleSection":"Noticias Carre\u00f1o, Cand\u00e1s, El tiempo","dateline":"Publicado el septiembre 24, 2023."},{"@type":"Organization","@id":"https:\/\/candas365.es\/noticias\/#organization","name":"Cand\u00e1s 365","description":"Cand\u00e1s 365 es un diario digital independiente, fundado en 2012, con base en Asturias. Informamos con rigor sobre actualidad, sociedad, cultura y ocio, con una mirada local y global.","url":"https:\/\/candas365.es\/noticias\/","email":"info@candas365.es","telephone":"+34652131393","foundingDate":"2012-06-10","logo":{"@type":"ImageObject","url":"https:\/\/candas365.es\/noticias\/wp-content\/uploads\/2024\/09\/Candas-365-Redes.jpg","@id":"https:\/\/candas365.es\/noticias\/segunda-primavera-de-2023-en-candas\/#organizationLogo","width":1152,"height":864,"caption":"Cand\u00e1s 365 Redes"},"image":{"@id":"https:\/\/candas365.es\/noticias\/segunda-primavera-de-2023-en-candas\/#organizationLogo"},"sameAs":["https:\/\/www.facebook.com\/Nachofdezber","https:\/\/x.com\/NabercoDigital","https:\/\/www.instagram.com\/nachofdezber\/","https:\/\/www.youtube.com\/channel\/UCZP-2wLEB9Rv6erhFmqVnvg"],"address":{"@id":"https:\/\/candas365.es\/noticias\/#postaladdress","@type":"PostalAddress","streetAddress":"san antonio 4, san antonio 4","postalCode":"33430","addressLocality":"Cand\u00e1s","addressRegion":"Asturias","addressCountry":"ES"}},{"@type":"Person","@id":"https:\/\/candas365.es\/noticias\/author\/admin\/#author","url":"https:\/\/candas365.es\/noticias\/author\/admin\/","name":"Cand\u00e1s 365","image":{"@type":"ImageObject","@id":"https:\/\/candas365.es\/noticias\/segunda-primavera-de-2023-en-candas\/#authorImage","url":"https:\/\/secure.gravatar.com\/avatar\/496a8e03d0c493ede1718b7934145dbdf8d89be1036b0eec9544e1094c9de390?s=96&d=mm&r=g","width":96,"height":96,"caption":"Cand\u00e1s 365"},"sameAs":["https:\/\/www.facebook.com\/carrenoactualidad","https:\/\/twitter.com\/nbasturias","https:\/\/www.instagram.com\/nachofdezber\/","https:\/\/www.youtube.com\/channel\/UCZP-2wLEB9Rv6erhFmqVnvg"]},{"@type":"WebPage","@id":"https:\/\/candas365.es\/noticias\/segunda-primavera-de-2023-en-candas\/#webpage","url":"https:\/\/candas365.es\/noticias\/segunda-primavera-de-2023-en-candas\/","name":"\u00bfSegunda primavera de 2023 en Cand\u00e1s? | Cand\u00e1s 365","description":"Son muchas las predicciones meteorol\u00f3gicas con las que nos \"bombardean\" a diario, y en Cand\u00e1s uno de los temas m\u00e1s recurrentes, para romper el hielo","inLanguage":"es-ES","isPartOf":{"@id":"https:\/\/candas365.es\/noticias\/#website"},"breadcrumb":{"@id":"https:\/\/candas365.es\/noticias\/segunda-primavera-de-2023-en-candas\/#breadcrumblist"},"author":{"@id":"https:\/\/candas365.es\/noticias\/author\/admin\/#author"},"creator":{"@id":"https:\/\/candas365.es\/noticias\/author\/admin\/#author"},"image":{"@type":"ImageObject","url":"https:\/\/candas365.es\/noticias\/wp-content\/uploads\/2023\/09\/Candas.jpg","@id":"https:\/\/candas365.es\/noticias\/segunda-primavera-de-2023-en-candas\/#mainImage","width":887,"height":629,"caption":"Foto: Cand\u00e1s 365"},"primaryImageOfPage":{"@id":"https:\/\/candas365.es\/noticias\/segunda-primavera-de-2023-en-candas\/#mainImage"},"datePublished":"2023-09-24T11:16:52+02:00","dateModified":"2023-09-24T11:18:14+02:00"},{"@type":"WebSite","@id":"https:\/\/candas365.es\/noticias\/#website","url":"https:\/\/candas365.es\/noticias\/","name":"Cand\u00e1s 365","alternateName":"Cand\u00e1s 365 Noticias","description":"Actualidad desde Carre\u00f1o para el mundo","inLanguage":"es-ES","publisher":{"@id":"https:\/\/candas365.es\/noticias\/#organization"}}]},"og:locale":"es_ES","og:site_name":"Cand\u00e1s 365","og:type":"article","og:title":"\u00bfSegunda primavera de 2023 en Cand\u00e1s? | Cand\u00e1s 365","og:description":"Son muchas las predicciones meteorol\u00f3gicas con las que nos &quot;bombardean&quot; a diario, y en Cand\u00e1s uno de los temas m\u00e1s recurrentes, para romper el hielo","og:url":"https:\/\/candas365.es\/noticias\/segunda-primavera-de-2023-en-candas\/","og:image":"https:\/\/candas365.es\/noticias\/wp-content\/uploads\/2023\/09\/Candas.jpg","og:image:secure_url":"https:\/\/candas365.es\/noticias\/wp-content\/uploads\/2023\/09\/Candas.jpg","og:image:width":887,"og:image:height":629,"article:published_time":"2023-09-24T09:16:52+00:00","article:modified_time":"2023-09-24T09:18:14+00:00","article:publisher":"https:\/\/www.facebook.com\/Nachofdezber","article:author":"https:\/\/www.facebook.com\/carrenoactualidad","twitter:card":"summary_large_image","twitter:site":"@NabercoDigital","twitter:title":"\u00bfSegunda primavera de 2023 en Cand\u00e1s? | Cand\u00e1s 365","twitter:description":"Son muchas las predicciones meteorol\u00f3gicas con las que nos &quot;bombardean&quot; a diario, y en Cand\u00e1s uno de los temas m\u00e1s recurrentes, para romper el hielo","twitter:creator":"@nbasturias","twitter:image":"https:\/\/candas365.es\/noticias\/wp-content\/uploads\/2023\/09\/Candas.jpg","twitter:label1":"Escrito por","twitter:data1":"Cand\u00e1s 365","twitter:label2":"Tiempo de lectura estimado","twitter:data2":"1 minuto"},"aioseo_meta_data":{"post_id":"175448","title":null,"description":"Son muchas las predicciones meteorol\u00f3gicas con las que nos \"bombardean\" a diario, y en Cand\u00e1s uno de los temas m\u00e1s recurrentes, para romper el hielo","keywords":[],"keyphrases":{"focus":{"keyphrase":"Cand\u00e1s","score":91,"analysis":{"keyphraseInTitle":{"score":9,"maxScore":9,"error":0},"keyphraseInDescription":{"score":9,"maxScore":9,"error":0},"keyphraseLength":{"score":9,"maxScore":9,"error":0,"length":2},"keyphraseInURL":{"score":5,"maxScore":5,"error":0},"keyphraseInIntroduction":{"score":9,"maxScore":9,"error":0},"keyphraseInSubHeadings":{"score":3,"maxScore":9,"error":1},"keyphraseInImageAlt":{"score":9,"maxScore":9,"error":0},"keywordDensity":{"type":"best","score":9,"maxScore":9,"error":0}}},"additional":[{"keyphrase":"Cand\u00e1s","score":100,"analysis":{"keyphraseInDescription":{"score":9,"maxScore":9,"error":0},"keyphraseLength":{"score":9,"maxScore":9,"error":0,"length":2},"keyphraseInIntroduction":{"score":9,"maxScore":9,"error":0},"keyphraseInImageAlt":{"score":9,"maxScore":9,"error":0},"keywordDensity":{"type":"best","score":9,"maxScore":9,"error":0}}}]},"primary_term":null,"canonical_url":null,"og_title":null,"og_description":null,"og_object_type":"default","og_image_type":"default","og_image_url":null,"og_image_width":null,"og_image_height":null,"og_image_custom_url":null,"og_image_custom_fields":null,"og_video":"","og_custom_url":null,"og_article_section":null,"og_article_tags":[],"twitter_use_og":false,"twitter_card":"default","twitter_image_type":"default","twitter_image_url":null,"twitter_image_custom_url":null,"twitter_image_custom_fields":null,"twitter_title":null,"twitter_description":null,"schema":{"blockGraphs":[],"customGraphs":[],"default":{"data":{"Article":[],"Course":[],"Dataset":[],"FAQPage":[],"Movie":[],"Person":[],"Product":[],"ProductReview":[],"Car":[],"Recipe":[],"Service":[],"SoftwareApplication":[],"WebPage":[]},"graphName":"Article","isEnabled":true},"graphs":[]},"schema_type":"default","schema_type_options":null,"pillar_content":false,"robots_default":true,"robots_noindex":false,"robots_noarchive":false,"robots_nosnippet":false,"robots_nofollow":false,"robots_noimageindex":false,"robots_noodp":false,"robots_notranslate":false,"robots_max_snippet":"-1","robots_max_videopreview":"-1","robots_max_imagepreview":"large","priority":null,"frequency":"default","location":null,"local_seo":null,"seo_analyzer_scan_date":"2025-09-01 22:43:11","breadcrumb_settings":null,"limit_modified_date":false,"reviewed_by":null,"open_ai":"{\"title\":{\"suggestions\":[],\"usage\":0},\"description\":{\"suggestions\":[],\"usage\":0}}","ai":null,"created":"2023-09-24 09:10:43","updated":"2025-09-01 22:43:11"},"aioseo_breadcrumb":"<div class=\"aioseo-breadcrumbs\"><span class=\"aioseo-breadcrumb\">\n\t<a href=\"https:\/\/candas365.es\/noticias\" title=\"Home\">Home<\/a>\n<\/span><span class=\"aioseo-breadcrumb-separator\">&ndash;<\/span><span class=\"aioseo-breadcrumb\">\n\t<a href=\"https:\/\/candas365.es\/noticias\/category\/noticias-carreno\/\" title=\"Noticias Carre\u00f1o\">Noticias Carre\u00f1o<\/a>\n<\/span><span class=\"aioseo-breadcrumb-separator\">&ndash;<\/span><span class=\"aioseo-breadcrumb\">\n\t\u00bfSegunda primavera de 2023 en Cand\u00e1s?\n<\/span><\/div>","aioseo_breadcrumb_json":[{"label":"Home","link":"https:\/\/candas365.es\/noticias"},{"label":"Noticias Carre\u00f1o","link":"https:\/\/candas365.es\/noticias\/category\/noticias-carreno\/"},{"label":"\u00bfSegunda primavera de 2023 en Cand\u00e1s?","link":"https:\/\/candas365.es\/noticias\/segunda-primavera-de-2023-en-candas\/"}],"_links":{"self":[{"href":"https:\/\/candas365.es\/noticias\/wp-json\/wp\/v2\/posts\/175448","targetHints":{"allow":["GET"]}}],"collection":[{"href":"https:\/\/candas365.es\/noticias\/wp-json\/wp\/v2\/posts"}],"about":[{"href":"https:\/\/candas365.es\/noticias\/wp-json\/wp\/v2\/types\/post"}],"author":[{"embeddable":true,"href":"https:\/\/candas365.es\/noticias\/wp-json\/wp\/v2\/users\/1"}],"replies":[{"embeddable":true,"href":"https:\/\/candas365.es\/noticias\/wp-json\/wp\/v2\/comments?post=175448"}],"version-history":[{"count":0,"href":"https:\/\/candas365.es\/noticias\/wp-json\/wp\/v2\/posts\/175448\/revisions"}],"wp:featuredmedia":[{"embeddable":true,"href":"https:\/\/candas365.es\/noticias\/wp-json\/wp\/v2\/media\/175449"}],"wp:attachment":[{"href":"https:\/\/candas365.es\/noticias\/wp-json\/wp\/v2\/media?parent=175448"}],"wp:term":[{"taxonomy":"category","embeddable":true,"href":"https:\/\/candas365.es\/noticias\/wp-json\/wp\/v2\/categories?post=175448"},{"taxonomy":"post_tag","embeddable":true,"href":"https:\/\/candas365.es\/noticias\/wp-json\/wp\/v2\/tags?post=175448"}],"curies":[{"name":"wp","href":"https:\/\/api.w.org\/{rel}","templated":true}]}}