{"id":175420,"date":"2023-09-24T08:00:09","date_gmt":"2023-09-24T06:00:09","guid":{"rendered":"https:\/\/candas365.es\/noticias\/?p=175420"},"modified":"2023-09-24T08:01:11","modified_gmt":"2023-09-24T06:01:11","slug":"el-candas-cf-suma-la-primera-victoria-de-la-temporada","status":"publish","type":"post","link":"https:\/\/candas365.es\/noticias\/el-candas-cf-suma-la-primera-victoria-de-la-temporada\/","title":{"rendered":"El Cand\u00e1s CF suma la primera victoria de la temporada"},"content":{"rendered":"<p>Tres jornadas disputadas, y el <strong>Cand\u00e1s CF<\/strong> ya tiene en su casillero 4 puntos; tras cosechar un empate en su estreno liguero\u00a0 y una derrota en su primer partido como visitante,<strong> ayer s\u00e1bado a las 16 horas se disput\u00f3 en La Mata la tercera jornada de la antigua Regional Preferent<\/strong>e, ahora llamada \u00abPrimera AsturF\u00fatbol\u00bb.<\/p>\n<figure id=\"attachment_175421\" aria-describedby=\"caption-attachment-175421\" style=\"width: 646px\" class=\"wp-caption aligncenter\"><img fetchpriority=\"high\" decoding=\"async\" class=\"wp-image-175421 size-large\" src=\"https:\/\/candas365.es\/noticias\/wp-content\/uploads\/2023\/09\/Candas-CF-646x480.jpg\" alt=\"Cand\u00e1s CF\" width=\"646\" height=\"480\" srcset=\"https:\/\/candas365.es\/noticias\/wp-content\/uploads\/2023\/09\/Candas-CF-646x480.jpg 646w, https:\/\/candas365.es\/noticias\/wp-content\/uploads\/2023\/09\/Candas-CF-360x267.jpg 360w, https:\/\/candas365.es\/noticias\/wp-content\/uploads\/2023\/09\/Candas-CF-768x571.jpg 768w, https:\/\/candas365.es\/noticias\/wp-content\/uploads\/2023\/09\/Candas-CF-150x111.jpg 150w, https:\/\/candas365.es\/noticias\/wp-content\/uploads\/2023\/09\/Candas-CF-450x334.jpg 450w, https:\/\/candas365.es\/noticias\/wp-content\/uploads\/2023\/09\/Candas-CF.jpg 899w\" sizes=\"(max-width: 646px) 100vw, 646px\" \/><figcaption id=\"caption-attachment-175421\" class=\"wp-caption-text\">Foto: Cand\u00e1s 365<\/figcaption><\/figure>\n<p>El Cand\u00e1s CF logr\u00f3 3 puntos ante sus aficionados en la tarde del s\u00e1bado, <strong>1 a 0 contra La Fresneda.<\/strong><\/p>\n<p>El Cand\u00e1s CF, 4 con puntos, y a la espera de los resultados de la jornada de hoy domingo, ya piensa en su pr\u00f3ximo choque contra el And\u00e9s CF.<\/p>\n","protected":false},"excerpt":{"rendered":"<p>Tres jornadas disputadas, y el Cand\u00e1s CF ya tiene en su casillero 4 puntos; tras cosechar un empate en su estreno liguero\u00a0 y una derrota en su primer partido como visitante, ayer s\u00e1bado a las 16 horas se disput\u00f3 en La Mata la tercera jornada de la antigua Regional Preferente, ahora llamada \u00abPrimera AsturF\u00fatbol\u00bb. El<\/p>\n","protected":false},"author":1,"featured_media":175421,"comment_status":"closed","ping_status":"closed","sticky":false,"template":"","format":"standard","meta":{"footnotes":""},"categories":[319],"tags":[366,387],"class_list":{"0":"post-175420","1":"post","2":"type-post","3":"status-publish","4":"format-standard","5":"has-post-thumbnail","7":"category-deporte","8":"tag-candas","9":"tag-deporte"},"aioseo_notices":[],"aioseo_head":"\n\t\t<!-- All in One SEO Pro 4.9.6.2 - aioseo.com -->\n\t<meta name=\"description\" content=\"Tres jornadas disputadas, y el Cand\u00e1s CF ya tiene en su casillero 4 puntos; tras cosechar un empate en su estreno liguero y una derrota en su primer partido\" \/>\n\t<meta name=\"robots\" content=\"max-image-preview:large\" \/>\n\t<meta name=\"author\" content=\"Cand\u00e1s 365\"\/>\n\t<meta name=\"google-site-verification\" content=\"UA-32230408-1\" \/>\n\t<meta name=\"msvalidate.01\" content=\"354F3CDFB2DA171B47FBE9ABF1F88D5\" \/>\n\t<meta name=\"keywords\" content=\"deporte\" \/>\n\t<link rel=\"canonical\" href=\"https:\/\/candas365.es\/noticias\/el-candas-cf-suma-la-primera-victoria-de-la-temporada\/\" \/>\n\t<meta name=\"generator\" content=\"All in One SEO Pro (AIOSEO) 4.9.6.2\" \/>\n\t\t<meta property=\"og:locale\" content=\"es_ES\" \/>\n\t\t<meta property=\"og:site_name\" content=\"Cand\u00e1s 365\" \/>\n\t\t<meta property=\"og:type\" content=\"article\" \/>\n\t\t<meta property=\"og:title\" content=\"El Cand\u00e1s CF suma la primera victoria de la temporada | Cand\u00e1s 365\" \/>\n\t\t<meta property=\"og:description\" content=\"Tres jornadas disputadas, y el Cand\u00e1s CF ya tiene en su casillero 4 puntos; tras cosechar un empate en su estreno liguero y una derrota en su primer partido\" \/>\n\t\t<meta property=\"og:url\" content=\"https:\/\/candas365.es\/noticias\/el-candas-cf-suma-la-primera-victoria-de-la-temporada\/\" \/>\n\t\t<meta property=\"og:image\" content=\"https:\/\/candas365.es\/noticias\/wp-content\/uploads\/2023\/09\/Candas-CF.jpg\" \/>\n\t\t<meta property=\"og:image:secure_url\" content=\"https:\/\/candas365.es\/noticias\/wp-content\/uploads\/2023\/09\/Candas-CF.jpg\" \/>\n\t\t<meta property=\"og:image:width\" content=\"899\" \/>\n\t\t<meta property=\"og:image:height\" content=\"668\" \/>\n\t\t<meta property=\"article:published_time\" content=\"2023-09-24T06:00:09+00:00\" \/>\n\t\t<meta property=\"article:modified_time\" content=\"2023-09-24T06:01:11+00:00\" \/>\n\t\t<meta property=\"article:publisher\" content=\"https:\/\/www.facebook.com\/Nachofdezber\" \/>\n\t\t<meta property=\"article:author\" content=\"https:\/\/www.facebook.com\/carrenoactualidad\" \/>\n\t\t<meta name=\"twitter:card\" content=\"summary_large_image\" \/>\n\t\t<meta name=\"twitter:site\" content=\"@NabercoDigital\" \/>\n\t\t<meta name=\"twitter:title\" content=\"El Cand\u00e1s CF suma la primera victoria de la temporada | Cand\u00e1s 365\" \/>\n\t\t<meta name=\"twitter:description\" content=\"Tres jornadas disputadas, y el Cand\u00e1s CF ya tiene en su casillero 4 puntos; tras cosechar un empate en su estreno liguero y una derrota en su primer partido\" \/>\n\t\t<meta name=\"twitter:creator\" content=\"@nbasturias\" \/>\n\t\t<meta name=\"twitter:image\" content=\"https:\/\/candas365.es\/noticias\/wp-content\/uploads\/2023\/09\/Candas-CF.jpg\" \/>\n\t\t<meta name=\"twitter:label1\" content=\"Escrito por\" \/>\n\t\t<meta name=\"twitter:data1\" content=\"Cand\u00e1s 365\" \/>\n\t\t<meta name=\"twitter:label2\" content=\"Tiempo de lectura estimado\" \/>\n\t\t<meta name=\"twitter:data2\" content=\"1 minuto\" \/>\n\t\t<script type=\"application\/ld+json\" class=\"aioseo-schema\">\n\t\t\t{\"@context\":\"https:\\\/\\\/schema.org\",\"@graph\":[{\"@type\":\"BreadcrumbList\",\"@id\":\"https:\\\/\\\/candas365.es\\\/noticias\\\/el-candas-cf-suma-la-primera-victoria-de-la-temporada\\\/#breadcrumblist\",\"itemListElement\":[{\"@type\":\"ListItem\",\"@id\":\"https:\\\/\\\/candas365.es\\\/noticias#listItem\",\"position\":1,\"name\":\"Home\",\"item\":\"https:\\\/\\\/candas365.es\\\/noticias\",\"nextItem\":{\"@type\":\"ListItem\",\"@id\":\"https:\\\/\\\/candas365.es\\\/noticias\\\/category\\\/deporte\\\/#listItem\",\"name\":\"Deporte\"}},{\"@type\":\"ListItem\",\"@id\":\"https:\\\/\\\/candas365.es\\\/noticias\\\/category\\\/deporte\\\/#listItem\",\"position\":2,\"name\":\"Deporte\",\"item\":\"https:\\\/\\\/candas365.es\\\/noticias\\\/category\\\/deporte\\\/\",\"nextItem\":{\"@type\":\"ListItem\",\"@id\":\"https:\\\/\\\/candas365.es\\\/noticias\\\/el-candas-cf-suma-la-primera-victoria-de-la-temporada\\\/#listItem\",\"name\":\"El Cand\\u00e1s CF suma la primera victoria de la temporada\"},\"previousItem\":{\"@type\":\"ListItem\",\"@id\":\"https:\\\/\\\/candas365.es\\\/noticias#listItem\",\"name\":\"Home\"}},{\"@type\":\"ListItem\",\"@id\":\"https:\\\/\\\/candas365.es\\\/noticias\\\/el-candas-cf-suma-la-primera-victoria-de-la-temporada\\\/#listItem\",\"position\":3,\"name\":\"El Cand\\u00e1s CF suma la primera victoria de la temporada\",\"previousItem\":{\"@type\":\"ListItem\",\"@id\":\"https:\\\/\\\/candas365.es\\\/noticias\\\/category\\\/deporte\\\/#listItem\",\"name\":\"Deporte\"}}]},{\"@type\":\"NewsArticle\",\"@id\":\"https:\\\/\\\/candas365.es\\\/noticias\\\/el-candas-cf-suma-la-primera-victoria-de-la-temporada\\\/#newsarticle\",\"name\":\"El Cand\\u00e1s CF suma la primera victoria de la temporada | Cand\\u00e1s 365\",\"headline\":\"El Cand\\u00e1s CF suma la primera victoria de la temporada\",\"author\":{\"@id\":\"https:\\\/\\\/candas365.es\\\/noticias\\\/author\\\/admin\\\/#author\"},\"publisher\":{\"@id\":\"https:\\\/\\\/candas365.es\\\/noticias\\\/#organization\"},\"image\":{\"@type\":\"ImageObject\",\"url\":\"https:\\\/\\\/candas365.es\\\/noticias\\\/wp-content\\\/uploads\\\/2023\\\/09\\\/Candas-CF.jpg\",\"width\":899,\"height\":668,\"caption\":\"Foto: Cand\\u00e1s 365\"},\"datePublished\":\"2023-09-24T08:00:09+02:00\",\"dateModified\":\"2023-09-24T08:01:11+02:00\",\"inLanguage\":\"es-ES\",\"mainEntityOfPage\":{\"@id\":\"https:\\\/\\\/candas365.es\\\/noticias\\\/el-candas-cf-suma-la-primera-victoria-de-la-temporada\\\/#webpage\"},\"isPartOf\":{\"@id\":\"https:\\\/\\\/candas365.es\\\/noticias\\\/el-candas-cf-suma-la-primera-victoria-de-la-temporada\\\/#webpage\"},\"articleSection\":\"Deporte, Cand\\u00e1s, deporte\",\"dateline\":\"Publicado el septiembre 24, 2023.\"},{\"@type\":\"Organization\",\"@id\":\"https:\\\/\\\/candas365.es\\\/noticias\\\/#organization\",\"name\":\"Cand\\u00e1s 365\",\"description\":\"Cand\\u00e1s 365 es un diario digital independiente, fundado en 2012, con base en Asturias. Informamos con rigor sobre actualidad, sociedad, cultura y ocio, con una mirada local y global.\",\"url\":\"https:\\\/\\\/candas365.es\\\/noticias\\\/\",\"email\":\"info@candas365.es\",\"telephone\":\"+34652131393\",\"foundingDate\":\"2012-06-10\",\"logo\":{\"@type\":\"ImageObject\",\"url\":\"https:\\\/\\\/candas365.es\\\/noticias\\\/wp-content\\\/uploads\\\/2024\\\/09\\\/Candas-365-Redes.jpg\",\"@id\":\"https:\\\/\\\/candas365.es\\\/noticias\\\/el-candas-cf-suma-la-primera-victoria-de-la-temporada\\\/#organizationLogo\",\"width\":1152,\"height\":864,\"caption\":\"Cand\\u00e1s 365 Redes\"},\"image\":{\"@id\":\"https:\\\/\\\/candas365.es\\\/noticias\\\/el-candas-cf-suma-la-primera-victoria-de-la-temporada\\\/#organizationLogo\"},\"sameAs\":[\"https:\\\/\\\/www.facebook.com\\\/Nachofdezber\",\"https:\\\/\\\/x.com\\\/NabercoDigital\",\"https:\\\/\\\/www.instagram.com\\\/nachofdezber\\\/\",\"https:\\\/\\\/www.youtube.com\\\/channel\\\/UCZP-2wLEB9Rv6erhFmqVnvg\"],\"address\":{\"@id\":\"https:\\\/\\\/candas365.es\\\/noticias\\\/#postaladdress\",\"@type\":\"PostalAddress\",\"streetAddress\":\"san antonio 4, san antonio 4\",\"postalCode\":\"33430\",\"addressLocality\":\"Cand\\u00e1s\",\"addressRegion\":\"Asturias\",\"addressCountry\":\"ES\"}},{\"@type\":\"Person\",\"@id\":\"https:\\\/\\\/candas365.es\\\/noticias\\\/author\\\/admin\\\/#author\",\"url\":\"https:\\\/\\\/candas365.es\\\/noticias\\\/author\\\/admin\\\/\",\"name\":\"Cand\\u00e1s 365\",\"image\":{\"@type\":\"ImageObject\",\"@id\":\"https:\\\/\\\/candas365.es\\\/noticias\\\/el-candas-cf-suma-la-primera-victoria-de-la-temporada\\\/#authorImage\",\"url\":\"https:\\\/\\\/secure.gravatar.com\\\/avatar\\\/496a8e03d0c493ede1718b7934145dbdf8d89be1036b0eec9544e1094c9de390?s=96&d=mm&r=g\",\"width\":96,\"height\":96,\"caption\":\"Cand\\u00e1s 365\"},\"sameAs\":[\"https:\\\/\\\/www.facebook.com\\\/carrenoactualidad\",\"https:\\\/\\\/twitter.com\\\/nbasturias\",\"https:\\\/\\\/www.instagram.com\\\/nachofdezber\\\/\",\"https:\\\/\\\/www.youtube.com\\\/channel\\\/UCZP-2wLEB9Rv6erhFmqVnvg\"]},{\"@type\":\"WebPage\",\"@id\":\"https:\\\/\\\/candas365.es\\\/noticias\\\/el-candas-cf-suma-la-primera-victoria-de-la-temporada\\\/#webpage\",\"url\":\"https:\\\/\\\/candas365.es\\\/noticias\\\/el-candas-cf-suma-la-primera-victoria-de-la-temporada\\\/\",\"name\":\"El Cand\\u00e1s CF suma la primera victoria de la temporada | Cand\\u00e1s 365\",\"description\":\"Tres jornadas disputadas, y el Cand\\u00e1s CF ya tiene en su casillero 4 puntos; tras cosechar un empate en su estreno liguero y una derrota en su primer partido\",\"inLanguage\":\"es-ES\",\"isPartOf\":{\"@id\":\"https:\\\/\\\/candas365.es\\\/noticias\\\/#website\"},\"breadcrumb\":{\"@id\":\"https:\\\/\\\/candas365.es\\\/noticias\\\/el-candas-cf-suma-la-primera-victoria-de-la-temporada\\\/#breadcrumblist\"},\"author\":{\"@id\":\"https:\\\/\\\/candas365.es\\\/noticias\\\/author\\\/admin\\\/#author\"},\"creator\":{\"@id\":\"https:\\\/\\\/candas365.es\\\/noticias\\\/author\\\/admin\\\/#author\"},\"image\":{\"@type\":\"ImageObject\",\"url\":\"https:\\\/\\\/candas365.es\\\/noticias\\\/wp-content\\\/uploads\\\/2023\\\/09\\\/Candas-CF.jpg\",\"@id\":\"https:\\\/\\\/candas365.es\\\/noticias\\\/el-candas-cf-suma-la-primera-victoria-de-la-temporada\\\/#mainImage\",\"width\":899,\"height\":668,\"caption\":\"Foto: Cand\\u00e1s 365\"},\"primaryImageOfPage\":{\"@id\":\"https:\\\/\\\/candas365.es\\\/noticias\\\/el-candas-cf-suma-la-primera-victoria-de-la-temporada\\\/#mainImage\"},\"datePublished\":\"2023-09-24T08:00:09+02:00\",\"dateModified\":\"2023-09-24T08:01:11+02:00\"},{\"@type\":\"WebSite\",\"@id\":\"https:\\\/\\\/candas365.es\\\/noticias\\\/#website\",\"url\":\"https:\\\/\\\/candas365.es\\\/noticias\\\/\",\"name\":\"Cand\\u00e1s 365\",\"alternateName\":\"Cand\\u00e1s 365 Noticias\",\"description\":\"Actualidad desde Carre\\u00f1o para el mundo\",\"inLanguage\":\"es-ES\",\"publisher\":{\"@id\":\"https:\\\/\\\/candas365.es\\\/noticias\\\/#organization\"}}]}\n\t\t<\/script>\n\t\t<!-- All in One SEO Pro -->\r\n\t\t<title>El Cand\u00e1s CF suma la primera victoria de la temporada | Cand\u00e1s 365<\/title>\n\n","aioseo_head_json":{"title":"El Cand\u00e1s CF suma la primera victoria de la temporada | Cand\u00e1s 365","description":"Tres jornadas disputadas, y el Cand\u00e1s CF ya tiene en su casillero 4 puntos; tras cosechar un empate en su estreno liguero y una derrota en su primer partido","canonical_url":"https:\/\/candas365.es\/noticias\/el-candas-cf-suma-la-primera-victoria-de-la-temporada\/","robots":"max-image-preview:large","keywords":"deporte","webmasterTools":{"google-site-verification":"UA-32230408-1","msvalidate.01":"354F3CDFB2DA171B47FBE9ABF1F88D5","miscellaneous":""},"schema":{"@context":"https:\/\/schema.org","@graph":[{"@type":"BreadcrumbList","@id":"https:\/\/candas365.es\/noticias\/el-candas-cf-suma-la-primera-victoria-de-la-temporada\/#breadcrumblist","itemListElement":[{"@type":"ListItem","@id":"https:\/\/candas365.es\/noticias#listItem","position":1,"name":"Home","item":"https:\/\/candas365.es\/noticias","nextItem":{"@type":"ListItem","@id":"https:\/\/candas365.es\/noticias\/category\/deporte\/#listItem","name":"Deporte"}},{"@type":"ListItem","@id":"https:\/\/candas365.es\/noticias\/category\/deporte\/#listItem","position":2,"name":"Deporte","item":"https:\/\/candas365.es\/noticias\/category\/deporte\/","nextItem":{"@type":"ListItem","@id":"https:\/\/candas365.es\/noticias\/el-candas-cf-suma-la-primera-victoria-de-la-temporada\/#listItem","name":"El Cand\u00e1s CF suma la primera victoria de la temporada"},"previousItem":{"@type":"ListItem","@id":"https:\/\/candas365.es\/noticias#listItem","name":"Home"}},{"@type":"ListItem","@id":"https:\/\/candas365.es\/noticias\/el-candas-cf-suma-la-primera-victoria-de-la-temporada\/#listItem","position":3,"name":"El Cand\u00e1s CF suma la primera victoria de la temporada","previousItem":{"@type":"ListItem","@id":"https:\/\/candas365.es\/noticias\/category\/deporte\/#listItem","name":"Deporte"}}]},{"@type":"NewsArticle","@id":"https:\/\/candas365.es\/noticias\/el-candas-cf-suma-la-primera-victoria-de-la-temporada\/#newsarticle","name":"El Cand\u00e1s CF suma la primera victoria de la temporada | Cand\u00e1s 365","headline":"El Cand\u00e1s CF suma la primera victoria de la temporada","author":{"@id":"https:\/\/candas365.es\/noticias\/author\/admin\/#author"},"publisher":{"@id":"https:\/\/candas365.es\/noticias\/#organization"},"image":{"@type":"ImageObject","url":"https:\/\/candas365.es\/noticias\/wp-content\/uploads\/2023\/09\/Candas-CF.jpg","width":899,"height":668,"caption":"Foto: Cand\u00e1s 365"},"datePublished":"2023-09-24T08:00:09+02:00","dateModified":"2023-09-24T08:01:11+02:00","inLanguage":"es-ES","mainEntityOfPage":{"@id":"https:\/\/candas365.es\/noticias\/el-candas-cf-suma-la-primera-victoria-de-la-temporada\/#webpage"},"isPartOf":{"@id":"https:\/\/candas365.es\/noticias\/el-candas-cf-suma-la-primera-victoria-de-la-temporada\/#webpage"},"articleSection":"Deporte, Cand\u00e1s, deporte","dateline":"Publicado el septiembre 24, 2023."},{"@type":"Organization","@id":"https:\/\/candas365.es\/noticias\/#organization","name":"Cand\u00e1s 365","description":"Cand\u00e1s 365 es un diario digital independiente, fundado en 2012, con base en Asturias. Informamos con rigor sobre actualidad, sociedad, cultura y ocio, con una mirada local y global.","url":"https:\/\/candas365.es\/noticias\/","email":"info@candas365.es","telephone":"+34652131393","foundingDate":"2012-06-10","logo":{"@type":"ImageObject","url":"https:\/\/candas365.es\/noticias\/wp-content\/uploads\/2024\/09\/Candas-365-Redes.jpg","@id":"https:\/\/candas365.es\/noticias\/el-candas-cf-suma-la-primera-victoria-de-la-temporada\/#organizationLogo","width":1152,"height":864,"caption":"Cand\u00e1s 365 Redes"},"image":{"@id":"https:\/\/candas365.es\/noticias\/el-candas-cf-suma-la-primera-victoria-de-la-temporada\/#organizationLogo"},"sameAs":["https:\/\/www.facebook.com\/Nachofdezber","https:\/\/x.com\/NabercoDigital","https:\/\/www.instagram.com\/nachofdezber\/","https:\/\/www.youtube.com\/channel\/UCZP-2wLEB9Rv6erhFmqVnvg"],"address":{"@id":"https:\/\/candas365.es\/noticias\/#postaladdress","@type":"PostalAddress","streetAddress":"san antonio 4, san antonio 4","postalCode":"33430","addressLocality":"Cand\u00e1s","addressRegion":"Asturias","addressCountry":"ES"}},{"@type":"Person","@id":"https:\/\/candas365.es\/noticias\/author\/admin\/#author","url":"https:\/\/candas365.es\/noticias\/author\/admin\/","name":"Cand\u00e1s 365","image":{"@type":"ImageObject","@id":"https:\/\/candas365.es\/noticias\/el-candas-cf-suma-la-primera-victoria-de-la-temporada\/#authorImage","url":"https:\/\/secure.gravatar.com\/avatar\/496a8e03d0c493ede1718b7934145dbdf8d89be1036b0eec9544e1094c9de390?s=96&d=mm&r=g","width":96,"height":96,"caption":"Cand\u00e1s 365"},"sameAs":["https:\/\/www.facebook.com\/carrenoactualidad","https:\/\/twitter.com\/nbasturias","https:\/\/www.instagram.com\/nachofdezber\/","https:\/\/www.youtube.com\/channel\/UCZP-2wLEB9Rv6erhFmqVnvg"]},{"@type":"WebPage","@id":"https:\/\/candas365.es\/noticias\/el-candas-cf-suma-la-primera-victoria-de-la-temporada\/#webpage","url":"https:\/\/candas365.es\/noticias\/el-candas-cf-suma-la-primera-victoria-de-la-temporada\/","name":"El Cand\u00e1s CF suma la primera victoria de la temporada | Cand\u00e1s 365","description":"Tres jornadas disputadas, y el Cand\u00e1s CF ya tiene en su casillero 4 puntos; tras cosechar un empate en su estreno liguero y una derrota en su primer partido","inLanguage":"es-ES","isPartOf":{"@id":"https:\/\/candas365.es\/noticias\/#website"},"breadcrumb":{"@id":"https:\/\/candas365.es\/noticias\/el-candas-cf-suma-la-primera-victoria-de-la-temporada\/#breadcrumblist"},"author":{"@id":"https:\/\/candas365.es\/noticias\/author\/admin\/#author"},"creator":{"@id":"https:\/\/candas365.es\/noticias\/author\/admin\/#author"},"image":{"@type":"ImageObject","url":"https:\/\/candas365.es\/noticias\/wp-content\/uploads\/2023\/09\/Candas-CF.jpg","@id":"https:\/\/candas365.es\/noticias\/el-candas-cf-suma-la-primera-victoria-de-la-temporada\/#mainImage","width":899,"height":668,"caption":"Foto: Cand\u00e1s 365"},"primaryImageOfPage":{"@id":"https:\/\/candas365.es\/noticias\/el-candas-cf-suma-la-primera-victoria-de-la-temporada\/#mainImage"},"datePublished":"2023-09-24T08:00:09+02:00","dateModified":"2023-09-24T08:01:11+02:00"},{"@type":"WebSite","@id":"https:\/\/candas365.es\/noticias\/#website","url":"https:\/\/candas365.es\/noticias\/","name":"Cand\u00e1s 365","alternateName":"Cand\u00e1s 365 Noticias","description":"Actualidad desde Carre\u00f1o para el mundo","inLanguage":"es-ES","publisher":{"@id":"https:\/\/candas365.es\/noticias\/#organization"}}]},"og:locale":"es_ES","og:site_name":"Cand\u00e1s 365","og:type":"article","og:title":"El Cand\u00e1s CF suma la primera victoria de la temporada | Cand\u00e1s 365","og:description":"Tres jornadas disputadas, y el Cand\u00e1s CF ya tiene en su casillero 4 puntos; tras cosechar un empate en su estreno liguero y una derrota en su primer partido","og:url":"https:\/\/candas365.es\/noticias\/el-candas-cf-suma-la-primera-victoria-de-la-temporada\/","og:image":"https:\/\/candas365.es\/noticias\/wp-content\/uploads\/2023\/09\/Candas-CF.jpg","og:image:secure_url":"https:\/\/candas365.es\/noticias\/wp-content\/uploads\/2023\/09\/Candas-CF.jpg","og:image:width":899,"og:image:height":668,"article:published_time":"2023-09-24T06:00:09+00:00","article:modified_time":"2023-09-24T06:01:11+00:00","article:publisher":"https:\/\/www.facebook.com\/Nachofdezber","article:author":"https:\/\/www.facebook.com\/carrenoactualidad","twitter:card":"summary_large_image","twitter:site":"@NabercoDigital","twitter:title":"El Cand\u00e1s CF suma la primera victoria de la temporada | Cand\u00e1s 365","twitter:description":"Tres jornadas disputadas, y el Cand\u00e1s CF ya tiene en su casillero 4 puntos; tras cosechar un empate en su estreno liguero y una derrota en su primer partido","twitter:creator":"@nbasturias","twitter:image":"https:\/\/candas365.es\/noticias\/wp-content\/uploads\/2023\/09\/Candas-CF.jpg","twitter:label1":"Escrito por","twitter:data1":"Cand\u00e1s 365","twitter:label2":"Tiempo de lectura estimado","twitter:data2":"1 minuto"},"aioseo_meta_data":{"post_id":"175420","title":null,"description":"Tres jornadas disputadas, y el Cand\u00e1s CF ya tiene en su casillero 4 puntos; tras cosechar un empate en su estreno liguero y una derrota en su primer partido","keywords":[],"keyphrases":{"focus":{"keyphrase":" Cand\u00e1s ","score":85,"analysis":{"keyphraseInTitle":{"score":9,"maxScore":9,"error":0},"keyphraseInDescription":{"score":9,"maxScore":9,"error":0},"keyphraseLength":{"score":9,"maxScore":9,"error":0,"length":2},"keyphraseInURL":{"score":5,"maxScore":5,"error":0},"keyphraseInIntroduction":{"score":9,"maxScore":9,"error":0},"keyphraseInSubHeadings":[],"keyphraseInImageAlt":{"score":9,"maxScore":9,"error":0},"keywordDensity":{"type":"high","score":0,"maxScore":9,"error":1}}},"additional":[{"keyphrase":" Cand\u00e1s CF","score":80,"analysis":{"keyphraseInDescription":{"score":9,"maxScore":9,"error":0},"keyphraseLength":{"score":9,"maxScore":9,"error":0,"length":3},"keyphraseInIntroduction":{"score":9,"maxScore":9,"error":0},"keyphraseInImageAlt":{"score":9,"maxScore":9,"error":0},"keywordDensity":{"type":"high","score":0,"maxScore":9,"error":1}}},{"keyphrase":" Cand\u00e1s ","score":80,"analysis":{"keyphraseInDescription":{"score":9,"maxScore":9,"error":0},"keyphraseLength":{"score":9,"maxScore":9,"error":0,"length":2},"keyphraseInIntroduction":{"score":9,"maxScore":9,"error":0},"keyphraseInImageAlt":{"score":9,"maxScore":9,"error":0},"keywordDensity":{"type":"high","score":0,"maxScore":9,"error":1}}}]},"primary_term":null,"canonical_url":null,"og_title":null,"og_description":null,"og_object_type":"default","og_image_type":"default","og_image_url":null,"og_image_width":null,"og_image_height":null,"og_image_custom_url":null,"og_image_custom_fields":null,"og_video":"","og_custom_url":null,"og_article_section":null,"og_article_tags":[],"twitter_use_og":false,"twitter_card":"default","twitter_image_type":"default","twitter_image_url":null,"twitter_image_custom_url":null,"twitter_image_custom_fields":null,"twitter_title":null,"twitter_description":null,"schema":{"blockGraphs":[],"customGraphs":[],"default":{"data":{"Article":[],"Course":[],"Dataset":[],"FAQPage":[],"Movie":[],"Person":[],"Product":[],"ProductReview":[],"Car":[],"Recipe":[],"Service":[],"SoftwareApplication":[],"WebPage":[]},"graphName":"Article","isEnabled":true},"graphs":[]},"schema_type":"default","schema_type_options":null,"pillar_content":false,"robots_default":true,"robots_noindex":false,"robots_noarchive":false,"robots_nosnippet":false,"robots_nofollow":false,"robots_noimageindex":false,"robots_noodp":false,"robots_notranslate":false,"robots_max_snippet":"-1","robots_max_videopreview":"-1","robots_max_imagepreview":"large","priority":null,"frequency":"default","location":null,"local_seo":null,"seo_analyzer_scan_date":"2025-09-01 22:35:17","breadcrumb_settings":null,"limit_modified_date":false,"reviewed_by":null,"open_ai":"{\"title\":{\"suggestions\":[],\"usage\":0},\"description\":{\"suggestions\":[],\"usage\":0}}","ai":null,"created":"2023-09-24 05:57:02","updated":"2025-09-01 22:35:17"},"aioseo_breadcrumb":"<div class=\"aioseo-breadcrumbs\"><span class=\"aioseo-breadcrumb\">\n\t<a href=\"https:\/\/candas365.es\/noticias\" title=\"Home\">Home<\/a>\n<\/span><span class=\"aioseo-breadcrumb-separator\">&ndash;<\/span><span class=\"aioseo-breadcrumb\">\n\t<a href=\"https:\/\/candas365.es\/noticias\/category\/deporte\/\" title=\"Deporte\">Deporte<\/a>\n<\/span><span class=\"aioseo-breadcrumb-separator\">&ndash;<\/span><span class=\"aioseo-breadcrumb\">\n\tEl Cand\u00e1s CF suma la primera victoria de la temporada\n<\/span><\/div>","aioseo_breadcrumb_json":[{"label":"Home","link":"https:\/\/candas365.es\/noticias"},{"label":"Deporte","link":"https:\/\/candas365.es\/noticias\/category\/deporte\/"},{"label":"El Cand\u00e1s CF suma la primera victoria de la temporada","link":"https:\/\/candas365.es\/noticias\/el-candas-cf-suma-la-primera-victoria-de-la-temporada\/"}],"_links":{"self":[{"href":"https:\/\/candas365.es\/noticias\/wp-json\/wp\/v2\/posts\/175420","targetHints":{"allow":["GET"]}}],"collection":[{"href":"https:\/\/candas365.es\/noticias\/wp-json\/wp\/v2\/posts"}],"about":[{"href":"https:\/\/candas365.es\/noticias\/wp-json\/wp\/v2\/types\/post"}],"author":[{"embeddable":true,"href":"https:\/\/candas365.es\/noticias\/wp-json\/wp\/v2\/users\/1"}],"replies":[{"embeddable":true,"href":"https:\/\/candas365.es\/noticias\/wp-json\/wp\/v2\/comments?post=175420"}],"version-history":[{"count":0,"href":"https:\/\/candas365.es\/noticias\/wp-json\/wp\/v2\/posts\/175420\/revisions"}],"wp:featuredmedia":[{"embeddable":true,"href":"https:\/\/candas365.es\/noticias\/wp-json\/wp\/v2\/media\/175421"}],"wp:attachment":[{"href":"https:\/\/candas365.es\/noticias\/wp-json\/wp\/v2\/media?parent=175420"}],"wp:term":[{"taxonomy":"category","embeddable":true,"href":"https:\/\/candas365.es\/noticias\/wp-json\/wp\/v2\/categories?post=175420"},{"taxonomy":"post_tag","embeddable":true,"href":"https:\/\/candas365.es\/noticias\/wp-json\/wp\/v2\/tags?post=175420"}],"curies":[{"name":"wp","href":"https:\/\/api.w.org\/{rel}","templated":true}]}}