{"id":175301,"date":"2023-09-17T03:54:18","date_gmt":"2023-09-17T01:54:18","guid":{"rendered":"https:\/\/candas365.es\/noticias\/?p=175301"},"modified":"2023-09-17T03:54:18","modified_gmt":"2023-09-17T01:54:18","slug":"nueva-convocatoria-de-los-premios-radar","status":"publish","type":"post","link":"https:\/\/candas365.es\/noticias\/nueva-convocatoria-de-los-premios-radar\/","title":{"rendered":"Nueva convocatoria de los premios Radar"},"content":{"rendered":"<p>El Principado acaba de lanzar una <strong>nueva convocatoria de los premios Radar a la<a href=\"https:\/\/candas365.es\/noticias\/category\/canal-empresas\/\"><span style=\"color: #ff6600;\"> innovaci\u00f3n emprendedora<\/span><\/a><\/strong>, dotados con 80.000 euros. La Consejer\u00eda de Ciencia, Empresas, Formaci\u00f3n y Empleo promueve estos galardones, a trav\u00e9s del Centro Europeo de Empresas e Innovaci\u00f3n del Principado de Asturias (CEEI) y la Agencia de Ciencia, Competitividad Empresarial e Innovaci\u00f3n Sekuens, con el objetivo de impulsar la transferencia de conocimiento.<\/p>\n<figure id=\"attachment_175302\" aria-describedby=\"caption-attachment-175302\" style=\"width: 650px\" class=\"wp-caption aligncenter\"><img fetchpriority=\"high\" decoding=\"async\" class=\"wp-image-175302 size-large\" src=\"https:\/\/candas365.es\/noticias\/wp-content\/uploads\/2023\/09\/Radar-650x406.jpg\" alt=\"Radar\" width=\"650\" height=\"406\" srcset=\"https:\/\/candas365.es\/noticias\/wp-content\/uploads\/2023\/09\/Radar-650x406.jpg 650w, https:\/\/candas365.es\/noticias\/wp-content\/uploads\/2023\/09\/Radar-360x225.jpg 360w, https:\/\/candas365.es\/noticias\/wp-content\/uploads\/2023\/09\/Radar-768x480.jpg 768w, https:\/\/candas365.es\/noticias\/wp-content\/uploads\/2023\/09\/Radar-150x94.jpg 150w, https:\/\/candas365.es\/noticias\/wp-content\/uploads\/2023\/09\/Radar-450x281.jpg 450w, https:\/\/candas365.es\/noticias\/wp-content\/uploads\/2023\/09\/Radar.jpg 771w\" sizes=\"(max-width: 650px) 100vw, 650px\" \/><figcaption id=\"caption-attachment-175302\" class=\"wp-caption-text\">Foto: Prensa Gobierno de Asturias<\/figcaption><\/figure>\n<p>El consejero de Ciencia, Borja S\u00e1nchez, ha participado en la presentaci\u00f3n online de esta tercera edici\u00f3n de los galardones, junto con la directora del CEEI, Cristina Fanjul.<\/p>\n<p>S\u00e1nchez ha destacado que estos premios, que reciben medio centenar de solicitudes cada a\u00f1o, \u201cson una clara apuesta por acercar el conocimiento al mercado como forma de generar riqueza y empleo en Asturias\u201d. Adem\u00e1s, ha recordado que son una v\u00eda para identificar investigadores y\/o equipos de emprendedores con inquietudes, capaces de ponerse al frente de una posible spin-off.<\/p>\n<p>El plazo para presentar candidaturas finaliza el 11 de octubre y los galardones se dividen en tres categor\u00edas que reconocen el talento emprendedor, tanto de investigadores como de j\u00f3venes empresas innovadoras:<\/p>\n<ul>\n<li>Premio Radar Spin-off. Dirigido a identificar resultados de los proyectos de investigaci\u00f3n desarrollados por grupos cient\u00edficos asturianos con potencial de constituir una empresa. Dotado con 15.000 euros. En sus anteriores ediciones se recibieron 60 candidaturas procedentes de 11 entidades de investigaci\u00f3n asturianas e involucraron a un total de 211 investigadores.<\/li>\n<li>Premio Radar a la mejor Empresa de Base Tecnol\u00f3gica (EBT). Dirigido a visibilizar y apoyar los mejores proyectos de firmas de base tecnol\u00f3gica (EBTs) con el fin de que Asturias desarrolle un nuevo tejido empresarial con mayor valor a\u00f1adido y empleo cualificado. Esta categor\u00eda cuenta con dos premios, dotados con 25.000 euros cada uno. El a\u00f1o pasado recibi\u00f3 28 candidaturas.<\/li>\n<li>Premio Radar ODS. Dirigido a empresas de base tecnol\u00f3gica altamente innovadoras que hayan realizado proyectos con impacto orientados a los objetivos de desarrollo sostenible con resultados demostrables. Dotado con 15.000 euros. Es la segunda edici\u00f3n en esta categor\u00eda, que el pasado a\u00f1o gener\u00f3 el inter\u00e9s de 12 EBTs.<\/li>\n<\/ul>\n","protected":false},"excerpt":{"rendered":"<p>El Principado acaba de lanzar una nueva convocatoria de los premios Radar a la innovaci\u00f3n emprendedora, dotados con 80.000 euros. La Consejer\u00eda de Ciencia, Empresas, Formaci\u00f3n y Empleo promueve estos galardones, a trav\u00e9s del Centro Europeo de Empresas e Innovaci\u00f3n del Principado de Asturias (CEEI) y la Agencia de Ciencia, Competitividad Empresarial e Innovaci\u00f3n Sekuens,<\/p>\n","protected":false},"author":1,"featured_media":175302,"comment_status":"closed","ping_status":"closed","sticky":false,"template":"","format":"standard","meta":{"footnotes":""},"categories":[7,151],"tags":[380,383],"class_list":{"0":"post-175301","1":"post","2":"type-post","3":"status-publish","4":"format-standard","5":"has-post-thumbnail","7":"category-asturias","8":"category-canal-empresas","9":"tag-asturias","10":"tag-empresas"},"aioseo_notices":[],"aioseo_head":"\n\t\t<!-- All in One SEO Pro 4.9.6.2 - aioseo.com -->\n\t<meta name=\"description\" content=\"El Principado acaba de lanzar una nueva convocatoria de los premios Radar a la innovaci\u00f3n emprendedora, dotados con 80.000 euros.\" \/>\n\t<meta name=\"robots\" content=\"max-image-preview:large\" \/>\n\t<meta name=\"author\" content=\"Cand\u00e1s 365\"\/>\n\t<meta name=\"google-site-verification\" content=\"UA-32230408-1\" \/>\n\t<meta name=\"msvalidate.01\" content=\"354F3CDFB2DA171B47FBE9ABF1F88D5\" \/>\n\t<meta name=\"keywords\" content=\"asturias,canal empresas\" \/>\n\t<link rel=\"canonical\" href=\"https:\/\/candas365.es\/noticias\/nueva-convocatoria-de-los-premios-radar\/\" \/>\n\t<meta name=\"generator\" content=\"All in One SEO Pro (AIOSEO) 4.9.6.2\" \/>\n\t\t<meta property=\"og:locale\" content=\"es_ES\" \/>\n\t\t<meta property=\"og:site_name\" content=\"Cand\u00e1s 365\" \/>\n\t\t<meta property=\"og:type\" content=\"article\" \/>\n\t\t<meta property=\"og:title\" content=\"Nueva convocatoria de los premios Radar | Cand\u00e1s 365\" \/>\n\t\t<meta property=\"og:description\" content=\"El Principado acaba de lanzar una nueva convocatoria de los premios Radar a la innovaci\u00f3n emprendedora, dotados con 80.000 euros.\" \/>\n\t\t<meta property=\"og:url\" content=\"https:\/\/candas365.es\/noticias\/nueva-convocatoria-de-los-premios-radar\/\" \/>\n\t\t<meta property=\"og:image\" content=\"https:\/\/candas365.es\/noticias\/wp-content\/uploads\/2023\/09\/Radar.jpg\" \/>\n\t\t<meta property=\"og:image:secure_url\" content=\"https:\/\/candas365.es\/noticias\/wp-content\/uploads\/2023\/09\/Radar.jpg\" \/>\n\t\t<meta property=\"og:image:width\" content=\"771\" \/>\n\t\t<meta property=\"og:image:height\" content=\"482\" \/>\n\t\t<meta property=\"article:published_time\" content=\"2023-09-17T01:54:18+00:00\" \/>\n\t\t<meta property=\"article:modified_time\" content=\"2023-09-17T01:54:18+00:00\" \/>\n\t\t<meta property=\"article:publisher\" content=\"https:\/\/www.facebook.com\/Nachofdezber\" \/>\n\t\t<meta property=\"article:author\" content=\"https:\/\/www.facebook.com\/carrenoactualidad\" \/>\n\t\t<meta name=\"twitter:card\" content=\"summary_large_image\" \/>\n\t\t<meta name=\"twitter:site\" content=\"@NabercoDigital\" \/>\n\t\t<meta name=\"twitter:title\" content=\"Nueva convocatoria de los premios Radar | Cand\u00e1s 365\" \/>\n\t\t<meta name=\"twitter:description\" content=\"El Principado acaba de lanzar una nueva convocatoria de los premios Radar a la innovaci\u00f3n emprendedora, dotados con 80.000 euros.\" \/>\n\t\t<meta name=\"twitter:creator\" content=\"@nbasturias\" \/>\n\t\t<meta name=\"twitter:image\" content=\"https:\/\/candas365.es\/noticias\/wp-content\/uploads\/2023\/09\/Radar.jpg\" \/>\n\t\t<meta name=\"twitter:label1\" content=\"Escrito por\" \/>\n\t\t<meta name=\"twitter:data1\" content=\"Cand\u00e1s 365\" \/>\n\t\t<meta name=\"twitter:label2\" content=\"Tiempo de lectura estimado\" \/>\n\t\t<meta name=\"twitter:data2\" content=\"2 minutos\" \/>\n\t\t<script type=\"application\/ld+json\" class=\"aioseo-schema\">\n\t\t\t{\"@context\":\"https:\\\/\\\/schema.org\",\"@graph\":[{\"@type\":\"BreadcrumbList\",\"@id\":\"https:\\\/\\\/candas365.es\\\/noticias\\\/nueva-convocatoria-de-los-premios-radar\\\/#breadcrumblist\",\"itemListElement\":[{\"@type\":\"ListItem\",\"@id\":\"https:\\\/\\\/candas365.es\\\/noticias#listItem\",\"position\":1,\"name\":\"Home\",\"item\":\"https:\\\/\\\/candas365.es\\\/noticias\",\"nextItem\":{\"@type\":\"ListItem\",\"@id\":\"https:\\\/\\\/candas365.es\\\/noticias\\\/category\\\/asturias\\\/#listItem\",\"name\":\"Asturias\"}},{\"@type\":\"ListItem\",\"@id\":\"https:\\\/\\\/candas365.es\\\/noticias\\\/category\\\/asturias\\\/#listItem\",\"position\":2,\"name\":\"Asturias\",\"item\":\"https:\\\/\\\/candas365.es\\\/noticias\\\/category\\\/asturias\\\/\",\"nextItem\":{\"@type\":\"ListItem\",\"@id\":\"https:\\\/\\\/candas365.es\\\/noticias\\\/nueva-convocatoria-de-los-premios-radar\\\/#listItem\",\"name\":\"Nueva convocatoria de los premios Radar\"},\"previousItem\":{\"@type\":\"ListItem\",\"@id\":\"https:\\\/\\\/candas365.es\\\/noticias#listItem\",\"name\":\"Home\"}},{\"@type\":\"ListItem\",\"@id\":\"https:\\\/\\\/candas365.es\\\/noticias\\\/nueva-convocatoria-de-los-premios-radar\\\/#listItem\",\"position\":3,\"name\":\"Nueva convocatoria de los premios Radar\",\"previousItem\":{\"@type\":\"ListItem\",\"@id\":\"https:\\\/\\\/candas365.es\\\/noticias\\\/category\\\/asturias\\\/#listItem\",\"name\":\"Asturias\"}}]},{\"@type\":\"NewsArticle\",\"@id\":\"https:\\\/\\\/candas365.es\\\/noticias\\\/nueva-convocatoria-de-los-premios-radar\\\/#newsarticle\",\"name\":\"Nueva convocatoria de los premios Radar | Cand\\u00e1s 365\",\"headline\":\"Nueva convocatoria de los premios Radar\",\"author\":{\"@id\":\"https:\\\/\\\/candas365.es\\\/noticias\\\/author\\\/admin\\\/#author\"},\"publisher\":{\"@id\":\"https:\\\/\\\/candas365.es\\\/noticias\\\/#organization\"},\"image\":{\"@type\":\"ImageObject\",\"url\":\"https:\\\/\\\/candas365.es\\\/noticias\\\/wp-content\\\/uploads\\\/2023\\\/09\\\/Radar.jpg\",\"width\":771,\"height\":482,\"caption\":\"Foto: Prensa Gobierno de Asturias\"},\"datePublished\":\"2023-09-17T03:54:18+02:00\",\"dateModified\":\"2023-09-17T03:54:18+02:00\",\"inLanguage\":\"es-ES\",\"mainEntityOfPage\":{\"@id\":\"https:\\\/\\\/candas365.es\\\/noticias\\\/nueva-convocatoria-de-los-premios-radar\\\/#webpage\"},\"isPartOf\":{\"@id\":\"https:\\\/\\\/candas365.es\\\/noticias\\\/nueva-convocatoria-de-los-premios-radar\\\/#webpage\"},\"articleSection\":\"Asturias, Canal Empresas, Asturias, empresas\",\"dateline\":\"Publicado el septiembre 17, 2023.\"},{\"@type\":\"Organization\",\"@id\":\"https:\\\/\\\/candas365.es\\\/noticias\\\/#organization\",\"name\":\"Cand\\u00e1s 365\",\"description\":\"Cand\\u00e1s 365 es un diario digital independiente, fundado en 2012, con base en Asturias. Informamos con rigor sobre actualidad, sociedad, cultura y ocio, con una mirada local y global.\",\"url\":\"https:\\\/\\\/candas365.es\\\/noticias\\\/\",\"email\":\"info@candas365.es\",\"telephone\":\"+34652131393\",\"foundingDate\":\"2012-06-10\",\"logo\":{\"@type\":\"ImageObject\",\"url\":\"https:\\\/\\\/candas365.es\\\/noticias\\\/wp-content\\\/uploads\\\/2024\\\/09\\\/Candas-365-Redes.jpg\",\"@id\":\"https:\\\/\\\/candas365.es\\\/noticias\\\/nueva-convocatoria-de-los-premios-radar\\\/#organizationLogo\",\"width\":1152,\"height\":864,\"caption\":\"Cand\\u00e1s 365 Redes\"},\"image\":{\"@id\":\"https:\\\/\\\/candas365.es\\\/noticias\\\/nueva-convocatoria-de-los-premios-radar\\\/#organizationLogo\"},\"sameAs\":[\"https:\\\/\\\/www.facebook.com\\\/Nachofdezber\",\"https:\\\/\\\/x.com\\\/NabercoDigital\",\"https:\\\/\\\/www.instagram.com\\\/nachofdezber\\\/\",\"https:\\\/\\\/www.youtube.com\\\/channel\\\/UCZP-2wLEB9Rv6erhFmqVnvg\"],\"address\":{\"@id\":\"https:\\\/\\\/candas365.es\\\/noticias\\\/#postaladdress\",\"@type\":\"PostalAddress\",\"streetAddress\":\"san antonio 4, san antonio 4\",\"postalCode\":\"33430\",\"addressLocality\":\"Cand\\u00e1s\",\"addressRegion\":\"Asturias\",\"addressCountry\":\"ES\"}},{\"@type\":\"Person\",\"@id\":\"https:\\\/\\\/candas365.es\\\/noticias\\\/author\\\/admin\\\/#author\",\"url\":\"https:\\\/\\\/candas365.es\\\/noticias\\\/author\\\/admin\\\/\",\"name\":\"Cand\\u00e1s 365\",\"image\":{\"@type\":\"ImageObject\",\"@id\":\"https:\\\/\\\/candas365.es\\\/noticias\\\/nueva-convocatoria-de-los-premios-radar\\\/#authorImage\",\"url\":\"https:\\\/\\\/secure.gravatar.com\\\/avatar\\\/496a8e03d0c493ede1718b7934145dbdf8d89be1036b0eec9544e1094c9de390?s=96&d=mm&r=g\",\"width\":96,\"height\":96,\"caption\":\"Cand\\u00e1s 365\"},\"sameAs\":[\"https:\\\/\\\/www.facebook.com\\\/carrenoactualidad\",\"https:\\\/\\\/twitter.com\\\/nbasturias\",\"https:\\\/\\\/www.instagram.com\\\/nachofdezber\\\/\",\"https:\\\/\\\/www.youtube.com\\\/channel\\\/UCZP-2wLEB9Rv6erhFmqVnvg\"]},{\"@type\":\"WebPage\",\"@id\":\"https:\\\/\\\/candas365.es\\\/noticias\\\/nueva-convocatoria-de-los-premios-radar\\\/#webpage\",\"url\":\"https:\\\/\\\/candas365.es\\\/noticias\\\/nueva-convocatoria-de-los-premios-radar\\\/\",\"name\":\"Nueva convocatoria de los premios Radar | Cand\\u00e1s 365\",\"description\":\"El Principado acaba de lanzar una nueva convocatoria de los premios Radar a la innovaci\\u00f3n emprendedora, dotados con 80.000 euros.\",\"inLanguage\":\"es-ES\",\"isPartOf\":{\"@id\":\"https:\\\/\\\/candas365.es\\\/noticias\\\/#website\"},\"breadcrumb\":{\"@id\":\"https:\\\/\\\/candas365.es\\\/noticias\\\/nueva-convocatoria-de-los-premios-radar\\\/#breadcrumblist\"},\"author\":{\"@id\":\"https:\\\/\\\/candas365.es\\\/noticias\\\/author\\\/admin\\\/#author\"},\"creator\":{\"@id\":\"https:\\\/\\\/candas365.es\\\/noticias\\\/author\\\/admin\\\/#author\"},\"image\":{\"@type\":\"ImageObject\",\"url\":\"https:\\\/\\\/candas365.es\\\/noticias\\\/wp-content\\\/uploads\\\/2023\\\/09\\\/Radar.jpg\",\"@id\":\"https:\\\/\\\/candas365.es\\\/noticias\\\/nueva-convocatoria-de-los-premios-radar\\\/#mainImage\",\"width\":771,\"height\":482,\"caption\":\"Foto: Prensa Gobierno de Asturias\"},\"primaryImageOfPage\":{\"@id\":\"https:\\\/\\\/candas365.es\\\/noticias\\\/nueva-convocatoria-de-los-premios-radar\\\/#mainImage\"},\"datePublished\":\"2023-09-17T03:54:18+02:00\",\"dateModified\":\"2023-09-17T03:54:18+02:00\"},{\"@type\":\"WebSite\",\"@id\":\"https:\\\/\\\/candas365.es\\\/noticias\\\/#website\",\"url\":\"https:\\\/\\\/candas365.es\\\/noticias\\\/\",\"name\":\"Cand\\u00e1s 365\",\"alternateName\":\"Cand\\u00e1s 365 Noticias\",\"description\":\"Actualidad desde Carre\\u00f1o para el mundo\",\"inLanguage\":\"es-ES\",\"publisher\":{\"@id\":\"https:\\\/\\\/candas365.es\\\/noticias\\\/#organization\"}}]}\n\t\t<\/script>\n\t\t<!-- All in One SEO Pro -->\r\n\t\t<title>Nueva convocatoria de los premios Radar | Cand\u00e1s 365<\/title>\n\n","aioseo_head_json":{"title":"Nueva convocatoria de los premios Radar | Cand\u00e1s 365","description":"El Principado acaba de lanzar una nueva convocatoria de los premios Radar a la innovaci\u00f3n emprendedora, dotados con 80.000 euros.","canonical_url":"https:\/\/candas365.es\/noticias\/nueva-convocatoria-de-los-premios-radar\/","robots":"max-image-preview:large","keywords":"asturias,canal empresas","webmasterTools":{"google-site-verification":"UA-32230408-1","msvalidate.01":"354F3CDFB2DA171B47FBE9ABF1F88D5","miscellaneous":""},"schema":{"@context":"https:\/\/schema.org","@graph":[{"@type":"BreadcrumbList","@id":"https:\/\/candas365.es\/noticias\/nueva-convocatoria-de-los-premios-radar\/#breadcrumblist","itemListElement":[{"@type":"ListItem","@id":"https:\/\/candas365.es\/noticias#listItem","position":1,"name":"Home","item":"https:\/\/candas365.es\/noticias","nextItem":{"@type":"ListItem","@id":"https:\/\/candas365.es\/noticias\/category\/asturias\/#listItem","name":"Asturias"}},{"@type":"ListItem","@id":"https:\/\/candas365.es\/noticias\/category\/asturias\/#listItem","position":2,"name":"Asturias","item":"https:\/\/candas365.es\/noticias\/category\/asturias\/","nextItem":{"@type":"ListItem","@id":"https:\/\/candas365.es\/noticias\/nueva-convocatoria-de-los-premios-radar\/#listItem","name":"Nueva convocatoria de los premios Radar"},"previousItem":{"@type":"ListItem","@id":"https:\/\/candas365.es\/noticias#listItem","name":"Home"}},{"@type":"ListItem","@id":"https:\/\/candas365.es\/noticias\/nueva-convocatoria-de-los-premios-radar\/#listItem","position":3,"name":"Nueva convocatoria de los premios Radar","previousItem":{"@type":"ListItem","@id":"https:\/\/candas365.es\/noticias\/category\/asturias\/#listItem","name":"Asturias"}}]},{"@type":"NewsArticle","@id":"https:\/\/candas365.es\/noticias\/nueva-convocatoria-de-los-premios-radar\/#newsarticle","name":"Nueva convocatoria de los premios Radar | Cand\u00e1s 365","headline":"Nueva convocatoria de los premios Radar","author":{"@id":"https:\/\/candas365.es\/noticias\/author\/admin\/#author"},"publisher":{"@id":"https:\/\/candas365.es\/noticias\/#organization"},"image":{"@type":"ImageObject","url":"https:\/\/candas365.es\/noticias\/wp-content\/uploads\/2023\/09\/Radar.jpg","width":771,"height":482,"caption":"Foto: Prensa Gobierno de Asturias"},"datePublished":"2023-09-17T03:54:18+02:00","dateModified":"2023-09-17T03:54:18+02:00","inLanguage":"es-ES","mainEntityOfPage":{"@id":"https:\/\/candas365.es\/noticias\/nueva-convocatoria-de-los-premios-radar\/#webpage"},"isPartOf":{"@id":"https:\/\/candas365.es\/noticias\/nueva-convocatoria-de-los-premios-radar\/#webpage"},"articleSection":"Asturias, Canal Empresas, Asturias, empresas","dateline":"Publicado el septiembre 17, 2023."},{"@type":"Organization","@id":"https:\/\/candas365.es\/noticias\/#organization","name":"Cand\u00e1s 365","description":"Cand\u00e1s 365 es un diario digital independiente, fundado en 2012, con base en Asturias. Informamos con rigor sobre actualidad, sociedad, cultura y ocio, con una mirada local y global.","url":"https:\/\/candas365.es\/noticias\/","email":"info@candas365.es","telephone":"+34652131393","foundingDate":"2012-06-10","logo":{"@type":"ImageObject","url":"https:\/\/candas365.es\/noticias\/wp-content\/uploads\/2024\/09\/Candas-365-Redes.jpg","@id":"https:\/\/candas365.es\/noticias\/nueva-convocatoria-de-los-premios-radar\/#organizationLogo","width":1152,"height":864,"caption":"Cand\u00e1s 365 Redes"},"image":{"@id":"https:\/\/candas365.es\/noticias\/nueva-convocatoria-de-los-premios-radar\/#organizationLogo"},"sameAs":["https:\/\/www.facebook.com\/Nachofdezber","https:\/\/x.com\/NabercoDigital","https:\/\/www.instagram.com\/nachofdezber\/","https:\/\/www.youtube.com\/channel\/UCZP-2wLEB9Rv6erhFmqVnvg"],"address":{"@id":"https:\/\/candas365.es\/noticias\/#postaladdress","@type":"PostalAddress","streetAddress":"san antonio 4, san antonio 4","postalCode":"33430","addressLocality":"Cand\u00e1s","addressRegion":"Asturias","addressCountry":"ES"}},{"@type":"Person","@id":"https:\/\/candas365.es\/noticias\/author\/admin\/#author","url":"https:\/\/candas365.es\/noticias\/author\/admin\/","name":"Cand\u00e1s 365","image":{"@type":"ImageObject","@id":"https:\/\/candas365.es\/noticias\/nueva-convocatoria-de-los-premios-radar\/#authorImage","url":"https:\/\/secure.gravatar.com\/avatar\/496a8e03d0c493ede1718b7934145dbdf8d89be1036b0eec9544e1094c9de390?s=96&d=mm&r=g","width":96,"height":96,"caption":"Cand\u00e1s 365"},"sameAs":["https:\/\/www.facebook.com\/carrenoactualidad","https:\/\/twitter.com\/nbasturias","https:\/\/www.instagram.com\/nachofdezber\/","https:\/\/www.youtube.com\/channel\/UCZP-2wLEB9Rv6erhFmqVnvg"]},{"@type":"WebPage","@id":"https:\/\/candas365.es\/noticias\/nueva-convocatoria-de-los-premios-radar\/#webpage","url":"https:\/\/candas365.es\/noticias\/nueva-convocatoria-de-los-premios-radar\/","name":"Nueva convocatoria de los premios Radar | Cand\u00e1s 365","description":"El Principado acaba de lanzar una nueva convocatoria de los premios Radar a la innovaci\u00f3n emprendedora, dotados con 80.000 euros.","inLanguage":"es-ES","isPartOf":{"@id":"https:\/\/candas365.es\/noticias\/#website"},"breadcrumb":{"@id":"https:\/\/candas365.es\/noticias\/nueva-convocatoria-de-los-premios-radar\/#breadcrumblist"},"author":{"@id":"https:\/\/candas365.es\/noticias\/author\/admin\/#author"},"creator":{"@id":"https:\/\/candas365.es\/noticias\/author\/admin\/#author"},"image":{"@type":"ImageObject","url":"https:\/\/candas365.es\/noticias\/wp-content\/uploads\/2023\/09\/Radar.jpg","@id":"https:\/\/candas365.es\/noticias\/nueva-convocatoria-de-los-premios-radar\/#mainImage","width":771,"height":482,"caption":"Foto: Prensa Gobierno de Asturias"},"primaryImageOfPage":{"@id":"https:\/\/candas365.es\/noticias\/nueva-convocatoria-de-los-premios-radar\/#mainImage"},"datePublished":"2023-09-17T03:54:18+02:00","dateModified":"2023-09-17T03:54:18+02:00"},{"@type":"WebSite","@id":"https:\/\/candas365.es\/noticias\/#website","url":"https:\/\/candas365.es\/noticias\/","name":"Cand\u00e1s 365","alternateName":"Cand\u00e1s 365 Noticias","description":"Actualidad desde Carre\u00f1o para el mundo","inLanguage":"es-ES","publisher":{"@id":"https:\/\/candas365.es\/noticias\/#organization"}}]},"og:locale":"es_ES","og:site_name":"Cand\u00e1s 365","og:type":"article","og:title":"Nueva convocatoria de los premios Radar | Cand\u00e1s 365","og:description":"El Principado acaba de lanzar una nueva convocatoria de los premios Radar a la innovaci\u00f3n emprendedora, dotados con 80.000 euros.","og:url":"https:\/\/candas365.es\/noticias\/nueva-convocatoria-de-los-premios-radar\/","og:image":"https:\/\/candas365.es\/noticias\/wp-content\/uploads\/2023\/09\/Radar.jpg","og:image:secure_url":"https:\/\/candas365.es\/noticias\/wp-content\/uploads\/2023\/09\/Radar.jpg","og:image:width":771,"og:image:height":482,"article:published_time":"2023-09-17T01:54:18+00:00","article:modified_time":"2023-09-17T01:54:18+00:00","article:publisher":"https:\/\/www.facebook.com\/Nachofdezber","article:author":"https:\/\/www.facebook.com\/carrenoactualidad","twitter:card":"summary_large_image","twitter:site":"@NabercoDigital","twitter:title":"Nueva convocatoria de los premios Radar | Cand\u00e1s 365","twitter:description":"El Principado acaba de lanzar una nueva convocatoria de los premios Radar a la innovaci\u00f3n emprendedora, dotados con 80.000 euros.","twitter:creator":"@nbasturias","twitter:image":"https:\/\/candas365.es\/noticias\/wp-content\/uploads\/2023\/09\/Radar.jpg","twitter:label1":"Escrito por","twitter:data1":"Cand\u00e1s 365","twitter:label2":"Tiempo de lectura estimado","twitter:data2":"2 minutos"},"aioseo_meta_data":{"post_id":"175301","title":null,"description":"El Principado acaba de lanzar una nueva convocatoria de los premios Radar a la innovaci\u00f3n emprendedora, dotados con 80.000 euros.","keywords":[],"keyphrases":{"focus":{"keyphrase":"Radar","score":93,"analysis":{"keyphraseInTitle":{"score":9,"maxScore":9,"error":0},"keyphraseInDescription":{"score":9,"maxScore":9,"error":0},"keyphraseLength":{"score":9,"maxScore":9,"error":0,"length":1},"keyphraseInURL":{"score":1,"maxScore":5,"error":1},"keyphraseInIntroduction":{"score":9,"maxScore":9,"error":0},"keyphraseInSubHeadings":[],"keyphraseInImageAlt":{"score":9,"maxScore":9,"error":0},"keywordDensity":{"type":"best","score":9,"maxScore":9,"error":0}}},"additional":[{"keyphrase":"Radar","score":100,"analysis":{"keyphraseInDescription":{"score":9,"maxScore":9,"error":0},"keyphraseLength":{"score":9,"maxScore":9,"error":0,"length":1},"keyphraseInIntroduction":{"score":9,"maxScore":9,"error":0},"keyphraseInImageAlt":{"score":9,"maxScore":9,"error":0},"keywordDensity":{"type":"best","score":9,"maxScore":9,"error":0}}}]},"primary_term":null,"canonical_url":null,"og_title":null,"og_description":null,"og_object_type":"default","og_image_type":"default","og_image_url":null,"og_image_width":null,"og_image_height":null,"og_image_custom_url":null,"og_image_custom_fields":null,"og_video":"","og_custom_url":null,"og_article_section":null,"og_article_tags":[],"twitter_use_og":false,"twitter_card":"default","twitter_image_type":"default","twitter_image_url":null,"twitter_image_custom_url":null,"twitter_image_custom_fields":null,"twitter_title":null,"twitter_description":null,"schema":{"blockGraphs":[],"customGraphs":[],"default":{"data":{"Article":[],"Course":[],"Dataset":[],"FAQPage":[],"Movie":[],"Person":[],"Product":[],"ProductReview":[],"Car":[],"Recipe":[],"Service":[],"SoftwareApplication":[],"WebPage":[]},"graphName":"Article","isEnabled":true},"graphs":[]},"schema_type":"default","schema_type_options":null,"pillar_content":false,"robots_default":true,"robots_noindex":false,"robots_noarchive":false,"robots_nosnippet":false,"robots_nofollow":false,"robots_noimageindex":false,"robots_noodp":false,"robots_notranslate":false,"robots_max_snippet":"-1","robots_max_videopreview":"-1","robots_max_imagepreview":"large","priority":null,"frequency":"default","location":null,"local_seo":null,"seo_analyzer_scan_date":"2025-09-01 22:27:15","breadcrumb_settings":null,"limit_modified_date":false,"reviewed_by":null,"open_ai":"{\"title\":{\"suggestions\":[],\"usage\":0},\"description\":{\"suggestions\":[],\"usage\":0}}","ai":null,"created":"2023-09-17 01:51:08","updated":"2025-09-01 22:27:15"},"aioseo_breadcrumb":"<div class=\"aioseo-breadcrumbs\"><span class=\"aioseo-breadcrumb\">\n\t<a href=\"https:\/\/candas365.es\/noticias\" title=\"Home\">Home<\/a>\n<\/span><span class=\"aioseo-breadcrumb-separator\">&ndash;<\/span><span class=\"aioseo-breadcrumb\">\n\t<a href=\"https:\/\/candas365.es\/noticias\/category\/asturias\/\" title=\"Asturias\">Asturias<\/a>\n<\/span><span class=\"aioseo-breadcrumb-separator\">&ndash;<\/span><span class=\"aioseo-breadcrumb\">\n\tNueva convocatoria de los premios Radar\n<\/span><\/div>","aioseo_breadcrumb_json":[{"label":"Home","link":"https:\/\/candas365.es\/noticias"},{"label":"Asturias","link":"https:\/\/candas365.es\/noticias\/category\/asturias\/"},{"label":"Nueva convocatoria de los premios Radar","link":"https:\/\/candas365.es\/noticias\/nueva-convocatoria-de-los-premios-radar\/"}],"_links":{"self":[{"href":"https:\/\/candas365.es\/noticias\/wp-json\/wp\/v2\/posts\/175301","targetHints":{"allow":["GET"]}}],"collection":[{"href":"https:\/\/candas365.es\/noticias\/wp-json\/wp\/v2\/posts"}],"about":[{"href":"https:\/\/candas365.es\/noticias\/wp-json\/wp\/v2\/types\/post"}],"author":[{"embeddable":true,"href":"https:\/\/candas365.es\/noticias\/wp-json\/wp\/v2\/users\/1"}],"replies":[{"embeddable":true,"href":"https:\/\/candas365.es\/noticias\/wp-json\/wp\/v2\/comments?post=175301"}],"version-history":[{"count":0,"href":"https:\/\/candas365.es\/noticias\/wp-json\/wp\/v2\/posts\/175301\/revisions"}],"wp:featuredmedia":[{"embeddable":true,"href":"https:\/\/candas365.es\/noticias\/wp-json\/wp\/v2\/media\/175302"}],"wp:attachment":[{"href":"https:\/\/candas365.es\/noticias\/wp-json\/wp\/v2\/media?parent=175301"}],"wp:term":[{"taxonomy":"category","embeddable":true,"href":"https:\/\/candas365.es\/noticias\/wp-json\/wp\/v2\/categories?post=175301"},{"taxonomy":"post_tag","embeddable":true,"href":"https:\/\/candas365.es\/noticias\/wp-json\/wp\/v2\/tags?post=175301"}],"curies":[{"name":"wp","href":"https:\/\/api.w.org\/{rel}","templated":true}]}}