{"id":175273,"date":"2023-09-15T10:22:41","date_gmt":"2023-09-15T08:22:41","guid":{"rendered":"https:\/\/candas365.es\/noticias\/?p=175273"},"modified":"2023-09-15T10:22:41","modified_gmt":"2023-09-15T08:22:41","slug":"como-tratar-la-ansiedad","status":"publish","type":"post","link":"https:\/\/candas365.es\/noticias\/como-tratar-la-ansiedad\/","title":{"rendered":"\u00bfC\u00f3mo tratar la ansiedad?"},"content":{"rendered":"<p>La vida no siempre es sencilla para todas las personas, <strong>se vive muy deprisa, cada d\u00eda es un nuevo reto y la ansiedad cada vez est\u00e1 m\u00e1s presente en la sociedad en general<\/strong>. Entender y comprender las causas y efectos que pueden llevar a una persona a <strong>sufrir un cuadro o crisis de ansiedad es complejo<\/strong>, de ah\u00ed la importancia de ponerse siempre en contacto con expertos y buscar soluciones profesionales.<\/p>\n<p><img fetchpriority=\"high\" decoding=\"async\" class=\"aligncenter wp-image-175274 size-full\" src=\"https:\/\/candas365.es\/noticias\/wp-content\/uploads\/2023\/09\/salud-ansiedad.jpg\" alt=\"salud ansiedad\" width=\"640\" height=\"427\" srcset=\"https:\/\/candas365.es\/noticias\/wp-content\/uploads\/2023\/09\/salud-ansiedad.jpg 640w, https:\/\/candas365.es\/noticias\/wp-content\/uploads\/2023\/09\/salud-ansiedad-360x240.jpg 360w, https:\/\/candas365.es\/noticias\/wp-content\/uploads\/2023\/09\/salud-ansiedad-150x100.jpg 150w, https:\/\/candas365.es\/noticias\/wp-content\/uploads\/2023\/09\/salud-ansiedad-450x300.jpg 450w\" sizes=\"(max-width: 640px) 100vw, 640px\" \/><\/p>\n<p><a title=\"Centro de salud mental\" href=\"https:\/\/vilem.es\/\" target=\"_blank\" rel=\"noopener\"><span style=\"color: #ff6600;\"><strong>Centro de salud mental<\/strong><\/span><\/a> <strong>ayuda a las personas a la hora de gestionar muchos problemas o enfermedades que con el paso del tiempo se pueden ir agravando<\/strong> en el caso de no acudir a un especialista e incluso pueden tener efectos secundarios negativos en la relaci\u00f3n de pareja, con la familia; en el trabajo o en la vida diaria.<\/p>\n<blockquote><p>\u201cLos trastornos de ansiedad tienen una gran prevalencia en la poblaci\u00f3n y con bastante frecuencia est\u00e1n asociadas a otras enfermedades mentales\u201d, nos afirman los expertos que hemos consultado<\/p><\/blockquote>\n<p>Hoy en d\u00eda, por suerte, <strong>la salud mental ya no es un tema tab\u00fa y prueba de ello son los casos de deportistas, cantantes o famosos que han hablado de sus casos y de ese modo ayudan a otras personas a romper con ese silencio que les impide buscar una soluci\u00f3n profesional.<\/strong><\/p>\n<h2>Efectos en las relaciones personales<\/h2>\n<p><strong>Muchas personas debido a sus problemas de ansiedad o incluso de estr\u00e9s pueden llegar a cerrarse en su mundo<\/strong>, renunciando a disfrutar de la familia, pareja o amigos; adem\u00e1s los <strong>efectos en las relaciones personales<\/strong> tambi\u00e9n pueden tener sus consecuencias en los estudios o en el trabajo; cuando una persona se da cuenta de las primeras se\u00f1ales o ha sufrido una crisis de ansiedad no debe dejarlo pasar, y en el caso de que un familiar, pareja o los ni\u00f1os comiencen a mostrar cambios en su comportamiento <strong>es necesario dejarse ayudar, buscar la causa, afrontar la situaci\u00f3n y buscar la soluci\u00f3n que mejor se adapte a cada persona.<\/strong><\/p>\n<p>Se suele decir que cada persona es un mundo, es una frase que ciertamente es una realidad, pues <strong>muchas personas no afrontan correctamente sus problemas o dudas y tampoco son capaces de gestionar sus emociones, miedos, sensaciones e incluso el \u00e9xito<\/strong>. Lo que para unos es una an\u00e9cdota para otros puede ser un gran problema, de ah\u00ed la importancia de ponerse en manos de <strong>profesionales que sepan analizar cada caso, sepan comprender las necesidades de las personas y sean capaces de dar con un tratamiento o terapia correcta.<\/strong><\/p>\n<h2>\u00bfC\u00f3mo tratar la ansiedad?<\/h2>\n<p>Lo primero que se debe hacer es <strong>acudir a un centro especializado<\/strong>, con buenos profesionales y que sepan realizar un diagnostico acertado, una vez que la persona asume que debe dejarse ayudar y es consciente de que<strong> con paciencia y tiempo se puede mejorar la calidad de vida, recuperar la confianza y tener una vida estable y positivo todo ser\u00e1 m\u00e1s sencillo.<\/strong><\/p>\n<p>Cuando una persona se pone en manos de expertos no debe obsesionarse con una fecha o un plazo en el tiempo para volver a estar bien, l<strong>o realmente importante es sentirse cada d\u00eda mejor, saber ver las se\u00f1ales que nos va dando el cuerpo, evitar situaciones que puedan generar estr\u00e9s, ansiedad e incluso depresi\u00f3n y seguir las pautas y consejos de su especialista.<\/strong><\/p>\n<blockquote><p>Los trastornos ansiosos suelen ser cr\u00f3nicos, pero su curso puede mejorar notablemente mediante una detecci\u00f3n a tiempo y un tratamiento adecuado.<\/p><\/blockquote>\n<p>Algunas personas tienen que recurrir a <strong>tratamientos con f\u00e1rmacos<\/strong>, otras pueden superar la ansiedad con <strong>psic\u00f3logos<\/strong>, e incluso hay casos en los que <strong>meditar, hacer yoga, deporte, caminar, proyectar pensamientos positivos<\/strong> y optar tambi\u00e9n por el entrenamiento de la respiraci\u00f3n puede dar buenos resultados.<\/p>\n<p>Para <strong>tratar correctamente la ansiedad<\/strong> y para encontrar una soluci\u00f3n personalizada te recomendamos que accedas a vilem.es, en su sitio web tienen informaci\u00f3n muy \u00fatil y adem\u00e1s se pueden realizar consultas y exponer cada caso, su equipo te ayudar\u00e1 a tener una mejor calidad de vida, a ayudar a esas personas que quieres y que quiz\u00e1s est\u00e1s viendo sufrir. <strong>El primer paso para mejorar es reconocer los problemas y ponerse en manos de expertos.\u00a0<\/strong><\/p>\n","protected":false},"excerpt":{"rendered":"<p>La vida no siempre es sencilla para todas las personas, se vive muy deprisa, cada d\u00eda es un nuevo reto y la ansiedad cada vez est\u00e1 m\u00e1s presente en la sociedad en general. Entender y comprender las causas y efectos que pueden llevar a una persona a sufrir un cuadro o crisis de ansiedad es<\/p>\n","protected":false},"author":1,"featured_media":175274,"comment_status":"closed","ping_status":"closed","sticky":false,"template":"","format":"standard","meta":{"footnotes":""},"categories":[372],"tags":[378],"class_list":{"0":"post-175273","1":"post","2":"type-post","3":"status-publish","4":"format-standard","5":"has-post-thumbnail","7":"category-salud","8":"tag-salud"},"aioseo_notices":[],"aioseo_head":"\n\t\t<!-- All in One SEO Pro 4.9.6.2 - aioseo.com -->\n\t<meta name=\"description\" content=\"La vida no siempre es sencilla para todas las personas, se vive muy deprisa, cada d\u00eda es un nuevo reto y la ansiedad cada vez est\u00e1 m\u00e1s presente en la sociedad\" \/>\n\t<meta name=\"robots\" content=\"max-image-preview:large\" \/>\n\t<meta name=\"author\" content=\"Cand\u00e1s 365\"\/>\n\t<meta name=\"google-site-verification\" content=\"UA-32230408-1\" \/>\n\t<meta name=\"msvalidate.01\" content=\"354F3CDFB2DA171B47FBE9ABF1F88D5\" \/>\n\t<meta name=\"keywords\" content=\"salud\" \/>\n\t<link rel=\"canonical\" href=\"https:\/\/candas365.es\/noticias\/como-tratar-la-ansiedad\/\" \/>\n\t<meta name=\"generator\" content=\"All in One SEO Pro (AIOSEO) 4.9.6.2\" \/>\n\t\t<meta property=\"og:locale\" content=\"es_ES\" \/>\n\t\t<meta property=\"og:site_name\" content=\"Cand\u00e1s 365\" \/>\n\t\t<meta property=\"og:type\" content=\"article\" \/>\n\t\t<meta property=\"og:title\" content=\"\u00bfC\u00f3mo tratar la ansiedad? | Cand\u00e1s 365\" \/>\n\t\t<meta property=\"og:description\" content=\"La vida no siempre es sencilla para todas las personas, se vive muy deprisa, cada d\u00eda es un nuevo reto y la ansiedad cada vez est\u00e1 m\u00e1s presente en la sociedad\" \/>\n\t\t<meta property=\"og:url\" content=\"https:\/\/candas365.es\/noticias\/como-tratar-la-ansiedad\/\" \/>\n\t\t<meta property=\"og:image\" content=\"https:\/\/candas365.es\/noticias\/wp-content\/uploads\/2023\/09\/salud-ansiedad.jpg\" \/>\n\t\t<meta property=\"og:image:secure_url\" content=\"https:\/\/candas365.es\/noticias\/wp-content\/uploads\/2023\/09\/salud-ansiedad.jpg\" \/>\n\t\t<meta property=\"og:image:width\" content=\"640\" \/>\n\t\t<meta property=\"og:image:height\" content=\"427\" \/>\n\t\t<meta property=\"article:published_time\" content=\"2023-09-15T08:22:41+00:00\" \/>\n\t\t<meta property=\"article:modified_time\" content=\"2023-09-15T08:22:41+00:00\" \/>\n\t\t<meta property=\"article:publisher\" content=\"https:\/\/www.facebook.com\/Nachofdezber\" \/>\n\t\t<meta property=\"article:author\" content=\"https:\/\/www.facebook.com\/carrenoactualidad\" \/>\n\t\t<meta name=\"twitter:card\" content=\"summary_large_image\" \/>\n\t\t<meta name=\"twitter:site\" content=\"@NabercoDigital\" \/>\n\t\t<meta name=\"twitter:title\" content=\"\u00bfC\u00f3mo tratar la ansiedad? | Cand\u00e1s 365\" \/>\n\t\t<meta name=\"twitter:description\" content=\"La vida no siempre es sencilla para todas las personas, se vive muy deprisa, cada d\u00eda es un nuevo reto y la ansiedad cada vez est\u00e1 m\u00e1s presente en la sociedad\" \/>\n\t\t<meta name=\"twitter:creator\" content=\"@nbasturias\" \/>\n\t\t<meta name=\"twitter:image\" content=\"https:\/\/candas365.es\/noticias\/wp-content\/uploads\/2023\/09\/salud-ansiedad.jpg\" \/>\n\t\t<meta name=\"twitter:label1\" content=\"Escrito por\" \/>\n\t\t<meta name=\"twitter:data1\" content=\"Cand\u00e1s 365\" \/>\n\t\t<meta name=\"twitter:label2\" content=\"Tiempo de lectura estimado\" \/>\n\t\t<meta name=\"twitter:data2\" content=\"4 minutos\" \/>\n\t\t<script type=\"application\/ld+json\" class=\"aioseo-schema\">\n\t\t\t{\"@context\":\"https:\\\/\\\/schema.org\",\"@graph\":[{\"@type\":\"BreadcrumbList\",\"@id\":\"https:\\\/\\\/candas365.es\\\/noticias\\\/como-tratar-la-ansiedad\\\/#breadcrumblist\",\"itemListElement\":[{\"@type\":\"ListItem\",\"@id\":\"https:\\\/\\\/candas365.es\\\/noticias#listItem\",\"position\":1,\"name\":\"Home\",\"item\":\"https:\\\/\\\/candas365.es\\\/noticias\",\"nextItem\":{\"@type\":\"ListItem\",\"@id\":\"https:\\\/\\\/candas365.es\\\/noticias\\\/category\\\/salud\\\/#listItem\",\"name\":\"Salud\"}},{\"@type\":\"ListItem\",\"@id\":\"https:\\\/\\\/candas365.es\\\/noticias\\\/category\\\/salud\\\/#listItem\",\"position\":2,\"name\":\"Salud\",\"item\":\"https:\\\/\\\/candas365.es\\\/noticias\\\/category\\\/salud\\\/\",\"nextItem\":{\"@type\":\"ListItem\",\"@id\":\"https:\\\/\\\/candas365.es\\\/noticias\\\/como-tratar-la-ansiedad\\\/#listItem\",\"name\":\"\\u00bfC\\u00f3mo tratar la ansiedad?\"},\"previousItem\":{\"@type\":\"ListItem\",\"@id\":\"https:\\\/\\\/candas365.es\\\/noticias#listItem\",\"name\":\"Home\"}},{\"@type\":\"ListItem\",\"@id\":\"https:\\\/\\\/candas365.es\\\/noticias\\\/como-tratar-la-ansiedad\\\/#listItem\",\"position\":3,\"name\":\"\\u00bfC\\u00f3mo tratar la ansiedad?\",\"previousItem\":{\"@type\":\"ListItem\",\"@id\":\"https:\\\/\\\/candas365.es\\\/noticias\\\/category\\\/salud\\\/#listItem\",\"name\":\"Salud\"}}]},{\"@type\":\"NewsArticle\",\"@id\":\"https:\\\/\\\/candas365.es\\\/noticias\\\/como-tratar-la-ansiedad\\\/#newsarticle\",\"name\":\"\\u00bfC\\u00f3mo tratar la ansiedad? | Cand\\u00e1s 365\",\"headline\":\"\\u00bfC\\u00f3mo tratar la ansiedad?\",\"author\":{\"@id\":\"https:\\\/\\\/candas365.es\\\/noticias\\\/author\\\/admin\\\/#author\"},\"publisher\":{\"@id\":\"https:\\\/\\\/candas365.es\\\/noticias\\\/#organization\"},\"image\":{\"@type\":\"ImageObject\",\"url\":\"https:\\\/\\\/candas365.es\\\/noticias\\\/wp-content\\\/uploads\\\/2023\\\/09\\\/salud-ansiedad.jpg\",\"width\":640,\"height\":427,\"caption\":\"salud ansiedad\"},\"datePublished\":\"2023-09-15T10:22:41+02:00\",\"dateModified\":\"2023-09-15T10:22:41+02:00\",\"inLanguage\":\"es-ES\",\"mainEntityOfPage\":{\"@id\":\"https:\\\/\\\/candas365.es\\\/noticias\\\/como-tratar-la-ansiedad\\\/#webpage\"},\"isPartOf\":{\"@id\":\"https:\\\/\\\/candas365.es\\\/noticias\\\/como-tratar-la-ansiedad\\\/#webpage\"},\"articleSection\":\"Salud, Salud\",\"dateline\":\"Publicado el septiembre 15, 2023.\"},{\"@type\":\"Organization\",\"@id\":\"https:\\\/\\\/candas365.es\\\/noticias\\\/#organization\",\"name\":\"Cand\\u00e1s 365\",\"description\":\"Cand\\u00e1s 365 es un diario digital independiente, fundado en 2012, con base en Asturias. Informamos con rigor sobre actualidad, sociedad, cultura y ocio, con una mirada local y global.\",\"url\":\"https:\\\/\\\/candas365.es\\\/noticias\\\/\",\"email\":\"info@candas365.es\",\"telephone\":\"+34652131393\",\"foundingDate\":\"2012-06-10\",\"logo\":{\"@type\":\"ImageObject\",\"url\":\"https:\\\/\\\/candas365.es\\\/noticias\\\/wp-content\\\/uploads\\\/2024\\\/09\\\/Candas-365-Redes.jpg\",\"@id\":\"https:\\\/\\\/candas365.es\\\/noticias\\\/como-tratar-la-ansiedad\\\/#organizationLogo\",\"width\":1152,\"height\":864,\"caption\":\"Cand\\u00e1s 365 Redes\"},\"image\":{\"@id\":\"https:\\\/\\\/candas365.es\\\/noticias\\\/como-tratar-la-ansiedad\\\/#organizationLogo\"},\"sameAs\":[\"https:\\\/\\\/www.facebook.com\\\/Nachofdezber\",\"https:\\\/\\\/x.com\\\/NabercoDigital\",\"https:\\\/\\\/www.instagram.com\\\/nachofdezber\\\/\",\"https:\\\/\\\/www.youtube.com\\\/channel\\\/UCZP-2wLEB9Rv6erhFmqVnvg\"],\"address\":{\"@id\":\"https:\\\/\\\/candas365.es\\\/noticias\\\/#postaladdress\",\"@type\":\"PostalAddress\",\"streetAddress\":\"san antonio 4, san antonio 4\",\"postalCode\":\"33430\",\"addressLocality\":\"Cand\\u00e1s\",\"addressRegion\":\"Asturias\",\"addressCountry\":\"ES\"}},{\"@type\":\"Person\",\"@id\":\"https:\\\/\\\/candas365.es\\\/noticias\\\/author\\\/admin\\\/#author\",\"url\":\"https:\\\/\\\/candas365.es\\\/noticias\\\/author\\\/admin\\\/\",\"name\":\"Cand\\u00e1s 365\",\"image\":{\"@type\":\"ImageObject\",\"@id\":\"https:\\\/\\\/candas365.es\\\/noticias\\\/como-tratar-la-ansiedad\\\/#authorImage\",\"url\":\"https:\\\/\\\/secure.gravatar.com\\\/avatar\\\/496a8e03d0c493ede1718b7934145dbdf8d89be1036b0eec9544e1094c9de390?s=96&d=mm&r=g\",\"width\":96,\"height\":96,\"caption\":\"Cand\\u00e1s 365\"},\"sameAs\":[\"https:\\\/\\\/www.facebook.com\\\/carrenoactualidad\",\"https:\\\/\\\/twitter.com\\\/nbasturias\",\"https:\\\/\\\/www.instagram.com\\\/nachofdezber\\\/\",\"https:\\\/\\\/www.youtube.com\\\/channel\\\/UCZP-2wLEB9Rv6erhFmqVnvg\"]},{\"@type\":\"WebPage\",\"@id\":\"https:\\\/\\\/candas365.es\\\/noticias\\\/como-tratar-la-ansiedad\\\/#webpage\",\"url\":\"https:\\\/\\\/candas365.es\\\/noticias\\\/como-tratar-la-ansiedad\\\/\",\"name\":\"\\u00bfC\\u00f3mo tratar la ansiedad? | Cand\\u00e1s 365\",\"description\":\"La vida no siempre es sencilla para todas las personas, se vive muy deprisa, cada d\\u00eda es un nuevo reto y la ansiedad cada vez est\\u00e1 m\\u00e1s presente en la sociedad\",\"inLanguage\":\"es-ES\",\"isPartOf\":{\"@id\":\"https:\\\/\\\/candas365.es\\\/noticias\\\/#website\"},\"breadcrumb\":{\"@id\":\"https:\\\/\\\/candas365.es\\\/noticias\\\/como-tratar-la-ansiedad\\\/#breadcrumblist\"},\"author\":{\"@id\":\"https:\\\/\\\/candas365.es\\\/noticias\\\/author\\\/admin\\\/#author\"},\"creator\":{\"@id\":\"https:\\\/\\\/candas365.es\\\/noticias\\\/author\\\/admin\\\/#author\"},\"image\":{\"@type\":\"ImageObject\",\"url\":\"https:\\\/\\\/candas365.es\\\/noticias\\\/wp-content\\\/uploads\\\/2023\\\/09\\\/salud-ansiedad.jpg\",\"@id\":\"https:\\\/\\\/candas365.es\\\/noticias\\\/como-tratar-la-ansiedad\\\/#mainImage\",\"width\":640,\"height\":427,\"caption\":\"salud ansiedad\"},\"primaryImageOfPage\":{\"@id\":\"https:\\\/\\\/candas365.es\\\/noticias\\\/como-tratar-la-ansiedad\\\/#mainImage\"},\"datePublished\":\"2023-09-15T10:22:41+02:00\",\"dateModified\":\"2023-09-15T10:22:41+02:00\"},{\"@type\":\"WebSite\",\"@id\":\"https:\\\/\\\/candas365.es\\\/noticias\\\/#website\",\"url\":\"https:\\\/\\\/candas365.es\\\/noticias\\\/\",\"name\":\"Cand\\u00e1s 365\",\"alternateName\":\"Cand\\u00e1s 365 Noticias\",\"description\":\"Actualidad desde Carre\\u00f1o para el mundo\",\"inLanguage\":\"es-ES\",\"publisher\":{\"@id\":\"https:\\\/\\\/candas365.es\\\/noticias\\\/#organization\"}}]}\n\t\t<\/script>\n\t\t<!-- All in One SEO Pro -->\r\n\t\t<title>\u00bfC\u00f3mo tratar la ansiedad? | Cand\u00e1s 365<\/title>\n\n","aioseo_head_json":{"title":"\u00bfC\u00f3mo tratar la ansiedad? | Cand\u00e1s 365","description":"La vida no siempre es sencilla para todas las personas, se vive muy deprisa, cada d\u00eda es un nuevo reto y la ansiedad cada vez est\u00e1 m\u00e1s presente en la sociedad","canonical_url":"https:\/\/candas365.es\/noticias\/como-tratar-la-ansiedad\/","robots":"max-image-preview:large","keywords":"salud","webmasterTools":{"google-site-verification":"UA-32230408-1","msvalidate.01":"354F3CDFB2DA171B47FBE9ABF1F88D5","miscellaneous":""},"schema":{"@context":"https:\/\/schema.org","@graph":[{"@type":"BreadcrumbList","@id":"https:\/\/candas365.es\/noticias\/como-tratar-la-ansiedad\/#breadcrumblist","itemListElement":[{"@type":"ListItem","@id":"https:\/\/candas365.es\/noticias#listItem","position":1,"name":"Home","item":"https:\/\/candas365.es\/noticias","nextItem":{"@type":"ListItem","@id":"https:\/\/candas365.es\/noticias\/category\/salud\/#listItem","name":"Salud"}},{"@type":"ListItem","@id":"https:\/\/candas365.es\/noticias\/category\/salud\/#listItem","position":2,"name":"Salud","item":"https:\/\/candas365.es\/noticias\/category\/salud\/","nextItem":{"@type":"ListItem","@id":"https:\/\/candas365.es\/noticias\/como-tratar-la-ansiedad\/#listItem","name":"\u00bfC\u00f3mo tratar la ansiedad?"},"previousItem":{"@type":"ListItem","@id":"https:\/\/candas365.es\/noticias#listItem","name":"Home"}},{"@type":"ListItem","@id":"https:\/\/candas365.es\/noticias\/como-tratar-la-ansiedad\/#listItem","position":3,"name":"\u00bfC\u00f3mo tratar la ansiedad?","previousItem":{"@type":"ListItem","@id":"https:\/\/candas365.es\/noticias\/category\/salud\/#listItem","name":"Salud"}}]},{"@type":"NewsArticle","@id":"https:\/\/candas365.es\/noticias\/como-tratar-la-ansiedad\/#newsarticle","name":"\u00bfC\u00f3mo tratar la ansiedad? | Cand\u00e1s 365","headline":"\u00bfC\u00f3mo tratar la ansiedad?","author":{"@id":"https:\/\/candas365.es\/noticias\/author\/admin\/#author"},"publisher":{"@id":"https:\/\/candas365.es\/noticias\/#organization"},"image":{"@type":"ImageObject","url":"https:\/\/candas365.es\/noticias\/wp-content\/uploads\/2023\/09\/salud-ansiedad.jpg","width":640,"height":427,"caption":"salud ansiedad"},"datePublished":"2023-09-15T10:22:41+02:00","dateModified":"2023-09-15T10:22:41+02:00","inLanguage":"es-ES","mainEntityOfPage":{"@id":"https:\/\/candas365.es\/noticias\/como-tratar-la-ansiedad\/#webpage"},"isPartOf":{"@id":"https:\/\/candas365.es\/noticias\/como-tratar-la-ansiedad\/#webpage"},"articleSection":"Salud, Salud","dateline":"Publicado el septiembre 15, 2023."},{"@type":"Organization","@id":"https:\/\/candas365.es\/noticias\/#organization","name":"Cand\u00e1s 365","description":"Cand\u00e1s 365 es un diario digital independiente, fundado en 2012, con base en Asturias. Informamos con rigor sobre actualidad, sociedad, cultura y ocio, con una mirada local y global.","url":"https:\/\/candas365.es\/noticias\/","email":"info@candas365.es","telephone":"+34652131393","foundingDate":"2012-06-10","logo":{"@type":"ImageObject","url":"https:\/\/candas365.es\/noticias\/wp-content\/uploads\/2024\/09\/Candas-365-Redes.jpg","@id":"https:\/\/candas365.es\/noticias\/como-tratar-la-ansiedad\/#organizationLogo","width":1152,"height":864,"caption":"Cand\u00e1s 365 Redes"},"image":{"@id":"https:\/\/candas365.es\/noticias\/como-tratar-la-ansiedad\/#organizationLogo"},"sameAs":["https:\/\/www.facebook.com\/Nachofdezber","https:\/\/x.com\/NabercoDigital","https:\/\/www.instagram.com\/nachofdezber\/","https:\/\/www.youtube.com\/channel\/UCZP-2wLEB9Rv6erhFmqVnvg"],"address":{"@id":"https:\/\/candas365.es\/noticias\/#postaladdress","@type":"PostalAddress","streetAddress":"san antonio 4, san antonio 4","postalCode":"33430","addressLocality":"Cand\u00e1s","addressRegion":"Asturias","addressCountry":"ES"}},{"@type":"Person","@id":"https:\/\/candas365.es\/noticias\/author\/admin\/#author","url":"https:\/\/candas365.es\/noticias\/author\/admin\/","name":"Cand\u00e1s 365","image":{"@type":"ImageObject","@id":"https:\/\/candas365.es\/noticias\/como-tratar-la-ansiedad\/#authorImage","url":"https:\/\/secure.gravatar.com\/avatar\/496a8e03d0c493ede1718b7934145dbdf8d89be1036b0eec9544e1094c9de390?s=96&d=mm&r=g","width":96,"height":96,"caption":"Cand\u00e1s 365"},"sameAs":["https:\/\/www.facebook.com\/carrenoactualidad","https:\/\/twitter.com\/nbasturias","https:\/\/www.instagram.com\/nachofdezber\/","https:\/\/www.youtube.com\/channel\/UCZP-2wLEB9Rv6erhFmqVnvg"]},{"@type":"WebPage","@id":"https:\/\/candas365.es\/noticias\/como-tratar-la-ansiedad\/#webpage","url":"https:\/\/candas365.es\/noticias\/como-tratar-la-ansiedad\/","name":"\u00bfC\u00f3mo tratar la ansiedad? | Cand\u00e1s 365","description":"La vida no siempre es sencilla para todas las personas, se vive muy deprisa, cada d\u00eda es un nuevo reto y la ansiedad cada vez est\u00e1 m\u00e1s presente en la sociedad","inLanguage":"es-ES","isPartOf":{"@id":"https:\/\/candas365.es\/noticias\/#website"},"breadcrumb":{"@id":"https:\/\/candas365.es\/noticias\/como-tratar-la-ansiedad\/#breadcrumblist"},"author":{"@id":"https:\/\/candas365.es\/noticias\/author\/admin\/#author"},"creator":{"@id":"https:\/\/candas365.es\/noticias\/author\/admin\/#author"},"image":{"@type":"ImageObject","url":"https:\/\/candas365.es\/noticias\/wp-content\/uploads\/2023\/09\/salud-ansiedad.jpg","@id":"https:\/\/candas365.es\/noticias\/como-tratar-la-ansiedad\/#mainImage","width":640,"height":427,"caption":"salud ansiedad"},"primaryImageOfPage":{"@id":"https:\/\/candas365.es\/noticias\/como-tratar-la-ansiedad\/#mainImage"},"datePublished":"2023-09-15T10:22:41+02:00","dateModified":"2023-09-15T10:22:41+02:00"},{"@type":"WebSite","@id":"https:\/\/candas365.es\/noticias\/#website","url":"https:\/\/candas365.es\/noticias\/","name":"Cand\u00e1s 365","alternateName":"Cand\u00e1s 365 Noticias","description":"Actualidad desde Carre\u00f1o para el mundo","inLanguage":"es-ES","publisher":{"@id":"https:\/\/candas365.es\/noticias\/#organization"}}]},"og:locale":"es_ES","og:site_name":"Cand\u00e1s 365","og:type":"article","og:title":"\u00bfC\u00f3mo tratar la ansiedad? | Cand\u00e1s 365","og:description":"La vida no siempre es sencilla para todas las personas, se vive muy deprisa, cada d\u00eda es un nuevo reto y la ansiedad cada vez est\u00e1 m\u00e1s presente en la sociedad","og:url":"https:\/\/candas365.es\/noticias\/como-tratar-la-ansiedad\/","og:image":"https:\/\/candas365.es\/noticias\/wp-content\/uploads\/2023\/09\/salud-ansiedad.jpg","og:image:secure_url":"https:\/\/candas365.es\/noticias\/wp-content\/uploads\/2023\/09\/salud-ansiedad.jpg","og:image:width":640,"og:image:height":427,"article:published_time":"2023-09-15T08:22:41+00:00","article:modified_time":"2023-09-15T08:22:41+00:00","article:publisher":"https:\/\/www.facebook.com\/Nachofdezber","article:author":"https:\/\/www.facebook.com\/carrenoactualidad","twitter:card":"summary_large_image","twitter:site":"@NabercoDigital","twitter:title":"\u00bfC\u00f3mo tratar la ansiedad? | Cand\u00e1s 365","twitter:description":"La vida no siempre es sencilla para todas las personas, se vive muy deprisa, cada d\u00eda es un nuevo reto y la ansiedad cada vez est\u00e1 m\u00e1s presente en la sociedad","twitter:creator":"@nbasturias","twitter:image":"https:\/\/candas365.es\/noticias\/wp-content\/uploads\/2023\/09\/salud-ansiedad.jpg","twitter:label1":"Escrito por","twitter:data1":"Cand\u00e1s 365","twitter:label2":"Tiempo de lectura estimado","twitter:data2":"4 minutos"},"aioseo_meta_data":{"post_id":"175273","title":null,"description":"La vida no siempre es sencilla para todas las personas, se vive muy deprisa, cada d\u00eda es un nuevo reto y la ansiedad cada vez est\u00e1 m\u00e1s presente en la sociedad","keywords":[],"keyphrases":{"focus":{"keyphrase":"ansiedad ","score":94,"analysis":{"keyphraseInTitle":{"score":9,"maxScore":9,"error":0},"keyphraseInDescription":{"score":9,"maxScore":9,"error":0},"keyphraseLength":{"score":9,"maxScore":9,"error":0,"length":1},"keyphraseInURL":{"score":1,"maxScore":5,"error":1},"keyphraseInIntroduction":{"score":9,"maxScore":9,"error":0},"keyphraseInSubHeadings":{"score":9,"maxScore":9,"error":0},"keyphraseInImageAlt":{"score":9,"maxScore":9,"error":0},"keywordDensity":{"type":"best","score":9,"maxScore":9,"error":0}}},"additional":[{"keyphrase":"ansiedad ","score":100,"analysis":{"keyphraseInDescription":{"score":9,"maxScore":9,"error":0},"keyphraseLength":{"score":9,"maxScore":9,"error":0,"length":1},"keyphraseInIntroduction":{"score":9,"maxScore":9,"error":0},"keyphraseInImageAlt":{"score":9,"maxScore":9,"error":0},"keywordDensity":{"type":"best","score":9,"maxScore":9,"error":0}}}]},"primary_term":null,"canonical_url":null,"og_title":null,"og_description":null,"og_object_type":"default","og_image_type":"default","og_image_url":null,"og_image_width":null,"og_image_height":null,"og_image_custom_url":null,"og_image_custom_fields":null,"og_video":"","og_custom_url":null,"og_article_section":null,"og_article_tags":[],"twitter_use_og":false,"twitter_card":"default","twitter_image_type":"default","twitter_image_url":null,"twitter_image_custom_url":null,"twitter_image_custom_fields":null,"twitter_title":null,"twitter_description":null,"schema":{"blockGraphs":[],"customGraphs":[],"default":{"data":{"Article":[],"Course":[],"Dataset":[],"FAQPage":[],"Movie":[],"Person":[],"Product":[],"ProductReview":[],"Car":[],"Recipe":[],"Service":[],"SoftwareApplication":[],"WebPage":[]},"graphName":"Article","isEnabled":true},"graphs":[]},"schema_type":"default","schema_type_options":null,"pillar_content":false,"robots_default":true,"robots_noindex":false,"robots_noarchive":false,"robots_nosnippet":false,"robots_nofollow":false,"robots_noimageindex":false,"robots_noodp":false,"robots_notranslate":false,"robots_max_snippet":"-1","robots_max_videopreview":"-1","robots_max_imagepreview":"large","priority":null,"frequency":"default","location":null,"local_seo":null,"seo_analyzer_scan_date":"2025-09-01 22:24:13","breadcrumb_settings":null,"limit_modified_date":false,"reviewed_by":null,"open_ai":"{\"title\":{\"suggestions\":[],\"usage\":0},\"description\":{\"suggestions\":[],\"usage\":0}}","ai":null,"created":"2023-09-15 08:08:24","updated":"2025-09-01 22:24:13"},"aioseo_breadcrumb":"<div class=\"aioseo-breadcrumbs\"><span class=\"aioseo-breadcrumb\">\n\t<a href=\"https:\/\/candas365.es\/noticias\" title=\"Home\">Home<\/a>\n<\/span><span class=\"aioseo-breadcrumb-separator\">&ndash;<\/span><span class=\"aioseo-breadcrumb\">\n\t<a href=\"https:\/\/candas365.es\/noticias\/category\/salud\/\" title=\"Salud\">Salud<\/a>\n<\/span><span class=\"aioseo-breadcrumb-separator\">&ndash;<\/span><span class=\"aioseo-breadcrumb\">\n\t\u00bfC\u00f3mo tratar la ansiedad?\n<\/span><\/div>","aioseo_breadcrumb_json":[{"label":"Home","link":"https:\/\/candas365.es\/noticias"},{"label":"Salud","link":"https:\/\/candas365.es\/noticias\/category\/salud\/"},{"label":"\u00bfC\u00f3mo tratar la ansiedad?","link":"https:\/\/candas365.es\/noticias\/como-tratar-la-ansiedad\/"}],"_links":{"self":[{"href":"https:\/\/candas365.es\/noticias\/wp-json\/wp\/v2\/posts\/175273","targetHints":{"allow":["GET"]}}],"collection":[{"href":"https:\/\/candas365.es\/noticias\/wp-json\/wp\/v2\/posts"}],"about":[{"href":"https:\/\/candas365.es\/noticias\/wp-json\/wp\/v2\/types\/post"}],"author":[{"embeddable":true,"href":"https:\/\/candas365.es\/noticias\/wp-json\/wp\/v2\/users\/1"}],"replies":[{"embeddable":true,"href":"https:\/\/candas365.es\/noticias\/wp-json\/wp\/v2\/comments?post=175273"}],"version-history":[{"count":0,"href":"https:\/\/candas365.es\/noticias\/wp-json\/wp\/v2\/posts\/175273\/revisions"}],"wp:featuredmedia":[{"embeddable":true,"href":"https:\/\/candas365.es\/noticias\/wp-json\/wp\/v2\/media\/175274"}],"wp:attachment":[{"href":"https:\/\/candas365.es\/noticias\/wp-json\/wp\/v2\/media?parent=175273"}],"wp:term":[{"taxonomy":"category","embeddable":true,"href":"https:\/\/candas365.es\/noticias\/wp-json\/wp\/v2\/categories?post=175273"},{"taxonomy":"post_tag","embeddable":true,"href":"https:\/\/candas365.es\/noticias\/wp-json\/wp\/v2\/tags?post=175273"}],"curies":[{"name":"wp","href":"https:\/\/api.w.org\/{rel}","templated":true}]}}