{"id":175144,"date":"2023-09-02T06:38:41","date_gmt":"2023-09-02T04:38:41","guid":{"rendered":"https:\/\/candas365.es\/noticias\/?p=175144"},"modified":"2023-09-02T06:39:04","modified_gmt":"2023-09-02T04:39:04","slug":"la-naturaleza-de-las-cosas-en-el-museo-anton-de-candas","status":"publish","type":"post","link":"https:\/\/candas365.es\/noticias\/la-naturaleza-de-las-cosas-en-el-museo-anton-de-candas\/","title":{"rendered":"\u00abLa naturaleza de las cosas\u00bb en el Museo Ant\u00f3n de Cand\u00e1s"},"content":{"rendered":"<p>La exposici\u00f3n de <strong>Esther Cuesta \u00abLa naturaleza de las cosas\u00bb<\/strong> ya se puede ver y disfrutar en el Museo Ant\u00f3n de Cand\u00e1s hasta el pr\u00f3ximo d\u00eda <strong>1 de octubre 2023<\/strong>.<\/p>\n<figure id=\"attachment_175145\" aria-describedby=\"caption-attachment-175145\" style=\"width: 634px\" class=\"wp-caption aligncenter\"><img fetchpriority=\"high\" decoding=\"async\" class=\"wp-image-175145 size-large\" src=\"https:\/\/candas365.es\/noticias\/wp-content\/uploads\/2023\/09\/Exposicion-Museo-Anton-Candas-634x480.jpg\" alt=\"Exposici\u00f3n Museo Ant\u00f3n Cand\u00e1s\" width=\"634\" height=\"480\" srcset=\"https:\/\/candas365.es\/noticias\/wp-content\/uploads\/2023\/09\/Exposicion-Museo-Anton-Candas-634x480.jpg 634w, https:\/\/candas365.es\/noticias\/wp-content\/uploads\/2023\/09\/Exposicion-Museo-Anton-Candas-360x273.jpg 360w, https:\/\/candas365.es\/noticias\/wp-content\/uploads\/2023\/09\/Exposicion-Museo-Anton-Candas-768x582.jpg 768w, https:\/\/candas365.es\/noticias\/wp-content\/uploads\/2023\/09\/Exposicion-Museo-Anton-Candas-150x114.jpg 150w, https:\/\/candas365.es\/noticias\/wp-content\/uploads\/2023\/09\/Exposicion-Museo-Anton-Candas-450x341.jpg 450w, https:\/\/candas365.es\/noticias\/wp-content\/uploads\/2023\/09\/Exposicion-Museo-Anton-Candas.jpg 890w\" sizes=\"(max-width: 634px) 100vw, 634px\" \/><figcaption id=\"caption-attachment-175145\" class=\"wp-caption-text\">Foto: Cand\u00e1s 365<\/figcaption><\/figure>\n<p>En la tarde del viernes se celebr\u00f3 la inauguraci\u00f3n de la exposici\u00f3n, y Esther Cuesta realizo las siguientes declaraciones a nuestro diario digital.<\/p>\n<p><iframe title=\"YouTube video player\" src=\"https:\/\/www.youtube.com\/embed\/x1mrMp6tx0A?si=O0wTzFWt2gmxPzWr\" width=\"560\" height=\"315\" frameborder=\"0\" allowfullscreen=\"allowfullscreen\"><\/iframe><\/p>\n<p>Puedes ver m\u00e1s <strong>videos de Cand\u00e1s y de Asturias<\/strong> en nuestro <a href=\"https:\/\/www.youtube.com\/@candas365tv\" target=\"_blank\" rel=\"noopener\"><span style=\"color: #ff6600;\"><strong>canal de YouTube<\/strong> <\/span><\/a>y tambi\u00e9n en nuestra p\u00e1gina de <span style=\"color: #ff6600;\"><a style=\"color: #ff6600;\" href=\"https:\/\/www.facebook.com\/candas365digital\" target=\"_blank\" rel=\"noopener\"><strong>Facebook<\/strong><\/a><\/span>.<\/p>\n","protected":false},"excerpt":{"rendered":"<p>La exposici\u00f3n de Esther Cuesta \u00abLa naturaleza de las cosas\u00bb ya se puede ver y disfrutar en el Museo Ant\u00f3n de Cand\u00e1s hasta el pr\u00f3ximo d\u00eda 1 de octubre 2023. En la tarde del viernes se celebr\u00f3 la inauguraci\u00f3n de la exposici\u00f3n, y Esther Cuesta realizo las siguientes declaraciones a nuestro diario digital. Puedes ver<\/p>\n","protected":false},"author":1,"featured_media":175145,"comment_status":"closed","ping_status":"closed","sticky":false,"template":"","format":"video","meta":{"footnotes":""},"categories":[2,531],"tags":[366,430],"class_list":{"0":"post-175144","1":"post","2":"type-post","3":"status-publish","4":"format-video","5":"has-post-thumbnail","7":"category-noticias-carreno","8":"category-videos-carreno","9":"tag-candas","10":"tag-cultura","11":"post_format-post-format-video"},"aioseo_notices":[],"aioseo_head":"\n\t\t<!-- All in One SEO Pro 4.9.6.2 - aioseo.com -->\n\t<meta name=\"description\" content=\"La exposici\u00f3n de Esther Cuesta &quot;La naturaleza de las cosas&quot; ya se puede ver y disfrutar en el Museo Ant\u00f3n de Cand\u00e1s hasta el pr\u00f3ximo d\u00eda 1 de octubre 2023.\" \/>\n\t<meta name=\"robots\" content=\"max-image-preview:large\" \/>\n\t<meta name=\"author\" content=\"Cand\u00e1s 365\"\/>\n\t<meta name=\"google-site-verification\" content=\"UA-32230408-1\" \/>\n\t<meta name=\"msvalidate.01\" content=\"354F3CDFB2DA171B47FBE9ABF1F88D5\" \/>\n\t<meta name=\"keywords\" content=\"noticias carre\u00f1o,videos\" \/>\n\t<link rel=\"canonical\" href=\"https:\/\/candas365.es\/noticias\/la-naturaleza-de-las-cosas-en-el-museo-anton-de-candas\/\" \/>\n\t<meta name=\"generator\" content=\"All in One SEO Pro (AIOSEO) 4.9.6.2\" \/>\n\t\t<meta property=\"og:locale\" content=\"es_ES\" \/>\n\t\t<meta property=\"og:site_name\" content=\"Cand\u00e1s 365\" \/>\n\t\t<meta property=\"og:type\" content=\"article\" \/>\n\t\t<meta property=\"og:title\" content=\"\u00abLa naturaleza de las cosas\u00bb en el Museo Ant\u00f3n de Cand\u00e1s | Cand\u00e1s 365\" \/>\n\t\t<meta property=\"og:description\" content=\"La exposici\u00f3n de Esther Cuesta &quot;La naturaleza de las cosas&quot; ya se puede ver y disfrutar en el Museo Ant\u00f3n de Cand\u00e1s hasta el pr\u00f3ximo d\u00eda 1 de octubre 2023.\" \/>\n\t\t<meta property=\"og:url\" content=\"https:\/\/candas365.es\/noticias\/la-naturaleza-de-las-cosas-en-el-museo-anton-de-candas\/\" \/>\n\t\t<meta property=\"og:image\" content=\"https:\/\/candas365.es\/noticias\/wp-content\/uploads\/2023\/09\/Exposicion-Museo-Anton-Candas.jpg\" \/>\n\t\t<meta property=\"og:image:secure_url\" content=\"https:\/\/candas365.es\/noticias\/wp-content\/uploads\/2023\/09\/Exposicion-Museo-Anton-Candas.jpg\" \/>\n\t\t<meta property=\"og:image:width\" content=\"890\" \/>\n\t\t<meta property=\"og:image:height\" content=\"674\" \/>\n\t\t<meta property=\"article:published_time\" content=\"2023-09-02T04:38:41+00:00\" \/>\n\t\t<meta property=\"article:modified_time\" content=\"2023-09-02T04:39:04+00:00\" \/>\n\t\t<meta property=\"article:publisher\" content=\"https:\/\/www.facebook.com\/Nachofdezber\" \/>\n\t\t<meta property=\"article:author\" content=\"https:\/\/www.facebook.com\/carrenoactualidad\" \/>\n\t\t<meta name=\"twitter:card\" content=\"summary_large_image\" \/>\n\t\t<meta name=\"twitter:site\" content=\"@NabercoDigital\" \/>\n\t\t<meta name=\"twitter:title\" content=\"\u00abLa naturaleza de las cosas\u00bb en el Museo Ant\u00f3n de Cand\u00e1s | Cand\u00e1s 365\" \/>\n\t\t<meta name=\"twitter:description\" content=\"La exposici\u00f3n de Esther Cuesta &quot;La naturaleza de las cosas&quot; ya se puede ver y disfrutar en el Museo Ant\u00f3n de Cand\u00e1s hasta el pr\u00f3ximo d\u00eda 1 de octubre 2023.\" \/>\n\t\t<meta name=\"twitter:creator\" content=\"@nbasturias\" \/>\n\t\t<meta name=\"twitter:image\" content=\"https:\/\/candas365.es\/noticias\/wp-content\/uploads\/2023\/09\/Exposicion-Museo-Anton-Candas.jpg\" \/>\n\t\t<meta name=\"twitter:label1\" content=\"Escrito por\" \/>\n\t\t<meta name=\"twitter:data1\" content=\"Cand\u00e1s 365\" \/>\n\t\t<script type=\"application\/ld+json\" class=\"aioseo-schema\">\n\t\t\t{\"@context\":\"https:\\\/\\\/schema.org\",\"@graph\":[{\"@type\":\"BreadcrumbList\",\"@id\":\"https:\\\/\\\/candas365.es\\\/noticias\\\/la-naturaleza-de-las-cosas-en-el-museo-anton-de-candas\\\/#breadcrumblist\",\"itemListElement\":[{\"@type\":\"ListItem\",\"@id\":\"https:\\\/\\\/candas365.es\\\/noticias#listItem\",\"position\":1,\"name\":\"Home\",\"item\":\"https:\\\/\\\/candas365.es\\\/noticias\",\"nextItem\":{\"@type\":\"ListItem\",\"@id\":\"https:\\\/\\\/candas365.es\\\/noticias\\\/category\\\/noticias-carreno\\\/#listItem\",\"name\":\"Noticias Carre\\u00f1o\"}},{\"@type\":\"ListItem\",\"@id\":\"https:\\\/\\\/candas365.es\\\/noticias\\\/category\\\/noticias-carreno\\\/#listItem\",\"position\":2,\"name\":\"Noticias Carre\\u00f1o\",\"item\":\"https:\\\/\\\/candas365.es\\\/noticias\\\/category\\\/noticias-carreno\\\/\",\"nextItem\":{\"@type\":\"ListItem\",\"@id\":\"https:\\\/\\\/candas365.es\\\/noticias\\\/la-naturaleza-de-las-cosas-en-el-museo-anton-de-candas\\\/#listItem\",\"name\":\"\\u00abLa naturaleza de las cosas\\u00bb en el Museo Ant\\u00f3n de Cand\\u00e1s\"},\"previousItem\":{\"@type\":\"ListItem\",\"@id\":\"https:\\\/\\\/candas365.es\\\/noticias#listItem\",\"name\":\"Home\"}},{\"@type\":\"ListItem\",\"@id\":\"https:\\\/\\\/candas365.es\\\/noticias\\\/la-naturaleza-de-las-cosas-en-el-museo-anton-de-candas\\\/#listItem\",\"position\":3,\"name\":\"\\u00abLa naturaleza de las cosas\\u00bb en el Museo Ant\\u00f3n de Cand\\u00e1s\",\"previousItem\":{\"@type\":\"ListItem\",\"@id\":\"https:\\\/\\\/candas365.es\\\/noticias\\\/category\\\/noticias-carreno\\\/#listItem\",\"name\":\"Noticias Carre\\u00f1o\"}}]},{\"@type\":\"NewsArticle\",\"@id\":\"https:\\\/\\\/candas365.es\\\/noticias\\\/la-naturaleza-de-las-cosas-en-el-museo-anton-de-candas\\\/#newsarticle\",\"name\":\"\\u00abLa naturaleza de las cosas\\u00bb en el Museo Ant\\u00f3n de Cand\\u00e1s | Cand\\u00e1s 365\",\"headline\":\"\\u00abLa naturaleza de las cosas\\u00bb en el Museo Ant\\u00f3n de Cand\\u00e1s\",\"author\":{\"@id\":\"https:\\\/\\\/candas365.es\\\/noticias\\\/author\\\/admin\\\/#author\"},\"publisher\":{\"@id\":\"https:\\\/\\\/candas365.es\\\/noticias\\\/#organization\"},\"image\":{\"@type\":\"ImageObject\",\"url\":\"https:\\\/\\\/candas365.es\\\/noticias\\\/wp-content\\\/uploads\\\/2023\\\/09\\\/Exposicion-Museo-Anton-Candas.jpg\",\"width\":890,\"height\":674,\"caption\":\"Foto: Cand\\u00e1s 365\"},\"datePublished\":\"2023-09-02T06:38:41+02:00\",\"dateModified\":\"2023-09-02T06:39:04+02:00\",\"inLanguage\":\"es-ES\",\"mainEntityOfPage\":{\"@id\":\"https:\\\/\\\/candas365.es\\\/noticias\\\/la-naturaleza-de-las-cosas-en-el-museo-anton-de-candas\\\/#webpage\"},\"isPartOf\":{\"@id\":\"https:\\\/\\\/candas365.es\\\/noticias\\\/la-naturaleza-de-las-cosas-en-el-museo-anton-de-candas\\\/#webpage\"},\"articleSection\":\"Noticias Carre\\u00f1o, Videos, Cand\\u00e1s, cultura, V\\u00eddeo\",\"dateline\":\"Publicado el septiembre 2, 2023.\"},{\"@type\":\"Organization\",\"@id\":\"https:\\\/\\\/candas365.es\\\/noticias\\\/#organization\",\"name\":\"Cand\\u00e1s 365\",\"description\":\"Cand\\u00e1s 365 es un diario digital independiente, fundado en 2012, con base en Asturias. Informamos con rigor sobre actualidad, sociedad, cultura y ocio, con una mirada local y global.\",\"url\":\"https:\\\/\\\/candas365.es\\\/noticias\\\/\",\"email\":\"info@candas365.es\",\"telephone\":\"+34652131393\",\"foundingDate\":\"2012-06-10\",\"logo\":{\"@type\":\"ImageObject\",\"url\":\"https:\\\/\\\/candas365.es\\\/noticias\\\/wp-content\\\/uploads\\\/2024\\\/09\\\/Candas-365-Redes.jpg\",\"@id\":\"https:\\\/\\\/candas365.es\\\/noticias\\\/la-naturaleza-de-las-cosas-en-el-museo-anton-de-candas\\\/#organizationLogo\",\"width\":1152,\"height\":864,\"caption\":\"Cand\\u00e1s 365 Redes\"},\"image\":{\"@id\":\"https:\\\/\\\/candas365.es\\\/noticias\\\/la-naturaleza-de-las-cosas-en-el-museo-anton-de-candas\\\/#organizationLogo\"},\"sameAs\":[\"https:\\\/\\\/www.facebook.com\\\/Nachofdezber\",\"https:\\\/\\\/x.com\\\/NabercoDigital\",\"https:\\\/\\\/www.instagram.com\\\/nachofdezber\\\/\",\"https:\\\/\\\/www.youtube.com\\\/channel\\\/UCZP-2wLEB9Rv6erhFmqVnvg\"],\"address\":{\"@id\":\"https:\\\/\\\/candas365.es\\\/noticias\\\/#postaladdress\",\"@type\":\"PostalAddress\",\"streetAddress\":\"san antonio 4, san antonio 4\",\"postalCode\":\"33430\",\"addressLocality\":\"Cand\\u00e1s\",\"addressRegion\":\"Asturias\",\"addressCountry\":\"ES\"}},{\"@type\":\"Person\",\"@id\":\"https:\\\/\\\/candas365.es\\\/noticias\\\/author\\\/admin\\\/#author\",\"url\":\"https:\\\/\\\/candas365.es\\\/noticias\\\/author\\\/admin\\\/\",\"name\":\"Cand\\u00e1s 365\",\"image\":{\"@type\":\"ImageObject\",\"@id\":\"https:\\\/\\\/candas365.es\\\/noticias\\\/la-naturaleza-de-las-cosas-en-el-museo-anton-de-candas\\\/#authorImage\",\"url\":\"https:\\\/\\\/secure.gravatar.com\\\/avatar\\\/496a8e03d0c493ede1718b7934145dbdf8d89be1036b0eec9544e1094c9de390?s=96&d=mm&r=g\",\"width\":96,\"height\":96,\"caption\":\"Cand\\u00e1s 365\"},\"sameAs\":[\"https:\\\/\\\/www.facebook.com\\\/carrenoactualidad\",\"https:\\\/\\\/twitter.com\\\/nbasturias\",\"https:\\\/\\\/www.instagram.com\\\/nachofdezber\\\/\",\"https:\\\/\\\/www.youtube.com\\\/channel\\\/UCZP-2wLEB9Rv6erhFmqVnvg\"]},{\"@type\":\"WebPage\",\"@id\":\"https:\\\/\\\/candas365.es\\\/noticias\\\/la-naturaleza-de-las-cosas-en-el-museo-anton-de-candas\\\/#webpage\",\"url\":\"https:\\\/\\\/candas365.es\\\/noticias\\\/la-naturaleza-de-las-cosas-en-el-museo-anton-de-candas\\\/\",\"name\":\"\\u00abLa naturaleza de las cosas\\u00bb en el Museo Ant\\u00f3n de Cand\\u00e1s | Cand\\u00e1s 365\",\"description\":\"La exposici\\u00f3n de Esther Cuesta \\\"La naturaleza de las cosas\\\" ya se puede ver y disfrutar en el Museo Ant\\u00f3n de Cand\\u00e1s hasta el pr\\u00f3ximo d\\u00eda 1 de octubre 2023.\",\"inLanguage\":\"es-ES\",\"isPartOf\":{\"@id\":\"https:\\\/\\\/candas365.es\\\/noticias\\\/#website\"},\"breadcrumb\":{\"@id\":\"https:\\\/\\\/candas365.es\\\/noticias\\\/la-naturaleza-de-las-cosas-en-el-museo-anton-de-candas\\\/#breadcrumblist\"},\"author\":{\"@id\":\"https:\\\/\\\/candas365.es\\\/noticias\\\/author\\\/admin\\\/#author\"},\"creator\":{\"@id\":\"https:\\\/\\\/candas365.es\\\/noticias\\\/author\\\/admin\\\/#author\"},\"image\":{\"@type\":\"ImageObject\",\"url\":\"https:\\\/\\\/candas365.es\\\/noticias\\\/wp-content\\\/uploads\\\/2023\\\/09\\\/Exposicion-Museo-Anton-Candas.jpg\",\"@id\":\"https:\\\/\\\/candas365.es\\\/noticias\\\/la-naturaleza-de-las-cosas-en-el-museo-anton-de-candas\\\/#mainImage\",\"width\":890,\"height\":674,\"caption\":\"Foto: Cand\\u00e1s 365\"},\"primaryImageOfPage\":{\"@id\":\"https:\\\/\\\/candas365.es\\\/noticias\\\/la-naturaleza-de-las-cosas-en-el-museo-anton-de-candas\\\/#mainImage\"},\"datePublished\":\"2023-09-02T06:38:41+02:00\",\"dateModified\":\"2023-09-02T06:39:04+02:00\"},{\"@type\":\"WebSite\",\"@id\":\"https:\\\/\\\/candas365.es\\\/noticias\\\/#website\",\"url\":\"https:\\\/\\\/candas365.es\\\/noticias\\\/\",\"name\":\"Cand\\u00e1s 365\",\"alternateName\":\"Cand\\u00e1s 365 Noticias\",\"description\":\"Actualidad desde Carre\\u00f1o para el mundo\",\"inLanguage\":\"es-ES\",\"publisher\":{\"@id\":\"https:\\\/\\\/candas365.es\\\/noticias\\\/#organization\"}}]}\n\t\t<\/script>\n\t\t<!-- All in One SEO Pro -->\r\n\t\t<title>\u00abLa naturaleza de las cosas\u00bb en el Museo Ant\u00f3n de Cand\u00e1s | Cand\u00e1s 365<\/title>\n\n","aioseo_head_json":{"title":"\u00abLa naturaleza de las cosas\u00bb en el Museo Ant\u00f3n de Cand\u00e1s | Cand\u00e1s 365","description":"La exposici\u00f3n de Esther Cuesta \"La naturaleza de las cosas\" ya se puede ver y disfrutar en el Museo Ant\u00f3n de Cand\u00e1s hasta el pr\u00f3ximo d\u00eda 1 de octubre 2023.","canonical_url":"https:\/\/candas365.es\/noticias\/la-naturaleza-de-las-cosas-en-el-museo-anton-de-candas\/","robots":"max-image-preview:large","keywords":"noticias carre\u00f1o,videos","webmasterTools":{"google-site-verification":"UA-32230408-1","msvalidate.01":"354F3CDFB2DA171B47FBE9ABF1F88D5","miscellaneous":""},"schema":{"@context":"https:\/\/schema.org","@graph":[{"@type":"BreadcrumbList","@id":"https:\/\/candas365.es\/noticias\/la-naturaleza-de-las-cosas-en-el-museo-anton-de-candas\/#breadcrumblist","itemListElement":[{"@type":"ListItem","@id":"https:\/\/candas365.es\/noticias#listItem","position":1,"name":"Home","item":"https:\/\/candas365.es\/noticias","nextItem":{"@type":"ListItem","@id":"https:\/\/candas365.es\/noticias\/category\/noticias-carreno\/#listItem","name":"Noticias Carre\u00f1o"}},{"@type":"ListItem","@id":"https:\/\/candas365.es\/noticias\/category\/noticias-carreno\/#listItem","position":2,"name":"Noticias Carre\u00f1o","item":"https:\/\/candas365.es\/noticias\/category\/noticias-carreno\/","nextItem":{"@type":"ListItem","@id":"https:\/\/candas365.es\/noticias\/la-naturaleza-de-las-cosas-en-el-museo-anton-de-candas\/#listItem","name":"\u00abLa naturaleza de las cosas\u00bb en el Museo Ant\u00f3n de Cand\u00e1s"},"previousItem":{"@type":"ListItem","@id":"https:\/\/candas365.es\/noticias#listItem","name":"Home"}},{"@type":"ListItem","@id":"https:\/\/candas365.es\/noticias\/la-naturaleza-de-las-cosas-en-el-museo-anton-de-candas\/#listItem","position":3,"name":"\u00abLa naturaleza de las cosas\u00bb en el Museo Ant\u00f3n de Cand\u00e1s","previousItem":{"@type":"ListItem","@id":"https:\/\/candas365.es\/noticias\/category\/noticias-carreno\/#listItem","name":"Noticias Carre\u00f1o"}}]},{"@type":"NewsArticle","@id":"https:\/\/candas365.es\/noticias\/la-naturaleza-de-las-cosas-en-el-museo-anton-de-candas\/#newsarticle","name":"\u00abLa naturaleza de las cosas\u00bb en el Museo Ant\u00f3n de Cand\u00e1s | Cand\u00e1s 365","headline":"\u00abLa naturaleza de las cosas\u00bb en el Museo Ant\u00f3n de Cand\u00e1s","author":{"@id":"https:\/\/candas365.es\/noticias\/author\/admin\/#author"},"publisher":{"@id":"https:\/\/candas365.es\/noticias\/#organization"},"image":{"@type":"ImageObject","url":"https:\/\/candas365.es\/noticias\/wp-content\/uploads\/2023\/09\/Exposicion-Museo-Anton-Candas.jpg","width":890,"height":674,"caption":"Foto: Cand\u00e1s 365"},"datePublished":"2023-09-02T06:38:41+02:00","dateModified":"2023-09-02T06:39:04+02:00","inLanguage":"es-ES","mainEntityOfPage":{"@id":"https:\/\/candas365.es\/noticias\/la-naturaleza-de-las-cosas-en-el-museo-anton-de-candas\/#webpage"},"isPartOf":{"@id":"https:\/\/candas365.es\/noticias\/la-naturaleza-de-las-cosas-en-el-museo-anton-de-candas\/#webpage"},"articleSection":"Noticias Carre\u00f1o, Videos, Cand\u00e1s, cultura, V\u00eddeo","dateline":"Publicado el septiembre 2, 2023."},{"@type":"Organization","@id":"https:\/\/candas365.es\/noticias\/#organization","name":"Cand\u00e1s 365","description":"Cand\u00e1s 365 es un diario digital independiente, fundado en 2012, con base en Asturias. Informamos con rigor sobre actualidad, sociedad, cultura y ocio, con una mirada local y global.","url":"https:\/\/candas365.es\/noticias\/","email":"info@candas365.es","telephone":"+34652131393","foundingDate":"2012-06-10","logo":{"@type":"ImageObject","url":"https:\/\/candas365.es\/noticias\/wp-content\/uploads\/2024\/09\/Candas-365-Redes.jpg","@id":"https:\/\/candas365.es\/noticias\/la-naturaleza-de-las-cosas-en-el-museo-anton-de-candas\/#organizationLogo","width":1152,"height":864,"caption":"Cand\u00e1s 365 Redes"},"image":{"@id":"https:\/\/candas365.es\/noticias\/la-naturaleza-de-las-cosas-en-el-museo-anton-de-candas\/#organizationLogo"},"sameAs":["https:\/\/www.facebook.com\/Nachofdezber","https:\/\/x.com\/NabercoDigital","https:\/\/www.instagram.com\/nachofdezber\/","https:\/\/www.youtube.com\/channel\/UCZP-2wLEB9Rv6erhFmqVnvg"],"address":{"@id":"https:\/\/candas365.es\/noticias\/#postaladdress","@type":"PostalAddress","streetAddress":"san antonio 4, san antonio 4","postalCode":"33430","addressLocality":"Cand\u00e1s","addressRegion":"Asturias","addressCountry":"ES"}},{"@type":"Person","@id":"https:\/\/candas365.es\/noticias\/author\/admin\/#author","url":"https:\/\/candas365.es\/noticias\/author\/admin\/","name":"Cand\u00e1s 365","image":{"@type":"ImageObject","@id":"https:\/\/candas365.es\/noticias\/la-naturaleza-de-las-cosas-en-el-museo-anton-de-candas\/#authorImage","url":"https:\/\/secure.gravatar.com\/avatar\/496a8e03d0c493ede1718b7934145dbdf8d89be1036b0eec9544e1094c9de390?s=96&d=mm&r=g","width":96,"height":96,"caption":"Cand\u00e1s 365"},"sameAs":["https:\/\/www.facebook.com\/carrenoactualidad","https:\/\/twitter.com\/nbasturias","https:\/\/www.instagram.com\/nachofdezber\/","https:\/\/www.youtube.com\/channel\/UCZP-2wLEB9Rv6erhFmqVnvg"]},{"@type":"WebPage","@id":"https:\/\/candas365.es\/noticias\/la-naturaleza-de-las-cosas-en-el-museo-anton-de-candas\/#webpage","url":"https:\/\/candas365.es\/noticias\/la-naturaleza-de-las-cosas-en-el-museo-anton-de-candas\/","name":"\u00abLa naturaleza de las cosas\u00bb en el Museo Ant\u00f3n de Cand\u00e1s | Cand\u00e1s 365","description":"La exposici\u00f3n de Esther Cuesta \"La naturaleza de las cosas\" ya se puede ver y disfrutar en el Museo Ant\u00f3n de Cand\u00e1s hasta el pr\u00f3ximo d\u00eda 1 de octubre 2023.","inLanguage":"es-ES","isPartOf":{"@id":"https:\/\/candas365.es\/noticias\/#website"},"breadcrumb":{"@id":"https:\/\/candas365.es\/noticias\/la-naturaleza-de-las-cosas-en-el-museo-anton-de-candas\/#breadcrumblist"},"author":{"@id":"https:\/\/candas365.es\/noticias\/author\/admin\/#author"},"creator":{"@id":"https:\/\/candas365.es\/noticias\/author\/admin\/#author"},"image":{"@type":"ImageObject","url":"https:\/\/candas365.es\/noticias\/wp-content\/uploads\/2023\/09\/Exposicion-Museo-Anton-Candas.jpg","@id":"https:\/\/candas365.es\/noticias\/la-naturaleza-de-las-cosas-en-el-museo-anton-de-candas\/#mainImage","width":890,"height":674,"caption":"Foto: Cand\u00e1s 365"},"primaryImageOfPage":{"@id":"https:\/\/candas365.es\/noticias\/la-naturaleza-de-las-cosas-en-el-museo-anton-de-candas\/#mainImage"},"datePublished":"2023-09-02T06:38:41+02:00","dateModified":"2023-09-02T06:39:04+02:00"},{"@type":"WebSite","@id":"https:\/\/candas365.es\/noticias\/#website","url":"https:\/\/candas365.es\/noticias\/","name":"Cand\u00e1s 365","alternateName":"Cand\u00e1s 365 Noticias","description":"Actualidad desde Carre\u00f1o para el mundo","inLanguage":"es-ES","publisher":{"@id":"https:\/\/candas365.es\/noticias\/#organization"}}]},"og:locale":"es_ES","og:site_name":"Cand\u00e1s 365","og:type":"article","og:title":"\u00abLa naturaleza de las cosas\u00bb en el Museo Ant\u00f3n de Cand\u00e1s | Cand\u00e1s 365","og:description":"La exposici\u00f3n de Esther Cuesta &quot;La naturaleza de las cosas&quot; ya se puede ver y disfrutar en el Museo Ant\u00f3n de Cand\u00e1s hasta el pr\u00f3ximo d\u00eda 1 de octubre 2023.","og:url":"https:\/\/candas365.es\/noticias\/la-naturaleza-de-las-cosas-en-el-museo-anton-de-candas\/","og:image":"https:\/\/candas365.es\/noticias\/wp-content\/uploads\/2023\/09\/Exposicion-Museo-Anton-Candas.jpg","og:image:secure_url":"https:\/\/candas365.es\/noticias\/wp-content\/uploads\/2023\/09\/Exposicion-Museo-Anton-Candas.jpg","og:image:width":890,"og:image:height":674,"article:published_time":"2023-09-02T04:38:41+00:00","article:modified_time":"2023-09-02T04:39:04+00:00","article:publisher":"https:\/\/www.facebook.com\/Nachofdezber","article:author":"https:\/\/www.facebook.com\/carrenoactualidad","twitter:card":"summary_large_image","twitter:site":"@NabercoDigital","twitter:title":"\u00abLa naturaleza de las cosas\u00bb en el Museo Ant\u00f3n de Cand\u00e1s | Cand\u00e1s 365","twitter:description":"La exposici\u00f3n de Esther Cuesta &quot;La naturaleza de las cosas&quot; ya se puede ver y disfrutar en el Museo Ant\u00f3n de Cand\u00e1s hasta el pr\u00f3ximo d\u00eda 1 de octubre 2023.","twitter:creator":"@nbasturias","twitter:image":"https:\/\/candas365.es\/noticias\/wp-content\/uploads\/2023\/09\/Exposicion-Museo-Anton-Candas.jpg","twitter:label1":"Escrito por","twitter:data1":"Cand\u00e1s 365"},"aioseo_meta_data":{"post_id":"175144","title":null,"description":"La exposici\u00f3n de Esther Cuesta \"La naturaleza de las cosas\" ya se puede ver y disfrutar en el Museo Ant\u00f3n de Cand\u00e1s hasta el pr\u00f3ximo d\u00eda 1 de octubre 2023.","keywords":[],"keyphrases":{"focus":{"keyphrase":"Cand\u00e1s","score":85,"analysis":{"keyphraseInTitle":{"score":9,"maxScore":9,"error":0},"keyphraseInDescription":{"score":9,"maxScore":9,"error":0},"keyphraseLength":{"score":9,"maxScore":9,"error":0,"length":2},"keyphraseInURL":{"score":5,"maxScore":5,"error":0},"keyphraseInIntroduction":{"score":9,"maxScore":9,"error":0},"keyphraseInSubHeadings":[],"keyphraseInImageAlt":{"score":9,"maxScore":9,"error":0},"keywordDensity":{"type":"high","score":0,"maxScore":9,"error":1}}},"additional":[{"keyphrase":"Museo Ant\u00f3n de Cand\u00e1s","score":93,"analysis":{"keyphraseInDescription":{"score":9,"maxScore":9,"error":0},"keyphraseLength":{"score":6,"maxScore":9,"error":1,"length":6},"keyphraseInIntroduction":{"score":9,"maxScore":9,"error":0},"keyphraseInImageAlt":{"score":9,"maxScore":9,"error":0},"keywordDensity":{"type":"best","score":9,"maxScore":9,"error":0}}},{"keyphrase":"Museo Ant\u00f3n ","score":100,"analysis":{"keyphraseInDescription":{"score":9,"maxScore":9,"error":0},"keyphraseLength":{"score":9,"maxScore":9,"error":0,"length":3},"keyphraseInIntroduction":{"score":9,"maxScore":9,"error":0},"keyphraseInImageAlt":{"score":9,"maxScore":9,"error":0},"keywordDensity":{"type":"best","score":9,"maxScore":9,"error":0}}}]},"primary_term":null,"canonical_url":null,"og_title":null,"og_description":null,"og_object_type":"default","og_image_type":"default","og_image_url":null,"og_image_width":null,"og_image_height":null,"og_image_custom_url":null,"og_image_custom_fields":null,"og_video":"","og_custom_url":null,"og_article_section":null,"og_article_tags":[],"twitter_use_og":false,"twitter_card":"default","twitter_image_type":"default","twitter_image_url":null,"twitter_image_custom_url":null,"twitter_image_custom_fields":null,"twitter_title":null,"twitter_description":null,"schema":{"blockGraphs":[],"customGraphs":[],"default":{"data":{"Article":[],"Course":[],"Dataset":[],"FAQPage":[],"Movie":[],"Person":[],"Product":[],"ProductReview":[],"Car":[],"Recipe":[],"Service":[],"SoftwareApplication":[],"WebPage":[]},"graphName":"Article","isEnabled":true},"graphs":[]},"schema_type":"default","schema_type_options":null,"pillar_content":false,"robots_default":true,"robots_noindex":false,"robots_noarchive":false,"robots_nosnippet":false,"robots_nofollow":false,"robots_noimageindex":false,"robots_noodp":false,"robots_notranslate":false,"robots_max_snippet":"-1","robots_max_videopreview":"-1","robots_max_imagepreview":"large","priority":null,"frequency":"default","location":null,"local_seo":null,"seo_analyzer_scan_date":"2025-09-01 22:07:15","breadcrumb_settings":null,"limit_modified_date":false,"reviewed_by":null,"open_ai":"{\"title\":{\"suggestions\":[],\"usage\":0},\"description\":{\"suggestions\":[],\"usage\":0}}","ai":null,"created":"2023-09-02 04:28:54","updated":"2025-09-01 22:07:15"},"aioseo_breadcrumb":"<div class=\"aioseo-breadcrumbs\"><span class=\"aioseo-breadcrumb\">\n\t<a href=\"https:\/\/candas365.es\/noticias\" title=\"Home\">Home<\/a>\n<\/span><span class=\"aioseo-breadcrumb-separator\">&ndash;<\/span><span class=\"aioseo-breadcrumb\">\n\t<a href=\"https:\/\/candas365.es\/noticias\/category\/noticias-carreno\/\" title=\"Noticias Carre\u00f1o\">Noticias Carre\u00f1o<\/a>\n<\/span><span class=\"aioseo-breadcrumb-separator\">&ndash;<\/span><span class=\"aioseo-breadcrumb\">\n\t\u00abLa naturaleza de las cosas\u00bb en el Museo Ant\u00f3n de Cand\u00e1s\n<\/span><\/div>","aioseo_breadcrumb_json":[{"label":"Home","link":"https:\/\/candas365.es\/noticias"},{"label":"Noticias Carre\u00f1o","link":"https:\/\/candas365.es\/noticias\/category\/noticias-carreno\/"},{"label":"\u00abLa naturaleza de las cosas\u00bb en el Museo Ant\u00f3n de Cand\u00e1s","link":"https:\/\/candas365.es\/noticias\/la-naturaleza-de-las-cosas-en-el-museo-anton-de-candas\/"}],"_links":{"self":[{"href":"https:\/\/candas365.es\/noticias\/wp-json\/wp\/v2\/posts\/175144","targetHints":{"allow":["GET"]}}],"collection":[{"href":"https:\/\/candas365.es\/noticias\/wp-json\/wp\/v2\/posts"}],"about":[{"href":"https:\/\/candas365.es\/noticias\/wp-json\/wp\/v2\/types\/post"}],"author":[{"embeddable":true,"href":"https:\/\/candas365.es\/noticias\/wp-json\/wp\/v2\/users\/1"}],"replies":[{"embeddable":true,"href":"https:\/\/candas365.es\/noticias\/wp-json\/wp\/v2\/comments?post=175144"}],"version-history":[{"count":0,"href":"https:\/\/candas365.es\/noticias\/wp-json\/wp\/v2\/posts\/175144\/revisions"}],"wp:featuredmedia":[{"embeddable":true,"href":"https:\/\/candas365.es\/noticias\/wp-json\/wp\/v2\/media\/175145"}],"wp:attachment":[{"href":"https:\/\/candas365.es\/noticias\/wp-json\/wp\/v2\/media?parent=175144"}],"wp:term":[{"taxonomy":"category","embeddable":true,"href":"https:\/\/candas365.es\/noticias\/wp-json\/wp\/v2\/categories?post=175144"},{"taxonomy":"post_tag","embeddable":true,"href":"https:\/\/candas365.es\/noticias\/wp-json\/wp\/v2\/tags?post=175144"}],"curies":[{"name":"wp","href":"https:\/\/api.w.org\/{rel}","templated":true}]}}