{"id":175039,"date":"2023-08-25T16:59:56","date_gmt":"2023-08-25T14:59:56","guid":{"rendered":"https:\/\/candas365.es\/noticias\/?p=175039"},"modified":"2023-08-25T17:00:14","modified_gmt":"2023-08-25T15:00:14","slug":"excavaciones-en-el-yacimiento-de-lucus-asturum","status":"publish","type":"post","link":"https:\/\/candas365.es\/noticias\/excavaciones-en-el-yacimiento-de-lucus-asturum\/","title":{"rendered":"Excavaciones en el yacimiento de Lucus Asturum"},"content":{"rendered":"<p>El Principado impulsa las<strong> excavaciones en el yacimiento de Lucus Asturum<\/strong>, en Llanera, tras iniciar los tr\u00e1mites para su declaraci\u00f3n como bien de inter\u00e9s cultural (BIC). <strong>Los estudios arqueol\u00f3gicos<\/strong> que se desarrollan en la zona desde 2015 <strong>han permitido sacar a la luz y documentar un espacio termal de notables dimensiones, as\u00ed como una vivienda con estancias distribuidas en torno a un patio con pozo.<\/strong><\/p>\n<figure id=\"attachment_175040\" aria-describedby=\"caption-attachment-175040\" style=\"width: 597px\" class=\"wp-caption aligncenter\"><img fetchpriority=\"high\" decoding=\"async\" class=\"wp-image-175040 size-large\" src=\"https:\/\/candas365.es\/noticias\/wp-content\/uploads\/2023\/08\/Lucus-Asturum-597x480.jpg\" alt=\"Lucus Asturum\" width=\"597\" height=\"480\" srcset=\"https:\/\/candas365.es\/noticias\/wp-content\/uploads\/2023\/08\/Lucus-Asturum-597x480.jpg 597w, https:\/\/candas365.es\/noticias\/wp-content\/uploads\/2023\/08\/Lucus-Asturum-360x289.jpg 360w, https:\/\/candas365.es\/noticias\/wp-content\/uploads\/2023\/08\/Lucus-Asturum-768x617.jpg 768w, https:\/\/candas365.es\/noticias\/wp-content\/uploads\/2023\/08\/Lucus-Asturum-150x121.jpg 150w, https:\/\/candas365.es\/noticias\/wp-content\/uploads\/2023\/08\/Lucus-Asturum-450x362.jpg 450w, https:\/\/candas365.es\/noticias\/wp-content\/uploads\/2023\/08\/Lucus-Asturum.jpg 804w\" sizes=\"(max-width: 597px) 100vw, 597px\" \/><figcaption id=\"caption-attachment-175040\" class=\"wp-caption-text\">FOTO: PRENSA GOBIERNO DE ASTURIAS<\/figcaption><\/figure>\n<p>La viceconsejera de Cultura, Pol\u00edtica Lling\u00fc\u00edstica y Deportes, Vanessa Guti\u00e9rrez, ha visitado este emplazamiento, ubicado en la er\u00eda de La Casta\u00f1era, cerca de La Morgal, junto con el alcalde del concejo, Gerardo Sanz; el director general de Cultura y Patrimonio, Pablo Le\u00f3n, y la responsable de los trabajos arqueol\u00f3gicos, Esperanza Mart\u00edn.<\/p>\n<p><strong>El Gobierno de Asturias apoya esta investigaci\u00f3n, clave para profundizar en el pasado romano de la comunidad<\/strong>, con una subvenci\u00f3n de 10.000 euros incluida por primera vez en los presupuestos de 2023. Adem\u00e1s, ha concedido a la responsable de la excavaci\u00f3n una ayuda de 5.280 euros para el an\u00e1lisis arqueom\u00e9trico de materiales procedentes del yacimiento, dentro de la convocatoria anual de subvenciones para proyectos arqueol\u00f3gicos que convoca la Direcci\u00f3n General de Cultura y Patrimonio.<\/p>\n<p>Adem\u00e1s de la <strong>tramitaci\u00f3n BIC para el yacimiento<\/strong>, Cultura tambi\u00e9n tiene en marcha el expediente para declarar un entorno de protecci\u00f3n para la zona, con un per\u00edmetro de 1.980 metros, que encierra un \u00e1rea de 194.502,2 metros cuadrados en la que se incluyen 24 parcelas catastrales donde se ha constatado la presencia de restos arqueol\u00f3gicos o se presume su existencia, con base en las prospecciones geof\u00edsicas, a\u00e9reas, satelitales y pedestres, as\u00ed como en noticias bibliogr\u00e1ficas y de informantes.<\/p>\n<h2>Presencia romana en Llanera<\/h2>\n<p><strong>La fertilidad arqueol\u00f3gica de la zona de Llanera donde se ubica Lucus Asturum se conoce desde hace siglos, dado que ya en 1695 se refieren hallazgos.<\/strong> Desde entonces se han sucedido noticias sobre descubrimientos estructurales y materiales, que se intensificaron a partir de 1926, con las primeras excavaciones arqueol\u00f3gicas.<\/p>\n<p>La investigaci\u00f3n se ha centrado prioritariamente en el entorno de la antigua iglesia parroquial de Santa Mar\u00eda de Lugo de Llanera y en su casa rectoral, donde se efectuaron campa\u00f1as de excavaci\u00f3n en las d\u00e9cadas de 1980 y 1990, encabezadas por Ol\u00e1varri Goicoechea, en 1981, y por Carmen Fern\u00e1ndez Ochoa y Rosa Cid, entre 1987 y 1995. Esas intervenciones obtuvieron resultados muy significativos. Aparte del hallazgo de una importante necr\u00f3polis de \u00e9poca medieval (siglos X-XII), se determin\u00f3 la presencia de una ocupaci\u00f3n del espacio en \u00e9poca altomedieval romana, se identificaron dos fases y se hallaron materiales tan destacados como un ara dedicada a los dioses Lares.<\/p>\n<p>La presencia romana en la er\u00eda de La Casta\u00f1era se constata a partir de la primera mitad del siglo I despu\u00e9s de Cristo en torno a la vieja iglesia de Santa Mar\u00eda y se extiende hasta el IV en el \u00e1rea excavada en el prao Lugo y hasta finales del V e inicios del VI, en el \u00e1rea de la rectoral. Resulta destacable la perduraci\u00f3n en \u00e9poca tardorromana y medieval de la ocupaci\u00f3n de este espacio, con testimonios materiales significativos, como la necr\u00f3polis de la desaparecida iglesia de Santa Mar\u00eda de Lugo.<\/p>\n<p>El top\u00f3nimo Lucus Asturum se menciona por primera vez como civitas en la Geographia de C. Ptolomeo, en el siglo II despu\u00e9s de Cristo y no vuelve a registrarse hasta su cita en el An\u00f3nimo de R\u00e1vena, como Luco Astorum, en el siglo VII. La denominaci\u00f3n de Lucus Asturum se corresponder\u00eda con dos realidades: por un lado, un n\u00facleo de poblaci\u00f3n, la civitas ptolomaica, caracterizado arqueol\u00f3gicamente como un vicus viarii, un aglomerado secundario de configuraci\u00f3n dispersa asociado a la red viaria y, por otro lado, una mansio itineraria, citada en el Ravennate, sobre cuya ubicaci\u00f3n existe consenso a la hora de localizarla en el solar y entorno de la antigua iglesia parroquial de Santa Mar\u00eda, con una posici\u00f3n central sobre el territorio de Llanera.<\/p>\n<h2>Otros proyectos de investigaci\u00f3n arqueol\u00f3gica<\/h2>\n<p>La Viceconsejer\u00eda de Cultura subvenciona este a\u00f1o 12 proyectos de investigaci\u00f3n arqueol\u00f3gica en <a href=\"https:\/\/www.eldigitaldeasturias.com\/noticias\/category\/actualidad-asturias\/\" target=\"_blank\" rel=\"noopener\"><span style=\"color: #ff6600;\"><strong>Asturias<\/strong><\/span><\/a>, por un importe global de 78.000 euros, en una apuesta por reforzar el conocimiento sobre el pasado de la comunidad desde criterios cient\u00edficos. Las investigaciones se centran en los siguientes yacimientos:<\/p>\n<ul>\n<li>Karst de Ardines: cuevas de Tito Bustillo y La Lloseta (Ribadesella).<\/li>\n<li>Cueva de Les Pedroses (Ribadesella).<\/li>\n<li>Cueva de La Cerrosa, en Suarias (Pe\u00f1amellera Baja).<\/li>\n<li>Cueva de El Valleyu (Llanes).<\/li>\n<li>Castro del Castill\u00f3n d\u2019Antrialgu (Pilo\u00f1a).<\/li>\n<li>Villa romana de Anday\u00f3n (Las Regueras).<\/li>\n<li>Yacimiento romano de Lucus Asturum (Llanera).<\/li>\n<li>Pico Castiello de la Mortera (Ribera de Arriba).<\/li>\n<li>Castillo de Gauz\u00f3n (Castrill\u00f3n).<\/li>\n<li>Palaciu (Allande).<\/li>\n<li>La G\u00fcerta de San Romano de Villanueva (Santo Adriano).<\/li>\n<li>Castello d\u2019Arrixo o fortificaci\u00f3n de Corveira en Figueras (Castropol).<\/li>\n<\/ul>\n<p>Por otra parte, a lo largo de este a\u00f1o se desarrollar\u00e1n intervenciones en los castros de Coa\u00f1a, Mougu\u00edas (Coa\u00f1a), San L.luis (Allande), Dega\u00f1a y Do\u00f1a Palla (Pravia), como actuaciones propias del Principado enmarcadas en el Plan Director de la Cultura Castre\u00f1a.<\/p>\n","protected":false},"excerpt":{"rendered":"<p>El Principado impulsa las excavaciones en el yacimiento de Lucus Asturum, en Llanera, tras iniciar los tr\u00e1mites para su declaraci\u00f3n como bien de inter\u00e9s cultural (BIC). Los estudios arqueol\u00f3gicos que se desarrollan en la zona desde 2015 han permitido sacar a la luz y documentar un espacio termal de notables dimensiones, as\u00ed como una vivienda<\/p>\n","protected":false},"author":1,"featured_media":175040,"comment_status":"closed","ping_status":"closed","sticky":false,"template":"","format":"standard","meta":{"footnotes":""},"categories":[7],"tags":[380],"class_list":{"0":"post-175039","1":"post","2":"type-post","3":"status-publish","4":"format-standard","5":"has-post-thumbnail","7":"category-asturias","8":"tag-asturias"},"aioseo_notices":[],"aioseo_head":"\n\t\t<!-- All in One SEO Pro 4.9.6.2 - aioseo.com -->\n\t<meta name=\"description\" content=\"El Principado impulsa las excavaciones en el yacimiento de Lucus Asturum, en Llanera, tras iniciar los tr\u00e1mites para su declaraci\u00f3n como bien de inter\u00e9s\" \/>\n\t<meta name=\"robots\" content=\"max-image-preview:large\" \/>\n\t<meta name=\"author\" content=\"Cand\u00e1s 365\"\/>\n\t<meta name=\"google-site-verification\" content=\"UA-32230408-1\" \/>\n\t<meta name=\"msvalidate.01\" content=\"354F3CDFB2DA171B47FBE9ABF1F88D5\" \/>\n\t<meta name=\"keywords\" content=\"asturias\" \/>\n\t<link rel=\"canonical\" href=\"https:\/\/candas365.es\/noticias\/excavaciones-en-el-yacimiento-de-lucus-asturum\/\" \/>\n\t<meta name=\"generator\" content=\"All in One SEO Pro (AIOSEO) 4.9.6.2\" \/>\n\t\t<meta property=\"og:locale\" content=\"es_ES\" \/>\n\t\t<meta property=\"og:site_name\" content=\"Cand\u00e1s 365\" \/>\n\t\t<meta property=\"og:type\" content=\"article\" \/>\n\t\t<meta property=\"og:title\" content=\"Excavaciones en el yacimiento de Lucus Asturum | Cand\u00e1s 365\" \/>\n\t\t<meta property=\"og:description\" content=\"El Principado impulsa las excavaciones en el yacimiento de Lucus Asturum, en Llanera, tras iniciar los tr\u00e1mites para su declaraci\u00f3n como bien de inter\u00e9s\" \/>\n\t\t<meta property=\"og:url\" content=\"https:\/\/candas365.es\/noticias\/excavaciones-en-el-yacimiento-de-lucus-asturum\/\" \/>\n\t\t<meta property=\"og:image\" content=\"https:\/\/candas365.es\/noticias\/wp-content\/uploads\/2023\/08\/Lucus-Asturum.jpg\" \/>\n\t\t<meta property=\"og:image:secure_url\" content=\"https:\/\/candas365.es\/noticias\/wp-content\/uploads\/2023\/08\/Lucus-Asturum.jpg\" \/>\n\t\t<meta property=\"og:image:width\" content=\"804\" \/>\n\t\t<meta property=\"og:image:height\" content=\"646\" \/>\n\t\t<meta property=\"article:published_time\" content=\"2023-08-25T14:59:56+00:00\" \/>\n\t\t<meta property=\"article:modified_time\" content=\"2023-08-25T15:00:14+00:00\" \/>\n\t\t<meta property=\"article:publisher\" content=\"https:\/\/www.facebook.com\/Nachofdezber\" \/>\n\t\t<meta property=\"article:author\" content=\"https:\/\/www.facebook.com\/carrenoactualidad\" \/>\n\t\t<meta name=\"twitter:card\" content=\"summary_large_image\" \/>\n\t\t<meta name=\"twitter:site\" content=\"@NabercoDigital\" \/>\n\t\t<meta name=\"twitter:title\" content=\"Excavaciones en el yacimiento de Lucus Asturum | Cand\u00e1s 365\" \/>\n\t\t<meta name=\"twitter:description\" content=\"El Principado impulsa las excavaciones en el yacimiento de Lucus Asturum, en Llanera, tras iniciar los tr\u00e1mites para su declaraci\u00f3n como bien de inter\u00e9s\" \/>\n\t\t<meta name=\"twitter:creator\" content=\"@nbasturias\" \/>\n\t\t<meta name=\"twitter:image\" content=\"https:\/\/candas365.es\/noticias\/wp-content\/uploads\/2023\/08\/Lucus-Asturum.jpg\" \/>\n\t\t<meta name=\"twitter:label1\" content=\"Escrito por\" \/>\n\t\t<meta name=\"twitter:data1\" content=\"Cand\u00e1s 365\" \/>\n\t\t<meta name=\"twitter:label2\" content=\"Tiempo de lectura estimado\" \/>\n\t\t<meta name=\"twitter:data2\" content=\"4 minutos\" \/>\n\t\t<script type=\"application\/ld+json\" class=\"aioseo-schema\">\n\t\t\t{\"@context\":\"https:\\\/\\\/schema.org\",\"@graph\":[{\"@type\":\"BreadcrumbList\",\"@id\":\"https:\\\/\\\/candas365.es\\\/noticias\\\/excavaciones-en-el-yacimiento-de-lucus-asturum\\\/#breadcrumblist\",\"itemListElement\":[{\"@type\":\"ListItem\",\"@id\":\"https:\\\/\\\/candas365.es\\\/noticias#listItem\",\"position\":1,\"name\":\"Home\",\"item\":\"https:\\\/\\\/candas365.es\\\/noticias\",\"nextItem\":{\"@type\":\"ListItem\",\"@id\":\"https:\\\/\\\/candas365.es\\\/noticias\\\/category\\\/asturias\\\/#listItem\",\"name\":\"Asturias\"}},{\"@type\":\"ListItem\",\"@id\":\"https:\\\/\\\/candas365.es\\\/noticias\\\/category\\\/asturias\\\/#listItem\",\"position\":2,\"name\":\"Asturias\",\"item\":\"https:\\\/\\\/candas365.es\\\/noticias\\\/category\\\/asturias\\\/\",\"nextItem\":{\"@type\":\"ListItem\",\"@id\":\"https:\\\/\\\/candas365.es\\\/noticias\\\/excavaciones-en-el-yacimiento-de-lucus-asturum\\\/#listItem\",\"name\":\"Excavaciones en el yacimiento de Lucus Asturum\"},\"previousItem\":{\"@type\":\"ListItem\",\"@id\":\"https:\\\/\\\/candas365.es\\\/noticias#listItem\",\"name\":\"Home\"}},{\"@type\":\"ListItem\",\"@id\":\"https:\\\/\\\/candas365.es\\\/noticias\\\/excavaciones-en-el-yacimiento-de-lucus-asturum\\\/#listItem\",\"position\":3,\"name\":\"Excavaciones en el yacimiento de Lucus Asturum\",\"previousItem\":{\"@type\":\"ListItem\",\"@id\":\"https:\\\/\\\/candas365.es\\\/noticias\\\/category\\\/asturias\\\/#listItem\",\"name\":\"Asturias\"}}]},{\"@type\":\"NewsArticle\",\"@id\":\"https:\\\/\\\/candas365.es\\\/noticias\\\/excavaciones-en-el-yacimiento-de-lucus-asturum\\\/#newsarticle\",\"name\":\"Excavaciones en el yacimiento de Lucus Asturum | Cand\\u00e1s 365\",\"headline\":\"Excavaciones en el yacimiento de Lucus Asturum\",\"author\":{\"@id\":\"https:\\\/\\\/candas365.es\\\/noticias\\\/author\\\/admin\\\/#author\"},\"publisher\":{\"@id\":\"https:\\\/\\\/candas365.es\\\/noticias\\\/#organization\"},\"image\":{\"@type\":\"ImageObject\",\"url\":\"https:\\\/\\\/candas365.es\\\/noticias\\\/wp-content\\\/uploads\\\/2023\\\/08\\\/Lucus-Asturum.jpg\",\"width\":804,\"height\":646,\"caption\":\"Lucus Asturum\"},\"datePublished\":\"2023-08-25T16:59:56+02:00\",\"dateModified\":\"2023-08-25T17:00:14+02:00\",\"inLanguage\":\"es-ES\",\"mainEntityOfPage\":{\"@id\":\"https:\\\/\\\/candas365.es\\\/noticias\\\/excavaciones-en-el-yacimiento-de-lucus-asturum\\\/#webpage\"},\"isPartOf\":{\"@id\":\"https:\\\/\\\/candas365.es\\\/noticias\\\/excavaciones-en-el-yacimiento-de-lucus-asturum\\\/#webpage\"},\"articleSection\":\"Asturias, Asturias\",\"dateline\":\"Publicado el agosto 25, 2023.\"},{\"@type\":\"Organization\",\"@id\":\"https:\\\/\\\/candas365.es\\\/noticias\\\/#organization\",\"name\":\"Cand\\u00e1s 365\",\"description\":\"Cand\\u00e1s 365 es un diario digital independiente, fundado en 2012, con base en Asturias. Informamos con rigor sobre actualidad, sociedad, cultura y ocio, con una mirada local y global.\",\"url\":\"https:\\\/\\\/candas365.es\\\/noticias\\\/\",\"email\":\"info@candas365.es\",\"telephone\":\"+34652131393\",\"foundingDate\":\"2012-06-10\",\"logo\":{\"@type\":\"ImageObject\",\"url\":\"https:\\\/\\\/candas365.es\\\/noticias\\\/wp-content\\\/uploads\\\/2024\\\/09\\\/Candas-365-Redes.jpg\",\"@id\":\"https:\\\/\\\/candas365.es\\\/noticias\\\/excavaciones-en-el-yacimiento-de-lucus-asturum\\\/#organizationLogo\",\"width\":1152,\"height\":864,\"caption\":\"Cand\\u00e1s 365 Redes\"},\"image\":{\"@id\":\"https:\\\/\\\/candas365.es\\\/noticias\\\/excavaciones-en-el-yacimiento-de-lucus-asturum\\\/#organizationLogo\"},\"sameAs\":[\"https:\\\/\\\/www.facebook.com\\\/Nachofdezber\",\"https:\\\/\\\/x.com\\\/NabercoDigital\",\"https:\\\/\\\/www.instagram.com\\\/nachofdezber\\\/\",\"https:\\\/\\\/www.youtube.com\\\/channel\\\/UCZP-2wLEB9Rv6erhFmqVnvg\"],\"address\":{\"@id\":\"https:\\\/\\\/candas365.es\\\/noticias\\\/#postaladdress\",\"@type\":\"PostalAddress\",\"streetAddress\":\"san antonio 4, san antonio 4\",\"postalCode\":\"33430\",\"addressLocality\":\"Cand\\u00e1s\",\"addressRegion\":\"Asturias\",\"addressCountry\":\"ES\"}},{\"@type\":\"Person\",\"@id\":\"https:\\\/\\\/candas365.es\\\/noticias\\\/author\\\/admin\\\/#author\",\"url\":\"https:\\\/\\\/candas365.es\\\/noticias\\\/author\\\/admin\\\/\",\"name\":\"Cand\\u00e1s 365\",\"image\":{\"@type\":\"ImageObject\",\"@id\":\"https:\\\/\\\/candas365.es\\\/noticias\\\/excavaciones-en-el-yacimiento-de-lucus-asturum\\\/#authorImage\",\"url\":\"https:\\\/\\\/secure.gravatar.com\\\/avatar\\\/496a8e03d0c493ede1718b7934145dbdf8d89be1036b0eec9544e1094c9de390?s=96&d=mm&r=g\",\"width\":96,\"height\":96,\"caption\":\"Cand\\u00e1s 365\"},\"sameAs\":[\"https:\\\/\\\/www.facebook.com\\\/carrenoactualidad\",\"https:\\\/\\\/twitter.com\\\/nbasturias\",\"https:\\\/\\\/www.instagram.com\\\/nachofdezber\\\/\",\"https:\\\/\\\/www.youtube.com\\\/channel\\\/UCZP-2wLEB9Rv6erhFmqVnvg\"]},{\"@type\":\"WebPage\",\"@id\":\"https:\\\/\\\/candas365.es\\\/noticias\\\/excavaciones-en-el-yacimiento-de-lucus-asturum\\\/#webpage\",\"url\":\"https:\\\/\\\/candas365.es\\\/noticias\\\/excavaciones-en-el-yacimiento-de-lucus-asturum\\\/\",\"name\":\"Excavaciones en el yacimiento de Lucus Asturum | Cand\\u00e1s 365\",\"description\":\"El Principado impulsa las excavaciones en el yacimiento de Lucus Asturum, en Llanera, tras iniciar los tr\\u00e1mites para su declaraci\\u00f3n como bien de inter\\u00e9s\",\"inLanguage\":\"es-ES\",\"isPartOf\":{\"@id\":\"https:\\\/\\\/candas365.es\\\/noticias\\\/#website\"},\"breadcrumb\":{\"@id\":\"https:\\\/\\\/candas365.es\\\/noticias\\\/excavaciones-en-el-yacimiento-de-lucus-asturum\\\/#breadcrumblist\"},\"author\":{\"@id\":\"https:\\\/\\\/candas365.es\\\/noticias\\\/author\\\/admin\\\/#author\"},\"creator\":{\"@id\":\"https:\\\/\\\/candas365.es\\\/noticias\\\/author\\\/admin\\\/#author\"},\"image\":{\"@type\":\"ImageObject\",\"url\":\"https:\\\/\\\/candas365.es\\\/noticias\\\/wp-content\\\/uploads\\\/2023\\\/08\\\/Lucus-Asturum.jpg\",\"@id\":\"https:\\\/\\\/candas365.es\\\/noticias\\\/excavaciones-en-el-yacimiento-de-lucus-asturum\\\/#mainImage\",\"width\":804,\"height\":646,\"caption\":\"Lucus Asturum\"},\"primaryImageOfPage\":{\"@id\":\"https:\\\/\\\/candas365.es\\\/noticias\\\/excavaciones-en-el-yacimiento-de-lucus-asturum\\\/#mainImage\"},\"datePublished\":\"2023-08-25T16:59:56+02:00\",\"dateModified\":\"2023-08-25T17:00:14+02:00\"},{\"@type\":\"WebSite\",\"@id\":\"https:\\\/\\\/candas365.es\\\/noticias\\\/#website\",\"url\":\"https:\\\/\\\/candas365.es\\\/noticias\\\/\",\"name\":\"Cand\\u00e1s 365\",\"alternateName\":\"Cand\\u00e1s 365 Noticias\",\"description\":\"Actualidad desde Carre\\u00f1o para el mundo\",\"inLanguage\":\"es-ES\",\"publisher\":{\"@id\":\"https:\\\/\\\/candas365.es\\\/noticias\\\/#organization\"}}]}\n\t\t<\/script>\n\t\t<!-- All in One SEO Pro -->\r\n\t\t<title>Excavaciones en el yacimiento de Lucus Asturum | Cand\u00e1s 365<\/title>\n\n","aioseo_head_json":{"title":"Excavaciones en el yacimiento de Lucus Asturum | Cand\u00e1s 365","description":"El Principado impulsa las excavaciones en el yacimiento de Lucus Asturum, en Llanera, tras iniciar los tr\u00e1mites para su declaraci\u00f3n como bien de inter\u00e9s","canonical_url":"https:\/\/candas365.es\/noticias\/excavaciones-en-el-yacimiento-de-lucus-asturum\/","robots":"max-image-preview:large","keywords":"asturias","webmasterTools":{"google-site-verification":"UA-32230408-1","msvalidate.01":"354F3CDFB2DA171B47FBE9ABF1F88D5","miscellaneous":""},"schema":{"@context":"https:\/\/schema.org","@graph":[{"@type":"BreadcrumbList","@id":"https:\/\/candas365.es\/noticias\/excavaciones-en-el-yacimiento-de-lucus-asturum\/#breadcrumblist","itemListElement":[{"@type":"ListItem","@id":"https:\/\/candas365.es\/noticias#listItem","position":1,"name":"Home","item":"https:\/\/candas365.es\/noticias","nextItem":{"@type":"ListItem","@id":"https:\/\/candas365.es\/noticias\/category\/asturias\/#listItem","name":"Asturias"}},{"@type":"ListItem","@id":"https:\/\/candas365.es\/noticias\/category\/asturias\/#listItem","position":2,"name":"Asturias","item":"https:\/\/candas365.es\/noticias\/category\/asturias\/","nextItem":{"@type":"ListItem","@id":"https:\/\/candas365.es\/noticias\/excavaciones-en-el-yacimiento-de-lucus-asturum\/#listItem","name":"Excavaciones en el yacimiento de Lucus Asturum"},"previousItem":{"@type":"ListItem","@id":"https:\/\/candas365.es\/noticias#listItem","name":"Home"}},{"@type":"ListItem","@id":"https:\/\/candas365.es\/noticias\/excavaciones-en-el-yacimiento-de-lucus-asturum\/#listItem","position":3,"name":"Excavaciones en el yacimiento de Lucus Asturum","previousItem":{"@type":"ListItem","@id":"https:\/\/candas365.es\/noticias\/category\/asturias\/#listItem","name":"Asturias"}}]},{"@type":"NewsArticle","@id":"https:\/\/candas365.es\/noticias\/excavaciones-en-el-yacimiento-de-lucus-asturum\/#newsarticle","name":"Excavaciones en el yacimiento de Lucus Asturum | Cand\u00e1s 365","headline":"Excavaciones en el yacimiento de Lucus Asturum","author":{"@id":"https:\/\/candas365.es\/noticias\/author\/admin\/#author"},"publisher":{"@id":"https:\/\/candas365.es\/noticias\/#organization"},"image":{"@type":"ImageObject","url":"https:\/\/candas365.es\/noticias\/wp-content\/uploads\/2023\/08\/Lucus-Asturum.jpg","width":804,"height":646,"caption":"Lucus Asturum"},"datePublished":"2023-08-25T16:59:56+02:00","dateModified":"2023-08-25T17:00:14+02:00","inLanguage":"es-ES","mainEntityOfPage":{"@id":"https:\/\/candas365.es\/noticias\/excavaciones-en-el-yacimiento-de-lucus-asturum\/#webpage"},"isPartOf":{"@id":"https:\/\/candas365.es\/noticias\/excavaciones-en-el-yacimiento-de-lucus-asturum\/#webpage"},"articleSection":"Asturias, Asturias","dateline":"Publicado el agosto 25, 2023."},{"@type":"Organization","@id":"https:\/\/candas365.es\/noticias\/#organization","name":"Cand\u00e1s 365","description":"Cand\u00e1s 365 es un diario digital independiente, fundado en 2012, con base en Asturias. Informamos con rigor sobre actualidad, sociedad, cultura y ocio, con una mirada local y global.","url":"https:\/\/candas365.es\/noticias\/","email":"info@candas365.es","telephone":"+34652131393","foundingDate":"2012-06-10","logo":{"@type":"ImageObject","url":"https:\/\/candas365.es\/noticias\/wp-content\/uploads\/2024\/09\/Candas-365-Redes.jpg","@id":"https:\/\/candas365.es\/noticias\/excavaciones-en-el-yacimiento-de-lucus-asturum\/#organizationLogo","width":1152,"height":864,"caption":"Cand\u00e1s 365 Redes"},"image":{"@id":"https:\/\/candas365.es\/noticias\/excavaciones-en-el-yacimiento-de-lucus-asturum\/#organizationLogo"},"sameAs":["https:\/\/www.facebook.com\/Nachofdezber","https:\/\/x.com\/NabercoDigital","https:\/\/www.instagram.com\/nachofdezber\/","https:\/\/www.youtube.com\/channel\/UCZP-2wLEB9Rv6erhFmqVnvg"],"address":{"@id":"https:\/\/candas365.es\/noticias\/#postaladdress","@type":"PostalAddress","streetAddress":"san antonio 4, san antonio 4","postalCode":"33430","addressLocality":"Cand\u00e1s","addressRegion":"Asturias","addressCountry":"ES"}},{"@type":"Person","@id":"https:\/\/candas365.es\/noticias\/author\/admin\/#author","url":"https:\/\/candas365.es\/noticias\/author\/admin\/","name":"Cand\u00e1s 365","image":{"@type":"ImageObject","@id":"https:\/\/candas365.es\/noticias\/excavaciones-en-el-yacimiento-de-lucus-asturum\/#authorImage","url":"https:\/\/secure.gravatar.com\/avatar\/496a8e03d0c493ede1718b7934145dbdf8d89be1036b0eec9544e1094c9de390?s=96&d=mm&r=g","width":96,"height":96,"caption":"Cand\u00e1s 365"},"sameAs":["https:\/\/www.facebook.com\/carrenoactualidad","https:\/\/twitter.com\/nbasturias","https:\/\/www.instagram.com\/nachofdezber\/","https:\/\/www.youtube.com\/channel\/UCZP-2wLEB9Rv6erhFmqVnvg"]},{"@type":"WebPage","@id":"https:\/\/candas365.es\/noticias\/excavaciones-en-el-yacimiento-de-lucus-asturum\/#webpage","url":"https:\/\/candas365.es\/noticias\/excavaciones-en-el-yacimiento-de-lucus-asturum\/","name":"Excavaciones en el yacimiento de Lucus Asturum | Cand\u00e1s 365","description":"El Principado impulsa las excavaciones en el yacimiento de Lucus Asturum, en Llanera, tras iniciar los tr\u00e1mites para su declaraci\u00f3n como bien de inter\u00e9s","inLanguage":"es-ES","isPartOf":{"@id":"https:\/\/candas365.es\/noticias\/#website"},"breadcrumb":{"@id":"https:\/\/candas365.es\/noticias\/excavaciones-en-el-yacimiento-de-lucus-asturum\/#breadcrumblist"},"author":{"@id":"https:\/\/candas365.es\/noticias\/author\/admin\/#author"},"creator":{"@id":"https:\/\/candas365.es\/noticias\/author\/admin\/#author"},"image":{"@type":"ImageObject","url":"https:\/\/candas365.es\/noticias\/wp-content\/uploads\/2023\/08\/Lucus-Asturum.jpg","@id":"https:\/\/candas365.es\/noticias\/excavaciones-en-el-yacimiento-de-lucus-asturum\/#mainImage","width":804,"height":646,"caption":"Lucus Asturum"},"primaryImageOfPage":{"@id":"https:\/\/candas365.es\/noticias\/excavaciones-en-el-yacimiento-de-lucus-asturum\/#mainImage"},"datePublished":"2023-08-25T16:59:56+02:00","dateModified":"2023-08-25T17:00:14+02:00"},{"@type":"WebSite","@id":"https:\/\/candas365.es\/noticias\/#website","url":"https:\/\/candas365.es\/noticias\/","name":"Cand\u00e1s 365","alternateName":"Cand\u00e1s 365 Noticias","description":"Actualidad desde Carre\u00f1o para el mundo","inLanguage":"es-ES","publisher":{"@id":"https:\/\/candas365.es\/noticias\/#organization"}}]},"og:locale":"es_ES","og:site_name":"Cand\u00e1s 365","og:type":"article","og:title":"Excavaciones en el yacimiento de Lucus Asturum | Cand\u00e1s 365","og:description":"El Principado impulsa las excavaciones en el yacimiento de Lucus Asturum, en Llanera, tras iniciar los tr\u00e1mites para su declaraci\u00f3n como bien de inter\u00e9s","og:url":"https:\/\/candas365.es\/noticias\/excavaciones-en-el-yacimiento-de-lucus-asturum\/","og:image":"https:\/\/candas365.es\/noticias\/wp-content\/uploads\/2023\/08\/Lucus-Asturum.jpg","og:image:secure_url":"https:\/\/candas365.es\/noticias\/wp-content\/uploads\/2023\/08\/Lucus-Asturum.jpg","og:image:width":804,"og:image:height":646,"article:published_time":"2023-08-25T14:59:56+00:00","article:modified_time":"2023-08-25T15:00:14+00:00","article:publisher":"https:\/\/www.facebook.com\/Nachofdezber","article:author":"https:\/\/www.facebook.com\/carrenoactualidad","twitter:card":"summary_large_image","twitter:site":"@NabercoDigital","twitter:title":"Excavaciones en el yacimiento de Lucus Asturum | Cand\u00e1s 365","twitter:description":"El Principado impulsa las excavaciones en el yacimiento de Lucus Asturum, en Llanera, tras iniciar los tr\u00e1mites para su declaraci\u00f3n como bien de inter\u00e9s","twitter:creator":"@nbasturias","twitter:image":"https:\/\/candas365.es\/noticias\/wp-content\/uploads\/2023\/08\/Lucus-Asturum.jpg","twitter:label1":"Escrito por","twitter:data1":"Cand\u00e1s 365","twitter:label2":"Tiempo de lectura estimado","twitter:data2":"4 minutos"},"aioseo_meta_data":{"post_id":"175039","title":null,"description":"El Principado impulsa las excavaciones en el yacimiento de Lucus Asturum, en Llanera, tras iniciar los tr\u00e1mites para su declaraci\u00f3n como bien de inter\u00e9s","keywords":[],"keyphrases":{"focus":{"keyphrase":"Lucus Asturum","score":91,"analysis":{"keyphraseInTitle":{"score":9,"maxScore":9,"error":0},"keyphraseInDescription":{"score":9,"maxScore":9,"error":0},"keyphraseLength":{"score":9,"maxScore":9,"error":0,"length":2},"keyphraseInURL":{"score":5,"maxScore":5,"error":0},"keyphraseInIntroduction":{"score":9,"maxScore":9,"error":0},"keyphraseInSubHeadings":{"score":3,"maxScore":9,"error":1},"keyphraseInImageAlt":{"score":9,"maxScore":9,"error":0},"keywordDensity":{"type":"best","score":9,"maxScore":9,"error":0}}},"additional":[{"keyphrase":"Lucus Asturum","score":100,"analysis":{"keyphraseInDescription":{"score":9,"maxScore":9,"error":0},"keyphraseLength":{"score":9,"maxScore":9,"error":0,"length":2},"keyphraseInIntroduction":{"score":9,"maxScore":9,"error":0},"keyphraseInImageAlt":{"score":9,"maxScore":9,"error":0},"keywordDensity":{"type":"best","score":9,"maxScore":9,"error":0}}}]},"primary_term":null,"canonical_url":null,"og_title":null,"og_description":null,"og_object_type":"default","og_image_type":"default","og_image_url":null,"og_image_width":null,"og_image_height":null,"og_image_custom_url":null,"og_image_custom_fields":null,"og_video":"","og_custom_url":null,"og_article_section":null,"og_article_tags":[],"twitter_use_og":false,"twitter_card":"default","twitter_image_type":"default","twitter_image_url":null,"twitter_image_custom_url":null,"twitter_image_custom_fields":null,"twitter_title":null,"twitter_description":null,"schema":{"blockGraphs":[],"customGraphs":[],"default":{"data":{"Article":[],"Course":[],"Dataset":[],"FAQPage":[],"Movie":[],"Person":[],"Product":[],"ProductReview":[],"Car":[],"Recipe":[],"Service":[],"SoftwareApplication":[],"WebPage":[]},"graphName":"Article","isEnabled":true},"graphs":[]},"schema_type":"default","schema_type_options":null,"pillar_content":false,"robots_default":true,"robots_noindex":false,"robots_noarchive":false,"robots_nosnippet":false,"robots_nofollow":false,"robots_noimageindex":false,"robots_noodp":false,"robots_notranslate":false,"robots_max_snippet":"-1","robots_max_videopreview":"-1","robots_max_imagepreview":"large","priority":null,"frequency":"default","location":null,"local_seo":null,"seo_analyzer_scan_date":"2025-09-01 21:55:10","breadcrumb_settings":null,"limit_modified_date":false,"reviewed_by":null,"open_ai":"{\"title\":{\"suggestions\":[],\"usage\":0},\"description\":{\"suggestions\":[],\"usage\":0}}","ai":null,"created":"2023-08-25 14:51:43","updated":"2025-09-01 21:55:10"},"aioseo_breadcrumb":"<div class=\"aioseo-breadcrumbs\"><span class=\"aioseo-breadcrumb\">\n\t<a href=\"https:\/\/candas365.es\/noticias\" title=\"Home\">Home<\/a>\n<\/span><span class=\"aioseo-breadcrumb-separator\">&ndash;<\/span><span class=\"aioseo-breadcrumb\">\n\t<a href=\"https:\/\/candas365.es\/noticias\/category\/asturias\/\" title=\"Asturias\">Asturias<\/a>\n<\/span><span class=\"aioseo-breadcrumb-separator\">&ndash;<\/span><span class=\"aioseo-breadcrumb\">\n\tExcavaciones en el yacimiento de Lucus Asturum\n<\/span><\/div>","aioseo_breadcrumb_json":[{"label":"Home","link":"https:\/\/candas365.es\/noticias"},{"label":"Asturias","link":"https:\/\/candas365.es\/noticias\/category\/asturias\/"},{"label":"Excavaciones en el yacimiento de Lucus Asturum","link":"https:\/\/candas365.es\/noticias\/excavaciones-en-el-yacimiento-de-lucus-asturum\/"}],"_links":{"self":[{"href":"https:\/\/candas365.es\/noticias\/wp-json\/wp\/v2\/posts\/175039","targetHints":{"allow":["GET"]}}],"collection":[{"href":"https:\/\/candas365.es\/noticias\/wp-json\/wp\/v2\/posts"}],"about":[{"href":"https:\/\/candas365.es\/noticias\/wp-json\/wp\/v2\/types\/post"}],"author":[{"embeddable":true,"href":"https:\/\/candas365.es\/noticias\/wp-json\/wp\/v2\/users\/1"}],"replies":[{"embeddable":true,"href":"https:\/\/candas365.es\/noticias\/wp-json\/wp\/v2\/comments?post=175039"}],"version-history":[{"count":0,"href":"https:\/\/candas365.es\/noticias\/wp-json\/wp\/v2\/posts\/175039\/revisions"}],"wp:featuredmedia":[{"embeddable":true,"href":"https:\/\/candas365.es\/noticias\/wp-json\/wp\/v2\/media\/175040"}],"wp:attachment":[{"href":"https:\/\/candas365.es\/noticias\/wp-json\/wp\/v2\/media?parent=175039"}],"wp:term":[{"taxonomy":"category","embeddable":true,"href":"https:\/\/candas365.es\/noticias\/wp-json\/wp\/v2\/categories?post=175039"},{"taxonomy":"post_tag","embeddable":true,"href":"https:\/\/candas365.es\/noticias\/wp-json\/wp\/v2\/tags?post=175039"}],"curies":[{"name":"wp","href":"https:\/\/api.w.org\/{rel}","templated":true}]}}