{"id":175006,"date":"2023-08-23T16:43:14","date_gmt":"2023-08-23T14:43:14","guid":{"rendered":"https:\/\/candas365.es\/noticias\/?p=175006"},"modified":"2023-08-23T16:43:33","modified_gmt":"2023-08-23T14:43:33","slug":"maraton-benefico-de-zumba-y-danza-en-corvera","status":"publish","type":"post","link":"https:\/\/candas365.es\/noticias\/maraton-benefico-de-zumba-y-danza-en-corvera\/","title":{"rendered":"Marat\u00f3n ben\u00e9fico de zumba y danza en Corvera"},"content":{"rendered":"<p>Impulsado por la oste\u00f3pata Charo Pe\u00f1a, con la participaci\u00f3n del estudio de danza Chass\u00e9 y la colaboraci\u00f3n del <strong>Ayuntamiento de Corvera<\/strong>, el pr\u00f3ximo <span style=\"color: #ff6600;\"><a style=\"color: #ff6600;\" href=\"https:\/\/www.eldigitaldeasturias.com\/noticias\/maraton-benefico-de-zumba-y-danza-en-las-vegas\/\" target=\"_blank\" rel=\"noopener\"><strong>9 de septiembre<\/strong><\/a><\/span> tendr\u00e1 lugar en Las Vegas un marat\u00f3n ben\u00e9fico de zumba y danza, con el objetivo de recoger productos para la Fundaci\u00f3n Banco de Alimentos de Asturias.<strong> La cita dar\u00e1 comienzo a las cinco y media de la tarde y se celebrar\u00e1 en la pista cubierta del colegio p\u00fablico de Las Vegas.<\/strong><\/p>\n<figure id=\"attachment_175007\" aria-describedby=\"caption-attachment-175007\" style=\"width: 650px\" class=\"wp-caption aligncenter\"><img fetchpriority=\"high\" decoding=\"async\" class=\"wp-image-175007 size-large\" src=\"https:\/\/candas365.es\/noticias\/wp-content\/uploads\/2023\/08\/Maraton-benefico-Corvera-650x388.jpg\" alt=\"Marat\u00f3n ben\u00e9fico Corvera\" width=\"650\" height=\"388\" srcset=\"https:\/\/candas365.es\/noticias\/wp-content\/uploads\/2023\/08\/Maraton-benefico-Corvera-650x388.jpg 650w, https:\/\/candas365.es\/noticias\/wp-content\/uploads\/2023\/08\/Maraton-benefico-Corvera-360x215.jpg 360w, https:\/\/candas365.es\/noticias\/wp-content\/uploads\/2023\/08\/Maraton-benefico-Corvera-768x458.jpg 768w, https:\/\/candas365.es\/noticias\/wp-content\/uploads\/2023\/08\/Maraton-benefico-Corvera-150x89.jpg 150w, https:\/\/candas365.es\/noticias\/wp-content\/uploads\/2023\/08\/Maraton-benefico-Corvera-450x268.jpg 450w, https:\/\/candas365.es\/noticias\/wp-content\/uploads\/2023\/08\/Maraton-benefico-Corvera.jpg 1038w\" sizes=\"(max-width: 650px) 100vw, 650px\" \/><figcaption id=\"caption-attachment-175007\" class=\"wp-caption-text\">Foto: Prensa Ayuntamiento de Corvera<\/figcaption><\/figure>\n<p>\u201cEl marat\u00f3n estar\u00e1 dividido en dos partes. La primera parte \u2013que dirigir\u00e9 yo misma- ser\u00e1 b\u00e1sicamente de zumba, aunque tambi\u00e9n meteremos un poco de cardio box. La segunda parte correr\u00e1 por cuenta del estudio Chass\u00e9, y ser\u00e1 de bailes latinos y urbanos y, para cerrar el evento, har\u00e1n una exhibici\u00f3n de Jump Dance, que se hace con botas Kangoo, con las que se realiza una actividad aer\u00f3bica que produce menos impacto que correr, ya que las botas act\u00faan como un colch\u00f3n que absorbe el rebote en las articulaciones. Con esta modalidad de jump dance se siguen secuencias coreogr\u00e1ficas que favorecen la coordinaci\u00f3n y el equilibrio adem\u00e1s de mejorar el tono muscular, todo ello con m\u00fasica motivante que la hace una actividad muy divertida\u201d, explic\u00f3 Charo Pe\u00f1a.<\/p>\n<p>Este a\u00f1o, el marat\u00f3n tiene por objetivo la recogida de productos no perecederos que ser\u00e1n entregados a la Fundaci\u00f3n Banco de Alimentos de Asturias. Qui\u00e9nes as\u00ed lo deseen, podr\u00e1n participar en el marat\u00f3n y llevar los alimentos que quieran donar el mismo d\u00eda del evento. No obstante, tambi\u00e9n podr\u00e1n hacerlo ya desde el 1 de septiembre y hasta una semana despu\u00e9s del marat\u00f3n, llevando los alimentos al Studio Pilates de Charo Pe\u00f1a -sito en el n\u00famero 5 de la calle La Serrer\u00eda de Las Vegas- o al Estudio de Danza Chass\u00e9, en el n\u00famero 1 de la calle Pasaje de Las Vegas. <strong>\u201cDe esta forma tendremos abierta la recogida de alimentos unos 20 d\u00edas para que puedan colaborar las personas que quieran hacerlo y que no puedan ir al marat\u00f3n\u201d, destac\u00f3 la oste\u00f3pata.<\/strong><\/p>\n<p>\u201cCharo Pe\u00f1a, <strong>Corverana Ejemplar 2019<\/strong>, es el alma mater de este evento solidario que se celebra en Las Vegas desde hace nada m\u00e1s y nada menos que 15 a\u00f1os. Este marat\u00f3n combina dos cuestiones fundamentales que creemos definen en gran medida el car\u00e1cter de los y las corveranas: la solidaridad y el amor por el deporte y por eso, desde el Ayuntamiento, no podemos m\u00e1s que aplaudir y agradecer el esfuerzo tanto de Charo como del estudio de danza Chass\u00e9 para organizarlo un a\u00f1o m\u00e1s\u201d, destac\u00f3 la concejala de Acci\u00f3n Social del Ayuntamiento de Corvera, Patricia Su\u00e1rez.<\/p>\n","protected":false},"excerpt":{"rendered":"<p>Impulsado por la oste\u00f3pata Charo Pe\u00f1a, con la participaci\u00f3n del estudio de danza Chass\u00e9 y la colaboraci\u00f3n del Ayuntamiento de Corvera, el pr\u00f3ximo 9 de septiembre tendr\u00e1 lugar en Las Vegas un marat\u00f3n ben\u00e9fico de zumba y danza, con el objetivo de recoger productos para la Fundaci\u00f3n Banco de Alimentos de Asturias. La cita dar\u00e1<\/p>\n","protected":false},"author":1,"featured_media":175007,"comment_status":"closed","ping_status":"closed","sticky":false,"template":"","format":"standard","meta":{"footnotes":""},"categories":[1,7],"tags":[468,540],"class_list":{"0":"post-175006","1":"post","2":"type-post","3":"status-publish","4":"format-standard","5":"has-post-thumbnail","7":"category-agenda","8":"category-asturias","9":"tag-agenda","10":"tag-corvera"},"aioseo_notices":[],"aioseo_head":"\n\t\t<!-- All in One SEO Pro 4.9.6.2 - aioseo.com -->\n\t<meta name=\"description\" content=\"Impulsado por la oste\u00f3pata Charo Pe\u00f1a, con la participaci\u00f3n del estudio de danza Chass\u00e9 y la colaboraci\u00f3n del Ayuntamiento de Corvera, el pr\u00f3ximo 9 de septiembre\" \/>\n\t<meta name=\"robots\" content=\"max-image-preview:large\" \/>\n\t<meta name=\"author\" content=\"Cand\u00e1s 365\"\/>\n\t<meta name=\"google-site-verification\" content=\"UA-32230408-1\" \/>\n\t<meta name=\"msvalidate.01\" content=\"354F3CDFB2DA171B47FBE9ABF1F88D5\" \/>\n\t<meta name=\"keywords\" content=\"agenda,asturias\" \/>\n\t<link rel=\"canonical\" href=\"https:\/\/candas365.es\/noticias\/maraton-benefico-de-zumba-y-danza-en-corvera\/\" \/>\n\t<meta name=\"generator\" content=\"All in One SEO Pro (AIOSEO) 4.9.6.2\" \/>\n\t\t<meta property=\"og:locale\" content=\"es_ES\" \/>\n\t\t<meta property=\"og:site_name\" content=\"Cand\u00e1s 365\" \/>\n\t\t<meta property=\"og:type\" content=\"article\" \/>\n\t\t<meta property=\"og:title\" content=\"Marat\u00f3n ben\u00e9fico de zumba y danza en Corvera | Cand\u00e1s 365\" \/>\n\t\t<meta property=\"og:description\" content=\"Impulsado por la oste\u00f3pata Charo Pe\u00f1a, con la participaci\u00f3n del estudio de danza Chass\u00e9 y la colaboraci\u00f3n del Ayuntamiento de Corvera, el pr\u00f3ximo 9 de septiembre\" \/>\n\t\t<meta property=\"og:url\" content=\"https:\/\/candas365.es\/noticias\/maraton-benefico-de-zumba-y-danza-en-corvera\/\" \/>\n\t\t<meta property=\"og:image\" content=\"https:\/\/candas365.es\/noticias\/wp-content\/uploads\/2023\/08\/Maraton-benefico-Corvera.jpg\" \/>\n\t\t<meta property=\"og:image:secure_url\" content=\"https:\/\/candas365.es\/noticias\/wp-content\/uploads\/2023\/08\/Maraton-benefico-Corvera.jpg\" \/>\n\t\t<meta property=\"og:image:width\" content=\"1038\" \/>\n\t\t<meta property=\"og:image:height\" content=\"619\" \/>\n\t\t<meta property=\"article:published_time\" content=\"2023-08-23T14:43:14+00:00\" \/>\n\t\t<meta property=\"article:modified_time\" content=\"2023-08-23T14:43:33+00:00\" \/>\n\t\t<meta property=\"article:publisher\" content=\"https:\/\/www.facebook.com\/Nachofdezber\" \/>\n\t\t<meta property=\"article:author\" content=\"https:\/\/www.facebook.com\/carrenoactualidad\" \/>\n\t\t<meta name=\"twitter:card\" content=\"summary_large_image\" \/>\n\t\t<meta name=\"twitter:site\" content=\"@NabercoDigital\" \/>\n\t\t<meta name=\"twitter:title\" content=\"Marat\u00f3n ben\u00e9fico de zumba y danza en Corvera | Cand\u00e1s 365\" \/>\n\t\t<meta name=\"twitter:description\" content=\"Impulsado por la oste\u00f3pata Charo Pe\u00f1a, con la participaci\u00f3n del estudio de danza Chass\u00e9 y la colaboraci\u00f3n del Ayuntamiento de Corvera, el pr\u00f3ximo 9 de septiembre\" \/>\n\t\t<meta name=\"twitter:creator\" content=\"@nbasturias\" \/>\n\t\t<meta name=\"twitter:image\" content=\"https:\/\/candas365.es\/noticias\/wp-content\/uploads\/2023\/08\/Maraton-benefico-Corvera.jpg\" \/>\n\t\t<meta name=\"twitter:label1\" content=\"Escrito por\" \/>\n\t\t<meta name=\"twitter:data1\" content=\"Cand\u00e1s 365\" \/>\n\t\t<meta name=\"twitter:label2\" content=\"Tiempo de lectura estimado\" \/>\n\t\t<meta name=\"twitter:data2\" content=\"2 minutos\" \/>\n\t\t<script type=\"application\/ld+json\" class=\"aioseo-schema\">\n\t\t\t{\"@context\":\"https:\\\/\\\/schema.org\",\"@graph\":[{\"@type\":\"BreadcrumbList\",\"@id\":\"https:\\\/\\\/candas365.es\\\/noticias\\\/maraton-benefico-de-zumba-y-danza-en-corvera\\\/#breadcrumblist\",\"itemListElement\":[{\"@type\":\"ListItem\",\"@id\":\"https:\\\/\\\/candas365.es\\\/noticias#listItem\",\"position\":1,\"name\":\"Home\",\"item\":\"https:\\\/\\\/candas365.es\\\/noticias\",\"nextItem\":{\"@type\":\"ListItem\",\"@id\":\"https:\\\/\\\/candas365.es\\\/noticias\\\/category\\\/agenda\\\/#listItem\",\"name\":\"Agenda\"}},{\"@type\":\"ListItem\",\"@id\":\"https:\\\/\\\/candas365.es\\\/noticias\\\/category\\\/agenda\\\/#listItem\",\"position\":2,\"name\":\"Agenda\",\"item\":\"https:\\\/\\\/candas365.es\\\/noticias\\\/category\\\/agenda\\\/\",\"nextItem\":{\"@type\":\"ListItem\",\"@id\":\"https:\\\/\\\/candas365.es\\\/noticias\\\/maraton-benefico-de-zumba-y-danza-en-corvera\\\/#listItem\",\"name\":\"Marat\\u00f3n ben\\u00e9fico de zumba y danza en Corvera\"},\"previousItem\":{\"@type\":\"ListItem\",\"@id\":\"https:\\\/\\\/candas365.es\\\/noticias#listItem\",\"name\":\"Home\"}},{\"@type\":\"ListItem\",\"@id\":\"https:\\\/\\\/candas365.es\\\/noticias\\\/maraton-benefico-de-zumba-y-danza-en-corvera\\\/#listItem\",\"position\":3,\"name\":\"Marat\\u00f3n ben\\u00e9fico de zumba y danza en Corvera\",\"previousItem\":{\"@type\":\"ListItem\",\"@id\":\"https:\\\/\\\/candas365.es\\\/noticias\\\/category\\\/agenda\\\/#listItem\",\"name\":\"Agenda\"}}]},{\"@type\":\"NewsArticle\",\"@id\":\"https:\\\/\\\/candas365.es\\\/noticias\\\/maraton-benefico-de-zumba-y-danza-en-corvera\\\/#newsarticle\",\"name\":\"Marat\\u00f3n ben\\u00e9fico de zumba y danza en Corvera | Cand\\u00e1s 365\",\"headline\":\"Marat\\u00f3n ben\\u00e9fico de zumba y danza en Corvera\",\"author\":{\"@id\":\"https:\\\/\\\/candas365.es\\\/noticias\\\/author\\\/admin\\\/#author\"},\"publisher\":{\"@id\":\"https:\\\/\\\/candas365.es\\\/noticias\\\/#organization\"},\"image\":{\"@type\":\"ImageObject\",\"url\":\"https:\\\/\\\/candas365.es\\\/noticias\\\/wp-content\\\/uploads\\\/2023\\\/08\\\/Maraton-benefico-Corvera.jpg\",\"width\":1038,\"height\":619,\"caption\":\"Foto: Prensa Ayuntamiento de Corvera\"},\"datePublished\":\"2023-08-23T16:43:14+02:00\",\"dateModified\":\"2023-08-23T16:43:33+02:00\",\"inLanguage\":\"es-ES\",\"mainEntityOfPage\":{\"@id\":\"https:\\\/\\\/candas365.es\\\/noticias\\\/maraton-benefico-de-zumba-y-danza-en-corvera\\\/#webpage\"},\"isPartOf\":{\"@id\":\"https:\\\/\\\/candas365.es\\\/noticias\\\/maraton-benefico-de-zumba-y-danza-en-corvera\\\/#webpage\"},\"articleSection\":\"Agenda, Asturias, agenda, Corvera\",\"dateline\":\"Publicado el agosto 23, 2023.\"},{\"@type\":\"Organization\",\"@id\":\"https:\\\/\\\/candas365.es\\\/noticias\\\/#organization\",\"name\":\"Cand\\u00e1s 365\",\"description\":\"Cand\\u00e1s 365 es un diario digital independiente, fundado en 2012, con base en Asturias. Informamos con rigor sobre actualidad, sociedad, cultura y ocio, con una mirada local y global.\",\"url\":\"https:\\\/\\\/candas365.es\\\/noticias\\\/\",\"email\":\"info@candas365.es\",\"telephone\":\"+34652131393\",\"foundingDate\":\"2012-06-10\",\"logo\":{\"@type\":\"ImageObject\",\"url\":\"https:\\\/\\\/candas365.es\\\/noticias\\\/wp-content\\\/uploads\\\/2024\\\/09\\\/Candas-365-Redes.jpg\",\"@id\":\"https:\\\/\\\/candas365.es\\\/noticias\\\/maraton-benefico-de-zumba-y-danza-en-corvera\\\/#organizationLogo\",\"width\":1152,\"height\":864,\"caption\":\"Cand\\u00e1s 365 Redes\"},\"image\":{\"@id\":\"https:\\\/\\\/candas365.es\\\/noticias\\\/maraton-benefico-de-zumba-y-danza-en-corvera\\\/#organizationLogo\"},\"sameAs\":[\"https:\\\/\\\/www.facebook.com\\\/Nachofdezber\",\"https:\\\/\\\/x.com\\\/NabercoDigital\",\"https:\\\/\\\/www.instagram.com\\\/nachofdezber\\\/\",\"https:\\\/\\\/www.youtube.com\\\/channel\\\/UCZP-2wLEB9Rv6erhFmqVnvg\"],\"address\":{\"@id\":\"https:\\\/\\\/candas365.es\\\/noticias\\\/#postaladdress\",\"@type\":\"PostalAddress\",\"streetAddress\":\"san antonio 4, san antonio 4\",\"postalCode\":\"33430\",\"addressLocality\":\"Cand\\u00e1s\",\"addressRegion\":\"Asturias\",\"addressCountry\":\"ES\"}},{\"@type\":\"Person\",\"@id\":\"https:\\\/\\\/candas365.es\\\/noticias\\\/author\\\/admin\\\/#author\",\"url\":\"https:\\\/\\\/candas365.es\\\/noticias\\\/author\\\/admin\\\/\",\"name\":\"Cand\\u00e1s 365\",\"image\":{\"@type\":\"ImageObject\",\"@id\":\"https:\\\/\\\/candas365.es\\\/noticias\\\/maraton-benefico-de-zumba-y-danza-en-corvera\\\/#authorImage\",\"url\":\"https:\\\/\\\/secure.gravatar.com\\\/avatar\\\/496a8e03d0c493ede1718b7934145dbdf8d89be1036b0eec9544e1094c9de390?s=96&d=mm&r=g\",\"width\":96,\"height\":96,\"caption\":\"Cand\\u00e1s 365\"},\"sameAs\":[\"https:\\\/\\\/www.facebook.com\\\/carrenoactualidad\",\"https:\\\/\\\/twitter.com\\\/nbasturias\",\"https:\\\/\\\/www.instagram.com\\\/nachofdezber\\\/\",\"https:\\\/\\\/www.youtube.com\\\/channel\\\/UCZP-2wLEB9Rv6erhFmqVnvg\"]},{\"@type\":\"WebPage\",\"@id\":\"https:\\\/\\\/candas365.es\\\/noticias\\\/maraton-benefico-de-zumba-y-danza-en-corvera\\\/#webpage\",\"url\":\"https:\\\/\\\/candas365.es\\\/noticias\\\/maraton-benefico-de-zumba-y-danza-en-corvera\\\/\",\"name\":\"Marat\\u00f3n ben\\u00e9fico de zumba y danza en Corvera | Cand\\u00e1s 365\",\"description\":\"Impulsado por la oste\\u00f3pata Charo Pe\\u00f1a, con la participaci\\u00f3n del estudio de danza Chass\\u00e9 y la colaboraci\\u00f3n del Ayuntamiento de Corvera, el pr\\u00f3ximo 9 de septiembre\",\"inLanguage\":\"es-ES\",\"isPartOf\":{\"@id\":\"https:\\\/\\\/candas365.es\\\/noticias\\\/#website\"},\"breadcrumb\":{\"@id\":\"https:\\\/\\\/candas365.es\\\/noticias\\\/maraton-benefico-de-zumba-y-danza-en-corvera\\\/#breadcrumblist\"},\"author\":{\"@id\":\"https:\\\/\\\/candas365.es\\\/noticias\\\/author\\\/admin\\\/#author\"},\"creator\":{\"@id\":\"https:\\\/\\\/candas365.es\\\/noticias\\\/author\\\/admin\\\/#author\"},\"image\":{\"@type\":\"ImageObject\",\"url\":\"https:\\\/\\\/candas365.es\\\/noticias\\\/wp-content\\\/uploads\\\/2023\\\/08\\\/Maraton-benefico-Corvera.jpg\",\"@id\":\"https:\\\/\\\/candas365.es\\\/noticias\\\/maraton-benefico-de-zumba-y-danza-en-corvera\\\/#mainImage\",\"width\":1038,\"height\":619,\"caption\":\"Foto: Prensa Ayuntamiento de Corvera\"},\"primaryImageOfPage\":{\"@id\":\"https:\\\/\\\/candas365.es\\\/noticias\\\/maraton-benefico-de-zumba-y-danza-en-corvera\\\/#mainImage\"},\"datePublished\":\"2023-08-23T16:43:14+02:00\",\"dateModified\":\"2023-08-23T16:43:33+02:00\"},{\"@type\":\"WebSite\",\"@id\":\"https:\\\/\\\/candas365.es\\\/noticias\\\/#website\",\"url\":\"https:\\\/\\\/candas365.es\\\/noticias\\\/\",\"name\":\"Cand\\u00e1s 365\",\"alternateName\":\"Cand\\u00e1s 365 Noticias\",\"description\":\"Actualidad desde Carre\\u00f1o para el mundo\",\"inLanguage\":\"es-ES\",\"publisher\":{\"@id\":\"https:\\\/\\\/candas365.es\\\/noticias\\\/#organization\"}}]}\n\t\t<\/script>\n\t\t<!-- All in One SEO Pro -->\r\n\t\t<title>Marat\u00f3n ben\u00e9fico de zumba y danza en Corvera | Cand\u00e1s 365<\/title>\n\n","aioseo_head_json":{"title":"Marat\u00f3n ben\u00e9fico de zumba y danza en Corvera | Cand\u00e1s 365","description":"Impulsado por la oste\u00f3pata Charo Pe\u00f1a, con la participaci\u00f3n del estudio de danza Chass\u00e9 y la colaboraci\u00f3n del Ayuntamiento de Corvera, el pr\u00f3ximo 9 de septiembre","canonical_url":"https:\/\/candas365.es\/noticias\/maraton-benefico-de-zumba-y-danza-en-corvera\/","robots":"max-image-preview:large","keywords":"agenda,asturias","webmasterTools":{"google-site-verification":"UA-32230408-1","msvalidate.01":"354F3CDFB2DA171B47FBE9ABF1F88D5","miscellaneous":""},"schema":{"@context":"https:\/\/schema.org","@graph":[{"@type":"BreadcrumbList","@id":"https:\/\/candas365.es\/noticias\/maraton-benefico-de-zumba-y-danza-en-corvera\/#breadcrumblist","itemListElement":[{"@type":"ListItem","@id":"https:\/\/candas365.es\/noticias#listItem","position":1,"name":"Home","item":"https:\/\/candas365.es\/noticias","nextItem":{"@type":"ListItem","@id":"https:\/\/candas365.es\/noticias\/category\/agenda\/#listItem","name":"Agenda"}},{"@type":"ListItem","@id":"https:\/\/candas365.es\/noticias\/category\/agenda\/#listItem","position":2,"name":"Agenda","item":"https:\/\/candas365.es\/noticias\/category\/agenda\/","nextItem":{"@type":"ListItem","@id":"https:\/\/candas365.es\/noticias\/maraton-benefico-de-zumba-y-danza-en-corvera\/#listItem","name":"Marat\u00f3n ben\u00e9fico de zumba y danza en Corvera"},"previousItem":{"@type":"ListItem","@id":"https:\/\/candas365.es\/noticias#listItem","name":"Home"}},{"@type":"ListItem","@id":"https:\/\/candas365.es\/noticias\/maraton-benefico-de-zumba-y-danza-en-corvera\/#listItem","position":3,"name":"Marat\u00f3n ben\u00e9fico de zumba y danza en Corvera","previousItem":{"@type":"ListItem","@id":"https:\/\/candas365.es\/noticias\/category\/agenda\/#listItem","name":"Agenda"}}]},{"@type":"NewsArticle","@id":"https:\/\/candas365.es\/noticias\/maraton-benefico-de-zumba-y-danza-en-corvera\/#newsarticle","name":"Marat\u00f3n ben\u00e9fico de zumba y danza en Corvera | Cand\u00e1s 365","headline":"Marat\u00f3n ben\u00e9fico de zumba y danza en Corvera","author":{"@id":"https:\/\/candas365.es\/noticias\/author\/admin\/#author"},"publisher":{"@id":"https:\/\/candas365.es\/noticias\/#organization"},"image":{"@type":"ImageObject","url":"https:\/\/candas365.es\/noticias\/wp-content\/uploads\/2023\/08\/Maraton-benefico-Corvera.jpg","width":1038,"height":619,"caption":"Foto: Prensa Ayuntamiento de Corvera"},"datePublished":"2023-08-23T16:43:14+02:00","dateModified":"2023-08-23T16:43:33+02:00","inLanguage":"es-ES","mainEntityOfPage":{"@id":"https:\/\/candas365.es\/noticias\/maraton-benefico-de-zumba-y-danza-en-corvera\/#webpage"},"isPartOf":{"@id":"https:\/\/candas365.es\/noticias\/maraton-benefico-de-zumba-y-danza-en-corvera\/#webpage"},"articleSection":"Agenda, Asturias, agenda, Corvera","dateline":"Publicado el agosto 23, 2023."},{"@type":"Organization","@id":"https:\/\/candas365.es\/noticias\/#organization","name":"Cand\u00e1s 365","description":"Cand\u00e1s 365 es un diario digital independiente, fundado en 2012, con base en Asturias. Informamos con rigor sobre actualidad, sociedad, cultura y ocio, con una mirada local y global.","url":"https:\/\/candas365.es\/noticias\/","email":"info@candas365.es","telephone":"+34652131393","foundingDate":"2012-06-10","logo":{"@type":"ImageObject","url":"https:\/\/candas365.es\/noticias\/wp-content\/uploads\/2024\/09\/Candas-365-Redes.jpg","@id":"https:\/\/candas365.es\/noticias\/maraton-benefico-de-zumba-y-danza-en-corvera\/#organizationLogo","width":1152,"height":864,"caption":"Cand\u00e1s 365 Redes"},"image":{"@id":"https:\/\/candas365.es\/noticias\/maraton-benefico-de-zumba-y-danza-en-corvera\/#organizationLogo"},"sameAs":["https:\/\/www.facebook.com\/Nachofdezber","https:\/\/x.com\/NabercoDigital","https:\/\/www.instagram.com\/nachofdezber\/","https:\/\/www.youtube.com\/channel\/UCZP-2wLEB9Rv6erhFmqVnvg"],"address":{"@id":"https:\/\/candas365.es\/noticias\/#postaladdress","@type":"PostalAddress","streetAddress":"san antonio 4, san antonio 4","postalCode":"33430","addressLocality":"Cand\u00e1s","addressRegion":"Asturias","addressCountry":"ES"}},{"@type":"Person","@id":"https:\/\/candas365.es\/noticias\/author\/admin\/#author","url":"https:\/\/candas365.es\/noticias\/author\/admin\/","name":"Cand\u00e1s 365","image":{"@type":"ImageObject","@id":"https:\/\/candas365.es\/noticias\/maraton-benefico-de-zumba-y-danza-en-corvera\/#authorImage","url":"https:\/\/secure.gravatar.com\/avatar\/496a8e03d0c493ede1718b7934145dbdf8d89be1036b0eec9544e1094c9de390?s=96&d=mm&r=g","width":96,"height":96,"caption":"Cand\u00e1s 365"},"sameAs":["https:\/\/www.facebook.com\/carrenoactualidad","https:\/\/twitter.com\/nbasturias","https:\/\/www.instagram.com\/nachofdezber\/","https:\/\/www.youtube.com\/channel\/UCZP-2wLEB9Rv6erhFmqVnvg"]},{"@type":"WebPage","@id":"https:\/\/candas365.es\/noticias\/maraton-benefico-de-zumba-y-danza-en-corvera\/#webpage","url":"https:\/\/candas365.es\/noticias\/maraton-benefico-de-zumba-y-danza-en-corvera\/","name":"Marat\u00f3n ben\u00e9fico de zumba y danza en Corvera | Cand\u00e1s 365","description":"Impulsado por la oste\u00f3pata Charo Pe\u00f1a, con la participaci\u00f3n del estudio de danza Chass\u00e9 y la colaboraci\u00f3n del Ayuntamiento de Corvera, el pr\u00f3ximo 9 de septiembre","inLanguage":"es-ES","isPartOf":{"@id":"https:\/\/candas365.es\/noticias\/#website"},"breadcrumb":{"@id":"https:\/\/candas365.es\/noticias\/maraton-benefico-de-zumba-y-danza-en-corvera\/#breadcrumblist"},"author":{"@id":"https:\/\/candas365.es\/noticias\/author\/admin\/#author"},"creator":{"@id":"https:\/\/candas365.es\/noticias\/author\/admin\/#author"},"image":{"@type":"ImageObject","url":"https:\/\/candas365.es\/noticias\/wp-content\/uploads\/2023\/08\/Maraton-benefico-Corvera.jpg","@id":"https:\/\/candas365.es\/noticias\/maraton-benefico-de-zumba-y-danza-en-corvera\/#mainImage","width":1038,"height":619,"caption":"Foto: Prensa Ayuntamiento de Corvera"},"primaryImageOfPage":{"@id":"https:\/\/candas365.es\/noticias\/maraton-benefico-de-zumba-y-danza-en-corvera\/#mainImage"},"datePublished":"2023-08-23T16:43:14+02:00","dateModified":"2023-08-23T16:43:33+02:00"},{"@type":"WebSite","@id":"https:\/\/candas365.es\/noticias\/#website","url":"https:\/\/candas365.es\/noticias\/","name":"Cand\u00e1s 365","alternateName":"Cand\u00e1s 365 Noticias","description":"Actualidad desde Carre\u00f1o para el mundo","inLanguage":"es-ES","publisher":{"@id":"https:\/\/candas365.es\/noticias\/#organization"}}]},"og:locale":"es_ES","og:site_name":"Cand\u00e1s 365","og:type":"article","og:title":"Marat\u00f3n ben\u00e9fico de zumba y danza en Corvera | Cand\u00e1s 365","og:description":"Impulsado por la oste\u00f3pata Charo Pe\u00f1a, con la participaci\u00f3n del estudio de danza Chass\u00e9 y la colaboraci\u00f3n del Ayuntamiento de Corvera, el pr\u00f3ximo 9 de septiembre","og:url":"https:\/\/candas365.es\/noticias\/maraton-benefico-de-zumba-y-danza-en-corvera\/","og:image":"https:\/\/candas365.es\/noticias\/wp-content\/uploads\/2023\/08\/Maraton-benefico-Corvera.jpg","og:image:secure_url":"https:\/\/candas365.es\/noticias\/wp-content\/uploads\/2023\/08\/Maraton-benefico-Corvera.jpg","og:image:width":1038,"og:image:height":619,"article:published_time":"2023-08-23T14:43:14+00:00","article:modified_time":"2023-08-23T14:43:33+00:00","article:publisher":"https:\/\/www.facebook.com\/Nachofdezber","article:author":"https:\/\/www.facebook.com\/carrenoactualidad","twitter:card":"summary_large_image","twitter:site":"@NabercoDigital","twitter:title":"Marat\u00f3n ben\u00e9fico de zumba y danza en Corvera | Cand\u00e1s 365","twitter:description":"Impulsado por la oste\u00f3pata Charo Pe\u00f1a, con la participaci\u00f3n del estudio de danza Chass\u00e9 y la colaboraci\u00f3n del Ayuntamiento de Corvera, el pr\u00f3ximo 9 de septiembre","twitter:creator":"@nbasturias","twitter:image":"https:\/\/candas365.es\/noticias\/wp-content\/uploads\/2023\/08\/Maraton-benefico-Corvera.jpg","twitter:label1":"Escrito por","twitter:data1":"Cand\u00e1s 365","twitter:label2":"Tiempo de lectura estimado","twitter:data2":"2 minutos"},"aioseo_meta_data":{"post_id":"175006","title":null,"description":"Impulsado por la oste\u00f3pata Charo Pe\u00f1a, con la participaci\u00f3n del estudio de danza Chass\u00e9 y la colaboraci\u00f3n del Ayuntamiento de Corvera, el pr\u00f3ximo 9 de septiembre","keywords":[],"keyphrases":{"focus":{"keyphrase":"Corvera","score":100,"analysis":{"keyphraseInTitle":{"score":9,"maxScore":9,"error":0},"keyphraseInDescription":{"score":9,"maxScore":9,"error":0},"keyphraseLength":{"score":9,"maxScore":9,"error":0,"length":1},"keyphraseInURL":{"score":5,"maxScore":5,"error":0},"keyphraseInIntroduction":{"score":9,"maxScore":9,"error":0},"keyphraseInSubHeadings":[],"keyphraseInImageAlt":{"score":9,"maxScore":9,"error":0},"keywordDensity":{"type":"best","score":9,"maxScore":9,"error":0}}},"additional":[{"keyphrase":"Corvera","score":100,"analysis":{"keyphraseInDescription":{"score":9,"maxScore":9,"error":0},"keyphraseLength":{"score":9,"maxScore":9,"error":0,"length":1},"keyphraseInIntroduction":{"score":9,"maxScore":9,"error":0},"keyphraseInImageAlt":{"score":9,"maxScore":9,"error":0},"keywordDensity":{"type":"best","score":9,"maxScore":9,"error":0}}}]},"primary_term":null,"canonical_url":null,"og_title":null,"og_description":null,"og_object_type":"default","og_image_type":"default","og_image_url":null,"og_image_width":null,"og_image_height":null,"og_image_custom_url":null,"og_image_custom_fields":null,"og_video":"","og_custom_url":null,"og_article_section":null,"og_article_tags":[],"twitter_use_og":false,"twitter_card":"default","twitter_image_type":"default","twitter_image_url":null,"twitter_image_custom_url":null,"twitter_image_custom_fields":null,"twitter_title":null,"twitter_description":null,"schema":{"blockGraphs":[],"customGraphs":[],"default":{"data":{"Article":[],"Course":[],"Dataset":[],"FAQPage":[],"Movie":[],"Person":[],"Product":[],"ProductReview":[],"Car":[],"Recipe":[],"Service":[],"SoftwareApplication":[],"WebPage":[]},"graphName":"Article","isEnabled":true},"graphs":[]},"schema_type":"default","schema_type_options":null,"pillar_content":false,"robots_default":true,"robots_noindex":false,"robots_noarchive":false,"robots_nosnippet":false,"robots_nofollow":false,"robots_noimageindex":false,"robots_noodp":false,"robots_notranslate":false,"robots_max_snippet":"-1","robots_max_videopreview":"-1","robots_max_imagepreview":"large","priority":null,"frequency":"default","location":null,"local_seo":null,"seo_analyzer_scan_date":"2025-09-01 21:53:12","breadcrumb_settings":null,"limit_modified_date":false,"reviewed_by":null,"open_ai":"{\"title\":{\"suggestions\":[],\"usage\":0},\"description\":{\"suggestions\":[],\"usage\":0}}","ai":null,"created":"2023-08-23 14:39:44","updated":"2025-09-01 21:53:12"},"aioseo_breadcrumb":"<div class=\"aioseo-breadcrumbs\"><span class=\"aioseo-breadcrumb\">\n\t<a href=\"https:\/\/candas365.es\/noticias\" title=\"Home\">Home<\/a>\n<\/span><span class=\"aioseo-breadcrumb-separator\">&ndash;<\/span><span class=\"aioseo-breadcrumb\">\n\t<a href=\"https:\/\/candas365.es\/noticias\/category\/agenda\/\" title=\"Agenda\">Agenda<\/a>\n<\/span><span class=\"aioseo-breadcrumb-separator\">&ndash;<\/span><span class=\"aioseo-breadcrumb\">\n\tMarat\u00f3n ben\u00e9fico de zumba y danza en Corvera\n<\/span><\/div>","aioseo_breadcrumb_json":[{"label":"Home","link":"https:\/\/candas365.es\/noticias"},{"label":"Agenda","link":"https:\/\/candas365.es\/noticias\/category\/agenda\/"},{"label":"Marat\u00f3n ben\u00e9fico de zumba y danza en Corvera","link":"https:\/\/candas365.es\/noticias\/maraton-benefico-de-zumba-y-danza-en-corvera\/"}],"_links":{"self":[{"href":"https:\/\/candas365.es\/noticias\/wp-json\/wp\/v2\/posts\/175006","targetHints":{"allow":["GET"]}}],"collection":[{"href":"https:\/\/candas365.es\/noticias\/wp-json\/wp\/v2\/posts"}],"about":[{"href":"https:\/\/candas365.es\/noticias\/wp-json\/wp\/v2\/types\/post"}],"author":[{"embeddable":true,"href":"https:\/\/candas365.es\/noticias\/wp-json\/wp\/v2\/users\/1"}],"replies":[{"embeddable":true,"href":"https:\/\/candas365.es\/noticias\/wp-json\/wp\/v2\/comments?post=175006"}],"version-history":[{"count":0,"href":"https:\/\/candas365.es\/noticias\/wp-json\/wp\/v2\/posts\/175006\/revisions"}],"wp:featuredmedia":[{"embeddable":true,"href":"https:\/\/candas365.es\/noticias\/wp-json\/wp\/v2\/media\/175007"}],"wp:attachment":[{"href":"https:\/\/candas365.es\/noticias\/wp-json\/wp\/v2\/media?parent=175006"}],"wp:term":[{"taxonomy":"category","embeddable":true,"href":"https:\/\/candas365.es\/noticias\/wp-json\/wp\/v2\/categories?post=175006"},{"taxonomy":"post_tag","embeddable":true,"href":"https:\/\/candas365.es\/noticias\/wp-json\/wp\/v2\/tags?post=175006"}],"curies":[{"name":"wp","href":"https:\/\/api.w.org\/{rel}","templated":true}]}}