{"id":174967,"date":"2023-08-16T17:59:55","date_gmt":"2023-08-16T15:59:55","guid":{"rendered":"https:\/\/candas365.es\/noticias\/?p=174967"},"modified":"2023-08-16T18:00:16","modified_gmt":"2023-08-16T16:00:16","slug":"detenidas-dos-personas-como-supuestos-autores-de-un-delito-de-robo-con-intimidacion-en-luanco","status":"publish","type":"post","link":"https:\/\/candas365.es\/noticias\/detenidas-dos-personas-como-supuestos-autores-de-un-delito-de-robo-con-intimidacion-en-luanco\/","title":{"rendered":"Detenidas dos personas como supuestos autores de un delito de robo con intimidaci\u00f3n en Luanco"},"content":{"rendered":"<p>La Guardia Civil de Asturias ha procedido a la <strong><a href=\"https:\/\/candas365.es\/noticias\/category\/sucesos\/\"><span style=\"color: #ff6600;\">detenci\u00f3n<\/span><\/a> de dos personas<\/strong> como supuestos autores de un delito de robo con intimidaci\u00f3n ocurrido la madrugada del pasado d\u00eda 10 <strong>en Luanco.<\/strong><\/p>\n<p><img fetchpriority=\"high\" decoding=\"async\" class=\"aligncenter wp-image-174968 size-full\" src=\"https:\/\/candas365.es\/noticias\/wp-content\/uploads\/2023\/08\/Urgente.jpg\" alt=\"Urgente\" width=\"640\" height=\"400\" srcset=\"https:\/\/candas365.es\/noticias\/wp-content\/uploads\/2023\/08\/Urgente.jpg 640w, https:\/\/candas365.es\/noticias\/wp-content\/uploads\/2023\/08\/Urgente-360x225.jpg 360w, https:\/\/candas365.es\/noticias\/wp-content\/uploads\/2023\/08\/Urgente-150x94.jpg 150w, https:\/\/candas365.es\/noticias\/wp-content\/uploads\/2023\/08\/Urgente-450x281.jpg 450w\" sizes=\"(max-width: 640px) 100vw, 640px\" \/><\/p>\n<p>Seg\u00fan la nota de prensa remitida a nuestro diario digital a eso la 1 de la madrugada del citado d\u00eda, <strong>la Guardia Civil recib\u00eda el aviso de que unas personas hab\u00edan sido v\u00edctimas de un robo en el parque Zapardel de Luanco<\/strong>. Trasladados al lugar, pudieron verifican la presencia de dos j\u00f3venes veraneantes, que relataron a los agentes lo sucedido.<\/p>\n<p>Seg\u00fan su manifestaci\u00f3n, hacia las 24.00 horas, se encontraban en el parque charlando, cuando se les acerc\u00f3 una pareja, y mientras la mujer se manten\u00eda en actitud vigilante, el var\u00f3n de unos 20 a\u00f1os, les exig\u00eda, navaja en mano, todo el dinero que llevaban encima. Una de las v\u00edctimas le dio el dinero que llevaba encima, aproximadamente 10 euros, mientras que el otro, al no disponer de efectivo en esos momentos, fue obligado por los atracadores a acudir a un cajero, donde le hizo entrega de otros 40 euros.<\/p>\n<p>La descripci\u00f3n realizada por las v\u00edctimas a los agentes, pusieron el foco de las sospechas en un chico de la zona con antecedentes policiales previos por hechos similares y su actual pareja. <strong>Este joven, con numerosos antecedentes policiales en su haber, hab\u00eda provocado recientemente un altercado de car\u00e1cter violento en la localidad, por el que fue detenido, resisti\u00e9ndose adem\u00e1s de manera activa a los agentes actuantes.<\/strong><\/p>\n<p>Las gestiones llevadas a cabo posteriormente por la Guardia Civil, confirmaron estas sospechas, <strong>pudiendo determinar que efectivamente el robo hab\u00eda sido llevado a cabo por dos j\u00f3venes de 21 y 23 a\u00f1os,<\/strong> vecinos de Gij\u00f3n, procediendo a su detenci\u00f3n en la ma\u00f1ana del d\u00eda 11, como supuestos autores de un delito de robo con intimidaci\u00f3n a punta de navaja.<\/p>\n<p>Los detenidos, en uni\u00f3n de las diligencias fueron entregadas en el Juzgado de Guardia de Avil\u00e9s.<\/p>\n","protected":false},"excerpt":{"rendered":"<p>La Guardia Civil de Asturias ha procedido a la detenci\u00f3n de dos personas como supuestos autores de un delito de robo con intimidaci\u00f3n ocurrido la madrugada del pasado d\u00eda 10 en Luanco. Seg\u00fan la nota de prensa remitida a nuestro diario digital a eso la 1 de la madrugada del citado d\u00eda, la Guardia Civil<\/p>\n","protected":false},"author":1,"featured_media":174968,"comment_status":"closed","ping_status":"closed","sticky":false,"template":"","format":"standard","meta":{"footnotes":""},"categories":[487],"tags":[380,539,391],"class_list":{"0":"post-174967","1":"post","2":"type-post","3":"status-publish","4":"format-standard","5":"has-post-thumbnail","7":"category-sucesos","8":"tag-asturias","9":"tag-luanco","10":"tag-sucesos"},"aioseo_notices":[],"aioseo_head":"\n\t\t<!-- All in One SEO Pro 4.9.6.2 - aioseo.com -->\n\t<meta name=\"description\" content=\"La Guardia Civil de Asturias ha procedido a la detenci\u00f3n de dos personas como supuestos autores de un delito de robo con intimidaci\u00f3n ocurrido la madrugada\" \/>\n\t<meta name=\"robots\" content=\"max-image-preview:large\" \/>\n\t<meta name=\"author\" content=\"Cand\u00e1s 365\"\/>\n\t<meta name=\"google-site-verification\" content=\"UA-32230408-1\" \/>\n\t<meta name=\"msvalidate.01\" content=\"354F3CDFB2DA171B47FBE9ABF1F88D5\" \/>\n\t<meta name=\"keywords\" content=\"sucesos\" \/>\n\t<link rel=\"canonical\" href=\"https:\/\/candas365.es\/noticias\/detenidas-dos-personas-como-supuestos-autores-de-un-delito-de-robo-con-intimidacion-en-luanco\/\" \/>\n\t<meta name=\"generator\" content=\"All in One SEO Pro (AIOSEO) 4.9.6.2\" \/>\n\t\t<meta property=\"og:locale\" content=\"es_ES\" \/>\n\t\t<meta property=\"og:site_name\" content=\"Cand\u00e1s 365\" \/>\n\t\t<meta property=\"og:type\" content=\"article\" \/>\n\t\t<meta property=\"og:title\" content=\"Detenidas dos personas como supuestos autores de un delito de robo con intimidaci\u00f3n en Luanco | Cand\u00e1s 365\" \/>\n\t\t<meta property=\"og:description\" content=\"La Guardia Civil de Asturias ha procedido a la detenci\u00f3n de dos personas como supuestos autores de un delito de robo con intimidaci\u00f3n ocurrido la madrugada\" \/>\n\t\t<meta property=\"og:url\" content=\"https:\/\/candas365.es\/noticias\/detenidas-dos-personas-como-supuestos-autores-de-un-delito-de-robo-con-intimidacion-en-luanco\/\" \/>\n\t\t<meta property=\"og:image\" content=\"https:\/\/candas365.es\/noticias\/wp-content\/uploads\/2023\/08\/Urgente.jpg\" \/>\n\t\t<meta property=\"og:image:secure_url\" content=\"https:\/\/candas365.es\/noticias\/wp-content\/uploads\/2023\/08\/Urgente.jpg\" \/>\n\t\t<meta property=\"og:image:width\" content=\"640\" \/>\n\t\t<meta property=\"og:image:height\" content=\"400\" \/>\n\t\t<meta property=\"article:published_time\" content=\"2023-08-16T15:59:55+00:00\" \/>\n\t\t<meta property=\"article:modified_time\" content=\"2023-08-16T16:00:16+00:00\" \/>\n\t\t<meta property=\"article:publisher\" content=\"https:\/\/www.facebook.com\/Nachofdezber\" \/>\n\t\t<meta property=\"article:author\" content=\"https:\/\/www.facebook.com\/carrenoactualidad\" \/>\n\t\t<meta name=\"twitter:card\" content=\"summary_large_image\" \/>\n\t\t<meta name=\"twitter:site\" content=\"@NabercoDigital\" \/>\n\t\t<meta name=\"twitter:title\" content=\"Detenidas dos personas como supuestos autores de un delito de robo con intimidaci\u00f3n en Luanco | Cand\u00e1s 365\" \/>\n\t\t<meta name=\"twitter:description\" content=\"La Guardia Civil de Asturias ha procedido a la detenci\u00f3n de dos personas como supuestos autores de un delito de robo con intimidaci\u00f3n ocurrido la madrugada\" \/>\n\t\t<meta name=\"twitter:creator\" content=\"@nbasturias\" \/>\n\t\t<meta name=\"twitter:image\" content=\"https:\/\/candas365.es\/noticias\/wp-content\/uploads\/2023\/08\/Urgente.jpg\" \/>\n\t\t<meta name=\"twitter:label1\" content=\"Escrito por\" \/>\n\t\t<meta name=\"twitter:data1\" content=\"Cand\u00e1s 365\" \/>\n\t\t<meta name=\"twitter:label2\" content=\"Tiempo de lectura estimado\" \/>\n\t\t<meta name=\"twitter:data2\" content=\"2 minutos\" \/>\n\t\t<script type=\"application\/ld+json\" class=\"aioseo-schema\">\n\t\t\t{\"@context\":\"https:\\\/\\\/schema.org\",\"@graph\":[{\"@type\":\"BreadcrumbList\",\"@id\":\"https:\\\/\\\/candas365.es\\\/noticias\\\/detenidas-dos-personas-como-supuestos-autores-de-un-delito-de-robo-con-intimidacion-en-luanco\\\/#breadcrumblist\",\"itemListElement\":[{\"@type\":\"ListItem\",\"@id\":\"https:\\\/\\\/candas365.es\\\/noticias#listItem\",\"position\":1,\"name\":\"Home\",\"item\":\"https:\\\/\\\/candas365.es\\\/noticias\",\"nextItem\":{\"@type\":\"ListItem\",\"@id\":\"https:\\\/\\\/candas365.es\\\/noticias\\\/category\\\/sucesos\\\/#listItem\",\"name\":\"Sucesos\"}},{\"@type\":\"ListItem\",\"@id\":\"https:\\\/\\\/candas365.es\\\/noticias\\\/category\\\/sucesos\\\/#listItem\",\"position\":2,\"name\":\"Sucesos\",\"item\":\"https:\\\/\\\/candas365.es\\\/noticias\\\/category\\\/sucesos\\\/\",\"nextItem\":{\"@type\":\"ListItem\",\"@id\":\"https:\\\/\\\/candas365.es\\\/noticias\\\/detenidas-dos-personas-como-supuestos-autores-de-un-delito-de-robo-con-intimidacion-en-luanco\\\/#listItem\",\"name\":\"Detenidas dos personas como supuestos autores de un delito de robo con intimidaci\\u00f3n en Luanco\"},\"previousItem\":{\"@type\":\"ListItem\",\"@id\":\"https:\\\/\\\/candas365.es\\\/noticias#listItem\",\"name\":\"Home\"}},{\"@type\":\"ListItem\",\"@id\":\"https:\\\/\\\/candas365.es\\\/noticias\\\/detenidas-dos-personas-como-supuestos-autores-de-un-delito-de-robo-con-intimidacion-en-luanco\\\/#listItem\",\"position\":3,\"name\":\"Detenidas dos personas como supuestos autores de un delito de robo con intimidaci\\u00f3n en Luanco\",\"previousItem\":{\"@type\":\"ListItem\",\"@id\":\"https:\\\/\\\/candas365.es\\\/noticias\\\/category\\\/sucesos\\\/#listItem\",\"name\":\"Sucesos\"}}]},{\"@type\":\"NewsArticle\",\"@id\":\"https:\\\/\\\/candas365.es\\\/noticias\\\/detenidas-dos-personas-como-supuestos-autores-de-un-delito-de-robo-con-intimidacion-en-luanco\\\/#newsarticle\",\"name\":\"Detenidas dos personas como supuestos autores de un delito de robo con intimidaci\\u00f3n en Luanco | Cand\\u00e1s 365\",\"headline\":\"Detenidas dos personas como supuestos autores de un delito de robo con intimidaci\\u00f3n en Luanco\",\"author\":{\"@id\":\"https:\\\/\\\/candas365.es\\\/noticias\\\/author\\\/admin\\\/#author\"},\"publisher\":{\"@id\":\"https:\\\/\\\/candas365.es\\\/noticias\\\/#organization\"},\"image\":{\"@type\":\"ImageObject\",\"url\":\"https:\\\/\\\/candas365.es\\\/noticias\\\/wp-content\\\/uploads\\\/2023\\\/08\\\/Urgente.jpg\",\"width\":640,\"height\":400,\"caption\":\"Urgente\"},\"datePublished\":\"2023-08-16T17:59:55+02:00\",\"dateModified\":\"2023-08-16T18:00:16+02:00\",\"inLanguage\":\"es-ES\",\"mainEntityOfPage\":{\"@id\":\"https:\\\/\\\/candas365.es\\\/noticias\\\/detenidas-dos-personas-como-supuestos-autores-de-un-delito-de-robo-con-intimidacion-en-luanco\\\/#webpage\"},\"isPartOf\":{\"@id\":\"https:\\\/\\\/candas365.es\\\/noticias\\\/detenidas-dos-personas-como-supuestos-autores-de-un-delito-de-robo-con-intimidacion-en-luanco\\\/#webpage\"},\"articleSection\":\"Sucesos, Asturias, Luanco, sucesos\",\"dateline\":\"Publicado el agosto 16, 2023.\"},{\"@type\":\"Organization\",\"@id\":\"https:\\\/\\\/candas365.es\\\/noticias\\\/#organization\",\"name\":\"Cand\\u00e1s 365\",\"description\":\"Cand\\u00e1s 365 es un diario digital independiente, fundado en 2012, con base en Asturias. Informamos con rigor sobre actualidad, sociedad, cultura y ocio, con una mirada local y global.\",\"url\":\"https:\\\/\\\/candas365.es\\\/noticias\\\/\",\"email\":\"info@candas365.es\",\"telephone\":\"+34652131393\",\"foundingDate\":\"2012-06-10\",\"logo\":{\"@type\":\"ImageObject\",\"url\":\"https:\\\/\\\/candas365.es\\\/noticias\\\/wp-content\\\/uploads\\\/2024\\\/09\\\/Candas-365-Redes.jpg\",\"@id\":\"https:\\\/\\\/candas365.es\\\/noticias\\\/detenidas-dos-personas-como-supuestos-autores-de-un-delito-de-robo-con-intimidacion-en-luanco\\\/#organizationLogo\",\"width\":1152,\"height\":864,\"caption\":\"Cand\\u00e1s 365 Redes\"},\"image\":{\"@id\":\"https:\\\/\\\/candas365.es\\\/noticias\\\/detenidas-dos-personas-como-supuestos-autores-de-un-delito-de-robo-con-intimidacion-en-luanco\\\/#organizationLogo\"},\"sameAs\":[\"https:\\\/\\\/www.facebook.com\\\/Nachofdezber\",\"https:\\\/\\\/x.com\\\/NabercoDigital\",\"https:\\\/\\\/www.instagram.com\\\/nachofdezber\\\/\",\"https:\\\/\\\/www.youtube.com\\\/channel\\\/UCZP-2wLEB9Rv6erhFmqVnvg\"],\"address\":{\"@id\":\"https:\\\/\\\/candas365.es\\\/noticias\\\/#postaladdress\",\"@type\":\"PostalAddress\",\"streetAddress\":\"san antonio 4, san antonio 4\",\"postalCode\":\"33430\",\"addressLocality\":\"Cand\\u00e1s\",\"addressRegion\":\"Asturias\",\"addressCountry\":\"ES\"}},{\"@type\":\"Person\",\"@id\":\"https:\\\/\\\/candas365.es\\\/noticias\\\/author\\\/admin\\\/#author\",\"url\":\"https:\\\/\\\/candas365.es\\\/noticias\\\/author\\\/admin\\\/\",\"name\":\"Cand\\u00e1s 365\",\"image\":{\"@type\":\"ImageObject\",\"@id\":\"https:\\\/\\\/candas365.es\\\/noticias\\\/detenidas-dos-personas-como-supuestos-autores-de-un-delito-de-robo-con-intimidacion-en-luanco\\\/#authorImage\",\"url\":\"https:\\\/\\\/secure.gravatar.com\\\/avatar\\\/496a8e03d0c493ede1718b7934145dbdf8d89be1036b0eec9544e1094c9de390?s=96&d=mm&r=g\",\"width\":96,\"height\":96,\"caption\":\"Cand\\u00e1s 365\"},\"sameAs\":[\"https:\\\/\\\/www.facebook.com\\\/carrenoactualidad\",\"https:\\\/\\\/twitter.com\\\/nbasturias\",\"https:\\\/\\\/www.instagram.com\\\/nachofdezber\\\/\",\"https:\\\/\\\/www.youtube.com\\\/channel\\\/UCZP-2wLEB9Rv6erhFmqVnvg\"]},{\"@type\":\"WebPage\",\"@id\":\"https:\\\/\\\/candas365.es\\\/noticias\\\/detenidas-dos-personas-como-supuestos-autores-de-un-delito-de-robo-con-intimidacion-en-luanco\\\/#webpage\",\"url\":\"https:\\\/\\\/candas365.es\\\/noticias\\\/detenidas-dos-personas-como-supuestos-autores-de-un-delito-de-robo-con-intimidacion-en-luanco\\\/\",\"name\":\"Detenidas dos personas como supuestos autores de un delito de robo con intimidaci\\u00f3n en Luanco | Cand\\u00e1s 365\",\"description\":\"La Guardia Civil de Asturias ha procedido a la detenci\\u00f3n de dos personas como supuestos autores de un delito de robo con intimidaci\\u00f3n ocurrido la madrugada\",\"inLanguage\":\"es-ES\",\"isPartOf\":{\"@id\":\"https:\\\/\\\/candas365.es\\\/noticias\\\/#website\"},\"breadcrumb\":{\"@id\":\"https:\\\/\\\/candas365.es\\\/noticias\\\/detenidas-dos-personas-como-supuestos-autores-de-un-delito-de-robo-con-intimidacion-en-luanco\\\/#breadcrumblist\"},\"author\":{\"@id\":\"https:\\\/\\\/candas365.es\\\/noticias\\\/author\\\/admin\\\/#author\"},\"creator\":{\"@id\":\"https:\\\/\\\/candas365.es\\\/noticias\\\/author\\\/admin\\\/#author\"},\"image\":{\"@type\":\"ImageObject\",\"url\":\"https:\\\/\\\/candas365.es\\\/noticias\\\/wp-content\\\/uploads\\\/2023\\\/08\\\/Urgente.jpg\",\"@id\":\"https:\\\/\\\/candas365.es\\\/noticias\\\/detenidas-dos-personas-como-supuestos-autores-de-un-delito-de-robo-con-intimidacion-en-luanco\\\/#mainImage\",\"width\":640,\"height\":400,\"caption\":\"Urgente\"},\"primaryImageOfPage\":{\"@id\":\"https:\\\/\\\/candas365.es\\\/noticias\\\/detenidas-dos-personas-como-supuestos-autores-de-un-delito-de-robo-con-intimidacion-en-luanco\\\/#mainImage\"},\"datePublished\":\"2023-08-16T17:59:55+02:00\",\"dateModified\":\"2023-08-16T18:00:16+02:00\"},{\"@type\":\"WebSite\",\"@id\":\"https:\\\/\\\/candas365.es\\\/noticias\\\/#website\",\"url\":\"https:\\\/\\\/candas365.es\\\/noticias\\\/\",\"name\":\"Cand\\u00e1s 365\",\"alternateName\":\"Cand\\u00e1s 365 Noticias\",\"description\":\"Actualidad desde Carre\\u00f1o para el mundo\",\"inLanguage\":\"es-ES\",\"publisher\":{\"@id\":\"https:\\\/\\\/candas365.es\\\/noticias\\\/#organization\"}}]}\n\t\t<\/script>\n\t\t<!-- All in One SEO Pro -->\r\n\t\t<title>Detenidas dos personas como supuestos autores de un delito de robo con intimidaci\u00f3n en Luanco | Cand\u00e1s 365<\/title>\n\n","aioseo_head_json":{"title":"Detenidas dos personas como supuestos autores de un delito de robo con intimidaci\u00f3n en Luanco | Cand\u00e1s 365","description":"La Guardia Civil de Asturias ha procedido a la detenci\u00f3n de dos personas como supuestos autores de un delito de robo con intimidaci\u00f3n ocurrido la madrugada","canonical_url":"https:\/\/candas365.es\/noticias\/detenidas-dos-personas-como-supuestos-autores-de-un-delito-de-robo-con-intimidacion-en-luanco\/","robots":"max-image-preview:large","keywords":"sucesos","webmasterTools":{"google-site-verification":"UA-32230408-1","msvalidate.01":"354F3CDFB2DA171B47FBE9ABF1F88D5","miscellaneous":""},"schema":{"@context":"https:\/\/schema.org","@graph":[{"@type":"BreadcrumbList","@id":"https:\/\/candas365.es\/noticias\/detenidas-dos-personas-como-supuestos-autores-de-un-delito-de-robo-con-intimidacion-en-luanco\/#breadcrumblist","itemListElement":[{"@type":"ListItem","@id":"https:\/\/candas365.es\/noticias#listItem","position":1,"name":"Home","item":"https:\/\/candas365.es\/noticias","nextItem":{"@type":"ListItem","@id":"https:\/\/candas365.es\/noticias\/category\/sucesos\/#listItem","name":"Sucesos"}},{"@type":"ListItem","@id":"https:\/\/candas365.es\/noticias\/category\/sucesos\/#listItem","position":2,"name":"Sucesos","item":"https:\/\/candas365.es\/noticias\/category\/sucesos\/","nextItem":{"@type":"ListItem","@id":"https:\/\/candas365.es\/noticias\/detenidas-dos-personas-como-supuestos-autores-de-un-delito-de-robo-con-intimidacion-en-luanco\/#listItem","name":"Detenidas dos personas como supuestos autores de un delito de robo con intimidaci\u00f3n en Luanco"},"previousItem":{"@type":"ListItem","@id":"https:\/\/candas365.es\/noticias#listItem","name":"Home"}},{"@type":"ListItem","@id":"https:\/\/candas365.es\/noticias\/detenidas-dos-personas-como-supuestos-autores-de-un-delito-de-robo-con-intimidacion-en-luanco\/#listItem","position":3,"name":"Detenidas dos personas como supuestos autores de un delito de robo con intimidaci\u00f3n en Luanco","previousItem":{"@type":"ListItem","@id":"https:\/\/candas365.es\/noticias\/category\/sucesos\/#listItem","name":"Sucesos"}}]},{"@type":"NewsArticle","@id":"https:\/\/candas365.es\/noticias\/detenidas-dos-personas-como-supuestos-autores-de-un-delito-de-robo-con-intimidacion-en-luanco\/#newsarticle","name":"Detenidas dos personas como supuestos autores de un delito de robo con intimidaci\u00f3n en Luanco | Cand\u00e1s 365","headline":"Detenidas dos personas como supuestos autores de un delito de robo con intimidaci\u00f3n en Luanco","author":{"@id":"https:\/\/candas365.es\/noticias\/author\/admin\/#author"},"publisher":{"@id":"https:\/\/candas365.es\/noticias\/#organization"},"image":{"@type":"ImageObject","url":"https:\/\/candas365.es\/noticias\/wp-content\/uploads\/2023\/08\/Urgente.jpg","width":640,"height":400,"caption":"Urgente"},"datePublished":"2023-08-16T17:59:55+02:00","dateModified":"2023-08-16T18:00:16+02:00","inLanguage":"es-ES","mainEntityOfPage":{"@id":"https:\/\/candas365.es\/noticias\/detenidas-dos-personas-como-supuestos-autores-de-un-delito-de-robo-con-intimidacion-en-luanco\/#webpage"},"isPartOf":{"@id":"https:\/\/candas365.es\/noticias\/detenidas-dos-personas-como-supuestos-autores-de-un-delito-de-robo-con-intimidacion-en-luanco\/#webpage"},"articleSection":"Sucesos, Asturias, Luanco, sucesos","dateline":"Publicado el agosto 16, 2023."},{"@type":"Organization","@id":"https:\/\/candas365.es\/noticias\/#organization","name":"Cand\u00e1s 365","description":"Cand\u00e1s 365 es un diario digital independiente, fundado en 2012, con base en Asturias. Informamos con rigor sobre actualidad, sociedad, cultura y ocio, con una mirada local y global.","url":"https:\/\/candas365.es\/noticias\/","email":"info@candas365.es","telephone":"+34652131393","foundingDate":"2012-06-10","logo":{"@type":"ImageObject","url":"https:\/\/candas365.es\/noticias\/wp-content\/uploads\/2024\/09\/Candas-365-Redes.jpg","@id":"https:\/\/candas365.es\/noticias\/detenidas-dos-personas-como-supuestos-autores-de-un-delito-de-robo-con-intimidacion-en-luanco\/#organizationLogo","width":1152,"height":864,"caption":"Cand\u00e1s 365 Redes"},"image":{"@id":"https:\/\/candas365.es\/noticias\/detenidas-dos-personas-como-supuestos-autores-de-un-delito-de-robo-con-intimidacion-en-luanco\/#organizationLogo"},"sameAs":["https:\/\/www.facebook.com\/Nachofdezber","https:\/\/x.com\/NabercoDigital","https:\/\/www.instagram.com\/nachofdezber\/","https:\/\/www.youtube.com\/channel\/UCZP-2wLEB9Rv6erhFmqVnvg"],"address":{"@id":"https:\/\/candas365.es\/noticias\/#postaladdress","@type":"PostalAddress","streetAddress":"san antonio 4, san antonio 4","postalCode":"33430","addressLocality":"Cand\u00e1s","addressRegion":"Asturias","addressCountry":"ES"}},{"@type":"Person","@id":"https:\/\/candas365.es\/noticias\/author\/admin\/#author","url":"https:\/\/candas365.es\/noticias\/author\/admin\/","name":"Cand\u00e1s 365","image":{"@type":"ImageObject","@id":"https:\/\/candas365.es\/noticias\/detenidas-dos-personas-como-supuestos-autores-de-un-delito-de-robo-con-intimidacion-en-luanco\/#authorImage","url":"https:\/\/secure.gravatar.com\/avatar\/496a8e03d0c493ede1718b7934145dbdf8d89be1036b0eec9544e1094c9de390?s=96&d=mm&r=g","width":96,"height":96,"caption":"Cand\u00e1s 365"},"sameAs":["https:\/\/www.facebook.com\/carrenoactualidad","https:\/\/twitter.com\/nbasturias","https:\/\/www.instagram.com\/nachofdezber\/","https:\/\/www.youtube.com\/channel\/UCZP-2wLEB9Rv6erhFmqVnvg"]},{"@type":"WebPage","@id":"https:\/\/candas365.es\/noticias\/detenidas-dos-personas-como-supuestos-autores-de-un-delito-de-robo-con-intimidacion-en-luanco\/#webpage","url":"https:\/\/candas365.es\/noticias\/detenidas-dos-personas-como-supuestos-autores-de-un-delito-de-robo-con-intimidacion-en-luanco\/","name":"Detenidas dos personas como supuestos autores de un delito de robo con intimidaci\u00f3n en Luanco | Cand\u00e1s 365","description":"La Guardia Civil de Asturias ha procedido a la detenci\u00f3n de dos personas como supuestos autores de un delito de robo con intimidaci\u00f3n ocurrido la madrugada","inLanguage":"es-ES","isPartOf":{"@id":"https:\/\/candas365.es\/noticias\/#website"},"breadcrumb":{"@id":"https:\/\/candas365.es\/noticias\/detenidas-dos-personas-como-supuestos-autores-de-un-delito-de-robo-con-intimidacion-en-luanco\/#breadcrumblist"},"author":{"@id":"https:\/\/candas365.es\/noticias\/author\/admin\/#author"},"creator":{"@id":"https:\/\/candas365.es\/noticias\/author\/admin\/#author"},"image":{"@type":"ImageObject","url":"https:\/\/candas365.es\/noticias\/wp-content\/uploads\/2023\/08\/Urgente.jpg","@id":"https:\/\/candas365.es\/noticias\/detenidas-dos-personas-como-supuestos-autores-de-un-delito-de-robo-con-intimidacion-en-luanco\/#mainImage","width":640,"height":400,"caption":"Urgente"},"primaryImageOfPage":{"@id":"https:\/\/candas365.es\/noticias\/detenidas-dos-personas-como-supuestos-autores-de-un-delito-de-robo-con-intimidacion-en-luanco\/#mainImage"},"datePublished":"2023-08-16T17:59:55+02:00","dateModified":"2023-08-16T18:00:16+02:00"},{"@type":"WebSite","@id":"https:\/\/candas365.es\/noticias\/#website","url":"https:\/\/candas365.es\/noticias\/","name":"Cand\u00e1s 365","alternateName":"Cand\u00e1s 365 Noticias","description":"Actualidad desde Carre\u00f1o para el mundo","inLanguage":"es-ES","publisher":{"@id":"https:\/\/candas365.es\/noticias\/#organization"}}]},"og:locale":"es_ES","og:site_name":"Cand\u00e1s 365","og:type":"article","og:title":"Detenidas dos personas como supuestos autores de un delito de robo con intimidaci\u00f3n en Luanco | Cand\u00e1s 365","og:description":"La Guardia Civil de Asturias ha procedido a la detenci\u00f3n de dos personas como supuestos autores de un delito de robo con intimidaci\u00f3n ocurrido la madrugada","og:url":"https:\/\/candas365.es\/noticias\/detenidas-dos-personas-como-supuestos-autores-de-un-delito-de-robo-con-intimidacion-en-luanco\/","og:image":"https:\/\/candas365.es\/noticias\/wp-content\/uploads\/2023\/08\/Urgente.jpg","og:image:secure_url":"https:\/\/candas365.es\/noticias\/wp-content\/uploads\/2023\/08\/Urgente.jpg","og:image:width":640,"og:image:height":400,"article:published_time":"2023-08-16T15:59:55+00:00","article:modified_time":"2023-08-16T16:00:16+00:00","article:publisher":"https:\/\/www.facebook.com\/Nachofdezber","article:author":"https:\/\/www.facebook.com\/carrenoactualidad","twitter:card":"summary_large_image","twitter:site":"@NabercoDigital","twitter:title":"Detenidas dos personas como supuestos autores de un delito de robo con intimidaci\u00f3n en Luanco | Cand\u00e1s 365","twitter:description":"La Guardia Civil de Asturias ha procedido a la detenci\u00f3n de dos personas como supuestos autores de un delito de robo con intimidaci\u00f3n ocurrido la madrugada","twitter:creator":"@nbasturias","twitter:image":"https:\/\/candas365.es\/noticias\/wp-content\/uploads\/2023\/08\/Urgente.jpg","twitter:label1":"Escrito por","twitter:data1":"Cand\u00e1s 365","twitter:label2":"Tiempo de lectura estimado","twitter:data2":"2 minutos"},"aioseo_meta_data":{"post_id":"174967","title":null,"description":"La Guardia Civil de Asturias ha procedido a la detenci\u00f3n de dos personas como supuestos autores de un delito de robo con intimidaci\u00f3n ocurrido la madrugada","keywords":[],"keyphrases":{"focus":{"keyphrase":"Asturias","score":58,"analysis":{"keyphraseInTitle":{"score":3,"maxScore":9,"error":1},"keyphraseInDescription":{"score":9,"maxScore":9,"error":0},"keyphraseLength":{"score":9,"maxScore":9,"error":0,"length":1},"keyphraseInURL":{"score":1,"maxScore":5,"error":1},"keyphraseInIntroduction":{"score":9,"maxScore":9,"error":0},"keyphraseInSubHeadings":[],"keyphraseInImageAlt":{"score":3,"maxScore":9,"error":1},"keywordDensity":{"score":0,"type":"low","maxScore":9,"error":1}}},"additional":[{"keyphrase":"Guardia Civil ","score":87,"analysis":{"keyphraseInDescription":{"score":9,"maxScore":9,"error":0},"keyphraseLength":{"score":9,"maxScore":9,"error":0,"length":2},"keyphraseInIntroduction":{"score":9,"maxScore":9,"error":0},"keyphraseInImageAlt":{"score":3,"maxScore":9,"error":1},"keywordDensity":{"type":"best","score":9,"maxScore":9,"error":0}}}]},"primary_term":null,"canonical_url":null,"og_title":null,"og_description":null,"og_object_type":"default","og_image_type":"default","og_image_url":null,"og_image_width":null,"og_image_height":null,"og_image_custom_url":null,"og_image_custom_fields":null,"og_video":"","og_custom_url":null,"og_article_section":null,"og_article_tags":[],"twitter_use_og":false,"twitter_card":"default","twitter_image_type":"default","twitter_image_url":null,"twitter_image_custom_url":null,"twitter_image_custom_fields":null,"twitter_title":null,"twitter_description":null,"schema":{"blockGraphs":[],"customGraphs":[],"default":{"data":{"Article":[],"Course":[],"Dataset":[],"FAQPage":[],"Movie":[],"Person":[],"Product":[],"ProductReview":[],"Car":[],"Recipe":[],"Service":[],"SoftwareApplication":[],"WebPage":[]},"graphName":"Article","isEnabled":true},"graphs":[]},"schema_type":"default","schema_type_options":null,"pillar_content":false,"robots_default":true,"robots_noindex":false,"robots_noarchive":false,"robots_nosnippet":false,"robots_nofollow":false,"robots_noimageindex":false,"robots_noodp":false,"robots_notranslate":false,"robots_max_snippet":"-1","robots_max_videopreview":"-1","robots_max_imagepreview":"large","priority":null,"frequency":"default","location":null,"local_seo":null,"seo_analyzer_scan_date":"2025-09-01 21:51:58","breadcrumb_settings":null,"limit_modified_date":false,"reviewed_by":null,"open_ai":"{\"title\":{\"suggestions\":[],\"usage\":0},\"description\":{\"suggestions\":[],\"usage\":0}}","ai":null,"created":"2023-08-16 15:54:46","updated":"2025-09-01 21:51:58"},"aioseo_breadcrumb":"<div class=\"aioseo-breadcrumbs\"><span class=\"aioseo-breadcrumb\">\n\t<a href=\"https:\/\/candas365.es\/noticias\" title=\"Home\">Home<\/a>\n<\/span><span class=\"aioseo-breadcrumb-separator\">&ndash;<\/span><span class=\"aioseo-breadcrumb\">\n\t<a href=\"https:\/\/candas365.es\/noticias\/category\/sucesos\/\" title=\"Sucesos\">Sucesos<\/a>\n<\/span><span class=\"aioseo-breadcrumb-separator\">&ndash;<\/span><span class=\"aioseo-breadcrumb\">\n\tDetenidas dos personas como supuestos autores de un delito de robo con intimidaci\u00f3n en Luanco\n<\/span><\/div>","aioseo_breadcrumb_json":[{"label":"Home","link":"https:\/\/candas365.es\/noticias"},{"label":"Sucesos","link":"https:\/\/candas365.es\/noticias\/category\/sucesos\/"},{"label":"Detenidas dos personas como supuestos autores de un delito de robo con intimidaci\u00f3n en Luanco","link":"https:\/\/candas365.es\/noticias\/detenidas-dos-personas-como-supuestos-autores-de-un-delito-de-robo-con-intimidacion-en-luanco\/"}],"_links":{"self":[{"href":"https:\/\/candas365.es\/noticias\/wp-json\/wp\/v2\/posts\/174967","targetHints":{"allow":["GET"]}}],"collection":[{"href":"https:\/\/candas365.es\/noticias\/wp-json\/wp\/v2\/posts"}],"about":[{"href":"https:\/\/candas365.es\/noticias\/wp-json\/wp\/v2\/types\/post"}],"author":[{"embeddable":true,"href":"https:\/\/candas365.es\/noticias\/wp-json\/wp\/v2\/users\/1"}],"replies":[{"embeddable":true,"href":"https:\/\/candas365.es\/noticias\/wp-json\/wp\/v2\/comments?post=174967"}],"version-history":[{"count":0,"href":"https:\/\/candas365.es\/noticias\/wp-json\/wp\/v2\/posts\/174967\/revisions"}],"wp:featuredmedia":[{"embeddable":true,"href":"https:\/\/candas365.es\/noticias\/wp-json\/wp\/v2\/media\/174968"}],"wp:attachment":[{"href":"https:\/\/candas365.es\/noticias\/wp-json\/wp\/v2\/media?parent=174967"}],"wp:term":[{"taxonomy":"category","embeddable":true,"href":"https:\/\/candas365.es\/noticias\/wp-json\/wp\/v2\/categories?post=174967"},{"taxonomy":"post_tag","embeddable":true,"href":"https:\/\/candas365.es\/noticias\/wp-json\/wp\/v2\/tags?post=174967"}],"curies":[{"name":"wp","href":"https:\/\/api.w.org\/{rel}","templated":true}]}}