{"id":174935,"date":"2023-08-12T18:02:40","date_gmt":"2023-08-12T16:02:40","guid":{"rendered":"https:\/\/candas365.es\/noticias\/?p=174935"},"modified":"2023-08-12T18:03:08","modified_gmt":"2023-08-12T16:03:08","slug":"el-principado-ha-impulsado-la-digitalizacion-de-1-307-comercios-minoristas","status":"publish","type":"post","link":"https:\/\/candas365.es\/noticias\/el-principado-ha-impulsado-la-digitalizacion-de-1-307-comercios-minoristas\/","title":{"rendered":"El Principado ha impulsado la digitalizaci\u00f3n de 1.307 comercios minoristas"},"content":{"rendered":"<p>El G<strong>obierno de Asturias<\/strong> ha impulsado la digitalizaci\u00f3n de 1.307 <a href=\"https:\/\/candas365.es\/noticias\/category\/canal-empresas\/\"><span style=\"color: #ff6600;\"><strong>comercios minoristas<\/strong><\/span><\/a>, que han incorporado herramientas telem\u00e1ticas en su actividad desde la puesta en marcha, a principios de 2021, del <strong>Programa de Digitalizaci\u00f3n Integral del Comercio de Asturias<\/strong> (DICA).<\/p>\n<figure id=\"attachment_174936\" aria-describedby=\"caption-attachment-174936\" style=\"width: 650px\" class=\"wp-caption aligncenter\"><img fetchpriority=\"high\" decoding=\"async\" class=\"wp-image-174936 size-large\" src=\"https:\/\/candas365.es\/noticias\/wp-content\/uploads\/2023\/08\/comercios-minoristas-650x310.jpg\" alt=\"comercios minoristas\" width=\"650\" height=\"310\" srcset=\"https:\/\/candas365.es\/noticias\/wp-content\/uploads\/2023\/08\/comercios-minoristas-650x310.jpg 650w, https:\/\/candas365.es\/noticias\/wp-content\/uploads\/2023\/08\/comercios-minoristas-360x171.jpg 360w, https:\/\/candas365.es\/noticias\/wp-content\/uploads\/2023\/08\/comercios-minoristas-768x366.jpg 768w, https:\/\/candas365.es\/noticias\/wp-content\/uploads\/2023\/08\/comercios-minoristas-150x71.jpg 150w, https:\/\/candas365.es\/noticias\/wp-content\/uploads\/2023\/08\/comercios-minoristas-450x214.jpg 450w, https:\/\/candas365.es\/noticias\/wp-content\/uploads\/2023\/08\/comercios-minoristas.jpg 909w\" sizes=\"(max-width: 650px) 100vw, 650px\" \/><figcaption id=\"caption-attachment-174936\" class=\"wp-caption-text\">Foto: Prensa Gobierno de Asturias<\/figcaption><\/figure>\n<p>El 65% de estos establecimientos est\u00e1n gestionados por mujeres y un 48% se ubica en municipios rurales, seg\u00fan los datos avanzados por la consejera de Transici\u00f3n Ecol\u00f3gica, Industria y Desarrollo Econ\u00f3mico, Nieves Roque\u00f1\u00ed, durante su visita a la Feria Internacional de Muestras de Asturias (Fidma). Roque\u00f1\u00ed ha presentado un balance provisional del DICA durante la entrega del Premio al Desarrollo Econ\u00f3mico e Industrial que el Ateneo Jovellanos y el Banco Sabadell-Herrero han concedido a la Uni\u00f3n de Comerciantes de Asturias.<\/p>\n<p><strong>El uso de redes sociales como WhatsApp Business y de herramientas que favorecen y mejoran la atenci\u00f3n a la clientela<\/strong>, la creaci\u00f3n de p\u00e1ginas web o el impulso del comercio electr\u00f3nico son algunos de los avances incorporados por los comercios participantes en el programa.<\/p>\n<p>El asesoramiento personalizado se ha complementado con recursos formativos en la utilizaci\u00f3n de tecnolog\u00edas aplicadas al peque\u00f1o comercio. <strong>Asimismo, se ha ofrecido formaci\u00f3n sobre herramientas m\u00e1s espec\u00edficas, como TikTok y Twitch, sobre el posicionamiento en buscadores, la mejora en la experiencia de compra e, incluso, el potencial de la inteligencia artificial. Tambi\u00e9n se ha otorgado el distintivo Comercio con compromiso digital a 918 establecimientos que ya han completado sus itinerarios.<\/strong><\/p>\n<p>Durante su intervenci\u00f3n, la consejera ha recordado el car\u00e1cter pionero del programa DICA, una iniciativa impulsada en plena pandemia sanitaria para apoyar al sector en su transformaci\u00f3n tecnol\u00f3gica, con el objetivo de mejorar su competitividad, avanzar en su modernizaci\u00f3n y dar respuesta a las nuevas demandas de los consumidores.<\/p>\n<p>En dos a\u00f1os y medio, y con un presupuesto de 5,1 millones para el periodo 2021-2023, el DICA ha permitido consolidar una amplia base de datos sobre el grado de madurez digital del comercio de proximidad. Los t\u00e9cnicos de la Fundaci\u00f3n CTIC han diagnosticado el nivel de digitalizaci\u00f3n de 4.589 tiendas y se estima que en los pr\u00f3ximos meses se llegar\u00e1 a 5.000.<\/p>\n<blockquote><p>El an\u00e1lisis preliminar del nivel de digitalizaci\u00f3n del comercio asturiano revela que el 35% presenta un nivel de desempe\u00f1o digital intermedio o avanzado, mientras que el 65% restante tiene un nivel b\u00e1sico.<\/p><\/blockquote>\n<p>Por otro lado, la consejera tambi\u00e9n se ha referido a los nuevos retos a los que debe enfrentarse el comercio minorista en los pr\u00f3ximos a\u00f1os, como la transici\u00f3n energ\u00e9tica, la sostenibilidad medioambiental y el relevo generacional. Desaf\u00edos, seg\u00fan ha se\u00f1alado, que habr\u00e1n de abordarse conjuntamente con el sector a lo largo de esta legislatura.<\/p>\n","protected":false},"excerpt":{"rendered":"<p>El Gobierno de Asturias ha impulsado la digitalizaci\u00f3n de 1.307 comercios minoristas, que han incorporado herramientas telem\u00e1ticas en su actividad desde la puesta en marcha, a principios de 2021, del Programa de Digitalizaci\u00f3n Integral del Comercio de Asturias (DICA). El 65% de estos establecimientos est\u00e1n gestionados por mujeres y un 48% se ubica en municipios<\/p>\n","protected":false},"author":1,"featured_media":174936,"comment_status":"closed","ping_status":"closed","sticky":false,"template":"","format":"standard","meta":{"footnotes":""},"categories":[7],"tags":[380,437],"class_list":{"0":"post-174935","1":"post","2":"type-post","3":"status-publish","4":"format-standard","5":"has-post-thumbnail","7":"category-asturias","8":"tag-asturias","9":"tag-economia"},"aioseo_notices":[],"aioseo_head":"\n\t\t<!-- All in One SEO Pro 4.9.6.2 - aioseo.com -->\n\t<meta name=\"description\" content=\"El Gobierno de Asturias ha impulsado la digitalizaci\u00f3n de 1.307 comercios minoristas, que han incorporado herramientas telem\u00e1ticas en su actividad desde\" \/>\n\t<meta name=\"robots\" content=\"max-image-preview:large\" \/>\n\t<meta name=\"author\" content=\"Cand\u00e1s 365\"\/>\n\t<meta name=\"google-site-verification\" content=\"UA-32230408-1\" \/>\n\t<meta name=\"msvalidate.01\" content=\"354F3CDFB2DA171B47FBE9ABF1F88D5\" \/>\n\t<meta name=\"keywords\" content=\"asturias\" \/>\n\t<link rel=\"canonical\" href=\"https:\/\/candas365.es\/noticias\/el-principado-ha-impulsado-la-digitalizacion-de-1-307-comercios-minoristas\/\" \/>\n\t<meta name=\"generator\" content=\"All in One SEO Pro (AIOSEO) 4.9.6.2\" \/>\n\t\t<meta property=\"og:locale\" content=\"es_ES\" \/>\n\t\t<meta property=\"og:site_name\" content=\"Cand\u00e1s 365\" \/>\n\t\t<meta property=\"og:type\" content=\"article\" \/>\n\t\t<meta property=\"og:title\" content=\"El Principado ha impulsado la digitalizaci\u00f3n de 1.307 comercios minoristas | Cand\u00e1s 365\" \/>\n\t\t<meta property=\"og:description\" content=\"El Gobierno de Asturias ha impulsado la digitalizaci\u00f3n de 1.307 comercios minoristas, que han incorporado herramientas telem\u00e1ticas en su actividad desde\" \/>\n\t\t<meta property=\"og:url\" content=\"https:\/\/candas365.es\/noticias\/el-principado-ha-impulsado-la-digitalizacion-de-1-307-comercios-minoristas\/\" \/>\n\t\t<meta property=\"og:image\" content=\"https:\/\/candas365.es\/noticias\/wp-content\/uploads\/2023\/08\/comercios-minoristas.jpg\" \/>\n\t\t<meta property=\"og:image:secure_url\" content=\"https:\/\/candas365.es\/noticias\/wp-content\/uploads\/2023\/08\/comercios-minoristas.jpg\" \/>\n\t\t<meta property=\"og:image:width\" content=\"909\" \/>\n\t\t<meta property=\"og:image:height\" content=\"433\" \/>\n\t\t<meta property=\"article:published_time\" content=\"2023-08-12T16:02:40+00:00\" \/>\n\t\t<meta property=\"article:modified_time\" content=\"2023-08-12T16:03:08+00:00\" \/>\n\t\t<meta property=\"article:publisher\" content=\"https:\/\/www.facebook.com\/Nachofdezber\" \/>\n\t\t<meta property=\"article:author\" content=\"https:\/\/www.facebook.com\/carrenoactualidad\" \/>\n\t\t<meta name=\"twitter:card\" content=\"summary_large_image\" \/>\n\t\t<meta name=\"twitter:site\" content=\"@NabercoDigital\" \/>\n\t\t<meta name=\"twitter:title\" content=\"El Principado ha impulsado la digitalizaci\u00f3n de 1.307 comercios minoristas | Cand\u00e1s 365\" \/>\n\t\t<meta name=\"twitter:description\" content=\"El Gobierno de Asturias ha impulsado la digitalizaci\u00f3n de 1.307 comercios minoristas, que han incorporado herramientas telem\u00e1ticas en su actividad desde\" \/>\n\t\t<meta name=\"twitter:creator\" content=\"@nbasturias\" \/>\n\t\t<meta name=\"twitter:image\" content=\"https:\/\/candas365.es\/noticias\/wp-content\/uploads\/2023\/08\/comercios-minoristas.jpg\" \/>\n\t\t<meta name=\"twitter:label1\" content=\"Escrito por\" \/>\n\t\t<meta name=\"twitter:data1\" content=\"Cand\u00e1s 365\" \/>\n\t\t<meta name=\"twitter:label2\" content=\"Tiempo de lectura estimado\" \/>\n\t\t<meta name=\"twitter:data2\" content=\"2 minutos\" \/>\n\t\t<script type=\"application\/ld+json\" class=\"aioseo-schema\">\n\t\t\t{\"@context\":\"https:\\\/\\\/schema.org\",\"@graph\":[{\"@type\":\"BreadcrumbList\",\"@id\":\"https:\\\/\\\/candas365.es\\\/noticias\\\/el-principado-ha-impulsado-la-digitalizacion-de-1-307-comercios-minoristas\\\/#breadcrumblist\",\"itemListElement\":[{\"@type\":\"ListItem\",\"@id\":\"https:\\\/\\\/candas365.es\\\/noticias#listItem\",\"position\":1,\"name\":\"Home\",\"item\":\"https:\\\/\\\/candas365.es\\\/noticias\",\"nextItem\":{\"@type\":\"ListItem\",\"@id\":\"https:\\\/\\\/candas365.es\\\/noticias\\\/category\\\/asturias\\\/#listItem\",\"name\":\"Asturias\"}},{\"@type\":\"ListItem\",\"@id\":\"https:\\\/\\\/candas365.es\\\/noticias\\\/category\\\/asturias\\\/#listItem\",\"position\":2,\"name\":\"Asturias\",\"item\":\"https:\\\/\\\/candas365.es\\\/noticias\\\/category\\\/asturias\\\/\",\"nextItem\":{\"@type\":\"ListItem\",\"@id\":\"https:\\\/\\\/candas365.es\\\/noticias\\\/el-principado-ha-impulsado-la-digitalizacion-de-1-307-comercios-minoristas\\\/#listItem\",\"name\":\"El Principado ha impulsado la digitalizaci\\u00f3n de 1.307 comercios minoristas\"},\"previousItem\":{\"@type\":\"ListItem\",\"@id\":\"https:\\\/\\\/candas365.es\\\/noticias#listItem\",\"name\":\"Home\"}},{\"@type\":\"ListItem\",\"@id\":\"https:\\\/\\\/candas365.es\\\/noticias\\\/el-principado-ha-impulsado-la-digitalizacion-de-1-307-comercios-minoristas\\\/#listItem\",\"position\":3,\"name\":\"El Principado ha impulsado la digitalizaci\\u00f3n de 1.307 comercios minoristas\",\"previousItem\":{\"@type\":\"ListItem\",\"@id\":\"https:\\\/\\\/candas365.es\\\/noticias\\\/category\\\/asturias\\\/#listItem\",\"name\":\"Asturias\"}}]},{\"@type\":\"NewsArticle\",\"@id\":\"https:\\\/\\\/candas365.es\\\/noticias\\\/el-principado-ha-impulsado-la-digitalizacion-de-1-307-comercios-minoristas\\\/#newsarticle\",\"name\":\"El Principado ha impulsado la digitalizaci\\u00f3n de 1.307 comercios minoristas | Cand\\u00e1s 365\",\"headline\":\"El Principado ha impulsado la digitalizaci\\u00f3n de 1.307 comercios minoristas\",\"author\":{\"@id\":\"https:\\\/\\\/candas365.es\\\/noticias\\\/author\\\/admin\\\/#author\"},\"publisher\":{\"@id\":\"https:\\\/\\\/candas365.es\\\/noticias\\\/#organization\"},\"image\":{\"@type\":\"ImageObject\",\"url\":\"https:\\\/\\\/candas365.es\\\/noticias\\\/wp-content\\\/uploads\\\/2023\\\/08\\\/comercios-minoristas.jpg\",\"width\":909,\"height\":433,\"caption\":\"Foto: Prensa Gobierno de Asturias\"},\"datePublished\":\"2023-08-12T18:02:40+02:00\",\"dateModified\":\"2023-08-12T18:03:08+02:00\",\"inLanguage\":\"es-ES\",\"mainEntityOfPage\":{\"@id\":\"https:\\\/\\\/candas365.es\\\/noticias\\\/el-principado-ha-impulsado-la-digitalizacion-de-1-307-comercios-minoristas\\\/#webpage\"},\"isPartOf\":{\"@id\":\"https:\\\/\\\/candas365.es\\\/noticias\\\/el-principado-ha-impulsado-la-digitalizacion-de-1-307-comercios-minoristas\\\/#webpage\"},\"articleSection\":\"Asturias, Asturias, Econom\\u00eda\",\"dateline\":\"Publicado el agosto 12, 2023.\"},{\"@type\":\"Organization\",\"@id\":\"https:\\\/\\\/candas365.es\\\/noticias\\\/#organization\",\"name\":\"Cand\\u00e1s 365\",\"description\":\"Cand\\u00e1s 365 es un diario digital independiente, fundado en 2012, con base en Asturias. Informamos con rigor sobre actualidad, sociedad, cultura y ocio, con una mirada local y global.\",\"url\":\"https:\\\/\\\/candas365.es\\\/noticias\\\/\",\"email\":\"info@candas365.es\",\"telephone\":\"+34652131393\",\"foundingDate\":\"2012-06-10\",\"logo\":{\"@type\":\"ImageObject\",\"url\":\"https:\\\/\\\/candas365.es\\\/noticias\\\/wp-content\\\/uploads\\\/2024\\\/09\\\/Candas-365-Redes.jpg\",\"@id\":\"https:\\\/\\\/candas365.es\\\/noticias\\\/el-principado-ha-impulsado-la-digitalizacion-de-1-307-comercios-minoristas\\\/#organizationLogo\",\"width\":1152,\"height\":864,\"caption\":\"Cand\\u00e1s 365 Redes\"},\"image\":{\"@id\":\"https:\\\/\\\/candas365.es\\\/noticias\\\/el-principado-ha-impulsado-la-digitalizacion-de-1-307-comercios-minoristas\\\/#organizationLogo\"},\"sameAs\":[\"https:\\\/\\\/www.facebook.com\\\/Nachofdezber\",\"https:\\\/\\\/x.com\\\/NabercoDigital\",\"https:\\\/\\\/www.instagram.com\\\/nachofdezber\\\/\",\"https:\\\/\\\/www.youtube.com\\\/channel\\\/UCZP-2wLEB9Rv6erhFmqVnvg\"],\"address\":{\"@id\":\"https:\\\/\\\/candas365.es\\\/noticias\\\/#postaladdress\",\"@type\":\"PostalAddress\",\"streetAddress\":\"san antonio 4, san antonio 4\",\"postalCode\":\"33430\",\"addressLocality\":\"Cand\\u00e1s\",\"addressRegion\":\"Asturias\",\"addressCountry\":\"ES\"}},{\"@type\":\"Person\",\"@id\":\"https:\\\/\\\/candas365.es\\\/noticias\\\/author\\\/admin\\\/#author\",\"url\":\"https:\\\/\\\/candas365.es\\\/noticias\\\/author\\\/admin\\\/\",\"name\":\"Cand\\u00e1s 365\",\"image\":{\"@type\":\"ImageObject\",\"@id\":\"https:\\\/\\\/candas365.es\\\/noticias\\\/el-principado-ha-impulsado-la-digitalizacion-de-1-307-comercios-minoristas\\\/#authorImage\",\"url\":\"https:\\\/\\\/secure.gravatar.com\\\/avatar\\\/496a8e03d0c493ede1718b7934145dbdf8d89be1036b0eec9544e1094c9de390?s=96&d=mm&r=g\",\"width\":96,\"height\":96,\"caption\":\"Cand\\u00e1s 365\"},\"sameAs\":[\"https:\\\/\\\/www.facebook.com\\\/carrenoactualidad\",\"https:\\\/\\\/twitter.com\\\/nbasturias\",\"https:\\\/\\\/www.instagram.com\\\/nachofdezber\\\/\",\"https:\\\/\\\/www.youtube.com\\\/channel\\\/UCZP-2wLEB9Rv6erhFmqVnvg\"]},{\"@type\":\"WebPage\",\"@id\":\"https:\\\/\\\/candas365.es\\\/noticias\\\/el-principado-ha-impulsado-la-digitalizacion-de-1-307-comercios-minoristas\\\/#webpage\",\"url\":\"https:\\\/\\\/candas365.es\\\/noticias\\\/el-principado-ha-impulsado-la-digitalizacion-de-1-307-comercios-minoristas\\\/\",\"name\":\"El Principado ha impulsado la digitalizaci\\u00f3n de 1.307 comercios minoristas | Cand\\u00e1s 365\",\"description\":\"El Gobierno de Asturias ha impulsado la digitalizaci\\u00f3n de 1.307 comercios minoristas, que han incorporado herramientas telem\\u00e1ticas en su actividad desde\",\"inLanguage\":\"es-ES\",\"isPartOf\":{\"@id\":\"https:\\\/\\\/candas365.es\\\/noticias\\\/#website\"},\"breadcrumb\":{\"@id\":\"https:\\\/\\\/candas365.es\\\/noticias\\\/el-principado-ha-impulsado-la-digitalizacion-de-1-307-comercios-minoristas\\\/#breadcrumblist\"},\"author\":{\"@id\":\"https:\\\/\\\/candas365.es\\\/noticias\\\/author\\\/admin\\\/#author\"},\"creator\":{\"@id\":\"https:\\\/\\\/candas365.es\\\/noticias\\\/author\\\/admin\\\/#author\"},\"image\":{\"@type\":\"ImageObject\",\"url\":\"https:\\\/\\\/candas365.es\\\/noticias\\\/wp-content\\\/uploads\\\/2023\\\/08\\\/comercios-minoristas.jpg\",\"@id\":\"https:\\\/\\\/candas365.es\\\/noticias\\\/el-principado-ha-impulsado-la-digitalizacion-de-1-307-comercios-minoristas\\\/#mainImage\",\"width\":909,\"height\":433,\"caption\":\"Foto: Prensa Gobierno de Asturias\"},\"primaryImageOfPage\":{\"@id\":\"https:\\\/\\\/candas365.es\\\/noticias\\\/el-principado-ha-impulsado-la-digitalizacion-de-1-307-comercios-minoristas\\\/#mainImage\"},\"datePublished\":\"2023-08-12T18:02:40+02:00\",\"dateModified\":\"2023-08-12T18:03:08+02:00\"},{\"@type\":\"WebSite\",\"@id\":\"https:\\\/\\\/candas365.es\\\/noticias\\\/#website\",\"url\":\"https:\\\/\\\/candas365.es\\\/noticias\\\/\",\"name\":\"Cand\\u00e1s 365\",\"alternateName\":\"Cand\\u00e1s 365 Noticias\",\"description\":\"Actualidad desde Carre\\u00f1o para el mundo\",\"inLanguage\":\"es-ES\",\"publisher\":{\"@id\":\"https:\\\/\\\/candas365.es\\\/noticias\\\/#organization\"}}]}\n\t\t<\/script>\n\t\t<!-- All in One SEO Pro -->\r\n\t\t<title>El Principado ha impulsado la digitalizaci\u00f3n de 1.307 comercios minoristas | Cand\u00e1s 365<\/title>\n\n","aioseo_head_json":{"title":"El Principado ha impulsado la digitalizaci\u00f3n de 1.307 comercios minoristas | Cand\u00e1s 365","description":"El Gobierno de Asturias ha impulsado la digitalizaci\u00f3n de 1.307 comercios minoristas, que han incorporado herramientas telem\u00e1ticas en su actividad desde","canonical_url":"https:\/\/candas365.es\/noticias\/el-principado-ha-impulsado-la-digitalizacion-de-1-307-comercios-minoristas\/","robots":"max-image-preview:large","keywords":"asturias","webmasterTools":{"google-site-verification":"UA-32230408-1","msvalidate.01":"354F3CDFB2DA171B47FBE9ABF1F88D5","miscellaneous":""},"schema":{"@context":"https:\/\/schema.org","@graph":[{"@type":"BreadcrumbList","@id":"https:\/\/candas365.es\/noticias\/el-principado-ha-impulsado-la-digitalizacion-de-1-307-comercios-minoristas\/#breadcrumblist","itemListElement":[{"@type":"ListItem","@id":"https:\/\/candas365.es\/noticias#listItem","position":1,"name":"Home","item":"https:\/\/candas365.es\/noticias","nextItem":{"@type":"ListItem","@id":"https:\/\/candas365.es\/noticias\/category\/asturias\/#listItem","name":"Asturias"}},{"@type":"ListItem","@id":"https:\/\/candas365.es\/noticias\/category\/asturias\/#listItem","position":2,"name":"Asturias","item":"https:\/\/candas365.es\/noticias\/category\/asturias\/","nextItem":{"@type":"ListItem","@id":"https:\/\/candas365.es\/noticias\/el-principado-ha-impulsado-la-digitalizacion-de-1-307-comercios-minoristas\/#listItem","name":"El Principado ha impulsado la digitalizaci\u00f3n de 1.307 comercios minoristas"},"previousItem":{"@type":"ListItem","@id":"https:\/\/candas365.es\/noticias#listItem","name":"Home"}},{"@type":"ListItem","@id":"https:\/\/candas365.es\/noticias\/el-principado-ha-impulsado-la-digitalizacion-de-1-307-comercios-minoristas\/#listItem","position":3,"name":"El Principado ha impulsado la digitalizaci\u00f3n de 1.307 comercios minoristas","previousItem":{"@type":"ListItem","@id":"https:\/\/candas365.es\/noticias\/category\/asturias\/#listItem","name":"Asturias"}}]},{"@type":"NewsArticle","@id":"https:\/\/candas365.es\/noticias\/el-principado-ha-impulsado-la-digitalizacion-de-1-307-comercios-minoristas\/#newsarticle","name":"El Principado ha impulsado la digitalizaci\u00f3n de 1.307 comercios minoristas | Cand\u00e1s 365","headline":"El Principado ha impulsado la digitalizaci\u00f3n de 1.307 comercios minoristas","author":{"@id":"https:\/\/candas365.es\/noticias\/author\/admin\/#author"},"publisher":{"@id":"https:\/\/candas365.es\/noticias\/#organization"},"image":{"@type":"ImageObject","url":"https:\/\/candas365.es\/noticias\/wp-content\/uploads\/2023\/08\/comercios-minoristas.jpg","width":909,"height":433,"caption":"Foto: Prensa Gobierno de Asturias"},"datePublished":"2023-08-12T18:02:40+02:00","dateModified":"2023-08-12T18:03:08+02:00","inLanguage":"es-ES","mainEntityOfPage":{"@id":"https:\/\/candas365.es\/noticias\/el-principado-ha-impulsado-la-digitalizacion-de-1-307-comercios-minoristas\/#webpage"},"isPartOf":{"@id":"https:\/\/candas365.es\/noticias\/el-principado-ha-impulsado-la-digitalizacion-de-1-307-comercios-minoristas\/#webpage"},"articleSection":"Asturias, Asturias, Econom\u00eda","dateline":"Publicado el agosto 12, 2023."},{"@type":"Organization","@id":"https:\/\/candas365.es\/noticias\/#organization","name":"Cand\u00e1s 365","description":"Cand\u00e1s 365 es un diario digital independiente, fundado en 2012, con base en Asturias. Informamos con rigor sobre actualidad, sociedad, cultura y ocio, con una mirada local y global.","url":"https:\/\/candas365.es\/noticias\/","email":"info@candas365.es","telephone":"+34652131393","foundingDate":"2012-06-10","logo":{"@type":"ImageObject","url":"https:\/\/candas365.es\/noticias\/wp-content\/uploads\/2024\/09\/Candas-365-Redes.jpg","@id":"https:\/\/candas365.es\/noticias\/el-principado-ha-impulsado-la-digitalizacion-de-1-307-comercios-minoristas\/#organizationLogo","width":1152,"height":864,"caption":"Cand\u00e1s 365 Redes"},"image":{"@id":"https:\/\/candas365.es\/noticias\/el-principado-ha-impulsado-la-digitalizacion-de-1-307-comercios-minoristas\/#organizationLogo"},"sameAs":["https:\/\/www.facebook.com\/Nachofdezber","https:\/\/x.com\/NabercoDigital","https:\/\/www.instagram.com\/nachofdezber\/","https:\/\/www.youtube.com\/channel\/UCZP-2wLEB9Rv6erhFmqVnvg"],"address":{"@id":"https:\/\/candas365.es\/noticias\/#postaladdress","@type":"PostalAddress","streetAddress":"san antonio 4, san antonio 4","postalCode":"33430","addressLocality":"Cand\u00e1s","addressRegion":"Asturias","addressCountry":"ES"}},{"@type":"Person","@id":"https:\/\/candas365.es\/noticias\/author\/admin\/#author","url":"https:\/\/candas365.es\/noticias\/author\/admin\/","name":"Cand\u00e1s 365","image":{"@type":"ImageObject","@id":"https:\/\/candas365.es\/noticias\/el-principado-ha-impulsado-la-digitalizacion-de-1-307-comercios-minoristas\/#authorImage","url":"https:\/\/secure.gravatar.com\/avatar\/496a8e03d0c493ede1718b7934145dbdf8d89be1036b0eec9544e1094c9de390?s=96&d=mm&r=g","width":96,"height":96,"caption":"Cand\u00e1s 365"},"sameAs":["https:\/\/www.facebook.com\/carrenoactualidad","https:\/\/twitter.com\/nbasturias","https:\/\/www.instagram.com\/nachofdezber\/","https:\/\/www.youtube.com\/channel\/UCZP-2wLEB9Rv6erhFmqVnvg"]},{"@type":"WebPage","@id":"https:\/\/candas365.es\/noticias\/el-principado-ha-impulsado-la-digitalizacion-de-1-307-comercios-minoristas\/#webpage","url":"https:\/\/candas365.es\/noticias\/el-principado-ha-impulsado-la-digitalizacion-de-1-307-comercios-minoristas\/","name":"El Principado ha impulsado la digitalizaci\u00f3n de 1.307 comercios minoristas | Cand\u00e1s 365","description":"El Gobierno de Asturias ha impulsado la digitalizaci\u00f3n de 1.307 comercios minoristas, que han incorporado herramientas telem\u00e1ticas en su actividad desde","inLanguage":"es-ES","isPartOf":{"@id":"https:\/\/candas365.es\/noticias\/#website"},"breadcrumb":{"@id":"https:\/\/candas365.es\/noticias\/el-principado-ha-impulsado-la-digitalizacion-de-1-307-comercios-minoristas\/#breadcrumblist"},"author":{"@id":"https:\/\/candas365.es\/noticias\/author\/admin\/#author"},"creator":{"@id":"https:\/\/candas365.es\/noticias\/author\/admin\/#author"},"image":{"@type":"ImageObject","url":"https:\/\/candas365.es\/noticias\/wp-content\/uploads\/2023\/08\/comercios-minoristas.jpg","@id":"https:\/\/candas365.es\/noticias\/el-principado-ha-impulsado-la-digitalizacion-de-1-307-comercios-minoristas\/#mainImage","width":909,"height":433,"caption":"Foto: Prensa Gobierno de Asturias"},"primaryImageOfPage":{"@id":"https:\/\/candas365.es\/noticias\/el-principado-ha-impulsado-la-digitalizacion-de-1-307-comercios-minoristas\/#mainImage"},"datePublished":"2023-08-12T18:02:40+02:00","dateModified":"2023-08-12T18:03:08+02:00"},{"@type":"WebSite","@id":"https:\/\/candas365.es\/noticias\/#website","url":"https:\/\/candas365.es\/noticias\/","name":"Cand\u00e1s 365","alternateName":"Cand\u00e1s 365 Noticias","description":"Actualidad desde Carre\u00f1o para el mundo","inLanguage":"es-ES","publisher":{"@id":"https:\/\/candas365.es\/noticias\/#organization"}}]},"og:locale":"es_ES","og:site_name":"Cand\u00e1s 365","og:type":"article","og:title":"El Principado ha impulsado la digitalizaci\u00f3n de 1.307 comercios minoristas | Cand\u00e1s 365","og:description":"El Gobierno de Asturias ha impulsado la digitalizaci\u00f3n de 1.307 comercios minoristas, que han incorporado herramientas telem\u00e1ticas en su actividad desde","og:url":"https:\/\/candas365.es\/noticias\/el-principado-ha-impulsado-la-digitalizacion-de-1-307-comercios-minoristas\/","og:image":"https:\/\/candas365.es\/noticias\/wp-content\/uploads\/2023\/08\/comercios-minoristas.jpg","og:image:secure_url":"https:\/\/candas365.es\/noticias\/wp-content\/uploads\/2023\/08\/comercios-minoristas.jpg","og:image:width":909,"og:image:height":433,"article:published_time":"2023-08-12T16:02:40+00:00","article:modified_time":"2023-08-12T16:03:08+00:00","article:publisher":"https:\/\/www.facebook.com\/Nachofdezber","article:author":"https:\/\/www.facebook.com\/carrenoactualidad","twitter:card":"summary_large_image","twitter:site":"@NabercoDigital","twitter:title":"El Principado ha impulsado la digitalizaci\u00f3n de 1.307 comercios minoristas | Cand\u00e1s 365","twitter:description":"El Gobierno de Asturias ha impulsado la digitalizaci\u00f3n de 1.307 comercios minoristas, que han incorporado herramientas telem\u00e1ticas en su actividad desde","twitter:creator":"@nbasturias","twitter:image":"https:\/\/candas365.es\/noticias\/wp-content\/uploads\/2023\/08\/comercios-minoristas.jpg","twitter:label1":"Escrito por","twitter:data1":"Cand\u00e1s 365","twitter:label2":"Tiempo de lectura estimado","twitter:data2":"2 minutos"},"aioseo_meta_data":{"post_id":"174935","title":null,"description":"El Gobierno de Asturias ha impulsado la digitalizaci\u00f3n de 1.307 comercios minoristas, que han incorporado herramientas telem\u00e1ticas en su actividad desde","keywords":[],"keyphrases":{"focus":{"keyphrase":"comercios","score":85,"analysis":{"keyphraseInTitle":{"score":9,"maxScore":9,"error":0},"keyphraseInDescription":{"score":9,"maxScore":9,"error":0},"keyphraseLength":{"score":9,"maxScore":9,"error":0,"length":1},"keyphraseInURL":{"score":5,"maxScore":5,"error":0},"keyphraseInIntroduction":{"score":9,"maxScore":9,"error":0},"keyphraseInSubHeadings":[],"keyphraseInImageAlt":{"score":9,"maxScore":9,"error":0},"keywordDensity":{"score":0,"type":"low","maxScore":9,"error":1}}},"additional":[{"keyphrase":"comercios minoristas","score":80,"analysis":{"keyphraseInDescription":{"score":9,"maxScore":9,"error":0},"keyphraseLength":{"score":9,"maxScore":9,"error":0,"length":2},"keyphraseInIntroduction":{"score":9,"maxScore":9,"error":0},"keyphraseInImageAlt":{"score":9,"maxScore":9,"error":0},"keywordDensity":{"score":0,"type":"low","maxScore":9,"error":1}}}]},"primary_term":null,"canonical_url":null,"og_title":null,"og_description":null,"og_object_type":"default","og_image_type":"default","og_image_url":null,"og_image_width":null,"og_image_height":null,"og_image_custom_url":null,"og_image_custom_fields":null,"og_video":"","og_custom_url":null,"og_article_section":null,"og_article_tags":[],"twitter_use_og":false,"twitter_card":"default","twitter_image_type":"default","twitter_image_url":null,"twitter_image_custom_url":null,"twitter_image_custom_fields":null,"twitter_title":null,"twitter_description":null,"schema":{"blockGraphs":[],"customGraphs":[],"default":{"data":{"Article":[],"Course":[],"Dataset":[],"FAQPage":[],"Movie":[],"Person":[],"Product":[],"ProductReview":[],"Car":[],"Recipe":[],"Service":[],"SoftwareApplication":[],"WebPage":[]},"graphName":"Article","isEnabled":true},"graphs":[]},"schema_type":"default","schema_type_options":null,"pillar_content":false,"robots_default":true,"robots_noindex":false,"robots_noarchive":false,"robots_nosnippet":false,"robots_nofollow":false,"robots_noimageindex":false,"robots_noodp":false,"robots_notranslate":false,"robots_max_snippet":"-1","robots_max_videopreview":"-1","robots_max_imagepreview":"large","priority":null,"frequency":"default","location":null,"local_seo":null,"seo_analyzer_scan_date":"2025-09-01 21:50:16","breadcrumb_settings":null,"limit_modified_date":false,"reviewed_by":null,"open_ai":"{\"title\":{\"suggestions\":[],\"usage\":0},\"description\":{\"suggestions\":[],\"usage\":0}}","ai":null,"created":"2023-08-12 15:57:26","updated":"2025-09-01 21:50:16"},"aioseo_breadcrumb":"<div class=\"aioseo-breadcrumbs\"><span class=\"aioseo-breadcrumb\">\n\t<a href=\"https:\/\/candas365.es\/noticias\" title=\"Home\">Home<\/a>\n<\/span><span class=\"aioseo-breadcrumb-separator\">&ndash;<\/span><span class=\"aioseo-breadcrumb\">\n\t<a href=\"https:\/\/candas365.es\/noticias\/category\/asturias\/\" title=\"Asturias\">Asturias<\/a>\n<\/span><span class=\"aioseo-breadcrumb-separator\">&ndash;<\/span><span class=\"aioseo-breadcrumb\">\n\tEl Principado ha impulsado la digitalizaci\u00f3n de 1.307 comercios minoristas\n<\/span><\/div>","aioseo_breadcrumb_json":[{"label":"Home","link":"https:\/\/candas365.es\/noticias"},{"label":"Asturias","link":"https:\/\/candas365.es\/noticias\/category\/asturias\/"},{"label":"El Principado ha impulsado la digitalizaci\u00f3n de 1.307 comercios minoristas","link":"https:\/\/candas365.es\/noticias\/el-principado-ha-impulsado-la-digitalizacion-de-1-307-comercios-minoristas\/"}],"_links":{"self":[{"href":"https:\/\/candas365.es\/noticias\/wp-json\/wp\/v2\/posts\/174935","targetHints":{"allow":["GET"]}}],"collection":[{"href":"https:\/\/candas365.es\/noticias\/wp-json\/wp\/v2\/posts"}],"about":[{"href":"https:\/\/candas365.es\/noticias\/wp-json\/wp\/v2\/types\/post"}],"author":[{"embeddable":true,"href":"https:\/\/candas365.es\/noticias\/wp-json\/wp\/v2\/users\/1"}],"replies":[{"embeddable":true,"href":"https:\/\/candas365.es\/noticias\/wp-json\/wp\/v2\/comments?post=174935"}],"version-history":[{"count":0,"href":"https:\/\/candas365.es\/noticias\/wp-json\/wp\/v2\/posts\/174935\/revisions"}],"wp:featuredmedia":[{"embeddable":true,"href":"https:\/\/candas365.es\/noticias\/wp-json\/wp\/v2\/media\/174936"}],"wp:attachment":[{"href":"https:\/\/candas365.es\/noticias\/wp-json\/wp\/v2\/media?parent=174935"}],"wp:term":[{"taxonomy":"category","embeddable":true,"href":"https:\/\/candas365.es\/noticias\/wp-json\/wp\/v2\/categories?post=174935"},{"taxonomy":"post_tag","embeddable":true,"href":"https:\/\/candas365.es\/noticias\/wp-json\/wp\/v2\/tags?post=174935"}],"curies":[{"name":"wp","href":"https:\/\/api.w.org\/{rel}","templated":true}]}}