{"id":174900,"date":"2023-08-10T04:35:09","date_gmt":"2023-08-10T02:35:09","guid":{"rendered":"https:\/\/candas365.es\/noticias\/?p=174900"},"modified":"2023-08-10T04:35:45","modified_gmt":"2023-08-10T02:35:45","slug":"el-ocaso-del-cine-mudo","status":"publish","type":"post","link":"https:\/\/candas365.es\/noticias\/el-ocaso-del-cine-mudo\/","title":{"rendered":"El ocaso del cine mudo"},"content":{"rendered":"<p>La introducci\u00f3n del sonido en las pel\u00edculas, com\u00fanmente conocidas como \u00abtalkies\u00bb, marc\u00f3 un importante punto de inflexi\u00f3n en la <span style=\"color: #ff6600;\"><a style=\"color: #ff6600;\" href=\"https:\/\/candas365.es\/noticias\/peliculas-y-series-que-se-estrenaron-un-7-de-agosto\/\"><strong>historia del cine<\/strong><\/a><\/span>. Este avance tecnol\u00f3gico revolucion\u00f3 la industria permitiendo una narraci\u00f3n mejorada y una experiencia m\u00e1s realista para el espectador. <strong>Como resultado, la popularidad de las pel\u00edculas mudas comenz\u00f3 a declinar, lo que finalmente llev\u00f3 a su desaparici\u00f3n.<\/strong><\/p>\n<p><img fetchpriority=\"high\" decoding=\"async\" class=\"aligncenter wp-image-174901 size-full\" src=\"https:\/\/candas365.es\/noticias\/wp-content\/uploads\/2023\/08\/cine.jpg\" alt=\"cine\" width=\"640\" height=\"400\" srcset=\"https:\/\/candas365.es\/noticias\/wp-content\/uploads\/2023\/08\/cine.jpg 640w, https:\/\/candas365.es\/noticias\/wp-content\/uploads\/2023\/08\/cine-360x225.jpg 360w, https:\/\/candas365.es\/noticias\/wp-content\/uploads\/2023\/08\/cine-150x94.jpg 150w, https:\/\/candas365.es\/noticias\/wp-content\/uploads\/2023\/08\/cine-450x281.jpg 450w\" sizes=\"(max-width: 640px) 100vw, 640px\" \/><\/p>\n<p>Con la invenci\u00f3n de la tecnolog\u00eda del sonido, las pel\u00edculas adquirieron una nueva dimensi\u00f3n. La capacidad de escuchar di\u00e1logos, m\u00fasica y efectos de sonido agreg\u00f3 una capa de realismo y profundidad a la experiencia cinematogr\u00e1fica.<\/p>\n<h2>El \u00e9xito de las pel\u00edculas sonoras<\/h2>\n<p><strong>La primera pel\u00edcula sonora exitosa, \u00abThe Jazz Singer\u00bb, se estren\u00f3 en 1927 y r\u00e1pidamente gan\u00f3 popularidad entre el p\u00fablico.<\/strong> Este avance allan\u00f3 el camino para la producci\u00f3n de m\u00e1s pel\u00edculas sonoras, lo que provoc\u00f3 una disminuci\u00f3n de la demanda de pel\u00edculas mudas. La introducci\u00f3n del sonido en las pel\u00edculas no solo cambi\u00f3 la forma en que se cuentan las historias, sino que tambi\u00e9n requiri\u00f3 importantes inversiones y cambios tecnol\u00f3gicos.<\/p>\n<p>Los estudios tuvieron que invertir en nuevos equipos y t\u00e9cnicas de insonorizaci\u00f3n para adaptarse a la grabaci\u00f3n de sonido. <strong>Esta transici\u00f3n no estuvo exenta de desaf\u00edos, ya que muchos actores y actrices del cine mudo lucharon por adaptarse al nuevo medio.<\/strong> Algunos ten\u00edan voces que no coincid\u00edan con sus personajes en pantalla, mientras que otros ten\u00edan acentos o impedimentos en el habla que les dificultaban hacer la transici\u00f3n con \u00e9xito.<\/p>\n<h2>El gran cambio<\/h2>\n<p><strong>El cambio de pel\u00edculas mudas a pel\u00edculas sonoras tuvo un impacto profundo en la pel\u00edcula. industria en su conjunto.<\/strong> Los estudios y salas de cine mudo se vieron obligados a cerrar o adaptarse al nuevo medio. El cierre de estos establecimientos result\u00f3 en la p\u00e9rdida de puestos de trabajo para muchas personas involucradas en la producci\u00f3n y exhibici\u00f3n de pel\u00edculas mudas. Adem\u00e1s, la transici\u00f3n a las pel\u00edculas sonoras condujo a una reestructuraci\u00f3n de la industria, con la aparici\u00f3n de nuevos actores y la desaparici\u00f3n de los antiguos.<\/p>\n<blockquote><p>Los cineastas ahora ten\u00edan la capacidad de usar di\u00e1logos, m\u00fasica y efectos de sonido para mejorar la narrativa y crear una experiencia m\u00e1s inmersiva para la audiencia. Este cambio abri\u00f3 nuevas posibilidades para la creatividad y la innovaci\u00f3n en el cine.<\/p><\/blockquote>\n<p>A pesar del declive de las pel\u00edculas mudas, <strong>su legado sigue siendo apreciado y celebrado<\/strong>. Las pel\u00edculas mudas son reconocidas por sus t\u00e9cnicas \u00fanicas de narraci\u00f3n visual, que se basan en gran medida en las expresiones faciales, el lenguaje corporal y los intert\u00edtulos para transmitir emociones y avanzar en la trama.<\/p>\n<p>Este lenguaje visual ha tenido un impacto duradero en el arte cinematogr\u00e1fico, influyendo en el uso de im\u00e1genes y composici\u00f3n de los cineastas contempor\u00e1neos. Adem\u00e1s, se han realizado esfuerzos para preservar y restaurar las pel\u00edculas mudas para que las disfruten las generaciones futuras. <strong>Los archivos de pel\u00edculas y los proyectos de restauraci\u00f3n han jugado un papel crucial para garantizar que estas pel\u00edculas no se pierdan en el tiempo. Al preservar las pel\u00edculas mudas, podemos continuar apreciando el arte y la artesan\u00eda que se utilizaron en su creaci\u00f3n.<\/strong><\/p>\n","protected":false},"excerpt":{"rendered":"<p>La introducci\u00f3n del sonido en las pel\u00edculas, com\u00fanmente conocidas como \u00abtalkies\u00bb, marc\u00f3 un importante punto de inflexi\u00f3n en la historia del cine. Este avance tecnol\u00f3gico revolucion\u00f3 la industria permitiendo una narraci\u00f3n mejorada y una experiencia m\u00e1s realista para el espectador. Como resultado, la popularidad de las pel\u00edculas mudas comenz\u00f3 a declinar, lo que finalmente llev\u00f3<\/p>\n","protected":false},"author":1,"featured_media":174901,"comment_status":"closed","ping_status":"closed","sticky":false,"template":"","format":"standard","meta":{"footnotes":""},"categories":[142],"tags":[430],"class_list":{"0":"post-174900","1":"post","2":"type-post","3":"status-publish","4":"format-standard","5":"has-post-thumbnail","7":"category-revista","8":"tag-cultura"},"aioseo_notices":[],"aioseo_head":"\n\t\t<!-- All in One SEO Pro 4.9.6.2 - aioseo.com -->\n\t<meta name=\"description\" content=\"La introducci\u00f3n del sonido en las pel\u00edculas, com\u00fanmente conocidas como &quot;talkies&quot;, marc\u00f3 un importante punto de inflexi\u00f3n en la historia del cine.\" \/>\n\t<meta name=\"robots\" content=\"max-image-preview:large\" \/>\n\t<meta name=\"author\" content=\"Cand\u00e1s 365\"\/>\n\t<meta name=\"google-site-verification\" content=\"UA-32230408-1\" \/>\n\t<meta name=\"msvalidate.01\" content=\"354F3CDFB2DA171B47FBE9ABF1F88D5\" \/>\n\t<meta name=\"keywords\" content=\"revista\" \/>\n\t<link rel=\"canonical\" href=\"https:\/\/candas365.es\/noticias\/el-ocaso-del-cine-mudo\/\" \/>\n\t<meta name=\"generator\" content=\"All in One SEO Pro (AIOSEO) 4.9.6.2\" \/>\n\t\t<meta property=\"og:locale\" content=\"es_ES\" \/>\n\t\t<meta property=\"og:site_name\" content=\"Cand\u00e1s 365\" \/>\n\t\t<meta property=\"og:type\" content=\"article\" \/>\n\t\t<meta property=\"og:title\" content=\"El ocaso del cine mudo | Cand\u00e1s 365\" \/>\n\t\t<meta property=\"og:description\" content=\"La introducci\u00f3n del sonido en las pel\u00edculas, com\u00fanmente conocidas como &quot;talkies&quot;, marc\u00f3 un importante punto de inflexi\u00f3n en la historia del cine.\" \/>\n\t\t<meta property=\"og:url\" content=\"https:\/\/candas365.es\/noticias\/el-ocaso-del-cine-mudo\/\" \/>\n\t\t<meta property=\"og:image\" content=\"https:\/\/candas365.es\/noticias\/wp-content\/uploads\/2023\/08\/cine.jpg\" \/>\n\t\t<meta property=\"og:image:secure_url\" content=\"https:\/\/candas365.es\/noticias\/wp-content\/uploads\/2023\/08\/cine.jpg\" \/>\n\t\t<meta property=\"og:image:width\" content=\"640\" \/>\n\t\t<meta property=\"og:image:height\" content=\"400\" \/>\n\t\t<meta property=\"article:published_time\" content=\"2023-08-10T02:35:09+00:00\" \/>\n\t\t<meta property=\"article:modified_time\" content=\"2023-08-10T02:35:45+00:00\" \/>\n\t\t<meta property=\"article:publisher\" content=\"https:\/\/www.facebook.com\/Nachofdezber\" \/>\n\t\t<meta property=\"article:author\" content=\"https:\/\/www.facebook.com\/carrenoactualidad\" \/>\n\t\t<meta name=\"twitter:card\" content=\"summary_large_image\" \/>\n\t\t<meta name=\"twitter:site\" content=\"@NabercoDigital\" \/>\n\t\t<meta name=\"twitter:title\" content=\"El ocaso del cine mudo | Cand\u00e1s 365\" \/>\n\t\t<meta name=\"twitter:description\" content=\"La introducci\u00f3n del sonido en las pel\u00edculas, com\u00fanmente conocidas como &quot;talkies&quot;, marc\u00f3 un importante punto de inflexi\u00f3n en la historia del cine.\" \/>\n\t\t<meta name=\"twitter:creator\" content=\"@nbasturias\" \/>\n\t\t<meta name=\"twitter:image\" content=\"https:\/\/candas365.es\/noticias\/wp-content\/uploads\/2023\/08\/cine.jpg\" \/>\n\t\t<meta name=\"twitter:label1\" content=\"Escrito por\" \/>\n\t\t<meta name=\"twitter:data1\" content=\"Cand\u00e1s 365\" \/>\n\t\t<meta name=\"twitter:label2\" content=\"Tiempo de lectura estimado\" \/>\n\t\t<meta name=\"twitter:data2\" content=\"3 minutos\" \/>\n\t\t<script type=\"application\/ld+json\" class=\"aioseo-schema\">\n\t\t\t{\"@context\":\"https:\\\/\\\/schema.org\",\"@graph\":[{\"@type\":\"BreadcrumbList\",\"@id\":\"https:\\\/\\\/candas365.es\\\/noticias\\\/el-ocaso-del-cine-mudo\\\/#breadcrumblist\",\"itemListElement\":[{\"@type\":\"ListItem\",\"@id\":\"https:\\\/\\\/candas365.es\\\/noticias#listItem\",\"position\":1,\"name\":\"Home\",\"item\":\"https:\\\/\\\/candas365.es\\\/noticias\",\"nextItem\":{\"@type\":\"ListItem\",\"@id\":\"https:\\\/\\\/candas365.es\\\/noticias\\\/category\\\/revista\\\/#listItem\",\"name\":\"Revista\"}},{\"@type\":\"ListItem\",\"@id\":\"https:\\\/\\\/candas365.es\\\/noticias\\\/category\\\/revista\\\/#listItem\",\"position\":2,\"name\":\"Revista\",\"item\":\"https:\\\/\\\/candas365.es\\\/noticias\\\/category\\\/revista\\\/\",\"nextItem\":{\"@type\":\"ListItem\",\"@id\":\"https:\\\/\\\/candas365.es\\\/noticias\\\/el-ocaso-del-cine-mudo\\\/#listItem\",\"name\":\"El ocaso del cine mudo\"},\"previousItem\":{\"@type\":\"ListItem\",\"@id\":\"https:\\\/\\\/candas365.es\\\/noticias#listItem\",\"name\":\"Home\"}},{\"@type\":\"ListItem\",\"@id\":\"https:\\\/\\\/candas365.es\\\/noticias\\\/el-ocaso-del-cine-mudo\\\/#listItem\",\"position\":3,\"name\":\"El ocaso del cine mudo\",\"previousItem\":{\"@type\":\"ListItem\",\"@id\":\"https:\\\/\\\/candas365.es\\\/noticias\\\/category\\\/revista\\\/#listItem\",\"name\":\"Revista\"}}]},{\"@type\":\"NewsArticle\",\"@id\":\"https:\\\/\\\/candas365.es\\\/noticias\\\/el-ocaso-del-cine-mudo\\\/#newsarticle\",\"name\":\"El ocaso del cine mudo | Cand\\u00e1s 365\",\"headline\":\"El ocaso del cine mudo\",\"author\":{\"@id\":\"https:\\\/\\\/candas365.es\\\/noticias\\\/author\\\/admin\\\/#author\"},\"publisher\":{\"@id\":\"https:\\\/\\\/candas365.es\\\/noticias\\\/#organization\"},\"image\":{\"@type\":\"ImageObject\",\"url\":\"https:\\\/\\\/candas365.es\\\/noticias\\\/wp-content\\\/uploads\\\/2023\\\/08\\\/cine.jpg\",\"width\":640,\"height\":400,\"caption\":\"cine\"},\"datePublished\":\"2023-08-10T04:35:09+02:00\",\"dateModified\":\"2023-08-10T04:35:45+02:00\",\"inLanguage\":\"es-ES\",\"mainEntityOfPage\":{\"@id\":\"https:\\\/\\\/candas365.es\\\/noticias\\\/el-ocaso-del-cine-mudo\\\/#webpage\"},\"isPartOf\":{\"@id\":\"https:\\\/\\\/candas365.es\\\/noticias\\\/el-ocaso-del-cine-mudo\\\/#webpage\"},\"articleSection\":\"Revista, cultura\",\"dateline\":\"Publicado el agosto 10, 2023.\"},{\"@type\":\"Organization\",\"@id\":\"https:\\\/\\\/candas365.es\\\/noticias\\\/#organization\",\"name\":\"Cand\\u00e1s 365\",\"description\":\"Cand\\u00e1s 365 es un diario digital independiente, fundado en 2012, con base en Asturias. Informamos con rigor sobre actualidad, sociedad, cultura y ocio, con una mirada local y global.\",\"url\":\"https:\\\/\\\/candas365.es\\\/noticias\\\/\",\"email\":\"info@candas365.es\",\"telephone\":\"+34652131393\",\"foundingDate\":\"2012-06-10\",\"logo\":{\"@type\":\"ImageObject\",\"url\":\"https:\\\/\\\/candas365.es\\\/noticias\\\/wp-content\\\/uploads\\\/2024\\\/09\\\/Candas-365-Redes.jpg\",\"@id\":\"https:\\\/\\\/candas365.es\\\/noticias\\\/el-ocaso-del-cine-mudo\\\/#organizationLogo\",\"width\":1152,\"height\":864,\"caption\":\"Cand\\u00e1s 365 Redes\"},\"image\":{\"@id\":\"https:\\\/\\\/candas365.es\\\/noticias\\\/el-ocaso-del-cine-mudo\\\/#organizationLogo\"},\"sameAs\":[\"https:\\\/\\\/www.facebook.com\\\/Nachofdezber\",\"https:\\\/\\\/x.com\\\/NabercoDigital\",\"https:\\\/\\\/www.instagram.com\\\/nachofdezber\\\/\",\"https:\\\/\\\/www.youtube.com\\\/channel\\\/UCZP-2wLEB9Rv6erhFmqVnvg\"],\"address\":{\"@id\":\"https:\\\/\\\/candas365.es\\\/noticias\\\/#postaladdress\",\"@type\":\"PostalAddress\",\"streetAddress\":\"san antonio 4, san antonio 4\",\"postalCode\":\"33430\",\"addressLocality\":\"Cand\\u00e1s\",\"addressRegion\":\"Asturias\",\"addressCountry\":\"ES\"}},{\"@type\":\"Person\",\"@id\":\"https:\\\/\\\/candas365.es\\\/noticias\\\/author\\\/admin\\\/#author\",\"url\":\"https:\\\/\\\/candas365.es\\\/noticias\\\/author\\\/admin\\\/\",\"name\":\"Cand\\u00e1s 365\",\"image\":{\"@type\":\"ImageObject\",\"@id\":\"https:\\\/\\\/candas365.es\\\/noticias\\\/el-ocaso-del-cine-mudo\\\/#authorImage\",\"url\":\"https:\\\/\\\/secure.gravatar.com\\\/avatar\\\/496a8e03d0c493ede1718b7934145dbdf8d89be1036b0eec9544e1094c9de390?s=96&d=mm&r=g\",\"width\":96,\"height\":96,\"caption\":\"Cand\\u00e1s 365\"},\"sameAs\":[\"https:\\\/\\\/www.facebook.com\\\/carrenoactualidad\",\"https:\\\/\\\/twitter.com\\\/nbasturias\",\"https:\\\/\\\/www.instagram.com\\\/nachofdezber\\\/\",\"https:\\\/\\\/www.youtube.com\\\/channel\\\/UCZP-2wLEB9Rv6erhFmqVnvg\"]},{\"@type\":\"WebPage\",\"@id\":\"https:\\\/\\\/candas365.es\\\/noticias\\\/el-ocaso-del-cine-mudo\\\/#webpage\",\"url\":\"https:\\\/\\\/candas365.es\\\/noticias\\\/el-ocaso-del-cine-mudo\\\/\",\"name\":\"El ocaso del cine mudo | Cand\\u00e1s 365\",\"description\":\"La introducci\\u00f3n del sonido en las pel\\u00edculas, com\\u00fanmente conocidas como \\\"talkies\\\", marc\\u00f3 un importante punto de inflexi\\u00f3n en la historia del cine.\",\"inLanguage\":\"es-ES\",\"isPartOf\":{\"@id\":\"https:\\\/\\\/candas365.es\\\/noticias\\\/#website\"},\"breadcrumb\":{\"@id\":\"https:\\\/\\\/candas365.es\\\/noticias\\\/el-ocaso-del-cine-mudo\\\/#breadcrumblist\"},\"author\":{\"@id\":\"https:\\\/\\\/candas365.es\\\/noticias\\\/author\\\/admin\\\/#author\"},\"creator\":{\"@id\":\"https:\\\/\\\/candas365.es\\\/noticias\\\/author\\\/admin\\\/#author\"},\"image\":{\"@type\":\"ImageObject\",\"url\":\"https:\\\/\\\/candas365.es\\\/noticias\\\/wp-content\\\/uploads\\\/2023\\\/08\\\/cine.jpg\",\"@id\":\"https:\\\/\\\/candas365.es\\\/noticias\\\/el-ocaso-del-cine-mudo\\\/#mainImage\",\"width\":640,\"height\":400,\"caption\":\"cine\"},\"primaryImageOfPage\":{\"@id\":\"https:\\\/\\\/candas365.es\\\/noticias\\\/el-ocaso-del-cine-mudo\\\/#mainImage\"},\"datePublished\":\"2023-08-10T04:35:09+02:00\",\"dateModified\":\"2023-08-10T04:35:45+02:00\"},{\"@type\":\"WebSite\",\"@id\":\"https:\\\/\\\/candas365.es\\\/noticias\\\/#website\",\"url\":\"https:\\\/\\\/candas365.es\\\/noticias\\\/\",\"name\":\"Cand\\u00e1s 365\",\"alternateName\":\"Cand\\u00e1s 365 Noticias\",\"description\":\"Actualidad desde Carre\\u00f1o para el mundo\",\"inLanguage\":\"es-ES\",\"publisher\":{\"@id\":\"https:\\\/\\\/candas365.es\\\/noticias\\\/#organization\"}}]}\n\t\t<\/script>\n\t\t<!-- All in One SEO Pro -->\r\n\t\t<title>El ocaso del cine mudo | Cand\u00e1s 365<\/title>\n\n","aioseo_head_json":{"title":"El ocaso del cine mudo | Cand\u00e1s 365","description":"La introducci\u00f3n del sonido en las pel\u00edculas, com\u00fanmente conocidas como \"talkies\", marc\u00f3 un importante punto de inflexi\u00f3n en la historia del cine.","canonical_url":"https:\/\/candas365.es\/noticias\/el-ocaso-del-cine-mudo\/","robots":"max-image-preview:large","keywords":"revista","webmasterTools":{"google-site-verification":"UA-32230408-1","msvalidate.01":"354F3CDFB2DA171B47FBE9ABF1F88D5","miscellaneous":""},"schema":{"@context":"https:\/\/schema.org","@graph":[{"@type":"BreadcrumbList","@id":"https:\/\/candas365.es\/noticias\/el-ocaso-del-cine-mudo\/#breadcrumblist","itemListElement":[{"@type":"ListItem","@id":"https:\/\/candas365.es\/noticias#listItem","position":1,"name":"Home","item":"https:\/\/candas365.es\/noticias","nextItem":{"@type":"ListItem","@id":"https:\/\/candas365.es\/noticias\/category\/revista\/#listItem","name":"Revista"}},{"@type":"ListItem","@id":"https:\/\/candas365.es\/noticias\/category\/revista\/#listItem","position":2,"name":"Revista","item":"https:\/\/candas365.es\/noticias\/category\/revista\/","nextItem":{"@type":"ListItem","@id":"https:\/\/candas365.es\/noticias\/el-ocaso-del-cine-mudo\/#listItem","name":"El ocaso del cine mudo"},"previousItem":{"@type":"ListItem","@id":"https:\/\/candas365.es\/noticias#listItem","name":"Home"}},{"@type":"ListItem","@id":"https:\/\/candas365.es\/noticias\/el-ocaso-del-cine-mudo\/#listItem","position":3,"name":"El ocaso del cine mudo","previousItem":{"@type":"ListItem","@id":"https:\/\/candas365.es\/noticias\/category\/revista\/#listItem","name":"Revista"}}]},{"@type":"NewsArticle","@id":"https:\/\/candas365.es\/noticias\/el-ocaso-del-cine-mudo\/#newsarticle","name":"El ocaso del cine mudo | Cand\u00e1s 365","headline":"El ocaso del cine mudo","author":{"@id":"https:\/\/candas365.es\/noticias\/author\/admin\/#author"},"publisher":{"@id":"https:\/\/candas365.es\/noticias\/#organization"},"image":{"@type":"ImageObject","url":"https:\/\/candas365.es\/noticias\/wp-content\/uploads\/2023\/08\/cine.jpg","width":640,"height":400,"caption":"cine"},"datePublished":"2023-08-10T04:35:09+02:00","dateModified":"2023-08-10T04:35:45+02:00","inLanguage":"es-ES","mainEntityOfPage":{"@id":"https:\/\/candas365.es\/noticias\/el-ocaso-del-cine-mudo\/#webpage"},"isPartOf":{"@id":"https:\/\/candas365.es\/noticias\/el-ocaso-del-cine-mudo\/#webpage"},"articleSection":"Revista, cultura","dateline":"Publicado el agosto 10, 2023."},{"@type":"Organization","@id":"https:\/\/candas365.es\/noticias\/#organization","name":"Cand\u00e1s 365","description":"Cand\u00e1s 365 es un diario digital independiente, fundado en 2012, con base en Asturias. Informamos con rigor sobre actualidad, sociedad, cultura y ocio, con una mirada local y global.","url":"https:\/\/candas365.es\/noticias\/","email":"info@candas365.es","telephone":"+34652131393","foundingDate":"2012-06-10","logo":{"@type":"ImageObject","url":"https:\/\/candas365.es\/noticias\/wp-content\/uploads\/2024\/09\/Candas-365-Redes.jpg","@id":"https:\/\/candas365.es\/noticias\/el-ocaso-del-cine-mudo\/#organizationLogo","width":1152,"height":864,"caption":"Cand\u00e1s 365 Redes"},"image":{"@id":"https:\/\/candas365.es\/noticias\/el-ocaso-del-cine-mudo\/#organizationLogo"},"sameAs":["https:\/\/www.facebook.com\/Nachofdezber","https:\/\/x.com\/NabercoDigital","https:\/\/www.instagram.com\/nachofdezber\/","https:\/\/www.youtube.com\/channel\/UCZP-2wLEB9Rv6erhFmqVnvg"],"address":{"@id":"https:\/\/candas365.es\/noticias\/#postaladdress","@type":"PostalAddress","streetAddress":"san antonio 4, san antonio 4","postalCode":"33430","addressLocality":"Cand\u00e1s","addressRegion":"Asturias","addressCountry":"ES"}},{"@type":"Person","@id":"https:\/\/candas365.es\/noticias\/author\/admin\/#author","url":"https:\/\/candas365.es\/noticias\/author\/admin\/","name":"Cand\u00e1s 365","image":{"@type":"ImageObject","@id":"https:\/\/candas365.es\/noticias\/el-ocaso-del-cine-mudo\/#authorImage","url":"https:\/\/secure.gravatar.com\/avatar\/496a8e03d0c493ede1718b7934145dbdf8d89be1036b0eec9544e1094c9de390?s=96&d=mm&r=g","width":96,"height":96,"caption":"Cand\u00e1s 365"},"sameAs":["https:\/\/www.facebook.com\/carrenoactualidad","https:\/\/twitter.com\/nbasturias","https:\/\/www.instagram.com\/nachofdezber\/","https:\/\/www.youtube.com\/channel\/UCZP-2wLEB9Rv6erhFmqVnvg"]},{"@type":"WebPage","@id":"https:\/\/candas365.es\/noticias\/el-ocaso-del-cine-mudo\/#webpage","url":"https:\/\/candas365.es\/noticias\/el-ocaso-del-cine-mudo\/","name":"El ocaso del cine mudo | Cand\u00e1s 365","description":"La introducci\u00f3n del sonido en las pel\u00edculas, com\u00fanmente conocidas como \"talkies\", marc\u00f3 un importante punto de inflexi\u00f3n en la historia del cine.","inLanguage":"es-ES","isPartOf":{"@id":"https:\/\/candas365.es\/noticias\/#website"},"breadcrumb":{"@id":"https:\/\/candas365.es\/noticias\/el-ocaso-del-cine-mudo\/#breadcrumblist"},"author":{"@id":"https:\/\/candas365.es\/noticias\/author\/admin\/#author"},"creator":{"@id":"https:\/\/candas365.es\/noticias\/author\/admin\/#author"},"image":{"@type":"ImageObject","url":"https:\/\/candas365.es\/noticias\/wp-content\/uploads\/2023\/08\/cine.jpg","@id":"https:\/\/candas365.es\/noticias\/el-ocaso-del-cine-mudo\/#mainImage","width":640,"height":400,"caption":"cine"},"primaryImageOfPage":{"@id":"https:\/\/candas365.es\/noticias\/el-ocaso-del-cine-mudo\/#mainImage"},"datePublished":"2023-08-10T04:35:09+02:00","dateModified":"2023-08-10T04:35:45+02:00"},{"@type":"WebSite","@id":"https:\/\/candas365.es\/noticias\/#website","url":"https:\/\/candas365.es\/noticias\/","name":"Cand\u00e1s 365","alternateName":"Cand\u00e1s 365 Noticias","description":"Actualidad desde Carre\u00f1o para el mundo","inLanguage":"es-ES","publisher":{"@id":"https:\/\/candas365.es\/noticias\/#organization"}}]},"og:locale":"es_ES","og:site_name":"Cand\u00e1s 365","og:type":"article","og:title":"El ocaso del cine mudo | Cand\u00e1s 365","og:description":"La introducci\u00f3n del sonido en las pel\u00edculas, com\u00fanmente conocidas como &quot;talkies&quot;, marc\u00f3 un importante punto de inflexi\u00f3n en la historia del cine.","og:url":"https:\/\/candas365.es\/noticias\/el-ocaso-del-cine-mudo\/","og:image":"https:\/\/candas365.es\/noticias\/wp-content\/uploads\/2023\/08\/cine.jpg","og:image:secure_url":"https:\/\/candas365.es\/noticias\/wp-content\/uploads\/2023\/08\/cine.jpg","og:image:width":640,"og:image:height":400,"article:published_time":"2023-08-10T02:35:09+00:00","article:modified_time":"2023-08-10T02:35:45+00:00","article:publisher":"https:\/\/www.facebook.com\/Nachofdezber","article:author":"https:\/\/www.facebook.com\/carrenoactualidad","twitter:card":"summary_large_image","twitter:site":"@NabercoDigital","twitter:title":"El ocaso del cine mudo | Cand\u00e1s 365","twitter:description":"La introducci\u00f3n del sonido en las pel\u00edculas, com\u00fanmente conocidas como &quot;talkies&quot;, marc\u00f3 un importante punto de inflexi\u00f3n en la historia del cine.","twitter:creator":"@nbasturias","twitter:image":"https:\/\/candas365.es\/noticias\/wp-content\/uploads\/2023\/08\/cine.jpg","twitter:label1":"Escrito por","twitter:data1":"Cand\u00e1s 365","twitter:label2":"Tiempo de lectura estimado","twitter:data2":"3 minutos"},"aioseo_meta_data":{"post_id":"174900","title":null,"description":"La introducci\u00f3n del sonido en las pel\u00edculas, com\u00fanmente conocidas como \"talkies\", marc\u00f3 un importante punto de inflexi\u00f3n en la historia del cine.","keywords":[],"keyphrases":{"focus":{"keyphrase":"cine","score":91,"analysis":{"keyphraseInTitle":{"score":9,"maxScore":9,"error":0},"keyphraseInDescription":{"score":9,"maxScore":9,"error":0},"keyphraseLength":{"score":9,"maxScore":9,"error":0,"length":1},"keyphraseInURL":{"score":5,"maxScore":5,"error":0},"keyphraseInIntroduction":{"score":9,"maxScore":9,"error":0},"keyphraseInSubHeadings":{"score":3,"maxScore":9,"error":1},"keyphraseInImageAlt":{"score":9,"maxScore":9,"error":0},"keywordDensity":{"type":"best","score":9,"maxScore":9,"error":0}}},"additional":[{"keyphrase":"historia del cine","score":67,"analysis":{"keyphraseInDescription":{"score":9,"maxScore":9,"error":0},"keyphraseLength":{"score":9,"maxScore":9,"error":0,"length":3},"keyphraseInIntroduction":{"score":9,"maxScore":9,"error":0},"keyphraseInImageAlt":{"score":3,"maxScore":9,"error":1},"keywordDensity":{"score":0,"type":"low","maxScore":9,"error":1}}},{"keyphrase":"cine","score":100,"analysis":{"keyphraseInDescription":{"score":9,"maxScore":9,"error":0},"keyphraseLength":{"score":9,"maxScore":9,"error":0,"length":1},"keyphraseInIntroduction":{"score":9,"maxScore":9,"error":0},"keyphraseInImageAlt":{"score":9,"maxScore":9,"error":0},"keywordDensity":{"type":"best","score":9,"maxScore":9,"error":0}}}]},"primary_term":null,"canonical_url":null,"og_title":null,"og_description":null,"og_object_type":"default","og_image_type":"default","og_image_url":null,"og_image_width":null,"og_image_height":null,"og_image_custom_url":null,"og_image_custom_fields":null,"og_video":"","og_custom_url":null,"og_article_section":null,"og_article_tags":[],"twitter_use_og":false,"twitter_card":"default","twitter_image_type":"default","twitter_image_url":null,"twitter_image_custom_url":null,"twitter_image_custom_fields":null,"twitter_title":null,"twitter_description":null,"schema":{"blockGraphs":[],"customGraphs":[],"default":{"data":{"Article":[],"Course":[],"Dataset":[],"FAQPage":[],"Movie":[],"Person":[],"Product":[],"ProductReview":[],"Car":[],"Recipe":[],"Service":[],"SoftwareApplication":[],"WebPage":[]},"graphName":"Article","isEnabled":true},"graphs":[]},"schema_type":"default","schema_type_options":null,"pillar_content":false,"robots_default":true,"robots_noindex":false,"robots_noarchive":false,"robots_nosnippet":false,"robots_nofollow":false,"robots_noimageindex":false,"robots_noodp":false,"robots_notranslate":false,"robots_max_snippet":"-1","robots_max_videopreview":"-1","robots_max_imagepreview":"large","priority":null,"frequency":"default","location":null,"local_seo":null,"seo_analyzer_scan_date":"2025-09-01 21:49:19","breadcrumb_settings":null,"limit_modified_date":false,"reviewed_by":null,"open_ai":"{\"title\":{\"suggestions\":[],\"usage\":0},\"description\":{\"suggestions\":[],\"usage\":0}}","ai":null,"created":"2023-08-10 02:29:35","updated":"2025-09-01 21:49:19"},"aioseo_breadcrumb":"<div class=\"aioseo-breadcrumbs\"><span class=\"aioseo-breadcrumb\">\n\t<a href=\"https:\/\/candas365.es\/noticias\" title=\"Home\">Home<\/a>\n<\/span><span class=\"aioseo-breadcrumb-separator\">&ndash;<\/span><span class=\"aioseo-breadcrumb\">\n\t<a href=\"https:\/\/candas365.es\/noticias\/category\/revista\/\" title=\"Revista\">Revista<\/a>\n<\/span><span class=\"aioseo-breadcrumb-separator\">&ndash;<\/span><span class=\"aioseo-breadcrumb\">\n\tEl ocaso del cine mudo\n<\/span><\/div>","aioseo_breadcrumb_json":[{"label":"Home","link":"https:\/\/candas365.es\/noticias"},{"label":"Revista","link":"https:\/\/candas365.es\/noticias\/category\/revista\/"},{"label":"El ocaso del cine mudo","link":"https:\/\/candas365.es\/noticias\/el-ocaso-del-cine-mudo\/"}],"_links":{"self":[{"href":"https:\/\/candas365.es\/noticias\/wp-json\/wp\/v2\/posts\/174900","targetHints":{"allow":["GET"]}}],"collection":[{"href":"https:\/\/candas365.es\/noticias\/wp-json\/wp\/v2\/posts"}],"about":[{"href":"https:\/\/candas365.es\/noticias\/wp-json\/wp\/v2\/types\/post"}],"author":[{"embeddable":true,"href":"https:\/\/candas365.es\/noticias\/wp-json\/wp\/v2\/users\/1"}],"replies":[{"embeddable":true,"href":"https:\/\/candas365.es\/noticias\/wp-json\/wp\/v2\/comments?post=174900"}],"version-history":[{"count":0,"href":"https:\/\/candas365.es\/noticias\/wp-json\/wp\/v2\/posts\/174900\/revisions"}],"wp:featuredmedia":[{"embeddable":true,"href":"https:\/\/candas365.es\/noticias\/wp-json\/wp\/v2\/media\/174901"}],"wp:attachment":[{"href":"https:\/\/candas365.es\/noticias\/wp-json\/wp\/v2\/media?parent=174900"}],"wp:term":[{"taxonomy":"category","embeddable":true,"href":"https:\/\/candas365.es\/noticias\/wp-json\/wp\/v2\/categories?post=174900"},{"taxonomy":"post_tag","embeddable":true,"href":"https:\/\/candas365.es\/noticias\/wp-json\/wp\/v2\/tags?post=174900"}],"curies":[{"name":"wp","href":"https:\/\/api.w.org\/{rel}","templated":true}]}}