{"id":174848,"date":"2023-08-09T14:58:06","date_gmt":"2023-08-09T12:58:06","guid":{"rendered":"https:\/\/candas365.es\/noticias\/?p=174848"},"modified":"2023-08-09T15:03:08","modified_gmt":"2023-08-09T13:03:08","slug":"cine-de-verano-en-candas-los-estrenos-mas-famosos-de-los-80","status":"publish","type":"post","link":"https:\/\/candas365.es\/noticias\/cine-de-verano-en-candas-los-estrenos-mas-famosos-de-los-80\/","title":{"rendered":"Cine de verano en Cand\u00e1s: Los estrenos m\u00e1s famosos de los 80"},"content":{"rendered":"<p>El <strong>cine de verano<\/strong> siempre ha sido u<strong>na cita muy esperada por cientos de personas en Cand\u00e1s<\/strong>. En la d\u00e9cada de los 80, la temporada de estrenos se convirti\u00f3 en un fen\u00f3meno cultural; por aquel entonces los estudios y cineastas compet\u00edan para estrenar las pel\u00edculas m\u00e1s grandes y exitosas de la \u00e9poca.<\/p>\n<p><img fetchpriority=\"high\" decoding=\"async\" class=\"aligncenter wp-image-174849 size-full\" src=\"https:\/\/candas365.es\/noticias\/wp-content\/uploads\/2023\/08\/Cine-de-varano.jpg\" alt=\"Cine de varano\" width=\"640\" height=\"424\" srcset=\"https:\/\/candas365.es\/noticias\/wp-content\/uploads\/2023\/08\/Cine-de-varano.jpg 640w, https:\/\/candas365.es\/noticias\/wp-content\/uploads\/2023\/08\/Cine-de-varano-360x239.jpg 360w, https:\/\/candas365.es\/noticias\/wp-content\/uploads\/2023\/08\/Cine-de-varano-150x99.jpg 150w, https:\/\/candas365.es\/noticias\/wp-content\/uploads\/2023\/08\/Cine-de-varano-450x298.jpg 450w\" sizes=\"(max-width: 640px) 100vw, 640px\" \/><\/p>\n<p>La d\u00e9cada de los 80 vio un <strong>cambio significativo en la industria cinematogr\u00e1fica<\/strong>, con el auge de las pel\u00edculas de gran \u00e9xito y el cambio en las fechas de estreno. Esto se debi\u00f3 en gran parte al \u00e9xito de pel\u00edculas como Tibur\u00f3n (1975) y Star Wars (1977), que demostraron que el verano era el momento perfecto para estrenar pel\u00edculas de gran presupuesto que atraer\u00edan a un gran p\u00fablico.<\/p>\n<blockquote><p>Aquellos que vivieron el \u00abcine de verano\u00bb en Cand\u00e1s seguro que tendr\u00e1n a\u00fan frescos en su mente momentos, an\u00e9cdotas e incluso alguna entrada guardada por casa.<\/p><\/blockquote>\n<h2>Una experiencia compartida<\/h2>\n<p>El cine de verano se convirti\u00f3 en una experiencia compartida por grupos de amigos, familias y por esas personas que <strong>disfrutaban de las butacas, el olor a palomitas y dem\u00e1s chuches que le pon\u00edan sabor a esas tardes o noches de cine.<\/strong><\/p>\n<p>La nostalgia y el valor sentimental de los estrenos de pel\u00edculas de verano de los 80 han perdurado hasta el d\u00eda de hoy, y<strong> muchas personas a\u00fan recuerdan con cari\u00f1o la emoci\u00f3n de ir al cine durante los meses de verano en Cand\u00e1s.<\/strong><\/p>\n<h2>Pel\u00edculas ic\u00f3nicas de verano<\/h2>\n<p>Los a\u00f1os 80 vieron el lanzamiento de muchas pel\u00edculas ic\u00f3nicas de verano, pero tres destacan como las m\u00e1s famosas: <strong>\u00abRegreso al futuro\u00bb (1985), \u00abCazafantasmas\u00bb (1984) y \u00abE.T. el extraterrestre\u00bb (1982). \u00abBack to the Future\u00bb<\/strong> sigue siendo un cl\u00e1sico y recordado por millones de personas, con su historia de viajes en el tiempo y personajes memorables. \u00abGhostbusters\u00bb combin\u00f3 la comedia y el terror de una manera \u00fanica, convirti\u00e9ndose en un fen\u00f3meno cultural y generando una secuela y un reinicio. \u00abE.T\u00bb fue una historia conmovedora y emotiva sobre la amistad y la aceptaci\u00f3n, y sigue siendo una de las pel\u00edculas m\u00e1s taquilleras de todos los tiempos.<\/p>\n<p>En la era moderna, el cine de verano ha evolucionado. Las pel\u00edculas y adaptaciones de franquicia son ahora la norma, con estudios que dependen de marcas establecidas y propiedad intelectual para atraer audiencias.<\/p>\n<p>Los servicios de transmisi\u00f3n tambi\u00e9n han tenido un impacto significativo en las experiencias tradicionales de cine, y muchas personas optan por ver pel\u00edculas en casa. Sin embargo, no se puede negar la continua influencia de las pel\u00edculas cl\u00e1sicas de verano de los 80 en la cultura pop moderna. Estas pel\u00edculas han inspirado a innumerables cineastas y contin\u00faan siendo celebradas y vistas por nuevas generaciones de cin\u00e9filos.<\/p>\n<p>El cine de verano en la d\u00e9cada de los 80 fue un <strong>fen\u00f3meno cultural<\/strong> que tuvo un impacto duradero en la industria cinematogr\u00e1fica y la cultura pop como entero. Los estrenos de pel\u00edculas de verano fueron sin duda un acontecimiento social y una manera diferente de vivir y disfrutar la vida.<\/p>\n","protected":false},"excerpt":{"rendered":"<p>El cine de verano siempre ha sido una cita muy esperada por cientos de personas en Cand\u00e1s. En la d\u00e9cada de los 80, la temporada de estrenos se convirti\u00f3 en un fen\u00f3meno cultural; por aquel entonces los estudios y cineastas compet\u00edan para estrenar las pel\u00edculas m\u00e1s grandes y exitosas de la \u00e9poca. La d\u00e9cada de<\/p>\n","protected":false},"author":1,"featured_media":174849,"comment_status":"closed","ping_status":"closed","sticky":false,"template":"","format":"standard","meta":{"footnotes":""},"categories":[2],"tags":[366,430],"class_list":{"0":"post-174848","1":"post","2":"type-post","3":"status-publish","4":"format-standard","5":"has-post-thumbnail","7":"category-noticias-carreno","8":"tag-candas","9":"tag-cultura"},"aioseo_notices":[],"aioseo_head":"\n\t\t<!-- All in One SEO Pro 4.9.6.2 - aioseo.com -->\n\t<meta name=\"description\" content=\"El cine de verano siempre ha sido una cita muy esperada por cientos de personas en Cand\u00e1s. En la d\u00e9cada de los 80, la temporada de estrenos se convirti\u00f3\" \/>\n\t<meta name=\"robots\" content=\"max-image-preview:large\" \/>\n\t<meta name=\"author\" content=\"Cand\u00e1s 365\"\/>\n\t<meta name=\"google-site-verification\" content=\"UA-32230408-1\" \/>\n\t<meta name=\"msvalidate.01\" content=\"354F3CDFB2DA171B47FBE9ABF1F88D5\" \/>\n\t<meta name=\"keywords\" content=\"noticias carre\u00f1o\" \/>\n\t<link rel=\"canonical\" href=\"https:\/\/candas365.es\/noticias\/cine-de-verano-en-candas-los-estrenos-mas-famosos-de-los-80\/\" \/>\n\t<meta name=\"generator\" content=\"All in One SEO Pro (AIOSEO) 4.9.6.2\" \/>\n\t\t<meta property=\"og:locale\" content=\"es_ES\" \/>\n\t\t<meta property=\"og:site_name\" content=\"Cand\u00e1s 365\" \/>\n\t\t<meta property=\"og:type\" content=\"article\" \/>\n\t\t<meta property=\"og:title\" content=\"Cine de verano en Cand\u00e1s: Los estrenos m\u00e1s famosos de los 80 | Cand\u00e1s 365\" \/>\n\t\t<meta property=\"og:description\" content=\"El cine de verano siempre ha sido una cita muy esperada por cientos de personas en Cand\u00e1s. En la d\u00e9cada de los 80, la temporada de estrenos se convirti\u00f3\" \/>\n\t\t<meta property=\"og:url\" content=\"https:\/\/candas365.es\/noticias\/cine-de-verano-en-candas-los-estrenos-mas-famosos-de-los-80\/\" \/>\n\t\t<meta property=\"og:image\" content=\"https:\/\/candas365.es\/noticias\/wp-content\/uploads\/2023\/08\/Cine-de-varano.jpg\" \/>\n\t\t<meta property=\"og:image:secure_url\" content=\"https:\/\/candas365.es\/noticias\/wp-content\/uploads\/2023\/08\/Cine-de-varano.jpg\" \/>\n\t\t<meta property=\"og:image:width\" content=\"640\" \/>\n\t\t<meta property=\"og:image:height\" content=\"424\" \/>\n\t\t<meta property=\"article:published_time\" content=\"2023-08-09T12:58:06+00:00\" \/>\n\t\t<meta property=\"article:modified_time\" content=\"2023-08-09T13:03:08+00:00\" \/>\n\t\t<meta property=\"article:publisher\" content=\"https:\/\/www.facebook.com\/Nachofdezber\" \/>\n\t\t<meta property=\"article:author\" content=\"https:\/\/www.facebook.com\/carrenoactualidad\" \/>\n\t\t<meta name=\"twitter:card\" content=\"summary_large_image\" \/>\n\t\t<meta name=\"twitter:site\" content=\"@NabercoDigital\" \/>\n\t\t<meta name=\"twitter:title\" content=\"Cine de verano en Cand\u00e1s: Los estrenos m\u00e1s famosos de los 80 | Cand\u00e1s 365\" \/>\n\t\t<meta name=\"twitter:description\" content=\"El cine de verano siempre ha sido una cita muy esperada por cientos de personas en Cand\u00e1s. En la d\u00e9cada de los 80, la temporada de estrenos se convirti\u00f3\" \/>\n\t\t<meta name=\"twitter:creator\" content=\"@nbasturias\" \/>\n\t\t<meta name=\"twitter:image\" content=\"https:\/\/candas365.es\/noticias\/wp-content\/uploads\/2023\/08\/Cine-de-varano.jpg\" \/>\n\t\t<meta name=\"twitter:label1\" content=\"Escrito por\" \/>\n\t\t<meta name=\"twitter:data1\" content=\"Cand\u00e1s 365\" \/>\n\t\t<meta name=\"twitter:label2\" content=\"Tiempo de lectura estimado\" \/>\n\t\t<meta name=\"twitter:data2\" content=\"3 minutos\" \/>\n\t\t<script type=\"application\/ld+json\" class=\"aioseo-schema\">\n\t\t\t{\"@context\":\"https:\\\/\\\/schema.org\",\"@graph\":[{\"@type\":\"BreadcrumbList\",\"@id\":\"https:\\\/\\\/candas365.es\\\/noticias\\\/cine-de-verano-en-candas-los-estrenos-mas-famosos-de-los-80\\\/#breadcrumblist\",\"itemListElement\":[{\"@type\":\"ListItem\",\"@id\":\"https:\\\/\\\/candas365.es\\\/noticias#listItem\",\"position\":1,\"name\":\"Home\",\"item\":\"https:\\\/\\\/candas365.es\\\/noticias\",\"nextItem\":{\"@type\":\"ListItem\",\"@id\":\"https:\\\/\\\/candas365.es\\\/noticias\\\/category\\\/noticias-carreno\\\/#listItem\",\"name\":\"Noticias Carre\\u00f1o\"}},{\"@type\":\"ListItem\",\"@id\":\"https:\\\/\\\/candas365.es\\\/noticias\\\/category\\\/noticias-carreno\\\/#listItem\",\"position\":2,\"name\":\"Noticias Carre\\u00f1o\",\"item\":\"https:\\\/\\\/candas365.es\\\/noticias\\\/category\\\/noticias-carreno\\\/\",\"nextItem\":{\"@type\":\"ListItem\",\"@id\":\"https:\\\/\\\/candas365.es\\\/noticias\\\/cine-de-verano-en-candas-los-estrenos-mas-famosos-de-los-80\\\/#listItem\",\"name\":\"Cine de verano en Cand\\u00e1s: Los estrenos m\\u00e1s famosos de los 80\"},\"previousItem\":{\"@type\":\"ListItem\",\"@id\":\"https:\\\/\\\/candas365.es\\\/noticias#listItem\",\"name\":\"Home\"}},{\"@type\":\"ListItem\",\"@id\":\"https:\\\/\\\/candas365.es\\\/noticias\\\/cine-de-verano-en-candas-los-estrenos-mas-famosos-de-los-80\\\/#listItem\",\"position\":3,\"name\":\"Cine de verano en Cand\\u00e1s: Los estrenos m\\u00e1s famosos de los 80\",\"previousItem\":{\"@type\":\"ListItem\",\"@id\":\"https:\\\/\\\/candas365.es\\\/noticias\\\/category\\\/noticias-carreno\\\/#listItem\",\"name\":\"Noticias Carre\\u00f1o\"}}]},{\"@type\":\"NewsArticle\",\"@id\":\"https:\\\/\\\/candas365.es\\\/noticias\\\/cine-de-verano-en-candas-los-estrenos-mas-famosos-de-los-80\\\/#newsarticle\",\"name\":\"Cine de verano en Cand\\u00e1s: Los estrenos m\\u00e1s famosos de los 80 | Cand\\u00e1s 365\",\"headline\":\"Cine de verano en Cand\\u00e1s: Los estrenos m\\u00e1s famosos de los 80\",\"author\":{\"@id\":\"https:\\\/\\\/candas365.es\\\/noticias\\\/author\\\/admin\\\/#author\"},\"publisher\":{\"@id\":\"https:\\\/\\\/candas365.es\\\/noticias\\\/#organization\"},\"image\":{\"@type\":\"ImageObject\",\"url\":\"https:\\\/\\\/candas365.es\\\/noticias\\\/wp-content\\\/uploads\\\/2023\\\/08\\\/Cine-de-varano.jpg\",\"width\":640,\"height\":424,\"caption\":\"Cine de varano\"},\"datePublished\":\"2023-08-09T14:58:06+02:00\",\"dateModified\":\"2023-08-09T15:03:08+02:00\",\"inLanguage\":\"es-ES\",\"mainEntityOfPage\":{\"@id\":\"https:\\\/\\\/candas365.es\\\/noticias\\\/cine-de-verano-en-candas-los-estrenos-mas-famosos-de-los-80\\\/#webpage\"},\"isPartOf\":{\"@id\":\"https:\\\/\\\/candas365.es\\\/noticias\\\/cine-de-verano-en-candas-los-estrenos-mas-famosos-de-los-80\\\/#webpage\"},\"articleSection\":\"Noticias Carre\\u00f1o, Cand\\u00e1s, cultura\",\"dateline\":\"Publicado el agosto 9, 2023.\"},{\"@type\":\"Organization\",\"@id\":\"https:\\\/\\\/candas365.es\\\/noticias\\\/#organization\",\"name\":\"Cand\\u00e1s 365\",\"description\":\"Cand\\u00e1s 365 es un diario digital independiente, fundado en 2012, con base en Asturias. Informamos con rigor sobre actualidad, sociedad, cultura y ocio, con una mirada local y global.\",\"url\":\"https:\\\/\\\/candas365.es\\\/noticias\\\/\",\"email\":\"info@candas365.es\",\"telephone\":\"+34652131393\",\"foundingDate\":\"2012-06-10\",\"logo\":{\"@type\":\"ImageObject\",\"url\":\"https:\\\/\\\/candas365.es\\\/noticias\\\/wp-content\\\/uploads\\\/2024\\\/09\\\/Candas-365-Redes.jpg\",\"@id\":\"https:\\\/\\\/candas365.es\\\/noticias\\\/cine-de-verano-en-candas-los-estrenos-mas-famosos-de-los-80\\\/#organizationLogo\",\"width\":1152,\"height\":864,\"caption\":\"Cand\\u00e1s 365 Redes\"},\"image\":{\"@id\":\"https:\\\/\\\/candas365.es\\\/noticias\\\/cine-de-verano-en-candas-los-estrenos-mas-famosos-de-los-80\\\/#organizationLogo\"},\"sameAs\":[\"https:\\\/\\\/www.facebook.com\\\/Nachofdezber\",\"https:\\\/\\\/x.com\\\/NabercoDigital\",\"https:\\\/\\\/www.instagram.com\\\/nachofdezber\\\/\",\"https:\\\/\\\/www.youtube.com\\\/channel\\\/UCZP-2wLEB9Rv6erhFmqVnvg\"],\"address\":{\"@id\":\"https:\\\/\\\/candas365.es\\\/noticias\\\/#postaladdress\",\"@type\":\"PostalAddress\",\"streetAddress\":\"san antonio 4, san antonio 4\",\"postalCode\":\"33430\",\"addressLocality\":\"Cand\\u00e1s\",\"addressRegion\":\"Asturias\",\"addressCountry\":\"ES\"}},{\"@type\":\"Person\",\"@id\":\"https:\\\/\\\/candas365.es\\\/noticias\\\/author\\\/admin\\\/#author\",\"url\":\"https:\\\/\\\/candas365.es\\\/noticias\\\/author\\\/admin\\\/\",\"name\":\"Cand\\u00e1s 365\",\"image\":{\"@type\":\"ImageObject\",\"@id\":\"https:\\\/\\\/candas365.es\\\/noticias\\\/cine-de-verano-en-candas-los-estrenos-mas-famosos-de-los-80\\\/#authorImage\",\"url\":\"https:\\\/\\\/secure.gravatar.com\\\/avatar\\\/496a8e03d0c493ede1718b7934145dbdf8d89be1036b0eec9544e1094c9de390?s=96&d=mm&r=g\",\"width\":96,\"height\":96,\"caption\":\"Cand\\u00e1s 365\"},\"sameAs\":[\"https:\\\/\\\/www.facebook.com\\\/carrenoactualidad\",\"https:\\\/\\\/twitter.com\\\/nbasturias\",\"https:\\\/\\\/www.instagram.com\\\/nachofdezber\\\/\",\"https:\\\/\\\/www.youtube.com\\\/channel\\\/UCZP-2wLEB9Rv6erhFmqVnvg\"]},{\"@type\":\"WebPage\",\"@id\":\"https:\\\/\\\/candas365.es\\\/noticias\\\/cine-de-verano-en-candas-los-estrenos-mas-famosos-de-los-80\\\/#webpage\",\"url\":\"https:\\\/\\\/candas365.es\\\/noticias\\\/cine-de-verano-en-candas-los-estrenos-mas-famosos-de-los-80\\\/\",\"name\":\"Cine de verano en Cand\\u00e1s: Los estrenos m\\u00e1s famosos de los 80 | Cand\\u00e1s 365\",\"description\":\"El cine de verano siempre ha sido una cita muy esperada por cientos de personas en Cand\\u00e1s. En la d\\u00e9cada de los 80, la temporada de estrenos se convirti\\u00f3\",\"inLanguage\":\"es-ES\",\"isPartOf\":{\"@id\":\"https:\\\/\\\/candas365.es\\\/noticias\\\/#website\"},\"breadcrumb\":{\"@id\":\"https:\\\/\\\/candas365.es\\\/noticias\\\/cine-de-verano-en-candas-los-estrenos-mas-famosos-de-los-80\\\/#breadcrumblist\"},\"author\":{\"@id\":\"https:\\\/\\\/candas365.es\\\/noticias\\\/author\\\/admin\\\/#author\"},\"creator\":{\"@id\":\"https:\\\/\\\/candas365.es\\\/noticias\\\/author\\\/admin\\\/#author\"},\"image\":{\"@type\":\"ImageObject\",\"url\":\"https:\\\/\\\/candas365.es\\\/noticias\\\/wp-content\\\/uploads\\\/2023\\\/08\\\/Cine-de-varano.jpg\",\"@id\":\"https:\\\/\\\/candas365.es\\\/noticias\\\/cine-de-verano-en-candas-los-estrenos-mas-famosos-de-los-80\\\/#mainImage\",\"width\":640,\"height\":424,\"caption\":\"Cine de varano\"},\"primaryImageOfPage\":{\"@id\":\"https:\\\/\\\/candas365.es\\\/noticias\\\/cine-de-verano-en-candas-los-estrenos-mas-famosos-de-los-80\\\/#mainImage\"},\"datePublished\":\"2023-08-09T14:58:06+02:00\",\"dateModified\":\"2023-08-09T15:03:08+02:00\"},{\"@type\":\"WebSite\",\"@id\":\"https:\\\/\\\/candas365.es\\\/noticias\\\/#website\",\"url\":\"https:\\\/\\\/candas365.es\\\/noticias\\\/\",\"name\":\"Cand\\u00e1s 365\",\"alternateName\":\"Cand\\u00e1s 365 Noticias\",\"description\":\"Actualidad desde Carre\\u00f1o para el mundo\",\"inLanguage\":\"es-ES\",\"publisher\":{\"@id\":\"https:\\\/\\\/candas365.es\\\/noticias\\\/#organization\"}}]}\n\t\t<\/script>\n\t\t<!-- All in One SEO Pro -->\r\n\t\t<title>Cine de verano en Cand\u00e1s: Los estrenos m\u00e1s famosos de los 80 | Cand\u00e1s 365<\/title>\n\n","aioseo_head_json":{"title":"Cine de verano en Cand\u00e1s: Los estrenos m\u00e1s famosos de los 80 | Cand\u00e1s 365","description":"El cine de verano siempre ha sido una cita muy esperada por cientos de personas en Cand\u00e1s. En la d\u00e9cada de los 80, la temporada de estrenos se convirti\u00f3","canonical_url":"https:\/\/candas365.es\/noticias\/cine-de-verano-en-candas-los-estrenos-mas-famosos-de-los-80\/","robots":"max-image-preview:large","keywords":"noticias carre\u00f1o","webmasterTools":{"google-site-verification":"UA-32230408-1","msvalidate.01":"354F3CDFB2DA171B47FBE9ABF1F88D5","miscellaneous":""},"schema":{"@context":"https:\/\/schema.org","@graph":[{"@type":"BreadcrumbList","@id":"https:\/\/candas365.es\/noticias\/cine-de-verano-en-candas-los-estrenos-mas-famosos-de-los-80\/#breadcrumblist","itemListElement":[{"@type":"ListItem","@id":"https:\/\/candas365.es\/noticias#listItem","position":1,"name":"Home","item":"https:\/\/candas365.es\/noticias","nextItem":{"@type":"ListItem","@id":"https:\/\/candas365.es\/noticias\/category\/noticias-carreno\/#listItem","name":"Noticias Carre\u00f1o"}},{"@type":"ListItem","@id":"https:\/\/candas365.es\/noticias\/category\/noticias-carreno\/#listItem","position":2,"name":"Noticias Carre\u00f1o","item":"https:\/\/candas365.es\/noticias\/category\/noticias-carreno\/","nextItem":{"@type":"ListItem","@id":"https:\/\/candas365.es\/noticias\/cine-de-verano-en-candas-los-estrenos-mas-famosos-de-los-80\/#listItem","name":"Cine de verano en Cand\u00e1s: Los estrenos m\u00e1s famosos de los 80"},"previousItem":{"@type":"ListItem","@id":"https:\/\/candas365.es\/noticias#listItem","name":"Home"}},{"@type":"ListItem","@id":"https:\/\/candas365.es\/noticias\/cine-de-verano-en-candas-los-estrenos-mas-famosos-de-los-80\/#listItem","position":3,"name":"Cine de verano en Cand\u00e1s: Los estrenos m\u00e1s famosos de los 80","previousItem":{"@type":"ListItem","@id":"https:\/\/candas365.es\/noticias\/category\/noticias-carreno\/#listItem","name":"Noticias Carre\u00f1o"}}]},{"@type":"NewsArticle","@id":"https:\/\/candas365.es\/noticias\/cine-de-verano-en-candas-los-estrenos-mas-famosos-de-los-80\/#newsarticle","name":"Cine de verano en Cand\u00e1s: Los estrenos m\u00e1s famosos de los 80 | Cand\u00e1s 365","headline":"Cine de verano en Cand\u00e1s: Los estrenos m\u00e1s famosos de los 80","author":{"@id":"https:\/\/candas365.es\/noticias\/author\/admin\/#author"},"publisher":{"@id":"https:\/\/candas365.es\/noticias\/#organization"},"image":{"@type":"ImageObject","url":"https:\/\/candas365.es\/noticias\/wp-content\/uploads\/2023\/08\/Cine-de-varano.jpg","width":640,"height":424,"caption":"Cine de varano"},"datePublished":"2023-08-09T14:58:06+02:00","dateModified":"2023-08-09T15:03:08+02:00","inLanguage":"es-ES","mainEntityOfPage":{"@id":"https:\/\/candas365.es\/noticias\/cine-de-verano-en-candas-los-estrenos-mas-famosos-de-los-80\/#webpage"},"isPartOf":{"@id":"https:\/\/candas365.es\/noticias\/cine-de-verano-en-candas-los-estrenos-mas-famosos-de-los-80\/#webpage"},"articleSection":"Noticias Carre\u00f1o, Cand\u00e1s, cultura","dateline":"Publicado el agosto 9, 2023."},{"@type":"Organization","@id":"https:\/\/candas365.es\/noticias\/#organization","name":"Cand\u00e1s 365","description":"Cand\u00e1s 365 es un diario digital independiente, fundado en 2012, con base en Asturias. Informamos con rigor sobre actualidad, sociedad, cultura y ocio, con una mirada local y global.","url":"https:\/\/candas365.es\/noticias\/","email":"info@candas365.es","telephone":"+34652131393","foundingDate":"2012-06-10","logo":{"@type":"ImageObject","url":"https:\/\/candas365.es\/noticias\/wp-content\/uploads\/2024\/09\/Candas-365-Redes.jpg","@id":"https:\/\/candas365.es\/noticias\/cine-de-verano-en-candas-los-estrenos-mas-famosos-de-los-80\/#organizationLogo","width":1152,"height":864,"caption":"Cand\u00e1s 365 Redes"},"image":{"@id":"https:\/\/candas365.es\/noticias\/cine-de-verano-en-candas-los-estrenos-mas-famosos-de-los-80\/#organizationLogo"},"sameAs":["https:\/\/www.facebook.com\/Nachofdezber","https:\/\/x.com\/NabercoDigital","https:\/\/www.instagram.com\/nachofdezber\/","https:\/\/www.youtube.com\/channel\/UCZP-2wLEB9Rv6erhFmqVnvg"],"address":{"@id":"https:\/\/candas365.es\/noticias\/#postaladdress","@type":"PostalAddress","streetAddress":"san antonio 4, san antonio 4","postalCode":"33430","addressLocality":"Cand\u00e1s","addressRegion":"Asturias","addressCountry":"ES"}},{"@type":"Person","@id":"https:\/\/candas365.es\/noticias\/author\/admin\/#author","url":"https:\/\/candas365.es\/noticias\/author\/admin\/","name":"Cand\u00e1s 365","image":{"@type":"ImageObject","@id":"https:\/\/candas365.es\/noticias\/cine-de-verano-en-candas-los-estrenos-mas-famosos-de-los-80\/#authorImage","url":"https:\/\/secure.gravatar.com\/avatar\/496a8e03d0c493ede1718b7934145dbdf8d89be1036b0eec9544e1094c9de390?s=96&d=mm&r=g","width":96,"height":96,"caption":"Cand\u00e1s 365"},"sameAs":["https:\/\/www.facebook.com\/carrenoactualidad","https:\/\/twitter.com\/nbasturias","https:\/\/www.instagram.com\/nachofdezber\/","https:\/\/www.youtube.com\/channel\/UCZP-2wLEB9Rv6erhFmqVnvg"]},{"@type":"WebPage","@id":"https:\/\/candas365.es\/noticias\/cine-de-verano-en-candas-los-estrenos-mas-famosos-de-los-80\/#webpage","url":"https:\/\/candas365.es\/noticias\/cine-de-verano-en-candas-los-estrenos-mas-famosos-de-los-80\/","name":"Cine de verano en Cand\u00e1s: Los estrenos m\u00e1s famosos de los 80 | Cand\u00e1s 365","description":"El cine de verano siempre ha sido una cita muy esperada por cientos de personas en Cand\u00e1s. En la d\u00e9cada de los 80, la temporada de estrenos se convirti\u00f3","inLanguage":"es-ES","isPartOf":{"@id":"https:\/\/candas365.es\/noticias\/#website"},"breadcrumb":{"@id":"https:\/\/candas365.es\/noticias\/cine-de-verano-en-candas-los-estrenos-mas-famosos-de-los-80\/#breadcrumblist"},"author":{"@id":"https:\/\/candas365.es\/noticias\/author\/admin\/#author"},"creator":{"@id":"https:\/\/candas365.es\/noticias\/author\/admin\/#author"},"image":{"@type":"ImageObject","url":"https:\/\/candas365.es\/noticias\/wp-content\/uploads\/2023\/08\/Cine-de-varano.jpg","@id":"https:\/\/candas365.es\/noticias\/cine-de-verano-en-candas-los-estrenos-mas-famosos-de-los-80\/#mainImage","width":640,"height":424,"caption":"Cine de varano"},"primaryImageOfPage":{"@id":"https:\/\/candas365.es\/noticias\/cine-de-verano-en-candas-los-estrenos-mas-famosos-de-los-80\/#mainImage"},"datePublished":"2023-08-09T14:58:06+02:00","dateModified":"2023-08-09T15:03:08+02:00"},{"@type":"WebSite","@id":"https:\/\/candas365.es\/noticias\/#website","url":"https:\/\/candas365.es\/noticias\/","name":"Cand\u00e1s 365","alternateName":"Cand\u00e1s 365 Noticias","description":"Actualidad desde Carre\u00f1o para el mundo","inLanguage":"es-ES","publisher":{"@id":"https:\/\/candas365.es\/noticias\/#organization"}}]},"og:locale":"es_ES","og:site_name":"Cand\u00e1s 365","og:type":"article","og:title":"Cine de verano en Cand\u00e1s: Los estrenos m\u00e1s famosos de los 80 | Cand\u00e1s 365","og:description":"El cine de verano siempre ha sido una cita muy esperada por cientos de personas en Cand\u00e1s. En la d\u00e9cada de los 80, la temporada de estrenos se convirti\u00f3","og:url":"https:\/\/candas365.es\/noticias\/cine-de-verano-en-candas-los-estrenos-mas-famosos-de-los-80\/","og:image":"https:\/\/candas365.es\/noticias\/wp-content\/uploads\/2023\/08\/Cine-de-varano.jpg","og:image:secure_url":"https:\/\/candas365.es\/noticias\/wp-content\/uploads\/2023\/08\/Cine-de-varano.jpg","og:image:width":640,"og:image:height":424,"article:published_time":"2023-08-09T12:58:06+00:00","article:modified_time":"2023-08-09T13:03:08+00:00","article:publisher":"https:\/\/www.facebook.com\/Nachofdezber","article:author":"https:\/\/www.facebook.com\/carrenoactualidad","twitter:card":"summary_large_image","twitter:site":"@NabercoDigital","twitter:title":"Cine de verano en Cand\u00e1s: Los estrenos m\u00e1s famosos de los 80 | Cand\u00e1s 365","twitter:description":"El cine de verano siempre ha sido una cita muy esperada por cientos de personas en Cand\u00e1s. En la d\u00e9cada de los 80, la temporada de estrenos se convirti\u00f3","twitter:creator":"@nbasturias","twitter:image":"https:\/\/candas365.es\/noticias\/wp-content\/uploads\/2023\/08\/Cine-de-varano.jpg","twitter:label1":"Escrito por","twitter:data1":"Cand\u00e1s 365","twitter:label2":"Tiempo de lectura estimado","twitter:data2":"3 minutos"},"aioseo_meta_data":{"post_id":"174848","title":null,"description":"El cine de verano siempre ha sido una cita muy esperada por cientos de personas en Cand\u00e1s. En la d\u00e9cada de los 80, la temporada de estrenos se convirti\u00f3","keywords":[],"keyphrases":{"focus":{"keyphrase":"Cand\u00e1s","score":82,"analysis":{"keyphraseInTitle":{"score":9,"maxScore":9,"error":0},"keyphraseInDescription":{"score":9,"maxScore":9,"error":0},"keyphraseLength":{"score":9,"maxScore":9,"error":0,"length":2},"keyphraseInURL":{"score":5,"maxScore":5,"error":0},"keyphraseInIntroduction":{"score":9,"maxScore":9,"error":0},"keyphraseInSubHeadings":{"score":3,"maxScore":9,"error":1},"keyphraseInImageAlt":{"score":3,"maxScore":9,"error":1},"keywordDensity":{"type":"best","score":9,"maxScore":9,"error":0}}},"additional":[{"keyphrase":"cine de verano ","score":100,"analysis":{"keyphraseInDescription":{"score":9,"maxScore":9,"error":0},"keyphraseLength":{"score":9,"maxScore":9,"error":0,"length":3},"keyphraseInIntroduction":{"score":9,"maxScore":9,"error":0},"keyphraseInImageAlt":{"score":9,"maxScore":9,"error":0},"keywordDensity":{"type":"best","score":9,"maxScore":9,"error":0}}},{"keyphrase":" Cand\u00e1s","score":100,"analysis":{"keyphraseInDescription":{"score":9,"maxScore":9,"error":0},"keyphraseLength":{"score":9,"maxScore":9,"error":0,"length":2},"keyphraseInIntroduction":{"score":9,"maxScore":9,"error":0},"keyphraseInImageAlt":{"score":9,"maxScore":9,"error":0},"keywordDensity":{"type":"best","score":9,"maxScore":9,"error":0}}}]},"primary_term":null,"canonical_url":null,"og_title":null,"og_description":null,"og_object_type":"default","og_image_type":"default","og_image_url":null,"og_image_width":null,"og_image_height":null,"og_image_custom_url":null,"og_image_custom_fields":null,"og_video":"","og_custom_url":null,"og_article_section":null,"og_article_tags":[],"twitter_use_og":false,"twitter_card":"default","twitter_image_type":"default","twitter_image_url":null,"twitter_image_custom_url":null,"twitter_image_custom_fields":null,"twitter_title":null,"twitter_description":null,"schema":{"blockGraphs":[],"customGraphs":[],"default":{"data":{"Article":[],"Course":[],"Dataset":[],"FAQPage":[],"Movie":[],"Person":[],"Product":[],"ProductReview":[],"Car":[],"Recipe":[],"Service":[],"SoftwareApplication":[],"WebPage":[]},"graphName":"Article","isEnabled":true},"graphs":[]},"schema_type":"default","schema_type_options":null,"pillar_content":false,"robots_default":true,"robots_noindex":false,"robots_noarchive":false,"robots_nosnippet":false,"robots_nofollow":false,"robots_noimageindex":false,"robots_noodp":false,"robots_notranslate":false,"robots_max_snippet":"-1","robots_max_videopreview":"-1","robots_max_imagepreview":"large","priority":null,"frequency":"default","location":null,"local_seo":null,"seo_analyzer_scan_date":"2025-09-01 21:44:16","breadcrumb_settings":null,"limit_modified_date":false,"reviewed_by":null,"open_ai":"{\"title\":{\"suggestions\":[],\"usage\":0},\"description\":{\"suggestions\":[],\"usage\":0}}","ai":null,"created":"2023-08-09 12:43:45","updated":"2025-09-01 21:44:16"},"aioseo_breadcrumb":"<div class=\"aioseo-breadcrumbs\"><span class=\"aioseo-breadcrumb\">\n\t<a href=\"https:\/\/candas365.es\/noticias\" title=\"Home\">Home<\/a>\n<\/span><span class=\"aioseo-breadcrumb-separator\">&ndash;<\/span><span class=\"aioseo-breadcrumb\">\n\t<a href=\"https:\/\/candas365.es\/noticias\/category\/noticias-carreno\/\" title=\"Noticias Carre\u00f1o\">Noticias Carre\u00f1o<\/a>\n<\/span><span class=\"aioseo-breadcrumb-separator\">&ndash;<\/span><span class=\"aioseo-breadcrumb\">\n\tCine de verano en Cand\u00e1s: Los estrenos m\u00e1s famosos de los 80\n<\/span><\/div>","aioseo_breadcrumb_json":[{"label":"Home","link":"https:\/\/candas365.es\/noticias"},{"label":"Noticias Carre\u00f1o","link":"https:\/\/candas365.es\/noticias\/category\/noticias-carreno\/"},{"label":"Cine de verano en Cand\u00e1s: Los estrenos m\u00e1s famosos de los 80","link":"https:\/\/candas365.es\/noticias\/cine-de-verano-en-candas-los-estrenos-mas-famosos-de-los-80\/"}],"_links":{"self":[{"href":"https:\/\/candas365.es\/noticias\/wp-json\/wp\/v2\/posts\/174848","targetHints":{"allow":["GET"]}}],"collection":[{"href":"https:\/\/candas365.es\/noticias\/wp-json\/wp\/v2\/posts"}],"about":[{"href":"https:\/\/candas365.es\/noticias\/wp-json\/wp\/v2\/types\/post"}],"author":[{"embeddable":true,"href":"https:\/\/candas365.es\/noticias\/wp-json\/wp\/v2\/users\/1"}],"replies":[{"embeddable":true,"href":"https:\/\/candas365.es\/noticias\/wp-json\/wp\/v2\/comments?post=174848"}],"version-history":[{"count":0,"href":"https:\/\/candas365.es\/noticias\/wp-json\/wp\/v2\/posts\/174848\/revisions"}],"wp:featuredmedia":[{"embeddable":true,"href":"https:\/\/candas365.es\/noticias\/wp-json\/wp\/v2\/media\/174849"}],"wp:attachment":[{"href":"https:\/\/candas365.es\/noticias\/wp-json\/wp\/v2\/media?parent=174848"}],"wp:term":[{"taxonomy":"category","embeddable":true,"href":"https:\/\/candas365.es\/noticias\/wp-json\/wp\/v2\/categories?post=174848"},{"taxonomy":"post_tag","embeddable":true,"href":"https:\/\/candas365.es\/noticias\/wp-json\/wp\/v2\/tags?post=174848"}],"curies":[{"name":"wp","href":"https:\/\/api.w.org\/{rel}","templated":true}]}}