{"id":174774,"date":"2023-08-07T16:23:53","date_gmt":"2023-08-07T14:23:53","guid":{"rendered":"https:\/\/candas365.es\/noticias\/?p=174774"},"modified":"2023-08-07T16:24:06","modified_gmt":"2023-08-07T14:24:06","slug":"grandes-crisis-economicas-del-siglo-xxi","status":"publish","type":"post","link":"https:\/\/candas365.es\/noticias\/grandes-crisis-economicas-del-siglo-xxi\/","title":{"rendered":"Grandes crisis econ\u00f3micas del siglo XXI"},"content":{"rendered":"<p>El siglo XXI ha estado marcado por varias <a href=\"https:\/\/candas365.es\/noticias\/category\/economia\/\"><span style=\"color: #ff6600;\"><strong>crisis econ\u00f3micas<\/strong><\/span><\/a> que han tenido consecuencias de largo alcance a escala mundial. <strong>Una de las m\u00e1s importantes de estas crisis fue la crisis financiera de 2008, que no solo sacudi\u00f3 los cimientos de la <a href=\"https:\/\/www.eldigitaldeasturias.com\/noticias\/category\/economia\/\" target=\"_blank\" rel=\"noopener\"><span style=\"color: #ff6600;\">econom\u00eda mundial<\/span><\/a>, sino que tambi\u00e9n expuso las vulnerabilidades del sistema financiero.<\/strong><\/p>\n<p><img fetchpriority=\"high\" decoding=\"async\" class=\"aligncenter wp-image-174775 size-full\" src=\"https:\/\/candas365.es\/noticias\/wp-content\/uploads\/2023\/08\/crisis-economicas.jpg\" alt=\"crisis econ\u00f3micas\" width=\"640\" height=\"427\" srcset=\"https:\/\/candas365.es\/noticias\/wp-content\/uploads\/2023\/08\/crisis-economicas.jpg 640w, https:\/\/candas365.es\/noticias\/wp-content\/uploads\/2023\/08\/crisis-economicas-360x240.jpg 360w, https:\/\/candas365.es\/noticias\/wp-content\/uploads\/2023\/08\/crisis-economicas-150x100.jpg 150w, https:\/\/candas365.es\/noticias\/wp-content\/uploads\/2023\/08\/crisis-economicas-450x300.jpg 450w\" sizes=\"(max-width: 640px) 100vw, 640px\" \/><\/p>\n<h2>Crisis financiera de 2008<\/h2>\n<p><strong>La crisis financiera de 2008 fue el resultado de una combinaci\u00f3n de factores que cre\u00f3 una tormenta perfecta en el sistema financiero mundial.<\/strong> Una de las principales causas fue la concesi\u00f3n de hipotecas subprime y la posterior burbuja inmobiliaria. Las instituciones financieras estaban otorgando hipotecas a muchas personas con mala solvencia crediticia, lo que provoc\u00f3 un aumento insostenible de los precios de la vivienda.<\/p>\n<blockquote><p>Cuando estall\u00f3 la burbuja inmobiliaria, desencaden\u00f3 una reacci\u00f3n en cadena que repercuti\u00f3 en todo el sistema financiero.<\/p><\/blockquote>\n<p>Otro factor que contribuy\u00f3 fue la desregulaci\u00f3n y la falta de supervisi\u00f3n en la industria financiera. En los a\u00f1os previos a la crisis, hubo un impulso por la desregulaci\u00f3n, lo que permiti\u00f3 a las instituciones financieras involucrarse en pr\u00e1cticas riesgosas con pocas o ninguna consecuencia. Esta falta de supervisi\u00f3n cre\u00f3 un entorno en el que la asunci\u00f3n de riesgos excesivos y la creaci\u00f3n de productos financieros complejos se convirtieron en la norma.<\/p>\n<blockquote><p>Como resultado, las instituciones financieras estuvieron expuestas a riesgos significativos que no estaban preparadas para manejar.<\/p><\/blockquote>\n<h2>Impacto de la crisis financiera de 2008<\/h2>\n<p>El impacto de la <strong>crisis financiera de 2008<\/strong> se hizo notar en todo el mundo, ya que desencaden\u00f3 una recesi\u00f3n global que provoc\u00f3 altas tasas de desempleo y una disminuci\u00f3n en crecimiento econ\u00f3mico.<strong> El colapso de las principales instituciones financieras, como Lehman Brothers, conmocion\u00f3 a todo el sistema financiero mundial y erosion\u00f3 la confianza de los inversores.<\/strong> Esto condujo a una congelaci\u00f3n del cr\u00e9dito, lo que dificult\u00f3 que las empresas y las personas accedieran al capital, lo que exacerb\u00f3 a\u00fan m\u00e1s la recesi\u00f3n econ\u00f3mica.<\/p>\n<p>En respuesta a la crisis, los gobiernos de todo el mundo implementaron varias medidas para estabilizar la econom\u00eda. <strong>Esto incluy\u00f3 rescates gubernamentales masivos de instituciones financieras consideradas \u00abdemasiado grandes para quebrar\u00bb y la implementaci\u00f3n de paquetes de est\u00edmulo econ\u00f3mico.<\/strong><\/p>\n<p>Estas medidas ten\u00edan como objetivo restaurar la confianza en el sistema financiero y estimular el crecimiento econ\u00f3mico. Sin embargo, los efectos a largo plazo de estas intervenciones a\u00fan se est\u00e1n debatiendo, y algunos argumentan que solo pospusieron lo inevitable y crearon un riesgo moral.<\/p>\n<p>La crisis financiera de 2008 sirvi\u00f3 como una llamada de atenci\u00f3n para los encargados de formular pol\u00edticas y los reguladores, destacando la necesidad de regulaciones financieras y supervisi\u00f3n m\u00e1s estrictas.<\/p>\n<p>Adem\u00e1s la citada crisis hizo evidente que el sistema financiero se hab\u00eda vuelto demasiado complejo e interconectado, lo que dificultaba su monitoreo y regulaci\u00f3n efectivos. <strong>Como resultado, se han realizado esfuerzos para implementar regulaciones m\u00e1s estrictas, como la Ley Dodd-Frank en los Estados Unidos, destinadas a evitar que ocurra una crisis similar en el futuro.<\/strong><\/p>\n<p>Adem\u00e1s, la crisis enfatiz\u00f3 la importancia de la gesti\u00f3n de riesgos y la transparencia en la industria financiera. <strong>Las instituciones financieras deben contar actualmente con s\u00f3lidos sistemas de gesti\u00f3n de riesgos para identificar y mitigar los riesgos potenciales.<\/strong><\/p>\n<p>Adem\u00e1s, la transparencia en las transacciones y productos financieros es crucial para garantizar que los inversionistas y los reguladores tengan la informaci\u00f3n necesaria para tomar decisiones informadas.<\/p>\n","protected":false},"excerpt":{"rendered":"<p>El siglo XXI ha estado marcado por varias crisis econ\u00f3micas que han tenido consecuencias de largo alcance a escala mundial. Una de las m\u00e1s importantes de estas crisis fue la crisis financiera de 2008, que no solo sacudi\u00f3 los cimientos de la econom\u00eda mundial, sino que tambi\u00e9n expuso las vulnerabilidades del sistema financiero. Crisis financiera<\/p>\n","protected":false},"author":1,"featured_media":174775,"comment_status":"closed","ping_status":"closed","sticky":false,"template":"","format":"standard","meta":{"footnotes":""},"categories":[486],"tags":[437],"class_list":{"0":"post-174774","1":"post","2":"type-post","3":"status-publish","4":"format-standard","5":"has-post-thumbnail","7":"category-economia","8":"tag-economia"},"aioseo_notices":[],"aioseo_head":"\n\t\t<!-- All in One SEO Pro 4.9.6.2 - aioseo.com -->\n\t<meta name=\"description\" content=\"El siglo XXI ha estado marcado por varias crisis econ\u00f3micas que han tenido consecuencias de largo alcance a escala mundial. Una de las m\u00e1s importantes de\" \/>\n\t<meta name=\"robots\" content=\"max-image-preview:large\" \/>\n\t<meta name=\"author\" content=\"Cand\u00e1s 365\"\/>\n\t<meta name=\"google-site-verification\" content=\"UA-32230408-1\" \/>\n\t<meta name=\"msvalidate.01\" content=\"354F3CDFB2DA171B47FBE9ABF1F88D5\" \/>\n\t<meta name=\"keywords\" content=\"econom\u00eda\" \/>\n\t<link rel=\"canonical\" href=\"https:\/\/candas365.es\/noticias\/grandes-crisis-economicas-del-siglo-xxi\/\" \/>\n\t<meta name=\"generator\" content=\"All in One SEO Pro (AIOSEO) 4.9.6.2\" \/>\n\t\t<meta property=\"og:locale\" content=\"es_ES\" \/>\n\t\t<meta property=\"og:site_name\" content=\"Cand\u00e1s 365\" \/>\n\t\t<meta property=\"og:type\" content=\"article\" \/>\n\t\t<meta property=\"og:title\" content=\"Grandes crisis econ\u00f3micas del siglo XXI | Cand\u00e1s 365\" \/>\n\t\t<meta property=\"og:description\" content=\"El siglo XXI ha estado marcado por varias crisis econ\u00f3micas que han tenido consecuencias de largo alcance a escala mundial. Una de las m\u00e1s importantes de\" \/>\n\t\t<meta property=\"og:url\" content=\"https:\/\/candas365.es\/noticias\/grandes-crisis-economicas-del-siglo-xxi\/\" \/>\n\t\t<meta property=\"og:image\" content=\"https:\/\/candas365.es\/noticias\/wp-content\/uploads\/2023\/08\/crisis-economicas.jpg\" \/>\n\t\t<meta property=\"og:image:secure_url\" content=\"https:\/\/candas365.es\/noticias\/wp-content\/uploads\/2023\/08\/crisis-economicas.jpg\" \/>\n\t\t<meta property=\"og:image:width\" content=\"640\" \/>\n\t\t<meta property=\"og:image:height\" content=\"427\" \/>\n\t\t<meta property=\"article:published_time\" content=\"2023-08-07T14:23:53+00:00\" \/>\n\t\t<meta property=\"article:modified_time\" content=\"2023-08-07T14:24:06+00:00\" \/>\n\t\t<meta property=\"article:publisher\" content=\"https:\/\/www.facebook.com\/Nachofdezber\" \/>\n\t\t<meta property=\"article:author\" content=\"https:\/\/www.facebook.com\/carrenoactualidad\" \/>\n\t\t<meta name=\"twitter:card\" content=\"summary_large_image\" \/>\n\t\t<meta name=\"twitter:site\" content=\"@NabercoDigital\" \/>\n\t\t<meta name=\"twitter:title\" content=\"Grandes crisis econ\u00f3micas del siglo XXI | Cand\u00e1s 365\" \/>\n\t\t<meta name=\"twitter:description\" content=\"El siglo XXI ha estado marcado por varias crisis econ\u00f3micas que han tenido consecuencias de largo alcance a escala mundial. Una de las m\u00e1s importantes de\" \/>\n\t\t<meta name=\"twitter:creator\" content=\"@nbasturias\" \/>\n\t\t<meta name=\"twitter:image\" content=\"https:\/\/candas365.es\/noticias\/wp-content\/uploads\/2023\/08\/crisis-economicas.jpg\" \/>\n\t\t<meta name=\"twitter:label1\" content=\"Escrito por\" \/>\n\t\t<meta name=\"twitter:data1\" content=\"Cand\u00e1s 365\" \/>\n\t\t<meta name=\"twitter:label2\" content=\"Tiempo de lectura estimado\" \/>\n\t\t<meta name=\"twitter:data2\" content=\"3 minutos\" \/>\n\t\t<script type=\"application\/ld+json\" class=\"aioseo-schema\">\n\t\t\t{\"@context\":\"https:\\\/\\\/schema.org\",\"@graph\":[{\"@type\":\"BreadcrumbList\",\"@id\":\"https:\\\/\\\/candas365.es\\\/noticias\\\/grandes-crisis-economicas-del-siglo-xxi\\\/#breadcrumblist\",\"itemListElement\":[{\"@type\":\"ListItem\",\"@id\":\"https:\\\/\\\/candas365.es\\\/noticias#listItem\",\"position\":1,\"name\":\"Home\",\"item\":\"https:\\\/\\\/candas365.es\\\/noticias\",\"nextItem\":{\"@type\":\"ListItem\",\"@id\":\"https:\\\/\\\/candas365.es\\\/noticias\\\/category\\\/economia\\\/#listItem\",\"name\":\"Econom\\u00eda\"}},{\"@type\":\"ListItem\",\"@id\":\"https:\\\/\\\/candas365.es\\\/noticias\\\/category\\\/economia\\\/#listItem\",\"position\":2,\"name\":\"Econom\\u00eda\",\"item\":\"https:\\\/\\\/candas365.es\\\/noticias\\\/category\\\/economia\\\/\",\"nextItem\":{\"@type\":\"ListItem\",\"@id\":\"https:\\\/\\\/candas365.es\\\/noticias\\\/grandes-crisis-economicas-del-siglo-xxi\\\/#listItem\",\"name\":\"Grandes crisis econ\\u00f3micas del siglo XXI\"},\"previousItem\":{\"@type\":\"ListItem\",\"@id\":\"https:\\\/\\\/candas365.es\\\/noticias#listItem\",\"name\":\"Home\"}},{\"@type\":\"ListItem\",\"@id\":\"https:\\\/\\\/candas365.es\\\/noticias\\\/grandes-crisis-economicas-del-siglo-xxi\\\/#listItem\",\"position\":3,\"name\":\"Grandes crisis econ\\u00f3micas del siglo XXI\",\"previousItem\":{\"@type\":\"ListItem\",\"@id\":\"https:\\\/\\\/candas365.es\\\/noticias\\\/category\\\/economia\\\/#listItem\",\"name\":\"Econom\\u00eda\"}}]},{\"@type\":\"NewsArticle\",\"@id\":\"https:\\\/\\\/candas365.es\\\/noticias\\\/grandes-crisis-economicas-del-siglo-xxi\\\/#newsarticle\",\"name\":\"Grandes crisis econ\\u00f3micas del siglo XXI | Cand\\u00e1s 365\",\"headline\":\"Grandes crisis econ\\u00f3micas del siglo XXI\",\"author\":{\"@id\":\"https:\\\/\\\/candas365.es\\\/noticias\\\/author\\\/admin\\\/#author\"},\"publisher\":{\"@id\":\"https:\\\/\\\/candas365.es\\\/noticias\\\/#organization\"},\"image\":{\"@type\":\"ImageObject\",\"url\":\"https:\\\/\\\/candas365.es\\\/noticias\\\/wp-content\\\/uploads\\\/2023\\\/08\\\/crisis-economicas.jpg\",\"width\":640,\"height\":427,\"caption\":\"crisis econ\\u00f3micas\"},\"datePublished\":\"2023-08-07T16:23:53+02:00\",\"dateModified\":\"2023-08-07T16:24:06+02:00\",\"inLanguage\":\"es-ES\",\"mainEntityOfPage\":{\"@id\":\"https:\\\/\\\/candas365.es\\\/noticias\\\/grandes-crisis-economicas-del-siglo-xxi\\\/#webpage\"},\"isPartOf\":{\"@id\":\"https:\\\/\\\/candas365.es\\\/noticias\\\/grandes-crisis-economicas-del-siglo-xxi\\\/#webpage\"},\"articleSection\":\"Econom\\u00eda, Econom\\u00eda\",\"dateline\":\"Publicado el agosto 7, 2023.\"},{\"@type\":\"Organization\",\"@id\":\"https:\\\/\\\/candas365.es\\\/noticias\\\/#organization\",\"name\":\"Cand\\u00e1s 365\",\"description\":\"Cand\\u00e1s 365 es un diario digital independiente, fundado en 2012, con base en Asturias. Informamos con rigor sobre actualidad, sociedad, cultura y ocio, con una mirada local y global.\",\"url\":\"https:\\\/\\\/candas365.es\\\/noticias\\\/\",\"email\":\"info@candas365.es\",\"telephone\":\"+34652131393\",\"foundingDate\":\"2012-06-10\",\"logo\":{\"@type\":\"ImageObject\",\"url\":\"https:\\\/\\\/candas365.es\\\/noticias\\\/wp-content\\\/uploads\\\/2024\\\/09\\\/Candas-365-Redes.jpg\",\"@id\":\"https:\\\/\\\/candas365.es\\\/noticias\\\/grandes-crisis-economicas-del-siglo-xxi\\\/#organizationLogo\",\"width\":1152,\"height\":864,\"caption\":\"Cand\\u00e1s 365 Redes\"},\"image\":{\"@id\":\"https:\\\/\\\/candas365.es\\\/noticias\\\/grandes-crisis-economicas-del-siglo-xxi\\\/#organizationLogo\"},\"sameAs\":[\"https:\\\/\\\/www.facebook.com\\\/Nachofdezber\",\"https:\\\/\\\/x.com\\\/NabercoDigital\",\"https:\\\/\\\/www.instagram.com\\\/nachofdezber\\\/\",\"https:\\\/\\\/www.youtube.com\\\/channel\\\/UCZP-2wLEB9Rv6erhFmqVnvg\"],\"address\":{\"@id\":\"https:\\\/\\\/candas365.es\\\/noticias\\\/#postaladdress\",\"@type\":\"PostalAddress\",\"streetAddress\":\"san antonio 4, san antonio 4\",\"postalCode\":\"33430\",\"addressLocality\":\"Cand\\u00e1s\",\"addressRegion\":\"Asturias\",\"addressCountry\":\"ES\"}},{\"@type\":\"Person\",\"@id\":\"https:\\\/\\\/candas365.es\\\/noticias\\\/author\\\/admin\\\/#author\",\"url\":\"https:\\\/\\\/candas365.es\\\/noticias\\\/author\\\/admin\\\/\",\"name\":\"Cand\\u00e1s 365\",\"image\":{\"@type\":\"ImageObject\",\"@id\":\"https:\\\/\\\/candas365.es\\\/noticias\\\/grandes-crisis-economicas-del-siglo-xxi\\\/#authorImage\",\"url\":\"https:\\\/\\\/secure.gravatar.com\\\/avatar\\\/496a8e03d0c493ede1718b7934145dbdf8d89be1036b0eec9544e1094c9de390?s=96&d=mm&r=g\",\"width\":96,\"height\":96,\"caption\":\"Cand\\u00e1s 365\"},\"sameAs\":[\"https:\\\/\\\/www.facebook.com\\\/carrenoactualidad\",\"https:\\\/\\\/twitter.com\\\/nbasturias\",\"https:\\\/\\\/www.instagram.com\\\/nachofdezber\\\/\",\"https:\\\/\\\/www.youtube.com\\\/channel\\\/UCZP-2wLEB9Rv6erhFmqVnvg\"]},{\"@type\":\"WebPage\",\"@id\":\"https:\\\/\\\/candas365.es\\\/noticias\\\/grandes-crisis-economicas-del-siglo-xxi\\\/#webpage\",\"url\":\"https:\\\/\\\/candas365.es\\\/noticias\\\/grandes-crisis-economicas-del-siglo-xxi\\\/\",\"name\":\"Grandes crisis econ\\u00f3micas del siglo XXI | Cand\\u00e1s 365\",\"description\":\"El siglo XXI ha estado marcado por varias crisis econ\\u00f3micas que han tenido consecuencias de largo alcance a escala mundial. Una de las m\\u00e1s importantes de\",\"inLanguage\":\"es-ES\",\"isPartOf\":{\"@id\":\"https:\\\/\\\/candas365.es\\\/noticias\\\/#website\"},\"breadcrumb\":{\"@id\":\"https:\\\/\\\/candas365.es\\\/noticias\\\/grandes-crisis-economicas-del-siglo-xxi\\\/#breadcrumblist\"},\"author\":{\"@id\":\"https:\\\/\\\/candas365.es\\\/noticias\\\/author\\\/admin\\\/#author\"},\"creator\":{\"@id\":\"https:\\\/\\\/candas365.es\\\/noticias\\\/author\\\/admin\\\/#author\"},\"image\":{\"@type\":\"ImageObject\",\"url\":\"https:\\\/\\\/candas365.es\\\/noticias\\\/wp-content\\\/uploads\\\/2023\\\/08\\\/crisis-economicas.jpg\",\"@id\":\"https:\\\/\\\/candas365.es\\\/noticias\\\/grandes-crisis-economicas-del-siglo-xxi\\\/#mainImage\",\"width\":640,\"height\":427,\"caption\":\"crisis econ\\u00f3micas\"},\"primaryImageOfPage\":{\"@id\":\"https:\\\/\\\/candas365.es\\\/noticias\\\/grandes-crisis-economicas-del-siglo-xxi\\\/#mainImage\"},\"datePublished\":\"2023-08-07T16:23:53+02:00\",\"dateModified\":\"2023-08-07T16:24:06+02:00\"},{\"@type\":\"WebSite\",\"@id\":\"https:\\\/\\\/candas365.es\\\/noticias\\\/#website\",\"url\":\"https:\\\/\\\/candas365.es\\\/noticias\\\/\",\"name\":\"Cand\\u00e1s 365\",\"alternateName\":\"Cand\\u00e1s 365 Noticias\",\"description\":\"Actualidad desde Carre\\u00f1o para el mundo\",\"inLanguage\":\"es-ES\",\"publisher\":{\"@id\":\"https:\\\/\\\/candas365.es\\\/noticias\\\/#organization\"}}]}\n\t\t<\/script>\n\t\t<!-- All in One SEO Pro -->\r\n\t\t<title>Grandes crisis econ\u00f3micas del siglo XXI | Cand\u00e1s 365<\/title>\n\n","aioseo_head_json":{"title":"Grandes crisis econ\u00f3micas del siglo XXI | Cand\u00e1s 365","description":"El siglo XXI ha estado marcado por varias crisis econ\u00f3micas que han tenido consecuencias de largo alcance a escala mundial. Una de las m\u00e1s importantes de","canonical_url":"https:\/\/candas365.es\/noticias\/grandes-crisis-economicas-del-siglo-xxi\/","robots":"max-image-preview:large","keywords":"econom\u00eda","webmasterTools":{"google-site-verification":"UA-32230408-1","msvalidate.01":"354F3CDFB2DA171B47FBE9ABF1F88D5","miscellaneous":""},"schema":{"@context":"https:\/\/schema.org","@graph":[{"@type":"BreadcrumbList","@id":"https:\/\/candas365.es\/noticias\/grandes-crisis-economicas-del-siglo-xxi\/#breadcrumblist","itemListElement":[{"@type":"ListItem","@id":"https:\/\/candas365.es\/noticias#listItem","position":1,"name":"Home","item":"https:\/\/candas365.es\/noticias","nextItem":{"@type":"ListItem","@id":"https:\/\/candas365.es\/noticias\/category\/economia\/#listItem","name":"Econom\u00eda"}},{"@type":"ListItem","@id":"https:\/\/candas365.es\/noticias\/category\/economia\/#listItem","position":2,"name":"Econom\u00eda","item":"https:\/\/candas365.es\/noticias\/category\/economia\/","nextItem":{"@type":"ListItem","@id":"https:\/\/candas365.es\/noticias\/grandes-crisis-economicas-del-siglo-xxi\/#listItem","name":"Grandes crisis econ\u00f3micas del siglo XXI"},"previousItem":{"@type":"ListItem","@id":"https:\/\/candas365.es\/noticias#listItem","name":"Home"}},{"@type":"ListItem","@id":"https:\/\/candas365.es\/noticias\/grandes-crisis-economicas-del-siglo-xxi\/#listItem","position":3,"name":"Grandes crisis econ\u00f3micas del siglo XXI","previousItem":{"@type":"ListItem","@id":"https:\/\/candas365.es\/noticias\/category\/economia\/#listItem","name":"Econom\u00eda"}}]},{"@type":"NewsArticle","@id":"https:\/\/candas365.es\/noticias\/grandes-crisis-economicas-del-siglo-xxi\/#newsarticle","name":"Grandes crisis econ\u00f3micas del siglo XXI | Cand\u00e1s 365","headline":"Grandes crisis econ\u00f3micas del siglo XXI","author":{"@id":"https:\/\/candas365.es\/noticias\/author\/admin\/#author"},"publisher":{"@id":"https:\/\/candas365.es\/noticias\/#organization"},"image":{"@type":"ImageObject","url":"https:\/\/candas365.es\/noticias\/wp-content\/uploads\/2023\/08\/crisis-economicas.jpg","width":640,"height":427,"caption":"crisis econ\u00f3micas"},"datePublished":"2023-08-07T16:23:53+02:00","dateModified":"2023-08-07T16:24:06+02:00","inLanguage":"es-ES","mainEntityOfPage":{"@id":"https:\/\/candas365.es\/noticias\/grandes-crisis-economicas-del-siglo-xxi\/#webpage"},"isPartOf":{"@id":"https:\/\/candas365.es\/noticias\/grandes-crisis-economicas-del-siglo-xxi\/#webpage"},"articleSection":"Econom\u00eda, Econom\u00eda","dateline":"Publicado el agosto 7, 2023."},{"@type":"Organization","@id":"https:\/\/candas365.es\/noticias\/#organization","name":"Cand\u00e1s 365","description":"Cand\u00e1s 365 es un diario digital independiente, fundado en 2012, con base en Asturias. Informamos con rigor sobre actualidad, sociedad, cultura y ocio, con una mirada local y global.","url":"https:\/\/candas365.es\/noticias\/","email":"info@candas365.es","telephone":"+34652131393","foundingDate":"2012-06-10","logo":{"@type":"ImageObject","url":"https:\/\/candas365.es\/noticias\/wp-content\/uploads\/2024\/09\/Candas-365-Redes.jpg","@id":"https:\/\/candas365.es\/noticias\/grandes-crisis-economicas-del-siglo-xxi\/#organizationLogo","width":1152,"height":864,"caption":"Cand\u00e1s 365 Redes"},"image":{"@id":"https:\/\/candas365.es\/noticias\/grandes-crisis-economicas-del-siglo-xxi\/#organizationLogo"},"sameAs":["https:\/\/www.facebook.com\/Nachofdezber","https:\/\/x.com\/NabercoDigital","https:\/\/www.instagram.com\/nachofdezber\/","https:\/\/www.youtube.com\/channel\/UCZP-2wLEB9Rv6erhFmqVnvg"],"address":{"@id":"https:\/\/candas365.es\/noticias\/#postaladdress","@type":"PostalAddress","streetAddress":"san antonio 4, san antonio 4","postalCode":"33430","addressLocality":"Cand\u00e1s","addressRegion":"Asturias","addressCountry":"ES"}},{"@type":"Person","@id":"https:\/\/candas365.es\/noticias\/author\/admin\/#author","url":"https:\/\/candas365.es\/noticias\/author\/admin\/","name":"Cand\u00e1s 365","image":{"@type":"ImageObject","@id":"https:\/\/candas365.es\/noticias\/grandes-crisis-economicas-del-siglo-xxi\/#authorImage","url":"https:\/\/secure.gravatar.com\/avatar\/496a8e03d0c493ede1718b7934145dbdf8d89be1036b0eec9544e1094c9de390?s=96&d=mm&r=g","width":96,"height":96,"caption":"Cand\u00e1s 365"},"sameAs":["https:\/\/www.facebook.com\/carrenoactualidad","https:\/\/twitter.com\/nbasturias","https:\/\/www.instagram.com\/nachofdezber\/","https:\/\/www.youtube.com\/channel\/UCZP-2wLEB9Rv6erhFmqVnvg"]},{"@type":"WebPage","@id":"https:\/\/candas365.es\/noticias\/grandes-crisis-economicas-del-siglo-xxi\/#webpage","url":"https:\/\/candas365.es\/noticias\/grandes-crisis-economicas-del-siglo-xxi\/","name":"Grandes crisis econ\u00f3micas del siglo XXI | Cand\u00e1s 365","description":"El siglo XXI ha estado marcado por varias crisis econ\u00f3micas que han tenido consecuencias de largo alcance a escala mundial. Una de las m\u00e1s importantes de","inLanguage":"es-ES","isPartOf":{"@id":"https:\/\/candas365.es\/noticias\/#website"},"breadcrumb":{"@id":"https:\/\/candas365.es\/noticias\/grandes-crisis-economicas-del-siglo-xxi\/#breadcrumblist"},"author":{"@id":"https:\/\/candas365.es\/noticias\/author\/admin\/#author"},"creator":{"@id":"https:\/\/candas365.es\/noticias\/author\/admin\/#author"},"image":{"@type":"ImageObject","url":"https:\/\/candas365.es\/noticias\/wp-content\/uploads\/2023\/08\/crisis-economicas.jpg","@id":"https:\/\/candas365.es\/noticias\/grandes-crisis-economicas-del-siglo-xxi\/#mainImage","width":640,"height":427,"caption":"crisis econ\u00f3micas"},"primaryImageOfPage":{"@id":"https:\/\/candas365.es\/noticias\/grandes-crisis-economicas-del-siglo-xxi\/#mainImage"},"datePublished":"2023-08-07T16:23:53+02:00","dateModified":"2023-08-07T16:24:06+02:00"},{"@type":"WebSite","@id":"https:\/\/candas365.es\/noticias\/#website","url":"https:\/\/candas365.es\/noticias\/","name":"Cand\u00e1s 365","alternateName":"Cand\u00e1s 365 Noticias","description":"Actualidad desde Carre\u00f1o para el mundo","inLanguage":"es-ES","publisher":{"@id":"https:\/\/candas365.es\/noticias\/#organization"}}]},"og:locale":"es_ES","og:site_name":"Cand\u00e1s 365","og:type":"article","og:title":"Grandes crisis econ\u00f3micas del siglo XXI | Cand\u00e1s 365","og:description":"El siglo XXI ha estado marcado por varias crisis econ\u00f3micas que han tenido consecuencias de largo alcance a escala mundial. Una de las m\u00e1s importantes de","og:url":"https:\/\/candas365.es\/noticias\/grandes-crisis-economicas-del-siglo-xxi\/","og:image":"https:\/\/candas365.es\/noticias\/wp-content\/uploads\/2023\/08\/crisis-economicas.jpg","og:image:secure_url":"https:\/\/candas365.es\/noticias\/wp-content\/uploads\/2023\/08\/crisis-economicas.jpg","og:image:width":640,"og:image:height":427,"article:published_time":"2023-08-07T14:23:53+00:00","article:modified_time":"2023-08-07T14:24:06+00:00","article:publisher":"https:\/\/www.facebook.com\/Nachofdezber","article:author":"https:\/\/www.facebook.com\/carrenoactualidad","twitter:card":"summary_large_image","twitter:site":"@NabercoDigital","twitter:title":"Grandes crisis econ\u00f3micas del siglo XXI | Cand\u00e1s 365","twitter:description":"El siglo XXI ha estado marcado por varias crisis econ\u00f3micas que han tenido consecuencias de largo alcance a escala mundial. Una de las m\u00e1s importantes de","twitter:creator":"@nbasturias","twitter:image":"https:\/\/candas365.es\/noticias\/wp-content\/uploads\/2023\/08\/crisis-economicas.jpg","twitter:label1":"Escrito por","twitter:data1":"Cand\u00e1s 365","twitter:label2":"Tiempo de lectura estimado","twitter:data2":"3 minutos"},"aioseo_meta_data":{"post_id":"174774","title":null,"description":"El siglo XXI ha estado marcado por varias crisis econ\u00f3micas que han tenido consecuencias de largo alcance a escala mundial. Una de las m\u00e1s importantes de","keywords":[],"keyphrases":{"focus":{"keyphrase":"crisis econ\u00f3micas","score":78,"analysis":{"keyphraseInTitle":{"score":9,"maxScore":9,"error":0},"keyphraseInDescription":{"score":9,"maxScore":9,"error":0},"keyphraseLength":{"score":9,"maxScore":9,"error":0,"length":3},"keyphraseInURL":{"score":5,"maxScore":5,"error":0},"keyphraseInIntroduction":{"score":9,"maxScore":9,"error":0},"keyphraseInSubHeadings":{"score":3,"maxScore":9,"error":1},"keyphraseInImageAlt":{"score":9,"maxScore":9,"error":0},"keywordDensity":{"score":0,"type":"low","maxScore":9,"error":1}}},"additional":[{"keyphrase":"crisis econ\u00f3micas","score":80,"analysis":{"keyphraseInDescription":{"score":9,"maxScore":9,"error":0},"keyphraseLength":{"score":9,"maxScore":9,"error":0,"length":3},"keyphraseInIntroduction":{"score":9,"maxScore":9,"error":0},"keyphraseInImageAlt":{"score":9,"maxScore":9,"error":0},"keywordDensity":{"score":0,"type":"low","maxScore":9,"error":1}}}]},"primary_term":null,"canonical_url":null,"og_title":null,"og_description":null,"og_object_type":"default","og_image_type":"default","og_image_url":null,"og_image_width":null,"og_image_height":null,"og_image_custom_url":null,"og_image_custom_fields":null,"og_video":"","og_custom_url":null,"og_article_section":null,"og_article_tags":[],"twitter_use_og":false,"twitter_card":"default","twitter_image_type":"default","twitter_image_url":null,"twitter_image_custom_url":null,"twitter_image_custom_fields":null,"twitter_title":null,"twitter_description":null,"schema":{"blockGraphs":[],"customGraphs":[],"default":{"data":{"Article":[],"Course":[],"Dataset":[],"FAQPage":[],"Movie":[],"Person":[],"Product":[],"ProductReview":[],"Car":[],"Recipe":[],"Service":[],"SoftwareApplication":[],"WebPage":[]},"graphName":"Article","isEnabled":true},"graphs":[]},"schema_type":"default","schema_type_options":null,"pillar_content":false,"robots_default":true,"robots_noindex":false,"robots_noarchive":false,"robots_nosnippet":false,"robots_nofollow":false,"robots_noimageindex":false,"robots_noodp":false,"robots_notranslate":false,"robots_max_snippet":"-1","robots_max_videopreview":"-1","robots_max_imagepreview":"large","priority":null,"frequency":"default","location":null,"local_seo":null,"seo_analyzer_scan_date":"2025-09-01 21:37:51","breadcrumb_settings":null,"limit_modified_date":false,"reviewed_by":null,"open_ai":"{\"title\":{\"suggestions\":[],\"usage\":0},\"description\":{\"suggestions\":[],\"usage\":0}}","ai":null,"created":"2023-08-07 14:18:38","updated":"2025-09-01 21:37:51"},"aioseo_breadcrumb":"<div class=\"aioseo-breadcrumbs\"><span class=\"aioseo-breadcrumb\">\n\t<a href=\"https:\/\/candas365.es\/noticias\" title=\"Home\">Home<\/a>\n<\/span><span class=\"aioseo-breadcrumb-separator\">&ndash;<\/span><span class=\"aioseo-breadcrumb\">\n\t<a href=\"https:\/\/candas365.es\/noticias\/category\/economia\/\" title=\"Econom\u00eda\">Econom\u00eda<\/a>\n<\/span><span class=\"aioseo-breadcrumb-separator\">&ndash;<\/span><span class=\"aioseo-breadcrumb\">\n\tGrandes crisis econ\u00f3micas del siglo XXI\n<\/span><\/div>","aioseo_breadcrumb_json":[{"label":"Home","link":"https:\/\/candas365.es\/noticias"},{"label":"Econom\u00eda","link":"https:\/\/candas365.es\/noticias\/category\/economia\/"},{"label":"Grandes crisis econ\u00f3micas del siglo XXI","link":"https:\/\/candas365.es\/noticias\/grandes-crisis-economicas-del-siglo-xxi\/"}],"_links":{"self":[{"href":"https:\/\/candas365.es\/noticias\/wp-json\/wp\/v2\/posts\/174774","targetHints":{"allow":["GET"]}}],"collection":[{"href":"https:\/\/candas365.es\/noticias\/wp-json\/wp\/v2\/posts"}],"about":[{"href":"https:\/\/candas365.es\/noticias\/wp-json\/wp\/v2\/types\/post"}],"author":[{"embeddable":true,"href":"https:\/\/candas365.es\/noticias\/wp-json\/wp\/v2\/users\/1"}],"replies":[{"embeddable":true,"href":"https:\/\/candas365.es\/noticias\/wp-json\/wp\/v2\/comments?post=174774"}],"version-history":[{"count":0,"href":"https:\/\/candas365.es\/noticias\/wp-json\/wp\/v2\/posts\/174774\/revisions"}],"wp:featuredmedia":[{"embeddable":true,"href":"https:\/\/candas365.es\/noticias\/wp-json\/wp\/v2\/media\/174775"}],"wp:attachment":[{"href":"https:\/\/candas365.es\/noticias\/wp-json\/wp\/v2\/media?parent=174774"}],"wp:term":[{"taxonomy":"category","embeddable":true,"href":"https:\/\/candas365.es\/noticias\/wp-json\/wp\/v2\/categories?post=174774"},{"taxonomy":"post_tag","embeddable":true,"href":"https:\/\/candas365.es\/noticias\/wp-json\/wp\/v2\/tags?post=174774"}],"curies":[{"name":"wp","href":"https:\/\/api.w.org\/{rel}","templated":true}]}}